{"id":83408,"date":"2019-01-22T17:04:39","date_gmt":"2019-01-22T21:04:39","guid":{"rendered":"http:\/\/digital58.com.ve\/site\/?p=83408"},"modified":"2019-01-22T17:04:39","modified_gmt":"2019-01-22T21:04:39","slug":"voluntad-popular-invito-a-los-zulianos-a-participar-en-la-marcha-del-23ene","status":"publish","type":"post","link":"https:\/\/digital58.com.ve\/site\/2019\/01\/22\/voluntad-popular-invito-a-los-zulianos-a-participar-en-la-marcha-del-23ene\/","title":{"rendered":"Voluntad Popular invit\u00f3 a los zulianos a participar en la marcha del #23Ene"},"content":{"rendered":"<p><a href=\"http:\/\/digital58.com.ve\/site\/wp-content\/uploads\/2019\/01\/vpz.jpg\"><img loading=\"lazy\" decoding=\"async\" class=\"aligncenter size-large wp-image-83410\" src=\"http:\/\/digital58.com.ve\/site\/wp-content\/uploads\/2019\/01\/vpz-1500x1001.jpg\" alt=\"\" width=\"640\" height=\"427\" srcset=\"https:\/\/digital58.com.ve\/site\/wp-content\/uploads\/2019\/01\/vpz-1500x1001.jpg 1500w, https:\/\/digital58.com.ve\/site\/wp-content\/uploads\/2019\/01\/vpz-300x200.jpg 300w, https:\/\/digital58.com.ve\/site\/wp-content\/uploads\/2019\/01\/vpz-768x513.jpg 768w, https:\/\/digital58.com.ve\/site\/wp-content\/uploads\/2019\/01\/vpz-720x480.jpg 720w, https:\/\/digital58.com.ve\/site\/wp-content\/uploads\/2019\/01\/vpz-480x320.jpg 480w, https:\/\/digital58.com.ve\/site\/wp-content\/uploads\/2019\/01\/vpz.jpg 800w\" sizes=\"auto, (max-width: 640px) 100vw, 640px\" \/><\/a><br \/>\nDesde el cabildo universitario, la dirigencia de la tolda naranja record\u00f3 a los ciudadanos que en la capital zuliana hay cuatro puntos de salida para la concentraci\u00f3n. Desde el rectorado de la Universidad del Zulia (LUZ), la diputada de la Asamblea Nacional, Desiree Barboza, exhort\u00f3 a los zulianos a manifestar su rechazo contra Nicol\u00e1s Maduro. Destac\u00f3 que este 23 de enero se ratificar\u00e1 el apoyo al \u00fanico ente leg\u00edtimo en el pa\u00eds.<\/p>\n<p><strong>Maracaibo, Zulia, Venezuela, 22 de enero de 2019 (Noticias D58).-<\/strong> Barboza, tambi\u00e9n coordinadora regional de Voluntad Popular, inform\u00f3 que en Maracaibo habr\u00e1n cuatro puntos de salida: Plaza Indio Mara, Plaza de la Rep\u00fablica, la avenida Delicias con Cecilio Acosta y el elevado de Delicias para concentrarse en la esquina de la avenida Delicias con calle 77 (5 de julio).<\/p>\n<p>\u00abEstamos viviendo un momento crucial en el pa\u00eds, y es hora de pedirle a la Fuerza Armada Nacional que se pongan de nuestro lado, que desconozcan a un hombre que no solo los hace padecer de esta tragedia humanitaria sino tambi\u00e9n a sus familiares. Necesitamos de todos los sectores para lograr rescatar la libertad y la democracia de nuestro pa\u00eds\u00bb, dijo Barboza.<\/p>\n<p>En el cabildo universitario donde participaron obreros, profesores, estudiantes y trabajadores en general de LUZ, el coordinador pol\u00edtico regional de Voluntad Popular, \u00c1ngel Machado, en la entidad, se\u00f1al\u00f3 que: \u00abno hay supervivencia sin victoria y tenemos que estar dispuestos a ganar porque tenemos 20 a\u00f1os sufriendo, siendo perseguidos, amenazados. Lucharemos unidos y con un \u00fanico mensaje que es la salida de Nicol\u00e1s Maduro\u00bb.<\/p>\n<p>Asegur\u00f3 que el mayor anhelo de todos en el pa\u00eds es volver a vivir en democracia. \u00abMa\u00f1ana 23 de enero todos debemos mantenernos unidos\u00bb, sentenci\u00f3 Machado.<\/p>\n<p>Por otro lado, Gustavo Ruiz, miembro de la Direcci\u00f3n Regional de la tolda naranja, manifest\u00f3 que: \u00abtenemos autoridad moral para rechazar todo este desastre que han tra\u00eddo al pa\u00eds. Cuando el a\u00f1o empez\u00f3 no ve\u00edamos tanta luz como la que tenemos ahora y esta fuerza social que despert\u00f3 fracturar\u00e1 la dictadura\u00bb.<\/p>\n<p><strong>Redacci\u00f3n con fuente: Betsa\u00ed Ekmeiro\/Comunicaciones Voluntad Popular Zulia<\/strong><br \/>\n<strong>Edici\u00f3n: Villasmil, Henry<\/strong><br \/>\n<strong>Gr\u00e1ficas: cortes\u00eda @vpzulia<\/strong><\/p><div class=\"vdrdz69f776c30a898\" ><p style=\"text-align: center;\"><a href=\"https:\/\/t.me\/noticiasdigital58\" target=\"_blank\" rel=\"noopener\"><img class=\"aligncenter size-full wp-image-125363\" src=\"https:\/\/digital58.com.ve\/site\/wp-content\/uploads\/2021\/04\/banner-telegram-web-2021.png\" alt=\"\" width=\"600\" height=\"90\" \/><\/a><\/p><\/div><style type=\"text\/css\">\r\n@media screen and (min-width: 1201px) {\r\n.vdrdz69f776c30a898 {\r\ndisplay: block;\r\n}\r\n}\r\n@media screen and (min-width: 993px) and (max-width: 1200px) {\r\n.vdrdz69f776c30a898 {\r\ndisplay: block;\r\n}\r\n}\r\n@media screen and (min-width: 769px) and (max-width: 992px) {\r\n.vdrdz69f776c30a898 {\r\ndisplay: block;\r\n}\r\n}\r\n@media screen and (min-width: 768px) and (max-width: 768px) {\r\n.vdrdz69f776c30a898 {\r\ndisplay: block;\r\n}\r\n}\r\n@media screen and (max-width: 767px) {\r\n.vdrdz69f776c30a898 {\r\ndisplay: block;\r\n}\r\n}\r\n<\/style>\r\n\n<p><a href=\"http:\/\/digital58.com.ve\/site\/wp-content\/uploads\/2019\/01\/vpz-2.jpg\"><img loading=\"lazy\" decoding=\"async\" class=\"aligncenter size-large wp-image-83409\" src=\"http:\/\/digital58.com.ve\/site\/wp-content\/uploads\/2019\/01\/vpz-2-1500x1001.jpg\" alt=\"\" width=\"640\" height=\"427\" srcset=\"https:\/\/digital58.com.ve\/site\/wp-content\/uploads\/2019\/01\/vpz-2-1500x1001.jpg 1500w, https:\/\/digital58.com.ve\/site\/wp-content\/uploads\/2019\/01\/vpz-2-300x200.jpg 300w, https:\/\/digital58.com.ve\/site\/wp-content\/uploads\/2019\/01\/vpz-2-768x513.jpg 768w, https:\/\/digital58.com.ve\/site\/wp-content\/uploads\/2019\/01\/vpz-2-720x480.jpg 720w, https:\/\/digital58.com.ve\/site\/wp-content\/uploads\/2019\/01\/vpz-2-480x320.jpg 480w, https:\/\/digital58.com.ve\/site\/wp-content\/uploads\/2019\/01\/vpz-2.jpg 800w\" sizes=\"auto, (max-width: 640px) 100vw, 640px\" \/><\/a><\/p>\n<div style=\"margin-top: 0px; margin-bottom: 0px;\" class=\"sharethis-inline-share-buttons\" ><\/div>","protected":false},"excerpt":{"rendered":"<p>Desde el cabildo universitario, la dirigencia de la tolda naranja record\u00f3 a los ciudadanos que en la capital zuliana hay<\/p>\n","protected":false},"author":1,"featured_media":83409,"comment_status":"open","ping_status":"closed","sticky":false,"template":"","format":"standard","meta":{"colormag_page_container_layout":"default_layout","colormag_page_sidebar_layout":"default_layout","_uag_custom_page_level_css":"","footnotes":""},"categories":[5403,8610],"tags":[8605,2354,32,8604,11955],"class_list":["post-83408","post","type-post","status-publish","format-standard","has-post-thumbnail","hentry","category-otros","category-politica","tag-oposicion-venezolana","tag-regionales","tag-venezuela","tag-venezuela-crisis","tag-voluntad-popular-zulia"],"yoast_head":"<!-- This site is optimized with the Yoast SEO plugin v27.5 - https:\/\/yoast.com\/product\/yoast-seo-wordpress\/ -->\n<title>Voluntad Popular invit\u00f3 a los zulianos a participar en la marcha del #23Ene<\/title>\n<meta name=\"robots\" content=\"index, follow, max-snippet:-1, max-image-preview:large, max-video-preview:-1\" \/>\n<link rel=\"canonical\" href=\"https:\/\/digital58.com.ve\/site\/2019\/01\/22\/voluntad-popular-invito-a-los-zulianos-a-participar-en-la-marcha-del-23ene\/\" \/>\n<meta property=\"og:locale\" content=\"es_ES\" \/>\n<meta property=\"og:type\" content=\"article\" \/>\n<meta property=\"og:title\" content=\"Voluntad Popular invit\u00f3 a los zulianos a participar en la marcha del #23Ene\" \/>\n<meta property=\"og:url\" content=\"https:\/\/digital58.com.ve\/site\/2019\/01\/22\/voluntad-popular-invito-a-los-zulianos-a-participar-en-la-marcha-del-23ene\/\" \/>\n<meta property=\"og:site_name\" content=\"Noticias Digital58\" \/>\n<meta property=\"article:published_time\" content=\"2019-01-22T21:04:39+00:00\" \/>\n<meta property=\"og:image\" content=\"https:\/\/digital58.com.ve\/site\/wp-content\/uploads\/2019\/01\/vpz-2.jpg\" \/>\n\t<meta property=\"og:image:width\" content=\"1500\" \/>\n\t<meta property=\"og:image:height\" content=\"1001\" \/>\n\t<meta property=\"og:image:type\" content=\"image\/jpeg\" \/>\n<meta name=\"author\" content=\"Villasmil Henry\" \/>\n<meta name=\"twitter:card\" content=\"summary_large_image\" \/>\n<meta name=\"twitter:creator\" content=\"@https:\/\/twitter.com\/villasmilhfoto\" \/>\n<meta name=\"twitter:site\" content=\"@villasmilhfoto\" \/>\n<meta name=\"twitter:label1\" content=\"Escrito por\" \/>\n\t<meta name=\"twitter:data1\" content=\"Villasmil Henry\" \/>\n\t<meta name=\"twitter:label2\" content=\"Tiempo estimado de lectura\" \/>\n\t<meta name=\"twitter:data2\" content=\"2 minutos\" \/>\n<script type=\"application\/ld+json\" class=\"yoast-schema-graph\">{\"@context\":\"https:\\\/\\\/schema.org\",\"@graph\":[{\"@type\":\"Article\",\"@id\":\"https:\\\/\\\/digital58.com.ve\\\/site\\\/2019\\\/01\\\/22\\\/voluntad-popular-invito-a-los-zulianos-a-participar-en-la-marcha-del-23ene\\\/#article\",\"isPartOf\":{\"@id\":\"https:\\\/\\\/digital58.com.ve\\\/site\\\/2019\\\/01\\\/22\\\/voluntad-popular-invito-a-los-zulianos-a-participar-en-la-marcha-del-23ene\\\/\"},\"author\":{\"name\":\"Villasmil Henry\",\"@id\":\"https:\\\/\\\/digital58.com.ve\\\/site\\\/#\\\/schema\\\/person\\\/64d1c2e4d0d4fd1b849980c4331c2951\"},\"headline\":\"Voluntad Popular invit\u00f3 a los zulianos a participar en la marcha del #23Ene\",\"datePublished\":\"2019-01-22T21:04:39+00:00\",\"mainEntityOfPage\":{\"@id\":\"https:\\\/\\\/digital58.com.ve\\\/site\\\/2019\\\/01\\\/22\\\/voluntad-popular-invito-a-los-zulianos-a-participar-en-la-marcha-del-23ene\\\/\"},\"wordCount\":380,\"commentCount\":0,\"publisher\":{\"@id\":\"https:\\\/\\\/digital58.com.ve\\\/site\\\/#\\\/schema\\\/person\\\/64d1c2e4d0d4fd1b849980c4331c2951\"},\"image\":{\"@id\":\"https:\\\/\\\/digital58.com.ve\\\/site\\\/2019\\\/01\\\/22\\\/voluntad-popular-invito-a-los-zulianos-a-participar-en-la-marcha-del-23ene\\\/#primaryimage\"},\"thumbnailUrl\":\"https:\\\/\\\/digital58.com.ve\\\/site\\\/wp-content\\\/uploads\\\/2019\\\/01\\\/vpz-2.jpg\",\"keywords\":[\"Oposici\u00f3n Venezolana\",\"Regionales\",\"Venezuela\",\"Venezuela Crisis\",\"Voluntad Popular Zulia\"],\"articleSection\":[\"Otros\",\"Pol\u00edtica\"],\"inLanguage\":\"es\",\"potentialAction\":[{\"@type\":\"CommentAction\",\"name\":\"Comment\",\"target\":[\"https:\\\/\\\/digital58.com.ve\\\/site\\\/2019\\\/01\\\/22\\\/voluntad-popular-invito-a-los-zulianos-a-participar-en-la-marcha-del-23ene\\\/#respond\"]}]},{\"@type\":\"WebPage\",\"@id\":\"https:\\\/\\\/digital58.com.ve\\\/site\\\/2019\\\/01\\\/22\\\/voluntad-popular-invito-a-los-zulianos-a-participar-en-la-marcha-del-23ene\\\/\",\"url\":\"https:\\\/\\\/digital58.com.ve\\\/site\\\/2019\\\/01\\\/22\\\/voluntad-popular-invito-a-los-zulianos-a-participar-en-la-marcha-del-23ene\\\/\",\"name\":\"Voluntad Popular invit\u00f3 a los zulianos a participar en la marcha del #23Ene\",\"isPartOf\":{\"@id\":\"https:\\\/\\\/digital58.com.ve\\\/site\\\/#website\"},\"primaryImageOfPage\":{\"@id\":\"https:\\\/\\\/digital58.com.ve\\\/site\\\/2019\\\/01\\\/22\\\/voluntad-popular-invito-a-los-zulianos-a-participar-en-la-marcha-del-23ene\\\/#primaryimage\"},\"image\":{\"@id\":\"https:\\\/\\\/digital58.com.ve\\\/site\\\/2019\\\/01\\\/22\\\/voluntad-popular-invito-a-los-zulianos-a-participar-en-la-marcha-del-23ene\\\/#primaryimage\"},\"thumbnailUrl\":\"https:\\\/\\\/digital58.com.ve\\\/site\\\/wp-content\\\/uploads\\\/2019\\\/01\\\/vpz-2.jpg\",\"datePublished\":\"2019-01-22T21:04:39+00:00\",\"breadcrumb\":{\"@id\":\"https:\\\/\\\/digital58.com.ve\\\/site\\\/2019\\\/01\\\/22\\\/voluntad-popular-invito-a-los-zulianos-a-participar-en-la-marcha-del-23ene\\\/#breadcrumb\"},\"inLanguage\":\"es\",\"potentialAction\":[{\"@type\":\"ReadAction\",\"target\":[\"https:\\\/\\\/digital58.com.ve\\\/site\\\/2019\\\/01\\\/22\\\/voluntad-popular-invito-a-los-zulianos-a-participar-en-la-marcha-del-23ene\\\/\"]}]},{\"@type\":\"ImageObject\",\"inLanguage\":\"es\",\"@id\":\"https:\\\/\\\/digital58.com.ve\\\/site\\\/2019\\\/01\\\/22\\\/voluntad-popular-invito-a-los-zulianos-a-participar-en-la-marcha-del-23ene\\\/#primaryimage\",\"url\":\"https:\\\/\\\/digital58.com.ve\\\/site\\\/wp-content\\\/uploads\\\/2019\\\/01\\\/vpz-2.jpg\",\"contentUrl\":\"https:\\\/\\\/digital58.com.ve\\\/site\\\/wp-content\\\/uploads\\\/2019\\\/01\\\/vpz-2.jpg\",\"width\":800,\"height\":534},{\"@type\":\"BreadcrumbList\",\"@id\":\"https:\\\/\\\/digital58.com.ve\\\/site\\\/2019\\\/01\\\/22\\\/voluntad-popular-invito-a-los-zulianos-a-participar-en-la-marcha-del-23ene\\\/#breadcrumb\",\"itemListElement\":[{\"@type\":\"ListItem\",\"position\":1,\"name\":\"Home\",\"item\":\"https:\\\/\\\/digital58.com.ve\\\/site\\\/\"},{\"@type\":\"ListItem\",\"position\":2,\"name\":\"Voluntad Popular invit\u00f3 a los zulianos a participar en la marcha del #23Ene\"}]},{\"@type\":\"WebSite\",\"@id\":\"https:\\\/\\\/digital58.com.ve\\\/site\\\/#website\",\"url\":\"https:\\\/\\\/digital58.com.ve\\\/site\\\/\",\"name\":\"Noticias Digital58\",\"description\":\"Portal de Noticias \u00a1Periodismo web de verdad! Lanzamiento web 22.11.2005 \\\/ Maracaibo, Venezuela\",\"publisher\":{\"@id\":\"https:\\\/\\\/digital58.com.ve\\\/site\\\/#\\\/schema\\\/person\\\/64d1c2e4d0d4fd1b849980c4331c2951\"},\"alternateName\":\"ND58\",\"potentialAction\":[{\"@type\":\"SearchAction\",\"target\":{\"@type\":\"EntryPoint\",\"urlTemplate\":\"https:\\\/\\\/digital58.com.ve\\\/site\\\/?s={search_term_string}\"},\"query-input\":{\"@type\":\"PropertyValueSpecification\",\"valueRequired\":true,\"valueName\":\"search_term_string\"}}],\"inLanguage\":\"es\"},{\"@type\":[\"Person\",\"Organization\"],\"@id\":\"https:\\\/\\\/digital58.com.ve\\\/site\\\/#\\\/schema\\\/person\\\/64d1c2e4d0d4fd1b849980c4331c2951\",\"name\":\"Villasmil Henry\",\"image\":{\"@type\":\"ImageObject\",\"inLanguage\":\"es\",\"@id\":\"https:\\\/\\\/secure.gravatar.com\\\/avatar\\\/bb0c4a2fcb7970138239f7e404ea75757b1b507b28b5ce4c53fbd62d797c5a7c?s=96&d=mm&r=g\",\"url\":\"https:\\\/\\\/secure.gravatar.com\\\/avatar\\\/bb0c4a2fcb7970138239f7e404ea75757b1b507b28b5ce4c53fbd62d797c5a7c?s=96&d=mm&r=g\",\"contentUrl\":\"https:\\\/\\\/secure.gravatar.com\\\/avatar\\\/bb0c4a2fcb7970138239f7e404ea75757b1b507b28b5ce4c53fbd62d797c5a7c?s=96&d=mm&r=g\",\"caption\":\"Villasmil Henry\"},\"logo\":{\"@id\":\"https:\\\/\\\/secure.gravatar.com\\\/avatar\\\/bb0c4a2fcb7970138239f7e404ea75757b1b507b28b5ce4c53fbd62d797c5a7c?s=96&d=mm&r=g\"},\"sameAs\":[\"http:\\\/\\\/www.henryvillasmil.com.ve\",\"https:\\\/\\\/www.instagram.com\\\/villasmilhfoto\\\/\",\"https:\\\/\\\/x.com\\\/https:\\\/\\\/twitter.com\\\/villasmilhfoto\"],\"url\":\"https:\\\/\\\/digital58.com.ve\\\/site\\\/author\\\/droopy_68\\\/\"}]}<\/script>\n<!-- \/ Yoast SEO plugin. -->","yoast_head_json":{"title":"Voluntad Popular invit\u00f3 a los zulianos a participar en la marcha del #23Ene","robots":{"index":"index","follow":"follow","max-snippet":"max-snippet:-1","max-image-preview":"max-image-preview:large","max-video-preview":"max-video-preview:-1"},"canonical":"https:\/\/digital58.com.ve\/site\/2019\/01\/22\/voluntad-popular-invito-a-los-zulianos-a-participar-en-la-marcha-del-23ene\/","og_locale":"es_ES","og_type":"article","og_title":"Voluntad Popular invit\u00f3 a los zulianos a participar en la marcha del #23Ene","og_url":"https:\/\/digital58.com.ve\/site\/2019\/01\/22\/voluntad-popular-invito-a-los-zulianos-a-participar-en-la-marcha-del-23ene\/","og_site_name":"Noticias Digital58","article_published_time":"2019-01-22T21:04:39+00:00","og_image":[{"width":1500,"height":1001,"url":"https:\/\/digital58.com.ve\/site\/wp-content\/uploads\/2019\/01\/vpz-2.jpg","type":"image\/jpeg"}],"author":"Villasmil Henry","twitter_card":"summary_large_image","twitter_creator":"@https:\/\/twitter.com\/villasmilhfoto","twitter_site":"@villasmilhfoto","twitter_misc":{"Escrito por":"Villasmil Henry","Tiempo estimado de lectura":"2 minutos"},"schema":{"@context":"https:\/\/schema.org","@graph":[{"@type":"Article","@id":"https:\/\/digital58.com.ve\/site\/2019\/01\/22\/voluntad-popular-invito-a-los-zulianos-a-participar-en-la-marcha-del-23ene\/#article","isPartOf":{"@id":"https:\/\/digital58.com.ve\/site\/2019\/01\/22\/voluntad-popular-invito-a-los-zulianos-a-participar-en-la-marcha-del-23ene\/"},"author":{"name":"Villasmil Henry","@id":"https:\/\/digital58.com.ve\/site\/#\/schema\/person\/64d1c2e4d0d4fd1b849980c4331c2951"},"headline":"Voluntad Popular invit\u00f3 a los zulianos a participar en la marcha del #23Ene","datePublished":"2019-01-22T21:04:39+00:00","mainEntityOfPage":{"@id":"https:\/\/digital58.com.ve\/site\/2019\/01\/22\/voluntad-popular-invito-a-los-zulianos-a-participar-en-la-marcha-del-23ene\/"},"wordCount":380,"commentCount":0,"publisher":{"@id":"https:\/\/digital58.com.ve\/site\/#\/schema\/person\/64d1c2e4d0d4fd1b849980c4331c2951"},"image":{"@id":"https:\/\/digital58.com.ve\/site\/2019\/01\/22\/voluntad-popular-invito-a-los-zulianos-a-participar-en-la-marcha-del-23ene\/#primaryimage"},"thumbnailUrl":"https:\/\/digital58.com.ve\/site\/wp-content\/uploads\/2019\/01\/vpz-2.jpg","keywords":["Oposici\u00f3n Venezolana","Regionales","Venezuela","Venezuela Crisis","Voluntad Popular Zulia"],"articleSection":["Otros","Pol\u00edtica"],"inLanguage":"es","potentialAction":[{"@type":"CommentAction","name":"Comment","target":["https:\/\/digital58.com.ve\/site\/2019\/01\/22\/voluntad-popular-invito-a-los-zulianos-a-participar-en-la-marcha-del-23ene\/#respond"]}]},{"@type":"WebPage","@id":"https:\/\/digital58.com.ve\/site\/2019\/01\/22\/voluntad-popular-invito-a-los-zulianos-a-participar-en-la-marcha-del-23ene\/","url":"https:\/\/digital58.com.ve\/site\/2019\/01\/22\/voluntad-popular-invito-a-los-zulianos-a-participar-en-la-marcha-del-23ene\/","name":"Voluntad Popular invit\u00f3 a los zulianos a participar en la marcha del #23Ene","isPartOf":{"@id":"https:\/\/digital58.com.ve\/site\/#website"},"primaryImageOfPage":{"@id":"https:\/\/digital58.com.ve\/site\/2019\/01\/22\/voluntad-popular-invito-a-los-zulianos-a-participar-en-la-marcha-del-23ene\/#primaryimage"},"image":{"@id":"https:\/\/digital58.com.ve\/site\/2019\/01\/22\/voluntad-popular-invito-a-los-zulianos-a-participar-en-la-marcha-del-23ene\/#primaryimage"},"thumbnailUrl":"https:\/\/digital58.com.ve\/site\/wp-content\/uploads\/2019\/01\/vpz-2.jpg","datePublished":"2019-01-22T21:04:39+00:00","breadcrumb":{"@id":"https:\/\/digital58.com.ve\/site\/2019\/01\/22\/voluntad-popular-invito-a-los-zulianos-a-participar-en-la-marcha-del-23ene\/#breadcrumb"},"inLanguage":"es","potentialAction":[{"@type":"ReadAction","target":["https:\/\/digital58.com.ve\/site\/2019\/01\/22\/voluntad-popular-invito-a-los-zulianos-a-participar-en-la-marcha-del-23ene\/"]}]},{"@type":"ImageObject","inLanguage":"es","@id":"https:\/\/digital58.com.ve\/site\/2019\/01\/22\/voluntad-popular-invito-a-los-zulianos-a-participar-en-la-marcha-del-23ene\/#primaryimage","url":"https:\/\/digital58.com.ve\/site\/wp-content\/uploads\/2019\/01\/vpz-2.jpg","contentUrl":"https:\/\/digital58.com.ve\/site\/wp-content\/uploads\/2019\/01\/vpz-2.jpg","width":800,"height":534},{"@type":"BreadcrumbList","@id":"https:\/\/digital58.com.ve\/site\/2019\/01\/22\/voluntad-popular-invito-a-los-zulianos-a-participar-en-la-marcha-del-23ene\/#breadcrumb","itemListElement":[{"@type":"ListItem","position":1,"name":"Home","item":"https:\/\/digital58.com.ve\/site\/"},{"@type":"ListItem","position":2,"name":"Voluntad Popular invit\u00f3 a los zulianos a participar en la marcha del #23Ene"}]},{"@type":"WebSite","@id":"https:\/\/digital58.com.ve\/site\/#website","url":"https:\/\/digital58.com.ve\/site\/","name":"Noticias Digital58","description":"Portal de Noticias \u00a1Periodismo web de verdad! Lanzamiento web 22.11.2005 \/ Maracaibo, Venezuela","publisher":{"@id":"https:\/\/digital58.com.ve\/site\/#\/schema\/person\/64d1c2e4d0d4fd1b849980c4331c2951"},"alternateName":"ND58","potentialAction":[{"@type":"SearchAction","target":{"@type":"EntryPoint","urlTemplate":"https:\/\/digital58.com.ve\/site\/?s={search_term_string}"},"query-input":{"@type":"PropertyValueSpecification","valueRequired":true,"valueName":"search_term_string"}}],"inLanguage":"es"},{"@type":["Person","Organization"],"@id":"https:\/\/digital58.com.ve\/site\/#\/schema\/person\/64d1c2e4d0d4fd1b849980c4331c2951","name":"Villasmil Henry","image":{"@type":"ImageObject","inLanguage":"es","@id":"https:\/\/secure.gravatar.com\/avatar\/bb0c4a2fcb7970138239f7e404ea75757b1b507b28b5ce4c53fbd62d797c5a7c?s=96&d=mm&r=g","url":"https:\/\/secure.gravatar.com\/avatar\/bb0c4a2fcb7970138239f7e404ea75757b1b507b28b5ce4c53fbd62d797c5a7c?s=96&d=mm&r=g","contentUrl":"https:\/\/secure.gravatar.com\/avatar\/bb0c4a2fcb7970138239f7e404ea75757b1b507b28b5ce4c53fbd62d797c5a7c?s=96&d=mm&r=g","caption":"Villasmil Henry"},"logo":{"@id":"https:\/\/secure.gravatar.com\/avatar\/bb0c4a2fcb7970138239f7e404ea75757b1b507b28b5ce4c53fbd62d797c5a7c?s=96&d=mm&r=g"},"sameAs":["http:\/\/www.henryvillasmil.com.ve","https:\/\/www.instagram.com\/villasmilhfoto\/","https:\/\/x.com\/https:\/\/twitter.com\/villasmilhfoto"],"url":"https:\/\/digital58.com.ve\/site\/author\/droopy_68\/"}]}},"uagb_featured_image_src":{"full":["https:\/\/digital58.com.ve\/site\/wp-content\/uploads\/2019\/01\/vpz-2.jpg",800,534,false],"thumbnail":["https:\/\/digital58.com.ve\/site\/wp-content\/uploads\/2019\/01\/vpz-2-150x150.jpg",150,150,true],"medium":["https:\/\/digital58.com.ve\/site\/wp-content\/uploads\/2019\/01\/vpz-2-300x200.jpg",300,200,true],"medium_large":["https:\/\/digital58.com.ve\/site\/wp-content\/uploads\/2019\/01\/vpz-2-768x513.jpg",768,513,true],"large":["https:\/\/digital58.com.ve\/site\/wp-content\/uploads\/2019\/01\/vpz-2-1500x1001.jpg",800,534,true],"1536x1536":["https:\/\/digital58.com.ve\/site\/wp-content\/uploads\/2019\/01\/vpz-2.jpg",800,534,false],"2048x2048":["https:\/\/digital58.com.ve\/site\/wp-content\/uploads\/2019\/01\/vpz-2.jpg",800,534,false],"colormag-highlighted-post":["https:\/\/digital58.com.ve\/site\/wp-content\/uploads\/2019\/01\/vpz-2.jpg",392,262,false],"colormag-featured-post-medium":["https:\/\/digital58.com.ve\/site\/wp-content\/uploads\/2019\/01\/vpz-2.jpg",307,205,false],"colormag-featured-post-small":["https:\/\/digital58.com.ve\/site\/wp-content\/uploads\/2019\/01\/vpz-2.jpg",130,87,false],"colormag-featured-image":["https:\/\/digital58.com.ve\/site\/wp-content\/uploads\/2019\/01\/vpz-2.jpg",667,445,false],"colormag-default-news":["https:\/\/digital58.com.ve\/site\/wp-content\/uploads\/2019\/01\/vpz-2.jpg",150,100,false],"colormag-featured-image-large":["https:\/\/digital58.com.ve\/site\/wp-content\/uploads\/2019\/01\/vpz-2.jpg",800,534,false]},"uagb_author_info":{"display_name":"Villasmil Henry","author_link":"https:\/\/digital58.com.ve\/site\/author\/droopy_68\/"},"uagb_comment_info":0,"uagb_excerpt":"Desde el cabildo universitario, la dirigencia de la tolda naranja record\u00f3 a los ciudadanos que en la capital zuliana hay","_links":{"self":[{"href":"https:\/\/digital58.com.ve\/site\/wp-json\/wp\/v2\/posts\/83408","targetHints":{"allow":["GET"]}}],"collection":[{"href":"https:\/\/digital58.com.ve\/site\/wp-json\/wp\/v2\/posts"}],"about":[{"href":"https:\/\/digital58.com.ve\/site\/wp-json\/wp\/v2\/types\/post"}],"author":[{"embeddable":true,"href":"https:\/\/digital58.com.ve\/site\/wp-json\/wp\/v2\/users\/1"}],"replies":[{"embeddable":true,"href":"https:\/\/digital58.com.ve\/site\/wp-json\/wp\/v2\/comments?post=83408"}],"version-history":[{"count":0,"href":"https:\/\/digital58.com.ve\/site\/wp-json\/wp\/v2\/posts\/83408\/revisions"}],"wp:featuredmedia":[{"embeddable":true,"href":"https:\/\/digital58.com.ve\/site\/wp-json\/wp\/v2\/media\/83409"}],"wp:attachment":[{"href":"https:\/\/digital58.com.ve\/site\/wp-json\/wp\/v2\/media?parent=83408"}],"wp:term":[{"taxonomy":"category","embeddable":true,"href":"https:\/\/digital58.com.ve\/site\/wp-json\/wp\/v2\/categories?post=83408"},{"taxonomy":"post_tag","embeddable":true,"href":"https:\/\/digital58.com.ve\/site\/wp-json\/wp\/v2\/tags?post=83408"}],"curies":[{"name":"wp","href":"https:\/\/api.w.org\/{rel}","templated":true}]}}