{"id":83480,"date":"2019-01-24T23:44:27","date_gmt":"2019-01-25T03:44:27","guid":{"rendered":"http:\/\/digital58.com.ve\/site\/?p=83480"},"modified":"2019-01-24T23:44:27","modified_gmt":"2019-01-25T03:44:27","slug":"joel-graterol-apunta-alto-para-2019-en-zamora-fc","status":"publish","type":"post","link":"https:\/\/digital58.com.ve\/site\/2019\/01\/24\/joel-graterol-apunta-alto-para-2019-en-zamora-fc\/","title":{"rendered":"Joel Graterol apunta alto para 2019 en Zamora FC"},"content":{"rendered":"<p><a href=\"http:\/\/digital58.com.ve\/site\/wp-content\/uploads\/2019\/01\/joel-graterol.jpg\"><img loading=\"lazy\" decoding=\"async\" class=\"aligncenter size-large wp-image-83481\" src=\"http:\/\/digital58.com.ve\/site\/wp-content\/uploads\/2019\/01\/joel-graterol-1500x977.jpg\" alt=\"\" width=\"640\" height=\"417\" srcset=\"https:\/\/digital58.com.ve\/site\/wp-content\/uploads\/2019\/01\/joel-graterol-1500x977.jpg 1500w, https:\/\/digital58.com.ve\/site\/wp-content\/uploads\/2019\/01\/joel-graterol-300x195.jpg 300w, https:\/\/digital58.com.ve\/site\/wp-content\/uploads\/2019\/01\/joel-graterol-768x500.jpg 768w, https:\/\/digital58.com.ve\/site\/wp-content\/uploads\/2019\/01\/joel-graterol.jpg 800w\" sizes=\"auto, (max-width: 640px) 100vw, 640px\" \/><\/a><\/p>\n<p>El tetracampe\u00f3n sigue prepar\u00e1ndose de cara al inicio del torneo Apertura 2019, en el cual los entrenamientos de doble turno han sido fundamentales para recuperar el f\u00edsico y ritmo de juego del campe\u00f3n, con el fin de superar el desempe\u00f1o conseguido el a\u00f1o pasado.<\/p>\n<p><strong>Barinas, Barinas, Venezuela, 24 de enero de 2019 (Noticias D58).-<\/strong> Joel Graterol, portero titular de la \u00abFuria Llanera\u00bb, testific\u00f3 lo exigente que es cada pretemporada, en donde no solo los jugadores, sino tambi\u00e9n el cuerpo t\u00e9cnico, trabaja d\u00eda y noche con el fin de alcanzar un mismo objetivo, seguir cosechando triunfos para la instituci\u00f3n que ya ha bordado cuatro estrellas en su haber.<\/p>\n<p>\u00abComo todo inicio de torneo, existe la pretemporada para preparar lo f\u00edsico, lo t\u00e1ctico, y hacer el grupo, que se comprometa, crear las ideas, nuestro sistema de juego t\u00e1ctico, y plantear los objetivos\u00bb, dijo Graterol.<\/p>\n<p>Cabe destacar que, adem\u00e1s del torneo Apertura y, gracias a los objetivos alcanzados en la pasada temporada, los dirigidos por Jos\u00e9 Al\u00ed Ca\u00f1as ganaron un boleto para la copa Conmebol Libertadores 2019, por lo que, seg\u00fan el carabobe\u00f1o, el grupo debe estar preparado en su totalidad, y listo para ambas competencias, incluyendo el torneo local.<\/p>\n<p>\u00abEn este Apertura normalmente la mayor\u00eda de los equipos juegan un solo torneo, pero como tenemos la Copa Libertadores, ya son dos obviamente, por lo que para ello se tiene que preparar el grupo, no s\u00e9 si alternarlo, todos tienen que estar preparados para jugar, y eso es lo que se busca en los trabajos: La competitividad dentro del equipo, crear ese ambiente ganador, y luego asumir esos calendarios porque sabemos que son apretados\u00bb, asegur\u00f3 el arquero.<\/p>\n<p>Respecto al important\u00edsimo papel que Joel ocupa dentro de la plantilla de jugadores, \u00e9ste busca mantener el excelente nivel deportivo que mostr\u00f3 el a\u00f1o pasado, sin embargo, se plantea nuevos objetivos a cumplir defendiendo el horizontal zamorano.<\/p>\n<p>\u00abEn mi caso busco mantener el buen nivel con el que termin\u00e9 el a\u00f1o 2018, iniciar este 2019 con nuevos objetivos, nuevas metas, y superarme tanto dentro de los tres palos, a la hora de los saques que son bastante importantes, los balones a\u00e9reos que hay que dominarlos, y para ello nos estamos preparando, no solo yo, sino los dem\u00e1s porteros, y as\u00ed mismo en cada l\u00ednea del equipo\u00bb, afirm\u00f3.<\/p>\n<p>Por \u00faltimo, es necesario informar que este 15 de enero comienza la d\u00e9cima edici\u00f3n de la Copa Bicentenaria, torneo que se realiza en Barinas con el fin de que los equipos del FutVe participantes, comiencen a sumar minutos de juego de cara al inicio de la temporada.<\/p>\n<p>\u00abEsta semana entramos en competencia, en un ritmo de juego (Copa Bicentenaria), y para ello se est\u00e1n bajando las cargas, pero sin descuidarlas, sin perdernos en lo f\u00edsico, porque antes de comenzar el torneo debemos cumplir con cada semana de pretemporada de manera eficiente\u00bb, cerr\u00f3 el guardameta de 21 a\u00f1os de edad.<\/p><div class=\"qmzyr69f3ae25f3c93\" ><p style=\"text-align: center;\"><a href=\"https:\/\/t.me\/noticiasdigital58\" target=\"_blank\" rel=\"noopener\"><img class=\"aligncenter size-full wp-image-125363\" src=\"https:\/\/digital58.com.ve\/site\/wp-content\/uploads\/2021\/04\/banner-telegram-web-2021.png\" alt=\"\" width=\"600\" height=\"90\" \/><\/a><\/p><\/div><style type=\"text\/css\">\r\n@media screen and (min-width: 1201px) {\r\n.qmzyr69f3ae25f3c93 {\r\ndisplay: block;\r\n}\r\n}\r\n@media screen and (min-width: 993px) and (max-width: 1200px) {\r\n.qmzyr69f3ae25f3c93 {\r\ndisplay: block;\r\n}\r\n}\r\n@media screen and (min-width: 769px) and (max-width: 992px) {\r\n.qmzyr69f3ae25f3c93 {\r\ndisplay: block;\r\n}\r\n}\r\n@media screen and (min-width: 768px) and (max-width: 768px) {\r\n.qmzyr69f3ae25f3c93 {\r\ndisplay: block;\r\n}\r\n}\r\n@media screen and (max-width: 767px) {\r\n.qmzyr69f3ae25f3c93 {\r\ndisplay: block;\r\n}\r\n}\r\n<\/style>\r\n\n<p><strong>Redacci\u00f3n con fuente: Prensa @ZamoraFutbolC<\/strong><br \/>\n<strong>Edici\u00f3n: Villasmil, Henry<\/strong><br \/>\n<strong>Gr\u00e1ficas: cortes\u00eda @ZamoraFutbolC<\/strong><\/p>\n<div style=\"margin-top: 0px; margin-bottom: 0px;\" class=\"sharethis-inline-share-buttons\" ><\/div>","protected":false},"excerpt":{"rendered":"<p>El tetracampe\u00f3n sigue prepar\u00e1ndose de cara al inicio del torneo Apertura 2019, en el cual los entrenamientos de doble turno<\/p>\n","protected":false},"author":1,"featured_media":83481,"comment_status":"open","ping_status":"closed","sticky":false,"template":"","format":"standard","meta":{"colormag_page_container_layout":"default_layout","colormag_page_sidebar_layout":"default_layout","_uag_custom_page_level_css":"","footnotes":""},"categories":[5402],"tags":[14,15,25,10421,11939,11952,19,11938,5518],"class_list":["post-83480","post","type-post","status-publish","format-standard","has-post-thumbnail","hentry","category-deportes","tag-futbol-venezolano","tag-futve","tag-fvf","tag-liga-futve","tag-liga-futve-2019","tag-liga-futve-pretemporada-2019","tag-primera-division","tag-torneo-apertura-2019","tag-zamora-futbol-club"],"yoast_head":"<!-- This site is optimized with the Yoast SEO plugin v27.5 - https:\/\/yoast.com\/product\/yoast-seo-wordpress\/ -->\n<title>Joel Graterol apunta alto para 2019 en Zamora FC<\/title>\n<meta name=\"robots\" content=\"index, follow, max-snippet:-1, max-image-preview:large, max-video-preview:-1\" \/>\n<link rel=\"canonical\" href=\"https:\/\/digital58.com.ve\/site\/2019\/01\/24\/joel-graterol-apunta-alto-para-2019-en-zamora-fc\/\" \/>\n<meta property=\"og:locale\" content=\"es_ES\" \/>\n<meta property=\"og:type\" content=\"article\" \/>\n<meta property=\"og:title\" content=\"Joel Graterol apunta alto para 2019 en Zamora FC\" \/>\n<meta property=\"og:url\" content=\"https:\/\/digital58.com.ve\/site\/2019\/01\/24\/joel-graterol-apunta-alto-para-2019-en-zamora-fc\/\" \/>\n<meta property=\"og:site_name\" content=\"Noticias Digital58\" \/>\n<meta property=\"article:published_time\" content=\"2019-01-25T03:44:27+00:00\" \/>\n<meta property=\"og:image\" content=\"https:\/\/digital58.com.ve\/site\/wp-content\/uploads\/2019\/01\/joel-graterol.jpg\" \/>\n\t<meta property=\"og:image:width\" content=\"1500\" \/>\n\t<meta property=\"og:image:height\" content=\"977\" \/>\n\t<meta property=\"og:image:type\" content=\"image\/jpeg\" \/>\n<meta name=\"author\" content=\"Villasmil Henry\" \/>\n<meta name=\"twitter:card\" content=\"summary_large_image\" \/>\n<meta name=\"twitter:creator\" content=\"@https:\/\/twitter.com\/villasmilhfoto\" \/>\n<meta name=\"twitter:site\" content=\"@villasmilhfoto\" \/>\n<meta name=\"twitter:label1\" content=\"Escrito por\" \/>\n\t<meta name=\"twitter:data1\" content=\"Villasmil Henry\" \/>\n\t<meta name=\"twitter:label2\" content=\"Tiempo estimado de lectura\" \/>\n\t<meta name=\"twitter:data2\" content=\"3 minutos\" \/>\n<script type=\"application\/ld+json\" class=\"yoast-schema-graph\">{\"@context\":\"https:\\\/\\\/schema.org\",\"@graph\":[{\"@type\":\"Article\",\"@id\":\"https:\\\/\\\/digital58.com.ve\\\/site\\\/2019\\\/01\\\/24\\\/joel-graterol-apunta-alto-para-2019-en-zamora-fc\\\/#article\",\"isPartOf\":{\"@id\":\"https:\\\/\\\/digital58.com.ve\\\/site\\\/2019\\\/01\\\/24\\\/joel-graterol-apunta-alto-para-2019-en-zamora-fc\\\/\"},\"author\":{\"name\":\"Villasmil Henry\",\"@id\":\"https:\\\/\\\/digital58.com.ve\\\/site\\\/#\\\/schema\\\/person\\\/64d1c2e4d0d4fd1b849980c4331c2951\"},\"headline\":\"Joel Graterol apunta alto para 2019 en Zamora FC\",\"datePublished\":\"2019-01-25T03:44:27+00:00\",\"mainEntityOfPage\":{\"@id\":\"https:\\\/\\\/digital58.com.ve\\\/site\\\/2019\\\/01\\\/24\\\/joel-graterol-apunta-alto-para-2019-en-zamora-fc\\\/\"},\"wordCount\":525,\"commentCount\":0,\"publisher\":{\"@id\":\"https:\\\/\\\/digital58.com.ve\\\/site\\\/#\\\/schema\\\/person\\\/64d1c2e4d0d4fd1b849980c4331c2951\"},\"image\":{\"@id\":\"https:\\\/\\\/digital58.com.ve\\\/site\\\/2019\\\/01\\\/24\\\/joel-graterol-apunta-alto-para-2019-en-zamora-fc\\\/#primaryimage\"},\"thumbnailUrl\":\"https:\\\/\\\/digital58.com.ve\\\/site\\\/wp-content\\\/uploads\\\/2019\\\/01\\\/joel-graterol.jpg\",\"keywords\":[\"F\u00fatbol Venezolano\",\"Futve\",\"FVF\",\"Liga F\u00fatVe\",\"Liga F\u00fatVe 2019\",\"Liga F\u00fatVe Pretemporada 2019\",\"Primera Divisi\u00f3n\",\"Torneo Apertura 2019\",\"Zamora F\u00fatbol Club\"],\"articleSection\":[\"Deportes\"],\"inLanguage\":\"es\",\"potentialAction\":[{\"@type\":\"CommentAction\",\"name\":\"Comment\",\"target\":[\"https:\\\/\\\/digital58.com.ve\\\/site\\\/2019\\\/01\\\/24\\\/joel-graterol-apunta-alto-para-2019-en-zamora-fc\\\/#respond\"]}]},{\"@type\":\"WebPage\",\"@id\":\"https:\\\/\\\/digital58.com.ve\\\/site\\\/2019\\\/01\\\/24\\\/joel-graterol-apunta-alto-para-2019-en-zamora-fc\\\/\",\"url\":\"https:\\\/\\\/digital58.com.ve\\\/site\\\/2019\\\/01\\\/24\\\/joel-graterol-apunta-alto-para-2019-en-zamora-fc\\\/\",\"name\":\"Joel Graterol apunta alto para 2019 en Zamora FC\",\"isPartOf\":{\"@id\":\"https:\\\/\\\/digital58.com.ve\\\/site\\\/#website\"},\"primaryImageOfPage\":{\"@id\":\"https:\\\/\\\/digital58.com.ve\\\/site\\\/2019\\\/01\\\/24\\\/joel-graterol-apunta-alto-para-2019-en-zamora-fc\\\/#primaryimage\"},\"image\":{\"@id\":\"https:\\\/\\\/digital58.com.ve\\\/site\\\/2019\\\/01\\\/24\\\/joel-graterol-apunta-alto-para-2019-en-zamora-fc\\\/#primaryimage\"},\"thumbnailUrl\":\"https:\\\/\\\/digital58.com.ve\\\/site\\\/wp-content\\\/uploads\\\/2019\\\/01\\\/joel-graterol.jpg\",\"datePublished\":\"2019-01-25T03:44:27+00:00\",\"breadcrumb\":{\"@id\":\"https:\\\/\\\/digital58.com.ve\\\/site\\\/2019\\\/01\\\/24\\\/joel-graterol-apunta-alto-para-2019-en-zamora-fc\\\/#breadcrumb\"},\"inLanguage\":\"es\",\"potentialAction\":[{\"@type\":\"ReadAction\",\"target\":[\"https:\\\/\\\/digital58.com.ve\\\/site\\\/2019\\\/01\\\/24\\\/joel-graterol-apunta-alto-para-2019-en-zamora-fc\\\/\"]}]},{\"@type\":\"ImageObject\",\"inLanguage\":\"es\",\"@id\":\"https:\\\/\\\/digital58.com.ve\\\/site\\\/2019\\\/01\\\/24\\\/joel-graterol-apunta-alto-para-2019-en-zamora-fc\\\/#primaryimage\",\"url\":\"https:\\\/\\\/digital58.com.ve\\\/site\\\/wp-content\\\/uploads\\\/2019\\\/01\\\/joel-graterol.jpg\",\"contentUrl\":\"https:\\\/\\\/digital58.com.ve\\\/site\\\/wp-content\\\/uploads\\\/2019\\\/01\\\/joel-graterol.jpg\",\"width\":800,\"height\":521},{\"@type\":\"BreadcrumbList\",\"@id\":\"https:\\\/\\\/digital58.com.ve\\\/site\\\/2019\\\/01\\\/24\\\/joel-graterol-apunta-alto-para-2019-en-zamora-fc\\\/#breadcrumb\",\"itemListElement\":[{\"@type\":\"ListItem\",\"position\":1,\"name\":\"Home\",\"item\":\"https:\\\/\\\/digital58.com.ve\\\/site\\\/\"},{\"@type\":\"ListItem\",\"position\":2,\"name\":\"Joel Graterol apunta alto para 2019 en Zamora FC\"}]},{\"@type\":\"WebSite\",\"@id\":\"https:\\\/\\\/digital58.com.ve\\\/site\\\/#website\",\"url\":\"https:\\\/\\\/digital58.com.ve\\\/site\\\/\",\"name\":\"Noticias Digital58\",\"description\":\"Portal de Noticias \u00a1Periodismo web de verdad! Lanzamiento web 22.11.2005 \\\/ Maracaibo, Venezuela\",\"publisher\":{\"@id\":\"https:\\\/\\\/digital58.com.ve\\\/site\\\/#\\\/schema\\\/person\\\/64d1c2e4d0d4fd1b849980c4331c2951\"},\"alternateName\":\"ND58\",\"potentialAction\":[{\"@type\":\"SearchAction\",\"target\":{\"@type\":\"EntryPoint\",\"urlTemplate\":\"https:\\\/\\\/digital58.com.ve\\\/site\\\/?s={search_term_string}\"},\"query-input\":{\"@type\":\"PropertyValueSpecification\",\"valueRequired\":true,\"valueName\":\"search_term_string\"}}],\"inLanguage\":\"es\"},{\"@type\":[\"Person\",\"Organization\"],\"@id\":\"https:\\\/\\\/digital58.com.ve\\\/site\\\/#\\\/schema\\\/person\\\/64d1c2e4d0d4fd1b849980c4331c2951\",\"name\":\"Villasmil Henry\",\"image\":{\"@type\":\"ImageObject\",\"inLanguage\":\"es\",\"@id\":\"https:\\\/\\\/secure.gravatar.com\\\/avatar\\\/bb0c4a2fcb7970138239f7e404ea75757b1b507b28b5ce4c53fbd62d797c5a7c?s=96&d=mm&r=g\",\"url\":\"https:\\\/\\\/secure.gravatar.com\\\/avatar\\\/bb0c4a2fcb7970138239f7e404ea75757b1b507b28b5ce4c53fbd62d797c5a7c?s=96&d=mm&r=g\",\"contentUrl\":\"https:\\\/\\\/secure.gravatar.com\\\/avatar\\\/bb0c4a2fcb7970138239f7e404ea75757b1b507b28b5ce4c53fbd62d797c5a7c?s=96&d=mm&r=g\",\"caption\":\"Villasmil Henry\"},\"logo\":{\"@id\":\"https:\\\/\\\/secure.gravatar.com\\\/avatar\\\/bb0c4a2fcb7970138239f7e404ea75757b1b507b28b5ce4c53fbd62d797c5a7c?s=96&d=mm&r=g\"},\"sameAs\":[\"http:\\\/\\\/www.henryvillasmil.com.ve\",\"https:\\\/\\\/www.instagram.com\\\/villasmilhfoto\\\/\",\"https:\\\/\\\/x.com\\\/https:\\\/\\\/twitter.com\\\/villasmilhfoto\"],\"url\":\"https:\\\/\\\/digital58.com.ve\\\/site\\\/author\\\/droopy_68\\\/\"}]}<\/script>\n<!-- \/ Yoast SEO plugin. -->","yoast_head_json":{"title":"Joel Graterol apunta alto para 2019 en Zamora FC","robots":{"index":"index","follow":"follow","max-snippet":"max-snippet:-1","max-image-preview":"max-image-preview:large","max-video-preview":"max-video-preview:-1"},"canonical":"https:\/\/digital58.com.ve\/site\/2019\/01\/24\/joel-graterol-apunta-alto-para-2019-en-zamora-fc\/","og_locale":"es_ES","og_type":"article","og_title":"Joel Graterol apunta alto para 2019 en Zamora FC","og_url":"https:\/\/digital58.com.ve\/site\/2019\/01\/24\/joel-graterol-apunta-alto-para-2019-en-zamora-fc\/","og_site_name":"Noticias Digital58","article_published_time":"2019-01-25T03:44:27+00:00","og_image":[{"width":1500,"height":977,"url":"https:\/\/digital58.com.ve\/site\/wp-content\/uploads\/2019\/01\/joel-graterol.jpg","type":"image\/jpeg"}],"author":"Villasmil Henry","twitter_card":"summary_large_image","twitter_creator":"@https:\/\/twitter.com\/villasmilhfoto","twitter_site":"@villasmilhfoto","twitter_misc":{"Escrito por":"Villasmil Henry","Tiempo estimado de lectura":"3 minutos"},"schema":{"@context":"https:\/\/schema.org","@graph":[{"@type":"Article","@id":"https:\/\/digital58.com.ve\/site\/2019\/01\/24\/joel-graterol-apunta-alto-para-2019-en-zamora-fc\/#article","isPartOf":{"@id":"https:\/\/digital58.com.ve\/site\/2019\/01\/24\/joel-graterol-apunta-alto-para-2019-en-zamora-fc\/"},"author":{"name":"Villasmil Henry","@id":"https:\/\/digital58.com.ve\/site\/#\/schema\/person\/64d1c2e4d0d4fd1b849980c4331c2951"},"headline":"Joel Graterol apunta alto para 2019 en Zamora FC","datePublished":"2019-01-25T03:44:27+00:00","mainEntityOfPage":{"@id":"https:\/\/digital58.com.ve\/site\/2019\/01\/24\/joel-graterol-apunta-alto-para-2019-en-zamora-fc\/"},"wordCount":525,"commentCount":0,"publisher":{"@id":"https:\/\/digital58.com.ve\/site\/#\/schema\/person\/64d1c2e4d0d4fd1b849980c4331c2951"},"image":{"@id":"https:\/\/digital58.com.ve\/site\/2019\/01\/24\/joel-graterol-apunta-alto-para-2019-en-zamora-fc\/#primaryimage"},"thumbnailUrl":"https:\/\/digital58.com.ve\/site\/wp-content\/uploads\/2019\/01\/joel-graterol.jpg","keywords":["F\u00fatbol Venezolano","Futve","FVF","Liga F\u00fatVe","Liga F\u00fatVe 2019","Liga F\u00fatVe Pretemporada 2019","Primera Divisi\u00f3n","Torneo Apertura 2019","Zamora F\u00fatbol Club"],"articleSection":["Deportes"],"inLanguage":"es","potentialAction":[{"@type":"CommentAction","name":"Comment","target":["https:\/\/digital58.com.ve\/site\/2019\/01\/24\/joel-graterol-apunta-alto-para-2019-en-zamora-fc\/#respond"]}]},{"@type":"WebPage","@id":"https:\/\/digital58.com.ve\/site\/2019\/01\/24\/joel-graterol-apunta-alto-para-2019-en-zamora-fc\/","url":"https:\/\/digital58.com.ve\/site\/2019\/01\/24\/joel-graterol-apunta-alto-para-2019-en-zamora-fc\/","name":"Joel Graterol apunta alto para 2019 en Zamora FC","isPartOf":{"@id":"https:\/\/digital58.com.ve\/site\/#website"},"primaryImageOfPage":{"@id":"https:\/\/digital58.com.ve\/site\/2019\/01\/24\/joel-graterol-apunta-alto-para-2019-en-zamora-fc\/#primaryimage"},"image":{"@id":"https:\/\/digital58.com.ve\/site\/2019\/01\/24\/joel-graterol-apunta-alto-para-2019-en-zamora-fc\/#primaryimage"},"thumbnailUrl":"https:\/\/digital58.com.ve\/site\/wp-content\/uploads\/2019\/01\/joel-graterol.jpg","datePublished":"2019-01-25T03:44:27+00:00","breadcrumb":{"@id":"https:\/\/digital58.com.ve\/site\/2019\/01\/24\/joel-graterol-apunta-alto-para-2019-en-zamora-fc\/#breadcrumb"},"inLanguage":"es","potentialAction":[{"@type":"ReadAction","target":["https:\/\/digital58.com.ve\/site\/2019\/01\/24\/joel-graterol-apunta-alto-para-2019-en-zamora-fc\/"]}]},{"@type":"ImageObject","inLanguage":"es","@id":"https:\/\/digital58.com.ve\/site\/2019\/01\/24\/joel-graterol-apunta-alto-para-2019-en-zamora-fc\/#primaryimage","url":"https:\/\/digital58.com.ve\/site\/wp-content\/uploads\/2019\/01\/joel-graterol.jpg","contentUrl":"https:\/\/digital58.com.ve\/site\/wp-content\/uploads\/2019\/01\/joel-graterol.jpg","width":800,"height":521},{"@type":"BreadcrumbList","@id":"https:\/\/digital58.com.ve\/site\/2019\/01\/24\/joel-graterol-apunta-alto-para-2019-en-zamora-fc\/#breadcrumb","itemListElement":[{"@type":"ListItem","position":1,"name":"Home","item":"https:\/\/digital58.com.ve\/site\/"},{"@type":"ListItem","position":2,"name":"Joel Graterol apunta alto para 2019 en Zamora FC"}]},{"@type":"WebSite","@id":"https:\/\/digital58.com.ve\/site\/#website","url":"https:\/\/digital58.com.ve\/site\/","name":"Noticias Digital58","description":"Portal de Noticias \u00a1Periodismo web de verdad! Lanzamiento web 22.11.2005 \/ Maracaibo, Venezuela","publisher":{"@id":"https:\/\/digital58.com.ve\/site\/#\/schema\/person\/64d1c2e4d0d4fd1b849980c4331c2951"},"alternateName":"ND58","potentialAction":[{"@type":"SearchAction","target":{"@type":"EntryPoint","urlTemplate":"https:\/\/digital58.com.ve\/site\/?s={search_term_string}"},"query-input":{"@type":"PropertyValueSpecification","valueRequired":true,"valueName":"search_term_string"}}],"inLanguage":"es"},{"@type":["Person","Organization"],"@id":"https:\/\/digital58.com.ve\/site\/#\/schema\/person\/64d1c2e4d0d4fd1b849980c4331c2951","name":"Villasmil Henry","image":{"@type":"ImageObject","inLanguage":"es","@id":"https:\/\/secure.gravatar.com\/avatar\/bb0c4a2fcb7970138239f7e404ea75757b1b507b28b5ce4c53fbd62d797c5a7c?s=96&d=mm&r=g","url":"https:\/\/secure.gravatar.com\/avatar\/bb0c4a2fcb7970138239f7e404ea75757b1b507b28b5ce4c53fbd62d797c5a7c?s=96&d=mm&r=g","contentUrl":"https:\/\/secure.gravatar.com\/avatar\/bb0c4a2fcb7970138239f7e404ea75757b1b507b28b5ce4c53fbd62d797c5a7c?s=96&d=mm&r=g","caption":"Villasmil Henry"},"logo":{"@id":"https:\/\/secure.gravatar.com\/avatar\/bb0c4a2fcb7970138239f7e404ea75757b1b507b28b5ce4c53fbd62d797c5a7c?s=96&d=mm&r=g"},"sameAs":["http:\/\/www.henryvillasmil.com.ve","https:\/\/www.instagram.com\/villasmilhfoto\/","https:\/\/x.com\/https:\/\/twitter.com\/villasmilhfoto"],"url":"https:\/\/digital58.com.ve\/site\/author\/droopy_68\/"}]}},"uagb_featured_image_src":{"full":["https:\/\/digital58.com.ve\/site\/wp-content\/uploads\/2019\/01\/joel-graterol.jpg",800,521,false],"thumbnail":["https:\/\/digital58.com.ve\/site\/wp-content\/uploads\/2019\/01\/joel-graterol-150x150.jpg",150,150,true],"medium":["https:\/\/digital58.com.ve\/site\/wp-content\/uploads\/2019\/01\/joel-graterol-300x195.jpg",300,195,true],"medium_large":["https:\/\/digital58.com.ve\/site\/wp-content\/uploads\/2019\/01\/joel-graterol-768x500.jpg",768,500,true],"large":["https:\/\/digital58.com.ve\/site\/wp-content\/uploads\/2019\/01\/joel-graterol-1500x977.jpg",800,521,true],"1536x1536":["https:\/\/digital58.com.ve\/site\/wp-content\/uploads\/2019\/01\/joel-graterol.jpg",800,521,false],"2048x2048":["https:\/\/digital58.com.ve\/site\/wp-content\/uploads\/2019\/01\/joel-graterol.jpg",800,521,false],"colormag-highlighted-post":["https:\/\/digital58.com.ve\/site\/wp-content\/uploads\/2019\/01\/joel-graterol.jpg",392,255,false],"colormag-featured-post-medium":["https:\/\/digital58.com.ve\/site\/wp-content\/uploads\/2019\/01\/joel-graterol.jpg",315,205,false],"colormag-featured-post-small":["https:\/\/digital58.com.ve\/site\/wp-content\/uploads\/2019\/01\/joel-graterol.jpg",130,85,false],"colormag-featured-image":["https:\/\/digital58.com.ve\/site\/wp-content\/uploads\/2019\/01\/joel-graterol.jpg",683,445,false],"colormag-default-news":["https:\/\/digital58.com.ve\/site\/wp-content\/uploads\/2019\/01\/joel-graterol.jpg",150,98,false],"colormag-featured-image-large":["https:\/\/digital58.com.ve\/site\/wp-content\/uploads\/2019\/01\/joel-graterol.jpg",800,521,false]},"uagb_author_info":{"display_name":"Villasmil Henry","author_link":"https:\/\/digital58.com.ve\/site\/author\/droopy_68\/"},"uagb_comment_info":0,"uagb_excerpt":"El tetracampe\u00f3n sigue prepar\u00e1ndose de cara al inicio del torneo Apertura 2019, en el cual los entrenamientos de doble turno","_links":{"self":[{"href":"https:\/\/digital58.com.ve\/site\/wp-json\/wp\/v2\/posts\/83480","targetHints":{"allow":["GET"]}}],"collection":[{"href":"https:\/\/digital58.com.ve\/site\/wp-json\/wp\/v2\/posts"}],"about":[{"href":"https:\/\/digital58.com.ve\/site\/wp-json\/wp\/v2\/types\/post"}],"author":[{"embeddable":true,"href":"https:\/\/digital58.com.ve\/site\/wp-json\/wp\/v2\/users\/1"}],"replies":[{"embeddable":true,"href":"https:\/\/digital58.com.ve\/site\/wp-json\/wp\/v2\/comments?post=83480"}],"version-history":[{"count":0,"href":"https:\/\/digital58.com.ve\/site\/wp-json\/wp\/v2\/posts\/83480\/revisions"}],"wp:featuredmedia":[{"embeddable":true,"href":"https:\/\/digital58.com.ve\/site\/wp-json\/wp\/v2\/media\/83481"}],"wp:attachment":[{"href":"https:\/\/digital58.com.ve\/site\/wp-json\/wp\/v2\/media?parent=83480"}],"wp:term":[{"taxonomy":"category","embeddable":true,"href":"https:\/\/digital58.com.ve\/site\/wp-json\/wp\/v2\/categories?post=83480"},{"taxonomy":"post_tag","embeddable":true,"href":"https:\/\/digital58.com.ve\/site\/wp-json\/wp\/v2\/tags?post=83480"}],"curies":[{"name":"wp","href":"https:\/\/api.w.org\/{rel}","templated":true}]}}