{"id":83484,"date":"2019-01-25T09:30:41","date_gmt":"2019-01-25T13:30:41","guid":{"rendered":"http:\/\/digital58.com.ve\/site\/?p=83484"},"modified":"2019-01-25T09:30:41","modified_gmt":"2019-01-25T13:30:41","slug":"dudamel-afirma-que-la-crisis-en-venezuela-es-un-estimulo-para-sus-futbolistas","status":"publish","type":"post","link":"https:\/\/digital58.com.ve\/site\/2019\/01\/25\/dudamel-afirma-que-la-crisis-en-venezuela-es-un-estimulo-para-sus-futbolistas\/","title":{"rendered":"Dudamel afirma que la crisis en Venezuela es un est\u00edmulo para sus futbolistas"},"content":{"rendered":"<p><a href=\"http:\/\/digital58.com.ve\/site\/wp-content\/uploads\/2019\/01\/vzla-entrena-3.jpg\"><img loading=\"lazy\" decoding=\"async\" class=\"aligncenter size-large wp-image-83491\" src=\"http:\/\/digital58.com.ve\/site\/wp-content\/uploads\/2019\/01\/vzla-entrena-3-819x1024.jpg\" alt=\"\" width=\"640\" height=\"800\" srcset=\"https:\/\/digital58.com.ve\/site\/wp-content\/uploads\/2019\/01\/vzla-entrena-3-819x1024.jpg 819w, https:\/\/digital58.com.ve\/site\/wp-content\/uploads\/2019\/01\/vzla-entrena-3-240x300.jpg 240w, https:\/\/digital58.com.ve\/site\/wp-content\/uploads\/2019\/01\/vzla-entrena-3-768x960.jpg 768w, https:\/\/digital58.com.ve\/site\/wp-content\/uploads\/2019\/01\/vzla-entrena-3.jpg 480w\" sizes=\"auto, (max-width: 640px) 100vw, 640px\" \/><\/a><\/p>\n<p>El seleccionador de Venezuela, Rafael Dudamel, afirm\u00f3 este jueves que la crisis pol\u00edtica que vive su pa\u00eds, en lugar de perjudicar a la \u00abVinotinto\u00bb puede ayudar a sus futbolistas a esforzarse por alcanzar la mejor posici\u00f3n posible en la Copa Am\u00e9rica Brasil 2019.<\/p>\n<p><strong>Brasil, 25 de enero de 2019 (Noticias D58).-<\/strong> \u00abLa situaci\u00f3n pol\u00edtica del pa\u00eds es un impulso para nuestros futbolistas porque queremos darle alegr\u00eda a Venezuela, darle alegr\u00eda a la fanaticada \u00abVinotinto\u00bb\u00bb, asegur\u00f3 el entrenador en declaraciones que concedi\u00f3 a periodistas tras el sorteo que defini\u00f3 este jueves en R\u00edo de Janeiro los grupos de la Copa Am\u00e9rica de f\u00fatbol.<\/p>\n<p>\u00abQueremos que el pa\u00eds est\u00e9 unido, que est\u00e9 en calma y que est\u00e9 en paz, y, cuando juega la selecci\u00f3n, es un lindo momento para invitar a los venezolanos, con mucha ilusi\u00f3n, a estar unidos\u00bb, agreg\u00f3 Dudamel.<\/p>\n<p>Venezuela qued\u00f3 emparejada en el Grupo 1 de la Copa Am\u00e9rica junto a Brasil, Bolivia y Per\u00fa.<\/p>\n<p>En su cuadrag\u00e9sima sexta edici\u00f3n, la Copa Am\u00e9rica, que regresa a Brasil tras 30 a\u00f1os de ausencia, ser\u00e1 disputada entre el 14 de junio y el 7 de julio por los diez miembros de la Conmebol (Argentina, Bolivia, Brasil, Chile, Colombia, Ecuador, Paraguay, Per\u00fa, Uruguay y Venezuela) y por Jap\u00f3n y Catar como pa\u00edses invitados.<\/p>\n<p>Pese a la crisis pol\u00edtica, econ\u00f3mica y social de Venezuela, los directivos de la Conmebol afirmaron que la participaci\u00f3n de los clubes y de la selecci\u00f3n venezolana en los torneos de la entidad est\u00e1 garantizada.<\/p>\n<p><strong>Redacci\u00f3n con fuente: EFE<\/strong><br \/>\n<strong>Edici\u00f3n: Villasmil, Henry<\/strong><br \/>\n<strong>Gr\u00e1fica: EFE<\/strong><\/p><div class=\"orvci69efada431a5a\" ><p style=\"text-align: center;\"><a href=\"https:\/\/t.me\/noticiasdigital58\" target=\"_blank\" rel=\"noopener\"><img class=\"aligncenter size-full wp-image-125363\" src=\"https:\/\/digital58.com.ve\/site\/wp-content\/uploads\/2021\/04\/banner-telegram-web-2021.png\" alt=\"\" width=\"600\" height=\"90\" \/><\/a><\/p><\/div><style type=\"text\/css\">\r\n@media screen and (min-width: 1201px) {\r\n.orvci69efada431a5a {\r\ndisplay: block;\r\n}\r\n}\r\n@media screen and (min-width: 993px) and (max-width: 1200px) {\r\n.orvci69efada431a5a {\r\ndisplay: block;\r\n}\r\n}\r\n@media screen and (min-width: 769px) and (max-width: 992px) {\r\n.orvci69efada431a5a {\r\ndisplay: block;\r\n}\r\n}\r\n@media screen and (min-width: 768px) and (max-width: 768px) {\r\n.orvci69efada431a5a {\r\ndisplay: block;\r\n}\r\n}\r\n@media screen and (max-width: 767px) {\r\n.orvci69efada431a5a {\r\ndisplay: block;\r\n}\r\n}\r\n<\/style>\r\n\n<p><a href=\"http:\/\/digital58.com.ve\/site\/wp-content\/uploads\/2019\/01\/dudamel.jpg\"><img loading=\"lazy\" decoding=\"async\" class=\"aligncenter size-large wp-image-83492\" src=\"http:\/\/digital58.com.ve\/site\/wp-content\/uploads\/2019\/01\/dudamel-1500x1003.jpg\" alt=\"\" width=\"640\" height=\"428\" srcset=\"https:\/\/digital58.com.ve\/site\/wp-content\/uploads\/2019\/01\/dudamel-1500x1003.jpg 1500w, https:\/\/digital58.com.ve\/site\/wp-content\/uploads\/2019\/01\/dudamel-300x201.jpg 300w, https:\/\/digital58.com.ve\/site\/wp-content\/uploads\/2019\/01\/dudamel-768x514.jpg 768w, https:\/\/digital58.com.ve\/site\/wp-content\/uploads\/2019\/01\/dudamel-720x480.jpg 720w, https:\/\/digital58.com.ve\/site\/wp-content\/uploads\/2019\/01\/dudamel-480x320.jpg 480w, https:\/\/digital58.com.ve\/site\/wp-content\/uploads\/2019\/01\/dudamel.jpg 800w\" sizes=\"auto, (max-width: 640px) 100vw, 640px\" \/><\/a><\/p>\n<div style=\"margin-top: 0px; margin-bottom: 0px;\" class=\"sharethis-inline-share-buttons\" ><\/div>","protected":false},"excerpt":{"rendered":"<p>El seleccionador de Venezuela, Rafael Dudamel, afirm\u00f3 este jueves que la crisis pol\u00edtica que vive su pa\u00eds, en lugar de<\/p>\n","protected":false},"author":1,"featured_media":83492,"comment_status":"open","ping_status":"closed","sticky":false,"template":"","format":"standard","meta":{"colormag_page_container_layout":"default_layout","colormag_page_sidebar_layout":"default_layout","_uag_custom_page_level_css":"","footnotes":""},"categories":[5402,8608],"tags":[35,125,11970,13,14,25,187,188,331,32],"class_list":["post-83484","post","type-post","status-publish","format-standard","has-post-thumbnail","hentry","category-deportes","category-reportajes-especiales","tag-brasil","tag-conmebol","tag-copa-america-2019","tag-futbol","tag-futbol-venezolano","tag-fvf","tag-la-vinotinto","tag-rafael-dudamel","tag-seleccion-nacional-de-futbol","tag-venezuela"],"yoast_head":"<!-- This site is optimized with the Yoast SEO plugin v27.4 - https:\/\/yoast.com\/product\/yoast-seo-wordpress\/ -->\n<title>Dudamel afirma que la crisis en Venezuela es un est\u00edmulo para sus futbolistas<\/title>\n<meta name=\"robots\" content=\"index, follow, max-snippet:-1, max-image-preview:large, max-video-preview:-1\" \/>\n<link rel=\"canonical\" href=\"https:\/\/digital58.com.ve\/site\/2019\/01\/25\/dudamel-afirma-que-la-crisis-en-venezuela-es-un-estimulo-para-sus-futbolistas\/\" \/>\n<meta property=\"og:locale\" content=\"es_ES\" \/>\n<meta property=\"og:type\" content=\"article\" \/>\n<meta property=\"og:title\" content=\"Dudamel afirma que la crisis en Venezuela es un est\u00edmulo para sus futbolistas\" \/>\n<meta property=\"og:url\" content=\"https:\/\/digital58.com.ve\/site\/2019\/01\/25\/dudamel-afirma-que-la-crisis-en-venezuela-es-un-estimulo-para-sus-futbolistas\/\" \/>\n<meta property=\"og:site_name\" content=\"Noticias Digital58\" \/>\n<meta property=\"article:published_time\" content=\"2019-01-25T13:30:41+00:00\" \/>\n<meta property=\"og:image\" content=\"https:\/\/digital58.com.ve\/site\/wp-content\/uploads\/2019\/01\/dudamel.jpg\" \/>\n\t<meta property=\"og:image:width\" content=\"1500\" \/>\n\t<meta property=\"og:image:height\" content=\"1003\" \/>\n\t<meta property=\"og:image:type\" content=\"image\/jpeg\" \/>\n<meta name=\"author\" content=\"Villasmil Henry\" \/>\n<meta name=\"twitter:card\" content=\"summary_large_image\" \/>\n<meta name=\"twitter:creator\" content=\"@https:\/\/twitter.com\/villasmilhfoto\" \/>\n<meta name=\"twitter:site\" content=\"@villasmilhfoto\" \/>\n<meta name=\"twitter:label1\" content=\"Escrito por\" \/>\n\t<meta name=\"twitter:data1\" content=\"Villasmil Henry\" \/>\n\t<meta name=\"twitter:label2\" content=\"Tiempo estimado de lectura\" \/>\n\t<meta name=\"twitter:data2\" content=\"1 minuto\" \/>\n<script type=\"application\/ld+json\" class=\"yoast-schema-graph\">{\"@context\":\"https:\\\/\\\/schema.org\",\"@graph\":[{\"@type\":\"Article\",\"@id\":\"https:\\\/\\\/digital58.com.ve\\\/site\\\/2019\\\/01\\\/25\\\/dudamel-afirma-que-la-crisis-en-venezuela-es-un-estimulo-para-sus-futbolistas\\\/#article\",\"isPartOf\":{\"@id\":\"https:\\\/\\\/digital58.com.ve\\\/site\\\/2019\\\/01\\\/25\\\/dudamel-afirma-que-la-crisis-en-venezuela-es-un-estimulo-para-sus-futbolistas\\\/\"},\"author\":{\"name\":\"Villasmil Henry\",\"@id\":\"https:\\\/\\\/digital58.com.ve\\\/site\\\/#\\\/schema\\\/person\\\/64d1c2e4d0d4fd1b849980c4331c2951\"},\"headline\":\"Dudamel afirma que la crisis en Venezuela es un est\u00edmulo para sus futbolistas\",\"datePublished\":\"2019-01-25T13:30:41+00:00\",\"mainEntityOfPage\":{\"@id\":\"https:\\\/\\\/digital58.com.ve\\\/site\\\/2019\\\/01\\\/25\\\/dudamel-afirma-que-la-crisis-en-venezuela-es-un-estimulo-para-sus-futbolistas\\\/\"},\"wordCount\":292,\"commentCount\":0,\"publisher\":{\"@id\":\"https:\\\/\\\/digital58.com.ve\\\/site\\\/#\\\/schema\\\/person\\\/64d1c2e4d0d4fd1b849980c4331c2951\"},\"image\":{\"@id\":\"https:\\\/\\\/digital58.com.ve\\\/site\\\/2019\\\/01\\\/25\\\/dudamel-afirma-que-la-crisis-en-venezuela-es-un-estimulo-para-sus-futbolistas\\\/#primaryimage\"},\"thumbnailUrl\":\"https:\\\/\\\/digital58.com.ve\\\/site\\\/wp-content\\\/uploads\\\/2019\\\/01\\\/dudamel.jpg\",\"keywords\":[\"Brasil\",\"Conmebol\",\"Copa Am\u00e9rica 2019\",\"F\u00fatbol\",\"F\u00fatbol Venezolano\",\"FVF\",\"La Vinotinto\",\"Rafael Dudamel\",\"Selecci\u00f3n Nacional de F\u00fatbol\",\"Venezuela\"],\"articleSection\":[\"Deportes\",\"Reportajes Especiales\"],\"inLanguage\":\"es\",\"potentialAction\":[{\"@type\":\"CommentAction\",\"name\":\"Comment\",\"target\":[\"https:\\\/\\\/digital58.com.ve\\\/site\\\/2019\\\/01\\\/25\\\/dudamel-afirma-que-la-crisis-en-venezuela-es-un-estimulo-para-sus-futbolistas\\\/#respond\"]}]},{\"@type\":\"WebPage\",\"@id\":\"https:\\\/\\\/digital58.com.ve\\\/site\\\/2019\\\/01\\\/25\\\/dudamel-afirma-que-la-crisis-en-venezuela-es-un-estimulo-para-sus-futbolistas\\\/\",\"url\":\"https:\\\/\\\/digital58.com.ve\\\/site\\\/2019\\\/01\\\/25\\\/dudamel-afirma-que-la-crisis-en-venezuela-es-un-estimulo-para-sus-futbolistas\\\/\",\"name\":\"Dudamel afirma que la crisis en Venezuela es un est\u00edmulo para sus futbolistas\",\"isPartOf\":{\"@id\":\"https:\\\/\\\/digital58.com.ve\\\/site\\\/#website\"},\"primaryImageOfPage\":{\"@id\":\"https:\\\/\\\/digital58.com.ve\\\/site\\\/2019\\\/01\\\/25\\\/dudamel-afirma-que-la-crisis-en-venezuela-es-un-estimulo-para-sus-futbolistas\\\/#primaryimage\"},\"image\":{\"@id\":\"https:\\\/\\\/digital58.com.ve\\\/site\\\/2019\\\/01\\\/25\\\/dudamel-afirma-que-la-crisis-en-venezuela-es-un-estimulo-para-sus-futbolistas\\\/#primaryimage\"},\"thumbnailUrl\":\"https:\\\/\\\/digital58.com.ve\\\/site\\\/wp-content\\\/uploads\\\/2019\\\/01\\\/dudamel.jpg\",\"datePublished\":\"2019-01-25T13:30:41+00:00\",\"breadcrumb\":{\"@id\":\"https:\\\/\\\/digital58.com.ve\\\/site\\\/2019\\\/01\\\/25\\\/dudamel-afirma-que-la-crisis-en-venezuela-es-un-estimulo-para-sus-futbolistas\\\/#breadcrumb\"},\"inLanguage\":\"es\",\"potentialAction\":[{\"@type\":\"ReadAction\",\"target\":[\"https:\\\/\\\/digital58.com.ve\\\/site\\\/2019\\\/01\\\/25\\\/dudamel-afirma-que-la-crisis-en-venezuela-es-un-estimulo-para-sus-futbolistas\\\/\"]}]},{\"@type\":\"ImageObject\",\"inLanguage\":\"es\",\"@id\":\"https:\\\/\\\/digital58.com.ve\\\/site\\\/2019\\\/01\\\/25\\\/dudamel-afirma-que-la-crisis-en-venezuela-es-un-estimulo-para-sus-futbolistas\\\/#primaryimage\",\"url\":\"https:\\\/\\\/digital58.com.ve\\\/site\\\/wp-content\\\/uploads\\\/2019\\\/01\\\/dudamel.jpg\",\"contentUrl\":\"https:\\\/\\\/digital58.com.ve\\\/site\\\/wp-content\\\/uploads\\\/2019\\\/01\\\/dudamel.jpg\",\"width\":800,\"height\":535},{\"@type\":\"BreadcrumbList\",\"@id\":\"https:\\\/\\\/digital58.com.ve\\\/site\\\/2019\\\/01\\\/25\\\/dudamel-afirma-que-la-crisis-en-venezuela-es-un-estimulo-para-sus-futbolistas\\\/#breadcrumb\",\"itemListElement\":[{\"@type\":\"ListItem\",\"position\":1,\"name\":\"Home\",\"item\":\"https:\\\/\\\/digital58.com.ve\\\/site\\\/\"},{\"@type\":\"ListItem\",\"position\":2,\"name\":\"Dudamel afirma que la crisis en Venezuela es un est\u00edmulo para sus futbolistas\"}]},{\"@type\":\"WebSite\",\"@id\":\"https:\\\/\\\/digital58.com.ve\\\/site\\\/#website\",\"url\":\"https:\\\/\\\/digital58.com.ve\\\/site\\\/\",\"name\":\"Noticias Digital58\",\"description\":\"Portal de Noticias \u00a1Periodismo web de verdad! Lanzamiento web 22.11.2005 \\\/ Maracaibo, Venezuela\",\"publisher\":{\"@id\":\"https:\\\/\\\/digital58.com.ve\\\/site\\\/#\\\/schema\\\/person\\\/64d1c2e4d0d4fd1b849980c4331c2951\"},\"alternateName\":\"ND58\",\"potentialAction\":[{\"@type\":\"SearchAction\",\"target\":{\"@type\":\"EntryPoint\",\"urlTemplate\":\"https:\\\/\\\/digital58.com.ve\\\/site\\\/?s={search_term_string}\"},\"query-input\":{\"@type\":\"PropertyValueSpecification\",\"valueRequired\":true,\"valueName\":\"search_term_string\"}}],\"inLanguage\":\"es\"},{\"@type\":[\"Person\",\"Organization\"],\"@id\":\"https:\\\/\\\/digital58.com.ve\\\/site\\\/#\\\/schema\\\/person\\\/64d1c2e4d0d4fd1b849980c4331c2951\",\"name\":\"Villasmil Henry\",\"image\":{\"@type\":\"ImageObject\",\"inLanguage\":\"es\",\"@id\":\"https:\\\/\\\/secure.gravatar.com\\\/avatar\\\/bb0c4a2fcb7970138239f7e404ea75757b1b507b28b5ce4c53fbd62d797c5a7c?s=96&d=mm&r=g\",\"url\":\"https:\\\/\\\/secure.gravatar.com\\\/avatar\\\/bb0c4a2fcb7970138239f7e404ea75757b1b507b28b5ce4c53fbd62d797c5a7c?s=96&d=mm&r=g\",\"contentUrl\":\"https:\\\/\\\/secure.gravatar.com\\\/avatar\\\/bb0c4a2fcb7970138239f7e404ea75757b1b507b28b5ce4c53fbd62d797c5a7c?s=96&d=mm&r=g\",\"caption\":\"Villasmil Henry\"},\"logo\":{\"@id\":\"https:\\\/\\\/secure.gravatar.com\\\/avatar\\\/bb0c4a2fcb7970138239f7e404ea75757b1b507b28b5ce4c53fbd62d797c5a7c?s=96&d=mm&r=g\"},\"sameAs\":[\"http:\\\/\\\/www.henryvillasmil.com.ve\",\"https:\\\/\\\/www.instagram.com\\\/villasmilhfoto\\\/\",\"https:\\\/\\\/x.com\\\/https:\\\/\\\/twitter.com\\\/villasmilhfoto\"],\"url\":\"https:\\\/\\\/digital58.com.ve\\\/site\\\/author\\\/droopy_68\\\/\"}]}<\/script>\n<!-- \/ Yoast SEO plugin. -->","yoast_head_json":{"title":"Dudamel afirma que la crisis en Venezuela es un est\u00edmulo para sus futbolistas","robots":{"index":"index","follow":"follow","max-snippet":"max-snippet:-1","max-image-preview":"max-image-preview:large","max-video-preview":"max-video-preview:-1"},"canonical":"https:\/\/digital58.com.ve\/site\/2019\/01\/25\/dudamel-afirma-que-la-crisis-en-venezuela-es-un-estimulo-para-sus-futbolistas\/","og_locale":"es_ES","og_type":"article","og_title":"Dudamel afirma que la crisis en Venezuela es un est\u00edmulo para sus futbolistas","og_url":"https:\/\/digital58.com.ve\/site\/2019\/01\/25\/dudamel-afirma-que-la-crisis-en-venezuela-es-un-estimulo-para-sus-futbolistas\/","og_site_name":"Noticias Digital58","article_published_time":"2019-01-25T13:30:41+00:00","og_image":[{"width":1500,"height":1003,"url":"https:\/\/digital58.com.ve\/site\/wp-content\/uploads\/2019\/01\/dudamel.jpg","type":"image\/jpeg"}],"author":"Villasmil Henry","twitter_card":"summary_large_image","twitter_creator":"@https:\/\/twitter.com\/villasmilhfoto","twitter_site":"@villasmilhfoto","twitter_misc":{"Escrito por":"Villasmil Henry","Tiempo estimado de lectura":"1 minuto"},"schema":{"@context":"https:\/\/schema.org","@graph":[{"@type":"Article","@id":"https:\/\/digital58.com.ve\/site\/2019\/01\/25\/dudamel-afirma-que-la-crisis-en-venezuela-es-un-estimulo-para-sus-futbolistas\/#article","isPartOf":{"@id":"https:\/\/digital58.com.ve\/site\/2019\/01\/25\/dudamel-afirma-que-la-crisis-en-venezuela-es-un-estimulo-para-sus-futbolistas\/"},"author":{"name":"Villasmil Henry","@id":"https:\/\/digital58.com.ve\/site\/#\/schema\/person\/64d1c2e4d0d4fd1b849980c4331c2951"},"headline":"Dudamel afirma que la crisis en Venezuela es un est\u00edmulo para sus futbolistas","datePublished":"2019-01-25T13:30:41+00:00","mainEntityOfPage":{"@id":"https:\/\/digital58.com.ve\/site\/2019\/01\/25\/dudamel-afirma-que-la-crisis-en-venezuela-es-un-estimulo-para-sus-futbolistas\/"},"wordCount":292,"commentCount":0,"publisher":{"@id":"https:\/\/digital58.com.ve\/site\/#\/schema\/person\/64d1c2e4d0d4fd1b849980c4331c2951"},"image":{"@id":"https:\/\/digital58.com.ve\/site\/2019\/01\/25\/dudamel-afirma-que-la-crisis-en-venezuela-es-un-estimulo-para-sus-futbolistas\/#primaryimage"},"thumbnailUrl":"https:\/\/digital58.com.ve\/site\/wp-content\/uploads\/2019\/01\/dudamel.jpg","keywords":["Brasil","Conmebol","Copa Am\u00e9rica 2019","F\u00fatbol","F\u00fatbol Venezolano","FVF","La Vinotinto","Rafael Dudamel","Selecci\u00f3n Nacional de F\u00fatbol","Venezuela"],"articleSection":["Deportes","Reportajes Especiales"],"inLanguage":"es","potentialAction":[{"@type":"CommentAction","name":"Comment","target":["https:\/\/digital58.com.ve\/site\/2019\/01\/25\/dudamel-afirma-que-la-crisis-en-venezuela-es-un-estimulo-para-sus-futbolistas\/#respond"]}]},{"@type":"WebPage","@id":"https:\/\/digital58.com.ve\/site\/2019\/01\/25\/dudamel-afirma-que-la-crisis-en-venezuela-es-un-estimulo-para-sus-futbolistas\/","url":"https:\/\/digital58.com.ve\/site\/2019\/01\/25\/dudamel-afirma-que-la-crisis-en-venezuela-es-un-estimulo-para-sus-futbolistas\/","name":"Dudamel afirma que la crisis en Venezuela es un est\u00edmulo para sus futbolistas","isPartOf":{"@id":"https:\/\/digital58.com.ve\/site\/#website"},"primaryImageOfPage":{"@id":"https:\/\/digital58.com.ve\/site\/2019\/01\/25\/dudamel-afirma-que-la-crisis-en-venezuela-es-un-estimulo-para-sus-futbolistas\/#primaryimage"},"image":{"@id":"https:\/\/digital58.com.ve\/site\/2019\/01\/25\/dudamel-afirma-que-la-crisis-en-venezuela-es-un-estimulo-para-sus-futbolistas\/#primaryimage"},"thumbnailUrl":"https:\/\/digital58.com.ve\/site\/wp-content\/uploads\/2019\/01\/dudamel.jpg","datePublished":"2019-01-25T13:30:41+00:00","breadcrumb":{"@id":"https:\/\/digital58.com.ve\/site\/2019\/01\/25\/dudamel-afirma-que-la-crisis-en-venezuela-es-un-estimulo-para-sus-futbolistas\/#breadcrumb"},"inLanguage":"es","potentialAction":[{"@type":"ReadAction","target":["https:\/\/digital58.com.ve\/site\/2019\/01\/25\/dudamel-afirma-que-la-crisis-en-venezuela-es-un-estimulo-para-sus-futbolistas\/"]}]},{"@type":"ImageObject","inLanguage":"es","@id":"https:\/\/digital58.com.ve\/site\/2019\/01\/25\/dudamel-afirma-que-la-crisis-en-venezuela-es-un-estimulo-para-sus-futbolistas\/#primaryimage","url":"https:\/\/digital58.com.ve\/site\/wp-content\/uploads\/2019\/01\/dudamel.jpg","contentUrl":"https:\/\/digital58.com.ve\/site\/wp-content\/uploads\/2019\/01\/dudamel.jpg","width":800,"height":535},{"@type":"BreadcrumbList","@id":"https:\/\/digital58.com.ve\/site\/2019\/01\/25\/dudamel-afirma-que-la-crisis-en-venezuela-es-un-estimulo-para-sus-futbolistas\/#breadcrumb","itemListElement":[{"@type":"ListItem","position":1,"name":"Home","item":"https:\/\/digital58.com.ve\/site\/"},{"@type":"ListItem","position":2,"name":"Dudamel afirma que la crisis en Venezuela es un est\u00edmulo para sus futbolistas"}]},{"@type":"WebSite","@id":"https:\/\/digital58.com.ve\/site\/#website","url":"https:\/\/digital58.com.ve\/site\/","name":"Noticias Digital58","description":"Portal de Noticias \u00a1Periodismo web de verdad! Lanzamiento web 22.11.2005 \/ Maracaibo, Venezuela","publisher":{"@id":"https:\/\/digital58.com.ve\/site\/#\/schema\/person\/64d1c2e4d0d4fd1b849980c4331c2951"},"alternateName":"ND58","potentialAction":[{"@type":"SearchAction","target":{"@type":"EntryPoint","urlTemplate":"https:\/\/digital58.com.ve\/site\/?s={search_term_string}"},"query-input":{"@type":"PropertyValueSpecification","valueRequired":true,"valueName":"search_term_string"}}],"inLanguage":"es"},{"@type":["Person","Organization"],"@id":"https:\/\/digital58.com.ve\/site\/#\/schema\/person\/64d1c2e4d0d4fd1b849980c4331c2951","name":"Villasmil Henry","image":{"@type":"ImageObject","inLanguage":"es","@id":"https:\/\/secure.gravatar.com\/avatar\/bb0c4a2fcb7970138239f7e404ea75757b1b507b28b5ce4c53fbd62d797c5a7c?s=96&d=mm&r=g","url":"https:\/\/secure.gravatar.com\/avatar\/bb0c4a2fcb7970138239f7e404ea75757b1b507b28b5ce4c53fbd62d797c5a7c?s=96&d=mm&r=g","contentUrl":"https:\/\/secure.gravatar.com\/avatar\/bb0c4a2fcb7970138239f7e404ea75757b1b507b28b5ce4c53fbd62d797c5a7c?s=96&d=mm&r=g","caption":"Villasmil Henry"},"logo":{"@id":"https:\/\/secure.gravatar.com\/avatar\/bb0c4a2fcb7970138239f7e404ea75757b1b507b28b5ce4c53fbd62d797c5a7c?s=96&d=mm&r=g"},"sameAs":["http:\/\/www.henryvillasmil.com.ve","https:\/\/www.instagram.com\/villasmilhfoto\/","https:\/\/x.com\/https:\/\/twitter.com\/villasmilhfoto"],"url":"https:\/\/digital58.com.ve\/site\/author\/droopy_68\/"}]}},"uagb_featured_image_src":{"full":["https:\/\/digital58.com.ve\/site\/wp-content\/uploads\/2019\/01\/dudamel.jpg",800,535,false],"thumbnail":["https:\/\/digital58.com.ve\/site\/wp-content\/uploads\/2019\/01\/dudamel-150x150.jpg",150,150,true],"medium":["https:\/\/digital58.com.ve\/site\/wp-content\/uploads\/2019\/01\/dudamel-300x201.jpg",300,201,true],"medium_large":["https:\/\/digital58.com.ve\/site\/wp-content\/uploads\/2019\/01\/dudamel-768x514.jpg",768,514,true],"large":["https:\/\/digital58.com.ve\/site\/wp-content\/uploads\/2019\/01\/dudamel-1500x1003.jpg",800,535,true],"1536x1536":["https:\/\/digital58.com.ve\/site\/wp-content\/uploads\/2019\/01\/dudamel.jpg",800,535,false],"2048x2048":["https:\/\/digital58.com.ve\/site\/wp-content\/uploads\/2019\/01\/dudamel.jpg",800,535,false],"colormag-highlighted-post":["https:\/\/digital58.com.ve\/site\/wp-content\/uploads\/2019\/01\/dudamel.jpg",392,262,false],"colormag-featured-post-medium":["https:\/\/digital58.com.ve\/site\/wp-content\/uploads\/2019\/01\/dudamel.jpg",307,205,false],"colormag-featured-post-small":["https:\/\/digital58.com.ve\/site\/wp-content\/uploads\/2019\/01\/dudamel.jpg",130,87,false],"colormag-featured-image":["https:\/\/digital58.com.ve\/site\/wp-content\/uploads\/2019\/01\/dudamel.jpg",665,445,false],"colormag-default-news":["https:\/\/digital58.com.ve\/site\/wp-content\/uploads\/2019\/01\/dudamel.jpg",150,100,false],"colormag-featured-image-large":["https:\/\/digital58.com.ve\/site\/wp-content\/uploads\/2019\/01\/dudamel.jpg",800,535,false]},"uagb_author_info":{"display_name":"Villasmil Henry","author_link":"https:\/\/digital58.com.ve\/site\/author\/droopy_68\/"},"uagb_comment_info":0,"uagb_excerpt":"El seleccionador de Venezuela, Rafael Dudamel, afirm\u00f3 este jueves que la crisis pol\u00edtica que vive su pa\u00eds, en lugar de","_links":{"self":[{"href":"https:\/\/digital58.com.ve\/site\/wp-json\/wp\/v2\/posts\/83484","targetHints":{"allow":["GET"]}}],"collection":[{"href":"https:\/\/digital58.com.ve\/site\/wp-json\/wp\/v2\/posts"}],"about":[{"href":"https:\/\/digital58.com.ve\/site\/wp-json\/wp\/v2\/types\/post"}],"author":[{"embeddable":true,"href":"https:\/\/digital58.com.ve\/site\/wp-json\/wp\/v2\/users\/1"}],"replies":[{"embeddable":true,"href":"https:\/\/digital58.com.ve\/site\/wp-json\/wp\/v2\/comments?post=83484"}],"version-history":[{"count":0,"href":"https:\/\/digital58.com.ve\/site\/wp-json\/wp\/v2\/posts\/83484\/revisions"}],"wp:featuredmedia":[{"embeddable":true,"href":"https:\/\/digital58.com.ve\/site\/wp-json\/wp\/v2\/media\/83492"}],"wp:attachment":[{"href":"https:\/\/digital58.com.ve\/site\/wp-json\/wp\/v2\/media?parent=83484"}],"wp:term":[{"taxonomy":"category","embeddable":true,"href":"https:\/\/digital58.com.ve\/site\/wp-json\/wp\/v2\/categories?post=83484"},{"taxonomy":"post_tag","embeddable":true,"href":"https:\/\/digital58.com.ve\/site\/wp-json\/wp\/v2\/tags?post=83484"}],"curies":[{"name":"wp","href":"https:\/\/api.w.org\/{rel}","templated":true}]}}