{"id":83510,"date":"2019-01-26T07:24:36","date_gmt":"2019-01-26T11:24:36","guid":{"rendered":"http:\/\/digital58.com.ve\/site\/?p=83510"},"modified":"2019-01-26T07:24:36","modified_gmt":"2019-01-26T11:24:36","slug":"puello-descarta-que-serie-del-caribe-se-cancele","status":"publish","type":"post","link":"https:\/\/digital58.com.ve\/site\/2019\/01\/26\/puello-descarta-que-serie-del-caribe-se-cancele\/","title":{"rendered":"Puello descarta que Serie del Caribe se cancele"},"content":{"rendered":"<div id=\"texto\" class=\"texto_txt\">\n<div class=\"DETALLE_N_texto \">\n<p><a href=\"http:\/\/digital58.com.ve\/site\/wp-content\/uploads\/2019\/01\/sdc2019.jpg\"><img loading=\"lazy\" decoding=\"async\" class=\"aligncenter size-full wp-image-83511\" src=\"http:\/\/digital58.com.ve\/site\/wp-content\/uploads\/2019\/01\/sdc2019.jpg\" alt=\"\" width=\"1200\" height=\"630\" srcset=\"https:\/\/digital58.com.ve\/site\/wp-content\/uploads\/2019\/01\/sdc2019.jpg 800w, https:\/\/digital58.com.ve\/site\/wp-content\/uploads\/2019\/01\/sdc2019-300x158.jpg 300w, https:\/\/digital58.com.ve\/site\/wp-content\/uploads\/2019\/01\/sdc2019-768x403.jpg 768w\" sizes=\"auto, (max-width: 1200px) 100vw, 1200px\" \/><\/a><\/p>\n<p><span id=\"ctl14_lblMostra\">El presidente de la Confederaci\u00f3n de <span class=\"classCadenaBusqueda\">B\u00e9isbol<\/span> Profesional del Caribe (CBPC), el dominicano Juan Francisco Puello Herrera, descart\u00f3 este viernes que la Serie del Caribe 2019 sea cancelada y que el s\u00e1bado se conocer\u00e1 la sede del evento, que hasta ahora est\u00e1 asignada a Barquisimeto, <span class=\"classCadenaBusqueda\">Venezuela<\/span>.<\/p>\n<p><strong>Santo Domingo, 26 de enero de 2019 (Noticias D58).-<\/strong> \u00abNo lo hemos hablado, ni siquiera ha sido puesto en el tapete (&#8230;) no quisiera pensar en eso\u00bb, dijo Puello a Efe sobre el tema de cancelar la serie.<\/p>\n<p>Revel\u00f3 que \u00abhay varias opciones\u00bb para alcanzar la celebraci\u00f3n de la justa de <span class=\"classCadenaBusqueda\">b\u00e9isbol<\/span>, que re\u00fane a los equipos campeones de las ligas de Rep\u00fablica Dominicana, M\u00e9xico, Puerto Rico, <span class=\"classCadenaBusqueda\">Venezuela<\/span> y Cuba.<\/p>\n<p>La sede en Barquisimeto ha sido pr\u00e1cticamente descartada por algunos dirigentes de las ligas invernales del Caribe luego de los acontecimientos pol\u00edticos ocurridos en <span class=\"classCadenaBusqueda\">Venezuela<\/span> a partir del mi\u00e9rcoles pasado.<\/p>\n<p>Sin embargo, Puello Herrera dijo que \u00abno hemos descartado nada\u00bb, y que as\u00ed se ha establecido en las discusiones sobre el futuro inmediato del torneo.<\/p>\n<p>\u00abPara ma\u00f1ana (s\u00e1bado) en la tarde tendremos la decisi\u00f3n definitiva, estamos evaluando una serie de opciones y no queremos entorpecer este trabajo antes de eso\u00bb, agreg\u00f3 Puello Herrera.<\/p>\n<p>Advirti\u00f3 que \u00abqueda muy poco tiempo\u00bb para iniciar la Serie del Caribe, programada para comenzar el 2 de febrero, por lo que la decisi\u00f3n no puede pasar de ma\u00f1ana.<\/p>\n<p>Sin embargo, descart\u00f3 por completo que la versi\u00f3n 2019 de la Serie del Caribe se celebre en la ciudad estadounidense de Miami.<\/p>\n<p>\u00abLa Serie del Caribe tiene que celebrarse en uno de los pa\u00edses del \u00e1rea\u00bb, afirm\u00f3 Puello Herrera, quien no descart\u00f3 que el evento de este a\u00f1o se celebre en una naci\u00f3n que no participe de la serie.<\/p>\n<p>El dirigente fue reiterativo en afirmar que \u00abtodo es posible\u00bb al momento de tomar una decisi\u00f3n, pero que la misma tiene que garantizar que el evento se desarrolle en completa normalidad.<\/p>\n<p>Fuentes cercanas a la Confederaci\u00f3n de <span class=\"classCadenaBusqueda\">B\u00e9isbol<\/span> Profesional del Caribe confiaron a Efe que Rep\u00fablica Dominicana y Puerto Rico han reiterado la imposibilidad de celebrar la Serie del Caribe, en caso de que Barquisimeto finalmente sea descartada para su celebraci\u00f3n.<\/p><div class=\"qgnlz69f5ad439004b\" ><p style=\"text-align: center;\"><a href=\"https:\/\/t.me\/noticiasdigital58\" target=\"_blank\" rel=\"noopener\"><img class=\"aligncenter size-full wp-image-125363\" src=\"https:\/\/digital58.com.ve\/site\/wp-content\/uploads\/2021\/04\/banner-telegram-web-2021.png\" alt=\"\" width=\"600\" height=\"90\" \/><\/a><\/p><\/div><style type=\"text\/css\">\r\n@media screen and (min-width: 1201px) {\r\n.qgnlz69f5ad439004b {\r\ndisplay: block;\r\n}\r\n}\r\n@media screen and (min-width: 993px) and (max-width: 1200px) {\r\n.qgnlz69f5ad439004b {\r\ndisplay: block;\r\n}\r\n}\r\n@media screen and (min-width: 769px) and (max-width: 992px) {\r\n.qgnlz69f5ad439004b {\r\ndisplay: block;\r\n}\r\n}\r\n@media screen and (min-width: 768px) and (max-width: 768px) {\r\n.qgnlz69f5ad439004b {\r\ndisplay: block;\r\n}\r\n}\r\n@media screen and (max-width: 767px) {\r\n.qgnlz69f5ad439004b {\r\ndisplay: block;\r\n}\r\n}\r\n<\/style>\r\n\n<p><strong>Redacci\u00f3n con fuente: EFE<\/strong><br \/>\n<strong>Edici\u00f3n: Villasmil, Henry<\/strong><br \/>\n<strong>Gr\u00e1fica: web<\/strong><br \/>\n<\/span><\/p>\n<\/div>\n<\/div>\n<div style=\"margin-top: 0px; margin-bottom: 0px;\" class=\"sharethis-inline-share-buttons\" ><\/div>","protected":false},"excerpt":{"rendered":"<p>El presidente de la Confederaci\u00f3n de B\u00e9isbol Profesional del Caribe (CBPC), el dominicano Juan Francisco Puello Herrera, descart\u00f3 este viernes<\/p>\n","protected":false},"author":1,"featured_media":83511,"comment_status":"open","ping_status":"closed","sticky":false,"template":"","format":"standard","meta":{"colormag_page_container_layout":"default_layout","colormag_page_sidebar_layout":"default_layout","_uag_custom_page_level_css":"","footnotes":""},"categories":[5402],"tags":[373,448,10429,4140,1365,11971,32],"class_list":["post-83510","post","type-post","status-publish","format-standard","has-post-thumbnail","hentry","category-deportes","tag-barquisimeto","tag-beisbol","tag-beisbol-caribe","tag-cbpc","tag-lara","tag-serie-del-caribe-2019","tag-venezuela"],"yoast_head":"<!-- This site is optimized with the Yoast SEO plugin v27.5 - https:\/\/yoast.com\/product\/yoast-seo-wordpress\/ -->\n<title>Puello descarta que Serie del Caribe se cancele<\/title>\n<meta name=\"robots\" content=\"index, follow, max-snippet:-1, max-image-preview:large, max-video-preview:-1\" \/>\n<link rel=\"canonical\" href=\"https:\/\/digital58.com.ve\/site\/2019\/01\/26\/puello-descarta-que-serie-del-caribe-se-cancele\/\" \/>\n<meta property=\"og:locale\" content=\"es_ES\" \/>\n<meta property=\"og:type\" content=\"article\" \/>\n<meta property=\"og:title\" content=\"Puello descarta que Serie del Caribe se cancele\" \/>\n<meta property=\"og:url\" content=\"https:\/\/digital58.com.ve\/site\/2019\/01\/26\/puello-descarta-que-serie-del-caribe-se-cancele\/\" \/>\n<meta property=\"og:site_name\" content=\"Noticias Digital58\" \/>\n<meta property=\"article:published_time\" content=\"2019-01-26T11:24:36+00:00\" \/>\n<meta property=\"og:image\" content=\"https:\/\/digital58.com.ve\/site\/wp-content\/uploads\/2019\/01\/sdc2019.jpg\" \/>\n\t<meta property=\"og:image:width\" content=\"1200\" \/>\n\t<meta property=\"og:image:height\" content=\"630\" \/>\n\t<meta property=\"og:image:type\" content=\"image\/jpeg\" \/>\n<meta name=\"author\" content=\"Villasmil Henry\" \/>\n<meta name=\"twitter:card\" content=\"summary_large_image\" \/>\n<meta name=\"twitter:creator\" content=\"@https:\/\/twitter.com\/villasmilhfoto\" \/>\n<meta name=\"twitter:site\" content=\"@villasmilhfoto\" \/>\n<meta name=\"twitter:label1\" content=\"Escrito por\" \/>\n\t<meta name=\"twitter:data1\" content=\"Villasmil Henry\" \/>\n\t<meta name=\"twitter:label2\" content=\"Tiempo estimado de lectura\" \/>\n\t<meta name=\"twitter:data2\" content=\"2 minutos\" \/>\n<script type=\"application\/ld+json\" class=\"yoast-schema-graph\">{\"@context\":\"https:\\\/\\\/schema.org\",\"@graph\":[{\"@type\":\"Article\",\"@id\":\"https:\\\/\\\/digital58.com.ve\\\/site\\\/2019\\\/01\\\/26\\\/puello-descarta-que-serie-del-caribe-se-cancele\\\/#article\",\"isPartOf\":{\"@id\":\"https:\\\/\\\/digital58.com.ve\\\/site\\\/2019\\\/01\\\/26\\\/puello-descarta-que-serie-del-caribe-se-cancele\\\/\"},\"author\":{\"name\":\"Villasmil Henry\",\"@id\":\"https:\\\/\\\/digital58.com.ve\\\/site\\\/#\\\/schema\\\/person\\\/64d1c2e4d0d4fd1b849980c4331c2951\"},\"headline\":\"Puello descarta que Serie del Caribe se cancele\",\"datePublished\":\"2019-01-26T11:24:36+00:00\",\"mainEntityOfPage\":{\"@id\":\"https:\\\/\\\/digital58.com.ve\\\/site\\\/2019\\\/01\\\/26\\\/puello-descarta-que-serie-del-caribe-se-cancele\\\/\"},\"wordCount\":398,\"commentCount\":0,\"publisher\":{\"@id\":\"https:\\\/\\\/digital58.com.ve\\\/site\\\/#\\\/schema\\\/person\\\/64d1c2e4d0d4fd1b849980c4331c2951\"},\"image\":{\"@id\":\"https:\\\/\\\/digital58.com.ve\\\/site\\\/2019\\\/01\\\/26\\\/puello-descarta-que-serie-del-caribe-se-cancele\\\/#primaryimage\"},\"thumbnailUrl\":\"https:\\\/\\\/digital58.com.ve\\\/site\\\/wp-content\\\/uploads\\\/2019\\\/01\\\/sdc2019.jpg\",\"keywords\":[\"Barquisimeto\",\"B\u00e9isbol\",\"B\u00e9isbol Caribe\",\"CBPC\",\"Lara\",\"Serie del Caribe 2019\",\"Venezuela\"],\"articleSection\":[\"Deportes\"],\"inLanguage\":\"es\",\"potentialAction\":[{\"@type\":\"CommentAction\",\"name\":\"Comment\",\"target\":[\"https:\\\/\\\/digital58.com.ve\\\/site\\\/2019\\\/01\\\/26\\\/puello-descarta-que-serie-del-caribe-se-cancele\\\/#respond\"]}]},{\"@type\":\"WebPage\",\"@id\":\"https:\\\/\\\/digital58.com.ve\\\/site\\\/2019\\\/01\\\/26\\\/puello-descarta-que-serie-del-caribe-se-cancele\\\/\",\"url\":\"https:\\\/\\\/digital58.com.ve\\\/site\\\/2019\\\/01\\\/26\\\/puello-descarta-que-serie-del-caribe-se-cancele\\\/\",\"name\":\"Puello descarta que Serie del Caribe se cancele\",\"isPartOf\":{\"@id\":\"https:\\\/\\\/digital58.com.ve\\\/site\\\/#website\"},\"primaryImageOfPage\":{\"@id\":\"https:\\\/\\\/digital58.com.ve\\\/site\\\/2019\\\/01\\\/26\\\/puello-descarta-que-serie-del-caribe-se-cancele\\\/#primaryimage\"},\"image\":{\"@id\":\"https:\\\/\\\/digital58.com.ve\\\/site\\\/2019\\\/01\\\/26\\\/puello-descarta-que-serie-del-caribe-se-cancele\\\/#primaryimage\"},\"thumbnailUrl\":\"https:\\\/\\\/digital58.com.ve\\\/site\\\/wp-content\\\/uploads\\\/2019\\\/01\\\/sdc2019.jpg\",\"datePublished\":\"2019-01-26T11:24:36+00:00\",\"breadcrumb\":{\"@id\":\"https:\\\/\\\/digital58.com.ve\\\/site\\\/2019\\\/01\\\/26\\\/puello-descarta-que-serie-del-caribe-se-cancele\\\/#breadcrumb\"},\"inLanguage\":\"es\",\"potentialAction\":[{\"@type\":\"ReadAction\",\"target\":[\"https:\\\/\\\/digital58.com.ve\\\/site\\\/2019\\\/01\\\/26\\\/puello-descarta-que-serie-del-caribe-se-cancele\\\/\"]}]},{\"@type\":\"ImageObject\",\"inLanguage\":\"es\",\"@id\":\"https:\\\/\\\/digital58.com.ve\\\/site\\\/2019\\\/01\\\/26\\\/puello-descarta-que-serie-del-caribe-se-cancele\\\/#primaryimage\",\"url\":\"https:\\\/\\\/digital58.com.ve\\\/site\\\/wp-content\\\/uploads\\\/2019\\\/01\\\/sdc2019.jpg\",\"contentUrl\":\"https:\\\/\\\/digital58.com.ve\\\/site\\\/wp-content\\\/uploads\\\/2019\\\/01\\\/sdc2019.jpg\",\"width\":800,\"height\":420},{\"@type\":\"BreadcrumbList\",\"@id\":\"https:\\\/\\\/digital58.com.ve\\\/site\\\/2019\\\/01\\\/26\\\/puello-descarta-que-serie-del-caribe-se-cancele\\\/#breadcrumb\",\"itemListElement\":[{\"@type\":\"ListItem\",\"position\":1,\"name\":\"Home\",\"item\":\"https:\\\/\\\/digital58.com.ve\\\/site\\\/\"},{\"@type\":\"ListItem\",\"position\":2,\"name\":\"Puello descarta que Serie del Caribe se cancele\"}]},{\"@type\":\"WebSite\",\"@id\":\"https:\\\/\\\/digital58.com.ve\\\/site\\\/#website\",\"url\":\"https:\\\/\\\/digital58.com.ve\\\/site\\\/\",\"name\":\"Noticias Digital58\",\"description\":\"Portal de Noticias \u00a1Periodismo web de verdad! Lanzamiento web 22.11.2005 \\\/ Maracaibo, Venezuela\",\"publisher\":{\"@id\":\"https:\\\/\\\/digital58.com.ve\\\/site\\\/#\\\/schema\\\/person\\\/64d1c2e4d0d4fd1b849980c4331c2951\"},\"alternateName\":\"ND58\",\"potentialAction\":[{\"@type\":\"SearchAction\",\"target\":{\"@type\":\"EntryPoint\",\"urlTemplate\":\"https:\\\/\\\/digital58.com.ve\\\/site\\\/?s={search_term_string}\"},\"query-input\":{\"@type\":\"PropertyValueSpecification\",\"valueRequired\":true,\"valueName\":\"search_term_string\"}}],\"inLanguage\":\"es\"},{\"@type\":[\"Person\",\"Organization\"],\"@id\":\"https:\\\/\\\/digital58.com.ve\\\/site\\\/#\\\/schema\\\/person\\\/64d1c2e4d0d4fd1b849980c4331c2951\",\"name\":\"Villasmil Henry\",\"image\":{\"@type\":\"ImageObject\",\"inLanguage\":\"es\",\"@id\":\"https:\\\/\\\/secure.gravatar.com\\\/avatar\\\/bb0c4a2fcb7970138239f7e404ea75757b1b507b28b5ce4c53fbd62d797c5a7c?s=96&d=mm&r=g\",\"url\":\"https:\\\/\\\/secure.gravatar.com\\\/avatar\\\/bb0c4a2fcb7970138239f7e404ea75757b1b507b28b5ce4c53fbd62d797c5a7c?s=96&d=mm&r=g\",\"contentUrl\":\"https:\\\/\\\/secure.gravatar.com\\\/avatar\\\/bb0c4a2fcb7970138239f7e404ea75757b1b507b28b5ce4c53fbd62d797c5a7c?s=96&d=mm&r=g\",\"caption\":\"Villasmil Henry\"},\"logo\":{\"@id\":\"https:\\\/\\\/secure.gravatar.com\\\/avatar\\\/bb0c4a2fcb7970138239f7e404ea75757b1b507b28b5ce4c53fbd62d797c5a7c?s=96&d=mm&r=g\"},\"sameAs\":[\"http:\\\/\\\/www.henryvillasmil.com.ve\",\"https:\\\/\\\/www.instagram.com\\\/villasmilhfoto\\\/\",\"https:\\\/\\\/x.com\\\/https:\\\/\\\/twitter.com\\\/villasmilhfoto\"],\"url\":\"https:\\\/\\\/digital58.com.ve\\\/site\\\/author\\\/droopy_68\\\/\"}]}<\/script>\n<!-- \/ Yoast SEO plugin. -->","yoast_head_json":{"title":"Puello descarta que Serie del Caribe se cancele","robots":{"index":"index","follow":"follow","max-snippet":"max-snippet:-1","max-image-preview":"max-image-preview:large","max-video-preview":"max-video-preview:-1"},"canonical":"https:\/\/digital58.com.ve\/site\/2019\/01\/26\/puello-descarta-que-serie-del-caribe-se-cancele\/","og_locale":"es_ES","og_type":"article","og_title":"Puello descarta que Serie del Caribe se cancele","og_url":"https:\/\/digital58.com.ve\/site\/2019\/01\/26\/puello-descarta-que-serie-del-caribe-se-cancele\/","og_site_name":"Noticias Digital58","article_published_time":"2019-01-26T11:24:36+00:00","og_image":[{"width":1200,"height":630,"url":"https:\/\/digital58.com.ve\/site\/wp-content\/uploads\/2019\/01\/sdc2019.jpg","type":"image\/jpeg"}],"author":"Villasmil Henry","twitter_card":"summary_large_image","twitter_creator":"@https:\/\/twitter.com\/villasmilhfoto","twitter_site":"@villasmilhfoto","twitter_misc":{"Escrito por":"Villasmil Henry","Tiempo estimado de lectura":"2 minutos"},"schema":{"@context":"https:\/\/schema.org","@graph":[{"@type":"Article","@id":"https:\/\/digital58.com.ve\/site\/2019\/01\/26\/puello-descarta-que-serie-del-caribe-se-cancele\/#article","isPartOf":{"@id":"https:\/\/digital58.com.ve\/site\/2019\/01\/26\/puello-descarta-que-serie-del-caribe-se-cancele\/"},"author":{"name":"Villasmil Henry","@id":"https:\/\/digital58.com.ve\/site\/#\/schema\/person\/64d1c2e4d0d4fd1b849980c4331c2951"},"headline":"Puello descarta que Serie del Caribe se cancele","datePublished":"2019-01-26T11:24:36+00:00","mainEntityOfPage":{"@id":"https:\/\/digital58.com.ve\/site\/2019\/01\/26\/puello-descarta-que-serie-del-caribe-se-cancele\/"},"wordCount":398,"commentCount":0,"publisher":{"@id":"https:\/\/digital58.com.ve\/site\/#\/schema\/person\/64d1c2e4d0d4fd1b849980c4331c2951"},"image":{"@id":"https:\/\/digital58.com.ve\/site\/2019\/01\/26\/puello-descarta-que-serie-del-caribe-se-cancele\/#primaryimage"},"thumbnailUrl":"https:\/\/digital58.com.ve\/site\/wp-content\/uploads\/2019\/01\/sdc2019.jpg","keywords":["Barquisimeto","B\u00e9isbol","B\u00e9isbol Caribe","CBPC","Lara","Serie del Caribe 2019","Venezuela"],"articleSection":["Deportes"],"inLanguage":"es","potentialAction":[{"@type":"CommentAction","name":"Comment","target":["https:\/\/digital58.com.ve\/site\/2019\/01\/26\/puello-descarta-que-serie-del-caribe-se-cancele\/#respond"]}]},{"@type":"WebPage","@id":"https:\/\/digital58.com.ve\/site\/2019\/01\/26\/puello-descarta-que-serie-del-caribe-se-cancele\/","url":"https:\/\/digital58.com.ve\/site\/2019\/01\/26\/puello-descarta-que-serie-del-caribe-se-cancele\/","name":"Puello descarta que Serie del Caribe se cancele","isPartOf":{"@id":"https:\/\/digital58.com.ve\/site\/#website"},"primaryImageOfPage":{"@id":"https:\/\/digital58.com.ve\/site\/2019\/01\/26\/puello-descarta-que-serie-del-caribe-se-cancele\/#primaryimage"},"image":{"@id":"https:\/\/digital58.com.ve\/site\/2019\/01\/26\/puello-descarta-que-serie-del-caribe-se-cancele\/#primaryimage"},"thumbnailUrl":"https:\/\/digital58.com.ve\/site\/wp-content\/uploads\/2019\/01\/sdc2019.jpg","datePublished":"2019-01-26T11:24:36+00:00","breadcrumb":{"@id":"https:\/\/digital58.com.ve\/site\/2019\/01\/26\/puello-descarta-que-serie-del-caribe-se-cancele\/#breadcrumb"},"inLanguage":"es","potentialAction":[{"@type":"ReadAction","target":["https:\/\/digital58.com.ve\/site\/2019\/01\/26\/puello-descarta-que-serie-del-caribe-se-cancele\/"]}]},{"@type":"ImageObject","inLanguage":"es","@id":"https:\/\/digital58.com.ve\/site\/2019\/01\/26\/puello-descarta-que-serie-del-caribe-se-cancele\/#primaryimage","url":"https:\/\/digital58.com.ve\/site\/wp-content\/uploads\/2019\/01\/sdc2019.jpg","contentUrl":"https:\/\/digital58.com.ve\/site\/wp-content\/uploads\/2019\/01\/sdc2019.jpg","width":800,"height":420},{"@type":"BreadcrumbList","@id":"https:\/\/digital58.com.ve\/site\/2019\/01\/26\/puello-descarta-que-serie-del-caribe-se-cancele\/#breadcrumb","itemListElement":[{"@type":"ListItem","position":1,"name":"Home","item":"https:\/\/digital58.com.ve\/site\/"},{"@type":"ListItem","position":2,"name":"Puello descarta que Serie del Caribe se cancele"}]},{"@type":"WebSite","@id":"https:\/\/digital58.com.ve\/site\/#website","url":"https:\/\/digital58.com.ve\/site\/","name":"Noticias Digital58","description":"Portal de Noticias \u00a1Periodismo web de verdad! Lanzamiento web 22.11.2005 \/ Maracaibo, Venezuela","publisher":{"@id":"https:\/\/digital58.com.ve\/site\/#\/schema\/person\/64d1c2e4d0d4fd1b849980c4331c2951"},"alternateName":"ND58","potentialAction":[{"@type":"SearchAction","target":{"@type":"EntryPoint","urlTemplate":"https:\/\/digital58.com.ve\/site\/?s={search_term_string}"},"query-input":{"@type":"PropertyValueSpecification","valueRequired":true,"valueName":"search_term_string"}}],"inLanguage":"es"},{"@type":["Person","Organization"],"@id":"https:\/\/digital58.com.ve\/site\/#\/schema\/person\/64d1c2e4d0d4fd1b849980c4331c2951","name":"Villasmil Henry","image":{"@type":"ImageObject","inLanguage":"es","@id":"https:\/\/secure.gravatar.com\/avatar\/bb0c4a2fcb7970138239f7e404ea75757b1b507b28b5ce4c53fbd62d797c5a7c?s=96&d=mm&r=g","url":"https:\/\/secure.gravatar.com\/avatar\/bb0c4a2fcb7970138239f7e404ea75757b1b507b28b5ce4c53fbd62d797c5a7c?s=96&d=mm&r=g","contentUrl":"https:\/\/secure.gravatar.com\/avatar\/bb0c4a2fcb7970138239f7e404ea75757b1b507b28b5ce4c53fbd62d797c5a7c?s=96&d=mm&r=g","caption":"Villasmil Henry"},"logo":{"@id":"https:\/\/secure.gravatar.com\/avatar\/bb0c4a2fcb7970138239f7e404ea75757b1b507b28b5ce4c53fbd62d797c5a7c?s=96&d=mm&r=g"},"sameAs":["http:\/\/www.henryvillasmil.com.ve","https:\/\/www.instagram.com\/villasmilhfoto\/","https:\/\/x.com\/https:\/\/twitter.com\/villasmilhfoto"],"url":"https:\/\/digital58.com.ve\/site\/author\/droopy_68\/"}]}},"uagb_featured_image_src":{"full":["https:\/\/digital58.com.ve\/site\/wp-content\/uploads\/2019\/01\/sdc2019.jpg",800,420,false],"thumbnail":["https:\/\/digital58.com.ve\/site\/wp-content\/uploads\/2019\/01\/sdc2019-150x150.jpg",150,150,true],"medium":["https:\/\/digital58.com.ve\/site\/wp-content\/uploads\/2019\/01\/sdc2019-300x158.jpg",300,158,true],"medium_large":["https:\/\/digital58.com.ve\/site\/wp-content\/uploads\/2019\/01\/sdc2019-768x403.jpg",768,403,true],"large":["https:\/\/digital58.com.ve\/site\/wp-content\/uploads\/2019\/01\/sdc2019.jpg",800,420,false],"1536x1536":["https:\/\/digital58.com.ve\/site\/wp-content\/uploads\/2019\/01\/sdc2019.jpg",800,420,false],"2048x2048":["https:\/\/digital58.com.ve\/site\/wp-content\/uploads\/2019\/01\/sdc2019.jpg",800,420,false],"colormag-highlighted-post":["https:\/\/digital58.com.ve\/site\/wp-content\/uploads\/2019\/01\/sdc2019.jpg",392,206,false],"colormag-featured-post-medium":["https:\/\/digital58.com.ve\/site\/wp-content\/uploads\/2019\/01\/sdc2019.jpg",390,205,false],"colormag-featured-post-small":["https:\/\/digital58.com.ve\/site\/wp-content\/uploads\/2019\/01\/sdc2019.jpg",130,68,false],"colormag-featured-image":["https:\/\/digital58.com.ve\/site\/wp-content\/uploads\/2019\/01\/sdc2019.jpg",800,420,false],"colormag-default-news":["https:\/\/digital58.com.ve\/site\/wp-content\/uploads\/2019\/01\/sdc2019.jpg",150,79,false],"colormag-featured-image-large":["https:\/\/digital58.com.ve\/site\/wp-content\/uploads\/2019\/01\/sdc2019.jpg",800,420,false]},"uagb_author_info":{"display_name":"Villasmil Henry","author_link":"https:\/\/digital58.com.ve\/site\/author\/droopy_68\/"},"uagb_comment_info":0,"uagb_excerpt":"El presidente de la Confederaci\u00f3n de B\u00e9isbol Profesional del Caribe (CBPC), el dominicano Juan Francisco Puello Herrera, descart\u00f3 este viernes","_links":{"self":[{"href":"https:\/\/digital58.com.ve\/site\/wp-json\/wp\/v2\/posts\/83510","targetHints":{"allow":["GET"]}}],"collection":[{"href":"https:\/\/digital58.com.ve\/site\/wp-json\/wp\/v2\/posts"}],"about":[{"href":"https:\/\/digital58.com.ve\/site\/wp-json\/wp\/v2\/types\/post"}],"author":[{"embeddable":true,"href":"https:\/\/digital58.com.ve\/site\/wp-json\/wp\/v2\/users\/1"}],"replies":[{"embeddable":true,"href":"https:\/\/digital58.com.ve\/site\/wp-json\/wp\/v2\/comments?post=83510"}],"version-history":[{"count":0,"href":"https:\/\/digital58.com.ve\/site\/wp-json\/wp\/v2\/posts\/83510\/revisions"}],"wp:featuredmedia":[{"embeddable":true,"href":"https:\/\/digital58.com.ve\/site\/wp-json\/wp\/v2\/media\/83511"}],"wp:attachment":[{"href":"https:\/\/digital58.com.ve\/site\/wp-json\/wp\/v2\/media?parent=83510"}],"wp:term":[{"taxonomy":"category","embeddable":true,"href":"https:\/\/digital58.com.ve\/site\/wp-json\/wp\/v2\/categories?post=83510"},{"taxonomy":"post_tag","embeddable":true,"href":"https:\/\/digital58.com.ve\/site\/wp-json\/wp\/v2\/tags?post=83510"}],"curies":[{"name":"wp","href":"https:\/\/api.w.org\/{rel}","templated":true}]}}