{"id":83557,"date":"2019-01-27T09:30:34","date_gmt":"2019-01-27T13:30:34","guid":{"rendered":"http:\/\/digital58.com.ve\/site\/?p=83557"},"modified":"2019-01-27T09:30:34","modified_gmt":"2019-01-27T13:30:34","slug":"ligafutve-daniel-febles-reforzara-la-artilleria-granate","status":"publish","type":"post","link":"https:\/\/digital58.com.ve\/site\/2019\/01\/27\/ligafutve-daniel-febles-reforzara-la-artilleria-granate\/","title":{"rendered":"#LigaF\u00fatVe: Daniel Febles reforzar\u00e1 la artiller\u00eda granate"},"content":{"rendered":"<p><a href=\"http:\/\/digital58.com.ve\/site\/wp-content\/uploads\/2019\/01\/daniel-febles.jpg\"><img loading=\"lazy\" decoding=\"async\" class=\"aligncenter size-full wp-image-83558\" src=\"http:\/\/digital58.com.ve\/site\/wp-content\/uploads\/2019\/01\/daniel-febles.jpg\" alt=\"\" width=\"1127\" height=\"834\" srcset=\"https:\/\/digital58.com.ve\/site\/wp-content\/uploads\/2019\/01\/daniel-febles.jpg 800w, https:\/\/digital58.com.ve\/site\/wp-content\/uploads\/2019\/01\/daniel-febles-300x222.jpg 300w, https:\/\/digital58.com.ve\/site\/wp-content\/uploads\/2019\/01\/daniel-febles-768x568.jpg 768w\" sizes=\"auto, (max-width: 1127px) 100vw, 1127px\" \/><\/a><\/p>\n<p>Carabobo F\u00fatbol Club, en el marco del inicio de una nueva temporada del f\u00fatbol venezolano, contin\u00faa reforzando sus l\u00edneas. Es por eso, que la junta directiva realiz\u00f3 el anunci\u00f3 del delantero Daniel Febles a las filas del cuadro granate, siendo este el d\u00e9cimo primer refuerzo del equipo para el venidero Torneo Apertura 2019.<\/p>\n<p><strong>Valencia, Carabobo, 27 de enero de 2019 (Noticias D58).-<\/strong> El oriundo de la ciudad capital, tras su regreso a Venezuela, despu\u00e9s jugar en Club Guabir\u00e1 de Bolivia, mostr\u00f3 su satisfacci\u00f3n tras su incorporaci\u00f3n al cuadro industrial.<\/p>\n<p>\u00abEs un nuevo reto en mi carrera, lo asumimos con la mayor responsabilidad y empe\u00f1o para conseguir cosas importantes esta temporada, que el objetivo de todo el plantel\u00bb, coment\u00f3.<\/p>\n<p>Referente a su regreso al balompi\u00e9 criollo, el delantero detall\u00f3 sobre su decisi\u00f3n de volver a su tierra natal y destac\u00f3 su encuentro nuevamente con el cuerpo t\u00e9cnico comandado por Jhonny Ferreira, quien en la temporada 2017 lograron alcanzar la estrella en las filas de Monagas.<\/p>\n<p>\u00abEstuvimos en Bolivia el a\u00f1o pasado y la opci\u00f3n m\u00e1s sensata, era la de Carabobo. Coincidimos otra vez con un cuerpo t\u00e9cnico ganador, con quienes tuve la oportunidad de trabajar y lograr un t\u00edtulo y con el que venimos a sumar desde cualquier punto\u00bb.<\/p>\n<p>\u00abLlegamos a una instituci\u00f3n de las m\u00e1s constantes en los \u00faltimos a\u00f1os en el f\u00fatbol venezolano. Vinimos a ratificar eso, y por sobretodo dejar la vida en cada momento que nos toque estar en cancha\u00bb, complement\u00f3 el capitalino referente al camino de Carabobo en las \u00faltimas temporadas y su convicci\u00f3n en buscar grandes logros con la causa granate.<\/p>\n<p>Febles, envi\u00f3 un mensaje a todos los seguidores de la \u00abVinotinto\u00bb regional en el marco del venidero torneo.<\/p>\n<p>\u00abAgradecido por poder estar en un club que cuenta con una de las hinchadas m\u00e1s fieles del pa\u00eds. Nuestro compromiso debe ser al m\u00e1ximo, dejaremos la vida en cada partido y tener un objetivo claro de conseguir el t\u00edtulo\u00bb, finaliz\u00f3.<\/p>\n<p>Carabobo F\u00fatbol Club contin\u00faa con sus sesiones de trabajo en Valencia, para seguir afinando detalles antes de su viaje a Guanare para debutar en la temporada 2019 del balompi\u00e9 criollo, ante Atl\u00e9tico Venezuela.<\/p>\n<p><strong>Ficha t\u00e9cnica<\/strong><\/p>\n<p><strong>Nombre y Apellido:<\/strong> Daniel Ricardo Febles Arguelles<\/p>\n<p><strong>Lugar de nacimiento:<\/strong> Caracas, Distrito Capital<\/p>\n<p><strong>Fecha de nacimiento:<\/strong> 8 febrero de 1991 (27 a\u00f1os)<\/p>\n<p><strong>Posici\u00f3n:<\/strong> Delantero<\/p>\n<p><strong>Altura:<\/strong> 1,80 mts<\/p>\n<p><strong>Peso:<\/strong> 75 kg<\/p>\n<p><strong>Pie:<\/strong> Izquierdo<\/p>\n<p><strong>Trayectoria:<\/strong> Caracas F\u00fatbol Club, Atl\u00e9tico Venezuela, Deportivo T\u00e1chira, Monagas SC, Seoul E-Land (Corea del Sur), Guabir\u00e1 (Bolivia).<\/p>\n<p><strong>Altas:<\/strong> Edward Bracho (Monagas SC), Franklin Gonz\u00e1lez (Dvo T\u00e1chira), Luis Melo (Dvo T\u00e1chira), Cristian Restrepo (Jaguares C\u00f3rdoba), Pedro Caraballo (Atl\u00e9tico Furrial), Luis Guerra (Aragua FC), Grenddy Perozo (Zulia FC), Ezequiel Michelli (Guabir\u00e1 \/ Bolivia), Ismael P\u00e1ez (Universidad de Guadalajara\/ M\u00e9xico), Luis Rojas (Trujillanos FC), Daniel Febles (Guabir\u00e1 \/ Bolivia).<\/p>\n<p><strong>Renovaciones:<\/strong> Richard Badillo.<\/p>\n<p><strong>Bajas:<\/strong> Alain Baroja, Edixson Gonz\u00e1lez, Carlos Rivero, Andr\u00e9s Montero, Juan Colina, Carlos Lujano, Maurice Cova, Marlon Fern\u00e1ndez, Luis Mago, John M\u00e9ndez, Jos\u00e9 Bandez, Federico Silvestre, Framber Villegas.<\/p><div class=\"pziyq69f3d50b57dcd\" ><p style=\"text-align: center;\"><a href=\"https:\/\/t.me\/noticiasdigital58\" target=\"_blank\" rel=\"noopener\"><img class=\"aligncenter size-full wp-image-125363\" src=\"https:\/\/digital58.com.ve\/site\/wp-content\/uploads\/2021\/04\/banner-telegram-web-2021.png\" alt=\"\" width=\"600\" height=\"90\" \/><\/a><\/p><\/div><style type=\"text\/css\">\r\n@media screen and (min-width: 1201px) {\r\n.pziyq69f3d50b57dcd {\r\ndisplay: block;\r\n}\r\n}\r\n@media screen and (min-width: 993px) and (max-width: 1200px) {\r\n.pziyq69f3d50b57dcd {\r\ndisplay: block;\r\n}\r\n}\r\n@media screen and (min-width: 769px) and (max-width: 992px) {\r\n.pziyq69f3d50b57dcd {\r\ndisplay: block;\r\n}\r\n}\r\n@media screen and (min-width: 768px) and (max-width: 768px) {\r\n.pziyq69f3d50b57dcd {\r\ndisplay: block;\r\n}\r\n}\r\n@media screen and (max-width: 767px) {\r\n.pziyq69f3d50b57dcd {\r\ndisplay: block;\r\n}\r\n}\r\n<\/style>\r\n\n<p><strong>Redacci\u00f3n con fuente: Luis D\u00edaz Rodr\u00edguez\/Prensa @Carabobo_FC\u00a0<\/strong><br \/>\n<strong>Edici\u00f3n. Villasmil, Henry<\/strong><br \/>\n<strong>Gr\u00e1ficas: Maryalejandra Mata (@Maryale_mata)<\/strong><\/p>\n<div style=\"margin-top: 0px; margin-bottom: 0px;\" class=\"sharethis-inline-share-buttons\" ><\/div>","protected":false},"excerpt":{"rendered":"<p>Carabobo F\u00fatbol Club, en el marco del inicio de una nueva temporada del f\u00fatbol venezolano, contin\u00faa reforzando sus l\u00edneas. Es<\/p>\n","protected":false},"author":1,"featured_media":83558,"comment_status":"open","ping_status":"closed","sticky":false,"template":"","format":"standard","meta":{"colormag_page_container_layout":"default_layout","colormag_page_sidebar_layout":"default_layout","_uag_custom_page_level_css":"","footnotes":""},"categories":[5402],"tags":[7184,6807,11980,13,14,15,25,10421,11939,233,19,11938,2583,32],"class_list":["post-83557","post","type-post","status-publish","format-standard","has-post-thumbnail","hentry","category-deportes","tag-carabobo","tag-carabobo-futbol-club","tag-daniel-febles","tag-futbol","tag-futbol-venezolano","tag-futve","tag-fvf","tag-liga-futve","tag-liga-futve-2019","tag-nacionales","tag-primera-division","tag-torneo-apertura-2019","tag-valencia","tag-venezuela"],"yoast_head":"<!-- This site is optimized with the Yoast SEO plugin v27.5 - https:\/\/yoast.com\/product\/yoast-seo-wordpress\/ -->\n<title>#LigaF\u00fatVe: Daniel Febles reforzar\u00e1 la artiller\u00eda granate<\/title>\n<meta name=\"robots\" content=\"index, follow, max-snippet:-1, max-image-preview:large, max-video-preview:-1\" \/>\n<link rel=\"canonical\" href=\"https:\/\/digital58.com.ve\/site\/2019\/01\/27\/ligafutve-daniel-febles-reforzara-la-artilleria-granate\/\" \/>\n<meta property=\"og:locale\" content=\"es_ES\" \/>\n<meta property=\"og:type\" content=\"article\" \/>\n<meta property=\"og:title\" content=\"#LigaF\u00fatVe: Daniel Febles reforzar\u00e1 la artiller\u00eda granate\" \/>\n<meta property=\"og:url\" content=\"https:\/\/digital58.com.ve\/site\/2019\/01\/27\/ligafutve-daniel-febles-reforzara-la-artilleria-granate\/\" \/>\n<meta property=\"og:site_name\" content=\"Noticias Digital58\" \/>\n<meta property=\"article:published_time\" content=\"2019-01-27T13:30:34+00:00\" \/>\n<meta property=\"og:image\" content=\"https:\/\/digital58.com.ve\/site\/wp-content\/uploads\/2019\/01\/daniel-febles.jpg\" \/>\n\t<meta property=\"og:image:width\" content=\"1127\" \/>\n\t<meta property=\"og:image:height\" content=\"834\" \/>\n\t<meta property=\"og:image:type\" content=\"image\/jpeg\" \/>\n<meta name=\"author\" content=\"Villasmil Henry\" \/>\n<meta name=\"twitter:card\" content=\"summary_large_image\" \/>\n<meta name=\"twitter:creator\" content=\"@https:\/\/twitter.com\/villasmilhfoto\" \/>\n<meta name=\"twitter:site\" content=\"@villasmilhfoto\" \/>\n<meta name=\"twitter:label1\" content=\"Escrito por\" \/>\n\t<meta name=\"twitter:data1\" content=\"Villasmil Henry\" \/>\n\t<meta name=\"twitter:label2\" content=\"Tiempo estimado de lectura\" \/>\n\t<meta name=\"twitter:data2\" content=\"3 minutos\" \/>\n<script type=\"application\/ld+json\" class=\"yoast-schema-graph\">{\"@context\":\"https:\\\/\\\/schema.org\",\"@graph\":[{\"@type\":\"Article\",\"@id\":\"https:\\\/\\\/digital58.com.ve\\\/site\\\/2019\\\/01\\\/27\\\/ligafutve-daniel-febles-reforzara-la-artilleria-granate\\\/#article\",\"isPartOf\":{\"@id\":\"https:\\\/\\\/digital58.com.ve\\\/site\\\/2019\\\/01\\\/27\\\/ligafutve-daniel-febles-reforzara-la-artilleria-granate\\\/\"},\"author\":{\"name\":\"Villasmil Henry\",\"@id\":\"https:\\\/\\\/digital58.com.ve\\\/site\\\/#\\\/schema\\\/person\\\/64d1c2e4d0d4fd1b849980c4331c2951\"},\"headline\":\"#LigaF\u00fatVe: Daniel Febles reforzar\u00e1 la artiller\u00eda granate\",\"datePublished\":\"2019-01-27T13:30:34+00:00\",\"mainEntityOfPage\":{\"@id\":\"https:\\\/\\\/digital58.com.ve\\\/site\\\/2019\\\/01\\\/27\\\/ligafutve-daniel-febles-reforzara-la-artilleria-granate\\\/\"},\"wordCount\":552,\"commentCount\":0,\"publisher\":{\"@id\":\"https:\\\/\\\/digital58.com.ve\\\/site\\\/#\\\/schema\\\/person\\\/64d1c2e4d0d4fd1b849980c4331c2951\"},\"image\":{\"@id\":\"https:\\\/\\\/digital58.com.ve\\\/site\\\/2019\\\/01\\\/27\\\/ligafutve-daniel-febles-reforzara-la-artilleria-granate\\\/#primaryimage\"},\"thumbnailUrl\":\"https:\\\/\\\/digital58.com.ve\\\/site\\\/wp-content\\\/uploads\\\/2019\\\/01\\\/daniel-febles.jpg\",\"keywords\":[\"Carabobo\",\"Carabobo F\u00fatbol Club\",\"Daniel Febles\",\"F\u00fatbol\",\"F\u00fatbol Venezolano\",\"Futve\",\"FVF\",\"Liga F\u00fatVe\",\"Liga F\u00fatVe 2019\",\"Nacionales\",\"Primera Divisi\u00f3n\",\"Torneo Apertura 2019\",\"Valencia\",\"Venezuela\"],\"articleSection\":[\"Deportes\"],\"inLanguage\":\"es\",\"potentialAction\":[{\"@type\":\"CommentAction\",\"name\":\"Comment\",\"target\":[\"https:\\\/\\\/digital58.com.ve\\\/site\\\/2019\\\/01\\\/27\\\/ligafutve-daniel-febles-reforzara-la-artilleria-granate\\\/#respond\"]}]},{\"@type\":\"WebPage\",\"@id\":\"https:\\\/\\\/digital58.com.ve\\\/site\\\/2019\\\/01\\\/27\\\/ligafutve-daniel-febles-reforzara-la-artilleria-granate\\\/\",\"url\":\"https:\\\/\\\/digital58.com.ve\\\/site\\\/2019\\\/01\\\/27\\\/ligafutve-daniel-febles-reforzara-la-artilleria-granate\\\/\",\"name\":\"#LigaF\u00fatVe: Daniel Febles reforzar\u00e1 la artiller\u00eda granate\",\"isPartOf\":{\"@id\":\"https:\\\/\\\/digital58.com.ve\\\/site\\\/#website\"},\"primaryImageOfPage\":{\"@id\":\"https:\\\/\\\/digital58.com.ve\\\/site\\\/2019\\\/01\\\/27\\\/ligafutve-daniel-febles-reforzara-la-artilleria-granate\\\/#primaryimage\"},\"image\":{\"@id\":\"https:\\\/\\\/digital58.com.ve\\\/site\\\/2019\\\/01\\\/27\\\/ligafutve-daniel-febles-reforzara-la-artilleria-granate\\\/#primaryimage\"},\"thumbnailUrl\":\"https:\\\/\\\/digital58.com.ve\\\/site\\\/wp-content\\\/uploads\\\/2019\\\/01\\\/daniel-febles.jpg\",\"datePublished\":\"2019-01-27T13:30:34+00:00\",\"breadcrumb\":{\"@id\":\"https:\\\/\\\/digital58.com.ve\\\/site\\\/2019\\\/01\\\/27\\\/ligafutve-daniel-febles-reforzara-la-artilleria-granate\\\/#breadcrumb\"},\"inLanguage\":\"es\",\"potentialAction\":[{\"@type\":\"ReadAction\",\"target\":[\"https:\\\/\\\/digital58.com.ve\\\/site\\\/2019\\\/01\\\/27\\\/ligafutve-daniel-febles-reforzara-la-artilleria-granate\\\/\"]}]},{\"@type\":\"ImageObject\",\"inLanguage\":\"es\",\"@id\":\"https:\\\/\\\/digital58.com.ve\\\/site\\\/2019\\\/01\\\/27\\\/ligafutve-daniel-febles-reforzara-la-artilleria-granate\\\/#primaryimage\",\"url\":\"https:\\\/\\\/digital58.com.ve\\\/site\\\/wp-content\\\/uploads\\\/2019\\\/01\\\/daniel-febles.jpg\",\"contentUrl\":\"https:\\\/\\\/digital58.com.ve\\\/site\\\/wp-content\\\/uploads\\\/2019\\\/01\\\/daniel-febles.jpg\",\"width\":800,\"height\":592},{\"@type\":\"BreadcrumbList\",\"@id\":\"https:\\\/\\\/digital58.com.ve\\\/site\\\/2019\\\/01\\\/27\\\/ligafutve-daniel-febles-reforzara-la-artilleria-granate\\\/#breadcrumb\",\"itemListElement\":[{\"@type\":\"ListItem\",\"position\":1,\"name\":\"Home\",\"item\":\"https:\\\/\\\/digital58.com.ve\\\/site\\\/\"},{\"@type\":\"ListItem\",\"position\":2,\"name\":\"#LigaF\u00fatVe: Daniel Febles reforzar\u00e1 la artiller\u00eda granate\"}]},{\"@type\":\"WebSite\",\"@id\":\"https:\\\/\\\/digital58.com.ve\\\/site\\\/#website\",\"url\":\"https:\\\/\\\/digital58.com.ve\\\/site\\\/\",\"name\":\"Noticias Digital58\",\"description\":\"Portal de Noticias \u00a1Periodismo web de verdad! Lanzamiento web 22.11.2005 \\\/ Maracaibo, Venezuela\",\"publisher\":{\"@id\":\"https:\\\/\\\/digital58.com.ve\\\/site\\\/#\\\/schema\\\/person\\\/64d1c2e4d0d4fd1b849980c4331c2951\"},\"alternateName\":\"ND58\",\"potentialAction\":[{\"@type\":\"SearchAction\",\"target\":{\"@type\":\"EntryPoint\",\"urlTemplate\":\"https:\\\/\\\/digital58.com.ve\\\/site\\\/?s={search_term_string}\"},\"query-input\":{\"@type\":\"PropertyValueSpecification\",\"valueRequired\":true,\"valueName\":\"search_term_string\"}}],\"inLanguage\":\"es\"},{\"@type\":[\"Person\",\"Organization\"],\"@id\":\"https:\\\/\\\/digital58.com.ve\\\/site\\\/#\\\/schema\\\/person\\\/64d1c2e4d0d4fd1b849980c4331c2951\",\"name\":\"Villasmil Henry\",\"image\":{\"@type\":\"ImageObject\",\"inLanguage\":\"es\",\"@id\":\"https:\\\/\\\/secure.gravatar.com\\\/avatar\\\/bb0c4a2fcb7970138239f7e404ea75757b1b507b28b5ce4c53fbd62d797c5a7c?s=96&d=mm&r=g\",\"url\":\"https:\\\/\\\/secure.gravatar.com\\\/avatar\\\/bb0c4a2fcb7970138239f7e404ea75757b1b507b28b5ce4c53fbd62d797c5a7c?s=96&d=mm&r=g\",\"contentUrl\":\"https:\\\/\\\/secure.gravatar.com\\\/avatar\\\/bb0c4a2fcb7970138239f7e404ea75757b1b507b28b5ce4c53fbd62d797c5a7c?s=96&d=mm&r=g\",\"caption\":\"Villasmil Henry\"},\"logo\":{\"@id\":\"https:\\\/\\\/secure.gravatar.com\\\/avatar\\\/bb0c4a2fcb7970138239f7e404ea75757b1b507b28b5ce4c53fbd62d797c5a7c?s=96&d=mm&r=g\"},\"sameAs\":[\"http:\\\/\\\/www.henryvillasmil.com.ve\",\"https:\\\/\\\/www.instagram.com\\\/villasmilhfoto\\\/\",\"https:\\\/\\\/x.com\\\/https:\\\/\\\/twitter.com\\\/villasmilhfoto\"],\"url\":\"https:\\\/\\\/digital58.com.ve\\\/site\\\/author\\\/droopy_68\\\/\"}]}<\/script>\n<!-- \/ Yoast SEO plugin. -->","yoast_head_json":{"title":"#LigaF\u00fatVe: Daniel Febles reforzar\u00e1 la artiller\u00eda granate","robots":{"index":"index","follow":"follow","max-snippet":"max-snippet:-1","max-image-preview":"max-image-preview:large","max-video-preview":"max-video-preview:-1"},"canonical":"https:\/\/digital58.com.ve\/site\/2019\/01\/27\/ligafutve-daniel-febles-reforzara-la-artilleria-granate\/","og_locale":"es_ES","og_type":"article","og_title":"#LigaF\u00fatVe: Daniel Febles reforzar\u00e1 la artiller\u00eda granate","og_url":"https:\/\/digital58.com.ve\/site\/2019\/01\/27\/ligafutve-daniel-febles-reforzara-la-artilleria-granate\/","og_site_name":"Noticias Digital58","article_published_time":"2019-01-27T13:30:34+00:00","og_image":[{"width":1127,"height":834,"url":"https:\/\/digital58.com.ve\/site\/wp-content\/uploads\/2019\/01\/daniel-febles.jpg","type":"image\/jpeg"}],"author":"Villasmil Henry","twitter_card":"summary_large_image","twitter_creator":"@https:\/\/twitter.com\/villasmilhfoto","twitter_site":"@villasmilhfoto","twitter_misc":{"Escrito por":"Villasmil Henry","Tiempo estimado de lectura":"3 minutos"},"schema":{"@context":"https:\/\/schema.org","@graph":[{"@type":"Article","@id":"https:\/\/digital58.com.ve\/site\/2019\/01\/27\/ligafutve-daniel-febles-reforzara-la-artilleria-granate\/#article","isPartOf":{"@id":"https:\/\/digital58.com.ve\/site\/2019\/01\/27\/ligafutve-daniel-febles-reforzara-la-artilleria-granate\/"},"author":{"name":"Villasmil Henry","@id":"https:\/\/digital58.com.ve\/site\/#\/schema\/person\/64d1c2e4d0d4fd1b849980c4331c2951"},"headline":"#LigaF\u00fatVe: Daniel Febles reforzar\u00e1 la artiller\u00eda granate","datePublished":"2019-01-27T13:30:34+00:00","mainEntityOfPage":{"@id":"https:\/\/digital58.com.ve\/site\/2019\/01\/27\/ligafutve-daniel-febles-reforzara-la-artilleria-granate\/"},"wordCount":552,"commentCount":0,"publisher":{"@id":"https:\/\/digital58.com.ve\/site\/#\/schema\/person\/64d1c2e4d0d4fd1b849980c4331c2951"},"image":{"@id":"https:\/\/digital58.com.ve\/site\/2019\/01\/27\/ligafutve-daniel-febles-reforzara-la-artilleria-granate\/#primaryimage"},"thumbnailUrl":"https:\/\/digital58.com.ve\/site\/wp-content\/uploads\/2019\/01\/daniel-febles.jpg","keywords":["Carabobo","Carabobo F\u00fatbol Club","Daniel Febles","F\u00fatbol","F\u00fatbol Venezolano","Futve","FVF","Liga F\u00fatVe","Liga F\u00fatVe 2019","Nacionales","Primera Divisi\u00f3n","Torneo Apertura 2019","Valencia","Venezuela"],"articleSection":["Deportes"],"inLanguage":"es","potentialAction":[{"@type":"CommentAction","name":"Comment","target":["https:\/\/digital58.com.ve\/site\/2019\/01\/27\/ligafutve-daniel-febles-reforzara-la-artilleria-granate\/#respond"]}]},{"@type":"WebPage","@id":"https:\/\/digital58.com.ve\/site\/2019\/01\/27\/ligafutve-daniel-febles-reforzara-la-artilleria-granate\/","url":"https:\/\/digital58.com.ve\/site\/2019\/01\/27\/ligafutve-daniel-febles-reforzara-la-artilleria-granate\/","name":"#LigaF\u00fatVe: Daniel Febles reforzar\u00e1 la artiller\u00eda granate","isPartOf":{"@id":"https:\/\/digital58.com.ve\/site\/#website"},"primaryImageOfPage":{"@id":"https:\/\/digital58.com.ve\/site\/2019\/01\/27\/ligafutve-daniel-febles-reforzara-la-artilleria-granate\/#primaryimage"},"image":{"@id":"https:\/\/digital58.com.ve\/site\/2019\/01\/27\/ligafutve-daniel-febles-reforzara-la-artilleria-granate\/#primaryimage"},"thumbnailUrl":"https:\/\/digital58.com.ve\/site\/wp-content\/uploads\/2019\/01\/daniel-febles.jpg","datePublished":"2019-01-27T13:30:34+00:00","breadcrumb":{"@id":"https:\/\/digital58.com.ve\/site\/2019\/01\/27\/ligafutve-daniel-febles-reforzara-la-artilleria-granate\/#breadcrumb"},"inLanguage":"es","potentialAction":[{"@type":"ReadAction","target":["https:\/\/digital58.com.ve\/site\/2019\/01\/27\/ligafutve-daniel-febles-reforzara-la-artilleria-granate\/"]}]},{"@type":"ImageObject","inLanguage":"es","@id":"https:\/\/digital58.com.ve\/site\/2019\/01\/27\/ligafutve-daniel-febles-reforzara-la-artilleria-granate\/#primaryimage","url":"https:\/\/digital58.com.ve\/site\/wp-content\/uploads\/2019\/01\/daniel-febles.jpg","contentUrl":"https:\/\/digital58.com.ve\/site\/wp-content\/uploads\/2019\/01\/daniel-febles.jpg","width":800,"height":592},{"@type":"BreadcrumbList","@id":"https:\/\/digital58.com.ve\/site\/2019\/01\/27\/ligafutve-daniel-febles-reforzara-la-artilleria-granate\/#breadcrumb","itemListElement":[{"@type":"ListItem","position":1,"name":"Home","item":"https:\/\/digital58.com.ve\/site\/"},{"@type":"ListItem","position":2,"name":"#LigaF\u00fatVe: Daniel Febles reforzar\u00e1 la artiller\u00eda granate"}]},{"@type":"WebSite","@id":"https:\/\/digital58.com.ve\/site\/#website","url":"https:\/\/digital58.com.ve\/site\/","name":"Noticias Digital58","description":"Portal de Noticias \u00a1Periodismo web de verdad! Lanzamiento web 22.11.2005 \/ Maracaibo, Venezuela","publisher":{"@id":"https:\/\/digital58.com.ve\/site\/#\/schema\/person\/64d1c2e4d0d4fd1b849980c4331c2951"},"alternateName":"ND58","potentialAction":[{"@type":"SearchAction","target":{"@type":"EntryPoint","urlTemplate":"https:\/\/digital58.com.ve\/site\/?s={search_term_string}"},"query-input":{"@type":"PropertyValueSpecification","valueRequired":true,"valueName":"search_term_string"}}],"inLanguage":"es"},{"@type":["Person","Organization"],"@id":"https:\/\/digital58.com.ve\/site\/#\/schema\/person\/64d1c2e4d0d4fd1b849980c4331c2951","name":"Villasmil Henry","image":{"@type":"ImageObject","inLanguage":"es","@id":"https:\/\/secure.gravatar.com\/avatar\/bb0c4a2fcb7970138239f7e404ea75757b1b507b28b5ce4c53fbd62d797c5a7c?s=96&d=mm&r=g","url":"https:\/\/secure.gravatar.com\/avatar\/bb0c4a2fcb7970138239f7e404ea75757b1b507b28b5ce4c53fbd62d797c5a7c?s=96&d=mm&r=g","contentUrl":"https:\/\/secure.gravatar.com\/avatar\/bb0c4a2fcb7970138239f7e404ea75757b1b507b28b5ce4c53fbd62d797c5a7c?s=96&d=mm&r=g","caption":"Villasmil Henry"},"logo":{"@id":"https:\/\/secure.gravatar.com\/avatar\/bb0c4a2fcb7970138239f7e404ea75757b1b507b28b5ce4c53fbd62d797c5a7c?s=96&d=mm&r=g"},"sameAs":["http:\/\/www.henryvillasmil.com.ve","https:\/\/www.instagram.com\/villasmilhfoto\/","https:\/\/x.com\/https:\/\/twitter.com\/villasmilhfoto"],"url":"https:\/\/digital58.com.ve\/site\/author\/droopy_68\/"}]}},"uagb_featured_image_src":{"full":["https:\/\/digital58.com.ve\/site\/wp-content\/uploads\/2019\/01\/daniel-febles.jpg",800,592,false],"thumbnail":["https:\/\/digital58.com.ve\/site\/wp-content\/uploads\/2019\/01\/daniel-febles-150x150.jpg",150,150,true],"medium":["https:\/\/digital58.com.ve\/site\/wp-content\/uploads\/2019\/01\/daniel-febles-300x222.jpg",300,222,true],"medium_large":["https:\/\/digital58.com.ve\/site\/wp-content\/uploads\/2019\/01\/daniel-febles-768x568.jpg",768,568,true],"large":["https:\/\/digital58.com.ve\/site\/wp-content\/uploads\/2019\/01\/daniel-febles.jpg",800,592,false],"1536x1536":["https:\/\/digital58.com.ve\/site\/wp-content\/uploads\/2019\/01\/daniel-febles.jpg",800,592,false],"2048x2048":["https:\/\/digital58.com.ve\/site\/wp-content\/uploads\/2019\/01\/daniel-febles.jpg",800,592,false],"colormag-highlighted-post":["https:\/\/digital58.com.ve\/site\/wp-content\/uploads\/2019\/01\/daniel-febles.jpg",368,272,false],"colormag-featured-post-medium":["https:\/\/digital58.com.ve\/site\/wp-content\/uploads\/2019\/01\/daniel-febles.jpg",277,205,false],"colormag-featured-post-small":["https:\/\/digital58.com.ve\/site\/wp-content\/uploads\/2019\/01\/daniel-febles.jpg",122,90,false],"colormag-featured-image":["https:\/\/digital58.com.ve\/site\/wp-content\/uploads\/2019\/01\/daniel-febles.jpg",601,445,false],"colormag-default-news":["https:\/\/digital58.com.ve\/site\/wp-content\/uploads\/2019\/01\/daniel-febles.jpg",150,111,false],"colormag-featured-image-large":["https:\/\/digital58.com.ve\/site\/wp-content\/uploads\/2019\/01\/daniel-febles.jpg",800,592,false]},"uagb_author_info":{"display_name":"Villasmil Henry","author_link":"https:\/\/digital58.com.ve\/site\/author\/droopy_68\/"},"uagb_comment_info":0,"uagb_excerpt":"Carabobo F\u00fatbol Club, en el marco del inicio de una nueva temporada del f\u00fatbol venezolano, contin\u00faa reforzando sus l\u00edneas. Es","_links":{"self":[{"href":"https:\/\/digital58.com.ve\/site\/wp-json\/wp\/v2\/posts\/83557","targetHints":{"allow":["GET"]}}],"collection":[{"href":"https:\/\/digital58.com.ve\/site\/wp-json\/wp\/v2\/posts"}],"about":[{"href":"https:\/\/digital58.com.ve\/site\/wp-json\/wp\/v2\/types\/post"}],"author":[{"embeddable":true,"href":"https:\/\/digital58.com.ve\/site\/wp-json\/wp\/v2\/users\/1"}],"replies":[{"embeddable":true,"href":"https:\/\/digital58.com.ve\/site\/wp-json\/wp\/v2\/comments?post=83557"}],"version-history":[{"count":0,"href":"https:\/\/digital58.com.ve\/site\/wp-json\/wp\/v2\/posts\/83557\/revisions"}],"wp:featuredmedia":[{"embeddable":true,"href":"https:\/\/digital58.com.ve\/site\/wp-json\/wp\/v2\/media\/83558"}],"wp:attachment":[{"href":"https:\/\/digital58.com.ve\/site\/wp-json\/wp\/v2\/media?parent=83557"}],"wp:term":[{"taxonomy":"category","embeddable":true,"href":"https:\/\/digital58.com.ve\/site\/wp-json\/wp\/v2\/categories?post=83557"},{"taxonomy":"post_tag","embeddable":true,"href":"https:\/\/digital58.com.ve\/site\/wp-json\/wp\/v2\/tags?post=83557"}],"curies":[{"name":"wp","href":"https:\/\/api.w.org\/{rel}","templated":true}]}}