{"id":83591,"date":"2019-01-27T12:05:11","date_gmt":"2019-01-27T16:05:11","guid":{"rendered":"http:\/\/digital58.com.ve\/site\/?p=83591"},"modified":"2019-01-27T12:08:39","modified_gmt":"2019-01-27T16:08:39","slug":"venezuela-rechazo-respaldo-de-la-union-europea-a-planes-golpistas","status":"publish","type":"post","link":"https:\/\/digital58.com.ve\/site\/2019\/01\/27\/venezuela-rechazo-respaldo-de-la-union-europea-a-planes-golpistas\/","title":{"rendered":"Venezuela rechaz\u00f3 respaldo de la Uni\u00f3n Europea a planes golpistas"},"content":{"rendered":"<p><a href=\"http:\/\/digital58.com.ve\/site\/wp-content\/uploads\/2019\/01\/ve.jpg\"><img loading=\"lazy\" decoding=\"async\" class=\"aligncenter size-full wp-image-83592\" src=\"http:\/\/digital58.com.ve\/site\/wp-content\/uploads\/2019\/01\/ve.jpg\" alt=\"\" width=\"791\" height=\"532\" srcset=\"https:\/\/digital58.com.ve\/site\/wp-content\/uploads\/2019\/01\/ve.jpg 791w, https:\/\/digital58.com.ve\/site\/wp-content\/uploads\/2019\/01\/ve-300x202.jpg 300w, https:\/\/digital58.com.ve\/site\/wp-content\/uploads\/2019\/01\/ve-768x517.jpg 768w\" sizes=\"auto, (max-width: 791px) 100vw, 791px\" \/><\/a><\/p>\n<p>El Gobierno Nacional repudi\u00f3 este domingo la \u00abactitud desafiante\u00bb de la Uni\u00f3n Europea (UE) de otorgar un plazo para la convocatoria de nuevas elecciones presidenciales, situaci\u00f3n que demuestra su respaldo al golpe de Estado que, amparado por el gobierno de Estados Unidos (EEUU), se ejecuta en Venezuela.<\/p>\n<p><strong>Caracas, DC, Venezuela, 27 de enero de 2019 (Noticias D58).-<\/strong> En un comunicado, difundido por el Ministerio para Relaciones Exteriores, Venezuela lament\u00f3 que la UE \u00abno haya tenido el coraje\u00bb de resistir las presiones de la administraci\u00f3n estadounidense sobre sumarse al \u00abcoro\u00bb de gobiernos sat\u00e9lites que promueve una pol\u00edtica injerencista.<\/p>\n<p>En este sentido, el Gobierno Nacional exigi\u00f3 a la UE adoptar una posici\u00f3n respetuosa y equilibrada que \u00abno aliente la fractura del orden constitucional\u00bb, as\u00ed como la aparici\u00f3n de situaciones de violencia.<\/p>\n<p><strong>A continuaci\u00f3n el comunicado \u00edntegro:<\/strong><\/p>\n<p>La Rep\u00fablica Bolivariana de Venezuela expresa su m\u00e1s en\u00e9rgico rechazo a la declaraci\u00f3n de la Uni\u00f3n Europea del pasado 26 de enero, mediante la cual demostr\u00f3 su decisi\u00f3n de sumarse al plan del Golpe de Estado orquestado por el Gobierno de Estados Unidos, pretendiendo incluso dar un ultim\u00e1tum al Estado venezolano, al m\u00e1s propio estilo de las viejas potencias coloniales que representa.<\/p>\n<p>Venezuela lamenta que la Uni\u00f3n Europea no haya tenido el coraje de soportar las presiones del Gobierno de Estados Unidos y en consecuencia haya decidido sumarse a su indigno coro de gobiernos sat\u00e9lites, y le exige deponer su actitud desafiante y en su lugar adopte una posici\u00f3n de respeto y equilibrio constructivo que no aliente la fractura del orden constitucional y la violencia.<\/p>\n<p>Del mismo modo, se permite recordar a las autoridades europeas que la legitimidad y constitucionalidad de los procesos electorales, de las instituciones y de las autoridades del Estado venezolano, no dependen en modo alguno del reconocimiento, juicios o posiciones de ninguna entidad extranjera, por lo cual sus arrogantes exigencias no surten ning\u00fan efecto tangible.<\/p>\n<p>La l\u00f3gica colonial fue desterrada de la Patria venezolana hace doscientos a\u00f1os por la gesta libertadora bolivariana y este legado ser\u00e1 defendido hoy como entonces.<\/p>\n<p>El Gobierno de la Rep\u00fablica Bolivariana de Venezuela seguir\u00e1 apostando a mantener una relaci\u00f3n constructiva de respeto y cooperaci\u00f3n con todos los pa\u00edses de la Uni\u00f3n Europea, orientada al desarrollo compartido y la paz tanto en Venezuela como en la regi\u00f3n latinoamericana y caribe\u00f1a.<\/p><div class=\"mjlhj6a9891c22d465\" ><p style=\"text-align: center;\"><a href=\"https:\/\/t.me\/noticiasdigital58\" target=\"_blank\" rel=\"noopener\"><img class=\"aligncenter size-full wp-image-125363\" src=\"https:\/\/digital58.com.ve\/site\/wp-content\/uploads\/2021\/04\/banner-telegram-web-2021.png\" alt=\"\" width=\"600\" height=\"90\" \/><\/a><\/p><\/div><style type=\"text\/css\">\r\n@media screen and (min-width: 1201px) {\r\n.mjlhj6a9891c22d465 {\r\ndisplay: block;\r\n}\r\n}\r\n@media screen and (min-width: 993px) and (max-width: 1200px) {\r\n.mjlhj6a9891c22d465 {\r\ndisplay: block;\r\n}\r\n}\r\n@media screen and (min-width: 769px) and (max-width: 992px) {\r\n.mjlhj6a9891c22d465 {\r\ndisplay: block;\r\n}\r\n}\r\n@media screen and (min-width: 768px) and (max-width: 768px) {\r\n.mjlhj6a9891c22d465 {\r\ndisplay: block;\r\n}\r\n}\r\n@media screen and (max-width: 767px) {\r\n.mjlhj6a9891c22d465 {\r\ndisplay: block;\r\n}\r\n}\r\n<\/style>\r\n\n<p><strong>Redacci\u00f3n con fuente: AVN<\/strong><br \/>\n<strong>Edici\u00f3n: Villasmil, Henry<\/strong><br \/>\n<strong>Gr\u00e1fica: Ricardo Herdenez, AVN<\/strong><\/p>\n<div style=\"margin-top: 0px; margin-bottom: 0px;\" class=\"sharethis-inline-share-buttons\" ><\/div>","protected":false},"excerpt":{"rendered":"<p>El Gobierno Nacional repudi\u00f3 este domingo la \u00abactitud desafiante\u00bb de la Uni\u00f3n Europea (UE) de otorgar un plazo para la<\/p>\n","protected":false},"author":1,"featured_media":83592,"comment_status":"open","ping_status":"closed","sticky":false,"template":"","format":"standard","meta":{"colormag_page_container_layout":"default_layout","colormag_page_sidebar_layout":"default_layout","_uag_custom_page_level_css":"","footnotes":""},"categories":[8610],"tags":[29,8942,1818,2724,11941,2503,32,8604],"class_list":["post-83591","post","type-post","status-publish","format-standard","has-post-thumbnail","hentry","category-politica","tag-caracas","tag-dc","tag-gobierno-nacional","tag-nicolas-maduro","tag-presidencia-de-venezuela","tag-union-europea","tag-venezuela","tag-venezuela-crisis"],"yoast_head":"<!-- This site is optimized with the Yoast SEO plugin v28.4 - https:\/\/yoast.com\/product\/yoast-seo-wordpress\/ -->\n<title>Venezuela rechaz\u00f3 respaldo de la Uni\u00f3n Europea a planes golpistas<\/title>\n<meta name=\"robots\" content=\"index, follow, max-snippet:-1, max-image-preview:large, max-video-preview:-1\" \/>\n<link rel=\"canonical\" href=\"https:\/\/digital58.com.ve\/site\/2019\/01\/27\/venezuela-rechazo-respaldo-de-la-union-europea-a-planes-golpistas\/\" \/>\n<meta property=\"og:locale\" content=\"es_ES\" \/>\n<meta property=\"og:type\" content=\"article\" \/>\n<meta property=\"og:title\" content=\"Venezuela rechaz\u00f3 respaldo de la Uni\u00f3n Europea a planes golpistas\" \/>\n<meta property=\"og:url\" content=\"https:\/\/digital58.com.ve\/site\/2019\/01\/27\/venezuela-rechazo-respaldo-de-la-union-europea-a-planes-golpistas\/\" \/>\n<meta property=\"og:site_name\" content=\"Noticias Digital58\" \/>\n<meta property=\"article:published_time\" content=\"2019-01-27T16:05:11+00:00\" \/>\n<meta property=\"article:modified_time\" content=\"2019-01-27T16:08:39+00:00\" \/>\n<meta property=\"og:image\" content=\"https:\/\/digital58.com.ve\/site\/wp-content\/uploads\/2019\/01\/ve.jpg\" \/>\n\t<meta property=\"og:image:width\" content=\"791\" \/>\n\t<meta property=\"og:image:height\" content=\"532\" \/>\n\t<meta property=\"og:image:type\" content=\"image\/jpeg\" \/>\n<meta name=\"author\" content=\"Villasmil Henry\" \/>\n<meta name=\"twitter:card\" content=\"summary_large_image\" \/>\n<meta name=\"twitter:creator\" content=\"@https:\/\/twitter.com\/villasmilhfoto\" \/>\n<meta name=\"twitter:site\" content=\"@villasmilhfoto\" \/>\n<meta name=\"twitter:label1\" content=\"Escrito por\" \/>\n\t<meta name=\"twitter:data1\" content=\"Villasmil Henry\" \/>\n\t<meta name=\"twitter:label2\" content=\"Tiempo estimado de lectura\" \/>\n\t<meta name=\"twitter:data2\" content=\"2 minutos\" \/>\n<script type=\"application\/ld+json\" class=\"yoast-schema-graph\">{\"@context\":\"https:\\\/\\\/schema.org\",\"@graph\":[{\"@type\":\"Article\",\"@id\":\"https:\\\/\\\/digital58.com.ve\\\/site\\\/2019\\\/01\\\/27\\\/venezuela-rechazo-respaldo-de-la-union-europea-a-planes-golpistas\\\/#article\",\"isPartOf\":{\"@id\":\"https:\\\/\\\/digital58.com.ve\\\/site\\\/2019\\\/01\\\/27\\\/venezuela-rechazo-respaldo-de-la-union-europea-a-planes-golpistas\\\/\"},\"author\":{\"name\":\"Villasmil Henry\",\"@id\":\"https:\\\/\\\/digital58.com.ve\\\/site\\\/#\\\/schema\\\/person\\\/64d1c2e4d0d4fd1b849980c4331c2951\"},\"headline\":\"Venezuela rechaz\u00f3 respaldo de la Uni\u00f3n Europea a planes golpistas\",\"datePublished\":\"2019-01-27T16:05:11+00:00\",\"dateModified\":\"2019-01-27T16:08:39+00:00\",\"mainEntityOfPage\":{\"@id\":\"https:\\\/\\\/digital58.com.ve\\\/site\\\/2019\\\/01\\\/27\\\/venezuela-rechazo-respaldo-de-la-union-europea-a-planes-golpistas\\\/\"},\"wordCount\":434,\"commentCount\":0,\"publisher\":{\"@id\":\"https:\\\/\\\/digital58.com.ve\\\/site\\\/#\\\/schema\\\/person\\\/64d1c2e4d0d4fd1b849980c4331c2951\"},\"image\":{\"@id\":\"https:\\\/\\\/digital58.com.ve\\\/site\\\/2019\\\/01\\\/27\\\/venezuela-rechazo-respaldo-de-la-union-europea-a-planes-golpistas\\\/#primaryimage\"},\"thumbnailUrl\":\"https:\\\/\\\/digital58.com.ve\\\/site\\\/wp-content\\\/uploads\\\/2019\\\/01\\\/ve.jpg\",\"keywords\":[\"Caracas\",\"DC\",\"Gobierno Nacional\",\"Nicol\u00e1s Maduro\",\"Presidencia de Venezuela\",\"Uni\u00f3n Europea\",\"Venezuela\",\"Venezuela Crisis\"],\"articleSection\":[\"Pol\u00edtica\"],\"inLanguage\":\"es\",\"potentialAction\":[{\"@type\":\"CommentAction\",\"name\":\"Comment\",\"target\":[\"https:\\\/\\\/digital58.com.ve\\\/site\\\/2019\\\/01\\\/27\\\/venezuela-rechazo-respaldo-de-la-union-europea-a-planes-golpistas\\\/#respond\"]}]},{\"@type\":\"WebPage\",\"@id\":\"https:\\\/\\\/digital58.com.ve\\\/site\\\/2019\\\/01\\\/27\\\/venezuela-rechazo-respaldo-de-la-union-europea-a-planes-golpistas\\\/\",\"url\":\"https:\\\/\\\/digital58.com.ve\\\/site\\\/2019\\\/01\\\/27\\\/venezuela-rechazo-respaldo-de-la-union-europea-a-planes-golpistas\\\/\",\"name\":\"Venezuela rechaz\u00f3 respaldo de la Uni\u00f3n Europea a planes golpistas\",\"isPartOf\":{\"@id\":\"https:\\\/\\\/digital58.com.ve\\\/site\\\/#website\"},\"primaryImageOfPage\":{\"@id\":\"https:\\\/\\\/digital58.com.ve\\\/site\\\/2019\\\/01\\\/27\\\/venezuela-rechazo-respaldo-de-la-union-europea-a-planes-golpistas\\\/#primaryimage\"},\"image\":{\"@id\":\"https:\\\/\\\/digital58.com.ve\\\/site\\\/2019\\\/01\\\/27\\\/venezuela-rechazo-respaldo-de-la-union-europea-a-planes-golpistas\\\/#primaryimage\"},\"thumbnailUrl\":\"https:\\\/\\\/digital58.com.ve\\\/site\\\/wp-content\\\/uploads\\\/2019\\\/01\\\/ve.jpg\",\"datePublished\":\"2019-01-27T16:05:11+00:00\",\"dateModified\":\"2019-01-27T16:08:39+00:00\",\"breadcrumb\":{\"@id\":\"https:\\\/\\\/digital58.com.ve\\\/site\\\/2019\\\/01\\\/27\\\/venezuela-rechazo-respaldo-de-la-union-europea-a-planes-golpistas\\\/#breadcrumb\"},\"inLanguage\":\"es\",\"potentialAction\":[{\"@type\":\"ReadAction\",\"target\":[\"https:\\\/\\\/digital58.com.ve\\\/site\\\/2019\\\/01\\\/27\\\/venezuela-rechazo-respaldo-de-la-union-europea-a-planes-golpistas\\\/\"]}]},{\"@type\":\"ImageObject\",\"inLanguage\":\"es\",\"@id\":\"https:\\\/\\\/digital58.com.ve\\\/site\\\/2019\\\/01\\\/27\\\/venezuela-rechazo-respaldo-de-la-union-europea-a-planes-golpistas\\\/#primaryimage\",\"url\":\"https:\\\/\\\/digital58.com.ve\\\/site\\\/wp-content\\\/uploads\\\/2019\\\/01\\\/ve.jpg\",\"contentUrl\":\"https:\\\/\\\/digital58.com.ve\\\/site\\\/wp-content\\\/uploads\\\/2019\\\/01\\\/ve.jpg\",\"width\":791,\"height\":532},{\"@type\":\"BreadcrumbList\",\"@id\":\"https:\\\/\\\/digital58.com.ve\\\/site\\\/2019\\\/01\\\/27\\\/venezuela-rechazo-respaldo-de-la-union-europea-a-planes-golpistas\\\/#breadcrumb\",\"itemListElement\":[{\"@type\":\"ListItem\",\"position\":1,\"name\":\"Home\",\"item\":\"https:\\\/\\\/digital58.com.ve\\\/site\\\/\"},{\"@type\":\"ListItem\",\"position\":2,\"name\":\"Venezuela rechaz\u00f3 respaldo de la Uni\u00f3n Europea a planes golpistas\"}]},{\"@type\":\"WebSite\",\"@id\":\"https:\\\/\\\/digital58.com.ve\\\/site\\\/#website\",\"url\":\"https:\\\/\\\/digital58.com.ve\\\/site\\\/\",\"name\":\"Noticias Digital58\",\"description\":\"Portal de Noticias \u00a1Periodismo web de verdad! Lanzamiento web 22.11.2005 \\\/ Maracaibo, Venezuela\",\"publisher\":{\"@id\":\"https:\\\/\\\/digital58.com.ve\\\/site\\\/#\\\/schema\\\/person\\\/64d1c2e4d0d4fd1b849980c4331c2951\"},\"alternateName\":\"ND58\",\"potentialAction\":[{\"@type\":\"SearchAction\",\"target\":{\"@type\":\"EntryPoint\",\"urlTemplate\":\"https:\\\/\\\/digital58.com.ve\\\/site\\\/?s={search_term_string}\"},\"query-input\":{\"@type\":\"PropertyValueSpecification\",\"valueRequired\":true,\"valueName\":\"search_term_string\"}}],\"inLanguage\":\"es\"},{\"@type\":[\"Person\",\"Organization\"],\"@id\":\"https:\\\/\\\/digital58.com.ve\\\/site\\\/#\\\/schema\\\/person\\\/64d1c2e4d0d4fd1b849980c4331c2951\",\"name\":\"Villasmil Henry\",\"image\":{\"@type\":\"ImageObject\",\"inLanguage\":\"es\",\"@id\":\"https:\\\/\\\/secure.gravatar.com\\\/avatar\\\/bb0c4a2fcb7970138239f7e404ea75757b1b507b28b5ce4c53fbd62d797c5a7c?s=96&d=mm&r=g\",\"url\":\"https:\\\/\\\/secure.gravatar.com\\\/avatar\\\/bb0c4a2fcb7970138239f7e404ea75757b1b507b28b5ce4c53fbd62d797c5a7c?s=96&d=mm&r=g\",\"contentUrl\":\"https:\\\/\\\/secure.gravatar.com\\\/avatar\\\/bb0c4a2fcb7970138239f7e404ea75757b1b507b28b5ce4c53fbd62d797c5a7c?s=96&d=mm&r=g\",\"caption\":\"Villasmil Henry\"},\"logo\":{\"@id\":\"https:\\\/\\\/secure.gravatar.com\\\/avatar\\\/bb0c4a2fcb7970138239f7e404ea75757b1b507b28b5ce4c53fbd62d797c5a7c?s=96&d=mm&r=g\"},\"sameAs\":[\"http:\\\/\\\/www.henryvillasmil.com.ve\",\"https:\\\/\\\/www.instagram.com\\\/villasmilhfoto\\\/\",\"https:\\\/\\\/x.com\\\/https:\\\/\\\/twitter.com\\\/villasmilhfoto\"],\"url\":\"https:\\\/\\\/digital58.com.ve\\\/site\\\/author\\\/droopy_68\\\/\"}]}<\/script>\n<!-- \/ Yoast SEO plugin. -->","yoast_head_json":{"title":"Venezuela rechaz\u00f3 respaldo de la Uni\u00f3n Europea a planes golpistas","robots":{"index":"index","follow":"follow","max-snippet":"max-snippet:-1","max-image-preview":"max-image-preview:large","max-video-preview":"max-video-preview:-1"},"canonical":"https:\/\/digital58.com.ve\/site\/2019\/01\/27\/venezuela-rechazo-respaldo-de-la-union-europea-a-planes-golpistas\/","og_locale":"es_ES","og_type":"article","og_title":"Venezuela rechaz\u00f3 respaldo de la Uni\u00f3n Europea a planes golpistas","og_url":"https:\/\/digital58.com.ve\/site\/2019\/01\/27\/venezuela-rechazo-respaldo-de-la-union-europea-a-planes-golpistas\/","og_site_name":"Noticias Digital58","article_published_time":"2019-01-27T16:05:11+00:00","article_modified_time":"2019-01-27T16:08:39+00:00","og_image":[{"width":791,"height":532,"url":"https:\/\/digital58.com.ve\/site\/wp-content\/uploads\/2019\/01\/ve.jpg","type":"image\/jpeg"}],"author":"Villasmil Henry","twitter_card":"summary_large_image","twitter_creator":"@https:\/\/twitter.com\/villasmilhfoto","twitter_site":"@villasmilhfoto","twitter_misc":{"Escrito por":"Villasmil Henry","Tiempo estimado de lectura":"2 minutos"},"schema":{"@context":"https:\/\/schema.org","@graph":[{"@type":"Article","@id":"https:\/\/digital58.com.ve\/site\/2019\/01\/27\/venezuela-rechazo-respaldo-de-la-union-europea-a-planes-golpistas\/#article","isPartOf":{"@id":"https:\/\/digital58.com.ve\/site\/2019\/01\/27\/venezuela-rechazo-respaldo-de-la-union-europea-a-planes-golpistas\/"},"author":{"name":"Villasmil Henry","@id":"https:\/\/digital58.com.ve\/site\/#\/schema\/person\/64d1c2e4d0d4fd1b849980c4331c2951"},"headline":"Venezuela rechaz\u00f3 respaldo de la Uni\u00f3n Europea a planes golpistas","datePublished":"2019-01-27T16:05:11+00:00","dateModified":"2019-01-27T16:08:39+00:00","mainEntityOfPage":{"@id":"https:\/\/digital58.com.ve\/site\/2019\/01\/27\/venezuela-rechazo-respaldo-de-la-union-europea-a-planes-golpistas\/"},"wordCount":434,"commentCount":0,"publisher":{"@id":"https:\/\/digital58.com.ve\/site\/#\/schema\/person\/64d1c2e4d0d4fd1b849980c4331c2951"},"image":{"@id":"https:\/\/digital58.com.ve\/site\/2019\/01\/27\/venezuela-rechazo-respaldo-de-la-union-europea-a-planes-golpistas\/#primaryimage"},"thumbnailUrl":"https:\/\/digital58.com.ve\/site\/wp-content\/uploads\/2019\/01\/ve.jpg","keywords":["Caracas","DC","Gobierno Nacional","Nicol\u00e1s Maduro","Presidencia de Venezuela","Uni\u00f3n Europea","Venezuela","Venezuela Crisis"],"articleSection":["Pol\u00edtica"],"inLanguage":"es","potentialAction":[{"@type":"CommentAction","name":"Comment","target":["https:\/\/digital58.com.ve\/site\/2019\/01\/27\/venezuela-rechazo-respaldo-de-la-union-europea-a-planes-golpistas\/#respond"]}]},{"@type":"WebPage","@id":"https:\/\/digital58.com.ve\/site\/2019\/01\/27\/venezuela-rechazo-respaldo-de-la-union-europea-a-planes-golpistas\/","url":"https:\/\/digital58.com.ve\/site\/2019\/01\/27\/venezuela-rechazo-respaldo-de-la-union-europea-a-planes-golpistas\/","name":"Venezuela rechaz\u00f3 respaldo de la Uni\u00f3n Europea a planes golpistas","isPartOf":{"@id":"https:\/\/digital58.com.ve\/site\/#website"},"primaryImageOfPage":{"@id":"https:\/\/digital58.com.ve\/site\/2019\/01\/27\/venezuela-rechazo-respaldo-de-la-union-europea-a-planes-golpistas\/#primaryimage"},"image":{"@id":"https:\/\/digital58.com.ve\/site\/2019\/01\/27\/venezuela-rechazo-respaldo-de-la-union-europea-a-planes-golpistas\/#primaryimage"},"thumbnailUrl":"https:\/\/digital58.com.ve\/site\/wp-content\/uploads\/2019\/01\/ve.jpg","datePublished":"2019-01-27T16:05:11+00:00","dateModified":"2019-01-27T16:08:39+00:00","breadcrumb":{"@id":"https:\/\/digital58.com.ve\/site\/2019\/01\/27\/venezuela-rechazo-respaldo-de-la-union-europea-a-planes-golpistas\/#breadcrumb"},"inLanguage":"es","potentialAction":[{"@type":"ReadAction","target":["https:\/\/digital58.com.ve\/site\/2019\/01\/27\/venezuela-rechazo-respaldo-de-la-union-europea-a-planes-golpistas\/"]}]},{"@type":"ImageObject","inLanguage":"es","@id":"https:\/\/digital58.com.ve\/site\/2019\/01\/27\/venezuela-rechazo-respaldo-de-la-union-europea-a-planes-golpistas\/#primaryimage","url":"https:\/\/digital58.com.ve\/site\/wp-content\/uploads\/2019\/01\/ve.jpg","contentUrl":"https:\/\/digital58.com.ve\/site\/wp-content\/uploads\/2019\/01\/ve.jpg","width":791,"height":532},{"@type":"BreadcrumbList","@id":"https:\/\/digital58.com.ve\/site\/2019\/01\/27\/venezuela-rechazo-respaldo-de-la-union-europea-a-planes-golpistas\/#breadcrumb","itemListElement":[{"@type":"ListItem","position":1,"name":"Home","item":"https:\/\/digital58.com.ve\/site\/"},{"@type":"ListItem","position":2,"name":"Venezuela rechaz\u00f3 respaldo de la Uni\u00f3n Europea a planes golpistas"}]},{"@type":"WebSite","@id":"https:\/\/digital58.com.ve\/site\/#website","url":"https:\/\/digital58.com.ve\/site\/","name":"Noticias Digital58","description":"Portal de Noticias \u00a1Periodismo web de verdad! Lanzamiento web 22.11.2005 \/ Maracaibo, Venezuela","publisher":{"@id":"https:\/\/digital58.com.ve\/site\/#\/schema\/person\/64d1c2e4d0d4fd1b849980c4331c2951"},"alternateName":"ND58","potentialAction":[{"@type":"SearchAction","target":{"@type":"EntryPoint","urlTemplate":"https:\/\/digital58.com.ve\/site\/?s={search_term_string}"},"query-input":{"@type":"PropertyValueSpecification","valueRequired":true,"valueName":"search_term_string"}}],"inLanguage":"es"},{"@type":["Person","Organization"],"@id":"https:\/\/digital58.com.ve\/site\/#\/schema\/person\/64d1c2e4d0d4fd1b849980c4331c2951","name":"Villasmil Henry","image":{"@type":"ImageObject","inLanguage":"es","@id":"https:\/\/secure.gravatar.com\/avatar\/bb0c4a2fcb7970138239f7e404ea75757b1b507b28b5ce4c53fbd62d797c5a7c?s=96&d=mm&r=g","url":"https:\/\/secure.gravatar.com\/avatar\/bb0c4a2fcb7970138239f7e404ea75757b1b507b28b5ce4c53fbd62d797c5a7c?s=96&d=mm&r=g","contentUrl":"https:\/\/secure.gravatar.com\/avatar\/bb0c4a2fcb7970138239f7e404ea75757b1b507b28b5ce4c53fbd62d797c5a7c?s=96&d=mm&r=g","caption":"Villasmil Henry"},"logo":{"@id":"https:\/\/secure.gravatar.com\/avatar\/bb0c4a2fcb7970138239f7e404ea75757b1b507b28b5ce4c53fbd62d797c5a7c?s=96&d=mm&r=g"},"sameAs":["http:\/\/www.henryvillasmil.com.ve","https:\/\/www.instagram.com\/villasmilhfoto\/","https:\/\/x.com\/https:\/\/twitter.com\/villasmilhfoto"],"url":"https:\/\/digital58.com.ve\/site\/author\/droopy_68\/"}]}},"uagb_featured_image_src":{"full":["https:\/\/digital58.com.ve\/site\/wp-content\/uploads\/2019\/01\/ve.jpg",791,532,false],"thumbnail":["https:\/\/digital58.com.ve\/site\/wp-content\/uploads\/2019\/01\/ve-150x150.jpg",150,150,true],"medium":["https:\/\/digital58.com.ve\/site\/wp-content\/uploads\/2019\/01\/ve-300x202.jpg",300,202,true],"medium_large":["https:\/\/digital58.com.ve\/site\/wp-content\/uploads\/2019\/01\/ve-768x517.jpg",768,517,true],"large":["https:\/\/digital58.com.ve\/site\/wp-content\/uploads\/2019\/01\/ve.jpg",791,532,false],"1536x1536":["https:\/\/digital58.com.ve\/site\/wp-content\/uploads\/2019\/01\/ve.jpg",791,532,false],"2048x2048":["https:\/\/digital58.com.ve\/site\/wp-content\/uploads\/2019\/01\/ve.jpg",791,532,false],"colormag-highlighted-post":["https:\/\/digital58.com.ve\/site\/wp-content\/uploads\/2019\/01\/ve.jpg",392,264,false],"colormag-featured-post-medium":["https:\/\/digital58.com.ve\/site\/wp-content\/uploads\/2019\/01\/ve.jpg",305,205,false],"colormag-featured-post-small":["https:\/\/digital58.com.ve\/site\/wp-content\/uploads\/2019\/01\/ve.jpg",130,87,false],"colormag-featured-image":["https:\/\/digital58.com.ve\/site\/wp-content\/uploads\/2019\/01\/ve.jpg",662,445,false],"colormag-default-news":["https:\/\/digital58.com.ve\/site\/wp-content\/uploads\/2019\/01\/ve.jpg",150,101,false],"colormag-featured-image-large":["https:\/\/digital58.com.ve\/site\/wp-content\/uploads\/2019\/01\/ve.jpg",791,532,false]},"uagb_author_info":{"display_name":"Villasmil Henry","author_link":"https:\/\/digital58.com.ve\/site\/author\/droopy_68\/"},"uagb_comment_info":0,"uagb_excerpt":"El Gobierno Nacional repudi\u00f3 este domingo la \u00abactitud desafiante\u00bb de la Uni\u00f3n Europea (UE) de otorgar un plazo para la","_links":{"self":[{"href":"https:\/\/digital58.com.ve\/site\/wp-json\/wp\/v2\/posts\/83591","targetHints":{"allow":["GET"]}}],"collection":[{"href":"https:\/\/digital58.com.ve\/site\/wp-json\/wp\/v2\/posts"}],"about":[{"href":"https:\/\/digital58.com.ve\/site\/wp-json\/wp\/v2\/types\/post"}],"author":[{"embeddable":true,"href":"https:\/\/digital58.com.ve\/site\/wp-json\/wp\/v2\/users\/1"}],"replies":[{"embeddable":true,"href":"https:\/\/digital58.com.ve\/site\/wp-json\/wp\/v2\/comments?post=83591"}],"version-history":[{"count":0,"href":"https:\/\/digital58.com.ve\/site\/wp-json\/wp\/v2\/posts\/83591\/revisions"}],"wp:featuredmedia":[{"embeddable":true,"href":"https:\/\/digital58.com.ve\/site\/wp-json\/wp\/v2\/media\/83592"}],"wp:attachment":[{"href":"https:\/\/digital58.com.ve\/site\/wp-json\/wp\/v2\/media?parent=83591"}],"wp:term":[{"taxonomy":"category","embeddable":true,"href":"https:\/\/digital58.com.ve\/site\/wp-json\/wp\/v2\/categories?post=83591"},{"taxonomy":"post_tag","embeddable":true,"href":"https:\/\/digital58.com.ve\/site\/wp-json\/wp\/v2\/tags?post=83591"}],"curies":[{"name":"wp","href":"https:\/\/api.w.org\/{rel}","templated":true}]}}