{"id":83746,"date":"2019-01-31T14:04:35","date_gmt":"2019-01-31T18:04:35","guid":{"rendered":"http:\/\/digital58.com.ve\/site\/?p=83746"},"modified":"2019-01-31T14:04:35","modified_gmt":"2019-01-31T18:04:35","slug":"ligafutve-dvo-anzoategui-paolo-chacon-tuvo-un-debut-goleador","status":"publish","type":"post","link":"https:\/\/digital58.com.ve\/site\/2019\/01\/31\/ligafutve-dvo-anzoategui-paolo-chacon-tuvo-un-debut-goleador\/","title":{"rendered":"#LigaF\u00fatVe | Dvo. Anzo\u00e1tegui: Paolo Chac\u00f3n tuvo un debut goleador"},"content":{"rendered":"<p><a href=\"http:\/\/digital58.com.ve\/site\/wp-content\/uploads\/2019\/01\/paolo-chacon.jpg\"><img loading=\"lazy\" decoding=\"async\" class=\"aligncenter size-large wp-image-83747\" src=\"http:\/\/digital58.com.ve\/site\/wp-content\/uploads\/2019\/01\/paolo-chacon-1500x1000.jpg\" alt=\"\" width=\"640\" height=\"427\" srcset=\"https:\/\/digital58.com.ve\/site\/wp-content\/uploads\/2019\/01\/paolo-chacon-1500x1000.jpg 1500w, https:\/\/digital58.com.ve\/site\/wp-content\/uploads\/2019\/01\/paolo-chacon-300x200.jpg 300w, https:\/\/digital58.com.ve\/site\/wp-content\/uploads\/2019\/01\/paolo-chacon-768x512.jpg 768w, https:\/\/digital58.com.ve\/site\/wp-content\/uploads\/2019\/01\/paolo-chacon-720x480.jpg 720w, https:\/\/digital58.com.ve\/site\/wp-content\/uploads\/2019\/01\/paolo-chacon-480x320.jpg 480w, https:\/\/digital58.com.ve\/site\/wp-content\/uploads\/2019\/01\/paolo-chacon.jpg 800w\" sizes=\"auto, (max-width: 640px) 100vw, 640px\" \/><\/a><\/p>\n<p>Paolo Chac\u00f3n ten\u00eda apenas horas de haber sido presentado como nuevo refuerzo del Deportivo Anzo\u00e1tegui, y en su primera presentaci\u00f3n con los orientales, sum\u00f3 su primer tanto como profesional, en duelo v\u00e1lido por la jornada uno del Torneo Apertura 2019, que finaliz\u00f3 2-1 para Portuguesa, rival que, en el Estadio General Jos\u00e9 Antonio P\u00e1ez, dobleg\u00f3 al elenco t\u00e9cnicamente dirigido por Yoimer Segovia. A pesar de esto, el zaguero central dej\u00f3 sensaciones positivas como parte de la familia \u00abAurirroja\u00bb, aportando solidez en zona defensiva, para cada vez irse acoplando m\u00e1s a la idea del estratega arag\u00fce\u00f1o, quien decidi\u00f3 apostar por su talento desde el vamos dadas sus presentaciones recientemente realizadas.<\/p>\n<p><strong>Puerto la Cruz, Anzo\u00e1tegui, Venezuela, 31 de enero de 2019 (Noticias D58).-<\/strong> Con esta p\u00e1gina pasada, el combinado anzoatiguense enfoca todos sus esfuerzos en LALA.<\/p>\n<p>El Depor se concentra en el contrincante al que recibir\u00e1n este s\u00e1bado a las 3:30 de la tarde en el Jos\u00e9 Antonio Anzo\u00e1tegui de Puerto La Cruz, donde obtener tres puntos ser\u00e1 fundamental pensando en las aspiraciones del equipo que, tras haber tenido un inolvidable cierre de temporada en 2018.<\/p>\n<p>Intentar\u00e1 alargar una racha de cuatro encuentros consecutivos sin caer como amos del patio, midi\u00e9ndose a una instituci\u00f3n que est\u00e1 conociendo qu\u00e9 significa competir en Primera Divisi\u00f3n, categor\u00eda que les dio la bienvenida con una goleada como locales 0-5 ante Mineros de Guayana en el Centro Total de Entretenimiento Cachamay de Puerto Ordaz, teniendo como firme prop\u00f3sito hacer respetar el feudo amarillo y rojo en la b\u00fasqueda de un \u00e9xito importante.<\/p>\n<p>\u00abHicimos una presentaci\u00f3n en la cual rescato la entrega que tuvimos como grupo, porque este equipo apenas tiene tres semanas trabajando. Le agradezco a la Junta Directiva del Deportivo Anzo\u00e1tegui por darme la oportunidad de estar aqu\u00ed, comprometi\u00e9ndome a dar el m\u00e1ximo por esta camiseta\u00bb, asever\u00f3 el joven defensa, quien junto al experimentado David McIntosh, Francisco Ram\u00edrez y Alberto Cabello, dio forma a la l\u00ednea de cuatro que intent\u00f3 contener las intenciones ofensivas llaneras.<\/p>\n<p>\u00abMarcar este gol es un sue\u00f1o cumplido, pero m\u00e1s importante ser\u00e1 obtener cosas importantes en este campeonato. Apenas estamos comenzando, y desde este lunes tenemos la mira puesta en sumar una victoria como due\u00f1os de casa\u00bb, agreg\u00f3 el zaguero, listo para cada vez estar m\u00e1s adaptado a su nueva escuadra, que apuesta a la promoci\u00f3n de valores de nuevo cu\u00f1o para escribir historia formando a grandes profesionales.<\/p>\n<p>Los entrenamientos de cara al siguiente encuentro se llevan a cabo en el Salvador de la Plaza, todo en el intento de hacer realidad la meta de empezar con pie derecho en un conocido escenario, contando con el respaldo de la afici\u00f3n que dir\u00e1 presente para hacerse sentir desde los grader\u00edos que muchas historias presenciaron de la mano con sus guerreros.<\/p>\n<p><strong>Redacci\u00f3n con fuente: Prensa @dvo_anzoategui<\/strong><br \/>\n<strong>Edici\u00f3n: Villasmil, Henry<\/strong><br \/>\n<strong>Gr\u00e1ficas: cortes\u00eda Mar\u00eda Alejandra Upamo @aleupamo18<br \/>\n<\/strong><\/p>\n<p><a href=\"http:\/\/digital58.com.ve\/site\/wp-content\/uploads\/2019\/01\/paolo-chacon-2.jpg\"><img loading=\"lazy\" decoding=\"async\" class=\"aligncenter size-large wp-image-83748\" src=\"http:\/\/digital58.com.ve\/site\/wp-content\/uploads\/2019\/01\/paolo-chacon-2-1500x1000.jpg\" alt=\"\" width=\"640\" height=\"427\" srcset=\"https:\/\/digital58.com.ve\/site\/wp-content\/uploads\/2019\/01\/paolo-chacon-2-1500x1000.jpg 1500w, https:\/\/digital58.com.ve\/site\/wp-content\/uploads\/2019\/01\/paolo-chacon-2-300x200.jpg 300w, https:\/\/digital58.com.ve\/site\/wp-content\/uploads\/2019\/01\/paolo-chacon-2-768x512.jpg 768w, https:\/\/digital58.com.ve\/site\/wp-content\/uploads\/2019\/01\/paolo-chacon-2-720x480.jpg 720w, https:\/\/digital58.com.ve\/site\/wp-content\/uploads\/2019\/01\/paolo-chacon-2-480x320.jpg 480w, https:\/\/digital58.com.ve\/site\/wp-content\/uploads\/2019\/01\/paolo-chacon-2.jpg 800w\" sizes=\"auto, (max-width: 640px) 100vw, 640px\" \/><\/a><\/p><div class=\"okbnv69f1c2b85ca2c\" ><p style=\"text-align: center;\"><a href=\"https:\/\/t.me\/noticiasdigital58\" target=\"_blank\" rel=\"noopener\"><img class=\"aligncenter size-full wp-image-125363\" src=\"https:\/\/digital58.com.ve\/site\/wp-content\/uploads\/2021\/04\/banner-telegram-web-2021.png\" alt=\"\" width=\"600\" height=\"90\" \/><\/a><\/p><\/div><style type=\"text\/css\">\r\n@media screen and (min-width: 1201px) {\r\n.okbnv69f1c2b85ca2c {\r\ndisplay: block;\r\n}\r\n}\r\n@media screen and (min-width: 993px) and (max-width: 1200px) {\r\n.okbnv69f1c2b85ca2c {\r\ndisplay: block;\r\n}\r\n}\r\n@media screen and (min-width: 769px) and (max-width: 992px) {\r\n.okbnv69f1c2b85ca2c {\r\ndisplay: block;\r\n}\r\n}\r\n@media screen and (min-width: 768px) and (max-width: 768px) {\r\n.okbnv69f1c2b85ca2c {\r\ndisplay: block;\r\n}\r\n}\r\n@media screen and (max-width: 767px) {\r\n.okbnv69f1c2b85ca2c {\r\ndisplay: block;\r\n}\r\n}\r\n<\/style>\r\n\n<p>&nbsp;<\/p>\n<div style=\"margin-top: 0px; margin-bottom: 0px;\" class=\"sharethis-inline-share-buttons\" ><\/div>","protected":false},"excerpt":{"rendered":"<p>Paolo Chac\u00f3n ten\u00eda apenas horas de haber sido presentado como nuevo refuerzo del Deportivo Anzo\u00e1tegui, y en su primera presentaci\u00f3n<\/p>\n","protected":false},"author":1,"featured_media":83748,"comment_status":"open","ping_status":"closed","sticky":false,"template":"","format":"standard","meta":{"colormag_page_container_layout":"default_layout","colormag_page_sidebar_layout":"default_layout","_uag_custom_page_level_css":"","footnotes":""},"categories":[5402],"tags":[1809,471,13,14,15,25,10421,11939,233,19,6028,11938,32],"class_list":["post-83746","post","type-post","status-publish","format-standard","has-post-thumbnail","hentry","category-deportes","tag-anzoategui","tag-deportivo-anzoategui","tag-futbol","tag-futbol-venezolano","tag-futve","tag-fvf","tag-liga-futve","tag-liga-futve-2019","tag-nacionales","tag-primera-division","tag-puerto-la-cruz","tag-torneo-apertura-2019","tag-venezuela"],"yoast_head":"<!-- This site is optimized with the Yoast SEO plugin v27.5 - https:\/\/yoast.com\/product\/yoast-seo-wordpress\/ -->\n<title>#LigaF\u00fatVe | Dvo. Anzo\u00e1tegui: Paolo Chac\u00f3n tuvo un debut goleador<\/title>\n<meta name=\"robots\" content=\"index, follow, max-snippet:-1, max-image-preview:large, max-video-preview:-1\" \/>\n<link rel=\"canonical\" href=\"https:\/\/digital58.com.ve\/site\/2019\/01\/31\/ligafutve-dvo-anzoategui-paolo-chacon-tuvo-un-debut-goleador\/\" \/>\n<meta property=\"og:locale\" content=\"es_ES\" \/>\n<meta property=\"og:type\" content=\"article\" \/>\n<meta property=\"og:title\" content=\"#LigaF\u00fatVe | Dvo. Anzo\u00e1tegui: Paolo Chac\u00f3n tuvo un debut goleador\" \/>\n<meta property=\"og:url\" content=\"https:\/\/digital58.com.ve\/site\/2019\/01\/31\/ligafutve-dvo-anzoategui-paolo-chacon-tuvo-un-debut-goleador\/\" \/>\n<meta property=\"og:site_name\" content=\"Noticias Digital58\" \/>\n<meta property=\"article:published_time\" content=\"2019-01-31T18:04:35+00:00\" \/>\n<meta property=\"og:image\" content=\"https:\/\/digital58.com.ve\/site\/wp-content\/uploads\/2019\/01\/paolo-chacon-2.jpg\" \/>\n\t<meta property=\"og:image:width\" content=\"1500\" \/>\n\t<meta property=\"og:image:height\" content=\"1000\" \/>\n\t<meta property=\"og:image:type\" content=\"image\/jpeg\" \/>\n<meta name=\"author\" content=\"Villasmil Henry\" \/>\n<meta name=\"twitter:card\" content=\"summary_large_image\" \/>\n<meta name=\"twitter:creator\" content=\"@https:\/\/twitter.com\/villasmilhfoto\" \/>\n<meta name=\"twitter:site\" content=\"@villasmilhfoto\" \/>\n<meta name=\"twitter:label1\" content=\"Escrito por\" \/>\n\t<meta name=\"twitter:data1\" content=\"Villasmil Henry\" \/>\n\t<meta name=\"twitter:label2\" content=\"Tiempo estimado de lectura\" \/>\n\t<meta name=\"twitter:data2\" content=\"3 minutos\" \/>\n<script type=\"application\/ld+json\" class=\"yoast-schema-graph\">{\"@context\":\"https:\\\/\\\/schema.org\",\"@graph\":[{\"@type\":\"Article\",\"@id\":\"https:\\\/\\\/digital58.com.ve\\\/site\\\/2019\\\/01\\\/31\\\/ligafutve-dvo-anzoategui-paolo-chacon-tuvo-un-debut-goleador\\\/#article\",\"isPartOf\":{\"@id\":\"https:\\\/\\\/digital58.com.ve\\\/site\\\/2019\\\/01\\\/31\\\/ligafutve-dvo-anzoategui-paolo-chacon-tuvo-un-debut-goleador\\\/\"},\"author\":{\"name\":\"Villasmil Henry\",\"@id\":\"https:\\\/\\\/digital58.com.ve\\\/site\\\/#\\\/schema\\\/person\\\/64d1c2e4d0d4fd1b849980c4331c2951\"},\"headline\":\"#LigaF\u00fatVe | Dvo. Anzo\u00e1tegui: Paolo Chac\u00f3n tuvo un debut goleador\",\"datePublished\":\"2019-01-31T18:04:35+00:00\",\"mainEntityOfPage\":{\"@id\":\"https:\\\/\\\/digital58.com.ve\\\/site\\\/2019\\\/01\\\/31\\\/ligafutve-dvo-anzoategui-paolo-chacon-tuvo-un-debut-goleador\\\/\"},\"wordCount\":521,\"commentCount\":0,\"publisher\":{\"@id\":\"https:\\\/\\\/digital58.com.ve\\\/site\\\/#\\\/schema\\\/person\\\/64d1c2e4d0d4fd1b849980c4331c2951\"},\"image\":{\"@id\":\"https:\\\/\\\/digital58.com.ve\\\/site\\\/2019\\\/01\\\/31\\\/ligafutve-dvo-anzoategui-paolo-chacon-tuvo-un-debut-goleador\\\/#primaryimage\"},\"thumbnailUrl\":\"https:\\\/\\\/digital58.com.ve\\\/site\\\/wp-content\\\/uploads\\\/2019\\\/01\\\/paolo-chacon-2.jpg\",\"keywords\":[\"Anzo\u00e1tegui\",\"Deportivo Anzo\u00e1tegui\",\"F\u00fatbol\",\"F\u00fatbol Venezolano\",\"Futve\",\"FVF\",\"Liga F\u00fatVe\",\"Liga F\u00fatVe 2019\",\"Nacionales\",\"Primera Divisi\u00f3n\",\"Puerto la Cruz\",\"Torneo Apertura 2019\",\"Venezuela\"],\"articleSection\":[\"Deportes\"],\"inLanguage\":\"es\",\"potentialAction\":[{\"@type\":\"CommentAction\",\"name\":\"Comment\",\"target\":[\"https:\\\/\\\/digital58.com.ve\\\/site\\\/2019\\\/01\\\/31\\\/ligafutve-dvo-anzoategui-paolo-chacon-tuvo-un-debut-goleador\\\/#respond\"]}]},{\"@type\":\"WebPage\",\"@id\":\"https:\\\/\\\/digital58.com.ve\\\/site\\\/2019\\\/01\\\/31\\\/ligafutve-dvo-anzoategui-paolo-chacon-tuvo-un-debut-goleador\\\/\",\"url\":\"https:\\\/\\\/digital58.com.ve\\\/site\\\/2019\\\/01\\\/31\\\/ligafutve-dvo-anzoategui-paolo-chacon-tuvo-un-debut-goleador\\\/\",\"name\":\"#LigaF\u00fatVe | Dvo. Anzo\u00e1tegui: Paolo Chac\u00f3n tuvo un debut goleador\",\"isPartOf\":{\"@id\":\"https:\\\/\\\/digital58.com.ve\\\/site\\\/#website\"},\"primaryImageOfPage\":{\"@id\":\"https:\\\/\\\/digital58.com.ve\\\/site\\\/2019\\\/01\\\/31\\\/ligafutve-dvo-anzoategui-paolo-chacon-tuvo-un-debut-goleador\\\/#primaryimage\"},\"image\":{\"@id\":\"https:\\\/\\\/digital58.com.ve\\\/site\\\/2019\\\/01\\\/31\\\/ligafutve-dvo-anzoategui-paolo-chacon-tuvo-un-debut-goleador\\\/#primaryimage\"},\"thumbnailUrl\":\"https:\\\/\\\/digital58.com.ve\\\/site\\\/wp-content\\\/uploads\\\/2019\\\/01\\\/paolo-chacon-2.jpg\",\"datePublished\":\"2019-01-31T18:04:35+00:00\",\"breadcrumb\":{\"@id\":\"https:\\\/\\\/digital58.com.ve\\\/site\\\/2019\\\/01\\\/31\\\/ligafutve-dvo-anzoategui-paolo-chacon-tuvo-un-debut-goleador\\\/#breadcrumb\"},\"inLanguage\":\"es\",\"potentialAction\":[{\"@type\":\"ReadAction\",\"target\":[\"https:\\\/\\\/digital58.com.ve\\\/site\\\/2019\\\/01\\\/31\\\/ligafutve-dvo-anzoategui-paolo-chacon-tuvo-un-debut-goleador\\\/\"]}]},{\"@type\":\"ImageObject\",\"inLanguage\":\"es\",\"@id\":\"https:\\\/\\\/digital58.com.ve\\\/site\\\/2019\\\/01\\\/31\\\/ligafutve-dvo-anzoategui-paolo-chacon-tuvo-un-debut-goleador\\\/#primaryimage\",\"url\":\"https:\\\/\\\/digital58.com.ve\\\/site\\\/wp-content\\\/uploads\\\/2019\\\/01\\\/paolo-chacon-2.jpg\",\"contentUrl\":\"https:\\\/\\\/digital58.com.ve\\\/site\\\/wp-content\\\/uploads\\\/2019\\\/01\\\/paolo-chacon-2.jpg\",\"width\":800,\"height\":533},{\"@type\":\"BreadcrumbList\",\"@id\":\"https:\\\/\\\/digital58.com.ve\\\/site\\\/2019\\\/01\\\/31\\\/ligafutve-dvo-anzoategui-paolo-chacon-tuvo-un-debut-goleador\\\/#breadcrumb\",\"itemListElement\":[{\"@type\":\"ListItem\",\"position\":1,\"name\":\"Home\",\"item\":\"https:\\\/\\\/digital58.com.ve\\\/site\\\/\"},{\"@type\":\"ListItem\",\"position\":2,\"name\":\"#LigaF\u00fatVe | Dvo. Anzo\u00e1tegui: Paolo Chac\u00f3n tuvo un debut goleador\"}]},{\"@type\":\"WebSite\",\"@id\":\"https:\\\/\\\/digital58.com.ve\\\/site\\\/#website\",\"url\":\"https:\\\/\\\/digital58.com.ve\\\/site\\\/\",\"name\":\"Noticias Digital58\",\"description\":\"Portal de Noticias \u00a1Periodismo web de verdad! Lanzamiento web 22.11.2005 \\\/ Maracaibo, Venezuela\",\"publisher\":{\"@id\":\"https:\\\/\\\/digital58.com.ve\\\/site\\\/#\\\/schema\\\/person\\\/64d1c2e4d0d4fd1b849980c4331c2951\"},\"alternateName\":\"ND58\",\"potentialAction\":[{\"@type\":\"SearchAction\",\"target\":{\"@type\":\"EntryPoint\",\"urlTemplate\":\"https:\\\/\\\/digital58.com.ve\\\/site\\\/?s={search_term_string}\"},\"query-input\":{\"@type\":\"PropertyValueSpecification\",\"valueRequired\":true,\"valueName\":\"search_term_string\"}}],\"inLanguage\":\"es\"},{\"@type\":[\"Person\",\"Organization\"],\"@id\":\"https:\\\/\\\/digital58.com.ve\\\/site\\\/#\\\/schema\\\/person\\\/64d1c2e4d0d4fd1b849980c4331c2951\",\"name\":\"Villasmil Henry\",\"image\":{\"@type\":\"ImageObject\",\"inLanguage\":\"es\",\"@id\":\"https:\\\/\\\/secure.gravatar.com\\\/avatar\\\/bb0c4a2fcb7970138239f7e404ea75757b1b507b28b5ce4c53fbd62d797c5a7c?s=96&d=mm&r=g\",\"url\":\"https:\\\/\\\/secure.gravatar.com\\\/avatar\\\/bb0c4a2fcb7970138239f7e404ea75757b1b507b28b5ce4c53fbd62d797c5a7c?s=96&d=mm&r=g\",\"contentUrl\":\"https:\\\/\\\/secure.gravatar.com\\\/avatar\\\/bb0c4a2fcb7970138239f7e404ea75757b1b507b28b5ce4c53fbd62d797c5a7c?s=96&d=mm&r=g\",\"caption\":\"Villasmil Henry\"},\"logo\":{\"@id\":\"https:\\\/\\\/secure.gravatar.com\\\/avatar\\\/bb0c4a2fcb7970138239f7e404ea75757b1b507b28b5ce4c53fbd62d797c5a7c?s=96&d=mm&r=g\"},\"sameAs\":[\"http:\\\/\\\/www.henryvillasmil.com.ve\",\"https:\\\/\\\/www.instagram.com\\\/villasmilhfoto\\\/\",\"https:\\\/\\\/x.com\\\/https:\\\/\\\/twitter.com\\\/villasmilhfoto\"],\"url\":\"https:\\\/\\\/digital58.com.ve\\\/site\\\/author\\\/droopy_68\\\/\"}]}<\/script>\n<!-- \/ Yoast SEO plugin. -->","yoast_head_json":{"title":"#LigaF\u00fatVe | Dvo. Anzo\u00e1tegui: Paolo Chac\u00f3n tuvo un debut goleador","robots":{"index":"index","follow":"follow","max-snippet":"max-snippet:-1","max-image-preview":"max-image-preview:large","max-video-preview":"max-video-preview:-1"},"canonical":"https:\/\/digital58.com.ve\/site\/2019\/01\/31\/ligafutve-dvo-anzoategui-paolo-chacon-tuvo-un-debut-goleador\/","og_locale":"es_ES","og_type":"article","og_title":"#LigaF\u00fatVe | Dvo. Anzo\u00e1tegui: Paolo Chac\u00f3n tuvo un debut goleador","og_url":"https:\/\/digital58.com.ve\/site\/2019\/01\/31\/ligafutve-dvo-anzoategui-paolo-chacon-tuvo-un-debut-goleador\/","og_site_name":"Noticias Digital58","article_published_time":"2019-01-31T18:04:35+00:00","og_image":[{"width":1500,"height":1000,"url":"https:\/\/digital58.com.ve\/site\/wp-content\/uploads\/2019\/01\/paolo-chacon-2.jpg","type":"image\/jpeg"}],"author":"Villasmil Henry","twitter_card":"summary_large_image","twitter_creator":"@https:\/\/twitter.com\/villasmilhfoto","twitter_site":"@villasmilhfoto","twitter_misc":{"Escrito por":"Villasmil Henry","Tiempo estimado de lectura":"3 minutos"},"schema":{"@context":"https:\/\/schema.org","@graph":[{"@type":"Article","@id":"https:\/\/digital58.com.ve\/site\/2019\/01\/31\/ligafutve-dvo-anzoategui-paolo-chacon-tuvo-un-debut-goleador\/#article","isPartOf":{"@id":"https:\/\/digital58.com.ve\/site\/2019\/01\/31\/ligafutve-dvo-anzoategui-paolo-chacon-tuvo-un-debut-goleador\/"},"author":{"name":"Villasmil Henry","@id":"https:\/\/digital58.com.ve\/site\/#\/schema\/person\/64d1c2e4d0d4fd1b849980c4331c2951"},"headline":"#LigaF\u00fatVe | Dvo. Anzo\u00e1tegui: Paolo Chac\u00f3n tuvo un debut goleador","datePublished":"2019-01-31T18:04:35+00:00","mainEntityOfPage":{"@id":"https:\/\/digital58.com.ve\/site\/2019\/01\/31\/ligafutve-dvo-anzoategui-paolo-chacon-tuvo-un-debut-goleador\/"},"wordCount":521,"commentCount":0,"publisher":{"@id":"https:\/\/digital58.com.ve\/site\/#\/schema\/person\/64d1c2e4d0d4fd1b849980c4331c2951"},"image":{"@id":"https:\/\/digital58.com.ve\/site\/2019\/01\/31\/ligafutve-dvo-anzoategui-paolo-chacon-tuvo-un-debut-goleador\/#primaryimage"},"thumbnailUrl":"https:\/\/digital58.com.ve\/site\/wp-content\/uploads\/2019\/01\/paolo-chacon-2.jpg","keywords":["Anzo\u00e1tegui","Deportivo Anzo\u00e1tegui","F\u00fatbol","F\u00fatbol Venezolano","Futve","FVF","Liga F\u00fatVe","Liga F\u00fatVe 2019","Nacionales","Primera Divisi\u00f3n","Puerto la Cruz","Torneo Apertura 2019","Venezuela"],"articleSection":["Deportes"],"inLanguage":"es","potentialAction":[{"@type":"CommentAction","name":"Comment","target":["https:\/\/digital58.com.ve\/site\/2019\/01\/31\/ligafutve-dvo-anzoategui-paolo-chacon-tuvo-un-debut-goleador\/#respond"]}]},{"@type":"WebPage","@id":"https:\/\/digital58.com.ve\/site\/2019\/01\/31\/ligafutve-dvo-anzoategui-paolo-chacon-tuvo-un-debut-goleador\/","url":"https:\/\/digital58.com.ve\/site\/2019\/01\/31\/ligafutve-dvo-anzoategui-paolo-chacon-tuvo-un-debut-goleador\/","name":"#LigaF\u00fatVe | Dvo. Anzo\u00e1tegui: Paolo Chac\u00f3n tuvo un debut goleador","isPartOf":{"@id":"https:\/\/digital58.com.ve\/site\/#website"},"primaryImageOfPage":{"@id":"https:\/\/digital58.com.ve\/site\/2019\/01\/31\/ligafutve-dvo-anzoategui-paolo-chacon-tuvo-un-debut-goleador\/#primaryimage"},"image":{"@id":"https:\/\/digital58.com.ve\/site\/2019\/01\/31\/ligafutve-dvo-anzoategui-paolo-chacon-tuvo-un-debut-goleador\/#primaryimage"},"thumbnailUrl":"https:\/\/digital58.com.ve\/site\/wp-content\/uploads\/2019\/01\/paolo-chacon-2.jpg","datePublished":"2019-01-31T18:04:35+00:00","breadcrumb":{"@id":"https:\/\/digital58.com.ve\/site\/2019\/01\/31\/ligafutve-dvo-anzoategui-paolo-chacon-tuvo-un-debut-goleador\/#breadcrumb"},"inLanguage":"es","potentialAction":[{"@type":"ReadAction","target":["https:\/\/digital58.com.ve\/site\/2019\/01\/31\/ligafutve-dvo-anzoategui-paolo-chacon-tuvo-un-debut-goleador\/"]}]},{"@type":"ImageObject","inLanguage":"es","@id":"https:\/\/digital58.com.ve\/site\/2019\/01\/31\/ligafutve-dvo-anzoategui-paolo-chacon-tuvo-un-debut-goleador\/#primaryimage","url":"https:\/\/digital58.com.ve\/site\/wp-content\/uploads\/2019\/01\/paolo-chacon-2.jpg","contentUrl":"https:\/\/digital58.com.ve\/site\/wp-content\/uploads\/2019\/01\/paolo-chacon-2.jpg","width":800,"height":533},{"@type":"BreadcrumbList","@id":"https:\/\/digital58.com.ve\/site\/2019\/01\/31\/ligafutve-dvo-anzoategui-paolo-chacon-tuvo-un-debut-goleador\/#breadcrumb","itemListElement":[{"@type":"ListItem","position":1,"name":"Home","item":"https:\/\/digital58.com.ve\/site\/"},{"@type":"ListItem","position":2,"name":"#LigaF\u00fatVe | Dvo. Anzo\u00e1tegui: Paolo Chac\u00f3n tuvo un debut goleador"}]},{"@type":"WebSite","@id":"https:\/\/digital58.com.ve\/site\/#website","url":"https:\/\/digital58.com.ve\/site\/","name":"Noticias Digital58","description":"Portal de Noticias \u00a1Periodismo web de verdad! Lanzamiento web 22.11.2005 \/ Maracaibo, Venezuela","publisher":{"@id":"https:\/\/digital58.com.ve\/site\/#\/schema\/person\/64d1c2e4d0d4fd1b849980c4331c2951"},"alternateName":"ND58","potentialAction":[{"@type":"SearchAction","target":{"@type":"EntryPoint","urlTemplate":"https:\/\/digital58.com.ve\/site\/?s={search_term_string}"},"query-input":{"@type":"PropertyValueSpecification","valueRequired":true,"valueName":"search_term_string"}}],"inLanguage":"es"},{"@type":["Person","Organization"],"@id":"https:\/\/digital58.com.ve\/site\/#\/schema\/person\/64d1c2e4d0d4fd1b849980c4331c2951","name":"Villasmil Henry","image":{"@type":"ImageObject","inLanguage":"es","@id":"https:\/\/secure.gravatar.com\/avatar\/bb0c4a2fcb7970138239f7e404ea75757b1b507b28b5ce4c53fbd62d797c5a7c?s=96&d=mm&r=g","url":"https:\/\/secure.gravatar.com\/avatar\/bb0c4a2fcb7970138239f7e404ea75757b1b507b28b5ce4c53fbd62d797c5a7c?s=96&d=mm&r=g","contentUrl":"https:\/\/secure.gravatar.com\/avatar\/bb0c4a2fcb7970138239f7e404ea75757b1b507b28b5ce4c53fbd62d797c5a7c?s=96&d=mm&r=g","caption":"Villasmil Henry"},"logo":{"@id":"https:\/\/secure.gravatar.com\/avatar\/bb0c4a2fcb7970138239f7e404ea75757b1b507b28b5ce4c53fbd62d797c5a7c?s=96&d=mm&r=g"},"sameAs":["http:\/\/www.henryvillasmil.com.ve","https:\/\/www.instagram.com\/villasmilhfoto\/","https:\/\/x.com\/https:\/\/twitter.com\/villasmilhfoto"],"url":"https:\/\/digital58.com.ve\/site\/author\/droopy_68\/"}]}},"uagb_featured_image_src":{"full":["https:\/\/digital58.com.ve\/site\/wp-content\/uploads\/2019\/01\/paolo-chacon-2.jpg",800,533,false],"thumbnail":["https:\/\/digital58.com.ve\/site\/wp-content\/uploads\/2019\/01\/paolo-chacon-2-150x150.jpg",150,150,true],"medium":["https:\/\/digital58.com.ve\/site\/wp-content\/uploads\/2019\/01\/paolo-chacon-2-300x200.jpg",300,200,true],"medium_large":["https:\/\/digital58.com.ve\/site\/wp-content\/uploads\/2019\/01\/paolo-chacon-2-768x512.jpg",768,512,true],"large":["https:\/\/digital58.com.ve\/site\/wp-content\/uploads\/2019\/01\/paolo-chacon-2-1500x1000.jpg",800,533,true],"1536x1536":["https:\/\/digital58.com.ve\/site\/wp-content\/uploads\/2019\/01\/paolo-chacon-2.jpg",800,533,false],"2048x2048":["https:\/\/digital58.com.ve\/site\/wp-content\/uploads\/2019\/01\/paolo-chacon-2.jpg",800,533,false],"colormag-highlighted-post":["https:\/\/digital58.com.ve\/site\/wp-content\/uploads\/2019\/01\/paolo-chacon-2.jpg",392,261,false],"colormag-featured-post-medium":["https:\/\/digital58.com.ve\/site\/wp-content\/uploads\/2019\/01\/paolo-chacon-2.jpg",308,205,false],"colormag-featured-post-small":["https:\/\/digital58.com.ve\/site\/wp-content\/uploads\/2019\/01\/paolo-chacon-2.jpg",130,87,false],"colormag-featured-image":["https:\/\/digital58.com.ve\/site\/wp-content\/uploads\/2019\/01\/paolo-chacon-2.jpg",668,445,false],"colormag-default-news":["https:\/\/digital58.com.ve\/site\/wp-content\/uploads\/2019\/01\/paolo-chacon-2.jpg",150,100,false],"colormag-featured-image-large":["https:\/\/digital58.com.ve\/site\/wp-content\/uploads\/2019\/01\/paolo-chacon-2.jpg",800,533,false]},"uagb_author_info":{"display_name":"Villasmil Henry","author_link":"https:\/\/digital58.com.ve\/site\/author\/droopy_68\/"},"uagb_comment_info":0,"uagb_excerpt":"Paolo Chac\u00f3n ten\u00eda apenas horas de haber sido presentado como nuevo refuerzo del Deportivo Anzo\u00e1tegui, y en su primera presentaci\u00f3n","_links":{"self":[{"href":"https:\/\/digital58.com.ve\/site\/wp-json\/wp\/v2\/posts\/83746","targetHints":{"allow":["GET"]}}],"collection":[{"href":"https:\/\/digital58.com.ve\/site\/wp-json\/wp\/v2\/posts"}],"about":[{"href":"https:\/\/digital58.com.ve\/site\/wp-json\/wp\/v2\/types\/post"}],"author":[{"embeddable":true,"href":"https:\/\/digital58.com.ve\/site\/wp-json\/wp\/v2\/users\/1"}],"replies":[{"embeddable":true,"href":"https:\/\/digital58.com.ve\/site\/wp-json\/wp\/v2\/comments?post=83746"}],"version-history":[{"count":0,"href":"https:\/\/digital58.com.ve\/site\/wp-json\/wp\/v2\/posts\/83746\/revisions"}],"wp:featuredmedia":[{"embeddable":true,"href":"https:\/\/digital58.com.ve\/site\/wp-json\/wp\/v2\/media\/83748"}],"wp:attachment":[{"href":"https:\/\/digital58.com.ve\/site\/wp-json\/wp\/v2\/media?parent=83746"}],"wp:term":[{"taxonomy":"category","embeddable":true,"href":"https:\/\/digital58.com.ve\/site\/wp-json\/wp\/v2\/categories?post=83746"},{"taxonomy":"post_tag","embeddable":true,"href":"https:\/\/digital58.com.ve\/site\/wp-json\/wp\/v2\/tags?post=83746"}],"curies":[{"name":"wp","href":"https:\/\/api.w.org\/{rel}","templated":true}]}}