{"id":83750,"date":"2019-01-31T14:17:34","date_gmt":"2019-01-31T18:17:34","guid":{"rendered":"http:\/\/digital58.com.ve\/site\/?p=83750"},"modified":"2019-01-31T14:17:34","modified_gmt":"2019-01-31T18:17:34","slug":"ac2futve-titanes-fc-fichaje-con-sabor-colombiano","status":"publish","type":"post","link":"https:\/\/digital58.com.ve\/site\/2019\/01\/31\/ac2futve-titanes-fc-fichaje-con-sabor-colombiano\/","title":{"rendered":"#AC2F\u00fatVE | Titanes FC: fichaje con sabor colombiano"},"content":{"rendered":"<p><a href=\"http:\/\/digital58.com.ve\/site\/wp-content\/uploads\/2019\/01\/renteria.jpg\"><img loading=\"lazy\" decoding=\"async\" class=\"aligncenter size-full wp-image-83751\" src=\"http:\/\/digital58.com.ve\/site\/wp-content\/uploads\/2019\/01\/renteria.jpg\" alt=\"\" width=\"800\" height=\"800\" srcset=\"https:\/\/digital58.com.ve\/site\/wp-content\/uploads\/2019\/01\/renteria.jpg 600w, https:\/\/digital58.com.ve\/site\/wp-content\/uploads\/2019\/01\/renteria-150x150.jpg 150w, https:\/\/digital58.com.ve\/site\/wp-content\/uploads\/2019\/01\/renteria-300x300.jpg 300w, https:\/\/digital58.com.ve\/site\/wp-content\/uploads\/2019\/01\/renteria-768x768.jpg 768w\" sizes=\"auto, (max-width: 800px) 100vw, 800px\" \/><\/a><\/p>\n<p>H\u00e9ctor Renter\u00eda llega a Titanes F\u00fatbol Club Maracaibo para aportar su cuota goleador, convirti\u00e9ndose en el sexto refuerzo del conjunto maracaibero para el venidero semestre d\u00f3nde afrontar\u00e1n el torneo Apertura de la Segunda Divisi\u00f3n<\/p>\n<p><strong>Maracaibo, Zulia, Venezuela, 31 de enero de 2019 (Noticias D58).-<\/strong> El joven de nacionalidad colombiana ya se encuentra con el equipo cumpliendo con la etapa de pretemporada del \u00abBicolor\u00bb maracaibero.<\/p>\n<p>\u00abGracias a Dios todo est\u00e1 bien, le agradezco a mis compa\u00f1eros que son excelentes personas y jugadores por el recibimiento que me han dado y a la directiva por la confianza\u00bb, manifest\u00f3 el jugador de 25 a\u00f1os.<\/p>\n<p>\u00abEspero poder aportar algo bueno al equipo, el objetivo principal es llegar a la primera divisi\u00f3n y tenemos bases para lograrlo\u00bb, apunt\u00f3 el atacante a\u00f1adiendo sentirte contento con el director t\u00e9cnico Leonel Vielma y su ideolog\u00eda dentro del engramado.<\/p>\n<p>\u00abHa sido una pretemporada fuerte con muchos trabajos t\u00e9cnicos y armada de jugadas. Para lograr un objetivo se necesita trabajar duro cada d\u00eda hasta llegar a la meta\u00bb, finaliz\u00f3.<\/p>\n<p>El oriundo de San Andr\u00e9s de Tumaco lleva una larga trayectoria dentro del f\u00fatbol, en el pa\u00eds hermano jug\u00f3 en equipos como Renacer F\u00fatbol Club y Boyac\u00e1 F\u00fatbol Club donde destacaba por su manera de marcar goles.<\/p>\n<p>H\u00e9ctor Renter\u00eda conoce bien la ciudad de Maracaibo ya que para la pasada campa\u00f1a del Torneo Clausura se uni\u00f3 a las filas del Deportivo JBL.<\/p>\n<p><strong>Ficha t\u00e9cnica:<\/strong><\/p>\n<p><strong>Nombre:<\/strong> H\u00e9ctor Luis Renter\u00eda Rivera<\/p>\n<p><strong>Fecha de nacimiento:<\/strong> 22 de diciembre de 1994<\/p>\n<p><strong>Edad:<\/strong> 25 a\u00f1os.<\/p>\n<p><strong>Lugar de Nacimiento:<\/strong> San Andr\u00e9s de Tumaco<\/p>\n<p><strong>Nacionalidad:<\/strong> Colombiana<\/p>\n<p><strong>Estatura:<\/strong> 1.91 Mts<\/p>\n<p><strong>Peso:<\/strong> 80 kg<\/p>\n<p><strong>Equipo de procedencia:<\/strong> Deportivo JBL<\/p>\n<p><strong>Redacci\u00f3n con fuente: Prensa @tfcmaracaibo<\/strong><br \/>\n<strong>Edici\u00f3n: Villasmil, Henry<\/strong><br \/>\n<strong>Gr\u00e1fica: cortes\u00eda @tfcmaracaibo<\/strong><\/p><div class=\"hnybv69f1b2b8971a3\" ><p style=\"text-align: center;\"><a href=\"https:\/\/t.me\/noticiasdigital58\" target=\"_blank\" rel=\"noopener\"><img class=\"aligncenter size-full wp-image-125363\" src=\"https:\/\/digital58.com.ve\/site\/wp-content\/uploads\/2021\/04\/banner-telegram-web-2021.png\" alt=\"\" width=\"600\" height=\"90\" \/><\/a><\/p><\/div><style type=\"text\/css\">\r\n@media screen and (min-width: 1201px) {\r\n.hnybv69f1b2b8971a3 {\r\ndisplay: block;\r\n}\r\n}\r\n@media screen and (min-width: 993px) and (max-width: 1200px) {\r\n.hnybv69f1b2b8971a3 {\r\ndisplay: block;\r\n}\r\n}\r\n@media screen and (min-width: 769px) and (max-width: 992px) {\r\n.hnybv69f1b2b8971a3 {\r\ndisplay: block;\r\n}\r\n}\r\n@media screen and (min-width: 768px) and (max-width: 768px) {\r\n.hnybv69f1b2b8971a3 {\r\ndisplay: block;\r\n}\r\n}\r\n@media screen and (max-width: 767px) {\r\n.hnybv69f1b2b8971a3 {\r\ndisplay: block;\r\n}\r\n}\r\n<\/style>\r\n\n<p>&nbsp;<\/p>\n<div style=\"margin-top: 0px; margin-bottom: 0px;\" class=\"sharethis-inline-share-buttons\" ><\/div>","protected":false},"excerpt":{"rendered":"<p>H\u00e9ctor Renter\u00eda llega a Titanes F\u00fatbol Club Maracaibo para aportar su cuota goleador, convirti\u00e9ndose en el sexto refuerzo del conjunto<\/p>\n","protected":false},"author":1,"featured_media":83751,"comment_status":"open","ping_status":"closed","sticky":false,"template":"","format":"standard","meta":{"colormag_page_container_layout":"default_layout","colormag_page_sidebar_layout":"default_layout","_uag_custom_page_level_css":"","footnotes":""},"categories":[5402],"tags":[6791,11916,13,14,15,11899,25,73,2354,16,11974,32,761],"class_list":["post-83750","post","type-post","status-publish","format-standard","has-post-thumbnail","hentry","category-deportes","tag-ac2futve","tag-ac2futve-2019","tag-futbol","tag-futbol-venezolano","tag-futve","tag-futve-pretemporada-2019","tag-fvf","tag-maracaibo","tag-regionales","tag-segunda-division","tag-titanes-futbol-club-maracaibo","tag-venezuela","tag-zulia"],"yoast_head":"<!-- This site is optimized with the Yoast SEO plugin v27.5 - https:\/\/yoast.com\/product\/yoast-seo-wordpress\/ -->\n<title>#AC2F\u00fatVE | Titanes FC: fichaje con sabor colombiano<\/title>\n<meta name=\"robots\" content=\"index, follow, max-snippet:-1, max-image-preview:large, max-video-preview:-1\" \/>\n<link rel=\"canonical\" href=\"https:\/\/digital58.com.ve\/site\/2019\/01\/31\/ac2futve-titanes-fc-fichaje-con-sabor-colombiano\/\" \/>\n<meta property=\"og:locale\" content=\"es_ES\" \/>\n<meta property=\"og:type\" content=\"article\" \/>\n<meta property=\"og:title\" content=\"#AC2F\u00fatVE | Titanes FC: fichaje con sabor colombiano\" \/>\n<meta property=\"og:url\" content=\"https:\/\/digital58.com.ve\/site\/2019\/01\/31\/ac2futve-titanes-fc-fichaje-con-sabor-colombiano\/\" \/>\n<meta property=\"og:site_name\" content=\"Noticias Digital58\" \/>\n<meta property=\"article:published_time\" content=\"2019-01-31T18:17:34+00:00\" \/>\n<meta property=\"og:image\" content=\"https:\/\/digital58.com.ve\/site\/wp-content\/uploads\/2019\/01\/renteria.jpg\" \/>\n\t<meta property=\"og:image:width\" content=\"800\" \/>\n\t<meta property=\"og:image:height\" content=\"800\" \/>\n\t<meta property=\"og:image:type\" content=\"image\/jpeg\" \/>\n<meta name=\"author\" content=\"Villasmil Henry\" \/>\n<meta name=\"twitter:card\" content=\"summary_large_image\" \/>\n<meta name=\"twitter:creator\" content=\"@https:\/\/twitter.com\/villasmilhfoto\" \/>\n<meta name=\"twitter:site\" content=\"@villasmilhfoto\" \/>\n<meta name=\"twitter:label1\" content=\"Escrito por\" \/>\n\t<meta name=\"twitter:data1\" content=\"Villasmil Henry\" \/>\n\t<meta name=\"twitter:label2\" content=\"Tiempo estimado de lectura\" \/>\n\t<meta name=\"twitter:data2\" content=\"2 minutos\" \/>\n<script type=\"application\/ld+json\" class=\"yoast-schema-graph\">{\"@context\":\"https:\\\/\\\/schema.org\",\"@graph\":[{\"@type\":\"Article\",\"@id\":\"https:\\\/\\\/digital58.com.ve\\\/site\\\/2019\\\/01\\\/31\\\/ac2futve-titanes-fc-fichaje-con-sabor-colombiano\\\/#article\",\"isPartOf\":{\"@id\":\"https:\\\/\\\/digital58.com.ve\\\/site\\\/2019\\\/01\\\/31\\\/ac2futve-titanes-fc-fichaje-con-sabor-colombiano\\\/\"},\"author\":{\"name\":\"Villasmil Henry\",\"@id\":\"https:\\\/\\\/digital58.com.ve\\\/site\\\/#\\\/schema\\\/person\\\/64d1c2e4d0d4fd1b849980c4331c2951\"},\"headline\":\"#AC2F\u00fatVE | Titanes FC: fichaje con sabor colombiano\",\"datePublished\":\"2019-01-31T18:17:34+00:00\",\"mainEntityOfPage\":{\"@id\":\"https:\\\/\\\/digital58.com.ve\\\/site\\\/2019\\\/01\\\/31\\\/ac2futve-titanes-fc-fichaje-con-sabor-colombiano\\\/\"},\"wordCount\":315,\"commentCount\":0,\"publisher\":{\"@id\":\"https:\\\/\\\/digital58.com.ve\\\/site\\\/#\\\/schema\\\/person\\\/64d1c2e4d0d4fd1b849980c4331c2951\"},\"image\":{\"@id\":\"https:\\\/\\\/digital58.com.ve\\\/site\\\/2019\\\/01\\\/31\\\/ac2futve-titanes-fc-fichaje-con-sabor-colombiano\\\/#primaryimage\"},\"thumbnailUrl\":\"https:\\\/\\\/digital58.com.ve\\\/site\\\/wp-content\\\/uploads\\\/2019\\\/01\\\/renteria.jpg\",\"keywords\":[\"AC2F\u00fatVe\",\"AC2F\u00fatVe 2019\",\"F\u00fatbol\",\"F\u00fatbol Venezolano\",\"Futve\",\"F\u00fatVe Pretemporada 2019\",\"FVF\",\"Maracaibo\",\"Regionales\",\"Segunda Divisi\u00f3n\",\"Titanes F\u00fatbol Club Maracaibo\",\"Venezuela\",\"Zulia\"],\"articleSection\":[\"Deportes\"],\"inLanguage\":\"es\",\"potentialAction\":[{\"@type\":\"CommentAction\",\"name\":\"Comment\",\"target\":[\"https:\\\/\\\/digital58.com.ve\\\/site\\\/2019\\\/01\\\/31\\\/ac2futve-titanes-fc-fichaje-con-sabor-colombiano\\\/#respond\"]}]},{\"@type\":\"WebPage\",\"@id\":\"https:\\\/\\\/digital58.com.ve\\\/site\\\/2019\\\/01\\\/31\\\/ac2futve-titanes-fc-fichaje-con-sabor-colombiano\\\/\",\"url\":\"https:\\\/\\\/digital58.com.ve\\\/site\\\/2019\\\/01\\\/31\\\/ac2futve-titanes-fc-fichaje-con-sabor-colombiano\\\/\",\"name\":\"#AC2F\u00fatVE | Titanes FC: fichaje con sabor colombiano\",\"isPartOf\":{\"@id\":\"https:\\\/\\\/digital58.com.ve\\\/site\\\/#website\"},\"primaryImageOfPage\":{\"@id\":\"https:\\\/\\\/digital58.com.ve\\\/site\\\/2019\\\/01\\\/31\\\/ac2futve-titanes-fc-fichaje-con-sabor-colombiano\\\/#primaryimage\"},\"image\":{\"@id\":\"https:\\\/\\\/digital58.com.ve\\\/site\\\/2019\\\/01\\\/31\\\/ac2futve-titanes-fc-fichaje-con-sabor-colombiano\\\/#primaryimage\"},\"thumbnailUrl\":\"https:\\\/\\\/digital58.com.ve\\\/site\\\/wp-content\\\/uploads\\\/2019\\\/01\\\/renteria.jpg\",\"datePublished\":\"2019-01-31T18:17:34+00:00\",\"breadcrumb\":{\"@id\":\"https:\\\/\\\/digital58.com.ve\\\/site\\\/2019\\\/01\\\/31\\\/ac2futve-titanes-fc-fichaje-con-sabor-colombiano\\\/#breadcrumb\"},\"inLanguage\":\"es\",\"potentialAction\":[{\"@type\":\"ReadAction\",\"target\":[\"https:\\\/\\\/digital58.com.ve\\\/site\\\/2019\\\/01\\\/31\\\/ac2futve-titanes-fc-fichaje-con-sabor-colombiano\\\/\"]}]},{\"@type\":\"ImageObject\",\"inLanguage\":\"es\",\"@id\":\"https:\\\/\\\/digital58.com.ve\\\/site\\\/2019\\\/01\\\/31\\\/ac2futve-titanes-fc-fichaje-con-sabor-colombiano\\\/#primaryimage\",\"url\":\"https:\\\/\\\/digital58.com.ve\\\/site\\\/wp-content\\\/uploads\\\/2019\\\/01\\\/renteria.jpg\",\"contentUrl\":\"https:\\\/\\\/digital58.com.ve\\\/site\\\/wp-content\\\/uploads\\\/2019\\\/01\\\/renteria.jpg\",\"width\":600,\"height\":600},{\"@type\":\"BreadcrumbList\",\"@id\":\"https:\\\/\\\/digital58.com.ve\\\/site\\\/2019\\\/01\\\/31\\\/ac2futve-titanes-fc-fichaje-con-sabor-colombiano\\\/#breadcrumb\",\"itemListElement\":[{\"@type\":\"ListItem\",\"position\":1,\"name\":\"Home\",\"item\":\"https:\\\/\\\/digital58.com.ve\\\/site\\\/\"},{\"@type\":\"ListItem\",\"position\":2,\"name\":\"#AC2F\u00fatVE | Titanes FC: fichaje con sabor colombiano\"}]},{\"@type\":\"WebSite\",\"@id\":\"https:\\\/\\\/digital58.com.ve\\\/site\\\/#website\",\"url\":\"https:\\\/\\\/digital58.com.ve\\\/site\\\/\",\"name\":\"Noticias Digital58\",\"description\":\"Portal de Noticias \u00a1Periodismo web de verdad! Lanzamiento web 22.11.2005 \\\/ Maracaibo, Venezuela\",\"publisher\":{\"@id\":\"https:\\\/\\\/digital58.com.ve\\\/site\\\/#\\\/schema\\\/person\\\/64d1c2e4d0d4fd1b849980c4331c2951\"},\"alternateName\":\"ND58\",\"potentialAction\":[{\"@type\":\"SearchAction\",\"target\":{\"@type\":\"EntryPoint\",\"urlTemplate\":\"https:\\\/\\\/digital58.com.ve\\\/site\\\/?s={search_term_string}\"},\"query-input\":{\"@type\":\"PropertyValueSpecification\",\"valueRequired\":true,\"valueName\":\"search_term_string\"}}],\"inLanguage\":\"es\"},{\"@type\":[\"Person\",\"Organization\"],\"@id\":\"https:\\\/\\\/digital58.com.ve\\\/site\\\/#\\\/schema\\\/person\\\/64d1c2e4d0d4fd1b849980c4331c2951\",\"name\":\"Villasmil Henry\",\"image\":{\"@type\":\"ImageObject\",\"inLanguage\":\"es\",\"@id\":\"https:\\\/\\\/secure.gravatar.com\\\/avatar\\\/bb0c4a2fcb7970138239f7e404ea75757b1b507b28b5ce4c53fbd62d797c5a7c?s=96&d=mm&r=g\",\"url\":\"https:\\\/\\\/secure.gravatar.com\\\/avatar\\\/bb0c4a2fcb7970138239f7e404ea75757b1b507b28b5ce4c53fbd62d797c5a7c?s=96&d=mm&r=g\",\"contentUrl\":\"https:\\\/\\\/secure.gravatar.com\\\/avatar\\\/bb0c4a2fcb7970138239f7e404ea75757b1b507b28b5ce4c53fbd62d797c5a7c?s=96&d=mm&r=g\",\"caption\":\"Villasmil Henry\"},\"logo\":{\"@id\":\"https:\\\/\\\/secure.gravatar.com\\\/avatar\\\/bb0c4a2fcb7970138239f7e404ea75757b1b507b28b5ce4c53fbd62d797c5a7c?s=96&d=mm&r=g\"},\"sameAs\":[\"http:\\\/\\\/www.henryvillasmil.com.ve\",\"https:\\\/\\\/www.instagram.com\\\/villasmilhfoto\\\/\",\"https:\\\/\\\/x.com\\\/https:\\\/\\\/twitter.com\\\/villasmilhfoto\"],\"url\":\"https:\\\/\\\/digital58.com.ve\\\/site\\\/author\\\/droopy_68\\\/\"}]}<\/script>\n<!-- \/ Yoast SEO plugin. -->","yoast_head_json":{"title":"#AC2F\u00fatVE | Titanes FC: fichaje con sabor colombiano","robots":{"index":"index","follow":"follow","max-snippet":"max-snippet:-1","max-image-preview":"max-image-preview:large","max-video-preview":"max-video-preview:-1"},"canonical":"https:\/\/digital58.com.ve\/site\/2019\/01\/31\/ac2futve-titanes-fc-fichaje-con-sabor-colombiano\/","og_locale":"es_ES","og_type":"article","og_title":"#AC2F\u00fatVE | Titanes FC: fichaje con sabor colombiano","og_url":"https:\/\/digital58.com.ve\/site\/2019\/01\/31\/ac2futve-titanes-fc-fichaje-con-sabor-colombiano\/","og_site_name":"Noticias Digital58","article_published_time":"2019-01-31T18:17:34+00:00","og_image":[{"width":800,"height":800,"url":"https:\/\/digital58.com.ve\/site\/wp-content\/uploads\/2019\/01\/renteria.jpg","type":"image\/jpeg"}],"author":"Villasmil Henry","twitter_card":"summary_large_image","twitter_creator":"@https:\/\/twitter.com\/villasmilhfoto","twitter_site":"@villasmilhfoto","twitter_misc":{"Escrito por":"Villasmil Henry","Tiempo estimado de lectura":"2 minutos"},"schema":{"@context":"https:\/\/schema.org","@graph":[{"@type":"Article","@id":"https:\/\/digital58.com.ve\/site\/2019\/01\/31\/ac2futve-titanes-fc-fichaje-con-sabor-colombiano\/#article","isPartOf":{"@id":"https:\/\/digital58.com.ve\/site\/2019\/01\/31\/ac2futve-titanes-fc-fichaje-con-sabor-colombiano\/"},"author":{"name":"Villasmil Henry","@id":"https:\/\/digital58.com.ve\/site\/#\/schema\/person\/64d1c2e4d0d4fd1b849980c4331c2951"},"headline":"#AC2F\u00fatVE | Titanes FC: fichaje con sabor colombiano","datePublished":"2019-01-31T18:17:34+00:00","mainEntityOfPage":{"@id":"https:\/\/digital58.com.ve\/site\/2019\/01\/31\/ac2futve-titanes-fc-fichaje-con-sabor-colombiano\/"},"wordCount":315,"commentCount":0,"publisher":{"@id":"https:\/\/digital58.com.ve\/site\/#\/schema\/person\/64d1c2e4d0d4fd1b849980c4331c2951"},"image":{"@id":"https:\/\/digital58.com.ve\/site\/2019\/01\/31\/ac2futve-titanes-fc-fichaje-con-sabor-colombiano\/#primaryimage"},"thumbnailUrl":"https:\/\/digital58.com.ve\/site\/wp-content\/uploads\/2019\/01\/renteria.jpg","keywords":["AC2F\u00fatVe","AC2F\u00fatVe 2019","F\u00fatbol","F\u00fatbol Venezolano","Futve","F\u00fatVe Pretemporada 2019","FVF","Maracaibo","Regionales","Segunda Divisi\u00f3n","Titanes F\u00fatbol Club Maracaibo","Venezuela","Zulia"],"articleSection":["Deportes"],"inLanguage":"es","potentialAction":[{"@type":"CommentAction","name":"Comment","target":["https:\/\/digital58.com.ve\/site\/2019\/01\/31\/ac2futve-titanes-fc-fichaje-con-sabor-colombiano\/#respond"]}]},{"@type":"WebPage","@id":"https:\/\/digital58.com.ve\/site\/2019\/01\/31\/ac2futve-titanes-fc-fichaje-con-sabor-colombiano\/","url":"https:\/\/digital58.com.ve\/site\/2019\/01\/31\/ac2futve-titanes-fc-fichaje-con-sabor-colombiano\/","name":"#AC2F\u00fatVE | Titanes FC: fichaje con sabor colombiano","isPartOf":{"@id":"https:\/\/digital58.com.ve\/site\/#website"},"primaryImageOfPage":{"@id":"https:\/\/digital58.com.ve\/site\/2019\/01\/31\/ac2futve-titanes-fc-fichaje-con-sabor-colombiano\/#primaryimage"},"image":{"@id":"https:\/\/digital58.com.ve\/site\/2019\/01\/31\/ac2futve-titanes-fc-fichaje-con-sabor-colombiano\/#primaryimage"},"thumbnailUrl":"https:\/\/digital58.com.ve\/site\/wp-content\/uploads\/2019\/01\/renteria.jpg","datePublished":"2019-01-31T18:17:34+00:00","breadcrumb":{"@id":"https:\/\/digital58.com.ve\/site\/2019\/01\/31\/ac2futve-titanes-fc-fichaje-con-sabor-colombiano\/#breadcrumb"},"inLanguage":"es","potentialAction":[{"@type":"ReadAction","target":["https:\/\/digital58.com.ve\/site\/2019\/01\/31\/ac2futve-titanes-fc-fichaje-con-sabor-colombiano\/"]}]},{"@type":"ImageObject","inLanguage":"es","@id":"https:\/\/digital58.com.ve\/site\/2019\/01\/31\/ac2futve-titanes-fc-fichaje-con-sabor-colombiano\/#primaryimage","url":"https:\/\/digital58.com.ve\/site\/wp-content\/uploads\/2019\/01\/renteria.jpg","contentUrl":"https:\/\/digital58.com.ve\/site\/wp-content\/uploads\/2019\/01\/renteria.jpg","width":600,"height":600},{"@type":"BreadcrumbList","@id":"https:\/\/digital58.com.ve\/site\/2019\/01\/31\/ac2futve-titanes-fc-fichaje-con-sabor-colombiano\/#breadcrumb","itemListElement":[{"@type":"ListItem","position":1,"name":"Home","item":"https:\/\/digital58.com.ve\/site\/"},{"@type":"ListItem","position":2,"name":"#AC2F\u00fatVE | Titanes FC: fichaje con sabor colombiano"}]},{"@type":"WebSite","@id":"https:\/\/digital58.com.ve\/site\/#website","url":"https:\/\/digital58.com.ve\/site\/","name":"Noticias Digital58","description":"Portal de Noticias \u00a1Periodismo web de verdad! Lanzamiento web 22.11.2005 \/ Maracaibo, Venezuela","publisher":{"@id":"https:\/\/digital58.com.ve\/site\/#\/schema\/person\/64d1c2e4d0d4fd1b849980c4331c2951"},"alternateName":"ND58","potentialAction":[{"@type":"SearchAction","target":{"@type":"EntryPoint","urlTemplate":"https:\/\/digital58.com.ve\/site\/?s={search_term_string}"},"query-input":{"@type":"PropertyValueSpecification","valueRequired":true,"valueName":"search_term_string"}}],"inLanguage":"es"},{"@type":["Person","Organization"],"@id":"https:\/\/digital58.com.ve\/site\/#\/schema\/person\/64d1c2e4d0d4fd1b849980c4331c2951","name":"Villasmil Henry","image":{"@type":"ImageObject","inLanguage":"es","@id":"https:\/\/secure.gravatar.com\/avatar\/bb0c4a2fcb7970138239f7e404ea75757b1b507b28b5ce4c53fbd62d797c5a7c?s=96&d=mm&r=g","url":"https:\/\/secure.gravatar.com\/avatar\/bb0c4a2fcb7970138239f7e404ea75757b1b507b28b5ce4c53fbd62d797c5a7c?s=96&d=mm&r=g","contentUrl":"https:\/\/secure.gravatar.com\/avatar\/bb0c4a2fcb7970138239f7e404ea75757b1b507b28b5ce4c53fbd62d797c5a7c?s=96&d=mm&r=g","caption":"Villasmil Henry"},"logo":{"@id":"https:\/\/secure.gravatar.com\/avatar\/bb0c4a2fcb7970138239f7e404ea75757b1b507b28b5ce4c53fbd62d797c5a7c?s=96&d=mm&r=g"},"sameAs":["http:\/\/www.henryvillasmil.com.ve","https:\/\/www.instagram.com\/villasmilhfoto\/","https:\/\/x.com\/https:\/\/twitter.com\/villasmilhfoto"],"url":"https:\/\/digital58.com.ve\/site\/author\/droopy_68\/"}]}},"uagb_featured_image_src":{"full":["https:\/\/digital58.com.ve\/site\/wp-content\/uploads\/2019\/01\/renteria.jpg",600,600,false],"thumbnail":["https:\/\/digital58.com.ve\/site\/wp-content\/uploads\/2019\/01\/renteria-150x150.jpg",150,150,true],"medium":["https:\/\/digital58.com.ve\/site\/wp-content\/uploads\/2019\/01\/renteria-300x300.jpg",300,300,true],"medium_large":["https:\/\/digital58.com.ve\/site\/wp-content\/uploads\/2019\/01\/renteria-768x768.jpg",768,768,true],"large":["https:\/\/digital58.com.ve\/site\/wp-content\/uploads\/2019\/01\/renteria.jpg",600,600,false],"1536x1536":["https:\/\/digital58.com.ve\/site\/wp-content\/uploads\/2019\/01\/renteria.jpg",600,600,false],"2048x2048":["https:\/\/digital58.com.ve\/site\/wp-content\/uploads\/2019\/01\/renteria.jpg",600,600,false],"colormag-highlighted-post":["https:\/\/digital58.com.ve\/site\/wp-content\/uploads\/2019\/01\/renteria.jpg",272,272,false],"colormag-featured-post-medium":["https:\/\/digital58.com.ve\/site\/wp-content\/uploads\/2019\/01\/renteria.jpg",205,205,false],"colormag-featured-post-small":["https:\/\/digital58.com.ve\/site\/wp-content\/uploads\/2019\/01\/renteria.jpg",90,90,false],"colormag-featured-image":["https:\/\/digital58.com.ve\/site\/wp-content\/uploads\/2019\/01\/renteria.jpg",445,445,false],"colormag-default-news":["https:\/\/digital58.com.ve\/site\/wp-content\/uploads\/2019\/01\/renteria.jpg",150,150,false],"colormag-featured-image-large":["https:\/\/digital58.com.ve\/site\/wp-content\/uploads\/2019\/01\/renteria.jpg",600,600,false]},"uagb_author_info":{"display_name":"Villasmil Henry","author_link":"https:\/\/digital58.com.ve\/site\/author\/droopy_68\/"},"uagb_comment_info":0,"uagb_excerpt":"H\u00e9ctor Renter\u00eda llega a Titanes F\u00fatbol Club Maracaibo para aportar su cuota goleador, convirti\u00e9ndose en el sexto refuerzo del conjunto","_links":{"self":[{"href":"https:\/\/digital58.com.ve\/site\/wp-json\/wp\/v2\/posts\/83750","targetHints":{"allow":["GET"]}}],"collection":[{"href":"https:\/\/digital58.com.ve\/site\/wp-json\/wp\/v2\/posts"}],"about":[{"href":"https:\/\/digital58.com.ve\/site\/wp-json\/wp\/v2\/types\/post"}],"author":[{"embeddable":true,"href":"https:\/\/digital58.com.ve\/site\/wp-json\/wp\/v2\/users\/1"}],"replies":[{"embeddable":true,"href":"https:\/\/digital58.com.ve\/site\/wp-json\/wp\/v2\/comments?post=83750"}],"version-history":[{"count":0,"href":"https:\/\/digital58.com.ve\/site\/wp-json\/wp\/v2\/posts\/83750\/revisions"}],"wp:featuredmedia":[{"embeddable":true,"href":"https:\/\/digital58.com.ve\/site\/wp-json\/wp\/v2\/media\/83751"}],"wp:attachment":[{"href":"https:\/\/digital58.com.ve\/site\/wp-json\/wp\/v2\/media?parent=83750"}],"wp:term":[{"taxonomy":"category","embeddable":true,"href":"https:\/\/digital58.com.ve\/site\/wp-json\/wp\/v2\/categories?post=83750"},{"taxonomy":"post_tag","embeddable":true,"href":"https:\/\/digital58.com.ve\/site\/wp-json\/wp\/v2\/tags?post=83750"}],"curies":[{"name":"wp","href":"https:\/\/api.w.org\/{rel}","templated":true}]}}