{"id":84007,"date":"2019-02-11T00:01:28","date_gmt":"2019-02-11T04:01:28","guid":{"rendered":"http:\/\/digital58.com.ve\/site\/?p=84007"},"modified":"2019-02-11T00:01:28","modified_gmt":"2019-02-11T04:01:28","slug":"panama-se-corona-por-segunda-vez-campeon-de-la-serie-del-caribe","status":"publish","type":"post","link":"https:\/\/digital58.com.ve\/site\/2019\/02\/11\/panama-se-corona-por-segunda-vez-campeon-de-la-serie-del-caribe\/","title":{"rendered":"Panam\u00e1 se corona por segunda vez campe\u00f3n de la Serie del Caribe"},"content":{"rendered":"<p><a href=\"http:\/\/digital58.com.ve\/site\/wp-content\/uploads\/2019\/02\/panam\u00e1campeon-1.jpg\"><img loading=\"lazy\" decoding=\"async\" class=\"aligncenter size-large wp-image-84010\" src=\"http:\/\/digital58.com.ve\/site\/wp-content\/uploads\/2019\/02\/panam\u00e1campeon-1-1471x1024.jpg\" alt=\"\" width=\"640\" height=\"446\" srcset=\"https:\/\/digital58.com.ve\/site\/wp-content\/uploads\/2019\/02\/panam\u00e1campeon-1-1471x1024.jpg 1471w, https:\/\/digital58.com.ve\/site\/wp-content\/uploads\/2019\/02\/panam\u00e1campeon-1-300x209.jpg 300w, https:\/\/digital58.com.ve\/site\/wp-content\/uploads\/2019\/02\/panam\u00e1campeon-1-768x535.jpg 768w, https:\/\/digital58.com.ve\/site\/wp-content\/uploads\/2019\/02\/panam\u00e1campeon-1.jpg 800w\" sizes=\"auto, (max-width: 640px) 100vw, 640px\" \/><\/a><\/p>\n<p>Panam\u00e1 se coron\u00f3 este domingo campe\u00f3n de la versi\u00f3n 61 de la Serie del Caribe, al derrotar 3 carreras por 1 a Cuba, rompiendo con esto una hegemon\u00eda cubana, que se llev\u00f3 los tres t\u00edtulos en las finales realizadas en este pa\u00eds anteriormente. El derecho paname\u00f1o Harold Ara\u00faz se mostr\u00f3 herm\u00e9tico en la primera entrada, en su parte alta, retirando en fila a tres cubanos.<\/p>\n<p><strong>Ciudad de Panam\u00e1, Panam\u00e1, 10 de febrero de 2019 (Noticias D58).-<\/strong> En la parte baja, Panam\u00e1 inaugur\u00f3 el marcador. Con uno fuera, Jilton Calder\u00f3n dibuj\u00f3 un doblete hacia la raya del jard\u00edn derecho, m\u00e1s tarde anot\u00f3 con otro batazo de doble detonaci\u00f3n de Allen C\u00f3rdoba, quien luego pis\u00f3 la registradora por imparable de Elmer Reyes.<\/p>\n<p>En la alta de la segunda, Alfredo Despaigne abri\u00f3 con imparables por el medio del diamante, pero la defensa paname\u00f1a sac\u00f3 una electrizante doble matanza a batazo de Yordanis Sam\u00f3n. Ara\u00faz sac\u00f3 la entrada y ponch\u00f3 a Jorge Alomar.<\/p>\n<p>Los paname\u00f1os se fueron en blanco en el segundo episodio, pero Ara\u00faz mantuvo a raya a la ofensiva cubana, con tres ponches y un solo imparable permitido.<\/p>\n<p>Panam\u00e1 comenz\u00f3 el tercero con Rodrigo Orozco en primera base, por error del primera base cubano Sam\u00f3n, pero Asiel \u00c1lvarez con mucha calma ponch\u00f3 a Gerlad Chin y sac\u00f3 en elevado a Calder\u00f3n y Guerra, para dejar a Orozco anclado en la tercera base.<\/p>\n<p>En la cuarta entrada, que tambi\u00e9n se fue en blanco, Arauz y Asiel \u00c1lvarez se enfrascaron en un duelo de lanzadores, que le convino a Panam\u00e1, que hasta all\u00ed ten\u00eda ventaja.<\/p>\n<p>Despaigne en el quinto episodio dispar\u00f3 un largo doble por el central, para luego anotar la primera carrera de Cuba, por imparable de Carlos Ben\u00edtez. El episodio fue sacado por Arauz en elevado a Chin.<\/p>\n<p>En la sexta entrada Arauz fue relevado por Anfenee Ben\u00edtez, quien sac\u00f3 la entrada con una doble matanza de la defensa.<br \/>\nLo mismo hizo Asiel \u00c1lvarez en la s\u00e9ptima, quien solo present\u00f3 problemas en la primera entrada donde le anotaron dos carreras.<\/p>\n<p>Manuel Rodr\u00edguez, t\u00e9cnico paname\u00f1o, mand\u00f3 a la loma de los disparos al dominicano Luis Mateo, quien retir\u00f3 en fila a los cubanos, entre esos al peligroso Alfredo Despaigne.<\/p>\n<p>Para los paname\u00f1os, la parte baja del s\u00e9ptimo episodio fue productivo, con una rayita m\u00e1s. Asiel \u00c1lvarez se meti\u00f3 en problema con dos fuera, permiti\u00f3 un doblete a la raya de Jonathan Galvez, que lo sac\u00f3 del partido.<\/p>\n<p>Galvez avanz\u00f3 por lanzamiento descontrolado del relevista cubano Vladimir Garc\u00eda, al bate Rodrigo Vigil.<br \/>\nEl m\u00e1scara paname\u00f1o trajo a la casa a Galvez, con una candelazo de imparable que parti\u00f3 en dos el diamante, para poner a Panam\u00e1 arriba y sacar a Garc\u00eda del juego.<\/p>\n<p>El zurdo Iv\u00e1n Moinelo, segundo relevo cubano, sac\u00f3 la entrada.<\/p>\n<p>Pero el da\u00f1o estaba hecho. El \u00abah\u00ed, ah\u00ed, ah\u00ed est\u00e1 el campe\u00f3n\u00bb se hizo eco en las grader\u00edas del estadio Rod Carew, ante buena presencia de p\u00fablico.<\/p>\n<p>En la octava Mateo sigui\u00f3 intratable, sacando en fila a sus tres adversarios, en dos ponches y un rodado al paracorto.<br \/>\nLos paname\u00f1os no anotaron y dejaron servido el plato, para que Manuel \u00abManny\u00bb Corpas saliera a cerrar la puerta a los cubanos.<\/p>\n<p>En la novena, Corpas sac\u00f3 en fila a los dos primeros bateadores en rodados inofensivos al campo interior, pero Frederich Cepeda se negaba a morir y dispar\u00f3 doblete a la l\u00ednea del jard\u00edn derecho, para ponerle tensi\u00f3n al momento porque al bate llegaba Despaigne.<\/p>\n<p>Pero la experiencia de Corpas en la gran carpa le vali\u00f3 para con dos lanzamientos montar a Despaigane en dos<em> strikes<\/em> y retirarlo en elevado profundo a la pradera central para que Panam\u00e1 ganara la segunda Serie del Caribe en su historia.<br \/>\nLa primera fue obtenida en 1950, en Puerto Rico, por los Yankees de Carta Vieja.<\/p>\n<p><strong>LG:<\/strong> Harold Ara\u00faz (2-0)<br \/>\n<strong>LP:<\/strong> Freddy Asiel \u00c1lvarez (0-2)<br \/>\n<strong>S:<\/strong> Manuel Corpas (4-0)<br \/>\n<strong>Incidencias:<\/strong> Final de la Serie del Caribe Panam\u00e1 2019 en el estadio Rod Carew, en la capital paname\u00f1a.<\/p>\n<p><strong>Redacci\u00f3n con fuente: EFE<\/strong><br \/>\n<strong>Edici\u00f3n: Villasmil, Henry<\/strong><br \/>\n<strong>Gr\u00e1ficas: AFP<\/strong><\/p><div class=\"iswmp6a97b7bd53439\" ><p style=\"text-align: center;\"><a href=\"https:\/\/t.me\/noticiasdigital58\" target=\"_blank\" rel=\"noopener\"><img class=\"aligncenter size-full wp-image-125363\" src=\"https:\/\/digital58.com.ve\/site\/wp-content\/uploads\/2021\/04\/banner-telegram-web-2021.png\" alt=\"\" width=\"600\" height=\"90\" \/><\/a><\/p><\/div><style type=\"text\/css\">\r\n@media screen and (min-width: 1201px) {\r\n.iswmp6a97b7bd53439 {\r\ndisplay: block;\r\n}\r\n}\r\n@media screen and (min-width: 993px) and (max-width: 1200px) {\r\n.iswmp6a97b7bd53439 {\r\ndisplay: block;\r\n}\r\n}\r\n@media screen and (min-width: 769px) and (max-width: 992px) {\r\n.iswmp6a97b7bd53439 {\r\ndisplay: block;\r\n}\r\n}\r\n@media screen and (min-width: 768px) and (max-width: 768px) {\r\n.iswmp6a97b7bd53439 {\r\ndisplay: block;\r\n}\r\n}\r\n@media screen and (max-width: 767px) {\r\n.iswmp6a97b7bd53439 {\r\ndisplay: block;\r\n}\r\n}\r\n<\/style>\r\n\n<p><a href=\"http:\/\/digital58.com.ve\/site\/wp-content\/uploads\/2019\/02\/panam\u00e1campeon-3.jpg\"><img loading=\"lazy\" decoding=\"async\" class=\"aligncenter size-large wp-image-84008\" src=\"http:\/\/digital58.com.ve\/site\/wp-content\/uploads\/2019\/02\/panam\u00e1campeon-3-1500x1002.jpg\" alt=\"\" width=\"640\" height=\"428\" srcset=\"https:\/\/digital58.com.ve\/site\/wp-content\/uploads\/2019\/02\/panam\u00e1campeon-3-1500x1002.jpg 1500w, https:\/\/digital58.com.ve\/site\/wp-content\/uploads\/2019\/02\/panam\u00e1campeon-3-300x200.jpg 300w, https:\/\/digital58.com.ve\/site\/wp-content\/uploads\/2019\/02\/panam\u00e1campeon-3-768x513.jpg 768w, https:\/\/digital58.com.ve\/site\/wp-content\/uploads\/2019\/02\/panam\u00e1campeon-3-720x480.jpg 720w, https:\/\/digital58.com.ve\/site\/wp-content\/uploads\/2019\/02\/panam\u00e1campeon-3-480x320.jpg 480w, https:\/\/digital58.com.ve\/site\/wp-content\/uploads\/2019\/02\/panam\u00e1campeon-3.jpg 800w\" sizes=\"auto, (max-width: 640px) 100vw, 640px\" \/><\/a><\/p>\n<div style=\"margin-top: 0px; margin-bottom: 0px;\" class=\"sharethis-inline-share-buttons\" ><\/div>","protected":false},"excerpt":{"rendered":"<p>Panam\u00e1 se coron\u00f3 este domingo campe\u00f3n de la versi\u00f3n 61 de la Serie del Caribe, al derrotar 3 carreras por<\/p>\n","protected":false},"author":1,"featured_media":84008,"comment_status":"open","ping_status":"closed","sticky":false,"template":"","format":"standard","meta":{"colormag_page_container_layout":"default_layout","colormag_page_sidebar_layout":"default_layout","_uag_custom_page_level_css":"","footnotes":""},"categories":[5402],"tags":[448,10429,4140,11973,4141,8,236,1794,11971],"class_list":["post-84007","post","type-post","status-publish","format-standard","has-post-thumbnail","hentry","category-deportes","tag-beisbol","tag-beisbol-caribe","tag-cbpc","tag-confederacion-de-beisbol-profesional-del-caribe","tag-cuba","tag-internacionales","tag-panama","tag-serie-del-caribe","tag-serie-del-caribe-2019"],"yoast_head":"<!-- This site is optimized with the Yoast SEO plugin v28.4 - https:\/\/yoast.com\/product\/yoast-seo-wordpress\/ -->\n<title>Panam\u00e1 se corona por segunda vez campe\u00f3n de la Serie del Caribe<\/title>\n<meta name=\"robots\" content=\"index, follow, max-snippet:-1, max-image-preview:large, max-video-preview:-1\" \/>\n<link rel=\"canonical\" href=\"https:\/\/digital58.com.ve\/site\/2019\/02\/11\/panama-se-corona-por-segunda-vez-campeon-de-la-serie-del-caribe\/\" \/>\n<meta property=\"og:locale\" content=\"es_ES\" \/>\n<meta property=\"og:type\" content=\"article\" \/>\n<meta property=\"og:title\" content=\"Panam\u00e1 se corona por segunda vez campe\u00f3n de la Serie del Caribe\" \/>\n<meta property=\"og:url\" content=\"https:\/\/digital58.com.ve\/site\/2019\/02\/11\/panama-se-corona-por-segunda-vez-campeon-de-la-serie-del-caribe\/\" \/>\n<meta property=\"og:site_name\" content=\"Noticias Digital58\" \/>\n<meta property=\"article:published_time\" content=\"2019-02-11T04:01:28+00:00\" \/>\n<meta property=\"og:image\" content=\"https:\/\/digital58.com.ve\/site\/wp-content\/uploads\/2019\/02\/panam\u00e1campeon-3.jpg\" \/>\n\t<meta property=\"og:image:width\" content=\"1500\" \/>\n\t<meta property=\"og:image:height\" content=\"1002\" \/>\n\t<meta property=\"og:image:type\" content=\"image\/jpeg\" \/>\n<meta name=\"author\" content=\"Villasmil Henry\" \/>\n<meta name=\"twitter:card\" content=\"summary_large_image\" \/>\n<meta name=\"twitter:creator\" content=\"@https:\/\/twitter.com\/villasmilhfoto\" \/>\n<meta name=\"twitter:site\" content=\"@villasmilhfoto\" \/>\n<meta name=\"twitter:label1\" content=\"Escrito por\" \/>\n\t<meta name=\"twitter:data1\" content=\"Villasmil Henry\" \/>\n\t<meta name=\"twitter:label2\" content=\"Tiempo estimado de lectura\" \/>\n\t<meta name=\"twitter:data2\" content=\"4 minutos\" \/>\n<script type=\"application\/ld+json\" class=\"yoast-schema-graph\">{\"@context\":\"https:\\\/\\\/schema.org\",\"@graph\":[{\"@type\":\"Article\",\"@id\":\"https:\\\/\\\/digital58.com.ve\\\/site\\\/2019\\\/02\\\/11\\\/panama-se-corona-por-segunda-vez-campeon-de-la-serie-del-caribe\\\/#article\",\"isPartOf\":{\"@id\":\"https:\\\/\\\/digital58.com.ve\\\/site\\\/2019\\\/02\\\/11\\\/panama-se-corona-por-segunda-vez-campeon-de-la-serie-del-caribe\\\/\"},\"author\":{\"name\":\"Villasmil Henry\",\"@id\":\"https:\\\/\\\/digital58.com.ve\\\/site\\\/#\\\/schema\\\/person\\\/64d1c2e4d0d4fd1b849980c4331c2951\"},\"headline\":\"Panam\u00e1 se corona por segunda vez campe\u00f3n de la Serie del Caribe\",\"datePublished\":\"2019-02-11T04:01:28+00:00\",\"mainEntityOfPage\":{\"@id\":\"https:\\\/\\\/digital58.com.ve\\\/site\\\/2019\\\/02\\\/11\\\/panama-se-corona-por-segunda-vez-campeon-de-la-serie-del-caribe\\\/\"},\"wordCount\":726,\"commentCount\":0,\"publisher\":{\"@id\":\"https:\\\/\\\/digital58.com.ve\\\/site\\\/#\\\/schema\\\/person\\\/64d1c2e4d0d4fd1b849980c4331c2951\"},\"image\":{\"@id\":\"https:\\\/\\\/digital58.com.ve\\\/site\\\/2019\\\/02\\\/11\\\/panama-se-corona-por-segunda-vez-campeon-de-la-serie-del-caribe\\\/#primaryimage\"},\"thumbnailUrl\":\"https:\\\/\\\/digital58.com.ve\\\/site\\\/wp-content\\\/uploads\\\/2019\\\/02\\\/panam\u00e1campeon-3.jpg\",\"keywords\":[\"B\u00e9isbol\",\"B\u00e9isbol Caribe\",\"CBPC\",\"Confederaci\u00f3n de B\u00e9isbol Profesional del Caribe\",\"Cuba\",\"Internacionales\",\"Panam\u00e1\",\"Serie del Caribe\",\"Serie del Caribe 2019\"],\"articleSection\":[\"Deportes\"],\"inLanguage\":\"es\",\"potentialAction\":[{\"@type\":\"CommentAction\",\"name\":\"Comment\",\"target\":[\"https:\\\/\\\/digital58.com.ve\\\/site\\\/2019\\\/02\\\/11\\\/panama-se-corona-por-segunda-vez-campeon-de-la-serie-del-caribe\\\/#respond\"]}]},{\"@type\":\"WebPage\",\"@id\":\"https:\\\/\\\/digital58.com.ve\\\/site\\\/2019\\\/02\\\/11\\\/panama-se-corona-por-segunda-vez-campeon-de-la-serie-del-caribe\\\/\",\"url\":\"https:\\\/\\\/digital58.com.ve\\\/site\\\/2019\\\/02\\\/11\\\/panama-se-corona-por-segunda-vez-campeon-de-la-serie-del-caribe\\\/\",\"name\":\"Panam\u00e1 se corona por segunda vez campe\u00f3n de la Serie del Caribe\",\"isPartOf\":{\"@id\":\"https:\\\/\\\/digital58.com.ve\\\/site\\\/#website\"},\"primaryImageOfPage\":{\"@id\":\"https:\\\/\\\/digital58.com.ve\\\/site\\\/2019\\\/02\\\/11\\\/panama-se-corona-por-segunda-vez-campeon-de-la-serie-del-caribe\\\/#primaryimage\"},\"image\":{\"@id\":\"https:\\\/\\\/digital58.com.ve\\\/site\\\/2019\\\/02\\\/11\\\/panama-se-corona-por-segunda-vez-campeon-de-la-serie-del-caribe\\\/#primaryimage\"},\"thumbnailUrl\":\"https:\\\/\\\/digital58.com.ve\\\/site\\\/wp-content\\\/uploads\\\/2019\\\/02\\\/panam\u00e1campeon-3.jpg\",\"datePublished\":\"2019-02-11T04:01:28+00:00\",\"breadcrumb\":{\"@id\":\"https:\\\/\\\/digital58.com.ve\\\/site\\\/2019\\\/02\\\/11\\\/panama-se-corona-por-segunda-vez-campeon-de-la-serie-del-caribe\\\/#breadcrumb\"},\"inLanguage\":\"es\",\"potentialAction\":[{\"@type\":\"ReadAction\",\"target\":[\"https:\\\/\\\/digital58.com.ve\\\/site\\\/2019\\\/02\\\/11\\\/panama-se-corona-por-segunda-vez-campeon-de-la-serie-del-caribe\\\/\"]}]},{\"@type\":\"ImageObject\",\"inLanguage\":\"es\",\"@id\":\"https:\\\/\\\/digital58.com.ve\\\/site\\\/2019\\\/02\\\/11\\\/panama-se-corona-por-segunda-vez-campeon-de-la-serie-del-caribe\\\/#primaryimage\",\"url\":\"https:\\\/\\\/digital58.com.ve\\\/site\\\/wp-content\\\/uploads\\\/2019\\\/02\\\/panam\u00e1campeon-3.jpg\",\"contentUrl\":\"https:\\\/\\\/digital58.com.ve\\\/site\\\/wp-content\\\/uploads\\\/2019\\\/02\\\/panam\u00e1campeon-3.jpg\",\"width\":800,\"height\":534},{\"@type\":\"BreadcrumbList\",\"@id\":\"https:\\\/\\\/digital58.com.ve\\\/site\\\/2019\\\/02\\\/11\\\/panama-se-corona-por-segunda-vez-campeon-de-la-serie-del-caribe\\\/#breadcrumb\",\"itemListElement\":[{\"@type\":\"ListItem\",\"position\":1,\"name\":\"Home\",\"item\":\"https:\\\/\\\/digital58.com.ve\\\/site\\\/\"},{\"@type\":\"ListItem\",\"position\":2,\"name\":\"Panam\u00e1 se corona por segunda vez campe\u00f3n de la Serie del Caribe\"}]},{\"@type\":\"WebSite\",\"@id\":\"https:\\\/\\\/digital58.com.ve\\\/site\\\/#website\",\"url\":\"https:\\\/\\\/digital58.com.ve\\\/site\\\/\",\"name\":\"Noticias Digital58\",\"description\":\"Portal de Noticias \u00a1Periodismo web de verdad! Lanzamiento web 22.11.2005 \\\/ Maracaibo, Venezuela\",\"publisher\":{\"@id\":\"https:\\\/\\\/digital58.com.ve\\\/site\\\/#\\\/schema\\\/person\\\/64d1c2e4d0d4fd1b849980c4331c2951\"},\"alternateName\":\"ND58\",\"potentialAction\":[{\"@type\":\"SearchAction\",\"target\":{\"@type\":\"EntryPoint\",\"urlTemplate\":\"https:\\\/\\\/digital58.com.ve\\\/site\\\/?s={search_term_string}\"},\"query-input\":{\"@type\":\"PropertyValueSpecification\",\"valueRequired\":true,\"valueName\":\"search_term_string\"}}],\"inLanguage\":\"es\"},{\"@type\":[\"Person\",\"Organization\"],\"@id\":\"https:\\\/\\\/digital58.com.ve\\\/site\\\/#\\\/schema\\\/person\\\/64d1c2e4d0d4fd1b849980c4331c2951\",\"name\":\"Villasmil Henry\",\"image\":{\"@type\":\"ImageObject\",\"inLanguage\":\"es\",\"@id\":\"https:\\\/\\\/secure.gravatar.com\\\/avatar\\\/bb0c4a2fcb7970138239f7e404ea75757b1b507b28b5ce4c53fbd62d797c5a7c?s=96&d=mm&r=g\",\"url\":\"https:\\\/\\\/secure.gravatar.com\\\/avatar\\\/bb0c4a2fcb7970138239f7e404ea75757b1b507b28b5ce4c53fbd62d797c5a7c?s=96&d=mm&r=g\",\"contentUrl\":\"https:\\\/\\\/secure.gravatar.com\\\/avatar\\\/bb0c4a2fcb7970138239f7e404ea75757b1b507b28b5ce4c53fbd62d797c5a7c?s=96&d=mm&r=g\",\"caption\":\"Villasmil Henry\"},\"logo\":{\"@id\":\"https:\\\/\\\/secure.gravatar.com\\\/avatar\\\/bb0c4a2fcb7970138239f7e404ea75757b1b507b28b5ce4c53fbd62d797c5a7c?s=96&d=mm&r=g\"},\"sameAs\":[\"http:\\\/\\\/www.henryvillasmil.com.ve\",\"https:\\\/\\\/www.instagram.com\\\/villasmilhfoto\\\/\",\"https:\\\/\\\/x.com\\\/https:\\\/\\\/twitter.com\\\/villasmilhfoto\"],\"url\":\"https:\\\/\\\/digital58.com.ve\\\/site\\\/author\\\/droopy_68\\\/\"}]}<\/script>\n<!-- \/ Yoast SEO plugin. -->","yoast_head_json":{"title":"Panam\u00e1 se corona por segunda vez campe\u00f3n de la Serie del Caribe","robots":{"index":"index","follow":"follow","max-snippet":"max-snippet:-1","max-image-preview":"max-image-preview:large","max-video-preview":"max-video-preview:-1"},"canonical":"https:\/\/digital58.com.ve\/site\/2019\/02\/11\/panama-se-corona-por-segunda-vez-campeon-de-la-serie-del-caribe\/","og_locale":"es_ES","og_type":"article","og_title":"Panam\u00e1 se corona por segunda vez campe\u00f3n de la Serie del Caribe","og_url":"https:\/\/digital58.com.ve\/site\/2019\/02\/11\/panama-se-corona-por-segunda-vez-campeon-de-la-serie-del-caribe\/","og_site_name":"Noticias Digital58","article_published_time":"2019-02-11T04:01:28+00:00","og_image":[{"width":1500,"height":1002,"url":"https:\/\/digital58.com.ve\/site\/wp-content\/uploads\/2019\/02\/panam\u00e1campeon-3.jpg","type":"image\/jpeg"}],"author":"Villasmil Henry","twitter_card":"summary_large_image","twitter_creator":"@https:\/\/twitter.com\/villasmilhfoto","twitter_site":"@villasmilhfoto","twitter_misc":{"Escrito por":"Villasmil Henry","Tiempo estimado de lectura":"4 minutos"},"schema":{"@context":"https:\/\/schema.org","@graph":[{"@type":"Article","@id":"https:\/\/digital58.com.ve\/site\/2019\/02\/11\/panama-se-corona-por-segunda-vez-campeon-de-la-serie-del-caribe\/#article","isPartOf":{"@id":"https:\/\/digital58.com.ve\/site\/2019\/02\/11\/panama-se-corona-por-segunda-vez-campeon-de-la-serie-del-caribe\/"},"author":{"name":"Villasmil Henry","@id":"https:\/\/digital58.com.ve\/site\/#\/schema\/person\/64d1c2e4d0d4fd1b849980c4331c2951"},"headline":"Panam\u00e1 se corona por segunda vez campe\u00f3n de la Serie del Caribe","datePublished":"2019-02-11T04:01:28+00:00","mainEntityOfPage":{"@id":"https:\/\/digital58.com.ve\/site\/2019\/02\/11\/panama-se-corona-por-segunda-vez-campeon-de-la-serie-del-caribe\/"},"wordCount":726,"commentCount":0,"publisher":{"@id":"https:\/\/digital58.com.ve\/site\/#\/schema\/person\/64d1c2e4d0d4fd1b849980c4331c2951"},"image":{"@id":"https:\/\/digital58.com.ve\/site\/2019\/02\/11\/panama-se-corona-por-segunda-vez-campeon-de-la-serie-del-caribe\/#primaryimage"},"thumbnailUrl":"https:\/\/digital58.com.ve\/site\/wp-content\/uploads\/2019\/02\/panam\u00e1campeon-3.jpg","keywords":["B\u00e9isbol","B\u00e9isbol Caribe","CBPC","Confederaci\u00f3n de B\u00e9isbol Profesional del Caribe","Cuba","Internacionales","Panam\u00e1","Serie del Caribe","Serie del Caribe 2019"],"articleSection":["Deportes"],"inLanguage":"es","potentialAction":[{"@type":"CommentAction","name":"Comment","target":["https:\/\/digital58.com.ve\/site\/2019\/02\/11\/panama-se-corona-por-segunda-vez-campeon-de-la-serie-del-caribe\/#respond"]}]},{"@type":"WebPage","@id":"https:\/\/digital58.com.ve\/site\/2019\/02\/11\/panama-se-corona-por-segunda-vez-campeon-de-la-serie-del-caribe\/","url":"https:\/\/digital58.com.ve\/site\/2019\/02\/11\/panama-se-corona-por-segunda-vez-campeon-de-la-serie-del-caribe\/","name":"Panam\u00e1 se corona por segunda vez campe\u00f3n de la Serie del Caribe","isPartOf":{"@id":"https:\/\/digital58.com.ve\/site\/#website"},"primaryImageOfPage":{"@id":"https:\/\/digital58.com.ve\/site\/2019\/02\/11\/panama-se-corona-por-segunda-vez-campeon-de-la-serie-del-caribe\/#primaryimage"},"image":{"@id":"https:\/\/digital58.com.ve\/site\/2019\/02\/11\/panama-se-corona-por-segunda-vez-campeon-de-la-serie-del-caribe\/#primaryimage"},"thumbnailUrl":"https:\/\/digital58.com.ve\/site\/wp-content\/uploads\/2019\/02\/panam\u00e1campeon-3.jpg","datePublished":"2019-02-11T04:01:28+00:00","breadcrumb":{"@id":"https:\/\/digital58.com.ve\/site\/2019\/02\/11\/panama-se-corona-por-segunda-vez-campeon-de-la-serie-del-caribe\/#breadcrumb"},"inLanguage":"es","potentialAction":[{"@type":"ReadAction","target":["https:\/\/digital58.com.ve\/site\/2019\/02\/11\/panama-se-corona-por-segunda-vez-campeon-de-la-serie-del-caribe\/"]}]},{"@type":"ImageObject","inLanguage":"es","@id":"https:\/\/digital58.com.ve\/site\/2019\/02\/11\/panama-se-corona-por-segunda-vez-campeon-de-la-serie-del-caribe\/#primaryimage","url":"https:\/\/digital58.com.ve\/site\/wp-content\/uploads\/2019\/02\/panam\u00e1campeon-3.jpg","contentUrl":"https:\/\/digital58.com.ve\/site\/wp-content\/uploads\/2019\/02\/panam\u00e1campeon-3.jpg","width":800,"height":534},{"@type":"BreadcrumbList","@id":"https:\/\/digital58.com.ve\/site\/2019\/02\/11\/panama-se-corona-por-segunda-vez-campeon-de-la-serie-del-caribe\/#breadcrumb","itemListElement":[{"@type":"ListItem","position":1,"name":"Home","item":"https:\/\/digital58.com.ve\/site\/"},{"@type":"ListItem","position":2,"name":"Panam\u00e1 se corona por segunda vez campe\u00f3n de la Serie del Caribe"}]},{"@type":"WebSite","@id":"https:\/\/digital58.com.ve\/site\/#website","url":"https:\/\/digital58.com.ve\/site\/","name":"Noticias Digital58","description":"Portal de Noticias \u00a1Periodismo web de verdad! Lanzamiento web 22.11.2005 \/ Maracaibo, Venezuela","publisher":{"@id":"https:\/\/digital58.com.ve\/site\/#\/schema\/person\/64d1c2e4d0d4fd1b849980c4331c2951"},"alternateName":"ND58","potentialAction":[{"@type":"SearchAction","target":{"@type":"EntryPoint","urlTemplate":"https:\/\/digital58.com.ve\/site\/?s={search_term_string}"},"query-input":{"@type":"PropertyValueSpecification","valueRequired":true,"valueName":"search_term_string"}}],"inLanguage":"es"},{"@type":["Person","Organization"],"@id":"https:\/\/digital58.com.ve\/site\/#\/schema\/person\/64d1c2e4d0d4fd1b849980c4331c2951","name":"Villasmil Henry","image":{"@type":"ImageObject","inLanguage":"es","@id":"https:\/\/secure.gravatar.com\/avatar\/bb0c4a2fcb7970138239f7e404ea75757b1b507b28b5ce4c53fbd62d797c5a7c?s=96&d=mm&r=g","url":"https:\/\/secure.gravatar.com\/avatar\/bb0c4a2fcb7970138239f7e404ea75757b1b507b28b5ce4c53fbd62d797c5a7c?s=96&d=mm&r=g","contentUrl":"https:\/\/secure.gravatar.com\/avatar\/bb0c4a2fcb7970138239f7e404ea75757b1b507b28b5ce4c53fbd62d797c5a7c?s=96&d=mm&r=g","caption":"Villasmil Henry"},"logo":{"@id":"https:\/\/secure.gravatar.com\/avatar\/bb0c4a2fcb7970138239f7e404ea75757b1b507b28b5ce4c53fbd62d797c5a7c?s=96&d=mm&r=g"},"sameAs":["http:\/\/www.henryvillasmil.com.ve","https:\/\/www.instagram.com\/villasmilhfoto\/","https:\/\/x.com\/https:\/\/twitter.com\/villasmilhfoto"],"url":"https:\/\/digital58.com.ve\/site\/author\/droopy_68\/"}]}},"uagb_featured_image_src":{"full":["https:\/\/digital58.com.ve\/site\/wp-content\/uploads\/2019\/02\/panam\u00e1campeon-3.jpg",800,534,false],"thumbnail":["https:\/\/digital58.com.ve\/site\/wp-content\/uploads\/2019\/02\/panam\u00e1campeon-3-150x150.jpg",150,150,true],"medium":["https:\/\/digital58.com.ve\/site\/wp-content\/uploads\/2019\/02\/panam\u00e1campeon-3-300x200.jpg",300,200,true],"medium_large":["https:\/\/digital58.com.ve\/site\/wp-content\/uploads\/2019\/02\/panam\u00e1campeon-3-768x513.jpg",768,513,true],"large":["https:\/\/digital58.com.ve\/site\/wp-content\/uploads\/2019\/02\/panam\u00e1campeon-3-1500x1002.jpg",800,534,true],"1536x1536":["https:\/\/digital58.com.ve\/site\/wp-content\/uploads\/2019\/02\/panam\u00e1campeon-3.jpg",800,534,false],"2048x2048":["https:\/\/digital58.com.ve\/site\/wp-content\/uploads\/2019\/02\/panam\u00e1campeon-3.jpg",800,534,false],"colormag-highlighted-post":["https:\/\/digital58.com.ve\/site\/wp-content\/uploads\/2019\/02\/panam\u00e1campeon-3.jpg",392,262,false],"colormag-featured-post-medium":["https:\/\/digital58.com.ve\/site\/wp-content\/uploads\/2019\/02\/panam\u00e1campeon-3.jpg",307,205,false],"colormag-featured-post-small":["https:\/\/digital58.com.ve\/site\/wp-content\/uploads\/2019\/02\/panam\u00e1campeon-3.jpg",130,87,false],"colormag-featured-image":["https:\/\/digital58.com.ve\/site\/wp-content\/uploads\/2019\/02\/panam\u00e1campeon-3.jpg",667,445,false],"colormag-default-news":["https:\/\/digital58.com.ve\/site\/wp-content\/uploads\/2019\/02\/panam\u00e1campeon-3.jpg",150,100,false],"colormag-featured-image-large":["https:\/\/digital58.com.ve\/site\/wp-content\/uploads\/2019\/02\/panam\u00e1campeon-3.jpg",800,534,false]},"uagb_author_info":{"display_name":"Villasmil Henry","author_link":"https:\/\/digital58.com.ve\/site\/author\/droopy_68\/"},"uagb_comment_info":0,"uagb_excerpt":"Panam\u00e1 se coron\u00f3 este domingo campe\u00f3n de la versi\u00f3n 61 de la Serie del Caribe, al derrotar 3 carreras por","_links":{"self":[{"href":"https:\/\/digital58.com.ve\/site\/wp-json\/wp\/v2\/posts\/84007","targetHints":{"allow":["GET"]}}],"collection":[{"href":"https:\/\/digital58.com.ve\/site\/wp-json\/wp\/v2\/posts"}],"about":[{"href":"https:\/\/digital58.com.ve\/site\/wp-json\/wp\/v2\/types\/post"}],"author":[{"embeddable":true,"href":"https:\/\/digital58.com.ve\/site\/wp-json\/wp\/v2\/users\/1"}],"replies":[{"embeddable":true,"href":"https:\/\/digital58.com.ve\/site\/wp-json\/wp\/v2\/comments?post=84007"}],"version-history":[{"count":0,"href":"https:\/\/digital58.com.ve\/site\/wp-json\/wp\/v2\/posts\/84007\/revisions"}],"wp:featuredmedia":[{"embeddable":true,"href":"https:\/\/digital58.com.ve\/site\/wp-json\/wp\/v2\/media\/84008"}],"wp:attachment":[{"href":"https:\/\/digital58.com.ve\/site\/wp-json\/wp\/v2\/media?parent=84007"}],"wp:term":[{"taxonomy":"category","embeddable":true,"href":"https:\/\/digital58.com.ve\/site\/wp-json\/wp\/v2\/categories?post=84007"},{"taxonomy":"post_tag","embeddable":true,"href":"https:\/\/digital58.com.ve\/site\/wp-json\/wp\/v2\/tags?post=84007"}],"curies":[{"name":"wp","href":"https:\/\/api.w.org\/{rel}","templated":true}]}}