{"id":84031,"date":"2019-02-14T17:01:43","date_gmt":"2019-02-14T21:01:43","guid":{"rendered":"http:\/\/digital58.com.ve\/site\/?p=84031"},"modified":"2019-02-14T17:09:01","modified_gmt":"2019-02-14T21:09:01","slug":"hector-urribarri-regresa-a-los-escenarios-maracaiberos-luego-de-casi-un-ano-de-ausencia","status":"publish","type":"post","link":"https:\/\/digital58.com.ve\/site\/2019\/02\/14\/hector-urribarri-regresa-a-los-escenarios-maracaiberos-luego-de-casi-un-ano-de-ausencia\/","title":{"rendered":"H\u00e9ctor Urribarr\u00ed regresa a los escenarios maracaiberos luego de casi un a\u00f1o de ausencia"},"content":{"rendered":"<p><a href=\"http:\/\/digital58.com.ve\/site\/wp-content\/uploads\/2019\/02\/hector-urribarri-2.jpg\"><img loading=\"lazy\" decoding=\"async\" class=\"aligncenter size-large wp-image-84034\" src=\"http:\/\/digital58.com.ve\/site\/wp-content\/uploads\/2019\/02\/hector-urribarri-2-1500x1003.jpg\" alt=\"\" width=\"640\" height=\"428\" srcset=\"https:\/\/digital58.com.ve\/site\/wp-content\/uploads\/2019\/02\/hector-urribarri-2-1500x1003.jpg 1500w, https:\/\/digital58.com.ve\/site\/wp-content\/uploads\/2019\/02\/hector-urribarri-2-300x201.jpg 300w, https:\/\/digital58.com.ve\/site\/wp-content\/uploads\/2019\/02\/hector-urribarri-2-768x514.jpg 768w, https:\/\/digital58.com.ve\/site\/wp-content\/uploads\/2019\/02\/hector-urribarri-2-720x480.jpg 720w, https:\/\/digital58.com.ve\/site\/wp-content\/uploads\/2019\/02\/hector-urribarri-2-480x320.jpg 480w, https:\/\/digital58.com.ve\/site\/wp-content\/uploads\/2019\/02\/hector-urribarri-2.jpg 800w\" sizes=\"auto, (max-width: 640px) 100vw, 640px\" \/><\/a><\/p>\n<p>Este mi\u00e9rcoles, 13 de febrero, el cantante H\u00e9ctor Urribarr\u00ed (<a href=\"https:\/\/www.instagram.com\/hectorurribarri\/\" target=\"_blank\" rel=\"noopener\">@hectorurribarri<\/a>) tuvo un reencuentro con la prensa zuliana en la Manicer\u00eda Bistrot (<a href=\"https:\/\/www.instagram.com\/lamaniceria_bistrot\/\" target=\"_blank\" rel=\"noopener\">@lamaniceria_bistrot<\/a>) previo al concierto en intimo \u00abAqu\u00ed estar\u00e9\u00bb que estar\u00e1 ofreciendo -para 100 personas- el 14, d\u00eda del Amor y la Amistad, en Murano Restaurante (@muranomaracaibo) luego de diez meses fuera de Venezuela. Urribarr\u00ed es un cantante zuliano que interpreta la m\u00fasica rom\u00e1ntica y lleg\u00f3 a pa\u00eds luego de una traves\u00eda de diez meses que vivi\u00f3 en Chile, movido por el amor a su hija.<\/p>\n<p><strong>Maracaibo, Zulia, Venezuela. 14 de febrero de 2019 (Noticias D58).- \u00ab<\/strong>Estoy sumamente emocionado porque volver\u00e9 a cantarle a mi p\u00fablico nuevamente en mi ciudad, en la que crec\u00ed y me form\u00e9 como m\u00fasico\u00bb, confes\u00f3 el joven interprete sentado un sof\u00e1 dispuesto a la entrada del local y de fondo nuestra bandera tricolor.<\/p>\n<p>Mientras parafraseaba algunas melod\u00edas Urribarri nos relat\u00f3: \u00abEl dolor m\u00e1s grande que he podido tener en mi vida es dejar partir a mi hija fuera del pa\u00eds, sin quererlo, pero era necesario\u00bb, H\u00e9ctor, luego de tres meses que no ve\u00eda a su \u00abreto\u00f1o\u00bb, Abril, decidi\u00f3 ir a visitarla en Puerto Natales, un peque\u00f1o poblado ubicado al sur del continente, en la Patagonia Chilena, para finalmente por el mismo motivo, quedarse.<\/p>\n<p><a href=\"http:\/\/digital58.com.ve\/site\/wp-content\/uploads\/2019\/02\/hector-uriibarri.jpg\"><img loading=\"lazy\" decoding=\"async\" class=\"aligncenter size-large wp-image-84035\" src=\"http:\/\/digital58.com.ve\/site\/wp-content\/uploads\/2019\/02\/hector-uriibarri-1500x1003.jpg\" alt=\"\" width=\"640\" height=\"428\" srcset=\"https:\/\/digital58.com.ve\/site\/wp-content\/uploads\/2019\/02\/hector-uriibarri-1500x1003.jpg 1500w, https:\/\/digital58.com.ve\/site\/wp-content\/uploads\/2019\/02\/hector-uriibarri-300x201.jpg 300w, https:\/\/digital58.com.ve\/site\/wp-content\/uploads\/2019\/02\/hector-uriibarri-768x514.jpg 768w, https:\/\/digital58.com.ve\/site\/wp-content\/uploads\/2019\/02\/hector-uriibarri-720x480.jpg 720w, https:\/\/digital58.com.ve\/site\/wp-content\/uploads\/2019\/02\/hector-uriibarri-480x320.jpg 480w, https:\/\/digital58.com.ve\/site\/wp-content\/uploads\/2019\/02\/hector-uriibarri.jpg 800w\" sizes=\"auto, (max-width: 640px) 100vw, 640px\" \/><\/a><\/p>\n<p><strong>Resalt\u00f3 el aprendizaje que obtuvo durante ese tiempo.<\/strong><\/p>\n<p>\u00abEstando fuera, me di cuenta del gran pa\u00eds que tenemos y aprend\u00ed a valorar mucho m\u00e1s lo nuestro, entre estas, su m\u00fasica. Aprend\u00ed a valorar much\u00edsimo la gente, sobre todo a la que nos presta el servicio de atendernos, muchas veces uno se queja al exigir rapidez, pero no sabemos como se sienten internamente\u00bb.<\/p>\n<p>El zuliano, quien tuvo que trabajar como mesero para poder costearse la vida en el pa\u00eds austral,\u00a0 resalt\u00f3 lo dif\u00edcil que era sonre\u00edr siempre y ser educado cuando muchas veces el cliente no demuestra su educaci\u00f3n.<\/p>\n<p>\u00abEstoy agradecido con Chile, es un pa\u00eds que te ense\u00f1a a ser ordenado y organizado\u00bb, \u00abpor ah\u00ed pas\u00f3 la transformaci\u00f3n de H\u00e9ctor\u00bb, agreg\u00f3 el artista.<\/p>\n<p><strong>El espect\u00e1culo promete sorpresas<\/strong><\/p>\n<p>Urribarr\u00ed se est\u00e1 preparando para el concierto que ofrecer\u00e1 este jueves 14 de febrero en el que sus canciones se ver\u00e1n resumidas creativamente en esos diez meses de aprendizaje.<\/p>\n<p>\u00abEl concierto est\u00e1 lleno de muchas expectativas personales, cada una de las canciones es reflejo de un sentimiento\u00bb, coment\u00f3 H\u00e9ctor.<\/p>\n<p>Tambi\u00e9n afirm\u00f3 que la parte t\u00e9cnica est\u00e1 lista. \u00abEstuvimos hasta las dos de la ma\u00f1ana con el equipo de Hoa y al otro d\u00eda estuvimos en Murano preparando todos los espacios\u00bb.<\/p>\n<p><a href=\"http:\/\/digital58.com.ve\/site\/wp-content\/uploads\/2019\/02\/hector-urribarri-3.jpg\"><img loading=\"lazy\" decoding=\"async\" class=\"aligncenter size-large wp-image-84033\" src=\"http:\/\/digital58.com.ve\/site\/wp-content\/uploads\/2019\/02\/hector-urribarri-3-1500x1003.jpg\" alt=\"\" width=\"640\" height=\"428\" srcset=\"https:\/\/digital58.com.ve\/site\/wp-content\/uploads\/2019\/02\/hector-urribarri-3-1500x1003.jpg 1500w, https:\/\/digital58.com.ve\/site\/wp-content\/uploads\/2019\/02\/hector-urribarri-3-300x201.jpg 300w, https:\/\/digital58.com.ve\/site\/wp-content\/uploads\/2019\/02\/hector-urribarri-3-768x514.jpg 768w, https:\/\/digital58.com.ve\/site\/wp-content\/uploads\/2019\/02\/hector-urribarri-3-720x480.jpg 720w, https:\/\/digital58.com.ve\/site\/wp-content\/uploads\/2019\/02\/hector-urribarri-3-480x320.jpg 480w, https:\/\/digital58.com.ve\/site\/wp-content\/uploads\/2019\/02\/hector-urribarri-3.jpg 800w\" sizes=\"auto, (max-width: 640px) 100vw, 640px\" \/><\/a><\/p>\n<p>Doce canciones fueron las que ensayaron para la presentaci\u00f3n, asegur\u00f3 que interpretar\u00e1 temas de su autor\u00eda llenos de nostalgia y romanticismo, as\u00ed como escritos por otros cantautores venezolanos a los que ha admirado desde siempre, como lo son; Ilan chester, Yordano, Ricardo Montaner, entre otros, sin embargo H\u00e9ctor asegur\u00f3 cantar a petici\u00f3n del p\u00fablico y ofrecer una excelente velada del d\u00eda de San Valent\u00edn.<\/p>\n<p>Hector Urribarri tambi\u00e9n nos adelant\u00f3 que su pr\u00f3ximo destino es Espa\u00f1a. \u00abSiempre me gust\u00f3 la m\u00fasica espa\u00f1ola, as\u00ed que voy a probar por all\u00e1\u00bb.<\/p>\n<p>El concierto intimo est\u00e1 pautado para este jueves 14 de febrero en Murano Restaurante a partir de las nueve de la noche. Los interesados deben comunicarse a trav\u00e9s del n\u00famero 0414-3685655.<\/p><div class=\"wgtfk69ee3c504e392\" ><p style=\"text-align: center;\"><a href=\"https:\/\/t.me\/noticiasdigital58\" target=\"_blank\" rel=\"noopener\"><img class=\"aligncenter size-full wp-image-125363\" src=\"https:\/\/digital58.com.ve\/site\/wp-content\/uploads\/2021\/04\/banner-telegram-web-2021.png\" alt=\"\" width=\"600\" height=\"90\" \/><\/a><\/p><\/div><style type=\"text\/css\">\r\n@media screen and (min-width: 1201px) {\r\n.wgtfk69ee3c504e392 {\r\ndisplay: block;\r\n}\r\n}\r\n@media screen and (min-width: 993px) and (max-width: 1200px) {\r\n.wgtfk69ee3c504e392 {\r\ndisplay: block;\r\n}\r\n}\r\n@media screen and (min-width: 769px) and (max-width: 992px) {\r\n.wgtfk69ee3c504e392 {\r\ndisplay: block;\r\n}\r\n}\r\n@media screen and (min-width: 768px) and (max-width: 768px) {\r\n.wgtfk69ee3c504e392 {\r\ndisplay: block;\r\n}\r\n}\r\n@media screen and (max-width: 767px) {\r\n.wgtfk69ee3c504e392 {\r\ndisplay: block;\r\n}\r\n}\r\n<\/style>\r\n\n<p><strong>Redacci\u00f3n: Calatayud, Vanessa (<a href=\"https:\/\/www.instagram.com\/vanessacalatayud\/\" target=\"_blank\" rel=\"noopener\">@vanessacalatayud<\/a>)<\/strong><br \/>\n<strong>Edici\u00f3n: Villasmil, Henry<\/strong><br \/>\n<strong>Graficas: <\/strong><a href=\"https:\/\/www.instagram.com\/villasmilhfoto\/\" target=\"_blank\" rel=\"noopener\"><strong>@villasmilhfoto<\/strong><\/a><\/p>\n<div style=\"margin-top: 0px; margin-bottom: 0px;\" class=\"sharethis-inline-share-buttons\" ><\/div>","protected":false},"excerpt":{"rendered":"<p>Este mi\u00e9rcoles, 13 de febrero, el cantante H\u00e9ctor Urribarr\u00ed (@hectorurribarri) tuvo un reencuentro con la prensa zuliana en la Manicer\u00eda<\/p>\n","protected":false},"author":1,"featured_media":84033,"comment_status":"open","ping_status":"closed","sticky":false,"template":"","format":"standard","meta":{"colormag_page_container_layout":"default_layout","colormag_page_sidebar_layout":"default_layout","_uag_custom_page_level_css":"","footnotes":""},"categories":[5412,5414],"tags":[78,83,50,211,216,61,2354],"class_list":["post-84031","post","type-post","status-publish","format-standard","has-post-thumbnail","hentry","category-donde_ir_maracaibo","category-talento_nacional","tag-cantantes","tag-conciertos","tag-entretenimiento","tag-espectaculos","tag-hector-urribarri","tag-musica","tag-regionales"],"yoast_head":"<!-- This site is optimized with the Yoast SEO plugin v27.4 - https:\/\/yoast.com\/product\/yoast-seo-wordpress\/ -->\n<title>H\u00e9ctor Urribarr\u00ed regresa a los escenarios maracaiberos luego de casi un a\u00f1o de ausencia<\/title>\n<meta name=\"robots\" content=\"index, follow, max-snippet:-1, max-image-preview:large, max-video-preview:-1\" \/>\n<link rel=\"canonical\" href=\"https:\/\/digital58.com.ve\/site\/2019\/02\/14\/hector-urribarri-regresa-a-los-escenarios-maracaiberos-luego-de-casi-un-ano-de-ausencia\/\" \/>\n<meta property=\"og:locale\" content=\"es_ES\" \/>\n<meta property=\"og:type\" content=\"article\" \/>\n<meta property=\"og:title\" content=\"H\u00e9ctor Urribarr\u00ed regresa a los escenarios maracaiberos luego de casi un a\u00f1o de ausencia\" \/>\n<meta property=\"og:url\" content=\"https:\/\/digital58.com.ve\/site\/2019\/02\/14\/hector-urribarri-regresa-a-los-escenarios-maracaiberos-luego-de-casi-un-ano-de-ausencia\/\" \/>\n<meta property=\"og:site_name\" content=\"Noticias Digital58\" \/>\n<meta property=\"article:published_time\" content=\"2019-02-14T21:01:43+00:00\" \/>\n<meta property=\"article:modified_time\" content=\"2019-02-14T21:09:01+00:00\" \/>\n<meta property=\"og:image\" content=\"https:\/\/digital58.com.ve\/site\/wp-content\/uploads\/2019\/02\/hector-urribarri-3.jpg\" \/>\n\t<meta property=\"og:image:width\" content=\"1500\" \/>\n\t<meta property=\"og:image:height\" content=\"1003\" \/>\n\t<meta property=\"og:image:type\" content=\"image\/jpeg\" \/>\n<meta name=\"author\" content=\"Villasmil Henry\" \/>\n<meta name=\"twitter:card\" content=\"summary_large_image\" \/>\n<meta name=\"twitter:creator\" content=\"@https:\/\/twitter.com\/villasmilhfoto\" \/>\n<meta name=\"twitter:site\" content=\"@villasmilhfoto\" \/>\n<meta name=\"twitter:label1\" content=\"Escrito por\" \/>\n\t<meta name=\"twitter:data1\" content=\"Villasmil Henry\" \/>\n\t<meta name=\"twitter:label2\" content=\"Tiempo estimado de lectura\" \/>\n\t<meta name=\"twitter:data2\" content=\"3 minutos\" \/>\n<script type=\"application\/ld+json\" class=\"yoast-schema-graph\">{\"@context\":\"https:\\\/\\\/schema.org\",\"@graph\":[{\"@type\":\"Article\",\"@id\":\"https:\\\/\\\/digital58.com.ve\\\/site\\\/2019\\\/02\\\/14\\\/hector-urribarri-regresa-a-los-escenarios-maracaiberos-luego-de-casi-un-ano-de-ausencia\\\/#article\",\"isPartOf\":{\"@id\":\"https:\\\/\\\/digital58.com.ve\\\/site\\\/2019\\\/02\\\/14\\\/hector-urribarri-regresa-a-los-escenarios-maracaiberos-luego-de-casi-un-ano-de-ausencia\\\/\"},\"author\":{\"name\":\"Villasmil Henry\",\"@id\":\"https:\\\/\\\/digital58.com.ve\\\/site\\\/#\\\/schema\\\/person\\\/64d1c2e4d0d4fd1b849980c4331c2951\"},\"headline\":\"H\u00e9ctor Urribarr\u00ed regresa a los escenarios maracaiberos luego de casi un a\u00f1o de ausencia\",\"datePublished\":\"2019-02-14T21:01:43+00:00\",\"dateModified\":\"2019-02-14T21:09:01+00:00\",\"mainEntityOfPage\":{\"@id\":\"https:\\\/\\\/digital58.com.ve\\\/site\\\/2019\\\/02\\\/14\\\/hector-urribarri-regresa-a-los-escenarios-maracaiberos-luego-de-casi-un-ano-de-ausencia\\\/\"},\"wordCount\":606,\"commentCount\":0,\"publisher\":{\"@id\":\"https:\\\/\\\/digital58.com.ve\\\/site\\\/#\\\/schema\\\/person\\\/64d1c2e4d0d4fd1b849980c4331c2951\"},\"image\":{\"@id\":\"https:\\\/\\\/digital58.com.ve\\\/site\\\/2019\\\/02\\\/14\\\/hector-urribarri-regresa-a-los-escenarios-maracaiberos-luego-de-casi-un-ano-de-ausencia\\\/#primaryimage\"},\"thumbnailUrl\":\"https:\\\/\\\/digital58.com.ve\\\/site\\\/wp-content\\\/uploads\\\/2019\\\/02\\\/hector-urribarri-3.jpg\",\"keywords\":[\"Cantantes\",\"Conciertos\",\"Entretenimiento\",\"Espect\u00e1culos\",\"H\u00e9ctor Urribarr\u00ed\",\"M\u00fasica\",\"Regionales\"],\"articleSection\":[\"\u00bfD\u00f3nde ir Maracaibo?\",\"Talento Nacional\"],\"inLanguage\":\"es\",\"potentialAction\":[{\"@type\":\"CommentAction\",\"name\":\"Comment\",\"target\":[\"https:\\\/\\\/digital58.com.ve\\\/site\\\/2019\\\/02\\\/14\\\/hector-urribarri-regresa-a-los-escenarios-maracaiberos-luego-de-casi-un-ano-de-ausencia\\\/#respond\"]}]},{\"@type\":\"WebPage\",\"@id\":\"https:\\\/\\\/digital58.com.ve\\\/site\\\/2019\\\/02\\\/14\\\/hector-urribarri-regresa-a-los-escenarios-maracaiberos-luego-de-casi-un-ano-de-ausencia\\\/\",\"url\":\"https:\\\/\\\/digital58.com.ve\\\/site\\\/2019\\\/02\\\/14\\\/hector-urribarri-regresa-a-los-escenarios-maracaiberos-luego-de-casi-un-ano-de-ausencia\\\/\",\"name\":\"H\u00e9ctor Urribarr\u00ed regresa a los escenarios maracaiberos luego de casi un a\u00f1o de ausencia\",\"isPartOf\":{\"@id\":\"https:\\\/\\\/digital58.com.ve\\\/site\\\/#website\"},\"primaryImageOfPage\":{\"@id\":\"https:\\\/\\\/digital58.com.ve\\\/site\\\/2019\\\/02\\\/14\\\/hector-urribarri-regresa-a-los-escenarios-maracaiberos-luego-de-casi-un-ano-de-ausencia\\\/#primaryimage\"},\"image\":{\"@id\":\"https:\\\/\\\/digital58.com.ve\\\/site\\\/2019\\\/02\\\/14\\\/hector-urribarri-regresa-a-los-escenarios-maracaiberos-luego-de-casi-un-ano-de-ausencia\\\/#primaryimage\"},\"thumbnailUrl\":\"https:\\\/\\\/digital58.com.ve\\\/site\\\/wp-content\\\/uploads\\\/2019\\\/02\\\/hector-urribarri-3.jpg\",\"datePublished\":\"2019-02-14T21:01:43+00:00\",\"dateModified\":\"2019-02-14T21:09:01+00:00\",\"breadcrumb\":{\"@id\":\"https:\\\/\\\/digital58.com.ve\\\/site\\\/2019\\\/02\\\/14\\\/hector-urribarri-regresa-a-los-escenarios-maracaiberos-luego-de-casi-un-ano-de-ausencia\\\/#breadcrumb\"},\"inLanguage\":\"es\",\"potentialAction\":[{\"@type\":\"ReadAction\",\"target\":[\"https:\\\/\\\/digital58.com.ve\\\/site\\\/2019\\\/02\\\/14\\\/hector-urribarri-regresa-a-los-escenarios-maracaiberos-luego-de-casi-un-ano-de-ausencia\\\/\"]}]},{\"@type\":\"ImageObject\",\"inLanguage\":\"es\",\"@id\":\"https:\\\/\\\/digital58.com.ve\\\/site\\\/2019\\\/02\\\/14\\\/hector-urribarri-regresa-a-los-escenarios-maracaiberos-luego-de-casi-un-ano-de-ausencia\\\/#primaryimage\",\"url\":\"https:\\\/\\\/digital58.com.ve\\\/site\\\/wp-content\\\/uploads\\\/2019\\\/02\\\/hector-urribarri-3.jpg\",\"contentUrl\":\"https:\\\/\\\/digital58.com.ve\\\/site\\\/wp-content\\\/uploads\\\/2019\\\/02\\\/hector-urribarri-3.jpg\",\"width\":800,\"height\":535},{\"@type\":\"BreadcrumbList\",\"@id\":\"https:\\\/\\\/digital58.com.ve\\\/site\\\/2019\\\/02\\\/14\\\/hector-urribarri-regresa-a-los-escenarios-maracaiberos-luego-de-casi-un-ano-de-ausencia\\\/#breadcrumb\",\"itemListElement\":[{\"@type\":\"ListItem\",\"position\":1,\"name\":\"Home\",\"item\":\"https:\\\/\\\/digital58.com.ve\\\/site\\\/\"},{\"@type\":\"ListItem\",\"position\":2,\"name\":\"H\u00e9ctor Urribarr\u00ed regresa a los escenarios maracaiberos luego de casi un a\u00f1o de ausencia\"}]},{\"@type\":\"WebSite\",\"@id\":\"https:\\\/\\\/digital58.com.ve\\\/site\\\/#website\",\"url\":\"https:\\\/\\\/digital58.com.ve\\\/site\\\/\",\"name\":\"Noticias Digital58\",\"description\":\"Portal de Noticias \u00a1Periodismo web de verdad! Lanzamiento web 22.11.2005 \\\/ Maracaibo, Venezuela\",\"publisher\":{\"@id\":\"https:\\\/\\\/digital58.com.ve\\\/site\\\/#\\\/schema\\\/person\\\/64d1c2e4d0d4fd1b849980c4331c2951\"},\"alternateName\":\"ND58\",\"potentialAction\":[{\"@type\":\"SearchAction\",\"target\":{\"@type\":\"EntryPoint\",\"urlTemplate\":\"https:\\\/\\\/digital58.com.ve\\\/site\\\/?s={search_term_string}\"},\"query-input\":{\"@type\":\"PropertyValueSpecification\",\"valueRequired\":true,\"valueName\":\"search_term_string\"}}],\"inLanguage\":\"es\"},{\"@type\":[\"Person\",\"Organization\"],\"@id\":\"https:\\\/\\\/digital58.com.ve\\\/site\\\/#\\\/schema\\\/person\\\/64d1c2e4d0d4fd1b849980c4331c2951\",\"name\":\"Villasmil Henry\",\"image\":{\"@type\":\"ImageObject\",\"inLanguage\":\"es\",\"@id\":\"https:\\\/\\\/secure.gravatar.com\\\/avatar\\\/bb0c4a2fcb7970138239f7e404ea75757b1b507b28b5ce4c53fbd62d797c5a7c?s=96&d=mm&r=g\",\"url\":\"https:\\\/\\\/secure.gravatar.com\\\/avatar\\\/bb0c4a2fcb7970138239f7e404ea75757b1b507b28b5ce4c53fbd62d797c5a7c?s=96&d=mm&r=g\",\"contentUrl\":\"https:\\\/\\\/secure.gravatar.com\\\/avatar\\\/bb0c4a2fcb7970138239f7e404ea75757b1b507b28b5ce4c53fbd62d797c5a7c?s=96&d=mm&r=g\",\"caption\":\"Villasmil Henry\"},\"logo\":{\"@id\":\"https:\\\/\\\/secure.gravatar.com\\\/avatar\\\/bb0c4a2fcb7970138239f7e404ea75757b1b507b28b5ce4c53fbd62d797c5a7c?s=96&d=mm&r=g\"},\"sameAs\":[\"http:\\\/\\\/www.henryvillasmil.com.ve\",\"https:\\\/\\\/www.instagram.com\\\/villasmilhfoto\\\/\",\"https:\\\/\\\/x.com\\\/https:\\\/\\\/twitter.com\\\/villasmilhfoto\"],\"url\":\"https:\\\/\\\/digital58.com.ve\\\/site\\\/author\\\/droopy_68\\\/\"}]}<\/script>\n<!-- \/ Yoast SEO plugin. -->","yoast_head_json":{"title":"H\u00e9ctor Urribarr\u00ed regresa a los escenarios maracaiberos luego de casi un a\u00f1o de ausencia","robots":{"index":"index","follow":"follow","max-snippet":"max-snippet:-1","max-image-preview":"max-image-preview:large","max-video-preview":"max-video-preview:-1"},"canonical":"https:\/\/digital58.com.ve\/site\/2019\/02\/14\/hector-urribarri-regresa-a-los-escenarios-maracaiberos-luego-de-casi-un-ano-de-ausencia\/","og_locale":"es_ES","og_type":"article","og_title":"H\u00e9ctor Urribarr\u00ed regresa a los escenarios maracaiberos luego de casi un a\u00f1o de ausencia","og_url":"https:\/\/digital58.com.ve\/site\/2019\/02\/14\/hector-urribarri-regresa-a-los-escenarios-maracaiberos-luego-de-casi-un-ano-de-ausencia\/","og_site_name":"Noticias Digital58","article_published_time":"2019-02-14T21:01:43+00:00","article_modified_time":"2019-02-14T21:09:01+00:00","og_image":[{"width":1500,"height":1003,"url":"https:\/\/digital58.com.ve\/site\/wp-content\/uploads\/2019\/02\/hector-urribarri-3.jpg","type":"image\/jpeg"}],"author":"Villasmil Henry","twitter_card":"summary_large_image","twitter_creator":"@https:\/\/twitter.com\/villasmilhfoto","twitter_site":"@villasmilhfoto","twitter_misc":{"Escrito por":"Villasmil Henry","Tiempo estimado de lectura":"3 minutos"},"schema":{"@context":"https:\/\/schema.org","@graph":[{"@type":"Article","@id":"https:\/\/digital58.com.ve\/site\/2019\/02\/14\/hector-urribarri-regresa-a-los-escenarios-maracaiberos-luego-de-casi-un-ano-de-ausencia\/#article","isPartOf":{"@id":"https:\/\/digital58.com.ve\/site\/2019\/02\/14\/hector-urribarri-regresa-a-los-escenarios-maracaiberos-luego-de-casi-un-ano-de-ausencia\/"},"author":{"name":"Villasmil Henry","@id":"https:\/\/digital58.com.ve\/site\/#\/schema\/person\/64d1c2e4d0d4fd1b849980c4331c2951"},"headline":"H\u00e9ctor Urribarr\u00ed regresa a los escenarios maracaiberos luego de casi un a\u00f1o de ausencia","datePublished":"2019-02-14T21:01:43+00:00","dateModified":"2019-02-14T21:09:01+00:00","mainEntityOfPage":{"@id":"https:\/\/digital58.com.ve\/site\/2019\/02\/14\/hector-urribarri-regresa-a-los-escenarios-maracaiberos-luego-de-casi-un-ano-de-ausencia\/"},"wordCount":606,"commentCount":0,"publisher":{"@id":"https:\/\/digital58.com.ve\/site\/#\/schema\/person\/64d1c2e4d0d4fd1b849980c4331c2951"},"image":{"@id":"https:\/\/digital58.com.ve\/site\/2019\/02\/14\/hector-urribarri-regresa-a-los-escenarios-maracaiberos-luego-de-casi-un-ano-de-ausencia\/#primaryimage"},"thumbnailUrl":"https:\/\/digital58.com.ve\/site\/wp-content\/uploads\/2019\/02\/hector-urribarri-3.jpg","keywords":["Cantantes","Conciertos","Entretenimiento","Espect\u00e1culos","H\u00e9ctor Urribarr\u00ed","M\u00fasica","Regionales"],"articleSection":["\u00bfD\u00f3nde ir Maracaibo?","Talento Nacional"],"inLanguage":"es","potentialAction":[{"@type":"CommentAction","name":"Comment","target":["https:\/\/digital58.com.ve\/site\/2019\/02\/14\/hector-urribarri-regresa-a-los-escenarios-maracaiberos-luego-de-casi-un-ano-de-ausencia\/#respond"]}]},{"@type":"WebPage","@id":"https:\/\/digital58.com.ve\/site\/2019\/02\/14\/hector-urribarri-regresa-a-los-escenarios-maracaiberos-luego-de-casi-un-ano-de-ausencia\/","url":"https:\/\/digital58.com.ve\/site\/2019\/02\/14\/hector-urribarri-regresa-a-los-escenarios-maracaiberos-luego-de-casi-un-ano-de-ausencia\/","name":"H\u00e9ctor Urribarr\u00ed regresa a los escenarios maracaiberos luego de casi un a\u00f1o de ausencia","isPartOf":{"@id":"https:\/\/digital58.com.ve\/site\/#website"},"primaryImageOfPage":{"@id":"https:\/\/digital58.com.ve\/site\/2019\/02\/14\/hector-urribarri-regresa-a-los-escenarios-maracaiberos-luego-de-casi-un-ano-de-ausencia\/#primaryimage"},"image":{"@id":"https:\/\/digital58.com.ve\/site\/2019\/02\/14\/hector-urribarri-regresa-a-los-escenarios-maracaiberos-luego-de-casi-un-ano-de-ausencia\/#primaryimage"},"thumbnailUrl":"https:\/\/digital58.com.ve\/site\/wp-content\/uploads\/2019\/02\/hector-urribarri-3.jpg","datePublished":"2019-02-14T21:01:43+00:00","dateModified":"2019-02-14T21:09:01+00:00","breadcrumb":{"@id":"https:\/\/digital58.com.ve\/site\/2019\/02\/14\/hector-urribarri-regresa-a-los-escenarios-maracaiberos-luego-de-casi-un-ano-de-ausencia\/#breadcrumb"},"inLanguage":"es","potentialAction":[{"@type":"ReadAction","target":["https:\/\/digital58.com.ve\/site\/2019\/02\/14\/hector-urribarri-regresa-a-los-escenarios-maracaiberos-luego-de-casi-un-ano-de-ausencia\/"]}]},{"@type":"ImageObject","inLanguage":"es","@id":"https:\/\/digital58.com.ve\/site\/2019\/02\/14\/hector-urribarri-regresa-a-los-escenarios-maracaiberos-luego-de-casi-un-ano-de-ausencia\/#primaryimage","url":"https:\/\/digital58.com.ve\/site\/wp-content\/uploads\/2019\/02\/hector-urribarri-3.jpg","contentUrl":"https:\/\/digital58.com.ve\/site\/wp-content\/uploads\/2019\/02\/hector-urribarri-3.jpg","width":800,"height":535},{"@type":"BreadcrumbList","@id":"https:\/\/digital58.com.ve\/site\/2019\/02\/14\/hector-urribarri-regresa-a-los-escenarios-maracaiberos-luego-de-casi-un-ano-de-ausencia\/#breadcrumb","itemListElement":[{"@type":"ListItem","position":1,"name":"Home","item":"https:\/\/digital58.com.ve\/site\/"},{"@type":"ListItem","position":2,"name":"H\u00e9ctor Urribarr\u00ed regresa a los escenarios maracaiberos luego de casi un a\u00f1o de ausencia"}]},{"@type":"WebSite","@id":"https:\/\/digital58.com.ve\/site\/#website","url":"https:\/\/digital58.com.ve\/site\/","name":"Noticias Digital58","description":"Portal de Noticias \u00a1Periodismo web de verdad! Lanzamiento web 22.11.2005 \/ Maracaibo, Venezuela","publisher":{"@id":"https:\/\/digital58.com.ve\/site\/#\/schema\/person\/64d1c2e4d0d4fd1b849980c4331c2951"},"alternateName":"ND58","potentialAction":[{"@type":"SearchAction","target":{"@type":"EntryPoint","urlTemplate":"https:\/\/digital58.com.ve\/site\/?s={search_term_string}"},"query-input":{"@type":"PropertyValueSpecification","valueRequired":true,"valueName":"search_term_string"}}],"inLanguage":"es"},{"@type":["Person","Organization"],"@id":"https:\/\/digital58.com.ve\/site\/#\/schema\/person\/64d1c2e4d0d4fd1b849980c4331c2951","name":"Villasmil Henry","image":{"@type":"ImageObject","inLanguage":"es","@id":"https:\/\/secure.gravatar.com\/avatar\/bb0c4a2fcb7970138239f7e404ea75757b1b507b28b5ce4c53fbd62d797c5a7c?s=96&d=mm&r=g","url":"https:\/\/secure.gravatar.com\/avatar\/bb0c4a2fcb7970138239f7e404ea75757b1b507b28b5ce4c53fbd62d797c5a7c?s=96&d=mm&r=g","contentUrl":"https:\/\/secure.gravatar.com\/avatar\/bb0c4a2fcb7970138239f7e404ea75757b1b507b28b5ce4c53fbd62d797c5a7c?s=96&d=mm&r=g","caption":"Villasmil Henry"},"logo":{"@id":"https:\/\/secure.gravatar.com\/avatar\/bb0c4a2fcb7970138239f7e404ea75757b1b507b28b5ce4c53fbd62d797c5a7c?s=96&d=mm&r=g"},"sameAs":["http:\/\/www.henryvillasmil.com.ve","https:\/\/www.instagram.com\/villasmilhfoto\/","https:\/\/x.com\/https:\/\/twitter.com\/villasmilhfoto"],"url":"https:\/\/digital58.com.ve\/site\/author\/droopy_68\/"}]}},"uagb_featured_image_src":{"full":["https:\/\/digital58.com.ve\/site\/wp-content\/uploads\/2019\/02\/hector-urribarri-3.jpg",800,535,false],"thumbnail":["https:\/\/digital58.com.ve\/site\/wp-content\/uploads\/2019\/02\/hector-urribarri-3-150x150.jpg",150,150,true],"medium":["https:\/\/digital58.com.ve\/site\/wp-content\/uploads\/2019\/02\/hector-urribarri-3-300x201.jpg",300,201,true],"medium_large":["https:\/\/digital58.com.ve\/site\/wp-content\/uploads\/2019\/02\/hector-urribarri-3-768x514.jpg",768,514,true],"large":["https:\/\/digital58.com.ve\/site\/wp-content\/uploads\/2019\/02\/hector-urribarri-3-1500x1003.jpg",800,535,true],"1536x1536":["https:\/\/digital58.com.ve\/site\/wp-content\/uploads\/2019\/02\/hector-urribarri-3.jpg",800,535,false],"2048x2048":["https:\/\/digital58.com.ve\/site\/wp-content\/uploads\/2019\/02\/hector-urribarri-3.jpg",800,535,false],"colormag-highlighted-post":["https:\/\/digital58.com.ve\/site\/wp-content\/uploads\/2019\/02\/hector-urribarri-3.jpg",392,262,false],"colormag-featured-post-medium":["https:\/\/digital58.com.ve\/site\/wp-content\/uploads\/2019\/02\/hector-urribarri-3.jpg",307,205,false],"colormag-featured-post-small":["https:\/\/digital58.com.ve\/site\/wp-content\/uploads\/2019\/02\/hector-urribarri-3.jpg",130,87,false],"colormag-featured-image":["https:\/\/digital58.com.ve\/site\/wp-content\/uploads\/2019\/02\/hector-urribarri-3.jpg",665,445,false],"colormag-default-news":["https:\/\/digital58.com.ve\/site\/wp-content\/uploads\/2019\/02\/hector-urribarri-3.jpg",150,100,false],"colormag-featured-image-large":["https:\/\/digital58.com.ve\/site\/wp-content\/uploads\/2019\/02\/hector-urribarri-3.jpg",800,535,false]},"uagb_author_info":{"display_name":"Villasmil Henry","author_link":"https:\/\/digital58.com.ve\/site\/author\/droopy_68\/"},"uagb_comment_info":0,"uagb_excerpt":"Este mi\u00e9rcoles, 13 de febrero, el cantante H\u00e9ctor Urribarr\u00ed (@hectorurribarri) tuvo un reencuentro con la prensa zuliana en la Manicer\u00eda","_links":{"self":[{"href":"https:\/\/digital58.com.ve\/site\/wp-json\/wp\/v2\/posts\/84031","targetHints":{"allow":["GET"]}}],"collection":[{"href":"https:\/\/digital58.com.ve\/site\/wp-json\/wp\/v2\/posts"}],"about":[{"href":"https:\/\/digital58.com.ve\/site\/wp-json\/wp\/v2\/types\/post"}],"author":[{"embeddable":true,"href":"https:\/\/digital58.com.ve\/site\/wp-json\/wp\/v2\/users\/1"}],"replies":[{"embeddable":true,"href":"https:\/\/digital58.com.ve\/site\/wp-json\/wp\/v2\/comments?post=84031"}],"version-history":[{"count":0,"href":"https:\/\/digital58.com.ve\/site\/wp-json\/wp\/v2\/posts\/84031\/revisions"}],"wp:featuredmedia":[{"embeddable":true,"href":"https:\/\/digital58.com.ve\/site\/wp-json\/wp\/v2\/media\/84033"}],"wp:attachment":[{"href":"https:\/\/digital58.com.ve\/site\/wp-json\/wp\/v2\/media?parent=84031"}],"wp:term":[{"taxonomy":"category","embeddable":true,"href":"https:\/\/digital58.com.ve\/site\/wp-json\/wp\/v2\/categories?post=84031"},{"taxonomy":"post_tag","embeddable":true,"href":"https:\/\/digital58.com.ve\/site\/wp-json\/wp\/v2\/tags?post=84031"}],"curies":[{"name":"wp","href":"https:\/\/api.w.org\/{rel}","templated":true}]}}