{"id":84188,"date":"2019-03-16T12:53:28","date_gmt":"2019-03-16T16:53:28","guid":{"rendered":"http:\/\/digital58.com.ve\/site\/?p=84188"},"modified":"2019-03-16T12:53:28","modified_gmt":"2019-03-16T16:53:28","slug":"hoffman-se-planta-en-la-escena-caraquena-con-su-primer-sencillo-comun-denominador-2","status":"publish","type":"post","link":"https:\/\/digital58.com.ve\/site\/2019\/03\/16\/hoffman-se-planta-en-la-escena-caraquena-con-su-primer-sencillo-comun-denominador-2\/","title":{"rendered":"Hoffman se planta en la escena caraque\u00f1a con su primer sencillo \u00abCom\u00fan Denominador\u00bb"},"content":{"rendered":"<p><a href=\"http:\/\/digital58.com.ve\/site\/wp-content\/uploads\/2019\/03\/hoffman-6.jpg\"><img loading=\"lazy\" decoding=\"async\" class=\"aligncenter size-large wp-image-84189\" src=\"http:\/\/digital58.com.ve\/site\/wp-content\/uploads\/2019\/03\/hoffman-6-1024x1024.jpg\" alt=\"\" width=\"640\" height=\"640\" srcset=\"https:\/\/digital58.com.ve\/site\/wp-content\/uploads\/2019\/03\/hoffman-6-1024x1024.jpg 1024w, https:\/\/digital58.com.ve\/site\/wp-content\/uploads\/2019\/03\/hoffman-6-150x150.jpg 150w, https:\/\/digital58.com.ve\/site\/wp-content\/uploads\/2019\/03\/hoffman-6-300x300.jpg 300w, https:\/\/digital58.com.ve\/site\/wp-content\/uploads\/2019\/03\/hoffman-6-768x768.jpg 768w, https:\/\/digital58.com.ve\/site\/wp-content\/uploads\/2019\/03\/hoffman-6.jpg 600w\" sizes=\"auto, (max-width: 640px) 100vw, 640px\" \/><\/a><\/p>\n<p>Despu\u00e9s de cuatro a\u00f1os de trayectoria en los escenarios del pa\u00eds; Hoffman la prometedora banda caraque\u00f1a, dice presente en la escena con su primer sencillo oficial, tema titulado \u00abCom\u00fan Denominador\u00bb el cual busca ser un llamado de atenci\u00f3n para quienes evitan pensar en \u00a0ciertas cosas.<\/p>\n<p><strong>Caracas, DC, Venezuela, 16 de marzo de 2019 (Noticias D58).-<\/strong> Hoffman es una banda integrada por Naresh Valbuena, un joven de 23 a\u00f1os de edad quien es la voz y segunda guitarra, fue \u00e9l, quien hace 4 a\u00f1os, decidi\u00f3 emprender con este proyecto; \u00a0Javier Castellanos de 22 a\u00f1os en el bajo; Abel Fern\u00e1ndez de 18 en la guitarra principal y Enrique Salgado en la bater\u00eda.<\/p>\n<p>Luego de una interesante participaci\u00f3n en el Festival\u00a0 Nuevas Bandas y una actuaci\u00f3n sobresaliente en el Viva Rock Latino del Hard Rock Caf\u00e9, la banda, vali\u00e9ndose de su experiencia, se prepar\u00f3 para sacar su primer material de estudio, un EP titulado \u00abDel alma\u00bb, material que dentro de poco tendr\u00e1n disponible. Mientras, podemos tener una probada de su m\u00fasica con este nuevo sencillo.<\/p>\n<p>El tema fue grabado en las instalaciones de Poseid\u00f3n Estudio donde, con la colaboraci\u00f3n de Juan David Artal de la banda Colibr\u00ed, estuvieron una semana completa en el proceso de grabaci\u00f3n para entregarles un material con mucha calidad. El tema viene acompa\u00f1ado de un arte cuyo responsable es el dise\u00f1ador gr\u00e1fico Nicol\u00e1s Vizquel y su marca (Cko_Supp), tambi\u00e9n\u00a0contando con el apoyo de Producciones Zigmazcom en la parte de fotograf\u00eda.<\/p>\n<p>El interesante sonido de la banda es definido por ellos como psicod\u00e9lico, pero tomando el sentido m\u00e1s profundo y etimol\u00f3gico de la palabra, palabra que viene de la combinaci\u00f3n de las vocablos griegos \u00ab\u03c8\u03c5\u03c7\u03ae\u00bb que significa alma y \u00ab\u03b4\u03ae\u03bb\u03bf\u03bc\u03b1\u03b9\u00bb que quiere decir manifestar, justo en el medio de estas dos palabras se encuentra en sonido de la banda el que definen como \u00abun espacio en el que se encuentran la realidad y los sue\u00f1os, uno, donde es posible refugiarse\u00bb.<\/p>\n<p>Con marcados tonos indie Hoffman muestra en este sencillo su capacidad para crear sonidos que atrapan a las personas, pero sin llegar a ser asfixiantes o confusos. Con peque\u00f1os toques de pop que la hacen muy accesible al p\u00fablico general.<\/p>\n<p>Al indagar un poco sobre las experiencias que inspiraron la canci\u00f3n la respuesta fue simple y a la vez contundente \u00abes tan fuerte que no quiero ir hasta all\u00ed\u00bb haciendo alusi\u00f3n a la complejidad y profundidad del proceso creativo de este primer sencillo en el que lo han dado todo.<\/p>\n<p>Por otro lado, al pedirles que explicaran su sonido al p\u00fablico, expresaron: \u00abcomo primer sencillo, tratamos de utilizar todos los recursos que componen las diferentes canciones de la banda para darle una idea general al p\u00fablico de c\u00f3mo es nuestro sonido\u00bb.<\/p>\n<p>Lo que podremos apreciar en este tema es, una muestra completa de lo que la banda puede hacer, mas all\u00e1 de la t\u00e9cnica o lo musical, en este tema se encuentran sintetizados sus 4 a\u00f1os de carrera, sus canciones previas, sus experiencias buenas y malas, sus cambios y todo lo que los ha llevado a este momento. \u00abCom\u00fan Denominador\u00bb es una probada completa de Hoffman en todos los sentidos.<\/p>\n<p style=\"text-align: center;\"><div class=\"lyte-wrapper\" title=\"Hoffman - Com&uacute;n Denominador\" style=\"width:640px;max-width:100%;margin:5px auto;\"><div class=\"lyMe\" id=\"WYL_rtHwNNsDdqs\" itemprop=\"video\" itemscope itemtype=\"https:\/\/schema.org\/VideoObject\"><div><meta itemprop=\"thumbnailUrl\" content=\"https:\/\/i.ytimg.com\/vi\/rtHwNNsDdqs\/hqdefault.jpg\" \/><meta itemprop=\"embedURL\" content=\"https:\/\/www.youtube.com\/embed\/rtHwNNsDdqs\" \/><meta itemprop=\"duration\" content=\"PT3M49S\" \/><meta itemprop=\"uploadDate\" content=\"2018-12-16T21:15:25Z\" \/><\/div><div id=\"lyte_rtHwNNsDdqs\" data-src=\"https:\/\/i.ytimg.com\/vi\/rtHwNNsDdqs\/hqdefault.jpg\" class=\"pL\"><div class=\"tC\"><div class=\"tT\" itemprop=\"name\">Hoffman - Com\u00fan Denominador<\/div><\/div><div class=\"play\"><\/div><div class=\"ctrl\"><div class=\"Lctrl\"><\/div><div class=\"Rctrl\"><\/div><\/div><\/div><noscript><a href=\"https:\/\/youtu.be\/rtHwNNsDdqs\" rel=\"nofollow\"><img loading=\"lazy\" decoding=\"async\" src=\"https:\/\/i.ytimg.com\/vi\/rtHwNNsDdqs\/0.jpg\" alt=\"Hoffman - Com&uacute;n Denominador\" width=\"640\" height=\"340\" \/><br \/>Ver este video en YouTube<\/a><\/noscript><meta itemprop=\"description\" content=\"Hoffman presenta: Com\u00fan Denominador Estudio: Poseid\u00f3n Estudio Ing de Sonido: Sebasti\u00e1n Lemoine Producci\u00f3n: Naresh Valbuena Letra y musica: Naresh Valbuena Co Producci\u00f3n:Juan David Artal, Sebasti\u00e1n Lemoine Arreglo: Hoffman Arte: Nicol\u00e1s Vizquel (Cko_Supp) Hoffman es: Naresh Valbuena: Voz, Guitarra Ritmica Enrique Salgado: Bater\u00eda Javier Castellanos: Bajo Abel &quot;The Kid&quot; Fernandez: Guitarra Lider Teclados adicionales: Juan David Artal Coros: Naresh Valbuena, Pablo Granadino Agradecimientos especiales a el Sr Luis Castellanos por ser nuestra ayuda con el transporte, a Nina por hacer registro en parte importante de este proceso de grabaci\u00f3n, a Jos\u00e9 Jes\u00fas Sanchez por el montaje del tema y el arte, y a todos nuestros amigos que han aportado de alguna manera a este proyecto.\"><\/div><\/div><div class=\"lL\" style=\"max-width:100%;width:640px;margin:5px auto;\"><\/div><\/p>\n<p><strong>Instagram: <a href=\"https:\/\/www.instagram.com\/hoffman.ccs\/\" target=\"_blank\" rel=\"noopener noreferrer\">hoffman.ccs<\/a><br \/>\n<\/strong><\/p>\n<p><strong>Redacci\u00f3n con fuente: Jorge Paredes<\/strong><br \/>\n<strong>Edici\u00f3n: Villasmil, Henry<\/strong><br \/>\n<strong>Gr\u00e1fica: cortes\u00eda<\/strong><\/p><div class=\"hwbzh69f55932292d0\" ><p style=\"text-align: center;\"><a href=\"https:\/\/t.me\/noticiasdigital58\" target=\"_blank\" rel=\"noopener\"><img class=\"aligncenter size-full wp-image-125363\" src=\"https:\/\/digital58.com.ve\/site\/wp-content\/uploads\/2021\/04\/banner-telegram-web-2021.png\" alt=\"\" width=\"600\" height=\"90\" \/><\/a><\/p><\/div><style type=\"text\/css\">\r\n@media screen and (min-width: 1201px) {\r\n.hwbzh69f55932292d0 {\r\ndisplay: block;\r\n}\r\n}\r\n@media screen and (min-width: 993px) and (max-width: 1200px) {\r\n.hwbzh69f55932292d0 {\r\ndisplay: block;\r\n}\r\n}\r\n@media screen and (min-width: 769px) and (max-width: 992px) {\r\n.hwbzh69f55932292d0 {\r\ndisplay: block;\r\n}\r\n}\r\n@media screen and (min-width: 768px) and (max-width: 768px) {\r\n.hwbzh69f55932292d0 {\r\ndisplay: block;\r\n}\r\n}\r\n@media screen and (max-width: 767px) {\r\n.hwbzh69f55932292d0 {\r\ndisplay: block;\r\n}\r\n}\r\n<\/style>\r\n\n<p><a href=\"http:\/\/digital58.com.ve\/site\/wp-content\/uploads\/2019\/03\/hoffman-5.jpg\"><img loading=\"lazy\" decoding=\"async\" class=\"aligncenter size-full wp-image-84190\" src=\"http:\/\/digital58.com.ve\/site\/wp-content\/uploads\/2019\/03\/hoffman-5.jpg\" alt=\"\" width=\"1200\" height=\"800\" srcset=\"https:\/\/digital58.com.ve\/site\/wp-content\/uploads\/2019\/03\/hoffman-5.jpg 800w, https:\/\/digital58.com.ve\/site\/wp-content\/uploads\/2019\/03\/hoffman-5-300x200.jpg 300w, https:\/\/digital58.com.ve\/site\/wp-content\/uploads\/2019\/03\/hoffman-5-768x512.jpg 768w, https:\/\/digital58.com.ve\/site\/wp-content\/uploads\/2019\/03\/hoffman-5-720x480.jpg 720w, https:\/\/digital58.com.ve\/site\/wp-content\/uploads\/2019\/03\/hoffman-5-480x320.jpg 480w\" sizes=\"auto, (max-width: 1200px) 100vw, 1200px\" \/><\/a><\/p>\n<div style=\"margin-top: 0px; margin-bottom: 0px;\" class=\"sharethis-inline-share-buttons\" ><\/div>","protected":false},"excerpt":{"rendered":"<p>Despu\u00e9s de cuatro a\u00f1os de trayectoria en los escenarios del pa\u00eds; Hoffman la prometedora banda caraque\u00f1a, dice presente en la<\/p>\n","protected":false},"author":1,"featured_media":84190,"comment_status":"open","ping_status":"closed","sticky":false,"template":"","format":"standard","meta":{"colormag_page_container_layout":"default_layout","colormag_page_sidebar_layout":"default_layout","_uag_custom_page_level_css":"","footnotes":""},"categories":[5414],"tags":[8954,29,50,12080,11583,61,233],"class_list":["post-84188","post","type-post","status-publish","format-standard","has-post-thumbnail","hentry","category-talento_nacional","tag-bandas-musicales","tag-caracas","tag-entretenimiento","tag-hoffman","tag-lanzamientos-musicales","tag-musica","tag-nacionales"],"yoast_head":"<!-- This site is optimized with the Yoast SEO plugin v27.5 - https:\/\/yoast.com\/product\/yoast-seo-wordpress\/ -->\n<title>Hoffman se planta en la escena caraque\u00f1a con su primer sencillo \u00abCom\u00fan Denominador\u00bb<\/title>\n<meta name=\"robots\" content=\"index, follow, max-snippet:-1, max-image-preview:large, max-video-preview:-1\" \/>\n<link rel=\"canonical\" href=\"https:\/\/digital58.com.ve\/site\/2019\/03\/16\/hoffman-se-planta-en-la-escena-caraquena-con-su-primer-sencillo-comun-denominador-2\/\" \/>\n<meta property=\"og:locale\" content=\"es_ES\" \/>\n<meta property=\"og:type\" content=\"article\" \/>\n<meta property=\"og:title\" content=\"Hoffman se planta en la escena caraque\u00f1a con su primer sencillo \u00abCom\u00fan Denominador\u00bb\" \/>\n<meta property=\"og:url\" content=\"https:\/\/digital58.com.ve\/site\/2019\/03\/16\/hoffman-se-planta-en-la-escena-caraquena-con-su-primer-sencillo-comun-denominador-2\/\" \/>\n<meta property=\"og:site_name\" content=\"Noticias Digital58\" \/>\n<meta property=\"article:published_time\" content=\"2019-03-16T16:53:28+00:00\" \/>\n<meta property=\"og:image\" content=\"https:\/\/digital58.com.ve\/site\/wp-content\/uploads\/2019\/03\/hoffman-5.jpg\" \/>\n\t<meta property=\"og:image:width\" content=\"1200\" \/>\n\t<meta property=\"og:image:height\" content=\"800\" \/>\n\t<meta property=\"og:image:type\" content=\"image\/jpeg\" \/>\n<meta name=\"author\" content=\"Villasmil Henry\" \/>\n<meta name=\"twitter:card\" content=\"summary_large_image\" \/>\n<meta name=\"twitter:creator\" content=\"@https:\/\/twitter.com\/villasmilhfoto\" \/>\n<meta name=\"twitter:site\" content=\"@villasmilhfoto\" \/>\n<meta name=\"twitter:label1\" content=\"Escrito por\" \/>\n\t<meta name=\"twitter:data1\" content=\"Villasmil Henry\" \/>\n\t<meta name=\"twitter:label2\" content=\"Tiempo estimado de lectura\" \/>\n\t<meta name=\"twitter:data2\" content=\"3 minutos\" \/>\n<script type=\"application\/ld+json\" class=\"yoast-schema-graph\">{\"@context\":\"https:\\\/\\\/schema.org\",\"@graph\":[{\"@type\":\"Article\",\"@id\":\"https:\\\/\\\/digital58.com.ve\\\/site\\\/2019\\\/03\\\/16\\\/hoffman-se-planta-en-la-escena-caraquena-con-su-primer-sencillo-comun-denominador-2\\\/#article\",\"isPartOf\":{\"@id\":\"https:\\\/\\\/digital58.com.ve\\\/site\\\/2019\\\/03\\\/16\\\/hoffman-se-planta-en-la-escena-caraquena-con-su-primer-sencillo-comun-denominador-2\\\/\"},\"author\":{\"name\":\"Villasmil Henry\",\"@id\":\"https:\\\/\\\/digital58.com.ve\\\/site\\\/#\\\/schema\\\/person\\\/64d1c2e4d0d4fd1b849980c4331c2951\"},\"headline\":\"Hoffman se planta en la escena caraque\u00f1a con su primer sencillo \u00abCom\u00fan Denominador\u00bb\",\"datePublished\":\"2019-03-16T16:53:28+00:00\",\"mainEntityOfPage\":{\"@id\":\"https:\\\/\\\/digital58.com.ve\\\/site\\\/2019\\\/03\\\/16\\\/hoffman-se-planta-en-la-escena-caraquena-con-su-primer-sencillo-comun-denominador-2\\\/\"},\"wordCount\":586,\"commentCount\":0,\"publisher\":{\"@id\":\"https:\\\/\\\/digital58.com.ve\\\/site\\\/#\\\/schema\\\/person\\\/64d1c2e4d0d4fd1b849980c4331c2951\"},\"image\":{\"@id\":\"https:\\\/\\\/digital58.com.ve\\\/site\\\/2019\\\/03\\\/16\\\/hoffman-se-planta-en-la-escena-caraquena-con-su-primer-sencillo-comun-denominador-2\\\/#primaryimage\"},\"thumbnailUrl\":\"https:\\\/\\\/digital58.com.ve\\\/site\\\/wp-content\\\/uploads\\\/2019\\\/03\\\/hoffman-5.jpg\",\"keywords\":[\"Bandas Musicales\",\"Caracas\",\"Entretenimiento\",\"Hoffman\",\"Lanzamientos Musicales\",\"M\u00fasica\",\"Nacionales\"],\"articleSection\":[\"Talento Nacional\"],\"inLanguage\":\"es\",\"potentialAction\":[{\"@type\":\"CommentAction\",\"name\":\"Comment\",\"target\":[\"https:\\\/\\\/digital58.com.ve\\\/site\\\/2019\\\/03\\\/16\\\/hoffman-se-planta-en-la-escena-caraquena-con-su-primer-sencillo-comun-denominador-2\\\/#respond\"]}]},{\"@type\":\"WebPage\",\"@id\":\"https:\\\/\\\/digital58.com.ve\\\/site\\\/2019\\\/03\\\/16\\\/hoffman-se-planta-en-la-escena-caraquena-con-su-primer-sencillo-comun-denominador-2\\\/\",\"url\":\"https:\\\/\\\/digital58.com.ve\\\/site\\\/2019\\\/03\\\/16\\\/hoffman-se-planta-en-la-escena-caraquena-con-su-primer-sencillo-comun-denominador-2\\\/\",\"name\":\"Hoffman se planta en la escena caraque\u00f1a con su primer sencillo \u00abCom\u00fan Denominador\u00bb\",\"isPartOf\":{\"@id\":\"https:\\\/\\\/digital58.com.ve\\\/site\\\/#website\"},\"primaryImageOfPage\":{\"@id\":\"https:\\\/\\\/digital58.com.ve\\\/site\\\/2019\\\/03\\\/16\\\/hoffman-se-planta-en-la-escena-caraquena-con-su-primer-sencillo-comun-denominador-2\\\/#primaryimage\"},\"image\":{\"@id\":\"https:\\\/\\\/digital58.com.ve\\\/site\\\/2019\\\/03\\\/16\\\/hoffman-se-planta-en-la-escena-caraquena-con-su-primer-sencillo-comun-denominador-2\\\/#primaryimage\"},\"thumbnailUrl\":\"https:\\\/\\\/digital58.com.ve\\\/site\\\/wp-content\\\/uploads\\\/2019\\\/03\\\/hoffman-5.jpg\",\"datePublished\":\"2019-03-16T16:53:28+00:00\",\"breadcrumb\":{\"@id\":\"https:\\\/\\\/digital58.com.ve\\\/site\\\/2019\\\/03\\\/16\\\/hoffman-se-planta-en-la-escena-caraquena-con-su-primer-sencillo-comun-denominador-2\\\/#breadcrumb\"},\"inLanguage\":\"es\",\"potentialAction\":[{\"@type\":\"ReadAction\",\"target\":[\"https:\\\/\\\/digital58.com.ve\\\/site\\\/2019\\\/03\\\/16\\\/hoffman-se-planta-en-la-escena-caraquena-con-su-primer-sencillo-comun-denominador-2\\\/\"]}]},{\"@type\":\"ImageObject\",\"inLanguage\":\"es\",\"@id\":\"https:\\\/\\\/digital58.com.ve\\\/site\\\/2019\\\/03\\\/16\\\/hoffman-se-planta-en-la-escena-caraquena-con-su-primer-sencillo-comun-denominador-2\\\/#primaryimage\",\"url\":\"https:\\\/\\\/digital58.com.ve\\\/site\\\/wp-content\\\/uploads\\\/2019\\\/03\\\/hoffman-5.jpg\",\"contentUrl\":\"https:\\\/\\\/digital58.com.ve\\\/site\\\/wp-content\\\/uploads\\\/2019\\\/03\\\/hoffman-5.jpg\",\"width\":800,\"height\":533},{\"@type\":\"BreadcrumbList\",\"@id\":\"https:\\\/\\\/digital58.com.ve\\\/site\\\/2019\\\/03\\\/16\\\/hoffman-se-planta-en-la-escena-caraquena-con-su-primer-sencillo-comun-denominador-2\\\/#breadcrumb\",\"itemListElement\":[{\"@type\":\"ListItem\",\"position\":1,\"name\":\"Home\",\"item\":\"https:\\\/\\\/digital58.com.ve\\\/site\\\/\"},{\"@type\":\"ListItem\",\"position\":2,\"name\":\"Hoffman se planta en la escena caraque\u00f1a con su primer sencillo \u00abCom\u00fan Denominador\u00bb\"}]},{\"@type\":\"WebSite\",\"@id\":\"https:\\\/\\\/digital58.com.ve\\\/site\\\/#website\",\"url\":\"https:\\\/\\\/digital58.com.ve\\\/site\\\/\",\"name\":\"Noticias Digital58\",\"description\":\"Portal de Noticias \u00a1Periodismo web de verdad! Lanzamiento web 22.11.2005 \\\/ Maracaibo, Venezuela\",\"publisher\":{\"@id\":\"https:\\\/\\\/digital58.com.ve\\\/site\\\/#\\\/schema\\\/person\\\/64d1c2e4d0d4fd1b849980c4331c2951\"},\"alternateName\":\"ND58\",\"potentialAction\":[{\"@type\":\"SearchAction\",\"target\":{\"@type\":\"EntryPoint\",\"urlTemplate\":\"https:\\\/\\\/digital58.com.ve\\\/site\\\/?s={search_term_string}\"},\"query-input\":{\"@type\":\"PropertyValueSpecification\",\"valueRequired\":true,\"valueName\":\"search_term_string\"}}],\"inLanguage\":\"es\"},{\"@type\":[\"Person\",\"Organization\"],\"@id\":\"https:\\\/\\\/digital58.com.ve\\\/site\\\/#\\\/schema\\\/person\\\/64d1c2e4d0d4fd1b849980c4331c2951\",\"name\":\"Villasmil Henry\",\"image\":{\"@type\":\"ImageObject\",\"inLanguage\":\"es\",\"@id\":\"https:\\\/\\\/secure.gravatar.com\\\/avatar\\\/bb0c4a2fcb7970138239f7e404ea75757b1b507b28b5ce4c53fbd62d797c5a7c?s=96&d=mm&r=g\",\"url\":\"https:\\\/\\\/secure.gravatar.com\\\/avatar\\\/bb0c4a2fcb7970138239f7e404ea75757b1b507b28b5ce4c53fbd62d797c5a7c?s=96&d=mm&r=g\",\"contentUrl\":\"https:\\\/\\\/secure.gravatar.com\\\/avatar\\\/bb0c4a2fcb7970138239f7e404ea75757b1b507b28b5ce4c53fbd62d797c5a7c?s=96&d=mm&r=g\",\"caption\":\"Villasmil Henry\"},\"logo\":{\"@id\":\"https:\\\/\\\/secure.gravatar.com\\\/avatar\\\/bb0c4a2fcb7970138239f7e404ea75757b1b507b28b5ce4c53fbd62d797c5a7c?s=96&d=mm&r=g\"},\"sameAs\":[\"http:\\\/\\\/www.henryvillasmil.com.ve\",\"https:\\\/\\\/www.instagram.com\\\/villasmilhfoto\\\/\",\"https:\\\/\\\/x.com\\\/https:\\\/\\\/twitter.com\\\/villasmilhfoto\"],\"url\":\"https:\\\/\\\/digital58.com.ve\\\/site\\\/author\\\/droopy_68\\\/\"}]}<\/script>\n<!-- \/ Yoast SEO plugin. -->","yoast_head_json":{"title":"Hoffman se planta en la escena caraque\u00f1a con su primer sencillo \u00abCom\u00fan Denominador\u00bb","robots":{"index":"index","follow":"follow","max-snippet":"max-snippet:-1","max-image-preview":"max-image-preview:large","max-video-preview":"max-video-preview:-1"},"canonical":"https:\/\/digital58.com.ve\/site\/2019\/03\/16\/hoffman-se-planta-en-la-escena-caraquena-con-su-primer-sencillo-comun-denominador-2\/","og_locale":"es_ES","og_type":"article","og_title":"Hoffman se planta en la escena caraque\u00f1a con su primer sencillo \u00abCom\u00fan Denominador\u00bb","og_url":"https:\/\/digital58.com.ve\/site\/2019\/03\/16\/hoffman-se-planta-en-la-escena-caraquena-con-su-primer-sencillo-comun-denominador-2\/","og_site_name":"Noticias Digital58","article_published_time":"2019-03-16T16:53:28+00:00","og_image":[{"width":1200,"height":800,"url":"https:\/\/digital58.com.ve\/site\/wp-content\/uploads\/2019\/03\/hoffman-5.jpg","type":"image\/jpeg"}],"author":"Villasmil Henry","twitter_card":"summary_large_image","twitter_creator":"@https:\/\/twitter.com\/villasmilhfoto","twitter_site":"@villasmilhfoto","twitter_misc":{"Escrito por":"Villasmil Henry","Tiempo estimado de lectura":"3 minutos"},"schema":{"@context":"https:\/\/schema.org","@graph":[{"@type":"Article","@id":"https:\/\/digital58.com.ve\/site\/2019\/03\/16\/hoffman-se-planta-en-la-escena-caraquena-con-su-primer-sencillo-comun-denominador-2\/#article","isPartOf":{"@id":"https:\/\/digital58.com.ve\/site\/2019\/03\/16\/hoffman-se-planta-en-la-escena-caraquena-con-su-primer-sencillo-comun-denominador-2\/"},"author":{"name":"Villasmil Henry","@id":"https:\/\/digital58.com.ve\/site\/#\/schema\/person\/64d1c2e4d0d4fd1b849980c4331c2951"},"headline":"Hoffman se planta en la escena caraque\u00f1a con su primer sencillo \u00abCom\u00fan Denominador\u00bb","datePublished":"2019-03-16T16:53:28+00:00","mainEntityOfPage":{"@id":"https:\/\/digital58.com.ve\/site\/2019\/03\/16\/hoffman-se-planta-en-la-escena-caraquena-con-su-primer-sencillo-comun-denominador-2\/"},"wordCount":586,"commentCount":0,"publisher":{"@id":"https:\/\/digital58.com.ve\/site\/#\/schema\/person\/64d1c2e4d0d4fd1b849980c4331c2951"},"image":{"@id":"https:\/\/digital58.com.ve\/site\/2019\/03\/16\/hoffman-se-planta-en-la-escena-caraquena-con-su-primer-sencillo-comun-denominador-2\/#primaryimage"},"thumbnailUrl":"https:\/\/digital58.com.ve\/site\/wp-content\/uploads\/2019\/03\/hoffman-5.jpg","keywords":["Bandas Musicales","Caracas","Entretenimiento","Hoffman","Lanzamientos Musicales","M\u00fasica","Nacionales"],"articleSection":["Talento Nacional"],"inLanguage":"es","potentialAction":[{"@type":"CommentAction","name":"Comment","target":["https:\/\/digital58.com.ve\/site\/2019\/03\/16\/hoffman-se-planta-en-la-escena-caraquena-con-su-primer-sencillo-comun-denominador-2\/#respond"]}]},{"@type":"WebPage","@id":"https:\/\/digital58.com.ve\/site\/2019\/03\/16\/hoffman-se-planta-en-la-escena-caraquena-con-su-primer-sencillo-comun-denominador-2\/","url":"https:\/\/digital58.com.ve\/site\/2019\/03\/16\/hoffman-se-planta-en-la-escena-caraquena-con-su-primer-sencillo-comun-denominador-2\/","name":"Hoffman se planta en la escena caraque\u00f1a con su primer sencillo \u00abCom\u00fan Denominador\u00bb","isPartOf":{"@id":"https:\/\/digital58.com.ve\/site\/#website"},"primaryImageOfPage":{"@id":"https:\/\/digital58.com.ve\/site\/2019\/03\/16\/hoffman-se-planta-en-la-escena-caraquena-con-su-primer-sencillo-comun-denominador-2\/#primaryimage"},"image":{"@id":"https:\/\/digital58.com.ve\/site\/2019\/03\/16\/hoffman-se-planta-en-la-escena-caraquena-con-su-primer-sencillo-comun-denominador-2\/#primaryimage"},"thumbnailUrl":"https:\/\/digital58.com.ve\/site\/wp-content\/uploads\/2019\/03\/hoffman-5.jpg","datePublished":"2019-03-16T16:53:28+00:00","breadcrumb":{"@id":"https:\/\/digital58.com.ve\/site\/2019\/03\/16\/hoffman-se-planta-en-la-escena-caraquena-con-su-primer-sencillo-comun-denominador-2\/#breadcrumb"},"inLanguage":"es","potentialAction":[{"@type":"ReadAction","target":["https:\/\/digital58.com.ve\/site\/2019\/03\/16\/hoffman-se-planta-en-la-escena-caraquena-con-su-primer-sencillo-comun-denominador-2\/"]}]},{"@type":"ImageObject","inLanguage":"es","@id":"https:\/\/digital58.com.ve\/site\/2019\/03\/16\/hoffman-se-planta-en-la-escena-caraquena-con-su-primer-sencillo-comun-denominador-2\/#primaryimage","url":"https:\/\/digital58.com.ve\/site\/wp-content\/uploads\/2019\/03\/hoffman-5.jpg","contentUrl":"https:\/\/digital58.com.ve\/site\/wp-content\/uploads\/2019\/03\/hoffman-5.jpg","width":800,"height":533},{"@type":"BreadcrumbList","@id":"https:\/\/digital58.com.ve\/site\/2019\/03\/16\/hoffman-se-planta-en-la-escena-caraquena-con-su-primer-sencillo-comun-denominador-2\/#breadcrumb","itemListElement":[{"@type":"ListItem","position":1,"name":"Home","item":"https:\/\/digital58.com.ve\/site\/"},{"@type":"ListItem","position":2,"name":"Hoffman se planta en la escena caraque\u00f1a con su primer sencillo \u00abCom\u00fan Denominador\u00bb"}]},{"@type":"WebSite","@id":"https:\/\/digital58.com.ve\/site\/#website","url":"https:\/\/digital58.com.ve\/site\/","name":"Noticias Digital58","description":"Portal de Noticias \u00a1Periodismo web de verdad! Lanzamiento web 22.11.2005 \/ Maracaibo, Venezuela","publisher":{"@id":"https:\/\/digital58.com.ve\/site\/#\/schema\/person\/64d1c2e4d0d4fd1b849980c4331c2951"},"alternateName":"ND58","potentialAction":[{"@type":"SearchAction","target":{"@type":"EntryPoint","urlTemplate":"https:\/\/digital58.com.ve\/site\/?s={search_term_string}"},"query-input":{"@type":"PropertyValueSpecification","valueRequired":true,"valueName":"search_term_string"}}],"inLanguage":"es"},{"@type":["Person","Organization"],"@id":"https:\/\/digital58.com.ve\/site\/#\/schema\/person\/64d1c2e4d0d4fd1b849980c4331c2951","name":"Villasmil Henry","image":{"@type":"ImageObject","inLanguage":"es","@id":"https:\/\/secure.gravatar.com\/avatar\/bb0c4a2fcb7970138239f7e404ea75757b1b507b28b5ce4c53fbd62d797c5a7c?s=96&d=mm&r=g","url":"https:\/\/secure.gravatar.com\/avatar\/bb0c4a2fcb7970138239f7e404ea75757b1b507b28b5ce4c53fbd62d797c5a7c?s=96&d=mm&r=g","contentUrl":"https:\/\/secure.gravatar.com\/avatar\/bb0c4a2fcb7970138239f7e404ea75757b1b507b28b5ce4c53fbd62d797c5a7c?s=96&d=mm&r=g","caption":"Villasmil Henry"},"logo":{"@id":"https:\/\/secure.gravatar.com\/avatar\/bb0c4a2fcb7970138239f7e404ea75757b1b507b28b5ce4c53fbd62d797c5a7c?s=96&d=mm&r=g"},"sameAs":["http:\/\/www.henryvillasmil.com.ve","https:\/\/www.instagram.com\/villasmilhfoto\/","https:\/\/x.com\/https:\/\/twitter.com\/villasmilhfoto"],"url":"https:\/\/digital58.com.ve\/site\/author\/droopy_68\/"}]}},"uagb_featured_image_src":{"full":["https:\/\/digital58.com.ve\/site\/wp-content\/uploads\/2019\/03\/hoffman-5.jpg",800,533,false],"thumbnail":["https:\/\/digital58.com.ve\/site\/wp-content\/uploads\/2019\/03\/hoffman-5-150x150.jpg",150,150,true],"medium":["https:\/\/digital58.com.ve\/site\/wp-content\/uploads\/2019\/03\/hoffman-5-300x200.jpg",300,200,true],"medium_large":["https:\/\/digital58.com.ve\/site\/wp-content\/uploads\/2019\/03\/hoffman-5-768x512.jpg",768,512,true],"large":["https:\/\/digital58.com.ve\/site\/wp-content\/uploads\/2019\/03\/hoffman-5.jpg",800,533,false],"1536x1536":["https:\/\/digital58.com.ve\/site\/wp-content\/uploads\/2019\/03\/hoffman-5.jpg",800,533,false],"2048x2048":["https:\/\/digital58.com.ve\/site\/wp-content\/uploads\/2019\/03\/hoffman-5.jpg",800,533,false],"colormag-highlighted-post":["https:\/\/digital58.com.ve\/site\/wp-content\/uploads\/2019\/03\/hoffman-5.jpg",392,261,false],"colormag-featured-post-medium":["https:\/\/digital58.com.ve\/site\/wp-content\/uploads\/2019\/03\/hoffman-5.jpg",308,205,false],"colormag-featured-post-small":["https:\/\/digital58.com.ve\/site\/wp-content\/uploads\/2019\/03\/hoffman-5.jpg",130,87,false],"colormag-featured-image":["https:\/\/digital58.com.ve\/site\/wp-content\/uploads\/2019\/03\/hoffman-5.jpg",668,445,false],"colormag-default-news":["https:\/\/digital58.com.ve\/site\/wp-content\/uploads\/2019\/03\/hoffman-5.jpg",150,100,false],"colormag-featured-image-large":["https:\/\/digital58.com.ve\/site\/wp-content\/uploads\/2019\/03\/hoffman-5.jpg",800,533,false]},"uagb_author_info":{"display_name":"Villasmil Henry","author_link":"https:\/\/digital58.com.ve\/site\/author\/droopy_68\/"},"uagb_comment_info":0,"uagb_excerpt":"Despu\u00e9s de cuatro a\u00f1os de trayectoria en los escenarios del pa\u00eds; Hoffman la prometedora banda caraque\u00f1a, dice presente en la","_links":{"self":[{"href":"https:\/\/digital58.com.ve\/site\/wp-json\/wp\/v2\/posts\/84188","targetHints":{"allow":["GET"]}}],"collection":[{"href":"https:\/\/digital58.com.ve\/site\/wp-json\/wp\/v2\/posts"}],"about":[{"href":"https:\/\/digital58.com.ve\/site\/wp-json\/wp\/v2\/types\/post"}],"author":[{"embeddable":true,"href":"https:\/\/digital58.com.ve\/site\/wp-json\/wp\/v2\/users\/1"}],"replies":[{"embeddable":true,"href":"https:\/\/digital58.com.ve\/site\/wp-json\/wp\/v2\/comments?post=84188"}],"version-history":[{"count":0,"href":"https:\/\/digital58.com.ve\/site\/wp-json\/wp\/v2\/posts\/84188\/revisions"}],"wp:featuredmedia":[{"embeddable":true,"href":"https:\/\/digital58.com.ve\/site\/wp-json\/wp\/v2\/media\/84190"}],"wp:attachment":[{"href":"https:\/\/digital58.com.ve\/site\/wp-json\/wp\/v2\/media?parent=84188"}],"wp:term":[{"taxonomy":"category","embeddable":true,"href":"https:\/\/digital58.com.ve\/site\/wp-json\/wp\/v2\/categories?post=84188"},{"taxonomy":"post_tag","embeddable":true,"href":"https:\/\/digital58.com.ve\/site\/wp-json\/wp\/v2\/tags?post=84188"}],"curies":[{"name":"wp","href":"https:\/\/api.w.org\/{rel}","templated":true}]}}