{"id":84297,"date":"2019-03-21T10:21:13","date_gmt":"2019-03-21T14:21:13","guid":{"rendered":"http:\/\/digital58.com.ve\/site\/?p=84297"},"modified":"2019-03-21T10:21:13","modified_gmt":"2019-03-21T14:21:13","slug":"frontino-es-la-mascota-del-sudamericano-sub-17-peru-2019","status":"publish","type":"post","link":"https:\/\/digital58.com.ve\/site\/2019\/03\/21\/frontino-es-la-mascota-del-sudamericano-sub-17-peru-2019\/","title":{"rendered":"Frontino es la mascota del Sudamericano Sub 17 &#8211; Per\u00fa 2019"},"content":{"rendered":"<p><a href=\"http:\/\/digital58.com.ve\/site\/wp-content\/uploads\/2019\/03\/frontino.gif\"><img loading=\"lazy\" decoding=\"async\" class=\"aligncenter wp-image-84301 size-full\" src=\"http:\/\/digital58.com.ve\/site\/wp-content\/uploads\/2019\/03\/frontino.gif\" alt=\"\" width=\"750\" height=\"485\" \/><\/a><\/p>\n<p>El pintoresco oso acompa\u00f1ara durante la disputa del torneo Sudamericano Sub 17 &#8211; Per\u00fa 2019 que arrancar\u00e1 el 21 de marzo y se extender\u00e1 hasta 14 de abril del a\u00f1o 2019. El torneo otorgar\u00e1 4 plazas para el Mundial Sub 17. Despu\u00e9s de 18 a\u00f1os, en el 2001, Per\u00fa acoger\u00e1 un nuevo Sudamericano Sub 17. En aquella ocasi\u00f3n, Brasil levant\u00f3 el trofeo, tal como lo hizo en el \u00faltimo torneo de la categor\u00eda que se disput\u00f3 en Chile en el a\u00f1o 2017.<\/p>\n<p><strong>Lima, Per\u00fa, 21 de marzo de 2019 (Noticias D58).-<\/strong> Todo est\u00e1 listo en Lima, Per\u00fa para el inici\u00f3 este jueves del XVIII Campeonato Sudamericano Sub-17 de 2019 que se llevar\u00e1 a cabo por cuarta vez en Per\u00fa, del 21 de marzo al 14 de abril<\/p>\n<p><strong>Los grupos del torneo<\/strong><\/p>\n<p><a href=\"http:\/\/digital58.com.ve\/site\/wp-content\/uploads\/2019\/03\/grupos.gif\"><img loading=\"lazy\" decoding=\"async\" class=\"aligncenter size-full wp-image-84300\" src=\"http:\/\/digital58.com.ve\/site\/wp-content\/uploads\/2019\/03\/grupos.gif\" alt=\"\" width=\"750\" height=\"485\" \/><\/a><\/p>\n<p>\u00abEste ser\u00e1 un gran torneo, donde futuras estrellas de nuestro continente empezar\u00e1n a brillar\u00bb, destac\u00f3 Hugo Figueredo, Director de Competiciones de Selecciones.<\/p>\n<p><strong>El estadio<\/strong><\/p>\n<p><a href=\"http:\/\/digital58.com.ve\/site\/wp-content\/uploads\/2019\/03\/estadio2.gif\"><img loading=\"lazy\" decoding=\"async\" class=\"aligncenter size-full wp-image-84299\" src=\"http:\/\/digital58.com.ve\/site\/wp-content\/uploads\/2019\/03\/estadio2.gif\" alt=\"\" width=\"750\" height=\"485\" \/><\/a><\/p>\n<p>La Universidad Nacional Mayor de San Marcos (Lima) cuenta con un estadio de f\u00fatbol para 22,500 personas el cual viene siendo remodelado para los Juegos Panamericanos Lima 2019 y se estrenar\u00e1 en el Sudamericano Sub 17 \u2013 Per\u00fa 2019.<\/p>\n<p>La Universidad Nacional Mayor de San Marcos, fundada el 12 de mayo de 1551, es la m\u00e1s antigua de Am\u00e9rica. Actualmente, esta cuatricentenariacasa superior de estudios ofrece 65 carreras distribuidas en 20 Facultades y cuenta con m\u00e1s de 50 dependencias, que contribuyen a su fortalecimiento acad\u00e9mico y al logro de sus objetivos de excelencia en el camino a la acreditaci\u00f3n institucional internacional.<\/p>\n<p><strong>Primera Fase<\/strong><\/p>\n<p><a href=\"http:\/\/digital58.com.ve\/site\/wp-content\/uploads\/2019\/03\/fase1.gif\"><img loading=\"lazy\" decoding=\"async\" class=\"aligncenter size-full wp-image-84298\" src=\"http:\/\/digital58.com.ve\/site\/wp-content\/uploads\/2019\/03\/fase1.gif\" alt=\"\" width=\"750\" height=\"485\" \/><\/a><\/p>\n<p>El sistema de disputa clasifica a las tres selecciones mejor ubicadas de cada grupo, para la disputa de un Hexagonal Final.<\/p><div class=\"wkzqi69f21c2493ec6\" ><p style=\"text-align: center;\"><a href=\"https:\/\/t.me\/noticiasdigital58\" target=\"_blank\" rel=\"noopener\"><img class=\"aligncenter size-full wp-image-125363\" src=\"https:\/\/digital58.com.ve\/site\/wp-content\/uploads\/2021\/04\/banner-telegram-web-2021.png\" alt=\"\" width=\"600\" height=\"90\" \/><\/a><\/p><\/div><style type=\"text\/css\">\r\n@media screen and (min-width: 1201px) {\r\n.wkzqi69f21c2493ec6 {\r\ndisplay: block;\r\n}\r\n}\r\n@media screen and (min-width: 993px) and (max-width: 1200px) {\r\n.wkzqi69f21c2493ec6 {\r\ndisplay: block;\r\n}\r\n}\r\n@media screen and (min-width: 769px) and (max-width: 992px) {\r\n.wkzqi69f21c2493ec6 {\r\ndisplay: block;\r\n}\r\n}\r\n@media screen and (min-width: 768px) and (max-width: 768px) {\r\n.wkzqi69f21c2493ec6 {\r\ndisplay: block;\r\n}\r\n}\r\n@media screen and (max-width: 767px) {\r\n.wkzqi69f21c2493ec6 {\r\ndisplay: block;\r\n}\r\n}\r\n<\/style>\r\n\n<p><strong>Redacci\u00f3n con fuente: Conmebol<\/strong><br \/>\n<strong>Edici\u00f3n: Villasmil, Henry<\/strong><br \/>\n<strong>Gr\u00e1ficas: cortes\u00eda @conmebol<\/strong><\/p>\n<div style=\"margin-top: 0px; margin-bottom: 0px;\" class=\"sharethis-inline-share-buttons\" ><\/div>","protected":false},"excerpt":{"rendered":"<p>El pintoresco oso acompa\u00f1ara durante la disputa del torneo Sudamericano Sub 17 &#8211; Per\u00fa 2019 que arrancar\u00e1 el 21 de<\/p>\n","protected":false},"author":1,"featured_media":84301,"comment_status":"open","ping_status":"closed","sticky":false,"template":"","format":"standard","meta":{"colormag_page_container_layout":"default_layout","colormag_page_sidebar_layout":"default_layout","_uag_custom_page_level_css":"","footnotes":""},"categories":[5402],"tags":[125,13,25,8,112,12115,12114],"class_list":["post-84297","post","type-post","status-publish","format-standard","has-post-thumbnail","hentry","category-deportes","tag-conmebol","tag-futbol","tag-fvf","tag-internacionales","tag-peru","tag-vinotinto-sub-17","tag-xviii-campeonato-sudamericano-sub-17"],"yoast_head":"<!-- This site is optimized with the Yoast SEO plugin v27.5 - https:\/\/yoast.com\/product\/yoast-seo-wordpress\/ -->\n<title>Frontino es la mascota del Sudamericano Sub 17 - Per\u00fa 2019<\/title>\n<meta name=\"robots\" content=\"index, follow, max-snippet:-1, max-image-preview:large, max-video-preview:-1\" \/>\n<link rel=\"canonical\" href=\"https:\/\/digital58.com.ve\/site\/2019\/03\/21\/frontino-es-la-mascota-del-sudamericano-sub-17-peru-2019\/\" \/>\n<meta property=\"og:locale\" content=\"es_ES\" \/>\n<meta property=\"og:type\" content=\"article\" \/>\n<meta property=\"og:title\" content=\"Frontino es la mascota del Sudamericano Sub 17 - Per\u00fa 2019\" \/>\n<meta property=\"og:url\" content=\"https:\/\/digital58.com.ve\/site\/2019\/03\/21\/frontino-es-la-mascota-del-sudamericano-sub-17-peru-2019\/\" \/>\n<meta property=\"og:site_name\" content=\"Noticias Digital58\" \/>\n<meta property=\"article:published_time\" content=\"2019-03-21T14:21:13+00:00\" \/>\n<meta property=\"og:image\" content=\"https:\/\/digital58.com.ve\/site\/wp-content\/uploads\/2019\/03\/frontino.gif\" \/>\n\t<meta property=\"og:image:width\" content=\"750\" \/>\n\t<meta property=\"og:image:height\" content=\"485\" \/>\n\t<meta property=\"og:image:type\" content=\"image\/gif\" \/>\n<meta name=\"author\" content=\"Villasmil Henry\" \/>\n<meta name=\"twitter:card\" content=\"summary_large_image\" \/>\n<meta name=\"twitter:creator\" content=\"@https:\/\/twitter.com\/villasmilhfoto\" \/>\n<meta name=\"twitter:site\" content=\"@villasmilhfoto\" \/>\n<meta name=\"twitter:label1\" content=\"Escrito por\" \/>\n\t<meta name=\"twitter:data1\" content=\"Villasmil Henry\" \/>\n\t<meta name=\"twitter:label2\" content=\"Tiempo estimado de lectura\" \/>\n\t<meta name=\"twitter:data2\" content=\"1 minuto\" \/>\n<script type=\"application\/ld+json\" class=\"yoast-schema-graph\">{\"@context\":\"https:\\\/\\\/schema.org\",\"@graph\":[{\"@type\":\"Article\",\"@id\":\"https:\\\/\\\/digital58.com.ve\\\/site\\\/2019\\\/03\\\/21\\\/frontino-es-la-mascota-del-sudamericano-sub-17-peru-2019\\\/#article\",\"isPartOf\":{\"@id\":\"https:\\\/\\\/digital58.com.ve\\\/site\\\/2019\\\/03\\\/21\\\/frontino-es-la-mascota-del-sudamericano-sub-17-peru-2019\\\/\"},\"author\":{\"name\":\"Villasmil Henry\",\"@id\":\"https:\\\/\\\/digital58.com.ve\\\/site\\\/#\\\/schema\\\/person\\\/64d1c2e4d0d4fd1b849980c4331c2951\"},\"headline\":\"Frontino es la mascota del Sudamericano Sub 17 &#8211; Per\u00fa 2019\",\"datePublished\":\"2019-03-21T14:21:13+00:00\",\"mainEntityOfPage\":{\"@id\":\"https:\\\/\\\/digital58.com.ve\\\/site\\\/2019\\\/03\\\/21\\\/frontino-es-la-mascota-del-sudamericano-sub-17-peru-2019\\\/\"},\"wordCount\":291,\"commentCount\":0,\"publisher\":{\"@id\":\"https:\\\/\\\/digital58.com.ve\\\/site\\\/#\\\/schema\\\/person\\\/64d1c2e4d0d4fd1b849980c4331c2951\"},\"image\":{\"@id\":\"https:\\\/\\\/digital58.com.ve\\\/site\\\/2019\\\/03\\\/21\\\/frontino-es-la-mascota-del-sudamericano-sub-17-peru-2019\\\/#primaryimage\"},\"thumbnailUrl\":\"https:\\\/\\\/digital58.com.ve\\\/site\\\/wp-content\\\/uploads\\\/2019\\\/03\\\/frontino.gif\",\"keywords\":[\"Conmebol\",\"F\u00fatbol\",\"FVF\",\"Internacionales\",\"Per\u00fa\",\"Vinotinto Sub-17\",\"XVIII Campeonato Sudamericano Sub-17\"],\"articleSection\":[\"Deportes\"],\"inLanguage\":\"es\",\"potentialAction\":[{\"@type\":\"CommentAction\",\"name\":\"Comment\",\"target\":[\"https:\\\/\\\/digital58.com.ve\\\/site\\\/2019\\\/03\\\/21\\\/frontino-es-la-mascota-del-sudamericano-sub-17-peru-2019\\\/#respond\"]}]},{\"@type\":\"WebPage\",\"@id\":\"https:\\\/\\\/digital58.com.ve\\\/site\\\/2019\\\/03\\\/21\\\/frontino-es-la-mascota-del-sudamericano-sub-17-peru-2019\\\/\",\"url\":\"https:\\\/\\\/digital58.com.ve\\\/site\\\/2019\\\/03\\\/21\\\/frontino-es-la-mascota-del-sudamericano-sub-17-peru-2019\\\/\",\"name\":\"Frontino es la mascota del Sudamericano Sub 17 - Per\u00fa 2019\",\"isPartOf\":{\"@id\":\"https:\\\/\\\/digital58.com.ve\\\/site\\\/#website\"},\"primaryImageOfPage\":{\"@id\":\"https:\\\/\\\/digital58.com.ve\\\/site\\\/2019\\\/03\\\/21\\\/frontino-es-la-mascota-del-sudamericano-sub-17-peru-2019\\\/#primaryimage\"},\"image\":{\"@id\":\"https:\\\/\\\/digital58.com.ve\\\/site\\\/2019\\\/03\\\/21\\\/frontino-es-la-mascota-del-sudamericano-sub-17-peru-2019\\\/#primaryimage\"},\"thumbnailUrl\":\"https:\\\/\\\/digital58.com.ve\\\/site\\\/wp-content\\\/uploads\\\/2019\\\/03\\\/frontino.gif\",\"datePublished\":\"2019-03-21T14:21:13+00:00\",\"breadcrumb\":{\"@id\":\"https:\\\/\\\/digital58.com.ve\\\/site\\\/2019\\\/03\\\/21\\\/frontino-es-la-mascota-del-sudamericano-sub-17-peru-2019\\\/#breadcrumb\"},\"inLanguage\":\"es\",\"potentialAction\":[{\"@type\":\"ReadAction\",\"target\":[\"https:\\\/\\\/digital58.com.ve\\\/site\\\/2019\\\/03\\\/21\\\/frontino-es-la-mascota-del-sudamericano-sub-17-peru-2019\\\/\"]}]},{\"@type\":\"ImageObject\",\"inLanguage\":\"es\",\"@id\":\"https:\\\/\\\/digital58.com.ve\\\/site\\\/2019\\\/03\\\/21\\\/frontino-es-la-mascota-del-sudamericano-sub-17-peru-2019\\\/#primaryimage\",\"url\":\"https:\\\/\\\/digital58.com.ve\\\/site\\\/wp-content\\\/uploads\\\/2019\\\/03\\\/frontino.gif\",\"contentUrl\":\"https:\\\/\\\/digital58.com.ve\\\/site\\\/wp-content\\\/uploads\\\/2019\\\/03\\\/frontino.gif\",\"width\":750,\"height\":485},{\"@type\":\"BreadcrumbList\",\"@id\":\"https:\\\/\\\/digital58.com.ve\\\/site\\\/2019\\\/03\\\/21\\\/frontino-es-la-mascota-del-sudamericano-sub-17-peru-2019\\\/#breadcrumb\",\"itemListElement\":[{\"@type\":\"ListItem\",\"position\":1,\"name\":\"Home\",\"item\":\"https:\\\/\\\/digital58.com.ve\\\/site\\\/\"},{\"@type\":\"ListItem\",\"position\":2,\"name\":\"Frontino es la mascota del Sudamericano Sub 17 &#8211; Per\u00fa 2019\"}]},{\"@type\":\"WebSite\",\"@id\":\"https:\\\/\\\/digital58.com.ve\\\/site\\\/#website\",\"url\":\"https:\\\/\\\/digital58.com.ve\\\/site\\\/\",\"name\":\"Noticias Digital58\",\"description\":\"Portal de Noticias \u00a1Periodismo web de verdad! Lanzamiento web 22.11.2005 \\\/ Maracaibo, Venezuela\",\"publisher\":{\"@id\":\"https:\\\/\\\/digital58.com.ve\\\/site\\\/#\\\/schema\\\/person\\\/64d1c2e4d0d4fd1b849980c4331c2951\"},\"alternateName\":\"ND58\",\"potentialAction\":[{\"@type\":\"SearchAction\",\"target\":{\"@type\":\"EntryPoint\",\"urlTemplate\":\"https:\\\/\\\/digital58.com.ve\\\/site\\\/?s={search_term_string}\"},\"query-input\":{\"@type\":\"PropertyValueSpecification\",\"valueRequired\":true,\"valueName\":\"search_term_string\"}}],\"inLanguage\":\"es\"},{\"@type\":[\"Person\",\"Organization\"],\"@id\":\"https:\\\/\\\/digital58.com.ve\\\/site\\\/#\\\/schema\\\/person\\\/64d1c2e4d0d4fd1b849980c4331c2951\",\"name\":\"Villasmil Henry\",\"image\":{\"@type\":\"ImageObject\",\"inLanguage\":\"es\",\"@id\":\"https:\\\/\\\/secure.gravatar.com\\\/avatar\\\/bb0c4a2fcb7970138239f7e404ea75757b1b507b28b5ce4c53fbd62d797c5a7c?s=96&d=mm&r=g\",\"url\":\"https:\\\/\\\/secure.gravatar.com\\\/avatar\\\/bb0c4a2fcb7970138239f7e404ea75757b1b507b28b5ce4c53fbd62d797c5a7c?s=96&d=mm&r=g\",\"contentUrl\":\"https:\\\/\\\/secure.gravatar.com\\\/avatar\\\/bb0c4a2fcb7970138239f7e404ea75757b1b507b28b5ce4c53fbd62d797c5a7c?s=96&d=mm&r=g\",\"caption\":\"Villasmil Henry\"},\"logo\":{\"@id\":\"https:\\\/\\\/secure.gravatar.com\\\/avatar\\\/bb0c4a2fcb7970138239f7e404ea75757b1b507b28b5ce4c53fbd62d797c5a7c?s=96&d=mm&r=g\"},\"sameAs\":[\"http:\\\/\\\/www.henryvillasmil.com.ve\",\"https:\\\/\\\/www.instagram.com\\\/villasmilhfoto\\\/\",\"https:\\\/\\\/x.com\\\/https:\\\/\\\/twitter.com\\\/villasmilhfoto\"],\"url\":\"https:\\\/\\\/digital58.com.ve\\\/site\\\/author\\\/droopy_68\\\/\"}]}<\/script>\n<!-- \/ Yoast SEO plugin. -->","yoast_head_json":{"title":"Frontino es la mascota del Sudamericano Sub 17 - Per\u00fa 2019","robots":{"index":"index","follow":"follow","max-snippet":"max-snippet:-1","max-image-preview":"max-image-preview:large","max-video-preview":"max-video-preview:-1"},"canonical":"https:\/\/digital58.com.ve\/site\/2019\/03\/21\/frontino-es-la-mascota-del-sudamericano-sub-17-peru-2019\/","og_locale":"es_ES","og_type":"article","og_title":"Frontino es la mascota del Sudamericano Sub 17 - Per\u00fa 2019","og_url":"https:\/\/digital58.com.ve\/site\/2019\/03\/21\/frontino-es-la-mascota-del-sudamericano-sub-17-peru-2019\/","og_site_name":"Noticias Digital58","article_published_time":"2019-03-21T14:21:13+00:00","og_image":[{"width":750,"height":485,"url":"https:\/\/digital58.com.ve\/site\/wp-content\/uploads\/2019\/03\/frontino.gif","type":"image\/gif"}],"author":"Villasmil Henry","twitter_card":"summary_large_image","twitter_creator":"@https:\/\/twitter.com\/villasmilhfoto","twitter_site":"@villasmilhfoto","twitter_misc":{"Escrito por":"Villasmil Henry","Tiempo estimado de lectura":"1 minuto"},"schema":{"@context":"https:\/\/schema.org","@graph":[{"@type":"Article","@id":"https:\/\/digital58.com.ve\/site\/2019\/03\/21\/frontino-es-la-mascota-del-sudamericano-sub-17-peru-2019\/#article","isPartOf":{"@id":"https:\/\/digital58.com.ve\/site\/2019\/03\/21\/frontino-es-la-mascota-del-sudamericano-sub-17-peru-2019\/"},"author":{"name":"Villasmil Henry","@id":"https:\/\/digital58.com.ve\/site\/#\/schema\/person\/64d1c2e4d0d4fd1b849980c4331c2951"},"headline":"Frontino es la mascota del Sudamericano Sub 17 &#8211; Per\u00fa 2019","datePublished":"2019-03-21T14:21:13+00:00","mainEntityOfPage":{"@id":"https:\/\/digital58.com.ve\/site\/2019\/03\/21\/frontino-es-la-mascota-del-sudamericano-sub-17-peru-2019\/"},"wordCount":291,"commentCount":0,"publisher":{"@id":"https:\/\/digital58.com.ve\/site\/#\/schema\/person\/64d1c2e4d0d4fd1b849980c4331c2951"},"image":{"@id":"https:\/\/digital58.com.ve\/site\/2019\/03\/21\/frontino-es-la-mascota-del-sudamericano-sub-17-peru-2019\/#primaryimage"},"thumbnailUrl":"https:\/\/digital58.com.ve\/site\/wp-content\/uploads\/2019\/03\/frontino.gif","keywords":["Conmebol","F\u00fatbol","FVF","Internacionales","Per\u00fa","Vinotinto Sub-17","XVIII Campeonato Sudamericano Sub-17"],"articleSection":["Deportes"],"inLanguage":"es","potentialAction":[{"@type":"CommentAction","name":"Comment","target":["https:\/\/digital58.com.ve\/site\/2019\/03\/21\/frontino-es-la-mascota-del-sudamericano-sub-17-peru-2019\/#respond"]}]},{"@type":"WebPage","@id":"https:\/\/digital58.com.ve\/site\/2019\/03\/21\/frontino-es-la-mascota-del-sudamericano-sub-17-peru-2019\/","url":"https:\/\/digital58.com.ve\/site\/2019\/03\/21\/frontino-es-la-mascota-del-sudamericano-sub-17-peru-2019\/","name":"Frontino es la mascota del Sudamericano Sub 17 - Per\u00fa 2019","isPartOf":{"@id":"https:\/\/digital58.com.ve\/site\/#website"},"primaryImageOfPage":{"@id":"https:\/\/digital58.com.ve\/site\/2019\/03\/21\/frontino-es-la-mascota-del-sudamericano-sub-17-peru-2019\/#primaryimage"},"image":{"@id":"https:\/\/digital58.com.ve\/site\/2019\/03\/21\/frontino-es-la-mascota-del-sudamericano-sub-17-peru-2019\/#primaryimage"},"thumbnailUrl":"https:\/\/digital58.com.ve\/site\/wp-content\/uploads\/2019\/03\/frontino.gif","datePublished":"2019-03-21T14:21:13+00:00","breadcrumb":{"@id":"https:\/\/digital58.com.ve\/site\/2019\/03\/21\/frontino-es-la-mascota-del-sudamericano-sub-17-peru-2019\/#breadcrumb"},"inLanguage":"es","potentialAction":[{"@type":"ReadAction","target":["https:\/\/digital58.com.ve\/site\/2019\/03\/21\/frontino-es-la-mascota-del-sudamericano-sub-17-peru-2019\/"]}]},{"@type":"ImageObject","inLanguage":"es","@id":"https:\/\/digital58.com.ve\/site\/2019\/03\/21\/frontino-es-la-mascota-del-sudamericano-sub-17-peru-2019\/#primaryimage","url":"https:\/\/digital58.com.ve\/site\/wp-content\/uploads\/2019\/03\/frontino.gif","contentUrl":"https:\/\/digital58.com.ve\/site\/wp-content\/uploads\/2019\/03\/frontino.gif","width":750,"height":485},{"@type":"BreadcrumbList","@id":"https:\/\/digital58.com.ve\/site\/2019\/03\/21\/frontino-es-la-mascota-del-sudamericano-sub-17-peru-2019\/#breadcrumb","itemListElement":[{"@type":"ListItem","position":1,"name":"Home","item":"https:\/\/digital58.com.ve\/site\/"},{"@type":"ListItem","position":2,"name":"Frontino es la mascota del Sudamericano Sub 17 &#8211; Per\u00fa 2019"}]},{"@type":"WebSite","@id":"https:\/\/digital58.com.ve\/site\/#website","url":"https:\/\/digital58.com.ve\/site\/","name":"Noticias Digital58","description":"Portal de Noticias \u00a1Periodismo web de verdad! Lanzamiento web 22.11.2005 \/ Maracaibo, Venezuela","publisher":{"@id":"https:\/\/digital58.com.ve\/site\/#\/schema\/person\/64d1c2e4d0d4fd1b849980c4331c2951"},"alternateName":"ND58","potentialAction":[{"@type":"SearchAction","target":{"@type":"EntryPoint","urlTemplate":"https:\/\/digital58.com.ve\/site\/?s={search_term_string}"},"query-input":{"@type":"PropertyValueSpecification","valueRequired":true,"valueName":"search_term_string"}}],"inLanguage":"es"},{"@type":["Person","Organization"],"@id":"https:\/\/digital58.com.ve\/site\/#\/schema\/person\/64d1c2e4d0d4fd1b849980c4331c2951","name":"Villasmil Henry","image":{"@type":"ImageObject","inLanguage":"es","@id":"https:\/\/secure.gravatar.com\/avatar\/bb0c4a2fcb7970138239f7e404ea75757b1b507b28b5ce4c53fbd62d797c5a7c?s=96&d=mm&r=g","url":"https:\/\/secure.gravatar.com\/avatar\/bb0c4a2fcb7970138239f7e404ea75757b1b507b28b5ce4c53fbd62d797c5a7c?s=96&d=mm&r=g","contentUrl":"https:\/\/secure.gravatar.com\/avatar\/bb0c4a2fcb7970138239f7e404ea75757b1b507b28b5ce4c53fbd62d797c5a7c?s=96&d=mm&r=g","caption":"Villasmil Henry"},"logo":{"@id":"https:\/\/secure.gravatar.com\/avatar\/bb0c4a2fcb7970138239f7e404ea75757b1b507b28b5ce4c53fbd62d797c5a7c?s=96&d=mm&r=g"},"sameAs":["http:\/\/www.henryvillasmil.com.ve","https:\/\/www.instagram.com\/villasmilhfoto\/","https:\/\/x.com\/https:\/\/twitter.com\/villasmilhfoto"],"url":"https:\/\/digital58.com.ve\/site\/author\/droopy_68\/"}]}},"uagb_featured_image_src":{"full":["https:\/\/digital58.com.ve\/site\/wp-content\/uploads\/2019\/03\/frontino.gif",750,485,false],"thumbnail":["https:\/\/digital58.com.ve\/site\/wp-content\/uploads\/2019\/03\/frontino-150x150.gif",150,150,true],"medium":["https:\/\/digital58.com.ve\/site\/wp-content\/uploads\/2019\/03\/frontino-300x194.gif",300,194,true],"medium_large":["https:\/\/digital58.com.ve\/site\/wp-content\/uploads\/2019\/03\/frontino.gif",750,485,false],"large":["https:\/\/digital58.com.ve\/site\/wp-content\/uploads\/2019\/03\/frontino.gif",750,485,false],"1536x1536":["https:\/\/digital58.com.ve\/site\/wp-content\/uploads\/2019\/03\/frontino.gif",750,485,false],"2048x2048":["https:\/\/digital58.com.ve\/site\/wp-content\/uploads\/2019\/03\/frontino.gif",750,485,false],"colormag-highlighted-post":["https:\/\/digital58.com.ve\/site\/wp-content\/uploads\/2019\/03\/frontino.gif",392,253,false],"colormag-featured-post-medium":["https:\/\/digital58.com.ve\/site\/wp-content\/uploads\/2019\/03\/frontino.gif",317,205,false],"colormag-featured-post-small":["https:\/\/digital58.com.ve\/site\/wp-content\/uploads\/2019\/03\/frontino.gif",130,84,false],"colormag-featured-image":["https:\/\/digital58.com.ve\/site\/wp-content\/uploads\/2019\/03\/frontino.gif",688,445,false],"colormag-default-news":["https:\/\/digital58.com.ve\/site\/wp-content\/uploads\/2019\/03\/frontino.gif",150,97,false],"colormag-featured-image-large":["https:\/\/digital58.com.ve\/site\/wp-content\/uploads\/2019\/03\/frontino.gif",750,485,false]},"uagb_author_info":{"display_name":"Villasmil Henry","author_link":"https:\/\/digital58.com.ve\/site\/author\/droopy_68\/"},"uagb_comment_info":0,"uagb_excerpt":"El pintoresco oso acompa\u00f1ara durante la disputa del torneo Sudamericano Sub 17 &#8211; Per\u00fa 2019 que arrancar\u00e1 el 21 de","_links":{"self":[{"href":"https:\/\/digital58.com.ve\/site\/wp-json\/wp\/v2\/posts\/84297","targetHints":{"allow":["GET"]}}],"collection":[{"href":"https:\/\/digital58.com.ve\/site\/wp-json\/wp\/v2\/posts"}],"about":[{"href":"https:\/\/digital58.com.ve\/site\/wp-json\/wp\/v2\/types\/post"}],"author":[{"embeddable":true,"href":"https:\/\/digital58.com.ve\/site\/wp-json\/wp\/v2\/users\/1"}],"replies":[{"embeddable":true,"href":"https:\/\/digital58.com.ve\/site\/wp-json\/wp\/v2\/comments?post=84297"}],"version-history":[{"count":0,"href":"https:\/\/digital58.com.ve\/site\/wp-json\/wp\/v2\/posts\/84297\/revisions"}],"wp:featuredmedia":[{"embeddable":true,"href":"https:\/\/digital58.com.ve\/site\/wp-json\/wp\/v2\/media\/84301"}],"wp:attachment":[{"href":"https:\/\/digital58.com.ve\/site\/wp-json\/wp\/v2\/media?parent=84297"}],"wp:term":[{"taxonomy":"category","embeddable":true,"href":"https:\/\/digital58.com.ve\/site\/wp-json\/wp\/v2\/categories?post=84297"},{"taxonomy":"post_tag","embeddable":true,"href":"https:\/\/digital58.com.ve\/site\/wp-json\/wp\/v2\/tags?post=84297"}],"curies":[{"name":"wp","href":"https:\/\/api.w.org\/{rel}","templated":true}]}}