{"id":84306,"date":"2019-03-22T09:13:39","date_gmt":"2019-03-22T13:13:39","guid":{"rendered":"http:\/\/digital58.com.ve\/site\/?p=84306"},"modified":"2019-03-22T09:21:13","modified_gmt":"2019-03-22T13:21:13","slug":"la-vinotinto-sub-17-empato-en-su-debut-ante-ecuador","status":"publish","type":"post","link":"https:\/\/digital58.com.ve\/site\/2019\/03\/22\/la-vinotinto-sub-17-empato-en-su-debut-ante-ecuador\/","title":{"rendered":"La \u00abVinotinto\u00bb Sub-17 empat\u00f3 en su debut ante Ecuador"},"content":{"rendered":"<p><a href=\"http:\/\/digital58.com.ve\/site\/wp-content\/uploads\/2019\/03\/sub17-vzla-5.jpg\"><img loading=\"lazy\" decoding=\"async\" class=\"aligncenter size-full wp-image-84309\" src=\"http:\/\/digital58.com.ve\/site\/wp-content\/uploads\/2019\/03\/sub17-vzla-5.jpg\" alt=\"\" width=\"640\" height=\"418\" srcset=\"https:\/\/digital58.com.ve\/site\/wp-content\/uploads\/2019\/03\/sub17-vzla-5.jpg 640w, https:\/\/digital58.com.ve\/site\/wp-content\/uploads\/2019\/03\/sub17-vzla-5-300x196.jpg 300w\" sizes=\"auto, (max-width: 640px) 100vw, 640px\" \/><\/a><\/p>\n<p>La selecci\u00f3n nacional de Venezuela, categor\u00eda Sub-17 logr\u00f3 un resultado de 1-1 ante Ecuador en el debut del torneo sudamericano en Lima, Per\u00fa. El gol venezolano lo marc\u00f3 Luis \u00c1ngel Pe\u00f1a en el minuto 90 para hacer vibrar el estadio de la universidad de San Marcos, sede del torneo.<\/p>\n<p><strong>Lima. Per\u00fa, 21 de marzo de 2019 (Noticias D58).-<\/strong> En los primeros compases del encuentro ambas selecciones aguardaban sin hacerse de la esf\u00e9rica, sin embargo con el pasar de los minutos la selecci\u00f3n nacional perd\u00eda el miedo del debut consiguiendo hasta tres tiros de esquina de forma consecutiva.<\/p>\n<p>La primera jugada de peligro pas\u00f3 por los botines del delantero Oswaldo Ruggieri, quien remat\u00f3 cerca del poste izquierdo de la valla ecuatoriana. Posteriormente segu\u00edan propiciando llegadas v\u00eda a\u00e9rea sin tener frutos.<\/p>\n<p>Ecuador intent\u00f3 emparejar el compromiso al sacarle el bal\u00f3n a la \u00abVinotinto\u00bb; no obstante no lograron inquietar a la zaga criolla. Transcurr\u00edan las acciones con paridad y con marcador en cero se iban al descanso venezolanos y ecuatorianos.<\/p>\n<p><a href=\"http:\/\/digital58.com.ve\/site\/wp-content\/uploads\/2019\/03\/sub17-vzla-3.jpg\"><img loading=\"lazy\" decoding=\"async\" class=\"aligncenter size-full wp-image-84308\" src=\"http:\/\/digital58.com.ve\/site\/wp-content\/uploads\/2019\/03\/sub17-vzla-3.jpg\" alt=\"\" width=\"1280\" height=\"853\" srcset=\"https:\/\/digital58.com.ve\/site\/wp-content\/uploads\/2019\/03\/sub17-vzla-3.jpg 800w, https:\/\/digital58.com.ve\/site\/wp-content\/uploads\/2019\/03\/sub17-vzla-3-300x200.jpg 300w, https:\/\/digital58.com.ve\/site\/wp-content\/uploads\/2019\/03\/sub17-vzla-3-768x512.jpg 768w, https:\/\/digital58.com.ve\/site\/wp-content\/uploads\/2019\/03\/sub17-vzla-3-720x480.jpg 720w, https:\/\/digital58.com.ve\/site\/wp-content\/uploads\/2019\/03\/sub17-vzla-3-480x320.jpg 480w\" sizes=\"auto, (max-width: 1280px) 100vw, 1280px\" \/><\/a><\/p>\n<p>En el inicio de la segunda parte Venezuela sali\u00f3 con otra actitud al gramado; Darluis Paz (minuto 49) de contragolpe se intern\u00f3 por la banda izquierda y desbord\u00f3 hasta la l\u00ednea final enviando la pelota al \u00e1rea sin que ninguno de sus compa\u00f1eros pudiese concretar la jugada.<\/p>\n<p>El t\u00e9cnico ecuatoriano Jos\u00e9 Rodr\u00edguez realiz\u00f3 una variante para contrarrestar el envi\u00f3n an\u00edmico \u00abVinotinto\u00bb; el volante Johan Mina ingres\u00f3 siendo un revulsivo para el conjunto de la mitad del mundo.<\/p>\n<p>El marcador estuvo cerca de inaugurarse para los ecuatorianos, con un tiro libre de Patrickson Delgado que pas\u00f3 a cent\u00edmetros del palo derecho defendido por Jes\u00fas Vega, siendo una de las m\u00e1s claras del compromiso.<\/p>\n<p><a href=\"http:\/\/digital58.com.ve\/site\/wp-content\/uploads\/2019\/03\/sub17-vzla.jpg\"><img loading=\"lazy\" decoding=\"async\" class=\"aligncenter size-full wp-image-84310\" src=\"http:\/\/digital58.com.ve\/site\/wp-content\/uploads\/2019\/03\/sub17-vzla.jpg\" alt=\"\" width=\"1200\" height=\"800\" srcset=\"https:\/\/digital58.com.ve\/site\/wp-content\/uploads\/2019\/03\/sub17-vzla.jpg 800w, https:\/\/digital58.com.ve\/site\/wp-content\/uploads\/2019\/03\/sub17-vzla-300x200.jpg 300w, https:\/\/digital58.com.ve\/site\/wp-content\/uploads\/2019\/03\/sub17-vzla-768x512.jpg 768w, https:\/\/digital58.com.ve\/site\/wp-content\/uploads\/2019\/03\/sub17-vzla-720x480.jpg 720w, https:\/\/digital58.com.ve\/site\/wp-content\/uploads\/2019\/03\/sub17-vzla-480x320.jpg 480w\" sizes=\"auto, (max-width: 1200px) 100vw, 1200px\" \/><\/a><\/p>\n<p>Los goles llegar\u00edan en los \u00faltimos minutos; primero ser\u00eda Ecuador, tras un error defensivo, el reci\u00e9n ingresado Pedro Vite qued\u00f3 solo batiendo por bajo a Jes\u00fas Vega (minuto 87). Acto seguido los dirigidos por Jos\u00e9 Hern\u00e1ndez reaccionaron, ya que Luis Pe\u00f1a sac\u00f3 un remate (minuto 90) que se desvi\u00f3 en un defensor, quedando sin respuesta el portero meridional.<\/p>\n<p>La pr\u00f3xima jornada Venezuela se enfrentar\u00e1 al anfitri\u00f3n Per\u00fa, este pr\u00f3ximo s\u00e1bado, a segunda hora (7:30 p.m. hora local) en busca de su primera victoria del torneo que le permita seguir el sue\u00f1o mundialista.<\/p>\n<p><strong>Ficha t\u00e9cnica:<br \/>\n<\/strong><br \/>\n<strong>Venezuela (1):<\/strong> Jes\u00fas Vega; Leonel Toro, Joaqu\u00edn Su\u00e1rez (capitan), \u00d3scar Conde, Jon Aramburu (\u00d3scar Jim\u00e9nez, minuto 73); Clyde Garc\u00eda, Carlos Faya, Yorlen Cordero, Darluis Paz (Luis Pe\u00f1a, minuto 63), Oswaldo Ruggieri (Wikelman Carmona, minuto 77), Daniel P\u00e9rez.<br \/>\n<strong>DT: Jos\u00e9 Hern\u00e1ndez.<\/strong><br \/>\n<strong>Suplentes sin jugar:<\/strong> Rodrigo De la Terga, Luis Balbo, Carlos Vivas, Alfredo Urdaneta, Mat\u00edas Lacava, Xavier Flores, Wilken Ram\u00edrez, Yackson Rivas, Jeriel De Santis.<\/p>\n<p><strong>Ecuador (1):<\/strong> Joan L\u00f3pez; Jordan Mor\u00e1n (Pedro Vite, minuto 85), Pedro Hincapie, Roberto Cabezas, Jeremy Farf\u00e1n (Neicer Acosta, minuto 79); Erick Pluas, Patrickson Delgado, John Mercado, Hanssel Mercado; Edwin Valencia (Johan Mina, minuto 55), Adri\u00e1n Mej\u00eda.<br \/>\n<strong>DT: Jos\u00e9 Rodr\u00edguez.<\/strong><br \/>\n<strong>Suplentes sin jugar:<\/strong> El\u00edas Valencia, Victor Carabal\u00ed, Marco Angulo, Ra\u00fal Guerr\u00f3n, Isaac Padilla, Edwin Rodr\u00edguez, Derihan Rivera, Jaymar Reascos.<\/p>\n<p><strong>Goles:<\/strong> Pedro Vite (Ecuador, minuto 87, 0-1), Luis Pe\u00f1a (Venezuela, minuto 90, 1-1).<br \/>\n<strong>Tarjetas Amarillas:<\/strong> Patrickson Delgado (Ecuador), Daniel P\u00e9rez (Venezuela).<br \/>\n<strong>Jornada:<\/strong> 1, Grupo A, Suramericano Sub-17 \/ 2019.<br \/>\n<strong>Estadio:<\/strong> Universidad Mayor de San Marcos, Lima, Per\u00fa.<\/p>\n<p><strong>Redacci\u00f3n: Victor Lamus (@victorlamus93) \/ Maykell Sulbar\u00e1n (@mayjoel81)<\/strong><br \/>\n<strong>Edici\u00f3n: Villasmil, Henry<\/strong><br \/>\n<strong>Gr\u00e1ficas: @Sub17Vzla<\/strong><\/p>\n<p><a href=\"http:\/\/digital58.com.ve\/site\/wp-content\/uploads\/2019\/03\/sub17-vzla-2.jpg\"><img loading=\"lazy\" decoding=\"async\" class=\"aligncenter size-full wp-image-84307\" src=\"http:\/\/digital58.com.ve\/site\/wp-content\/uploads\/2019\/03\/sub17-vzla-2.jpg\" alt=\"\" width=\"1200\" height=\"800\" srcset=\"https:\/\/digital58.com.ve\/site\/wp-content\/uploads\/2019\/03\/sub17-vzla-2.jpg 800w, https:\/\/digital58.com.ve\/site\/wp-content\/uploads\/2019\/03\/sub17-vzla-2-300x200.jpg 300w, https:\/\/digital58.com.ve\/site\/wp-content\/uploads\/2019\/03\/sub17-vzla-2-768x512.jpg 768w, https:\/\/digital58.com.ve\/site\/wp-content\/uploads\/2019\/03\/sub17-vzla-2-720x480.jpg 720w, https:\/\/digital58.com.ve\/site\/wp-content\/uploads\/2019\/03\/sub17-vzla-2-480x320.jpg 480w\" sizes=\"auto, (max-width: 1200px) 100vw, 1200px\" \/><\/a><\/p>\n<blockquote class=\"twitter-tweet\" data-lang=\"es\">\n<p dir=\"ltr\" lang=\"es\">Reporte final de nuestros corresponsales en Lima <a href=\"https:\/\/twitter.com\/MaykellJoelHT?ref_src=twsrc%5Etfw\">@MaykellJoelHT<\/a> y <a href=\"https:\/\/twitter.com\/VictorLamusHT?ref_src=twsrc%5Etfw\">@VictorLamusHT<\/a> FINAL: | <a href=\"https:\/\/twitter.com\/SeleVinotinto?ref_src=twsrc%5Etfw\">@SeleVinotinto<\/a> ?? | 1 | 1 | ?? <a href=\"https:\/\/twitter.com\/FEFecuador?ref_src=twsrc%5Etfw\">@FEFecuador<\/a> | Jornada 1 |Grupo A. <a href=\"https:\/\/twitter.com\/hashtag\/DeportesD58?src=hash&amp;ref_src=twsrc%5Etfw\">#DeportesD58<\/a> <a href=\"https:\/\/twitter.com\/hashtag\/Sub17D58?src=hash&amp;ref_src=twsrc%5Etfw\">#Sub17D58<\/a> <a href=\"https:\/\/twitter.com\/hashtag\/Sub17Peru2019?src=hash&amp;ref_src=twsrc%5Etfw\">#Sub17Peru2019<\/a> <a href=\"https:\/\/t.co\/8GALh79po3\">pic.twitter.com\/8GALh79po3<\/a><\/p>\n<p>\u2014 NOTICIAS DIGITAL 58 (@Digital_58) <a href=\"https:\/\/twitter.com\/Digital_58\/status\/1108905024334245891?ref_src=twsrc%5Etfw\">22 de marzo de 2019<\/a><\/p><\/blockquote>\n<p><script async src=\"https:\/\/platform.twitter.com\/widgets.js\" charset=\"utf-8\"><\/script><\/p><div class=\"msysp69f22be63daef\" ><p style=\"text-align: center;\"><a href=\"https:\/\/t.me\/noticiasdigital58\" target=\"_blank\" rel=\"noopener\"><img class=\"aligncenter size-full wp-image-125363\" src=\"https:\/\/digital58.com.ve\/site\/wp-content\/uploads\/2021\/04\/banner-telegram-web-2021.png\" alt=\"\" width=\"600\" height=\"90\" \/><\/a><\/p><\/div><style type=\"text\/css\">\r\n@media screen and (min-width: 1201px) {\r\n.msysp69f22be63daef {\r\ndisplay: block;\r\n}\r\n}\r\n@media screen and (min-width: 993px) and (max-width: 1200px) {\r\n.msysp69f22be63daef {\r\ndisplay: block;\r\n}\r\n}\r\n@media screen and (min-width: 769px) and (max-width: 992px) {\r\n.msysp69f22be63daef {\r\ndisplay: block;\r\n}\r\n}\r\n@media screen and (min-width: 768px) and (max-width: 768px) {\r\n.msysp69f22be63daef {\r\ndisplay: block;\r\n}\r\n}\r\n@media screen and (max-width: 767px) {\r\n.msysp69f22be63daef {\r\ndisplay: block;\r\n}\r\n}\r\n<\/style>\r\n\n<p>&nbsp;<\/p>\n<div style=\"margin-top: 0px; margin-bottom: 0px;\" class=\"sharethis-inline-share-buttons\" ><\/div>","protected":false},"excerpt":{"rendered":"<p>La selecci\u00f3n nacional de Venezuela, categor\u00eda Sub-17 logr\u00f3 un resultado de 1-1 ante Ecuador en el debut del torneo sudamericano<\/p>\n","protected":false},"author":1,"featured_media":84307,"comment_status":"open","ping_status":"closed","sticky":false,"template":"","format":"standard","meta":{"colormag_page_container_layout":"default_layout","colormag_page_sidebar_layout":"default_layout","_uag_custom_page_level_css":"","footnotes":""},"categories":[5402],"tags":[125,13,25,8,187,12117,12116,32,12114],"class_list":["post-84306","post","type-post","status-publish","format-standard","has-post-thumbnail","hentry","category-deportes","tag-conmebol","tag-futbol","tag-fvf","tag-internacionales","tag-la-vinotinto","tag-peru-2019","tag-seleccion-nacional-sub-17","tag-venezuela","tag-xviii-campeonato-sudamericano-sub-17"],"yoast_head":"<!-- This site is optimized with the Yoast SEO plugin v27.5 - https:\/\/yoast.com\/product\/yoast-seo-wordpress\/ -->\n<title>La \u00abVinotinto\u00bb Sub-17 empat\u00f3 en su debut ante Ecuador<\/title>\n<meta name=\"robots\" content=\"index, follow, max-snippet:-1, max-image-preview:large, max-video-preview:-1\" \/>\n<link rel=\"canonical\" href=\"https:\/\/digital58.com.ve\/site\/2019\/03\/22\/la-vinotinto-sub-17-empato-en-su-debut-ante-ecuador\/\" \/>\n<meta property=\"og:locale\" content=\"es_ES\" \/>\n<meta property=\"og:type\" content=\"article\" \/>\n<meta property=\"og:title\" content=\"La \u00abVinotinto\u00bb Sub-17 empat\u00f3 en su debut ante Ecuador\" \/>\n<meta property=\"og:url\" content=\"https:\/\/digital58.com.ve\/site\/2019\/03\/22\/la-vinotinto-sub-17-empato-en-su-debut-ante-ecuador\/\" \/>\n<meta property=\"og:site_name\" content=\"Noticias Digital58\" \/>\n<meta property=\"article:published_time\" content=\"2019-03-22T13:13:39+00:00\" \/>\n<meta property=\"article:modified_time\" content=\"2019-03-22T13:21:13+00:00\" \/>\n<meta property=\"og:image\" content=\"https:\/\/digital58.com.ve\/site\/wp-content\/uploads\/2019\/03\/sub17-vzla-2.jpg\" \/>\n\t<meta property=\"og:image:width\" content=\"1200\" \/>\n\t<meta property=\"og:image:height\" content=\"800\" \/>\n\t<meta property=\"og:image:type\" content=\"image\/jpeg\" \/>\n<meta name=\"author\" content=\"Villasmil Henry\" \/>\n<meta name=\"twitter:card\" content=\"summary_large_image\" \/>\n<meta name=\"twitter:creator\" content=\"@https:\/\/twitter.com\/villasmilhfoto\" \/>\n<meta name=\"twitter:site\" content=\"@villasmilhfoto\" \/>\n<meta name=\"twitter:label1\" content=\"Escrito por\" \/>\n\t<meta name=\"twitter:data1\" content=\"Villasmil Henry\" \/>\n\t<meta name=\"twitter:label2\" content=\"Tiempo estimado de lectura\" \/>\n\t<meta name=\"twitter:data2\" content=\"3 minutos\" \/>\n<script type=\"application\/ld+json\" class=\"yoast-schema-graph\">{\"@context\":\"https:\\\/\\\/schema.org\",\"@graph\":[{\"@type\":\"Article\",\"@id\":\"https:\\\/\\\/digital58.com.ve\\\/site\\\/2019\\\/03\\\/22\\\/la-vinotinto-sub-17-empato-en-su-debut-ante-ecuador\\\/#article\",\"isPartOf\":{\"@id\":\"https:\\\/\\\/digital58.com.ve\\\/site\\\/2019\\\/03\\\/22\\\/la-vinotinto-sub-17-empato-en-su-debut-ante-ecuador\\\/\"},\"author\":{\"name\":\"Villasmil Henry\",\"@id\":\"https:\\\/\\\/digital58.com.ve\\\/site\\\/#\\\/schema\\\/person\\\/64d1c2e4d0d4fd1b849980c4331c2951\"},\"headline\":\"La \u00abVinotinto\u00bb Sub-17 empat\u00f3 en su debut ante Ecuador\",\"datePublished\":\"2019-03-22T13:13:39+00:00\",\"dateModified\":\"2019-03-22T13:21:13+00:00\",\"mainEntityOfPage\":{\"@id\":\"https:\\\/\\\/digital58.com.ve\\\/site\\\/2019\\\/03\\\/22\\\/la-vinotinto-sub-17-empato-en-su-debut-ante-ecuador\\\/\"},\"wordCount\":627,\"commentCount\":0,\"publisher\":{\"@id\":\"https:\\\/\\\/digital58.com.ve\\\/site\\\/#\\\/schema\\\/person\\\/64d1c2e4d0d4fd1b849980c4331c2951\"},\"image\":{\"@id\":\"https:\\\/\\\/digital58.com.ve\\\/site\\\/2019\\\/03\\\/22\\\/la-vinotinto-sub-17-empato-en-su-debut-ante-ecuador\\\/#primaryimage\"},\"thumbnailUrl\":\"https:\\\/\\\/digital58.com.ve\\\/site\\\/wp-content\\\/uploads\\\/2019\\\/03\\\/sub17-vzla-2.jpg\",\"keywords\":[\"Conmebol\",\"F\u00fatbol\",\"FVF\",\"Internacionales\",\"La Vinotinto\",\"Per\u00fa 2019\",\"Selecci\u00f3n Nacional Sub-17\",\"Venezuela\",\"XVIII Campeonato Sudamericano Sub-17\"],\"articleSection\":[\"Deportes\"],\"inLanguage\":\"es\",\"potentialAction\":[{\"@type\":\"CommentAction\",\"name\":\"Comment\",\"target\":[\"https:\\\/\\\/digital58.com.ve\\\/site\\\/2019\\\/03\\\/22\\\/la-vinotinto-sub-17-empato-en-su-debut-ante-ecuador\\\/#respond\"]}]},{\"@type\":\"WebPage\",\"@id\":\"https:\\\/\\\/digital58.com.ve\\\/site\\\/2019\\\/03\\\/22\\\/la-vinotinto-sub-17-empato-en-su-debut-ante-ecuador\\\/\",\"url\":\"https:\\\/\\\/digital58.com.ve\\\/site\\\/2019\\\/03\\\/22\\\/la-vinotinto-sub-17-empato-en-su-debut-ante-ecuador\\\/\",\"name\":\"La \u00abVinotinto\u00bb Sub-17 empat\u00f3 en su debut ante Ecuador\",\"isPartOf\":{\"@id\":\"https:\\\/\\\/digital58.com.ve\\\/site\\\/#website\"},\"primaryImageOfPage\":{\"@id\":\"https:\\\/\\\/digital58.com.ve\\\/site\\\/2019\\\/03\\\/22\\\/la-vinotinto-sub-17-empato-en-su-debut-ante-ecuador\\\/#primaryimage\"},\"image\":{\"@id\":\"https:\\\/\\\/digital58.com.ve\\\/site\\\/2019\\\/03\\\/22\\\/la-vinotinto-sub-17-empato-en-su-debut-ante-ecuador\\\/#primaryimage\"},\"thumbnailUrl\":\"https:\\\/\\\/digital58.com.ve\\\/site\\\/wp-content\\\/uploads\\\/2019\\\/03\\\/sub17-vzla-2.jpg\",\"datePublished\":\"2019-03-22T13:13:39+00:00\",\"dateModified\":\"2019-03-22T13:21:13+00:00\",\"breadcrumb\":{\"@id\":\"https:\\\/\\\/digital58.com.ve\\\/site\\\/2019\\\/03\\\/22\\\/la-vinotinto-sub-17-empato-en-su-debut-ante-ecuador\\\/#breadcrumb\"},\"inLanguage\":\"es\",\"potentialAction\":[{\"@type\":\"ReadAction\",\"target\":[\"https:\\\/\\\/digital58.com.ve\\\/site\\\/2019\\\/03\\\/22\\\/la-vinotinto-sub-17-empato-en-su-debut-ante-ecuador\\\/\"]}]},{\"@type\":\"ImageObject\",\"inLanguage\":\"es\",\"@id\":\"https:\\\/\\\/digital58.com.ve\\\/site\\\/2019\\\/03\\\/22\\\/la-vinotinto-sub-17-empato-en-su-debut-ante-ecuador\\\/#primaryimage\",\"url\":\"https:\\\/\\\/digital58.com.ve\\\/site\\\/wp-content\\\/uploads\\\/2019\\\/03\\\/sub17-vzla-2.jpg\",\"contentUrl\":\"https:\\\/\\\/digital58.com.ve\\\/site\\\/wp-content\\\/uploads\\\/2019\\\/03\\\/sub17-vzla-2.jpg\",\"width\":800,\"height\":533},{\"@type\":\"BreadcrumbList\",\"@id\":\"https:\\\/\\\/digital58.com.ve\\\/site\\\/2019\\\/03\\\/22\\\/la-vinotinto-sub-17-empato-en-su-debut-ante-ecuador\\\/#breadcrumb\",\"itemListElement\":[{\"@type\":\"ListItem\",\"position\":1,\"name\":\"Home\",\"item\":\"https:\\\/\\\/digital58.com.ve\\\/site\\\/\"},{\"@type\":\"ListItem\",\"position\":2,\"name\":\"La \u00abVinotinto\u00bb Sub-17 empat\u00f3 en su debut ante Ecuador\"}]},{\"@type\":\"WebSite\",\"@id\":\"https:\\\/\\\/digital58.com.ve\\\/site\\\/#website\",\"url\":\"https:\\\/\\\/digital58.com.ve\\\/site\\\/\",\"name\":\"Noticias Digital58\",\"description\":\"Portal de Noticias \u00a1Periodismo web de verdad! Lanzamiento web 22.11.2005 \\\/ Maracaibo, Venezuela\",\"publisher\":{\"@id\":\"https:\\\/\\\/digital58.com.ve\\\/site\\\/#\\\/schema\\\/person\\\/64d1c2e4d0d4fd1b849980c4331c2951\"},\"alternateName\":\"ND58\",\"potentialAction\":[{\"@type\":\"SearchAction\",\"target\":{\"@type\":\"EntryPoint\",\"urlTemplate\":\"https:\\\/\\\/digital58.com.ve\\\/site\\\/?s={search_term_string}\"},\"query-input\":{\"@type\":\"PropertyValueSpecification\",\"valueRequired\":true,\"valueName\":\"search_term_string\"}}],\"inLanguage\":\"es\"},{\"@type\":[\"Person\",\"Organization\"],\"@id\":\"https:\\\/\\\/digital58.com.ve\\\/site\\\/#\\\/schema\\\/person\\\/64d1c2e4d0d4fd1b849980c4331c2951\",\"name\":\"Villasmil Henry\",\"image\":{\"@type\":\"ImageObject\",\"inLanguage\":\"es\",\"@id\":\"https:\\\/\\\/secure.gravatar.com\\\/avatar\\\/bb0c4a2fcb7970138239f7e404ea75757b1b507b28b5ce4c53fbd62d797c5a7c?s=96&d=mm&r=g\",\"url\":\"https:\\\/\\\/secure.gravatar.com\\\/avatar\\\/bb0c4a2fcb7970138239f7e404ea75757b1b507b28b5ce4c53fbd62d797c5a7c?s=96&d=mm&r=g\",\"contentUrl\":\"https:\\\/\\\/secure.gravatar.com\\\/avatar\\\/bb0c4a2fcb7970138239f7e404ea75757b1b507b28b5ce4c53fbd62d797c5a7c?s=96&d=mm&r=g\",\"caption\":\"Villasmil Henry\"},\"logo\":{\"@id\":\"https:\\\/\\\/secure.gravatar.com\\\/avatar\\\/bb0c4a2fcb7970138239f7e404ea75757b1b507b28b5ce4c53fbd62d797c5a7c?s=96&d=mm&r=g\"},\"sameAs\":[\"http:\\\/\\\/www.henryvillasmil.com.ve\",\"https:\\\/\\\/www.instagram.com\\\/villasmilhfoto\\\/\",\"https:\\\/\\\/x.com\\\/https:\\\/\\\/twitter.com\\\/villasmilhfoto\"],\"url\":\"https:\\\/\\\/digital58.com.ve\\\/site\\\/author\\\/droopy_68\\\/\"}]}<\/script>\n<!-- \/ Yoast SEO plugin. -->","yoast_head_json":{"title":"La \u00abVinotinto\u00bb Sub-17 empat\u00f3 en su debut ante Ecuador","robots":{"index":"index","follow":"follow","max-snippet":"max-snippet:-1","max-image-preview":"max-image-preview:large","max-video-preview":"max-video-preview:-1"},"canonical":"https:\/\/digital58.com.ve\/site\/2019\/03\/22\/la-vinotinto-sub-17-empato-en-su-debut-ante-ecuador\/","og_locale":"es_ES","og_type":"article","og_title":"La \u00abVinotinto\u00bb Sub-17 empat\u00f3 en su debut ante Ecuador","og_url":"https:\/\/digital58.com.ve\/site\/2019\/03\/22\/la-vinotinto-sub-17-empato-en-su-debut-ante-ecuador\/","og_site_name":"Noticias Digital58","article_published_time":"2019-03-22T13:13:39+00:00","article_modified_time":"2019-03-22T13:21:13+00:00","og_image":[{"width":1200,"height":800,"url":"https:\/\/digital58.com.ve\/site\/wp-content\/uploads\/2019\/03\/sub17-vzla-2.jpg","type":"image\/jpeg"}],"author":"Villasmil Henry","twitter_card":"summary_large_image","twitter_creator":"@https:\/\/twitter.com\/villasmilhfoto","twitter_site":"@villasmilhfoto","twitter_misc":{"Escrito por":"Villasmil Henry","Tiempo estimado de lectura":"3 minutos"},"schema":{"@context":"https:\/\/schema.org","@graph":[{"@type":"Article","@id":"https:\/\/digital58.com.ve\/site\/2019\/03\/22\/la-vinotinto-sub-17-empato-en-su-debut-ante-ecuador\/#article","isPartOf":{"@id":"https:\/\/digital58.com.ve\/site\/2019\/03\/22\/la-vinotinto-sub-17-empato-en-su-debut-ante-ecuador\/"},"author":{"name":"Villasmil Henry","@id":"https:\/\/digital58.com.ve\/site\/#\/schema\/person\/64d1c2e4d0d4fd1b849980c4331c2951"},"headline":"La \u00abVinotinto\u00bb Sub-17 empat\u00f3 en su debut ante Ecuador","datePublished":"2019-03-22T13:13:39+00:00","dateModified":"2019-03-22T13:21:13+00:00","mainEntityOfPage":{"@id":"https:\/\/digital58.com.ve\/site\/2019\/03\/22\/la-vinotinto-sub-17-empato-en-su-debut-ante-ecuador\/"},"wordCount":627,"commentCount":0,"publisher":{"@id":"https:\/\/digital58.com.ve\/site\/#\/schema\/person\/64d1c2e4d0d4fd1b849980c4331c2951"},"image":{"@id":"https:\/\/digital58.com.ve\/site\/2019\/03\/22\/la-vinotinto-sub-17-empato-en-su-debut-ante-ecuador\/#primaryimage"},"thumbnailUrl":"https:\/\/digital58.com.ve\/site\/wp-content\/uploads\/2019\/03\/sub17-vzla-2.jpg","keywords":["Conmebol","F\u00fatbol","FVF","Internacionales","La Vinotinto","Per\u00fa 2019","Selecci\u00f3n Nacional Sub-17","Venezuela","XVIII Campeonato Sudamericano Sub-17"],"articleSection":["Deportes"],"inLanguage":"es","potentialAction":[{"@type":"CommentAction","name":"Comment","target":["https:\/\/digital58.com.ve\/site\/2019\/03\/22\/la-vinotinto-sub-17-empato-en-su-debut-ante-ecuador\/#respond"]}]},{"@type":"WebPage","@id":"https:\/\/digital58.com.ve\/site\/2019\/03\/22\/la-vinotinto-sub-17-empato-en-su-debut-ante-ecuador\/","url":"https:\/\/digital58.com.ve\/site\/2019\/03\/22\/la-vinotinto-sub-17-empato-en-su-debut-ante-ecuador\/","name":"La \u00abVinotinto\u00bb Sub-17 empat\u00f3 en su debut ante Ecuador","isPartOf":{"@id":"https:\/\/digital58.com.ve\/site\/#website"},"primaryImageOfPage":{"@id":"https:\/\/digital58.com.ve\/site\/2019\/03\/22\/la-vinotinto-sub-17-empato-en-su-debut-ante-ecuador\/#primaryimage"},"image":{"@id":"https:\/\/digital58.com.ve\/site\/2019\/03\/22\/la-vinotinto-sub-17-empato-en-su-debut-ante-ecuador\/#primaryimage"},"thumbnailUrl":"https:\/\/digital58.com.ve\/site\/wp-content\/uploads\/2019\/03\/sub17-vzla-2.jpg","datePublished":"2019-03-22T13:13:39+00:00","dateModified":"2019-03-22T13:21:13+00:00","breadcrumb":{"@id":"https:\/\/digital58.com.ve\/site\/2019\/03\/22\/la-vinotinto-sub-17-empato-en-su-debut-ante-ecuador\/#breadcrumb"},"inLanguage":"es","potentialAction":[{"@type":"ReadAction","target":["https:\/\/digital58.com.ve\/site\/2019\/03\/22\/la-vinotinto-sub-17-empato-en-su-debut-ante-ecuador\/"]}]},{"@type":"ImageObject","inLanguage":"es","@id":"https:\/\/digital58.com.ve\/site\/2019\/03\/22\/la-vinotinto-sub-17-empato-en-su-debut-ante-ecuador\/#primaryimage","url":"https:\/\/digital58.com.ve\/site\/wp-content\/uploads\/2019\/03\/sub17-vzla-2.jpg","contentUrl":"https:\/\/digital58.com.ve\/site\/wp-content\/uploads\/2019\/03\/sub17-vzla-2.jpg","width":800,"height":533},{"@type":"BreadcrumbList","@id":"https:\/\/digital58.com.ve\/site\/2019\/03\/22\/la-vinotinto-sub-17-empato-en-su-debut-ante-ecuador\/#breadcrumb","itemListElement":[{"@type":"ListItem","position":1,"name":"Home","item":"https:\/\/digital58.com.ve\/site\/"},{"@type":"ListItem","position":2,"name":"La \u00abVinotinto\u00bb Sub-17 empat\u00f3 en su debut ante Ecuador"}]},{"@type":"WebSite","@id":"https:\/\/digital58.com.ve\/site\/#website","url":"https:\/\/digital58.com.ve\/site\/","name":"Noticias Digital58","description":"Portal de Noticias \u00a1Periodismo web de verdad! Lanzamiento web 22.11.2005 \/ Maracaibo, Venezuela","publisher":{"@id":"https:\/\/digital58.com.ve\/site\/#\/schema\/person\/64d1c2e4d0d4fd1b849980c4331c2951"},"alternateName":"ND58","potentialAction":[{"@type":"SearchAction","target":{"@type":"EntryPoint","urlTemplate":"https:\/\/digital58.com.ve\/site\/?s={search_term_string}"},"query-input":{"@type":"PropertyValueSpecification","valueRequired":true,"valueName":"search_term_string"}}],"inLanguage":"es"},{"@type":["Person","Organization"],"@id":"https:\/\/digital58.com.ve\/site\/#\/schema\/person\/64d1c2e4d0d4fd1b849980c4331c2951","name":"Villasmil Henry","image":{"@type":"ImageObject","inLanguage":"es","@id":"https:\/\/secure.gravatar.com\/avatar\/bb0c4a2fcb7970138239f7e404ea75757b1b507b28b5ce4c53fbd62d797c5a7c?s=96&d=mm&r=g","url":"https:\/\/secure.gravatar.com\/avatar\/bb0c4a2fcb7970138239f7e404ea75757b1b507b28b5ce4c53fbd62d797c5a7c?s=96&d=mm&r=g","contentUrl":"https:\/\/secure.gravatar.com\/avatar\/bb0c4a2fcb7970138239f7e404ea75757b1b507b28b5ce4c53fbd62d797c5a7c?s=96&d=mm&r=g","caption":"Villasmil Henry"},"logo":{"@id":"https:\/\/secure.gravatar.com\/avatar\/bb0c4a2fcb7970138239f7e404ea75757b1b507b28b5ce4c53fbd62d797c5a7c?s=96&d=mm&r=g"},"sameAs":["http:\/\/www.henryvillasmil.com.ve","https:\/\/www.instagram.com\/villasmilhfoto\/","https:\/\/x.com\/https:\/\/twitter.com\/villasmilhfoto"],"url":"https:\/\/digital58.com.ve\/site\/author\/droopy_68\/"}]}},"uagb_featured_image_src":{"full":["https:\/\/digital58.com.ve\/site\/wp-content\/uploads\/2019\/03\/sub17-vzla-2.jpg",800,533,false],"thumbnail":["https:\/\/digital58.com.ve\/site\/wp-content\/uploads\/2019\/03\/sub17-vzla-2-150x150.jpg",150,150,true],"medium":["https:\/\/digital58.com.ve\/site\/wp-content\/uploads\/2019\/03\/sub17-vzla-2-300x200.jpg",300,200,true],"medium_large":["https:\/\/digital58.com.ve\/site\/wp-content\/uploads\/2019\/03\/sub17-vzla-2-768x512.jpg",768,512,true],"large":["https:\/\/digital58.com.ve\/site\/wp-content\/uploads\/2019\/03\/sub17-vzla-2.jpg",800,533,false],"1536x1536":["https:\/\/digital58.com.ve\/site\/wp-content\/uploads\/2019\/03\/sub17-vzla-2.jpg",800,533,false],"2048x2048":["https:\/\/digital58.com.ve\/site\/wp-content\/uploads\/2019\/03\/sub17-vzla-2.jpg",800,533,false],"colormag-highlighted-post":["https:\/\/digital58.com.ve\/site\/wp-content\/uploads\/2019\/03\/sub17-vzla-2.jpg",392,261,false],"colormag-featured-post-medium":["https:\/\/digital58.com.ve\/site\/wp-content\/uploads\/2019\/03\/sub17-vzla-2.jpg",308,205,false],"colormag-featured-post-small":["https:\/\/digital58.com.ve\/site\/wp-content\/uploads\/2019\/03\/sub17-vzla-2.jpg",130,87,false],"colormag-featured-image":["https:\/\/digital58.com.ve\/site\/wp-content\/uploads\/2019\/03\/sub17-vzla-2.jpg",668,445,false],"colormag-default-news":["https:\/\/digital58.com.ve\/site\/wp-content\/uploads\/2019\/03\/sub17-vzla-2.jpg",150,100,false],"colormag-featured-image-large":["https:\/\/digital58.com.ve\/site\/wp-content\/uploads\/2019\/03\/sub17-vzla-2.jpg",800,533,false]},"uagb_author_info":{"display_name":"Villasmil Henry","author_link":"https:\/\/digital58.com.ve\/site\/author\/droopy_68\/"},"uagb_comment_info":0,"uagb_excerpt":"La selecci\u00f3n nacional de Venezuela, categor\u00eda Sub-17 logr\u00f3 un resultado de 1-1 ante Ecuador en el debut del torneo sudamericano","_links":{"self":[{"href":"https:\/\/digital58.com.ve\/site\/wp-json\/wp\/v2\/posts\/84306","targetHints":{"allow":["GET"]}}],"collection":[{"href":"https:\/\/digital58.com.ve\/site\/wp-json\/wp\/v2\/posts"}],"about":[{"href":"https:\/\/digital58.com.ve\/site\/wp-json\/wp\/v2\/types\/post"}],"author":[{"embeddable":true,"href":"https:\/\/digital58.com.ve\/site\/wp-json\/wp\/v2\/users\/1"}],"replies":[{"embeddable":true,"href":"https:\/\/digital58.com.ve\/site\/wp-json\/wp\/v2\/comments?post=84306"}],"version-history":[{"count":0,"href":"https:\/\/digital58.com.ve\/site\/wp-json\/wp\/v2\/posts\/84306\/revisions"}],"wp:featuredmedia":[{"embeddable":true,"href":"https:\/\/digital58.com.ve\/site\/wp-json\/wp\/v2\/media\/84307"}],"wp:attachment":[{"href":"https:\/\/digital58.com.ve\/site\/wp-json\/wp\/v2\/media?parent=84306"}],"wp:term":[{"taxonomy":"category","embeddable":true,"href":"https:\/\/digital58.com.ve\/site\/wp-json\/wp\/v2\/categories?post=84306"},{"taxonomy":"post_tag","embeddable":true,"href":"https:\/\/digital58.com.ve\/site\/wp-json\/wp\/v2\/tags?post=84306"}],"curies":[{"name":"wp","href":"https:\/\/api.w.org\/{rel}","templated":true}]}}