{"id":84418,"date":"2019-03-28T15:46:15","date_gmt":"2019-03-28T19:46:15","guid":{"rendered":"http:\/\/digital58.com.ve\/site\/?p=84418"},"modified":"2019-03-28T15:46:15","modified_gmt":"2019-03-28T19:46:15","slug":"guaido-dice-que-inhabilitacion-es-una-farsa-y-que-no-existe","status":"publish","type":"post","link":"https:\/\/digital58.com.ve\/site\/2019\/03\/28\/guaido-dice-que-inhabilitacion-es-una-farsa-y-que-no-existe\/","title":{"rendered":"Guaid\u00f3 dice que inhabilitaci\u00f3n es una \u00abfarsa\u00bb y que no existe"},"content":{"rendered":"<p><a href=\"http:\/\/digital58.com.ve\/site\/wp-content\/uploads\/2019\/03\/guaid\u00f3-3.jpg\"><img loading=\"lazy\" decoding=\"async\" class=\"aligncenter size-full wp-image-84419\" src=\"http:\/\/digital58.com.ve\/site\/wp-content\/uploads\/2019\/03\/guaid\u00f3-3.jpg\" alt=\"\" width=\"1500\" height=\"998\" srcset=\"https:\/\/digital58.com.ve\/site\/wp-content\/uploads\/2019\/03\/guaid\u00f3-3.jpg 800w, https:\/\/digital58.com.ve\/site\/wp-content\/uploads\/2019\/03\/guaid\u00f3-3-300x200.jpg 300w, https:\/\/digital58.com.ve\/site\/wp-content\/uploads\/2019\/03\/guaid\u00f3-3-768x511.jpg 768w, https:\/\/digital58.com.ve\/site\/wp-content\/uploads\/2019\/03\/guaid\u00f3-3-1500x998.jpg 1500w, https:\/\/digital58.com.ve\/site\/wp-content\/uploads\/2019\/03\/guaid\u00f3-3-720x480.jpg 720w, https:\/\/digital58.com.ve\/site\/wp-content\/uploads\/2019\/03\/guaid\u00f3-3-480x320.jpg 480w\" sizes=\"auto, (max-width: 1500px) 100vw, 1500px\" \/><\/a><\/p>\n<p>El jefe del Parlamento venezolano, Juan Guaid\u00f3, reconocido como presidente encargado por m\u00e1s de medio centenar de pa\u00edses, tild\u00f3 este jueves de \u00abfarsa\u00bb la inhabilitaci\u00f3n pronunciada en su contra por la Contralor\u00eda del pa\u00eds y dijo que no existe tal cosa porque no hay contralor.<\/p>\n<p><strong>Caracas, DC, Venezuela, 28 de marzo de 2019 (Noticias D58).-<\/strong> \u00abNo existe un contralor, no existe una inhabilitaci\u00f3n, el Parlamento venezolano es el \u00fanico que puede designar un contralor\u00bb, se\u00f1al\u00f3 al recordar que el contralor general, Elvis Amoroso, fue designado por la oficialista Asamblea Nacional Constituyente y no por la Asamblea Nacional, que es el \u00f3rgano previsto para ello.<\/p>\n<p>Guaid\u00f3 dijo que la inhabilitaci\u00f3n \u00abno es lo peligroso de esto, lo peligroso es que siguen atacando a la Presidencia encargada\u00bb.<\/p>\n<p>Amoroso anunci\u00f3 este jueves la inhabilitaci\u00f3n de Guaid\u00f3 para el ejercicio de cargos p\u00fablicos durante 15 a\u00f1os se\u00f1alando que se \u00abpresume\u00bb que Guaid\u00f3 \u00abocult\u00f3 o false\u00f3\u00bb datos de su declaraci\u00f3n jurada de patrimonio, y a su vez recibi\u00f3 dinero de instancias internacionales y nacionales sin justificar.<\/p>\n<p>\u00abHoy vamos a seguir en las calles implementando nuestra Operaci\u00f3n Libertad por el cese de la usurpaci\u00f3n\u00bb, dijo Guaid\u00f3 en alusi\u00f3n a la demanda de la salida de Nicol\u00e1s Maduro de la Presidencia del pa\u00eds.<\/p>\n<p>Dijo que \u00abdesempolvaron\u00bb a Amoroso para \u00abmeter miedo a los hoteles\u00bb en los que se aloja cuando viaja por el pa\u00eds y para \u00abtratar de confundir un poco a la opini\u00f3n p\u00fablica\u00bb.<\/p>\n<p>\u00abSeguimos en gira por todo el pa\u00eds implementando la Operaci\u00f3n Libertad\u00bb, afirm\u00f3 en alusi\u00f3n al programa que han propuesto para el fin del actual Gobierno y un plan de transici\u00f3n que conduzca a unas elecciones.<\/p>\n<p>La Fiscal\u00eda venezolana ya abri\u00f3 dos investigaciones contra Guaid\u00f3, un joven legislador del partido Voluntad Popular (VP) -del opositor preso Leopoldo L\u00f3pez- que ascendi\u00f3 el 5 de enero pasado a la jefatura del Parlamento venezolano.<\/p>\n<p>Una de estas investigaciones est\u00e1 relacionada con su proclamaci\u00f3n como presidente encargado, y la otra con su presunta implicaci\u00f3n en el primer apag\u00f3n masivo que sufri\u00f3 Venezuela el pasado d\u00eda 7.<\/p>\n<p>Venezuela atraviesa una nueva fase de tensi\u00f3n pol\u00edtica desde enero pasado, cuando el gobernante Nicol\u00e1s Maduro jur\u00f3 un nuevo mandato de 6 a\u00f1os que no reconocen la oposici\u00f3n y parte de la comunidad internacional y, en respuesta, Guaid\u00f3 proclam\u00f3 un Gobierno interino que apoyan m\u00e1s de 50 pa\u00edses.<\/p><div class=\"ylodt69edfdf665117\" ><p style=\"text-align: center;\"><a href=\"https:\/\/t.me\/noticiasdigital58\" target=\"_blank\" rel=\"noopener\"><img class=\"aligncenter size-full wp-image-125363\" src=\"https:\/\/digital58.com.ve\/site\/wp-content\/uploads\/2021\/04\/banner-telegram-web-2021.png\" alt=\"\" width=\"600\" height=\"90\" \/><\/a><\/p><\/div><style type=\"text\/css\">\r\n@media screen and (min-width: 1201px) {\r\n.ylodt69edfdf665117 {\r\ndisplay: block;\r\n}\r\n}\r\n@media screen and (min-width: 993px) and (max-width: 1200px) {\r\n.ylodt69edfdf665117 {\r\ndisplay: block;\r\n}\r\n}\r\n@media screen and (min-width: 769px) and (max-width: 992px) {\r\n.ylodt69edfdf665117 {\r\ndisplay: block;\r\n}\r\n}\r\n@media screen and (min-width: 768px) and (max-width: 768px) {\r\n.ylodt69edfdf665117 {\r\ndisplay: block;\r\n}\r\n}\r\n@media screen and (max-width: 767px) {\r\n.ylodt69edfdf665117 {\r\ndisplay: block;\r\n}\r\n}\r\n<\/style>\r\n\n<p><strong>Redacci\u00f3n con fuente: EFE<\/strong><br \/>\n<strong>Edici\u00f3n: Villasmil, Henry<\/strong><br \/>\n<strong>Gr\u00e1fica: AFP<\/strong><\/p>\n<div style=\"margin-top: 0px; margin-bottom: 0px;\" class=\"sharethis-inline-share-buttons\" ><\/div>","protected":false},"excerpt":{"rendered":"<p>El jefe del Parlamento venezolano, Juan Guaid\u00f3, reconocido como presidente encargado por m\u00e1s de medio centenar de pa\u00edses, tild\u00f3 este<\/p>\n","protected":false},"author":1,"featured_media":84419,"comment_status":"open","ping_status":"closed","sticky":false,"template":"","format":"standard","meta":{"colormag_page_container_layout":"default_layout","colormag_page_sidebar_layout":"default_layout","_uag_custom_page_level_css":"","footnotes":""},"categories":[8610],"tags":[29,12133,12134,11949,233,8605,8604],"class_list":["post-84418","post","type-post","status-publish","format-standard","has-post-thumbnail","hentry","category-politica","tag-caracas","tag-contraloria-de-venezuela","tag-elvis-amoroso","tag-juan-guaido","tag-nacionales","tag-oposicion-venezolana","tag-venezuela-crisis"],"yoast_head":"<!-- This site is optimized with the Yoast SEO plugin v27.4 - https:\/\/yoast.com\/product\/yoast-seo-wordpress\/ -->\n<title>Guaid\u00f3 dice que inhabilitaci\u00f3n es una \u00abfarsa\u00bb y que no existe<\/title>\n<meta name=\"robots\" content=\"index, follow, max-snippet:-1, max-image-preview:large, max-video-preview:-1\" \/>\n<link rel=\"canonical\" href=\"https:\/\/digital58.com.ve\/site\/2019\/03\/28\/guaido-dice-que-inhabilitacion-es-una-farsa-y-que-no-existe\/\" \/>\n<meta property=\"og:locale\" content=\"es_ES\" \/>\n<meta property=\"og:type\" content=\"article\" \/>\n<meta property=\"og:title\" content=\"Guaid\u00f3 dice que inhabilitaci\u00f3n es una \u00abfarsa\u00bb y que no existe\" \/>\n<meta property=\"og:url\" content=\"https:\/\/digital58.com.ve\/site\/2019\/03\/28\/guaido-dice-que-inhabilitacion-es-una-farsa-y-que-no-existe\/\" \/>\n<meta property=\"og:site_name\" content=\"Noticias Digital58\" \/>\n<meta property=\"article:published_time\" content=\"2019-03-28T19:46:15+00:00\" \/>\n<meta property=\"og:image\" content=\"https:\/\/digital58.com.ve\/site\/wp-content\/uploads\/2019\/03\/guaid\u00f3-3.jpg\" \/>\n\t<meta property=\"og:image:width\" content=\"1500\" \/>\n\t<meta property=\"og:image:height\" content=\"998\" \/>\n\t<meta property=\"og:image:type\" content=\"image\/jpeg\" \/>\n<meta name=\"author\" content=\"Villasmil Henry\" \/>\n<meta name=\"twitter:card\" content=\"summary_large_image\" \/>\n<meta name=\"twitter:creator\" content=\"@https:\/\/twitter.com\/villasmilhfoto\" \/>\n<meta name=\"twitter:site\" content=\"@villasmilhfoto\" \/>\n<meta name=\"twitter:label1\" content=\"Escrito por\" \/>\n\t<meta name=\"twitter:data1\" content=\"Villasmil Henry\" \/>\n\t<meta name=\"twitter:label2\" content=\"Tiempo estimado de lectura\" \/>\n\t<meta name=\"twitter:data2\" content=\"2 minutos\" \/>\n<script type=\"application\/ld+json\" class=\"yoast-schema-graph\">{\"@context\":\"https:\\\/\\\/schema.org\",\"@graph\":[{\"@type\":\"Article\",\"@id\":\"https:\\\/\\\/digital58.com.ve\\\/site\\\/2019\\\/03\\\/28\\\/guaido-dice-que-inhabilitacion-es-una-farsa-y-que-no-existe\\\/#article\",\"isPartOf\":{\"@id\":\"https:\\\/\\\/digital58.com.ve\\\/site\\\/2019\\\/03\\\/28\\\/guaido-dice-que-inhabilitacion-es-una-farsa-y-que-no-existe\\\/\"},\"author\":{\"name\":\"Villasmil Henry\",\"@id\":\"https:\\\/\\\/digital58.com.ve\\\/site\\\/#\\\/schema\\\/person\\\/64d1c2e4d0d4fd1b849980c4331c2951\"},\"headline\":\"Guaid\u00f3 dice que inhabilitaci\u00f3n es una \u00abfarsa\u00bb y que no existe\",\"datePublished\":\"2019-03-28T19:46:15+00:00\",\"mainEntityOfPage\":{\"@id\":\"https:\\\/\\\/digital58.com.ve\\\/site\\\/2019\\\/03\\\/28\\\/guaido-dice-que-inhabilitacion-es-una-farsa-y-que-no-existe\\\/\"},\"wordCount\":443,\"commentCount\":0,\"publisher\":{\"@id\":\"https:\\\/\\\/digital58.com.ve\\\/site\\\/#\\\/schema\\\/person\\\/64d1c2e4d0d4fd1b849980c4331c2951\"},\"image\":{\"@id\":\"https:\\\/\\\/digital58.com.ve\\\/site\\\/2019\\\/03\\\/28\\\/guaido-dice-que-inhabilitacion-es-una-farsa-y-que-no-existe\\\/#primaryimage\"},\"thumbnailUrl\":\"https:\\\/\\\/digital58.com.ve\\\/site\\\/wp-content\\\/uploads\\\/2019\\\/03\\\/guaid\u00f3-3.jpg\",\"keywords\":[\"Caracas\",\"Contralor\u00eda de Venezuela\",\"Elvis Amoroso\",\"Juan Guaid\u00f3\",\"Nacionales\",\"Oposici\u00f3n Venezolana\",\"Venezuela Crisis\"],\"articleSection\":[\"Pol\u00edtica\"],\"inLanguage\":\"es\",\"potentialAction\":[{\"@type\":\"CommentAction\",\"name\":\"Comment\",\"target\":[\"https:\\\/\\\/digital58.com.ve\\\/site\\\/2019\\\/03\\\/28\\\/guaido-dice-que-inhabilitacion-es-una-farsa-y-que-no-existe\\\/#respond\"]}]},{\"@type\":\"WebPage\",\"@id\":\"https:\\\/\\\/digital58.com.ve\\\/site\\\/2019\\\/03\\\/28\\\/guaido-dice-que-inhabilitacion-es-una-farsa-y-que-no-existe\\\/\",\"url\":\"https:\\\/\\\/digital58.com.ve\\\/site\\\/2019\\\/03\\\/28\\\/guaido-dice-que-inhabilitacion-es-una-farsa-y-que-no-existe\\\/\",\"name\":\"Guaid\u00f3 dice que inhabilitaci\u00f3n es una \u00abfarsa\u00bb y que no existe\",\"isPartOf\":{\"@id\":\"https:\\\/\\\/digital58.com.ve\\\/site\\\/#website\"},\"primaryImageOfPage\":{\"@id\":\"https:\\\/\\\/digital58.com.ve\\\/site\\\/2019\\\/03\\\/28\\\/guaido-dice-que-inhabilitacion-es-una-farsa-y-que-no-existe\\\/#primaryimage\"},\"image\":{\"@id\":\"https:\\\/\\\/digital58.com.ve\\\/site\\\/2019\\\/03\\\/28\\\/guaido-dice-que-inhabilitacion-es-una-farsa-y-que-no-existe\\\/#primaryimage\"},\"thumbnailUrl\":\"https:\\\/\\\/digital58.com.ve\\\/site\\\/wp-content\\\/uploads\\\/2019\\\/03\\\/guaid\u00f3-3.jpg\",\"datePublished\":\"2019-03-28T19:46:15+00:00\",\"breadcrumb\":{\"@id\":\"https:\\\/\\\/digital58.com.ve\\\/site\\\/2019\\\/03\\\/28\\\/guaido-dice-que-inhabilitacion-es-una-farsa-y-que-no-existe\\\/#breadcrumb\"},\"inLanguage\":\"es\",\"potentialAction\":[{\"@type\":\"ReadAction\",\"target\":[\"https:\\\/\\\/digital58.com.ve\\\/site\\\/2019\\\/03\\\/28\\\/guaido-dice-que-inhabilitacion-es-una-farsa-y-que-no-existe\\\/\"]}]},{\"@type\":\"ImageObject\",\"inLanguage\":\"es\",\"@id\":\"https:\\\/\\\/digital58.com.ve\\\/site\\\/2019\\\/03\\\/28\\\/guaido-dice-que-inhabilitacion-es-una-farsa-y-que-no-existe\\\/#primaryimage\",\"url\":\"https:\\\/\\\/digital58.com.ve\\\/site\\\/wp-content\\\/uploads\\\/2019\\\/03\\\/guaid\u00f3-3.jpg\",\"contentUrl\":\"https:\\\/\\\/digital58.com.ve\\\/site\\\/wp-content\\\/uploads\\\/2019\\\/03\\\/guaid\u00f3-3.jpg\",\"width\":800,\"height\":532},{\"@type\":\"BreadcrumbList\",\"@id\":\"https:\\\/\\\/digital58.com.ve\\\/site\\\/2019\\\/03\\\/28\\\/guaido-dice-que-inhabilitacion-es-una-farsa-y-que-no-existe\\\/#breadcrumb\",\"itemListElement\":[{\"@type\":\"ListItem\",\"position\":1,\"name\":\"Home\",\"item\":\"https:\\\/\\\/digital58.com.ve\\\/site\\\/\"},{\"@type\":\"ListItem\",\"position\":2,\"name\":\"Guaid\u00f3 dice que inhabilitaci\u00f3n es una \u00abfarsa\u00bb y que no existe\"}]},{\"@type\":\"WebSite\",\"@id\":\"https:\\\/\\\/digital58.com.ve\\\/site\\\/#website\",\"url\":\"https:\\\/\\\/digital58.com.ve\\\/site\\\/\",\"name\":\"Noticias Digital58\",\"description\":\"Portal de Noticias \u00a1Periodismo web de verdad! Lanzamiento web 22.11.2005 \\\/ Maracaibo, Venezuela\",\"publisher\":{\"@id\":\"https:\\\/\\\/digital58.com.ve\\\/site\\\/#\\\/schema\\\/person\\\/64d1c2e4d0d4fd1b849980c4331c2951\"},\"alternateName\":\"ND58\",\"potentialAction\":[{\"@type\":\"SearchAction\",\"target\":{\"@type\":\"EntryPoint\",\"urlTemplate\":\"https:\\\/\\\/digital58.com.ve\\\/site\\\/?s={search_term_string}\"},\"query-input\":{\"@type\":\"PropertyValueSpecification\",\"valueRequired\":true,\"valueName\":\"search_term_string\"}}],\"inLanguage\":\"es\"},{\"@type\":[\"Person\",\"Organization\"],\"@id\":\"https:\\\/\\\/digital58.com.ve\\\/site\\\/#\\\/schema\\\/person\\\/64d1c2e4d0d4fd1b849980c4331c2951\",\"name\":\"Villasmil Henry\",\"image\":{\"@type\":\"ImageObject\",\"inLanguage\":\"es\",\"@id\":\"https:\\\/\\\/secure.gravatar.com\\\/avatar\\\/bb0c4a2fcb7970138239f7e404ea75757b1b507b28b5ce4c53fbd62d797c5a7c?s=96&d=mm&r=g\",\"url\":\"https:\\\/\\\/secure.gravatar.com\\\/avatar\\\/bb0c4a2fcb7970138239f7e404ea75757b1b507b28b5ce4c53fbd62d797c5a7c?s=96&d=mm&r=g\",\"contentUrl\":\"https:\\\/\\\/secure.gravatar.com\\\/avatar\\\/bb0c4a2fcb7970138239f7e404ea75757b1b507b28b5ce4c53fbd62d797c5a7c?s=96&d=mm&r=g\",\"caption\":\"Villasmil Henry\"},\"logo\":{\"@id\":\"https:\\\/\\\/secure.gravatar.com\\\/avatar\\\/bb0c4a2fcb7970138239f7e404ea75757b1b507b28b5ce4c53fbd62d797c5a7c?s=96&d=mm&r=g\"},\"sameAs\":[\"http:\\\/\\\/www.henryvillasmil.com.ve\",\"https:\\\/\\\/www.instagram.com\\\/villasmilhfoto\\\/\",\"https:\\\/\\\/x.com\\\/https:\\\/\\\/twitter.com\\\/villasmilhfoto\"],\"url\":\"https:\\\/\\\/digital58.com.ve\\\/site\\\/author\\\/droopy_68\\\/\"}]}<\/script>\n<!-- \/ Yoast SEO plugin. -->","yoast_head_json":{"title":"Guaid\u00f3 dice que inhabilitaci\u00f3n es una \u00abfarsa\u00bb y que no existe","robots":{"index":"index","follow":"follow","max-snippet":"max-snippet:-1","max-image-preview":"max-image-preview:large","max-video-preview":"max-video-preview:-1"},"canonical":"https:\/\/digital58.com.ve\/site\/2019\/03\/28\/guaido-dice-que-inhabilitacion-es-una-farsa-y-que-no-existe\/","og_locale":"es_ES","og_type":"article","og_title":"Guaid\u00f3 dice que inhabilitaci\u00f3n es una \u00abfarsa\u00bb y que no existe","og_url":"https:\/\/digital58.com.ve\/site\/2019\/03\/28\/guaido-dice-que-inhabilitacion-es-una-farsa-y-que-no-existe\/","og_site_name":"Noticias Digital58","article_published_time":"2019-03-28T19:46:15+00:00","og_image":[{"width":1500,"height":998,"url":"https:\/\/digital58.com.ve\/site\/wp-content\/uploads\/2019\/03\/guaid\u00f3-3.jpg","type":"image\/jpeg"}],"author":"Villasmil Henry","twitter_card":"summary_large_image","twitter_creator":"@https:\/\/twitter.com\/villasmilhfoto","twitter_site":"@villasmilhfoto","twitter_misc":{"Escrito por":"Villasmil Henry","Tiempo estimado de lectura":"2 minutos"},"schema":{"@context":"https:\/\/schema.org","@graph":[{"@type":"Article","@id":"https:\/\/digital58.com.ve\/site\/2019\/03\/28\/guaido-dice-que-inhabilitacion-es-una-farsa-y-que-no-existe\/#article","isPartOf":{"@id":"https:\/\/digital58.com.ve\/site\/2019\/03\/28\/guaido-dice-que-inhabilitacion-es-una-farsa-y-que-no-existe\/"},"author":{"name":"Villasmil Henry","@id":"https:\/\/digital58.com.ve\/site\/#\/schema\/person\/64d1c2e4d0d4fd1b849980c4331c2951"},"headline":"Guaid\u00f3 dice que inhabilitaci\u00f3n es una \u00abfarsa\u00bb y que no existe","datePublished":"2019-03-28T19:46:15+00:00","mainEntityOfPage":{"@id":"https:\/\/digital58.com.ve\/site\/2019\/03\/28\/guaido-dice-que-inhabilitacion-es-una-farsa-y-que-no-existe\/"},"wordCount":443,"commentCount":0,"publisher":{"@id":"https:\/\/digital58.com.ve\/site\/#\/schema\/person\/64d1c2e4d0d4fd1b849980c4331c2951"},"image":{"@id":"https:\/\/digital58.com.ve\/site\/2019\/03\/28\/guaido-dice-que-inhabilitacion-es-una-farsa-y-que-no-existe\/#primaryimage"},"thumbnailUrl":"https:\/\/digital58.com.ve\/site\/wp-content\/uploads\/2019\/03\/guaid\u00f3-3.jpg","keywords":["Caracas","Contralor\u00eda de Venezuela","Elvis Amoroso","Juan Guaid\u00f3","Nacionales","Oposici\u00f3n Venezolana","Venezuela Crisis"],"articleSection":["Pol\u00edtica"],"inLanguage":"es","potentialAction":[{"@type":"CommentAction","name":"Comment","target":["https:\/\/digital58.com.ve\/site\/2019\/03\/28\/guaido-dice-que-inhabilitacion-es-una-farsa-y-que-no-existe\/#respond"]}]},{"@type":"WebPage","@id":"https:\/\/digital58.com.ve\/site\/2019\/03\/28\/guaido-dice-que-inhabilitacion-es-una-farsa-y-que-no-existe\/","url":"https:\/\/digital58.com.ve\/site\/2019\/03\/28\/guaido-dice-que-inhabilitacion-es-una-farsa-y-que-no-existe\/","name":"Guaid\u00f3 dice que inhabilitaci\u00f3n es una \u00abfarsa\u00bb y que no existe","isPartOf":{"@id":"https:\/\/digital58.com.ve\/site\/#website"},"primaryImageOfPage":{"@id":"https:\/\/digital58.com.ve\/site\/2019\/03\/28\/guaido-dice-que-inhabilitacion-es-una-farsa-y-que-no-existe\/#primaryimage"},"image":{"@id":"https:\/\/digital58.com.ve\/site\/2019\/03\/28\/guaido-dice-que-inhabilitacion-es-una-farsa-y-que-no-existe\/#primaryimage"},"thumbnailUrl":"https:\/\/digital58.com.ve\/site\/wp-content\/uploads\/2019\/03\/guaid\u00f3-3.jpg","datePublished":"2019-03-28T19:46:15+00:00","breadcrumb":{"@id":"https:\/\/digital58.com.ve\/site\/2019\/03\/28\/guaido-dice-que-inhabilitacion-es-una-farsa-y-que-no-existe\/#breadcrumb"},"inLanguage":"es","potentialAction":[{"@type":"ReadAction","target":["https:\/\/digital58.com.ve\/site\/2019\/03\/28\/guaido-dice-que-inhabilitacion-es-una-farsa-y-que-no-existe\/"]}]},{"@type":"ImageObject","inLanguage":"es","@id":"https:\/\/digital58.com.ve\/site\/2019\/03\/28\/guaido-dice-que-inhabilitacion-es-una-farsa-y-que-no-existe\/#primaryimage","url":"https:\/\/digital58.com.ve\/site\/wp-content\/uploads\/2019\/03\/guaid\u00f3-3.jpg","contentUrl":"https:\/\/digital58.com.ve\/site\/wp-content\/uploads\/2019\/03\/guaid\u00f3-3.jpg","width":800,"height":532},{"@type":"BreadcrumbList","@id":"https:\/\/digital58.com.ve\/site\/2019\/03\/28\/guaido-dice-que-inhabilitacion-es-una-farsa-y-que-no-existe\/#breadcrumb","itemListElement":[{"@type":"ListItem","position":1,"name":"Home","item":"https:\/\/digital58.com.ve\/site\/"},{"@type":"ListItem","position":2,"name":"Guaid\u00f3 dice que inhabilitaci\u00f3n es una \u00abfarsa\u00bb y que no existe"}]},{"@type":"WebSite","@id":"https:\/\/digital58.com.ve\/site\/#website","url":"https:\/\/digital58.com.ve\/site\/","name":"Noticias Digital58","description":"Portal de Noticias \u00a1Periodismo web de verdad! Lanzamiento web 22.11.2005 \/ Maracaibo, Venezuela","publisher":{"@id":"https:\/\/digital58.com.ve\/site\/#\/schema\/person\/64d1c2e4d0d4fd1b849980c4331c2951"},"alternateName":"ND58","potentialAction":[{"@type":"SearchAction","target":{"@type":"EntryPoint","urlTemplate":"https:\/\/digital58.com.ve\/site\/?s={search_term_string}"},"query-input":{"@type":"PropertyValueSpecification","valueRequired":true,"valueName":"search_term_string"}}],"inLanguage":"es"},{"@type":["Person","Organization"],"@id":"https:\/\/digital58.com.ve\/site\/#\/schema\/person\/64d1c2e4d0d4fd1b849980c4331c2951","name":"Villasmil Henry","image":{"@type":"ImageObject","inLanguage":"es","@id":"https:\/\/secure.gravatar.com\/avatar\/bb0c4a2fcb7970138239f7e404ea75757b1b507b28b5ce4c53fbd62d797c5a7c?s=96&d=mm&r=g","url":"https:\/\/secure.gravatar.com\/avatar\/bb0c4a2fcb7970138239f7e404ea75757b1b507b28b5ce4c53fbd62d797c5a7c?s=96&d=mm&r=g","contentUrl":"https:\/\/secure.gravatar.com\/avatar\/bb0c4a2fcb7970138239f7e404ea75757b1b507b28b5ce4c53fbd62d797c5a7c?s=96&d=mm&r=g","caption":"Villasmil Henry"},"logo":{"@id":"https:\/\/secure.gravatar.com\/avatar\/bb0c4a2fcb7970138239f7e404ea75757b1b507b28b5ce4c53fbd62d797c5a7c?s=96&d=mm&r=g"},"sameAs":["http:\/\/www.henryvillasmil.com.ve","https:\/\/www.instagram.com\/villasmilhfoto\/","https:\/\/x.com\/https:\/\/twitter.com\/villasmilhfoto"],"url":"https:\/\/digital58.com.ve\/site\/author\/droopy_68\/"}]}},"uagb_featured_image_src":{"full":["https:\/\/digital58.com.ve\/site\/wp-content\/uploads\/2019\/03\/guaid\u00f3-3.jpg",800,532,false],"thumbnail":["https:\/\/digital58.com.ve\/site\/wp-content\/uploads\/2019\/03\/guaid\u00f3-3-150x150.jpg",150,150,true],"medium":["https:\/\/digital58.com.ve\/site\/wp-content\/uploads\/2019\/03\/guaid\u00f3-3-300x200.jpg",300,200,true],"medium_large":["https:\/\/digital58.com.ve\/site\/wp-content\/uploads\/2019\/03\/guaid\u00f3-3-768x511.jpg",768,511,true],"large":["https:\/\/digital58.com.ve\/site\/wp-content\/uploads\/2019\/03\/guaid\u00f3-3-1500x998.jpg",800,532,true],"1536x1536":["https:\/\/digital58.com.ve\/site\/wp-content\/uploads\/2019\/03\/guaid\u00f3-3.jpg",800,532,false],"2048x2048":["https:\/\/digital58.com.ve\/site\/wp-content\/uploads\/2019\/03\/guaid\u00f3-3.jpg",800,532,false],"colormag-highlighted-post":["https:\/\/digital58.com.ve\/site\/wp-content\/uploads\/2019\/03\/guaid\u00f3-3.jpg",392,261,false],"colormag-featured-post-medium":["https:\/\/digital58.com.ve\/site\/wp-content\/uploads\/2019\/03\/guaid\u00f3-3.jpg",308,205,false],"colormag-featured-post-small":["https:\/\/digital58.com.ve\/site\/wp-content\/uploads\/2019\/03\/guaid\u00f3-3.jpg",130,86,false],"colormag-featured-image":["https:\/\/digital58.com.ve\/site\/wp-content\/uploads\/2019\/03\/guaid\u00f3-3.jpg",669,445,false],"colormag-default-news":["https:\/\/digital58.com.ve\/site\/wp-content\/uploads\/2019\/03\/guaid\u00f3-3.jpg",150,100,false],"colormag-featured-image-large":["https:\/\/digital58.com.ve\/site\/wp-content\/uploads\/2019\/03\/guaid\u00f3-3.jpg",800,532,false]},"uagb_author_info":{"display_name":"Villasmil Henry","author_link":"https:\/\/digital58.com.ve\/site\/author\/droopy_68\/"},"uagb_comment_info":0,"uagb_excerpt":"El jefe del Parlamento venezolano, Juan Guaid\u00f3, reconocido como presidente encargado por m\u00e1s de medio centenar de pa\u00edses, tild\u00f3 este","_links":{"self":[{"href":"https:\/\/digital58.com.ve\/site\/wp-json\/wp\/v2\/posts\/84418","targetHints":{"allow":["GET"]}}],"collection":[{"href":"https:\/\/digital58.com.ve\/site\/wp-json\/wp\/v2\/posts"}],"about":[{"href":"https:\/\/digital58.com.ve\/site\/wp-json\/wp\/v2\/types\/post"}],"author":[{"embeddable":true,"href":"https:\/\/digital58.com.ve\/site\/wp-json\/wp\/v2\/users\/1"}],"replies":[{"embeddable":true,"href":"https:\/\/digital58.com.ve\/site\/wp-json\/wp\/v2\/comments?post=84418"}],"version-history":[{"count":0,"href":"https:\/\/digital58.com.ve\/site\/wp-json\/wp\/v2\/posts\/84418\/revisions"}],"wp:featuredmedia":[{"embeddable":true,"href":"https:\/\/digital58.com.ve\/site\/wp-json\/wp\/v2\/media\/84419"}],"wp:attachment":[{"href":"https:\/\/digital58.com.ve\/site\/wp-json\/wp\/v2\/media?parent=84418"}],"wp:term":[{"taxonomy":"category","embeddable":true,"href":"https:\/\/digital58.com.ve\/site\/wp-json\/wp\/v2\/categories?post=84418"},{"taxonomy":"post_tag","embeddable":true,"href":"https:\/\/digital58.com.ve\/site\/wp-json\/wp\/v2\/tags?post=84418"}],"curies":[{"name":"wp","href":"https:\/\/api.w.org\/{rel}","templated":true}]}}