{"id":84926,"date":"2019-04-22T09:34:20","date_gmt":"2019-04-22T13:34:20","guid":{"rendered":"https:\/\/digital58.com.ve\/site\/?p=84926"},"modified":"2019-04-22T09:35:40","modified_gmt":"2019-04-22T13:35:40","slug":"laliga-benzema-supera-a-luis-suarez","status":"publish","type":"post","link":"https:\/\/digital58.com.ve\/site\/2019\/04\/22\/laliga-benzema-supera-a-luis-suarez\/","title":{"rendered":"#LaLiga: Benzema supera a Luis Su\u00e1rez"},"content":{"rendered":"<p><a href=\"https:\/\/digital58.com.ve\/site\/wp-content\/uploads\/2019\/04\/benzema.jpg\"><img loading=\"lazy\" decoding=\"async\" class=\"aligncenter size-large wp-image-84928\" src=\"https:\/\/digital58.com.ve\/site\/wp-content\/uploads\/2019\/04\/benzema-1500x1000.jpg\" alt=\"\" width=\"640\" height=\"427\" srcset=\"https:\/\/digital58.com.ve\/site\/wp-content\/uploads\/2019\/04\/benzema-1500x1000.jpg 1500w, https:\/\/digital58.com.ve\/site\/wp-content\/uploads\/2019\/04\/benzema-300x200.jpg 300w, https:\/\/digital58.com.ve\/site\/wp-content\/uploads\/2019\/04\/benzema-768x512.jpg 768w, https:\/\/digital58.com.ve\/site\/wp-content\/uploads\/2019\/04\/benzema-720x480.jpg 720w, https:\/\/digital58.com.ve\/site\/wp-content\/uploads\/2019\/04\/benzema-480x320.jpg 480w, https:\/\/digital58.com.ve\/site\/wp-content\/uploads\/2019\/04\/benzema.jpg 800w\" sizes=\"auto, (max-width: 640px) 100vw, 640px\" \/><\/a><\/p>\n<p><a href=\"https:\/\/www.instagram.com\/karimbenzema\/\" target=\"_blank\" rel=\"noopener noreferrer\">Karim Benzema<\/a>, delantero del <a href=\"https:\/\/www.instagram.com\/realmadrid\/\" target=\"_blank\" rel=\"noopener noreferrer\">Real Madrid<\/a>, prosigue con una racha imponente, con once goles en las \u00faltimas ocho jornadas, los tres m\u00e1s recientes este domingo al Athletic (3-0) para agrandar sus n\u00fameros hasta las 21 dianas y superar a Luis Su\u00e1rez (Barcelona) en la segunda plaza, a\u00fan lejos del l\u00edder incontestable: <a href=\"https:\/\/www.instagram.com\/leomessi\/\" target=\"_blank\" rel=\"noopener noreferrer\">Lionel Messi<\/a>.<\/p>\n<p><strong>Madrid, Espa\u00f1a, 22 de abril de 2019 (Noticias D58).-<\/strong> Inalcanzable el argentino en la cima, con 33 y con doce goles de ventaja al frente de la clasificaci\u00f3n a falta de cinco jornadas, Benzema ya es segundo, por encima de Luis Su\u00e1rez. Tambi\u00e9n ha dejado atr\u00e1s a Christian Stuani (Girona), con 18 y en la cuarta posici\u00f3n.<\/p>\n<p>La quinta es de Iago Aspas, que ha anotado seis goles en las cuatro jornadas m\u00e1s recientes y que ya suma 16 tantos. A dos est\u00e1 Jaime Mata, del Getafe.<\/p>\n<p>Y a tres su compa\u00f1ero en el ataque del conjunto madrile\u00f1o Jorge Molina, con 13. Entre los dos, con una diana el primero y con dos el segundo, golearon 3-0 al Sevilla.<\/p>\n<p><strong>Clasificaci\u00f3n de goleadores (33\u00aa jornada):<\/strong><\/p>\n<p><strong>&#8211; Con 33 goles:<\/strong> Messi (ARG) (3p) (Barcelona).<\/p>\n<p><strong>&#8211; Con 21 goles:<\/strong> Benzema (FRA) (3p) (Real Madrid).<\/p>\n<p><strong>&#8211; Con 20 goles:<\/strong> Luis Su\u00e1rez (3p) (URU) (Barcelona).<\/p>\n<p><strong>&#8211; Con 18 goles:<\/strong> Cristhian Stuani (URU) (4p) (Girona).<\/p>\n<p><strong>&#8211; Con 16 goles:<\/strong> Iago Aspas (2p) (Celta).<\/p>\n<p><strong>&#8211; Con 15 goles:<\/strong> Ben Yedder (FRA) (Sevilla).<\/p>\n<p><strong>&#8211; Con 14 goles:<\/strong> Griezmann (FRA) (3p) (Atl\u00e9tico de Madrid); Jaime Mata (3p) (Getafe); Ra\u00fal de Tom\u00e1s (Rayo Vallecano).<\/p>\n<p><strong>&#8211; Con 13 goles:<\/strong> Charles (BRA) (5p) (Eibar); Borja Iglesias (1p) (Espanyol); Jorge Molina (2p) (Getafe);<\/p>\n<p><strong>&#8211; Con 12 goles:<\/strong> I\u00f1aki Williams (Athletic); Roger (1p) (Levante); Pablo Sarabia (1p) (Sevilla).<\/p>\n<p><strong>&#8211; Con 11 goles:<\/strong> Maxi G\u00f3mez (URU) (1p) (Celta); Oyarzabal (3p) (Real Sociedad).<\/p>\n<p><strong>&#8211; Con 10 goles:<\/strong> William Jos\u00e9 (BRA) (3p) (Real Sociedad).<\/p><div class=\"mgjen69f70e1b4b614\" ><p style=\"text-align: center;\"><a href=\"https:\/\/t.me\/noticiasdigital58\" target=\"_blank\" rel=\"noopener\"><img class=\"aligncenter size-full wp-image-125363\" src=\"https:\/\/digital58.com.ve\/site\/wp-content\/uploads\/2021\/04\/banner-telegram-web-2021.png\" alt=\"\" width=\"600\" height=\"90\" \/><\/a><\/p><\/div><style type=\"text\/css\">\r\n@media screen and (min-width: 1201px) {\r\n.mgjen69f70e1b4b614 {\r\ndisplay: block;\r\n}\r\n}\r\n@media screen and (min-width: 993px) and (max-width: 1200px) {\r\n.mgjen69f70e1b4b614 {\r\ndisplay: block;\r\n}\r\n}\r\n@media screen and (min-width: 769px) and (max-width: 992px) {\r\n.mgjen69f70e1b4b614 {\r\ndisplay: block;\r\n}\r\n}\r\n@media screen and (min-width: 768px) and (max-width: 768px) {\r\n.mgjen69f70e1b4b614 {\r\ndisplay: block;\r\n}\r\n}\r\n@media screen and (max-width: 767px) {\r\n.mgjen69f70e1b4b614 {\r\ndisplay: block;\r\n}\r\n}\r\n<\/style>\r\n\n<p><strong>Redacci\u00f3n con fuente: EFE<\/strong><br \/>\n<strong>Edici\u00f3n:<a href=\"https:\/\/www.instagram.com\/villasmilhfoto\/\" target=\"_blank\" rel=\"noopener noreferrer\"> Villasmil, Henry<\/a><\/strong><br \/>\n<strong>Gr\u00e1fica: EFE<\/strong><\/p>\n<div style=\"margin-top: 0px; margin-bottom: 0px;\" class=\"sharethis-inline-share-buttons\" ><\/div>","protected":false},"excerpt":{"rendered":"<p>Karim Benzema, delantero del Real Madrid, prosigue con una racha imponente, con once goles en las \u00faltimas ocho jornadas, los<\/p>\n","protected":false},"author":1,"featured_media":84928,"comment_status":"open","ping_status":"closed","sticky":false,"template":"","format":"standard","meta":{"colormag_page_container_layout":"default_layout","colormag_page_sidebar_layout":"default_layout","_uag_custom_page_level_css":"","footnotes":""},"categories":[5402],"tags":[115,13,499,8,12240,7311,11262,6501],"class_list":["post-84926","post","type-post","status-publish","format-standard","has-post-thumbnail","hentry","category-deportes","tag-espana","tag-futbol","tag-futbol-espanol","tag-internacionales","tag-karim-benzema","tag-laliga","tag-laliga-2018-2019","tag-real-madrid-cf"],"yoast_head":"<!-- This site is optimized with the Yoast SEO plugin v27.5 - https:\/\/yoast.com\/product\/yoast-seo-wordpress\/ -->\n<title>#LaLiga: Benzema supera a Luis Su\u00e1rez<\/title>\n<meta name=\"description\" content=\"Deportes\" \/>\n<meta name=\"robots\" content=\"index, follow, max-snippet:-1, max-image-preview:large, max-video-preview:-1\" \/>\n<link rel=\"canonical\" href=\"https:\/\/digital58.com.ve\/site\/2019\/04\/22\/laliga-benzema-supera-a-luis-suarez\/\" \/>\n<meta property=\"og:locale\" content=\"es_ES\" \/>\n<meta property=\"og:type\" content=\"article\" \/>\n<meta property=\"og:title\" content=\"#LaLiga: Benzema supera a Luis Su\u00e1rez\" \/>\n<meta property=\"og:description\" content=\"Deportes\" \/>\n<meta property=\"og:url\" content=\"https:\/\/digital58.com.ve\/site\/2019\/04\/22\/laliga-benzema-supera-a-luis-suarez\/\" \/>\n<meta property=\"og:site_name\" content=\"Noticias Digital58\" \/>\n<meta property=\"article:published_time\" content=\"2019-04-22T13:34:20+00:00\" \/>\n<meta property=\"article:modified_time\" content=\"2019-04-22T13:35:40+00:00\" \/>\n<meta property=\"og:image\" content=\"https:\/\/digital58.com.ve\/site\/wp-content\/uploads\/2019\/04\/benzema.jpg\" \/>\n\t<meta property=\"og:image:width\" content=\"1500\" \/>\n\t<meta property=\"og:image:height\" content=\"1000\" \/>\n\t<meta property=\"og:image:type\" content=\"image\/jpeg\" \/>\n<meta name=\"author\" content=\"Villasmil Henry\" \/>\n<meta name=\"twitter:card\" content=\"summary_large_image\" \/>\n<meta name=\"twitter:creator\" content=\"@https:\/\/twitter.com\/villasmilhfoto\" \/>\n<meta name=\"twitter:site\" content=\"@villasmilhfoto\" \/>\n<meta name=\"twitter:label1\" content=\"Escrito por\" \/>\n\t<meta name=\"twitter:data1\" content=\"Villasmil Henry\" \/>\n\t<meta name=\"twitter:label2\" content=\"Tiempo estimado de lectura\" \/>\n\t<meta name=\"twitter:data2\" content=\"2 minutos\" \/>\n<script type=\"application\/ld+json\" class=\"yoast-schema-graph\">{\"@context\":\"https:\\\/\\\/schema.org\",\"@graph\":[{\"@type\":\"Article\",\"@id\":\"https:\\\/\\\/digital58.com.ve\\\/site\\\/2019\\\/04\\\/22\\\/laliga-benzema-supera-a-luis-suarez\\\/#article\",\"isPartOf\":{\"@id\":\"https:\\\/\\\/digital58.com.ve\\\/site\\\/2019\\\/04\\\/22\\\/laliga-benzema-supera-a-luis-suarez\\\/\"},\"author\":{\"name\":\"Villasmil Henry\",\"@id\":\"https:\\\/\\\/digital58.com.ve\\\/site\\\/#\\\/schema\\\/person\\\/64d1c2e4d0d4fd1b849980c4331c2951\"},\"headline\":\"#LaLiga: Benzema supera a Luis Su\u00e1rez\",\"datePublished\":\"2019-04-22T13:34:20+00:00\",\"dateModified\":\"2019-04-22T13:35:40+00:00\",\"mainEntityOfPage\":{\"@id\":\"https:\\\/\\\/digital58.com.ve\\\/site\\\/2019\\\/04\\\/22\\\/laliga-benzema-supera-a-luis-suarez\\\/\"},\"wordCount\":322,\"commentCount\":0,\"publisher\":{\"@id\":\"https:\\\/\\\/digital58.com.ve\\\/site\\\/#\\\/schema\\\/person\\\/64d1c2e4d0d4fd1b849980c4331c2951\"},\"image\":{\"@id\":\"https:\\\/\\\/digital58.com.ve\\\/site\\\/2019\\\/04\\\/22\\\/laliga-benzema-supera-a-luis-suarez\\\/#primaryimage\"},\"thumbnailUrl\":\"https:\\\/\\\/digital58.com.ve\\\/site\\\/wp-content\\\/uploads\\\/2019\\\/04\\\/benzema.jpg\",\"keywords\":[\"Espa\u00f1a\",\"F\u00fatbol\",\"F\u00fatbol Espa\u00f1ol\",\"Internacionales\",\"Karim Benzema\",\"LaLiga\",\"LaLiga 2018-2019\",\"Real Madrid CF\"],\"articleSection\":[\"Deportes\"],\"inLanguage\":\"es\",\"potentialAction\":[{\"@type\":\"CommentAction\",\"name\":\"Comment\",\"target\":[\"https:\\\/\\\/digital58.com.ve\\\/site\\\/2019\\\/04\\\/22\\\/laliga-benzema-supera-a-luis-suarez\\\/#respond\"]}]},{\"@type\":\"WebPage\",\"@id\":\"https:\\\/\\\/digital58.com.ve\\\/site\\\/2019\\\/04\\\/22\\\/laliga-benzema-supera-a-luis-suarez\\\/\",\"url\":\"https:\\\/\\\/digital58.com.ve\\\/site\\\/2019\\\/04\\\/22\\\/laliga-benzema-supera-a-luis-suarez\\\/\",\"name\":\"#LaLiga: Benzema supera a Luis Su\u00e1rez\",\"isPartOf\":{\"@id\":\"https:\\\/\\\/digital58.com.ve\\\/site\\\/#website\"},\"primaryImageOfPage\":{\"@id\":\"https:\\\/\\\/digital58.com.ve\\\/site\\\/2019\\\/04\\\/22\\\/laliga-benzema-supera-a-luis-suarez\\\/#primaryimage\"},\"image\":{\"@id\":\"https:\\\/\\\/digital58.com.ve\\\/site\\\/2019\\\/04\\\/22\\\/laliga-benzema-supera-a-luis-suarez\\\/#primaryimage\"},\"thumbnailUrl\":\"https:\\\/\\\/digital58.com.ve\\\/site\\\/wp-content\\\/uploads\\\/2019\\\/04\\\/benzema.jpg\",\"datePublished\":\"2019-04-22T13:34:20+00:00\",\"dateModified\":\"2019-04-22T13:35:40+00:00\",\"description\":\"Deportes\",\"breadcrumb\":{\"@id\":\"https:\\\/\\\/digital58.com.ve\\\/site\\\/2019\\\/04\\\/22\\\/laliga-benzema-supera-a-luis-suarez\\\/#breadcrumb\"},\"inLanguage\":\"es\",\"potentialAction\":[{\"@type\":\"ReadAction\",\"target\":[\"https:\\\/\\\/digital58.com.ve\\\/site\\\/2019\\\/04\\\/22\\\/laliga-benzema-supera-a-luis-suarez\\\/\"]}]},{\"@type\":\"ImageObject\",\"inLanguage\":\"es\",\"@id\":\"https:\\\/\\\/digital58.com.ve\\\/site\\\/2019\\\/04\\\/22\\\/laliga-benzema-supera-a-luis-suarez\\\/#primaryimage\",\"url\":\"https:\\\/\\\/digital58.com.ve\\\/site\\\/wp-content\\\/uploads\\\/2019\\\/04\\\/benzema.jpg\",\"contentUrl\":\"https:\\\/\\\/digital58.com.ve\\\/site\\\/wp-content\\\/uploads\\\/2019\\\/04\\\/benzema.jpg\",\"width\":800,\"height\":533},{\"@type\":\"BreadcrumbList\",\"@id\":\"https:\\\/\\\/digital58.com.ve\\\/site\\\/2019\\\/04\\\/22\\\/laliga-benzema-supera-a-luis-suarez\\\/#breadcrumb\",\"itemListElement\":[{\"@type\":\"ListItem\",\"position\":1,\"name\":\"Home\",\"item\":\"https:\\\/\\\/digital58.com.ve\\\/site\\\/\"},{\"@type\":\"ListItem\",\"position\":2,\"name\":\"#LaLiga: Benzema supera a Luis Su\u00e1rez\"}]},{\"@type\":\"WebSite\",\"@id\":\"https:\\\/\\\/digital58.com.ve\\\/site\\\/#website\",\"url\":\"https:\\\/\\\/digital58.com.ve\\\/site\\\/\",\"name\":\"Noticias Digital58\",\"description\":\"Portal de Noticias \u00a1Periodismo web de verdad! Lanzamiento web 22.11.2005 \\\/ Maracaibo, Venezuela\",\"publisher\":{\"@id\":\"https:\\\/\\\/digital58.com.ve\\\/site\\\/#\\\/schema\\\/person\\\/64d1c2e4d0d4fd1b849980c4331c2951\"},\"alternateName\":\"ND58\",\"potentialAction\":[{\"@type\":\"SearchAction\",\"target\":{\"@type\":\"EntryPoint\",\"urlTemplate\":\"https:\\\/\\\/digital58.com.ve\\\/site\\\/?s={search_term_string}\"},\"query-input\":{\"@type\":\"PropertyValueSpecification\",\"valueRequired\":true,\"valueName\":\"search_term_string\"}}],\"inLanguage\":\"es\"},{\"@type\":[\"Person\",\"Organization\"],\"@id\":\"https:\\\/\\\/digital58.com.ve\\\/site\\\/#\\\/schema\\\/person\\\/64d1c2e4d0d4fd1b849980c4331c2951\",\"name\":\"Villasmil Henry\",\"image\":{\"@type\":\"ImageObject\",\"inLanguage\":\"es\",\"@id\":\"https:\\\/\\\/secure.gravatar.com\\\/avatar\\\/bb0c4a2fcb7970138239f7e404ea75757b1b507b28b5ce4c53fbd62d797c5a7c?s=96&d=mm&r=g\",\"url\":\"https:\\\/\\\/secure.gravatar.com\\\/avatar\\\/bb0c4a2fcb7970138239f7e404ea75757b1b507b28b5ce4c53fbd62d797c5a7c?s=96&d=mm&r=g\",\"contentUrl\":\"https:\\\/\\\/secure.gravatar.com\\\/avatar\\\/bb0c4a2fcb7970138239f7e404ea75757b1b507b28b5ce4c53fbd62d797c5a7c?s=96&d=mm&r=g\",\"caption\":\"Villasmil Henry\"},\"logo\":{\"@id\":\"https:\\\/\\\/secure.gravatar.com\\\/avatar\\\/bb0c4a2fcb7970138239f7e404ea75757b1b507b28b5ce4c53fbd62d797c5a7c?s=96&d=mm&r=g\"},\"sameAs\":[\"http:\\\/\\\/www.henryvillasmil.com.ve\",\"https:\\\/\\\/www.instagram.com\\\/villasmilhfoto\\\/\",\"https:\\\/\\\/x.com\\\/https:\\\/\\\/twitter.com\\\/villasmilhfoto\"],\"url\":\"https:\\\/\\\/digital58.com.ve\\\/site\\\/author\\\/droopy_68\\\/\"}]}<\/script>\n<!-- \/ Yoast SEO plugin. -->","yoast_head_json":{"title":"#LaLiga: Benzema supera a Luis Su\u00e1rez","description":"Deportes","robots":{"index":"index","follow":"follow","max-snippet":"max-snippet:-1","max-image-preview":"max-image-preview:large","max-video-preview":"max-video-preview:-1"},"canonical":"https:\/\/digital58.com.ve\/site\/2019\/04\/22\/laliga-benzema-supera-a-luis-suarez\/","og_locale":"es_ES","og_type":"article","og_title":"#LaLiga: Benzema supera a Luis Su\u00e1rez","og_description":"Deportes","og_url":"https:\/\/digital58.com.ve\/site\/2019\/04\/22\/laliga-benzema-supera-a-luis-suarez\/","og_site_name":"Noticias Digital58","article_published_time":"2019-04-22T13:34:20+00:00","article_modified_time":"2019-04-22T13:35:40+00:00","og_image":[{"width":1500,"height":1000,"url":"https:\/\/digital58.com.ve\/site\/wp-content\/uploads\/2019\/04\/benzema.jpg","type":"image\/jpeg"}],"author":"Villasmil Henry","twitter_card":"summary_large_image","twitter_creator":"@https:\/\/twitter.com\/villasmilhfoto","twitter_site":"@villasmilhfoto","twitter_misc":{"Escrito por":"Villasmil Henry","Tiempo estimado de lectura":"2 minutos"},"schema":{"@context":"https:\/\/schema.org","@graph":[{"@type":"Article","@id":"https:\/\/digital58.com.ve\/site\/2019\/04\/22\/laliga-benzema-supera-a-luis-suarez\/#article","isPartOf":{"@id":"https:\/\/digital58.com.ve\/site\/2019\/04\/22\/laliga-benzema-supera-a-luis-suarez\/"},"author":{"name":"Villasmil Henry","@id":"https:\/\/digital58.com.ve\/site\/#\/schema\/person\/64d1c2e4d0d4fd1b849980c4331c2951"},"headline":"#LaLiga: Benzema supera a Luis Su\u00e1rez","datePublished":"2019-04-22T13:34:20+00:00","dateModified":"2019-04-22T13:35:40+00:00","mainEntityOfPage":{"@id":"https:\/\/digital58.com.ve\/site\/2019\/04\/22\/laliga-benzema-supera-a-luis-suarez\/"},"wordCount":322,"commentCount":0,"publisher":{"@id":"https:\/\/digital58.com.ve\/site\/#\/schema\/person\/64d1c2e4d0d4fd1b849980c4331c2951"},"image":{"@id":"https:\/\/digital58.com.ve\/site\/2019\/04\/22\/laliga-benzema-supera-a-luis-suarez\/#primaryimage"},"thumbnailUrl":"https:\/\/digital58.com.ve\/site\/wp-content\/uploads\/2019\/04\/benzema.jpg","keywords":["Espa\u00f1a","F\u00fatbol","F\u00fatbol Espa\u00f1ol","Internacionales","Karim Benzema","LaLiga","LaLiga 2018-2019","Real Madrid CF"],"articleSection":["Deportes"],"inLanguage":"es","potentialAction":[{"@type":"CommentAction","name":"Comment","target":["https:\/\/digital58.com.ve\/site\/2019\/04\/22\/laliga-benzema-supera-a-luis-suarez\/#respond"]}]},{"@type":"WebPage","@id":"https:\/\/digital58.com.ve\/site\/2019\/04\/22\/laliga-benzema-supera-a-luis-suarez\/","url":"https:\/\/digital58.com.ve\/site\/2019\/04\/22\/laliga-benzema-supera-a-luis-suarez\/","name":"#LaLiga: Benzema supera a Luis Su\u00e1rez","isPartOf":{"@id":"https:\/\/digital58.com.ve\/site\/#website"},"primaryImageOfPage":{"@id":"https:\/\/digital58.com.ve\/site\/2019\/04\/22\/laliga-benzema-supera-a-luis-suarez\/#primaryimage"},"image":{"@id":"https:\/\/digital58.com.ve\/site\/2019\/04\/22\/laliga-benzema-supera-a-luis-suarez\/#primaryimage"},"thumbnailUrl":"https:\/\/digital58.com.ve\/site\/wp-content\/uploads\/2019\/04\/benzema.jpg","datePublished":"2019-04-22T13:34:20+00:00","dateModified":"2019-04-22T13:35:40+00:00","description":"Deportes","breadcrumb":{"@id":"https:\/\/digital58.com.ve\/site\/2019\/04\/22\/laliga-benzema-supera-a-luis-suarez\/#breadcrumb"},"inLanguage":"es","potentialAction":[{"@type":"ReadAction","target":["https:\/\/digital58.com.ve\/site\/2019\/04\/22\/laliga-benzema-supera-a-luis-suarez\/"]}]},{"@type":"ImageObject","inLanguage":"es","@id":"https:\/\/digital58.com.ve\/site\/2019\/04\/22\/laliga-benzema-supera-a-luis-suarez\/#primaryimage","url":"https:\/\/digital58.com.ve\/site\/wp-content\/uploads\/2019\/04\/benzema.jpg","contentUrl":"https:\/\/digital58.com.ve\/site\/wp-content\/uploads\/2019\/04\/benzema.jpg","width":800,"height":533},{"@type":"BreadcrumbList","@id":"https:\/\/digital58.com.ve\/site\/2019\/04\/22\/laliga-benzema-supera-a-luis-suarez\/#breadcrumb","itemListElement":[{"@type":"ListItem","position":1,"name":"Home","item":"https:\/\/digital58.com.ve\/site\/"},{"@type":"ListItem","position":2,"name":"#LaLiga: Benzema supera a Luis Su\u00e1rez"}]},{"@type":"WebSite","@id":"https:\/\/digital58.com.ve\/site\/#website","url":"https:\/\/digital58.com.ve\/site\/","name":"Noticias Digital58","description":"Portal de Noticias \u00a1Periodismo web de verdad! Lanzamiento web 22.11.2005 \/ Maracaibo, Venezuela","publisher":{"@id":"https:\/\/digital58.com.ve\/site\/#\/schema\/person\/64d1c2e4d0d4fd1b849980c4331c2951"},"alternateName":"ND58","potentialAction":[{"@type":"SearchAction","target":{"@type":"EntryPoint","urlTemplate":"https:\/\/digital58.com.ve\/site\/?s={search_term_string}"},"query-input":{"@type":"PropertyValueSpecification","valueRequired":true,"valueName":"search_term_string"}}],"inLanguage":"es"},{"@type":["Person","Organization"],"@id":"https:\/\/digital58.com.ve\/site\/#\/schema\/person\/64d1c2e4d0d4fd1b849980c4331c2951","name":"Villasmil Henry","image":{"@type":"ImageObject","inLanguage":"es","@id":"https:\/\/secure.gravatar.com\/avatar\/bb0c4a2fcb7970138239f7e404ea75757b1b507b28b5ce4c53fbd62d797c5a7c?s=96&d=mm&r=g","url":"https:\/\/secure.gravatar.com\/avatar\/bb0c4a2fcb7970138239f7e404ea75757b1b507b28b5ce4c53fbd62d797c5a7c?s=96&d=mm&r=g","contentUrl":"https:\/\/secure.gravatar.com\/avatar\/bb0c4a2fcb7970138239f7e404ea75757b1b507b28b5ce4c53fbd62d797c5a7c?s=96&d=mm&r=g","caption":"Villasmil Henry"},"logo":{"@id":"https:\/\/secure.gravatar.com\/avatar\/bb0c4a2fcb7970138239f7e404ea75757b1b507b28b5ce4c53fbd62d797c5a7c?s=96&d=mm&r=g"},"sameAs":["http:\/\/www.henryvillasmil.com.ve","https:\/\/www.instagram.com\/villasmilhfoto\/","https:\/\/x.com\/https:\/\/twitter.com\/villasmilhfoto"],"url":"https:\/\/digital58.com.ve\/site\/author\/droopy_68\/"}]}},"uagb_featured_image_src":{"full":["https:\/\/digital58.com.ve\/site\/wp-content\/uploads\/2019\/04\/benzema.jpg",800,533,false],"thumbnail":["https:\/\/digital58.com.ve\/site\/wp-content\/uploads\/2019\/04\/benzema-150x150.jpg",150,150,true],"medium":["https:\/\/digital58.com.ve\/site\/wp-content\/uploads\/2019\/04\/benzema-300x200.jpg",300,200,true],"medium_large":["https:\/\/digital58.com.ve\/site\/wp-content\/uploads\/2019\/04\/benzema-768x512.jpg",768,512,true],"large":["https:\/\/digital58.com.ve\/site\/wp-content\/uploads\/2019\/04\/benzema-1500x1000.jpg",800,533,true],"1536x1536":["https:\/\/digital58.com.ve\/site\/wp-content\/uploads\/2019\/04\/benzema.jpg",800,533,false],"2048x2048":["https:\/\/digital58.com.ve\/site\/wp-content\/uploads\/2019\/04\/benzema.jpg",800,533,false],"colormag-highlighted-post":["https:\/\/digital58.com.ve\/site\/wp-content\/uploads\/2019\/04\/benzema.jpg",392,261,false],"colormag-featured-post-medium":["https:\/\/digital58.com.ve\/site\/wp-content\/uploads\/2019\/04\/benzema.jpg",308,205,false],"colormag-featured-post-small":["https:\/\/digital58.com.ve\/site\/wp-content\/uploads\/2019\/04\/benzema.jpg",130,87,false],"colormag-featured-image":["https:\/\/digital58.com.ve\/site\/wp-content\/uploads\/2019\/04\/benzema.jpg",668,445,false],"colormag-default-news":["https:\/\/digital58.com.ve\/site\/wp-content\/uploads\/2019\/04\/benzema.jpg",150,100,false],"colormag-featured-image-large":["https:\/\/digital58.com.ve\/site\/wp-content\/uploads\/2019\/04\/benzema.jpg",800,533,false]},"uagb_author_info":{"display_name":"Villasmil Henry","author_link":"https:\/\/digital58.com.ve\/site\/author\/droopy_68\/"},"uagb_comment_info":0,"uagb_excerpt":"Karim Benzema, delantero del Real Madrid, prosigue con una racha imponente, con once goles en las \u00faltimas ocho jornadas, los","_links":{"self":[{"href":"https:\/\/digital58.com.ve\/site\/wp-json\/wp\/v2\/posts\/84926","targetHints":{"allow":["GET"]}}],"collection":[{"href":"https:\/\/digital58.com.ve\/site\/wp-json\/wp\/v2\/posts"}],"about":[{"href":"https:\/\/digital58.com.ve\/site\/wp-json\/wp\/v2\/types\/post"}],"author":[{"embeddable":true,"href":"https:\/\/digital58.com.ve\/site\/wp-json\/wp\/v2\/users\/1"}],"replies":[{"embeddable":true,"href":"https:\/\/digital58.com.ve\/site\/wp-json\/wp\/v2\/comments?post=84926"}],"version-history":[{"count":0,"href":"https:\/\/digital58.com.ve\/site\/wp-json\/wp\/v2\/posts\/84926\/revisions"}],"wp:featuredmedia":[{"embeddable":true,"href":"https:\/\/digital58.com.ve\/site\/wp-json\/wp\/v2\/media\/84928"}],"wp:attachment":[{"href":"https:\/\/digital58.com.ve\/site\/wp-json\/wp\/v2\/media?parent=84926"}],"wp:term":[{"taxonomy":"category","embeddable":true,"href":"https:\/\/digital58.com.ve\/site\/wp-json\/wp\/v2\/categories?post=84926"},{"taxonomy":"post_tag","embeddable":true,"href":"https:\/\/digital58.com.ve\/site\/wp-json\/wp\/v2\/tags?post=84926"}],"curies":[{"name":"wp","href":"https:\/\/api.w.org\/{rel}","templated":true}]}}