{"id":85074,"date":"2019-04-30T11:27:30","date_gmt":"2019-04-30T15:27:30","guid":{"rendered":"https:\/\/digital58.com.ve\/site\/?p=85074"},"modified":"2019-04-30T11:27:30","modified_gmt":"2019-04-30T15:27:30","slug":"maduro-dice-contar-con-la-total-lealtad-de-los-jefes-militares-de-venezuela","status":"publish","type":"post","link":"https:\/\/digital58.com.ve\/site\/2019\/04\/30\/maduro-dice-contar-con-la-total-lealtad-de-los-jefes-militares-de-venezuela\/","title":{"rendered":"Maduro dice contar con la \u00abtotal lealtad\u00bb de los jefes militares de Venezuela"},"content":{"rendered":"<p><a href=\"https:\/\/digital58.com.ve\/site\/wp-content\/uploads\/2019\/04\/maduro-50.jpg\"><img loading=\"lazy\" decoding=\"async\" class=\"aligncenter size-large wp-image-85075\" src=\"https:\/\/digital58.com.ve\/site\/wp-content\/uploads\/2019\/04\/maduro-50-1500x998.jpg\" alt=\"\" width=\"640\" height=\"426\" srcset=\"https:\/\/digital58.com.ve\/site\/wp-content\/uploads\/2019\/04\/maduro-50-1500x998.jpg 1500w, https:\/\/digital58.com.ve\/site\/wp-content\/uploads\/2019\/04\/maduro-50-300x200.jpg 300w, https:\/\/digital58.com.ve\/site\/wp-content\/uploads\/2019\/04\/maduro-50-768x511.jpg 768w, https:\/\/digital58.com.ve\/site\/wp-content\/uploads\/2019\/04\/maduro-50-720x480.jpg 720w, https:\/\/digital58.com.ve\/site\/wp-content\/uploads\/2019\/04\/maduro-50-480x320.jpg 480w, https:\/\/digital58.com.ve\/site\/wp-content\/uploads\/2019\/04\/maduro-50.jpg 800w\" sizes=\"auto, (max-width: 640px) 100vw, 640px\" \/><\/a><\/p>\n<p>El presidente de Venezuela, Nicol\u00e1s Maduro, asegur\u00f3 este martes que cuenta con la \u00abtotal lealtad\u00bb de los jefes militares del pa\u00eds en vista del levantamiento encabezado en Caracas por el l\u00edder opositor Juan Guaid\u00f3 junto a un grupo de uniformados.<\/p>\n<p><strong>Caracas, DC, Venezuela, 30 de abril de 2019 (Noticias D58).-<\/strong> \u00ab\u00a1Nervios de Acero! He conversado con los Comandantes de todas las (Red de Defensa Integral) REDI y (Zona de Defensa Integral) ZODI del pa\u00eds, quienes me han manifestado su total lealtad al Pueblo, a la Constituci\u00f3n y a la Patria\u00bb, indic\u00f3 en la red social Twitter el mandatario.<\/p>\n<p>Maduro llam\u00f3 a la \u00abm\u00e1xima movilizaci\u00f3n popular para asegurar la victoria de la paz\u00bb.<\/p>\n<p>El presidente del Parlamento venezolano, Juan Guaid\u00f3, reconocido como presidente interino por medio centenar de pa\u00edses, anunci\u00f3 este martes que \u00abla familia militar de una vez dio el paso\u00bb para unirse a \u00e9l y conseguir \u00abel cese definitivo de la usurpaci\u00f3n\u00bb que considera que Maduro hace del Gobierno.<\/p>\n<p>\u00abEl Primero de Mayo, el cese definitivo de la usurpaci\u00f3n empez\u00f3 hoy\u00bb, asegura en un video publicado en su cuenta de Twitter y en el que se le puede ver junto a un grupo de militares en las cercan\u00edas de la base de La Carlota, en el este de Caracas.<\/p>\n<p>En dicho video llam\u00f3 a las calles a todos aquellos venezolanos que se han comprometido en las \u00faltimas semanas a manifestarse en las calles para exigir la salida de Maduro.<\/p>\n<p>\u00abContamos con el pueblo de Venezuela hoy, las Fuerzas Armadas est\u00e1n claramente del lado, del pueblo est\u00e1n del lado de la Constituci\u00f3n, leales al pueblo de Venezuela, a su familia, al futuro, al progreso\u00bb, dijo.<\/p>\n<p>\u00abHoy como presidente de Venezuela, como leg\u00edtimo comandante en jefe de las Fuerzas Armadas convoco a todos los soldados a todos, a toda la familia militar, a acompa\u00f1arnos en esta gesta como siempre hemos, hecho en el marco de la Constituci\u00f3n, en el marco de la lucha no violenta\u00bb, agreg\u00f3.<\/p>\n<p>Minutos m\u00e1s tarde, miles de personas salieron a las calles y se acercaron hasta donde estaba Guaid\u00f3 para manifestar su respaldo, quien est\u00e1 adem\u00e1s con el dirigente Leopoldo L\u00f3pez, quien fue liberado por funcionarios de la Fuerza Armada Nacional Bolivariana (FANB) que se unieron al levantamiento.<\/p><div class=\"yufgh69f1192ec0624\" ><p style=\"text-align: center;\"><a href=\"https:\/\/t.me\/noticiasdigital58\" target=\"_blank\" rel=\"noopener\"><img class=\"aligncenter size-full wp-image-125363\" src=\"https:\/\/digital58.com.ve\/site\/wp-content\/uploads\/2021\/04\/banner-telegram-web-2021.png\" alt=\"\" width=\"600\" height=\"90\" \/><\/a><\/p><\/div><style type=\"text\/css\">\r\n@media screen and (min-width: 1201px) {\r\n.yufgh69f1192ec0624 {\r\ndisplay: block;\r\n}\r\n}\r\n@media screen and (min-width: 993px) and (max-width: 1200px) {\r\n.yufgh69f1192ec0624 {\r\ndisplay: block;\r\n}\r\n}\r\n@media screen and (min-width: 769px) and (max-width: 992px) {\r\n.yufgh69f1192ec0624 {\r\ndisplay: block;\r\n}\r\n}\r\n@media screen and (min-width: 768px) and (max-width: 768px) {\r\n.yufgh69f1192ec0624 {\r\ndisplay: block;\r\n}\r\n}\r\n@media screen and (max-width: 767px) {\r\n.yufgh69f1192ec0624 {\r\ndisplay: block;\r\n}\r\n}\r\n<\/style>\r\n\n<p><strong>Redacci\u00f3n con fuente: EFE<\/strong><br \/>\n<strong>Edici\u00f3n: Villasmil, Henry<\/strong><br \/>\n<strong>Gr\u00e1fica de archivo EFE<\/strong><\/p>\n<div style=\"margin-top: 0px; margin-bottom: 0px;\" class=\"sharethis-inline-share-buttons\" ><\/div>","protected":false},"excerpt":{"rendered":"<p>El presidente de Venezuela, Nicol\u00e1s Maduro, asegur\u00f3 este martes que cuenta con la \u00abtotal lealtad\u00bb de los jefes militares del<\/p>\n","protected":false},"author":1,"featured_media":85075,"comment_status":"open","ping_status":"closed","sticky":false,"template":"","format":"standard","meta":{"colormag_page_container_layout":"default_layout","colormag_page_sidebar_layout":"default_layout","_uag_custom_page_level_css":"","footnotes":""},"categories":[8610],"tags":[233,2724,32,8604],"class_list":["post-85074","post","type-post","status-publish","format-standard","has-post-thumbnail","hentry","category-politica","tag-nacionales","tag-nicolas-maduro","tag-venezuela","tag-venezuela-crisis"],"yoast_head":"<!-- This site is optimized with the Yoast SEO plugin v27.5 - https:\/\/yoast.com\/product\/yoast-seo-wordpress\/ -->\n<title>Maduro dice contar con la \u00abtotal lealtad\u00bb de los jefes militares de Venezuela<\/title>\n<meta name=\"description\" content=\"Pol\u00edtica\" \/>\n<meta name=\"robots\" content=\"index, follow, max-snippet:-1, max-image-preview:large, max-video-preview:-1\" \/>\n<link rel=\"canonical\" href=\"https:\/\/digital58.com.ve\/site\/2019\/04\/30\/maduro-dice-contar-con-la-total-lealtad-de-los-jefes-militares-de-venezuela\/\" \/>\n<meta property=\"og:locale\" content=\"es_ES\" \/>\n<meta property=\"og:type\" content=\"article\" \/>\n<meta property=\"og:title\" content=\"Maduro dice contar con la \u00abtotal lealtad\u00bb de los jefes militares de Venezuela\" \/>\n<meta property=\"og:description\" content=\"Pol\u00edtica\" \/>\n<meta property=\"og:url\" content=\"https:\/\/digital58.com.ve\/site\/2019\/04\/30\/maduro-dice-contar-con-la-total-lealtad-de-los-jefes-militares-de-venezuela\/\" \/>\n<meta property=\"og:site_name\" content=\"Noticias Digital58\" \/>\n<meta property=\"article:published_time\" content=\"2019-04-30T15:27:30+00:00\" \/>\n<meta property=\"og:image\" content=\"https:\/\/digital58.com.ve\/site\/wp-content\/uploads\/2019\/04\/maduro-50.jpg\" \/>\n\t<meta property=\"og:image:width\" content=\"1500\" \/>\n\t<meta property=\"og:image:height\" content=\"998\" \/>\n\t<meta property=\"og:image:type\" content=\"image\/jpeg\" \/>\n<meta name=\"author\" content=\"Villasmil Henry\" \/>\n<meta name=\"twitter:card\" content=\"summary_large_image\" \/>\n<meta name=\"twitter:creator\" content=\"@https:\/\/twitter.com\/villasmilhfoto\" \/>\n<meta name=\"twitter:site\" content=\"@villasmilhfoto\" \/>\n<meta name=\"twitter:label1\" content=\"Escrito por\" \/>\n\t<meta name=\"twitter:data1\" content=\"Villasmil Henry\" \/>\n\t<meta name=\"twitter:label2\" content=\"Tiempo estimado de lectura\" \/>\n\t<meta name=\"twitter:data2\" content=\"2 minutos\" \/>\n<script type=\"application\/ld+json\" class=\"yoast-schema-graph\">{\"@context\":\"https:\\\/\\\/schema.org\",\"@graph\":[{\"@type\":\"Article\",\"@id\":\"https:\\\/\\\/digital58.com.ve\\\/site\\\/2019\\\/04\\\/30\\\/maduro-dice-contar-con-la-total-lealtad-de-los-jefes-militares-de-venezuela\\\/#article\",\"isPartOf\":{\"@id\":\"https:\\\/\\\/digital58.com.ve\\\/site\\\/2019\\\/04\\\/30\\\/maduro-dice-contar-con-la-total-lealtad-de-los-jefes-militares-de-venezuela\\\/\"},\"author\":{\"name\":\"Villasmil Henry\",\"@id\":\"https:\\\/\\\/digital58.com.ve\\\/site\\\/#\\\/schema\\\/person\\\/64d1c2e4d0d4fd1b849980c4331c2951\"},\"headline\":\"Maduro dice contar con la \u00abtotal lealtad\u00bb de los jefes militares de Venezuela\",\"datePublished\":\"2019-04-30T15:27:30+00:00\",\"mainEntityOfPage\":{\"@id\":\"https:\\\/\\\/digital58.com.ve\\\/site\\\/2019\\\/04\\\/30\\\/maduro-dice-contar-con-la-total-lealtad-de-los-jefes-militares-de-venezuela\\\/\"},\"wordCount\":417,\"commentCount\":0,\"publisher\":{\"@id\":\"https:\\\/\\\/digital58.com.ve\\\/site\\\/#\\\/schema\\\/person\\\/64d1c2e4d0d4fd1b849980c4331c2951\"},\"image\":{\"@id\":\"https:\\\/\\\/digital58.com.ve\\\/site\\\/2019\\\/04\\\/30\\\/maduro-dice-contar-con-la-total-lealtad-de-los-jefes-militares-de-venezuela\\\/#primaryimage\"},\"thumbnailUrl\":\"https:\\\/\\\/digital58.com.ve\\\/site\\\/wp-content\\\/uploads\\\/2019\\\/04\\\/maduro-50.jpg\",\"keywords\":[\"Nacionales\",\"Nicol\u00e1s Maduro\",\"Venezuela\",\"Venezuela Crisis\"],\"articleSection\":[\"Pol\u00edtica\"],\"inLanguage\":\"es\",\"potentialAction\":[{\"@type\":\"CommentAction\",\"name\":\"Comment\",\"target\":[\"https:\\\/\\\/digital58.com.ve\\\/site\\\/2019\\\/04\\\/30\\\/maduro-dice-contar-con-la-total-lealtad-de-los-jefes-militares-de-venezuela\\\/#respond\"]}]},{\"@type\":\"WebPage\",\"@id\":\"https:\\\/\\\/digital58.com.ve\\\/site\\\/2019\\\/04\\\/30\\\/maduro-dice-contar-con-la-total-lealtad-de-los-jefes-militares-de-venezuela\\\/\",\"url\":\"https:\\\/\\\/digital58.com.ve\\\/site\\\/2019\\\/04\\\/30\\\/maduro-dice-contar-con-la-total-lealtad-de-los-jefes-militares-de-venezuela\\\/\",\"name\":\"Maduro dice contar con la \u00abtotal lealtad\u00bb de los jefes militares de Venezuela\",\"isPartOf\":{\"@id\":\"https:\\\/\\\/digital58.com.ve\\\/site\\\/#website\"},\"primaryImageOfPage\":{\"@id\":\"https:\\\/\\\/digital58.com.ve\\\/site\\\/2019\\\/04\\\/30\\\/maduro-dice-contar-con-la-total-lealtad-de-los-jefes-militares-de-venezuela\\\/#primaryimage\"},\"image\":{\"@id\":\"https:\\\/\\\/digital58.com.ve\\\/site\\\/2019\\\/04\\\/30\\\/maduro-dice-contar-con-la-total-lealtad-de-los-jefes-militares-de-venezuela\\\/#primaryimage\"},\"thumbnailUrl\":\"https:\\\/\\\/digital58.com.ve\\\/site\\\/wp-content\\\/uploads\\\/2019\\\/04\\\/maduro-50.jpg\",\"datePublished\":\"2019-04-30T15:27:30+00:00\",\"description\":\"Pol\u00edtica\",\"breadcrumb\":{\"@id\":\"https:\\\/\\\/digital58.com.ve\\\/site\\\/2019\\\/04\\\/30\\\/maduro-dice-contar-con-la-total-lealtad-de-los-jefes-militares-de-venezuela\\\/#breadcrumb\"},\"inLanguage\":\"es\",\"potentialAction\":[{\"@type\":\"ReadAction\",\"target\":[\"https:\\\/\\\/digital58.com.ve\\\/site\\\/2019\\\/04\\\/30\\\/maduro-dice-contar-con-la-total-lealtad-de-los-jefes-militares-de-venezuela\\\/\"]}]},{\"@type\":\"ImageObject\",\"inLanguage\":\"es\",\"@id\":\"https:\\\/\\\/digital58.com.ve\\\/site\\\/2019\\\/04\\\/30\\\/maduro-dice-contar-con-la-total-lealtad-de-los-jefes-militares-de-venezuela\\\/#primaryimage\",\"url\":\"https:\\\/\\\/digital58.com.ve\\\/site\\\/wp-content\\\/uploads\\\/2019\\\/04\\\/maduro-50.jpg\",\"contentUrl\":\"https:\\\/\\\/digital58.com.ve\\\/site\\\/wp-content\\\/uploads\\\/2019\\\/04\\\/maduro-50.jpg\",\"width\":800,\"height\":532},{\"@type\":\"BreadcrumbList\",\"@id\":\"https:\\\/\\\/digital58.com.ve\\\/site\\\/2019\\\/04\\\/30\\\/maduro-dice-contar-con-la-total-lealtad-de-los-jefes-militares-de-venezuela\\\/#breadcrumb\",\"itemListElement\":[{\"@type\":\"ListItem\",\"position\":1,\"name\":\"Home\",\"item\":\"https:\\\/\\\/digital58.com.ve\\\/site\\\/\"},{\"@type\":\"ListItem\",\"position\":2,\"name\":\"Maduro dice contar con la \u00abtotal lealtad\u00bb de los jefes militares de Venezuela\"}]},{\"@type\":\"WebSite\",\"@id\":\"https:\\\/\\\/digital58.com.ve\\\/site\\\/#website\",\"url\":\"https:\\\/\\\/digital58.com.ve\\\/site\\\/\",\"name\":\"Noticias Digital58\",\"description\":\"Portal de Noticias \u00a1Periodismo web de verdad! Lanzamiento web 22.11.2005 \\\/ Maracaibo, Venezuela\",\"publisher\":{\"@id\":\"https:\\\/\\\/digital58.com.ve\\\/site\\\/#\\\/schema\\\/person\\\/64d1c2e4d0d4fd1b849980c4331c2951\"},\"alternateName\":\"ND58\",\"potentialAction\":[{\"@type\":\"SearchAction\",\"target\":{\"@type\":\"EntryPoint\",\"urlTemplate\":\"https:\\\/\\\/digital58.com.ve\\\/site\\\/?s={search_term_string}\"},\"query-input\":{\"@type\":\"PropertyValueSpecification\",\"valueRequired\":true,\"valueName\":\"search_term_string\"}}],\"inLanguage\":\"es\"},{\"@type\":[\"Person\",\"Organization\"],\"@id\":\"https:\\\/\\\/digital58.com.ve\\\/site\\\/#\\\/schema\\\/person\\\/64d1c2e4d0d4fd1b849980c4331c2951\",\"name\":\"Villasmil Henry\",\"image\":{\"@type\":\"ImageObject\",\"inLanguage\":\"es\",\"@id\":\"https:\\\/\\\/secure.gravatar.com\\\/avatar\\\/bb0c4a2fcb7970138239f7e404ea75757b1b507b28b5ce4c53fbd62d797c5a7c?s=96&d=mm&r=g\",\"url\":\"https:\\\/\\\/secure.gravatar.com\\\/avatar\\\/bb0c4a2fcb7970138239f7e404ea75757b1b507b28b5ce4c53fbd62d797c5a7c?s=96&d=mm&r=g\",\"contentUrl\":\"https:\\\/\\\/secure.gravatar.com\\\/avatar\\\/bb0c4a2fcb7970138239f7e404ea75757b1b507b28b5ce4c53fbd62d797c5a7c?s=96&d=mm&r=g\",\"caption\":\"Villasmil Henry\"},\"logo\":{\"@id\":\"https:\\\/\\\/secure.gravatar.com\\\/avatar\\\/bb0c4a2fcb7970138239f7e404ea75757b1b507b28b5ce4c53fbd62d797c5a7c?s=96&d=mm&r=g\"},\"sameAs\":[\"http:\\\/\\\/www.henryvillasmil.com.ve\",\"https:\\\/\\\/www.instagram.com\\\/villasmilhfoto\\\/\",\"https:\\\/\\\/x.com\\\/https:\\\/\\\/twitter.com\\\/villasmilhfoto\"],\"url\":\"https:\\\/\\\/digital58.com.ve\\\/site\\\/author\\\/droopy_68\\\/\"}]}<\/script>\n<!-- \/ Yoast SEO plugin. -->","yoast_head_json":{"title":"Maduro dice contar con la \u00abtotal lealtad\u00bb de los jefes militares de Venezuela","description":"Pol\u00edtica","robots":{"index":"index","follow":"follow","max-snippet":"max-snippet:-1","max-image-preview":"max-image-preview:large","max-video-preview":"max-video-preview:-1"},"canonical":"https:\/\/digital58.com.ve\/site\/2019\/04\/30\/maduro-dice-contar-con-la-total-lealtad-de-los-jefes-militares-de-venezuela\/","og_locale":"es_ES","og_type":"article","og_title":"Maduro dice contar con la \u00abtotal lealtad\u00bb de los jefes militares de Venezuela","og_description":"Pol\u00edtica","og_url":"https:\/\/digital58.com.ve\/site\/2019\/04\/30\/maduro-dice-contar-con-la-total-lealtad-de-los-jefes-militares-de-venezuela\/","og_site_name":"Noticias Digital58","article_published_time":"2019-04-30T15:27:30+00:00","og_image":[{"width":1500,"height":998,"url":"https:\/\/digital58.com.ve\/site\/wp-content\/uploads\/2019\/04\/maduro-50.jpg","type":"image\/jpeg"}],"author":"Villasmil Henry","twitter_card":"summary_large_image","twitter_creator":"@https:\/\/twitter.com\/villasmilhfoto","twitter_site":"@villasmilhfoto","twitter_misc":{"Escrito por":"Villasmil Henry","Tiempo estimado de lectura":"2 minutos"},"schema":{"@context":"https:\/\/schema.org","@graph":[{"@type":"Article","@id":"https:\/\/digital58.com.ve\/site\/2019\/04\/30\/maduro-dice-contar-con-la-total-lealtad-de-los-jefes-militares-de-venezuela\/#article","isPartOf":{"@id":"https:\/\/digital58.com.ve\/site\/2019\/04\/30\/maduro-dice-contar-con-la-total-lealtad-de-los-jefes-militares-de-venezuela\/"},"author":{"name":"Villasmil Henry","@id":"https:\/\/digital58.com.ve\/site\/#\/schema\/person\/64d1c2e4d0d4fd1b849980c4331c2951"},"headline":"Maduro dice contar con la \u00abtotal lealtad\u00bb de los jefes militares de Venezuela","datePublished":"2019-04-30T15:27:30+00:00","mainEntityOfPage":{"@id":"https:\/\/digital58.com.ve\/site\/2019\/04\/30\/maduro-dice-contar-con-la-total-lealtad-de-los-jefes-militares-de-venezuela\/"},"wordCount":417,"commentCount":0,"publisher":{"@id":"https:\/\/digital58.com.ve\/site\/#\/schema\/person\/64d1c2e4d0d4fd1b849980c4331c2951"},"image":{"@id":"https:\/\/digital58.com.ve\/site\/2019\/04\/30\/maduro-dice-contar-con-la-total-lealtad-de-los-jefes-militares-de-venezuela\/#primaryimage"},"thumbnailUrl":"https:\/\/digital58.com.ve\/site\/wp-content\/uploads\/2019\/04\/maduro-50.jpg","keywords":["Nacionales","Nicol\u00e1s Maduro","Venezuela","Venezuela Crisis"],"articleSection":["Pol\u00edtica"],"inLanguage":"es","potentialAction":[{"@type":"CommentAction","name":"Comment","target":["https:\/\/digital58.com.ve\/site\/2019\/04\/30\/maduro-dice-contar-con-la-total-lealtad-de-los-jefes-militares-de-venezuela\/#respond"]}]},{"@type":"WebPage","@id":"https:\/\/digital58.com.ve\/site\/2019\/04\/30\/maduro-dice-contar-con-la-total-lealtad-de-los-jefes-militares-de-venezuela\/","url":"https:\/\/digital58.com.ve\/site\/2019\/04\/30\/maduro-dice-contar-con-la-total-lealtad-de-los-jefes-militares-de-venezuela\/","name":"Maduro dice contar con la \u00abtotal lealtad\u00bb de los jefes militares de Venezuela","isPartOf":{"@id":"https:\/\/digital58.com.ve\/site\/#website"},"primaryImageOfPage":{"@id":"https:\/\/digital58.com.ve\/site\/2019\/04\/30\/maduro-dice-contar-con-la-total-lealtad-de-los-jefes-militares-de-venezuela\/#primaryimage"},"image":{"@id":"https:\/\/digital58.com.ve\/site\/2019\/04\/30\/maduro-dice-contar-con-la-total-lealtad-de-los-jefes-militares-de-venezuela\/#primaryimage"},"thumbnailUrl":"https:\/\/digital58.com.ve\/site\/wp-content\/uploads\/2019\/04\/maduro-50.jpg","datePublished":"2019-04-30T15:27:30+00:00","description":"Pol\u00edtica","breadcrumb":{"@id":"https:\/\/digital58.com.ve\/site\/2019\/04\/30\/maduro-dice-contar-con-la-total-lealtad-de-los-jefes-militares-de-venezuela\/#breadcrumb"},"inLanguage":"es","potentialAction":[{"@type":"ReadAction","target":["https:\/\/digital58.com.ve\/site\/2019\/04\/30\/maduro-dice-contar-con-la-total-lealtad-de-los-jefes-militares-de-venezuela\/"]}]},{"@type":"ImageObject","inLanguage":"es","@id":"https:\/\/digital58.com.ve\/site\/2019\/04\/30\/maduro-dice-contar-con-la-total-lealtad-de-los-jefes-militares-de-venezuela\/#primaryimage","url":"https:\/\/digital58.com.ve\/site\/wp-content\/uploads\/2019\/04\/maduro-50.jpg","contentUrl":"https:\/\/digital58.com.ve\/site\/wp-content\/uploads\/2019\/04\/maduro-50.jpg","width":800,"height":532},{"@type":"BreadcrumbList","@id":"https:\/\/digital58.com.ve\/site\/2019\/04\/30\/maduro-dice-contar-con-la-total-lealtad-de-los-jefes-militares-de-venezuela\/#breadcrumb","itemListElement":[{"@type":"ListItem","position":1,"name":"Home","item":"https:\/\/digital58.com.ve\/site\/"},{"@type":"ListItem","position":2,"name":"Maduro dice contar con la \u00abtotal lealtad\u00bb de los jefes militares de Venezuela"}]},{"@type":"WebSite","@id":"https:\/\/digital58.com.ve\/site\/#website","url":"https:\/\/digital58.com.ve\/site\/","name":"Noticias Digital58","description":"Portal de Noticias \u00a1Periodismo web de verdad! Lanzamiento web 22.11.2005 \/ Maracaibo, Venezuela","publisher":{"@id":"https:\/\/digital58.com.ve\/site\/#\/schema\/person\/64d1c2e4d0d4fd1b849980c4331c2951"},"alternateName":"ND58","potentialAction":[{"@type":"SearchAction","target":{"@type":"EntryPoint","urlTemplate":"https:\/\/digital58.com.ve\/site\/?s={search_term_string}"},"query-input":{"@type":"PropertyValueSpecification","valueRequired":true,"valueName":"search_term_string"}}],"inLanguage":"es"},{"@type":["Person","Organization"],"@id":"https:\/\/digital58.com.ve\/site\/#\/schema\/person\/64d1c2e4d0d4fd1b849980c4331c2951","name":"Villasmil Henry","image":{"@type":"ImageObject","inLanguage":"es","@id":"https:\/\/secure.gravatar.com\/avatar\/bb0c4a2fcb7970138239f7e404ea75757b1b507b28b5ce4c53fbd62d797c5a7c?s=96&d=mm&r=g","url":"https:\/\/secure.gravatar.com\/avatar\/bb0c4a2fcb7970138239f7e404ea75757b1b507b28b5ce4c53fbd62d797c5a7c?s=96&d=mm&r=g","contentUrl":"https:\/\/secure.gravatar.com\/avatar\/bb0c4a2fcb7970138239f7e404ea75757b1b507b28b5ce4c53fbd62d797c5a7c?s=96&d=mm&r=g","caption":"Villasmil Henry"},"logo":{"@id":"https:\/\/secure.gravatar.com\/avatar\/bb0c4a2fcb7970138239f7e404ea75757b1b507b28b5ce4c53fbd62d797c5a7c?s=96&d=mm&r=g"},"sameAs":["http:\/\/www.henryvillasmil.com.ve","https:\/\/www.instagram.com\/villasmilhfoto\/","https:\/\/x.com\/https:\/\/twitter.com\/villasmilhfoto"],"url":"https:\/\/digital58.com.ve\/site\/author\/droopy_68\/"}]}},"uagb_featured_image_src":{"full":["https:\/\/digital58.com.ve\/site\/wp-content\/uploads\/2019\/04\/maduro-50.jpg",800,532,false],"thumbnail":["https:\/\/digital58.com.ve\/site\/wp-content\/uploads\/2019\/04\/maduro-50-150x150.jpg",150,150,true],"medium":["https:\/\/digital58.com.ve\/site\/wp-content\/uploads\/2019\/04\/maduro-50-300x200.jpg",300,200,true],"medium_large":["https:\/\/digital58.com.ve\/site\/wp-content\/uploads\/2019\/04\/maduro-50-768x511.jpg",768,511,true],"large":["https:\/\/digital58.com.ve\/site\/wp-content\/uploads\/2019\/04\/maduro-50-1500x998.jpg",800,532,true],"1536x1536":["https:\/\/digital58.com.ve\/site\/wp-content\/uploads\/2019\/04\/maduro-50.jpg",800,532,false],"2048x2048":["https:\/\/digital58.com.ve\/site\/wp-content\/uploads\/2019\/04\/maduro-50.jpg",800,532,false],"colormag-highlighted-post":["https:\/\/digital58.com.ve\/site\/wp-content\/uploads\/2019\/04\/maduro-50.jpg",392,261,false],"colormag-featured-post-medium":["https:\/\/digital58.com.ve\/site\/wp-content\/uploads\/2019\/04\/maduro-50.jpg",308,205,false],"colormag-featured-post-small":["https:\/\/digital58.com.ve\/site\/wp-content\/uploads\/2019\/04\/maduro-50.jpg",130,86,false],"colormag-featured-image":["https:\/\/digital58.com.ve\/site\/wp-content\/uploads\/2019\/04\/maduro-50.jpg",669,445,false],"colormag-default-news":["https:\/\/digital58.com.ve\/site\/wp-content\/uploads\/2019\/04\/maduro-50.jpg",150,100,false],"colormag-featured-image-large":["https:\/\/digital58.com.ve\/site\/wp-content\/uploads\/2019\/04\/maduro-50.jpg",800,532,false]},"uagb_author_info":{"display_name":"Villasmil Henry","author_link":"https:\/\/digital58.com.ve\/site\/author\/droopy_68\/"},"uagb_comment_info":0,"uagb_excerpt":"El presidente de Venezuela, Nicol\u00e1s Maduro, asegur\u00f3 este martes que cuenta con la \u00abtotal lealtad\u00bb de los jefes militares del","_links":{"self":[{"href":"https:\/\/digital58.com.ve\/site\/wp-json\/wp\/v2\/posts\/85074","targetHints":{"allow":["GET"]}}],"collection":[{"href":"https:\/\/digital58.com.ve\/site\/wp-json\/wp\/v2\/posts"}],"about":[{"href":"https:\/\/digital58.com.ve\/site\/wp-json\/wp\/v2\/types\/post"}],"author":[{"embeddable":true,"href":"https:\/\/digital58.com.ve\/site\/wp-json\/wp\/v2\/users\/1"}],"replies":[{"embeddable":true,"href":"https:\/\/digital58.com.ve\/site\/wp-json\/wp\/v2\/comments?post=85074"}],"version-history":[{"count":0,"href":"https:\/\/digital58.com.ve\/site\/wp-json\/wp\/v2\/posts\/85074\/revisions"}],"wp:featuredmedia":[{"embeddable":true,"href":"https:\/\/digital58.com.ve\/site\/wp-json\/wp\/v2\/media\/85075"}],"wp:attachment":[{"href":"https:\/\/digital58.com.ve\/site\/wp-json\/wp\/v2\/media?parent=85074"}],"wp:term":[{"taxonomy":"category","embeddable":true,"href":"https:\/\/digital58.com.ve\/site\/wp-json\/wp\/v2\/categories?post=85074"},{"taxonomy":"post_tag","embeddable":true,"href":"https:\/\/digital58.com.ve\/site\/wp-json\/wp\/v2\/tags?post=85074"}],"curies":[{"name":"wp","href":"https:\/\/api.w.org\/{rel}","templated":true}]}}