{"id":85127,"date":"2019-05-04T11:02:41","date_gmt":"2019-05-04T15:02:41","guid":{"rendered":"https:\/\/digital58.com.ve\/site\/?p=85127"},"modified":"2019-05-04T11:02:41","modified_gmt":"2019-05-04T15:02:41","slug":"torneoelite-canteras-granates-buscaran-sumar-en-la-jornada-5","status":"publish","type":"post","link":"https:\/\/digital58.com.ve\/site\/2019\/05\/04\/torneoelite-canteras-granates-buscaran-sumar-en-la-jornada-5\/","title":{"rendered":"#Torneo\u00c9lite: canteras granates buscar\u00e1n sumar en la Jornada 5"},"content":{"rendered":"<p><a href=\"https:\/\/digital58.com.ve\/site\/wp-content\/uploads\/2019\/05\/carabobo.jpg\"><img loading=\"lazy\" decoding=\"async\" class=\"aligncenter size-large wp-image-85128\" src=\"https:\/\/digital58.com.ve\/site\/wp-content\/uploads\/2019\/05\/carabobo-1500x1000.jpg\" alt=\"\" width=\"640\" height=\"427\" srcset=\"https:\/\/digital58.com.ve\/site\/wp-content\/uploads\/2019\/05\/carabobo-1500x1000.jpg 1500w, https:\/\/digital58.com.ve\/site\/wp-content\/uploads\/2019\/05\/carabobo-300x200.jpg 300w, https:\/\/digital58.com.ve\/site\/wp-content\/uploads\/2019\/05\/carabobo-768x512.jpg 768w, https:\/\/digital58.com.ve\/site\/wp-content\/uploads\/2019\/05\/carabobo-720x480.jpg 720w, https:\/\/digital58.com.ve\/site\/wp-content\/uploads\/2019\/05\/carabobo-480x320.jpg 480w, https:\/\/digital58.com.ve\/site\/wp-content\/uploads\/2019\/05\/carabobo.jpg 800w\" sizes=\"auto, (max-width: 640px) 100vw, 640px\" \/><\/a><\/p>\n<p>Las categor\u00edas inferiores de Carabobo F\u00fatbol Club, que hacen vida en la Serie \u00c9lite, est\u00e1n preparadas para disputar la Jornada 5 del Torneo Apertura 2019, este s\u00e1bado, frente a sus similares de Yaracuyanos F\u00fatbol Club.<\/p>\n<p><strong>Valencia, Carabobo, Venezuela, 04 de mayo de 2019 (Noticias D58).-<\/strong> El Club Palestino de la ciudad de Valencia, ser\u00e1 el escenario para los compromisos de los granates Sub-13 y Sub-15, quienes volver\u00e1n a jugar de local tras dividir resultados (1-0\/1-9) en la visita a Yaracuy FC por la tercera fecha del certamen.<\/p>\n<p>Por su parte, la Vinotinto Regional, en sus categor\u00edas Sub-17 y Sub-19, se trasladar\u00e1 hasta el Complejo Deportivo \u00abLa F\u00e1brica\u00bb con la misi\u00f3n de continuar por la senda del triunfo, luego de sumar los puntos completos en los duelos contra Yaracuy FC, en condici\u00f3n de local, al culminar con marcadores de 3-1 y 1-0 respectivamente.<\/p>\n<p>De esta manera, todo est\u00e1 listo para que ruede el bal\u00f3n en una nueva jornada del Torneo de Filiales de Categor\u00eda Nacional. Los partidos se llevar\u00e1n a cabo a las 11:00 de la ma\u00f1ana y 1:00 de la tarde en ambas sedes.<\/p><div class=\"rswkq69f12e06d7b00\" ><p style=\"text-align: center;\"><a href=\"https:\/\/t.me\/noticiasdigital58\" target=\"_blank\" rel=\"noopener\"><img class=\"aligncenter size-full wp-image-125363\" src=\"https:\/\/digital58.com.ve\/site\/wp-content\/uploads\/2021\/04\/banner-telegram-web-2021.png\" alt=\"\" width=\"600\" height=\"90\" \/><\/a><\/p><\/div><style type=\"text\/css\">\r\n@media screen and (min-width: 1201px) {\r\n.rswkq69f12e06d7b00 {\r\ndisplay: block;\r\n}\r\n}\r\n@media screen and (min-width: 993px) and (max-width: 1200px) {\r\n.rswkq69f12e06d7b00 {\r\ndisplay: block;\r\n}\r\n}\r\n@media screen and (min-width: 769px) and (max-width: 992px) {\r\n.rswkq69f12e06d7b00 {\r\ndisplay: block;\r\n}\r\n}\r\n@media screen and (min-width: 768px) and (max-width: 768px) {\r\n.rswkq69f12e06d7b00 {\r\ndisplay: block;\r\n}\r\n}\r\n@media screen and (max-width: 767px) {\r\n.rswkq69f12e06d7b00 {\r\ndisplay: block;\r\n}\r\n}\r\n<\/style>\r\n\n<p><strong>Redacci\u00f3n con fuente: Maryalejandra Mata\/Prensa @CaraboboFC <\/strong><br \/>\n<strong>Edici\u00f3n: Villasmil, Henry<\/strong><br \/>\n<strong>Gr\u00e1fica: cortes\u00eda Prensa Prensa @CaraboboFC <\/strong><\/p>\n<div style=\"margin-top: 0px; margin-bottom: 0px;\" class=\"sharethis-inline-share-buttons\" ><\/div>","protected":false},"excerpt":{"rendered":"<p>Las categor\u00edas inferiores de Carabobo F\u00fatbol Club, que hacen vida en la Serie \u00c9lite, est\u00e1n preparadas para disputar la Jornada<\/p>\n","protected":false},"author":1,"featured_media":85128,"comment_status":"open","ping_status":"closed","sticky":false,"template":"","format":"standard","meta":{"colormag_page_container_layout":"default_layout","colormag_page_sidebar_layout":"default_layout","_uag_custom_page_level_css":"","footnotes":""},"categories":[5402],"tags":[7184,6807,9054,14,15,25,233,12120,480,531,12256,11938,12092,12261,2583,32,11611],"class_list":["post-85127","post","type-post","status-publish","format-standard","has-post-thumbnail","hentry","category-deportes","tag-carabobo","tag-carabobo-futbol-club","tag-futbol-menor","tag-futbol-venezolano","tag-futve","tag-fvf","tag-nacionales","tag-sub-13","tag-sub-15","tag-sub-17","tag-sub-19","tag-torneo-apertura-2019","tag-torneo-elite","tag-torneo-elite-2019","tag-valencia","tag-venezuela","tag-yaracuy-futbol-club"],"yoast_head":"<!-- This site is optimized with the Yoast SEO plugin v27.5 - https:\/\/yoast.com\/product\/yoast-seo-wordpress\/ -->\n<title>#Torneo\u00c9lite: canteras granates buscar\u00e1n sumar en la Jornada 5<\/title>\n<meta name=\"description\" content=\"Deportes\" \/>\n<meta name=\"robots\" content=\"index, follow, max-snippet:-1, max-image-preview:large, max-video-preview:-1\" \/>\n<link rel=\"canonical\" href=\"https:\/\/digital58.com.ve\/site\/2019\/05\/04\/torneoelite-canteras-granates-buscaran-sumar-en-la-jornada-5\/\" \/>\n<meta property=\"og:locale\" content=\"es_ES\" \/>\n<meta property=\"og:type\" content=\"article\" \/>\n<meta property=\"og:title\" content=\"#Torneo\u00c9lite: canteras granates buscar\u00e1n sumar en la Jornada 5\" \/>\n<meta property=\"og:description\" content=\"Deportes\" \/>\n<meta property=\"og:url\" content=\"https:\/\/digital58.com.ve\/site\/2019\/05\/04\/torneoelite-canteras-granates-buscaran-sumar-en-la-jornada-5\/\" \/>\n<meta property=\"og:site_name\" content=\"Noticias Digital58\" \/>\n<meta property=\"article:published_time\" content=\"2019-05-04T15:02:41+00:00\" \/>\n<meta property=\"og:image\" content=\"https:\/\/digital58.com.ve\/site\/wp-content\/uploads\/2019\/05\/carabobo.jpg\" \/>\n\t<meta property=\"og:image:width\" content=\"1500\" \/>\n\t<meta property=\"og:image:height\" content=\"1000\" \/>\n\t<meta property=\"og:image:type\" content=\"image\/jpeg\" \/>\n<meta name=\"author\" content=\"Villasmil Henry\" \/>\n<meta name=\"twitter:card\" content=\"summary_large_image\" \/>\n<meta name=\"twitter:creator\" content=\"@https:\/\/twitter.com\/villasmilhfoto\" \/>\n<meta name=\"twitter:site\" content=\"@villasmilhfoto\" \/>\n<meta name=\"twitter:label1\" content=\"Escrito por\" \/>\n\t<meta name=\"twitter:data1\" content=\"Villasmil Henry\" \/>\n\t<meta name=\"twitter:label2\" content=\"Tiempo estimado de lectura\" \/>\n\t<meta name=\"twitter:data2\" content=\"1 minuto\" \/>\n<script type=\"application\/ld+json\" class=\"yoast-schema-graph\">{\"@context\":\"https:\\\/\\\/schema.org\",\"@graph\":[{\"@type\":\"Article\",\"@id\":\"https:\\\/\\\/digital58.com.ve\\\/site\\\/2019\\\/05\\\/04\\\/torneoelite-canteras-granates-buscaran-sumar-en-la-jornada-5\\\/#article\",\"isPartOf\":{\"@id\":\"https:\\\/\\\/digital58.com.ve\\\/site\\\/2019\\\/05\\\/04\\\/torneoelite-canteras-granates-buscaran-sumar-en-la-jornada-5\\\/\"},\"author\":{\"name\":\"Villasmil Henry\",\"@id\":\"https:\\\/\\\/digital58.com.ve\\\/site\\\/#\\\/schema\\\/person\\\/64d1c2e4d0d4fd1b849980c4331c2951\"},\"headline\":\"#Torneo\u00c9lite: canteras granates buscar\u00e1n sumar en la Jornada 5\",\"datePublished\":\"2019-05-04T15:02:41+00:00\",\"mainEntityOfPage\":{\"@id\":\"https:\\\/\\\/digital58.com.ve\\\/site\\\/2019\\\/05\\\/04\\\/torneoelite-canteras-granates-buscaran-sumar-en-la-jornada-5\\\/\"},\"wordCount\":223,\"commentCount\":0,\"publisher\":{\"@id\":\"https:\\\/\\\/digital58.com.ve\\\/site\\\/#\\\/schema\\\/person\\\/64d1c2e4d0d4fd1b849980c4331c2951\"},\"image\":{\"@id\":\"https:\\\/\\\/digital58.com.ve\\\/site\\\/2019\\\/05\\\/04\\\/torneoelite-canteras-granates-buscaran-sumar-en-la-jornada-5\\\/#primaryimage\"},\"thumbnailUrl\":\"https:\\\/\\\/digital58.com.ve\\\/site\\\/wp-content\\\/uploads\\\/2019\\\/05\\\/carabobo.jpg\",\"keywords\":[\"Carabobo\",\"Carabobo F\u00fatbol Club\",\"F\u00fatbol Menor\",\"F\u00fatbol Venezolano\",\"Futve\",\"FVF\",\"Nacionales\",\"Sub-13\",\"Sub-15\",\"Sub-17\",\"Sub-19\",\"Torneo Apertura 2019\",\"Torneo \u00c9lite\",\"Torneo \u00c9lite 2019\",\"Valencia\",\"Venezuela\",\"Yaracuy F\u00fatbol Club\"],\"articleSection\":[\"Deportes\"],\"inLanguage\":\"es\",\"potentialAction\":[{\"@type\":\"CommentAction\",\"name\":\"Comment\",\"target\":[\"https:\\\/\\\/digital58.com.ve\\\/site\\\/2019\\\/05\\\/04\\\/torneoelite-canteras-granates-buscaran-sumar-en-la-jornada-5\\\/#respond\"]}]},{\"@type\":\"WebPage\",\"@id\":\"https:\\\/\\\/digital58.com.ve\\\/site\\\/2019\\\/05\\\/04\\\/torneoelite-canteras-granates-buscaran-sumar-en-la-jornada-5\\\/\",\"url\":\"https:\\\/\\\/digital58.com.ve\\\/site\\\/2019\\\/05\\\/04\\\/torneoelite-canteras-granates-buscaran-sumar-en-la-jornada-5\\\/\",\"name\":\"#Torneo\u00c9lite: canteras granates buscar\u00e1n sumar en la Jornada 5\",\"isPartOf\":{\"@id\":\"https:\\\/\\\/digital58.com.ve\\\/site\\\/#website\"},\"primaryImageOfPage\":{\"@id\":\"https:\\\/\\\/digital58.com.ve\\\/site\\\/2019\\\/05\\\/04\\\/torneoelite-canteras-granates-buscaran-sumar-en-la-jornada-5\\\/#primaryimage\"},\"image\":{\"@id\":\"https:\\\/\\\/digital58.com.ve\\\/site\\\/2019\\\/05\\\/04\\\/torneoelite-canteras-granates-buscaran-sumar-en-la-jornada-5\\\/#primaryimage\"},\"thumbnailUrl\":\"https:\\\/\\\/digital58.com.ve\\\/site\\\/wp-content\\\/uploads\\\/2019\\\/05\\\/carabobo.jpg\",\"datePublished\":\"2019-05-04T15:02:41+00:00\",\"description\":\"Deportes\",\"breadcrumb\":{\"@id\":\"https:\\\/\\\/digital58.com.ve\\\/site\\\/2019\\\/05\\\/04\\\/torneoelite-canteras-granates-buscaran-sumar-en-la-jornada-5\\\/#breadcrumb\"},\"inLanguage\":\"es\",\"potentialAction\":[{\"@type\":\"ReadAction\",\"target\":[\"https:\\\/\\\/digital58.com.ve\\\/site\\\/2019\\\/05\\\/04\\\/torneoelite-canteras-granates-buscaran-sumar-en-la-jornada-5\\\/\"]}]},{\"@type\":\"ImageObject\",\"inLanguage\":\"es\",\"@id\":\"https:\\\/\\\/digital58.com.ve\\\/site\\\/2019\\\/05\\\/04\\\/torneoelite-canteras-granates-buscaran-sumar-en-la-jornada-5\\\/#primaryimage\",\"url\":\"https:\\\/\\\/digital58.com.ve\\\/site\\\/wp-content\\\/uploads\\\/2019\\\/05\\\/carabobo.jpg\",\"contentUrl\":\"https:\\\/\\\/digital58.com.ve\\\/site\\\/wp-content\\\/uploads\\\/2019\\\/05\\\/carabobo.jpg\",\"width\":800,\"height\":533},{\"@type\":\"BreadcrumbList\",\"@id\":\"https:\\\/\\\/digital58.com.ve\\\/site\\\/2019\\\/05\\\/04\\\/torneoelite-canteras-granates-buscaran-sumar-en-la-jornada-5\\\/#breadcrumb\",\"itemListElement\":[{\"@type\":\"ListItem\",\"position\":1,\"name\":\"Home\",\"item\":\"https:\\\/\\\/digital58.com.ve\\\/site\\\/\"},{\"@type\":\"ListItem\",\"position\":2,\"name\":\"#Torneo\u00c9lite: canteras granates buscar\u00e1n sumar en la Jornada 5\"}]},{\"@type\":\"WebSite\",\"@id\":\"https:\\\/\\\/digital58.com.ve\\\/site\\\/#website\",\"url\":\"https:\\\/\\\/digital58.com.ve\\\/site\\\/\",\"name\":\"Noticias Digital58\",\"description\":\"Portal de Noticias \u00a1Periodismo web de verdad! Lanzamiento web 22.11.2005 \\\/ Maracaibo, Venezuela\",\"publisher\":{\"@id\":\"https:\\\/\\\/digital58.com.ve\\\/site\\\/#\\\/schema\\\/person\\\/64d1c2e4d0d4fd1b849980c4331c2951\"},\"alternateName\":\"ND58\",\"potentialAction\":[{\"@type\":\"SearchAction\",\"target\":{\"@type\":\"EntryPoint\",\"urlTemplate\":\"https:\\\/\\\/digital58.com.ve\\\/site\\\/?s={search_term_string}\"},\"query-input\":{\"@type\":\"PropertyValueSpecification\",\"valueRequired\":true,\"valueName\":\"search_term_string\"}}],\"inLanguage\":\"es\"},{\"@type\":[\"Person\",\"Organization\"],\"@id\":\"https:\\\/\\\/digital58.com.ve\\\/site\\\/#\\\/schema\\\/person\\\/64d1c2e4d0d4fd1b849980c4331c2951\",\"name\":\"Villasmil Henry\",\"image\":{\"@type\":\"ImageObject\",\"inLanguage\":\"es\",\"@id\":\"https:\\\/\\\/secure.gravatar.com\\\/avatar\\\/bb0c4a2fcb7970138239f7e404ea75757b1b507b28b5ce4c53fbd62d797c5a7c?s=96&d=mm&r=g\",\"url\":\"https:\\\/\\\/secure.gravatar.com\\\/avatar\\\/bb0c4a2fcb7970138239f7e404ea75757b1b507b28b5ce4c53fbd62d797c5a7c?s=96&d=mm&r=g\",\"contentUrl\":\"https:\\\/\\\/secure.gravatar.com\\\/avatar\\\/bb0c4a2fcb7970138239f7e404ea75757b1b507b28b5ce4c53fbd62d797c5a7c?s=96&d=mm&r=g\",\"caption\":\"Villasmil Henry\"},\"logo\":{\"@id\":\"https:\\\/\\\/secure.gravatar.com\\\/avatar\\\/bb0c4a2fcb7970138239f7e404ea75757b1b507b28b5ce4c53fbd62d797c5a7c?s=96&d=mm&r=g\"},\"sameAs\":[\"http:\\\/\\\/www.henryvillasmil.com.ve\",\"https:\\\/\\\/www.instagram.com\\\/villasmilhfoto\\\/\",\"https:\\\/\\\/x.com\\\/https:\\\/\\\/twitter.com\\\/villasmilhfoto\"],\"url\":\"https:\\\/\\\/digital58.com.ve\\\/site\\\/author\\\/droopy_68\\\/\"}]}<\/script>\n<!-- \/ Yoast SEO plugin. -->","yoast_head_json":{"title":"#Torneo\u00c9lite: canteras granates buscar\u00e1n sumar en la Jornada 5","description":"Deportes","robots":{"index":"index","follow":"follow","max-snippet":"max-snippet:-1","max-image-preview":"max-image-preview:large","max-video-preview":"max-video-preview:-1"},"canonical":"https:\/\/digital58.com.ve\/site\/2019\/05\/04\/torneoelite-canteras-granates-buscaran-sumar-en-la-jornada-5\/","og_locale":"es_ES","og_type":"article","og_title":"#Torneo\u00c9lite: canteras granates buscar\u00e1n sumar en la Jornada 5","og_description":"Deportes","og_url":"https:\/\/digital58.com.ve\/site\/2019\/05\/04\/torneoelite-canteras-granates-buscaran-sumar-en-la-jornada-5\/","og_site_name":"Noticias Digital58","article_published_time":"2019-05-04T15:02:41+00:00","og_image":[{"width":1500,"height":1000,"url":"https:\/\/digital58.com.ve\/site\/wp-content\/uploads\/2019\/05\/carabobo.jpg","type":"image\/jpeg"}],"author":"Villasmil Henry","twitter_card":"summary_large_image","twitter_creator":"@https:\/\/twitter.com\/villasmilhfoto","twitter_site":"@villasmilhfoto","twitter_misc":{"Escrito por":"Villasmil Henry","Tiempo estimado de lectura":"1 minuto"},"schema":{"@context":"https:\/\/schema.org","@graph":[{"@type":"Article","@id":"https:\/\/digital58.com.ve\/site\/2019\/05\/04\/torneoelite-canteras-granates-buscaran-sumar-en-la-jornada-5\/#article","isPartOf":{"@id":"https:\/\/digital58.com.ve\/site\/2019\/05\/04\/torneoelite-canteras-granates-buscaran-sumar-en-la-jornada-5\/"},"author":{"name":"Villasmil Henry","@id":"https:\/\/digital58.com.ve\/site\/#\/schema\/person\/64d1c2e4d0d4fd1b849980c4331c2951"},"headline":"#Torneo\u00c9lite: canteras granates buscar\u00e1n sumar en la Jornada 5","datePublished":"2019-05-04T15:02:41+00:00","mainEntityOfPage":{"@id":"https:\/\/digital58.com.ve\/site\/2019\/05\/04\/torneoelite-canteras-granates-buscaran-sumar-en-la-jornada-5\/"},"wordCount":223,"commentCount":0,"publisher":{"@id":"https:\/\/digital58.com.ve\/site\/#\/schema\/person\/64d1c2e4d0d4fd1b849980c4331c2951"},"image":{"@id":"https:\/\/digital58.com.ve\/site\/2019\/05\/04\/torneoelite-canteras-granates-buscaran-sumar-en-la-jornada-5\/#primaryimage"},"thumbnailUrl":"https:\/\/digital58.com.ve\/site\/wp-content\/uploads\/2019\/05\/carabobo.jpg","keywords":["Carabobo","Carabobo F\u00fatbol Club","F\u00fatbol Menor","F\u00fatbol Venezolano","Futve","FVF","Nacionales","Sub-13","Sub-15","Sub-17","Sub-19","Torneo Apertura 2019","Torneo \u00c9lite","Torneo \u00c9lite 2019","Valencia","Venezuela","Yaracuy F\u00fatbol Club"],"articleSection":["Deportes"],"inLanguage":"es","potentialAction":[{"@type":"CommentAction","name":"Comment","target":["https:\/\/digital58.com.ve\/site\/2019\/05\/04\/torneoelite-canteras-granates-buscaran-sumar-en-la-jornada-5\/#respond"]}]},{"@type":"WebPage","@id":"https:\/\/digital58.com.ve\/site\/2019\/05\/04\/torneoelite-canteras-granates-buscaran-sumar-en-la-jornada-5\/","url":"https:\/\/digital58.com.ve\/site\/2019\/05\/04\/torneoelite-canteras-granates-buscaran-sumar-en-la-jornada-5\/","name":"#Torneo\u00c9lite: canteras granates buscar\u00e1n sumar en la Jornada 5","isPartOf":{"@id":"https:\/\/digital58.com.ve\/site\/#website"},"primaryImageOfPage":{"@id":"https:\/\/digital58.com.ve\/site\/2019\/05\/04\/torneoelite-canteras-granates-buscaran-sumar-en-la-jornada-5\/#primaryimage"},"image":{"@id":"https:\/\/digital58.com.ve\/site\/2019\/05\/04\/torneoelite-canteras-granates-buscaran-sumar-en-la-jornada-5\/#primaryimage"},"thumbnailUrl":"https:\/\/digital58.com.ve\/site\/wp-content\/uploads\/2019\/05\/carabobo.jpg","datePublished":"2019-05-04T15:02:41+00:00","description":"Deportes","breadcrumb":{"@id":"https:\/\/digital58.com.ve\/site\/2019\/05\/04\/torneoelite-canteras-granates-buscaran-sumar-en-la-jornada-5\/#breadcrumb"},"inLanguage":"es","potentialAction":[{"@type":"ReadAction","target":["https:\/\/digital58.com.ve\/site\/2019\/05\/04\/torneoelite-canteras-granates-buscaran-sumar-en-la-jornada-5\/"]}]},{"@type":"ImageObject","inLanguage":"es","@id":"https:\/\/digital58.com.ve\/site\/2019\/05\/04\/torneoelite-canteras-granates-buscaran-sumar-en-la-jornada-5\/#primaryimage","url":"https:\/\/digital58.com.ve\/site\/wp-content\/uploads\/2019\/05\/carabobo.jpg","contentUrl":"https:\/\/digital58.com.ve\/site\/wp-content\/uploads\/2019\/05\/carabobo.jpg","width":800,"height":533},{"@type":"BreadcrumbList","@id":"https:\/\/digital58.com.ve\/site\/2019\/05\/04\/torneoelite-canteras-granates-buscaran-sumar-en-la-jornada-5\/#breadcrumb","itemListElement":[{"@type":"ListItem","position":1,"name":"Home","item":"https:\/\/digital58.com.ve\/site\/"},{"@type":"ListItem","position":2,"name":"#Torneo\u00c9lite: canteras granates buscar\u00e1n sumar en la Jornada 5"}]},{"@type":"WebSite","@id":"https:\/\/digital58.com.ve\/site\/#website","url":"https:\/\/digital58.com.ve\/site\/","name":"Noticias Digital58","description":"Portal de Noticias \u00a1Periodismo web de verdad! Lanzamiento web 22.11.2005 \/ Maracaibo, Venezuela","publisher":{"@id":"https:\/\/digital58.com.ve\/site\/#\/schema\/person\/64d1c2e4d0d4fd1b849980c4331c2951"},"alternateName":"ND58","potentialAction":[{"@type":"SearchAction","target":{"@type":"EntryPoint","urlTemplate":"https:\/\/digital58.com.ve\/site\/?s={search_term_string}"},"query-input":{"@type":"PropertyValueSpecification","valueRequired":true,"valueName":"search_term_string"}}],"inLanguage":"es"},{"@type":["Person","Organization"],"@id":"https:\/\/digital58.com.ve\/site\/#\/schema\/person\/64d1c2e4d0d4fd1b849980c4331c2951","name":"Villasmil Henry","image":{"@type":"ImageObject","inLanguage":"es","@id":"https:\/\/secure.gravatar.com\/avatar\/bb0c4a2fcb7970138239f7e404ea75757b1b507b28b5ce4c53fbd62d797c5a7c?s=96&d=mm&r=g","url":"https:\/\/secure.gravatar.com\/avatar\/bb0c4a2fcb7970138239f7e404ea75757b1b507b28b5ce4c53fbd62d797c5a7c?s=96&d=mm&r=g","contentUrl":"https:\/\/secure.gravatar.com\/avatar\/bb0c4a2fcb7970138239f7e404ea75757b1b507b28b5ce4c53fbd62d797c5a7c?s=96&d=mm&r=g","caption":"Villasmil Henry"},"logo":{"@id":"https:\/\/secure.gravatar.com\/avatar\/bb0c4a2fcb7970138239f7e404ea75757b1b507b28b5ce4c53fbd62d797c5a7c?s=96&d=mm&r=g"},"sameAs":["http:\/\/www.henryvillasmil.com.ve","https:\/\/www.instagram.com\/villasmilhfoto\/","https:\/\/x.com\/https:\/\/twitter.com\/villasmilhfoto"],"url":"https:\/\/digital58.com.ve\/site\/author\/droopy_68\/"}]}},"uagb_featured_image_src":{"full":["https:\/\/digital58.com.ve\/site\/wp-content\/uploads\/2019\/05\/carabobo.jpg",800,533,false],"thumbnail":["https:\/\/digital58.com.ve\/site\/wp-content\/uploads\/2019\/05\/carabobo-150x150.jpg",150,150,true],"medium":["https:\/\/digital58.com.ve\/site\/wp-content\/uploads\/2019\/05\/carabobo-300x200.jpg",300,200,true],"medium_large":["https:\/\/digital58.com.ve\/site\/wp-content\/uploads\/2019\/05\/carabobo-768x512.jpg",768,512,true],"large":["https:\/\/digital58.com.ve\/site\/wp-content\/uploads\/2019\/05\/carabobo-1500x1000.jpg",800,533,true],"1536x1536":["https:\/\/digital58.com.ve\/site\/wp-content\/uploads\/2019\/05\/carabobo.jpg",800,533,false],"2048x2048":["https:\/\/digital58.com.ve\/site\/wp-content\/uploads\/2019\/05\/carabobo.jpg",800,533,false],"colormag-highlighted-post":["https:\/\/digital58.com.ve\/site\/wp-content\/uploads\/2019\/05\/carabobo.jpg",392,261,false],"colormag-featured-post-medium":["https:\/\/digital58.com.ve\/site\/wp-content\/uploads\/2019\/05\/carabobo.jpg",308,205,false],"colormag-featured-post-small":["https:\/\/digital58.com.ve\/site\/wp-content\/uploads\/2019\/05\/carabobo.jpg",130,87,false],"colormag-featured-image":["https:\/\/digital58.com.ve\/site\/wp-content\/uploads\/2019\/05\/carabobo.jpg",668,445,false],"colormag-default-news":["https:\/\/digital58.com.ve\/site\/wp-content\/uploads\/2019\/05\/carabobo.jpg",150,100,false],"colormag-featured-image-large":["https:\/\/digital58.com.ve\/site\/wp-content\/uploads\/2019\/05\/carabobo.jpg",800,533,false]},"uagb_author_info":{"display_name":"Villasmil Henry","author_link":"https:\/\/digital58.com.ve\/site\/author\/droopy_68\/"},"uagb_comment_info":0,"uagb_excerpt":"Las categor\u00edas inferiores de Carabobo F\u00fatbol Club, que hacen vida en la Serie \u00c9lite, est\u00e1n preparadas para disputar la Jornada","_links":{"self":[{"href":"https:\/\/digital58.com.ve\/site\/wp-json\/wp\/v2\/posts\/85127","targetHints":{"allow":["GET"]}}],"collection":[{"href":"https:\/\/digital58.com.ve\/site\/wp-json\/wp\/v2\/posts"}],"about":[{"href":"https:\/\/digital58.com.ve\/site\/wp-json\/wp\/v2\/types\/post"}],"author":[{"embeddable":true,"href":"https:\/\/digital58.com.ve\/site\/wp-json\/wp\/v2\/users\/1"}],"replies":[{"embeddable":true,"href":"https:\/\/digital58.com.ve\/site\/wp-json\/wp\/v2\/comments?post=85127"}],"version-history":[{"count":0,"href":"https:\/\/digital58.com.ve\/site\/wp-json\/wp\/v2\/posts\/85127\/revisions"}],"wp:featuredmedia":[{"embeddable":true,"href":"https:\/\/digital58.com.ve\/site\/wp-json\/wp\/v2\/media\/85128"}],"wp:attachment":[{"href":"https:\/\/digital58.com.ve\/site\/wp-json\/wp\/v2\/media?parent=85127"}],"wp:term":[{"taxonomy":"category","embeddable":true,"href":"https:\/\/digital58.com.ve\/site\/wp-json\/wp\/v2\/categories?post=85127"},{"taxonomy":"post_tag","embeddable":true,"href":"https:\/\/digital58.com.ve\/site\/wp-json\/wp\/v2\/tags?post=85127"}],"curies":[{"name":"wp","href":"https:\/\/api.w.org\/{rel}","templated":true}]}}