{"id":85163,"date":"2019-05-09T07:52:30","date_gmt":"2019-05-09T11:52:30","guid":{"rendered":"https:\/\/digital58.com.ve\/site\/?p=85163"},"modified":"2019-05-09T08:07:09","modified_gmt":"2019-05-09T12:07:09","slug":"portadas-acompana-a-jorgue-eduardo-en-su-camino-a-manila","status":"publish","type":"post","link":"https:\/\/digital58.com.ve\/site\/2019\/05\/09\/portadas-acompana-a-jorgue-eduardo-en-su-camino-a-manila\/","title":{"rendered":"Portada&#8217;s acompa\u00f1a a Jorge Eduardo en su \u00abcamino a Manila\u00bb"},"content":{"rendered":"<p><a href=\"https:\/\/digital58.com.ve\/site\/wp-content\/uploads\/2019\/05\/mr.jpg\"><img loading=\"lazy\" decoding=\"async\" class=\"aligncenter size-large wp-image-85164\" src=\"https:\/\/digital58.com.ve\/site\/wp-content\/uploads\/2019\/05\/mr-956x1024.jpg\" alt=\"\" width=\"640\" height=\"686\" srcset=\"https:\/\/digital58.com.ve\/site\/wp-content\/uploads\/2019\/05\/mr-956x1024.jpg 956w, https:\/\/digital58.com.ve\/site\/wp-content\/uploads\/2019\/05\/mr-280x300.jpg 280w, https:\/\/digital58.com.ve\/site\/wp-content\/uploads\/2019\/05\/mr-768x823.jpg 768w, https:\/\/digital58.com.ve\/site\/wp-content\/uploads\/2019\/05\/mr.jpg 560w\" sizes=\"auto, (max-width: 640px) 100vw, 640px\" \/><\/a><\/p>\n<p>Este viernes 10 de mayo Portada\u00b4s, el <em>magazine<\/em> l\u00edder favorito de la teleaudiencia venezolana, en su af\u00e1n de brindarle a los televidentes lo que les gusta, estrena \u00abCamino a Manila\u00bb, un segmento donde el p\u00fablico acompa\u00f1ar\u00e1 a Jorge Eduardo N\u00fa\u00f1ez, Mr. Venezuela 2019, en su preparaci\u00f3n rumbo al Mr. World 2019.<\/p>\n<p><strong>Caracas, DC, Venezuela, 09 de mayo de 2019 (Noticias D58).-<\/strong> Desde este viernes y hasta su partida a Filipinas, Portada\u00b4s seguir\u00e1 a Jorge Eduardo N\u00fa\u00f1ez, Mr. Venezuela 2019, en su \u00abCamino a Manila\u00bb.<\/p>\n<p>En esta nueva secci\u00f3n, el televidente podr\u00e1 conocer la preparaci\u00f3n de Jorge Eduardo para el Mr. World 2019. Sus clases de expresi\u00f3n corporal y lenguaje de la mano de la primera actriz Carmen Julia \u00c1lvarez; las lecciones de pasarela y protocolo con May Ni\u00f1o, y de baile con el core\u00f3grafo Brian Urea.<\/p>\n<p>F\u00edsicamente, el p\u00fablico no s\u00f3lo conocer\u00e1 sus rutinas de entrenamiento, sino tambi\u00e9n los diferentes estilos de apariencia de la mano del estilista Alexander Mijares, as\u00ed como tambi\u00e9n los atuendos que lucir\u00e1 en el certamen. Adem\u00e1s viviremos junto a Jorge su proyecto de responsabilidad social.<\/p>\n<p>Conjuntamente en cada edici\u00f3n se develar\u00e1n nuevas fotos de una extensa y completa sesi\u00f3n fotogr\u00e1fica, con m\u00e1s de 600 im\u00e1genes, que le realiz\u00f3 Anderson D\u00edaz, junto a Eleana Le\u00f3n y Daniel Bello; con diferentes dise\u00f1os de Carlos Sierra y creaciones del departamento de Vestuario de Venevisi\u00f3n, dirigido por Claudia Palmar; y el estilismo de Alexander Mijares. Fotograf\u00edas que contaron con la escenograf\u00eda y ambientaci\u00f3n de Jos\u00e9 Luis Hern\u00e1ndez y Adela Breglia.<\/p>\n<p>Adem\u00e1s este viernes en Portada\u00b4s tendr\u00e1n toda la mejor informaci\u00f3n nacional e internacional del mundo del espect\u00e1culo. En la cocina el chef Merlin Gessen, nos ense\u00f1ar\u00e1 a preparar una sencilla y sabrosa receta.<\/p>\n<p>Dave nos dir\u00e1 de primera mano todo lo que es tendencia en las redes sociales en Zona <em>Trending<\/em>. Conoceremos las m\u00e1s recientes tendencias de la moda, siempre promoviendo el talento nacional. \u00bfCulpable o inocente?, un juicio decidir\u00e1 los artistas que deben ir a \u00abEl Calabozo\u00bb. Y por si fuera poco, las rutinas de ejercicio m\u00e1s eficaces y los mejores consejos para mantenerse en forma.<\/p>\n<p>Todo esto, y mucho m\u00e1s, para que la teleaudiencia venezolana siga disfrutando de ma\u00f1anas variadas, entretenidas y llenas de emoci\u00f3n.<\/p>\n<p>Conducido por Mariela Celis, Marie Claire Harp, Jordan Mendoza, Gesarea Lapietra, Ange Unda, Dave Capella; y junto a ellos Alejandro Zumbo como animador invitado. Portada\u00b4s, de lunes a viernes a las 9:00 de la ma\u00f1ana por Venevisi\u00f3n.<\/p><div class=\"rzvdc69f12e3854edc\" ><p style=\"text-align: center;\"><a href=\"https:\/\/t.me\/noticiasdigital58\" target=\"_blank\" rel=\"noopener\"><img class=\"aligncenter size-full wp-image-125363\" src=\"https:\/\/digital58.com.ve\/site\/wp-content\/uploads\/2021\/04\/banner-telegram-web-2021.png\" alt=\"\" width=\"600\" height=\"90\" \/><\/a><\/p><\/div><style type=\"text\/css\">\r\n@media screen and (min-width: 1201px) {\r\n.rzvdc69f12e3854edc {\r\ndisplay: block;\r\n}\r\n}\r\n@media screen and (min-width: 993px) and (max-width: 1200px) {\r\n.rzvdc69f12e3854edc {\r\ndisplay: block;\r\n}\r\n}\r\n@media screen and (min-width: 769px) and (max-width: 992px) {\r\n.rzvdc69f12e3854edc {\r\ndisplay: block;\r\n}\r\n}\r\n@media screen and (min-width: 768px) and (max-width: 768px) {\r\n.rzvdc69f12e3854edc {\r\ndisplay: block;\r\n}\r\n}\r\n@media screen and (max-width: 767px) {\r\n.rzvdc69f12e3854edc {\r\ndisplay: block;\r\n}\r\n}\r\n<\/style>\r\n\n<p><strong>Redacci\u00f3n con fuente: NDP<\/strong><br \/>\n<strong>Edici\u00f3n: Villasmil, Henry<\/strong><br \/>\n<strong>Gr\u00e1ficas: cortes\u00eda<\/strong><\/p>\n<div style=\"margin-top: 0px; margin-bottom: 0px;\" class=\"sharethis-inline-share-buttons\" ><\/div>","protected":false},"excerpt":{"rendered":"<p>Este viernes 10 de mayo Portada\u00b4s, el magazine l\u00edder favorito de la teleaudiencia venezolana, en su af\u00e1n de brindarle a<\/p>\n","protected":false},"author":1,"featured_media":85164,"comment_status":"open","ping_status":"closed","sticky":false,"template":"","format":"standard","meta":{"colormag_page_container_layout":"default_layout","colormag_page_sidebar_layout":"default_layout","_uag_custom_page_level_css":"","footnotes":""},"categories":[1],"tags":[50,12184,12263,233,2295,133,134,2143,32],"class_list":["post-85163","post","type-post","status-publish","format-standard","has-post-thumbnail","hentry","category-fama","tag-entretenimiento","tag-jorge-eduardo-nunez","tag-mr-venezuela-2019","tag-nacionales","tag-portadas","tag-programas-de-tv","tag-tv","tag-venevision","tag-venezuela"],"yoast_head":"<!-- This site is optimized with the Yoast SEO plugin v27.5 - https:\/\/yoast.com\/product\/yoast-seo-wordpress\/ -->\n<title>Portada&#039;s acompa\u00f1a a Jorge Eduardo en su \u00abcamino a Manila\u00bb<\/title>\n<meta name=\"description\" content=\"Fama\" \/>\n<meta name=\"robots\" content=\"index, follow, max-snippet:-1, max-image-preview:large, max-video-preview:-1\" \/>\n<link rel=\"canonical\" href=\"https:\/\/digital58.com.ve\/site\/2019\/05\/09\/portadas-acompana-a-jorgue-eduardo-en-su-camino-a-manila\/\" \/>\n<meta property=\"og:locale\" content=\"es_ES\" \/>\n<meta property=\"og:type\" content=\"article\" \/>\n<meta property=\"og:title\" content=\"Portada&#039;s acompa\u00f1a a Jorge Eduardo en su \u00abcamino a Manila\u00bb\" \/>\n<meta property=\"og:description\" content=\"Fama\" \/>\n<meta property=\"og:url\" content=\"https:\/\/digital58.com.ve\/site\/2019\/05\/09\/portadas-acompana-a-jorgue-eduardo-en-su-camino-a-manila\/\" \/>\n<meta property=\"og:site_name\" content=\"Noticias Digital58\" \/>\n<meta property=\"article:published_time\" content=\"2019-05-09T11:52:30+00:00\" \/>\n<meta property=\"article:modified_time\" content=\"2019-05-09T12:07:09+00:00\" \/>\n<meta property=\"og:image\" content=\"https:\/\/digital58.com.ve\/site\/wp-content\/uploads\/2019\/05\/mr.jpg\" \/>\n\t<meta property=\"og:image:width\" content=\"1400\" \/>\n\t<meta property=\"og:image:height\" content=\"1500\" \/>\n\t<meta property=\"og:image:type\" content=\"image\/jpeg\" \/>\n<meta name=\"author\" content=\"Villasmil Henry\" \/>\n<meta name=\"twitter:card\" content=\"summary_large_image\" \/>\n<meta name=\"twitter:creator\" content=\"@https:\/\/twitter.com\/villasmilhfoto\" \/>\n<meta name=\"twitter:site\" content=\"@villasmilhfoto\" \/>\n<meta name=\"twitter:label1\" content=\"Escrito por\" \/>\n\t<meta name=\"twitter:data1\" content=\"Villasmil Henry\" \/>\n\t<meta name=\"twitter:label2\" content=\"Tiempo estimado de lectura\" \/>\n\t<meta name=\"twitter:data2\" content=\"2 minutos\" \/>\n<script type=\"application\/ld+json\" class=\"yoast-schema-graph\">{\"@context\":\"https:\\\/\\\/schema.org\",\"@graph\":[{\"@type\":\"Article\",\"@id\":\"https:\\\/\\\/digital58.com.ve\\\/site\\\/2019\\\/05\\\/09\\\/portadas-acompana-a-jorgue-eduardo-en-su-camino-a-manila\\\/#article\",\"isPartOf\":{\"@id\":\"https:\\\/\\\/digital58.com.ve\\\/site\\\/2019\\\/05\\\/09\\\/portadas-acompana-a-jorgue-eduardo-en-su-camino-a-manila\\\/\"},\"author\":{\"name\":\"Villasmil Henry\",\"@id\":\"https:\\\/\\\/digital58.com.ve\\\/site\\\/#\\\/schema\\\/person\\\/64d1c2e4d0d4fd1b849980c4331c2951\"},\"headline\":\"Portada&#8217;s acompa\u00f1a a Jorge Eduardo en su \u00abcamino a Manila\u00bb\",\"datePublished\":\"2019-05-09T11:52:30+00:00\",\"dateModified\":\"2019-05-09T12:07:09+00:00\",\"mainEntityOfPage\":{\"@id\":\"https:\\\/\\\/digital58.com.ve\\\/site\\\/2019\\\/05\\\/09\\\/portadas-acompana-a-jorgue-eduardo-en-su-camino-a-manila\\\/\"},\"wordCount\":470,\"commentCount\":0,\"publisher\":{\"@id\":\"https:\\\/\\\/digital58.com.ve\\\/site\\\/#\\\/schema\\\/person\\\/64d1c2e4d0d4fd1b849980c4331c2951\"},\"image\":{\"@id\":\"https:\\\/\\\/digital58.com.ve\\\/site\\\/2019\\\/05\\\/09\\\/portadas-acompana-a-jorgue-eduardo-en-su-camino-a-manila\\\/#primaryimage\"},\"thumbnailUrl\":\"https:\\\/\\\/digital58.com.ve\\\/site\\\/wp-content\\\/uploads\\\/2019\\\/05\\\/mr.jpg\",\"keywords\":[\"Entretenimiento\",\"Jorge Eduardo N\u00fa\u00f1ez\",\"Mr. Venezuela 2019\",\"Nacionales\",\"Portadas\",\"Programas de TV\",\"TV\",\"Venevisi\u00f3n\",\"Venezuela\"],\"articleSection\":[\"Fama\"],\"inLanguage\":\"es\",\"potentialAction\":[{\"@type\":\"CommentAction\",\"name\":\"Comment\",\"target\":[\"https:\\\/\\\/digital58.com.ve\\\/site\\\/2019\\\/05\\\/09\\\/portadas-acompana-a-jorgue-eduardo-en-su-camino-a-manila\\\/#respond\"]}]},{\"@type\":\"WebPage\",\"@id\":\"https:\\\/\\\/digital58.com.ve\\\/site\\\/2019\\\/05\\\/09\\\/portadas-acompana-a-jorgue-eduardo-en-su-camino-a-manila\\\/\",\"url\":\"https:\\\/\\\/digital58.com.ve\\\/site\\\/2019\\\/05\\\/09\\\/portadas-acompana-a-jorgue-eduardo-en-su-camino-a-manila\\\/\",\"name\":\"Portada's acompa\u00f1a a Jorge Eduardo en su \u00abcamino a Manila\u00bb\",\"isPartOf\":{\"@id\":\"https:\\\/\\\/digital58.com.ve\\\/site\\\/#website\"},\"primaryImageOfPage\":{\"@id\":\"https:\\\/\\\/digital58.com.ve\\\/site\\\/2019\\\/05\\\/09\\\/portadas-acompana-a-jorgue-eduardo-en-su-camino-a-manila\\\/#primaryimage\"},\"image\":{\"@id\":\"https:\\\/\\\/digital58.com.ve\\\/site\\\/2019\\\/05\\\/09\\\/portadas-acompana-a-jorgue-eduardo-en-su-camino-a-manila\\\/#primaryimage\"},\"thumbnailUrl\":\"https:\\\/\\\/digital58.com.ve\\\/site\\\/wp-content\\\/uploads\\\/2019\\\/05\\\/mr.jpg\",\"datePublished\":\"2019-05-09T11:52:30+00:00\",\"dateModified\":\"2019-05-09T12:07:09+00:00\",\"description\":\"Fama\",\"breadcrumb\":{\"@id\":\"https:\\\/\\\/digital58.com.ve\\\/site\\\/2019\\\/05\\\/09\\\/portadas-acompana-a-jorgue-eduardo-en-su-camino-a-manila\\\/#breadcrumb\"},\"inLanguage\":\"es\",\"potentialAction\":[{\"@type\":\"ReadAction\",\"target\":[\"https:\\\/\\\/digital58.com.ve\\\/site\\\/2019\\\/05\\\/09\\\/portadas-acompana-a-jorgue-eduardo-en-su-camino-a-manila\\\/\"]}]},{\"@type\":\"ImageObject\",\"inLanguage\":\"es\",\"@id\":\"https:\\\/\\\/digital58.com.ve\\\/site\\\/2019\\\/05\\\/09\\\/portadas-acompana-a-jorgue-eduardo-en-su-camino-a-manila\\\/#primaryimage\",\"url\":\"https:\\\/\\\/digital58.com.ve\\\/site\\\/wp-content\\\/uploads\\\/2019\\\/05\\\/mr.jpg\",\"contentUrl\":\"https:\\\/\\\/digital58.com.ve\\\/site\\\/wp-content\\\/uploads\\\/2019\\\/05\\\/mr.jpg\",\"width\":560,\"height\":600},{\"@type\":\"BreadcrumbList\",\"@id\":\"https:\\\/\\\/digital58.com.ve\\\/site\\\/2019\\\/05\\\/09\\\/portadas-acompana-a-jorgue-eduardo-en-su-camino-a-manila\\\/#breadcrumb\",\"itemListElement\":[{\"@type\":\"ListItem\",\"position\":1,\"name\":\"Home\",\"item\":\"https:\\\/\\\/digital58.com.ve\\\/site\\\/\"},{\"@type\":\"ListItem\",\"position\":2,\"name\":\"Portada&#8217;s acompa\u00f1a a Jorge Eduardo en su \u00abcamino a Manila\u00bb\"}]},{\"@type\":\"WebSite\",\"@id\":\"https:\\\/\\\/digital58.com.ve\\\/site\\\/#website\",\"url\":\"https:\\\/\\\/digital58.com.ve\\\/site\\\/\",\"name\":\"Noticias Digital58\",\"description\":\"Portal de Noticias \u00a1Periodismo web de verdad! Lanzamiento web 22.11.2005 \\\/ Maracaibo, Venezuela\",\"publisher\":{\"@id\":\"https:\\\/\\\/digital58.com.ve\\\/site\\\/#\\\/schema\\\/person\\\/64d1c2e4d0d4fd1b849980c4331c2951\"},\"alternateName\":\"ND58\",\"potentialAction\":[{\"@type\":\"SearchAction\",\"target\":{\"@type\":\"EntryPoint\",\"urlTemplate\":\"https:\\\/\\\/digital58.com.ve\\\/site\\\/?s={search_term_string}\"},\"query-input\":{\"@type\":\"PropertyValueSpecification\",\"valueRequired\":true,\"valueName\":\"search_term_string\"}}],\"inLanguage\":\"es\"},{\"@type\":[\"Person\",\"Organization\"],\"@id\":\"https:\\\/\\\/digital58.com.ve\\\/site\\\/#\\\/schema\\\/person\\\/64d1c2e4d0d4fd1b849980c4331c2951\",\"name\":\"Villasmil Henry\",\"image\":{\"@type\":\"ImageObject\",\"inLanguage\":\"es\",\"@id\":\"https:\\\/\\\/secure.gravatar.com\\\/avatar\\\/bb0c4a2fcb7970138239f7e404ea75757b1b507b28b5ce4c53fbd62d797c5a7c?s=96&d=mm&r=g\",\"url\":\"https:\\\/\\\/secure.gravatar.com\\\/avatar\\\/bb0c4a2fcb7970138239f7e404ea75757b1b507b28b5ce4c53fbd62d797c5a7c?s=96&d=mm&r=g\",\"contentUrl\":\"https:\\\/\\\/secure.gravatar.com\\\/avatar\\\/bb0c4a2fcb7970138239f7e404ea75757b1b507b28b5ce4c53fbd62d797c5a7c?s=96&d=mm&r=g\",\"caption\":\"Villasmil Henry\"},\"logo\":{\"@id\":\"https:\\\/\\\/secure.gravatar.com\\\/avatar\\\/bb0c4a2fcb7970138239f7e404ea75757b1b507b28b5ce4c53fbd62d797c5a7c?s=96&d=mm&r=g\"},\"sameAs\":[\"http:\\\/\\\/www.henryvillasmil.com.ve\",\"https:\\\/\\\/www.instagram.com\\\/villasmilhfoto\\\/\",\"https:\\\/\\\/x.com\\\/https:\\\/\\\/twitter.com\\\/villasmilhfoto\"],\"url\":\"https:\\\/\\\/digital58.com.ve\\\/site\\\/author\\\/droopy_68\\\/\"}]}<\/script>\n<!-- \/ Yoast SEO plugin. -->","yoast_head_json":{"title":"Portada's acompa\u00f1a a Jorge Eduardo en su \u00abcamino a Manila\u00bb","description":"Fama","robots":{"index":"index","follow":"follow","max-snippet":"max-snippet:-1","max-image-preview":"max-image-preview:large","max-video-preview":"max-video-preview:-1"},"canonical":"https:\/\/digital58.com.ve\/site\/2019\/05\/09\/portadas-acompana-a-jorgue-eduardo-en-su-camino-a-manila\/","og_locale":"es_ES","og_type":"article","og_title":"Portada's acompa\u00f1a a Jorge Eduardo en su \u00abcamino a Manila\u00bb","og_description":"Fama","og_url":"https:\/\/digital58.com.ve\/site\/2019\/05\/09\/portadas-acompana-a-jorgue-eduardo-en-su-camino-a-manila\/","og_site_name":"Noticias Digital58","article_published_time":"2019-05-09T11:52:30+00:00","article_modified_time":"2019-05-09T12:07:09+00:00","og_image":[{"width":1400,"height":1500,"url":"https:\/\/digital58.com.ve\/site\/wp-content\/uploads\/2019\/05\/mr.jpg","type":"image\/jpeg"}],"author":"Villasmil Henry","twitter_card":"summary_large_image","twitter_creator":"@https:\/\/twitter.com\/villasmilhfoto","twitter_site":"@villasmilhfoto","twitter_misc":{"Escrito por":"Villasmil Henry","Tiempo estimado de lectura":"2 minutos"},"schema":{"@context":"https:\/\/schema.org","@graph":[{"@type":"Article","@id":"https:\/\/digital58.com.ve\/site\/2019\/05\/09\/portadas-acompana-a-jorgue-eduardo-en-su-camino-a-manila\/#article","isPartOf":{"@id":"https:\/\/digital58.com.ve\/site\/2019\/05\/09\/portadas-acompana-a-jorgue-eduardo-en-su-camino-a-manila\/"},"author":{"name":"Villasmil Henry","@id":"https:\/\/digital58.com.ve\/site\/#\/schema\/person\/64d1c2e4d0d4fd1b849980c4331c2951"},"headline":"Portada&#8217;s acompa\u00f1a a Jorge Eduardo en su \u00abcamino a Manila\u00bb","datePublished":"2019-05-09T11:52:30+00:00","dateModified":"2019-05-09T12:07:09+00:00","mainEntityOfPage":{"@id":"https:\/\/digital58.com.ve\/site\/2019\/05\/09\/portadas-acompana-a-jorgue-eduardo-en-su-camino-a-manila\/"},"wordCount":470,"commentCount":0,"publisher":{"@id":"https:\/\/digital58.com.ve\/site\/#\/schema\/person\/64d1c2e4d0d4fd1b849980c4331c2951"},"image":{"@id":"https:\/\/digital58.com.ve\/site\/2019\/05\/09\/portadas-acompana-a-jorgue-eduardo-en-su-camino-a-manila\/#primaryimage"},"thumbnailUrl":"https:\/\/digital58.com.ve\/site\/wp-content\/uploads\/2019\/05\/mr.jpg","keywords":["Entretenimiento","Jorge Eduardo N\u00fa\u00f1ez","Mr. Venezuela 2019","Nacionales","Portadas","Programas de TV","TV","Venevisi\u00f3n","Venezuela"],"articleSection":["Fama"],"inLanguage":"es","potentialAction":[{"@type":"CommentAction","name":"Comment","target":["https:\/\/digital58.com.ve\/site\/2019\/05\/09\/portadas-acompana-a-jorgue-eduardo-en-su-camino-a-manila\/#respond"]}]},{"@type":"WebPage","@id":"https:\/\/digital58.com.ve\/site\/2019\/05\/09\/portadas-acompana-a-jorgue-eduardo-en-su-camino-a-manila\/","url":"https:\/\/digital58.com.ve\/site\/2019\/05\/09\/portadas-acompana-a-jorgue-eduardo-en-su-camino-a-manila\/","name":"Portada's acompa\u00f1a a Jorge Eduardo en su \u00abcamino a Manila\u00bb","isPartOf":{"@id":"https:\/\/digital58.com.ve\/site\/#website"},"primaryImageOfPage":{"@id":"https:\/\/digital58.com.ve\/site\/2019\/05\/09\/portadas-acompana-a-jorgue-eduardo-en-su-camino-a-manila\/#primaryimage"},"image":{"@id":"https:\/\/digital58.com.ve\/site\/2019\/05\/09\/portadas-acompana-a-jorgue-eduardo-en-su-camino-a-manila\/#primaryimage"},"thumbnailUrl":"https:\/\/digital58.com.ve\/site\/wp-content\/uploads\/2019\/05\/mr.jpg","datePublished":"2019-05-09T11:52:30+00:00","dateModified":"2019-05-09T12:07:09+00:00","description":"Fama","breadcrumb":{"@id":"https:\/\/digital58.com.ve\/site\/2019\/05\/09\/portadas-acompana-a-jorgue-eduardo-en-su-camino-a-manila\/#breadcrumb"},"inLanguage":"es","potentialAction":[{"@type":"ReadAction","target":["https:\/\/digital58.com.ve\/site\/2019\/05\/09\/portadas-acompana-a-jorgue-eduardo-en-su-camino-a-manila\/"]}]},{"@type":"ImageObject","inLanguage":"es","@id":"https:\/\/digital58.com.ve\/site\/2019\/05\/09\/portadas-acompana-a-jorgue-eduardo-en-su-camino-a-manila\/#primaryimage","url":"https:\/\/digital58.com.ve\/site\/wp-content\/uploads\/2019\/05\/mr.jpg","contentUrl":"https:\/\/digital58.com.ve\/site\/wp-content\/uploads\/2019\/05\/mr.jpg","width":560,"height":600},{"@type":"BreadcrumbList","@id":"https:\/\/digital58.com.ve\/site\/2019\/05\/09\/portadas-acompana-a-jorgue-eduardo-en-su-camino-a-manila\/#breadcrumb","itemListElement":[{"@type":"ListItem","position":1,"name":"Home","item":"https:\/\/digital58.com.ve\/site\/"},{"@type":"ListItem","position":2,"name":"Portada&#8217;s acompa\u00f1a a Jorge Eduardo en su \u00abcamino a Manila\u00bb"}]},{"@type":"WebSite","@id":"https:\/\/digital58.com.ve\/site\/#website","url":"https:\/\/digital58.com.ve\/site\/","name":"Noticias Digital58","description":"Portal de Noticias \u00a1Periodismo web de verdad! Lanzamiento web 22.11.2005 \/ Maracaibo, Venezuela","publisher":{"@id":"https:\/\/digital58.com.ve\/site\/#\/schema\/person\/64d1c2e4d0d4fd1b849980c4331c2951"},"alternateName":"ND58","potentialAction":[{"@type":"SearchAction","target":{"@type":"EntryPoint","urlTemplate":"https:\/\/digital58.com.ve\/site\/?s={search_term_string}"},"query-input":{"@type":"PropertyValueSpecification","valueRequired":true,"valueName":"search_term_string"}}],"inLanguage":"es"},{"@type":["Person","Organization"],"@id":"https:\/\/digital58.com.ve\/site\/#\/schema\/person\/64d1c2e4d0d4fd1b849980c4331c2951","name":"Villasmil Henry","image":{"@type":"ImageObject","inLanguage":"es","@id":"https:\/\/secure.gravatar.com\/avatar\/bb0c4a2fcb7970138239f7e404ea75757b1b507b28b5ce4c53fbd62d797c5a7c?s=96&d=mm&r=g","url":"https:\/\/secure.gravatar.com\/avatar\/bb0c4a2fcb7970138239f7e404ea75757b1b507b28b5ce4c53fbd62d797c5a7c?s=96&d=mm&r=g","contentUrl":"https:\/\/secure.gravatar.com\/avatar\/bb0c4a2fcb7970138239f7e404ea75757b1b507b28b5ce4c53fbd62d797c5a7c?s=96&d=mm&r=g","caption":"Villasmil Henry"},"logo":{"@id":"https:\/\/secure.gravatar.com\/avatar\/bb0c4a2fcb7970138239f7e404ea75757b1b507b28b5ce4c53fbd62d797c5a7c?s=96&d=mm&r=g"},"sameAs":["http:\/\/www.henryvillasmil.com.ve","https:\/\/www.instagram.com\/villasmilhfoto\/","https:\/\/x.com\/https:\/\/twitter.com\/villasmilhfoto"],"url":"https:\/\/digital58.com.ve\/site\/author\/droopy_68\/"}]}},"uagb_featured_image_src":{"full":["https:\/\/digital58.com.ve\/site\/wp-content\/uploads\/2019\/05\/mr.jpg",560,600,false],"thumbnail":["https:\/\/digital58.com.ve\/site\/wp-content\/uploads\/2019\/05\/mr-150x150.jpg",150,150,true],"medium":["https:\/\/digital58.com.ve\/site\/wp-content\/uploads\/2019\/05\/mr-280x300.jpg",280,300,true],"medium_large":["https:\/\/digital58.com.ve\/site\/wp-content\/uploads\/2019\/05\/mr-768x823.jpg",768,823,true],"large":["https:\/\/digital58.com.ve\/site\/wp-content\/uploads\/2019\/05\/mr-956x1024.jpg",800,857,true],"1536x1536":["https:\/\/digital58.com.ve\/site\/wp-content\/uploads\/2019\/05\/mr.jpg",560,600,false],"2048x2048":["https:\/\/digital58.com.ve\/site\/wp-content\/uploads\/2019\/05\/mr.jpg",560,600,false],"colormag-highlighted-post":["https:\/\/digital58.com.ve\/site\/wp-content\/uploads\/2019\/05\/mr.jpg",254,272,false],"colormag-featured-post-medium":["https:\/\/digital58.com.ve\/site\/wp-content\/uploads\/2019\/05\/mr.jpg",191,205,false],"colormag-featured-post-small":["https:\/\/digital58.com.ve\/site\/wp-content\/uploads\/2019\/05\/mr.jpg",84,90,false],"colormag-featured-image":["https:\/\/digital58.com.ve\/site\/wp-content\/uploads\/2019\/05\/mr.jpg",415,445,false],"colormag-default-news":["https:\/\/digital58.com.ve\/site\/wp-content\/uploads\/2019\/05\/mr.jpg",140,150,false],"colormag-featured-image-large":["https:\/\/digital58.com.ve\/site\/wp-content\/uploads\/2019\/05\/mr.jpg",560,600,false]},"uagb_author_info":{"display_name":"Villasmil Henry","author_link":"https:\/\/digital58.com.ve\/site\/author\/droopy_68\/"},"uagb_comment_info":0,"uagb_excerpt":"Este viernes 10 de mayo Portada\u00b4s, el magazine l\u00edder favorito de la teleaudiencia venezolana, en su af\u00e1n de brindarle a","_links":{"self":[{"href":"https:\/\/digital58.com.ve\/site\/wp-json\/wp\/v2\/posts\/85163","targetHints":{"allow":["GET"]}}],"collection":[{"href":"https:\/\/digital58.com.ve\/site\/wp-json\/wp\/v2\/posts"}],"about":[{"href":"https:\/\/digital58.com.ve\/site\/wp-json\/wp\/v2\/types\/post"}],"author":[{"embeddable":true,"href":"https:\/\/digital58.com.ve\/site\/wp-json\/wp\/v2\/users\/1"}],"replies":[{"embeddable":true,"href":"https:\/\/digital58.com.ve\/site\/wp-json\/wp\/v2\/comments?post=85163"}],"version-history":[{"count":0,"href":"https:\/\/digital58.com.ve\/site\/wp-json\/wp\/v2\/posts\/85163\/revisions"}],"wp:featuredmedia":[{"embeddable":true,"href":"https:\/\/digital58.com.ve\/site\/wp-json\/wp\/v2\/media\/85164"}],"wp:attachment":[{"href":"https:\/\/digital58.com.ve\/site\/wp-json\/wp\/v2\/media?parent=85163"}],"wp:term":[{"taxonomy":"category","embeddable":true,"href":"https:\/\/digital58.com.ve\/site\/wp-json\/wp\/v2\/categories?post=85163"},{"taxonomy":"post_tag","embeddable":true,"href":"https:\/\/digital58.com.ve\/site\/wp-json\/wp\/v2\/tags?post=85163"}],"curies":[{"name":"wp","href":"https:\/\/api.w.org\/{rel}","templated":true}]}}