{"id":85167,"date":"2019-05-09T08:52:20","date_gmt":"2019-05-09T12:52:20","guid":{"rendered":"https:\/\/digital58.com.ve\/site\/?p=85167"},"modified":"2019-05-09T08:52:20","modified_gmt":"2019-05-09T12:52:20","slug":"futve-menores-de-tfc-maracaibo-completaron-primera-vuelta","status":"publish","type":"post","link":"https:\/\/digital58.com.ve\/site\/2019\/05\/09\/futve-menores-de-tfc-maracaibo-completaron-primera-vuelta\/","title":{"rendered":"#F\u00fatVe: menores de TFC Maracaibo completaron primera vuelta"},"content":{"rendered":"<p><a href=\"https:\/\/digital58.com.ve\/site\/wp-content\/uploads\/2019\/05\/tfcmmenores.jpg\"><img loading=\"lazy\" decoding=\"async\" class=\"aligncenter size-full wp-image-85168\" src=\"https:\/\/digital58.com.ve\/site\/wp-content\/uploads\/2019\/05\/tfcmmenores.jpg\" alt=\"\" width=\"846\" height=\"576\" srcset=\"https:\/\/digital58.com.ve\/site\/wp-content\/uploads\/2019\/05\/tfcmmenores.jpg 846w, https:\/\/digital58.com.ve\/site\/wp-content\/uploads\/2019\/05\/tfcmmenores-300x204.jpg 300w, https:\/\/digital58.com.ve\/site\/wp-content\/uploads\/2019\/05\/tfcmmenores-768x523.jpg 768w\" sizes=\"auto, (max-width: 846px) 100vw, 846px\" \/><\/a><\/p>\n<p>Las categor\u00edas menores del equipo \u00abBicolor\u00bb tuvieron una buena labor en el recorrido inicial del Torneo \u00c9lite Nacional. Dos de las divisiones salieron segundas en el grupo Occidental A, el cual comparten con Zulia FC, Deportivo JBL, Trujillanos FC y Atl\u00e9tico Vig\u00eda.<\/p>\n<p><strong>Maracaibo, Zulia, Venezuela, 09 de mayo de 2019 (Noticias D58).-<\/strong> La Sub-15 y Sub-17 se lucieron en la primera etapa al conseguir la segunda posici\u00f3n en sus respectivas tablas de clasificaciones.<\/p>\n<p>La Sub-15 con nueve puntos, producto de tres victorias y una derrota; mientras que la Sub-17 con siete, gracias a dos triunfos, un empate y un rev\u00e9s.<\/p>\n<p>Por su parte, la Sub-19 con muchos altibajos concluy\u00f3 en la tercera casilla con cuatro unidades, balance de una victoria, un empate y dos derrotas.<\/p>\n<p>Por \u00faltimo, los m\u00e1s peque\u00f1os no tuvieron la mejor de las actuaciones al quedar en lo m\u00e1s bajo de la tabla, tras obtener ning\u00fan punto en las cuatros jornadas.<\/p>\n<p>La siguiente fase comenzar\u00e1 este s\u00e1bado 11 de mayo, cuando el \u00abBicolor\u00bb enfrente a su similar de Estudiantes de M\u00e9rida por la sexta fecha del Torneo \u00c9lite Nacional.<\/p>\n<p><strong>Redacci\u00f3n con fuente: Vanessa Acosta<\/strong><br \/>\n<strong>Edici\u00f3n: Villasmil, Henry<\/strong><br \/>\n<strong>Gr\u00e1ficos: Mysol Fuentes<\/strong><\/p><div class=\"xpsuf69f12d22a0070\" ><p style=\"text-align: center;\"><a href=\"https:\/\/t.me\/noticiasdigital58\" target=\"_blank\" rel=\"noopener\"><img class=\"aligncenter size-full wp-image-125363\" src=\"https:\/\/digital58.com.ve\/site\/wp-content\/uploads\/2021\/04\/banner-telegram-web-2021.png\" alt=\"\" width=\"600\" height=\"90\" \/><\/a><\/p><\/div><style type=\"text\/css\">\r\n@media screen and (min-width: 1201px) {\r\n.xpsuf69f12d22a0070 {\r\ndisplay: block;\r\n}\r\n}\r\n@media screen and (min-width: 993px) and (max-width: 1200px) {\r\n.xpsuf69f12d22a0070 {\r\ndisplay: block;\r\n}\r\n}\r\n@media screen and (min-width: 769px) and (max-width: 992px) {\r\n.xpsuf69f12d22a0070 {\r\ndisplay: block;\r\n}\r\n}\r\n@media screen and (min-width: 768px) and (max-width: 768px) {\r\n.xpsuf69f12d22a0070 {\r\ndisplay: block;\r\n}\r\n}\r\n@media screen and (max-width: 767px) {\r\n.xpsuf69f12d22a0070 {\r\ndisplay: block;\r\n}\r\n}\r\n<\/style>\r\n\n<p>&nbsp;<\/p>\n<div style=\"margin-top: 0px; margin-bottom: 0px;\" class=\"sharethis-inline-share-buttons\" ><\/div>","protected":false},"excerpt":{"rendered":"<p>Las categor\u00edas menores del equipo \u00abBicolor\u00bb tuvieron una buena labor en el recorrido inicial del Torneo \u00c9lite Nacional. Dos de<\/p>\n","protected":false},"author":1,"featured_media":85168,"comment_status":"open","ping_status":"closed","sticky":false,"template":"","format":"standard","meta":{"colormag_page_container_layout":"default_layout","colormag_page_sidebar_layout":"default_layout","_uag_custom_page_level_css":"","footnotes":""},"categories":[5402],"tags":[13,9054,15,25,73,2354,11974,11938,12092,12261,32,761],"class_list":["post-85167","post","type-post","status-publish","format-standard","has-post-thumbnail","hentry","category-deportes","tag-futbol","tag-futbol-menor","tag-futve","tag-fvf","tag-maracaibo","tag-regionales","tag-titanes-futbol-club-maracaibo","tag-torneo-apertura-2019","tag-torneo-elite","tag-torneo-elite-2019","tag-venezuela","tag-zulia"],"yoast_head":"<!-- This site is optimized with the Yoast SEO plugin v27.5 - https:\/\/yoast.com\/product\/yoast-seo-wordpress\/ -->\n<title>#F\u00fatVe: menores de TFC Maracaibo completaron primera vuelta<\/title>\n<meta name=\"description\" content=\"Deportes\" \/>\n<meta name=\"robots\" content=\"index, follow, max-snippet:-1, max-image-preview:large, max-video-preview:-1\" \/>\n<link rel=\"canonical\" href=\"https:\/\/digital58.com.ve\/site\/2019\/05\/09\/futve-menores-de-tfc-maracaibo-completaron-primera-vuelta\/\" \/>\n<meta property=\"og:locale\" content=\"es_ES\" \/>\n<meta property=\"og:type\" content=\"article\" \/>\n<meta property=\"og:title\" content=\"#F\u00fatVe: menores de TFC Maracaibo completaron primera vuelta\" \/>\n<meta property=\"og:description\" content=\"Deportes\" \/>\n<meta property=\"og:url\" content=\"https:\/\/digital58.com.ve\/site\/2019\/05\/09\/futve-menores-de-tfc-maracaibo-completaron-primera-vuelta\/\" \/>\n<meta property=\"og:site_name\" content=\"Noticias Digital58\" \/>\n<meta property=\"article:published_time\" content=\"2019-05-09T12:52:20+00:00\" \/>\n<meta property=\"og:image\" content=\"https:\/\/digital58.com.ve\/site\/wp-content\/uploads\/2019\/05\/tfcmmenores.jpg\" \/>\n\t<meta property=\"og:image:width\" content=\"846\" \/>\n\t<meta property=\"og:image:height\" content=\"576\" \/>\n\t<meta property=\"og:image:type\" content=\"image\/jpeg\" \/>\n<meta name=\"author\" content=\"Villasmil Henry\" \/>\n<meta name=\"twitter:card\" content=\"summary_large_image\" \/>\n<meta name=\"twitter:creator\" content=\"@https:\/\/twitter.com\/villasmilhfoto\" \/>\n<meta name=\"twitter:site\" content=\"@villasmilhfoto\" \/>\n<meta name=\"twitter:label1\" content=\"Escrito por\" \/>\n\t<meta name=\"twitter:data1\" content=\"Villasmil Henry\" \/>\n\t<meta name=\"twitter:label2\" content=\"Tiempo estimado de lectura\" \/>\n\t<meta name=\"twitter:data2\" content=\"1 minuto\" \/>\n<script type=\"application\/ld+json\" class=\"yoast-schema-graph\">{\"@context\":\"https:\\\/\\\/schema.org\",\"@graph\":[{\"@type\":\"Article\",\"@id\":\"https:\\\/\\\/digital58.com.ve\\\/site\\\/2019\\\/05\\\/09\\\/futve-menores-de-tfc-maracaibo-completaron-primera-vuelta\\\/#article\",\"isPartOf\":{\"@id\":\"https:\\\/\\\/digital58.com.ve\\\/site\\\/2019\\\/05\\\/09\\\/futve-menores-de-tfc-maracaibo-completaron-primera-vuelta\\\/\"},\"author\":{\"name\":\"Villasmil Henry\",\"@id\":\"https:\\\/\\\/digital58.com.ve\\\/site\\\/#\\\/schema\\\/person\\\/64d1c2e4d0d4fd1b849980c4331c2951\"},\"headline\":\"#F\u00fatVe: menores de TFC Maracaibo completaron primera vuelta\",\"datePublished\":\"2019-05-09T12:52:20+00:00\",\"mainEntityOfPage\":{\"@id\":\"https:\\\/\\\/digital58.com.ve\\\/site\\\/2019\\\/05\\\/09\\\/futve-menores-de-tfc-maracaibo-completaron-primera-vuelta\\\/\"},\"wordCount\":215,\"commentCount\":0,\"publisher\":{\"@id\":\"https:\\\/\\\/digital58.com.ve\\\/site\\\/#\\\/schema\\\/person\\\/64d1c2e4d0d4fd1b849980c4331c2951\"},\"image\":{\"@id\":\"https:\\\/\\\/digital58.com.ve\\\/site\\\/2019\\\/05\\\/09\\\/futve-menores-de-tfc-maracaibo-completaron-primera-vuelta\\\/#primaryimage\"},\"thumbnailUrl\":\"https:\\\/\\\/digital58.com.ve\\\/site\\\/wp-content\\\/uploads\\\/2019\\\/05\\\/tfcmmenores.jpg\",\"keywords\":[\"F\u00fatbol\",\"F\u00fatbol Menor\",\"Futve\",\"FVF\",\"Maracaibo\",\"Regionales\",\"Titanes F\u00fatbol Club Maracaibo\",\"Torneo Apertura 2019\",\"Torneo \u00c9lite\",\"Torneo \u00c9lite 2019\",\"Venezuela\",\"Zulia\"],\"articleSection\":[\"Deportes\"],\"inLanguage\":\"es\",\"potentialAction\":[{\"@type\":\"CommentAction\",\"name\":\"Comment\",\"target\":[\"https:\\\/\\\/digital58.com.ve\\\/site\\\/2019\\\/05\\\/09\\\/futve-menores-de-tfc-maracaibo-completaron-primera-vuelta\\\/#respond\"]}]},{\"@type\":\"WebPage\",\"@id\":\"https:\\\/\\\/digital58.com.ve\\\/site\\\/2019\\\/05\\\/09\\\/futve-menores-de-tfc-maracaibo-completaron-primera-vuelta\\\/\",\"url\":\"https:\\\/\\\/digital58.com.ve\\\/site\\\/2019\\\/05\\\/09\\\/futve-menores-de-tfc-maracaibo-completaron-primera-vuelta\\\/\",\"name\":\"#F\u00fatVe: menores de TFC Maracaibo completaron primera vuelta\",\"isPartOf\":{\"@id\":\"https:\\\/\\\/digital58.com.ve\\\/site\\\/#website\"},\"primaryImageOfPage\":{\"@id\":\"https:\\\/\\\/digital58.com.ve\\\/site\\\/2019\\\/05\\\/09\\\/futve-menores-de-tfc-maracaibo-completaron-primera-vuelta\\\/#primaryimage\"},\"image\":{\"@id\":\"https:\\\/\\\/digital58.com.ve\\\/site\\\/2019\\\/05\\\/09\\\/futve-menores-de-tfc-maracaibo-completaron-primera-vuelta\\\/#primaryimage\"},\"thumbnailUrl\":\"https:\\\/\\\/digital58.com.ve\\\/site\\\/wp-content\\\/uploads\\\/2019\\\/05\\\/tfcmmenores.jpg\",\"datePublished\":\"2019-05-09T12:52:20+00:00\",\"description\":\"Deportes\",\"breadcrumb\":{\"@id\":\"https:\\\/\\\/digital58.com.ve\\\/site\\\/2019\\\/05\\\/09\\\/futve-menores-de-tfc-maracaibo-completaron-primera-vuelta\\\/#breadcrumb\"},\"inLanguage\":\"es\",\"potentialAction\":[{\"@type\":\"ReadAction\",\"target\":[\"https:\\\/\\\/digital58.com.ve\\\/site\\\/2019\\\/05\\\/09\\\/futve-menores-de-tfc-maracaibo-completaron-primera-vuelta\\\/\"]}]},{\"@type\":\"ImageObject\",\"inLanguage\":\"es\",\"@id\":\"https:\\\/\\\/digital58.com.ve\\\/site\\\/2019\\\/05\\\/09\\\/futve-menores-de-tfc-maracaibo-completaron-primera-vuelta\\\/#primaryimage\",\"url\":\"https:\\\/\\\/digital58.com.ve\\\/site\\\/wp-content\\\/uploads\\\/2019\\\/05\\\/tfcmmenores.jpg\",\"contentUrl\":\"https:\\\/\\\/digital58.com.ve\\\/site\\\/wp-content\\\/uploads\\\/2019\\\/05\\\/tfcmmenores.jpg\",\"width\":846,\"height\":576},{\"@type\":\"BreadcrumbList\",\"@id\":\"https:\\\/\\\/digital58.com.ve\\\/site\\\/2019\\\/05\\\/09\\\/futve-menores-de-tfc-maracaibo-completaron-primera-vuelta\\\/#breadcrumb\",\"itemListElement\":[{\"@type\":\"ListItem\",\"position\":1,\"name\":\"Home\",\"item\":\"https:\\\/\\\/digital58.com.ve\\\/site\\\/\"},{\"@type\":\"ListItem\",\"position\":2,\"name\":\"#F\u00fatVe: menores de TFC Maracaibo completaron primera vuelta\"}]},{\"@type\":\"WebSite\",\"@id\":\"https:\\\/\\\/digital58.com.ve\\\/site\\\/#website\",\"url\":\"https:\\\/\\\/digital58.com.ve\\\/site\\\/\",\"name\":\"Noticias Digital58\",\"description\":\"Portal de Noticias \u00a1Periodismo web de verdad! Lanzamiento web 22.11.2005 \\\/ Maracaibo, Venezuela\",\"publisher\":{\"@id\":\"https:\\\/\\\/digital58.com.ve\\\/site\\\/#\\\/schema\\\/person\\\/64d1c2e4d0d4fd1b849980c4331c2951\"},\"alternateName\":\"ND58\",\"potentialAction\":[{\"@type\":\"SearchAction\",\"target\":{\"@type\":\"EntryPoint\",\"urlTemplate\":\"https:\\\/\\\/digital58.com.ve\\\/site\\\/?s={search_term_string}\"},\"query-input\":{\"@type\":\"PropertyValueSpecification\",\"valueRequired\":true,\"valueName\":\"search_term_string\"}}],\"inLanguage\":\"es\"},{\"@type\":[\"Person\",\"Organization\"],\"@id\":\"https:\\\/\\\/digital58.com.ve\\\/site\\\/#\\\/schema\\\/person\\\/64d1c2e4d0d4fd1b849980c4331c2951\",\"name\":\"Villasmil Henry\",\"image\":{\"@type\":\"ImageObject\",\"inLanguage\":\"es\",\"@id\":\"https:\\\/\\\/secure.gravatar.com\\\/avatar\\\/bb0c4a2fcb7970138239f7e404ea75757b1b507b28b5ce4c53fbd62d797c5a7c?s=96&d=mm&r=g\",\"url\":\"https:\\\/\\\/secure.gravatar.com\\\/avatar\\\/bb0c4a2fcb7970138239f7e404ea75757b1b507b28b5ce4c53fbd62d797c5a7c?s=96&d=mm&r=g\",\"contentUrl\":\"https:\\\/\\\/secure.gravatar.com\\\/avatar\\\/bb0c4a2fcb7970138239f7e404ea75757b1b507b28b5ce4c53fbd62d797c5a7c?s=96&d=mm&r=g\",\"caption\":\"Villasmil Henry\"},\"logo\":{\"@id\":\"https:\\\/\\\/secure.gravatar.com\\\/avatar\\\/bb0c4a2fcb7970138239f7e404ea75757b1b507b28b5ce4c53fbd62d797c5a7c?s=96&d=mm&r=g\"},\"sameAs\":[\"http:\\\/\\\/www.henryvillasmil.com.ve\",\"https:\\\/\\\/www.instagram.com\\\/villasmilhfoto\\\/\",\"https:\\\/\\\/x.com\\\/https:\\\/\\\/twitter.com\\\/villasmilhfoto\"],\"url\":\"https:\\\/\\\/digital58.com.ve\\\/site\\\/author\\\/droopy_68\\\/\"}]}<\/script>\n<!-- \/ Yoast SEO plugin. -->","yoast_head_json":{"title":"#F\u00fatVe: menores de TFC Maracaibo completaron primera vuelta","description":"Deportes","robots":{"index":"index","follow":"follow","max-snippet":"max-snippet:-1","max-image-preview":"max-image-preview:large","max-video-preview":"max-video-preview:-1"},"canonical":"https:\/\/digital58.com.ve\/site\/2019\/05\/09\/futve-menores-de-tfc-maracaibo-completaron-primera-vuelta\/","og_locale":"es_ES","og_type":"article","og_title":"#F\u00fatVe: menores de TFC Maracaibo completaron primera vuelta","og_description":"Deportes","og_url":"https:\/\/digital58.com.ve\/site\/2019\/05\/09\/futve-menores-de-tfc-maracaibo-completaron-primera-vuelta\/","og_site_name":"Noticias Digital58","article_published_time":"2019-05-09T12:52:20+00:00","og_image":[{"width":846,"height":576,"url":"https:\/\/digital58.com.ve\/site\/wp-content\/uploads\/2019\/05\/tfcmmenores.jpg","type":"image\/jpeg"}],"author":"Villasmil Henry","twitter_card":"summary_large_image","twitter_creator":"@https:\/\/twitter.com\/villasmilhfoto","twitter_site":"@villasmilhfoto","twitter_misc":{"Escrito por":"Villasmil Henry","Tiempo estimado de lectura":"1 minuto"},"schema":{"@context":"https:\/\/schema.org","@graph":[{"@type":"Article","@id":"https:\/\/digital58.com.ve\/site\/2019\/05\/09\/futve-menores-de-tfc-maracaibo-completaron-primera-vuelta\/#article","isPartOf":{"@id":"https:\/\/digital58.com.ve\/site\/2019\/05\/09\/futve-menores-de-tfc-maracaibo-completaron-primera-vuelta\/"},"author":{"name":"Villasmil Henry","@id":"https:\/\/digital58.com.ve\/site\/#\/schema\/person\/64d1c2e4d0d4fd1b849980c4331c2951"},"headline":"#F\u00fatVe: menores de TFC Maracaibo completaron primera vuelta","datePublished":"2019-05-09T12:52:20+00:00","mainEntityOfPage":{"@id":"https:\/\/digital58.com.ve\/site\/2019\/05\/09\/futve-menores-de-tfc-maracaibo-completaron-primera-vuelta\/"},"wordCount":215,"commentCount":0,"publisher":{"@id":"https:\/\/digital58.com.ve\/site\/#\/schema\/person\/64d1c2e4d0d4fd1b849980c4331c2951"},"image":{"@id":"https:\/\/digital58.com.ve\/site\/2019\/05\/09\/futve-menores-de-tfc-maracaibo-completaron-primera-vuelta\/#primaryimage"},"thumbnailUrl":"https:\/\/digital58.com.ve\/site\/wp-content\/uploads\/2019\/05\/tfcmmenores.jpg","keywords":["F\u00fatbol","F\u00fatbol Menor","Futve","FVF","Maracaibo","Regionales","Titanes F\u00fatbol Club Maracaibo","Torneo Apertura 2019","Torneo \u00c9lite","Torneo \u00c9lite 2019","Venezuela","Zulia"],"articleSection":["Deportes"],"inLanguage":"es","potentialAction":[{"@type":"CommentAction","name":"Comment","target":["https:\/\/digital58.com.ve\/site\/2019\/05\/09\/futve-menores-de-tfc-maracaibo-completaron-primera-vuelta\/#respond"]}]},{"@type":"WebPage","@id":"https:\/\/digital58.com.ve\/site\/2019\/05\/09\/futve-menores-de-tfc-maracaibo-completaron-primera-vuelta\/","url":"https:\/\/digital58.com.ve\/site\/2019\/05\/09\/futve-menores-de-tfc-maracaibo-completaron-primera-vuelta\/","name":"#F\u00fatVe: menores de TFC Maracaibo completaron primera vuelta","isPartOf":{"@id":"https:\/\/digital58.com.ve\/site\/#website"},"primaryImageOfPage":{"@id":"https:\/\/digital58.com.ve\/site\/2019\/05\/09\/futve-menores-de-tfc-maracaibo-completaron-primera-vuelta\/#primaryimage"},"image":{"@id":"https:\/\/digital58.com.ve\/site\/2019\/05\/09\/futve-menores-de-tfc-maracaibo-completaron-primera-vuelta\/#primaryimage"},"thumbnailUrl":"https:\/\/digital58.com.ve\/site\/wp-content\/uploads\/2019\/05\/tfcmmenores.jpg","datePublished":"2019-05-09T12:52:20+00:00","description":"Deportes","breadcrumb":{"@id":"https:\/\/digital58.com.ve\/site\/2019\/05\/09\/futve-menores-de-tfc-maracaibo-completaron-primera-vuelta\/#breadcrumb"},"inLanguage":"es","potentialAction":[{"@type":"ReadAction","target":["https:\/\/digital58.com.ve\/site\/2019\/05\/09\/futve-menores-de-tfc-maracaibo-completaron-primera-vuelta\/"]}]},{"@type":"ImageObject","inLanguage":"es","@id":"https:\/\/digital58.com.ve\/site\/2019\/05\/09\/futve-menores-de-tfc-maracaibo-completaron-primera-vuelta\/#primaryimage","url":"https:\/\/digital58.com.ve\/site\/wp-content\/uploads\/2019\/05\/tfcmmenores.jpg","contentUrl":"https:\/\/digital58.com.ve\/site\/wp-content\/uploads\/2019\/05\/tfcmmenores.jpg","width":846,"height":576},{"@type":"BreadcrumbList","@id":"https:\/\/digital58.com.ve\/site\/2019\/05\/09\/futve-menores-de-tfc-maracaibo-completaron-primera-vuelta\/#breadcrumb","itemListElement":[{"@type":"ListItem","position":1,"name":"Home","item":"https:\/\/digital58.com.ve\/site\/"},{"@type":"ListItem","position":2,"name":"#F\u00fatVe: menores de TFC Maracaibo completaron primera vuelta"}]},{"@type":"WebSite","@id":"https:\/\/digital58.com.ve\/site\/#website","url":"https:\/\/digital58.com.ve\/site\/","name":"Noticias Digital58","description":"Portal de Noticias \u00a1Periodismo web de verdad! Lanzamiento web 22.11.2005 \/ Maracaibo, Venezuela","publisher":{"@id":"https:\/\/digital58.com.ve\/site\/#\/schema\/person\/64d1c2e4d0d4fd1b849980c4331c2951"},"alternateName":"ND58","potentialAction":[{"@type":"SearchAction","target":{"@type":"EntryPoint","urlTemplate":"https:\/\/digital58.com.ve\/site\/?s={search_term_string}"},"query-input":{"@type":"PropertyValueSpecification","valueRequired":true,"valueName":"search_term_string"}}],"inLanguage":"es"},{"@type":["Person","Organization"],"@id":"https:\/\/digital58.com.ve\/site\/#\/schema\/person\/64d1c2e4d0d4fd1b849980c4331c2951","name":"Villasmil Henry","image":{"@type":"ImageObject","inLanguage":"es","@id":"https:\/\/secure.gravatar.com\/avatar\/bb0c4a2fcb7970138239f7e404ea75757b1b507b28b5ce4c53fbd62d797c5a7c?s=96&d=mm&r=g","url":"https:\/\/secure.gravatar.com\/avatar\/bb0c4a2fcb7970138239f7e404ea75757b1b507b28b5ce4c53fbd62d797c5a7c?s=96&d=mm&r=g","contentUrl":"https:\/\/secure.gravatar.com\/avatar\/bb0c4a2fcb7970138239f7e404ea75757b1b507b28b5ce4c53fbd62d797c5a7c?s=96&d=mm&r=g","caption":"Villasmil Henry"},"logo":{"@id":"https:\/\/secure.gravatar.com\/avatar\/bb0c4a2fcb7970138239f7e404ea75757b1b507b28b5ce4c53fbd62d797c5a7c?s=96&d=mm&r=g"},"sameAs":["http:\/\/www.henryvillasmil.com.ve","https:\/\/www.instagram.com\/villasmilhfoto\/","https:\/\/x.com\/https:\/\/twitter.com\/villasmilhfoto"],"url":"https:\/\/digital58.com.ve\/site\/author\/droopy_68\/"}]}},"uagb_featured_image_src":{"full":["https:\/\/digital58.com.ve\/site\/wp-content\/uploads\/2019\/05\/tfcmmenores.jpg",846,576,false],"thumbnail":["https:\/\/digital58.com.ve\/site\/wp-content\/uploads\/2019\/05\/tfcmmenores-150x150.jpg",150,150,true],"medium":["https:\/\/digital58.com.ve\/site\/wp-content\/uploads\/2019\/05\/tfcmmenores-300x204.jpg",300,204,true],"medium_large":["https:\/\/digital58.com.ve\/site\/wp-content\/uploads\/2019\/05\/tfcmmenores-768x523.jpg",768,523,true],"large":["https:\/\/digital58.com.ve\/site\/wp-content\/uploads\/2019\/05\/tfcmmenores.jpg",800,545,false],"1536x1536":["https:\/\/digital58.com.ve\/site\/wp-content\/uploads\/2019\/05\/tfcmmenores.jpg",846,576,false],"2048x2048":["https:\/\/digital58.com.ve\/site\/wp-content\/uploads\/2019\/05\/tfcmmenores.jpg",846,576,false],"colormag-highlighted-post":["https:\/\/digital58.com.ve\/site\/wp-content\/uploads\/2019\/05\/tfcmmenores.jpg",392,267,false],"colormag-featured-post-medium":["https:\/\/digital58.com.ve\/site\/wp-content\/uploads\/2019\/05\/tfcmmenores.jpg",301,205,false],"colormag-featured-post-small":["https:\/\/digital58.com.ve\/site\/wp-content\/uploads\/2019\/05\/tfcmmenores.jpg",130,90,false],"colormag-featured-image":["https:\/\/digital58.com.ve\/site\/wp-content\/uploads\/2019\/05\/tfcmmenores.jpg",654,445,false],"colormag-default-news":["https:\/\/digital58.com.ve\/site\/wp-content\/uploads\/2019\/05\/tfcmmenores.jpg",150,102,false],"colormag-featured-image-large":["https:\/\/digital58.com.ve\/site\/wp-content\/uploads\/2019\/05\/tfcmmenores.jpg",846,576,false]},"uagb_author_info":{"display_name":"Villasmil Henry","author_link":"https:\/\/digital58.com.ve\/site\/author\/droopy_68\/"},"uagb_comment_info":0,"uagb_excerpt":"Las categor\u00edas menores del equipo \u00abBicolor\u00bb tuvieron una buena labor en el recorrido inicial del Torneo \u00c9lite Nacional. Dos de","_links":{"self":[{"href":"https:\/\/digital58.com.ve\/site\/wp-json\/wp\/v2\/posts\/85167","targetHints":{"allow":["GET"]}}],"collection":[{"href":"https:\/\/digital58.com.ve\/site\/wp-json\/wp\/v2\/posts"}],"about":[{"href":"https:\/\/digital58.com.ve\/site\/wp-json\/wp\/v2\/types\/post"}],"author":[{"embeddable":true,"href":"https:\/\/digital58.com.ve\/site\/wp-json\/wp\/v2\/users\/1"}],"replies":[{"embeddable":true,"href":"https:\/\/digital58.com.ve\/site\/wp-json\/wp\/v2\/comments?post=85167"}],"version-history":[{"count":0,"href":"https:\/\/digital58.com.ve\/site\/wp-json\/wp\/v2\/posts\/85167\/revisions"}],"wp:featuredmedia":[{"embeddable":true,"href":"https:\/\/digital58.com.ve\/site\/wp-json\/wp\/v2\/media\/85168"}],"wp:attachment":[{"href":"https:\/\/digital58.com.ve\/site\/wp-json\/wp\/v2\/media?parent=85167"}],"wp:term":[{"taxonomy":"category","embeddable":true,"href":"https:\/\/digital58.com.ve\/site\/wp-json\/wp\/v2\/categories?post=85167"},{"taxonomy":"post_tag","embeddable":true,"href":"https:\/\/digital58.com.ve\/site\/wp-json\/wp\/v2\/tags?post=85167"}],"curies":[{"name":"wp","href":"https:\/\/api.w.org\/{rel}","templated":true}]}}