{"id":85201,"date":"2019-05-11T09:25:26","date_gmt":"2019-05-11T13:25:26","guid":{"rendered":"https:\/\/digital58.com.ve\/site\/?p=85201"},"modified":"2019-05-11T09:25:26","modified_gmt":"2019-05-11T13:25:26","slug":"rafael-dudamel-hoy-vamos-a-copa-america-con-la-mayor-ilusion","status":"publish","type":"post","link":"https:\/\/digital58.com.ve\/site\/2019\/05\/11\/rafael-dudamel-hoy-vamos-a-copa-america-con-la-mayor-ilusion\/","title":{"rendered":"Rafael Dudamel: \u00abhoy vamos a Copa Am\u00e9rica con la mayor ilusi\u00f3n\u00bb"},"content":{"rendered":"<p><a href=\"https:\/\/digital58.com.ve\/site\/wp-content\/uploads\/2019\/05\/vinotinto-40.jpg\"><img loading=\"lazy\" decoding=\"async\" class=\"aligncenter size-large wp-image-85202\" src=\"https:\/\/digital58.com.ve\/site\/wp-content\/uploads\/2019\/05\/vinotinto-40-1500x1000.jpg\" alt=\"\" width=\"640\" height=\"427\" srcset=\"https:\/\/digital58.com.ve\/site\/wp-content\/uploads\/2019\/05\/vinotinto-40-1500x1000.jpg 1500w, https:\/\/digital58.com.ve\/site\/wp-content\/uploads\/2019\/05\/vinotinto-40-300x200.jpg 300w, https:\/\/digital58.com.ve\/site\/wp-content\/uploads\/2019\/05\/vinotinto-40-768x512.jpg 768w, https:\/\/digital58.com.ve\/site\/wp-content\/uploads\/2019\/05\/vinotinto-40-720x480.jpg 720w, https:\/\/digital58.com.ve\/site\/wp-content\/uploads\/2019\/05\/vinotinto-40-480x320.jpg 480w, https:\/\/digital58.com.ve\/site\/wp-content\/uploads\/2019\/05\/vinotinto-40.jpg 800w\" sizes=\"auto, (max-width: 640px) 100vw, 640px\" \/><\/a><\/p>\n<p>Rafael Dudamel se reuni\u00f3 con los medios este viernes para hablar sobre la Copa Am\u00e9rica Brasil 2019, dio a conocer la lista preliminar de los 40 jugadores convocados, el Campeonato Pre-ol\u00edmpico de Colombia 2020 y la actualidad de las selecciones juveniles. La lista definitiva de 23 jugadores ser\u00e1 definida el 2 de junio.<\/p>\n<p><strong>Maracaibo, Zulia, Venezuela, 11 de mayo de 2019 (Noticias Digital58).-<\/strong> Rafael Dudamel, seleccionador \u00abVinotinto\u00bb, dio a conocer la lista preliminar de los 40 jugadores convocados de cara a la Copa Am\u00e9rica 2019 que se disputar\u00e1 entre los meses de junio y julio en Brasil.<\/p>\n<p>\u00abHoy vamos a Copa Am\u00e9rica con la mayor ilusi\u00f3n y con altas expectativas, entendiendo que sigue siendo preparaci\u00f3n para las eliminatorias, que es la meta\u00bb.<\/p>\n<p>Dudamel asegur\u00f3 que tomar decisiones en cada posiciones fue complicado y tuvo que revisar nombre por nombre. \u00abTodas las posiciones me dieron un dolor de cabeza y me llevaron a revisar uno u otro nombre. Bajo el sistema de 4-3-3 tenemos que seguir potenciando a los volantes interiores. Los casos de Seijas, A\u00f1or, Yangel o Rinc\u00f3n\u00bb.<\/p>\n<p>\u00abAspiramos pasar la Fase de Grupos. Lo que hemos ido alcanzando en el <em>ranking<\/em> Fifa nos ha llevado a que hoy estemos en una posici\u00f3n distinta de lo acostumbrado\u00bb. Dijo Dudamel.<\/p>\n<p>Venezuela se entrenar\u00e1 en Miami antes de probarse con las selecciones de Estados Unidos, M\u00e9xico y Ecuador. La \u00abVinotinto\u00bb\u00a0 fue emparejada en el Grupo A de la competici\u00f3n junto a Brasil, Bolivia y Per\u00fa.<\/p>\n<p>Debutar\u00e1 frente a Per\u00fa el 15 de junio y tres d\u00edas despu\u00e9s chocar\u00e1 con Brasil. Cerrar\u00e1 la primera fase ante Bolivia el d\u00eda 22.<\/p>\n<p><strong>Lista de 40 preseleccionados:<\/strong><\/p>\n<p><strong>Porteros:<\/strong> Wuilker Far\u00ed\u00f1ez, Rafael Romo, Joel Graterol y Alain Baroja.<\/p>\n<p><strong>Defensores:<\/strong> Alexander Gonz\u00e1lez, Ronald Hern\u00e1ndez, Rolf Feltscher, Pablo Bonilla, Jhon Chancellor, Nahuel Ferraresi, Williams Vel\u00e1squez, Yordan Osorio, Mikel Villanueva, Roberto Rosales, Luis Mago, Bernardo A\u00f1or.<\/p>\n<p><strong>Centrocampistas:<\/strong> Junior Moreno, Bernaldo Manzano, Agnel Flores, Yangel Herrera, Renzo Zambrano, Arqu\u00edmedes Figuera, Tom\u00e1s Rinc\u00f3n, Luis Manuel Seijas, Juan Pablo A\u00f1or, Yeferson Soteldo, R\u00f3mulo Otero, Jhon Murillo, Luis Gonz\u00e1lez, Jefferson Savarino, Erickson Gallardo, Darwin Mach\u00eds, Adalberto Pe\u00f1aranda, Samuel Sosa.<\/p>\n<p><strong>Delanteros:<\/strong> Salom\u00f3n Rond\u00f3n, Josef Mart\u00ednez, Jhonder C\u00e1diz, Fernando Arestiguieta, Jan Hurtado y Andr\u00e9s Ponce.<\/p>\n<p><strong>Selecciones juveniles<\/strong><\/p>\n<p>En una breve exposici\u00f3n, el seleccionador nacional habl\u00f3 de la actualidad de los combinados juveniles. \u00abLa selecci\u00f3n nacional Sub-15 est\u00e1 liderada por el profesor Frank Tamanaco Piedrahita, a quien le gusta tener el contacto directo con todos los Estados y recorrer el pa\u00eds en busca de futbolistas\u00bb.<\/p>\n<p>\u00abEn la selecci\u00f3n nacional Sub-17 lleg\u00f3 a su segundo proceso el profesor Jos\u00e9 Hern\u00e1ndez. Como seleccionador nacional absoluto, hemos quedado internamente tranquilos y convencidos de que se han llevado a cabo procesos importantes\u00bb, argument\u00f3.<\/p>\n<p>\u00abLa selecci\u00f3n nacional Sub-23 tendr\u00e1 el preol\u00edmpico en Colombia a partir del mes de enero. Al terminar la Copa Am\u00e9rica empezaremos a hacer las gestiones de los futbolistas que hacen vida en el exterior\u00bb, destac\u00f3.<\/p>\n<p>\u00abHay ligas como la colombiana y norteamericana que en esa \u00e9poca no han iniciado. Vamos a ir preparando a esta selecci\u00f3n Sub-23 en el segundo semestre del a\u00f1o\u00bb, a\u00f1adi\u00f3.<\/p>\n<p>\u00abAmbos procesos como el Sub-17 Y sSub-20 iniciar\u00e1n despu\u00e9s de la Copa Am\u00e9rica. Esperando al calendario del torneo local sin interferir con los clubes. Aunque veces es inevitable que no coincidan partidos\u201d\u00bb, dijo Dudamel.<\/p>\n<p><strong>Ciclo cerrado<\/strong><\/p>\n<p>En cuanto al proceso de la Vinotinto Sub-20 que no pudo clasificar al Mundial de Polonia en enero pasado, el director t\u00e9cnico se\u00f1al\u00f3 que: \u00abla evaluaci\u00f3n de la Sub-20 que hemos realizado y que le expusimos a los dirigentes mediante informes, nos llev\u00f3 a concluir la exigencia de los torneos sudamericanos\u00bb.<\/p>\n<p>\u00abTodos en alg\u00fan momento vivimos la etapa de crisis y exigencia emocional, donde el futbolista no siempre responde de acuerdo al momento. Cuando le ganamos a Brasil y perdimos con Argentina llegamos una confusi\u00f3n emocional. As\u00ed es esto del f\u00fatbol\u00bb, explic\u00f3.<\/p>\n<p>\u00abNos terminamos quedando por fuera de un Mundial que lo ten\u00edamos all\u00ed (Sub-20). Aprendimos que no hay que dar nada por sentado hasta concretarlo\u00bb, afirm\u00f3.<\/p>\n<p>Adicionalmente confirm\u00f3 que no tomar\u00e1 las riendas de un tercer proceso Sub-20. \u00abVamos a estar muy cerca de los procesos Sub-20 y Sub-17, al igual que Sub-15, pero no estar\u00e9 llevando como seleccionador nacional al nuevo proceso Sub-20. S\u00ed en la Sub-23\u201d.<\/p>\n<p><strong>No se jugar\u00e1 contra Trinidad<\/strong><\/p>\n<p>El presidente de la FVF Laureano Gonz\u00e1lez confirm\u00f3 que no se jugar\u00e1 el encuentro amistoso frente a Trinidad y Tobago, pautado inicialmente para el pr\u00f3ximo 29 de mayo.<\/p>\n<p>\u00abTen\u00edamos planeado un partido en Caracas ante Trinidad y Tobago, pero por la apreciaci\u00f3n que ten\u00edan ellos sobre la situaci\u00f3n de Venezuela, ped\u00edan que se jugara en Trinidad\u00bb, se\u00f1al\u00f3.<\/p>\n<p>Adem\u00e1s el m\u00e1ximo dirigente del balompi\u00e9 nacional respald\u00f3 el proceso de preparaci\u00f3n que tendr\u00e1 el combinado nacional para afrontar el torneo de selecciones m\u00e1s antiguo del planeta.<\/p>\n<p>\u00abEstamos dando el absoluto respaldo al cuerpo t\u00e9cnico nacional para cumplir con los objetivos. Nuestros <em>sponsor<\/em> han cumplido. Incluyendo la ropa. Todo coincide con lo que hemos acordado previamente\u201d, cerr\u00f3.<\/p>\n<p><strong>Redacci\u00f3n: Mar\u00eda Jos\u00e9 Gonz\u00e1lez | AFP<\/strong><br \/>\n<strong>Edici\u00f3n: Villasmil, Henry<\/strong><br \/>\n<strong>Gr\u00e1fica: AFP | EFE<\/strong><\/p>\n<p><a href=\"https:\/\/digital58.com.ve\/site\/wp-content\/uploads\/2019\/05\/dudamel-2.jpg\"><img loading=\"lazy\" decoding=\"async\" class=\"aligncenter size-large wp-image-85203\" src=\"https:\/\/digital58.com.ve\/site\/wp-content\/uploads\/2019\/05\/dudamel-2-1500x1000.jpg\" alt=\"\" width=\"640\" height=\"427\" srcset=\"https:\/\/digital58.com.ve\/site\/wp-content\/uploads\/2019\/05\/dudamel-2-1500x1000.jpg 1500w, https:\/\/digital58.com.ve\/site\/wp-content\/uploads\/2019\/05\/dudamel-2-300x200.jpg 300w, https:\/\/digital58.com.ve\/site\/wp-content\/uploads\/2019\/05\/dudamel-2-768x512.jpg 768w, https:\/\/digital58.com.ve\/site\/wp-content\/uploads\/2019\/05\/dudamel-2-720x480.jpg 720w, https:\/\/digital58.com.ve\/site\/wp-content\/uploads\/2019\/05\/dudamel-2-480x320.jpg 480w, https:\/\/digital58.com.ve\/site\/wp-content\/uploads\/2019\/05\/dudamel-2.jpg 800w\" sizes=\"auto, (max-width: 640px) 100vw, 640px\" \/><\/a><\/p><div class=\"entcd69f24789782d8\" ><p style=\"text-align: center;\"><a href=\"https:\/\/t.me\/noticiasdigital58\" target=\"_blank\" rel=\"noopener\"><img class=\"aligncenter size-full wp-image-125363\" src=\"https:\/\/digital58.com.ve\/site\/wp-content\/uploads\/2021\/04\/banner-telegram-web-2021.png\" alt=\"\" width=\"600\" height=\"90\" \/><\/a><\/p><\/div><style type=\"text\/css\">\r\n@media screen and (min-width: 1201px) {\r\n.entcd69f24789782d8 {\r\ndisplay: block;\r\n}\r\n}\r\n@media screen and (min-width: 993px) and (max-width: 1200px) {\r\n.entcd69f24789782d8 {\r\ndisplay: block;\r\n}\r\n}\r\n@media screen and (min-width: 769px) and (max-width: 992px) {\r\n.entcd69f24789782d8 {\r\ndisplay: block;\r\n}\r\n}\r\n@media screen and (min-width: 768px) and (max-width: 768px) {\r\n.entcd69f24789782d8 {\r\ndisplay: block;\r\n}\r\n}\r\n@media screen and (max-width: 767px) {\r\n.entcd69f24789782d8 {\r\ndisplay: block;\r\n}\r\n}\r\n<\/style>\r\n\n<p>&nbsp;<\/p>\n<div style=\"margin-top: 0px; margin-bottom: 0px;\" class=\"sharethis-inline-share-buttons\" ><\/div>","protected":false},"excerpt":{"rendered":"<p>Rafael Dudamel se reuni\u00f3 con los medios este viernes para hablar sobre la Copa Am\u00e9rica Brasil 2019, dio a conocer<\/p>\n","protected":false},"author":1,"featured_media":85203,"comment_status":"open","ping_status":"closed","sticky":false,"template":"","format":"standard","meta":{"colormag_page_container_layout":"default_layout","colormag_page_sidebar_layout":"default_layout","_uag_custom_page_level_css":"","footnotes":""},"categories":[5402],"tags":[12142,13,14,25,233,188,331],"class_list":["post-85201","post","type-post","status-publish","format-standard","has-post-thumbnail","hentry","category-deportes","tag-copa-america-brasil-2019","tag-futbol","tag-futbol-venezolano","tag-fvf","tag-nacionales","tag-rafael-dudamel","tag-seleccion-nacional-de-futbol"],"yoast_head":"<!-- This site is optimized with the Yoast SEO plugin v27.5 - https:\/\/yoast.com\/product\/yoast-seo-wordpress\/ -->\n<title>Rafael Dudamel: \u00abhoy vamos a Copa Am\u00e9rica con la mayor ilusi\u00f3n\u00bb<\/title>\n<meta name=\"description\" content=\"Deportes\" \/>\n<meta name=\"robots\" content=\"index, follow, max-snippet:-1, max-image-preview:large, max-video-preview:-1\" \/>\n<link rel=\"canonical\" href=\"https:\/\/digital58.com.ve\/site\/2019\/05\/11\/rafael-dudamel-hoy-vamos-a-copa-america-con-la-mayor-ilusion\/\" \/>\n<meta property=\"og:locale\" content=\"es_ES\" \/>\n<meta property=\"og:type\" content=\"article\" \/>\n<meta property=\"og:title\" content=\"Rafael Dudamel: \u00abhoy vamos a Copa Am\u00e9rica con la mayor ilusi\u00f3n\u00bb\" \/>\n<meta property=\"og:description\" content=\"Deportes\" \/>\n<meta property=\"og:url\" content=\"https:\/\/digital58.com.ve\/site\/2019\/05\/11\/rafael-dudamel-hoy-vamos-a-copa-america-con-la-mayor-ilusion\/\" \/>\n<meta property=\"og:site_name\" content=\"Noticias Digital58\" \/>\n<meta property=\"article:published_time\" content=\"2019-05-11T13:25:26+00:00\" \/>\n<meta property=\"og:image\" content=\"https:\/\/digital58.com.ve\/site\/wp-content\/uploads\/2019\/05\/dudamel-2.jpg\" \/>\n\t<meta property=\"og:image:width\" content=\"1500\" \/>\n\t<meta property=\"og:image:height\" content=\"1000\" \/>\n\t<meta property=\"og:image:type\" content=\"image\/jpeg\" \/>\n<meta name=\"author\" content=\"Villasmil Henry\" \/>\n<meta name=\"twitter:card\" content=\"summary_large_image\" \/>\n<meta name=\"twitter:creator\" content=\"@https:\/\/twitter.com\/villasmilhfoto\" \/>\n<meta name=\"twitter:site\" content=\"@villasmilhfoto\" \/>\n<meta name=\"twitter:label1\" content=\"Escrito por\" \/>\n\t<meta name=\"twitter:data1\" content=\"Villasmil Henry\" \/>\n\t<meta name=\"twitter:label2\" content=\"Tiempo estimado de lectura\" \/>\n\t<meta name=\"twitter:data2\" content=\"4 minutos\" \/>\n<script type=\"application\/ld+json\" class=\"yoast-schema-graph\">{\"@context\":\"https:\\\/\\\/schema.org\",\"@graph\":[{\"@type\":\"Article\",\"@id\":\"https:\\\/\\\/digital58.com.ve\\\/site\\\/2019\\\/05\\\/11\\\/rafael-dudamel-hoy-vamos-a-copa-america-con-la-mayor-ilusion\\\/#article\",\"isPartOf\":{\"@id\":\"https:\\\/\\\/digital58.com.ve\\\/site\\\/2019\\\/05\\\/11\\\/rafael-dudamel-hoy-vamos-a-copa-america-con-la-mayor-ilusion\\\/\"},\"author\":{\"name\":\"Villasmil Henry\",\"@id\":\"https:\\\/\\\/digital58.com.ve\\\/site\\\/#\\\/schema\\\/person\\\/64d1c2e4d0d4fd1b849980c4331c2951\"},\"headline\":\"Rafael Dudamel: \u00abhoy vamos a Copa Am\u00e9rica con la mayor ilusi\u00f3n\u00bb\",\"datePublished\":\"2019-05-11T13:25:26+00:00\",\"mainEntityOfPage\":{\"@id\":\"https:\\\/\\\/digital58.com.ve\\\/site\\\/2019\\\/05\\\/11\\\/rafael-dudamel-hoy-vamos-a-copa-america-con-la-mayor-ilusion\\\/\"},\"wordCount\":905,\"commentCount\":0,\"publisher\":{\"@id\":\"https:\\\/\\\/digital58.com.ve\\\/site\\\/#\\\/schema\\\/person\\\/64d1c2e4d0d4fd1b849980c4331c2951\"},\"image\":{\"@id\":\"https:\\\/\\\/digital58.com.ve\\\/site\\\/2019\\\/05\\\/11\\\/rafael-dudamel-hoy-vamos-a-copa-america-con-la-mayor-ilusion\\\/#primaryimage\"},\"thumbnailUrl\":\"https:\\\/\\\/digital58.com.ve\\\/site\\\/wp-content\\\/uploads\\\/2019\\\/05\\\/dudamel-2.jpg\",\"keywords\":[\"Copa Am\u00e9rica Brasil 2019\",\"F\u00fatbol\",\"F\u00fatbol Venezolano\",\"FVF\",\"Nacionales\",\"Rafael Dudamel\",\"Selecci\u00f3n Nacional de F\u00fatbol\"],\"articleSection\":[\"Deportes\"],\"inLanguage\":\"es\",\"potentialAction\":[{\"@type\":\"CommentAction\",\"name\":\"Comment\",\"target\":[\"https:\\\/\\\/digital58.com.ve\\\/site\\\/2019\\\/05\\\/11\\\/rafael-dudamel-hoy-vamos-a-copa-america-con-la-mayor-ilusion\\\/#respond\"]}]},{\"@type\":\"WebPage\",\"@id\":\"https:\\\/\\\/digital58.com.ve\\\/site\\\/2019\\\/05\\\/11\\\/rafael-dudamel-hoy-vamos-a-copa-america-con-la-mayor-ilusion\\\/\",\"url\":\"https:\\\/\\\/digital58.com.ve\\\/site\\\/2019\\\/05\\\/11\\\/rafael-dudamel-hoy-vamos-a-copa-america-con-la-mayor-ilusion\\\/\",\"name\":\"Rafael Dudamel: \u00abhoy vamos a Copa Am\u00e9rica con la mayor ilusi\u00f3n\u00bb\",\"isPartOf\":{\"@id\":\"https:\\\/\\\/digital58.com.ve\\\/site\\\/#website\"},\"primaryImageOfPage\":{\"@id\":\"https:\\\/\\\/digital58.com.ve\\\/site\\\/2019\\\/05\\\/11\\\/rafael-dudamel-hoy-vamos-a-copa-america-con-la-mayor-ilusion\\\/#primaryimage\"},\"image\":{\"@id\":\"https:\\\/\\\/digital58.com.ve\\\/site\\\/2019\\\/05\\\/11\\\/rafael-dudamel-hoy-vamos-a-copa-america-con-la-mayor-ilusion\\\/#primaryimage\"},\"thumbnailUrl\":\"https:\\\/\\\/digital58.com.ve\\\/site\\\/wp-content\\\/uploads\\\/2019\\\/05\\\/dudamel-2.jpg\",\"datePublished\":\"2019-05-11T13:25:26+00:00\",\"description\":\"Deportes\",\"breadcrumb\":{\"@id\":\"https:\\\/\\\/digital58.com.ve\\\/site\\\/2019\\\/05\\\/11\\\/rafael-dudamel-hoy-vamos-a-copa-america-con-la-mayor-ilusion\\\/#breadcrumb\"},\"inLanguage\":\"es\",\"potentialAction\":[{\"@type\":\"ReadAction\",\"target\":[\"https:\\\/\\\/digital58.com.ve\\\/site\\\/2019\\\/05\\\/11\\\/rafael-dudamel-hoy-vamos-a-copa-america-con-la-mayor-ilusion\\\/\"]}]},{\"@type\":\"ImageObject\",\"inLanguage\":\"es\",\"@id\":\"https:\\\/\\\/digital58.com.ve\\\/site\\\/2019\\\/05\\\/11\\\/rafael-dudamel-hoy-vamos-a-copa-america-con-la-mayor-ilusion\\\/#primaryimage\",\"url\":\"https:\\\/\\\/digital58.com.ve\\\/site\\\/wp-content\\\/uploads\\\/2019\\\/05\\\/dudamel-2.jpg\",\"contentUrl\":\"https:\\\/\\\/digital58.com.ve\\\/site\\\/wp-content\\\/uploads\\\/2019\\\/05\\\/dudamel-2.jpg\",\"width\":800,\"height\":533},{\"@type\":\"BreadcrumbList\",\"@id\":\"https:\\\/\\\/digital58.com.ve\\\/site\\\/2019\\\/05\\\/11\\\/rafael-dudamel-hoy-vamos-a-copa-america-con-la-mayor-ilusion\\\/#breadcrumb\",\"itemListElement\":[{\"@type\":\"ListItem\",\"position\":1,\"name\":\"Home\",\"item\":\"https:\\\/\\\/digital58.com.ve\\\/site\\\/\"},{\"@type\":\"ListItem\",\"position\":2,\"name\":\"Rafael Dudamel: \u00abhoy vamos a Copa Am\u00e9rica con la mayor ilusi\u00f3n\u00bb\"}]},{\"@type\":\"WebSite\",\"@id\":\"https:\\\/\\\/digital58.com.ve\\\/site\\\/#website\",\"url\":\"https:\\\/\\\/digital58.com.ve\\\/site\\\/\",\"name\":\"Noticias Digital58\",\"description\":\"Portal de Noticias \u00a1Periodismo web de verdad! Lanzamiento web 22.11.2005 \\\/ Maracaibo, Venezuela\",\"publisher\":{\"@id\":\"https:\\\/\\\/digital58.com.ve\\\/site\\\/#\\\/schema\\\/person\\\/64d1c2e4d0d4fd1b849980c4331c2951\"},\"alternateName\":\"ND58\",\"potentialAction\":[{\"@type\":\"SearchAction\",\"target\":{\"@type\":\"EntryPoint\",\"urlTemplate\":\"https:\\\/\\\/digital58.com.ve\\\/site\\\/?s={search_term_string}\"},\"query-input\":{\"@type\":\"PropertyValueSpecification\",\"valueRequired\":true,\"valueName\":\"search_term_string\"}}],\"inLanguage\":\"es\"},{\"@type\":[\"Person\",\"Organization\"],\"@id\":\"https:\\\/\\\/digital58.com.ve\\\/site\\\/#\\\/schema\\\/person\\\/64d1c2e4d0d4fd1b849980c4331c2951\",\"name\":\"Villasmil Henry\",\"image\":{\"@type\":\"ImageObject\",\"inLanguage\":\"es\",\"@id\":\"https:\\\/\\\/secure.gravatar.com\\\/avatar\\\/bb0c4a2fcb7970138239f7e404ea75757b1b507b28b5ce4c53fbd62d797c5a7c?s=96&d=mm&r=g\",\"url\":\"https:\\\/\\\/secure.gravatar.com\\\/avatar\\\/bb0c4a2fcb7970138239f7e404ea75757b1b507b28b5ce4c53fbd62d797c5a7c?s=96&d=mm&r=g\",\"contentUrl\":\"https:\\\/\\\/secure.gravatar.com\\\/avatar\\\/bb0c4a2fcb7970138239f7e404ea75757b1b507b28b5ce4c53fbd62d797c5a7c?s=96&d=mm&r=g\",\"caption\":\"Villasmil Henry\"},\"logo\":{\"@id\":\"https:\\\/\\\/secure.gravatar.com\\\/avatar\\\/bb0c4a2fcb7970138239f7e404ea75757b1b507b28b5ce4c53fbd62d797c5a7c?s=96&d=mm&r=g\"},\"sameAs\":[\"http:\\\/\\\/www.henryvillasmil.com.ve\",\"https:\\\/\\\/www.instagram.com\\\/villasmilhfoto\\\/\",\"https:\\\/\\\/x.com\\\/https:\\\/\\\/twitter.com\\\/villasmilhfoto\"],\"url\":\"https:\\\/\\\/digital58.com.ve\\\/site\\\/author\\\/droopy_68\\\/\"}]}<\/script>\n<!-- \/ Yoast SEO plugin. -->","yoast_head_json":{"title":"Rafael Dudamel: \u00abhoy vamos a Copa Am\u00e9rica con la mayor ilusi\u00f3n\u00bb","description":"Deportes","robots":{"index":"index","follow":"follow","max-snippet":"max-snippet:-1","max-image-preview":"max-image-preview:large","max-video-preview":"max-video-preview:-1"},"canonical":"https:\/\/digital58.com.ve\/site\/2019\/05\/11\/rafael-dudamel-hoy-vamos-a-copa-america-con-la-mayor-ilusion\/","og_locale":"es_ES","og_type":"article","og_title":"Rafael Dudamel: \u00abhoy vamos a Copa Am\u00e9rica con la mayor ilusi\u00f3n\u00bb","og_description":"Deportes","og_url":"https:\/\/digital58.com.ve\/site\/2019\/05\/11\/rafael-dudamel-hoy-vamos-a-copa-america-con-la-mayor-ilusion\/","og_site_name":"Noticias Digital58","article_published_time":"2019-05-11T13:25:26+00:00","og_image":[{"width":1500,"height":1000,"url":"https:\/\/digital58.com.ve\/site\/wp-content\/uploads\/2019\/05\/dudamel-2.jpg","type":"image\/jpeg"}],"author":"Villasmil Henry","twitter_card":"summary_large_image","twitter_creator":"@https:\/\/twitter.com\/villasmilhfoto","twitter_site":"@villasmilhfoto","twitter_misc":{"Escrito por":"Villasmil Henry","Tiempo estimado de lectura":"4 minutos"},"schema":{"@context":"https:\/\/schema.org","@graph":[{"@type":"Article","@id":"https:\/\/digital58.com.ve\/site\/2019\/05\/11\/rafael-dudamel-hoy-vamos-a-copa-america-con-la-mayor-ilusion\/#article","isPartOf":{"@id":"https:\/\/digital58.com.ve\/site\/2019\/05\/11\/rafael-dudamel-hoy-vamos-a-copa-america-con-la-mayor-ilusion\/"},"author":{"name":"Villasmil Henry","@id":"https:\/\/digital58.com.ve\/site\/#\/schema\/person\/64d1c2e4d0d4fd1b849980c4331c2951"},"headline":"Rafael Dudamel: \u00abhoy vamos a Copa Am\u00e9rica con la mayor ilusi\u00f3n\u00bb","datePublished":"2019-05-11T13:25:26+00:00","mainEntityOfPage":{"@id":"https:\/\/digital58.com.ve\/site\/2019\/05\/11\/rafael-dudamel-hoy-vamos-a-copa-america-con-la-mayor-ilusion\/"},"wordCount":905,"commentCount":0,"publisher":{"@id":"https:\/\/digital58.com.ve\/site\/#\/schema\/person\/64d1c2e4d0d4fd1b849980c4331c2951"},"image":{"@id":"https:\/\/digital58.com.ve\/site\/2019\/05\/11\/rafael-dudamel-hoy-vamos-a-copa-america-con-la-mayor-ilusion\/#primaryimage"},"thumbnailUrl":"https:\/\/digital58.com.ve\/site\/wp-content\/uploads\/2019\/05\/dudamel-2.jpg","keywords":["Copa Am\u00e9rica Brasil 2019","F\u00fatbol","F\u00fatbol Venezolano","FVF","Nacionales","Rafael Dudamel","Selecci\u00f3n Nacional de F\u00fatbol"],"articleSection":["Deportes"],"inLanguage":"es","potentialAction":[{"@type":"CommentAction","name":"Comment","target":["https:\/\/digital58.com.ve\/site\/2019\/05\/11\/rafael-dudamel-hoy-vamos-a-copa-america-con-la-mayor-ilusion\/#respond"]}]},{"@type":"WebPage","@id":"https:\/\/digital58.com.ve\/site\/2019\/05\/11\/rafael-dudamel-hoy-vamos-a-copa-america-con-la-mayor-ilusion\/","url":"https:\/\/digital58.com.ve\/site\/2019\/05\/11\/rafael-dudamel-hoy-vamos-a-copa-america-con-la-mayor-ilusion\/","name":"Rafael Dudamel: \u00abhoy vamos a Copa Am\u00e9rica con la mayor ilusi\u00f3n\u00bb","isPartOf":{"@id":"https:\/\/digital58.com.ve\/site\/#website"},"primaryImageOfPage":{"@id":"https:\/\/digital58.com.ve\/site\/2019\/05\/11\/rafael-dudamel-hoy-vamos-a-copa-america-con-la-mayor-ilusion\/#primaryimage"},"image":{"@id":"https:\/\/digital58.com.ve\/site\/2019\/05\/11\/rafael-dudamel-hoy-vamos-a-copa-america-con-la-mayor-ilusion\/#primaryimage"},"thumbnailUrl":"https:\/\/digital58.com.ve\/site\/wp-content\/uploads\/2019\/05\/dudamel-2.jpg","datePublished":"2019-05-11T13:25:26+00:00","description":"Deportes","breadcrumb":{"@id":"https:\/\/digital58.com.ve\/site\/2019\/05\/11\/rafael-dudamel-hoy-vamos-a-copa-america-con-la-mayor-ilusion\/#breadcrumb"},"inLanguage":"es","potentialAction":[{"@type":"ReadAction","target":["https:\/\/digital58.com.ve\/site\/2019\/05\/11\/rafael-dudamel-hoy-vamos-a-copa-america-con-la-mayor-ilusion\/"]}]},{"@type":"ImageObject","inLanguage":"es","@id":"https:\/\/digital58.com.ve\/site\/2019\/05\/11\/rafael-dudamel-hoy-vamos-a-copa-america-con-la-mayor-ilusion\/#primaryimage","url":"https:\/\/digital58.com.ve\/site\/wp-content\/uploads\/2019\/05\/dudamel-2.jpg","contentUrl":"https:\/\/digital58.com.ve\/site\/wp-content\/uploads\/2019\/05\/dudamel-2.jpg","width":800,"height":533},{"@type":"BreadcrumbList","@id":"https:\/\/digital58.com.ve\/site\/2019\/05\/11\/rafael-dudamel-hoy-vamos-a-copa-america-con-la-mayor-ilusion\/#breadcrumb","itemListElement":[{"@type":"ListItem","position":1,"name":"Home","item":"https:\/\/digital58.com.ve\/site\/"},{"@type":"ListItem","position":2,"name":"Rafael Dudamel: \u00abhoy vamos a Copa Am\u00e9rica con la mayor ilusi\u00f3n\u00bb"}]},{"@type":"WebSite","@id":"https:\/\/digital58.com.ve\/site\/#website","url":"https:\/\/digital58.com.ve\/site\/","name":"Noticias Digital58","description":"Portal de Noticias \u00a1Periodismo web de verdad! Lanzamiento web 22.11.2005 \/ Maracaibo, Venezuela","publisher":{"@id":"https:\/\/digital58.com.ve\/site\/#\/schema\/person\/64d1c2e4d0d4fd1b849980c4331c2951"},"alternateName":"ND58","potentialAction":[{"@type":"SearchAction","target":{"@type":"EntryPoint","urlTemplate":"https:\/\/digital58.com.ve\/site\/?s={search_term_string}"},"query-input":{"@type":"PropertyValueSpecification","valueRequired":true,"valueName":"search_term_string"}}],"inLanguage":"es"},{"@type":["Person","Organization"],"@id":"https:\/\/digital58.com.ve\/site\/#\/schema\/person\/64d1c2e4d0d4fd1b849980c4331c2951","name":"Villasmil Henry","image":{"@type":"ImageObject","inLanguage":"es","@id":"https:\/\/secure.gravatar.com\/avatar\/bb0c4a2fcb7970138239f7e404ea75757b1b507b28b5ce4c53fbd62d797c5a7c?s=96&d=mm&r=g","url":"https:\/\/secure.gravatar.com\/avatar\/bb0c4a2fcb7970138239f7e404ea75757b1b507b28b5ce4c53fbd62d797c5a7c?s=96&d=mm&r=g","contentUrl":"https:\/\/secure.gravatar.com\/avatar\/bb0c4a2fcb7970138239f7e404ea75757b1b507b28b5ce4c53fbd62d797c5a7c?s=96&d=mm&r=g","caption":"Villasmil Henry"},"logo":{"@id":"https:\/\/secure.gravatar.com\/avatar\/bb0c4a2fcb7970138239f7e404ea75757b1b507b28b5ce4c53fbd62d797c5a7c?s=96&d=mm&r=g"},"sameAs":["http:\/\/www.henryvillasmil.com.ve","https:\/\/www.instagram.com\/villasmilhfoto\/","https:\/\/x.com\/https:\/\/twitter.com\/villasmilhfoto"],"url":"https:\/\/digital58.com.ve\/site\/author\/droopy_68\/"}]}},"uagb_featured_image_src":{"full":["https:\/\/digital58.com.ve\/site\/wp-content\/uploads\/2019\/05\/dudamel-2.jpg",800,533,false],"thumbnail":["https:\/\/digital58.com.ve\/site\/wp-content\/uploads\/2019\/05\/dudamel-2-150x150.jpg",150,150,true],"medium":["https:\/\/digital58.com.ve\/site\/wp-content\/uploads\/2019\/05\/dudamel-2-300x200.jpg",300,200,true],"medium_large":["https:\/\/digital58.com.ve\/site\/wp-content\/uploads\/2019\/05\/dudamel-2-768x512.jpg",768,512,true],"large":["https:\/\/digital58.com.ve\/site\/wp-content\/uploads\/2019\/05\/dudamel-2-1500x1000.jpg",800,533,true],"1536x1536":["https:\/\/digital58.com.ve\/site\/wp-content\/uploads\/2019\/05\/dudamel-2.jpg",800,533,false],"2048x2048":["https:\/\/digital58.com.ve\/site\/wp-content\/uploads\/2019\/05\/dudamel-2.jpg",800,533,false],"colormag-highlighted-post":["https:\/\/digital58.com.ve\/site\/wp-content\/uploads\/2019\/05\/dudamel-2.jpg",392,261,false],"colormag-featured-post-medium":["https:\/\/digital58.com.ve\/site\/wp-content\/uploads\/2019\/05\/dudamel-2.jpg",308,205,false],"colormag-featured-post-small":["https:\/\/digital58.com.ve\/site\/wp-content\/uploads\/2019\/05\/dudamel-2.jpg",130,87,false],"colormag-featured-image":["https:\/\/digital58.com.ve\/site\/wp-content\/uploads\/2019\/05\/dudamel-2.jpg",668,445,false],"colormag-default-news":["https:\/\/digital58.com.ve\/site\/wp-content\/uploads\/2019\/05\/dudamel-2.jpg",150,100,false],"colormag-featured-image-large":["https:\/\/digital58.com.ve\/site\/wp-content\/uploads\/2019\/05\/dudamel-2.jpg",800,533,false]},"uagb_author_info":{"display_name":"Villasmil Henry","author_link":"https:\/\/digital58.com.ve\/site\/author\/droopy_68\/"},"uagb_comment_info":0,"uagb_excerpt":"Rafael Dudamel se reuni\u00f3 con los medios este viernes para hablar sobre la Copa Am\u00e9rica Brasil 2019, dio a conocer","_links":{"self":[{"href":"https:\/\/digital58.com.ve\/site\/wp-json\/wp\/v2\/posts\/85201","targetHints":{"allow":["GET"]}}],"collection":[{"href":"https:\/\/digital58.com.ve\/site\/wp-json\/wp\/v2\/posts"}],"about":[{"href":"https:\/\/digital58.com.ve\/site\/wp-json\/wp\/v2\/types\/post"}],"author":[{"embeddable":true,"href":"https:\/\/digital58.com.ve\/site\/wp-json\/wp\/v2\/users\/1"}],"replies":[{"embeddable":true,"href":"https:\/\/digital58.com.ve\/site\/wp-json\/wp\/v2\/comments?post=85201"}],"version-history":[{"count":0,"href":"https:\/\/digital58.com.ve\/site\/wp-json\/wp\/v2\/posts\/85201\/revisions"}],"wp:featuredmedia":[{"embeddable":true,"href":"https:\/\/digital58.com.ve\/site\/wp-json\/wp\/v2\/media\/85203"}],"wp:attachment":[{"href":"https:\/\/digital58.com.ve\/site\/wp-json\/wp\/v2\/media?parent=85201"}],"wp:term":[{"taxonomy":"category","embeddable":true,"href":"https:\/\/digital58.com.ve\/site\/wp-json\/wp\/v2\/categories?post=85201"},{"taxonomy":"post_tag","embeddable":true,"href":"https:\/\/digital58.com.ve\/site\/wp-json\/wp\/v2\/tags?post=85201"}],"curies":[{"name":"wp","href":"https:\/\/api.w.org\/{rel}","templated":true}]}}