{"id":85378,"date":"2019-05-24T23:47:15","date_gmt":"2019-05-25T03:47:15","guid":{"rendered":"https:\/\/digital58.com.ve\/site\/?p=85378"},"modified":"2019-05-24T23:52:04","modified_gmt":"2019-05-25T03:52:04","slug":"zamora-fc-se-aventajo-en-el-inicio-de-la-liguilla","status":"publish","type":"post","link":"https:\/\/digital58.com.ve\/site\/2019\/05\/24\/zamora-fc-se-aventajo-en-el-inicio-de-la-liguilla\/","title":{"rendered":"\u00a1Zamora FC se aventaj\u00f3 en el inicio de la Liguilla!"},"content":{"rendered":"<p><a href=\"https:\/\/digital58.com.ve\/site\/wp-content\/uploads\/2019\/05\/zamora-mineros-2.jpg\"><img loading=\"lazy\" decoding=\"async\" class=\"aligncenter size-large wp-image-85379\" src=\"https:\/\/digital58.com.ve\/site\/wp-content\/uploads\/2019\/05\/zamora-mineros-2-1500x1000.jpg\" alt=\"\" width=\"640\" height=\"427\" srcset=\"https:\/\/digital58.com.ve\/site\/wp-content\/uploads\/2019\/05\/zamora-mineros-2-1500x1000.jpg 1500w, https:\/\/digital58.com.ve\/site\/wp-content\/uploads\/2019\/05\/zamora-mineros-2-300x200.jpg 300w, https:\/\/digital58.com.ve\/site\/wp-content\/uploads\/2019\/05\/zamora-mineros-2-768x512.jpg 768w, https:\/\/digital58.com.ve\/site\/wp-content\/uploads\/2019\/05\/zamora-mineros-2-720x480.jpg 720w, https:\/\/digital58.com.ve\/site\/wp-content\/uploads\/2019\/05\/zamora-mineros-2-480x320.jpg 480w, https:\/\/digital58.com.ve\/site\/wp-content\/uploads\/2019\/05\/zamora-mineros-2.jpg 800w\" sizes=\"auto, (max-width: 640px) 100vw, 640px\" \/><\/a><\/p>\n<p>Este viernes 24 de mayo, la \u00abFuria Llanera\u00bb enfrent\u00f3 el partido de ida por la serie de cuartos de final de la Liguilla F\u00fatVe, correspondiente al torneo Apertura 2019, ante el conjunto de Mineros de Guayana en el estadio Agust\u00edn Tovar \u00abLa Carolina\u00bb de Barinas. Este encuentro, iniciado a las seis de la tarde, culmin\u00f3 con una victoria para los \u00abBlanquinegros\u00bb gracias a un marcador de 2-1.<\/p>\n<p><strong>Barinas, Venezuela, 24 de mayo de 2019 (Noticias D58).-<\/strong> Son\u00f3 el pitazo inicial, y al min. 12, lleg\u00f3 la primera oportunidad para los \u00abBlanquinegros\u00bb: Gustavo Rojas, desde fuera del \u00e1rea, se encontr\u00f3 con el bal\u00f3n, y sin pensarlo mucho, dispar\u00f3, pero \u00e9ste apenas se fue por el costado del marco oriental.<\/p>\n<p>Sin embargo, al 24, Antonio Romero concret\u00f3 el primer gol de la serie, tras una perfecta habilitaci\u00f3n a\u00e9rea por parte de Rojas, el \u00abPistolero\u00bb recibi\u00f3 el bal\u00f3n casi en el \u00e1rea rival, y tras dejar atr\u00e1s al guardameta Luis Romero, Antonio mand\u00f3, a ras del c\u00e9sped, el bal\u00f3n a las redes de Mineros de Guayana para el 1-0, y con un triunfo parcial para los dirigidos por Jos\u00e9 Al\u00ed Ca\u00f1as, ambas oncenas se fueron al descanso.<\/p>\n<p>Comenz\u00f3 la etapa complementaria, y en el minuto 54, lleg\u00f3 otro chance para la \u00abFuria Llanera\u00bb de aventajarse en el marcador: Una mano del rival, no permiti\u00f3 que el \u00abCapi\u00bb, Jorge Ignacio Gonz\u00e1lez, concluyera una jugada prometedora en el \u00e1rea rival, por lo que el \u00e1rbitro principal, Juan Soto, decret\u00f3 la pena m\u00e1xima. Desde los 12 pasos, el mismo \u00abNacho\u00bb cobr\u00f3, de perfil izquierdo, el penalti, pero el arquero rival logr\u00f3 atajarla en el c\u00e9sped, y as\u00ed continu\u00f3 el segundo tiempo.<\/p>\n<p>No obstante, la ventaja lleg\u00f3 al 83: el reci\u00e9n ingresado Guillermo Paiva se vio habilitado por Romero, quien le envi\u00f3 el bal\u00f3n diagonal al \u00e1rea rival, y Paiva, salt\u00f3 para desviar de cabeza la esf\u00e9rica, y mandar el bal\u00f3n al costado izquierdo del portero minerista que vio caer el 2-0.<\/p>\n<p>Y, dos minutos antes de finalizar los 90 minutos reglamentarios, lleg\u00f3 el descuento por parte de Mineros: Miguel Camargo dispar\u00f3 el bal\u00f3n, frente al arco \u00abBlanquinegro\u00bb, para el 2-1. Con este resultado, favorable de manera parcial para Zamora FC, culmin\u00f3 el encuentro; ahora los dirigidos por Jos\u00e9 Al\u00ed Ca\u00f1as deber\u00e1n viajar el pr\u00f3ximo s\u00e1bado 31 de mayo para enfrentar en el CTE Cachamay, el partido de vuelta de cuartos de final.<\/p>\n<p><strong>Redacci\u00f3n con fuente: Leonardo Ramirez | Prensa Zamora FC<\/strong><br \/>\n<strong>Edici\u00f3n: Villasmil, Henry<\/strong><br \/>\n<strong>Gr\u00e1ficas: cortes\u00eda Prensa @ZamoraFutbolC<\/strong><\/p><div class=\"ebgqv69ee94260c243\" ><p style=\"text-align: center;\"><a href=\"https:\/\/t.me\/noticiasdigital58\" target=\"_blank\" rel=\"noopener\"><img class=\"aligncenter size-full wp-image-125363\" src=\"https:\/\/digital58.com.ve\/site\/wp-content\/uploads\/2021\/04\/banner-telegram-web-2021.png\" alt=\"\" width=\"600\" height=\"90\" \/><\/a><\/p><\/div><style type=\"text\/css\">\r\n@media screen and (min-width: 1201px) {\r\n.ebgqv69ee94260c243 {\r\ndisplay: block;\r\n}\r\n}\r\n@media screen and (min-width: 993px) and (max-width: 1200px) {\r\n.ebgqv69ee94260c243 {\r\ndisplay: block;\r\n}\r\n}\r\n@media screen and (min-width: 769px) and (max-width: 992px) {\r\n.ebgqv69ee94260c243 {\r\ndisplay: block;\r\n}\r\n}\r\n@media screen and (min-width: 768px) and (max-width: 768px) {\r\n.ebgqv69ee94260c243 {\r\ndisplay: block;\r\n}\r\n}\r\n@media screen and (max-width: 767px) {\r\n.ebgqv69ee94260c243 {\r\ndisplay: block;\r\n}\r\n}\r\n<\/style>\r\n\n<p><a href=\"https:\/\/digital58.com.ve\/site\/wp-content\/uploads\/2019\/05\/zamora-mineros.jpg\"><img loading=\"lazy\" decoding=\"async\" class=\"aligncenter size-large wp-image-85380\" src=\"https:\/\/digital58.com.ve\/site\/wp-content\/uploads\/2019\/05\/zamora-mineros-1500x1000.jpg\" alt=\"\" width=\"640\" height=\"427\" srcset=\"https:\/\/digital58.com.ve\/site\/wp-content\/uploads\/2019\/05\/zamora-mineros-1500x1000.jpg 1500w, https:\/\/digital58.com.ve\/site\/wp-content\/uploads\/2019\/05\/zamora-mineros-300x200.jpg 300w, https:\/\/digital58.com.ve\/site\/wp-content\/uploads\/2019\/05\/zamora-mineros-768x512.jpg 768w, https:\/\/digital58.com.ve\/site\/wp-content\/uploads\/2019\/05\/zamora-mineros-720x480.jpg 720w, https:\/\/digital58.com.ve\/site\/wp-content\/uploads\/2019\/05\/zamora-mineros-480x320.jpg 480w, https:\/\/digital58.com.ve\/site\/wp-content\/uploads\/2019\/05\/zamora-mineros.jpg 800w\" sizes=\"auto, (max-width: 640px) 100vw, 640px\" \/><\/a><\/p>\n<div style=\"margin-top: 0px; margin-bottom: 0px;\" class=\"sharethis-inline-share-buttons\" ><\/div>","protected":false},"excerpt":{"rendered":"<p>Este viernes 24 de mayo, la \u00abFuria Llanera\u00bb enfrent\u00f3 el partido de ida por la serie de cuartos de final<\/p>\n","protected":false},"author":1,"featured_media":85380,"comment_status":"open","ping_status":"closed","sticky":false,"template":"","format":"standard","meta":{"colormag_page_container_layout":"default_layout","colormag_page_sidebar_layout":"default_layout","_uag_custom_page_level_css":"","footnotes":""},"categories":[5402],"tags":[4027,13,14,15,25,10421,11939,12308,6540,233,19,11938,32,5518],"class_list":["post-85378","post","type-post","status-publish","format-standard","has-post-thumbnail","hentry","category-deportes","tag-barinas","tag-futbol","tag-futbol-venezolano","tag-futve","tag-fvf","tag-liga-futve","tag-liga-futve-2019","tag-liguilla-futve","tag-mineros-de-guayana-futbol-club","tag-nacionales","tag-primera-division","tag-torneo-apertura-2019","tag-venezuela","tag-zamora-futbol-club"],"yoast_head":"<!-- This site is optimized with the Yoast SEO plugin v27.4 - https:\/\/yoast.com\/product\/yoast-seo-wordpress\/ -->\n<title>\u00a1Zamora FC se aventaj\u00f3 en el inicio de la Liguilla!<\/title>\n<meta name=\"description\" content=\"Deportes\" \/>\n<meta name=\"robots\" content=\"index, follow, max-snippet:-1, max-image-preview:large, max-video-preview:-1\" \/>\n<link rel=\"canonical\" href=\"https:\/\/digital58.com.ve\/site\/2019\/05\/24\/zamora-fc-se-aventajo-en-el-inicio-de-la-liguilla\/\" \/>\n<meta property=\"og:locale\" content=\"es_ES\" \/>\n<meta property=\"og:type\" content=\"article\" \/>\n<meta property=\"og:title\" content=\"\u00a1Zamora FC se aventaj\u00f3 en el inicio de la Liguilla!\" \/>\n<meta property=\"og:description\" content=\"Deportes\" \/>\n<meta property=\"og:url\" content=\"https:\/\/digital58.com.ve\/site\/2019\/05\/24\/zamora-fc-se-aventajo-en-el-inicio-de-la-liguilla\/\" \/>\n<meta property=\"og:site_name\" content=\"Noticias Digital58\" \/>\n<meta property=\"article:published_time\" content=\"2019-05-25T03:47:15+00:00\" \/>\n<meta property=\"article:modified_time\" content=\"2019-05-25T03:52:04+00:00\" \/>\n<meta property=\"og:image\" content=\"https:\/\/digital58.com.ve\/site\/wp-content\/uploads\/2019\/05\/zamora-mineros.jpg\" \/>\n\t<meta property=\"og:image:width\" content=\"1500\" \/>\n\t<meta property=\"og:image:height\" content=\"1000\" \/>\n\t<meta property=\"og:image:type\" content=\"image\/jpeg\" \/>\n<meta name=\"author\" content=\"Villasmil Henry\" \/>\n<meta name=\"twitter:card\" content=\"summary_large_image\" \/>\n<meta name=\"twitter:creator\" content=\"@https:\/\/twitter.com\/villasmilhfoto\" \/>\n<meta name=\"twitter:site\" content=\"@villasmilhfoto\" \/>\n<meta name=\"twitter:label1\" content=\"Escrito por\" \/>\n\t<meta name=\"twitter:data1\" content=\"Villasmil Henry\" \/>\n\t<meta name=\"twitter:label2\" content=\"Tiempo estimado de lectura\" \/>\n\t<meta name=\"twitter:data2\" content=\"2 minutos\" \/>\n<script type=\"application\/ld+json\" class=\"yoast-schema-graph\">{\"@context\":\"https:\\\/\\\/schema.org\",\"@graph\":[{\"@type\":\"Article\",\"@id\":\"https:\\\/\\\/digital58.com.ve\\\/site\\\/2019\\\/05\\\/24\\\/zamora-fc-se-aventajo-en-el-inicio-de-la-liguilla\\\/#article\",\"isPartOf\":{\"@id\":\"https:\\\/\\\/digital58.com.ve\\\/site\\\/2019\\\/05\\\/24\\\/zamora-fc-se-aventajo-en-el-inicio-de-la-liguilla\\\/\"},\"author\":{\"name\":\"Villasmil Henry\",\"@id\":\"https:\\\/\\\/digital58.com.ve\\\/site\\\/#\\\/schema\\\/person\\\/64d1c2e4d0d4fd1b849980c4331c2951\"},\"headline\":\"\u00a1Zamora FC se aventaj\u00f3 en el inicio de la Liguilla!\",\"datePublished\":\"2019-05-25T03:47:15+00:00\",\"dateModified\":\"2019-05-25T03:52:04+00:00\",\"mainEntityOfPage\":{\"@id\":\"https:\\\/\\\/digital58.com.ve\\\/site\\\/2019\\\/05\\\/24\\\/zamora-fc-se-aventajo-en-el-inicio-de-la-liguilla\\\/\"},\"wordCount\":437,\"commentCount\":0,\"publisher\":{\"@id\":\"https:\\\/\\\/digital58.com.ve\\\/site\\\/#\\\/schema\\\/person\\\/64d1c2e4d0d4fd1b849980c4331c2951\"},\"image\":{\"@id\":\"https:\\\/\\\/digital58.com.ve\\\/site\\\/2019\\\/05\\\/24\\\/zamora-fc-se-aventajo-en-el-inicio-de-la-liguilla\\\/#primaryimage\"},\"thumbnailUrl\":\"https:\\\/\\\/digital58.com.ve\\\/site\\\/wp-content\\\/uploads\\\/2019\\\/05\\\/zamora-mineros.jpg\",\"keywords\":[\"Barinas\",\"F\u00fatbol\",\"F\u00fatbol Venezolano\",\"Futve\",\"FVF\",\"Liga F\u00fatVe\",\"Liga F\u00fatVe 2019\",\"Liguilla F\u00fatVe\",\"Mineros de Guayana F\u00fatbol Club\",\"Nacionales\",\"Primera Divisi\u00f3n\",\"Torneo Apertura 2019\",\"Venezuela\",\"Zamora F\u00fatbol Club\"],\"articleSection\":[\"Deportes\"],\"inLanguage\":\"es\",\"potentialAction\":[{\"@type\":\"CommentAction\",\"name\":\"Comment\",\"target\":[\"https:\\\/\\\/digital58.com.ve\\\/site\\\/2019\\\/05\\\/24\\\/zamora-fc-se-aventajo-en-el-inicio-de-la-liguilla\\\/#respond\"]}]},{\"@type\":\"WebPage\",\"@id\":\"https:\\\/\\\/digital58.com.ve\\\/site\\\/2019\\\/05\\\/24\\\/zamora-fc-se-aventajo-en-el-inicio-de-la-liguilla\\\/\",\"url\":\"https:\\\/\\\/digital58.com.ve\\\/site\\\/2019\\\/05\\\/24\\\/zamora-fc-se-aventajo-en-el-inicio-de-la-liguilla\\\/\",\"name\":\"\u00a1Zamora FC se aventaj\u00f3 en el inicio de la Liguilla!\",\"isPartOf\":{\"@id\":\"https:\\\/\\\/digital58.com.ve\\\/site\\\/#website\"},\"primaryImageOfPage\":{\"@id\":\"https:\\\/\\\/digital58.com.ve\\\/site\\\/2019\\\/05\\\/24\\\/zamora-fc-se-aventajo-en-el-inicio-de-la-liguilla\\\/#primaryimage\"},\"image\":{\"@id\":\"https:\\\/\\\/digital58.com.ve\\\/site\\\/2019\\\/05\\\/24\\\/zamora-fc-se-aventajo-en-el-inicio-de-la-liguilla\\\/#primaryimage\"},\"thumbnailUrl\":\"https:\\\/\\\/digital58.com.ve\\\/site\\\/wp-content\\\/uploads\\\/2019\\\/05\\\/zamora-mineros.jpg\",\"datePublished\":\"2019-05-25T03:47:15+00:00\",\"dateModified\":\"2019-05-25T03:52:04+00:00\",\"description\":\"Deportes\",\"breadcrumb\":{\"@id\":\"https:\\\/\\\/digital58.com.ve\\\/site\\\/2019\\\/05\\\/24\\\/zamora-fc-se-aventajo-en-el-inicio-de-la-liguilla\\\/#breadcrumb\"},\"inLanguage\":\"es\",\"potentialAction\":[{\"@type\":\"ReadAction\",\"target\":[\"https:\\\/\\\/digital58.com.ve\\\/site\\\/2019\\\/05\\\/24\\\/zamora-fc-se-aventajo-en-el-inicio-de-la-liguilla\\\/\"]}]},{\"@type\":\"ImageObject\",\"inLanguage\":\"es\",\"@id\":\"https:\\\/\\\/digital58.com.ve\\\/site\\\/2019\\\/05\\\/24\\\/zamora-fc-se-aventajo-en-el-inicio-de-la-liguilla\\\/#primaryimage\",\"url\":\"https:\\\/\\\/digital58.com.ve\\\/site\\\/wp-content\\\/uploads\\\/2019\\\/05\\\/zamora-mineros.jpg\",\"contentUrl\":\"https:\\\/\\\/digital58.com.ve\\\/site\\\/wp-content\\\/uploads\\\/2019\\\/05\\\/zamora-mineros.jpg\",\"width\":800,\"height\":533},{\"@type\":\"BreadcrumbList\",\"@id\":\"https:\\\/\\\/digital58.com.ve\\\/site\\\/2019\\\/05\\\/24\\\/zamora-fc-se-aventajo-en-el-inicio-de-la-liguilla\\\/#breadcrumb\",\"itemListElement\":[{\"@type\":\"ListItem\",\"position\":1,\"name\":\"Home\",\"item\":\"https:\\\/\\\/digital58.com.ve\\\/site\\\/\"},{\"@type\":\"ListItem\",\"position\":2,\"name\":\"\u00a1Zamora FC se aventaj\u00f3 en el inicio de la Liguilla!\"}]},{\"@type\":\"WebSite\",\"@id\":\"https:\\\/\\\/digital58.com.ve\\\/site\\\/#website\",\"url\":\"https:\\\/\\\/digital58.com.ve\\\/site\\\/\",\"name\":\"Noticias Digital58\",\"description\":\"Portal de Noticias \u00a1Periodismo web de verdad! Lanzamiento web 22.11.2005 \\\/ Maracaibo, Venezuela\",\"publisher\":{\"@id\":\"https:\\\/\\\/digital58.com.ve\\\/site\\\/#\\\/schema\\\/person\\\/64d1c2e4d0d4fd1b849980c4331c2951\"},\"alternateName\":\"ND58\",\"potentialAction\":[{\"@type\":\"SearchAction\",\"target\":{\"@type\":\"EntryPoint\",\"urlTemplate\":\"https:\\\/\\\/digital58.com.ve\\\/site\\\/?s={search_term_string}\"},\"query-input\":{\"@type\":\"PropertyValueSpecification\",\"valueRequired\":true,\"valueName\":\"search_term_string\"}}],\"inLanguage\":\"es\"},{\"@type\":[\"Person\",\"Organization\"],\"@id\":\"https:\\\/\\\/digital58.com.ve\\\/site\\\/#\\\/schema\\\/person\\\/64d1c2e4d0d4fd1b849980c4331c2951\",\"name\":\"Villasmil Henry\",\"image\":{\"@type\":\"ImageObject\",\"inLanguage\":\"es\",\"@id\":\"https:\\\/\\\/secure.gravatar.com\\\/avatar\\\/bb0c4a2fcb7970138239f7e404ea75757b1b507b28b5ce4c53fbd62d797c5a7c?s=96&d=mm&r=g\",\"url\":\"https:\\\/\\\/secure.gravatar.com\\\/avatar\\\/bb0c4a2fcb7970138239f7e404ea75757b1b507b28b5ce4c53fbd62d797c5a7c?s=96&d=mm&r=g\",\"contentUrl\":\"https:\\\/\\\/secure.gravatar.com\\\/avatar\\\/bb0c4a2fcb7970138239f7e404ea75757b1b507b28b5ce4c53fbd62d797c5a7c?s=96&d=mm&r=g\",\"caption\":\"Villasmil Henry\"},\"logo\":{\"@id\":\"https:\\\/\\\/secure.gravatar.com\\\/avatar\\\/bb0c4a2fcb7970138239f7e404ea75757b1b507b28b5ce4c53fbd62d797c5a7c?s=96&d=mm&r=g\"},\"sameAs\":[\"http:\\\/\\\/www.henryvillasmil.com.ve\",\"https:\\\/\\\/www.instagram.com\\\/villasmilhfoto\\\/\",\"https:\\\/\\\/x.com\\\/https:\\\/\\\/twitter.com\\\/villasmilhfoto\"],\"url\":\"https:\\\/\\\/digital58.com.ve\\\/site\\\/author\\\/droopy_68\\\/\"}]}<\/script>\n<!-- \/ Yoast SEO plugin. -->","yoast_head_json":{"title":"\u00a1Zamora FC se aventaj\u00f3 en el inicio de la Liguilla!","description":"Deportes","robots":{"index":"index","follow":"follow","max-snippet":"max-snippet:-1","max-image-preview":"max-image-preview:large","max-video-preview":"max-video-preview:-1"},"canonical":"https:\/\/digital58.com.ve\/site\/2019\/05\/24\/zamora-fc-se-aventajo-en-el-inicio-de-la-liguilla\/","og_locale":"es_ES","og_type":"article","og_title":"\u00a1Zamora FC se aventaj\u00f3 en el inicio de la Liguilla!","og_description":"Deportes","og_url":"https:\/\/digital58.com.ve\/site\/2019\/05\/24\/zamora-fc-se-aventajo-en-el-inicio-de-la-liguilla\/","og_site_name":"Noticias Digital58","article_published_time":"2019-05-25T03:47:15+00:00","article_modified_time":"2019-05-25T03:52:04+00:00","og_image":[{"width":1500,"height":1000,"url":"https:\/\/digital58.com.ve\/site\/wp-content\/uploads\/2019\/05\/zamora-mineros.jpg","type":"image\/jpeg"}],"author":"Villasmil Henry","twitter_card":"summary_large_image","twitter_creator":"@https:\/\/twitter.com\/villasmilhfoto","twitter_site":"@villasmilhfoto","twitter_misc":{"Escrito por":"Villasmil Henry","Tiempo estimado de lectura":"2 minutos"},"schema":{"@context":"https:\/\/schema.org","@graph":[{"@type":"Article","@id":"https:\/\/digital58.com.ve\/site\/2019\/05\/24\/zamora-fc-se-aventajo-en-el-inicio-de-la-liguilla\/#article","isPartOf":{"@id":"https:\/\/digital58.com.ve\/site\/2019\/05\/24\/zamora-fc-se-aventajo-en-el-inicio-de-la-liguilla\/"},"author":{"name":"Villasmil Henry","@id":"https:\/\/digital58.com.ve\/site\/#\/schema\/person\/64d1c2e4d0d4fd1b849980c4331c2951"},"headline":"\u00a1Zamora FC se aventaj\u00f3 en el inicio de la Liguilla!","datePublished":"2019-05-25T03:47:15+00:00","dateModified":"2019-05-25T03:52:04+00:00","mainEntityOfPage":{"@id":"https:\/\/digital58.com.ve\/site\/2019\/05\/24\/zamora-fc-se-aventajo-en-el-inicio-de-la-liguilla\/"},"wordCount":437,"commentCount":0,"publisher":{"@id":"https:\/\/digital58.com.ve\/site\/#\/schema\/person\/64d1c2e4d0d4fd1b849980c4331c2951"},"image":{"@id":"https:\/\/digital58.com.ve\/site\/2019\/05\/24\/zamora-fc-se-aventajo-en-el-inicio-de-la-liguilla\/#primaryimage"},"thumbnailUrl":"https:\/\/digital58.com.ve\/site\/wp-content\/uploads\/2019\/05\/zamora-mineros.jpg","keywords":["Barinas","F\u00fatbol","F\u00fatbol Venezolano","Futve","FVF","Liga F\u00fatVe","Liga F\u00fatVe 2019","Liguilla F\u00fatVe","Mineros de Guayana F\u00fatbol Club","Nacionales","Primera Divisi\u00f3n","Torneo Apertura 2019","Venezuela","Zamora F\u00fatbol Club"],"articleSection":["Deportes"],"inLanguage":"es","potentialAction":[{"@type":"CommentAction","name":"Comment","target":["https:\/\/digital58.com.ve\/site\/2019\/05\/24\/zamora-fc-se-aventajo-en-el-inicio-de-la-liguilla\/#respond"]}]},{"@type":"WebPage","@id":"https:\/\/digital58.com.ve\/site\/2019\/05\/24\/zamora-fc-se-aventajo-en-el-inicio-de-la-liguilla\/","url":"https:\/\/digital58.com.ve\/site\/2019\/05\/24\/zamora-fc-se-aventajo-en-el-inicio-de-la-liguilla\/","name":"\u00a1Zamora FC se aventaj\u00f3 en el inicio de la Liguilla!","isPartOf":{"@id":"https:\/\/digital58.com.ve\/site\/#website"},"primaryImageOfPage":{"@id":"https:\/\/digital58.com.ve\/site\/2019\/05\/24\/zamora-fc-se-aventajo-en-el-inicio-de-la-liguilla\/#primaryimage"},"image":{"@id":"https:\/\/digital58.com.ve\/site\/2019\/05\/24\/zamora-fc-se-aventajo-en-el-inicio-de-la-liguilla\/#primaryimage"},"thumbnailUrl":"https:\/\/digital58.com.ve\/site\/wp-content\/uploads\/2019\/05\/zamora-mineros.jpg","datePublished":"2019-05-25T03:47:15+00:00","dateModified":"2019-05-25T03:52:04+00:00","description":"Deportes","breadcrumb":{"@id":"https:\/\/digital58.com.ve\/site\/2019\/05\/24\/zamora-fc-se-aventajo-en-el-inicio-de-la-liguilla\/#breadcrumb"},"inLanguage":"es","potentialAction":[{"@type":"ReadAction","target":["https:\/\/digital58.com.ve\/site\/2019\/05\/24\/zamora-fc-se-aventajo-en-el-inicio-de-la-liguilla\/"]}]},{"@type":"ImageObject","inLanguage":"es","@id":"https:\/\/digital58.com.ve\/site\/2019\/05\/24\/zamora-fc-se-aventajo-en-el-inicio-de-la-liguilla\/#primaryimage","url":"https:\/\/digital58.com.ve\/site\/wp-content\/uploads\/2019\/05\/zamora-mineros.jpg","contentUrl":"https:\/\/digital58.com.ve\/site\/wp-content\/uploads\/2019\/05\/zamora-mineros.jpg","width":800,"height":533},{"@type":"BreadcrumbList","@id":"https:\/\/digital58.com.ve\/site\/2019\/05\/24\/zamora-fc-se-aventajo-en-el-inicio-de-la-liguilla\/#breadcrumb","itemListElement":[{"@type":"ListItem","position":1,"name":"Home","item":"https:\/\/digital58.com.ve\/site\/"},{"@type":"ListItem","position":2,"name":"\u00a1Zamora FC se aventaj\u00f3 en el inicio de la Liguilla!"}]},{"@type":"WebSite","@id":"https:\/\/digital58.com.ve\/site\/#website","url":"https:\/\/digital58.com.ve\/site\/","name":"Noticias Digital58","description":"Portal de Noticias \u00a1Periodismo web de verdad! Lanzamiento web 22.11.2005 \/ Maracaibo, Venezuela","publisher":{"@id":"https:\/\/digital58.com.ve\/site\/#\/schema\/person\/64d1c2e4d0d4fd1b849980c4331c2951"},"alternateName":"ND58","potentialAction":[{"@type":"SearchAction","target":{"@type":"EntryPoint","urlTemplate":"https:\/\/digital58.com.ve\/site\/?s={search_term_string}"},"query-input":{"@type":"PropertyValueSpecification","valueRequired":true,"valueName":"search_term_string"}}],"inLanguage":"es"},{"@type":["Person","Organization"],"@id":"https:\/\/digital58.com.ve\/site\/#\/schema\/person\/64d1c2e4d0d4fd1b849980c4331c2951","name":"Villasmil Henry","image":{"@type":"ImageObject","inLanguage":"es","@id":"https:\/\/secure.gravatar.com\/avatar\/bb0c4a2fcb7970138239f7e404ea75757b1b507b28b5ce4c53fbd62d797c5a7c?s=96&d=mm&r=g","url":"https:\/\/secure.gravatar.com\/avatar\/bb0c4a2fcb7970138239f7e404ea75757b1b507b28b5ce4c53fbd62d797c5a7c?s=96&d=mm&r=g","contentUrl":"https:\/\/secure.gravatar.com\/avatar\/bb0c4a2fcb7970138239f7e404ea75757b1b507b28b5ce4c53fbd62d797c5a7c?s=96&d=mm&r=g","caption":"Villasmil Henry"},"logo":{"@id":"https:\/\/secure.gravatar.com\/avatar\/bb0c4a2fcb7970138239f7e404ea75757b1b507b28b5ce4c53fbd62d797c5a7c?s=96&d=mm&r=g"},"sameAs":["http:\/\/www.henryvillasmil.com.ve","https:\/\/www.instagram.com\/villasmilhfoto\/","https:\/\/x.com\/https:\/\/twitter.com\/villasmilhfoto"],"url":"https:\/\/digital58.com.ve\/site\/author\/droopy_68\/"}]}},"uagb_featured_image_src":{"full":["https:\/\/digital58.com.ve\/site\/wp-content\/uploads\/2019\/05\/zamora-mineros.jpg",800,533,false],"thumbnail":["https:\/\/digital58.com.ve\/site\/wp-content\/uploads\/2019\/05\/zamora-mineros-150x150.jpg",150,150,true],"medium":["https:\/\/digital58.com.ve\/site\/wp-content\/uploads\/2019\/05\/zamora-mineros-300x200.jpg",300,200,true],"medium_large":["https:\/\/digital58.com.ve\/site\/wp-content\/uploads\/2019\/05\/zamora-mineros-768x512.jpg",768,512,true],"large":["https:\/\/digital58.com.ve\/site\/wp-content\/uploads\/2019\/05\/zamora-mineros-1500x1000.jpg",800,533,true],"1536x1536":["https:\/\/digital58.com.ve\/site\/wp-content\/uploads\/2019\/05\/zamora-mineros.jpg",800,533,false],"2048x2048":["https:\/\/digital58.com.ve\/site\/wp-content\/uploads\/2019\/05\/zamora-mineros.jpg",800,533,false],"colormag-highlighted-post":["https:\/\/digital58.com.ve\/site\/wp-content\/uploads\/2019\/05\/zamora-mineros.jpg",392,261,false],"colormag-featured-post-medium":["https:\/\/digital58.com.ve\/site\/wp-content\/uploads\/2019\/05\/zamora-mineros.jpg",308,205,false],"colormag-featured-post-small":["https:\/\/digital58.com.ve\/site\/wp-content\/uploads\/2019\/05\/zamora-mineros.jpg",130,87,false],"colormag-featured-image":["https:\/\/digital58.com.ve\/site\/wp-content\/uploads\/2019\/05\/zamora-mineros.jpg",668,445,false],"colormag-default-news":["https:\/\/digital58.com.ve\/site\/wp-content\/uploads\/2019\/05\/zamora-mineros.jpg",150,100,false],"colormag-featured-image-large":["https:\/\/digital58.com.ve\/site\/wp-content\/uploads\/2019\/05\/zamora-mineros.jpg",800,533,false]},"uagb_author_info":{"display_name":"Villasmil Henry","author_link":"https:\/\/digital58.com.ve\/site\/author\/droopy_68\/"},"uagb_comment_info":0,"uagb_excerpt":"Este viernes 24 de mayo, la \u00abFuria Llanera\u00bb enfrent\u00f3 el partido de ida por la serie de cuartos de final","_links":{"self":[{"href":"https:\/\/digital58.com.ve\/site\/wp-json\/wp\/v2\/posts\/85378","targetHints":{"allow":["GET"]}}],"collection":[{"href":"https:\/\/digital58.com.ve\/site\/wp-json\/wp\/v2\/posts"}],"about":[{"href":"https:\/\/digital58.com.ve\/site\/wp-json\/wp\/v2\/types\/post"}],"author":[{"embeddable":true,"href":"https:\/\/digital58.com.ve\/site\/wp-json\/wp\/v2\/users\/1"}],"replies":[{"embeddable":true,"href":"https:\/\/digital58.com.ve\/site\/wp-json\/wp\/v2\/comments?post=85378"}],"version-history":[{"count":0,"href":"https:\/\/digital58.com.ve\/site\/wp-json\/wp\/v2\/posts\/85378\/revisions"}],"wp:featuredmedia":[{"embeddable":true,"href":"https:\/\/digital58.com.ve\/site\/wp-json\/wp\/v2\/media\/85380"}],"wp:attachment":[{"href":"https:\/\/digital58.com.ve\/site\/wp-json\/wp\/v2\/media?parent=85378"}],"wp:term":[{"taxonomy":"category","embeddable":true,"href":"https:\/\/digital58.com.ve\/site\/wp-json\/wp\/v2\/categories?post=85378"},{"taxonomy":"post_tag","embeddable":true,"href":"https:\/\/digital58.com.ve\/site\/wp-json\/wp\/v2\/tags?post=85378"}],"curies":[{"name":"wp","href":"https:\/\/api.w.org\/{rel}","templated":true}]}}