{"id":85627,"date":"2019-06-15T11:42:10","date_gmt":"2019-06-15T15:42:10","guid":{"rendered":"https:\/\/digital58.com.ve\/site\/?p=85627"},"modified":"2019-06-15T11:42:10","modified_gmt":"2019-06-15T15:42:10","slug":"rafael-dudamel-hemos-venido-a-ser-protagonistas-de-la-copa-america","status":"publish","type":"post","link":"https:\/\/digital58.com.ve\/site\/2019\/06\/15\/rafael-dudamel-hemos-venido-a-ser-protagonistas-de-la-copa-america\/","title":{"rendered":"Rafael Dudamel: \u00abHemos venido a ser protagonistas de la Copa Am\u00e9rica\u00bb"},"content":{"rendered":"<p><a href=\"https:\/\/digital58.com.ve\/site\/wp-content\/uploads\/2019\/06\/dudamel.jpg\"><img loading=\"lazy\" decoding=\"async\" class=\"aligncenter size-large wp-image-85628\" src=\"https:\/\/digital58.com.ve\/site\/wp-content\/uploads\/2019\/06\/dudamel-1500x1001.jpg\" alt=\"\" width=\"640\" height=\"427\" srcset=\"https:\/\/digital58.com.ve\/site\/wp-content\/uploads\/2019\/06\/dudamel-1500x1001.jpg 1500w, https:\/\/digital58.com.ve\/site\/wp-content\/uploads\/2019\/06\/dudamel-300x200.jpg 300w, https:\/\/digital58.com.ve\/site\/wp-content\/uploads\/2019\/06\/dudamel-768x513.jpg 768w, https:\/\/digital58.com.ve\/site\/wp-content\/uploads\/2019\/06\/dudamel-720x480.jpg 720w, https:\/\/digital58.com.ve\/site\/wp-content\/uploads\/2019\/06\/dudamel-480x320.jpg 480w, https:\/\/digital58.com.ve\/site\/wp-content\/uploads\/2019\/06\/dudamel.jpg 800w\" sizes=\"auto, (max-width: 640px) 100vw, 640px\" \/><\/a><\/p>\n<p>El estratega habl\u00f3 en rueda de prensa sobre el primer partido de Venezuela en el certamen para debutar en el Grupo A. Este viernes en horas de la tarde, la Vinotinto reconoci\u00f3 el estadio Arena Do Gremio en Porto Alegre, pero previamente el seleccionador nacional Rafael Dudamel en conjunto con Roberto Rosales atendieron a los medios de comunicaci\u00f3n.<\/p>\n<p><strong>Porto Alegre, Brasil, 15 de junio de 2019 (Noticias D58).-<\/strong> El estratega, asegur\u00f3 sentirse contento por las tres semanas de preparaci\u00f3n con gran parte del plantel, siendo algo in\u00e9dito e importante de cara al certamen. \u00abHemos tenido la buena oportunidad de estar un buen tiempo juntos, que no es normal dentro de la selecci\u00f3n absoluta porque los tiempos son cortos generalmente\u00bb, dijo.<\/p>\n<p><strong>D\u00eda de debut<\/strong><\/p>\n<p>Hoy s\u00e1bado, la Vinotinto tendr\u00e1 su primera presentaci\u00f3n y enfrentar\u00e1 a Per\u00fa para cerrar la jornada 1 del Grupo A. Los partidos ante los incas siempre suelen ser parejos y esta vez no ser\u00e1 la excepci\u00f3n, pero quien gane tendr\u00e1 una amplia ventaja para afrontar los otros compromisos.<\/p>\n<p>\u00abVamos a enfrentar un rival, que fue uno de los representantes de Conmebol en el \u00faltimo Mundial, de ah\u00ed todo nuestro respeto. Intentar\u00e1 como nosotros avanzar de ronda. Somos conscientes de lo importante que en estas competencias cortas es el primer partido\u00bb, indic\u00f3.<\/p>\n<p>Rafael Dudamel junto a su cuerpo t\u00e9cnico ha podido consolidar m\u00e1s all\u00e1 de una selecci\u00f3n, a una familia que ha ido mostrando inmenso crecimiento en cada encuentro, buscando sacar lo mejor de los futbolistas elegidos y es por ello que pensar en la victoria siempre ser\u00e1 fundamental para alcanzarla.<\/p>\n<p>\u00abCuando tienes la labor de seleccionar dentro de 40 futbolistas, solamente 23 y con tanta capacidad, que vienen de un rol protag\u00f3nico determinante en sus clubes, tienes que atreverte. Hemos venido a ser protagonistas de la Copa y despedirnos el 7 de julio\u00bb, expres\u00f3 muy convencido el estratega.<\/p>\n<p>Aun as\u00ed reconoce la intensidad con la que se vive el f\u00fatbol en Sudam\u00e9rica, pero el momento hist\u00f3rico de la selecci\u00f3n llama a hacer grandes cosas. \u00abEntendiendo que hay que tener respeto por los rivales y sabiendo la gran exigencia y dificultad que es jugar en Sudam\u00e9rica, pero es un buen momento para ganar y estamos preparados para empezar a competir ma\u00f1ana\u00bb.<\/p>\n<p><strong>Experiencia mundialista<\/strong><\/p>\n<p>Posterior al compromiso ante Estados Unidos donde Venezuela gole\u00f3 0-3 en Cincinnati, se anunci\u00f3 un refuerzo de lujo al contar ahora con la incorporaci\u00f3n de Francisco \u00abPacho\u00bb Maturana dentro del cuerpo t\u00e9cnico, quien le brindar\u00e1 a la Vinotinto toda su sabidur\u00eda para alcanzar los objetivos tanto en copa como en el camino hacia Qatar 2022.<\/p>\n<p>\u00abAhora en nuestra mesa se puede escuchar las an\u00e9cdotas de c\u00f3mo lograr la clasificaci\u00f3n a un Mundial de mayores, se enriquecen las conversaciones con nuestros futbolistas y cuerpo t\u00e9cnico al contar c\u00f3mo ser campe\u00f3n de Copa Libertadores, c\u00f3mo es entrenar en Europa o de c\u00f3mo gestionar el personal humano. Nos ha enriquecido dentro y fuera de la cancha. Es un lujo para nosotros tenerlo\u00bb, cont\u00f3.<\/p>\n<p><strong>Estudio de Per\u00fa<\/strong><\/p>\n<p>La selecci\u00f3n dirigida por Ricardo Gareca se encuentra en un buen momento y con crecimiento tras disputar el pasado Mundial de Rusia, por lo que ahora querr\u00e1 continuar con los resultados positivos, siendo Paolo Guerrero la figura principal de los incas.<\/p>\n<p>\u00abCon una selecci\u00f3n de buen rendimiento y mundialista tienes que enfocarte en cada uno de sus integrantes. Reconocemos la capacidad de Paolo de jugar de espaldas al arco, de aprovechar cada oportunidad en el \u00e1rea. Hemos trabajado para poder contrarrestarle, entendiendo que es el colectivo que hay que buscar superar\u00bb, dijo Dudamel.<\/p>\n<p>Para Rafael Dudamel, \u00abEl Tigre\u201d\u00bb es un t\u00e9cnico respetable que \u00abinvita al \u00absi se puede\u00bb. Si volvi\u00f3 Per\u00fa luego de 30 a\u00f1os, lo hizo Bolivia en su momento, ahora es nuestro turno. Estamos llamados a aprovechar las oportunidades y vamos a luchar por cada punto, no s\u00f3lo para la Copa Am\u00e9rica sino Qatar 2022\u00bb, expres\u00f3.<\/p>\n<p>Los tres enfrentamientos entre ambas selecciones tienen un saldo favorable para Per\u00fa con dos empates y una victoria, siendo el \u00faltimo partido en marzo de 2017. Para el seleccionador nacional, desde ese momento hasta el presente \u00abhemos madurado mucho y alcanzado un nivel jer\u00e1rquico y de oficio para manejar resultados. El colectivo es m\u00e1s fuerte. Siempre estos partidos son muy parejos y re\u00f1idos\u00bb.<\/p>\n<p><strong>Equilibrio<\/strong><\/p>\n<p>Ya con todos los convocados a disposici\u00f3n del cuerpo t\u00e9cnico, ahora s\u00f3lo queda recoger los frutos de una gran preparaci\u00f3n mediante el llamado de 23 futbolistas que dar\u00e1n todo para representar al pa\u00eds.<\/p>\n<p>\u00abSon 23 campeones que est\u00e1n felices de estar en la selecci\u00f3n y que han sido elegidos para competir en cada partido. He buscado una selecci\u00f3n equilibrada y que ya est\u00e1 deseosa de competir el d\u00eda de ma\u00f1ana\u00bb, dijo Dudamel.<\/p>\n<p><strong>Mezcla de juventud y experiencia<\/strong><\/p>\n<p>Para el defensor venezolano Roberto Rosales, el hecho de contar con jugadores de experiencia en este certamen le da un plus a la selecci\u00f3n para salir de ciertos momentos que se puedan presentar. Adem\u00e1s destac\u00f3 la \u00abexcelente preparaci\u00f3n\u201d\u00bb realizada en Estados Unidos.<\/p>\n<p>\u00abSiendo de los m\u00e1s experimentados de la selecci\u00f3n junto a Tom\u00e1s, Salom\u00f3n y Luisma, tenemos la obligaci\u00f3n de orientar un poco a los m\u00e1s j\u00f3venes. Es una responsabilidad linda, pero esto no va a depender de uno s\u00f3lo sino de todos poder conseguir una buena Copa\u00bb, expres\u00f3.<\/p><div class=\"bupne69f3f6e57e11e\" ><p style=\"text-align: center;\"><a href=\"https:\/\/t.me\/noticiasdigital58\" target=\"_blank\" rel=\"noopener\"><img class=\"aligncenter size-full wp-image-125363\" src=\"https:\/\/digital58.com.ve\/site\/wp-content\/uploads\/2021\/04\/banner-telegram-web-2021.png\" alt=\"\" width=\"600\" height=\"90\" \/><\/a><\/p><\/div><style type=\"text\/css\">\r\n@media screen and (min-width: 1201px) {\r\n.bupne69f3f6e57e11e {\r\ndisplay: block;\r\n}\r\n}\r\n@media screen and (min-width: 993px) and (max-width: 1200px) {\r\n.bupne69f3f6e57e11e {\r\ndisplay: block;\r\n}\r\n}\r\n@media screen and (min-width: 769px) and (max-width: 992px) {\r\n.bupne69f3f6e57e11e {\r\ndisplay: block;\r\n}\r\n}\r\n@media screen and (min-width: 768px) and (max-width: 768px) {\r\n.bupne69f3f6e57e11e {\r\ndisplay: block;\r\n}\r\n}\r\n@media screen and (max-width: 767px) {\r\n.bupne69f3f6e57e11e {\r\ndisplay: block;\r\n}\r\n}\r\n<\/style>\r\n\n<p><strong>Redacci\u00f3n con fuente: Prensa Vinotinto<\/strong><br \/>\n<strong>Edici\u00f3n: Villasmil, Henry<\/strong><br \/>\n<strong>Gr\u00e1fica: AFP<\/strong><\/p>\n<div style=\"margin-top: 0px; margin-bottom: 0px;\" class=\"sharethis-inline-share-buttons\" ><\/div>","protected":false},"excerpt":{"rendered":"<p>El estratega habl\u00f3 en rueda de prensa sobre el primer partido de Venezuela en el certamen para debutar en el<\/p>\n","protected":false},"author":1,"featured_media":85628,"comment_status":"open","ping_status":"closed","sticky":false,"template":"","format":"standard","meta":{"colormag_page_container_layout":"default_layout","colormag_page_sidebar_layout":"default_layout","_uag_custom_page_level_css":"","footnotes":""},"categories":[5402],"tags":[35,7158,11970,13,14,25,4341,187,188,12359,331,32],"class_list":["post-85627","post","type-post","status-publish","format-standard","has-post-thumbnail","hentry","category-deportes","tag-brasil","tag-copa-america","tag-copa-america-2019","tag-futbol","tag-futbol-venezolano","tag-fvf","tag-grupo-a","tag-la-vinotinto","tag-rafael-dudamel","tag-roberto-rosales","tag-seleccion-nacional-de-futbol","tag-venezuela"],"yoast_head":"<!-- This site is optimized with the Yoast SEO plugin v27.5 - https:\/\/yoast.com\/product\/yoast-seo-wordpress\/ -->\n<title>Rafael Dudamel: \u00abHemos venido a ser protagonistas de la Copa Am\u00e9rica\u00bb<\/title>\n<meta name=\"description\" content=\"Deportes\" \/>\n<meta name=\"robots\" content=\"index, follow, max-snippet:-1, max-image-preview:large, max-video-preview:-1\" \/>\n<link rel=\"canonical\" href=\"https:\/\/digital58.com.ve\/site\/2019\/06\/15\/rafael-dudamel-hemos-venido-a-ser-protagonistas-de-la-copa-america\/\" \/>\n<meta property=\"og:locale\" content=\"es_ES\" \/>\n<meta property=\"og:type\" content=\"article\" \/>\n<meta property=\"og:title\" content=\"Rafael Dudamel: \u00abHemos venido a ser protagonistas de la Copa Am\u00e9rica\u00bb\" \/>\n<meta property=\"og:description\" content=\"Deportes\" \/>\n<meta property=\"og:url\" content=\"https:\/\/digital58.com.ve\/site\/2019\/06\/15\/rafael-dudamel-hemos-venido-a-ser-protagonistas-de-la-copa-america\/\" \/>\n<meta property=\"og:site_name\" content=\"Noticias Digital58\" \/>\n<meta property=\"article:published_time\" content=\"2019-06-15T15:42:10+00:00\" \/>\n<meta property=\"og:image\" content=\"https:\/\/digital58.com.ve\/site\/wp-content\/uploads\/2019\/06\/dudamel.jpg\" \/>\n\t<meta property=\"og:image:width\" content=\"1500\" \/>\n\t<meta property=\"og:image:height\" content=\"1001\" \/>\n\t<meta property=\"og:image:type\" content=\"image\/jpeg\" \/>\n<meta name=\"author\" content=\"Villasmil Henry\" \/>\n<meta name=\"twitter:card\" content=\"summary_large_image\" \/>\n<meta name=\"twitter:creator\" content=\"@https:\/\/twitter.com\/villasmilhfoto\" \/>\n<meta name=\"twitter:site\" content=\"@villasmilhfoto\" \/>\n<meta name=\"twitter:label1\" content=\"Escrito por\" \/>\n\t<meta name=\"twitter:data1\" content=\"Villasmil Henry\" \/>\n\t<meta name=\"twitter:label2\" content=\"Tiempo estimado de lectura\" \/>\n\t<meta name=\"twitter:data2\" content=\"5 minutos\" \/>\n<script type=\"application\/ld+json\" class=\"yoast-schema-graph\">{\"@context\":\"https:\\\/\\\/schema.org\",\"@graph\":[{\"@type\":\"Article\",\"@id\":\"https:\\\/\\\/digital58.com.ve\\\/site\\\/2019\\\/06\\\/15\\\/rafael-dudamel-hemos-venido-a-ser-protagonistas-de-la-copa-america\\\/#article\",\"isPartOf\":{\"@id\":\"https:\\\/\\\/digital58.com.ve\\\/site\\\/2019\\\/06\\\/15\\\/rafael-dudamel-hemos-venido-a-ser-protagonistas-de-la-copa-america\\\/\"},\"author\":{\"name\":\"Villasmil Henry\",\"@id\":\"https:\\\/\\\/digital58.com.ve\\\/site\\\/#\\\/schema\\\/person\\\/64d1c2e4d0d4fd1b849980c4331c2951\"},\"headline\":\"Rafael Dudamel: \u00abHemos venido a ser protagonistas de la Copa Am\u00e9rica\u00bb\",\"datePublished\":\"2019-06-15T15:42:10+00:00\",\"mainEntityOfPage\":{\"@id\":\"https:\\\/\\\/digital58.com.ve\\\/site\\\/2019\\\/06\\\/15\\\/rafael-dudamel-hemos-venido-a-ser-protagonistas-de-la-copa-america\\\/\"},\"wordCount\":950,\"commentCount\":0,\"publisher\":{\"@id\":\"https:\\\/\\\/digital58.com.ve\\\/site\\\/#\\\/schema\\\/person\\\/64d1c2e4d0d4fd1b849980c4331c2951\"},\"image\":{\"@id\":\"https:\\\/\\\/digital58.com.ve\\\/site\\\/2019\\\/06\\\/15\\\/rafael-dudamel-hemos-venido-a-ser-protagonistas-de-la-copa-america\\\/#primaryimage\"},\"thumbnailUrl\":\"https:\\\/\\\/digital58.com.ve\\\/site\\\/wp-content\\\/uploads\\\/2019\\\/06\\\/dudamel.jpg\",\"keywords\":[\"Brasil\",\"Copa Am\u00e9rica\",\"Copa Am\u00e9rica 2019\",\"F\u00fatbol\",\"F\u00fatbol Venezolano\",\"FVF\",\"Grupo A\",\"La Vinotinto\",\"Rafael Dudamel\",\"Roberto Rosales\",\"Selecci\u00f3n Nacional de F\u00fatbol\",\"Venezuela\"],\"articleSection\":[\"Deportes\"],\"inLanguage\":\"es\",\"potentialAction\":[{\"@type\":\"CommentAction\",\"name\":\"Comment\",\"target\":[\"https:\\\/\\\/digital58.com.ve\\\/site\\\/2019\\\/06\\\/15\\\/rafael-dudamel-hemos-venido-a-ser-protagonistas-de-la-copa-america\\\/#respond\"]}]},{\"@type\":\"WebPage\",\"@id\":\"https:\\\/\\\/digital58.com.ve\\\/site\\\/2019\\\/06\\\/15\\\/rafael-dudamel-hemos-venido-a-ser-protagonistas-de-la-copa-america\\\/\",\"url\":\"https:\\\/\\\/digital58.com.ve\\\/site\\\/2019\\\/06\\\/15\\\/rafael-dudamel-hemos-venido-a-ser-protagonistas-de-la-copa-america\\\/\",\"name\":\"Rafael Dudamel: \u00abHemos venido a ser protagonistas de la Copa Am\u00e9rica\u00bb\",\"isPartOf\":{\"@id\":\"https:\\\/\\\/digital58.com.ve\\\/site\\\/#website\"},\"primaryImageOfPage\":{\"@id\":\"https:\\\/\\\/digital58.com.ve\\\/site\\\/2019\\\/06\\\/15\\\/rafael-dudamel-hemos-venido-a-ser-protagonistas-de-la-copa-america\\\/#primaryimage\"},\"image\":{\"@id\":\"https:\\\/\\\/digital58.com.ve\\\/site\\\/2019\\\/06\\\/15\\\/rafael-dudamel-hemos-venido-a-ser-protagonistas-de-la-copa-america\\\/#primaryimage\"},\"thumbnailUrl\":\"https:\\\/\\\/digital58.com.ve\\\/site\\\/wp-content\\\/uploads\\\/2019\\\/06\\\/dudamel.jpg\",\"datePublished\":\"2019-06-15T15:42:10+00:00\",\"description\":\"Deportes\",\"breadcrumb\":{\"@id\":\"https:\\\/\\\/digital58.com.ve\\\/site\\\/2019\\\/06\\\/15\\\/rafael-dudamel-hemos-venido-a-ser-protagonistas-de-la-copa-america\\\/#breadcrumb\"},\"inLanguage\":\"es\",\"potentialAction\":[{\"@type\":\"ReadAction\",\"target\":[\"https:\\\/\\\/digital58.com.ve\\\/site\\\/2019\\\/06\\\/15\\\/rafael-dudamel-hemos-venido-a-ser-protagonistas-de-la-copa-america\\\/\"]}]},{\"@type\":\"ImageObject\",\"inLanguage\":\"es\",\"@id\":\"https:\\\/\\\/digital58.com.ve\\\/site\\\/2019\\\/06\\\/15\\\/rafael-dudamel-hemos-venido-a-ser-protagonistas-de-la-copa-america\\\/#primaryimage\",\"url\":\"https:\\\/\\\/digital58.com.ve\\\/site\\\/wp-content\\\/uploads\\\/2019\\\/06\\\/dudamel.jpg\",\"contentUrl\":\"https:\\\/\\\/digital58.com.ve\\\/site\\\/wp-content\\\/uploads\\\/2019\\\/06\\\/dudamel.jpg\",\"width\":800,\"height\":534},{\"@type\":\"BreadcrumbList\",\"@id\":\"https:\\\/\\\/digital58.com.ve\\\/site\\\/2019\\\/06\\\/15\\\/rafael-dudamel-hemos-venido-a-ser-protagonistas-de-la-copa-america\\\/#breadcrumb\",\"itemListElement\":[{\"@type\":\"ListItem\",\"position\":1,\"name\":\"Home\",\"item\":\"https:\\\/\\\/digital58.com.ve\\\/site\\\/\"},{\"@type\":\"ListItem\",\"position\":2,\"name\":\"Rafael Dudamel: \u00abHemos venido a ser protagonistas de la Copa Am\u00e9rica\u00bb\"}]},{\"@type\":\"WebSite\",\"@id\":\"https:\\\/\\\/digital58.com.ve\\\/site\\\/#website\",\"url\":\"https:\\\/\\\/digital58.com.ve\\\/site\\\/\",\"name\":\"Noticias Digital58\",\"description\":\"Portal de Noticias \u00a1Periodismo web de verdad! Lanzamiento web 22.11.2005 \\\/ Maracaibo, Venezuela\",\"publisher\":{\"@id\":\"https:\\\/\\\/digital58.com.ve\\\/site\\\/#\\\/schema\\\/person\\\/64d1c2e4d0d4fd1b849980c4331c2951\"},\"alternateName\":\"ND58\",\"potentialAction\":[{\"@type\":\"SearchAction\",\"target\":{\"@type\":\"EntryPoint\",\"urlTemplate\":\"https:\\\/\\\/digital58.com.ve\\\/site\\\/?s={search_term_string}\"},\"query-input\":{\"@type\":\"PropertyValueSpecification\",\"valueRequired\":true,\"valueName\":\"search_term_string\"}}],\"inLanguage\":\"es\"},{\"@type\":[\"Person\",\"Organization\"],\"@id\":\"https:\\\/\\\/digital58.com.ve\\\/site\\\/#\\\/schema\\\/person\\\/64d1c2e4d0d4fd1b849980c4331c2951\",\"name\":\"Villasmil Henry\",\"image\":{\"@type\":\"ImageObject\",\"inLanguage\":\"es\",\"@id\":\"https:\\\/\\\/secure.gravatar.com\\\/avatar\\\/bb0c4a2fcb7970138239f7e404ea75757b1b507b28b5ce4c53fbd62d797c5a7c?s=96&d=mm&r=g\",\"url\":\"https:\\\/\\\/secure.gravatar.com\\\/avatar\\\/bb0c4a2fcb7970138239f7e404ea75757b1b507b28b5ce4c53fbd62d797c5a7c?s=96&d=mm&r=g\",\"contentUrl\":\"https:\\\/\\\/secure.gravatar.com\\\/avatar\\\/bb0c4a2fcb7970138239f7e404ea75757b1b507b28b5ce4c53fbd62d797c5a7c?s=96&d=mm&r=g\",\"caption\":\"Villasmil Henry\"},\"logo\":{\"@id\":\"https:\\\/\\\/secure.gravatar.com\\\/avatar\\\/bb0c4a2fcb7970138239f7e404ea75757b1b507b28b5ce4c53fbd62d797c5a7c?s=96&d=mm&r=g\"},\"sameAs\":[\"http:\\\/\\\/www.henryvillasmil.com.ve\",\"https:\\\/\\\/www.instagram.com\\\/villasmilhfoto\\\/\",\"https:\\\/\\\/x.com\\\/https:\\\/\\\/twitter.com\\\/villasmilhfoto\"],\"url\":\"https:\\\/\\\/digital58.com.ve\\\/site\\\/author\\\/droopy_68\\\/\"}]}<\/script>\n<!-- \/ Yoast SEO plugin. -->","yoast_head_json":{"title":"Rafael Dudamel: \u00abHemos venido a ser protagonistas de la Copa Am\u00e9rica\u00bb","description":"Deportes","robots":{"index":"index","follow":"follow","max-snippet":"max-snippet:-1","max-image-preview":"max-image-preview:large","max-video-preview":"max-video-preview:-1"},"canonical":"https:\/\/digital58.com.ve\/site\/2019\/06\/15\/rafael-dudamel-hemos-venido-a-ser-protagonistas-de-la-copa-america\/","og_locale":"es_ES","og_type":"article","og_title":"Rafael Dudamel: \u00abHemos venido a ser protagonistas de la Copa Am\u00e9rica\u00bb","og_description":"Deportes","og_url":"https:\/\/digital58.com.ve\/site\/2019\/06\/15\/rafael-dudamel-hemos-venido-a-ser-protagonistas-de-la-copa-america\/","og_site_name":"Noticias Digital58","article_published_time":"2019-06-15T15:42:10+00:00","og_image":[{"width":1500,"height":1001,"url":"https:\/\/digital58.com.ve\/site\/wp-content\/uploads\/2019\/06\/dudamel.jpg","type":"image\/jpeg"}],"author":"Villasmil Henry","twitter_card":"summary_large_image","twitter_creator":"@https:\/\/twitter.com\/villasmilhfoto","twitter_site":"@villasmilhfoto","twitter_misc":{"Escrito por":"Villasmil Henry","Tiempo estimado de lectura":"5 minutos"},"schema":{"@context":"https:\/\/schema.org","@graph":[{"@type":"Article","@id":"https:\/\/digital58.com.ve\/site\/2019\/06\/15\/rafael-dudamel-hemos-venido-a-ser-protagonistas-de-la-copa-america\/#article","isPartOf":{"@id":"https:\/\/digital58.com.ve\/site\/2019\/06\/15\/rafael-dudamel-hemos-venido-a-ser-protagonistas-de-la-copa-america\/"},"author":{"name":"Villasmil Henry","@id":"https:\/\/digital58.com.ve\/site\/#\/schema\/person\/64d1c2e4d0d4fd1b849980c4331c2951"},"headline":"Rafael Dudamel: \u00abHemos venido a ser protagonistas de la Copa Am\u00e9rica\u00bb","datePublished":"2019-06-15T15:42:10+00:00","mainEntityOfPage":{"@id":"https:\/\/digital58.com.ve\/site\/2019\/06\/15\/rafael-dudamel-hemos-venido-a-ser-protagonistas-de-la-copa-america\/"},"wordCount":950,"commentCount":0,"publisher":{"@id":"https:\/\/digital58.com.ve\/site\/#\/schema\/person\/64d1c2e4d0d4fd1b849980c4331c2951"},"image":{"@id":"https:\/\/digital58.com.ve\/site\/2019\/06\/15\/rafael-dudamel-hemos-venido-a-ser-protagonistas-de-la-copa-america\/#primaryimage"},"thumbnailUrl":"https:\/\/digital58.com.ve\/site\/wp-content\/uploads\/2019\/06\/dudamel.jpg","keywords":["Brasil","Copa Am\u00e9rica","Copa Am\u00e9rica 2019","F\u00fatbol","F\u00fatbol Venezolano","FVF","Grupo A","La Vinotinto","Rafael Dudamel","Roberto Rosales","Selecci\u00f3n Nacional de F\u00fatbol","Venezuela"],"articleSection":["Deportes"],"inLanguage":"es","potentialAction":[{"@type":"CommentAction","name":"Comment","target":["https:\/\/digital58.com.ve\/site\/2019\/06\/15\/rafael-dudamel-hemos-venido-a-ser-protagonistas-de-la-copa-america\/#respond"]}]},{"@type":"WebPage","@id":"https:\/\/digital58.com.ve\/site\/2019\/06\/15\/rafael-dudamel-hemos-venido-a-ser-protagonistas-de-la-copa-america\/","url":"https:\/\/digital58.com.ve\/site\/2019\/06\/15\/rafael-dudamel-hemos-venido-a-ser-protagonistas-de-la-copa-america\/","name":"Rafael Dudamel: \u00abHemos venido a ser protagonistas de la Copa Am\u00e9rica\u00bb","isPartOf":{"@id":"https:\/\/digital58.com.ve\/site\/#website"},"primaryImageOfPage":{"@id":"https:\/\/digital58.com.ve\/site\/2019\/06\/15\/rafael-dudamel-hemos-venido-a-ser-protagonistas-de-la-copa-america\/#primaryimage"},"image":{"@id":"https:\/\/digital58.com.ve\/site\/2019\/06\/15\/rafael-dudamel-hemos-venido-a-ser-protagonistas-de-la-copa-america\/#primaryimage"},"thumbnailUrl":"https:\/\/digital58.com.ve\/site\/wp-content\/uploads\/2019\/06\/dudamel.jpg","datePublished":"2019-06-15T15:42:10+00:00","description":"Deportes","breadcrumb":{"@id":"https:\/\/digital58.com.ve\/site\/2019\/06\/15\/rafael-dudamel-hemos-venido-a-ser-protagonistas-de-la-copa-america\/#breadcrumb"},"inLanguage":"es","potentialAction":[{"@type":"ReadAction","target":["https:\/\/digital58.com.ve\/site\/2019\/06\/15\/rafael-dudamel-hemos-venido-a-ser-protagonistas-de-la-copa-america\/"]}]},{"@type":"ImageObject","inLanguage":"es","@id":"https:\/\/digital58.com.ve\/site\/2019\/06\/15\/rafael-dudamel-hemos-venido-a-ser-protagonistas-de-la-copa-america\/#primaryimage","url":"https:\/\/digital58.com.ve\/site\/wp-content\/uploads\/2019\/06\/dudamel.jpg","contentUrl":"https:\/\/digital58.com.ve\/site\/wp-content\/uploads\/2019\/06\/dudamel.jpg","width":800,"height":534},{"@type":"BreadcrumbList","@id":"https:\/\/digital58.com.ve\/site\/2019\/06\/15\/rafael-dudamel-hemos-venido-a-ser-protagonistas-de-la-copa-america\/#breadcrumb","itemListElement":[{"@type":"ListItem","position":1,"name":"Home","item":"https:\/\/digital58.com.ve\/site\/"},{"@type":"ListItem","position":2,"name":"Rafael Dudamel: \u00abHemos venido a ser protagonistas de la Copa Am\u00e9rica\u00bb"}]},{"@type":"WebSite","@id":"https:\/\/digital58.com.ve\/site\/#website","url":"https:\/\/digital58.com.ve\/site\/","name":"Noticias Digital58","description":"Portal de Noticias \u00a1Periodismo web de verdad! Lanzamiento web 22.11.2005 \/ Maracaibo, Venezuela","publisher":{"@id":"https:\/\/digital58.com.ve\/site\/#\/schema\/person\/64d1c2e4d0d4fd1b849980c4331c2951"},"alternateName":"ND58","potentialAction":[{"@type":"SearchAction","target":{"@type":"EntryPoint","urlTemplate":"https:\/\/digital58.com.ve\/site\/?s={search_term_string}"},"query-input":{"@type":"PropertyValueSpecification","valueRequired":true,"valueName":"search_term_string"}}],"inLanguage":"es"},{"@type":["Person","Organization"],"@id":"https:\/\/digital58.com.ve\/site\/#\/schema\/person\/64d1c2e4d0d4fd1b849980c4331c2951","name":"Villasmil Henry","image":{"@type":"ImageObject","inLanguage":"es","@id":"https:\/\/secure.gravatar.com\/avatar\/bb0c4a2fcb7970138239f7e404ea75757b1b507b28b5ce4c53fbd62d797c5a7c?s=96&d=mm&r=g","url":"https:\/\/secure.gravatar.com\/avatar\/bb0c4a2fcb7970138239f7e404ea75757b1b507b28b5ce4c53fbd62d797c5a7c?s=96&d=mm&r=g","contentUrl":"https:\/\/secure.gravatar.com\/avatar\/bb0c4a2fcb7970138239f7e404ea75757b1b507b28b5ce4c53fbd62d797c5a7c?s=96&d=mm&r=g","caption":"Villasmil Henry"},"logo":{"@id":"https:\/\/secure.gravatar.com\/avatar\/bb0c4a2fcb7970138239f7e404ea75757b1b507b28b5ce4c53fbd62d797c5a7c?s=96&d=mm&r=g"},"sameAs":["http:\/\/www.henryvillasmil.com.ve","https:\/\/www.instagram.com\/villasmilhfoto\/","https:\/\/x.com\/https:\/\/twitter.com\/villasmilhfoto"],"url":"https:\/\/digital58.com.ve\/site\/author\/droopy_68\/"}]}},"uagb_featured_image_src":{"full":["https:\/\/digital58.com.ve\/site\/wp-content\/uploads\/2019\/06\/dudamel.jpg",800,534,false],"thumbnail":["https:\/\/digital58.com.ve\/site\/wp-content\/uploads\/2019\/06\/dudamel-150x150.jpg",150,150,true],"medium":["https:\/\/digital58.com.ve\/site\/wp-content\/uploads\/2019\/06\/dudamel-300x200.jpg",300,200,true],"medium_large":["https:\/\/digital58.com.ve\/site\/wp-content\/uploads\/2019\/06\/dudamel-768x513.jpg",768,513,true],"large":["https:\/\/digital58.com.ve\/site\/wp-content\/uploads\/2019\/06\/dudamel-1500x1001.jpg",800,534,true],"1536x1536":["https:\/\/digital58.com.ve\/site\/wp-content\/uploads\/2019\/06\/dudamel.jpg",800,534,false],"2048x2048":["https:\/\/digital58.com.ve\/site\/wp-content\/uploads\/2019\/06\/dudamel.jpg",800,534,false],"colormag-highlighted-post":["https:\/\/digital58.com.ve\/site\/wp-content\/uploads\/2019\/06\/dudamel.jpg",392,262,false],"colormag-featured-post-medium":["https:\/\/digital58.com.ve\/site\/wp-content\/uploads\/2019\/06\/dudamel.jpg",307,205,false],"colormag-featured-post-small":["https:\/\/digital58.com.ve\/site\/wp-content\/uploads\/2019\/06\/dudamel.jpg",130,87,false],"colormag-featured-image":["https:\/\/digital58.com.ve\/site\/wp-content\/uploads\/2019\/06\/dudamel.jpg",667,445,false],"colormag-default-news":["https:\/\/digital58.com.ve\/site\/wp-content\/uploads\/2019\/06\/dudamel.jpg",150,100,false],"colormag-featured-image-large":["https:\/\/digital58.com.ve\/site\/wp-content\/uploads\/2019\/06\/dudamel.jpg",800,534,false]},"uagb_author_info":{"display_name":"Villasmil Henry","author_link":"https:\/\/digital58.com.ve\/site\/author\/droopy_68\/"},"uagb_comment_info":0,"uagb_excerpt":"El estratega habl\u00f3 en rueda de prensa sobre el primer partido de Venezuela en el certamen para debutar en el","_links":{"self":[{"href":"https:\/\/digital58.com.ve\/site\/wp-json\/wp\/v2\/posts\/85627","targetHints":{"allow":["GET"]}}],"collection":[{"href":"https:\/\/digital58.com.ve\/site\/wp-json\/wp\/v2\/posts"}],"about":[{"href":"https:\/\/digital58.com.ve\/site\/wp-json\/wp\/v2\/types\/post"}],"author":[{"embeddable":true,"href":"https:\/\/digital58.com.ve\/site\/wp-json\/wp\/v2\/users\/1"}],"replies":[{"embeddable":true,"href":"https:\/\/digital58.com.ve\/site\/wp-json\/wp\/v2\/comments?post=85627"}],"version-history":[{"count":0,"href":"https:\/\/digital58.com.ve\/site\/wp-json\/wp\/v2\/posts\/85627\/revisions"}],"wp:featuredmedia":[{"embeddable":true,"href":"https:\/\/digital58.com.ve\/site\/wp-json\/wp\/v2\/media\/85628"}],"wp:attachment":[{"href":"https:\/\/digital58.com.ve\/site\/wp-json\/wp\/v2\/media?parent=85627"}],"wp:term":[{"taxonomy":"category","embeddable":true,"href":"https:\/\/digital58.com.ve\/site\/wp-json\/wp\/v2\/categories?post=85627"},{"taxonomy":"post_tag","embeddable":true,"href":"https:\/\/digital58.com.ve\/site\/wp-json\/wp\/v2\/tags?post=85627"}],"curies":[{"name":"wp","href":"https:\/\/api.w.org\/{rel}","templated":true}]}}