{"id":85859,"date":"2019-07-03T12:21:27","date_gmt":"2019-07-03T16:21:27","guid":{"rendered":"https:\/\/digital58.com.ve\/site\/?p=85859"},"modified":"2019-07-03T12:21:27","modified_gmt":"2019-07-03T16:21:27","slug":"er-conde-llega-a-maracaibo-racionado-y-sin-luz","status":"publish","type":"post","link":"https:\/\/digital58.com.ve\/site\/2019\/07\/03\/er-conde-llega-a-maracaibo-racionado-y-sin-luz\/","title":{"rendered":"Er Conde llega a Maracaibo Racionado y Sin Luz"},"content":{"rendered":"<p><img loading=\"lazy\" decoding=\"async\" class=\"alignnone size-full wp-image-85861\" src=\"https:\/\/digital58.com.ve\/site\/wp-content\/uploads\/2019\/07\/Ercondeshow01.jpg\" alt=\"\" width=\"1500\" height=\"900\" srcset=\"https:\/\/digital58.com.ve\/site\/wp-content\/uploads\/2019\/07\/Ercondeshow01.jpg 800w, https:\/\/digital58.com.ve\/site\/wp-content\/uploads\/2019\/07\/Ercondeshow01-300x180.jpg 300w, https:\/\/digital58.com.ve\/site\/wp-content\/uploads\/2019\/07\/Ercondeshow01-768x461.jpg 768w, https:\/\/digital58.com.ve\/site\/wp-content\/uploads\/2019\/07\/Ercondeshow01-1500x900.jpg 1500w\" sizes=\"auto, (max-width: 1500px) 100vw, 1500px\" \/><\/p>\n<p>Su majestad, Er Conde del Gu\u00e1charo llega este 4 de julio al sal\u00f3n Maracaibo del Hotel Intercontinental de la ciudad con su show <em>Racionado y Sin Luz<\/em>, donde 600 personas podr\u00e1n divertirse con las ocurrencias del famoso comediante venezolano.<\/p>\n<p><strong>Maracaibo, Zulia, Venezuela, 03 de julio de 2019 (Nota de Prensa).- <\/strong>Re\u00edrse para no llorar. Junto a la Orquesta de Musip\u00e1n y Mariela Celis como invitada especial, Benjam\u00edn Rausseo, mejor conocido por su nombre art\u00edstico, relatar\u00e1 con su particular estilo humor\u00edstico c\u00f3mo sobrevive el venezolano ante la grave crisis el\u00e9ctrica que sufre el pa\u00eds, en el Zulia sobre todo.<\/p>\n<p>El evento est\u00e1 confirmado para el pr\u00f3ximo mes y ya tiene la primera etapa de preventa agotada, por lo que se apertur\u00f3 y se inici\u00f3 una segunda. La modalidad de pago se adapta a la necesidad del p\u00fablico.<\/p>\n<p>La cita es el pr\u00f3ximo jueves 4 de julio en el sal\u00f3n Maracaibo del Hotel Intercontinental a las 9.00 de la noche. Las entradas est\u00e1n a la venta en el <em>lobby <\/em>del hotel, en la web <a href=\"http:\/\/www.mdticket.com\">www.mdticket.com<\/a>, tiendas Garbo Galer\u00edas Mall y el <em>stand<\/em> de MD Ticket en Lago Mall. Para mayor informaci\u00f3n 0414-6827254.<\/p>\n<p><img loading=\"lazy\" decoding=\"async\" class=\"alignnone size-full wp-image-85860\" src=\"https:\/\/digital58.com.ve\/site\/wp-content\/uploads\/2019\/07\/Ercondeshow.jpg\" alt=\"\" width=\"540\" height=\"540\" srcset=\"https:\/\/digital58.com.ve\/site\/wp-content\/uploads\/2019\/07\/Ercondeshow.jpg 540w, https:\/\/digital58.com.ve\/site\/wp-content\/uploads\/2019\/07\/Ercondeshow-150x150.jpg 150w, https:\/\/digital58.com.ve\/site\/wp-content\/uploads\/2019\/07\/Ercondeshow-300x300.jpg 300w\" sizes=\"auto, (max-width: 540px) 100vw, 540px\" \/><\/p>\n<p>&nbsp;<\/p><div class=\"ldvyw69f491cab1d89\" ><p style=\"text-align: center;\"><a href=\"https:\/\/t.me\/noticiasdigital58\" target=\"_blank\" rel=\"noopener\"><img class=\"aligncenter size-full wp-image-125363\" src=\"https:\/\/digital58.com.ve\/site\/wp-content\/uploads\/2021\/04\/banner-telegram-web-2021.png\" alt=\"\" width=\"600\" height=\"90\" \/><\/a><\/p><\/div><style type=\"text\/css\">\r\n@media screen and (min-width: 1201px) {\r\n.ldvyw69f491cab1d89 {\r\ndisplay: block;\r\n}\r\n}\r\n@media screen and (min-width: 993px) and (max-width: 1200px) {\r\n.ldvyw69f491cab1d89 {\r\ndisplay: block;\r\n}\r\n}\r\n@media screen and (min-width: 769px) and (max-width: 992px) {\r\n.ldvyw69f491cab1d89 {\r\ndisplay: block;\r\n}\r\n}\r\n@media screen and (min-width: 768px) and (max-width: 768px) {\r\n.ldvyw69f491cab1d89 {\r\ndisplay: block;\r\n}\r\n}\r\n@media screen and (max-width: 767px) {\r\n.ldvyw69f491cab1d89 {\r\ndisplay: block;\r\n}\r\n}\r\n<\/style>\r\n\n<p><strong>Redacci\u00f3n con fuente: NDP \/ Jes\u00fas Paz Garc\u00eda<\/strong><br \/>\n<strong>Edici\u00f3n: Paz Garc\u00eda, Jes\u00fas<\/strong><br \/>\n<strong>Gr\u00e1ficas: Cortes\u00eda<\/strong><\/p>\n<div style=\"margin-top: 0px; margin-bottom: 0px;\" class=\"sharethis-inline-share-buttons\" ><\/div>","protected":false},"excerpt":{"rendered":"<p>Su majestad, Er Conde del Gu\u00e1charo llega este 4 de julio al sal\u00f3n Maracaibo del Hotel Intercontinental de la ciudad<\/p>\n","protected":false},"author":1,"featured_media":85861,"comment_status":"open","ping_status":"closed","sticky":false,"template":"","format":"standard","meta":{"colormag_page_container_layout":"default_layout","colormag_page_sidebar_layout":"default_layout","_uag_custom_page_level_css":"","footnotes":""},"categories":[5417],"tags":[1380,73,12404],"class_list":["post-85859","post","type-post","status-publish","format-standard","has-post-thumbnail","hentry","category-conciertos","tag-er-conde-del-guacharo","tag-maracaibo","tag-racionado-y-sin-luz"],"yoast_head":"<!-- This site is optimized with the Yoast SEO plugin v27.5 - https:\/\/yoast.com\/product\/yoast-seo-wordpress\/ -->\n<title>Er Conde llega a Maracaibo Racionado y Sin Luz<\/title>\n<meta name=\"description\" content=\"Conciertos\" \/>\n<meta name=\"robots\" content=\"index, follow, max-snippet:-1, max-image-preview:large, max-video-preview:-1\" \/>\n<link rel=\"canonical\" href=\"https:\/\/digital58.com.ve\/site\/2019\/07\/03\/er-conde-llega-a-maracaibo-racionado-y-sin-luz\/\" \/>\n<meta property=\"og:locale\" content=\"es_ES\" \/>\n<meta property=\"og:type\" content=\"article\" \/>\n<meta property=\"og:title\" content=\"Er Conde llega a Maracaibo Racionado y Sin Luz\" \/>\n<meta property=\"og:description\" content=\"Conciertos\" \/>\n<meta property=\"og:url\" content=\"https:\/\/digital58.com.ve\/site\/2019\/07\/03\/er-conde-llega-a-maracaibo-racionado-y-sin-luz\/\" \/>\n<meta property=\"og:site_name\" content=\"Noticias Digital58\" \/>\n<meta property=\"article:published_time\" content=\"2019-07-03T16:21:27+00:00\" \/>\n<meta property=\"og:image\" content=\"https:\/\/digital58.com.ve\/site\/wp-content\/uploads\/2019\/07\/Ercondeshow01.jpg\" \/>\n\t<meta property=\"og:image:width\" content=\"1500\" \/>\n\t<meta property=\"og:image:height\" content=\"900\" \/>\n\t<meta property=\"og:image:type\" content=\"image\/jpeg\" \/>\n<meta name=\"author\" content=\"Villasmil Henry\" \/>\n<meta name=\"twitter:card\" content=\"summary_large_image\" \/>\n<meta name=\"twitter:creator\" content=\"@https:\/\/twitter.com\/villasmilhfoto\" \/>\n<meta name=\"twitter:site\" content=\"@villasmilhfoto\" \/>\n<meta name=\"twitter:label1\" content=\"Escrito por\" \/>\n\t<meta name=\"twitter:data1\" content=\"Villasmil Henry\" \/>\n\t<meta name=\"twitter:label2\" content=\"Tiempo estimado de lectura\" \/>\n\t<meta name=\"twitter:data2\" content=\"1 minuto\" \/>\n<script type=\"application\/ld+json\" class=\"yoast-schema-graph\">{\"@context\":\"https:\\\/\\\/schema.org\",\"@graph\":[{\"@type\":\"Article\",\"@id\":\"https:\\\/\\\/digital58.com.ve\\\/site\\\/2019\\\/07\\\/03\\\/er-conde-llega-a-maracaibo-racionado-y-sin-luz\\\/#article\",\"isPartOf\":{\"@id\":\"https:\\\/\\\/digital58.com.ve\\\/site\\\/2019\\\/07\\\/03\\\/er-conde-llega-a-maracaibo-racionado-y-sin-luz\\\/\"},\"author\":{\"name\":\"Villasmil Henry\",\"@id\":\"https:\\\/\\\/digital58.com.ve\\\/site\\\/#\\\/schema\\\/person\\\/64d1c2e4d0d4fd1b849980c4331c2951\"},\"headline\":\"Er Conde llega a Maracaibo Racionado y Sin Luz\",\"datePublished\":\"2019-07-03T16:21:27+00:00\",\"mainEntityOfPage\":{\"@id\":\"https:\\\/\\\/digital58.com.ve\\\/site\\\/2019\\\/07\\\/03\\\/er-conde-llega-a-maracaibo-racionado-y-sin-luz\\\/\"},\"wordCount\":236,\"commentCount\":0,\"publisher\":{\"@id\":\"https:\\\/\\\/digital58.com.ve\\\/site\\\/#\\\/schema\\\/person\\\/64d1c2e4d0d4fd1b849980c4331c2951\"},\"image\":{\"@id\":\"https:\\\/\\\/digital58.com.ve\\\/site\\\/2019\\\/07\\\/03\\\/er-conde-llega-a-maracaibo-racionado-y-sin-luz\\\/#primaryimage\"},\"thumbnailUrl\":\"https:\\\/\\\/digital58.com.ve\\\/site\\\/wp-content\\\/uploads\\\/2019\\\/07\\\/Ercondeshow01.jpg\",\"keywords\":[\"Er Conde del Gu\u00e1charo\",\"Maracaibo\",\"Racionado y Sin Luz\"],\"articleSection\":[\"Conciertos\"],\"inLanguage\":\"es\",\"potentialAction\":[{\"@type\":\"CommentAction\",\"name\":\"Comment\",\"target\":[\"https:\\\/\\\/digital58.com.ve\\\/site\\\/2019\\\/07\\\/03\\\/er-conde-llega-a-maracaibo-racionado-y-sin-luz\\\/#respond\"]}]},{\"@type\":\"WebPage\",\"@id\":\"https:\\\/\\\/digital58.com.ve\\\/site\\\/2019\\\/07\\\/03\\\/er-conde-llega-a-maracaibo-racionado-y-sin-luz\\\/\",\"url\":\"https:\\\/\\\/digital58.com.ve\\\/site\\\/2019\\\/07\\\/03\\\/er-conde-llega-a-maracaibo-racionado-y-sin-luz\\\/\",\"name\":\"Er Conde llega a Maracaibo Racionado y Sin Luz\",\"isPartOf\":{\"@id\":\"https:\\\/\\\/digital58.com.ve\\\/site\\\/#website\"},\"primaryImageOfPage\":{\"@id\":\"https:\\\/\\\/digital58.com.ve\\\/site\\\/2019\\\/07\\\/03\\\/er-conde-llega-a-maracaibo-racionado-y-sin-luz\\\/#primaryimage\"},\"image\":{\"@id\":\"https:\\\/\\\/digital58.com.ve\\\/site\\\/2019\\\/07\\\/03\\\/er-conde-llega-a-maracaibo-racionado-y-sin-luz\\\/#primaryimage\"},\"thumbnailUrl\":\"https:\\\/\\\/digital58.com.ve\\\/site\\\/wp-content\\\/uploads\\\/2019\\\/07\\\/Ercondeshow01.jpg\",\"datePublished\":\"2019-07-03T16:21:27+00:00\",\"description\":\"Conciertos\",\"breadcrumb\":{\"@id\":\"https:\\\/\\\/digital58.com.ve\\\/site\\\/2019\\\/07\\\/03\\\/er-conde-llega-a-maracaibo-racionado-y-sin-luz\\\/#breadcrumb\"},\"inLanguage\":\"es\",\"potentialAction\":[{\"@type\":\"ReadAction\",\"target\":[\"https:\\\/\\\/digital58.com.ve\\\/site\\\/2019\\\/07\\\/03\\\/er-conde-llega-a-maracaibo-racionado-y-sin-luz\\\/\"]}]},{\"@type\":\"ImageObject\",\"inLanguage\":\"es\",\"@id\":\"https:\\\/\\\/digital58.com.ve\\\/site\\\/2019\\\/07\\\/03\\\/er-conde-llega-a-maracaibo-racionado-y-sin-luz\\\/#primaryimage\",\"url\":\"https:\\\/\\\/digital58.com.ve\\\/site\\\/wp-content\\\/uploads\\\/2019\\\/07\\\/Ercondeshow01.jpg\",\"contentUrl\":\"https:\\\/\\\/digital58.com.ve\\\/site\\\/wp-content\\\/uploads\\\/2019\\\/07\\\/Ercondeshow01.jpg\",\"width\":800,\"height\":480},{\"@type\":\"BreadcrumbList\",\"@id\":\"https:\\\/\\\/digital58.com.ve\\\/site\\\/2019\\\/07\\\/03\\\/er-conde-llega-a-maracaibo-racionado-y-sin-luz\\\/#breadcrumb\",\"itemListElement\":[{\"@type\":\"ListItem\",\"position\":1,\"name\":\"Home\",\"item\":\"https:\\\/\\\/digital58.com.ve\\\/site\\\/\"},{\"@type\":\"ListItem\",\"position\":2,\"name\":\"Er Conde llega a Maracaibo Racionado y Sin Luz\"}]},{\"@type\":\"WebSite\",\"@id\":\"https:\\\/\\\/digital58.com.ve\\\/site\\\/#website\",\"url\":\"https:\\\/\\\/digital58.com.ve\\\/site\\\/\",\"name\":\"Noticias Digital58\",\"description\":\"Portal de Noticias \u00a1Periodismo web de verdad! Lanzamiento web 22.11.2005 \\\/ Maracaibo, Venezuela\",\"publisher\":{\"@id\":\"https:\\\/\\\/digital58.com.ve\\\/site\\\/#\\\/schema\\\/person\\\/64d1c2e4d0d4fd1b849980c4331c2951\"},\"alternateName\":\"ND58\",\"potentialAction\":[{\"@type\":\"SearchAction\",\"target\":{\"@type\":\"EntryPoint\",\"urlTemplate\":\"https:\\\/\\\/digital58.com.ve\\\/site\\\/?s={search_term_string}\"},\"query-input\":{\"@type\":\"PropertyValueSpecification\",\"valueRequired\":true,\"valueName\":\"search_term_string\"}}],\"inLanguage\":\"es\"},{\"@type\":[\"Person\",\"Organization\"],\"@id\":\"https:\\\/\\\/digital58.com.ve\\\/site\\\/#\\\/schema\\\/person\\\/64d1c2e4d0d4fd1b849980c4331c2951\",\"name\":\"Villasmil Henry\",\"image\":{\"@type\":\"ImageObject\",\"inLanguage\":\"es\",\"@id\":\"https:\\\/\\\/secure.gravatar.com\\\/avatar\\\/bb0c4a2fcb7970138239f7e404ea75757b1b507b28b5ce4c53fbd62d797c5a7c?s=96&d=mm&r=g\",\"url\":\"https:\\\/\\\/secure.gravatar.com\\\/avatar\\\/bb0c4a2fcb7970138239f7e404ea75757b1b507b28b5ce4c53fbd62d797c5a7c?s=96&d=mm&r=g\",\"contentUrl\":\"https:\\\/\\\/secure.gravatar.com\\\/avatar\\\/bb0c4a2fcb7970138239f7e404ea75757b1b507b28b5ce4c53fbd62d797c5a7c?s=96&d=mm&r=g\",\"caption\":\"Villasmil Henry\"},\"logo\":{\"@id\":\"https:\\\/\\\/secure.gravatar.com\\\/avatar\\\/bb0c4a2fcb7970138239f7e404ea75757b1b507b28b5ce4c53fbd62d797c5a7c?s=96&d=mm&r=g\"},\"sameAs\":[\"http:\\\/\\\/www.henryvillasmil.com.ve\",\"https:\\\/\\\/www.instagram.com\\\/villasmilhfoto\\\/\",\"https:\\\/\\\/x.com\\\/https:\\\/\\\/twitter.com\\\/villasmilhfoto\"],\"url\":\"https:\\\/\\\/digital58.com.ve\\\/site\\\/author\\\/droopy_68\\\/\"}]}<\/script>\n<!-- \/ Yoast SEO plugin. -->","yoast_head_json":{"title":"Er Conde llega a Maracaibo Racionado y Sin Luz","description":"Conciertos","robots":{"index":"index","follow":"follow","max-snippet":"max-snippet:-1","max-image-preview":"max-image-preview:large","max-video-preview":"max-video-preview:-1"},"canonical":"https:\/\/digital58.com.ve\/site\/2019\/07\/03\/er-conde-llega-a-maracaibo-racionado-y-sin-luz\/","og_locale":"es_ES","og_type":"article","og_title":"Er Conde llega a Maracaibo Racionado y Sin Luz","og_description":"Conciertos","og_url":"https:\/\/digital58.com.ve\/site\/2019\/07\/03\/er-conde-llega-a-maracaibo-racionado-y-sin-luz\/","og_site_name":"Noticias Digital58","article_published_time":"2019-07-03T16:21:27+00:00","og_image":[{"width":1500,"height":900,"url":"https:\/\/digital58.com.ve\/site\/wp-content\/uploads\/2019\/07\/Ercondeshow01.jpg","type":"image\/jpeg"}],"author":"Villasmil Henry","twitter_card":"summary_large_image","twitter_creator":"@https:\/\/twitter.com\/villasmilhfoto","twitter_site":"@villasmilhfoto","twitter_misc":{"Escrito por":"Villasmil Henry","Tiempo estimado de lectura":"1 minuto"},"schema":{"@context":"https:\/\/schema.org","@graph":[{"@type":"Article","@id":"https:\/\/digital58.com.ve\/site\/2019\/07\/03\/er-conde-llega-a-maracaibo-racionado-y-sin-luz\/#article","isPartOf":{"@id":"https:\/\/digital58.com.ve\/site\/2019\/07\/03\/er-conde-llega-a-maracaibo-racionado-y-sin-luz\/"},"author":{"name":"Villasmil Henry","@id":"https:\/\/digital58.com.ve\/site\/#\/schema\/person\/64d1c2e4d0d4fd1b849980c4331c2951"},"headline":"Er Conde llega a Maracaibo Racionado y Sin Luz","datePublished":"2019-07-03T16:21:27+00:00","mainEntityOfPage":{"@id":"https:\/\/digital58.com.ve\/site\/2019\/07\/03\/er-conde-llega-a-maracaibo-racionado-y-sin-luz\/"},"wordCount":236,"commentCount":0,"publisher":{"@id":"https:\/\/digital58.com.ve\/site\/#\/schema\/person\/64d1c2e4d0d4fd1b849980c4331c2951"},"image":{"@id":"https:\/\/digital58.com.ve\/site\/2019\/07\/03\/er-conde-llega-a-maracaibo-racionado-y-sin-luz\/#primaryimage"},"thumbnailUrl":"https:\/\/digital58.com.ve\/site\/wp-content\/uploads\/2019\/07\/Ercondeshow01.jpg","keywords":["Er Conde del Gu\u00e1charo","Maracaibo","Racionado y Sin Luz"],"articleSection":["Conciertos"],"inLanguage":"es","potentialAction":[{"@type":"CommentAction","name":"Comment","target":["https:\/\/digital58.com.ve\/site\/2019\/07\/03\/er-conde-llega-a-maracaibo-racionado-y-sin-luz\/#respond"]}]},{"@type":"WebPage","@id":"https:\/\/digital58.com.ve\/site\/2019\/07\/03\/er-conde-llega-a-maracaibo-racionado-y-sin-luz\/","url":"https:\/\/digital58.com.ve\/site\/2019\/07\/03\/er-conde-llega-a-maracaibo-racionado-y-sin-luz\/","name":"Er Conde llega a Maracaibo Racionado y Sin Luz","isPartOf":{"@id":"https:\/\/digital58.com.ve\/site\/#website"},"primaryImageOfPage":{"@id":"https:\/\/digital58.com.ve\/site\/2019\/07\/03\/er-conde-llega-a-maracaibo-racionado-y-sin-luz\/#primaryimage"},"image":{"@id":"https:\/\/digital58.com.ve\/site\/2019\/07\/03\/er-conde-llega-a-maracaibo-racionado-y-sin-luz\/#primaryimage"},"thumbnailUrl":"https:\/\/digital58.com.ve\/site\/wp-content\/uploads\/2019\/07\/Ercondeshow01.jpg","datePublished":"2019-07-03T16:21:27+00:00","description":"Conciertos","breadcrumb":{"@id":"https:\/\/digital58.com.ve\/site\/2019\/07\/03\/er-conde-llega-a-maracaibo-racionado-y-sin-luz\/#breadcrumb"},"inLanguage":"es","potentialAction":[{"@type":"ReadAction","target":["https:\/\/digital58.com.ve\/site\/2019\/07\/03\/er-conde-llega-a-maracaibo-racionado-y-sin-luz\/"]}]},{"@type":"ImageObject","inLanguage":"es","@id":"https:\/\/digital58.com.ve\/site\/2019\/07\/03\/er-conde-llega-a-maracaibo-racionado-y-sin-luz\/#primaryimage","url":"https:\/\/digital58.com.ve\/site\/wp-content\/uploads\/2019\/07\/Ercondeshow01.jpg","contentUrl":"https:\/\/digital58.com.ve\/site\/wp-content\/uploads\/2019\/07\/Ercondeshow01.jpg","width":800,"height":480},{"@type":"BreadcrumbList","@id":"https:\/\/digital58.com.ve\/site\/2019\/07\/03\/er-conde-llega-a-maracaibo-racionado-y-sin-luz\/#breadcrumb","itemListElement":[{"@type":"ListItem","position":1,"name":"Home","item":"https:\/\/digital58.com.ve\/site\/"},{"@type":"ListItem","position":2,"name":"Er Conde llega a Maracaibo Racionado y Sin Luz"}]},{"@type":"WebSite","@id":"https:\/\/digital58.com.ve\/site\/#website","url":"https:\/\/digital58.com.ve\/site\/","name":"Noticias Digital58","description":"Portal de Noticias \u00a1Periodismo web de verdad! Lanzamiento web 22.11.2005 \/ Maracaibo, Venezuela","publisher":{"@id":"https:\/\/digital58.com.ve\/site\/#\/schema\/person\/64d1c2e4d0d4fd1b849980c4331c2951"},"alternateName":"ND58","potentialAction":[{"@type":"SearchAction","target":{"@type":"EntryPoint","urlTemplate":"https:\/\/digital58.com.ve\/site\/?s={search_term_string}"},"query-input":{"@type":"PropertyValueSpecification","valueRequired":true,"valueName":"search_term_string"}}],"inLanguage":"es"},{"@type":["Person","Organization"],"@id":"https:\/\/digital58.com.ve\/site\/#\/schema\/person\/64d1c2e4d0d4fd1b849980c4331c2951","name":"Villasmil Henry","image":{"@type":"ImageObject","inLanguage":"es","@id":"https:\/\/secure.gravatar.com\/avatar\/bb0c4a2fcb7970138239f7e404ea75757b1b507b28b5ce4c53fbd62d797c5a7c?s=96&d=mm&r=g","url":"https:\/\/secure.gravatar.com\/avatar\/bb0c4a2fcb7970138239f7e404ea75757b1b507b28b5ce4c53fbd62d797c5a7c?s=96&d=mm&r=g","contentUrl":"https:\/\/secure.gravatar.com\/avatar\/bb0c4a2fcb7970138239f7e404ea75757b1b507b28b5ce4c53fbd62d797c5a7c?s=96&d=mm&r=g","caption":"Villasmil Henry"},"logo":{"@id":"https:\/\/secure.gravatar.com\/avatar\/bb0c4a2fcb7970138239f7e404ea75757b1b507b28b5ce4c53fbd62d797c5a7c?s=96&d=mm&r=g"},"sameAs":["http:\/\/www.henryvillasmil.com.ve","https:\/\/www.instagram.com\/villasmilhfoto\/","https:\/\/x.com\/https:\/\/twitter.com\/villasmilhfoto"],"url":"https:\/\/digital58.com.ve\/site\/author\/droopy_68\/"}]}},"uagb_featured_image_src":{"full":["https:\/\/digital58.com.ve\/site\/wp-content\/uploads\/2019\/07\/Ercondeshow01.jpg",800,480,false],"thumbnail":["https:\/\/digital58.com.ve\/site\/wp-content\/uploads\/2019\/07\/Ercondeshow01-150x150.jpg",150,150,true],"medium":["https:\/\/digital58.com.ve\/site\/wp-content\/uploads\/2019\/07\/Ercondeshow01-300x180.jpg",300,180,true],"medium_large":["https:\/\/digital58.com.ve\/site\/wp-content\/uploads\/2019\/07\/Ercondeshow01-768x461.jpg",768,461,true],"large":["https:\/\/digital58.com.ve\/site\/wp-content\/uploads\/2019\/07\/Ercondeshow01-1500x900.jpg",800,480,true],"1536x1536":["https:\/\/digital58.com.ve\/site\/wp-content\/uploads\/2019\/07\/Ercondeshow01.jpg",800,480,false],"2048x2048":["https:\/\/digital58.com.ve\/site\/wp-content\/uploads\/2019\/07\/Ercondeshow01.jpg",800,480,false],"colormag-highlighted-post":["https:\/\/digital58.com.ve\/site\/wp-content\/uploads\/2019\/07\/Ercondeshow01.jpg",392,235,false],"colormag-featured-post-medium":["https:\/\/digital58.com.ve\/site\/wp-content\/uploads\/2019\/07\/Ercondeshow01.jpg",342,205,false],"colormag-featured-post-small":["https:\/\/digital58.com.ve\/site\/wp-content\/uploads\/2019\/07\/Ercondeshow01.jpg",130,78,false],"colormag-featured-image":["https:\/\/digital58.com.ve\/site\/wp-content\/uploads\/2019\/07\/Ercondeshow01.jpg",742,445,false],"colormag-default-news":["https:\/\/digital58.com.ve\/site\/wp-content\/uploads\/2019\/07\/Ercondeshow01.jpg",150,90,false],"colormag-featured-image-large":["https:\/\/digital58.com.ve\/site\/wp-content\/uploads\/2019\/07\/Ercondeshow01.jpg",800,480,false]},"uagb_author_info":{"display_name":"Villasmil Henry","author_link":"https:\/\/digital58.com.ve\/site\/author\/droopy_68\/"},"uagb_comment_info":0,"uagb_excerpt":"Su majestad, Er Conde del Gu\u00e1charo llega este 4 de julio al sal\u00f3n Maracaibo del Hotel Intercontinental de la ciudad","_links":{"self":[{"href":"https:\/\/digital58.com.ve\/site\/wp-json\/wp\/v2\/posts\/85859","targetHints":{"allow":["GET"]}}],"collection":[{"href":"https:\/\/digital58.com.ve\/site\/wp-json\/wp\/v2\/posts"}],"about":[{"href":"https:\/\/digital58.com.ve\/site\/wp-json\/wp\/v2\/types\/post"}],"author":[{"embeddable":true,"href":"https:\/\/digital58.com.ve\/site\/wp-json\/wp\/v2\/users\/1"}],"replies":[{"embeddable":true,"href":"https:\/\/digital58.com.ve\/site\/wp-json\/wp\/v2\/comments?post=85859"}],"version-history":[{"count":0,"href":"https:\/\/digital58.com.ve\/site\/wp-json\/wp\/v2\/posts\/85859\/revisions"}],"wp:featuredmedia":[{"embeddable":true,"href":"https:\/\/digital58.com.ve\/site\/wp-json\/wp\/v2\/media\/85861"}],"wp:attachment":[{"href":"https:\/\/digital58.com.ve\/site\/wp-json\/wp\/v2\/media?parent=85859"}],"wp:term":[{"taxonomy":"category","embeddable":true,"href":"https:\/\/digital58.com.ve\/site\/wp-json\/wp\/v2\/categories?post=85859"},{"taxonomy":"post_tag","embeddable":true,"href":"https:\/\/digital58.com.ve\/site\/wp-json\/wp\/v2\/tags?post=85859"}],"curies":[{"name":"wp","href":"https:\/\/api.w.org\/{rel}","templated":true}]}}