{"id":85906,"date":"2019-07-06T14:47:57","date_gmt":"2019-07-06T18:47:57","guid":{"rendered":"https:\/\/digital58.com.ve\/site\/?p=85906"},"modified":"2019-07-06T14:47:57","modified_gmt":"2019-07-06T18:47:57","slug":"lo-celso-y-dybala-en-once-de-argentina-arturo-vidal-titular-con-chile","status":"publish","type":"post","link":"https:\/\/digital58.com.ve\/site\/2019\/07\/06\/lo-celso-y-dybala-en-once-de-argentina-arturo-vidal-titular-con-chile\/","title":{"rendered":"Lo Celso y Dybala, en once de Argentina; Arturo Vidal, titular con Chile"},"content":{"rendered":"<p><a href=\"https:\/\/digital58.com.ve\/site\/wp-content\/uploads\/2019\/07\/chile-argentina.jpg\"><img loading=\"lazy\" decoding=\"async\" class=\"aligncenter size-large wp-image-85909\" src=\"https:\/\/digital58.com.ve\/site\/wp-content\/uploads\/2019\/07\/chile-argentina-1024x1024.jpg\" alt=\"\" width=\"640\" height=\"640\" srcset=\"https:\/\/digital58.com.ve\/site\/wp-content\/uploads\/2019\/07\/chile-argentina-1024x1024.jpg 1024w, https:\/\/digital58.com.ve\/site\/wp-content\/uploads\/2019\/07\/chile-argentina-150x150.jpg 150w, https:\/\/digital58.com.ve\/site\/wp-content\/uploads\/2019\/07\/chile-argentina-300x300.jpg 300w, https:\/\/digital58.com.ve\/site\/wp-content\/uploads\/2019\/07\/chile-argentina-768x768.jpg 768w, https:\/\/digital58.com.ve\/site\/wp-content\/uploads\/2019\/07\/chile-argentina.jpg 600w\" sizes=\"auto, (max-width: 640px) 100vw, 640px\" \/><\/a><\/p>\n<p>Giovani Lo Celso y Paulo Dybala partir\u00e1n de inicio este s\u00e1bado con la selecci\u00f3n argentina en sustituci\u00f3n de los sancionados Marcos Acu\u00f1a y Lautaro Mart\u00ednez, en el partido por el tercer y cuarto puesto de la Copa Am\u00e9rica 2019 contra Chile, que mantiene a Arturo Vidal en el once.<\/p>\n<p><strong>Sao Paulo, Brasil, 06 de julio de 2019 (Noticias Digital58).-<\/strong> La entrada de Lo Celso y Dybala son las \u00fanicas novedades en el equipo titular del t\u00e9cnico Lionel Scaloni, quien ya avis\u00f3 que iba a poner a los mejores disponibles para dar continuidad a la buena imagen mostrada en las semifinales contra Brasil.<\/p>\n<p>De esta forma, la Albiceleste saltar\u00e1 al c\u00e9sped del Arena Corinthians de Sao Paulo con Franco Armani, en porter\u00eda; Juan Foyth, Germ\u00e1n Pezzella, Nicol\u00e1s Otamendi, Nicol\u00e1s Tagliafico, en defensa; Rodrigo de Paul, Leandro Paredes, Giovani Lo Celso, en el centro del campo; y Lionel Messi, Paulo Dybala y Sergio Ag\u00fcero, en punta.<\/p>\n<p><a href=\"https:\/\/digital58.com.ve\/site\/wp-content\/uploads\/2019\/07\/argentina.jpg\"><img loading=\"lazy\" decoding=\"async\" class=\"aligncenter size-large wp-image-85908\" src=\"https:\/\/digital58.com.ve\/site\/wp-content\/uploads\/2019\/07\/argentina-1500x1000.jpg\" alt=\"\" width=\"640\" height=\"427\" srcset=\"https:\/\/digital58.com.ve\/site\/wp-content\/uploads\/2019\/07\/argentina-1500x1000.jpg 1500w, https:\/\/digital58.com.ve\/site\/wp-content\/uploads\/2019\/07\/argentina-300x200.jpg 300w, https:\/\/digital58.com.ve\/site\/wp-content\/uploads\/2019\/07\/argentina-768x512.jpg 768w, https:\/\/digital58.com.ve\/site\/wp-content\/uploads\/2019\/07\/argentina-720x480.jpg 720w, https:\/\/digital58.com.ve\/site\/wp-content\/uploads\/2019\/07\/argentina-480x320.jpg 480w, https:\/\/digital58.com.ve\/site\/wp-content\/uploads\/2019\/07\/argentina.jpg 800w\" sizes=\"auto, (max-width: 640px) 100vw, 640px\" \/><\/a><\/p>\n<p>La Albiceleste cay\u00f3 derrotada ante la anfitriona Brasil por 2-0, en medio de las protestas de los argentinos por el arbitraje, mientras que la Roja fue eliminada contra todo pron\u00f3stico tras perder por 0-3 ante Per\u00fa.<\/p>\n<p>Por su parte, el entrenador colombiano, Reinaldo Rueda, seleccionador de Chile, introducir\u00e1 dos cambios, pero mantendr\u00e1 a Arturo Vidal en el once titular, pese a las molestias que arrastraba el centrocampista del Barcelona en el tobillo tras las semifinales.<\/p>\n<p>El central Guillermo Marip\u00e1n y el extremo Jos\u00e9 Fuenzalida se sentar\u00e1n en el banquillo de reservas y entran Gonzalo Jara y el lateral Paulo D\u00edaz.<\/p>\n<p><a href=\"https:\/\/digital58.com.ve\/site\/wp-content\/uploads\/2019\/07\/chile.jpg\"><img loading=\"lazy\" decoding=\"async\" class=\"aligncenter size-large wp-image-85907\" src=\"https:\/\/digital58.com.ve\/site\/wp-content\/uploads\/2019\/07\/chile-1500x879.jpg\" alt=\"\" width=\"640\" height=\"375\" srcset=\"https:\/\/digital58.com.ve\/site\/wp-content\/uploads\/2019\/07\/chile-1500x879.jpg 1500w, https:\/\/digital58.com.ve\/site\/wp-content\/uploads\/2019\/07\/chile-300x176.jpg 300w, https:\/\/digital58.com.ve\/site\/wp-content\/uploads\/2019\/07\/chile-768x450.jpg 768w, https:\/\/digital58.com.ve\/site\/wp-content\/uploads\/2019\/07\/chile.jpg 800w\" sizes=\"auto, (max-width: 640px) 100vw, 640px\" \/><\/a><\/p>\n<p>De esta forma, la Roja saldr\u00e1 con Gabriel Arias; Paulo D\u00edaz, Mauricio Isla, Gary Medel, Gonzalo Jara, Jean Beausejour; Erick Pulgar, Charles Ar\u00e1nguiz, Arturo Vidal; Eduardo Vargas y Alexis S\u00e1nchez.<\/p>\n<p>El encuentro entre ambas selecciones por el bronce de la Copa Am\u00e9rica de Brasil 2019 empezar\u00e1 a las 16.00 hora local (19.00 GMT) y ser\u00e1 la reedici\u00f3n de las dos \u00faltimas finales de Copa Am\u00e9rica de Chile 2015 y Centenario 2016, en Estados Unidos.<\/p>\n<p>En ambas, la Roja se llev\u00f3 la victoria sobre la Albiceleste en la tanda de penaltis tras sendos empates sin goles.<\/p>\n<p>La final de la Copa Am\u00e9rica 2019 la disputar\u00e1n Brasil y Per\u00fa este domingo en el estadio Maracan\u00e1 de R\u00edo de Janeiro.<\/p>\n<p><strong>Redacci\u00f3n con fuente: EFE<\/strong><br \/>\n<strong>Edici\u00f3n: Villasmil, Henry<\/strong><br \/>\n<strong>Gr\u00e1fica: @arismendiht | EFE<\/strong><\/p><div class=\"xmcnb69f4dec26f3e2\" ><p style=\"text-align: center;\"><a href=\"https:\/\/t.me\/noticiasdigital58\" target=\"_blank\" rel=\"noopener\"><img class=\"aligncenter size-full wp-image-125363\" src=\"https:\/\/digital58.com.ve\/site\/wp-content\/uploads\/2021\/04\/banner-telegram-web-2021.png\" alt=\"\" width=\"600\" height=\"90\" \/><\/a><\/p><\/div><style type=\"text\/css\">\r\n@media screen and (min-width: 1201px) {\r\n.xmcnb69f4dec26f3e2 {\r\ndisplay: block;\r\n}\r\n}\r\n@media screen and (min-width: 993px) and (max-width: 1200px) {\r\n.xmcnb69f4dec26f3e2 {\r\ndisplay: block;\r\n}\r\n}\r\n@media screen and (min-width: 769px) and (max-width: 992px) {\r\n.xmcnb69f4dec26f3e2 {\r\ndisplay: block;\r\n}\r\n}\r\n@media screen and (min-width: 768px) and (max-width: 768px) {\r\n.xmcnb69f4dec26f3e2 {\r\ndisplay: block;\r\n}\r\n}\r\n@media screen and (max-width: 767px) {\r\n.xmcnb69f4dec26f3e2 {\r\ndisplay: block;\r\n}\r\n}\r\n<\/style>\r\n\n<p>&nbsp;<\/p>\n<div style=\"margin-top: 0px; margin-bottom: 0px;\" class=\"sharethis-inline-share-buttons\" ><\/div>","protected":false},"excerpt":{"rendered":"<p>Giovani Lo Celso y Paulo Dybala partir\u00e1n de inicio este s\u00e1bado con la selecci\u00f3n argentina en sustituci\u00f3n de los sancionados<\/p>\n","protected":false},"author":1,"featured_media":85909,"comment_status":"open","ping_status":"closed","sticky":false,"template":"","format":"standard","meta":{"colormag_page_container_layout":"default_layout","colormag_page_sidebar_layout":"default_layout","_uag_custom_page_level_css":"","footnotes":""},"categories":[5402],"tags":[36,35,109,125,7158,11970,13,41,8],"class_list":["post-85906","post","type-post","status-publish","format-standard","has-post-thumbnail","hentry","category-deportes","tag-argentina","tag-brasil","tag-chile","tag-conmebol","tag-copa-america","tag-copa-america-2019","tag-futbol","tag-futbol-internacional","tag-internacionales"],"yoast_head":"<!-- This site is optimized with the Yoast SEO plugin v27.5 - https:\/\/yoast.com\/product\/yoast-seo-wordpress\/ -->\n<title>Lo Celso y Dybala, en once de Argentina; Arturo Vidal, titular con Chile<\/title>\n<meta name=\"description\" content=\"Deportes\" \/>\n<meta name=\"robots\" content=\"index, follow, max-snippet:-1, max-image-preview:large, max-video-preview:-1\" \/>\n<link rel=\"canonical\" href=\"https:\/\/digital58.com.ve\/site\/2019\/07\/06\/lo-celso-y-dybala-en-once-de-argentina-arturo-vidal-titular-con-chile\/\" \/>\n<meta property=\"og:locale\" content=\"es_ES\" \/>\n<meta property=\"og:type\" content=\"article\" \/>\n<meta property=\"og:title\" content=\"Lo Celso y Dybala, en once de Argentina; Arturo Vidal, titular con Chile\" \/>\n<meta property=\"og:description\" content=\"Deportes\" \/>\n<meta property=\"og:url\" content=\"https:\/\/digital58.com.ve\/site\/2019\/07\/06\/lo-celso-y-dybala-en-once-de-argentina-arturo-vidal-titular-con-chile\/\" \/>\n<meta property=\"og:site_name\" content=\"Noticias Digital58\" \/>\n<meta property=\"article:published_time\" content=\"2019-07-06T18:47:57+00:00\" \/>\n<meta property=\"og:image\" content=\"https:\/\/digital58.com.ve\/site\/wp-content\/uploads\/2019\/07\/chile-argentina.jpg\" \/>\n\t<meta property=\"og:image:width\" content=\"1080\" \/>\n\t<meta property=\"og:image:height\" content=\"1080\" \/>\n\t<meta property=\"og:image:type\" content=\"image\/jpeg\" \/>\n<meta name=\"author\" content=\"Villasmil Henry\" \/>\n<meta name=\"twitter:card\" content=\"summary_large_image\" \/>\n<meta name=\"twitter:creator\" content=\"@https:\/\/twitter.com\/villasmilhfoto\" \/>\n<meta name=\"twitter:site\" content=\"@villasmilhfoto\" \/>\n<meta name=\"twitter:label1\" content=\"Escrito por\" \/>\n\t<meta name=\"twitter:data1\" content=\"Villasmil Henry\" \/>\n\t<meta name=\"twitter:label2\" content=\"Tiempo estimado de lectura\" \/>\n\t<meta name=\"twitter:data2\" content=\"2 minutos\" \/>\n<script type=\"application\/ld+json\" class=\"yoast-schema-graph\">{\"@context\":\"https:\\\/\\\/schema.org\",\"@graph\":[{\"@type\":\"Article\",\"@id\":\"https:\\\/\\\/digital58.com.ve\\\/site\\\/2019\\\/07\\\/06\\\/lo-celso-y-dybala-en-once-de-argentina-arturo-vidal-titular-con-chile\\\/#article\",\"isPartOf\":{\"@id\":\"https:\\\/\\\/digital58.com.ve\\\/site\\\/2019\\\/07\\\/06\\\/lo-celso-y-dybala-en-once-de-argentina-arturo-vidal-titular-con-chile\\\/\"},\"author\":{\"name\":\"Villasmil Henry\",\"@id\":\"https:\\\/\\\/digital58.com.ve\\\/site\\\/#\\\/schema\\\/person\\\/64d1c2e4d0d4fd1b849980c4331c2951\"},\"headline\":\"Lo Celso y Dybala, en once de Argentina; Arturo Vidal, titular con Chile\",\"datePublished\":\"2019-07-06T18:47:57+00:00\",\"mainEntityOfPage\":{\"@id\":\"https:\\\/\\\/digital58.com.ve\\\/site\\\/2019\\\/07\\\/06\\\/lo-celso-y-dybala-en-once-de-argentina-arturo-vidal-titular-con-chile\\\/\"},\"wordCount\":417,\"commentCount\":0,\"publisher\":{\"@id\":\"https:\\\/\\\/digital58.com.ve\\\/site\\\/#\\\/schema\\\/person\\\/64d1c2e4d0d4fd1b849980c4331c2951\"},\"image\":{\"@id\":\"https:\\\/\\\/digital58.com.ve\\\/site\\\/2019\\\/07\\\/06\\\/lo-celso-y-dybala-en-once-de-argentina-arturo-vidal-titular-con-chile\\\/#primaryimage\"},\"thumbnailUrl\":\"https:\\\/\\\/digital58.com.ve\\\/site\\\/wp-content\\\/uploads\\\/2019\\\/07\\\/chile-argentina.jpg\",\"keywords\":[\"Argentina\",\"Brasil\",\"Chile\",\"Conmebol\",\"Copa Am\u00e9rica\",\"Copa Am\u00e9rica 2019\",\"F\u00fatbol\",\"F\u00fatbol Internacional\",\"Internacionales\"],\"articleSection\":[\"Deportes\"],\"inLanguage\":\"es\",\"potentialAction\":[{\"@type\":\"CommentAction\",\"name\":\"Comment\",\"target\":[\"https:\\\/\\\/digital58.com.ve\\\/site\\\/2019\\\/07\\\/06\\\/lo-celso-y-dybala-en-once-de-argentina-arturo-vidal-titular-con-chile\\\/#respond\"]}]},{\"@type\":\"WebPage\",\"@id\":\"https:\\\/\\\/digital58.com.ve\\\/site\\\/2019\\\/07\\\/06\\\/lo-celso-y-dybala-en-once-de-argentina-arturo-vidal-titular-con-chile\\\/\",\"url\":\"https:\\\/\\\/digital58.com.ve\\\/site\\\/2019\\\/07\\\/06\\\/lo-celso-y-dybala-en-once-de-argentina-arturo-vidal-titular-con-chile\\\/\",\"name\":\"Lo Celso y Dybala, en once de Argentina; Arturo Vidal, titular con Chile\",\"isPartOf\":{\"@id\":\"https:\\\/\\\/digital58.com.ve\\\/site\\\/#website\"},\"primaryImageOfPage\":{\"@id\":\"https:\\\/\\\/digital58.com.ve\\\/site\\\/2019\\\/07\\\/06\\\/lo-celso-y-dybala-en-once-de-argentina-arturo-vidal-titular-con-chile\\\/#primaryimage\"},\"image\":{\"@id\":\"https:\\\/\\\/digital58.com.ve\\\/site\\\/2019\\\/07\\\/06\\\/lo-celso-y-dybala-en-once-de-argentina-arturo-vidal-titular-con-chile\\\/#primaryimage\"},\"thumbnailUrl\":\"https:\\\/\\\/digital58.com.ve\\\/site\\\/wp-content\\\/uploads\\\/2019\\\/07\\\/chile-argentina.jpg\",\"datePublished\":\"2019-07-06T18:47:57+00:00\",\"description\":\"Deportes\",\"breadcrumb\":{\"@id\":\"https:\\\/\\\/digital58.com.ve\\\/site\\\/2019\\\/07\\\/06\\\/lo-celso-y-dybala-en-once-de-argentina-arturo-vidal-titular-con-chile\\\/#breadcrumb\"},\"inLanguage\":\"es\",\"potentialAction\":[{\"@type\":\"ReadAction\",\"target\":[\"https:\\\/\\\/digital58.com.ve\\\/site\\\/2019\\\/07\\\/06\\\/lo-celso-y-dybala-en-once-de-argentina-arturo-vidal-titular-con-chile\\\/\"]}]},{\"@type\":\"ImageObject\",\"inLanguage\":\"es\",\"@id\":\"https:\\\/\\\/digital58.com.ve\\\/site\\\/2019\\\/07\\\/06\\\/lo-celso-y-dybala-en-once-de-argentina-arturo-vidal-titular-con-chile\\\/#primaryimage\",\"url\":\"https:\\\/\\\/digital58.com.ve\\\/site\\\/wp-content\\\/uploads\\\/2019\\\/07\\\/chile-argentina.jpg\",\"contentUrl\":\"https:\\\/\\\/digital58.com.ve\\\/site\\\/wp-content\\\/uploads\\\/2019\\\/07\\\/chile-argentina.jpg\",\"width\":600,\"height\":600},{\"@type\":\"BreadcrumbList\",\"@id\":\"https:\\\/\\\/digital58.com.ve\\\/site\\\/2019\\\/07\\\/06\\\/lo-celso-y-dybala-en-once-de-argentina-arturo-vidal-titular-con-chile\\\/#breadcrumb\",\"itemListElement\":[{\"@type\":\"ListItem\",\"position\":1,\"name\":\"Home\",\"item\":\"https:\\\/\\\/digital58.com.ve\\\/site\\\/\"},{\"@type\":\"ListItem\",\"position\":2,\"name\":\"Lo Celso y Dybala, en once de Argentina; Arturo Vidal, titular con Chile\"}]},{\"@type\":\"WebSite\",\"@id\":\"https:\\\/\\\/digital58.com.ve\\\/site\\\/#website\",\"url\":\"https:\\\/\\\/digital58.com.ve\\\/site\\\/\",\"name\":\"Noticias Digital58\",\"description\":\"Portal de Noticias \u00a1Periodismo web de verdad! Lanzamiento web 22.11.2005 \\\/ Maracaibo, Venezuela\",\"publisher\":{\"@id\":\"https:\\\/\\\/digital58.com.ve\\\/site\\\/#\\\/schema\\\/person\\\/64d1c2e4d0d4fd1b849980c4331c2951\"},\"alternateName\":\"ND58\",\"potentialAction\":[{\"@type\":\"SearchAction\",\"target\":{\"@type\":\"EntryPoint\",\"urlTemplate\":\"https:\\\/\\\/digital58.com.ve\\\/site\\\/?s={search_term_string}\"},\"query-input\":{\"@type\":\"PropertyValueSpecification\",\"valueRequired\":true,\"valueName\":\"search_term_string\"}}],\"inLanguage\":\"es\"},{\"@type\":[\"Person\",\"Organization\"],\"@id\":\"https:\\\/\\\/digital58.com.ve\\\/site\\\/#\\\/schema\\\/person\\\/64d1c2e4d0d4fd1b849980c4331c2951\",\"name\":\"Villasmil Henry\",\"image\":{\"@type\":\"ImageObject\",\"inLanguage\":\"es\",\"@id\":\"https:\\\/\\\/secure.gravatar.com\\\/avatar\\\/bb0c4a2fcb7970138239f7e404ea75757b1b507b28b5ce4c53fbd62d797c5a7c?s=96&d=mm&r=g\",\"url\":\"https:\\\/\\\/secure.gravatar.com\\\/avatar\\\/bb0c4a2fcb7970138239f7e404ea75757b1b507b28b5ce4c53fbd62d797c5a7c?s=96&d=mm&r=g\",\"contentUrl\":\"https:\\\/\\\/secure.gravatar.com\\\/avatar\\\/bb0c4a2fcb7970138239f7e404ea75757b1b507b28b5ce4c53fbd62d797c5a7c?s=96&d=mm&r=g\",\"caption\":\"Villasmil Henry\"},\"logo\":{\"@id\":\"https:\\\/\\\/secure.gravatar.com\\\/avatar\\\/bb0c4a2fcb7970138239f7e404ea75757b1b507b28b5ce4c53fbd62d797c5a7c?s=96&d=mm&r=g\"},\"sameAs\":[\"http:\\\/\\\/www.henryvillasmil.com.ve\",\"https:\\\/\\\/www.instagram.com\\\/villasmilhfoto\\\/\",\"https:\\\/\\\/x.com\\\/https:\\\/\\\/twitter.com\\\/villasmilhfoto\"],\"url\":\"https:\\\/\\\/digital58.com.ve\\\/site\\\/author\\\/droopy_68\\\/\"}]}<\/script>\n<!-- \/ Yoast SEO plugin. -->","yoast_head_json":{"title":"Lo Celso y Dybala, en once de Argentina; Arturo Vidal, titular con Chile","description":"Deportes","robots":{"index":"index","follow":"follow","max-snippet":"max-snippet:-1","max-image-preview":"max-image-preview:large","max-video-preview":"max-video-preview:-1"},"canonical":"https:\/\/digital58.com.ve\/site\/2019\/07\/06\/lo-celso-y-dybala-en-once-de-argentina-arturo-vidal-titular-con-chile\/","og_locale":"es_ES","og_type":"article","og_title":"Lo Celso y Dybala, en once de Argentina; Arturo Vidal, titular con Chile","og_description":"Deportes","og_url":"https:\/\/digital58.com.ve\/site\/2019\/07\/06\/lo-celso-y-dybala-en-once-de-argentina-arturo-vidal-titular-con-chile\/","og_site_name":"Noticias Digital58","article_published_time":"2019-07-06T18:47:57+00:00","og_image":[{"width":1080,"height":1080,"url":"https:\/\/digital58.com.ve\/site\/wp-content\/uploads\/2019\/07\/chile-argentina.jpg","type":"image\/jpeg"}],"author":"Villasmil Henry","twitter_card":"summary_large_image","twitter_creator":"@https:\/\/twitter.com\/villasmilhfoto","twitter_site":"@villasmilhfoto","twitter_misc":{"Escrito por":"Villasmil Henry","Tiempo estimado de lectura":"2 minutos"},"schema":{"@context":"https:\/\/schema.org","@graph":[{"@type":"Article","@id":"https:\/\/digital58.com.ve\/site\/2019\/07\/06\/lo-celso-y-dybala-en-once-de-argentina-arturo-vidal-titular-con-chile\/#article","isPartOf":{"@id":"https:\/\/digital58.com.ve\/site\/2019\/07\/06\/lo-celso-y-dybala-en-once-de-argentina-arturo-vidal-titular-con-chile\/"},"author":{"name":"Villasmil Henry","@id":"https:\/\/digital58.com.ve\/site\/#\/schema\/person\/64d1c2e4d0d4fd1b849980c4331c2951"},"headline":"Lo Celso y Dybala, en once de Argentina; Arturo Vidal, titular con Chile","datePublished":"2019-07-06T18:47:57+00:00","mainEntityOfPage":{"@id":"https:\/\/digital58.com.ve\/site\/2019\/07\/06\/lo-celso-y-dybala-en-once-de-argentina-arturo-vidal-titular-con-chile\/"},"wordCount":417,"commentCount":0,"publisher":{"@id":"https:\/\/digital58.com.ve\/site\/#\/schema\/person\/64d1c2e4d0d4fd1b849980c4331c2951"},"image":{"@id":"https:\/\/digital58.com.ve\/site\/2019\/07\/06\/lo-celso-y-dybala-en-once-de-argentina-arturo-vidal-titular-con-chile\/#primaryimage"},"thumbnailUrl":"https:\/\/digital58.com.ve\/site\/wp-content\/uploads\/2019\/07\/chile-argentina.jpg","keywords":["Argentina","Brasil","Chile","Conmebol","Copa Am\u00e9rica","Copa Am\u00e9rica 2019","F\u00fatbol","F\u00fatbol Internacional","Internacionales"],"articleSection":["Deportes"],"inLanguage":"es","potentialAction":[{"@type":"CommentAction","name":"Comment","target":["https:\/\/digital58.com.ve\/site\/2019\/07\/06\/lo-celso-y-dybala-en-once-de-argentina-arturo-vidal-titular-con-chile\/#respond"]}]},{"@type":"WebPage","@id":"https:\/\/digital58.com.ve\/site\/2019\/07\/06\/lo-celso-y-dybala-en-once-de-argentina-arturo-vidal-titular-con-chile\/","url":"https:\/\/digital58.com.ve\/site\/2019\/07\/06\/lo-celso-y-dybala-en-once-de-argentina-arturo-vidal-titular-con-chile\/","name":"Lo Celso y Dybala, en once de Argentina; Arturo Vidal, titular con Chile","isPartOf":{"@id":"https:\/\/digital58.com.ve\/site\/#website"},"primaryImageOfPage":{"@id":"https:\/\/digital58.com.ve\/site\/2019\/07\/06\/lo-celso-y-dybala-en-once-de-argentina-arturo-vidal-titular-con-chile\/#primaryimage"},"image":{"@id":"https:\/\/digital58.com.ve\/site\/2019\/07\/06\/lo-celso-y-dybala-en-once-de-argentina-arturo-vidal-titular-con-chile\/#primaryimage"},"thumbnailUrl":"https:\/\/digital58.com.ve\/site\/wp-content\/uploads\/2019\/07\/chile-argentina.jpg","datePublished":"2019-07-06T18:47:57+00:00","description":"Deportes","breadcrumb":{"@id":"https:\/\/digital58.com.ve\/site\/2019\/07\/06\/lo-celso-y-dybala-en-once-de-argentina-arturo-vidal-titular-con-chile\/#breadcrumb"},"inLanguage":"es","potentialAction":[{"@type":"ReadAction","target":["https:\/\/digital58.com.ve\/site\/2019\/07\/06\/lo-celso-y-dybala-en-once-de-argentina-arturo-vidal-titular-con-chile\/"]}]},{"@type":"ImageObject","inLanguage":"es","@id":"https:\/\/digital58.com.ve\/site\/2019\/07\/06\/lo-celso-y-dybala-en-once-de-argentina-arturo-vidal-titular-con-chile\/#primaryimage","url":"https:\/\/digital58.com.ve\/site\/wp-content\/uploads\/2019\/07\/chile-argentina.jpg","contentUrl":"https:\/\/digital58.com.ve\/site\/wp-content\/uploads\/2019\/07\/chile-argentina.jpg","width":600,"height":600},{"@type":"BreadcrumbList","@id":"https:\/\/digital58.com.ve\/site\/2019\/07\/06\/lo-celso-y-dybala-en-once-de-argentina-arturo-vidal-titular-con-chile\/#breadcrumb","itemListElement":[{"@type":"ListItem","position":1,"name":"Home","item":"https:\/\/digital58.com.ve\/site\/"},{"@type":"ListItem","position":2,"name":"Lo Celso y Dybala, en once de Argentina; Arturo Vidal, titular con Chile"}]},{"@type":"WebSite","@id":"https:\/\/digital58.com.ve\/site\/#website","url":"https:\/\/digital58.com.ve\/site\/","name":"Noticias Digital58","description":"Portal de Noticias \u00a1Periodismo web de verdad! Lanzamiento web 22.11.2005 \/ Maracaibo, Venezuela","publisher":{"@id":"https:\/\/digital58.com.ve\/site\/#\/schema\/person\/64d1c2e4d0d4fd1b849980c4331c2951"},"alternateName":"ND58","potentialAction":[{"@type":"SearchAction","target":{"@type":"EntryPoint","urlTemplate":"https:\/\/digital58.com.ve\/site\/?s={search_term_string}"},"query-input":{"@type":"PropertyValueSpecification","valueRequired":true,"valueName":"search_term_string"}}],"inLanguage":"es"},{"@type":["Person","Organization"],"@id":"https:\/\/digital58.com.ve\/site\/#\/schema\/person\/64d1c2e4d0d4fd1b849980c4331c2951","name":"Villasmil Henry","image":{"@type":"ImageObject","inLanguage":"es","@id":"https:\/\/secure.gravatar.com\/avatar\/bb0c4a2fcb7970138239f7e404ea75757b1b507b28b5ce4c53fbd62d797c5a7c?s=96&d=mm&r=g","url":"https:\/\/secure.gravatar.com\/avatar\/bb0c4a2fcb7970138239f7e404ea75757b1b507b28b5ce4c53fbd62d797c5a7c?s=96&d=mm&r=g","contentUrl":"https:\/\/secure.gravatar.com\/avatar\/bb0c4a2fcb7970138239f7e404ea75757b1b507b28b5ce4c53fbd62d797c5a7c?s=96&d=mm&r=g","caption":"Villasmil Henry"},"logo":{"@id":"https:\/\/secure.gravatar.com\/avatar\/bb0c4a2fcb7970138239f7e404ea75757b1b507b28b5ce4c53fbd62d797c5a7c?s=96&d=mm&r=g"},"sameAs":["http:\/\/www.henryvillasmil.com.ve","https:\/\/www.instagram.com\/villasmilhfoto\/","https:\/\/x.com\/https:\/\/twitter.com\/villasmilhfoto"],"url":"https:\/\/digital58.com.ve\/site\/author\/droopy_68\/"}]}},"uagb_featured_image_src":{"full":["https:\/\/digital58.com.ve\/site\/wp-content\/uploads\/2019\/07\/chile-argentina.jpg",600,600,false],"thumbnail":["https:\/\/digital58.com.ve\/site\/wp-content\/uploads\/2019\/07\/chile-argentina-150x150.jpg",150,150,true],"medium":["https:\/\/digital58.com.ve\/site\/wp-content\/uploads\/2019\/07\/chile-argentina-300x300.jpg",300,300,true],"medium_large":["https:\/\/digital58.com.ve\/site\/wp-content\/uploads\/2019\/07\/chile-argentina-768x768.jpg",768,768,true],"large":["https:\/\/digital58.com.ve\/site\/wp-content\/uploads\/2019\/07\/chile-argentina-1024x1024.jpg",800,800,true],"1536x1536":["https:\/\/digital58.com.ve\/site\/wp-content\/uploads\/2019\/07\/chile-argentina.jpg",600,600,false],"2048x2048":["https:\/\/digital58.com.ve\/site\/wp-content\/uploads\/2019\/07\/chile-argentina.jpg",600,600,false],"colormag-highlighted-post":["https:\/\/digital58.com.ve\/site\/wp-content\/uploads\/2019\/07\/chile-argentina.jpg",272,272,false],"colormag-featured-post-medium":["https:\/\/digital58.com.ve\/site\/wp-content\/uploads\/2019\/07\/chile-argentina.jpg",205,205,false],"colormag-featured-post-small":["https:\/\/digital58.com.ve\/site\/wp-content\/uploads\/2019\/07\/chile-argentina.jpg",90,90,false],"colormag-featured-image":["https:\/\/digital58.com.ve\/site\/wp-content\/uploads\/2019\/07\/chile-argentina.jpg",445,445,false],"colormag-default-news":["https:\/\/digital58.com.ve\/site\/wp-content\/uploads\/2019\/07\/chile-argentina.jpg",150,150,false],"colormag-featured-image-large":["https:\/\/digital58.com.ve\/site\/wp-content\/uploads\/2019\/07\/chile-argentina.jpg",600,600,false]},"uagb_author_info":{"display_name":"Villasmil Henry","author_link":"https:\/\/digital58.com.ve\/site\/author\/droopy_68\/"},"uagb_comment_info":0,"uagb_excerpt":"Giovani Lo Celso y Paulo Dybala partir\u00e1n de inicio este s\u00e1bado con la selecci\u00f3n argentina en sustituci\u00f3n de los sancionados","_links":{"self":[{"href":"https:\/\/digital58.com.ve\/site\/wp-json\/wp\/v2\/posts\/85906","targetHints":{"allow":["GET"]}}],"collection":[{"href":"https:\/\/digital58.com.ve\/site\/wp-json\/wp\/v2\/posts"}],"about":[{"href":"https:\/\/digital58.com.ve\/site\/wp-json\/wp\/v2\/types\/post"}],"author":[{"embeddable":true,"href":"https:\/\/digital58.com.ve\/site\/wp-json\/wp\/v2\/users\/1"}],"replies":[{"embeddable":true,"href":"https:\/\/digital58.com.ve\/site\/wp-json\/wp\/v2\/comments?post=85906"}],"version-history":[{"count":0,"href":"https:\/\/digital58.com.ve\/site\/wp-json\/wp\/v2\/posts\/85906\/revisions"}],"wp:featuredmedia":[{"embeddable":true,"href":"https:\/\/digital58.com.ve\/site\/wp-json\/wp\/v2\/media\/85909"}],"wp:attachment":[{"href":"https:\/\/digital58.com.ve\/site\/wp-json\/wp\/v2\/media?parent=85906"}],"wp:term":[{"taxonomy":"category","embeddable":true,"href":"https:\/\/digital58.com.ve\/site\/wp-json\/wp\/v2\/categories?post=85906"},{"taxonomy":"post_tag","embeddable":true,"href":"https:\/\/digital58.com.ve\/site\/wp-json\/wp\/v2\/tags?post=85906"}],"curies":[{"name":"wp","href":"https:\/\/api.w.org\/{rel}","templated":true}]}}