{"id":86224,"date":"2019-08-01T09:09:41","date_gmt":"2019-08-01T13:09:41","guid":{"rendered":"https:\/\/digital58.com.ve\/site\/?p=86224"},"modified":"2019-08-01T09:09:41","modified_gmt":"2019-08-01T13:09:41","slug":"juan-melendez-nuevo-estratega-de-guanteno-soy","status":"publish","type":"post","link":"https:\/\/digital58.com.ve\/site\/2019\/08\/01\/juan-melendez-nuevo-estratega-de-guanteno-soy\/","title":{"rendered":"Juan Mel\u00e9ndez nuevo estratega de Guante\u00f1o Soy"},"content":{"rendered":"<p><a href=\"https:\/\/digital58.com.ve\/site\/wp-content\/uploads\/2019\/08\/juan-melendez.jpg\"><img loading=\"lazy\" decoding=\"async\" class=\"aligncenter size-full wp-image-86225\" src=\"https:\/\/digital58.com.ve\/site\/wp-content\/uploads\/2019\/08\/juan-melendez.jpg\" alt=\"\" width=\"851\" height=\"491\" srcset=\"https:\/\/digital58.com.ve\/site\/wp-content\/uploads\/2019\/08\/juan-melendez.jpg 800w, https:\/\/digital58.com.ve\/site\/wp-content\/uploads\/2019\/08\/juan-melendez-300x173.jpg 300w, https:\/\/digital58.com.ve\/site\/wp-content\/uploads\/2019\/08\/juan-melendez-768x443.jpg 768w\" sizes=\"auto, (max-width: 851px) 100vw, 851px\" \/><\/a><\/p>\n<p>La Gerencia de Guante\u00f1o Soy, oficializ\u00f3 la designaci\u00f3n de estratega a Juan Mel\u00e9ndez como estratega de la divisa oriental. \u00abConsideramos que Juan Mel\u00e9ndez est\u00e1 plenamente capacitado para llevar las riendas del club, apostamos por la continuidad y el conocimiento que tiene del equipo y de la liga\u00bb, explic\u00f3 Elian Silvio, gerente general de Guante\u00f1o Soy.<\/p>\n<p><strong>Puerto La Cruz, Anzo\u00e1tegui, Venezuela, 01 de agosto de 2019 (Noticias D58).-<\/strong> Para Mel\u00e9ndez este ser\u00e1 su segundo a\u00f1o como t\u00e9cnico de la novena Guante\u00f1a, en su primera campa\u00f1a se desempe\u00f1\u00f3 como <em>coach<\/em> de banco bajo la direcci\u00f3n de Ronard Rom\u00e1n.<\/p>\n<p>Anteriormente fue estratega de industriales de Carabobo, Abogados de Carabobo, Ingenieros de Carabobo y Excelent Car Service en Estados Unidos<\/p>\n<p>\u00abJuan Mel\u00e9ndez tiene el perfil que necesitamos para continuar con el proyecto que queremos. Creemos firmemente que puede lograr grandes cosas con el equipo por todo el profesionalismo que ha tenido en su carrera\u00bb. Manifest\u00f3 Silvio.<\/p>\n<p>Como jugador tuvo una trayectoria de 17 a\u00f1os en la selecci\u00f3n nacional .<\/p><div class=\"zxxbs69ef2bf64a075\" ><p style=\"text-align: center;\"><a href=\"https:\/\/t.me\/noticiasdigital58\" target=\"_blank\" rel=\"noopener\"><img class=\"aligncenter size-full wp-image-125363\" src=\"https:\/\/digital58.com.ve\/site\/wp-content\/uploads\/2021\/04\/banner-telegram-web-2021.png\" alt=\"\" width=\"600\" height=\"90\" \/><\/a><\/p><\/div><style type=\"text\/css\">\r\n@media screen and (min-width: 1201px) {\r\n.zxxbs69ef2bf64a075 {\r\ndisplay: block;\r\n}\r\n}\r\n@media screen and (min-width: 993px) and (max-width: 1200px) {\r\n.zxxbs69ef2bf64a075 {\r\ndisplay: block;\r\n}\r\n}\r\n@media screen and (min-width: 769px) and (max-width: 992px) {\r\n.zxxbs69ef2bf64a075 {\r\ndisplay: block;\r\n}\r\n}\r\n@media screen and (min-width: 768px) and (max-width: 768px) {\r\n.zxxbs69ef2bf64a075 {\r\ndisplay: block;\r\n}\r\n}\r\n@media screen and (max-width: 767px) {\r\n.zxxbs69ef2bf64a075 {\r\ndisplay: block;\r\n}\r\n}\r\n<\/style>\r\n\n<p><strong>Redacci\u00f3n con fuente: Antonio Cortez\/Prensa @guantenosoy<\/strong><br \/>\n<strong>Edici\u00f3n: Villasmil, Henry<\/strong><br \/>\n<strong>Gr\u00e1ficas: cortes\u00eda Prensa @guantenosoy<\/strong><\/p>\n<div style=\"margin-top: 0px; margin-bottom: 0px;\" class=\"sharethis-inline-share-buttons\" ><\/div>","protected":false},"excerpt":{"rendered":"<p>La Gerencia de Guante\u00f1o Soy, oficializ\u00f3 la designaci\u00f3n de estratega a Juan Mel\u00e9ndez como estratega de la divisa oriental. \u00abConsideramos<\/p>\n","protected":false},"author":1,"featured_media":86225,"comment_status":"open","ping_status":"closed","sticky":false,"template":"","format":"standard","meta":{"colormag_page_container_layout":"default_layout","colormag_page_sidebar_layout":"default_layout","_uag_custom_page_level_css":"","footnotes":""},"categories":[5402],"tags":[1809,11914,12478,233,3355,3387,32],"class_list":["post-86224","post","type-post","status-publish","format-standard","has-post-thumbnail","hentry","category-deportes","tag-anzoategui","tag-guanteno-soy","tag-juan-melendez","tag-nacionales","tag-softbol","tag-softbol-venezolano","tag-venezuela"],"yoast_head":"<!-- This site is optimized with the Yoast SEO plugin v27.4 - https:\/\/yoast.com\/product\/yoast-seo-wordpress\/ -->\n<title>Juan Mel\u00e9ndez nuevo estratega de Guante\u00f1o Soy<\/title>\n<meta name=\"description\" content=\"Deportes\" \/>\n<meta name=\"robots\" content=\"index, follow, max-snippet:-1, max-image-preview:large, max-video-preview:-1\" \/>\n<link rel=\"canonical\" href=\"https:\/\/digital58.com.ve\/site\/2019\/08\/01\/juan-melendez-nuevo-estratega-de-guanteno-soy\/\" \/>\n<meta property=\"og:locale\" content=\"es_ES\" \/>\n<meta property=\"og:type\" content=\"article\" \/>\n<meta property=\"og:title\" content=\"Juan Mel\u00e9ndez nuevo estratega de Guante\u00f1o Soy\" \/>\n<meta property=\"og:description\" content=\"Deportes\" \/>\n<meta property=\"og:url\" content=\"https:\/\/digital58.com.ve\/site\/2019\/08\/01\/juan-melendez-nuevo-estratega-de-guanteno-soy\/\" \/>\n<meta property=\"og:site_name\" content=\"Noticias Digital58\" \/>\n<meta property=\"article:published_time\" content=\"2019-08-01T13:09:41+00:00\" \/>\n<meta property=\"og:image\" content=\"https:\/\/digital58.com.ve\/site\/wp-content\/uploads\/2019\/08\/juan-melendez.jpg\" \/>\n\t<meta property=\"og:image:width\" content=\"851\" \/>\n\t<meta property=\"og:image:height\" content=\"491\" \/>\n\t<meta property=\"og:image:type\" content=\"image\/jpeg\" \/>\n<meta name=\"author\" content=\"Villasmil Henry\" \/>\n<meta name=\"twitter:card\" content=\"summary_large_image\" \/>\n<meta name=\"twitter:creator\" content=\"@https:\/\/twitter.com\/villasmilhfoto\" \/>\n<meta name=\"twitter:site\" content=\"@villasmilhfoto\" \/>\n<meta name=\"twitter:label1\" content=\"Escrito por\" \/>\n\t<meta name=\"twitter:data1\" content=\"Villasmil Henry\" \/>\n\t<meta name=\"twitter:label2\" content=\"Tiempo estimado de lectura\" \/>\n\t<meta name=\"twitter:data2\" content=\"1 minuto\" \/>\n<script type=\"application\/ld+json\" class=\"yoast-schema-graph\">{\"@context\":\"https:\\\/\\\/schema.org\",\"@graph\":[{\"@type\":\"Article\",\"@id\":\"https:\\\/\\\/digital58.com.ve\\\/site\\\/2019\\\/08\\\/01\\\/juan-melendez-nuevo-estratega-de-guanteno-soy\\\/#article\",\"isPartOf\":{\"@id\":\"https:\\\/\\\/digital58.com.ve\\\/site\\\/2019\\\/08\\\/01\\\/juan-melendez-nuevo-estratega-de-guanteno-soy\\\/\"},\"author\":{\"name\":\"Villasmil Henry\",\"@id\":\"https:\\\/\\\/digital58.com.ve\\\/site\\\/#\\\/schema\\\/person\\\/64d1c2e4d0d4fd1b849980c4331c2951\"},\"headline\":\"Juan Mel\u00e9ndez nuevo estratega de Guante\u00f1o Soy\",\"datePublished\":\"2019-08-01T13:09:41+00:00\",\"mainEntityOfPage\":{\"@id\":\"https:\\\/\\\/digital58.com.ve\\\/site\\\/2019\\\/08\\\/01\\\/juan-melendez-nuevo-estratega-de-guanteno-soy\\\/\"},\"wordCount\":205,\"commentCount\":0,\"publisher\":{\"@id\":\"https:\\\/\\\/digital58.com.ve\\\/site\\\/#\\\/schema\\\/person\\\/64d1c2e4d0d4fd1b849980c4331c2951\"},\"image\":{\"@id\":\"https:\\\/\\\/digital58.com.ve\\\/site\\\/2019\\\/08\\\/01\\\/juan-melendez-nuevo-estratega-de-guanteno-soy\\\/#primaryimage\"},\"thumbnailUrl\":\"https:\\\/\\\/digital58.com.ve\\\/site\\\/wp-content\\\/uploads\\\/2019\\\/08\\\/juan-melendez.jpg\",\"keywords\":[\"Anzo\u00e1tegui\",\"Guante\u00f1o Soy\",\"Juan Mel\u00e9ndez\",\"Nacionales\",\"Softbol\",\"Softbol Venezolano\",\"Venezuela\"],\"articleSection\":[\"Deportes\"],\"inLanguage\":\"es\",\"potentialAction\":[{\"@type\":\"CommentAction\",\"name\":\"Comment\",\"target\":[\"https:\\\/\\\/digital58.com.ve\\\/site\\\/2019\\\/08\\\/01\\\/juan-melendez-nuevo-estratega-de-guanteno-soy\\\/#respond\"]}]},{\"@type\":\"WebPage\",\"@id\":\"https:\\\/\\\/digital58.com.ve\\\/site\\\/2019\\\/08\\\/01\\\/juan-melendez-nuevo-estratega-de-guanteno-soy\\\/\",\"url\":\"https:\\\/\\\/digital58.com.ve\\\/site\\\/2019\\\/08\\\/01\\\/juan-melendez-nuevo-estratega-de-guanteno-soy\\\/\",\"name\":\"Juan Mel\u00e9ndez nuevo estratega de Guante\u00f1o Soy\",\"isPartOf\":{\"@id\":\"https:\\\/\\\/digital58.com.ve\\\/site\\\/#website\"},\"primaryImageOfPage\":{\"@id\":\"https:\\\/\\\/digital58.com.ve\\\/site\\\/2019\\\/08\\\/01\\\/juan-melendez-nuevo-estratega-de-guanteno-soy\\\/#primaryimage\"},\"image\":{\"@id\":\"https:\\\/\\\/digital58.com.ve\\\/site\\\/2019\\\/08\\\/01\\\/juan-melendez-nuevo-estratega-de-guanteno-soy\\\/#primaryimage\"},\"thumbnailUrl\":\"https:\\\/\\\/digital58.com.ve\\\/site\\\/wp-content\\\/uploads\\\/2019\\\/08\\\/juan-melendez.jpg\",\"datePublished\":\"2019-08-01T13:09:41+00:00\",\"description\":\"Deportes\",\"breadcrumb\":{\"@id\":\"https:\\\/\\\/digital58.com.ve\\\/site\\\/2019\\\/08\\\/01\\\/juan-melendez-nuevo-estratega-de-guanteno-soy\\\/#breadcrumb\"},\"inLanguage\":\"es\",\"potentialAction\":[{\"@type\":\"ReadAction\",\"target\":[\"https:\\\/\\\/digital58.com.ve\\\/site\\\/2019\\\/08\\\/01\\\/juan-melendez-nuevo-estratega-de-guanteno-soy\\\/\"]}]},{\"@type\":\"ImageObject\",\"inLanguage\":\"es\",\"@id\":\"https:\\\/\\\/digital58.com.ve\\\/site\\\/2019\\\/08\\\/01\\\/juan-melendez-nuevo-estratega-de-guanteno-soy\\\/#primaryimage\",\"url\":\"https:\\\/\\\/digital58.com.ve\\\/site\\\/wp-content\\\/uploads\\\/2019\\\/08\\\/juan-melendez.jpg\",\"contentUrl\":\"https:\\\/\\\/digital58.com.ve\\\/site\\\/wp-content\\\/uploads\\\/2019\\\/08\\\/juan-melendez.jpg\",\"width\":800,\"height\":462},{\"@type\":\"BreadcrumbList\",\"@id\":\"https:\\\/\\\/digital58.com.ve\\\/site\\\/2019\\\/08\\\/01\\\/juan-melendez-nuevo-estratega-de-guanteno-soy\\\/#breadcrumb\",\"itemListElement\":[{\"@type\":\"ListItem\",\"position\":1,\"name\":\"Home\",\"item\":\"https:\\\/\\\/digital58.com.ve\\\/site\\\/\"},{\"@type\":\"ListItem\",\"position\":2,\"name\":\"Juan Mel\u00e9ndez nuevo estratega de Guante\u00f1o Soy\"}]},{\"@type\":\"WebSite\",\"@id\":\"https:\\\/\\\/digital58.com.ve\\\/site\\\/#website\",\"url\":\"https:\\\/\\\/digital58.com.ve\\\/site\\\/\",\"name\":\"Noticias Digital58\",\"description\":\"Portal de Noticias \u00a1Periodismo web de verdad! Lanzamiento web 22.11.2005 \\\/ Maracaibo, Venezuela\",\"publisher\":{\"@id\":\"https:\\\/\\\/digital58.com.ve\\\/site\\\/#\\\/schema\\\/person\\\/64d1c2e4d0d4fd1b849980c4331c2951\"},\"alternateName\":\"ND58\",\"potentialAction\":[{\"@type\":\"SearchAction\",\"target\":{\"@type\":\"EntryPoint\",\"urlTemplate\":\"https:\\\/\\\/digital58.com.ve\\\/site\\\/?s={search_term_string}\"},\"query-input\":{\"@type\":\"PropertyValueSpecification\",\"valueRequired\":true,\"valueName\":\"search_term_string\"}}],\"inLanguage\":\"es\"},{\"@type\":[\"Person\",\"Organization\"],\"@id\":\"https:\\\/\\\/digital58.com.ve\\\/site\\\/#\\\/schema\\\/person\\\/64d1c2e4d0d4fd1b849980c4331c2951\",\"name\":\"Villasmil Henry\",\"image\":{\"@type\":\"ImageObject\",\"inLanguage\":\"es\",\"@id\":\"https:\\\/\\\/secure.gravatar.com\\\/avatar\\\/bb0c4a2fcb7970138239f7e404ea75757b1b507b28b5ce4c53fbd62d797c5a7c?s=96&d=mm&r=g\",\"url\":\"https:\\\/\\\/secure.gravatar.com\\\/avatar\\\/bb0c4a2fcb7970138239f7e404ea75757b1b507b28b5ce4c53fbd62d797c5a7c?s=96&d=mm&r=g\",\"contentUrl\":\"https:\\\/\\\/secure.gravatar.com\\\/avatar\\\/bb0c4a2fcb7970138239f7e404ea75757b1b507b28b5ce4c53fbd62d797c5a7c?s=96&d=mm&r=g\",\"caption\":\"Villasmil Henry\"},\"logo\":{\"@id\":\"https:\\\/\\\/secure.gravatar.com\\\/avatar\\\/bb0c4a2fcb7970138239f7e404ea75757b1b507b28b5ce4c53fbd62d797c5a7c?s=96&d=mm&r=g\"},\"sameAs\":[\"http:\\\/\\\/www.henryvillasmil.com.ve\",\"https:\\\/\\\/www.instagram.com\\\/villasmilhfoto\\\/\",\"https:\\\/\\\/x.com\\\/https:\\\/\\\/twitter.com\\\/villasmilhfoto\"],\"url\":\"https:\\\/\\\/digital58.com.ve\\\/site\\\/author\\\/droopy_68\\\/\"}]}<\/script>\n<!-- \/ Yoast SEO plugin. -->","yoast_head_json":{"title":"Juan Mel\u00e9ndez nuevo estratega de Guante\u00f1o Soy","description":"Deportes","robots":{"index":"index","follow":"follow","max-snippet":"max-snippet:-1","max-image-preview":"max-image-preview:large","max-video-preview":"max-video-preview:-1"},"canonical":"https:\/\/digital58.com.ve\/site\/2019\/08\/01\/juan-melendez-nuevo-estratega-de-guanteno-soy\/","og_locale":"es_ES","og_type":"article","og_title":"Juan Mel\u00e9ndez nuevo estratega de Guante\u00f1o Soy","og_description":"Deportes","og_url":"https:\/\/digital58.com.ve\/site\/2019\/08\/01\/juan-melendez-nuevo-estratega-de-guanteno-soy\/","og_site_name":"Noticias Digital58","article_published_time":"2019-08-01T13:09:41+00:00","og_image":[{"width":851,"height":491,"url":"https:\/\/digital58.com.ve\/site\/wp-content\/uploads\/2019\/08\/juan-melendez.jpg","type":"image\/jpeg"}],"author":"Villasmil Henry","twitter_card":"summary_large_image","twitter_creator":"@https:\/\/twitter.com\/villasmilhfoto","twitter_site":"@villasmilhfoto","twitter_misc":{"Escrito por":"Villasmil Henry","Tiempo estimado de lectura":"1 minuto"},"schema":{"@context":"https:\/\/schema.org","@graph":[{"@type":"Article","@id":"https:\/\/digital58.com.ve\/site\/2019\/08\/01\/juan-melendez-nuevo-estratega-de-guanteno-soy\/#article","isPartOf":{"@id":"https:\/\/digital58.com.ve\/site\/2019\/08\/01\/juan-melendez-nuevo-estratega-de-guanteno-soy\/"},"author":{"name":"Villasmil Henry","@id":"https:\/\/digital58.com.ve\/site\/#\/schema\/person\/64d1c2e4d0d4fd1b849980c4331c2951"},"headline":"Juan Mel\u00e9ndez nuevo estratega de Guante\u00f1o Soy","datePublished":"2019-08-01T13:09:41+00:00","mainEntityOfPage":{"@id":"https:\/\/digital58.com.ve\/site\/2019\/08\/01\/juan-melendez-nuevo-estratega-de-guanteno-soy\/"},"wordCount":205,"commentCount":0,"publisher":{"@id":"https:\/\/digital58.com.ve\/site\/#\/schema\/person\/64d1c2e4d0d4fd1b849980c4331c2951"},"image":{"@id":"https:\/\/digital58.com.ve\/site\/2019\/08\/01\/juan-melendez-nuevo-estratega-de-guanteno-soy\/#primaryimage"},"thumbnailUrl":"https:\/\/digital58.com.ve\/site\/wp-content\/uploads\/2019\/08\/juan-melendez.jpg","keywords":["Anzo\u00e1tegui","Guante\u00f1o Soy","Juan Mel\u00e9ndez","Nacionales","Softbol","Softbol Venezolano","Venezuela"],"articleSection":["Deportes"],"inLanguage":"es","potentialAction":[{"@type":"CommentAction","name":"Comment","target":["https:\/\/digital58.com.ve\/site\/2019\/08\/01\/juan-melendez-nuevo-estratega-de-guanteno-soy\/#respond"]}]},{"@type":"WebPage","@id":"https:\/\/digital58.com.ve\/site\/2019\/08\/01\/juan-melendez-nuevo-estratega-de-guanteno-soy\/","url":"https:\/\/digital58.com.ve\/site\/2019\/08\/01\/juan-melendez-nuevo-estratega-de-guanteno-soy\/","name":"Juan Mel\u00e9ndez nuevo estratega de Guante\u00f1o Soy","isPartOf":{"@id":"https:\/\/digital58.com.ve\/site\/#website"},"primaryImageOfPage":{"@id":"https:\/\/digital58.com.ve\/site\/2019\/08\/01\/juan-melendez-nuevo-estratega-de-guanteno-soy\/#primaryimage"},"image":{"@id":"https:\/\/digital58.com.ve\/site\/2019\/08\/01\/juan-melendez-nuevo-estratega-de-guanteno-soy\/#primaryimage"},"thumbnailUrl":"https:\/\/digital58.com.ve\/site\/wp-content\/uploads\/2019\/08\/juan-melendez.jpg","datePublished":"2019-08-01T13:09:41+00:00","description":"Deportes","breadcrumb":{"@id":"https:\/\/digital58.com.ve\/site\/2019\/08\/01\/juan-melendez-nuevo-estratega-de-guanteno-soy\/#breadcrumb"},"inLanguage":"es","potentialAction":[{"@type":"ReadAction","target":["https:\/\/digital58.com.ve\/site\/2019\/08\/01\/juan-melendez-nuevo-estratega-de-guanteno-soy\/"]}]},{"@type":"ImageObject","inLanguage":"es","@id":"https:\/\/digital58.com.ve\/site\/2019\/08\/01\/juan-melendez-nuevo-estratega-de-guanteno-soy\/#primaryimage","url":"https:\/\/digital58.com.ve\/site\/wp-content\/uploads\/2019\/08\/juan-melendez.jpg","contentUrl":"https:\/\/digital58.com.ve\/site\/wp-content\/uploads\/2019\/08\/juan-melendez.jpg","width":800,"height":462},{"@type":"BreadcrumbList","@id":"https:\/\/digital58.com.ve\/site\/2019\/08\/01\/juan-melendez-nuevo-estratega-de-guanteno-soy\/#breadcrumb","itemListElement":[{"@type":"ListItem","position":1,"name":"Home","item":"https:\/\/digital58.com.ve\/site\/"},{"@type":"ListItem","position":2,"name":"Juan Mel\u00e9ndez nuevo estratega de Guante\u00f1o Soy"}]},{"@type":"WebSite","@id":"https:\/\/digital58.com.ve\/site\/#website","url":"https:\/\/digital58.com.ve\/site\/","name":"Noticias Digital58","description":"Portal de Noticias \u00a1Periodismo web de verdad! Lanzamiento web 22.11.2005 \/ Maracaibo, Venezuela","publisher":{"@id":"https:\/\/digital58.com.ve\/site\/#\/schema\/person\/64d1c2e4d0d4fd1b849980c4331c2951"},"alternateName":"ND58","potentialAction":[{"@type":"SearchAction","target":{"@type":"EntryPoint","urlTemplate":"https:\/\/digital58.com.ve\/site\/?s={search_term_string}"},"query-input":{"@type":"PropertyValueSpecification","valueRequired":true,"valueName":"search_term_string"}}],"inLanguage":"es"},{"@type":["Person","Organization"],"@id":"https:\/\/digital58.com.ve\/site\/#\/schema\/person\/64d1c2e4d0d4fd1b849980c4331c2951","name":"Villasmil Henry","image":{"@type":"ImageObject","inLanguage":"es","@id":"https:\/\/secure.gravatar.com\/avatar\/bb0c4a2fcb7970138239f7e404ea75757b1b507b28b5ce4c53fbd62d797c5a7c?s=96&d=mm&r=g","url":"https:\/\/secure.gravatar.com\/avatar\/bb0c4a2fcb7970138239f7e404ea75757b1b507b28b5ce4c53fbd62d797c5a7c?s=96&d=mm&r=g","contentUrl":"https:\/\/secure.gravatar.com\/avatar\/bb0c4a2fcb7970138239f7e404ea75757b1b507b28b5ce4c53fbd62d797c5a7c?s=96&d=mm&r=g","caption":"Villasmil Henry"},"logo":{"@id":"https:\/\/secure.gravatar.com\/avatar\/bb0c4a2fcb7970138239f7e404ea75757b1b507b28b5ce4c53fbd62d797c5a7c?s=96&d=mm&r=g"},"sameAs":["http:\/\/www.henryvillasmil.com.ve","https:\/\/www.instagram.com\/villasmilhfoto\/","https:\/\/x.com\/https:\/\/twitter.com\/villasmilhfoto"],"url":"https:\/\/digital58.com.ve\/site\/author\/droopy_68\/"}]}},"uagb_featured_image_src":{"full":["https:\/\/digital58.com.ve\/site\/wp-content\/uploads\/2019\/08\/juan-melendez.jpg",800,462,false],"thumbnail":["https:\/\/digital58.com.ve\/site\/wp-content\/uploads\/2019\/08\/juan-melendez-150x150.jpg",150,150,true],"medium":["https:\/\/digital58.com.ve\/site\/wp-content\/uploads\/2019\/08\/juan-melendez-300x173.jpg",300,173,true],"medium_large":["https:\/\/digital58.com.ve\/site\/wp-content\/uploads\/2019\/08\/juan-melendez-768x443.jpg",768,443,true],"large":["https:\/\/digital58.com.ve\/site\/wp-content\/uploads\/2019\/08\/juan-melendez.jpg",800,462,false],"1536x1536":["https:\/\/digital58.com.ve\/site\/wp-content\/uploads\/2019\/08\/juan-melendez.jpg",800,462,false],"2048x2048":["https:\/\/digital58.com.ve\/site\/wp-content\/uploads\/2019\/08\/juan-melendez.jpg",800,462,false],"colormag-highlighted-post":["https:\/\/digital58.com.ve\/site\/wp-content\/uploads\/2019\/08\/juan-melendez.jpg",392,226,false],"colormag-featured-post-medium":["https:\/\/digital58.com.ve\/site\/wp-content\/uploads\/2019\/08\/juan-melendez.jpg",355,205,false],"colormag-featured-post-small":["https:\/\/digital58.com.ve\/site\/wp-content\/uploads\/2019\/08\/juan-melendez.jpg",130,75,false],"colormag-featured-image":["https:\/\/digital58.com.ve\/site\/wp-content\/uploads\/2019\/08\/juan-melendez.jpg",771,445,false],"colormag-default-news":["https:\/\/digital58.com.ve\/site\/wp-content\/uploads\/2019\/08\/juan-melendez.jpg",150,87,false],"colormag-featured-image-large":["https:\/\/digital58.com.ve\/site\/wp-content\/uploads\/2019\/08\/juan-melendez.jpg",800,462,false]},"uagb_author_info":{"display_name":"Villasmil Henry","author_link":"https:\/\/digital58.com.ve\/site\/author\/droopy_68\/"},"uagb_comment_info":0,"uagb_excerpt":"La Gerencia de Guante\u00f1o Soy, oficializ\u00f3 la designaci\u00f3n de estratega a Juan Mel\u00e9ndez como estratega de la divisa oriental. \u00abConsideramos","_links":{"self":[{"href":"https:\/\/digital58.com.ve\/site\/wp-json\/wp\/v2\/posts\/86224","targetHints":{"allow":["GET"]}}],"collection":[{"href":"https:\/\/digital58.com.ve\/site\/wp-json\/wp\/v2\/posts"}],"about":[{"href":"https:\/\/digital58.com.ve\/site\/wp-json\/wp\/v2\/types\/post"}],"author":[{"embeddable":true,"href":"https:\/\/digital58.com.ve\/site\/wp-json\/wp\/v2\/users\/1"}],"replies":[{"embeddable":true,"href":"https:\/\/digital58.com.ve\/site\/wp-json\/wp\/v2\/comments?post=86224"}],"version-history":[{"count":0,"href":"https:\/\/digital58.com.ve\/site\/wp-json\/wp\/v2\/posts\/86224\/revisions"}],"wp:featuredmedia":[{"embeddable":true,"href":"https:\/\/digital58.com.ve\/site\/wp-json\/wp\/v2\/media\/86225"}],"wp:attachment":[{"href":"https:\/\/digital58.com.ve\/site\/wp-json\/wp\/v2\/media?parent=86224"}],"wp:term":[{"taxonomy":"category","embeddable":true,"href":"https:\/\/digital58.com.ve\/site\/wp-json\/wp\/v2\/categories?post=86224"},{"taxonomy":"post_tag","embeddable":true,"href":"https:\/\/digital58.com.ve\/site\/wp-json\/wp\/v2\/tags?post=86224"}],"curies":[{"name":"wp","href":"https:\/\/api.w.org\/{rel}","templated":true}]}}