{"id":87051,"date":"2019-09-15T18:17:04","date_gmt":"2019-09-15T22:17:04","guid":{"rendered":"https:\/\/digital58.com.ve\/site\/?p=87051"},"modified":"2019-09-15T18:23:14","modified_gmt":"2019-09-15T22:23:14","slug":"fc-italo-cabimas-campeon-invicto-sub-7","status":"publish","type":"post","link":"https:\/\/digital58.com.ve\/site\/2019\/09\/15\/fc-italo-cabimas-campeon-invicto-sub-7\/","title":{"rendered":"FC \u00cdtalo Cabimas campe\u00f3n invicto Sub-7"},"content":{"rendered":"<p><a href=\"https:\/\/digital58.com.ve\/site\/wp-content\/uploads\/2019\/09\/ldfc-20.jpg\"><img loading=\"lazy\" decoding=\"async\" class=\"aligncenter size-large wp-image-87014\" src=\"https:\/\/digital58.com.ve\/site\/wp-content\/uploads\/2019\/09\/ldfc-20-1500x1000.jpg\" alt=\"\" width=\"640\" height=\"427\" srcset=\"https:\/\/digital58.com.ve\/site\/wp-content\/uploads\/2019\/09\/ldfc-20-1500x1000.jpg 1500w, https:\/\/digital58.com.ve\/site\/wp-content\/uploads\/2019\/09\/ldfc-20-300x200.jpg 300w, https:\/\/digital58.com.ve\/site\/wp-content\/uploads\/2019\/09\/ldfc-20-768x512.jpg 768w, https:\/\/digital58.com.ve\/site\/wp-content\/uploads\/2019\/09\/ldfc-20-720x480.jpg 720w, https:\/\/digital58.com.ve\/site\/wp-content\/uploads\/2019\/09\/ldfc-20-480x320.jpg 480w, https:\/\/digital58.com.ve\/site\/wp-content\/uploads\/2019\/09\/ldfc-20.jpg 800w\" sizes=\"auto, (max-width: 640px) 100vw, 640px\" \/><\/a><\/p>\n<p>Los peque\u00f1os h\u00e9roes Verdinegros se coronaron Campeones de la Liga de Desarrollo de F\u00fatbol de Cabimas (LDFC) al vencer por marcador 4-1 a COL Sport en la gran final del torneo, la cual estuvo llena de emociones y goles, fiel a lo que mostr\u00f3 la categor\u00eda Sub-7 durante toda la eliminatoria.<\/p>\n<p><strong>Cabimas, Zulia, Venezuela, 15 de septiembre de 2019 (Noticias D58).-<\/strong> El partido se desarroll\u00f3 en la cancha del Club \u00cdtalo Cabimas donde el \u00e1rbitro Andy Noguera di\u00f3 inicio al partido.<\/p>\n<p>Los favoritos luego de mantener el invicto durante toda la temporada, marcando hitos como ser el equipos m\u00e1s goleador y menos goleado del torneo, iniciaron ap\u00e1ticamente el partido con un poco de nerviosismo que supo aprovechar COL Sport para abrir el marcador con gol de Santiago Hindriago (min. 7).<\/p>\n<p><a href=\"https:\/\/digital58.com.ve\/site\/wp-content\/uploads\/2019\/09\/ldfc-23.jpg\"><img loading=\"lazy\" decoding=\"async\" class=\"aligncenter size-large wp-image-87017\" src=\"https:\/\/digital58.com.ve\/site\/wp-content\/uploads\/2019\/09\/ldfc-23-1500x1000.jpg\" alt=\"\" width=\"640\" height=\"427\" srcset=\"https:\/\/digital58.com.ve\/site\/wp-content\/uploads\/2019\/09\/ldfc-23-1500x1000.jpg 1500w, https:\/\/digital58.com.ve\/site\/wp-content\/uploads\/2019\/09\/ldfc-23-300x200.jpg 300w, https:\/\/digital58.com.ve\/site\/wp-content\/uploads\/2019\/09\/ldfc-23-768x512.jpg 768w, https:\/\/digital58.com.ve\/site\/wp-content\/uploads\/2019\/09\/ldfc-23-720x480.jpg 720w, https:\/\/digital58.com.ve\/site\/wp-content\/uploads\/2019\/09\/ldfc-23-480x320.jpg 480w, https:\/\/digital58.com.ve\/site\/wp-content\/uploads\/2019\/09\/ldfc-23.jpg 800w\" sizes=\"auto, (max-width: 640px) 100vw, 640px\" \/><\/a><\/p>\n<p>En la charla del medio tiempo el entrenador Verdinegro Jhonny Ruiz supo calmar las ansias de sus dirigidos y en el segundo tiempo volvieron a encontrar su f\u00fatbol y con el llegaron los goles.<\/p>\n<p>El empate lleg\u00f3 reci\u00e9n iniciado el segundo tiempo gracias a la picard\u00eda de Emiliano Ocampo (min. 16).<\/p>\n<p>Con la igualdad en el marcador los dem\u00e1s tantos no tardaron en llegar, Santiago Kesia (min. 27) los puso por delante y Diego Su\u00e1rez (min. 35) mat\u00f3 las aspiraciones de COL Sport al poner el tercer gol del \u00cdtalo, para que Jos\u00e9 Armando Alfonso (min. 37) cierre la goleada con broche de oro para decretar un merecido triunfo que los decreta Campeones de la Liga de F\u00fatbol de Desarrollo de Cabimas.<\/p>\n<p><strong>Redacci\u00f3n: Medina, Karl (@karlmeedina)<\/strong><br \/>\n<strong>Edici\u00f3n: Villasmil, Henry<\/strong><br \/>\n<strong>Gr\u00e1ficas: @villasmilhfoto<\/strong><\/p><div class=\"gpadn69ee5159c4bb0\" ><p style=\"text-align: center;\"><a href=\"https:\/\/t.me\/noticiasdigital58\" target=\"_blank\" rel=\"noopener\"><img class=\"aligncenter size-full wp-image-125363\" src=\"https:\/\/digital58.com.ve\/site\/wp-content\/uploads\/2021\/04\/banner-telegram-web-2021.png\" alt=\"\" width=\"600\" height=\"90\" \/><\/a><\/p><\/div><style type=\"text\/css\">\r\n@media screen and (min-width: 1201px) {\r\n.gpadn69ee5159c4bb0 {\r\ndisplay: block;\r\n}\r\n}\r\n@media screen and (min-width: 993px) and (max-width: 1200px) {\r\n.gpadn69ee5159c4bb0 {\r\ndisplay: block;\r\n}\r\n}\r\n@media screen and (min-width: 769px) and (max-width: 992px) {\r\n.gpadn69ee5159c4bb0 {\r\ndisplay: block;\r\n}\r\n}\r\n@media screen and (min-width: 768px) and (max-width: 768px) {\r\n.gpadn69ee5159c4bb0 {\r\ndisplay: block;\r\n}\r\n}\r\n@media screen and (max-width: 767px) {\r\n.gpadn69ee5159c4bb0 {\r\ndisplay: block;\r\n}\r\n}\r\n<\/style>\r\n\n<p><a href=\"https:\/\/digital58.com.ve\/site\/wp-content\/uploads\/2019\/09\/ldfc-25.jpg\"><img loading=\"lazy\" decoding=\"async\" class=\"aligncenter size-large wp-image-87019\" src=\"https:\/\/digital58.com.ve\/site\/wp-content\/uploads\/2019\/09\/ldfc-25-1500x1000.jpg\" alt=\"\" width=\"640\" height=\"427\" srcset=\"https:\/\/digital58.com.ve\/site\/wp-content\/uploads\/2019\/09\/ldfc-25-1500x1000.jpg 1500w, https:\/\/digital58.com.ve\/site\/wp-content\/uploads\/2019\/09\/ldfc-25-300x200.jpg 300w, https:\/\/digital58.com.ve\/site\/wp-content\/uploads\/2019\/09\/ldfc-25-768x512.jpg 768w, https:\/\/digital58.com.ve\/site\/wp-content\/uploads\/2019\/09\/ldfc-25-720x480.jpg 720w, https:\/\/digital58.com.ve\/site\/wp-content\/uploads\/2019\/09\/ldfc-25-480x320.jpg 480w, https:\/\/digital58.com.ve\/site\/wp-content\/uploads\/2019\/09\/ldfc-25.jpg 800w\" sizes=\"auto, (max-width: 640px) 100vw, 640px\" \/><\/a><\/p>\n<div style=\"margin-top: 0px; margin-bottom: 0px;\" class=\"sharethis-inline-share-buttons\" ><\/div>","protected":false},"excerpt":{"rendered":"<p>Los peque\u00f1os h\u00e9roes Verdinegros se coronaron Campeones de la Liga de Desarrollo de F\u00fatbol de Cabimas (LDFC) al vencer por<\/p>\n","protected":false},"author":1,"featured_media":87019,"comment_status":"open","ping_status":"closed","sticky":false,"template":"","format":"standard","meta":{"colormag_page_container_layout":"default_layout","colormag_page_sidebar_layout":"default_layout","_uag_custom_page_level_css":"","footnotes":""},"categories":[5402],"tags":[4280,12417,13,6760,9054,14,15,12612,12613,12416,2354,32,761],"class_list":["post-87051","post","type-post","status-publish","format-standard","has-post-thumbnail","hentry","category-deportes","tag-cabimas","tag-col-sport","tag-futbol","tag-futbol-club-italo-cabimas","tag-futbol-menor","tag-futbol-venezolano","tag-futve","tag-ldfc","tag-ldfc-2019","tag-liga-de-desarrollo-de-futbol-de-cabimas","tag-regionales","tag-venezuela","tag-zulia"],"yoast_head":"<!-- This site is optimized with the Yoast SEO plugin v27.4 - https:\/\/yoast.com\/product\/yoast-seo-wordpress\/ -->\n<title>FC \u00cdtalo Cabimas campe\u00f3n invicto Sub-7<\/title>\n<meta name=\"description\" content=\"Deportes\" \/>\n<meta name=\"robots\" content=\"index, follow, max-snippet:-1, max-image-preview:large, max-video-preview:-1\" \/>\n<link rel=\"canonical\" href=\"https:\/\/digital58.com.ve\/site\/2019\/09\/15\/fc-italo-cabimas-campeon-invicto-sub-7\/\" \/>\n<meta property=\"og:locale\" content=\"es_ES\" \/>\n<meta property=\"og:type\" content=\"article\" \/>\n<meta property=\"og:title\" content=\"FC \u00cdtalo Cabimas campe\u00f3n invicto Sub-7\" \/>\n<meta property=\"og:description\" content=\"Deportes\" \/>\n<meta property=\"og:url\" content=\"https:\/\/digital58.com.ve\/site\/2019\/09\/15\/fc-italo-cabimas-campeon-invicto-sub-7\/\" \/>\n<meta property=\"og:site_name\" content=\"Noticias Digital58\" \/>\n<meta property=\"article:published_time\" content=\"2019-09-15T22:17:04+00:00\" \/>\n<meta property=\"article:modified_time\" content=\"2019-09-15T22:23:14+00:00\" \/>\n<meta property=\"og:image\" content=\"https:\/\/digital58.com.ve\/site\/wp-content\/uploads\/2019\/09\/ldfc-25.jpg\" \/>\n\t<meta property=\"og:image:width\" content=\"1500\" \/>\n\t<meta property=\"og:image:height\" content=\"1000\" \/>\n\t<meta property=\"og:image:type\" content=\"image\/jpeg\" \/>\n<meta name=\"author\" content=\"Villasmil Henry\" \/>\n<meta name=\"twitter:card\" content=\"summary_large_image\" \/>\n<meta name=\"twitter:creator\" content=\"@https:\/\/twitter.com\/villasmilhfoto\" \/>\n<meta name=\"twitter:site\" content=\"@villasmilhfoto\" \/>\n<meta name=\"twitter:label1\" content=\"Escrito por\" \/>\n\t<meta name=\"twitter:data1\" content=\"Villasmil Henry\" \/>\n\t<meta name=\"twitter:label2\" content=\"Tiempo estimado de lectura\" \/>\n\t<meta name=\"twitter:data2\" content=\"1 minuto\" \/>\n<script type=\"application\/ld+json\" class=\"yoast-schema-graph\">{\"@context\":\"https:\\\/\\\/schema.org\",\"@graph\":[{\"@type\":\"Article\",\"@id\":\"https:\\\/\\\/digital58.com.ve\\\/site\\\/2019\\\/09\\\/15\\\/fc-italo-cabimas-campeon-invicto-sub-7\\\/#article\",\"isPartOf\":{\"@id\":\"https:\\\/\\\/digital58.com.ve\\\/site\\\/2019\\\/09\\\/15\\\/fc-italo-cabimas-campeon-invicto-sub-7\\\/\"},\"author\":{\"name\":\"Villasmil Henry\",\"@id\":\"https:\\\/\\\/digital58.com.ve\\\/site\\\/#\\\/schema\\\/person\\\/64d1c2e4d0d4fd1b849980c4331c2951\"},\"headline\":\"FC \u00cdtalo Cabimas campe\u00f3n invicto Sub-7\",\"datePublished\":\"2019-09-15T22:17:04+00:00\",\"dateModified\":\"2019-09-15T22:23:14+00:00\",\"mainEntityOfPage\":{\"@id\":\"https:\\\/\\\/digital58.com.ve\\\/site\\\/2019\\\/09\\\/15\\\/fc-italo-cabimas-campeon-invicto-sub-7\\\/\"},\"wordCount\":277,\"commentCount\":0,\"publisher\":{\"@id\":\"https:\\\/\\\/digital58.com.ve\\\/site\\\/#\\\/schema\\\/person\\\/64d1c2e4d0d4fd1b849980c4331c2951\"},\"image\":{\"@id\":\"https:\\\/\\\/digital58.com.ve\\\/site\\\/2019\\\/09\\\/15\\\/fc-italo-cabimas-campeon-invicto-sub-7\\\/#primaryimage\"},\"thumbnailUrl\":\"https:\\\/\\\/digital58.com.ve\\\/site\\\/wp-content\\\/uploads\\\/2019\\\/09\\\/ldfc-25.jpg\",\"keywords\":[\"Cabimas\",\"COL Sport\",\"F\u00fatbol\",\"F\u00fatbol Club \u00cdtalo Cabimas\",\"F\u00fatbol Menor\",\"F\u00fatbol Venezolano\",\"Futve\",\"LDFC\",\"LDFC 2019\",\"Liga de Desarrollo de F\u00fatbol de Cabimas\",\"Regionales\",\"Venezuela\",\"Zulia\"],\"articleSection\":[\"Deportes\"],\"inLanguage\":\"es\",\"potentialAction\":[{\"@type\":\"CommentAction\",\"name\":\"Comment\",\"target\":[\"https:\\\/\\\/digital58.com.ve\\\/site\\\/2019\\\/09\\\/15\\\/fc-italo-cabimas-campeon-invicto-sub-7\\\/#respond\"]}]},{\"@type\":\"WebPage\",\"@id\":\"https:\\\/\\\/digital58.com.ve\\\/site\\\/2019\\\/09\\\/15\\\/fc-italo-cabimas-campeon-invicto-sub-7\\\/\",\"url\":\"https:\\\/\\\/digital58.com.ve\\\/site\\\/2019\\\/09\\\/15\\\/fc-italo-cabimas-campeon-invicto-sub-7\\\/\",\"name\":\"FC \u00cdtalo Cabimas campe\u00f3n invicto Sub-7\",\"isPartOf\":{\"@id\":\"https:\\\/\\\/digital58.com.ve\\\/site\\\/#website\"},\"primaryImageOfPage\":{\"@id\":\"https:\\\/\\\/digital58.com.ve\\\/site\\\/2019\\\/09\\\/15\\\/fc-italo-cabimas-campeon-invicto-sub-7\\\/#primaryimage\"},\"image\":{\"@id\":\"https:\\\/\\\/digital58.com.ve\\\/site\\\/2019\\\/09\\\/15\\\/fc-italo-cabimas-campeon-invicto-sub-7\\\/#primaryimage\"},\"thumbnailUrl\":\"https:\\\/\\\/digital58.com.ve\\\/site\\\/wp-content\\\/uploads\\\/2019\\\/09\\\/ldfc-25.jpg\",\"datePublished\":\"2019-09-15T22:17:04+00:00\",\"dateModified\":\"2019-09-15T22:23:14+00:00\",\"description\":\"Deportes\",\"breadcrumb\":{\"@id\":\"https:\\\/\\\/digital58.com.ve\\\/site\\\/2019\\\/09\\\/15\\\/fc-italo-cabimas-campeon-invicto-sub-7\\\/#breadcrumb\"},\"inLanguage\":\"es\",\"potentialAction\":[{\"@type\":\"ReadAction\",\"target\":[\"https:\\\/\\\/digital58.com.ve\\\/site\\\/2019\\\/09\\\/15\\\/fc-italo-cabimas-campeon-invicto-sub-7\\\/\"]}]},{\"@type\":\"ImageObject\",\"inLanguage\":\"es\",\"@id\":\"https:\\\/\\\/digital58.com.ve\\\/site\\\/2019\\\/09\\\/15\\\/fc-italo-cabimas-campeon-invicto-sub-7\\\/#primaryimage\",\"url\":\"https:\\\/\\\/digital58.com.ve\\\/site\\\/wp-content\\\/uploads\\\/2019\\\/09\\\/ldfc-25.jpg\",\"contentUrl\":\"https:\\\/\\\/digital58.com.ve\\\/site\\\/wp-content\\\/uploads\\\/2019\\\/09\\\/ldfc-25.jpg\",\"width\":800,\"height\":533},{\"@type\":\"BreadcrumbList\",\"@id\":\"https:\\\/\\\/digital58.com.ve\\\/site\\\/2019\\\/09\\\/15\\\/fc-italo-cabimas-campeon-invicto-sub-7\\\/#breadcrumb\",\"itemListElement\":[{\"@type\":\"ListItem\",\"position\":1,\"name\":\"Home\",\"item\":\"https:\\\/\\\/digital58.com.ve\\\/site\\\/\"},{\"@type\":\"ListItem\",\"position\":2,\"name\":\"FC \u00cdtalo Cabimas campe\u00f3n invicto Sub-7\"}]},{\"@type\":\"WebSite\",\"@id\":\"https:\\\/\\\/digital58.com.ve\\\/site\\\/#website\",\"url\":\"https:\\\/\\\/digital58.com.ve\\\/site\\\/\",\"name\":\"Noticias Digital58\",\"description\":\"Portal de Noticias \u00a1Periodismo web de verdad! Lanzamiento web 22.11.2005 \\\/ Maracaibo, Venezuela\",\"publisher\":{\"@id\":\"https:\\\/\\\/digital58.com.ve\\\/site\\\/#\\\/schema\\\/person\\\/64d1c2e4d0d4fd1b849980c4331c2951\"},\"alternateName\":\"ND58\",\"potentialAction\":[{\"@type\":\"SearchAction\",\"target\":{\"@type\":\"EntryPoint\",\"urlTemplate\":\"https:\\\/\\\/digital58.com.ve\\\/site\\\/?s={search_term_string}\"},\"query-input\":{\"@type\":\"PropertyValueSpecification\",\"valueRequired\":true,\"valueName\":\"search_term_string\"}}],\"inLanguage\":\"es\"},{\"@type\":[\"Person\",\"Organization\"],\"@id\":\"https:\\\/\\\/digital58.com.ve\\\/site\\\/#\\\/schema\\\/person\\\/64d1c2e4d0d4fd1b849980c4331c2951\",\"name\":\"Villasmil Henry\",\"image\":{\"@type\":\"ImageObject\",\"inLanguage\":\"es\",\"@id\":\"https:\\\/\\\/secure.gravatar.com\\\/avatar\\\/bb0c4a2fcb7970138239f7e404ea75757b1b507b28b5ce4c53fbd62d797c5a7c?s=96&d=mm&r=g\",\"url\":\"https:\\\/\\\/secure.gravatar.com\\\/avatar\\\/bb0c4a2fcb7970138239f7e404ea75757b1b507b28b5ce4c53fbd62d797c5a7c?s=96&d=mm&r=g\",\"contentUrl\":\"https:\\\/\\\/secure.gravatar.com\\\/avatar\\\/bb0c4a2fcb7970138239f7e404ea75757b1b507b28b5ce4c53fbd62d797c5a7c?s=96&d=mm&r=g\",\"caption\":\"Villasmil Henry\"},\"logo\":{\"@id\":\"https:\\\/\\\/secure.gravatar.com\\\/avatar\\\/bb0c4a2fcb7970138239f7e404ea75757b1b507b28b5ce4c53fbd62d797c5a7c?s=96&d=mm&r=g\"},\"sameAs\":[\"http:\\\/\\\/www.henryvillasmil.com.ve\",\"https:\\\/\\\/www.instagram.com\\\/villasmilhfoto\\\/\",\"https:\\\/\\\/x.com\\\/https:\\\/\\\/twitter.com\\\/villasmilhfoto\"],\"url\":\"https:\\\/\\\/digital58.com.ve\\\/site\\\/author\\\/droopy_68\\\/\"}]}<\/script>\n<!-- \/ Yoast SEO plugin. -->","yoast_head_json":{"title":"FC \u00cdtalo Cabimas campe\u00f3n invicto Sub-7","description":"Deportes","robots":{"index":"index","follow":"follow","max-snippet":"max-snippet:-1","max-image-preview":"max-image-preview:large","max-video-preview":"max-video-preview:-1"},"canonical":"https:\/\/digital58.com.ve\/site\/2019\/09\/15\/fc-italo-cabimas-campeon-invicto-sub-7\/","og_locale":"es_ES","og_type":"article","og_title":"FC \u00cdtalo Cabimas campe\u00f3n invicto Sub-7","og_description":"Deportes","og_url":"https:\/\/digital58.com.ve\/site\/2019\/09\/15\/fc-italo-cabimas-campeon-invicto-sub-7\/","og_site_name":"Noticias Digital58","article_published_time":"2019-09-15T22:17:04+00:00","article_modified_time":"2019-09-15T22:23:14+00:00","og_image":[{"width":1500,"height":1000,"url":"https:\/\/digital58.com.ve\/site\/wp-content\/uploads\/2019\/09\/ldfc-25.jpg","type":"image\/jpeg"}],"author":"Villasmil Henry","twitter_card":"summary_large_image","twitter_creator":"@https:\/\/twitter.com\/villasmilhfoto","twitter_site":"@villasmilhfoto","twitter_misc":{"Escrito por":"Villasmil Henry","Tiempo estimado de lectura":"1 minuto"},"schema":{"@context":"https:\/\/schema.org","@graph":[{"@type":"Article","@id":"https:\/\/digital58.com.ve\/site\/2019\/09\/15\/fc-italo-cabimas-campeon-invicto-sub-7\/#article","isPartOf":{"@id":"https:\/\/digital58.com.ve\/site\/2019\/09\/15\/fc-italo-cabimas-campeon-invicto-sub-7\/"},"author":{"name":"Villasmil Henry","@id":"https:\/\/digital58.com.ve\/site\/#\/schema\/person\/64d1c2e4d0d4fd1b849980c4331c2951"},"headline":"FC \u00cdtalo Cabimas campe\u00f3n invicto Sub-7","datePublished":"2019-09-15T22:17:04+00:00","dateModified":"2019-09-15T22:23:14+00:00","mainEntityOfPage":{"@id":"https:\/\/digital58.com.ve\/site\/2019\/09\/15\/fc-italo-cabimas-campeon-invicto-sub-7\/"},"wordCount":277,"commentCount":0,"publisher":{"@id":"https:\/\/digital58.com.ve\/site\/#\/schema\/person\/64d1c2e4d0d4fd1b849980c4331c2951"},"image":{"@id":"https:\/\/digital58.com.ve\/site\/2019\/09\/15\/fc-italo-cabimas-campeon-invicto-sub-7\/#primaryimage"},"thumbnailUrl":"https:\/\/digital58.com.ve\/site\/wp-content\/uploads\/2019\/09\/ldfc-25.jpg","keywords":["Cabimas","COL Sport","F\u00fatbol","F\u00fatbol Club \u00cdtalo Cabimas","F\u00fatbol Menor","F\u00fatbol Venezolano","Futve","LDFC","LDFC 2019","Liga de Desarrollo de F\u00fatbol de Cabimas","Regionales","Venezuela","Zulia"],"articleSection":["Deportes"],"inLanguage":"es","potentialAction":[{"@type":"CommentAction","name":"Comment","target":["https:\/\/digital58.com.ve\/site\/2019\/09\/15\/fc-italo-cabimas-campeon-invicto-sub-7\/#respond"]}]},{"@type":"WebPage","@id":"https:\/\/digital58.com.ve\/site\/2019\/09\/15\/fc-italo-cabimas-campeon-invicto-sub-7\/","url":"https:\/\/digital58.com.ve\/site\/2019\/09\/15\/fc-italo-cabimas-campeon-invicto-sub-7\/","name":"FC \u00cdtalo Cabimas campe\u00f3n invicto Sub-7","isPartOf":{"@id":"https:\/\/digital58.com.ve\/site\/#website"},"primaryImageOfPage":{"@id":"https:\/\/digital58.com.ve\/site\/2019\/09\/15\/fc-italo-cabimas-campeon-invicto-sub-7\/#primaryimage"},"image":{"@id":"https:\/\/digital58.com.ve\/site\/2019\/09\/15\/fc-italo-cabimas-campeon-invicto-sub-7\/#primaryimage"},"thumbnailUrl":"https:\/\/digital58.com.ve\/site\/wp-content\/uploads\/2019\/09\/ldfc-25.jpg","datePublished":"2019-09-15T22:17:04+00:00","dateModified":"2019-09-15T22:23:14+00:00","description":"Deportes","breadcrumb":{"@id":"https:\/\/digital58.com.ve\/site\/2019\/09\/15\/fc-italo-cabimas-campeon-invicto-sub-7\/#breadcrumb"},"inLanguage":"es","potentialAction":[{"@type":"ReadAction","target":["https:\/\/digital58.com.ve\/site\/2019\/09\/15\/fc-italo-cabimas-campeon-invicto-sub-7\/"]}]},{"@type":"ImageObject","inLanguage":"es","@id":"https:\/\/digital58.com.ve\/site\/2019\/09\/15\/fc-italo-cabimas-campeon-invicto-sub-7\/#primaryimage","url":"https:\/\/digital58.com.ve\/site\/wp-content\/uploads\/2019\/09\/ldfc-25.jpg","contentUrl":"https:\/\/digital58.com.ve\/site\/wp-content\/uploads\/2019\/09\/ldfc-25.jpg","width":800,"height":533},{"@type":"BreadcrumbList","@id":"https:\/\/digital58.com.ve\/site\/2019\/09\/15\/fc-italo-cabimas-campeon-invicto-sub-7\/#breadcrumb","itemListElement":[{"@type":"ListItem","position":1,"name":"Home","item":"https:\/\/digital58.com.ve\/site\/"},{"@type":"ListItem","position":2,"name":"FC \u00cdtalo Cabimas campe\u00f3n invicto Sub-7"}]},{"@type":"WebSite","@id":"https:\/\/digital58.com.ve\/site\/#website","url":"https:\/\/digital58.com.ve\/site\/","name":"Noticias Digital58","description":"Portal de Noticias \u00a1Periodismo web de verdad! Lanzamiento web 22.11.2005 \/ Maracaibo, Venezuela","publisher":{"@id":"https:\/\/digital58.com.ve\/site\/#\/schema\/person\/64d1c2e4d0d4fd1b849980c4331c2951"},"alternateName":"ND58","potentialAction":[{"@type":"SearchAction","target":{"@type":"EntryPoint","urlTemplate":"https:\/\/digital58.com.ve\/site\/?s={search_term_string}"},"query-input":{"@type":"PropertyValueSpecification","valueRequired":true,"valueName":"search_term_string"}}],"inLanguage":"es"},{"@type":["Person","Organization"],"@id":"https:\/\/digital58.com.ve\/site\/#\/schema\/person\/64d1c2e4d0d4fd1b849980c4331c2951","name":"Villasmil Henry","image":{"@type":"ImageObject","inLanguage":"es","@id":"https:\/\/secure.gravatar.com\/avatar\/bb0c4a2fcb7970138239f7e404ea75757b1b507b28b5ce4c53fbd62d797c5a7c?s=96&d=mm&r=g","url":"https:\/\/secure.gravatar.com\/avatar\/bb0c4a2fcb7970138239f7e404ea75757b1b507b28b5ce4c53fbd62d797c5a7c?s=96&d=mm&r=g","contentUrl":"https:\/\/secure.gravatar.com\/avatar\/bb0c4a2fcb7970138239f7e404ea75757b1b507b28b5ce4c53fbd62d797c5a7c?s=96&d=mm&r=g","caption":"Villasmil Henry"},"logo":{"@id":"https:\/\/secure.gravatar.com\/avatar\/bb0c4a2fcb7970138239f7e404ea75757b1b507b28b5ce4c53fbd62d797c5a7c?s=96&d=mm&r=g"},"sameAs":["http:\/\/www.henryvillasmil.com.ve","https:\/\/www.instagram.com\/villasmilhfoto\/","https:\/\/x.com\/https:\/\/twitter.com\/villasmilhfoto"],"url":"https:\/\/digital58.com.ve\/site\/author\/droopy_68\/"}]}},"uagb_featured_image_src":{"full":["https:\/\/digital58.com.ve\/site\/wp-content\/uploads\/2019\/09\/ldfc-25.jpg",800,533,false],"thumbnail":["https:\/\/digital58.com.ve\/site\/wp-content\/uploads\/2019\/09\/ldfc-25-150x150.jpg",150,150,true],"medium":["https:\/\/digital58.com.ve\/site\/wp-content\/uploads\/2019\/09\/ldfc-25-300x200.jpg",300,200,true],"medium_large":["https:\/\/digital58.com.ve\/site\/wp-content\/uploads\/2019\/09\/ldfc-25-768x512.jpg",768,512,true],"large":["https:\/\/digital58.com.ve\/site\/wp-content\/uploads\/2019\/09\/ldfc-25-1500x1000.jpg",800,533,true],"1536x1536":["https:\/\/digital58.com.ve\/site\/wp-content\/uploads\/2019\/09\/ldfc-25.jpg",800,533,false],"2048x2048":["https:\/\/digital58.com.ve\/site\/wp-content\/uploads\/2019\/09\/ldfc-25.jpg",800,533,false],"colormag-highlighted-post":["https:\/\/digital58.com.ve\/site\/wp-content\/uploads\/2019\/09\/ldfc-25.jpg",392,261,false],"colormag-featured-post-medium":["https:\/\/digital58.com.ve\/site\/wp-content\/uploads\/2019\/09\/ldfc-25.jpg",308,205,false],"colormag-featured-post-small":["https:\/\/digital58.com.ve\/site\/wp-content\/uploads\/2019\/09\/ldfc-25.jpg",130,87,false],"colormag-featured-image":["https:\/\/digital58.com.ve\/site\/wp-content\/uploads\/2019\/09\/ldfc-25.jpg",668,445,false],"colormag-default-news":["https:\/\/digital58.com.ve\/site\/wp-content\/uploads\/2019\/09\/ldfc-25.jpg",150,100,false],"colormag-featured-image-large":["https:\/\/digital58.com.ve\/site\/wp-content\/uploads\/2019\/09\/ldfc-25.jpg",800,533,false]},"uagb_author_info":{"display_name":"Villasmil Henry","author_link":"https:\/\/digital58.com.ve\/site\/author\/droopy_68\/"},"uagb_comment_info":0,"uagb_excerpt":"Los peque\u00f1os h\u00e9roes Verdinegros se coronaron Campeones de la Liga de Desarrollo de F\u00fatbol de Cabimas (LDFC) al vencer por","_links":{"self":[{"href":"https:\/\/digital58.com.ve\/site\/wp-json\/wp\/v2\/posts\/87051","targetHints":{"allow":["GET"]}}],"collection":[{"href":"https:\/\/digital58.com.ve\/site\/wp-json\/wp\/v2\/posts"}],"about":[{"href":"https:\/\/digital58.com.ve\/site\/wp-json\/wp\/v2\/types\/post"}],"author":[{"embeddable":true,"href":"https:\/\/digital58.com.ve\/site\/wp-json\/wp\/v2\/users\/1"}],"replies":[{"embeddable":true,"href":"https:\/\/digital58.com.ve\/site\/wp-json\/wp\/v2\/comments?post=87051"}],"version-history":[{"count":0,"href":"https:\/\/digital58.com.ve\/site\/wp-json\/wp\/v2\/posts\/87051\/revisions"}],"wp:featuredmedia":[{"embeddable":true,"href":"https:\/\/digital58.com.ve\/site\/wp-json\/wp\/v2\/media\/87019"}],"wp:attachment":[{"href":"https:\/\/digital58.com.ve\/site\/wp-json\/wp\/v2\/media?parent=87051"}],"wp:term":[{"taxonomy":"category","embeddable":true,"href":"https:\/\/digital58.com.ve\/site\/wp-json\/wp\/v2\/categories?post=87051"},{"taxonomy":"post_tag","embeddable":true,"href":"https:\/\/digital58.com.ve\/site\/wp-json\/wp\/v2\/tags?post=87051"}],"curies":[{"name":"wp","href":"https:\/\/api.w.org\/{rel}","templated":true}]}}