{"id":87074,"date":"2019-09-16T09:53:52","date_gmt":"2019-09-16T13:53:52","guid":{"rendered":"https:\/\/digital58.com.ve\/site\/?p=87074"},"modified":"2019-09-16T09:53:52","modified_gmt":"2019-09-16T13:53:52","slug":"ligafutve-tres-gritos-sagrados-en-la-carolina-frente-a-portuguesa-fc","status":"publish","type":"post","link":"https:\/\/digital58.com.ve\/site\/2019\/09\/16\/ligafutve-tres-gritos-sagrados-en-la-carolina-frente-a-portuguesa-fc\/","title":{"rendered":"#LigaF\u00fatVe: \u00a1Tres gritos sagrados en \u00abLa Carolina\u00bb frente a Portuguesa FC!"},"content":{"rendered":"<p><a href=\"https:\/\/digital58.com.ve\/site\/wp-content\/uploads\/2019\/09\/zamora-5.jpg\"><img loading=\"lazy\" decoding=\"async\" class=\"aligncenter size-large wp-image-87075\" src=\"https:\/\/digital58.com.ve\/site\/wp-content\/uploads\/2019\/09\/zamora-5-1500x1000.jpg\" alt=\"\" width=\"640\" height=\"427\" srcset=\"https:\/\/digital58.com.ve\/site\/wp-content\/uploads\/2019\/09\/zamora-5-1500x1000.jpg 1500w, https:\/\/digital58.com.ve\/site\/wp-content\/uploads\/2019\/09\/zamora-5-300x200.jpg 300w, https:\/\/digital58.com.ve\/site\/wp-content\/uploads\/2019\/09\/zamora-5-768x512.jpg 768w, https:\/\/digital58.com.ve\/site\/wp-content\/uploads\/2019\/09\/zamora-5-720x480.jpg 720w, https:\/\/digital58.com.ve\/site\/wp-content\/uploads\/2019\/09\/zamora-5-480x320.jpg 480w, https:\/\/digital58.com.ve\/site\/wp-content\/uploads\/2019\/09\/zamora-5.jpg 800w\" sizes=\"auto, (max-width: 640px) 100vw, 640px\" \/><\/a><\/p>\n<p>Este domingo 15 de septiembre, en el estadio Agust\u00edn Tovar \u00abLa Carolina\u00bb de la ciudad de Barinas, rod\u00f3 el bal\u00f3n entre Zamora F\u00fatbol Club y Portuguesa FC, en un encuentro v\u00e1lido por la d\u00e9cima jornada del torneo Clausura 2019, el cual concluy\u00f3 con una contundente victoria para los dirigidos por Jos\u00e9 Al\u00ed Ca\u00f1as con un marcador final de 3-1.<\/p>\n<p><strong>Barinas, Barinas, Venezuela, 16 de septiembre de 2019 (Noticias D58).-<\/strong> Inici\u00f3 el encuentro, y luego de un par de oportunidades claras, Manuel Arteaga concret\u00f3 el primer gol de la noche para Zamora FC: Jader Maza, desde el final de la banda derecha, le hizo un centro a Arteaga, quien recibi\u00f3 con el pecho y, luego de tenerla en los pies, con un derechazo mand\u00f3 la esf\u00e9rica para el 1-0 a los 25 minutos del primer tiempo.<\/p>\n<p>Y m\u00e1s tarde, al min. 41, Arteaga anot\u00f3 el segundo del compromiso, y s\u00e9ptimo en su cuenta con el \u00abBlanquinegro\u00bb. El \u00abKiller\u00bb le hizo un pase a Pedro para zafarse de un rival, este recibi\u00f3 y le devolvi\u00f3 el bal\u00f3n a Arteaga, quien, con un contundente zapatazo, mand\u00f3 la redonda a las redes rivales para una pizarra moment\u00e1nea de 2-0 en el primer tiempo.<\/p>\n<p>Comenz\u00f3 la etapa complementaria, y Maikol Quintero puso el tercero para la \u00abFuria Llanera\u00bb: Un mal despeje del guardameta Juan Reyes, le permiti\u00f3 a Maikol, con un derechazo, disparar el bal\u00f3n directo al \u00e1ngulo izquierdo del marco de Reyes para el 3-0. Sin embargo, el descuento del rival vino al 68. Un rebote que dej\u00f3 una falla en la defensa \u00abBlanquinegra\u00bb, le permiti\u00f3 cabecear a Yeiber Murillo para el 3-1.<\/p>\n<p><a href=\"https:\/\/digital58.com.ve\/site\/wp-content\/uploads\/2019\/09\/zamora-4.jpg\"><img loading=\"lazy\" decoding=\"async\" class=\"aligncenter size-large wp-image-87076\" src=\"https:\/\/digital58.com.ve\/site\/wp-content\/uploads\/2019\/09\/zamora-4-1500x1000.jpg\" alt=\"\" width=\"640\" height=\"427\" srcset=\"https:\/\/digital58.com.ve\/site\/wp-content\/uploads\/2019\/09\/zamora-4-1500x1000.jpg 1500w, https:\/\/digital58.com.ve\/site\/wp-content\/uploads\/2019\/09\/zamora-4-300x200.jpg 300w, https:\/\/digital58.com.ve\/site\/wp-content\/uploads\/2019\/09\/zamora-4-768x512.jpg 768w, https:\/\/digital58.com.ve\/site\/wp-content\/uploads\/2019\/09\/zamora-4-720x480.jpg 720w, https:\/\/digital58.com.ve\/site\/wp-content\/uploads\/2019\/09\/zamora-4-480x320.jpg 480w, https:\/\/digital58.com.ve\/site\/wp-content\/uploads\/2019\/09\/zamora-4.jpg 800w\" sizes=\"auto, (max-width: 640px) 100vw, 640px\" \/><\/a><\/p>\n<p>Y, al minuto 77, un error en la salida, le permiti\u00f3 casi a Portuguesa FC marcar el segundo, pero este fue tapado a \u00faltimo momento por Graterol, por lo que el principal Jos\u00e9 Hoyos dict\u00f3 el tiro de esquina, el cual, al ser cobrado, gener\u00f3 que Christian Makoun derribara a un jugador en el \u00e1rea rival, por lo que Hoyos sentenci\u00f3 la pena m\u00e1xima.<\/p>\n<p>Desde los doce pasos, Jaiker P\u00e9rez cobr\u00f3, y con un derechazo mand\u00f3 la esf\u00e9rica al costado izquierdo, pero Joel Graterol se abalanz\u00f3 sobre ese mismo lado, y tap\u00f3, heroicamente, la \u00faltima oportunidad que concret\u00f3 Portuguesa FC durante el resto del encuentro que finaliz\u00f3 con una goleada de 3-1 a favor de Zamora FC que suman tres puntos m\u00e1s a su historial en este torneo Clausura 2019.<\/p>\n<p>El pr\u00f3ximo encuentro de la \u00abFuria Llanera\u00bb ser\u00e1 en el estadio Agust\u00edn Tovar \u00abLa Carolina\u00bb, el mi\u00e9rcoles 18 de septiembre, cuando enfrente en el partido de vuelta de los 16\u00aa de final de Copa Venezuela ante Hermanos Colmenarez.<\/p>\n<p><strong>Redacci\u00f3n con fuente: Leonardo Ramirez\/Prensa @ZamoraFutbolC<\/strong><br \/>\n<strong>Edici\u00f3n: Villasmil, Henry<\/strong><br \/>\n<strong>Gr\u00e1ficas: cortes\u00eda Prensa @ZamoraFutbolC<\/strong><\/p><div class=\"gvjuk69eec089e0c66\" ><p style=\"text-align: center;\"><a href=\"https:\/\/t.me\/noticiasdigital58\" target=\"_blank\" rel=\"noopener\"><img class=\"aligncenter size-full wp-image-125363\" src=\"https:\/\/digital58.com.ve\/site\/wp-content\/uploads\/2021\/04\/banner-telegram-web-2021.png\" alt=\"\" width=\"600\" height=\"90\" \/><\/a><\/p><\/div><style type=\"text\/css\">\r\n@media screen and (min-width: 1201px) {\r\n.gvjuk69eec089e0c66 {\r\ndisplay: block;\r\n}\r\n}\r\n@media screen and (min-width: 993px) and (max-width: 1200px) {\r\n.gvjuk69eec089e0c66 {\r\ndisplay: block;\r\n}\r\n}\r\n@media screen and (min-width: 769px) and (max-width: 992px) {\r\n.gvjuk69eec089e0c66 {\r\ndisplay: block;\r\n}\r\n}\r\n@media screen and (min-width: 768px) and (max-width: 768px) {\r\n.gvjuk69eec089e0c66 {\r\ndisplay: block;\r\n}\r\n}\r\n@media screen and (max-width: 767px) {\r\n.gvjuk69eec089e0c66 {\r\ndisplay: block;\r\n}\r\n}\r\n<\/style>\r\n\n<p>&nbsp;<\/p>\n<div style=\"margin-top: 0px; margin-bottom: 0px;\" class=\"sharethis-inline-share-buttons\" ><\/div>","protected":false},"excerpt":{"rendered":"<p>Este domingo 15 de septiembre, en el estadio Agust\u00edn Tovar \u00abLa Carolina\u00bb de la ciudad de Barinas, rod\u00f3 el bal\u00f3n<\/p>\n","protected":false},"author":1,"featured_media":87076,"comment_status":"open","ping_status":"closed","sticky":false,"template":"","format":"standard","meta":{"colormag_page_container_layout":"default_layout","colormag_page_sidebar_layout":"default_layout","_uag_custom_page_level_css":"","footnotes":""},"categories":[5402],"tags":[4027,13,14,15,25,10421,11939,233,5561,19,5553,12395,32,5518],"class_list":["post-87074","post","type-post","status-publish","format-standard","has-post-thumbnail","hentry","category-deportes","tag-barinas","tag-futbol","tag-futbol-venezolano","tag-futve","tag-fvf","tag-liga-futve","tag-liga-futve-2019","tag-nacionales","tag-portuguesa-futbol-club","tag-primera-division","tag-torneo-clausura","tag-torneo-clausura-2019","tag-venezuela","tag-zamora-futbol-club"],"yoast_head":"<!-- This site is optimized with the Yoast SEO plugin v27.4 - https:\/\/yoast.com\/product\/yoast-seo-wordpress\/ -->\n<title>#LigaF\u00fatVe: \u00a1Tres gritos sagrados en \u00abLa Carolina\u00bb frente a Portuguesa FC!<\/title>\n<meta name=\"description\" content=\"Deportes\" \/>\n<meta name=\"robots\" content=\"index, follow, max-snippet:-1, max-image-preview:large, max-video-preview:-1\" \/>\n<link rel=\"canonical\" href=\"https:\/\/digital58.com.ve\/site\/2019\/09\/16\/ligafutve-tres-gritos-sagrados-en-la-carolina-frente-a-portuguesa-fc\/\" \/>\n<meta property=\"og:locale\" content=\"es_ES\" \/>\n<meta property=\"og:type\" content=\"article\" \/>\n<meta property=\"og:title\" content=\"#LigaF\u00fatVe: \u00a1Tres gritos sagrados en \u00abLa Carolina\u00bb frente a Portuguesa FC!\" \/>\n<meta property=\"og:description\" content=\"Deportes\" \/>\n<meta property=\"og:url\" content=\"https:\/\/digital58.com.ve\/site\/2019\/09\/16\/ligafutve-tres-gritos-sagrados-en-la-carolina-frente-a-portuguesa-fc\/\" \/>\n<meta property=\"og:site_name\" content=\"Noticias Digital58\" \/>\n<meta property=\"article:published_time\" content=\"2019-09-16T13:53:52+00:00\" \/>\n<meta property=\"og:image\" content=\"https:\/\/digital58.com.ve\/site\/wp-content\/uploads\/2019\/09\/zamora-4.jpg\" \/>\n\t<meta property=\"og:image:width\" content=\"1500\" \/>\n\t<meta property=\"og:image:height\" content=\"1000\" \/>\n\t<meta property=\"og:image:type\" content=\"image\/jpeg\" \/>\n<meta name=\"author\" content=\"Villasmil Henry\" \/>\n<meta name=\"twitter:card\" content=\"summary_large_image\" \/>\n<meta name=\"twitter:creator\" content=\"@https:\/\/twitter.com\/villasmilhfoto\" \/>\n<meta name=\"twitter:site\" content=\"@villasmilhfoto\" \/>\n<meta name=\"twitter:label1\" content=\"Escrito por\" \/>\n\t<meta name=\"twitter:data1\" content=\"Villasmil Henry\" \/>\n\t<meta name=\"twitter:label2\" content=\"Tiempo estimado de lectura\" \/>\n\t<meta name=\"twitter:data2\" content=\"2 minutos\" \/>\n<script type=\"application\/ld+json\" class=\"yoast-schema-graph\">{\"@context\":\"https:\\\/\\\/schema.org\",\"@graph\":[{\"@type\":\"Article\",\"@id\":\"https:\\\/\\\/digital58.com.ve\\\/site\\\/2019\\\/09\\\/16\\\/ligafutve-tres-gritos-sagrados-en-la-carolina-frente-a-portuguesa-fc\\\/#article\",\"isPartOf\":{\"@id\":\"https:\\\/\\\/digital58.com.ve\\\/site\\\/2019\\\/09\\\/16\\\/ligafutve-tres-gritos-sagrados-en-la-carolina-frente-a-portuguesa-fc\\\/\"},\"author\":{\"name\":\"Villasmil Henry\",\"@id\":\"https:\\\/\\\/digital58.com.ve\\\/site\\\/#\\\/schema\\\/person\\\/64d1c2e4d0d4fd1b849980c4331c2951\"},\"headline\":\"#LigaF\u00fatVe: \u00a1Tres gritos sagrados en \u00abLa Carolina\u00bb frente a Portuguesa FC!\",\"datePublished\":\"2019-09-16T13:53:52+00:00\",\"mainEntityOfPage\":{\"@id\":\"https:\\\/\\\/digital58.com.ve\\\/site\\\/2019\\\/09\\\/16\\\/ligafutve-tres-gritos-sagrados-en-la-carolina-frente-a-portuguesa-fc\\\/\"},\"wordCount\":477,\"commentCount\":0,\"publisher\":{\"@id\":\"https:\\\/\\\/digital58.com.ve\\\/site\\\/#\\\/schema\\\/person\\\/64d1c2e4d0d4fd1b849980c4331c2951\"},\"image\":{\"@id\":\"https:\\\/\\\/digital58.com.ve\\\/site\\\/2019\\\/09\\\/16\\\/ligafutve-tres-gritos-sagrados-en-la-carolina-frente-a-portuguesa-fc\\\/#primaryimage\"},\"thumbnailUrl\":\"https:\\\/\\\/digital58.com.ve\\\/site\\\/wp-content\\\/uploads\\\/2019\\\/09\\\/zamora-4.jpg\",\"keywords\":[\"Barinas\",\"F\u00fatbol\",\"F\u00fatbol Venezolano\",\"Futve\",\"FVF\",\"Liga F\u00fatVe\",\"Liga F\u00fatVe 2019\",\"Nacionales\",\"Portuguesa F\u00fatbol Club\",\"Primera Divisi\u00f3n\",\"Torneo Clausura\",\"Torneo Clausura 2019\",\"Venezuela\",\"Zamora F\u00fatbol Club\"],\"articleSection\":[\"Deportes\"],\"inLanguage\":\"es\",\"potentialAction\":[{\"@type\":\"CommentAction\",\"name\":\"Comment\",\"target\":[\"https:\\\/\\\/digital58.com.ve\\\/site\\\/2019\\\/09\\\/16\\\/ligafutve-tres-gritos-sagrados-en-la-carolina-frente-a-portuguesa-fc\\\/#respond\"]}]},{\"@type\":\"WebPage\",\"@id\":\"https:\\\/\\\/digital58.com.ve\\\/site\\\/2019\\\/09\\\/16\\\/ligafutve-tres-gritos-sagrados-en-la-carolina-frente-a-portuguesa-fc\\\/\",\"url\":\"https:\\\/\\\/digital58.com.ve\\\/site\\\/2019\\\/09\\\/16\\\/ligafutve-tres-gritos-sagrados-en-la-carolina-frente-a-portuguesa-fc\\\/\",\"name\":\"#LigaF\u00fatVe: \u00a1Tres gritos sagrados en \u00abLa Carolina\u00bb frente a Portuguesa FC!\",\"isPartOf\":{\"@id\":\"https:\\\/\\\/digital58.com.ve\\\/site\\\/#website\"},\"primaryImageOfPage\":{\"@id\":\"https:\\\/\\\/digital58.com.ve\\\/site\\\/2019\\\/09\\\/16\\\/ligafutve-tres-gritos-sagrados-en-la-carolina-frente-a-portuguesa-fc\\\/#primaryimage\"},\"image\":{\"@id\":\"https:\\\/\\\/digital58.com.ve\\\/site\\\/2019\\\/09\\\/16\\\/ligafutve-tres-gritos-sagrados-en-la-carolina-frente-a-portuguesa-fc\\\/#primaryimage\"},\"thumbnailUrl\":\"https:\\\/\\\/digital58.com.ve\\\/site\\\/wp-content\\\/uploads\\\/2019\\\/09\\\/zamora-4.jpg\",\"datePublished\":\"2019-09-16T13:53:52+00:00\",\"description\":\"Deportes\",\"breadcrumb\":{\"@id\":\"https:\\\/\\\/digital58.com.ve\\\/site\\\/2019\\\/09\\\/16\\\/ligafutve-tres-gritos-sagrados-en-la-carolina-frente-a-portuguesa-fc\\\/#breadcrumb\"},\"inLanguage\":\"es\",\"potentialAction\":[{\"@type\":\"ReadAction\",\"target\":[\"https:\\\/\\\/digital58.com.ve\\\/site\\\/2019\\\/09\\\/16\\\/ligafutve-tres-gritos-sagrados-en-la-carolina-frente-a-portuguesa-fc\\\/\"]}]},{\"@type\":\"ImageObject\",\"inLanguage\":\"es\",\"@id\":\"https:\\\/\\\/digital58.com.ve\\\/site\\\/2019\\\/09\\\/16\\\/ligafutve-tres-gritos-sagrados-en-la-carolina-frente-a-portuguesa-fc\\\/#primaryimage\",\"url\":\"https:\\\/\\\/digital58.com.ve\\\/site\\\/wp-content\\\/uploads\\\/2019\\\/09\\\/zamora-4.jpg\",\"contentUrl\":\"https:\\\/\\\/digital58.com.ve\\\/site\\\/wp-content\\\/uploads\\\/2019\\\/09\\\/zamora-4.jpg\",\"width\":800,\"height\":533},{\"@type\":\"BreadcrumbList\",\"@id\":\"https:\\\/\\\/digital58.com.ve\\\/site\\\/2019\\\/09\\\/16\\\/ligafutve-tres-gritos-sagrados-en-la-carolina-frente-a-portuguesa-fc\\\/#breadcrumb\",\"itemListElement\":[{\"@type\":\"ListItem\",\"position\":1,\"name\":\"Home\",\"item\":\"https:\\\/\\\/digital58.com.ve\\\/site\\\/\"},{\"@type\":\"ListItem\",\"position\":2,\"name\":\"#LigaF\u00fatVe: \u00a1Tres gritos sagrados en \u00abLa Carolina\u00bb frente a Portuguesa FC!\"}]},{\"@type\":\"WebSite\",\"@id\":\"https:\\\/\\\/digital58.com.ve\\\/site\\\/#website\",\"url\":\"https:\\\/\\\/digital58.com.ve\\\/site\\\/\",\"name\":\"Noticias Digital58\",\"description\":\"Portal de Noticias \u00a1Periodismo web de verdad! Lanzamiento web 22.11.2005 \\\/ Maracaibo, Venezuela\",\"publisher\":{\"@id\":\"https:\\\/\\\/digital58.com.ve\\\/site\\\/#\\\/schema\\\/person\\\/64d1c2e4d0d4fd1b849980c4331c2951\"},\"alternateName\":\"ND58\",\"potentialAction\":[{\"@type\":\"SearchAction\",\"target\":{\"@type\":\"EntryPoint\",\"urlTemplate\":\"https:\\\/\\\/digital58.com.ve\\\/site\\\/?s={search_term_string}\"},\"query-input\":{\"@type\":\"PropertyValueSpecification\",\"valueRequired\":true,\"valueName\":\"search_term_string\"}}],\"inLanguage\":\"es\"},{\"@type\":[\"Person\",\"Organization\"],\"@id\":\"https:\\\/\\\/digital58.com.ve\\\/site\\\/#\\\/schema\\\/person\\\/64d1c2e4d0d4fd1b849980c4331c2951\",\"name\":\"Villasmil Henry\",\"image\":{\"@type\":\"ImageObject\",\"inLanguage\":\"es\",\"@id\":\"https:\\\/\\\/secure.gravatar.com\\\/avatar\\\/bb0c4a2fcb7970138239f7e404ea75757b1b507b28b5ce4c53fbd62d797c5a7c?s=96&d=mm&r=g\",\"url\":\"https:\\\/\\\/secure.gravatar.com\\\/avatar\\\/bb0c4a2fcb7970138239f7e404ea75757b1b507b28b5ce4c53fbd62d797c5a7c?s=96&d=mm&r=g\",\"contentUrl\":\"https:\\\/\\\/secure.gravatar.com\\\/avatar\\\/bb0c4a2fcb7970138239f7e404ea75757b1b507b28b5ce4c53fbd62d797c5a7c?s=96&d=mm&r=g\",\"caption\":\"Villasmil Henry\"},\"logo\":{\"@id\":\"https:\\\/\\\/secure.gravatar.com\\\/avatar\\\/bb0c4a2fcb7970138239f7e404ea75757b1b507b28b5ce4c53fbd62d797c5a7c?s=96&d=mm&r=g\"},\"sameAs\":[\"http:\\\/\\\/www.henryvillasmil.com.ve\",\"https:\\\/\\\/www.instagram.com\\\/villasmilhfoto\\\/\",\"https:\\\/\\\/x.com\\\/https:\\\/\\\/twitter.com\\\/villasmilhfoto\"],\"url\":\"https:\\\/\\\/digital58.com.ve\\\/site\\\/author\\\/droopy_68\\\/\"}]}<\/script>\n<!-- \/ Yoast SEO plugin. -->","yoast_head_json":{"title":"#LigaF\u00fatVe: \u00a1Tres gritos sagrados en \u00abLa Carolina\u00bb frente a Portuguesa FC!","description":"Deportes","robots":{"index":"index","follow":"follow","max-snippet":"max-snippet:-1","max-image-preview":"max-image-preview:large","max-video-preview":"max-video-preview:-1"},"canonical":"https:\/\/digital58.com.ve\/site\/2019\/09\/16\/ligafutve-tres-gritos-sagrados-en-la-carolina-frente-a-portuguesa-fc\/","og_locale":"es_ES","og_type":"article","og_title":"#LigaF\u00fatVe: \u00a1Tres gritos sagrados en \u00abLa Carolina\u00bb frente a Portuguesa FC!","og_description":"Deportes","og_url":"https:\/\/digital58.com.ve\/site\/2019\/09\/16\/ligafutve-tres-gritos-sagrados-en-la-carolina-frente-a-portuguesa-fc\/","og_site_name":"Noticias Digital58","article_published_time":"2019-09-16T13:53:52+00:00","og_image":[{"width":1500,"height":1000,"url":"https:\/\/digital58.com.ve\/site\/wp-content\/uploads\/2019\/09\/zamora-4.jpg","type":"image\/jpeg"}],"author":"Villasmil Henry","twitter_card":"summary_large_image","twitter_creator":"@https:\/\/twitter.com\/villasmilhfoto","twitter_site":"@villasmilhfoto","twitter_misc":{"Escrito por":"Villasmil Henry","Tiempo estimado de lectura":"2 minutos"},"schema":{"@context":"https:\/\/schema.org","@graph":[{"@type":"Article","@id":"https:\/\/digital58.com.ve\/site\/2019\/09\/16\/ligafutve-tres-gritos-sagrados-en-la-carolina-frente-a-portuguesa-fc\/#article","isPartOf":{"@id":"https:\/\/digital58.com.ve\/site\/2019\/09\/16\/ligafutve-tres-gritos-sagrados-en-la-carolina-frente-a-portuguesa-fc\/"},"author":{"name":"Villasmil Henry","@id":"https:\/\/digital58.com.ve\/site\/#\/schema\/person\/64d1c2e4d0d4fd1b849980c4331c2951"},"headline":"#LigaF\u00fatVe: \u00a1Tres gritos sagrados en \u00abLa Carolina\u00bb frente a Portuguesa FC!","datePublished":"2019-09-16T13:53:52+00:00","mainEntityOfPage":{"@id":"https:\/\/digital58.com.ve\/site\/2019\/09\/16\/ligafutve-tres-gritos-sagrados-en-la-carolina-frente-a-portuguesa-fc\/"},"wordCount":477,"commentCount":0,"publisher":{"@id":"https:\/\/digital58.com.ve\/site\/#\/schema\/person\/64d1c2e4d0d4fd1b849980c4331c2951"},"image":{"@id":"https:\/\/digital58.com.ve\/site\/2019\/09\/16\/ligafutve-tres-gritos-sagrados-en-la-carolina-frente-a-portuguesa-fc\/#primaryimage"},"thumbnailUrl":"https:\/\/digital58.com.ve\/site\/wp-content\/uploads\/2019\/09\/zamora-4.jpg","keywords":["Barinas","F\u00fatbol","F\u00fatbol Venezolano","Futve","FVF","Liga F\u00fatVe","Liga F\u00fatVe 2019","Nacionales","Portuguesa F\u00fatbol Club","Primera Divisi\u00f3n","Torneo Clausura","Torneo Clausura 2019","Venezuela","Zamora F\u00fatbol Club"],"articleSection":["Deportes"],"inLanguage":"es","potentialAction":[{"@type":"CommentAction","name":"Comment","target":["https:\/\/digital58.com.ve\/site\/2019\/09\/16\/ligafutve-tres-gritos-sagrados-en-la-carolina-frente-a-portuguesa-fc\/#respond"]}]},{"@type":"WebPage","@id":"https:\/\/digital58.com.ve\/site\/2019\/09\/16\/ligafutve-tres-gritos-sagrados-en-la-carolina-frente-a-portuguesa-fc\/","url":"https:\/\/digital58.com.ve\/site\/2019\/09\/16\/ligafutve-tres-gritos-sagrados-en-la-carolina-frente-a-portuguesa-fc\/","name":"#LigaF\u00fatVe: \u00a1Tres gritos sagrados en \u00abLa Carolina\u00bb frente a Portuguesa FC!","isPartOf":{"@id":"https:\/\/digital58.com.ve\/site\/#website"},"primaryImageOfPage":{"@id":"https:\/\/digital58.com.ve\/site\/2019\/09\/16\/ligafutve-tres-gritos-sagrados-en-la-carolina-frente-a-portuguesa-fc\/#primaryimage"},"image":{"@id":"https:\/\/digital58.com.ve\/site\/2019\/09\/16\/ligafutve-tres-gritos-sagrados-en-la-carolina-frente-a-portuguesa-fc\/#primaryimage"},"thumbnailUrl":"https:\/\/digital58.com.ve\/site\/wp-content\/uploads\/2019\/09\/zamora-4.jpg","datePublished":"2019-09-16T13:53:52+00:00","description":"Deportes","breadcrumb":{"@id":"https:\/\/digital58.com.ve\/site\/2019\/09\/16\/ligafutve-tres-gritos-sagrados-en-la-carolina-frente-a-portuguesa-fc\/#breadcrumb"},"inLanguage":"es","potentialAction":[{"@type":"ReadAction","target":["https:\/\/digital58.com.ve\/site\/2019\/09\/16\/ligafutve-tres-gritos-sagrados-en-la-carolina-frente-a-portuguesa-fc\/"]}]},{"@type":"ImageObject","inLanguage":"es","@id":"https:\/\/digital58.com.ve\/site\/2019\/09\/16\/ligafutve-tres-gritos-sagrados-en-la-carolina-frente-a-portuguesa-fc\/#primaryimage","url":"https:\/\/digital58.com.ve\/site\/wp-content\/uploads\/2019\/09\/zamora-4.jpg","contentUrl":"https:\/\/digital58.com.ve\/site\/wp-content\/uploads\/2019\/09\/zamora-4.jpg","width":800,"height":533},{"@type":"BreadcrumbList","@id":"https:\/\/digital58.com.ve\/site\/2019\/09\/16\/ligafutve-tres-gritos-sagrados-en-la-carolina-frente-a-portuguesa-fc\/#breadcrumb","itemListElement":[{"@type":"ListItem","position":1,"name":"Home","item":"https:\/\/digital58.com.ve\/site\/"},{"@type":"ListItem","position":2,"name":"#LigaF\u00fatVe: \u00a1Tres gritos sagrados en \u00abLa Carolina\u00bb frente a Portuguesa FC!"}]},{"@type":"WebSite","@id":"https:\/\/digital58.com.ve\/site\/#website","url":"https:\/\/digital58.com.ve\/site\/","name":"Noticias Digital58","description":"Portal de Noticias \u00a1Periodismo web de verdad! Lanzamiento web 22.11.2005 \/ Maracaibo, Venezuela","publisher":{"@id":"https:\/\/digital58.com.ve\/site\/#\/schema\/person\/64d1c2e4d0d4fd1b849980c4331c2951"},"alternateName":"ND58","potentialAction":[{"@type":"SearchAction","target":{"@type":"EntryPoint","urlTemplate":"https:\/\/digital58.com.ve\/site\/?s={search_term_string}"},"query-input":{"@type":"PropertyValueSpecification","valueRequired":true,"valueName":"search_term_string"}}],"inLanguage":"es"},{"@type":["Person","Organization"],"@id":"https:\/\/digital58.com.ve\/site\/#\/schema\/person\/64d1c2e4d0d4fd1b849980c4331c2951","name":"Villasmil Henry","image":{"@type":"ImageObject","inLanguage":"es","@id":"https:\/\/secure.gravatar.com\/avatar\/bb0c4a2fcb7970138239f7e404ea75757b1b507b28b5ce4c53fbd62d797c5a7c?s=96&d=mm&r=g","url":"https:\/\/secure.gravatar.com\/avatar\/bb0c4a2fcb7970138239f7e404ea75757b1b507b28b5ce4c53fbd62d797c5a7c?s=96&d=mm&r=g","contentUrl":"https:\/\/secure.gravatar.com\/avatar\/bb0c4a2fcb7970138239f7e404ea75757b1b507b28b5ce4c53fbd62d797c5a7c?s=96&d=mm&r=g","caption":"Villasmil Henry"},"logo":{"@id":"https:\/\/secure.gravatar.com\/avatar\/bb0c4a2fcb7970138239f7e404ea75757b1b507b28b5ce4c53fbd62d797c5a7c?s=96&d=mm&r=g"},"sameAs":["http:\/\/www.henryvillasmil.com.ve","https:\/\/www.instagram.com\/villasmilhfoto\/","https:\/\/x.com\/https:\/\/twitter.com\/villasmilhfoto"],"url":"https:\/\/digital58.com.ve\/site\/author\/droopy_68\/"}]}},"uagb_featured_image_src":{"full":["https:\/\/digital58.com.ve\/site\/wp-content\/uploads\/2019\/09\/zamora-4.jpg",800,533,false],"thumbnail":["https:\/\/digital58.com.ve\/site\/wp-content\/uploads\/2019\/09\/zamora-4-150x150.jpg",150,150,true],"medium":["https:\/\/digital58.com.ve\/site\/wp-content\/uploads\/2019\/09\/zamora-4-300x200.jpg",300,200,true],"medium_large":["https:\/\/digital58.com.ve\/site\/wp-content\/uploads\/2019\/09\/zamora-4-768x512.jpg",768,512,true],"large":["https:\/\/digital58.com.ve\/site\/wp-content\/uploads\/2019\/09\/zamora-4-1500x1000.jpg",800,533,true],"1536x1536":["https:\/\/digital58.com.ve\/site\/wp-content\/uploads\/2019\/09\/zamora-4.jpg",800,533,false],"2048x2048":["https:\/\/digital58.com.ve\/site\/wp-content\/uploads\/2019\/09\/zamora-4.jpg",800,533,false],"colormag-highlighted-post":["https:\/\/digital58.com.ve\/site\/wp-content\/uploads\/2019\/09\/zamora-4.jpg",392,261,false],"colormag-featured-post-medium":["https:\/\/digital58.com.ve\/site\/wp-content\/uploads\/2019\/09\/zamora-4.jpg",308,205,false],"colormag-featured-post-small":["https:\/\/digital58.com.ve\/site\/wp-content\/uploads\/2019\/09\/zamora-4.jpg",130,87,false],"colormag-featured-image":["https:\/\/digital58.com.ve\/site\/wp-content\/uploads\/2019\/09\/zamora-4.jpg",668,445,false],"colormag-default-news":["https:\/\/digital58.com.ve\/site\/wp-content\/uploads\/2019\/09\/zamora-4.jpg",150,100,false],"colormag-featured-image-large":["https:\/\/digital58.com.ve\/site\/wp-content\/uploads\/2019\/09\/zamora-4.jpg",800,533,false]},"uagb_author_info":{"display_name":"Villasmil Henry","author_link":"https:\/\/digital58.com.ve\/site\/author\/droopy_68\/"},"uagb_comment_info":0,"uagb_excerpt":"Este domingo 15 de septiembre, en el estadio Agust\u00edn Tovar \u00abLa Carolina\u00bb de la ciudad de Barinas, rod\u00f3 el bal\u00f3n","_links":{"self":[{"href":"https:\/\/digital58.com.ve\/site\/wp-json\/wp\/v2\/posts\/87074","targetHints":{"allow":["GET"]}}],"collection":[{"href":"https:\/\/digital58.com.ve\/site\/wp-json\/wp\/v2\/posts"}],"about":[{"href":"https:\/\/digital58.com.ve\/site\/wp-json\/wp\/v2\/types\/post"}],"author":[{"embeddable":true,"href":"https:\/\/digital58.com.ve\/site\/wp-json\/wp\/v2\/users\/1"}],"replies":[{"embeddable":true,"href":"https:\/\/digital58.com.ve\/site\/wp-json\/wp\/v2\/comments?post=87074"}],"version-history":[{"count":0,"href":"https:\/\/digital58.com.ve\/site\/wp-json\/wp\/v2\/posts\/87074\/revisions"}],"wp:featuredmedia":[{"embeddable":true,"href":"https:\/\/digital58.com.ve\/site\/wp-json\/wp\/v2\/media\/87076"}],"wp:attachment":[{"href":"https:\/\/digital58.com.ve\/site\/wp-json\/wp\/v2\/media?parent=87074"}],"wp:term":[{"taxonomy":"category","embeddable":true,"href":"https:\/\/digital58.com.ve\/site\/wp-json\/wp\/v2\/categories?post=87074"},{"taxonomy":"post_tag","embeddable":true,"href":"https:\/\/digital58.com.ve\/site\/wp-json\/wp\/v2\/tags?post=87074"}],"curies":[{"name":"wp","href":"https:\/\/api.w.org\/{rel}","templated":true}]}}