{"id":87192,"date":"2019-09-18T12:50:40","date_gmt":"2019-09-18T16:50:40","guid":{"rendered":"https:\/\/digital58.com.ve\/site\/?p=87192"},"modified":"2019-09-18T12:50:40","modified_gmt":"2019-09-18T16:50:40","slug":"20-de-septiembre-jovenes-marchan-por-el-clima-en-maracaibo","status":"publish","type":"post","link":"https:\/\/digital58.com.ve\/site\/2019\/09\/18\/20-de-septiembre-jovenes-marchan-por-el-clima-en-maracaibo\/","title":{"rendered":"20 de septiembre, j\u00f3venes marchan por el clima en Maracaibo"},"content":{"rendered":"<p><a href=\"https:\/\/digital58.com.ve\/site\/wp-content\/uploads\/2019\/09\/azul-ambientalista-2.jpg\"><img loading=\"lazy\" decoding=\"async\" class=\"aligncenter wp-image-87193\" src=\"https:\/\/digital58.com.ve\/site\/wp-content\/uploads\/2019\/09\/azul-ambientalista-2.jpg\" alt=\"\" width=\"600\" height=\"600\" srcset=\"https:\/\/digital58.com.ve\/site\/wp-content\/uploads\/2019\/09\/azul-ambientalista-2.jpg 600w, https:\/\/digital58.com.ve\/site\/wp-content\/uploads\/2019\/09\/azul-ambientalista-2-150x150.jpg 150w, https:\/\/digital58.com.ve\/site\/wp-content\/uploads\/2019\/09\/azul-ambientalista-2-300x300.jpg 300w, https:\/\/digital58.com.ve\/site\/wp-content\/uploads\/2019\/09\/azul-ambientalista-2-768x768.jpg 768w\" sizes=\"auto, (max-width: 600px) 100vw, 600px\" \/><\/a><\/p>\n<p>Con el auspicio de ONU Medio Ambiente, acompa\u00f1ados del Movimiento Estudiantil de LUZ, URBE, UJGH y URU esta primera marcha ambiental liderada por la juventud, saldr\u00e1 el viernes 20 de septiembre a las 09:00 a.m. del Parque Rafael Urdaneta, hasta la plaza Bol\u00edvar donde el movimiento estudiantil y juvenil har\u00e1n un manifiesto y propuestas para mitigar el grave problema clim\u00e1tico en la regi\u00f3n.<\/p>\n<p><strong>Maracaibo, Zulia, Venezuela, 18 de septiembre de 2019 (Noticias D58).-<\/strong> J\u00f3venes por el clima, tambi\u00e9n conocido como Fridays For Future o huelga por el clima, es un creciente movimiento internacional estudiantil que se manifiesta para reclamar acci\u00f3n contra el calentamiento global y el cambio clim\u00e1tico.<\/p>\n<p>El movimiento cobr\u00f3 fuerza cuando la activista sueca Greta Thunberg empez\u00f3 a manifestarse frente al Riksdag (parlamento sueco), durante agosto 2018.<\/p>\n<p>Seg\u00fan la ONU el cambio clim\u00e1tico es el mayor desaf\u00edo de nuestro tiempo y ahora nos encontramos en un momento decisivo para hacer algo al respecto. Todav\u00eda estamos a tiempo de hacer frente al cambio clim\u00e1tico, pero esto requerir\u00e1 un esfuerzo sin precedentes por parte de todos los sectores de la sociedad.<\/p>\n<p>Para impulsar la misi\u00f3n y acelerar la implementaci\u00f3n del Acuerdo de Par\u00eds sobre el Cambio Clim\u00e1tico, el Secretario General Ant\u00f3nio Guterres ha organizado la Cumbre sobre la Acci\u00f3n Clim\u00e1tica el 23 de septiembre de 2019.<\/p>\n<p><a href=\"https:\/\/digital58.com.ve\/site\/wp-content\/uploads\/2019\/09\/azul-ambientalista.jpg\"><img loading=\"lazy\" decoding=\"async\" class=\"aligncenter wp-image-87194\" src=\"https:\/\/digital58.com.ve\/site\/wp-content\/uploads\/2019\/09\/azul-ambientalista.jpg\" alt=\"\" width=\"600\" height=\"424\" srcset=\"https:\/\/digital58.com.ve\/site\/wp-content\/uploads\/2019\/09\/azul-ambientalista.jpg 800w, https:\/\/digital58.com.ve\/site\/wp-content\/uploads\/2019\/09\/azul-ambientalista-300x212.jpg 300w, https:\/\/digital58.com.ve\/site\/wp-content\/uploads\/2019\/09\/azul-ambientalista-768x543.jpg 768w\" sizes=\"auto, (max-width: 600px) 100vw, 600px\" \/><\/a><\/p>\n<p>El Secretario General Ant\u00f3nio Guterres, en un art\u00edculo de opini\u00f3n publicado en el peri\u00f3dico The Guardian, afirm\u00f3 que los dirigentes deben escuchar la preocupaci\u00f3n de los j\u00f3venes acerca del cambio clim\u00e1tico y presentar propuestas concretas y ambiciosas.<\/p>\n<p>La cumbre supondr\u00e1 un gran salto en la ambici\u00f3n pol\u00edtica nacional colectiva y mostrar\u00e1 grandes avances en la econom\u00eda real en apoyo de la agenda. Juntos, estos avances reforzaran los mercados y las pol\u00edticas y dar\u00e1n el impulso necesario en la \u00abcarrera hacia la cima\u00bb a pa\u00edses, empresas, ciudades y sociedad civil, para lograr los Objetivos de Desarrollo Sostenible y del Acuerdo de Par\u00eds.<\/p>\n<p>2019 ha sido un a\u00f1o clave en la movilizaci\u00f3n contra el cambio clim\u00e1tico. Los ni\u00f1os y adolescentes est\u00e1n despertando a una experiencia pol\u00edtica com\u00fan, sin importar d\u00f3nde se encuentren: la necesidad de actuar de una manera articulada e inmediata para mantener la temperatura del planeta en los niveles recomendados por el Panel Intergubernamental de Cambio Clim\u00e1tico (IPCC) antes del a\u00f1o 2030.<\/p>\n<p>Los incendios forestales y las emisiones de gases contaminantes, as\u00ed como los proyectos extractivistas en \u00e1reas protegidas, demuestran que el cambio clim\u00e1tico no es una hip\u00f3tesis, sino una realidad que cuenta con toda la evidencia cient\u00edfica para respaldarla. La negaci\u00f3n al respecto obedece a intereses de empresas y gobiernos; es por eso que las movilizaciones requieren un eco mundial y bien organizado para crear un impacto profundo.<\/p>\n<p>En ese sentido Mar\u00eda Elena Parra fue muy enf\u00e1tica en se\u00f1alar la falta de voluntad pol\u00edtica en torno a la deforestaci\u00f3n causada por la miner\u00eda ilegal y la extractivista auspiciada por el gobierno en el Arco Minero del Orinoco, han causado la p\u00e9rdida de al menos el 53% de la superficie forestal en la amazonia venezolana.<\/p>\n<p>Por otro lado, advierte: \u00abnos preocupa adem\u00e1s del da\u00f1o patrimonial, el problema clim\u00e1tico que ocasionar\u00e1 esa deforestaci\u00f3n perjudicando el ciclo de lluvias en Venezuela\u00bb.<\/p>\n<p>Gustavo Carrasquel Parra, Presidente de la Fundaci\u00f3n Azul Ambientalistas, consultor GEO6 ONU Medio Ambiente, manifest\u00f3 que desde el a\u00f1o 2012 vienen haciendo estudios comparativos sobre cambio clim\u00e1tico en el Zulia, e incluso en el 2015 presentaron ante el CLEZ, evidencia cient\u00edfica del inminente aumento de temperatura, sobre todo en Maracaibo, en su informe \u00abVulnerabilidad frente al Cambio Clim\u00e1tico en la Regi\u00f3n Zulia-Venezuela\u00bb, presentando un plan de acci\u00f3n que no fue tomado en cuenta.<\/p>\n<p>\u00abHoy d\u00eda es innegable la condici\u00f3n de Clima Extremo que padecemos, llegamos a la media de 50\u00b0 de temperatura, con el programa J\u00f3venes por el clima, les haremos un nuevo llamado de atenci\u00f3n, porque el cambio clim\u00e1tico debe ser asumido como un asunto pol\u00edtico. Instamos a los tres niveles de gobierno a desarrollar un plan conjunto con universidades, instituciones y ONG\u00b4s para llevar adelante un verdadero programa de reforestaci\u00f3n y otras medidas para la mitigaci\u00f3n\u00bb, concluy\u00f3 Carrasquel.<\/p>\n<p>En la actualidad los niveles de CO2 en la atm\u00f3sfera sobrepasan las 410 ppm, haciendo cada vez m\u00e1s dif\u00edcil bajar al nivel adecuado de 350 ppm. En consenso la comunidad cient\u00edfica internacional recomienda la urgente repoblaci\u00f3n de flora, incrementar zonas boscosas en las urbes entre otras medidas claves para mitigar el cambio clim\u00e1tico.<\/p>\n<p><strong>Redacci\u00f3n con fuente: NDP\/Prensa @azulambientalistas<\/strong><br \/>\n<strong>Edici\u00f3n: Villasmil, Henry<\/strong><br \/>\n<strong>Gr\u00e1ficas: cortes\u00eda @azulambientalistas<\/strong><\/p>\n<p>&nbsp;<\/p>\n<p>&nbsp;<\/p>\n<p>&nbsp;<\/p><div class=\"tbwmw69f32e0a1fbdb\" ><p style=\"text-align: center;\"><a href=\"https:\/\/t.me\/noticiasdigital58\" target=\"_blank\" rel=\"noopener\"><img class=\"aligncenter size-full wp-image-125363\" src=\"https:\/\/digital58.com.ve\/site\/wp-content\/uploads\/2021\/04\/banner-telegram-web-2021.png\" alt=\"\" width=\"600\" height=\"90\" \/><\/a><\/p><\/div><style type=\"text\/css\">\r\n@media screen and (min-width: 1201px) {\r\n.tbwmw69f32e0a1fbdb {\r\ndisplay: block;\r\n}\r\n}\r\n@media screen and (min-width: 993px) and (max-width: 1200px) {\r\n.tbwmw69f32e0a1fbdb {\r\ndisplay: block;\r\n}\r\n}\r\n@media screen and (min-width: 769px) and (max-width: 992px) {\r\n.tbwmw69f32e0a1fbdb {\r\ndisplay: block;\r\n}\r\n}\r\n@media screen and (min-width: 768px) and (max-width: 768px) {\r\n.tbwmw69f32e0a1fbdb {\r\ndisplay: block;\r\n}\r\n}\r\n@media screen and (max-width: 767px) {\r\n.tbwmw69f32e0a1fbdb {\r\ndisplay: block;\r\n}\r\n}\r\n<\/style>\r\n\n<p>&nbsp;<\/p>\n<div style=\"margin-top: 0px; margin-bottom: 0px;\" class=\"sharethis-inline-share-buttons\" ><\/div>","protected":false},"excerpt":{"rendered":"<p>Con el auspicio de ONU Medio Ambiente, acompa\u00f1ados del Movimiento Estudiantil de LUZ, URBE, UJGH y URU esta primera marcha<\/p>\n","protected":false},"author":1,"featured_media":87194,"comment_status":"open","ping_status":"closed","sticky":false,"template":"","format":"standard","meta":{"colormag_page_container_layout":"default_layout","colormag_page_sidebar_layout":"default_layout","_uag_custom_page_level_css":"","footnotes":""},"categories":[5407],"tags":[],"class_list":["post-87192","post","type-post","status-publish","format-standard","has-post-thumbnail","hentry","category-natura"],"yoast_head":"<!-- This site is optimized with the Yoast SEO plugin v27.5 - https:\/\/yoast.com\/product\/yoast-seo-wordpress\/ -->\n<title>20 de septiembre, j\u00f3venes marchan por el clima en Maracaibo<\/title>\n<meta name=\"description\" content=\"Natura\" \/>\n<meta name=\"robots\" content=\"index, follow, max-snippet:-1, max-image-preview:large, max-video-preview:-1\" \/>\n<link rel=\"canonical\" href=\"https:\/\/digital58.com.ve\/site\/2019\/09\/18\/20-de-septiembre-jovenes-marchan-por-el-clima-en-maracaibo\/\" \/>\n<meta property=\"og:locale\" content=\"es_ES\" \/>\n<meta property=\"og:type\" content=\"article\" \/>\n<meta property=\"og:title\" content=\"20 de septiembre, j\u00f3venes marchan por el clima en Maracaibo\" \/>\n<meta property=\"og:description\" content=\"Natura\" \/>\n<meta property=\"og:url\" content=\"https:\/\/digital58.com.ve\/site\/2019\/09\/18\/20-de-septiembre-jovenes-marchan-por-el-clima-en-maracaibo\/\" \/>\n<meta property=\"og:site_name\" content=\"Noticias Digital58\" \/>\n<meta property=\"article:published_time\" content=\"2019-09-18T16:50:40+00:00\" \/>\n<meta property=\"og:image\" content=\"https:\/\/digital58.com.ve\/site\/wp-content\/uploads\/2019\/09\/azul-ambientalista.jpg\" \/>\n\t<meta property=\"og:image:width\" content=\"1024\" \/>\n\t<meta property=\"og:image:height\" content=\"724\" \/>\n\t<meta property=\"og:image:type\" content=\"image\/jpeg\" \/>\n<meta name=\"author\" content=\"Villasmil Henry\" \/>\n<meta name=\"twitter:card\" content=\"summary_large_image\" \/>\n<meta name=\"twitter:creator\" content=\"@https:\/\/twitter.com\/villasmilhfoto\" \/>\n<meta name=\"twitter:site\" content=\"@villasmilhfoto\" \/>\n<meta name=\"twitter:label1\" content=\"Escrito por\" \/>\n\t<meta name=\"twitter:data1\" content=\"Villasmil Henry\" \/>\n\t<meta name=\"twitter:label2\" content=\"Tiempo estimado de lectura\" \/>\n\t<meta name=\"twitter:data2\" content=\"4 minutos\" \/>\n<script type=\"application\/ld+json\" class=\"yoast-schema-graph\">{\"@context\":\"https:\\\/\\\/schema.org\",\"@graph\":[{\"@type\":\"Article\",\"@id\":\"https:\\\/\\\/digital58.com.ve\\\/site\\\/2019\\\/09\\\/18\\\/20-de-septiembre-jovenes-marchan-por-el-clima-en-maracaibo\\\/#article\",\"isPartOf\":{\"@id\":\"https:\\\/\\\/digital58.com.ve\\\/site\\\/2019\\\/09\\\/18\\\/20-de-septiembre-jovenes-marchan-por-el-clima-en-maracaibo\\\/\"},\"author\":{\"name\":\"Villasmil Henry\",\"@id\":\"https:\\\/\\\/digital58.com.ve\\\/site\\\/#\\\/schema\\\/person\\\/64d1c2e4d0d4fd1b849980c4331c2951\"},\"headline\":\"20 de septiembre, j\u00f3venes marchan por el clima en Maracaibo\",\"datePublished\":\"2019-09-18T16:50:40+00:00\",\"mainEntityOfPage\":{\"@id\":\"https:\\\/\\\/digital58.com.ve\\\/site\\\/2019\\\/09\\\/18\\\/20-de-septiembre-jovenes-marchan-por-el-clima-en-maracaibo\\\/\"},\"wordCount\":827,\"commentCount\":0,\"publisher\":{\"@id\":\"https:\\\/\\\/digital58.com.ve\\\/site\\\/#\\\/schema\\\/person\\\/64d1c2e4d0d4fd1b849980c4331c2951\"},\"image\":{\"@id\":\"https:\\\/\\\/digital58.com.ve\\\/site\\\/2019\\\/09\\\/18\\\/20-de-septiembre-jovenes-marchan-por-el-clima-en-maracaibo\\\/#primaryimage\"},\"thumbnailUrl\":\"https:\\\/\\\/digital58.com.ve\\\/site\\\/wp-content\\\/uploads\\\/2019\\\/09\\\/azul-ambientalista.jpg\",\"articleSection\":[\"Natura\"],\"inLanguage\":\"es\",\"potentialAction\":[{\"@type\":\"CommentAction\",\"name\":\"Comment\",\"target\":[\"https:\\\/\\\/digital58.com.ve\\\/site\\\/2019\\\/09\\\/18\\\/20-de-septiembre-jovenes-marchan-por-el-clima-en-maracaibo\\\/#respond\"]}]},{\"@type\":\"WebPage\",\"@id\":\"https:\\\/\\\/digital58.com.ve\\\/site\\\/2019\\\/09\\\/18\\\/20-de-septiembre-jovenes-marchan-por-el-clima-en-maracaibo\\\/\",\"url\":\"https:\\\/\\\/digital58.com.ve\\\/site\\\/2019\\\/09\\\/18\\\/20-de-septiembre-jovenes-marchan-por-el-clima-en-maracaibo\\\/\",\"name\":\"20 de septiembre, j\u00f3venes marchan por el clima en Maracaibo\",\"isPartOf\":{\"@id\":\"https:\\\/\\\/digital58.com.ve\\\/site\\\/#website\"},\"primaryImageOfPage\":{\"@id\":\"https:\\\/\\\/digital58.com.ve\\\/site\\\/2019\\\/09\\\/18\\\/20-de-septiembre-jovenes-marchan-por-el-clima-en-maracaibo\\\/#primaryimage\"},\"image\":{\"@id\":\"https:\\\/\\\/digital58.com.ve\\\/site\\\/2019\\\/09\\\/18\\\/20-de-septiembre-jovenes-marchan-por-el-clima-en-maracaibo\\\/#primaryimage\"},\"thumbnailUrl\":\"https:\\\/\\\/digital58.com.ve\\\/site\\\/wp-content\\\/uploads\\\/2019\\\/09\\\/azul-ambientalista.jpg\",\"datePublished\":\"2019-09-18T16:50:40+00:00\",\"description\":\"Natura\",\"breadcrumb\":{\"@id\":\"https:\\\/\\\/digital58.com.ve\\\/site\\\/2019\\\/09\\\/18\\\/20-de-septiembre-jovenes-marchan-por-el-clima-en-maracaibo\\\/#breadcrumb\"},\"inLanguage\":\"es\",\"potentialAction\":[{\"@type\":\"ReadAction\",\"target\":[\"https:\\\/\\\/digital58.com.ve\\\/site\\\/2019\\\/09\\\/18\\\/20-de-septiembre-jovenes-marchan-por-el-clima-en-maracaibo\\\/\"]}]},{\"@type\":\"ImageObject\",\"inLanguage\":\"es\",\"@id\":\"https:\\\/\\\/digital58.com.ve\\\/site\\\/2019\\\/09\\\/18\\\/20-de-septiembre-jovenes-marchan-por-el-clima-en-maracaibo\\\/#primaryimage\",\"url\":\"https:\\\/\\\/digital58.com.ve\\\/site\\\/wp-content\\\/uploads\\\/2019\\\/09\\\/azul-ambientalista.jpg\",\"contentUrl\":\"https:\\\/\\\/digital58.com.ve\\\/site\\\/wp-content\\\/uploads\\\/2019\\\/09\\\/azul-ambientalista.jpg\",\"width\":800,\"height\":566},{\"@type\":\"BreadcrumbList\",\"@id\":\"https:\\\/\\\/digital58.com.ve\\\/site\\\/2019\\\/09\\\/18\\\/20-de-septiembre-jovenes-marchan-por-el-clima-en-maracaibo\\\/#breadcrumb\",\"itemListElement\":[{\"@type\":\"ListItem\",\"position\":1,\"name\":\"Home\",\"item\":\"https:\\\/\\\/digital58.com.ve\\\/site\\\/\"},{\"@type\":\"ListItem\",\"position\":2,\"name\":\"20 de septiembre, j\u00f3venes marchan por el clima en Maracaibo\"}]},{\"@type\":\"WebSite\",\"@id\":\"https:\\\/\\\/digital58.com.ve\\\/site\\\/#website\",\"url\":\"https:\\\/\\\/digital58.com.ve\\\/site\\\/\",\"name\":\"Noticias Digital58\",\"description\":\"Portal de Noticias \u00a1Periodismo web de verdad! Lanzamiento web 22.11.2005 \\\/ Maracaibo, Venezuela\",\"publisher\":{\"@id\":\"https:\\\/\\\/digital58.com.ve\\\/site\\\/#\\\/schema\\\/person\\\/64d1c2e4d0d4fd1b849980c4331c2951\"},\"alternateName\":\"ND58\",\"potentialAction\":[{\"@type\":\"SearchAction\",\"target\":{\"@type\":\"EntryPoint\",\"urlTemplate\":\"https:\\\/\\\/digital58.com.ve\\\/site\\\/?s={search_term_string}\"},\"query-input\":{\"@type\":\"PropertyValueSpecification\",\"valueRequired\":true,\"valueName\":\"search_term_string\"}}],\"inLanguage\":\"es\"},{\"@type\":[\"Person\",\"Organization\"],\"@id\":\"https:\\\/\\\/digital58.com.ve\\\/site\\\/#\\\/schema\\\/person\\\/64d1c2e4d0d4fd1b849980c4331c2951\",\"name\":\"Villasmil Henry\",\"image\":{\"@type\":\"ImageObject\",\"inLanguage\":\"es\",\"@id\":\"https:\\\/\\\/secure.gravatar.com\\\/avatar\\\/bb0c4a2fcb7970138239f7e404ea75757b1b507b28b5ce4c53fbd62d797c5a7c?s=96&d=mm&r=g\",\"url\":\"https:\\\/\\\/secure.gravatar.com\\\/avatar\\\/bb0c4a2fcb7970138239f7e404ea75757b1b507b28b5ce4c53fbd62d797c5a7c?s=96&d=mm&r=g\",\"contentUrl\":\"https:\\\/\\\/secure.gravatar.com\\\/avatar\\\/bb0c4a2fcb7970138239f7e404ea75757b1b507b28b5ce4c53fbd62d797c5a7c?s=96&d=mm&r=g\",\"caption\":\"Villasmil Henry\"},\"logo\":{\"@id\":\"https:\\\/\\\/secure.gravatar.com\\\/avatar\\\/bb0c4a2fcb7970138239f7e404ea75757b1b507b28b5ce4c53fbd62d797c5a7c?s=96&d=mm&r=g\"},\"sameAs\":[\"http:\\\/\\\/www.henryvillasmil.com.ve\",\"https:\\\/\\\/www.instagram.com\\\/villasmilhfoto\\\/\",\"https:\\\/\\\/x.com\\\/https:\\\/\\\/twitter.com\\\/villasmilhfoto\"],\"url\":\"https:\\\/\\\/digital58.com.ve\\\/site\\\/author\\\/droopy_68\\\/\"}]}<\/script>\n<!-- \/ Yoast SEO plugin. -->","yoast_head_json":{"title":"20 de septiembre, j\u00f3venes marchan por el clima en Maracaibo","description":"Natura","robots":{"index":"index","follow":"follow","max-snippet":"max-snippet:-1","max-image-preview":"max-image-preview:large","max-video-preview":"max-video-preview:-1"},"canonical":"https:\/\/digital58.com.ve\/site\/2019\/09\/18\/20-de-septiembre-jovenes-marchan-por-el-clima-en-maracaibo\/","og_locale":"es_ES","og_type":"article","og_title":"20 de septiembre, j\u00f3venes marchan por el clima en Maracaibo","og_description":"Natura","og_url":"https:\/\/digital58.com.ve\/site\/2019\/09\/18\/20-de-septiembre-jovenes-marchan-por-el-clima-en-maracaibo\/","og_site_name":"Noticias Digital58","article_published_time":"2019-09-18T16:50:40+00:00","og_image":[{"width":1024,"height":724,"url":"https:\/\/digital58.com.ve\/site\/wp-content\/uploads\/2019\/09\/azul-ambientalista.jpg","type":"image\/jpeg"}],"author":"Villasmil Henry","twitter_card":"summary_large_image","twitter_creator":"@https:\/\/twitter.com\/villasmilhfoto","twitter_site":"@villasmilhfoto","twitter_misc":{"Escrito por":"Villasmil Henry","Tiempo estimado de lectura":"4 minutos"},"schema":{"@context":"https:\/\/schema.org","@graph":[{"@type":"Article","@id":"https:\/\/digital58.com.ve\/site\/2019\/09\/18\/20-de-septiembre-jovenes-marchan-por-el-clima-en-maracaibo\/#article","isPartOf":{"@id":"https:\/\/digital58.com.ve\/site\/2019\/09\/18\/20-de-septiembre-jovenes-marchan-por-el-clima-en-maracaibo\/"},"author":{"name":"Villasmil Henry","@id":"https:\/\/digital58.com.ve\/site\/#\/schema\/person\/64d1c2e4d0d4fd1b849980c4331c2951"},"headline":"20 de septiembre, j\u00f3venes marchan por el clima en Maracaibo","datePublished":"2019-09-18T16:50:40+00:00","mainEntityOfPage":{"@id":"https:\/\/digital58.com.ve\/site\/2019\/09\/18\/20-de-septiembre-jovenes-marchan-por-el-clima-en-maracaibo\/"},"wordCount":827,"commentCount":0,"publisher":{"@id":"https:\/\/digital58.com.ve\/site\/#\/schema\/person\/64d1c2e4d0d4fd1b849980c4331c2951"},"image":{"@id":"https:\/\/digital58.com.ve\/site\/2019\/09\/18\/20-de-septiembre-jovenes-marchan-por-el-clima-en-maracaibo\/#primaryimage"},"thumbnailUrl":"https:\/\/digital58.com.ve\/site\/wp-content\/uploads\/2019\/09\/azul-ambientalista.jpg","articleSection":["Natura"],"inLanguage":"es","potentialAction":[{"@type":"CommentAction","name":"Comment","target":["https:\/\/digital58.com.ve\/site\/2019\/09\/18\/20-de-septiembre-jovenes-marchan-por-el-clima-en-maracaibo\/#respond"]}]},{"@type":"WebPage","@id":"https:\/\/digital58.com.ve\/site\/2019\/09\/18\/20-de-septiembre-jovenes-marchan-por-el-clima-en-maracaibo\/","url":"https:\/\/digital58.com.ve\/site\/2019\/09\/18\/20-de-septiembre-jovenes-marchan-por-el-clima-en-maracaibo\/","name":"20 de septiembre, j\u00f3venes marchan por el clima en Maracaibo","isPartOf":{"@id":"https:\/\/digital58.com.ve\/site\/#website"},"primaryImageOfPage":{"@id":"https:\/\/digital58.com.ve\/site\/2019\/09\/18\/20-de-septiembre-jovenes-marchan-por-el-clima-en-maracaibo\/#primaryimage"},"image":{"@id":"https:\/\/digital58.com.ve\/site\/2019\/09\/18\/20-de-septiembre-jovenes-marchan-por-el-clima-en-maracaibo\/#primaryimage"},"thumbnailUrl":"https:\/\/digital58.com.ve\/site\/wp-content\/uploads\/2019\/09\/azul-ambientalista.jpg","datePublished":"2019-09-18T16:50:40+00:00","description":"Natura","breadcrumb":{"@id":"https:\/\/digital58.com.ve\/site\/2019\/09\/18\/20-de-septiembre-jovenes-marchan-por-el-clima-en-maracaibo\/#breadcrumb"},"inLanguage":"es","potentialAction":[{"@type":"ReadAction","target":["https:\/\/digital58.com.ve\/site\/2019\/09\/18\/20-de-septiembre-jovenes-marchan-por-el-clima-en-maracaibo\/"]}]},{"@type":"ImageObject","inLanguage":"es","@id":"https:\/\/digital58.com.ve\/site\/2019\/09\/18\/20-de-septiembre-jovenes-marchan-por-el-clima-en-maracaibo\/#primaryimage","url":"https:\/\/digital58.com.ve\/site\/wp-content\/uploads\/2019\/09\/azul-ambientalista.jpg","contentUrl":"https:\/\/digital58.com.ve\/site\/wp-content\/uploads\/2019\/09\/azul-ambientalista.jpg","width":800,"height":566},{"@type":"BreadcrumbList","@id":"https:\/\/digital58.com.ve\/site\/2019\/09\/18\/20-de-septiembre-jovenes-marchan-por-el-clima-en-maracaibo\/#breadcrumb","itemListElement":[{"@type":"ListItem","position":1,"name":"Home","item":"https:\/\/digital58.com.ve\/site\/"},{"@type":"ListItem","position":2,"name":"20 de septiembre, j\u00f3venes marchan por el clima en Maracaibo"}]},{"@type":"WebSite","@id":"https:\/\/digital58.com.ve\/site\/#website","url":"https:\/\/digital58.com.ve\/site\/","name":"Noticias Digital58","description":"Portal de Noticias \u00a1Periodismo web de verdad! Lanzamiento web 22.11.2005 \/ Maracaibo, Venezuela","publisher":{"@id":"https:\/\/digital58.com.ve\/site\/#\/schema\/person\/64d1c2e4d0d4fd1b849980c4331c2951"},"alternateName":"ND58","potentialAction":[{"@type":"SearchAction","target":{"@type":"EntryPoint","urlTemplate":"https:\/\/digital58.com.ve\/site\/?s={search_term_string}"},"query-input":{"@type":"PropertyValueSpecification","valueRequired":true,"valueName":"search_term_string"}}],"inLanguage":"es"},{"@type":["Person","Organization"],"@id":"https:\/\/digital58.com.ve\/site\/#\/schema\/person\/64d1c2e4d0d4fd1b849980c4331c2951","name":"Villasmil Henry","image":{"@type":"ImageObject","inLanguage":"es","@id":"https:\/\/secure.gravatar.com\/avatar\/bb0c4a2fcb7970138239f7e404ea75757b1b507b28b5ce4c53fbd62d797c5a7c?s=96&d=mm&r=g","url":"https:\/\/secure.gravatar.com\/avatar\/bb0c4a2fcb7970138239f7e404ea75757b1b507b28b5ce4c53fbd62d797c5a7c?s=96&d=mm&r=g","contentUrl":"https:\/\/secure.gravatar.com\/avatar\/bb0c4a2fcb7970138239f7e404ea75757b1b507b28b5ce4c53fbd62d797c5a7c?s=96&d=mm&r=g","caption":"Villasmil Henry"},"logo":{"@id":"https:\/\/secure.gravatar.com\/avatar\/bb0c4a2fcb7970138239f7e404ea75757b1b507b28b5ce4c53fbd62d797c5a7c?s=96&d=mm&r=g"},"sameAs":["http:\/\/www.henryvillasmil.com.ve","https:\/\/www.instagram.com\/villasmilhfoto\/","https:\/\/x.com\/https:\/\/twitter.com\/villasmilhfoto"],"url":"https:\/\/digital58.com.ve\/site\/author\/droopy_68\/"}]}},"uagb_featured_image_src":{"full":["https:\/\/digital58.com.ve\/site\/wp-content\/uploads\/2019\/09\/azul-ambientalista.jpg",800,566,false],"thumbnail":["https:\/\/digital58.com.ve\/site\/wp-content\/uploads\/2019\/09\/azul-ambientalista-150x150.jpg",150,150,true],"medium":["https:\/\/digital58.com.ve\/site\/wp-content\/uploads\/2019\/09\/azul-ambientalista-300x212.jpg",300,212,true],"medium_large":["https:\/\/digital58.com.ve\/site\/wp-content\/uploads\/2019\/09\/azul-ambientalista-768x543.jpg",768,543,true],"large":["https:\/\/digital58.com.ve\/site\/wp-content\/uploads\/2019\/09\/azul-ambientalista.jpg",800,566,false],"1536x1536":["https:\/\/digital58.com.ve\/site\/wp-content\/uploads\/2019\/09\/azul-ambientalista.jpg",800,566,false],"2048x2048":["https:\/\/digital58.com.ve\/site\/wp-content\/uploads\/2019\/09\/azul-ambientalista.jpg",800,566,false],"colormag-highlighted-post":["https:\/\/digital58.com.ve\/site\/wp-content\/uploads\/2019\/09\/azul-ambientalista.jpg",384,272,false],"colormag-featured-post-medium":["https:\/\/digital58.com.ve\/site\/wp-content\/uploads\/2019\/09\/azul-ambientalista.jpg",290,205,false],"colormag-featured-post-small":["https:\/\/digital58.com.ve\/site\/wp-content\/uploads\/2019\/09\/azul-ambientalista.jpg",127,90,false],"colormag-featured-image":["https:\/\/digital58.com.ve\/site\/wp-content\/uploads\/2019\/09\/azul-ambientalista.jpg",629,445,false],"colormag-default-news":["https:\/\/digital58.com.ve\/site\/wp-content\/uploads\/2019\/09\/azul-ambientalista.jpg",150,106,false],"colormag-featured-image-large":["https:\/\/digital58.com.ve\/site\/wp-content\/uploads\/2019\/09\/azul-ambientalista.jpg",800,566,false]},"uagb_author_info":{"display_name":"Villasmil Henry","author_link":"https:\/\/digital58.com.ve\/site\/author\/droopy_68\/"},"uagb_comment_info":0,"uagb_excerpt":"Con el auspicio de ONU Medio Ambiente, acompa\u00f1ados del Movimiento Estudiantil de LUZ, URBE, UJGH y URU esta primera marcha","_links":{"self":[{"href":"https:\/\/digital58.com.ve\/site\/wp-json\/wp\/v2\/posts\/87192","targetHints":{"allow":["GET"]}}],"collection":[{"href":"https:\/\/digital58.com.ve\/site\/wp-json\/wp\/v2\/posts"}],"about":[{"href":"https:\/\/digital58.com.ve\/site\/wp-json\/wp\/v2\/types\/post"}],"author":[{"embeddable":true,"href":"https:\/\/digital58.com.ve\/site\/wp-json\/wp\/v2\/users\/1"}],"replies":[{"embeddable":true,"href":"https:\/\/digital58.com.ve\/site\/wp-json\/wp\/v2\/comments?post=87192"}],"version-history":[{"count":0,"href":"https:\/\/digital58.com.ve\/site\/wp-json\/wp\/v2\/posts\/87192\/revisions"}],"wp:featuredmedia":[{"embeddable":true,"href":"https:\/\/digital58.com.ve\/site\/wp-json\/wp\/v2\/media\/87194"}],"wp:attachment":[{"href":"https:\/\/digital58.com.ve\/site\/wp-json\/wp\/v2\/media?parent=87192"}],"wp:term":[{"taxonomy":"category","embeddable":true,"href":"https:\/\/digital58.com.ve\/site\/wp-json\/wp\/v2\/categories?post=87192"},{"taxonomy":"post_tag","embeddable":true,"href":"https:\/\/digital58.com.ve\/site\/wp-json\/wp\/v2\/tags?post=87192"}],"curies":[{"name":"wp","href":"https:\/\/api.w.org\/{rel}","templated":true}]}}