{"id":87541,"date":"2019-09-27T09:18:18","date_gmt":"2019-09-27T13:18:18","guid":{"rendered":"https:\/\/digital58.com.ve\/site\/?p=87541"},"modified":"2019-09-27T09:18:18","modified_gmt":"2019-09-27T13:18:18","slug":"ronald-borjas-recibe-doble-nominacion-al-grammy-latino","status":"publish","type":"post","link":"https:\/\/digital58.com.ve\/site\/2019\/09\/27\/ronald-borjas-recibe-doble-nominacion-al-grammy-latino\/","title":{"rendered":"Ronald Borjas recibe doble nominaci\u00f3n al Grammy Latino"},"content":{"rendered":"<p><a href=\"https:\/\/digital58.com.ve\/site\/wp-content\/uploads\/2019\/09\/ronald.jpg\"><img loading=\"lazy\" decoding=\"async\" class=\"aligncenter size-full wp-image-87542\" src=\"https:\/\/digital58.com.ve\/site\/wp-content\/uploads\/2019\/09\/ronald.jpg\" alt=\"\" width=\"1180\" height=\"786\" srcset=\"https:\/\/digital58.com.ve\/site\/wp-content\/uploads\/2019\/09\/ronald.jpg 800w, https:\/\/digital58.com.ve\/site\/wp-content\/uploads\/2019\/09\/ronald-300x200.jpg 300w, https:\/\/digital58.com.ve\/site\/wp-content\/uploads\/2019\/09\/ronald-768x512.jpg 768w, https:\/\/digital58.com.ve\/site\/wp-content\/uploads\/2019\/09\/ronald-720x480.jpg 720w, https:\/\/digital58.com.ve\/site\/wp-content\/uploads\/2019\/09\/ronald-480x320.jpg 480w\" sizes=\"auto, (max-width: 1180px) 100vw, 1180px\" \/><\/a><\/p>\n<p>El exitoso venezolano Ronald Borjas se encuentra nominado en dos categor\u00edas tanto como compositor y cantante, siendo \u00e9sta, la segunda vez que recibe la noticia por parte de la Academia de los Latin Grammy. Con el tema \u00abLo que pase aqu\u00ed\u00bb donde fue el int\u00e9rprete y adem\u00e1s lo escribi\u00f3 junto a Johan Morales y Tonny Succar, recibi\u00f3 la nominaci\u00f3n dentro de la categor\u00eda \u00ab\u00c1lbum del a\u00f1o\u00bb por ser uno de los temas del disco de Tonny titulado \u00abM\u00e1s de mi\u00bb.<\/p>\n<p><strong>Maracaibo, Zulia, Venezuela, 27 de septiembre de 2019 (Noticias D58).-<\/strong> Por otra parte, Borjas recibe para esta edici\u00f3n de los Grammy Latino a celebrarse en noviembre en Las Vegas, Estados Unidos, su otra nominaci\u00f3n con el tema \u00abNo queda nada\u00bb que fue escrito e interpretado por \u00e9l para el disco \u00abNuestro Hogar\u00bb de \u00abQuintero\u2019s Salsa Proyect\u00bb en la categor\u00eda \u00ab\u00c1lbum salsa del a\u00f1o\u00bb.<\/p>\n<p>Ronald comparte autor\u00eda en este disco con el tambi\u00e9n compositor venezolano Arnaldo Quintero.<\/p>\n<p>Hay que recordar que Ronald Borjas ya estuvo nominado el pasado a\u00f1o 2014 con su tema \u00abTe doy mi voz\u00bb. \u00abEste a\u00f1o est\u00e1 fuerte la competencia pero se que ambos discos en los que estoy nominado pueden llevarse el gram\u00f3fono. Ser\u00eda mi sue\u00f1o hecho realidad\u00bb, acot\u00f3 el exitoso zuliano que se encuentra radicado en Estados Unidos.<\/p>\n<p>Ronald se encuentra en medio de su \u00abTour sobran los momentos\u00bb, junto a Nelson Arrieta donde est\u00e1n visitando gran parte de Norte Am\u00e9rica, Europa y Sur Am\u00e9rica. Este fin de semana visitar\u00e1n Venezuela para llevar este espect\u00e1culo al Zulia.<\/p>\n<p>2019 ha sido un a\u00f1o de buenas noticias para la carrera de Ronald Borjas con e lanzamiento de su segundo disco \u00abBailamos otra vez\u00bb, la gira internacional de conciertos y adem\u00e1s de esta nominaci\u00f3n al Grammy, en su natal Venezuela recibi\u00f3 tres nominaciones a los Premios Pepsi Music como Artista, Video y Tema Salsa del A\u00f1o con \u00abLoco por volverte a ver\u00bb.<\/p><div class=\"rxkwn69f3d5795f6fe\" ><p style=\"text-align: center;\"><a href=\"https:\/\/t.me\/noticiasdigital58\" target=\"_blank\" rel=\"noopener\"><img class=\"aligncenter size-full wp-image-125363\" src=\"https:\/\/digital58.com.ve\/site\/wp-content\/uploads\/2021\/04\/banner-telegram-web-2021.png\" alt=\"\" width=\"600\" height=\"90\" \/><\/a><\/p><\/div><style type=\"text\/css\">\r\n@media screen and (min-width: 1201px) {\r\n.rxkwn69f3d5795f6fe {\r\ndisplay: block;\r\n}\r\n}\r\n@media screen and (min-width: 993px) and (max-width: 1200px) {\r\n.rxkwn69f3d5795f6fe {\r\ndisplay: block;\r\n}\r\n}\r\n@media screen and (min-width: 769px) and (max-width: 992px) {\r\n.rxkwn69f3d5795f6fe {\r\ndisplay: block;\r\n}\r\n}\r\n@media screen and (min-width: 768px) and (max-width: 768px) {\r\n.rxkwn69f3d5795f6fe {\r\ndisplay: block;\r\n}\r\n}\r\n@media screen and (max-width: 767px) {\r\n.rxkwn69f3d5795f6fe {\r\ndisplay: block;\r\n}\r\n}\r\n<\/style>\r\n\n<p><strong>Redacci\u00f3n con fuente: ARB Press\/NDP<\/strong><br \/>\n<strong>Edici\u00f3n: Villasmil, Henry<\/strong><br \/>\n<strong>Gr\u00e1ficas: cortes\u00eda<\/strong><\/p>\n<div style=\"margin-top: 0px; margin-bottom: 0px;\" class=\"sharethis-inline-share-buttons\" ><\/div>","protected":false},"excerpt":{"rendered":"<p>El exitoso venezolano Ronald Borjas se encuentra nominado en dos categor\u00edas tanto como compositor y cantante, siendo \u00e9sta, la segunda<\/p>\n","protected":false},"author":1,"featured_media":87542,"comment_status":"open","ping_status":"closed","sticky":false,"template":"","format":"standard","meta":{"colormag_page_container_layout":"default_layout","colormag_page_sidebar_layout":"default_layout","_uag_custom_page_level_css":"","footnotes":""},"categories":[5414],"tags":[78,50,273,2918,6106,61,233,455,32],"class_list":["post-87541","post","type-post","status-publish","format-standard","has-post-thumbnail","hentry","category-talento_nacional","tag-cantantes","tag-entretenimiento","tag-farandula","tag-grammy-latino","tag-latin-grammy","tag-musica","tag-nacionales","tag-ronald-borjas","tag-venezuela"],"yoast_head":"<!-- This site is optimized with the Yoast SEO plugin v27.5 - https:\/\/yoast.com\/product\/yoast-seo-wordpress\/ -->\n<title>Ronald Borjas recibe doble nominaci\u00f3n al Grammy Latino<\/title>\n<meta name=\"description\" content=\"Talento Nacional\" \/>\n<meta name=\"robots\" content=\"index, follow, max-snippet:-1, max-image-preview:large, max-video-preview:-1\" \/>\n<link rel=\"canonical\" href=\"https:\/\/digital58.com.ve\/site\/2019\/09\/27\/ronald-borjas-recibe-doble-nominacion-al-grammy-latino\/\" \/>\n<meta property=\"og:locale\" content=\"es_ES\" \/>\n<meta property=\"og:type\" content=\"article\" \/>\n<meta property=\"og:title\" content=\"Ronald Borjas recibe doble nominaci\u00f3n al Grammy Latino\" \/>\n<meta property=\"og:description\" content=\"Talento Nacional\" \/>\n<meta property=\"og:url\" content=\"https:\/\/digital58.com.ve\/site\/2019\/09\/27\/ronald-borjas-recibe-doble-nominacion-al-grammy-latino\/\" \/>\n<meta property=\"og:site_name\" content=\"Noticias Digital58\" \/>\n<meta property=\"article:published_time\" content=\"2019-09-27T13:18:18+00:00\" \/>\n<meta property=\"og:image\" content=\"https:\/\/digital58.com.ve\/site\/wp-content\/uploads\/2019\/09\/ronald.jpg\" \/>\n\t<meta property=\"og:image:width\" content=\"1180\" \/>\n\t<meta property=\"og:image:height\" content=\"786\" \/>\n\t<meta property=\"og:image:type\" content=\"image\/jpeg\" \/>\n<meta name=\"author\" content=\"Villasmil Henry\" \/>\n<meta name=\"twitter:card\" content=\"summary_large_image\" \/>\n<meta name=\"twitter:creator\" content=\"@https:\/\/twitter.com\/villasmilhfoto\" \/>\n<meta name=\"twitter:site\" content=\"@villasmilhfoto\" \/>\n<meta name=\"twitter:label1\" content=\"Escrito por\" \/>\n\t<meta name=\"twitter:data1\" content=\"Villasmil Henry\" \/>\n\t<meta name=\"twitter:label2\" content=\"Tiempo estimado de lectura\" \/>\n\t<meta name=\"twitter:data2\" content=\"2 minutos\" \/>\n<script type=\"application\/ld+json\" class=\"yoast-schema-graph\">{\"@context\":\"https:\\\/\\\/schema.org\",\"@graph\":[{\"@type\":\"Article\",\"@id\":\"https:\\\/\\\/digital58.com.ve\\\/site\\\/2019\\\/09\\\/27\\\/ronald-borjas-recibe-doble-nominacion-al-grammy-latino\\\/#article\",\"isPartOf\":{\"@id\":\"https:\\\/\\\/digital58.com.ve\\\/site\\\/2019\\\/09\\\/27\\\/ronald-borjas-recibe-doble-nominacion-al-grammy-latino\\\/\"},\"author\":{\"name\":\"Villasmil Henry\",\"@id\":\"https:\\\/\\\/digital58.com.ve\\\/site\\\/#\\\/schema\\\/person\\\/64d1c2e4d0d4fd1b849980c4331c2951\"},\"headline\":\"Ronald Borjas recibe doble nominaci\u00f3n al Grammy Latino\",\"datePublished\":\"2019-09-27T13:18:18+00:00\",\"mainEntityOfPage\":{\"@id\":\"https:\\\/\\\/digital58.com.ve\\\/site\\\/2019\\\/09\\\/27\\\/ronald-borjas-recibe-doble-nominacion-al-grammy-latino\\\/\"},\"wordCount\":362,\"commentCount\":0,\"publisher\":{\"@id\":\"https:\\\/\\\/digital58.com.ve\\\/site\\\/#\\\/schema\\\/person\\\/64d1c2e4d0d4fd1b849980c4331c2951\"},\"image\":{\"@id\":\"https:\\\/\\\/digital58.com.ve\\\/site\\\/2019\\\/09\\\/27\\\/ronald-borjas-recibe-doble-nominacion-al-grammy-latino\\\/#primaryimage\"},\"thumbnailUrl\":\"https:\\\/\\\/digital58.com.ve\\\/site\\\/wp-content\\\/uploads\\\/2019\\\/09\\\/ronald.jpg\",\"keywords\":[\"Cantantes\",\"Entretenimiento\",\"Far\u00e1ndula\",\"Grammy Latino\",\"Latin Grammy\",\"M\u00fasica\",\"Nacionales\",\"Ronald Borjas\",\"Venezuela\"],\"articleSection\":[\"Talento Nacional\"],\"inLanguage\":\"es\",\"potentialAction\":[{\"@type\":\"CommentAction\",\"name\":\"Comment\",\"target\":[\"https:\\\/\\\/digital58.com.ve\\\/site\\\/2019\\\/09\\\/27\\\/ronald-borjas-recibe-doble-nominacion-al-grammy-latino\\\/#respond\"]}]},{\"@type\":\"WebPage\",\"@id\":\"https:\\\/\\\/digital58.com.ve\\\/site\\\/2019\\\/09\\\/27\\\/ronald-borjas-recibe-doble-nominacion-al-grammy-latino\\\/\",\"url\":\"https:\\\/\\\/digital58.com.ve\\\/site\\\/2019\\\/09\\\/27\\\/ronald-borjas-recibe-doble-nominacion-al-grammy-latino\\\/\",\"name\":\"Ronald Borjas recibe doble nominaci\u00f3n al Grammy Latino\",\"isPartOf\":{\"@id\":\"https:\\\/\\\/digital58.com.ve\\\/site\\\/#website\"},\"primaryImageOfPage\":{\"@id\":\"https:\\\/\\\/digital58.com.ve\\\/site\\\/2019\\\/09\\\/27\\\/ronald-borjas-recibe-doble-nominacion-al-grammy-latino\\\/#primaryimage\"},\"image\":{\"@id\":\"https:\\\/\\\/digital58.com.ve\\\/site\\\/2019\\\/09\\\/27\\\/ronald-borjas-recibe-doble-nominacion-al-grammy-latino\\\/#primaryimage\"},\"thumbnailUrl\":\"https:\\\/\\\/digital58.com.ve\\\/site\\\/wp-content\\\/uploads\\\/2019\\\/09\\\/ronald.jpg\",\"datePublished\":\"2019-09-27T13:18:18+00:00\",\"description\":\"Talento Nacional\",\"breadcrumb\":{\"@id\":\"https:\\\/\\\/digital58.com.ve\\\/site\\\/2019\\\/09\\\/27\\\/ronald-borjas-recibe-doble-nominacion-al-grammy-latino\\\/#breadcrumb\"},\"inLanguage\":\"es\",\"potentialAction\":[{\"@type\":\"ReadAction\",\"target\":[\"https:\\\/\\\/digital58.com.ve\\\/site\\\/2019\\\/09\\\/27\\\/ronald-borjas-recibe-doble-nominacion-al-grammy-latino\\\/\"]}]},{\"@type\":\"ImageObject\",\"inLanguage\":\"es\",\"@id\":\"https:\\\/\\\/digital58.com.ve\\\/site\\\/2019\\\/09\\\/27\\\/ronald-borjas-recibe-doble-nominacion-al-grammy-latino\\\/#primaryimage\",\"url\":\"https:\\\/\\\/digital58.com.ve\\\/site\\\/wp-content\\\/uploads\\\/2019\\\/09\\\/ronald.jpg\",\"contentUrl\":\"https:\\\/\\\/digital58.com.ve\\\/site\\\/wp-content\\\/uploads\\\/2019\\\/09\\\/ronald.jpg\",\"width\":800,\"height\":533},{\"@type\":\"BreadcrumbList\",\"@id\":\"https:\\\/\\\/digital58.com.ve\\\/site\\\/2019\\\/09\\\/27\\\/ronald-borjas-recibe-doble-nominacion-al-grammy-latino\\\/#breadcrumb\",\"itemListElement\":[{\"@type\":\"ListItem\",\"position\":1,\"name\":\"Home\",\"item\":\"https:\\\/\\\/digital58.com.ve\\\/site\\\/\"},{\"@type\":\"ListItem\",\"position\":2,\"name\":\"Ronald Borjas recibe doble nominaci\u00f3n al Grammy Latino\"}]},{\"@type\":\"WebSite\",\"@id\":\"https:\\\/\\\/digital58.com.ve\\\/site\\\/#website\",\"url\":\"https:\\\/\\\/digital58.com.ve\\\/site\\\/\",\"name\":\"Noticias Digital58\",\"description\":\"Portal de Noticias \u00a1Periodismo web de verdad! Lanzamiento web 22.11.2005 \\\/ Maracaibo, Venezuela\",\"publisher\":{\"@id\":\"https:\\\/\\\/digital58.com.ve\\\/site\\\/#\\\/schema\\\/person\\\/64d1c2e4d0d4fd1b849980c4331c2951\"},\"alternateName\":\"ND58\",\"potentialAction\":[{\"@type\":\"SearchAction\",\"target\":{\"@type\":\"EntryPoint\",\"urlTemplate\":\"https:\\\/\\\/digital58.com.ve\\\/site\\\/?s={search_term_string}\"},\"query-input\":{\"@type\":\"PropertyValueSpecification\",\"valueRequired\":true,\"valueName\":\"search_term_string\"}}],\"inLanguage\":\"es\"},{\"@type\":[\"Person\",\"Organization\"],\"@id\":\"https:\\\/\\\/digital58.com.ve\\\/site\\\/#\\\/schema\\\/person\\\/64d1c2e4d0d4fd1b849980c4331c2951\",\"name\":\"Villasmil Henry\",\"image\":{\"@type\":\"ImageObject\",\"inLanguage\":\"es\",\"@id\":\"https:\\\/\\\/secure.gravatar.com\\\/avatar\\\/bb0c4a2fcb7970138239f7e404ea75757b1b507b28b5ce4c53fbd62d797c5a7c?s=96&d=mm&r=g\",\"url\":\"https:\\\/\\\/secure.gravatar.com\\\/avatar\\\/bb0c4a2fcb7970138239f7e404ea75757b1b507b28b5ce4c53fbd62d797c5a7c?s=96&d=mm&r=g\",\"contentUrl\":\"https:\\\/\\\/secure.gravatar.com\\\/avatar\\\/bb0c4a2fcb7970138239f7e404ea75757b1b507b28b5ce4c53fbd62d797c5a7c?s=96&d=mm&r=g\",\"caption\":\"Villasmil Henry\"},\"logo\":{\"@id\":\"https:\\\/\\\/secure.gravatar.com\\\/avatar\\\/bb0c4a2fcb7970138239f7e404ea75757b1b507b28b5ce4c53fbd62d797c5a7c?s=96&d=mm&r=g\"},\"sameAs\":[\"http:\\\/\\\/www.henryvillasmil.com.ve\",\"https:\\\/\\\/www.instagram.com\\\/villasmilhfoto\\\/\",\"https:\\\/\\\/x.com\\\/https:\\\/\\\/twitter.com\\\/villasmilhfoto\"],\"url\":\"https:\\\/\\\/digital58.com.ve\\\/site\\\/author\\\/droopy_68\\\/\"}]}<\/script>\n<!-- \/ Yoast SEO plugin. -->","yoast_head_json":{"title":"Ronald Borjas recibe doble nominaci\u00f3n al Grammy Latino","description":"Talento Nacional","robots":{"index":"index","follow":"follow","max-snippet":"max-snippet:-1","max-image-preview":"max-image-preview:large","max-video-preview":"max-video-preview:-1"},"canonical":"https:\/\/digital58.com.ve\/site\/2019\/09\/27\/ronald-borjas-recibe-doble-nominacion-al-grammy-latino\/","og_locale":"es_ES","og_type":"article","og_title":"Ronald Borjas recibe doble nominaci\u00f3n al Grammy Latino","og_description":"Talento Nacional","og_url":"https:\/\/digital58.com.ve\/site\/2019\/09\/27\/ronald-borjas-recibe-doble-nominacion-al-grammy-latino\/","og_site_name":"Noticias Digital58","article_published_time":"2019-09-27T13:18:18+00:00","og_image":[{"width":1180,"height":786,"url":"https:\/\/digital58.com.ve\/site\/wp-content\/uploads\/2019\/09\/ronald.jpg","type":"image\/jpeg"}],"author":"Villasmil Henry","twitter_card":"summary_large_image","twitter_creator":"@https:\/\/twitter.com\/villasmilhfoto","twitter_site":"@villasmilhfoto","twitter_misc":{"Escrito por":"Villasmil Henry","Tiempo estimado de lectura":"2 minutos"},"schema":{"@context":"https:\/\/schema.org","@graph":[{"@type":"Article","@id":"https:\/\/digital58.com.ve\/site\/2019\/09\/27\/ronald-borjas-recibe-doble-nominacion-al-grammy-latino\/#article","isPartOf":{"@id":"https:\/\/digital58.com.ve\/site\/2019\/09\/27\/ronald-borjas-recibe-doble-nominacion-al-grammy-latino\/"},"author":{"name":"Villasmil Henry","@id":"https:\/\/digital58.com.ve\/site\/#\/schema\/person\/64d1c2e4d0d4fd1b849980c4331c2951"},"headline":"Ronald Borjas recibe doble nominaci\u00f3n al Grammy Latino","datePublished":"2019-09-27T13:18:18+00:00","mainEntityOfPage":{"@id":"https:\/\/digital58.com.ve\/site\/2019\/09\/27\/ronald-borjas-recibe-doble-nominacion-al-grammy-latino\/"},"wordCount":362,"commentCount":0,"publisher":{"@id":"https:\/\/digital58.com.ve\/site\/#\/schema\/person\/64d1c2e4d0d4fd1b849980c4331c2951"},"image":{"@id":"https:\/\/digital58.com.ve\/site\/2019\/09\/27\/ronald-borjas-recibe-doble-nominacion-al-grammy-latino\/#primaryimage"},"thumbnailUrl":"https:\/\/digital58.com.ve\/site\/wp-content\/uploads\/2019\/09\/ronald.jpg","keywords":["Cantantes","Entretenimiento","Far\u00e1ndula","Grammy Latino","Latin Grammy","M\u00fasica","Nacionales","Ronald Borjas","Venezuela"],"articleSection":["Talento Nacional"],"inLanguage":"es","potentialAction":[{"@type":"CommentAction","name":"Comment","target":["https:\/\/digital58.com.ve\/site\/2019\/09\/27\/ronald-borjas-recibe-doble-nominacion-al-grammy-latino\/#respond"]}]},{"@type":"WebPage","@id":"https:\/\/digital58.com.ve\/site\/2019\/09\/27\/ronald-borjas-recibe-doble-nominacion-al-grammy-latino\/","url":"https:\/\/digital58.com.ve\/site\/2019\/09\/27\/ronald-borjas-recibe-doble-nominacion-al-grammy-latino\/","name":"Ronald Borjas recibe doble nominaci\u00f3n al Grammy Latino","isPartOf":{"@id":"https:\/\/digital58.com.ve\/site\/#website"},"primaryImageOfPage":{"@id":"https:\/\/digital58.com.ve\/site\/2019\/09\/27\/ronald-borjas-recibe-doble-nominacion-al-grammy-latino\/#primaryimage"},"image":{"@id":"https:\/\/digital58.com.ve\/site\/2019\/09\/27\/ronald-borjas-recibe-doble-nominacion-al-grammy-latino\/#primaryimage"},"thumbnailUrl":"https:\/\/digital58.com.ve\/site\/wp-content\/uploads\/2019\/09\/ronald.jpg","datePublished":"2019-09-27T13:18:18+00:00","description":"Talento Nacional","breadcrumb":{"@id":"https:\/\/digital58.com.ve\/site\/2019\/09\/27\/ronald-borjas-recibe-doble-nominacion-al-grammy-latino\/#breadcrumb"},"inLanguage":"es","potentialAction":[{"@type":"ReadAction","target":["https:\/\/digital58.com.ve\/site\/2019\/09\/27\/ronald-borjas-recibe-doble-nominacion-al-grammy-latino\/"]}]},{"@type":"ImageObject","inLanguage":"es","@id":"https:\/\/digital58.com.ve\/site\/2019\/09\/27\/ronald-borjas-recibe-doble-nominacion-al-grammy-latino\/#primaryimage","url":"https:\/\/digital58.com.ve\/site\/wp-content\/uploads\/2019\/09\/ronald.jpg","contentUrl":"https:\/\/digital58.com.ve\/site\/wp-content\/uploads\/2019\/09\/ronald.jpg","width":800,"height":533},{"@type":"BreadcrumbList","@id":"https:\/\/digital58.com.ve\/site\/2019\/09\/27\/ronald-borjas-recibe-doble-nominacion-al-grammy-latino\/#breadcrumb","itemListElement":[{"@type":"ListItem","position":1,"name":"Home","item":"https:\/\/digital58.com.ve\/site\/"},{"@type":"ListItem","position":2,"name":"Ronald Borjas recibe doble nominaci\u00f3n al Grammy Latino"}]},{"@type":"WebSite","@id":"https:\/\/digital58.com.ve\/site\/#website","url":"https:\/\/digital58.com.ve\/site\/","name":"Noticias Digital58","description":"Portal de Noticias \u00a1Periodismo web de verdad! Lanzamiento web 22.11.2005 \/ Maracaibo, Venezuela","publisher":{"@id":"https:\/\/digital58.com.ve\/site\/#\/schema\/person\/64d1c2e4d0d4fd1b849980c4331c2951"},"alternateName":"ND58","potentialAction":[{"@type":"SearchAction","target":{"@type":"EntryPoint","urlTemplate":"https:\/\/digital58.com.ve\/site\/?s={search_term_string}"},"query-input":{"@type":"PropertyValueSpecification","valueRequired":true,"valueName":"search_term_string"}}],"inLanguage":"es"},{"@type":["Person","Organization"],"@id":"https:\/\/digital58.com.ve\/site\/#\/schema\/person\/64d1c2e4d0d4fd1b849980c4331c2951","name":"Villasmil Henry","image":{"@type":"ImageObject","inLanguage":"es","@id":"https:\/\/secure.gravatar.com\/avatar\/bb0c4a2fcb7970138239f7e404ea75757b1b507b28b5ce4c53fbd62d797c5a7c?s=96&d=mm&r=g","url":"https:\/\/secure.gravatar.com\/avatar\/bb0c4a2fcb7970138239f7e404ea75757b1b507b28b5ce4c53fbd62d797c5a7c?s=96&d=mm&r=g","contentUrl":"https:\/\/secure.gravatar.com\/avatar\/bb0c4a2fcb7970138239f7e404ea75757b1b507b28b5ce4c53fbd62d797c5a7c?s=96&d=mm&r=g","caption":"Villasmil Henry"},"logo":{"@id":"https:\/\/secure.gravatar.com\/avatar\/bb0c4a2fcb7970138239f7e404ea75757b1b507b28b5ce4c53fbd62d797c5a7c?s=96&d=mm&r=g"},"sameAs":["http:\/\/www.henryvillasmil.com.ve","https:\/\/www.instagram.com\/villasmilhfoto\/","https:\/\/x.com\/https:\/\/twitter.com\/villasmilhfoto"],"url":"https:\/\/digital58.com.ve\/site\/author\/droopy_68\/"}]}},"uagb_featured_image_src":{"full":["https:\/\/digital58.com.ve\/site\/wp-content\/uploads\/2019\/09\/ronald.jpg",800,533,false],"thumbnail":["https:\/\/digital58.com.ve\/site\/wp-content\/uploads\/2019\/09\/ronald-150x150.jpg",150,150,true],"medium":["https:\/\/digital58.com.ve\/site\/wp-content\/uploads\/2019\/09\/ronald-300x200.jpg",300,200,true],"medium_large":["https:\/\/digital58.com.ve\/site\/wp-content\/uploads\/2019\/09\/ronald-768x512.jpg",768,512,true],"large":["https:\/\/digital58.com.ve\/site\/wp-content\/uploads\/2019\/09\/ronald.jpg",800,533,false],"1536x1536":["https:\/\/digital58.com.ve\/site\/wp-content\/uploads\/2019\/09\/ronald.jpg",800,533,false],"2048x2048":["https:\/\/digital58.com.ve\/site\/wp-content\/uploads\/2019\/09\/ronald.jpg",800,533,false],"colormag-highlighted-post":["https:\/\/digital58.com.ve\/site\/wp-content\/uploads\/2019\/09\/ronald.jpg",392,261,false],"colormag-featured-post-medium":["https:\/\/digital58.com.ve\/site\/wp-content\/uploads\/2019\/09\/ronald.jpg",308,205,false],"colormag-featured-post-small":["https:\/\/digital58.com.ve\/site\/wp-content\/uploads\/2019\/09\/ronald.jpg",130,87,false],"colormag-featured-image":["https:\/\/digital58.com.ve\/site\/wp-content\/uploads\/2019\/09\/ronald.jpg",668,445,false],"colormag-default-news":["https:\/\/digital58.com.ve\/site\/wp-content\/uploads\/2019\/09\/ronald.jpg",150,100,false],"colormag-featured-image-large":["https:\/\/digital58.com.ve\/site\/wp-content\/uploads\/2019\/09\/ronald.jpg",800,533,false]},"uagb_author_info":{"display_name":"Villasmil Henry","author_link":"https:\/\/digital58.com.ve\/site\/author\/droopy_68\/"},"uagb_comment_info":0,"uagb_excerpt":"El exitoso venezolano Ronald Borjas se encuentra nominado en dos categor\u00edas tanto como compositor y cantante, siendo \u00e9sta, la segunda","_links":{"self":[{"href":"https:\/\/digital58.com.ve\/site\/wp-json\/wp\/v2\/posts\/87541","targetHints":{"allow":["GET"]}}],"collection":[{"href":"https:\/\/digital58.com.ve\/site\/wp-json\/wp\/v2\/posts"}],"about":[{"href":"https:\/\/digital58.com.ve\/site\/wp-json\/wp\/v2\/types\/post"}],"author":[{"embeddable":true,"href":"https:\/\/digital58.com.ve\/site\/wp-json\/wp\/v2\/users\/1"}],"replies":[{"embeddable":true,"href":"https:\/\/digital58.com.ve\/site\/wp-json\/wp\/v2\/comments?post=87541"}],"version-history":[{"count":0,"href":"https:\/\/digital58.com.ve\/site\/wp-json\/wp\/v2\/posts\/87541\/revisions"}],"wp:featuredmedia":[{"embeddable":true,"href":"https:\/\/digital58.com.ve\/site\/wp-json\/wp\/v2\/media\/87542"}],"wp:attachment":[{"href":"https:\/\/digital58.com.ve\/site\/wp-json\/wp\/v2\/media?parent=87541"}],"wp:term":[{"taxonomy":"category","embeddable":true,"href":"https:\/\/digital58.com.ve\/site\/wp-json\/wp\/v2\/categories?post=87541"},{"taxonomy":"post_tag","embeddable":true,"href":"https:\/\/digital58.com.ve\/site\/wp-json\/wp\/v2\/tags?post=87541"}],"curies":[{"name":"wp","href":"https:\/\/api.w.org\/{rel}","templated":true}]}}