{"id":87830,"date":"2019-10-08T12:46:08","date_gmt":"2019-10-08T16:46:08","guid":{"rendered":"https:\/\/digital58.com.ve\/site\/?p=87830"},"modified":"2019-10-08T12:46:08","modified_gmt":"2019-10-08T16:46:08","slug":"copavenezuela-zulia-fc-arranca-la-defensa-del-titulo","status":"publish","type":"post","link":"https:\/\/digital58.com.ve\/site\/2019\/10\/08\/copavenezuela-zulia-fc-arranca-la-defensa-del-titulo\/","title":{"rendered":"#CopaVenezuela: Zulia FC arranca la defensa del t\u00edtulo"},"content":{"rendered":"<p><img loading=\"lazy\" decoding=\"async\" class=\"aligncenter size-full wp-image-87833\" src=\"https:\/\/digital58.com.ve\/site\/wp-content\/uploads\/2019\/10\/zulia-fc.jpg\" alt=\"\" width=\"1500\" height=\"973\" srcset=\"https:\/\/digital58.com.ve\/site\/wp-content\/uploads\/2019\/10\/zulia-fc.jpg 800w, https:\/\/digital58.com.ve\/site\/wp-content\/uploads\/2019\/10\/zulia-fc-300x195.jpg 300w, https:\/\/digital58.com.ve\/site\/wp-content\/uploads\/2019\/10\/zulia-fc-768x498.jpg 768w, https:\/\/digital58.com.ve\/site\/wp-content\/uploads\/2019\/10\/zulia-fc-1500x973.jpg 1500w\" sizes=\"auto, (max-width: 1500px) 100vw, 1500px\" \/><\/p>\n<p>&nbsp;<\/p>\n<p>\u00a1Ir por todo! Tal como ha sido su filosof\u00eda en los \u00faltimos tres a\u00f1os, siendo campe\u00f3n en dos de ellos, Zulia F\u00fatbol Club debuta como visitante este mi\u00e9rcoles en la Copa Venezuela 2019 con la meta de defender con todas sus fuerzas el gallardete conseguido hace 12 meses, todo esto sin dejar de luchar por un puesto en la Liguilla Final del Torneo Clausura en el que se encuentra dentro de los primeros ocho lugares a falta de cinco partidos.<\/p>\n<p><strong>Barquisimeto, Lara, Venezuela, 8 de octubre<\/strong> <strong>de 2019 (Noticias D58).- <\/strong>La instancia es octavos de final, a la que se accedi\u00f3 directamente por ser monarca, y el rival el Deportivo Lara que se gan\u00f3 su lugar al dejar en el camino a Llaneros de Guanare en la ronda de 16avos.<\/p>\n<p>Atr\u00e1s quedaron los dos \u00faltimos resultados desfavorables en casa y el chip copero empieza a sentirse con entusiasmo dentro de un plantel que tiene dos triunfos y un empate en sus tres \u00faltimos encuentros de visitante.<\/p>\n<p><strong>Experiencia copera<\/strong><\/p>\n<p>Daniel Rivillo, uno de dos integrantes del plantel (junto con Albert Zambrano) ganador de las Copas Venezuela 2016 y 2018, resalta que la escuadra \u00abpetrolera\u00bb viene siendo fuerte en los duelos de ida y vuelta.<\/p>\n<p>\u00abLa sensaci\u00f3n que nos da es como si estuvi\u00e9semos llegando a casa\u00bb, explica Rivillo al debut en la edici\u00f3n 2019 de la Copa Venezuela. \u201cSiendo el campe\u00f3n es nuestro deber defenderlo, todos queremos seguir ganando copas y apuntarnos nuevamente a los torneos internacionales\u00bb.<\/p>\n<p>El lateral derecho a\u00f1ade: \u00abCuando llegamos a los enfrentamientos de ida y vuelta siempre nos sentimos fuertes, es una sensaci\u00f3n que no sabr\u00eda explicar, hay equipos que tienen fortalezas puntuales, pues esa es la nuestra\u00bb.<\/p>\n<p>Deportivo Lara es un enemigo reciente en copa, pues en 2016 lo enfrent\u00f3 en cuartos de final y lo sorte\u00f3 con un 2-2 en el Estadio Metropolitano gracias a la norma de los goles como visitante.<\/p>\n<p><strong>Redacci\u00f3n con fuente: Ernesto Vera \/Prensa Zulia FC<\/strong><br \/>\n<strong>Edici\u00f3n: Karen Jaimes<\/strong><br \/>\n<strong>Gr\u00e1ficas: <b>Carlos Castro Vargas <\/b>\/Prensa Zulia FC<\/strong><\/p><div class=\"yuylc69f2a27078b50\" ><p style=\"text-align: center;\"><a href=\"https:\/\/t.me\/noticiasdigital58\" target=\"_blank\" rel=\"noopener\"><img class=\"aligncenter size-full wp-image-125363\" src=\"https:\/\/digital58.com.ve\/site\/wp-content\/uploads\/2021\/04\/banner-telegram-web-2021.png\" alt=\"\" width=\"600\" height=\"90\" \/><\/a><\/p><\/div><style type=\"text\/css\">\r\n@media screen and (min-width: 1201px) {\r\n.yuylc69f2a27078b50 {\r\ndisplay: block;\r\n}\r\n}\r\n@media screen and (min-width: 993px) and (max-width: 1200px) {\r\n.yuylc69f2a27078b50 {\r\ndisplay: block;\r\n}\r\n}\r\n@media screen and (min-width: 769px) and (max-width: 992px) {\r\n.yuylc69f2a27078b50 {\r\ndisplay: block;\r\n}\r\n}\r\n@media screen and (min-width: 768px) and (max-width: 768px) {\r\n.yuylc69f2a27078b50 {\r\ndisplay: block;\r\n}\r\n}\r\n@media screen and (max-width: 767px) {\r\n.yuylc69f2a27078b50 {\r\ndisplay: block;\r\n}\r\n}\r\n<\/style>\r\n\n<p><img loading=\"lazy\" decoding=\"async\" class=\"aligncenter size-full wp-image-87837\" src=\"https:\/\/digital58.com.ve\/site\/wp-content\/uploads\/2019\/10\/zulia2.jpg\" alt=\"\" width=\"1500\" height=\"973\" srcset=\"https:\/\/digital58.com.ve\/site\/wp-content\/uploads\/2019\/10\/zulia2.jpg 800w, https:\/\/digital58.com.ve\/site\/wp-content\/uploads\/2019\/10\/zulia2-300x195.jpg 300w, https:\/\/digital58.com.ve\/site\/wp-content\/uploads\/2019\/10\/zulia2-768x498.jpg 768w, https:\/\/digital58.com.ve\/site\/wp-content\/uploads\/2019\/10\/zulia2-1500x973.jpg 1500w\" sizes=\"auto, (max-width: 1500px) 100vw, 1500px\" \/><\/p>\n<div style=\"margin-top: 0px; margin-bottom: 0px;\" class=\"sharethis-inline-share-buttons\" ><\/div>","protected":false},"excerpt":{"rendered":"<p>&nbsp; \u00a1Ir por todo! Tal como ha sido su filosof\u00eda en los \u00faltimos tres a\u00f1os, siendo campe\u00f3n en dos de<\/p>\n","protected":false},"author":21,"featured_media":87833,"comment_status":"open","ping_status":"closed","sticky":false,"template":"","format":"standard","meta":{"colormag_page_container_layout":"default_layout","colormag_page_sidebar_layout":"default_layout","_uag_custom_page_level_css":"","footnotes":""},"categories":[5402],"tags":[5326,12520,3288,13,14,15,25,233,23],"class_list":["post-87830","post","type-post","status-publish","format-standard","has-post-thumbnail","hentry","category-deportes","tag-copa-venezuela","tag-copa-venezuela-2019","tag-deportivo-lara","tag-futbol","tag-futbol-venezolano","tag-futve","tag-fvf","tag-nacionales","tag-zulia-fc"],"yoast_head":"<!-- This site is optimized with the Yoast SEO plugin v27.5 - https:\/\/yoast.com\/product\/yoast-seo-wordpress\/ -->\n<title>#CopaVenezuela: Zulia FC arranca la defensa del t\u00edtulo<\/title>\n<meta name=\"description\" content=\"El Zulia FC arranca su defensa del t\u00edtulo de Copa Venezuela, visitando al Deportivo Lara por el partido de ida de octavos de final.\" \/>\n<meta name=\"robots\" content=\"index, follow, max-snippet:-1, max-image-preview:large, max-video-preview:-1\" \/>\n<link rel=\"canonical\" href=\"https:\/\/digital58.com.ve\/site\/2019\/10\/08\/copavenezuela-zulia-fc-arranca-la-defensa-del-titulo\/\" \/>\n<meta property=\"og:locale\" content=\"es_ES\" \/>\n<meta property=\"og:type\" content=\"article\" \/>\n<meta property=\"og:title\" content=\"#CopaVenezuela: Zulia FC arranca la defensa del t\u00edtulo\" \/>\n<meta property=\"og:description\" content=\"El Zulia FC arranca su defensa del t\u00edtulo de Copa Venezuela, visitando al Deportivo Lara por el partido de ida de octavos de final.\" \/>\n<meta property=\"og:url\" content=\"https:\/\/digital58.com.ve\/site\/2019\/10\/08\/copavenezuela-zulia-fc-arranca-la-defensa-del-titulo\/\" \/>\n<meta property=\"og:site_name\" content=\"Noticias Digital58\" \/>\n<meta property=\"article:published_time\" content=\"2019-10-08T16:46:08+00:00\" \/>\n<meta property=\"og:image\" content=\"https:\/\/digital58.com.ve\/site\/wp-content\/uploads\/2019\/10\/zulia-fc.jpg\" \/>\n\t<meta property=\"og:image:width\" content=\"1500\" \/>\n\t<meta property=\"og:image:height\" content=\"973\" \/>\n\t<meta property=\"og:image:type\" content=\"image\/jpeg\" \/>\n<meta name=\"author\" content=\"Karen Ivette Jaimes\" \/>\n<meta name=\"twitter:card\" content=\"summary_large_image\" \/>\n<meta name=\"twitter:creator\" content=\"@Digital_58\" \/>\n<meta name=\"twitter:site\" content=\"@villasmilhfoto\" \/>\n<meta name=\"twitter:label1\" content=\"Escrito por\" \/>\n\t<meta name=\"twitter:data1\" content=\"Karen Ivette Jaimes\" \/>\n\t<meta name=\"twitter:label2\" content=\"Tiempo estimado de lectura\" \/>\n\t<meta name=\"twitter:data2\" content=\"2 minutos\" \/>\n<script type=\"application\/ld+json\" class=\"yoast-schema-graph\">{\"@context\":\"https:\\\/\\\/schema.org\",\"@graph\":[{\"@type\":\"Article\",\"@id\":\"https:\\\/\\\/digital58.com.ve\\\/site\\\/2019\\\/10\\\/08\\\/copavenezuela-zulia-fc-arranca-la-defensa-del-titulo\\\/#article\",\"isPartOf\":{\"@id\":\"https:\\\/\\\/digital58.com.ve\\\/site\\\/2019\\\/10\\\/08\\\/copavenezuela-zulia-fc-arranca-la-defensa-del-titulo\\\/\"},\"author\":{\"name\":\"Karen Ivette Jaimes\",\"@id\":\"https:\\\/\\\/digital58.com.ve\\\/site\\\/#\\\/schema\\\/person\\\/eeb4c5d8eef18e441b7483a2da9e79e8\"},\"headline\":\"#CopaVenezuela: Zulia FC arranca la defensa del t\u00edtulo\",\"datePublished\":\"2019-10-08T16:46:08+00:00\",\"mainEntityOfPage\":{\"@id\":\"https:\\\/\\\/digital58.com.ve\\\/site\\\/2019\\\/10\\\/08\\\/copavenezuela-zulia-fc-arranca-la-defensa-del-titulo\\\/\"},\"wordCount\":354,\"commentCount\":0,\"publisher\":{\"@id\":\"https:\\\/\\\/digital58.com.ve\\\/site\\\/#\\\/schema\\\/person\\\/64d1c2e4d0d4fd1b849980c4331c2951\"},\"image\":{\"@id\":\"https:\\\/\\\/digital58.com.ve\\\/site\\\/2019\\\/10\\\/08\\\/copavenezuela-zulia-fc-arranca-la-defensa-del-titulo\\\/#primaryimage\"},\"thumbnailUrl\":\"https:\\\/\\\/digital58.com.ve\\\/site\\\/wp-content\\\/uploads\\\/2019\\\/10\\\/zulia-fc.jpg\",\"keywords\":[\"Copa Venezuela\",\"Copa Venezuela 2019\",\"Deportivo Lara\",\"F\u00fatbol\",\"F\u00fatbol Venezolano\",\"Futve\",\"FVF\",\"Nacionales\",\"Zulia F\u00fatbol Club\"],\"articleSection\":[\"Deportes\"],\"inLanguage\":\"es\",\"potentialAction\":[{\"@type\":\"CommentAction\",\"name\":\"Comment\",\"target\":[\"https:\\\/\\\/digital58.com.ve\\\/site\\\/2019\\\/10\\\/08\\\/copavenezuela-zulia-fc-arranca-la-defensa-del-titulo\\\/#respond\"]}]},{\"@type\":\"WebPage\",\"@id\":\"https:\\\/\\\/digital58.com.ve\\\/site\\\/2019\\\/10\\\/08\\\/copavenezuela-zulia-fc-arranca-la-defensa-del-titulo\\\/\",\"url\":\"https:\\\/\\\/digital58.com.ve\\\/site\\\/2019\\\/10\\\/08\\\/copavenezuela-zulia-fc-arranca-la-defensa-del-titulo\\\/\",\"name\":\"#CopaVenezuela: Zulia FC arranca la defensa del t\u00edtulo\",\"isPartOf\":{\"@id\":\"https:\\\/\\\/digital58.com.ve\\\/site\\\/#website\"},\"primaryImageOfPage\":{\"@id\":\"https:\\\/\\\/digital58.com.ve\\\/site\\\/2019\\\/10\\\/08\\\/copavenezuela-zulia-fc-arranca-la-defensa-del-titulo\\\/#primaryimage\"},\"image\":{\"@id\":\"https:\\\/\\\/digital58.com.ve\\\/site\\\/2019\\\/10\\\/08\\\/copavenezuela-zulia-fc-arranca-la-defensa-del-titulo\\\/#primaryimage\"},\"thumbnailUrl\":\"https:\\\/\\\/digital58.com.ve\\\/site\\\/wp-content\\\/uploads\\\/2019\\\/10\\\/zulia-fc.jpg\",\"datePublished\":\"2019-10-08T16:46:08+00:00\",\"description\":\"El Zulia FC arranca su defensa del t\u00edtulo de Copa Venezuela, visitando al Deportivo Lara por el partido de ida de octavos de final.\",\"breadcrumb\":{\"@id\":\"https:\\\/\\\/digital58.com.ve\\\/site\\\/2019\\\/10\\\/08\\\/copavenezuela-zulia-fc-arranca-la-defensa-del-titulo\\\/#breadcrumb\"},\"inLanguage\":\"es\",\"potentialAction\":[{\"@type\":\"ReadAction\",\"target\":[\"https:\\\/\\\/digital58.com.ve\\\/site\\\/2019\\\/10\\\/08\\\/copavenezuela-zulia-fc-arranca-la-defensa-del-titulo\\\/\"]}]},{\"@type\":\"ImageObject\",\"inLanguage\":\"es\",\"@id\":\"https:\\\/\\\/digital58.com.ve\\\/site\\\/2019\\\/10\\\/08\\\/copavenezuela-zulia-fc-arranca-la-defensa-del-titulo\\\/#primaryimage\",\"url\":\"https:\\\/\\\/digital58.com.ve\\\/site\\\/wp-content\\\/uploads\\\/2019\\\/10\\\/zulia-fc.jpg\",\"contentUrl\":\"https:\\\/\\\/digital58.com.ve\\\/site\\\/wp-content\\\/uploads\\\/2019\\\/10\\\/zulia-fc.jpg\",\"width\":800,\"height\":519},{\"@type\":\"BreadcrumbList\",\"@id\":\"https:\\\/\\\/digital58.com.ve\\\/site\\\/2019\\\/10\\\/08\\\/copavenezuela-zulia-fc-arranca-la-defensa-del-titulo\\\/#breadcrumb\",\"itemListElement\":[{\"@type\":\"ListItem\",\"position\":1,\"name\":\"Home\",\"item\":\"https:\\\/\\\/digital58.com.ve\\\/site\\\/\"},{\"@type\":\"ListItem\",\"position\":2,\"name\":\"#CopaVenezuela: Zulia FC arranca la defensa del t\u00edtulo\"}]},{\"@type\":\"WebSite\",\"@id\":\"https:\\\/\\\/digital58.com.ve\\\/site\\\/#website\",\"url\":\"https:\\\/\\\/digital58.com.ve\\\/site\\\/\",\"name\":\"Noticias Digital58\",\"description\":\"Portal de Noticias \u00a1Periodismo web de verdad! Lanzamiento web 22.11.2005 \\\/ Maracaibo, Venezuela\",\"publisher\":{\"@id\":\"https:\\\/\\\/digital58.com.ve\\\/site\\\/#\\\/schema\\\/person\\\/64d1c2e4d0d4fd1b849980c4331c2951\"},\"alternateName\":\"ND58\",\"potentialAction\":[{\"@type\":\"SearchAction\",\"target\":{\"@type\":\"EntryPoint\",\"urlTemplate\":\"https:\\\/\\\/digital58.com.ve\\\/site\\\/?s={search_term_string}\"},\"query-input\":{\"@type\":\"PropertyValueSpecification\",\"valueRequired\":true,\"valueName\":\"search_term_string\"}}],\"inLanguage\":\"es\"},{\"@type\":[\"Person\",\"Organization\"],\"@id\":\"https:\\\/\\\/digital58.com.ve\\\/site\\\/#\\\/schema\\\/person\\\/64d1c2e4d0d4fd1b849980c4331c2951\",\"name\":\"Villasmil Henry\",\"image\":{\"@type\":\"ImageObject\",\"inLanguage\":\"es\",\"@id\":\"https:\\\/\\\/secure.gravatar.com\\\/avatar\\\/bb0c4a2fcb7970138239f7e404ea75757b1b507b28b5ce4c53fbd62d797c5a7c?s=96&d=mm&r=g\",\"url\":\"https:\\\/\\\/secure.gravatar.com\\\/avatar\\\/bb0c4a2fcb7970138239f7e404ea75757b1b507b28b5ce4c53fbd62d797c5a7c?s=96&d=mm&r=g\",\"contentUrl\":\"https:\\\/\\\/secure.gravatar.com\\\/avatar\\\/bb0c4a2fcb7970138239f7e404ea75757b1b507b28b5ce4c53fbd62d797c5a7c?s=96&d=mm&r=g\",\"caption\":\"Villasmil Henry\"},\"logo\":{\"@id\":\"https:\\\/\\\/secure.gravatar.com\\\/avatar\\\/bb0c4a2fcb7970138239f7e404ea75757b1b507b28b5ce4c53fbd62d797c5a7c?s=96&d=mm&r=g\"},\"sameAs\":[\"http:\\\/\\\/www.henryvillasmil.com.ve\",\"https:\\\/\\\/www.instagram.com\\\/villasmilhfoto\\\/\",\"https:\\\/\\\/x.com\\\/https:\\\/\\\/twitter.com\\\/villasmilhfoto\"]},{\"@type\":\"Person\",\"@id\":\"https:\\\/\\\/digital58.com.ve\\\/site\\\/#\\\/schema\\\/person\\\/eeb4c5d8eef18e441b7483a2da9e79e8\",\"name\":\"Karen Ivette Jaimes\",\"image\":{\"@type\":\"ImageObject\",\"inLanguage\":\"es\",\"@id\":\"https:\\\/\\\/secure.gravatar.com\\\/avatar\\\/74b4bd4bf849b1844638e281471f623551185d410d6f6179774f2a579958f3b4?s=96&d=mm&r=g\",\"url\":\"https:\\\/\\\/secure.gravatar.com\\\/avatar\\\/74b4bd4bf849b1844638e281471f623551185d410d6f6179774f2a579958f3b4?s=96&d=mm&r=g\",\"contentUrl\":\"https:\\\/\\\/secure.gravatar.com\\\/avatar\\\/74b4bd4bf849b1844638e281471f623551185d410d6f6179774f2a579958f3b4?s=96&d=mm&r=g\",\"caption\":\"Karen Ivette Jaimes\"},\"url\":\"https:\\\/\\\/digital58.com.ve\\\/site\\\/author\\\/eskarenj\\\/\"}]}<\/script>\n<!-- \/ Yoast SEO plugin. -->","yoast_head_json":{"title":"#CopaVenezuela: Zulia FC arranca la defensa del t\u00edtulo","description":"El Zulia FC arranca su defensa del t\u00edtulo de Copa Venezuela, visitando al Deportivo Lara por el partido de ida de octavos de final.","robots":{"index":"index","follow":"follow","max-snippet":"max-snippet:-1","max-image-preview":"max-image-preview:large","max-video-preview":"max-video-preview:-1"},"canonical":"https:\/\/digital58.com.ve\/site\/2019\/10\/08\/copavenezuela-zulia-fc-arranca-la-defensa-del-titulo\/","og_locale":"es_ES","og_type":"article","og_title":"#CopaVenezuela: Zulia FC arranca la defensa del t\u00edtulo","og_description":"El Zulia FC arranca su defensa del t\u00edtulo de Copa Venezuela, visitando al Deportivo Lara por el partido de ida de octavos de final.","og_url":"https:\/\/digital58.com.ve\/site\/2019\/10\/08\/copavenezuela-zulia-fc-arranca-la-defensa-del-titulo\/","og_site_name":"Noticias Digital58","article_published_time":"2019-10-08T16:46:08+00:00","og_image":[{"width":1500,"height":973,"url":"https:\/\/digital58.com.ve\/site\/wp-content\/uploads\/2019\/10\/zulia-fc.jpg","type":"image\/jpeg"}],"author":"Karen Ivette Jaimes","twitter_card":"summary_large_image","twitter_creator":"@Digital_58","twitter_site":"@villasmilhfoto","twitter_misc":{"Escrito por":"Karen Ivette Jaimes","Tiempo estimado de lectura":"2 minutos"},"schema":{"@context":"https:\/\/schema.org","@graph":[{"@type":"Article","@id":"https:\/\/digital58.com.ve\/site\/2019\/10\/08\/copavenezuela-zulia-fc-arranca-la-defensa-del-titulo\/#article","isPartOf":{"@id":"https:\/\/digital58.com.ve\/site\/2019\/10\/08\/copavenezuela-zulia-fc-arranca-la-defensa-del-titulo\/"},"author":{"name":"Karen Ivette Jaimes","@id":"https:\/\/digital58.com.ve\/site\/#\/schema\/person\/eeb4c5d8eef18e441b7483a2da9e79e8"},"headline":"#CopaVenezuela: Zulia FC arranca la defensa del t\u00edtulo","datePublished":"2019-10-08T16:46:08+00:00","mainEntityOfPage":{"@id":"https:\/\/digital58.com.ve\/site\/2019\/10\/08\/copavenezuela-zulia-fc-arranca-la-defensa-del-titulo\/"},"wordCount":354,"commentCount":0,"publisher":{"@id":"https:\/\/digital58.com.ve\/site\/#\/schema\/person\/64d1c2e4d0d4fd1b849980c4331c2951"},"image":{"@id":"https:\/\/digital58.com.ve\/site\/2019\/10\/08\/copavenezuela-zulia-fc-arranca-la-defensa-del-titulo\/#primaryimage"},"thumbnailUrl":"https:\/\/digital58.com.ve\/site\/wp-content\/uploads\/2019\/10\/zulia-fc.jpg","keywords":["Copa Venezuela","Copa Venezuela 2019","Deportivo Lara","F\u00fatbol","F\u00fatbol Venezolano","Futve","FVF","Nacionales","Zulia F\u00fatbol Club"],"articleSection":["Deportes"],"inLanguage":"es","potentialAction":[{"@type":"CommentAction","name":"Comment","target":["https:\/\/digital58.com.ve\/site\/2019\/10\/08\/copavenezuela-zulia-fc-arranca-la-defensa-del-titulo\/#respond"]}]},{"@type":"WebPage","@id":"https:\/\/digital58.com.ve\/site\/2019\/10\/08\/copavenezuela-zulia-fc-arranca-la-defensa-del-titulo\/","url":"https:\/\/digital58.com.ve\/site\/2019\/10\/08\/copavenezuela-zulia-fc-arranca-la-defensa-del-titulo\/","name":"#CopaVenezuela: Zulia FC arranca la defensa del t\u00edtulo","isPartOf":{"@id":"https:\/\/digital58.com.ve\/site\/#website"},"primaryImageOfPage":{"@id":"https:\/\/digital58.com.ve\/site\/2019\/10\/08\/copavenezuela-zulia-fc-arranca-la-defensa-del-titulo\/#primaryimage"},"image":{"@id":"https:\/\/digital58.com.ve\/site\/2019\/10\/08\/copavenezuela-zulia-fc-arranca-la-defensa-del-titulo\/#primaryimage"},"thumbnailUrl":"https:\/\/digital58.com.ve\/site\/wp-content\/uploads\/2019\/10\/zulia-fc.jpg","datePublished":"2019-10-08T16:46:08+00:00","description":"El Zulia FC arranca su defensa del t\u00edtulo de Copa Venezuela, visitando al Deportivo Lara por el partido de ida de octavos de final.","breadcrumb":{"@id":"https:\/\/digital58.com.ve\/site\/2019\/10\/08\/copavenezuela-zulia-fc-arranca-la-defensa-del-titulo\/#breadcrumb"},"inLanguage":"es","potentialAction":[{"@type":"ReadAction","target":["https:\/\/digital58.com.ve\/site\/2019\/10\/08\/copavenezuela-zulia-fc-arranca-la-defensa-del-titulo\/"]}]},{"@type":"ImageObject","inLanguage":"es","@id":"https:\/\/digital58.com.ve\/site\/2019\/10\/08\/copavenezuela-zulia-fc-arranca-la-defensa-del-titulo\/#primaryimage","url":"https:\/\/digital58.com.ve\/site\/wp-content\/uploads\/2019\/10\/zulia-fc.jpg","contentUrl":"https:\/\/digital58.com.ve\/site\/wp-content\/uploads\/2019\/10\/zulia-fc.jpg","width":800,"height":519},{"@type":"BreadcrumbList","@id":"https:\/\/digital58.com.ve\/site\/2019\/10\/08\/copavenezuela-zulia-fc-arranca-la-defensa-del-titulo\/#breadcrumb","itemListElement":[{"@type":"ListItem","position":1,"name":"Home","item":"https:\/\/digital58.com.ve\/site\/"},{"@type":"ListItem","position":2,"name":"#CopaVenezuela: Zulia FC arranca la defensa del t\u00edtulo"}]},{"@type":"WebSite","@id":"https:\/\/digital58.com.ve\/site\/#website","url":"https:\/\/digital58.com.ve\/site\/","name":"Noticias Digital58","description":"Portal de Noticias \u00a1Periodismo web de verdad! Lanzamiento web 22.11.2005 \/ Maracaibo, Venezuela","publisher":{"@id":"https:\/\/digital58.com.ve\/site\/#\/schema\/person\/64d1c2e4d0d4fd1b849980c4331c2951"},"alternateName":"ND58","potentialAction":[{"@type":"SearchAction","target":{"@type":"EntryPoint","urlTemplate":"https:\/\/digital58.com.ve\/site\/?s={search_term_string}"},"query-input":{"@type":"PropertyValueSpecification","valueRequired":true,"valueName":"search_term_string"}}],"inLanguage":"es"},{"@type":["Person","Organization"],"@id":"https:\/\/digital58.com.ve\/site\/#\/schema\/person\/64d1c2e4d0d4fd1b849980c4331c2951","name":"Villasmil Henry","image":{"@type":"ImageObject","inLanguage":"es","@id":"https:\/\/secure.gravatar.com\/avatar\/bb0c4a2fcb7970138239f7e404ea75757b1b507b28b5ce4c53fbd62d797c5a7c?s=96&d=mm&r=g","url":"https:\/\/secure.gravatar.com\/avatar\/bb0c4a2fcb7970138239f7e404ea75757b1b507b28b5ce4c53fbd62d797c5a7c?s=96&d=mm&r=g","contentUrl":"https:\/\/secure.gravatar.com\/avatar\/bb0c4a2fcb7970138239f7e404ea75757b1b507b28b5ce4c53fbd62d797c5a7c?s=96&d=mm&r=g","caption":"Villasmil Henry"},"logo":{"@id":"https:\/\/secure.gravatar.com\/avatar\/bb0c4a2fcb7970138239f7e404ea75757b1b507b28b5ce4c53fbd62d797c5a7c?s=96&d=mm&r=g"},"sameAs":["http:\/\/www.henryvillasmil.com.ve","https:\/\/www.instagram.com\/villasmilhfoto\/","https:\/\/x.com\/https:\/\/twitter.com\/villasmilhfoto"]},{"@type":"Person","@id":"https:\/\/digital58.com.ve\/site\/#\/schema\/person\/eeb4c5d8eef18e441b7483a2da9e79e8","name":"Karen Ivette Jaimes","image":{"@type":"ImageObject","inLanguage":"es","@id":"https:\/\/secure.gravatar.com\/avatar\/74b4bd4bf849b1844638e281471f623551185d410d6f6179774f2a579958f3b4?s=96&d=mm&r=g","url":"https:\/\/secure.gravatar.com\/avatar\/74b4bd4bf849b1844638e281471f623551185d410d6f6179774f2a579958f3b4?s=96&d=mm&r=g","contentUrl":"https:\/\/secure.gravatar.com\/avatar\/74b4bd4bf849b1844638e281471f623551185d410d6f6179774f2a579958f3b4?s=96&d=mm&r=g","caption":"Karen Ivette Jaimes"},"url":"https:\/\/digital58.com.ve\/site\/author\/eskarenj\/"}]}},"uagb_featured_image_src":{"full":["https:\/\/digital58.com.ve\/site\/wp-content\/uploads\/2019\/10\/zulia-fc.jpg",800,519,false],"thumbnail":["https:\/\/digital58.com.ve\/site\/wp-content\/uploads\/2019\/10\/zulia-fc-150x150.jpg",150,150,true],"medium":["https:\/\/digital58.com.ve\/site\/wp-content\/uploads\/2019\/10\/zulia-fc-300x195.jpg",300,195,true],"medium_large":["https:\/\/digital58.com.ve\/site\/wp-content\/uploads\/2019\/10\/zulia-fc-768x498.jpg",768,498,true],"large":["https:\/\/digital58.com.ve\/site\/wp-content\/uploads\/2019\/10\/zulia-fc-1500x973.jpg",800,519,true],"1536x1536":["https:\/\/digital58.com.ve\/site\/wp-content\/uploads\/2019\/10\/zulia-fc.jpg",800,519,false],"2048x2048":["https:\/\/digital58.com.ve\/site\/wp-content\/uploads\/2019\/10\/zulia-fc.jpg",800,519,false],"colormag-highlighted-post":["https:\/\/digital58.com.ve\/site\/wp-content\/uploads\/2019\/10\/zulia-fc.jpg",392,254,false],"colormag-featured-post-medium":["https:\/\/digital58.com.ve\/site\/wp-content\/uploads\/2019\/10\/zulia-fc.jpg",316,205,false],"colormag-featured-post-small":["https:\/\/digital58.com.ve\/site\/wp-content\/uploads\/2019\/10\/zulia-fc.jpg",130,84,false],"colormag-featured-image":["https:\/\/digital58.com.ve\/site\/wp-content\/uploads\/2019\/10\/zulia-fc.jpg",686,445,false],"colormag-default-news":["https:\/\/digital58.com.ve\/site\/wp-content\/uploads\/2019\/10\/zulia-fc.jpg",150,97,false],"colormag-featured-image-large":["https:\/\/digital58.com.ve\/site\/wp-content\/uploads\/2019\/10\/zulia-fc.jpg",800,519,false]},"uagb_author_info":{"display_name":"Karen Ivette Jaimes","author_link":"https:\/\/digital58.com.ve\/site\/author\/eskarenj\/"},"uagb_comment_info":0,"uagb_excerpt":"&nbsp; \u00a1Ir por todo! Tal como ha sido su filosof\u00eda en los \u00faltimos tres a\u00f1os, siendo campe\u00f3n en dos de","_links":{"self":[{"href":"https:\/\/digital58.com.ve\/site\/wp-json\/wp\/v2\/posts\/87830","targetHints":{"allow":["GET"]}}],"collection":[{"href":"https:\/\/digital58.com.ve\/site\/wp-json\/wp\/v2\/posts"}],"about":[{"href":"https:\/\/digital58.com.ve\/site\/wp-json\/wp\/v2\/types\/post"}],"author":[{"embeddable":true,"href":"https:\/\/digital58.com.ve\/site\/wp-json\/wp\/v2\/users\/21"}],"replies":[{"embeddable":true,"href":"https:\/\/digital58.com.ve\/site\/wp-json\/wp\/v2\/comments?post=87830"}],"version-history":[{"count":0,"href":"https:\/\/digital58.com.ve\/site\/wp-json\/wp\/v2\/posts\/87830\/revisions"}],"wp:featuredmedia":[{"embeddable":true,"href":"https:\/\/digital58.com.ve\/site\/wp-json\/wp\/v2\/media\/87833"}],"wp:attachment":[{"href":"https:\/\/digital58.com.ve\/site\/wp-json\/wp\/v2\/media?parent=87830"}],"wp:term":[{"taxonomy":"category","embeddable":true,"href":"https:\/\/digital58.com.ve\/site\/wp-json\/wp\/v2\/categories?post=87830"},{"taxonomy":"post_tag","embeddable":true,"href":"https:\/\/digital58.com.ve\/site\/wp-json\/wp\/v2\/tags?post=87830"}],"curies":[{"name":"wp","href":"https:\/\/api.w.org\/{rel}","templated":true}]}}