{"id":88932,"date":"2019-11-07T14:39:42","date_gmt":"2019-11-07T18:39:42","guid":{"rendered":"https:\/\/digital58.com.ve\/site\/?p=88932"},"modified":"2019-11-07T14:48:52","modified_gmt":"2019-11-07T18:48:52","slug":"zuliana-representara-a-venezuela-en-el-prince-princess-international-en-tailandia","status":"publish","type":"post","link":"https:\/\/digital58.com.ve\/site\/2019\/11\/07\/zuliana-representara-a-venezuela-en-el-prince-princess-international-en-tailandia\/","title":{"rendered":"Zuliana representar\u00e1 a Venezuela en el Prince &#038; Princess International en Tailandia"},"content":{"rendered":"<p><a href=\"https:\/\/digital58.com.ve\/site\/wp-content\/uploads\/2019\/11\/valentina.jpg\"><img loading=\"lazy\" decoding=\"async\" class=\"aligncenter size-full wp-image-88935\" src=\"https:\/\/digital58.com.ve\/site\/wp-content\/uploads\/2019\/11\/valentina.jpg\" alt=\"\" width=\"1304\" height=\"900\" srcset=\"https:\/\/digital58.com.ve\/site\/wp-content\/uploads\/2019\/11\/valentina.jpg 800w, https:\/\/digital58.com.ve\/site\/wp-content\/uploads\/2019\/11\/valentina-300x207.jpg 300w, https:\/\/digital58.com.ve\/site\/wp-content\/uploads\/2019\/11\/valentina-768x530.jpg 768w\" sizes=\"auto, (max-width: 1304px) 100vw, 1304px\" \/><\/a><br \/>\nLa modelo de seis a\u00f1os de edad, Valentina Paola Bosc\u00e1n (@valentina.boscan), representar\u00e1 a Venezuela en el certamen Prince &amp; Princess International (@ppi_official), a realizarse en Chiang Mai, Tailandia, entre el 12 y el 18 de noviembre.<\/p>\n<p><strong>Maracaibo, Zulia, Venezuela, 07 de noviembre de 2019 (Noticias D58).-<\/strong> La maracaibera tiene como pasatiempos; modelar, bailar, gimnasia, hacer <em>slime<\/em> y jugar con sus amigas. Adem\u00e1s, practica el tenis, nataci\u00f3n y le gusta el arte.<\/p>\n<p>Valentina, estudiante del primer grado, concursar\u00e1 en la categor\u00eda Miss Mini del concurso internacional m\u00e1s importante para las ni\u00f1as, donde estar\u00e1n presente candidatas de Europa, Asia Norteam\u00e9rica y Am\u00e9rica Latina, en lo que ser\u00e1 un intercambio de culturas y conocimientos.<\/p>\n<p>En julio del 2017, tras ganar en el Mini World Venezuela, Valentina Bosc\u00e1n se coron\u00f3 en Rep\u00fablica Dominicana como Baby World 2018 en el certamen Mini World International, entregando este a\u00f1o 2019 la corona en el pa\u00eds caribe\u00f1o a su sucesora.<\/p>\n<p><a href=\"https:\/\/digital58.com.ve\/site\/wp-content\/uploads\/2019\/11\/valentina-2.jpg\"><img loading=\"lazy\" decoding=\"async\" class=\"aligncenter size-full wp-image-88934\" src=\"https:\/\/digital58.com.ve\/site\/wp-content\/uploads\/2019\/11\/valentina-2.jpg\" alt=\"\" width=\"1133\" height=\"863\" srcset=\"https:\/\/digital58.com.ve\/site\/wp-content\/uploads\/2019\/11\/valentina-2.jpg 788w, https:\/\/digital58.com.ve\/site\/wp-content\/uploads\/2019\/11\/valentina-2-300x229.jpg 300w, https:\/\/digital58.com.ve\/site\/wp-content\/uploads\/2019\/11\/valentina-2-768x585.jpg 768w\" sizes=\"auto, (max-width: 1133px) 100vw, 1133px\" \/><\/a><\/p>\n<p>\u00abQuiero que viva la experiencia y que la disfrute al m\u00e1ximo, pero su principal objetivo es representar a Venezuela y dejarla muy en alto. Ya ir a representar a su pa\u00eds es un triunfo (\u2026) Esto despertar\u00e1 a\u00fan m\u00e1s las ganas de seguir adelante y comerse el mundo\u00bb, coment\u00f3 Paola G\u00f3mez, madre de Valentina.<\/p>\n<p>La ni\u00f1a zuliana es enviada por la organizaci\u00f3n Prince &amp; Princess Venezuela, con la preparaci\u00f3n para la prueba de talento de Carlos P\u00e9rez, core\u00f3grafo y bailar\u00edn; estilismo de Renato Melean y Thais Galu\u00e9, vestuario (manta wayuu y liqui liqui) de Nervin Gonz\u00e1lez, vestuario de gala por parte de Carlos Brice\u00f1o y el apoyo incondicional de sus representantes.<\/p>\n<p>Sigue los pasos de Valentina Bosc\u00e1n y ap\u00f3yala en el concurso internacional a trav\u00e9s de los Instagram @valentina.boscan @princessvzla y @ppi_official.<\/p>\n<p><strong>Redacci\u00f3n: Jes\u00fas Paz<\/strong><br \/>\n<strong>Edici\u00f3n: Villasmil, Henry<\/strong><br \/>\n<strong>Gr\u00e1ficas: cortes\u00eda<\/strong><\/p><div class=\"drgie69efa55814382\" ><p style=\"text-align: center;\"><a href=\"https:\/\/t.me\/noticiasdigital58\" target=\"_blank\" rel=\"noopener\"><img class=\"aligncenter size-full wp-image-125363\" src=\"https:\/\/digital58.com.ve\/site\/wp-content\/uploads\/2021\/04\/banner-telegram-web-2021.png\" alt=\"\" width=\"600\" height=\"90\" \/><\/a><\/p><\/div><style type=\"text\/css\">\r\n@media screen and (min-width: 1201px) {\r\n.drgie69efa55814382 {\r\ndisplay: block;\r\n}\r\n}\r\n@media screen and (min-width: 993px) and (max-width: 1200px) {\r\n.drgie69efa55814382 {\r\ndisplay: block;\r\n}\r\n}\r\n@media screen and (min-width: 769px) and (max-width: 992px) {\r\n.drgie69efa55814382 {\r\ndisplay: block;\r\n}\r\n}\r\n@media screen and (min-width: 768px) and (max-width: 768px) {\r\n.drgie69efa55814382 {\r\ndisplay: block;\r\n}\r\n}\r\n@media screen and (max-width: 767px) {\r\n.drgie69efa55814382 {\r\ndisplay: block;\r\n}\r\n}\r\n<\/style>\r\n\n<p><a href=\"https:\/\/digital58.com.ve\/site\/wp-content\/uploads\/2019\/11\/valentina-3.jpg\"><img loading=\"lazy\" decoding=\"async\" class=\"aligncenter size-large wp-image-88933\" src=\"https:\/\/digital58.com.ve\/site\/wp-content\/uploads\/2019\/11\/valentina-3-990x1024.jpg\" alt=\"\" width=\"640\" height=\"662\" srcset=\"https:\/\/digital58.com.ve\/site\/wp-content\/uploads\/2019\/11\/valentina-3-990x1024.jpg 990w, https:\/\/digital58.com.ve\/site\/wp-content\/uploads\/2019\/11\/valentina-3-290x300.jpg 290w, https:\/\/digital58.com.ve\/site\/wp-content\/uploads\/2019\/11\/valentina-3-768x795.jpg 768w, https:\/\/digital58.com.ve\/site\/wp-content\/uploads\/2019\/11\/valentina-3.jpg 580w\" sizes=\"auto, (max-width: 640px) 100vw, 640px\" \/><\/a><\/p>\n<div style=\"margin-top: 0px; margin-bottom: 0px;\" class=\"sharethis-inline-share-buttons\" ><\/div>","protected":false},"excerpt":{"rendered":"<p>La modelo de seis a\u00f1os de edad, Valentina Paola Bosc\u00e1n (@valentina.boscan), representar\u00e1 a Venezuela en el certamen Prince &amp; Princess<\/p>\n","protected":false},"author":1,"featured_media":88933,"comment_status":"open","ping_status":"closed","sticky":false,"template":"","format":"standard","meta":{"colormag_page_container_layout":"default_layout","colormag_page_sidebar_layout":"default_layout","_uag_custom_page_level_css":"","footnotes":""},"categories":[1],"tags":[11491,12877,12876,12875,11488],"class_list":["post-88932","post","type-post","status-publish","format-standard","has-post-thumbnail","hentry","category-fama","tag-concursos-infantiles","tag-miss-mini","tag-prince-princess-international","tag-prince-princess-venezuela","tag-valentina-boscan"],"yoast_head":"<!-- This site is optimized with the Yoast SEO plugin v27.4 - https:\/\/yoast.com\/product\/yoast-seo-wordpress\/ -->\n<title>Zuliana representar\u00e1 a Venezuela en el Prince &amp; Princess International en Tailandia<\/title>\n<meta name=\"description\" content=\"Fama\" \/>\n<meta name=\"robots\" content=\"index, follow, max-snippet:-1, max-image-preview:large, max-video-preview:-1\" \/>\n<link rel=\"canonical\" href=\"https:\/\/digital58.com.ve\/site\/2019\/11\/07\/zuliana-representara-a-venezuela-en-el-prince-princess-international-en-tailandia\/\" \/>\n<meta property=\"og:locale\" content=\"es_ES\" \/>\n<meta property=\"og:type\" content=\"article\" \/>\n<meta property=\"og:title\" content=\"Zuliana representar\u00e1 a Venezuela en el Prince &amp; Princess International en Tailandia\" \/>\n<meta property=\"og:description\" content=\"Fama\" \/>\n<meta property=\"og:url\" content=\"https:\/\/digital58.com.ve\/site\/2019\/11\/07\/zuliana-representara-a-venezuela-en-el-prince-princess-international-en-tailandia\/\" \/>\n<meta property=\"og:site_name\" content=\"Noticias Digital58\" \/>\n<meta property=\"article:published_time\" content=\"2019-11-07T18:39:42+00:00\" \/>\n<meta property=\"article:modified_time\" content=\"2019-11-07T18:48:52+00:00\" \/>\n<meta property=\"og:image\" content=\"https:\/\/digital58.com.ve\/site\/wp-content\/uploads\/2019\/11\/valentina-3.jpg\" \/>\n\t<meta property=\"og:image:width\" content=\"1500\" \/>\n\t<meta property=\"og:image:height\" content=\"1552\" \/>\n\t<meta property=\"og:image:type\" content=\"image\/jpeg\" \/>\n<meta name=\"author\" content=\"Villasmil Henry\" \/>\n<meta name=\"twitter:card\" content=\"summary_large_image\" \/>\n<meta name=\"twitter:creator\" content=\"@https:\/\/twitter.com\/villasmilhfoto\" \/>\n<meta name=\"twitter:site\" content=\"@villasmilhfoto\" \/>\n<meta name=\"twitter:label1\" content=\"Escrito por\" \/>\n\t<meta name=\"twitter:data1\" content=\"Villasmil Henry\" \/>\n\t<meta name=\"twitter:label2\" content=\"Tiempo estimado de lectura\" \/>\n\t<meta name=\"twitter:data2\" content=\"2 minutos\" \/>\n<script type=\"application\/ld+json\" class=\"yoast-schema-graph\">{\"@context\":\"https:\\\/\\\/schema.org\",\"@graph\":[{\"@type\":\"Article\",\"@id\":\"https:\\\/\\\/digital58.com.ve\\\/site\\\/2019\\\/11\\\/07\\\/zuliana-representara-a-venezuela-en-el-prince-princess-international-en-tailandia\\\/#article\",\"isPartOf\":{\"@id\":\"https:\\\/\\\/digital58.com.ve\\\/site\\\/2019\\\/11\\\/07\\\/zuliana-representara-a-venezuela-en-el-prince-princess-international-en-tailandia\\\/\"},\"author\":{\"name\":\"Villasmil Henry\",\"@id\":\"https:\\\/\\\/digital58.com.ve\\\/site\\\/#\\\/schema\\\/person\\\/64d1c2e4d0d4fd1b849980c4331c2951\"},\"headline\":\"Zuliana representar\u00e1 a Venezuela en el Prince &#038; Princess International en Tailandia\",\"datePublished\":\"2019-11-07T18:39:42+00:00\",\"dateModified\":\"2019-11-07T18:48:52+00:00\",\"mainEntityOfPage\":{\"@id\":\"https:\\\/\\\/digital58.com.ve\\\/site\\\/2019\\\/11\\\/07\\\/zuliana-representara-a-venezuela-en-el-prince-princess-international-en-tailandia\\\/\"},\"wordCount\":336,\"commentCount\":0,\"publisher\":{\"@id\":\"https:\\\/\\\/digital58.com.ve\\\/site\\\/#\\\/schema\\\/person\\\/64d1c2e4d0d4fd1b849980c4331c2951\"},\"image\":{\"@id\":\"https:\\\/\\\/digital58.com.ve\\\/site\\\/2019\\\/11\\\/07\\\/zuliana-representara-a-venezuela-en-el-prince-princess-international-en-tailandia\\\/#primaryimage\"},\"thumbnailUrl\":\"https:\\\/\\\/digital58.com.ve\\\/site\\\/wp-content\\\/uploads\\\/2019\\\/11\\\/valentina-3.jpg\",\"keywords\":[\"Concursos Infantiles\",\"Miss Mini\",\"Prince &amp; Princess International\",\"Prince &amp; Princess Venezuela\",\"Valentina Bosc\u00e1n\"],\"articleSection\":[\"Fama\"],\"inLanguage\":\"es\",\"potentialAction\":[{\"@type\":\"CommentAction\",\"name\":\"Comment\",\"target\":[\"https:\\\/\\\/digital58.com.ve\\\/site\\\/2019\\\/11\\\/07\\\/zuliana-representara-a-venezuela-en-el-prince-princess-international-en-tailandia\\\/#respond\"]}]},{\"@type\":\"WebPage\",\"@id\":\"https:\\\/\\\/digital58.com.ve\\\/site\\\/2019\\\/11\\\/07\\\/zuliana-representara-a-venezuela-en-el-prince-princess-international-en-tailandia\\\/\",\"url\":\"https:\\\/\\\/digital58.com.ve\\\/site\\\/2019\\\/11\\\/07\\\/zuliana-representara-a-venezuela-en-el-prince-princess-international-en-tailandia\\\/\",\"name\":\"Zuliana representar\u00e1 a Venezuela en el Prince & Princess International en Tailandia\",\"isPartOf\":{\"@id\":\"https:\\\/\\\/digital58.com.ve\\\/site\\\/#website\"},\"primaryImageOfPage\":{\"@id\":\"https:\\\/\\\/digital58.com.ve\\\/site\\\/2019\\\/11\\\/07\\\/zuliana-representara-a-venezuela-en-el-prince-princess-international-en-tailandia\\\/#primaryimage\"},\"image\":{\"@id\":\"https:\\\/\\\/digital58.com.ve\\\/site\\\/2019\\\/11\\\/07\\\/zuliana-representara-a-venezuela-en-el-prince-princess-international-en-tailandia\\\/#primaryimage\"},\"thumbnailUrl\":\"https:\\\/\\\/digital58.com.ve\\\/site\\\/wp-content\\\/uploads\\\/2019\\\/11\\\/valentina-3.jpg\",\"datePublished\":\"2019-11-07T18:39:42+00:00\",\"dateModified\":\"2019-11-07T18:48:52+00:00\",\"description\":\"Fama\",\"breadcrumb\":{\"@id\":\"https:\\\/\\\/digital58.com.ve\\\/site\\\/2019\\\/11\\\/07\\\/zuliana-representara-a-venezuela-en-el-prince-princess-international-en-tailandia\\\/#breadcrumb\"},\"inLanguage\":\"es\",\"potentialAction\":[{\"@type\":\"ReadAction\",\"target\":[\"https:\\\/\\\/digital58.com.ve\\\/site\\\/2019\\\/11\\\/07\\\/zuliana-representara-a-venezuela-en-el-prince-princess-international-en-tailandia\\\/\"]}]},{\"@type\":\"ImageObject\",\"inLanguage\":\"es\",\"@id\":\"https:\\\/\\\/digital58.com.ve\\\/site\\\/2019\\\/11\\\/07\\\/zuliana-representara-a-venezuela-en-el-prince-princess-international-en-tailandia\\\/#primaryimage\",\"url\":\"https:\\\/\\\/digital58.com.ve\\\/site\\\/wp-content\\\/uploads\\\/2019\\\/11\\\/valentina-3.jpg\",\"contentUrl\":\"https:\\\/\\\/digital58.com.ve\\\/site\\\/wp-content\\\/uploads\\\/2019\\\/11\\\/valentina-3.jpg\",\"width\":580,\"height\":600},{\"@type\":\"BreadcrumbList\",\"@id\":\"https:\\\/\\\/digital58.com.ve\\\/site\\\/2019\\\/11\\\/07\\\/zuliana-representara-a-venezuela-en-el-prince-princess-international-en-tailandia\\\/#breadcrumb\",\"itemListElement\":[{\"@type\":\"ListItem\",\"position\":1,\"name\":\"Home\",\"item\":\"https:\\\/\\\/digital58.com.ve\\\/site\\\/\"},{\"@type\":\"ListItem\",\"position\":2,\"name\":\"Zuliana representar\u00e1 a Venezuela en el Prince &#038; Princess International en Tailandia\"}]},{\"@type\":\"WebSite\",\"@id\":\"https:\\\/\\\/digital58.com.ve\\\/site\\\/#website\",\"url\":\"https:\\\/\\\/digital58.com.ve\\\/site\\\/\",\"name\":\"Noticias Digital58\",\"description\":\"Portal de Noticias \u00a1Periodismo web de verdad! Lanzamiento web 22.11.2005 \\\/ Maracaibo, Venezuela\",\"publisher\":{\"@id\":\"https:\\\/\\\/digital58.com.ve\\\/site\\\/#\\\/schema\\\/person\\\/64d1c2e4d0d4fd1b849980c4331c2951\"},\"alternateName\":\"ND58\",\"potentialAction\":[{\"@type\":\"SearchAction\",\"target\":{\"@type\":\"EntryPoint\",\"urlTemplate\":\"https:\\\/\\\/digital58.com.ve\\\/site\\\/?s={search_term_string}\"},\"query-input\":{\"@type\":\"PropertyValueSpecification\",\"valueRequired\":true,\"valueName\":\"search_term_string\"}}],\"inLanguage\":\"es\"},{\"@type\":[\"Person\",\"Organization\"],\"@id\":\"https:\\\/\\\/digital58.com.ve\\\/site\\\/#\\\/schema\\\/person\\\/64d1c2e4d0d4fd1b849980c4331c2951\",\"name\":\"Villasmil Henry\",\"image\":{\"@type\":\"ImageObject\",\"inLanguage\":\"es\",\"@id\":\"https:\\\/\\\/secure.gravatar.com\\\/avatar\\\/bb0c4a2fcb7970138239f7e404ea75757b1b507b28b5ce4c53fbd62d797c5a7c?s=96&d=mm&r=g\",\"url\":\"https:\\\/\\\/secure.gravatar.com\\\/avatar\\\/bb0c4a2fcb7970138239f7e404ea75757b1b507b28b5ce4c53fbd62d797c5a7c?s=96&d=mm&r=g\",\"contentUrl\":\"https:\\\/\\\/secure.gravatar.com\\\/avatar\\\/bb0c4a2fcb7970138239f7e404ea75757b1b507b28b5ce4c53fbd62d797c5a7c?s=96&d=mm&r=g\",\"caption\":\"Villasmil Henry\"},\"logo\":{\"@id\":\"https:\\\/\\\/secure.gravatar.com\\\/avatar\\\/bb0c4a2fcb7970138239f7e404ea75757b1b507b28b5ce4c53fbd62d797c5a7c?s=96&d=mm&r=g\"},\"sameAs\":[\"http:\\\/\\\/www.henryvillasmil.com.ve\",\"https:\\\/\\\/www.instagram.com\\\/villasmilhfoto\\\/\",\"https:\\\/\\\/x.com\\\/https:\\\/\\\/twitter.com\\\/villasmilhfoto\"],\"url\":\"https:\\\/\\\/digital58.com.ve\\\/site\\\/author\\\/droopy_68\\\/\"}]}<\/script>\n<!-- \/ Yoast SEO plugin. -->","yoast_head_json":{"title":"Zuliana representar\u00e1 a Venezuela en el Prince & Princess International en Tailandia","description":"Fama","robots":{"index":"index","follow":"follow","max-snippet":"max-snippet:-1","max-image-preview":"max-image-preview:large","max-video-preview":"max-video-preview:-1"},"canonical":"https:\/\/digital58.com.ve\/site\/2019\/11\/07\/zuliana-representara-a-venezuela-en-el-prince-princess-international-en-tailandia\/","og_locale":"es_ES","og_type":"article","og_title":"Zuliana representar\u00e1 a Venezuela en el Prince & Princess International en Tailandia","og_description":"Fama","og_url":"https:\/\/digital58.com.ve\/site\/2019\/11\/07\/zuliana-representara-a-venezuela-en-el-prince-princess-international-en-tailandia\/","og_site_name":"Noticias Digital58","article_published_time":"2019-11-07T18:39:42+00:00","article_modified_time":"2019-11-07T18:48:52+00:00","og_image":[{"width":1500,"height":1552,"url":"https:\/\/digital58.com.ve\/site\/wp-content\/uploads\/2019\/11\/valentina-3.jpg","type":"image\/jpeg"}],"author":"Villasmil Henry","twitter_card":"summary_large_image","twitter_creator":"@https:\/\/twitter.com\/villasmilhfoto","twitter_site":"@villasmilhfoto","twitter_misc":{"Escrito por":"Villasmil Henry","Tiempo estimado de lectura":"2 minutos"},"schema":{"@context":"https:\/\/schema.org","@graph":[{"@type":"Article","@id":"https:\/\/digital58.com.ve\/site\/2019\/11\/07\/zuliana-representara-a-venezuela-en-el-prince-princess-international-en-tailandia\/#article","isPartOf":{"@id":"https:\/\/digital58.com.ve\/site\/2019\/11\/07\/zuliana-representara-a-venezuela-en-el-prince-princess-international-en-tailandia\/"},"author":{"name":"Villasmil Henry","@id":"https:\/\/digital58.com.ve\/site\/#\/schema\/person\/64d1c2e4d0d4fd1b849980c4331c2951"},"headline":"Zuliana representar\u00e1 a Venezuela en el Prince &#038; Princess International en Tailandia","datePublished":"2019-11-07T18:39:42+00:00","dateModified":"2019-11-07T18:48:52+00:00","mainEntityOfPage":{"@id":"https:\/\/digital58.com.ve\/site\/2019\/11\/07\/zuliana-representara-a-venezuela-en-el-prince-princess-international-en-tailandia\/"},"wordCount":336,"commentCount":0,"publisher":{"@id":"https:\/\/digital58.com.ve\/site\/#\/schema\/person\/64d1c2e4d0d4fd1b849980c4331c2951"},"image":{"@id":"https:\/\/digital58.com.ve\/site\/2019\/11\/07\/zuliana-representara-a-venezuela-en-el-prince-princess-international-en-tailandia\/#primaryimage"},"thumbnailUrl":"https:\/\/digital58.com.ve\/site\/wp-content\/uploads\/2019\/11\/valentina-3.jpg","keywords":["Concursos Infantiles","Miss Mini","Prince &amp; Princess International","Prince &amp; Princess Venezuela","Valentina Bosc\u00e1n"],"articleSection":["Fama"],"inLanguage":"es","potentialAction":[{"@type":"CommentAction","name":"Comment","target":["https:\/\/digital58.com.ve\/site\/2019\/11\/07\/zuliana-representara-a-venezuela-en-el-prince-princess-international-en-tailandia\/#respond"]}]},{"@type":"WebPage","@id":"https:\/\/digital58.com.ve\/site\/2019\/11\/07\/zuliana-representara-a-venezuela-en-el-prince-princess-international-en-tailandia\/","url":"https:\/\/digital58.com.ve\/site\/2019\/11\/07\/zuliana-representara-a-venezuela-en-el-prince-princess-international-en-tailandia\/","name":"Zuliana representar\u00e1 a Venezuela en el Prince & Princess International en Tailandia","isPartOf":{"@id":"https:\/\/digital58.com.ve\/site\/#website"},"primaryImageOfPage":{"@id":"https:\/\/digital58.com.ve\/site\/2019\/11\/07\/zuliana-representara-a-venezuela-en-el-prince-princess-international-en-tailandia\/#primaryimage"},"image":{"@id":"https:\/\/digital58.com.ve\/site\/2019\/11\/07\/zuliana-representara-a-venezuela-en-el-prince-princess-international-en-tailandia\/#primaryimage"},"thumbnailUrl":"https:\/\/digital58.com.ve\/site\/wp-content\/uploads\/2019\/11\/valentina-3.jpg","datePublished":"2019-11-07T18:39:42+00:00","dateModified":"2019-11-07T18:48:52+00:00","description":"Fama","breadcrumb":{"@id":"https:\/\/digital58.com.ve\/site\/2019\/11\/07\/zuliana-representara-a-venezuela-en-el-prince-princess-international-en-tailandia\/#breadcrumb"},"inLanguage":"es","potentialAction":[{"@type":"ReadAction","target":["https:\/\/digital58.com.ve\/site\/2019\/11\/07\/zuliana-representara-a-venezuela-en-el-prince-princess-international-en-tailandia\/"]}]},{"@type":"ImageObject","inLanguage":"es","@id":"https:\/\/digital58.com.ve\/site\/2019\/11\/07\/zuliana-representara-a-venezuela-en-el-prince-princess-international-en-tailandia\/#primaryimage","url":"https:\/\/digital58.com.ve\/site\/wp-content\/uploads\/2019\/11\/valentina-3.jpg","contentUrl":"https:\/\/digital58.com.ve\/site\/wp-content\/uploads\/2019\/11\/valentina-3.jpg","width":580,"height":600},{"@type":"BreadcrumbList","@id":"https:\/\/digital58.com.ve\/site\/2019\/11\/07\/zuliana-representara-a-venezuela-en-el-prince-princess-international-en-tailandia\/#breadcrumb","itemListElement":[{"@type":"ListItem","position":1,"name":"Home","item":"https:\/\/digital58.com.ve\/site\/"},{"@type":"ListItem","position":2,"name":"Zuliana representar\u00e1 a Venezuela en el Prince &#038; Princess International en Tailandia"}]},{"@type":"WebSite","@id":"https:\/\/digital58.com.ve\/site\/#website","url":"https:\/\/digital58.com.ve\/site\/","name":"Noticias Digital58","description":"Portal de Noticias \u00a1Periodismo web de verdad! Lanzamiento web 22.11.2005 \/ Maracaibo, Venezuela","publisher":{"@id":"https:\/\/digital58.com.ve\/site\/#\/schema\/person\/64d1c2e4d0d4fd1b849980c4331c2951"},"alternateName":"ND58","potentialAction":[{"@type":"SearchAction","target":{"@type":"EntryPoint","urlTemplate":"https:\/\/digital58.com.ve\/site\/?s={search_term_string}"},"query-input":{"@type":"PropertyValueSpecification","valueRequired":true,"valueName":"search_term_string"}}],"inLanguage":"es"},{"@type":["Person","Organization"],"@id":"https:\/\/digital58.com.ve\/site\/#\/schema\/person\/64d1c2e4d0d4fd1b849980c4331c2951","name":"Villasmil Henry","image":{"@type":"ImageObject","inLanguage":"es","@id":"https:\/\/secure.gravatar.com\/avatar\/bb0c4a2fcb7970138239f7e404ea75757b1b507b28b5ce4c53fbd62d797c5a7c?s=96&d=mm&r=g","url":"https:\/\/secure.gravatar.com\/avatar\/bb0c4a2fcb7970138239f7e404ea75757b1b507b28b5ce4c53fbd62d797c5a7c?s=96&d=mm&r=g","contentUrl":"https:\/\/secure.gravatar.com\/avatar\/bb0c4a2fcb7970138239f7e404ea75757b1b507b28b5ce4c53fbd62d797c5a7c?s=96&d=mm&r=g","caption":"Villasmil Henry"},"logo":{"@id":"https:\/\/secure.gravatar.com\/avatar\/bb0c4a2fcb7970138239f7e404ea75757b1b507b28b5ce4c53fbd62d797c5a7c?s=96&d=mm&r=g"},"sameAs":["http:\/\/www.henryvillasmil.com.ve","https:\/\/www.instagram.com\/villasmilhfoto\/","https:\/\/x.com\/https:\/\/twitter.com\/villasmilhfoto"],"url":"https:\/\/digital58.com.ve\/site\/author\/droopy_68\/"}]}},"uagb_featured_image_src":{"full":["https:\/\/digital58.com.ve\/site\/wp-content\/uploads\/2019\/11\/valentina-3.jpg",580,600,false],"thumbnail":["https:\/\/digital58.com.ve\/site\/wp-content\/uploads\/2019\/11\/valentina-3-150x150.jpg",150,150,true],"medium":["https:\/\/digital58.com.ve\/site\/wp-content\/uploads\/2019\/11\/valentina-3-290x300.jpg",290,300,true],"medium_large":["https:\/\/digital58.com.ve\/site\/wp-content\/uploads\/2019\/11\/valentina-3-768x795.jpg",768,795,true],"large":["https:\/\/digital58.com.ve\/site\/wp-content\/uploads\/2019\/11\/valentina-3-990x1024.jpg",800,827,true],"1536x1536":["https:\/\/digital58.com.ve\/site\/wp-content\/uploads\/2019\/11\/valentina-3.jpg",580,600,false],"2048x2048":["https:\/\/digital58.com.ve\/site\/wp-content\/uploads\/2019\/11\/valentina-3.jpg",580,600,false],"colormag-highlighted-post":["https:\/\/digital58.com.ve\/site\/wp-content\/uploads\/2019\/11\/valentina-3.jpg",263,272,false],"colormag-featured-post-medium":["https:\/\/digital58.com.ve\/site\/wp-content\/uploads\/2019\/11\/valentina-3.jpg",198,205,false],"colormag-featured-post-small":["https:\/\/digital58.com.ve\/site\/wp-content\/uploads\/2019\/11\/valentina-3.jpg",87,90,false],"colormag-featured-image":["https:\/\/digital58.com.ve\/site\/wp-content\/uploads\/2019\/11\/valentina-3.jpg",430,445,false],"colormag-default-news":["https:\/\/digital58.com.ve\/site\/wp-content\/uploads\/2019\/11\/valentina-3.jpg",145,150,false],"colormag-featured-image-large":["https:\/\/digital58.com.ve\/site\/wp-content\/uploads\/2019\/11\/valentina-3.jpg",580,600,false]},"uagb_author_info":{"display_name":"Villasmil Henry","author_link":"https:\/\/digital58.com.ve\/site\/author\/droopy_68\/"},"uagb_comment_info":0,"uagb_excerpt":"La modelo de seis a\u00f1os de edad, Valentina Paola Bosc\u00e1n (@valentina.boscan), representar\u00e1 a Venezuela en el certamen Prince &amp; Princess","_links":{"self":[{"href":"https:\/\/digital58.com.ve\/site\/wp-json\/wp\/v2\/posts\/88932","targetHints":{"allow":["GET"]}}],"collection":[{"href":"https:\/\/digital58.com.ve\/site\/wp-json\/wp\/v2\/posts"}],"about":[{"href":"https:\/\/digital58.com.ve\/site\/wp-json\/wp\/v2\/types\/post"}],"author":[{"embeddable":true,"href":"https:\/\/digital58.com.ve\/site\/wp-json\/wp\/v2\/users\/1"}],"replies":[{"embeddable":true,"href":"https:\/\/digital58.com.ve\/site\/wp-json\/wp\/v2\/comments?post=88932"}],"version-history":[{"count":0,"href":"https:\/\/digital58.com.ve\/site\/wp-json\/wp\/v2\/posts\/88932\/revisions"}],"wp:featuredmedia":[{"embeddable":true,"href":"https:\/\/digital58.com.ve\/site\/wp-json\/wp\/v2\/media\/88933"}],"wp:attachment":[{"href":"https:\/\/digital58.com.ve\/site\/wp-json\/wp\/v2\/media?parent=88932"}],"wp:term":[{"taxonomy":"category","embeddable":true,"href":"https:\/\/digital58.com.ve\/site\/wp-json\/wp\/v2\/categories?post=88932"},{"taxonomy":"post_tag","embeddable":true,"href":"https:\/\/digital58.com.ve\/site\/wp-json\/wp\/v2\/tags?post=88932"}],"curies":[{"name":"wp","href":"https:\/\/api.w.org\/{rel}","templated":true}]}}