{"id":89382,"date":"2019-11-21T13:16:05","date_gmt":"2019-11-21T17:16:05","guid":{"rendered":"https:\/\/digital58.com.ve\/site\/?p=89382"},"modified":"2019-11-21T13:16:05","modified_gmt":"2019-11-21T17:16:05","slug":"mclaren-revela-su-nuevo-auto-deportivo-elva-y-no-tiene-techo-ni-parabrisas","status":"publish","type":"post","link":"https:\/\/digital58.com.ve\/site\/2019\/11\/21\/mclaren-revela-su-nuevo-auto-deportivo-elva-y-no-tiene-techo-ni-parabrisas\/","title":{"rendered":"McLaren revela su nuevo auto deportivo \u00abElva\u00bb, y no tiene techo ni parabrisas"},"content":{"rendered":"<p><a href=\"https:\/\/digital58.com.ve\/site\/wp-content\/uploads\/2019\/11\/mclaren-elva-auto-sin-parabrisas-www.laguiadelvaron-1.jpg\"><img loading=\"lazy\" decoding=\"async\" class=\"aligncenter size-full wp-image-89384\" src=\"https:\/\/digital58.com.ve\/site\/wp-content\/uploads\/2019\/11\/mclaren-elva-auto-sin-parabrisas-www.laguiadelvaron-1.jpg\" alt=\"\" width=\"595\" height=\"394\" srcset=\"https:\/\/digital58.com.ve\/site\/wp-content\/uploads\/2019\/11\/mclaren-elva-auto-sin-parabrisas-www.laguiadelvaron-1.jpg 595w, https:\/\/digital58.com.ve\/site\/wp-content\/uploads\/2019\/11\/mclaren-elva-auto-sin-parabrisas-www.laguiadelvaron-1-300x199.jpg 300w\" sizes=\"auto, (max-width: 595px) 100vw, 595px\" \/><\/a><\/p>\n<p>Estamos en una era dorada de la industria automotriz porque los avances de la tecnolog\u00eda est\u00e1n permitiendo que el dise\u00f1o de los autos pueda atreverse a grandes cambios y hacer cosas muy incre\u00edbles que parecen venir del futuro. La compa\u00f1\u00eda de autos brit\u00e1nica McLaren nos ha transmitido estupendos autos desde su fundaci\u00f3n ya hace m\u00e1s de 50 abriles, pero esta vez se superaron a s\u00ed mismos lanzando un carro que no lleva techo, pero no es un convertible, y gracias a su dise\u00f1o ni siquiera necesita parabrisas.<\/p>\n<p><strong>Maracaibo, Zulia, Venezuela, 21 de octubre de 2019 (Noticias D58).-<\/strong> McLaren solamente fabricar\u00e1 399 unidades del \u00abElva\u00bb, su precio original de dispersi\u00f3n ser\u00e1 de 1.5 millones de d\u00f3lares y comenzar\u00e1 a venderse a finales del pr\u00f3ximo 2020.<\/p>\n<p>\u00abMcLaren Elva\u00bb es el nuevo descapotable que cuenta con un \u00absistema activo de gesti\u00f3n del aire\u00bb que crea una especie de burbuja en la parte superior del coche y expulsa el rumbo fuera de la cabina del conductor y el pasajero.<\/p>\n<p>Cuando el \u00abElva\u00bb corre a menos de 40 kil\u00f3metros por hora el garbo viaja alrededor de los radiadores para aumentar la potencia del motor y enfr\u00eda el radiador. Pero al aumentar la velocidad, el flujo de \u00e9ter se re dirige cerca de fuera y alrededor de en lo alto de la cubierta anterior delante de los ocupantes, creando una burbuja relativamente tranquila de espacio.<\/p>\n<p>El dise\u00f1o aerodin\u00e1mico de este coche hace que el mismo viento que entra al transporte act\u00fae como escudo contra el singladura. Adicionalmente, est\u00e1 equipado con un motor V8 turbocargado que le permite desarrollar 804 caballos de fuerza y acelerar de cero a 100 kil\u00f3metros, en solo tres segundos.<\/p>\n<p><a href=\"https:\/\/digital58.com.ve\/site\/wp-content\/uploads\/2019\/11\/mclaren-elva-auto-sin-parabrisas-www.laguiadelvaron-4.jpg\"><img loading=\"lazy\" decoding=\"async\" class=\"aligncenter size-full wp-image-89383\" src=\"https:\/\/digital58.com.ve\/site\/wp-content\/uploads\/2019\/11\/mclaren-elva-auto-sin-parabrisas-www.laguiadelvaron-4.jpg\" alt=\"\" width=\"595\" height=\"394\" srcset=\"https:\/\/digital58.com.ve\/site\/wp-content\/uploads\/2019\/11\/mclaren-elva-auto-sin-parabrisas-www.laguiadelvaron-4.jpg 595w, https:\/\/digital58.com.ve\/site\/wp-content\/uploads\/2019\/11\/mclaren-elva-auto-sin-parabrisas-www.laguiadelvaron-4-300x199.jpg 300w\" sizes=\"auto, (max-width: 595px) 100vw, 595px\" \/><\/a><\/p>\n<p>Si se est\u00e1n preguntando por la seguridad, McLaren todav\u00eda pens\u00f3 qu\u00e9 pasar\u00eda si por percance este carro se vuelca. Este ingenioso coche cuenta con un sistema de seguridad de barras met\u00e1licas que salen por detr\u00e1s de los asientos para proteger a los ocupantes cuando se detecta un choque o una posible volcadura.<\/p>\n<p>El futuro de los superdeportivos de abundancia es hoy y este asombroso autom\u00f3vil nos demuestra que la ciencia ficci\u00f3n de los coches ya es una incre\u00edble efectividad.<\/p><div class=\"reidp69f4ff0e8993c\" ><p style=\"text-align: center;\"><a href=\"https:\/\/t.me\/noticiasdigital58\" target=\"_blank\" rel=\"noopener\"><img class=\"aligncenter size-full wp-image-125363\" src=\"https:\/\/digital58.com.ve\/site\/wp-content\/uploads\/2021\/04\/banner-telegram-web-2021.png\" alt=\"\" width=\"600\" height=\"90\" \/><\/a><\/p><\/div><style type=\"text\/css\">\r\n@media screen and (min-width: 1201px) {\r\n.reidp69f4ff0e8993c {\r\ndisplay: block;\r\n}\r\n}\r\n@media screen and (min-width: 993px) and (max-width: 1200px) {\r\n.reidp69f4ff0e8993c {\r\ndisplay: block;\r\n}\r\n}\r\n@media screen and (min-width: 769px) and (max-width: 992px) {\r\n.reidp69f4ff0e8993c {\r\ndisplay: block;\r\n}\r\n}\r\n@media screen and (min-width: 768px) and (max-width: 768px) {\r\n.reidp69f4ff0e8993c {\r\ndisplay: block;\r\n}\r\n}\r\n@media screen and (max-width: 767px) {\r\n.reidp69f4ff0e8993c {\r\ndisplay: block;\r\n}\r\n}\r\n<\/style>\r\n\n<p><strong>Redacci\u00f3n con fuente: web<\/strong><br \/>\n<strong>Edici\u00f3n: Villasmil, Henry<\/strong><br \/>\n<strong>Gr\u00e1ficas: cortes\u00eda<\/strong><\/p>\n<div style=\"margin-top: 0px; margin-bottom: 0px;\" class=\"sharethis-inline-share-buttons\" ><\/div>","protected":false},"excerpt":{"rendered":"<p>Estamos en una era dorada de la industria automotriz porque los avances de la tecnolog\u00eda est\u00e1n permitiendo que el dise\u00f1o<\/p>\n","protected":false},"author":1,"featured_media":89383,"comment_status":"open","ping_status":"closed","sticky":false,"template":"","format":"standard","meta":{"colormag_page_container_layout":"default_layout","colormag_page_sidebar_layout":"default_layout","_uag_custom_page_level_css":"","footnotes":""},"categories":[8608,5406],"tags":[12934,12935,8,2688],"class_list":["post-89382","post","type-post","status-publish","format-standard","has-post-thumbnail","hentry","category-reportajes-especiales","category-tecnologia","tag-automoviles","tag-elva","tag-internacionales","tag-mclaren"],"yoast_head":"<!-- This site is optimized with the Yoast SEO plugin v27.5 - https:\/\/yoast.com\/product\/yoast-seo-wordpress\/ -->\n<title>McLaren revela su nuevo auto deportivo \u00abElva\u00bb, y no tiene techo ni parabrisas<\/title>\n<meta name=\"description\" content=\"Reportajes Especiales\" \/>\n<meta name=\"robots\" content=\"index, follow, max-snippet:-1, max-image-preview:large, max-video-preview:-1\" \/>\n<link rel=\"canonical\" href=\"https:\/\/digital58.com.ve\/site\/2019\/11\/21\/mclaren-revela-su-nuevo-auto-deportivo-elva-y-no-tiene-techo-ni-parabrisas\/\" \/>\n<meta property=\"og:locale\" content=\"es_ES\" \/>\n<meta property=\"og:type\" content=\"article\" \/>\n<meta property=\"og:title\" content=\"McLaren revela su nuevo auto deportivo \u00abElva\u00bb, y no tiene techo ni parabrisas\" \/>\n<meta property=\"og:description\" content=\"Reportajes Especiales\" \/>\n<meta property=\"og:url\" content=\"https:\/\/digital58.com.ve\/site\/2019\/11\/21\/mclaren-revela-su-nuevo-auto-deportivo-elva-y-no-tiene-techo-ni-parabrisas\/\" \/>\n<meta property=\"og:site_name\" content=\"Noticias Digital58\" \/>\n<meta property=\"article:published_time\" content=\"2019-11-21T17:16:05+00:00\" \/>\n<meta property=\"og:image\" content=\"https:\/\/digital58.com.ve\/site\/wp-content\/uploads\/2019\/11\/mclaren-elva-auto-sin-parabrisas-www.laguiadelvaron-4.jpg\" \/>\n\t<meta property=\"og:image:width\" content=\"595\" \/>\n\t<meta property=\"og:image:height\" content=\"394\" \/>\n\t<meta property=\"og:image:type\" content=\"image\/jpeg\" \/>\n<meta name=\"author\" content=\"Villasmil Henry\" \/>\n<meta name=\"twitter:card\" content=\"summary_large_image\" \/>\n<meta name=\"twitter:creator\" content=\"@https:\/\/twitter.com\/villasmilhfoto\" \/>\n<meta name=\"twitter:site\" content=\"@villasmilhfoto\" \/>\n<meta name=\"twitter:label1\" content=\"Escrito por\" \/>\n\t<meta name=\"twitter:data1\" content=\"Villasmil Henry\" \/>\n\t<meta name=\"twitter:label2\" content=\"Tiempo estimado de lectura\" \/>\n\t<meta name=\"twitter:data2\" content=\"2 minutos\" \/>\n<script type=\"application\/ld+json\" class=\"yoast-schema-graph\">{\"@context\":\"https:\\\/\\\/schema.org\",\"@graph\":[{\"@type\":\"Article\",\"@id\":\"https:\\\/\\\/digital58.com.ve\\\/site\\\/2019\\\/11\\\/21\\\/mclaren-revela-su-nuevo-auto-deportivo-elva-y-no-tiene-techo-ni-parabrisas\\\/#article\",\"isPartOf\":{\"@id\":\"https:\\\/\\\/digital58.com.ve\\\/site\\\/2019\\\/11\\\/21\\\/mclaren-revela-su-nuevo-auto-deportivo-elva-y-no-tiene-techo-ni-parabrisas\\\/\"},\"author\":{\"name\":\"Villasmil Henry\",\"@id\":\"https:\\\/\\\/digital58.com.ve\\\/site\\\/#\\\/schema\\\/person\\\/64d1c2e4d0d4fd1b849980c4331c2951\"},\"headline\":\"McLaren revela su nuevo auto deportivo \u00abElva\u00bb, y no tiene techo ni parabrisas\",\"datePublished\":\"2019-11-21T17:16:05+00:00\",\"mainEntityOfPage\":{\"@id\":\"https:\\\/\\\/digital58.com.ve\\\/site\\\/2019\\\/11\\\/21\\\/mclaren-revela-su-nuevo-auto-deportivo-elva-y-no-tiene-techo-ni-parabrisas\\\/\"},\"wordCount\":401,\"commentCount\":0,\"publisher\":{\"@id\":\"https:\\\/\\\/digital58.com.ve\\\/site\\\/#\\\/schema\\\/person\\\/64d1c2e4d0d4fd1b849980c4331c2951\"},\"image\":{\"@id\":\"https:\\\/\\\/digital58.com.ve\\\/site\\\/2019\\\/11\\\/21\\\/mclaren-revela-su-nuevo-auto-deportivo-elva-y-no-tiene-techo-ni-parabrisas\\\/#primaryimage\"},\"thumbnailUrl\":\"https:\\\/\\\/digital58.com.ve\\\/site\\\/wp-content\\\/uploads\\\/2019\\\/11\\\/mclaren-elva-auto-sin-parabrisas-www.laguiadelvaron-4.jpg\",\"keywords\":[\"Automoviles\",\"Elva\",\"Internacionales\",\"McLaren\"],\"articleSection\":[\"Reportajes Especiales\",\"Tecnolog\u00eda\"],\"inLanguage\":\"es\",\"potentialAction\":[{\"@type\":\"CommentAction\",\"name\":\"Comment\",\"target\":[\"https:\\\/\\\/digital58.com.ve\\\/site\\\/2019\\\/11\\\/21\\\/mclaren-revela-su-nuevo-auto-deportivo-elva-y-no-tiene-techo-ni-parabrisas\\\/#respond\"]}]},{\"@type\":\"WebPage\",\"@id\":\"https:\\\/\\\/digital58.com.ve\\\/site\\\/2019\\\/11\\\/21\\\/mclaren-revela-su-nuevo-auto-deportivo-elva-y-no-tiene-techo-ni-parabrisas\\\/\",\"url\":\"https:\\\/\\\/digital58.com.ve\\\/site\\\/2019\\\/11\\\/21\\\/mclaren-revela-su-nuevo-auto-deportivo-elva-y-no-tiene-techo-ni-parabrisas\\\/\",\"name\":\"McLaren revela su nuevo auto deportivo \u00abElva\u00bb, y no tiene techo ni parabrisas\",\"isPartOf\":{\"@id\":\"https:\\\/\\\/digital58.com.ve\\\/site\\\/#website\"},\"primaryImageOfPage\":{\"@id\":\"https:\\\/\\\/digital58.com.ve\\\/site\\\/2019\\\/11\\\/21\\\/mclaren-revela-su-nuevo-auto-deportivo-elva-y-no-tiene-techo-ni-parabrisas\\\/#primaryimage\"},\"image\":{\"@id\":\"https:\\\/\\\/digital58.com.ve\\\/site\\\/2019\\\/11\\\/21\\\/mclaren-revela-su-nuevo-auto-deportivo-elva-y-no-tiene-techo-ni-parabrisas\\\/#primaryimage\"},\"thumbnailUrl\":\"https:\\\/\\\/digital58.com.ve\\\/site\\\/wp-content\\\/uploads\\\/2019\\\/11\\\/mclaren-elva-auto-sin-parabrisas-www.laguiadelvaron-4.jpg\",\"datePublished\":\"2019-11-21T17:16:05+00:00\",\"description\":\"Reportajes Especiales\",\"breadcrumb\":{\"@id\":\"https:\\\/\\\/digital58.com.ve\\\/site\\\/2019\\\/11\\\/21\\\/mclaren-revela-su-nuevo-auto-deportivo-elva-y-no-tiene-techo-ni-parabrisas\\\/#breadcrumb\"},\"inLanguage\":\"es\",\"potentialAction\":[{\"@type\":\"ReadAction\",\"target\":[\"https:\\\/\\\/digital58.com.ve\\\/site\\\/2019\\\/11\\\/21\\\/mclaren-revela-su-nuevo-auto-deportivo-elva-y-no-tiene-techo-ni-parabrisas\\\/\"]}]},{\"@type\":\"ImageObject\",\"inLanguage\":\"es\",\"@id\":\"https:\\\/\\\/digital58.com.ve\\\/site\\\/2019\\\/11\\\/21\\\/mclaren-revela-su-nuevo-auto-deportivo-elva-y-no-tiene-techo-ni-parabrisas\\\/#primaryimage\",\"url\":\"https:\\\/\\\/digital58.com.ve\\\/site\\\/wp-content\\\/uploads\\\/2019\\\/11\\\/mclaren-elva-auto-sin-parabrisas-www.laguiadelvaron-4.jpg\",\"contentUrl\":\"https:\\\/\\\/digital58.com.ve\\\/site\\\/wp-content\\\/uploads\\\/2019\\\/11\\\/mclaren-elva-auto-sin-parabrisas-www.laguiadelvaron-4.jpg\",\"width\":595,\"height\":394},{\"@type\":\"BreadcrumbList\",\"@id\":\"https:\\\/\\\/digital58.com.ve\\\/site\\\/2019\\\/11\\\/21\\\/mclaren-revela-su-nuevo-auto-deportivo-elva-y-no-tiene-techo-ni-parabrisas\\\/#breadcrumb\",\"itemListElement\":[{\"@type\":\"ListItem\",\"position\":1,\"name\":\"Home\",\"item\":\"https:\\\/\\\/digital58.com.ve\\\/site\\\/\"},{\"@type\":\"ListItem\",\"position\":2,\"name\":\"McLaren revela su nuevo auto deportivo \u00abElva\u00bb, y no tiene techo ni parabrisas\"}]},{\"@type\":\"WebSite\",\"@id\":\"https:\\\/\\\/digital58.com.ve\\\/site\\\/#website\",\"url\":\"https:\\\/\\\/digital58.com.ve\\\/site\\\/\",\"name\":\"Noticias Digital58\",\"description\":\"Portal de Noticias \u00a1Periodismo web de verdad! Lanzamiento web 22.11.2005 \\\/ Maracaibo, Venezuela\",\"publisher\":{\"@id\":\"https:\\\/\\\/digital58.com.ve\\\/site\\\/#\\\/schema\\\/person\\\/64d1c2e4d0d4fd1b849980c4331c2951\"},\"alternateName\":\"ND58\",\"potentialAction\":[{\"@type\":\"SearchAction\",\"target\":{\"@type\":\"EntryPoint\",\"urlTemplate\":\"https:\\\/\\\/digital58.com.ve\\\/site\\\/?s={search_term_string}\"},\"query-input\":{\"@type\":\"PropertyValueSpecification\",\"valueRequired\":true,\"valueName\":\"search_term_string\"}}],\"inLanguage\":\"es\"},{\"@type\":[\"Person\",\"Organization\"],\"@id\":\"https:\\\/\\\/digital58.com.ve\\\/site\\\/#\\\/schema\\\/person\\\/64d1c2e4d0d4fd1b849980c4331c2951\",\"name\":\"Villasmil Henry\",\"image\":{\"@type\":\"ImageObject\",\"inLanguage\":\"es\",\"@id\":\"https:\\\/\\\/secure.gravatar.com\\\/avatar\\\/bb0c4a2fcb7970138239f7e404ea75757b1b507b28b5ce4c53fbd62d797c5a7c?s=96&d=mm&r=g\",\"url\":\"https:\\\/\\\/secure.gravatar.com\\\/avatar\\\/bb0c4a2fcb7970138239f7e404ea75757b1b507b28b5ce4c53fbd62d797c5a7c?s=96&d=mm&r=g\",\"contentUrl\":\"https:\\\/\\\/secure.gravatar.com\\\/avatar\\\/bb0c4a2fcb7970138239f7e404ea75757b1b507b28b5ce4c53fbd62d797c5a7c?s=96&d=mm&r=g\",\"caption\":\"Villasmil Henry\"},\"logo\":{\"@id\":\"https:\\\/\\\/secure.gravatar.com\\\/avatar\\\/bb0c4a2fcb7970138239f7e404ea75757b1b507b28b5ce4c53fbd62d797c5a7c?s=96&d=mm&r=g\"},\"sameAs\":[\"http:\\\/\\\/www.henryvillasmil.com.ve\",\"https:\\\/\\\/www.instagram.com\\\/villasmilhfoto\\\/\",\"https:\\\/\\\/x.com\\\/https:\\\/\\\/twitter.com\\\/villasmilhfoto\"],\"url\":\"https:\\\/\\\/digital58.com.ve\\\/site\\\/author\\\/droopy_68\\\/\"}]}<\/script>\n<!-- \/ Yoast SEO plugin. -->","yoast_head_json":{"title":"McLaren revela su nuevo auto deportivo \u00abElva\u00bb, y no tiene techo ni parabrisas","description":"Reportajes Especiales","robots":{"index":"index","follow":"follow","max-snippet":"max-snippet:-1","max-image-preview":"max-image-preview:large","max-video-preview":"max-video-preview:-1"},"canonical":"https:\/\/digital58.com.ve\/site\/2019\/11\/21\/mclaren-revela-su-nuevo-auto-deportivo-elva-y-no-tiene-techo-ni-parabrisas\/","og_locale":"es_ES","og_type":"article","og_title":"McLaren revela su nuevo auto deportivo \u00abElva\u00bb, y no tiene techo ni parabrisas","og_description":"Reportajes Especiales","og_url":"https:\/\/digital58.com.ve\/site\/2019\/11\/21\/mclaren-revela-su-nuevo-auto-deportivo-elva-y-no-tiene-techo-ni-parabrisas\/","og_site_name":"Noticias Digital58","article_published_time":"2019-11-21T17:16:05+00:00","og_image":[{"width":595,"height":394,"url":"https:\/\/digital58.com.ve\/site\/wp-content\/uploads\/2019\/11\/mclaren-elva-auto-sin-parabrisas-www.laguiadelvaron-4.jpg","type":"image\/jpeg"}],"author":"Villasmil Henry","twitter_card":"summary_large_image","twitter_creator":"@https:\/\/twitter.com\/villasmilhfoto","twitter_site":"@villasmilhfoto","twitter_misc":{"Escrito por":"Villasmil Henry","Tiempo estimado de lectura":"2 minutos"},"schema":{"@context":"https:\/\/schema.org","@graph":[{"@type":"Article","@id":"https:\/\/digital58.com.ve\/site\/2019\/11\/21\/mclaren-revela-su-nuevo-auto-deportivo-elva-y-no-tiene-techo-ni-parabrisas\/#article","isPartOf":{"@id":"https:\/\/digital58.com.ve\/site\/2019\/11\/21\/mclaren-revela-su-nuevo-auto-deportivo-elva-y-no-tiene-techo-ni-parabrisas\/"},"author":{"name":"Villasmil Henry","@id":"https:\/\/digital58.com.ve\/site\/#\/schema\/person\/64d1c2e4d0d4fd1b849980c4331c2951"},"headline":"McLaren revela su nuevo auto deportivo \u00abElva\u00bb, y no tiene techo ni parabrisas","datePublished":"2019-11-21T17:16:05+00:00","mainEntityOfPage":{"@id":"https:\/\/digital58.com.ve\/site\/2019\/11\/21\/mclaren-revela-su-nuevo-auto-deportivo-elva-y-no-tiene-techo-ni-parabrisas\/"},"wordCount":401,"commentCount":0,"publisher":{"@id":"https:\/\/digital58.com.ve\/site\/#\/schema\/person\/64d1c2e4d0d4fd1b849980c4331c2951"},"image":{"@id":"https:\/\/digital58.com.ve\/site\/2019\/11\/21\/mclaren-revela-su-nuevo-auto-deportivo-elva-y-no-tiene-techo-ni-parabrisas\/#primaryimage"},"thumbnailUrl":"https:\/\/digital58.com.ve\/site\/wp-content\/uploads\/2019\/11\/mclaren-elva-auto-sin-parabrisas-www.laguiadelvaron-4.jpg","keywords":["Automoviles","Elva","Internacionales","McLaren"],"articleSection":["Reportajes Especiales","Tecnolog\u00eda"],"inLanguage":"es","potentialAction":[{"@type":"CommentAction","name":"Comment","target":["https:\/\/digital58.com.ve\/site\/2019\/11\/21\/mclaren-revela-su-nuevo-auto-deportivo-elva-y-no-tiene-techo-ni-parabrisas\/#respond"]}]},{"@type":"WebPage","@id":"https:\/\/digital58.com.ve\/site\/2019\/11\/21\/mclaren-revela-su-nuevo-auto-deportivo-elva-y-no-tiene-techo-ni-parabrisas\/","url":"https:\/\/digital58.com.ve\/site\/2019\/11\/21\/mclaren-revela-su-nuevo-auto-deportivo-elva-y-no-tiene-techo-ni-parabrisas\/","name":"McLaren revela su nuevo auto deportivo \u00abElva\u00bb, y no tiene techo ni parabrisas","isPartOf":{"@id":"https:\/\/digital58.com.ve\/site\/#website"},"primaryImageOfPage":{"@id":"https:\/\/digital58.com.ve\/site\/2019\/11\/21\/mclaren-revela-su-nuevo-auto-deportivo-elva-y-no-tiene-techo-ni-parabrisas\/#primaryimage"},"image":{"@id":"https:\/\/digital58.com.ve\/site\/2019\/11\/21\/mclaren-revela-su-nuevo-auto-deportivo-elva-y-no-tiene-techo-ni-parabrisas\/#primaryimage"},"thumbnailUrl":"https:\/\/digital58.com.ve\/site\/wp-content\/uploads\/2019\/11\/mclaren-elva-auto-sin-parabrisas-www.laguiadelvaron-4.jpg","datePublished":"2019-11-21T17:16:05+00:00","description":"Reportajes Especiales","breadcrumb":{"@id":"https:\/\/digital58.com.ve\/site\/2019\/11\/21\/mclaren-revela-su-nuevo-auto-deportivo-elva-y-no-tiene-techo-ni-parabrisas\/#breadcrumb"},"inLanguage":"es","potentialAction":[{"@type":"ReadAction","target":["https:\/\/digital58.com.ve\/site\/2019\/11\/21\/mclaren-revela-su-nuevo-auto-deportivo-elva-y-no-tiene-techo-ni-parabrisas\/"]}]},{"@type":"ImageObject","inLanguage":"es","@id":"https:\/\/digital58.com.ve\/site\/2019\/11\/21\/mclaren-revela-su-nuevo-auto-deportivo-elva-y-no-tiene-techo-ni-parabrisas\/#primaryimage","url":"https:\/\/digital58.com.ve\/site\/wp-content\/uploads\/2019\/11\/mclaren-elva-auto-sin-parabrisas-www.laguiadelvaron-4.jpg","contentUrl":"https:\/\/digital58.com.ve\/site\/wp-content\/uploads\/2019\/11\/mclaren-elva-auto-sin-parabrisas-www.laguiadelvaron-4.jpg","width":595,"height":394},{"@type":"BreadcrumbList","@id":"https:\/\/digital58.com.ve\/site\/2019\/11\/21\/mclaren-revela-su-nuevo-auto-deportivo-elva-y-no-tiene-techo-ni-parabrisas\/#breadcrumb","itemListElement":[{"@type":"ListItem","position":1,"name":"Home","item":"https:\/\/digital58.com.ve\/site\/"},{"@type":"ListItem","position":2,"name":"McLaren revela su nuevo auto deportivo \u00abElva\u00bb, y no tiene techo ni parabrisas"}]},{"@type":"WebSite","@id":"https:\/\/digital58.com.ve\/site\/#website","url":"https:\/\/digital58.com.ve\/site\/","name":"Noticias Digital58","description":"Portal de Noticias \u00a1Periodismo web de verdad! Lanzamiento web 22.11.2005 \/ Maracaibo, Venezuela","publisher":{"@id":"https:\/\/digital58.com.ve\/site\/#\/schema\/person\/64d1c2e4d0d4fd1b849980c4331c2951"},"alternateName":"ND58","potentialAction":[{"@type":"SearchAction","target":{"@type":"EntryPoint","urlTemplate":"https:\/\/digital58.com.ve\/site\/?s={search_term_string}"},"query-input":{"@type":"PropertyValueSpecification","valueRequired":true,"valueName":"search_term_string"}}],"inLanguage":"es"},{"@type":["Person","Organization"],"@id":"https:\/\/digital58.com.ve\/site\/#\/schema\/person\/64d1c2e4d0d4fd1b849980c4331c2951","name":"Villasmil Henry","image":{"@type":"ImageObject","inLanguage":"es","@id":"https:\/\/secure.gravatar.com\/avatar\/bb0c4a2fcb7970138239f7e404ea75757b1b507b28b5ce4c53fbd62d797c5a7c?s=96&d=mm&r=g","url":"https:\/\/secure.gravatar.com\/avatar\/bb0c4a2fcb7970138239f7e404ea75757b1b507b28b5ce4c53fbd62d797c5a7c?s=96&d=mm&r=g","contentUrl":"https:\/\/secure.gravatar.com\/avatar\/bb0c4a2fcb7970138239f7e404ea75757b1b507b28b5ce4c53fbd62d797c5a7c?s=96&d=mm&r=g","caption":"Villasmil Henry"},"logo":{"@id":"https:\/\/secure.gravatar.com\/avatar\/bb0c4a2fcb7970138239f7e404ea75757b1b507b28b5ce4c53fbd62d797c5a7c?s=96&d=mm&r=g"},"sameAs":["http:\/\/www.henryvillasmil.com.ve","https:\/\/www.instagram.com\/villasmilhfoto\/","https:\/\/x.com\/https:\/\/twitter.com\/villasmilhfoto"],"url":"https:\/\/digital58.com.ve\/site\/author\/droopy_68\/"}]}},"uagb_featured_image_src":{"full":["https:\/\/digital58.com.ve\/site\/wp-content\/uploads\/2019\/11\/mclaren-elva-auto-sin-parabrisas-www.laguiadelvaron-4.jpg",595,394,false],"thumbnail":["https:\/\/digital58.com.ve\/site\/wp-content\/uploads\/2019\/11\/mclaren-elva-auto-sin-parabrisas-www.laguiadelvaron-4-150x150.jpg",150,150,true],"medium":["https:\/\/digital58.com.ve\/site\/wp-content\/uploads\/2019\/11\/mclaren-elva-auto-sin-parabrisas-www.laguiadelvaron-4-300x199.jpg",300,199,true],"medium_large":["https:\/\/digital58.com.ve\/site\/wp-content\/uploads\/2019\/11\/mclaren-elva-auto-sin-parabrisas-www.laguiadelvaron-4.jpg",595,394,false],"large":["https:\/\/digital58.com.ve\/site\/wp-content\/uploads\/2019\/11\/mclaren-elva-auto-sin-parabrisas-www.laguiadelvaron-4.jpg",595,394,false],"1536x1536":["https:\/\/digital58.com.ve\/site\/wp-content\/uploads\/2019\/11\/mclaren-elva-auto-sin-parabrisas-www.laguiadelvaron-4.jpg",595,394,false],"2048x2048":["https:\/\/digital58.com.ve\/site\/wp-content\/uploads\/2019\/11\/mclaren-elva-auto-sin-parabrisas-www.laguiadelvaron-4.jpg",595,394,false],"colormag-highlighted-post":["https:\/\/digital58.com.ve\/site\/wp-content\/uploads\/2019\/11\/mclaren-elva-auto-sin-parabrisas-www.laguiadelvaron-4.jpg",392,260,false],"colormag-featured-post-medium":["https:\/\/digital58.com.ve\/site\/wp-content\/uploads\/2019\/11\/mclaren-elva-auto-sin-parabrisas-www.laguiadelvaron-4.jpg",310,205,false],"colormag-featured-post-small":["https:\/\/digital58.com.ve\/site\/wp-content\/uploads\/2019\/11\/mclaren-elva-auto-sin-parabrisas-www.laguiadelvaron-4.jpg",130,86,false],"colormag-featured-image":["https:\/\/digital58.com.ve\/site\/wp-content\/uploads\/2019\/11\/mclaren-elva-auto-sin-parabrisas-www.laguiadelvaron-4.jpg",595,394,false],"colormag-default-news":["https:\/\/digital58.com.ve\/site\/wp-content\/uploads\/2019\/11\/mclaren-elva-auto-sin-parabrisas-www.laguiadelvaron-4.jpg",150,99,false],"colormag-featured-image-large":["https:\/\/digital58.com.ve\/site\/wp-content\/uploads\/2019\/11\/mclaren-elva-auto-sin-parabrisas-www.laguiadelvaron-4.jpg",595,394,false]},"uagb_author_info":{"display_name":"Villasmil Henry","author_link":"https:\/\/digital58.com.ve\/site\/author\/droopy_68\/"},"uagb_comment_info":0,"uagb_excerpt":"Estamos en una era dorada de la industria automotriz porque los avances de la tecnolog\u00eda est\u00e1n permitiendo que el dise\u00f1o","_links":{"self":[{"href":"https:\/\/digital58.com.ve\/site\/wp-json\/wp\/v2\/posts\/89382","targetHints":{"allow":["GET"]}}],"collection":[{"href":"https:\/\/digital58.com.ve\/site\/wp-json\/wp\/v2\/posts"}],"about":[{"href":"https:\/\/digital58.com.ve\/site\/wp-json\/wp\/v2\/types\/post"}],"author":[{"embeddable":true,"href":"https:\/\/digital58.com.ve\/site\/wp-json\/wp\/v2\/users\/1"}],"replies":[{"embeddable":true,"href":"https:\/\/digital58.com.ve\/site\/wp-json\/wp\/v2\/comments?post=89382"}],"version-history":[{"count":0,"href":"https:\/\/digital58.com.ve\/site\/wp-json\/wp\/v2\/posts\/89382\/revisions"}],"wp:featuredmedia":[{"embeddable":true,"href":"https:\/\/digital58.com.ve\/site\/wp-json\/wp\/v2\/media\/89383"}],"wp:attachment":[{"href":"https:\/\/digital58.com.ve\/site\/wp-json\/wp\/v2\/media?parent=89382"}],"wp:term":[{"taxonomy":"category","embeddable":true,"href":"https:\/\/digital58.com.ve\/site\/wp-json\/wp\/v2\/categories?post=89382"},{"taxonomy":"post_tag","embeddable":true,"href":"https:\/\/digital58.com.ve\/site\/wp-json\/wp\/v2\/tags?post=89382"}],"curies":[{"name":"wp","href":"https:\/\/api.w.org\/{rel}","templated":true}]}}