{"id":89454,"date":"2019-11-26T09:30:22","date_gmt":"2019-11-26T13:30:22","guid":{"rendered":"https:\/\/digital58.com.ve\/site\/?p=89454"},"modified":"2019-11-26T09:31:51","modified_gmt":"2019-11-26T13:31:51","slug":"se-cumplen-16-anos-del-ultimo-vuelo-del-concorde","status":"publish","type":"post","link":"https:\/\/digital58.com.ve\/site\/2019\/11\/26\/se-cumplen-16-anos-del-ultimo-vuelo-del-concorde\/","title":{"rendered":"Se cumplen 16 a\u00f1os del \u00faltimo vuelo del Concorde"},"content":{"rendered":"<p><a href=\"https:\/\/digital58.com.ve\/site\/wp-content\/uploads\/2019\/11\/concord.jpg\"><img loading=\"lazy\" decoding=\"async\" class=\"aligncenter size-full wp-image-89455\" src=\"https:\/\/digital58.com.ve\/site\/wp-content\/uploads\/2019\/11\/concord.jpg\" alt=\"\" width=\"656\" height=\"370\" srcset=\"https:\/\/digital58.com.ve\/site\/wp-content\/uploads\/2019\/11\/concord.jpg 656w, https:\/\/digital58.com.ve\/site\/wp-content\/uploads\/2019\/11\/concord-300x169.jpg 300w\" sizes=\"auto, (max-width: 656px) 100vw, 656px\" \/><\/a><\/p>\n<p>\u00bfTe imaginas volar de Madrid a Nueva York en unas tres horas? Esto en 2019 no es posible en un vuelo comercial, pero en 1976 era una realidad con el avi\u00f3n Concorde. Pero, \u00bfpor qu\u00e9 hace mas de 40 a\u00f1os s\u00ed y ahora no? Se podr\u00eda decir que el principal motivo es la econom\u00eda. Costear el Concorde supuso una inversi\u00f3n econ\u00f3mica de 3.000 millones de d\u00f3lares y afrontar cada uno de sus vuelos era algo muy poco rentable. P\u00e9rdidas de dinero que las aerol\u00edneas a d\u00eda de hoy no est\u00e1n dispuestas a afrontar.<\/p>\n<p><strong>Maracaibo, Zulia, Venezuela, 26 de noviembre de 2019 (Noticias D58).-<\/strong> El A\u00e9rospatiale-BAC Concorde fue un avi\u00f3n supers\u00f3nico utilizado para el transporte de pasajeros.<\/p>\n<p>Realiz\u00f3 su primer vuelo en 1969 y entr\u00f3 en servicio en 1976. Vol\u00f3 durante 27 a\u00f1os, hasta su salida de circulaci\u00f3n el 26 de noviembre de 2003. Por su velocidad supers\u00f3nica pod\u00eda llegar a los destinos en la mitad del tiempo de lo que tardaba un avi\u00f3n comercial convencional.<\/p>\n<p>Sus principales destinos fueron los aeropuertos de Londres-Heathrow, Par\u00eds-Charles de Gaulle, Nueva York-John F. Kennedy y Washington-Dulles.<\/p>\n<p>Lo construyeron los fabricantes de nacionalidad brit\u00e1nica, British Aircraft Corporation, y francesa, A\u00e9rospatiale, y su nombre proviene de la uni\u00f3n de Francia y Reino Unido para el desarrollo y fabricaci\u00f3n del avi\u00f3n. Adem\u00e1s, dichos gobiernos dieron grandes subvenciones a British Airways y Air France para el desarrollo y adquisici\u00f3n del aparato.<\/p>\n<p>Su retirada se produjo despu\u00e9s de que el 25 de julio de 2000 sufriera un grave accidente. Sumado a su escasa rentabilidad, supuso el fin del primer avi\u00f3n a reacci\u00f3n supers\u00f3nico de uso comercial.<\/p>\n<p><a href=\"https:\/\/digital58.com.ve\/site\/wp-content\/uploads\/2019\/11\/concord-2.jpg\"><img loading=\"lazy\" decoding=\"async\" class=\"aligncenter size-full wp-image-89456\" src=\"https:\/\/digital58.com.ve\/site\/wp-content\/uploads\/2019\/11\/concord-2.jpg\" alt=\"\" width=\"1500\" height=\"866\" srcset=\"https:\/\/digital58.com.ve\/site\/wp-content\/uploads\/2019\/11\/concord-2.jpg 800w, https:\/\/digital58.com.ve\/site\/wp-content\/uploads\/2019\/11\/concord-2-300x173.jpg 300w, https:\/\/digital58.com.ve\/site\/wp-content\/uploads\/2019\/11\/concord-2-768x443.jpg 768w\" sizes=\"auto, (max-width: 1500px) 100vw, 1500px\" \/><\/a><br \/>\nEl accidente se produjo al despegar del aeropuerto de Rossy-Charles de Par\u00eds con destino Nueva York. Uno de sus neum\u00e1ticos explot\u00f3 e impact\u00f3 en la parte inferior del ala creando una gran onda de choque que golpe\u00f3 el tanque de combustible. Otro trozo de cubierta cort\u00f3 unos cables del tren de aterrizaje que, al rozarse, produjeron unas chispas el\u00e9ctricas y, al ponerse en contacto con el combustible que se escapaba, provocaron una combusti\u00f3n que se expandi\u00f3 en segundos por todo el fuselaje, hasta su ca\u00edda sobre un hotel cercano al aeropuerto. Murieron 113 personas.<\/p>\n<p>Volar de Par\u00eds a Nueva York en 2,5 horas ten\u00eda un precio de 1.150.000 pesetas en el a\u00f1o 1999. Un viaje al alcance de tan pocos, que en los \u00faltimos a\u00f1os del Concorde sus vuelos sal\u00edan casi vac\u00edos, algunos volaban con tan s\u00f3lo 12 pasajeros, de las 100 plazas disponibles.<\/p>\n<p>En sus a\u00f1os de historia, m\u00e1s de dos millones de pasajeros disfrutaron del Concorde. Algunos de sus pasajeros m\u00e1s notorios fueron la Princesa Diana, estrellas del rock como Mick Jagger y Elton John, actores como Joan Collins, Sean Connery e importantes pol\u00edticos o modelos.<\/p>\n<p><strong>Caracter\u00edsticas y datos del Concorde<\/strong><\/p>\n<p>Tipo: avi\u00f3n comercial supers\u00f3nico.<br \/>\nLongitud: 62,1 metros.<br \/>\nEnvergadura: 25,50 metros.<br \/>\nAltura: 11,30 metros.<br \/>\nCapacidad de combustible: 119.500 litros.<br \/>\nConsumo de combustible: 25.629 l\/h.<br \/>\nVelocidad m\u00e1xima: 2.405 km\/h o Mach 2.23.<br \/>\nVelocidad de crucero: 2.160 km\/h o Mach 2.02.<br \/>\nAutonom\u00eda: 6.667 km.<br \/>\nN\u00famero de asientos: 100 (British Airways) y 92 (Air France).<br \/>\nMotores: cuatro turborreactores Rolls-Royce\/SNECMA-Olympus-593-Mk-610.<br \/>\nPrimer vuelo comercial: de Londres Heathrow a Bahrein el 21 de enero de 1976.<br \/>\n\u00daltimo vuelo comercial: de Nueva York JFK a Londres Heathrow el 24 de octubre de 2003.<\/p><div class=\"fjehn69ef96b9bd1d2\" ><p style=\"text-align: center;\"><a href=\"https:\/\/t.me\/noticiasdigital58\" target=\"_blank\" rel=\"noopener\"><img class=\"aligncenter size-full wp-image-125363\" src=\"https:\/\/digital58.com.ve\/site\/wp-content\/uploads\/2021\/04\/banner-telegram-web-2021.png\" alt=\"\" width=\"600\" height=\"90\" \/><\/a><\/p><\/div><style type=\"text\/css\">\r\n@media screen and (min-width: 1201px) {\r\n.fjehn69ef96b9bd1d2 {\r\ndisplay: block;\r\n}\r\n}\r\n@media screen and (min-width: 993px) and (max-width: 1200px) {\r\n.fjehn69ef96b9bd1d2 {\r\ndisplay: block;\r\n}\r\n}\r\n@media screen and (min-width: 769px) and (max-width: 992px) {\r\n.fjehn69ef96b9bd1d2 {\r\ndisplay: block;\r\n}\r\n}\r\n@media screen and (min-width: 768px) and (max-width: 768px) {\r\n.fjehn69ef96b9bd1d2 {\r\ndisplay: block;\r\n}\r\n}\r\n@media screen and (max-width: 767px) {\r\n.fjehn69ef96b9bd1d2 {\r\ndisplay: block;\r\n}\r\n}\r\n<\/style>\r\n\n<p><strong>Redacci\u00f3n con fuente: Leire P\u00e9rez | British Airways.<\/strong><br \/>\n<strong>Edici\u00f3n: Villasmil, Henry<\/strong><br \/>\n<strong>Gr\u00e1ficas: cortes\u00eda<\/strong><\/p>\n<div style=\"margin-top: 0px; margin-bottom: 0px;\" class=\"sharethis-inline-share-buttons\" ><\/div>","protected":false},"excerpt":{"rendered":"<p>\u00bfTe imaginas volar de Madrid a Nueva York en unas tres horas? Esto en 2019 no es posible en un<\/p>\n","protected":false},"author":1,"featured_media":89456,"comment_status":"open","ping_status":"closed","sticky":false,"template":"","format":"standard","meta":{"colormag_page_container_layout":"default_layout","colormag_page_sidebar_layout":"default_layout","_uag_custom_page_level_css":"","footnotes":""},"categories":[8608],"tags":[12953,3851,12952,12951,8],"class_list":["post-89454","post","type-post","status-publish","format-standard","has-post-thumbnail","hentry","category-reportajes-especiales","tag-air-france","tag-aviones","tag-british-airways","tag-concorde","tag-internacionales"],"yoast_head":"<!-- This site is optimized with the Yoast SEO plugin v27.4 - https:\/\/yoast.com\/product\/yoast-seo-wordpress\/ -->\n<title>Se cumplen 16 a\u00f1os del \u00faltimo vuelo del Concorde<\/title>\n<meta name=\"description\" content=\"Reportajes Especiales\" \/>\n<meta name=\"robots\" content=\"index, follow, max-snippet:-1, max-image-preview:large, max-video-preview:-1\" \/>\n<link rel=\"canonical\" href=\"https:\/\/digital58.com.ve\/site\/2019\/11\/26\/se-cumplen-16-anos-del-ultimo-vuelo-del-concorde\/\" \/>\n<meta property=\"og:locale\" content=\"es_ES\" \/>\n<meta property=\"og:type\" content=\"article\" \/>\n<meta property=\"og:title\" content=\"Se cumplen 16 a\u00f1os del \u00faltimo vuelo del Concorde\" \/>\n<meta property=\"og:description\" content=\"Reportajes Especiales\" \/>\n<meta property=\"og:url\" content=\"https:\/\/digital58.com.ve\/site\/2019\/11\/26\/se-cumplen-16-anos-del-ultimo-vuelo-del-concorde\/\" \/>\n<meta property=\"og:site_name\" content=\"Noticias Digital58\" \/>\n<meta property=\"article:published_time\" content=\"2019-11-26T13:30:22+00:00\" \/>\n<meta property=\"article:modified_time\" content=\"2019-11-26T13:31:51+00:00\" \/>\n<meta property=\"og:image\" content=\"https:\/\/digital58.com.ve\/site\/wp-content\/uploads\/2019\/11\/concord-2.jpg\" \/>\n\t<meta property=\"og:image:width\" content=\"1500\" \/>\n\t<meta property=\"og:image:height\" content=\"866\" \/>\n\t<meta property=\"og:image:type\" content=\"image\/jpeg\" \/>\n<meta name=\"author\" content=\"Villasmil Henry\" \/>\n<meta name=\"twitter:card\" content=\"summary_large_image\" \/>\n<meta name=\"twitter:creator\" content=\"@https:\/\/twitter.com\/villasmilhfoto\" \/>\n<meta name=\"twitter:site\" content=\"@villasmilhfoto\" \/>\n<meta name=\"twitter:label1\" content=\"Escrito por\" \/>\n\t<meta name=\"twitter:data1\" content=\"Villasmil Henry\" \/>\n\t<meta name=\"twitter:label2\" content=\"Tiempo estimado de lectura\" \/>\n\t<meta name=\"twitter:data2\" content=\"3 minutos\" \/>\n<script type=\"application\/ld+json\" class=\"yoast-schema-graph\">{\"@context\":\"https:\\\/\\\/schema.org\",\"@graph\":[{\"@type\":\"Article\",\"@id\":\"https:\\\/\\\/digital58.com.ve\\\/site\\\/2019\\\/11\\\/26\\\/se-cumplen-16-anos-del-ultimo-vuelo-del-concorde\\\/#article\",\"isPartOf\":{\"@id\":\"https:\\\/\\\/digital58.com.ve\\\/site\\\/2019\\\/11\\\/26\\\/se-cumplen-16-anos-del-ultimo-vuelo-del-concorde\\\/\"},\"author\":{\"name\":\"Villasmil Henry\",\"@id\":\"https:\\\/\\\/digital58.com.ve\\\/site\\\/#\\\/schema\\\/person\\\/64d1c2e4d0d4fd1b849980c4331c2951\"},\"headline\":\"Se cumplen 16 a\u00f1os del \u00faltimo vuelo del Concorde\",\"datePublished\":\"2019-11-26T13:30:22+00:00\",\"dateModified\":\"2019-11-26T13:31:51+00:00\",\"mainEntityOfPage\":{\"@id\":\"https:\\\/\\\/digital58.com.ve\\\/site\\\/2019\\\/11\\\/26\\\/se-cumplen-16-anos-del-ultimo-vuelo-del-concorde\\\/\"},\"wordCount\":595,\"commentCount\":0,\"publisher\":{\"@id\":\"https:\\\/\\\/digital58.com.ve\\\/site\\\/#\\\/schema\\\/person\\\/64d1c2e4d0d4fd1b849980c4331c2951\"},\"image\":{\"@id\":\"https:\\\/\\\/digital58.com.ve\\\/site\\\/2019\\\/11\\\/26\\\/se-cumplen-16-anos-del-ultimo-vuelo-del-concorde\\\/#primaryimage\"},\"thumbnailUrl\":\"https:\\\/\\\/digital58.com.ve\\\/site\\\/wp-content\\\/uploads\\\/2019\\\/11\\\/concord-2.jpg\",\"keywords\":[\"Air France\",\"Aviones\",\"British Airways\",\"Concorde\",\"Internacionales\"],\"articleSection\":[\"Reportajes Especiales\"],\"inLanguage\":\"es\",\"potentialAction\":[{\"@type\":\"CommentAction\",\"name\":\"Comment\",\"target\":[\"https:\\\/\\\/digital58.com.ve\\\/site\\\/2019\\\/11\\\/26\\\/se-cumplen-16-anos-del-ultimo-vuelo-del-concorde\\\/#respond\"]}]},{\"@type\":\"WebPage\",\"@id\":\"https:\\\/\\\/digital58.com.ve\\\/site\\\/2019\\\/11\\\/26\\\/se-cumplen-16-anos-del-ultimo-vuelo-del-concorde\\\/\",\"url\":\"https:\\\/\\\/digital58.com.ve\\\/site\\\/2019\\\/11\\\/26\\\/se-cumplen-16-anos-del-ultimo-vuelo-del-concorde\\\/\",\"name\":\"Se cumplen 16 a\u00f1os del \u00faltimo vuelo del Concorde\",\"isPartOf\":{\"@id\":\"https:\\\/\\\/digital58.com.ve\\\/site\\\/#website\"},\"primaryImageOfPage\":{\"@id\":\"https:\\\/\\\/digital58.com.ve\\\/site\\\/2019\\\/11\\\/26\\\/se-cumplen-16-anos-del-ultimo-vuelo-del-concorde\\\/#primaryimage\"},\"image\":{\"@id\":\"https:\\\/\\\/digital58.com.ve\\\/site\\\/2019\\\/11\\\/26\\\/se-cumplen-16-anos-del-ultimo-vuelo-del-concorde\\\/#primaryimage\"},\"thumbnailUrl\":\"https:\\\/\\\/digital58.com.ve\\\/site\\\/wp-content\\\/uploads\\\/2019\\\/11\\\/concord-2.jpg\",\"datePublished\":\"2019-11-26T13:30:22+00:00\",\"dateModified\":\"2019-11-26T13:31:51+00:00\",\"description\":\"Reportajes Especiales\",\"breadcrumb\":{\"@id\":\"https:\\\/\\\/digital58.com.ve\\\/site\\\/2019\\\/11\\\/26\\\/se-cumplen-16-anos-del-ultimo-vuelo-del-concorde\\\/#breadcrumb\"},\"inLanguage\":\"es\",\"potentialAction\":[{\"@type\":\"ReadAction\",\"target\":[\"https:\\\/\\\/digital58.com.ve\\\/site\\\/2019\\\/11\\\/26\\\/se-cumplen-16-anos-del-ultimo-vuelo-del-concorde\\\/\"]}]},{\"@type\":\"ImageObject\",\"inLanguage\":\"es\",\"@id\":\"https:\\\/\\\/digital58.com.ve\\\/site\\\/2019\\\/11\\\/26\\\/se-cumplen-16-anos-del-ultimo-vuelo-del-concorde\\\/#primaryimage\",\"url\":\"https:\\\/\\\/digital58.com.ve\\\/site\\\/wp-content\\\/uploads\\\/2019\\\/11\\\/concord-2.jpg\",\"contentUrl\":\"https:\\\/\\\/digital58.com.ve\\\/site\\\/wp-content\\\/uploads\\\/2019\\\/11\\\/concord-2.jpg\",\"width\":800,\"height\":462},{\"@type\":\"BreadcrumbList\",\"@id\":\"https:\\\/\\\/digital58.com.ve\\\/site\\\/2019\\\/11\\\/26\\\/se-cumplen-16-anos-del-ultimo-vuelo-del-concorde\\\/#breadcrumb\",\"itemListElement\":[{\"@type\":\"ListItem\",\"position\":1,\"name\":\"Home\",\"item\":\"https:\\\/\\\/digital58.com.ve\\\/site\\\/\"},{\"@type\":\"ListItem\",\"position\":2,\"name\":\"Se cumplen 16 a\u00f1os del \u00faltimo vuelo del Concorde\"}]},{\"@type\":\"WebSite\",\"@id\":\"https:\\\/\\\/digital58.com.ve\\\/site\\\/#website\",\"url\":\"https:\\\/\\\/digital58.com.ve\\\/site\\\/\",\"name\":\"Noticias Digital58\",\"description\":\"Portal de Noticias \u00a1Periodismo web de verdad! Lanzamiento web 22.11.2005 \\\/ Maracaibo, Venezuela\",\"publisher\":{\"@id\":\"https:\\\/\\\/digital58.com.ve\\\/site\\\/#\\\/schema\\\/person\\\/64d1c2e4d0d4fd1b849980c4331c2951\"},\"alternateName\":\"ND58\",\"potentialAction\":[{\"@type\":\"SearchAction\",\"target\":{\"@type\":\"EntryPoint\",\"urlTemplate\":\"https:\\\/\\\/digital58.com.ve\\\/site\\\/?s={search_term_string}\"},\"query-input\":{\"@type\":\"PropertyValueSpecification\",\"valueRequired\":true,\"valueName\":\"search_term_string\"}}],\"inLanguage\":\"es\"},{\"@type\":[\"Person\",\"Organization\"],\"@id\":\"https:\\\/\\\/digital58.com.ve\\\/site\\\/#\\\/schema\\\/person\\\/64d1c2e4d0d4fd1b849980c4331c2951\",\"name\":\"Villasmil Henry\",\"image\":{\"@type\":\"ImageObject\",\"inLanguage\":\"es\",\"@id\":\"https:\\\/\\\/secure.gravatar.com\\\/avatar\\\/bb0c4a2fcb7970138239f7e404ea75757b1b507b28b5ce4c53fbd62d797c5a7c?s=96&d=mm&r=g\",\"url\":\"https:\\\/\\\/secure.gravatar.com\\\/avatar\\\/bb0c4a2fcb7970138239f7e404ea75757b1b507b28b5ce4c53fbd62d797c5a7c?s=96&d=mm&r=g\",\"contentUrl\":\"https:\\\/\\\/secure.gravatar.com\\\/avatar\\\/bb0c4a2fcb7970138239f7e404ea75757b1b507b28b5ce4c53fbd62d797c5a7c?s=96&d=mm&r=g\",\"caption\":\"Villasmil Henry\"},\"logo\":{\"@id\":\"https:\\\/\\\/secure.gravatar.com\\\/avatar\\\/bb0c4a2fcb7970138239f7e404ea75757b1b507b28b5ce4c53fbd62d797c5a7c?s=96&d=mm&r=g\"},\"sameAs\":[\"http:\\\/\\\/www.henryvillasmil.com.ve\",\"https:\\\/\\\/www.instagram.com\\\/villasmilhfoto\\\/\",\"https:\\\/\\\/x.com\\\/https:\\\/\\\/twitter.com\\\/villasmilhfoto\"],\"url\":\"https:\\\/\\\/digital58.com.ve\\\/site\\\/author\\\/droopy_68\\\/\"}]}<\/script>\n<!-- \/ Yoast SEO plugin. -->","yoast_head_json":{"title":"Se cumplen 16 a\u00f1os del \u00faltimo vuelo del Concorde","description":"Reportajes Especiales","robots":{"index":"index","follow":"follow","max-snippet":"max-snippet:-1","max-image-preview":"max-image-preview:large","max-video-preview":"max-video-preview:-1"},"canonical":"https:\/\/digital58.com.ve\/site\/2019\/11\/26\/se-cumplen-16-anos-del-ultimo-vuelo-del-concorde\/","og_locale":"es_ES","og_type":"article","og_title":"Se cumplen 16 a\u00f1os del \u00faltimo vuelo del Concorde","og_description":"Reportajes Especiales","og_url":"https:\/\/digital58.com.ve\/site\/2019\/11\/26\/se-cumplen-16-anos-del-ultimo-vuelo-del-concorde\/","og_site_name":"Noticias Digital58","article_published_time":"2019-11-26T13:30:22+00:00","article_modified_time":"2019-11-26T13:31:51+00:00","og_image":[{"width":1500,"height":866,"url":"https:\/\/digital58.com.ve\/site\/wp-content\/uploads\/2019\/11\/concord-2.jpg","type":"image\/jpeg"}],"author":"Villasmil Henry","twitter_card":"summary_large_image","twitter_creator":"@https:\/\/twitter.com\/villasmilhfoto","twitter_site":"@villasmilhfoto","twitter_misc":{"Escrito por":"Villasmil Henry","Tiempo estimado de lectura":"3 minutos"},"schema":{"@context":"https:\/\/schema.org","@graph":[{"@type":"Article","@id":"https:\/\/digital58.com.ve\/site\/2019\/11\/26\/se-cumplen-16-anos-del-ultimo-vuelo-del-concorde\/#article","isPartOf":{"@id":"https:\/\/digital58.com.ve\/site\/2019\/11\/26\/se-cumplen-16-anos-del-ultimo-vuelo-del-concorde\/"},"author":{"name":"Villasmil Henry","@id":"https:\/\/digital58.com.ve\/site\/#\/schema\/person\/64d1c2e4d0d4fd1b849980c4331c2951"},"headline":"Se cumplen 16 a\u00f1os del \u00faltimo vuelo del Concorde","datePublished":"2019-11-26T13:30:22+00:00","dateModified":"2019-11-26T13:31:51+00:00","mainEntityOfPage":{"@id":"https:\/\/digital58.com.ve\/site\/2019\/11\/26\/se-cumplen-16-anos-del-ultimo-vuelo-del-concorde\/"},"wordCount":595,"commentCount":0,"publisher":{"@id":"https:\/\/digital58.com.ve\/site\/#\/schema\/person\/64d1c2e4d0d4fd1b849980c4331c2951"},"image":{"@id":"https:\/\/digital58.com.ve\/site\/2019\/11\/26\/se-cumplen-16-anos-del-ultimo-vuelo-del-concorde\/#primaryimage"},"thumbnailUrl":"https:\/\/digital58.com.ve\/site\/wp-content\/uploads\/2019\/11\/concord-2.jpg","keywords":["Air France","Aviones","British Airways","Concorde","Internacionales"],"articleSection":["Reportajes Especiales"],"inLanguage":"es","potentialAction":[{"@type":"CommentAction","name":"Comment","target":["https:\/\/digital58.com.ve\/site\/2019\/11\/26\/se-cumplen-16-anos-del-ultimo-vuelo-del-concorde\/#respond"]}]},{"@type":"WebPage","@id":"https:\/\/digital58.com.ve\/site\/2019\/11\/26\/se-cumplen-16-anos-del-ultimo-vuelo-del-concorde\/","url":"https:\/\/digital58.com.ve\/site\/2019\/11\/26\/se-cumplen-16-anos-del-ultimo-vuelo-del-concorde\/","name":"Se cumplen 16 a\u00f1os del \u00faltimo vuelo del Concorde","isPartOf":{"@id":"https:\/\/digital58.com.ve\/site\/#website"},"primaryImageOfPage":{"@id":"https:\/\/digital58.com.ve\/site\/2019\/11\/26\/se-cumplen-16-anos-del-ultimo-vuelo-del-concorde\/#primaryimage"},"image":{"@id":"https:\/\/digital58.com.ve\/site\/2019\/11\/26\/se-cumplen-16-anos-del-ultimo-vuelo-del-concorde\/#primaryimage"},"thumbnailUrl":"https:\/\/digital58.com.ve\/site\/wp-content\/uploads\/2019\/11\/concord-2.jpg","datePublished":"2019-11-26T13:30:22+00:00","dateModified":"2019-11-26T13:31:51+00:00","description":"Reportajes Especiales","breadcrumb":{"@id":"https:\/\/digital58.com.ve\/site\/2019\/11\/26\/se-cumplen-16-anos-del-ultimo-vuelo-del-concorde\/#breadcrumb"},"inLanguage":"es","potentialAction":[{"@type":"ReadAction","target":["https:\/\/digital58.com.ve\/site\/2019\/11\/26\/se-cumplen-16-anos-del-ultimo-vuelo-del-concorde\/"]}]},{"@type":"ImageObject","inLanguage":"es","@id":"https:\/\/digital58.com.ve\/site\/2019\/11\/26\/se-cumplen-16-anos-del-ultimo-vuelo-del-concorde\/#primaryimage","url":"https:\/\/digital58.com.ve\/site\/wp-content\/uploads\/2019\/11\/concord-2.jpg","contentUrl":"https:\/\/digital58.com.ve\/site\/wp-content\/uploads\/2019\/11\/concord-2.jpg","width":800,"height":462},{"@type":"BreadcrumbList","@id":"https:\/\/digital58.com.ve\/site\/2019\/11\/26\/se-cumplen-16-anos-del-ultimo-vuelo-del-concorde\/#breadcrumb","itemListElement":[{"@type":"ListItem","position":1,"name":"Home","item":"https:\/\/digital58.com.ve\/site\/"},{"@type":"ListItem","position":2,"name":"Se cumplen 16 a\u00f1os del \u00faltimo vuelo del Concorde"}]},{"@type":"WebSite","@id":"https:\/\/digital58.com.ve\/site\/#website","url":"https:\/\/digital58.com.ve\/site\/","name":"Noticias Digital58","description":"Portal de Noticias \u00a1Periodismo web de verdad! Lanzamiento web 22.11.2005 \/ Maracaibo, Venezuela","publisher":{"@id":"https:\/\/digital58.com.ve\/site\/#\/schema\/person\/64d1c2e4d0d4fd1b849980c4331c2951"},"alternateName":"ND58","potentialAction":[{"@type":"SearchAction","target":{"@type":"EntryPoint","urlTemplate":"https:\/\/digital58.com.ve\/site\/?s={search_term_string}"},"query-input":{"@type":"PropertyValueSpecification","valueRequired":true,"valueName":"search_term_string"}}],"inLanguage":"es"},{"@type":["Person","Organization"],"@id":"https:\/\/digital58.com.ve\/site\/#\/schema\/person\/64d1c2e4d0d4fd1b849980c4331c2951","name":"Villasmil Henry","image":{"@type":"ImageObject","inLanguage":"es","@id":"https:\/\/secure.gravatar.com\/avatar\/bb0c4a2fcb7970138239f7e404ea75757b1b507b28b5ce4c53fbd62d797c5a7c?s=96&d=mm&r=g","url":"https:\/\/secure.gravatar.com\/avatar\/bb0c4a2fcb7970138239f7e404ea75757b1b507b28b5ce4c53fbd62d797c5a7c?s=96&d=mm&r=g","contentUrl":"https:\/\/secure.gravatar.com\/avatar\/bb0c4a2fcb7970138239f7e404ea75757b1b507b28b5ce4c53fbd62d797c5a7c?s=96&d=mm&r=g","caption":"Villasmil Henry"},"logo":{"@id":"https:\/\/secure.gravatar.com\/avatar\/bb0c4a2fcb7970138239f7e404ea75757b1b507b28b5ce4c53fbd62d797c5a7c?s=96&d=mm&r=g"},"sameAs":["http:\/\/www.henryvillasmil.com.ve","https:\/\/www.instagram.com\/villasmilhfoto\/","https:\/\/x.com\/https:\/\/twitter.com\/villasmilhfoto"],"url":"https:\/\/digital58.com.ve\/site\/author\/droopy_68\/"}]}},"uagb_featured_image_src":{"full":["https:\/\/digital58.com.ve\/site\/wp-content\/uploads\/2019\/11\/concord-2.jpg",800,462,false],"thumbnail":["https:\/\/digital58.com.ve\/site\/wp-content\/uploads\/2019\/11\/concord-2-150x150.jpg",150,150,true],"medium":["https:\/\/digital58.com.ve\/site\/wp-content\/uploads\/2019\/11\/concord-2-300x173.jpg",300,173,true],"medium_large":["https:\/\/digital58.com.ve\/site\/wp-content\/uploads\/2019\/11\/concord-2-768x443.jpg",768,443,true],"large":["https:\/\/digital58.com.ve\/site\/wp-content\/uploads\/2019\/11\/concord-2.jpg",800,462,false],"1536x1536":["https:\/\/digital58.com.ve\/site\/wp-content\/uploads\/2019\/11\/concord-2.jpg",800,462,false],"2048x2048":["https:\/\/digital58.com.ve\/site\/wp-content\/uploads\/2019\/11\/concord-2.jpg",800,462,false],"colormag-highlighted-post":["https:\/\/digital58.com.ve\/site\/wp-content\/uploads\/2019\/11\/concord-2.jpg",392,226,false],"colormag-featured-post-medium":["https:\/\/digital58.com.ve\/site\/wp-content\/uploads\/2019\/11\/concord-2.jpg",355,205,false],"colormag-featured-post-small":["https:\/\/digital58.com.ve\/site\/wp-content\/uploads\/2019\/11\/concord-2.jpg",130,75,false],"colormag-featured-image":["https:\/\/digital58.com.ve\/site\/wp-content\/uploads\/2019\/11\/concord-2.jpg",771,445,false],"colormag-default-news":["https:\/\/digital58.com.ve\/site\/wp-content\/uploads\/2019\/11\/concord-2.jpg",150,87,false],"colormag-featured-image-large":["https:\/\/digital58.com.ve\/site\/wp-content\/uploads\/2019\/11\/concord-2.jpg",800,462,false]},"uagb_author_info":{"display_name":"Villasmil Henry","author_link":"https:\/\/digital58.com.ve\/site\/author\/droopy_68\/"},"uagb_comment_info":0,"uagb_excerpt":"\u00bfTe imaginas volar de Madrid a Nueva York en unas tres horas? Esto en 2019 no es posible en un","_links":{"self":[{"href":"https:\/\/digital58.com.ve\/site\/wp-json\/wp\/v2\/posts\/89454","targetHints":{"allow":["GET"]}}],"collection":[{"href":"https:\/\/digital58.com.ve\/site\/wp-json\/wp\/v2\/posts"}],"about":[{"href":"https:\/\/digital58.com.ve\/site\/wp-json\/wp\/v2\/types\/post"}],"author":[{"embeddable":true,"href":"https:\/\/digital58.com.ve\/site\/wp-json\/wp\/v2\/users\/1"}],"replies":[{"embeddable":true,"href":"https:\/\/digital58.com.ve\/site\/wp-json\/wp\/v2\/comments?post=89454"}],"version-history":[{"count":0,"href":"https:\/\/digital58.com.ve\/site\/wp-json\/wp\/v2\/posts\/89454\/revisions"}],"wp:featuredmedia":[{"embeddable":true,"href":"https:\/\/digital58.com.ve\/site\/wp-json\/wp\/v2\/media\/89456"}],"wp:attachment":[{"href":"https:\/\/digital58.com.ve\/site\/wp-json\/wp\/v2\/media?parent=89454"}],"wp:term":[{"taxonomy":"category","embeddable":true,"href":"https:\/\/digital58.com.ve\/site\/wp-json\/wp\/v2\/categories?post=89454"},{"taxonomy":"post_tag","embeddable":true,"href":"https:\/\/digital58.com.ve\/site\/wp-json\/wp\/v2\/tags?post=89454"}],"curies":[{"name":"wp","href":"https:\/\/api.w.org\/{rel}","templated":true}]}}