{"id":89559,"date":"2019-11-29T07:40:56","date_gmt":"2019-11-29T11:40:56","guid":{"rendered":"https:\/\/digital58.com.ve\/site\/?p=89559"},"modified":"2019-11-29T07:40:56","modified_gmt":"2019-11-29T11:40:56","slug":"los-simpson-podrian-terminar-en-2021-asegura-el-compositor-de-la-serie-danny-elfman","status":"publish","type":"post","link":"https:\/\/digital58.com.ve\/site\/2019\/11\/29\/los-simpson-podrian-terminar-en-2021-asegura-el-compositor-de-la-serie-danny-elfman\/","title":{"rendered":"Los Simpson podr\u00edan terminar en 2021, asegura el compositor de la serie, Danny Elfman"},"content":{"rendered":"<p><a href=\"https:\/\/digital58.com.ve\/site\/wp-content\/uploads\/2019\/11\/eldannyelf.jpg\"><img loading=\"lazy\" decoding=\"async\" class=\"aligncenter size-full wp-image-89561\" src=\"https:\/\/digital58.com.ve\/site\/wp-content\/uploads\/2019\/11\/eldannyelf.jpg\" alt=\"\" width=\"678\" height=\"452\" srcset=\"https:\/\/digital58.com.ve\/site\/wp-content\/uploads\/2019\/11\/eldannyelf.jpg 678w, https:\/\/digital58.com.ve\/site\/wp-content\/uploads\/2019\/11\/eldannyelf-300x200.jpg 300w, https:\/\/digital58.com.ve\/site\/wp-content\/uploads\/2019\/11\/eldannyelf-480x320.jpg 480w\" sizes=\"auto, (max-width: 678px) 100vw, 678px\" \/><\/a><\/p>\n<p>En 1989 se transmiti\u00f3 el primer cap\u00edtulo de una serie animada sobre una grupo de color amarillo, que con el paso de los abriles se convirti\u00f3 en un \u00edcono de la civilizaci\u00f3n pop y nos mostr\u00f3 de guisa cruda y divertida el estilo de vida de los estadounidenses. Ya tiene 31 temporadas al salero, pero todo parece indicar que el final est\u00e1 muy cerca; esto, de acuerdo a Danny Elfman, quien compuso el tema principal de Los Simpson, que todo el mundo reconoce cuando suenan sus primeras notas.<\/p>\n<p><strong>Maracaibo, Zulia, Venezuela, 29 de noviembre de 2019 (Noticias D58).-<\/strong> Danny dio una entrevista al sitio Joe, donde habl\u00f3 sobre las cr\u00edticas a la serie, en el sentido de que han pasado sus mejores momentos, y fue entonces cuando manifest\u00f3 que de acuerdo a lo que ha escuchado, parece que el final llegar\u00e1 en el 2021, a\u00f1o en que se estrenar\u00e1 la temporada 32.<\/p>\n<p>Obviamente esta no es una aviso confirmada, pero seguro que millones de fans ya sienten la tristeza de que termine; aunque para el propio compositor no es poco tan duro, sobre todo porque nunca se imagin\u00f3 que la serie tuviera tanto \u00e9xito: \u00abrealmente, esperaba que durara tres episodios y se cancelara, y eso ser\u00eda todo, porque era muy extra\u00f1o en ese momento, y simplemente no pens\u00e9 que tuviera una oportunidad. As\u00ed que cr\u00e9eme, esa es una de las sorpresas verdaderamente grandes en mi vida\u00bb, dijo.<\/p>\n<p><a href=\"https:\/\/digital58.com.ve\/site\/wp-content\/uploads\/2019\/11\/sim.jpg\"><img loading=\"lazy\" decoding=\"async\" class=\"aligncenter size-full wp-image-89560\" src=\"https:\/\/digital58.com.ve\/site\/wp-content\/uploads\/2019\/11\/sim.jpg\" alt=\"\" width=\"1000\" height=\"528\" srcset=\"https:\/\/digital58.com.ve\/site\/wp-content\/uploads\/2019\/11\/sim.jpg 800w, https:\/\/digital58.com.ve\/site\/wp-content\/uploads\/2019\/11\/sim-300x158.jpg 300w, https:\/\/digital58.com.ve\/site\/wp-content\/uploads\/2019\/11\/sim-768x406.jpg 768w\" sizes=\"auto, (max-width: 1000px) 100vw, 1000px\" \/><\/a><\/p>\n<p>De hecho, coment\u00f3, pens\u00f3 que su composici\u00f3n pasar\u00eda sin pena ni para\u00edso, porque su expectativa sobre la serie animada era muy escueto, y de ning\u00fan modo imagin\u00f3 que el tema principal llegara pr\u00e1cticamente a cada rinc\u00f3n del mundo, siendo una de sus obras m\u00e1s conocidas.<\/p>\n<p>Manifest\u00f3 que no conoce los detalles, ni revel\u00f3 la fuente de donde proviene esa informaci\u00f3n, pero s\u00ed se\u00f1al\u00f3 la temporada 32 como la \u00faltima. Esto concuerda con el hecho de que en febrero de este a\u00f1o se firm\u00f3 una extensi\u00f3n del anuencia para seguir produciendo la serie, pero solo por dos abriles.<\/p>\n<p>Ya veremos qu\u00e9 sucede, y de todos modos, siempre tendremos las repeticiones.<\/p><div class=\"vnfzp69f161568e2c1\" ><p style=\"text-align: center;\"><a href=\"https:\/\/t.me\/noticiasdigital58\" target=\"_blank\" rel=\"noopener\"><img class=\"aligncenter size-full wp-image-125363\" src=\"https:\/\/digital58.com.ve\/site\/wp-content\/uploads\/2021\/04\/banner-telegram-web-2021.png\" alt=\"\" width=\"600\" height=\"90\" \/><\/a><\/p><\/div><style type=\"text\/css\">\r\n@media screen and (min-width: 1201px) {\r\n.vnfzp69f161568e2c1 {\r\ndisplay: block;\r\n}\r\n}\r\n@media screen and (min-width: 993px) and (max-width: 1200px) {\r\n.vnfzp69f161568e2c1 {\r\ndisplay: block;\r\n}\r\n}\r\n@media screen and (min-width: 769px) and (max-width: 992px) {\r\n.vnfzp69f161568e2c1 {\r\ndisplay: block;\r\n}\r\n}\r\n@media screen and (min-width: 768px) and (max-width: 768px) {\r\n.vnfzp69f161568e2c1 {\r\ndisplay: block;\r\n}\r\n}\r\n@media screen and (max-width: 767px) {\r\n.vnfzp69f161568e2c1 {\r\ndisplay: block;\r\n}\r\n}\r\n<\/style>\r\n\n<p><strong>Redacci\u00f3n con fuente: tvyfarandula.com<\/strong><br \/>\n<strong>Edici\u00f3n. Villasmil, Henry<\/strong><br \/>\n<strong>Gr\u00e1ficas: web<\/strong><\/p>\n<div style=\"margin-top: 0px; margin-bottom: 0px;\" class=\"sharethis-inline-share-buttons\" ><\/div>","protected":false},"excerpt":{"rendered":"<p>En 1989 se transmiti\u00f3 el primer cap\u00edtulo de una serie animada sobre una grupo de color amarillo, que con el<\/p>\n","protected":false},"author":1,"featured_media":89560,"comment_status":"open","ping_status":"closed","sticky":false,"template":"","format":"standard","meta":{"colormag_page_container_layout":"default_layout","colormag_page_sidebar_layout":"default_layout","_uag_custom_page_level_css":"","footnotes":""},"categories":[1],"tags":[12967,50,8,6986,134],"class_list":["post-89559","post","type-post","status-publish","format-standard","has-post-thumbnail","hentry","category-fama","tag-danny-elfman","tag-entretenimiento","tag-internacionales","tag-los-simpson","tag-tv"],"yoast_head":"<!-- This site is optimized with the Yoast SEO plugin v27.5 - https:\/\/yoast.com\/product\/yoast-seo-wordpress\/ -->\n<title>Los Simpson podr\u00edan terminar en 2021, asegura el compositor de la serie, Danny Elfman<\/title>\n<meta name=\"description\" content=\"Fama\" \/>\n<meta name=\"robots\" content=\"index, follow, max-snippet:-1, max-image-preview:large, max-video-preview:-1\" \/>\n<link rel=\"canonical\" href=\"https:\/\/digital58.com.ve\/site\/2019\/11\/29\/los-simpson-podrian-terminar-en-2021-asegura-el-compositor-de-la-serie-danny-elfman\/\" \/>\n<meta property=\"og:locale\" content=\"es_ES\" \/>\n<meta property=\"og:type\" content=\"article\" \/>\n<meta property=\"og:title\" content=\"Los Simpson podr\u00edan terminar en 2021, asegura el compositor de la serie, Danny Elfman\" \/>\n<meta property=\"og:description\" content=\"Fama\" \/>\n<meta property=\"og:url\" content=\"https:\/\/digital58.com.ve\/site\/2019\/11\/29\/los-simpson-podrian-terminar-en-2021-asegura-el-compositor-de-la-serie-danny-elfman\/\" \/>\n<meta property=\"og:site_name\" content=\"Noticias Digital58\" \/>\n<meta property=\"article:published_time\" content=\"2019-11-29T11:40:56+00:00\" \/>\n<meta property=\"og:image\" content=\"https:\/\/digital58.com.ve\/site\/wp-content\/uploads\/2019\/11\/sim.jpg\" \/>\n\t<meta property=\"og:image:width\" content=\"1000\" \/>\n\t<meta property=\"og:image:height\" content=\"528\" \/>\n\t<meta property=\"og:image:type\" content=\"image\/jpeg\" \/>\n<meta name=\"author\" content=\"Villasmil Henry\" \/>\n<meta name=\"twitter:card\" content=\"summary_large_image\" \/>\n<meta name=\"twitter:creator\" content=\"@https:\/\/twitter.com\/villasmilhfoto\" \/>\n<meta name=\"twitter:site\" content=\"@villasmilhfoto\" \/>\n<meta name=\"twitter:label1\" content=\"Escrito por\" \/>\n\t<meta name=\"twitter:data1\" content=\"Villasmil Henry\" \/>\n\t<meta name=\"twitter:label2\" content=\"Tiempo estimado de lectura\" \/>\n\t<meta name=\"twitter:data2\" content=\"2 minutos\" \/>\n<script type=\"application\/ld+json\" class=\"yoast-schema-graph\">{\"@context\":\"https:\\\/\\\/schema.org\",\"@graph\":[{\"@type\":\"Article\",\"@id\":\"https:\\\/\\\/digital58.com.ve\\\/site\\\/2019\\\/11\\\/29\\\/los-simpson-podrian-terminar-en-2021-asegura-el-compositor-de-la-serie-danny-elfman\\\/#article\",\"isPartOf\":{\"@id\":\"https:\\\/\\\/digital58.com.ve\\\/site\\\/2019\\\/11\\\/29\\\/los-simpson-podrian-terminar-en-2021-asegura-el-compositor-de-la-serie-danny-elfman\\\/\"},\"author\":{\"name\":\"Villasmil Henry\",\"@id\":\"https:\\\/\\\/digital58.com.ve\\\/site\\\/#\\\/schema\\\/person\\\/64d1c2e4d0d4fd1b849980c4331c2951\"},\"headline\":\"Los Simpson podr\u00edan terminar en 2021, asegura el compositor de la serie, Danny Elfman\",\"datePublished\":\"2019-11-29T11:40:56+00:00\",\"mainEntityOfPage\":{\"@id\":\"https:\\\/\\\/digital58.com.ve\\\/site\\\/2019\\\/11\\\/29\\\/los-simpson-podrian-terminar-en-2021-asegura-el-compositor-de-la-serie-danny-elfman\\\/\"},\"wordCount\":385,\"commentCount\":0,\"publisher\":{\"@id\":\"https:\\\/\\\/digital58.com.ve\\\/site\\\/#\\\/schema\\\/person\\\/64d1c2e4d0d4fd1b849980c4331c2951\"},\"image\":{\"@id\":\"https:\\\/\\\/digital58.com.ve\\\/site\\\/2019\\\/11\\\/29\\\/los-simpson-podrian-terminar-en-2021-asegura-el-compositor-de-la-serie-danny-elfman\\\/#primaryimage\"},\"thumbnailUrl\":\"https:\\\/\\\/digital58.com.ve\\\/site\\\/wp-content\\\/uploads\\\/2019\\\/11\\\/sim.jpg\",\"keywords\":[\"Danny Elfman\",\"Entretenimiento\",\"Internacionales\",\"Los Simpson\",\"TV\"],\"articleSection\":[\"Fama\"],\"inLanguage\":\"es\",\"potentialAction\":[{\"@type\":\"CommentAction\",\"name\":\"Comment\",\"target\":[\"https:\\\/\\\/digital58.com.ve\\\/site\\\/2019\\\/11\\\/29\\\/los-simpson-podrian-terminar-en-2021-asegura-el-compositor-de-la-serie-danny-elfman\\\/#respond\"]}]},{\"@type\":\"WebPage\",\"@id\":\"https:\\\/\\\/digital58.com.ve\\\/site\\\/2019\\\/11\\\/29\\\/los-simpson-podrian-terminar-en-2021-asegura-el-compositor-de-la-serie-danny-elfman\\\/\",\"url\":\"https:\\\/\\\/digital58.com.ve\\\/site\\\/2019\\\/11\\\/29\\\/los-simpson-podrian-terminar-en-2021-asegura-el-compositor-de-la-serie-danny-elfman\\\/\",\"name\":\"Los Simpson podr\u00edan terminar en 2021, asegura el compositor de la serie, Danny Elfman\",\"isPartOf\":{\"@id\":\"https:\\\/\\\/digital58.com.ve\\\/site\\\/#website\"},\"primaryImageOfPage\":{\"@id\":\"https:\\\/\\\/digital58.com.ve\\\/site\\\/2019\\\/11\\\/29\\\/los-simpson-podrian-terminar-en-2021-asegura-el-compositor-de-la-serie-danny-elfman\\\/#primaryimage\"},\"image\":{\"@id\":\"https:\\\/\\\/digital58.com.ve\\\/site\\\/2019\\\/11\\\/29\\\/los-simpson-podrian-terminar-en-2021-asegura-el-compositor-de-la-serie-danny-elfman\\\/#primaryimage\"},\"thumbnailUrl\":\"https:\\\/\\\/digital58.com.ve\\\/site\\\/wp-content\\\/uploads\\\/2019\\\/11\\\/sim.jpg\",\"datePublished\":\"2019-11-29T11:40:56+00:00\",\"description\":\"Fama\",\"breadcrumb\":{\"@id\":\"https:\\\/\\\/digital58.com.ve\\\/site\\\/2019\\\/11\\\/29\\\/los-simpson-podrian-terminar-en-2021-asegura-el-compositor-de-la-serie-danny-elfman\\\/#breadcrumb\"},\"inLanguage\":\"es\",\"potentialAction\":[{\"@type\":\"ReadAction\",\"target\":[\"https:\\\/\\\/digital58.com.ve\\\/site\\\/2019\\\/11\\\/29\\\/los-simpson-podrian-terminar-en-2021-asegura-el-compositor-de-la-serie-danny-elfman\\\/\"]}]},{\"@type\":\"ImageObject\",\"inLanguage\":\"es\",\"@id\":\"https:\\\/\\\/digital58.com.ve\\\/site\\\/2019\\\/11\\\/29\\\/los-simpson-podrian-terminar-en-2021-asegura-el-compositor-de-la-serie-danny-elfman\\\/#primaryimage\",\"url\":\"https:\\\/\\\/digital58.com.ve\\\/site\\\/wp-content\\\/uploads\\\/2019\\\/11\\\/sim.jpg\",\"contentUrl\":\"https:\\\/\\\/digital58.com.ve\\\/site\\\/wp-content\\\/uploads\\\/2019\\\/11\\\/sim.jpg\",\"width\":800,\"height\":422},{\"@type\":\"BreadcrumbList\",\"@id\":\"https:\\\/\\\/digital58.com.ve\\\/site\\\/2019\\\/11\\\/29\\\/los-simpson-podrian-terminar-en-2021-asegura-el-compositor-de-la-serie-danny-elfman\\\/#breadcrumb\",\"itemListElement\":[{\"@type\":\"ListItem\",\"position\":1,\"name\":\"Home\",\"item\":\"https:\\\/\\\/digital58.com.ve\\\/site\\\/\"},{\"@type\":\"ListItem\",\"position\":2,\"name\":\"Los Simpson podr\u00edan terminar en 2021, asegura el compositor de la serie, Danny Elfman\"}]},{\"@type\":\"WebSite\",\"@id\":\"https:\\\/\\\/digital58.com.ve\\\/site\\\/#website\",\"url\":\"https:\\\/\\\/digital58.com.ve\\\/site\\\/\",\"name\":\"Noticias Digital58\",\"description\":\"Portal de Noticias \u00a1Periodismo web de verdad! Lanzamiento web 22.11.2005 \\\/ Maracaibo, Venezuela\",\"publisher\":{\"@id\":\"https:\\\/\\\/digital58.com.ve\\\/site\\\/#\\\/schema\\\/person\\\/64d1c2e4d0d4fd1b849980c4331c2951\"},\"alternateName\":\"ND58\",\"potentialAction\":[{\"@type\":\"SearchAction\",\"target\":{\"@type\":\"EntryPoint\",\"urlTemplate\":\"https:\\\/\\\/digital58.com.ve\\\/site\\\/?s={search_term_string}\"},\"query-input\":{\"@type\":\"PropertyValueSpecification\",\"valueRequired\":true,\"valueName\":\"search_term_string\"}}],\"inLanguage\":\"es\"},{\"@type\":[\"Person\",\"Organization\"],\"@id\":\"https:\\\/\\\/digital58.com.ve\\\/site\\\/#\\\/schema\\\/person\\\/64d1c2e4d0d4fd1b849980c4331c2951\",\"name\":\"Villasmil Henry\",\"image\":{\"@type\":\"ImageObject\",\"inLanguage\":\"es\",\"@id\":\"https:\\\/\\\/secure.gravatar.com\\\/avatar\\\/bb0c4a2fcb7970138239f7e404ea75757b1b507b28b5ce4c53fbd62d797c5a7c?s=96&d=mm&r=g\",\"url\":\"https:\\\/\\\/secure.gravatar.com\\\/avatar\\\/bb0c4a2fcb7970138239f7e404ea75757b1b507b28b5ce4c53fbd62d797c5a7c?s=96&d=mm&r=g\",\"contentUrl\":\"https:\\\/\\\/secure.gravatar.com\\\/avatar\\\/bb0c4a2fcb7970138239f7e404ea75757b1b507b28b5ce4c53fbd62d797c5a7c?s=96&d=mm&r=g\",\"caption\":\"Villasmil Henry\"},\"logo\":{\"@id\":\"https:\\\/\\\/secure.gravatar.com\\\/avatar\\\/bb0c4a2fcb7970138239f7e404ea75757b1b507b28b5ce4c53fbd62d797c5a7c?s=96&d=mm&r=g\"},\"sameAs\":[\"http:\\\/\\\/www.henryvillasmil.com.ve\",\"https:\\\/\\\/www.instagram.com\\\/villasmilhfoto\\\/\",\"https:\\\/\\\/x.com\\\/https:\\\/\\\/twitter.com\\\/villasmilhfoto\"],\"url\":\"https:\\\/\\\/digital58.com.ve\\\/site\\\/author\\\/droopy_68\\\/\"}]}<\/script>\n<!-- \/ Yoast SEO plugin. -->","yoast_head_json":{"title":"Los Simpson podr\u00edan terminar en 2021, asegura el compositor de la serie, Danny Elfman","description":"Fama","robots":{"index":"index","follow":"follow","max-snippet":"max-snippet:-1","max-image-preview":"max-image-preview:large","max-video-preview":"max-video-preview:-1"},"canonical":"https:\/\/digital58.com.ve\/site\/2019\/11\/29\/los-simpson-podrian-terminar-en-2021-asegura-el-compositor-de-la-serie-danny-elfman\/","og_locale":"es_ES","og_type":"article","og_title":"Los Simpson podr\u00edan terminar en 2021, asegura el compositor de la serie, Danny Elfman","og_description":"Fama","og_url":"https:\/\/digital58.com.ve\/site\/2019\/11\/29\/los-simpson-podrian-terminar-en-2021-asegura-el-compositor-de-la-serie-danny-elfman\/","og_site_name":"Noticias Digital58","article_published_time":"2019-11-29T11:40:56+00:00","og_image":[{"width":1000,"height":528,"url":"https:\/\/digital58.com.ve\/site\/wp-content\/uploads\/2019\/11\/sim.jpg","type":"image\/jpeg"}],"author":"Villasmil Henry","twitter_card":"summary_large_image","twitter_creator":"@https:\/\/twitter.com\/villasmilhfoto","twitter_site":"@villasmilhfoto","twitter_misc":{"Escrito por":"Villasmil Henry","Tiempo estimado de lectura":"2 minutos"},"schema":{"@context":"https:\/\/schema.org","@graph":[{"@type":"Article","@id":"https:\/\/digital58.com.ve\/site\/2019\/11\/29\/los-simpson-podrian-terminar-en-2021-asegura-el-compositor-de-la-serie-danny-elfman\/#article","isPartOf":{"@id":"https:\/\/digital58.com.ve\/site\/2019\/11\/29\/los-simpson-podrian-terminar-en-2021-asegura-el-compositor-de-la-serie-danny-elfman\/"},"author":{"name":"Villasmil Henry","@id":"https:\/\/digital58.com.ve\/site\/#\/schema\/person\/64d1c2e4d0d4fd1b849980c4331c2951"},"headline":"Los Simpson podr\u00edan terminar en 2021, asegura el compositor de la serie, Danny Elfman","datePublished":"2019-11-29T11:40:56+00:00","mainEntityOfPage":{"@id":"https:\/\/digital58.com.ve\/site\/2019\/11\/29\/los-simpson-podrian-terminar-en-2021-asegura-el-compositor-de-la-serie-danny-elfman\/"},"wordCount":385,"commentCount":0,"publisher":{"@id":"https:\/\/digital58.com.ve\/site\/#\/schema\/person\/64d1c2e4d0d4fd1b849980c4331c2951"},"image":{"@id":"https:\/\/digital58.com.ve\/site\/2019\/11\/29\/los-simpson-podrian-terminar-en-2021-asegura-el-compositor-de-la-serie-danny-elfman\/#primaryimage"},"thumbnailUrl":"https:\/\/digital58.com.ve\/site\/wp-content\/uploads\/2019\/11\/sim.jpg","keywords":["Danny Elfman","Entretenimiento","Internacionales","Los Simpson","TV"],"articleSection":["Fama"],"inLanguage":"es","potentialAction":[{"@type":"CommentAction","name":"Comment","target":["https:\/\/digital58.com.ve\/site\/2019\/11\/29\/los-simpson-podrian-terminar-en-2021-asegura-el-compositor-de-la-serie-danny-elfman\/#respond"]}]},{"@type":"WebPage","@id":"https:\/\/digital58.com.ve\/site\/2019\/11\/29\/los-simpson-podrian-terminar-en-2021-asegura-el-compositor-de-la-serie-danny-elfman\/","url":"https:\/\/digital58.com.ve\/site\/2019\/11\/29\/los-simpson-podrian-terminar-en-2021-asegura-el-compositor-de-la-serie-danny-elfman\/","name":"Los Simpson podr\u00edan terminar en 2021, asegura el compositor de la serie, Danny Elfman","isPartOf":{"@id":"https:\/\/digital58.com.ve\/site\/#website"},"primaryImageOfPage":{"@id":"https:\/\/digital58.com.ve\/site\/2019\/11\/29\/los-simpson-podrian-terminar-en-2021-asegura-el-compositor-de-la-serie-danny-elfman\/#primaryimage"},"image":{"@id":"https:\/\/digital58.com.ve\/site\/2019\/11\/29\/los-simpson-podrian-terminar-en-2021-asegura-el-compositor-de-la-serie-danny-elfman\/#primaryimage"},"thumbnailUrl":"https:\/\/digital58.com.ve\/site\/wp-content\/uploads\/2019\/11\/sim.jpg","datePublished":"2019-11-29T11:40:56+00:00","description":"Fama","breadcrumb":{"@id":"https:\/\/digital58.com.ve\/site\/2019\/11\/29\/los-simpson-podrian-terminar-en-2021-asegura-el-compositor-de-la-serie-danny-elfman\/#breadcrumb"},"inLanguage":"es","potentialAction":[{"@type":"ReadAction","target":["https:\/\/digital58.com.ve\/site\/2019\/11\/29\/los-simpson-podrian-terminar-en-2021-asegura-el-compositor-de-la-serie-danny-elfman\/"]}]},{"@type":"ImageObject","inLanguage":"es","@id":"https:\/\/digital58.com.ve\/site\/2019\/11\/29\/los-simpson-podrian-terminar-en-2021-asegura-el-compositor-de-la-serie-danny-elfman\/#primaryimage","url":"https:\/\/digital58.com.ve\/site\/wp-content\/uploads\/2019\/11\/sim.jpg","contentUrl":"https:\/\/digital58.com.ve\/site\/wp-content\/uploads\/2019\/11\/sim.jpg","width":800,"height":422},{"@type":"BreadcrumbList","@id":"https:\/\/digital58.com.ve\/site\/2019\/11\/29\/los-simpson-podrian-terminar-en-2021-asegura-el-compositor-de-la-serie-danny-elfman\/#breadcrumb","itemListElement":[{"@type":"ListItem","position":1,"name":"Home","item":"https:\/\/digital58.com.ve\/site\/"},{"@type":"ListItem","position":2,"name":"Los Simpson podr\u00edan terminar en 2021, asegura el compositor de la serie, Danny Elfman"}]},{"@type":"WebSite","@id":"https:\/\/digital58.com.ve\/site\/#website","url":"https:\/\/digital58.com.ve\/site\/","name":"Noticias Digital58","description":"Portal de Noticias \u00a1Periodismo web de verdad! Lanzamiento web 22.11.2005 \/ Maracaibo, Venezuela","publisher":{"@id":"https:\/\/digital58.com.ve\/site\/#\/schema\/person\/64d1c2e4d0d4fd1b849980c4331c2951"},"alternateName":"ND58","potentialAction":[{"@type":"SearchAction","target":{"@type":"EntryPoint","urlTemplate":"https:\/\/digital58.com.ve\/site\/?s={search_term_string}"},"query-input":{"@type":"PropertyValueSpecification","valueRequired":true,"valueName":"search_term_string"}}],"inLanguage":"es"},{"@type":["Person","Organization"],"@id":"https:\/\/digital58.com.ve\/site\/#\/schema\/person\/64d1c2e4d0d4fd1b849980c4331c2951","name":"Villasmil Henry","image":{"@type":"ImageObject","inLanguage":"es","@id":"https:\/\/secure.gravatar.com\/avatar\/bb0c4a2fcb7970138239f7e404ea75757b1b507b28b5ce4c53fbd62d797c5a7c?s=96&d=mm&r=g","url":"https:\/\/secure.gravatar.com\/avatar\/bb0c4a2fcb7970138239f7e404ea75757b1b507b28b5ce4c53fbd62d797c5a7c?s=96&d=mm&r=g","contentUrl":"https:\/\/secure.gravatar.com\/avatar\/bb0c4a2fcb7970138239f7e404ea75757b1b507b28b5ce4c53fbd62d797c5a7c?s=96&d=mm&r=g","caption":"Villasmil Henry"},"logo":{"@id":"https:\/\/secure.gravatar.com\/avatar\/bb0c4a2fcb7970138239f7e404ea75757b1b507b28b5ce4c53fbd62d797c5a7c?s=96&d=mm&r=g"},"sameAs":["http:\/\/www.henryvillasmil.com.ve","https:\/\/www.instagram.com\/villasmilhfoto\/","https:\/\/x.com\/https:\/\/twitter.com\/villasmilhfoto"],"url":"https:\/\/digital58.com.ve\/site\/author\/droopy_68\/"}]}},"uagb_featured_image_src":{"full":["https:\/\/digital58.com.ve\/site\/wp-content\/uploads\/2019\/11\/sim.jpg",800,422,false],"thumbnail":["https:\/\/digital58.com.ve\/site\/wp-content\/uploads\/2019\/11\/sim-150x150.jpg",150,150,true],"medium":["https:\/\/digital58.com.ve\/site\/wp-content\/uploads\/2019\/11\/sim-300x158.jpg",300,158,true],"medium_large":["https:\/\/digital58.com.ve\/site\/wp-content\/uploads\/2019\/11\/sim-768x406.jpg",768,406,true],"large":["https:\/\/digital58.com.ve\/site\/wp-content\/uploads\/2019\/11\/sim.jpg",800,422,false],"1536x1536":["https:\/\/digital58.com.ve\/site\/wp-content\/uploads\/2019\/11\/sim.jpg",800,422,false],"2048x2048":["https:\/\/digital58.com.ve\/site\/wp-content\/uploads\/2019\/11\/sim.jpg",800,422,false],"colormag-highlighted-post":["https:\/\/digital58.com.ve\/site\/wp-content\/uploads\/2019\/11\/sim.jpg",392,207,false],"colormag-featured-post-medium":["https:\/\/digital58.com.ve\/site\/wp-content\/uploads\/2019\/11\/sim.jpg",390,205,false],"colormag-featured-post-small":["https:\/\/digital58.com.ve\/site\/wp-content\/uploads\/2019\/11\/sim.jpg",130,69,false],"colormag-featured-image":["https:\/\/digital58.com.ve\/site\/wp-content\/uploads\/2019\/11\/sim.jpg",800,422,false],"colormag-default-news":["https:\/\/digital58.com.ve\/site\/wp-content\/uploads\/2019\/11\/sim.jpg",150,79,false],"colormag-featured-image-large":["https:\/\/digital58.com.ve\/site\/wp-content\/uploads\/2019\/11\/sim.jpg",800,422,false]},"uagb_author_info":{"display_name":"Villasmil Henry","author_link":"https:\/\/digital58.com.ve\/site\/author\/droopy_68\/"},"uagb_comment_info":0,"uagb_excerpt":"En 1989 se transmiti\u00f3 el primer cap\u00edtulo de una serie animada sobre una grupo de color amarillo, que con el","_links":{"self":[{"href":"https:\/\/digital58.com.ve\/site\/wp-json\/wp\/v2\/posts\/89559","targetHints":{"allow":["GET"]}}],"collection":[{"href":"https:\/\/digital58.com.ve\/site\/wp-json\/wp\/v2\/posts"}],"about":[{"href":"https:\/\/digital58.com.ve\/site\/wp-json\/wp\/v2\/types\/post"}],"author":[{"embeddable":true,"href":"https:\/\/digital58.com.ve\/site\/wp-json\/wp\/v2\/users\/1"}],"replies":[{"embeddable":true,"href":"https:\/\/digital58.com.ve\/site\/wp-json\/wp\/v2\/comments?post=89559"}],"version-history":[{"count":0,"href":"https:\/\/digital58.com.ve\/site\/wp-json\/wp\/v2\/posts\/89559\/revisions"}],"wp:featuredmedia":[{"embeddable":true,"href":"https:\/\/digital58.com.ve\/site\/wp-json\/wp\/v2\/media\/89560"}],"wp:attachment":[{"href":"https:\/\/digital58.com.ve\/site\/wp-json\/wp\/v2\/media?parent=89559"}],"wp:term":[{"taxonomy":"category","embeddable":true,"href":"https:\/\/digital58.com.ve\/site\/wp-json\/wp\/v2\/categories?post=89559"},{"taxonomy":"post_tag","embeddable":true,"href":"https:\/\/digital58.com.ve\/site\/wp-json\/wp\/v2\/tags?post=89559"}],"curies":[{"name":"wp","href":"https:\/\/api.w.org\/{rel}","templated":true}]}}