{"id":90342,"date":"2019-12-18T10:53:18","date_gmt":"2019-12-18T14:53:18","guid":{"rendered":"https:\/\/digital58.com.ve\/site\/?p=90342"},"modified":"2019-12-18T11:42:00","modified_gmt":"2019-12-18T15:42:00","slug":"fabiola-boscan-vivimos-en-un-planeta-como-si-tuvieramos-otro","status":"publish","type":"post","link":"https:\/\/digital58.com.ve\/site\/2019\/12\/18\/fabiola-boscan-vivimos-en-un-planeta-como-si-tuvieramos-otro\/","title":{"rendered":"Fabiola Bosc\u00e1n: \u00abvivimos en un planeta, como si tuvi\u00e9ramos otro\u00bb"},"content":{"rendered":"<p><a href=\"https:\/\/digital58.com.ve\/site\/wp-content\/uploads\/2019\/12\/ambiente-2.jpg\"><img loading=\"lazy\" decoding=\"async\" class=\"aligncenter size-full wp-image-90345\" src=\"https:\/\/digital58.com.ve\/site\/wp-content\/uploads\/2019\/12\/ambiente-2.jpg\" alt=\"\" width=\"1183\" height=\"720\" srcset=\"https:\/\/digital58.com.ve\/site\/wp-content\/uploads\/2019\/12\/ambiente-2.jpg 800w, https:\/\/digital58.com.ve\/site\/wp-content\/uploads\/2019\/12\/ambiente-2-300x183.jpg 300w, https:\/\/digital58.com.ve\/site\/wp-content\/uploads\/2019\/12\/ambiente-2-768x467.jpg 768w\" sizes=\"auto, (max-width: 1183px) 100vw, 1183px\" \/><\/a><br \/>\nDe acuerdo al lema \u00abcon justicia defendamos el medio ambiente\u00bb cada 17 de diciembre se celebra el d\u00eda del ambientalista latinoamericano, una efem\u00e9rides que invita a reconocer la tarea de quienes defienden la protecci\u00f3n del medio ambiente, siendo un espacio optimo en el que se desarrolla la vida de los seres vivos, permitiendo adem\u00e1s la interacci\u00f3n de los mismos para satisfacer las necesidades que se puedan presentar, bien sea humanas, espirituales o sociales.<\/p>\n<p><strong>Maracaibo, Zulia, Venezuela, 18 de diciembre de 2019 (Noticias D58).-<\/strong> Fabiola Bosc\u00e1n, maracaibera, de 45 a\u00f1os de edad, abogada, ecologista y amante de la preservaci\u00f3n del ambiente, une su profesi\u00f3n enmarcada en la justicia, para defender lo que es su entorno, cuidando las plantas, los animales, estudiando las especies, sus atributos, los cuidados que deben tener, los beneficios que pueden aportar y considerando dichas manifestaciones, como iniciativas que desde siempre a cultivado.<\/p>\n<p><a href=\"https:\/\/digital58.com.ve\/site\/wp-content\/uploads\/2019\/12\/ambiente-3.jpg\"><img loading=\"lazy\" decoding=\"async\" class=\"aligncenter size-full wp-image-90344\" src=\"https:\/\/digital58.com.ve\/site\/wp-content\/uploads\/2019\/12\/ambiente-3.jpg\" alt=\"\" width=\"1090\" height=\"663\" srcset=\"https:\/\/digital58.com.ve\/site\/wp-content\/uploads\/2019\/12\/ambiente-3.jpg 800w, https:\/\/digital58.com.ve\/site\/wp-content\/uploads\/2019\/12\/ambiente-3-300x182.jpg 300w, https:\/\/digital58.com.ve\/site\/wp-content\/uploads\/2019\/12\/ambiente-3-768x467.jpg 768w\" sizes=\"auto, (max-width: 1090px) 100vw, 1090px\" \/><\/a><br \/>\n<strong>Ser ambientalista es cuesti\u00f3n de variantes<br \/>\n<\/strong><br \/>\nSer ambientalista se deriva de dos variantes, primeramente con la persona que se siente identificada con la ciencia que estudia el medio ambiente y en segundo lugar m\u00e1s ampliamente con aquellas que personas que defienden al medio ambiente en s\u00ed, considerando que se siente insertada en la segunda variante, al practicar este h\u00e1bito, con el no generar basura, hasta estar en contacto con la naturaleza constantemente, es por ello que actualmente sigue grupos ecologistas como @greenpace, quienes son protectores de la vereda, del jard\u00edn bot\u00e1nico y adem\u00e1s forma parte de la asociaci\u00f3n de cultivadores amantes del desierto Zulia.<\/p>\n<p><strong>Desde peque\u00f1a tom\u00f3 la iniciativa ambientalista<br \/>\n<\/strong><br \/>\nDesde ni\u00f1a siempre sinti\u00f3 la necesidad de mantener su contacto con la naturaleza, por considerarla de su agrado por sus diferentes y m\u00faltiples beneficios, por lo que al tener ese v\u00ednculo ambientalista, le surge la necesidad de respetar, mantener y conservar, lo que engloba su mundo, denominando este proceso como una retroalimentaci\u00f3n que \u00abno solo permite que contribuiremos al mantenimiento de los seres vivos y el ambiente, sino que obtendremos los beneficios que la naturaleza nos aporta en distintos aspectos de nuestra vida\u00bb, siendo un motivo m\u00e1s para seguir con su prop\u00f3sito.<\/p>\n<p><a href=\"https:\/\/digital58.com.ve\/site\/wp-content\/uploads\/2019\/12\/ambiente.jpg\"><img loading=\"lazy\" decoding=\"async\" class=\"aligncenter size-large wp-image-90346\" src=\"https:\/\/digital58.com.ve\/site\/wp-content\/uploads\/2019\/12\/ambiente-1035x1024.jpg\" alt=\"\" width=\"640\" height=\"633\" srcset=\"https:\/\/digital58.com.ve\/site\/wp-content\/uploads\/2019\/12\/ambiente-1035x1024.jpg 1035w, https:\/\/digital58.com.ve\/site\/wp-content\/uploads\/2019\/12\/ambiente-300x297.jpg 300w, https:\/\/digital58.com.ve\/site\/wp-content\/uploads\/2019\/12\/ambiente-768x760.jpg 768w, https:\/\/digital58.com.ve\/site\/wp-content\/uploads\/2019\/12\/ambiente.jpg 607w\" sizes=\"auto, (max-width: 640px) 100vw, 640px\" \/><\/a><\/p>\n<p><strong>De un pasatiempo a un emprendimiento<br \/>\n<\/strong><br \/>\nBosc\u00e1n, aparte de la profesi\u00f3n a la cual se dedica como abogado, siente la necesidad de expresar su manera de ver el mundo natural con un \u00abhobby\u00bb y desde entonces, posee un emprendimiento de plantas ornamentales, @koke.tea_mcbo, no solo con el objetivo de tener un provecho econ\u00f3mico, sino de tratar de crear un v\u00ednculo entre las personas y las plantas, para que las personas aun estando en la ciudad posean un pedacito de naturaleza, creando no solo un espacio acogedor y diferente sino la presencia de la naturaleza en cada espacio que se encuentre el individuo.<\/p>\n<p><strong>H\u00e1bitos que invita a cultivar<br \/>\n<\/strong><br \/>\nFabiola Bosc\u00e1n, al reunirse con cultivadores de plantas, ha aprendido t\u00e9cnicas que permiten reciclar ciertos desechos que utilizan los seres humanos para ser reutilizados y aprovechados en su totalidad, por lo que invita a cultivar ciertos h\u00e1bitos que emplea desde su hogar, utilizando menos pl\u00e1stico y reciclando algunos con otras actividades, como por ejemplo: \u00ablas conchas del pl\u00e1tano, son ricas en potasio, con eso se hace un t\u00e9, y se lo colocas a las plantas\u00bb as\u00ed c\u00f3mo; \u00ablas cascaras del huevo, aportan calcio al sustrato a las plantas, siendo una aliada perfecta para reutilizarlos en abono\u00bb de esta manera, los envases de refresco los utiliza para hacer hielo, para los sobrantes de cebolla y perejil extrae sus ra\u00edces para cultivarlas nuevamente y algunas semillas de tomates, aj\u00ed, piment\u00f3n, y mandarinas.<\/p>\n<p><a href=\"https:\/\/digital58.com.ve\/site\/wp-content\/uploads\/2019\/12\/ambiente-4.jpg\"><img loading=\"lazy\" decoding=\"async\" class=\"aligncenter size-large wp-image-90343\" src=\"https:\/\/digital58.com.ve\/site\/wp-content\/uploads\/2019\/12\/ambiente-4-817x1024.jpg\" alt=\"\" width=\"640\" height=\"802\" srcset=\"https:\/\/digital58.com.ve\/site\/wp-content\/uploads\/2019\/12\/ambiente-4-817x1024.jpg 817w, https:\/\/digital58.com.ve\/site\/wp-content\/uploads\/2019\/12\/ambiente-4-239x300.jpg 239w, https:\/\/digital58.com.ve\/site\/wp-content\/uploads\/2019\/12\/ambiente-4-768x963.jpg 768w, https:\/\/digital58.com.ve\/site\/wp-content\/uploads\/2019\/12\/ambiente-4.jpg 479w\" sizes=\"auto, (max-width: 640px) 100vw, 640px\" \/><\/a><\/p>\n<p><strong>Se trata de tomar conciencia<br \/>\n<\/strong><br \/>\n\u00abVivimos en un planeta, como si tuvi\u00e9ramos otro\u00bb, por ello la \u00fanica manera de tener un planeta mejor es tomando conciencia, respetando, manteniendo, y conservando lo que se tiene.<\/p>\n<p>Es una manera de decir presente a la defensa de los derechos que tiene el medio de ambiente para expresar con sus colores lo bonito que se puede conseguir en su entorno, siendo importante el procurar que cada acto que se proyecte deje una huella verde en el camino. \u00abLa defensa de nuestros recursos, es tan importante como la defensa del exterior\u00bb.<\/p><div class=\"adrhq69f4cc109abc5\" ><p style=\"text-align: center;\"><a href=\"https:\/\/t.me\/noticiasdigital58\" target=\"_blank\" rel=\"noopener\"><img class=\"aligncenter size-full wp-image-125363\" src=\"https:\/\/digital58.com.ve\/site\/wp-content\/uploads\/2021\/04\/banner-telegram-web-2021.png\" alt=\"\" width=\"600\" height=\"90\" \/><\/a><\/p><\/div><style type=\"text\/css\">\r\n@media screen and (min-width: 1201px) {\r\n.adrhq69f4cc109abc5 {\r\ndisplay: block;\r\n}\r\n}\r\n@media screen and (min-width: 993px) and (max-width: 1200px) {\r\n.adrhq69f4cc109abc5 {\r\ndisplay: block;\r\n}\r\n}\r\n@media screen and (min-width: 769px) and (max-width: 992px) {\r\n.adrhq69f4cc109abc5 {\r\ndisplay: block;\r\n}\r\n}\r\n@media screen and (min-width: 768px) and (max-width: 768px) {\r\n.adrhq69f4cc109abc5 {\r\ndisplay: block;\r\n}\r\n}\r\n@media screen and (max-width: 767px) {\r\n.adrhq69f4cc109abc5 {\r\ndisplay: block;\r\n}\r\n}\r\n<\/style>\r\n\n<p><strong>Redacci\u00f3n: Montiel, Jeycel (@medicenjey_) <\/strong><br \/>\n<strong>Edici\u00f3n: Villasmil, Henry<\/strong><br \/>\n<strong>Gr\u00e1ficas: cortes\u00eda de Bosc\u00e1n, Fabiola (@koke.tea_mcbo)<\/strong><\/p>\n<div style=\"margin-top: 0px; margin-bottom: 0px;\" class=\"sharethis-inline-share-buttons\" ><\/div>","protected":false},"excerpt":{"rendered":"<p>De acuerdo al lema \u00abcon justicia defendamos el medio ambiente\u00bb cada 17 de diciembre se celebra el d\u00eda del ambientalista<\/p>\n","protected":false},"author":1,"featured_media":90344,"comment_status":"open","ping_status":"closed","sticky":false,"template":"","format":"standard","meta":{"colormag_page_container_layout":"default_layout","colormag_page_sidebar_layout":"default_layout","_uag_custom_page_level_css":"","footnotes":""},"categories":[5407],"tags":[13069,159,13070,8,418],"class_list":["post-90342","post","type-post","status-publish","format-standard","has-post-thumbnail","hentry","category-natura","tag-dia-del-ambientalista-latinoamericano","tag-efemerides","tag-fabiola-boscan","tag-internacionales","tag-medio-ambiente"],"yoast_head":"<!-- This site is optimized with the Yoast SEO plugin v27.5 - https:\/\/yoast.com\/product\/yoast-seo-wordpress\/ -->\n<title>Fabiola Bosc\u00e1n: \u00abvivimos en un planeta, como si tuvi\u00e9ramos otro\u00bb<\/title>\n<meta name=\"description\" content=\"Natura\" \/>\n<meta name=\"robots\" content=\"index, follow, max-snippet:-1, max-image-preview:large, max-video-preview:-1\" \/>\n<link rel=\"canonical\" href=\"https:\/\/digital58.com.ve\/site\/2019\/12\/18\/fabiola-boscan-vivimos-en-un-planeta-como-si-tuvieramos-otro\/\" \/>\n<meta property=\"og:locale\" content=\"es_ES\" \/>\n<meta property=\"og:type\" content=\"article\" \/>\n<meta property=\"og:title\" content=\"Fabiola Bosc\u00e1n: \u00abvivimos en un planeta, como si tuvi\u00e9ramos otro\u00bb\" \/>\n<meta property=\"og:description\" content=\"Natura\" \/>\n<meta property=\"og:url\" content=\"https:\/\/digital58.com.ve\/site\/2019\/12\/18\/fabiola-boscan-vivimos-en-un-planeta-como-si-tuvieramos-otro\/\" \/>\n<meta property=\"og:site_name\" content=\"Noticias Digital58\" \/>\n<meta property=\"article:published_time\" content=\"2019-12-18T14:53:18+00:00\" \/>\n<meta property=\"article:modified_time\" content=\"2019-12-18T15:42:00+00:00\" \/>\n<meta property=\"og:image\" content=\"https:\/\/digital58.com.ve\/site\/wp-content\/uploads\/2019\/12\/ambiente-3.jpg\" \/>\n\t<meta property=\"og:image:width\" content=\"1090\" \/>\n\t<meta property=\"og:image:height\" content=\"663\" \/>\n\t<meta property=\"og:image:type\" content=\"image\/jpeg\" \/>\n<meta name=\"author\" content=\"Villasmil Henry\" \/>\n<meta name=\"twitter:card\" content=\"summary_large_image\" \/>\n<meta name=\"twitter:creator\" content=\"@https:\/\/twitter.com\/villasmilhfoto\" \/>\n<meta name=\"twitter:site\" content=\"@villasmilhfoto\" \/>\n<meta name=\"twitter:label1\" content=\"Escrito por\" \/>\n\t<meta name=\"twitter:data1\" content=\"Villasmil Henry\" \/>\n\t<meta name=\"twitter:label2\" content=\"Tiempo estimado de lectura\" \/>\n\t<meta name=\"twitter:data2\" content=\"4 minutos\" \/>\n<script type=\"application\/ld+json\" class=\"yoast-schema-graph\">{\"@context\":\"https:\\\/\\\/schema.org\",\"@graph\":[{\"@type\":\"Article\",\"@id\":\"https:\\\/\\\/digital58.com.ve\\\/site\\\/2019\\\/12\\\/18\\\/fabiola-boscan-vivimos-en-un-planeta-como-si-tuvieramos-otro\\\/#article\",\"isPartOf\":{\"@id\":\"https:\\\/\\\/digital58.com.ve\\\/site\\\/2019\\\/12\\\/18\\\/fabiola-boscan-vivimos-en-un-planeta-como-si-tuvieramos-otro\\\/\"},\"author\":{\"name\":\"Villasmil Henry\",\"@id\":\"https:\\\/\\\/digital58.com.ve\\\/site\\\/#\\\/schema\\\/person\\\/64d1c2e4d0d4fd1b849980c4331c2951\"},\"headline\":\"Fabiola Bosc\u00e1n: \u00abvivimos en un planeta, como si tuvi\u00e9ramos otro\u00bb\",\"datePublished\":\"2019-12-18T14:53:18+00:00\",\"dateModified\":\"2019-12-18T15:42:00+00:00\",\"mainEntityOfPage\":{\"@id\":\"https:\\\/\\\/digital58.com.ve\\\/site\\\/2019\\\/12\\\/18\\\/fabiola-boscan-vivimos-en-un-planeta-como-si-tuvieramos-otro\\\/\"},\"wordCount\":748,\"commentCount\":0,\"publisher\":{\"@id\":\"https:\\\/\\\/digital58.com.ve\\\/site\\\/#\\\/schema\\\/person\\\/64d1c2e4d0d4fd1b849980c4331c2951\"},\"image\":{\"@id\":\"https:\\\/\\\/digital58.com.ve\\\/site\\\/2019\\\/12\\\/18\\\/fabiola-boscan-vivimos-en-un-planeta-como-si-tuvieramos-otro\\\/#primaryimage\"},\"thumbnailUrl\":\"https:\\\/\\\/digital58.com.ve\\\/site\\\/wp-content\\\/uploads\\\/2019\\\/12\\\/ambiente-3.jpg\",\"keywords\":[\"D\u00eda del ambientalista latinoamericano\",\"Efem\u00e9rides\",\"Fabiola Bosc\u00e1n\",\"Internacionales\",\"Medio Ambiente\"],\"articleSection\":[\"Natura\"],\"inLanguage\":\"es\",\"potentialAction\":[{\"@type\":\"CommentAction\",\"name\":\"Comment\",\"target\":[\"https:\\\/\\\/digital58.com.ve\\\/site\\\/2019\\\/12\\\/18\\\/fabiola-boscan-vivimos-en-un-planeta-como-si-tuvieramos-otro\\\/#respond\"]}]},{\"@type\":\"WebPage\",\"@id\":\"https:\\\/\\\/digital58.com.ve\\\/site\\\/2019\\\/12\\\/18\\\/fabiola-boscan-vivimos-en-un-planeta-como-si-tuvieramos-otro\\\/\",\"url\":\"https:\\\/\\\/digital58.com.ve\\\/site\\\/2019\\\/12\\\/18\\\/fabiola-boscan-vivimos-en-un-planeta-como-si-tuvieramos-otro\\\/\",\"name\":\"Fabiola Bosc\u00e1n: \u00abvivimos en un planeta, como si tuvi\u00e9ramos otro\u00bb\",\"isPartOf\":{\"@id\":\"https:\\\/\\\/digital58.com.ve\\\/site\\\/#website\"},\"primaryImageOfPage\":{\"@id\":\"https:\\\/\\\/digital58.com.ve\\\/site\\\/2019\\\/12\\\/18\\\/fabiola-boscan-vivimos-en-un-planeta-como-si-tuvieramos-otro\\\/#primaryimage\"},\"image\":{\"@id\":\"https:\\\/\\\/digital58.com.ve\\\/site\\\/2019\\\/12\\\/18\\\/fabiola-boscan-vivimos-en-un-planeta-como-si-tuvieramos-otro\\\/#primaryimage\"},\"thumbnailUrl\":\"https:\\\/\\\/digital58.com.ve\\\/site\\\/wp-content\\\/uploads\\\/2019\\\/12\\\/ambiente-3.jpg\",\"datePublished\":\"2019-12-18T14:53:18+00:00\",\"dateModified\":\"2019-12-18T15:42:00+00:00\",\"description\":\"Natura\",\"breadcrumb\":{\"@id\":\"https:\\\/\\\/digital58.com.ve\\\/site\\\/2019\\\/12\\\/18\\\/fabiola-boscan-vivimos-en-un-planeta-como-si-tuvieramos-otro\\\/#breadcrumb\"},\"inLanguage\":\"es\",\"potentialAction\":[{\"@type\":\"ReadAction\",\"target\":[\"https:\\\/\\\/digital58.com.ve\\\/site\\\/2019\\\/12\\\/18\\\/fabiola-boscan-vivimos-en-un-planeta-como-si-tuvieramos-otro\\\/\"]}]},{\"@type\":\"ImageObject\",\"inLanguage\":\"es\",\"@id\":\"https:\\\/\\\/digital58.com.ve\\\/site\\\/2019\\\/12\\\/18\\\/fabiola-boscan-vivimos-en-un-planeta-como-si-tuvieramos-otro\\\/#primaryimage\",\"url\":\"https:\\\/\\\/digital58.com.ve\\\/site\\\/wp-content\\\/uploads\\\/2019\\\/12\\\/ambiente-3.jpg\",\"contentUrl\":\"https:\\\/\\\/digital58.com.ve\\\/site\\\/wp-content\\\/uploads\\\/2019\\\/12\\\/ambiente-3.jpg\",\"width\":800,\"height\":487},{\"@type\":\"BreadcrumbList\",\"@id\":\"https:\\\/\\\/digital58.com.ve\\\/site\\\/2019\\\/12\\\/18\\\/fabiola-boscan-vivimos-en-un-planeta-como-si-tuvieramos-otro\\\/#breadcrumb\",\"itemListElement\":[{\"@type\":\"ListItem\",\"position\":1,\"name\":\"Home\",\"item\":\"https:\\\/\\\/digital58.com.ve\\\/site\\\/\"},{\"@type\":\"ListItem\",\"position\":2,\"name\":\"Fabiola Bosc\u00e1n: \u00abvivimos en un planeta, como si tuvi\u00e9ramos otro\u00bb\"}]},{\"@type\":\"WebSite\",\"@id\":\"https:\\\/\\\/digital58.com.ve\\\/site\\\/#website\",\"url\":\"https:\\\/\\\/digital58.com.ve\\\/site\\\/\",\"name\":\"Noticias Digital58\",\"description\":\"Portal de Noticias \u00a1Periodismo web de verdad! Lanzamiento web 22.11.2005 \\\/ Maracaibo, Venezuela\",\"publisher\":{\"@id\":\"https:\\\/\\\/digital58.com.ve\\\/site\\\/#\\\/schema\\\/person\\\/64d1c2e4d0d4fd1b849980c4331c2951\"},\"alternateName\":\"ND58\",\"potentialAction\":[{\"@type\":\"SearchAction\",\"target\":{\"@type\":\"EntryPoint\",\"urlTemplate\":\"https:\\\/\\\/digital58.com.ve\\\/site\\\/?s={search_term_string}\"},\"query-input\":{\"@type\":\"PropertyValueSpecification\",\"valueRequired\":true,\"valueName\":\"search_term_string\"}}],\"inLanguage\":\"es\"},{\"@type\":[\"Person\",\"Organization\"],\"@id\":\"https:\\\/\\\/digital58.com.ve\\\/site\\\/#\\\/schema\\\/person\\\/64d1c2e4d0d4fd1b849980c4331c2951\",\"name\":\"Villasmil Henry\",\"image\":{\"@type\":\"ImageObject\",\"inLanguage\":\"es\",\"@id\":\"https:\\\/\\\/secure.gravatar.com\\\/avatar\\\/bb0c4a2fcb7970138239f7e404ea75757b1b507b28b5ce4c53fbd62d797c5a7c?s=96&d=mm&r=g\",\"url\":\"https:\\\/\\\/secure.gravatar.com\\\/avatar\\\/bb0c4a2fcb7970138239f7e404ea75757b1b507b28b5ce4c53fbd62d797c5a7c?s=96&d=mm&r=g\",\"contentUrl\":\"https:\\\/\\\/secure.gravatar.com\\\/avatar\\\/bb0c4a2fcb7970138239f7e404ea75757b1b507b28b5ce4c53fbd62d797c5a7c?s=96&d=mm&r=g\",\"caption\":\"Villasmil Henry\"},\"logo\":{\"@id\":\"https:\\\/\\\/secure.gravatar.com\\\/avatar\\\/bb0c4a2fcb7970138239f7e404ea75757b1b507b28b5ce4c53fbd62d797c5a7c?s=96&d=mm&r=g\"},\"sameAs\":[\"http:\\\/\\\/www.henryvillasmil.com.ve\",\"https:\\\/\\\/www.instagram.com\\\/villasmilhfoto\\\/\",\"https:\\\/\\\/x.com\\\/https:\\\/\\\/twitter.com\\\/villasmilhfoto\"],\"url\":\"https:\\\/\\\/digital58.com.ve\\\/site\\\/author\\\/droopy_68\\\/\"}]}<\/script>\n<!-- \/ Yoast SEO plugin. -->","yoast_head_json":{"title":"Fabiola Bosc\u00e1n: \u00abvivimos en un planeta, como si tuvi\u00e9ramos otro\u00bb","description":"Natura","robots":{"index":"index","follow":"follow","max-snippet":"max-snippet:-1","max-image-preview":"max-image-preview:large","max-video-preview":"max-video-preview:-1"},"canonical":"https:\/\/digital58.com.ve\/site\/2019\/12\/18\/fabiola-boscan-vivimos-en-un-planeta-como-si-tuvieramos-otro\/","og_locale":"es_ES","og_type":"article","og_title":"Fabiola Bosc\u00e1n: \u00abvivimos en un planeta, como si tuvi\u00e9ramos otro\u00bb","og_description":"Natura","og_url":"https:\/\/digital58.com.ve\/site\/2019\/12\/18\/fabiola-boscan-vivimos-en-un-planeta-como-si-tuvieramos-otro\/","og_site_name":"Noticias Digital58","article_published_time":"2019-12-18T14:53:18+00:00","article_modified_time":"2019-12-18T15:42:00+00:00","og_image":[{"width":1090,"height":663,"url":"https:\/\/digital58.com.ve\/site\/wp-content\/uploads\/2019\/12\/ambiente-3.jpg","type":"image\/jpeg"}],"author":"Villasmil Henry","twitter_card":"summary_large_image","twitter_creator":"@https:\/\/twitter.com\/villasmilhfoto","twitter_site":"@villasmilhfoto","twitter_misc":{"Escrito por":"Villasmil Henry","Tiempo estimado de lectura":"4 minutos"},"schema":{"@context":"https:\/\/schema.org","@graph":[{"@type":"Article","@id":"https:\/\/digital58.com.ve\/site\/2019\/12\/18\/fabiola-boscan-vivimos-en-un-planeta-como-si-tuvieramos-otro\/#article","isPartOf":{"@id":"https:\/\/digital58.com.ve\/site\/2019\/12\/18\/fabiola-boscan-vivimos-en-un-planeta-como-si-tuvieramos-otro\/"},"author":{"name":"Villasmil Henry","@id":"https:\/\/digital58.com.ve\/site\/#\/schema\/person\/64d1c2e4d0d4fd1b849980c4331c2951"},"headline":"Fabiola Bosc\u00e1n: \u00abvivimos en un planeta, como si tuvi\u00e9ramos otro\u00bb","datePublished":"2019-12-18T14:53:18+00:00","dateModified":"2019-12-18T15:42:00+00:00","mainEntityOfPage":{"@id":"https:\/\/digital58.com.ve\/site\/2019\/12\/18\/fabiola-boscan-vivimos-en-un-planeta-como-si-tuvieramos-otro\/"},"wordCount":748,"commentCount":0,"publisher":{"@id":"https:\/\/digital58.com.ve\/site\/#\/schema\/person\/64d1c2e4d0d4fd1b849980c4331c2951"},"image":{"@id":"https:\/\/digital58.com.ve\/site\/2019\/12\/18\/fabiola-boscan-vivimos-en-un-planeta-como-si-tuvieramos-otro\/#primaryimage"},"thumbnailUrl":"https:\/\/digital58.com.ve\/site\/wp-content\/uploads\/2019\/12\/ambiente-3.jpg","keywords":["D\u00eda del ambientalista latinoamericano","Efem\u00e9rides","Fabiola Bosc\u00e1n","Internacionales","Medio Ambiente"],"articleSection":["Natura"],"inLanguage":"es","potentialAction":[{"@type":"CommentAction","name":"Comment","target":["https:\/\/digital58.com.ve\/site\/2019\/12\/18\/fabiola-boscan-vivimos-en-un-planeta-como-si-tuvieramos-otro\/#respond"]}]},{"@type":"WebPage","@id":"https:\/\/digital58.com.ve\/site\/2019\/12\/18\/fabiola-boscan-vivimos-en-un-planeta-como-si-tuvieramos-otro\/","url":"https:\/\/digital58.com.ve\/site\/2019\/12\/18\/fabiola-boscan-vivimos-en-un-planeta-como-si-tuvieramos-otro\/","name":"Fabiola Bosc\u00e1n: \u00abvivimos en un planeta, como si tuvi\u00e9ramos otro\u00bb","isPartOf":{"@id":"https:\/\/digital58.com.ve\/site\/#website"},"primaryImageOfPage":{"@id":"https:\/\/digital58.com.ve\/site\/2019\/12\/18\/fabiola-boscan-vivimos-en-un-planeta-como-si-tuvieramos-otro\/#primaryimage"},"image":{"@id":"https:\/\/digital58.com.ve\/site\/2019\/12\/18\/fabiola-boscan-vivimos-en-un-planeta-como-si-tuvieramos-otro\/#primaryimage"},"thumbnailUrl":"https:\/\/digital58.com.ve\/site\/wp-content\/uploads\/2019\/12\/ambiente-3.jpg","datePublished":"2019-12-18T14:53:18+00:00","dateModified":"2019-12-18T15:42:00+00:00","description":"Natura","breadcrumb":{"@id":"https:\/\/digital58.com.ve\/site\/2019\/12\/18\/fabiola-boscan-vivimos-en-un-planeta-como-si-tuvieramos-otro\/#breadcrumb"},"inLanguage":"es","potentialAction":[{"@type":"ReadAction","target":["https:\/\/digital58.com.ve\/site\/2019\/12\/18\/fabiola-boscan-vivimos-en-un-planeta-como-si-tuvieramos-otro\/"]}]},{"@type":"ImageObject","inLanguage":"es","@id":"https:\/\/digital58.com.ve\/site\/2019\/12\/18\/fabiola-boscan-vivimos-en-un-planeta-como-si-tuvieramos-otro\/#primaryimage","url":"https:\/\/digital58.com.ve\/site\/wp-content\/uploads\/2019\/12\/ambiente-3.jpg","contentUrl":"https:\/\/digital58.com.ve\/site\/wp-content\/uploads\/2019\/12\/ambiente-3.jpg","width":800,"height":487},{"@type":"BreadcrumbList","@id":"https:\/\/digital58.com.ve\/site\/2019\/12\/18\/fabiola-boscan-vivimos-en-un-planeta-como-si-tuvieramos-otro\/#breadcrumb","itemListElement":[{"@type":"ListItem","position":1,"name":"Home","item":"https:\/\/digital58.com.ve\/site\/"},{"@type":"ListItem","position":2,"name":"Fabiola Bosc\u00e1n: \u00abvivimos en un planeta, como si tuvi\u00e9ramos otro\u00bb"}]},{"@type":"WebSite","@id":"https:\/\/digital58.com.ve\/site\/#website","url":"https:\/\/digital58.com.ve\/site\/","name":"Noticias Digital58","description":"Portal de Noticias \u00a1Periodismo web de verdad! Lanzamiento web 22.11.2005 \/ Maracaibo, Venezuela","publisher":{"@id":"https:\/\/digital58.com.ve\/site\/#\/schema\/person\/64d1c2e4d0d4fd1b849980c4331c2951"},"alternateName":"ND58","potentialAction":[{"@type":"SearchAction","target":{"@type":"EntryPoint","urlTemplate":"https:\/\/digital58.com.ve\/site\/?s={search_term_string}"},"query-input":{"@type":"PropertyValueSpecification","valueRequired":true,"valueName":"search_term_string"}}],"inLanguage":"es"},{"@type":["Person","Organization"],"@id":"https:\/\/digital58.com.ve\/site\/#\/schema\/person\/64d1c2e4d0d4fd1b849980c4331c2951","name":"Villasmil Henry","image":{"@type":"ImageObject","inLanguage":"es","@id":"https:\/\/secure.gravatar.com\/avatar\/bb0c4a2fcb7970138239f7e404ea75757b1b507b28b5ce4c53fbd62d797c5a7c?s=96&d=mm&r=g","url":"https:\/\/secure.gravatar.com\/avatar\/bb0c4a2fcb7970138239f7e404ea75757b1b507b28b5ce4c53fbd62d797c5a7c?s=96&d=mm&r=g","contentUrl":"https:\/\/secure.gravatar.com\/avatar\/bb0c4a2fcb7970138239f7e404ea75757b1b507b28b5ce4c53fbd62d797c5a7c?s=96&d=mm&r=g","caption":"Villasmil Henry"},"logo":{"@id":"https:\/\/secure.gravatar.com\/avatar\/bb0c4a2fcb7970138239f7e404ea75757b1b507b28b5ce4c53fbd62d797c5a7c?s=96&d=mm&r=g"},"sameAs":["http:\/\/www.henryvillasmil.com.ve","https:\/\/www.instagram.com\/villasmilhfoto\/","https:\/\/x.com\/https:\/\/twitter.com\/villasmilhfoto"],"url":"https:\/\/digital58.com.ve\/site\/author\/droopy_68\/"}]}},"uagb_featured_image_src":{"full":["https:\/\/digital58.com.ve\/site\/wp-content\/uploads\/2019\/12\/ambiente-3.jpg",800,487,false],"thumbnail":["https:\/\/digital58.com.ve\/site\/wp-content\/uploads\/2019\/12\/ambiente-3-150x150.jpg",150,150,true],"medium":["https:\/\/digital58.com.ve\/site\/wp-content\/uploads\/2019\/12\/ambiente-3-300x182.jpg",300,182,true],"medium_large":["https:\/\/digital58.com.ve\/site\/wp-content\/uploads\/2019\/12\/ambiente-3-768x467.jpg",768,467,true],"large":["https:\/\/digital58.com.ve\/site\/wp-content\/uploads\/2019\/12\/ambiente-3.jpg",800,487,false],"1536x1536":["https:\/\/digital58.com.ve\/site\/wp-content\/uploads\/2019\/12\/ambiente-3.jpg",800,487,false],"2048x2048":["https:\/\/digital58.com.ve\/site\/wp-content\/uploads\/2019\/12\/ambiente-3.jpg",800,487,false],"colormag-highlighted-post":["https:\/\/digital58.com.ve\/site\/wp-content\/uploads\/2019\/12\/ambiente-3.jpg",392,239,false],"colormag-featured-post-medium":["https:\/\/digital58.com.ve\/site\/wp-content\/uploads\/2019\/12\/ambiente-3.jpg",337,205,false],"colormag-featured-post-small":["https:\/\/digital58.com.ve\/site\/wp-content\/uploads\/2019\/12\/ambiente-3.jpg",130,79,false],"colormag-featured-image":["https:\/\/digital58.com.ve\/site\/wp-content\/uploads\/2019\/12\/ambiente-3.jpg",731,445,false],"colormag-default-news":["https:\/\/digital58.com.ve\/site\/wp-content\/uploads\/2019\/12\/ambiente-3.jpg",150,91,false],"colormag-featured-image-large":["https:\/\/digital58.com.ve\/site\/wp-content\/uploads\/2019\/12\/ambiente-3.jpg",800,487,false]},"uagb_author_info":{"display_name":"Villasmil Henry","author_link":"https:\/\/digital58.com.ve\/site\/author\/droopy_68\/"},"uagb_comment_info":0,"uagb_excerpt":"De acuerdo al lema \u00abcon justicia defendamos el medio ambiente\u00bb cada 17 de diciembre se celebra el d\u00eda del ambientalista","_links":{"self":[{"href":"https:\/\/digital58.com.ve\/site\/wp-json\/wp\/v2\/posts\/90342","targetHints":{"allow":["GET"]}}],"collection":[{"href":"https:\/\/digital58.com.ve\/site\/wp-json\/wp\/v2\/posts"}],"about":[{"href":"https:\/\/digital58.com.ve\/site\/wp-json\/wp\/v2\/types\/post"}],"author":[{"embeddable":true,"href":"https:\/\/digital58.com.ve\/site\/wp-json\/wp\/v2\/users\/1"}],"replies":[{"embeddable":true,"href":"https:\/\/digital58.com.ve\/site\/wp-json\/wp\/v2\/comments?post=90342"}],"version-history":[{"count":0,"href":"https:\/\/digital58.com.ve\/site\/wp-json\/wp\/v2\/posts\/90342\/revisions"}],"wp:featuredmedia":[{"embeddable":true,"href":"https:\/\/digital58.com.ve\/site\/wp-json\/wp\/v2\/media\/90344"}],"wp:attachment":[{"href":"https:\/\/digital58.com.ve\/site\/wp-json\/wp\/v2\/media?parent=90342"}],"wp:term":[{"taxonomy":"category","embeddable":true,"href":"https:\/\/digital58.com.ve\/site\/wp-json\/wp\/v2\/categories?post=90342"},{"taxonomy":"post_tag","embeddable":true,"href":"https:\/\/digital58.com.ve\/site\/wp-json\/wp\/v2\/tags?post=90342"}],"curies":[{"name":"wp","href":"https:\/\/api.w.org\/{rel}","templated":true}]}}