{"id":90759,"date":"2020-01-07T13:26:19","date_gmt":"2020-01-07T17:26:19","guid":{"rendered":"https:\/\/digital58.com.ve\/site\/?p=90759"},"modified":"2020-01-07T13:26:19","modified_gmt":"2020-01-07T17:26:19","slug":"la-aterradora-historia-no-contada-del-cuento-clasico-avance-de-gretel-hansel","status":"publish","type":"post","link":"https:\/\/digital58.com.ve\/site\/2020\/01\/07\/la-aterradora-historia-no-contada-del-cuento-clasico-avance-de-gretel-hansel\/","title":{"rendered":"La aterradora historia no contada del cuento cl\u00e1sico. Avance de \u00abGretel &#038; Hansel\u00bb"},"content":{"rendered":"<p><a href=\"https:\/\/digital58.com.ve\/site\/wp-content\/uploads\/2020\/01\/105809.jpg\"><img loading=\"lazy\" decoding=\"async\" class=\"aligncenter size-full wp-image-90760\" src=\"https:\/\/digital58.com.ve\/site\/wp-content\/uploads\/2020\/01\/105809.jpg\" alt=\"\" width=\"650\" height=\"289\" srcset=\"https:\/\/digital58.com.ve\/site\/wp-content\/uploads\/2020\/01\/105809.jpg 650w, https:\/\/digital58.com.ve\/site\/wp-content\/uploads\/2020\/01\/105809-300x133.jpg 300w\" sizes=\"auto, (max-width: 650px) 100vw, 650px\" \/><\/a><\/p>\n<p>Automatik, Orion Pictures y BRON Studios han lanzado el segundo y definitivo avance de esta nueva adaptaci\u00f3n del cuento cl\u00e1sico de los hermanos Grimm que est\u00e1 protagonizada por Sophia Lillis, Alice Krige, Jessica de Gouw, Ian Kenny y Charles Babalola.<\/p>\n<p><strong>Maracaibo, Zulia, Venezuela, 07 de enero de 2020 (ND58).-<\/strong> En Baviera, a principios del siglo XIV, \u00abHansel y Gretel\u00bb, de 12 y 13 a\u00f1os respectivamente, viven en la miseria m\u00e1s absoluta. Su padre muri\u00f3 hace a\u00f1os y su madre ahora est\u00e1 casada con un malvado hombre.<\/p>\n<p>Debido a la falta de recursos y al creciente miedo que les produce su padrastro, \u00abHansel y Gretel\u00bb deciden huir del pueblo en busca de un futuro mejor.<\/p>\n<p>En el bosque se encuentran con varias personas que, de una forma u otra, intentan aprovecharse de ellos. Huyendo de unos y otros, conocen a un amigable cazador que por fin les indica cual es el camino seguro a seguir. As\u00ed, los dos hermanos llegan a la caba\u00f1a de Holda, una simp\u00e1tica mujer que decide acogerlos.<\/p>\n<p><a href=\"https:\/\/digital58.com.ve\/site\/wp-content\/uploads\/2020\/01\/gretel_and_hansel_81597.jpg\"><img loading=\"lazy\" decoding=\"async\" class=\"aligncenter size-full wp-image-90761\" src=\"https:\/\/digital58.com.ve\/site\/wp-content\/uploads\/2020\/01\/gretel_and_hansel_81597.jpg\" alt=\"\" width=\"600\" height=\"889\" srcset=\"https:\/\/digital58.com.ve\/site\/wp-content\/uploads\/2020\/01\/gretel_and_hansel_81597.jpg 405w, https:\/\/digital58.com.ve\/site\/wp-content\/uploads\/2020\/01\/gretel_and_hansel_81597-202x300.jpg 202w\" sizes=\"auto, (max-width: 600px) 100vw, 600px\" \/><\/a><\/p>\n<p>Al principio disfrutan de los juegos y de la abundante comida, pero pronto se dan cuenta de algo no acaba de encajar. Lo que Hansel y Gretel no pueden imaginarse es que, si quieren sobrevivir, en esa caba\u00f1a tendr\u00e1n que enfrentarse a sus peores miedos&#8230;<\/p>\n<p>\u00abGretel &amp; Hansel\u00bb est\u00e1 dirigida por Oz Perkins (\u00abLa enviada del mal\u00bb, \u00abSoy la bonita criatura que vive en esta casa\u00bb) y llegar\u00e1 a los cines norteamericanos el pr\u00f3ximo 31 de enero de la mano de United Artists Releasing, mientras que a los espa\u00f1oles lo har\u00e1, finalmente, el 17 de abril de la mano de V\u00e9rtice Cine.<\/p>\n<p><strong>Redacci\u00f3n con fuente: Agencias<\/strong><br \/>\n<strong>Edici\u00f3n: Villasmil, Henry<\/strong><br \/>\n<strong>Gr\u00e1ficas: cortes\u00eda<\/strong><\/p><div class=\"cssjc69f227d797cf7\" ><p style=\"text-align: center;\"><a href=\"https:\/\/t.me\/noticiasdigital58\" target=\"_blank\" rel=\"noopener\"><img class=\"aligncenter size-full wp-image-125363\" src=\"https:\/\/digital58.com.ve\/site\/wp-content\/uploads\/2021\/04\/banner-telegram-web-2021.png\" alt=\"\" width=\"600\" height=\"90\" \/><\/a><\/p><\/div><style type=\"text\/css\">\r\n@media screen and (min-width: 1201px) {\r\n.cssjc69f227d797cf7 {\r\ndisplay: block;\r\n}\r\n}\r\n@media screen and (min-width: 993px) and (max-width: 1200px) {\r\n.cssjc69f227d797cf7 {\r\ndisplay: block;\r\n}\r\n}\r\n@media screen and (min-width: 769px) and (max-width: 992px) {\r\n.cssjc69f227d797cf7 {\r\ndisplay: block;\r\n}\r\n}\r\n@media screen and (min-width: 768px) and (max-width: 768px) {\r\n.cssjc69f227d797cf7 {\r\ndisplay: block;\r\n}\r\n}\r\n@media screen and (max-width: 767px) {\r\n.cssjc69f227d797cf7 {\r\ndisplay: block;\r\n}\r\n}\r\n<\/style>\r\n\n<p style=\"text-align: center;\"><div class=\"lyte-wrapper\" title=\"GRETEL &amp;amp; HANSEL Official Trailer (2020)\" style=\"width:640px;max-width:100%;margin:5px auto;\"><div class=\"lyMe\" id=\"WYL_QZblQLhKcZQ\" itemprop=\"video\" itemscope itemtype=\"https:\/\/schema.org\/VideoObject\"><div><meta itemprop=\"thumbnailUrl\" content=\"https:\/\/i.ytimg.com\/vi\/QZblQLhKcZQ\/hqdefault.jpg\" \/><meta itemprop=\"embedURL\" content=\"https:\/\/www.youtube.com\/embed\/QZblQLhKcZQ\" \/><meta itemprop=\"duration\" content=\"PT2M22S\" \/><meta itemprop=\"uploadDate\" content=\"2020-01-02T15:00:11Z\" \/><\/div><div id=\"lyte_QZblQLhKcZQ\" data-src=\"https:\/\/i.ytimg.com\/vi\/QZblQLhKcZQ\/hqdefault.jpg\" class=\"pL\"><div class=\"tC\"><div class=\"tT\" itemprop=\"name\">GRETEL &amp; HANSEL Official Trailer (2020)<\/div><\/div><div class=\"play\"><\/div><div class=\"ctrl\"><div class=\"Lctrl\"><\/div><div class=\"Rctrl\"><\/div><\/div><\/div><noscript><a href=\"https:\/\/youtu.be\/QZblQLhKcZQ\" rel=\"nofollow\"><img loading=\"lazy\" decoding=\"async\" src=\"https:\/\/i.ytimg.com\/vi\/QZblQLhKcZQ\/0.jpg\" alt=\"GRETEL &amp;amp; HANSEL Official Trailer (2020)\" width=\"640\" height=\"340\" \/><br \/>Ver este video en YouTube<\/a><\/noscript><meta itemprop=\"description\" content=\"On Digital April 7th, witness the terrifying untold story of the classic tale. Sophia Lillis stars in Gretel &amp; Hansel, coming to theaters everywhere. Watch the all-new full trailer now. #GretelAndHansel #FollowTheCrumbs\"><\/div><\/div><div class=\"lL\" style=\"max-width:100%;width:640px;margin:5px auto;\"><\/div><\/p>\n<div style=\"margin-top: 0px; margin-bottom: 0px;\" class=\"sharethis-inline-share-buttons\" ><\/div>","protected":false},"excerpt":{"rendered":"<p>Automatik, Orion Pictures y BRON Studios han lanzado el segundo y definitivo avance de esta nueva adaptaci\u00f3n del cuento cl\u00e1sico<\/p>\n","protected":false},"author":1,"featured_media":90760,"comment_status":"open","ping_status":"closed","sticky":false,"template":"","format":"standard","meta":{"colormag_page_container_layout":"default_layout","colormag_page_sidebar_layout":"default_layout","_uag_custom_page_level_css":"","footnotes":""},"categories":[1],"tags":[46,13059,50,13123,8],"class_list":["post-90759","post","type-post","status-publish","format-standard","has-post-thumbnail","hentry","category-fama","tag-cine","tag-cine-estrenos-2020","tag-entretenimiento","tag-gretel-hansel","tag-internacionales"],"yoast_head":"<!-- This site is optimized with the Yoast SEO plugin v27.5 - https:\/\/yoast.com\/product\/yoast-seo-wordpress\/ -->\n<title>La aterradora historia no contada del cuento cl\u00e1sico. Avance de \u00abGretel &amp; Hansel\u00bb<\/title>\n<meta name=\"description\" content=\"Fama\" \/>\n<meta name=\"robots\" content=\"index, follow, max-snippet:-1, max-image-preview:large, max-video-preview:-1\" \/>\n<link rel=\"canonical\" href=\"https:\/\/digital58.com.ve\/site\/2020\/01\/07\/la-aterradora-historia-no-contada-del-cuento-clasico-avance-de-gretel-hansel\/\" \/>\n<meta property=\"og:locale\" content=\"es_ES\" \/>\n<meta property=\"og:type\" content=\"article\" \/>\n<meta property=\"og:title\" content=\"La aterradora historia no contada del cuento cl\u00e1sico. Avance de \u00abGretel &amp; Hansel\u00bb\" \/>\n<meta property=\"og:description\" content=\"Fama\" \/>\n<meta property=\"og:url\" content=\"https:\/\/digital58.com.ve\/site\/2020\/01\/07\/la-aterradora-historia-no-contada-del-cuento-clasico-avance-de-gretel-hansel\/\" \/>\n<meta property=\"og:site_name\" content=\"Noticias Digital58\" \/>\n<meta property=\"article:published_time\" content=\"2020-01-07T17:26:19+00:00\" \/>\n<meta property=\"og:image\" content=\"https:\/\/digital58.com.ve\/site\/wp-content\/uploads\/2020\/01\/105809.jpg\" \/>\n\t<meta property=\"og:image:width\" content=\"650\" \/>\n\t<meta property=\"og:image:height\" content=\"289\" \/>\n\t<meta property=\"og:image:type\" content=\"image\/jpeg\" \/>\n<meta name=\"author\" content=\"Villasmil Henry\" \/>\n<meta name=\"twitter:card\" content=\"summary_large_image\" \/>\n<meta name=\"twitter:creator\" content=\"@https:\/\/twitter.com\/villasmilhfoto\" \/>\n<meta name=\"twitter:site\" content=\"@villasmilhfoto\" \/>\n<meta name=\"twitter:label1\" content=\"Escrito por\" \/>\n\t<meta name=\"twitter:data1\" content=\"Villasmil Henry\" \/>\n\t<meta name=\"twitter:label2\" content=\"Tiempo estimado de lectura\" \/>\n\t<meta name=\"twitter:data2\" content=\"1 minuto\" \/>\n<script type=\"application\/ld+json\" class=\"yoast-schema-graph\">{\"@context\":\"https:\\\/\\\/schema.org\",\"@graph\":[{\"@type\":\"Article\",\"@id\":\"https:\\\/\\\/digital58.com.ve\\\/site\\\/2020\\\/01\\\/07\\\/la-aterradora-historia-no-contada-del-cuento-clasico-avance-de-gretel-hansel\\\/#article\",\"isPartOf\":{\"@id\":\"https:\\\/\\\/digital58.com.ve\\\/site\\\/2020\\\/01\\\/07\\\/la-aterradora-historia-no-contada-del-cuento-clasico-avance-de-gretel-hansel\\\/\"},\"author\":{\"name\":\"Villasmil Henry\",\"@id\":\"https:\\\/\\\/digital58.com.ve\\\/site\\\/#\\\/schema\\\/person\\\/64d1c2e4d0d4fd1b849980c4331c2951\"},\"headline\":\"La aterradora historia no contada del cuento cl\u00e1sico. Avance de \u00abGretel &#038; Hansel\u00bb\",\"datePublished\":\"2020-01-07T17:26:19+00:00\",\"mainEntityOfPage\":{\"@id\":\"https:\\\/\\\/digital58.com.ve\\\/site\\\/2020\\\/01\\\/07\\\/la-aterradora-historia-no-contada-del-cuento-clasico-avance-de-gretel-hansel\\\/\"},\"wordCount\":305,\"commentCount\":0,\"publisher\":{\"@id\":\"https:\\\/\\\/digital58.com.ve\\\/site\\\/#\\\/schema\\\/person\\\/64d1c2e4d0d4fd1b849980c4331c2951\"},\"image\":{\"@id\":\"https:\\\/\\\/digital58.com.ve\\\/site\\\/2020\\\/01\\\/07\\\/la-aterradora-historia-no-contada-del-cuento-clasico-avance-de-gretel-hansel\\\/#primaryimage\"},\"thumbnailUrl\":\"https:\\\/\\\/digital58.com.ve\\\/site\\\/wp-content\\\/uploads\\\/2020\\\/01\\\/105809.jpg\",\"keywords\":[\"Cine\",\"Cine estrenos 2020\",\"Entretenimiento\",\"Gretel &amp; Hansel\",\"Internacionales\"],\"articleSection\":[\"Fama\"],\"inLanguage\":\"es\",\"potentialAction\":[{\"@type\":\"CommentAction\",\"name\":\"Comment\",\"target\":[\"https:\\\/\\\/digital58.com.ve\\\/site\\\/2020\\\/01\\\/07\\\/la-aterradora-historia-no-contada-del-cuento-clasico-avance-de-gretel-hansel\\\/#respond\"]}]},{\"@type\":\"WebPage\",\"@id\":\"https:\\\/\\\/digital58.com.ve\\\/site\\\/2020\\\/01\\\/07\\\/la-aterradora-historia-no-contada-del-cuento-clasico-avance-de-gretel-hansel\\\/\",\"url\":\"https:\\\/\\\/digital58.com.ve\\\/site\\\/2020\\\/01\\\/07\\\/la-aterradora-historia-no-contada-del-cuento-clasico-avance-de-gretel-hansel\\\/\",\"name\":\"La aterradora historia no contada del cuento cl\u00e1sico. Avance de \u00abGretel & Hansel\u00bb\",\"isPartOf\":{\"@id\":\"https:\\\/\\\/digital58.com.ve\\\/site\\\/#website\"},\"primaryImageOfPage\":{\"@id\":\"https:\\\/\\\/digital58.com.ve\\\/site\\\/2020\\\/01\\\/07\\\/la-aterradora-historia-no-contada-del-cuento-clasico-avance-de-gretel-hansel\\\/#primaryimage\"},\"image\":{\"@id\":\"https:\\\/\\\/digital58.com.ve\\\/site\\\/2020\\\/01\\\/07\\\/la-aterradora-historia-no-contada-del-cuento-clasico-avance-de-gretel-hansel\\\/#primaryimage\"},\"thumbnailUrl\":\"https:\\\/\\\/digital58.com.ve\\\/site\\\/wp-content\\\/uploads\\\/2020\\\/01\\\/105809.jpg\",\"datePublished\":\"2020-01-07T17:26:19+00:00\",\"description\":\"Fama\",\"breadcrumb\":{\"@id\":\"https:\\\/\\\/digital58.com.ve\\\/site\\\/2020\\\/01\\\/07\\\/la-aterradora-historia-no-contada-del-cuento-clasico-avance-de-gretel-hansel\\\/#breadcrumb\"},\"inLanguage\":\"es\",\"potentialAction\":[{\"@type\":\"ReadAction\",\"target\":[\"https:\\\/\\\/digital58.com.ve\\\/site\\\/2020\\\/01\\\/07\\\/la-aterradora-historia-no-contada-del-cuento-clasico-avance-de-gretel-hansel\\\/\"]}]},{\"@type\":\"ImageObject\",\"inLanguage\":\"es\",\"@id\":\"https:\\\/\\\/digital58.com.ve\\\/site\\\/2020\\\/01\\\/07\\\/la-aterradora-historia-no-contada-del-cuento-clasico-avance-de-gretel-hansel\\\/#primaryimage\",\"url\":\"https:\\\/\\\/digital58.com.ve\\\/site\\\/wp-content\\\/uploads\\\/2020\\\/01\\\/105809.jpg\",\"contentUrl\":\"https:\\\/\\\/digital58.com.ve\\\/site\\\/wp-content\\\/uploads\\\/2020\\\/01\\\/105809.jpg\",\"width\":650,\"height\":289},{\"@type\":\"BreadcrumbList\",\"@id\":\"https:\\\/\\\/digital58.com.ve\\\/site\\\/2020\\\/01\\\/07\\\/la-aterradora-historia-no-contada-del-cuento-clasico-avance-de-gretel-hansel\\\/#breadcrumb\",\"itemListElement\":[{\"@type\":\"ListItem\",\"position\":1,\"name\":\"Home\",\"item\":\"https:\\\/\\\/digital58.com.ve\\\/site\\\/\"},{\"@type\":\"ListItem\",\"position\":2,\"name\":\"La aterradora historia no contada del cuento cl\u00e1sico. Avance de \u00abGretel &#038; Hansel\u00bb\"}]},{\"@type\":\"WebSite\",\"@id\":\"https:\\\/\\\/digital58.com.ve\\\/site\\\/#website\",\"url\":\"https:\\\/\\\/digital58.com.ve\\\/site\\\/\",\"name\":\"Noticias Digital58\",\"description\":\"Portal de Noticias \u00a1Periodismo web de verdad! Lanzamiento web 22.11.2005 \\\/ Maracaibo, Venezuela\",\"publisher\":{\"@id\":\"https:\\\/\\\/digital58.com.ve\\\/site\\\/#\\\/schema\\\/person\\\/64d1c2e4d0d4fd1b849980c4331c2951\"},\"alternateName\":\"ND58\",\"potentialAction\":[{\"@type\":\"SearchAction\",\"target\":{\"@type\":\"EntryPoint\",\"urlTemplate\":\"https:\\\/\\\/digital58.com.ve\\\/site\\\/?s={search_term_string}\"},\"query-input\":{\"@type\":\"PropertyValueSpecification\",\"valueRequired\":true,\"valueName\":\"search_term_string\"}}],\"inLanguage\":\"es\"},{\"@type\":[\"Person\",\"Organization\"],\"@id\":\"https:\\\/\\\/digital58.com.ve\\\/site\\\/#\\\/schema\\\/person\\\/64d1c2e4d0d4fd1b849980c4331c2951\",\"name\":\"Villasmil Henry\",\"image\":{\"@type\":\"ImageObject\",\"inLanguage\":\"es\",\"@id\":\"https:\\\/\\\/secure.gravatar.com\\\/avatar\\\/bb0c4a2fcb7970138239f7e404ea75757b1b507b28b5ce4c53fbd62d797c5a7c?s=96&d=mm&r=g\",\"url\":\"https:\\\/\\\/secure.gravatar.com\\\/avatar\\\/bb0c4a2fcb7970138239f7e404ea75757b1b507b28b5ce4c53fbd62d797c5a7c?s=96&d=mm&r=g\",\"contentUrl\":\"https:\\\/\\\/secure.gravatar.com\\\/avatar\\\/bb0c4a2fcb7970138239f7e404ea75757b1b507b28b5ce4c53fbd62d797c5a7c?s=96&d=mm&r=g\",\"caption\":\"Villasmil Henry\"},\"logo\":{\"@id\":\"https:\\\/\\\/secure.gravatar.com\\\/avatar\\\/bb0c4a2fcb7970138239f7e404ea75757b1b507b28b5ce4c53fbd62d797c5a7c?s=96&d=mm&r=g\"},\"sameAs\":[\"http:\\\/\\\/www.henryvillasmil.com.ve\",\"https:\\\/\\\/www.instagram.com\\\/villasmilhfoto\\\/\",\"https:\\\/\\\/x.com\\\/https:\\\/\\\/twitter.com\\\/villasmilhfoto\"],\"url\":\"https:\\\/\\\/digital58.com.ve\\\/site\\\/author\\\/droopy_68\\\/\"}]}<\/script>\n<!-- \/ Yoast SEO plugin. -->","yoast_head_json":{"title":"La aterradora historia no contada del cuento cl\u00e1sico. Avance de \u00abGretel & Hansel\u00bb","description":"Fama","robots":{"index":"index","follow":"follow","max-snippet":"max-snippet:-1","max-image-preview":"max-image-preview:large","max-video-preview":"max-video-preview:-1"},"canonical":"https:\/\/digital58.com.ve\/site\/2020\/01\/07\/la-aterradora-historia-no-contada-del-cuento-clasico-avance-de-gretel-hansel\/","og_locale":"es_ES","og_type":"article","og_title":"La aterradora historia no contada del cuento cl\u00e1sico. Avance de \u00abGretel & Hansel\u00bb","og_description":"Fama","og_url":"https:\/\/digital58.com.ve\/site\/2020\/01\/07\/la-aterradora-historia-no-contada-del-cuento-clasico-avance-de-gretel-hansel\/","og_site_name":"Noticias Digital58","article_published_time":"2020-01-07T17:26:19+00:00","og_image":[{"width":650,"height":289,"url":"https:\/\/digital58.com.ve\/site\/wp-content\/uploads\/2020\/01\/105809.jpg","type":"image\/jpeg"}],"author":"Villasmil Henry","twitter_card":"summary_large_image","twitter_creator":"@https:\/\/twitter.com\/villasmilhfoto","twitter_site":"@villasmilhfoto","twitter_misc":{"Escrito por":"Villasmil Henry","Tiempo estimado de lectura":"1 minuto"},"schema":{"@context":"https:\/\/schema.org","@graph":[{"@type":"Article","@id":"https:\/\/digital58.com.ve\/site\/2020\/01\/07\/la-aterradora-historia-no-contada-del-cuento-clasico-avance-de-gretel-hansel\/#article","isPartOf":{"@id":"https:\/\/digital58.com.ve\/site\/2020\/01\/07\/la-aterradora-historia-no-contada-del-cuento-clasico-avance-de-gretel-hansel\/"},"author":{"name":"Villasmil Henry","@id":"https:\/\/digital58.com.ve\/site\/#\/schema\/person\/64d1c2e4d0d4fd1b849980c4331c2951"},"headline":"La aterradora historia no contada del cuento cl\u00e1sico. Avance de \u00abGretel &#038; Hansel\u00bb","datePublished":"2020-01-07T17:26:19+00:00","mainEntityOfPage":{"@id":"https:\/\/digital58.com.ve\/site\/2020\/01\/07\/la-aterradora-historia-no-contada-del-cuento-clasico-avance-de-gretel-hansel\/"},"wordCount":305,"commentCount":0,"publisher":{"@id":"https:\/\/digital58.com.ve\/site\/#\/schema\/person\/64d1c2e4d0d4fd1b849980c4331c2951"},"image":{"@id":"https:\/\/digital58.com.ve\/site\/2020\/01\/07\/la-aterradora-historia-no-contada-del-cuento-clasico-avance-de-gretel-hansel\/#primaryimage"},"thumbnailUrl":"https:\/\/digital58.com.ve\/site\/wp-content\/uploads\/2020\/01\/105809.jpg","keywords":["Cine","Cine estrenos 2020","Entretenimiento","Gretel &amp; Hansel","Internacionales"],"articleSection":["Fama"],"inLanguage":"es","potentialAction":[{"@type":"CommentAction","name":"Comment","target":["https:\/\/digital58.com.ve\/site\/2020\/01\/07\/la-aterradora-historia-no-contada-del-cuento-clasico-avance-de-gretel-hansel\/#respond"]}]},{"@type":"WebPage","@id":"https:\/\/digital58.com.ve\/site\/2020\/01\/07\/la-aterradora-historia-no-contada-del-cuento-clasico-avance-de-gretel-hansel\/","url":"https:\/\/digital58.com.ve\/site\/2020\/01\/07\/la-aterradora-historia-no-contada-del-cuento-clasico-avance-de-gretel-hansel\/","name":"La aterradora historia no contada del cuento cl\u00e1sico. Avance de \u00abGretel & Hansel\u00bb","isPartOf":{"@id":"https:\/\/digital58.com.ve\/site\/#website"},"primaryImageOfPage":{"@id":"https:\/\/digital58.com.ve\/site\/2020\/01\/07\/la-aterradora-historia-no-contada-del-cuento-clasico-avance-de-gretel-hansel\/#primaryimage"},"image":{"@id":"https:\/\/digital58.com.ve\/site\/2020\/01\/07\/la-aterradora-historia-no-contada-del-cuento-clasico-avance-de-gretel-hansel\/#primaryimage"},"thumbnailUrl":"https:\/\/digital58.com.ve\/site\/wp-content\/uploads\/2020\/01\/105809.jpg","datePublished":"2020-01-07T17:26:19+00:00","description":"Fama","breadcrumb":{"@id":"https:\/\/digital58.com.ve\/site\/2020\/01\/07\/la-aterradora-historia-no-contada-del-cuento-clasico-avance-de-gretel-hansel\/#breadcrumb"},"inLanguage":"es","potentialAction":[{"@type":"ReadAction","target":["https:\/\/digital58.com.ve\/site\/2020\/01\/07\/la-aterradora-historia-no-contada-del-cuento-clasico-avance-de-gretel-hansel\/"]}]},{"@type":"ImageObject","inLanguage":"es","@id":"https:\/\/digital58.com.ve\/site\/2020\/01\/07\/la-aterradora-historia-no-contada-del-cuento-clasico-avance-de-gretel-hansel\/#primaryimage","url":"https:\/\/digital58.com.ve\/site\/wp-content\/uploads\/2020\/01\/105809.jpg","contentUrl":"https:\/\/digital58.com.ve\/site\/wp-content\/uploads\/2020\/01\/105809.jpg","width":650,"height":289},{"@type":"BreadcrumbList","@id":"https:\/\/digital58.com.ve\/site\/2020\/01\/07\/la-aterradora-historia-no-contada-del-cuento-clasico-avance-de-gretel-hansel\/#breadcrumb","itemListElement":[{"@type":"ListItem","position":1,"name":"Home","item":"https:\/\/digital58.com.ve\/site\/"},{"@type":"ListItem","position":2,"name":"La aterradora historia no contada del cuento cl\u00e1sico. Avance de \u00abGretel &#038; Hansel\u00bb"}]},{"@type":"WebSite","@id":"https:\/\/digital58.com.ve\/site\/#website","url":"https:\/\/digital58.com.ve\/site\/","name":"Noticias Digital58","description":"Portal de Noticias \u00a1Periodismo web de verdad! Lanzamiento web 22.11.2005 \/ Maracaibo, Venezuela","publisher":{"@id":"https:\/\/digital58.com.ve\/site\/#\/schema\/person\/64d1c2e4d0d4fd1b849980c4331c2951"},"alternateName":"ND58","potentialAction":[{"@type":"SearchAction","target":{"@type":"EntryPoint","urlTemplate":"https:\/\/digital58.com.ve\/site\/?s={search_term_string}"},"query-input":{"@type":"PropertyValueSpecification","valueRequired":true,"valueName":"search_term_string"}}],"inLanguage":"es"},{"@type":["Person","Organization"],"@id":"https:\/\/digital58.com.ve\/site\/#\/schema\/person\/64d1c2e4d0d4fd1b849980c4331c2951","name":"Villasmil Henry","image":{"@type":"ImageObject","inLanguage":"es","@id":"https:\/\/secure.gravatar.com\/avatar\/bb0c4a2fcb7970138239f7e404ea75757b1b507b28b5ce4c53fbd62d797c5a7c?s=96&d=mm&r=g","url":"https:\/\/secure.gravatar.com\/avatar\/bb0c4a2fcb7970138239f7e404ea75757b1b507b28b5ce4c53fbd62d797c5a7c?s=96&d=mm&r=g","contentUrl":"https:\/\/secure.gravatar.com\/avatar\/bb0c4a2fcb7970138239f7e404ea75757b1b507b28b5ce4c53fbd62d797c5a7c?s=96&d=mm&r=g","caption":"Villasmil Henry"},"logo":{"@id":"https:\/\/secure.gravatar.com\/avatar\/bb0c4a2fcb7970138239f7e404ea75757b1b507b28b5ce4c53fbd62d797c5a7c?s=96&d=mm&r=g"},"sameAs":["http:\/\/www.henryvillasmil.com.ve","https:\/\/www.instagram.com\/villasmilhfoto\/","https:\/\/x.com\/https:\/\/twitter.com\/villasmilhfoto"],"url":"https:\/\/digital58.com.ve\/site\/author\/droopy_68\/"}]}},"uagb_featured_image_src":{"full":["https:\/\/digital58.com.ve\/site\/wp-content\/uploads\/2020\/01\/105809.jpg",650,289,false],"thumbnail":["https:\/\/digital58.com.ve\/site\/wp-content\/uploads\/2020\/01\/105809-150x150.jpg",150,150,true],"medium":["https:\/\/digital58.com.ve\/site\/wp-content\/uploads\/2020\/01\/105809-300x133.jpg",300,133,true],"medium_large":["https:\/\/digital58.com.ve\/site\/wp-content\/uploads\/2020\/01\/105809.jpg",650,289,false],"large":["https:\/\/digital58.com.ve\/site\/wp-content\/uploads\/2020\/01\/105809.jpg",650,289,false],"1536x1536":["https:\/\/digital58.com.ve\/site\/wp-content\/uploads\/2020\/01\/105809.jpg",650,289,false],"2048x2048":["https:\/\/digital58.com.ve\/site\/wp-content\/uploads\/2020\/01\/105809.jpg",650,289,false],"colormag-highlighted-post":["https:\/\/digital58.com.ve\/site\/wp-content\/uploads\/2020\/01\/105809.jpg",392,174,false],"colormag-featured-post-medium":["https:\/\/digital58.com.ve\/site\/wp-content\/uploads\/2020\/01\/105809.jpg",390,173,false],"colormag-featured-post-small":["https:\/\/digital58.com.ve\/site\/wp-content\/uploads\/2020\/01\/105809.jpg",130,58,false],"colormag-featured-image":["https:\/\/digital58.com.ve\/site\/wp-content\/uploads\/2020\/01\/105809.jpg",650,289,false],"colormag-default-news":["https:\/\/digital58.com.ve\/site\/wp-content\/uploads\/2020\/01\/105809.jpg",150,67,false],"colormag-featured-image-large":["https:\/\/digital58.com.ve\/site\/wp-content\/uploads\/2020\/01\/105809.jpg",650,289,false]},"uagb_author_info":{"display_name":"Villasmil Henry","author_link":"https:\/\/digital58.com.ve\/site\/author\/droopy_68\/"},"uagb_comment_info":0,"uagb_excerpt":"Automatik, Orion Pictures y BRON Studios han lanzado el segundo y definitivo avance de esta nueva adaptaci\u00f3n del cuento cl\u00e1sico","_links":{"self":[{"href":"https:\/\/digital58.com.ve\/site\/wp-json\/wp\/v2\/posts\/90759","targetHints":{"allow":["GET"]}}],"collection":[{"href":"https:\/\/digital58.com.ve\/site\/wp-json\/wp\/v2\/posts"}],"about":[{"href":"https:\/\/digital58.com.ve\/site\/wp-json\/wp\/v2\/types\/post"}],"author":[{"embeddable":true,"href":"https:\/\/digital58.com.ve\/site\/wp-json\/wp\/v2\/users\/1"}],"replies":[{"embeddable":true,"href":"https:\/\/digital58.com.ve\/site\/wp-json\/wp\/v2\/comments?post=90759"}],"version-history":[{"count":0,"href":"https:\/\/digital58.com.ve\/site\/wp-json\/wp\/v2\/posts\/90759\/revisions"}],"wp:featuredmedia":[{"embeddable":true,"href":"https:\/\/digital58.com.ve\/site\/wp-json\/wp\/v2\/media\/90760"}],"wp:attachment":[{"href":"https:\/\/digital58.com.ve\/site\/wp-json\/wp\/v2\/media?parent=90759"}],"wp:term":[{"taxonomy":"category","embeddable":true,"href":"https:\/\/digital58.com.ve\/site\/wp-json\/wp\/v2\/categories?post=90759"},{"taxonomy":"post_tag","embeddable":true,"href":"https:\/\/digital58.com.ve\/site\/wp-json\/wp\/v2\/tags?post=90759"}],"curies":[{"name":"wp","href":"https:\/\/api.w.org\/{rel}","templated":true}]}}