{"id":90763,"date":"2020-01-07T16:30:26","date_gmt":"2020-01-07T20:30:26","guid":{"rendered":"https:\/\/digital58.com.ve\/site\/?p=90763"},"modified":"2020-01-07T16:30:26","modified_gmt":"2020-01-07T20:30:26","slug":"guaido-retorna-a-podio-presidencial-del-congreso-entonando-himno-nacional","status":"publish","type":"post","link":"https:\/\/digital58.com.ve\/site\/2020\/01\/07\/guaido-retorna-a-podio-presidencial-del-congreso-entonando-himno-nacional\/","title":{"rendered":"Guaid\u00f3 retorna a podio presidencial del Congreso entonando himno nacional"},"content":{"rendered":"<p><a href=\"https:\/\/digital58.com.ve\/site\/wp-content\/uploads\/2020\/01\/photo_2020-01-07_16-26-38.jpg\"><img loading=\"lazy\" decoding=\"async\" class=\"aligncenter size-full wp-image-90766\" src=\"https:\/\/digital58.com.ve\/site\/wp-content\/uploads\/2020\/01\/photo_2020-01-07_16-26-38.jpg\" alt=\"\" width=\"1080\" height=\"594\" srcset=\"https:\/\/digital58.com.ve\/site\/wp-content\/uploads\/2020\/01\/photo_2020-01-07_16-26-38.jpg 800w, https:\/\/digital58.com.ve\/site\/wp-content\/uploads\/2020\/01\/photo_2020-01-07_16-26-38-300x165.jpg 300w, https:\/\/digital58.com.ve\/site\/wp-content\/uploads\/2020\/01\/photo_2020-01-07_16-26-38-768x422.jpg 768w\" sizes=\"auto, (max-width: 1080px) 100vw, 1080px\" \/><\/a><\/p>\n<p>El l\u00edder opositor y jefe del Parlamento de Venezuela, Juan Guaid\u00f3, logr\u00f3 retornar el martes al podio presidencial del Congreso entonando el himno nacional y acompa\u00f1ado de decenas de diputados opositores. \u00abHaber entrado aqu\u00ed ha sido una haza\u00f1a\u00bb, dijo Guaid\u00f3 desde su acostumbrada silla, mientras otros legisladores de oposici\u00f3n permanec\u00edan, seg\u00fan agreg\u00f3, a las afueras del hemiciclo y bloqueados por fuerzas de seguridad.<\/p>\n<p><strong>Caracas, DC, Venezuela, 07 de enero de 2020 (ND58).-<\/strong> Pasadas las 11:00 am de este martes, el presidente de la Asamblea Nacional, Juan Guaid\u00f3, entr\u00f3 en el hemiciclo de sesiones de la Asamblea Nacional tras ser agredido por agentes de la Guardia Nacional.<\/p>\n<p><a href=\"https:\/\/digital58.com.ve\/site\/wp-content\/uploads\/2020\/01\/photo_2020-01-07_16-26-33.jpg\"><img loading=\"lazy\" decoding=\"async\" class=\"aligncenter size-full wp-image-90765\" src=\"https:\/\/digital58.com.ve\/site\/wp-content\/uploads\/2020\/01\/photo_2020-01-07_16-26-33.jpg\" alt=\"\" width=\"1080\" height=\"594\" srcset=\"https:\/\/digital58.com.ve\/site\/wp-content\/uploads\/2020\/01\/photo_2020-01-07_16-26-33.jpg 800w, https:\/\/digital58.com.ve\/site\/wp-content\/uploads\/2020\/01\/photo_2020-01-07_16-26-33-300x165.jpg 300w, https:\/\/digital58.com.ve\/site\/wp-content\/uploads\/2020\/01\/photo_2020-01-07_16-26-33-768x422.jpg 768w\" sizes=\"auto, (max-width: 1080px) 100vw, 1080px\" \/><\/a><\/p>\n<p>\u00abA\u00fan quedan diputados afuera del palacio\u2026 Est\u00e1n siendo agredidos\u2026 Nos corresponde instalar el per\u00edodo ordinario de sesiones\u00bb, agreg\u00f3 Guaid\u00f3.<\/p>\n<p>Los ciudadanos se agolparon en los alrededores del palacio para apoyar al Parlamento leg\u00edtimo.<\/p>\n<p>\u00abRespaldo al presidente Juan Guaid\u00f3 porque es el \u00fanico poder institucional que tenemos\u00bb, expres\u00f3 la ciudadana Beatriz Acosta.<\/p>\n<p>Mientras tanto, se conoci\u00f3 que en las adyacencias del Palacio Legislativo grupos de colectivos armados agredieron al equipo period\u00edstico de Venevisi\u00f3n y presuntamente lo despojaron de sus pertenencias.<\/p>\n<p><strong>Redacci\u00f3n con fuente: Reuters<\/strong><br \/>\n<strong>Edici\u00f3n: Villasmil, Henry<\/strong><br \/>\n<strong>Gr\u00e1ficas: cortes\u00eda<\/p>\n<p><\/strong><a href=\"https:\/\/digital58.com.ve\/site\/wp-content\/uploads\/2020\/01\/photo_2020-01-07_16-26-36.jpg\"><img loading=\"lazy\" decoding=\"async\" class=\"aligncenter size-full wp-image-90764\" src=\"https:\/\/digital58.com.ve\/site\/wp-content\/uploads\/2020\/01\/photo_2020-01-07_16-26-36.jpg\" alt=\"\" width=\"1024\" height=\"563\" srcset=\"https:\/\/digital58.com.ve\/site\/wp-content\/uploads\/2020\/01\/photo_2020-01-07_16-26-36.jpg 800w, https:\/\/digital58.com.ve\/site\/wp-content\/uploads\/2020\/01\/photo_2020-01-07_16-26-36-300x165.jpg 300w, https:\/\/digital58.com.ve\/site\/wp-content\/uploads\/2020\/01\/photo_2020-01-07_16-26-36-768x422.jpg 768w\" sizes=\"auto, (max-width: 1024px) 100vw, 1024px\" \/><\/a><\/p><div class=\"jltsm69f238778eba1\" ><p style=\"text-align: center;\"><a href=\"https:\/\/t.me\/noticiasdigital58\" target=\"_blank\" rel=\"noopener\"><img class=\"aligncenter size-full wp-image-125363\" src=\"https:\/\/digital58.com.ve\/site\/wp-content\/uploads\/2021\/04\/banner-telegram-web-2021.png\" alt=\"\" width=\"600\" height=\"90\" \/><\/a><\/p><\/div><style type=\"text\/css\">\r\n@media screen and (min-width: 1201px) {\r\n.jltsm69f238778eba1 {\r\ndisplay: block;\r\n}\r\n}\r\n@media screen and (min-width: 993px) and (max-width: 1200px) {\r\n.jltsm69f238778eba1 {\r\ndisplay: block;\r\n}\r\n}\r\n@media screen and (min-width: 769px) and (max-width: 992px) {\r\n.jltsm69f238778eba1 {\r\ndisplay: block;\r\n}\r\n}\r\n@media screen and (min-width: 768px) and (max-width: 768px) {\r\n.jltsm69f238778eba1 {\r\ndisplay: block;\r\n}\r\n}\r\n@media screen and (max-width: 767px) {\r\n.jltsm69f238778eba1 {\r\ndisplay: block;\r\n}\r\n}\r\n<\/style>\r\n\n<p>&nbsp;<\/p>\n<div style=\"margin-top: 0px; margin-bottom: 0px;\" class=\"sharethis-inline-share-buttons\" ><\/div>","protected":false},"excerpt":{"rendered":"<p>El l\u00edder opositor y jefe del Parlamento de Venezuela, Juan Guaid\u00f3, logr\u00f3 retornar el martes al podio presidencial del Congreso<\/p>\n","protected":false},"author":1,"featured_media":90764,"comment_status":"open","ping_status":"closed","sticky":false,"template":"","format":"standard","meta":{"colormag_page_container_layout":"default_layout","colormag_page_sidebar_layout":"default_layout","_uag_custom_page_level_css":"","footnotes":""},"categories":[8610],"tags":[4384,29,13126,11949,233,8605,13124,13125,32,8604],"class_list":["post-90763","post","type-post","status-publish","format-standard","has-post-thumbnail","hentry","category-politica","tag-asamblea-nacional","tag-caracas","tag-guardia-nacional","tag-juan-guaido","tag-nacionales","tag-oposicion-venezolana","tag-palacio-legislativo","tag-parlamento-de-venezuela","tag-venezuela","tag-venezuela-crisis"],"yoast_head":"<!-- This site is optimized with the Yoast SEO plugin v27.5 - https:\/\/yoast.com\/product\/yoast-seo-wordpress\/ -->\n<title>Guaid\u00f3 retorna a podio presidencial del Congreso entonando himno nacional<\/title>\n<meta name=\"description\" content=\"Pol\u00edtica\" \/>\n<meta name=\"robots\" content=\"index, follow, max-snippet:-1, max-image-preview:large, max-video-preview:-1\" \/>\n<link rel=\"canonical\" href=\"https:\/\/digital58.com.ve\/site\/2020\/01\/07\/guaido-retorna-a-podio-presidencial-del-congreso-entonando-himno-nacional\/\" \/>\n<meta property=\"og:locale\" content=\"es_ES\" \/>\n<meta property=\"og:type\" content=\"article\" \/>\n<meta property=\"og:title\" content=\"Guaid\u00f3 retorna a podio presidencial del Congreso entonando himno nacional\" \/>\n<meta property=\"og:description\" content=\"Pol\u00edtica\" \/>\n<meta property=\"og:url\" content=\"https:\/\/digital58.com.ve\/site\/2020\/01\/07\/guaido-retorna-a-podio-presidencial-del-congreso-entonando-himno-nacional\/\" \/>\n<meta property=\"og:site_name\" content=\"Noticias Digital58\" \/>\n<meta property=\"article:published_time\" content=\"2020-01-07T20:30:26+00:00\" \/>\n<meta property=\"og:image\" content=\"https:\/\/digital58.com.ve\/site\/wp-content\/uploads\/2020\/01\/photo_2020-01-07_16-26-36.jpg\" \/>\n\t<meta property=\"og:image:width\" content=\"1024\" \/>\n\t<meta property=\"og:image:height\" content=\"563\" \/>\n\t<meta property=\"og:image:type\" content=\"image\/jpeg\" \/>\n<meta name=\"author\" content=\"Villasmil Henry\" \/>\n<meta name=\"twitter:card\" content=\"summary_large_image\" \/>\n<meta name=\"twitter:creator\" content=\"@https:\/\/twitter.com\/villasmilhfoto\" \/>\n<meta name=\"twitter:site\" content=\"@villasmilhfoto\" \/>\n<meta name=\"twitter:label1\" content=\"Escrito por\" \/>\n\t<meta name=\"twitter:data1\" content=\"Villasmil Henry\" \/>\n\t<meta name=\"twitter:label2\" content=\"Tiempo estimado de lectura\" \/>\n\t<meta name=\"twitter:data2\" content=\"1 minuto\" \/>\n<script type=\"application\/ld+json\" class=\"yoast-schema-graph\">{\"@context\":\"https:\\\/\\\/schema.org\",\"@graph\":[{\"@type\":\"Article\",\"@id\":\"https:\\\/\\\/digital58.com.ve\\\/site\\\/2020\\\/01\\\/07\\\/guaido-retorna-a-podio-presidencial-del-congreso-entonando-himno-nacional\\\/#article\",\"isPartOf\":{\"@id\":\"https:\\\/\\\/digital58.com.ve\\\/site\\\/2020\\\/01\\\/07\\\/guaido-retorna-a-podio-presidencial-del-congreso-entonando-himno-nacional\\\/\"},\"author\":{\"name\":\"Villasmil Henry\",\"@id\":\"https:\\\/\\\/digital58.com.ve\\\/site\\\/#\\\/schema\\\/person\\\/64d1c2e4d0d4fd1b849980c4331c2951\"},\"headline\":\"Guaid\u00f3 retorna a podio presidencial del Congreso entonando himno nacional\",\"datePublished\":\"2020-01-07T20:30:26+00:00\",\"mainEntityOfPage\":{\"@id\":\"https:\\\/\\\/digital58.com.ve\\\/site\\\/2020\\\/01\\\/07\\\/guaido-retorna-a-podio-presidencial-del-congreso-entonando-himno-nacional\\\/\"},\"wordCount\":219,\"commentCount\":0,\"publisher\":{\"@id\":\"https:\\\/\\\/digital58.com.ve\\\/site\\\/#\\\/schema\\\/person\\\/64d1c2e4d0d4fd1b849980c4331c2951\"},\"image\":{\"@id\":\"https:\\\/\\\/digital58.com.ve\\\/site\\\/2020\\\/01\\\/07\\\/guaido-retorna-a-podio-presidencial-del-congreso-entonando-himno-nacional\\\/#primaryimage\"},\"thumbnailUrl\":\"https:\\\/\\\/digital58.com.ve\\\/site\\\/wp-content\\\/uploads\\\/2020\\\/01\\\/photo_2020-01-07_16-26-36.jpg\",\"keywords\":[\"Asamblea Nacional\",\"Caracas\",\"Guardia Nacional\",\"Juan Guaid\u00f3\",\"Nacionales\",\"Oposici\u00f3n Venezolana\",\"Palacio Legislativo\",\"Parlamento de Venezuela\",\"Venezuela\",\"Venezuela Crisis\"],\"articleSection\":[\"Pol\u00edtica\"],\"inLanguage\":\"es\",\"potentialAction\":[{\"@type\":\"CommentAction\",\"name\":\"Comment\",\"target\":[\"https:\\\/\\\/digital58.com.ve\\\/site\\\/2020\\\/01\\\/07\\\/guaido-retorna-a-podio-presidencial-del-congreso-entonando-himno-nacional\\\/#respond\"]}]},{\"@type\":\"WebPage\",\"@id\":\"https:\\\/\\\/digital58.com.ve\\\/site\\\/2020\\\/01\\\/07\\\/guaido-retorna-a-podio-presidencial-del-congreso-entonando-himno-nacional\\\/\",\"url\":\"https:\\\/\\\/digital58.com.ve\\\/site\\\/2020\\\/01\\\/07\\\/guaido-retorna-a-podio-presidencial-del-congreso-entonando-himno-nacional\\\/\",\"name\":\"Guaid\u00f3 retorna a podio presidencial del Congreso entonando himno nacional\",\"isPartOf\":{\"@id\":\"https:\\\/\\\/digital58.com.ve\\\/site\\\/#website\"},\"primaryImageOfPage\":{\"@id\":\"https:\\\/\\\/digital58.com.ve\\\/site\\\/2020\\\/01\\\/07\\\/guaido-retorna-a-podio-presidencial-del-congreso-entonando-himno-nacional\\\/#primaryimage\"},\"image\":{\"@id\":\"https:\\\/\\\/digital58.com.ve\\\/site\\\/2020\\\/01\\\/07\\\/guaido-retorna-a-podio-presidencial-del-congreso-entonando-himno-nacional\\\/#primaryimage\"},\"thumbnailUrl\":\"https:\\\/\\\/digital58.com.ve\\\/site\\\/wp-content\\\/uploads\\\/2020\\\/01\\\/photo_2020-01-07_16-26-36.jpg\",\"datePublished\":\"2020-01-07T20:30:26+00:00\",\"description\":\"Pol\u00edtica\",\"breadcrumb\":{\"@id\":\"https:\\\/\\\/digital58.com.ve\\\/site\\\/2020\\\/01\\\/07\\\/guaido-retorna-a-podio-presidencial-del-congreso-entonando-himno-nacional\\\/#breadcrumb\"},\"inLanguage\":\"es\",\"potentialAction\":[{\"@type\":\"ReadAction\",\"target\":[\"https:\\\/\\\/digital58.com.ve\\\/site\\\/2020\\\/01\\\/07\\\/guaido-retorna-a-podio-presidencial-del-congreso-entonando-himno-nacional\\\/\"]}]},{\"@type\":\"ImageObject\",\"inLanguage\":\"es\",\"@id\":\"https:\\\/\\\/digital58.com.ve\\\/site\\\/2020\\\/01\\\/07\\\/guaido-retorna-a-podio-presidencial-del-congreso-entonando-himno-nacional\\\/#primaryimage\",\"url\":\"https:\\\/\\\/digital58.com.ve\\\/site\\\/wp-content\\\/uploads\\\/2020\\\/01\\\/photo_2020-01-07_16-26-36.jpg\",\"contentUrl\":\"https:\\\/\\\/digital58.com.ve\\\/site\\\/wp-content\\\/uploads\\\/2020\\\/01\\\/photo_2020-01-07_16-26-36.jpg\",\"width\":800,\"height\":440},{\"@type\":\"BreadcrumbList\",\"@id\":\"https:\\\/\\\/digital58.com.ve\\\/site\\\/2020\\\/01\\\/07\\\/guaido-retorna-a-podio-presidencial-del-congreso-entonando-himno-nacional\\\/#breadcrumb\",\"itemListElement\":[{\"@type\":\"ListItem\",\"position\":1,\"name\":\"Home\",\"item\":\"https:\\\/\\\/digital58.com.ve\\\/site\\\/\"},{\"@type\":\"ListItem\",\"position\":2,\"name\":\"Guaid\u00f3 retorna a podio presidencial del Congreso entonando himno nacional\"}]},{\"@type\":\"WebSite\",\"@id\":\"https:\\\/\\\/digital58.com.ve\\\/site\\\/#website\",\"url\":\"https:\\\/\\\/digital58.com.ve\\\/site\\\/\",\"name\":\"Noticias Digital58\",\"description\":\"Portal de Noticias \u00a1Periodismo web de verdad! Lanzamiento web 22.11.2005 \\\/ Maracaibo, Venezuela\",\"publisher\":{\"@id\":\"https:\\\/\\\/digital58.com.ve\\\/site\\\/#\\\/schema\\\/person\\\/64d1c2e4d0d4fd1b849980c4331c2951\"},\"alternateName\":\"ND58\",\"potentialAction\":[{\"@type\":\"SearchAction\",\"target\":{\"@type\":\"EntryPoint\",\"urlTemplate\":\"https:\\\/\\\/digital58.com.ve\\\/site\\\/?s={search_term_string}\"},\"query-input\":{\"@type\":\"PropertyValueSpecification\",\"valueRequired\":true,\"valueName\":\"search_term_string\"}}],\"inLanguage\":\"es\"},{\"@type\":[\"Person\",\"Organization\"],\"@id\":\"https:\\\/\\\/digital58.com.ve\\\/site\\\/#\\\/schema\\\/person\\\/64d1c2e4d0d4fd1b849980c4331c2951\",\"name\":\"Villasmil Henry\",\"image\":{\"@type\":\"ImageObject\",\"inLanguage\":\"es\",\"@id\":\"https:\\\/\\\/secure.gravatar.com\\\/avatar\\\/bb0c4a2fcb7970138239f7e404ea75757b1b507b28b5ce4c53fbd62d797c5a7c?s=96&d=mm&r=g\",\"url\":\"https:\\\/\\\/secure.gravatar.com\\\/avatar\\\/bb0c4a2fcb7970138239f7e404ea75757b1b507b28b5ce4c53fbd62d797c5a7c?s=96&d=mm&r=g\",\"contentUrl\":\"https:\\\/\\\/secure.gravatar.com\\\/avatar\\\/bb0c4a2fcb7970138239f7e404ea75757b1b507b28b5ce4c53fbd62d797c5a7c?s=96&d=mm&r=g\",\"caption\":\"Villasmil Henry\"},\"logo\":{\"@id\":\"https:\\\/\\\/secure.gravatar.com\\\/avatar\\\/bb0c4a2fcb7970138239f7e404ea75757b1b507b28b5ce4c53fbd62d797c5a7c?s=96&d=mm&r=g\"},\"sameAs\":[\"http:\\\/\\\/www.henryvillasmil.com.ve\",\"https:\\\/\\\/www.instagram.com\\\/villasmilhfoto\\\/\",\"https:\\\/\\\/x.com\\\/https:\\\/\\\/twitter.com\\\/villasmilhfoto\"],\"url\":\"https:\\\/\\\/digital58.com.ve\\\/site\\\/author\\\/droopy_68\\\/\"}]}<\/script>\n<!-- \/ Yoast SEO plugin. -->","yoast_head_json":{"title":"Guaid\u00f3 retorna a podio presidencial del Congreso entonando himno nacional","description":"Pol\u00edtica","robots":{"index":"index","follow":"follow","max-snippet":"max-snippet:-1","max-image-preview":"max-image-preview:large","max-video-preview":"max-video-preview:-1"},"canonical":"https:\/\/digital58.com.ve\/site\/2020\/01\/07\/guaido-retorna-a-podio-presidencial-del-congreso-entonando-himno-nacional\/","og_locale":"es_ES","og_type":"article","og_title":"Guaid\u00f3 retorna a podio presidencial del Congreso entonando himno nacional","og_description":"Pol\u00edtica","og_url":"https:\/\/digital58.com.ve\/site\/2020\/01\/07\/guaido-retorna-a-podio-presidencial-del-congreso-entonando-himno-nacional\/","og_site_name":"Noticias Digital58","article_published_time":"2020-01-07T20:30:26+00:00","og_image":[{"width":1024,"height":563,"url":"https:\/\/digital58.com.ve\/site\/wp-content\/uploads\/2020\/01\/photo_2020-01-07_16-26-36.jpg","type":"image\/jpeg"}],"author":"Villasmil Henry","twitter_card":"summary_large_image","twitter_creator":"@https:\/\/twitter.com\/villasmilhfoto","twitter_site":"@villasmilhfoto","twitter_misc":{"Escrito por":"Villasmil Henry","Tiempo estimado de lectura":"1 minuto"},"schema":{"@context":"https:\/\/schema.org","@graph":[{"@type":"Article","@id":"https:\/\/digital58.com.ve\/site\/2020\/01\/07\/guaido-retorna-a-podio-presidencial-del-congreso-entonando-himno-nacional\/#article","isPartOf":{"@id":"https:\/\/digital58.com.ve\/site\/2020\/01\/07\/guaido-retorna-a-podio-presidencial-del-congreso-entonando-himno-nacional\/"},"author":{"name":"Villasmil Henry","@id":"https:\/\/digital58.com.ve\/site\/#\/schema\/person\/64d1c2e4d0d4fd1b849980c4331c2951"},"headline":"Guaid\u00f3 retorna a podio presidencial del Congreso entonando himno nacional","datePublished":"2020-01-07T20:30:26+00:00","mainEntityOfPage":{"@id":"https:\/\/digital58.com.ve\/site\/2020\/01\/07\/guaido-retorna-a-podio-presidencial-del-congreso-entonando-himno-nacional\/"},"wordCount":219,"commentCount":0,"publisher":{"@id":"https:\/\/digital58.com.ve\/site\/#\/schema\/person\/64d1c2e4d0d4fd1b849980c4331c2951"},"image":{"@id":"https:\/\/digital58.com.ve\/site\/2020\/01\/07\/guaido-retorna-a-podio-presidencial-del-congreso-entonando-himno-nacional\/#primaryimage"},"thumbnailUrl":"https:\/\/digital58.com.ve\/site\/wp-content\/uploads\/2020\/01\/photo_2020-01-07_16-26-36.jpg","keywords":["Asamblea Nacional","Caracas","Guardia Nacional","Juan Guaid\u00f3","Nacionales","Oposici\u00f3n Venezolana","Palacio Legislativo","Parlamento de Venezuela","Venezuela","Venezuela Crisis"],"articleSection":["Pol\u00edtica"],"inLanguage":"es","potentialAction":[{"@type":"CommentAction","name":"Comment","target":["https:\/\/digital58.com.ve\/site\/2020\/01\/07\/guaido-retorna-a-podio-presidencial-del-congreso-entonando-himno-nacional\/#respond"]}]},{"@type":"WebPage","@id":"https:\/\/digital58.com.ve\/site\/2020\/01\/07\/guaido-retorna-a-podio-presidencial-del-congreso-entonando-himno-nacional\/","url":"https:\/\/digital58.com.ve\/site\/2020\/01\/07\/guaido-retorna-a-podio-presidencial-del-congreso-entonando-himno-nacional\/","name":"Guaid\u00f3 retorna a podio presidencial del Congreso entonando himno nacional","isPartOf":{"@id":"https:\/\/digital58.com.ve\/site\/#website"},"primaryImageOfPage":{"@id":"https:\/\/digital58.com.ve\/site\/2020\/01\/07\/guaido-retorna-a-podio-presidencial-del-congreso-entonando-himno-nacional\/#primaryimage"},"image":{"@id":"https:\/\/digital58.com.ve\/site\/2020\/01\/07\/guaido-retorna-a-podio-presidencial-del-congreso-entonando-himno-nacional\/#primaryimage"},"thumbnailUrl":"https:\/\/digital58.com.ve\/site\/wp-content\/uploads\/2020\/01\/photo_2020-01-07_16-26-36.jpg","datePublished":"2020-01-07T20:30:26+00:00","description":"Pol\u00edtica","breadcrumb":{"@id":"https:\/\/digital58.com.ve\/site\/2020\/01\/07\/guaido-retorna-a-podio-presidencial-del-congreso-entonando-himno-nacional\/#breadcrumb"},"inLanguage":"es","potentialAction":[{"@type":"ReadAction","target":["https:\/\/digital58.com.ve\/site\/2020\/01\/07\/guaido-retorna-a-podio-presidencial-del-congreso-entonando-himno-nacional\/"]}]},{"@type":"ImageObject","inLanguage":"es","@id":"https:\/\/digital58.com.ve\/site\/2020\/01\/07\/guaido-retorna-a-podio-presidencial-del-congreso-entonando-himno-nacional\/#primaryimage","url":"https:\/\/digital58.com.ve\/site\/wp-content\/uploads\/2020\/01\/photo_2020-01-07_16-26-36.jpg","contentUrl":"https:\/\/digital58.com.ve\/site\/wp-content\/uploads\/2020\/01\/photo_2020-01-07_16-26-36.jpg","width":800,"height":440},{"@type":"BreadcrumbList","@id":"https:\/\/digital58.com.ve\/site\/2020\/01\/07\/guaido-retorna-a-podio-presidencial-del-congreso-entonando-himno-nacional\/#breadcrumb","itemListElement":[{"@type":"ListItem","position":1,"name":"Home","item":"https:\/\/digital58.com.ve\/site\/"},{"@type":"ListItem","position":2,"name":"Guaid\u00f3 retorna a podio presidencial del Congreso entonando himno nacional"}]},{"@type":"WebSite","@id":"https:\/\/digital58.com.ve\/site\/#website","url":"https:\/\/digital58.com.ve\/site\/","name":"Noticias Digital58","description":"Portal de Noticias \u00a1Periodismo web de verdad! Lanzamiento web 22.11.2005 \/ Maracaibo, Venezuela","publisher":{"@id":"https:\/\/digital58.com.ve\/site\/#\/schema\/person\/64d1c2e4d0d4fd1b849980c4331c2951"},"alternateName":"ND58","potentialAction":[{"@type":"SearchAction","target":{"@type":"EntryPoint","urlTemplate":"https:\/\/digital58.com.ve\/site\/?s={search_term_string}"},"query-input":{"@type":"PropertyValueSpecification","valueRequired":true,"valueName":"search_term_string"}}],"inLanguage":"es"},{"@type":["Person","Organization"],"@id":"https:\/\/digital58.com.ve\/site\/#\/schema\/person\/64d1c2e4d0d4fd1b849980c4331c2951","name":"Villasmil Henry","image":{"@type":"ImageObject","inLanguage":"es","@id":"https:\/\/secure.gravatar.com\/avatar\/bb0c4a2fcb7970138239f7e404ea75757b1b507b28b5ce4c53fbd62d797c5a7c?s=96&d=mm&r=g","url":"https:\/\/secure.gravatar.com\/avatar\/bb0c4a2fcb7970138239f7e404ea75757b1b507b28b5ce4c53fbd62d797c5a7c?s=96&d=mm&r=g","contentUrl":"https:\/\/secure.gravatar.com\/avatar\/bb0c4a2fcb7970138239f7e404ea75757b1b507b28b5ce4c53fbd62d797c5a7c?s=96&d=mm&r=g","caption":"Villasmil Henry"},"logo":{"@id":"https:\/\/secure.gravatar.com\/avatar\/bb0c4a2fcb7970138239f7e404ea75757b1b507b28b5ce4c53fbd62d797c5a7c?s=96&d=mm&r=g"},"sameAs":["http:\/\/www.henryvillasmil.com.ve","https:\/\/www.instagram.com\/villasmilhfoto\/","https:\/\/x.com\/https:\/\/twitter.com\/villasmilhfoto"],"url":"https:\/\/digital58.com.ve\/site\/author\/droopy_68\/"}]}},"uagb_featured_image_src":{"full":["https:\/\/digital58.com.ve\/site\/wp-content\/uploads\/2020\/01\/photo_2020-01-07_16-26-36.jpg",800,440,false],"thumbnail":["https:\/\/digital58.com.ve\/site\/wp-content\/uploads\/2020\/01\/photo_2020-01-07_16-26-36-150x150.jpg",150,150,true],"medium":["https:\/\/digital58.com.ve\/site\/wp-content\/uploads\/2020\/01\/photo_2020-01-07_16-26-36-300x165.jpg",300,165,true],"medium_large":["https:\/\/digital58.com.ve\/site\/wp-content\/uploads\/2020\/01\/photo_2020-01-07_16-26-36-768x422.jpg",768,422,true],"large":["https:\/\/digital58.com.ve\/site\/wp-content\/uploads\/2020\/01\/photo_2020-01-07_16-26-36.jpg",800,440,false],"1536x1536":["https:\/\/digital58.com.ve\/site\/wp-content\/uploads\/2020\/01\/photo_2020-01-07_16-26-36.jpg",800,440,false],"2048x2048":["https:\/\/digital58.com.ve\/site\/wp-content\/uploads\/2020\/01\/photo_2020-01-07_16-26-36.jpg",800,440,false],"colormag-highlighted-post":["https:\/\/digital58.com.ve\/site\/wp-content\/uploads\/2020\/01\/photo_2020-01-07_16-26-36.jpg",392,216,false],"colormag-featured-post-medium":["https:\/\/digital58.com.ve\/site\/wp-content\/uploads\/2020\/01\/photo_2020-01-07_16-26-36.jpg",373,205,false],"colormag-featured-post-small":["https:\/\/digital58.com.ve\/site\/wp-content\/uploads\/2020\/01\/photo_2020-01-07_16-26-36.jpg",130,72,false],"colormag-featured-image":["https:\/\/digital58.com.ve\/site\/wp-content\/uploads\/2020\/01\/photo_2020-01-07_16-26-36.jpg",800,440,false],"colormag-default-news":["https:\/\/digital58.com.ve\/site\/wp-content\/uploads\/2020\/01\/photo_2020-01-07_16-26-36.jpg",150,83,false],"colormag-featured-image-large":["https:\/\/digital58.com.ve\/site\/wp-content\/uploads\/2020\/01\/photo_2020-01-07_16-26-36.jpg",800,440,false]},"uagb_author_info":{"display_name":"Villasmil Henry","author_link":"https:\/\/digital58.com.ve\/site\/author\/droopy_68\/"},"uagb_comment_info":0,"uagb_excerpt":"El l\u00edder opositor y jefe del Parlamento de Venezuela, Juan Guaid\u00f3, logr\u00f3 retornar el martes al podio presidencial del Congreso","_links":{"self":[{"href":"https:\/\/digital58.com.ve\/site\/wp-json\/wp\/v2\/posts\/90763","targetHints":{"allow":["GET"]}}],"collection":[{"href":"https:\/\/digital58.com.ve\/site\/wp-json\/wp\/v2\/posts"}],"about":[{"href":"https:\/\/digital58.com.ve\/site\/wp-json\/wp\/v2\/types\/post"}],"author":[{"embeddable":true,"href":"https:\/\/digital58.com.ve\/site\/wp-json\/wp\/v2\/users\/1"}],"replies":[{"embeddable":true,"href":"https:\/\/digital58.com.ve\/site\/wp-json\/wp\/v2\/comments?post=90763"}],"version-history":[{"count":0,"href":"https:\/\/digital58.com.ve\/site\/wp-json\/wp\/v2\/posts\/90763\/revisions"}],"wp:featuredmedia":[{"embeddable":true,"href":"https:\/\/digital58.com.ve\/site\/wp-json\/wp\/v2\/media\/90764"}],"wp:attachment":[{"href":"https:\/\/digital58.com.ve\/site\/wp-json\/wp\/v2\/media?parent=90763"}],"wp:term":[{"taxonomy":"category","embeddable":true,"href":"https:\/\/digital58.com.ve\/site\/wp-json\/wp\/v2\/categories?post=90763"},{"taxonomy":"post_tag","embeddable":true,"href":"https:\/\/digital58.com.ve\/site\/wp-json\/wp\/v2\/tags?post=90763"}],"curies":[{"name":"wp","href":"https:\/\/api.w.org\/{rel}","templated":true}]}}