{"id":90831,"date":"2020-01-09T08:44:12","date_gmt":"2020-01-09T12:44:12","guid":{"rendered":"https:\/\/digital58.com.ve\/site\/?p=90831"},"modified":"2020-01-09T08:44:12","modified_gmt":"2020-01-09T12:44:12","slug":"zulia-fc-kevin-palacio-suma-su-versatilidad-al-mediocampo-zuliano","status":"publish","type":"post","link":"https:\/\/digital58.com.ve\/site\/2020\/01\/09\/zulia-fc-kevin-palacio-suma-su-versatilidad-al-mediocampo-zuliano\/","title":{"rendered":"Zulia FC: Kevin Palacio suma su versatilidad al mediocampo zuliano"},"content":{"rendered":"<p><a href=\"https:\/\/digital58.com.ve\/site\/wp-content\/uploads\/2020\/01\/kevin.jpg\"><img loading=\"lazy\" decoding=\"async\" class=\"aligncenter size-large wp-image-90832\" src=\"https:\/\/digital58.com.ve\/site\/wp-content\/uploads\/2020\/01\/kevin-1403x1024.jpg\" alt=\"\" width=\"640\" height=\"467\" srcset=\"https:\/\/digital58.com.ve\/site\/wp-content\/uploads\/2020\/01\/kevin-1403x1024.jpg 1403w, https:\/\/digital58.com.ve\/site\/wp-content\/uploads\/2020\/01\/kevin-300x219.jpg 300w, https:\/\/digital58.com.ve\/site\/wp-content\/uploads\/2020\/01\/kevin-768x561.jpg 768w, https:\/\/digital58.com.ve\/site\/wp-content\/uploads\/2020\/01\/kevin.jpg 800w\" sizes=\"auto, (max-width: 640px) 100vw, 640px\" \/><\/a><\/p>\n<p>Elegido como uno parte del equipo ideal del pasado Torneo Clausura, el valioso volante mixto Kevin Hans Palacio es uno de los fichajes de Zulia F\u00fatbol Club para este 2020. Ya incorporado a la pretemporada del club con sede en La Victoria, Palacio, de 26 a\u00f1os y en plena madurez futbol\u00edstica, disput\u00f3 29 compromisos con Llaneros de Guanare en 2019 para 2.324 minutos en cancha. Marc\u00f3 tres goles, uno de ellos de tiro libre a Zulia FC en el \u00abPachencho\u00bb, y, apoyado en su buena pegada de media distancia, acumula cinco dianas en apenas dos campa\u00f1as como jugador de la m\u00e1xima categor\u00eda.<\/p>\n<p><strong>Maracaibo, Zulia, Venezuela, 09 de enero de 2020 (ND58).-<\/strong> Con las metas claras. \u00abEn lo personal estoy dispuesto a aportar todo lo que el equipo necesite y en lo grupal intentar lograr la meta de entrar a una liguilla o a una copa internacional; con el trabajo se van a ver los frutos\u00bb, coment\u00f3 Palacio tras su m\u00e1s reciente entrenamiento.<\/p>\n<p><strong>\u00c1nimo por todo lo alto<\/strong><\/p>\n<p>\u00abVengo a aportar lo m\u00e1ximo en este club, repetir lo hecho el semestre pasado, o mejor a\u00fan, mejorarlo\u00bb, expres\u00f3 el futbolista que mayormente ha desempe\u00f1ado su carrera en la primera l\u00ednea de volantes.<\/p>\n<p>\u00abSiempre segu\u00eda al Zulia FC y ten\u00eda la expectativa de poder vestir los colores de este club por todo lo que ha conseguido en tan corto tiempo en Primera Divisi\u00f3n, por eso cuando se dio la oportunidad de venir no lo pens\u00e9 ni un momento\u00bb, cont\u00f3.<\/p>\n<p>No es la primera vez que Palacio intenta ingresar a la disciplina \u00abNegriazul\u00bb. Siendo un juvenil -confiesa el mismo jugador- hizo pretemporada con el club que, para entonces, a\u00f1o 2011, era dirigido por Alex Garc\u00eda King.<\/p>\n<p>\u00abHab\u00eda muchos jugadores de renombre y en ese momento no se dieron las cosas. Desde ese momento conozco al \u00abprofe\u00bb y la calidad humana que tiene, por eso es un honor volver a encontrarme con \u00e9l. Esta es una plaza que conozco bien, me gusta todo, hasta el calor de aqu\u00ed porque esta es nuestra tierra y uno se contagia con las ganas, disposici\u00f3n y sue\u00f1os que tiene el grupo\u00bb, concluy\u00f3 el futbolista, quien est\u00e1 llamado a ser una de esas piezas con juventud, pero la experiencia suficiente para contagiar a los juveniles del grupo.<\/p>\n<p><strong>Ficha t\u00e9cnica:<\/strong><\/p>\n<p><strong>Nombre:<\/strong> Kevin Hans Palacio Maury<\/p>\n<p><strong>Nacimiento:<\/strong> 05.03.1993 (Maracaibo, VEN)<\/p>\n<p><strong>Nacionalidad:<\/strong> Venezolano<\/p>\n<p><strong>Edad:<\/strong> 26<\/p>\n<p><strong>Altura:<\/strong> 1.71 mts.<\/p>\n<p><strong>Peso:<\/strong> 68 kgs.<\/p>\n<p><strong>Posici\u00f3n:<\/strong> Volante Mixto<\/p>\n<p><strong>Perfil:<\/strong> Derecho<\/p>\n<p><strong>Trayectoria:<\/strong> Deportivo JBL del Zulia (VEN, 2013-2016), Titanes FC (2017), Llaneros de Guanare (2018-2019)<\/p><div class=\"vnjiw69efd5d481f4c\" ><p style=\"text-align: center;\"><a href=\"https:\/\/t.me\/noticiasdigital58\" target=\"_blank\" rel=\"noopener\"><img class=\"aligncenter size-full wp-image-125363\" src=\"https:\/\/digital58.com.ve\/site\/wp-content\/uploads\/2021\/04\/banner-telegram-web-2021.png\" alt=\"\" width=\"600\" height=\"90\" \/><\/a><\/p><\/div><style type=\"text\/css\">\r\n@media screen and (min-width: 1201px) {\r\n.vnjiw69efd5d481f4c {\r\ndisplay: block;\r\n}\r\n}\r\n@media screen and (min-width: 993px) and (max-width: 1200px) {\r\n.vnjiw69efd5d481f4c {\r\ndisplay: block;\r\n}\r\n}\r\n@media screen and (min-width: 769px) and (max-width: 992px) {\r\n.vnjiw69efd5d481f4c {\r\ndisplay: block;\r\n}\r\n}\r\n@media screen and (min-width: 768px) and (max-width: 768px) {\r\n.vnjiw69efd5d481f4c {\r\ndisplay: block;\r\n}\r\n}\r\n@media screen and (max-width: 767px) {\r\n.vnjiw69efd5d481f4c {\r\ndisplay: block;\r\n}\r\n}\r\n<\/style>\r\n\n<p><strong>Redacci\u00f3n con fuente: Ernesto Vera\/Prensa Zulia FC<\/strong><br \/>\n<strong>Edici\u00f3n: Villasmil, Henry<\/strong><br \/>\n<strong>Gr\u00e1ficas: cortes\u00eda Prensa @Zulia_FC<\/strong><\/p>\n<div style=\"margin-top: 0px; margin-bottom: 0px;\" class=\"sharethis-inline-share-buttons\" ><\/div>","protected":false},"excerpt":{"rendered":"<p>Elegido como uno parte del equipo ideal del pasado Torneo Clausura, el valioso volante mixto Kevin Hans Palacio es uno<\/p>\n","protected":false},"author":1,"featured_media":90832,"comment_status":"open","ping_status":"closed","sticky":false,"template":"","format":"standard","meta":{"colormag_page_container_layout":"default_layout","colormag_page_sidebar_layout":"default_layout","_uag_custom_page_level_css":"","footnotes":""},"categories":[5402],"tags":[13131,13,14,15,13132,10421,13040,13130,19,2354,32,761,5516],"class_list":["post-90831","post","type-post","status-publish","format-standard","has-post-thumbnail","hentry","category-deportes","tag-fichajes-2020","tag-futbol","tag-futbol-venezolano","tag-futve","tag-kevin-hans-palacio","tag-liga-futve","tag-liga-futve-2020","tag-liga-futve-pretemporada-2020","tag-primera-division","tag-regionales","tag-venezuela","tag-zulia","tag-zulia-futbol-club"],"yoast_head":"<!-- This site is optimized with the Yoast SEO plugin v27.4 - https:\/\/yoast.com\/product\/yoast-seo-wordpress\/ -->\n<title>Zulia FC: Kevin Palacio suma su versatilidad al mediocampo zuliano<\/title>\n<meta name=\"description\" content=\"Deportes\" \/>\n<meta name=\"robots\" content=\"index, follow, max-snippet:-1, max-image-preview:large, max-video-preview:-1\" \/>\n<link rel=\"canonical\" href=\"https:\/\/digital58.com.ve\/site\/2020\/01\/09\/zulia-fc-kevin-palacio-suma-su-versatilidad-al-mediocampo-zuliano\/\" \/>\n<meta property=\"og:locale\" content=\"es_ES\" \/>\n<meta property=\"og:type\" content=\"article\" \/>\n<meta property=\"og:title\" content=\"Zulia FC: Kevin Palacio suma su versatilidad al mediocampo zuliano\" \/>\n<meta property=\"og:description\" content=\"Deportes\" \/>\n<meta property=\"og:url\" content=\"https:\/\/digital58.com.ve\/site\/2020\/01\/09\/zulia-fc-kevin-palacio-suma-su-versatilidad-al-mediocampo-zuliano\/\" \/>\n<meta property=\"og:site_name\" content=\"Noticias Digital58\" \/>\n<meta property=\"article:published_time\" content=\"2020-01-09T12:44:12+00:00\" \/>\n<meta property=\"og:image\" content=\"https:\/\/digital58.com.ve\/site\/wp-content\/uploads\/2020\/01\/kevin.jpg\" \/>\n\t<meta property=\"og:image:width\" content=\"1500\" \/>\n\t<meta property=\"og:image:height\" content=\"1095\" \/>\n\t<meta property=\"og:image:type\" content=\"image\/jpeg\" \/>\n<meta name=\"author\" content=\"Villasmil Henry\" \/>\n<meta name=\"twitter:card\" content=\"summary_large_image\" \/>\n<meta name=\"twitter:creator\" content=\"@https:\/\/twitter.com\/villasmilhfoto\" \/>\n<meta name=\"twitter:site\" content=\"@villasmilhfoto\" \/>\n<meta name=\"twitter:label1\" content=\"Escrito por\" \/>\n\t<meta name=\"twitter:data1\" content=\"Villasmil Henry\" \/>\n\t<meta name=\"twitter:label2\" content=\"Tiempo estimado de lectura\" \/>\n\t<meta name=\"twitter:data2\" content=\"2 minutos\" \/>\n<script type=\"application\/ld+json\" class=\"yoast-schema-graph\">{\"@context\":\"https:\\\/\\\/schema.org\",\"@graph\":[{\"@type\":\"Article\",\"@id\":\"https:\\\/\\\/digital58.com.ve\\\/site\\\/2020\\\/01\\\/09\\\/zulia-fc-kevin-palacio-suma-su-versatilidad-al-mediocampo-zuliano\\\/#article\",\"isPartOf\":{\"@id\":\"https:\\\/\\\/digital58.com.ve\\\/site\\\/2020\\\/01\\\/09\\\/zulia-fc-kevin-palacio-suma-su-versatilidad-al-mediocampo-zuliano\\\/\"},\"author\":{\"name\":\"Villasmil Henry\",\"@id\":\"https:\\\/\\\/digital58.com.ve\\\/site\\\/#\\\/schema\\\/person\\\/64d1c2e4d0d4fd1b849980c4331c2951\"},\"headline\":\"Zulia FC: Kevin Palacio suma su versatilidad al mediocampo zuliano\",\"datePublished\":\"2020-01-09T12:44:12+00:00\",\"mainEntityOfPage\":{\"@id\":\"https:\\\/\\\/digital58.com.ve\\\/site\\\/2020\\\/01\\\/09\\\/zulia-fc-kevin-palacio-suma-su-versatilidad-al-mediocampo-zuliano\\\/\"},\"wordCount\":456,\"commentCount\":0,\"publisher\":{\"@id\":\"https:\\\/\\\/digital58.com.ve\\\/site\\\/#\\\/schema\\\/person\\\/64d1c2e4d0d4fd1b849980c4331c2951\"},\"image\":{\"@id\":\"https:\\\/\\\/digital58.com.ve\\\/site\\\/2020\\\/01\\\/09\\\/zulia-fc-kevin-palacio-suma-su-versatilidad-al-mediocampo-zuliano\\\/#primaryimage\"},\"thumbnailUrl\":\"https:\\\/\\\/digital58.com.ve\\\/site\\\/wp-content\\\/uploads\\\/2020\\\/01\\\/kevin.jpg\",\"keywords\":[\"Fichajes 2020\",\"F\u00fatbol\",\"F\u00fatbol Venezolano\",\"Futve\",\"Kevin Hans Palacio\",\"Liga F\u00fatVe\",\"Liga F\u00fatVe 2020\",\"Liga F\u00fatVe Pretemporada 2020\",\"Primera Divisi\u00f3n\",\"Regionales\",\"Venezuela\",\"Zulia\",\"Zulia F\u00fatbol Club\"],\"articleSection\":[\"Deportes\"],\"inLanguage\":\"es\",\"potentialAction\":[{\"@type\":\"CommentAction\",\"name\":\"Comment\",\"target\":[\"https:\\\/\\\/digital58.com.ve\\\/site\\\/2020\\\/01\\\/09\\\/zulia-fc-kevin-palacio-suma-su-versatilidad-al-mediocampo-zuliano\\\/#respond\"]}]},{\"@type\":\"WebPage\",\"@id\":\"https:\\\/\\\/digital58.com.ve\\\/site\\\/2020\\\/01\\\/09\\\/zulia-fc-kevin-palacio-suma-su-versatilidad-al-mediocampo-zuliano\\\/\",\"url\":\"https:\\\/\\\/digital58.com.ve\\\/site\\\/2020\\\/01\\\/09\\\/zulia-fc-kevin-palacio-suma-su-versatilidad-al-mediocampo-zuliano\\\/\",\"name\":\"Zulia FC: Kevin Palacio suma su versatilidad al mediocampo zuliano\",\"isPartOf\":{\"@id\":\"https:\\\/\\\/digital58.com.ve\\\/site\\\/#website\"},\"primaryImageOfPage\":{\"@id\":\"https:\\\/\\\/digital58.com.ve\\\/site\\\/2020\\\/01\\\/09\\\/zulia-fc-kevin-palacio-suma-su-versatilidad-al-mediocampo-zuliano\\\/#primaryimage\"},\"image\":{\"@id\":\"https:\\\/\\\/digital58.com.ve\\\/site\\\/2020\\\/01\\\/09\\\/zulia-fc-kevin-palacio-suma-su-versatilidad-al-mediocampo-zuliano\\\/#primaryimage\"},\"thumbnailUrl\":\"https:\\\/\\\/digital58.com.ve\\\/site\\\/wp-content\\\/uploads\\\/2020\\\/01\\\/kevin.jpg\",\"datePublished\":\"2020-01-09T12:44:12+00:00\",\"description\":\"Deportes\",\"breadcrumb\":{\"@id\":\"https:\\\/\\\/digital58.com.ve\\\/site\\\/2020\\\/01\\\/09\\\/zulia-fc-kevin-palacio-suma-su-versatilidad-al-mediocampo-zuliano\\\/#breadcrumb\"},\"inLanguage\":\"es\",\"potentialAction\":[{\"@type\":\"ReadAction\",\"target\":[\"https:\\\/\\\/digital58.com.ve\\\/site\\\/2020\\\/01\\\/09\\\/zulia-fc-kevin-palacio-suma-su-versatilidad-al-mediocampo-zuliano\\\/\"]}]},{\"@type\":\"ImageObject\",\"inLanguage\":\"es\",\"@id\":\"https:\\\/\\\/digital58.com.ve\\\/site\\\/2020\\\/01\\\/09\\\/zulia-fc-kevin-palacio-suma-su-versatilidad-al-mediocampo-zuliano\\\/#primaryimage\",\"url\":\"https:\\\/\\\/digital58.com.ve\\\/site\\\/wp-content\\\/uploads\\\/2020\\\/01\\\/kevin.jpg\",\"contentUrl\":\"https:\\\/\\\/digital58.com.ve\\\/site\\\/wp-content\\\/uploads\\\/2020\\\/01\\\/kevin.jpg\",\"width\":800,\"height\":584},{\"@type\":\"BreadcrumbList\",\"@id\":\"https:\\\/\\\/digital58.com.ve\\\/site\\\/2020\\\/01\\\/09\\\/zulia-fc-kevin-palacio-suma-su-versatilidad-al-mediocampo-zuliano\\\/#breadcrumb\",\"itemListElement\":[{\"@type\":\"ListItem\",\"position\":1,\"name\":\"Home\",\"item\":\"https:\\\/\\\/digital58.com.ve\\\/site\\\/\"},{\"@type\":\"ListItem\",\"position\":2,\"name\":\"Zulia FC: Kevin Palacio suma su versatilidad al mediocampo zuliano\"}]},{\"@type\":\"WebSite\",\"@id\":\"https:\\\/\\\/digital58.com.ve\\\/site\\\/#website\",\"url\":\"https:\\\/\\\/digital58.com.ve\\\/site\\\/\",\"name\":\"Noticias Digital58\",\"description\":\"Portal de Noticias \u00a1Periodismo web de verdad! Lanzamiento web 22.11.2005 \\\/ Maracaibo, Venezuela\",\"publisher\":{\"@id\":\"https:\\\/\\\/digital58.com.ve\\\/site\\\/#\\\/schema\\\/person\\\/64d1c2e4d0d4fd1b849980c4331c2951\"},\"alternateName\":\"ND58\",\"potentialAction\":[{\"@type\":\"SearchAction\",\"target\":{\"@type\":\"EntryPoint\",\"urlTemplate\":\"https:\\\/\\\/digital58.com.ve\\\/site\\\/?s={search_term_string}\"},\"query-input\":{\"@type\":\"PropertyValueSpecification\",\"valueRequired\":true,\"valueName\":\"search_term_string\"}}],\"inLanguage\":\"es\"},{\"@type\":[\"Person\",\"Organization\"],\"@id\":\"https:\\\/\\\/digital58.com.ve\\\/site\\\/#\\\/schema\\\/person\\\/64d1c2e4d0d4fd1b849980c4331c2951\",\"name\":\"Villasmil Henry\",\"image\":{\"@type\":\"ImageObject\",\"inLanguage\":\"es\",\"@id\":\"https:\\\/\\\/secure.gravatar.com\\\/avatar\\\/bb0c4a2fcb7970138239f7e404ea75757b1b507b28b5ce4c53fbd62d797c5a7c?s=96&d=mm&r=g\",\"url\":\"https:\\\/\\\/secure.gravatar.com\\\/avatar\\\/bb0c4a2fcb7970138239f7e404ea75757b1b507b28b5ce4c53fbd62d797c5a7c?s=96&d=mm&r=g\",\"contentUrl\":\"https:\\\/\\\/secure.gravatar.com\\\/avatar\\\/bb0c4a2fcb7970138239f7e404ea75757b1b507b28b5ce4c53fbd62d797c5a7c?s=96&d=mm&r=g\",\"caption\":\"Villasmil Henry\"},\"logo\":{\"@id\":\"https:\\\/\\\/secure.gravatar.com\\\/avatar\\\/bb0c4a2fcb7970138239f7e404ea75757b1b507b28b5ce4c53fbd62d797c5a7c?s=96&d=mm&r=g\"},\"sameAs\":[\"http:\\\/\\\/www.henryvillasmil.com.ve\",\"https:\\\/\\\/www.instagram.com\\\/villasmilhfoto\\\/\",\"https:\\\/\\\/x.com\\\/https:\\\/\\\/twitter.com\\\/villasmilhfoto\"],\"url\":\"https:\\\/\\\/digital58.com.ve\\\/site\\\/author\\\/droopy_68\\\/\"}]}<\/script>\n<!-- \/ Yoast SEO plugin. -->","yoast_head_json":{"title":"Zulia FC: Kevin Palacio suma su versatilidad al mediocampo zuliano","description":"Deportes","robots":{"index":"index","follow":"follow","max-snippet":"max-snippet:-1","max-image-preview":"max-image-preview:large","max-video-preview":"max-video-preview:-1"},"canonical":"https:\/\/digital58.com.ve\/site\/2020\/01\/09\/zulia-fc-kevin-palacio-suma-su-versatilidad-al-mediocampo-zuliano\/","og_locale":"es_ES","og_type":"article","og_title":"Zulia FC: Kevin Palacio suma su versatilidad al mediocampo zuliano","og_description":"Deportes","og_url":"https:\/\/digital58.com.ve\/site\/2020\/01\/09\/zulia-fc-kevin-palacio-suma-su-versatilidad-al-mediocampo-zuliano\/","og_site_name":"Noticias Digital58","article_published_time":"2020-01-09T12:44:12+00:00","og_image":[{"width":1500,"height":1095,"url":"https:\/\/digital58.com.ve\/site\/wp-content\/uploads\/2020\/01\/kevin.jpg","type":"image\/jpeg"}],"author":"Villasmil Henry","twitter_card":"summary_large_image","twitter_creator":"@https:\/\/twitter.com\/villasmilhfoto","twitter_site":"@villasmilhfoto","twitter_misc":{"Escrito por":"Villasmil Henry","Tiempo estimado de lectura":"2 minutos"},"schema":{"@context":"https:\/\/schema.org","@graph":[{"@type":"Article","@id":"https:\/\/digital58.com.ve\/site\/2020\/01\/09\/zulia-fc-kevin-palacio-suma-su-versatilidad-al-mediocampo-zuliano\/#article","isPartOf":{"@id":"https:\/\/digital58.com.ve\/site\/2020\/01\/09\/zulia-fc-kevin-palacio-suma-su-versatilidad-al-mediocampo-zuliano\/"},"author":{"name":"Villasmil Henry","@id":"https:\/\/digital58.com.ve\/site\/#\/schema\/person\/64d1c2e4d0d4fd1b849980c4331c2951"},"headline":"Zulia FC: Kevin Palacio suma su versatilidad al mediocampo zuliano","datePublished":"2020-01-09T12:44:12+00:00","mainEntityOfPage":{"@id":"https:\/\/digital58.com.ve\/site\/2020\/01\/09\/zulia-fc-kevin-palacio-suma-su-versatilidad-al-mediocampo-zuliano\/"},"wordCount":456,"commentCount":0,"publisher":{"@id":"https:\/\/digital58.com.ve\/site\/#\/schema\/person\/64d1c2e4d0d4fd1b849980c4331c2951"},"image":{"@id":"https:\/\/digital58.com.ve\/site\/2020\/01\/09\/zulia-fc-kevin-palacio-suma-su-versatilidad-al-mediocampo-zuliano\/#primaryimage"},"thumbnailUrl":"https:\/\/digital58.com.ve\/site\/wp-content\/uploads\/2020\/01\/kevin.jpg","keywords":["Fichajes 2020","F\u00fatbol","F\u00fatbol Venezolano","Futve","Kevin Hans Palacio","Liga F\u00fatVe","Liga F\u00fatVe 2020","Liga F\u00fatVe Pretemporada 2020","Primera Divisi\u00f3n","Regionales","Venezuela","Zulia","Zulia F\u00fatbol Club"],"articleSection":["Deportes"],"inLanguage":"es","potentialAction":[{"@type":"CommentAction","name":"Comment","target":["https:\/\/digital58.com.ve\/site\/2020\/01\/09\/zulia-fc-kevin-palacio-suma-su-versatilidad-al-mediocampo-zuliano\/#respond"]}]},{"@type":"WebPage","@id":"https:\/\/digital58.com.ve\/site\/2020\/01\/09\/zulia-fc-kevin-palacio-suma-su-versatilidad-al-mediocampo-zuliano\/","url":"https:\/\/digital58.com.ve\/site\/2020\/01\/09\/zulia-fc-kevin-palacio-suma-su-versatilidad-al-mediocampo-zuliano\/","name":"Zulia FC: Kevin Palacio suma su versatilidad al mediocampo zuliano","isPartOf":{"@id":"https:\/\/digital58.com.ve\/site\/#website"},"primaryImageOfPage":{"@id":"https:\/\/digital58.com.ve\/site\/2020\/01\/09\/zulia-fc-kevin-palacio-suma-su-versatilidad-al-mediocampo-zuliano\/#primaryimage"},"image":{"@id":"https:\/\/digital58.com.ve\/site\/2020\/01\/09\/zulia-fc-kevin-palacio-suma-su-versatilidad-al-mediocampo-zuliano\/#primaryimage"},"thumbnailUrl":"https:\/\/digital58.com.ve\/site\/wp-content\/uploads\/2020\/01\/kevin.jpg","datePublished":"2020-01-09T12:44:12+00:00","description":"Deportes","breadcrumb":{"@id":"https:\/\/digital58.com.ve\/site\/2020\/01\/09\/zulia-fc-kevin-palacio-suma-su-versatilidad-al-mediocampo-zuliano\/#breadcrumb"},"inLanguage":"es","potentialAction":[{"@type":"ReadAction","target":["https:\/\/digital58.com.ve\/site\/2020\/01\/09\/zulia-fc-kevin-palacio-suma-su-versatilidad-al-mediocampo-zuliano\/"]}]},{"@type":"ImageObject","inLanguage":"es","@id":"https:\/\/digital58.com.ve\/site\/2020\/01\/09\/zulia-fc-kevin-palacio-suma-su-versatilidad-al-mediocampo-zuliano\/#primaryimage","url":"https:\/\/digital58.com.ve\/site\/wp-content\/uploads\/2020\/01\/kevin.jpg","contentUrl":"https:\/\/digital58.com.ve\/site\/wp-content\/uploads\/2020\/01\/kevin.jpg","width":800,"height":584},{"@type":"BreadcrumbList","@id":"https:\/\/digital58.com.ve\/site\/2020\/01\/09\/zulia-fc-kevin-palacio-suma-su-versatilidad-al-mediocampo-zuliano\/#breadcrumb","itemListElement":[{"@type":"ListItem","position":1,"name":"Home","item":"https:\/\/digital58.com.ve\/site\/"},{"@type":"ListItem","position":2,"name":"Zulia FC: Kevin Palacio suma su versatilidad al mediocampo zuliano"}]},{"@type":"WebSite","@id":"https:\/\/digital58.com.ve\/site\/#website","url":"https:\/\/digital58.com.ve\/site\/","name":"Noticias Digital58","description":"Portal de Noticias \u00a1Periodismo web de verdad! Lanzamiento web 22.11.2005 \/ Maracaibo, Venezuela","publisher":{"@id":"https:\/\/digital58.com.ve\/site\/#\/schema\/person\/64d1c2e4d0d4fd1b849980c4331c2951"},"alternateName":"ND58","potentialAction":[{"@type":"SearchAction","target":{"@type":"EntryPoint","urlTemplate":"https:\/\/digital58.com.ve\/site\/?s={search_term_string}"},"query-input":{"@type":"PropertyValueSpecification","valueRequired":true,"valueName":"search_term_string"}}],"inLanguage":"es"},{"@type":["Person","Organization"],"@id":"https:\/\/digital58.com.ve\/site\/#\/schema\/person\/64d1c2e4d0d4fd1b849980c4331c2951","name":"Villasmil Henry","image":{"@type":"ImageObject","inLanguage":"es","@id":"https:\/\/secure.gravatar.com\/avatar\/bb0c4a2fcb7970138239f7e404ea75757b1b507b28b5ce4c53fbd62d797c5a7c?s=96&d=mm&r=g","url":"https:\/\/secure.gravatar.com\/avatar\/bb0c4a2fcb7970138239f7e404ea75757b1b507b28b5ce4c53fbd62d797c5a7c?s=96&d=mm&r=g","contentUrl":"https:\/\/secure.gravatar.com\/avatar\/bb0c4a2fcb7970138239f7e404ea75757b1b507b28b5ce4c53fbd62d797c5a7c?s=96&d=mm&r=g","caption":"Villasmil Henry"},"logo":{"@id":"https:\/\/secure.gravatar.com\/avatar\/bb0c4a2fcb7970138239f7e404ea75757b1b507b28b5ce4c53fbd62d797c5a7c?s=96&d=mm&r=g"},"sameAs":["http:\/\/www.henryvillasmil.com.ve","https:\/\/www.instagram.com\/villasmilhfoto\/","https:\/\/x.com\/https:\/\/twitter.com\/villasmilhfoto"],"url":"https:\/\/digital58.com.ve\/site\/author\/droopy_68\/"}]}},"uagb_featured_image_src":{"full":["https:\/\/digital58.com.ve\/site\/wp-content\/uploads\/2020\/01\/kevin.jpg",800,584,false],"thumbnail":["https:\/\/digital58.com.ve\/site\/wp-content\/uploads\/2020\/01\/kevin-150x150.jpg",150,150,true],"medium":["https:\/\/digital58.com.ve\/site\/wp-content\/uploads\/2020\/01\/kevin-300x219.jpg",300,219,true],"medium_large":["https:\/\/digital58.com.ve\/site\/wp-content\/uploads\/2020\/01\/kevin-768x561.jpg",768,561,true],"large":["https:\/\/digital58.com.ve\/site\/wp-content\/uploads\/2020\/01\/kevin-1403x1024.jpg",800,584,true],"1536x1536":["https:\/\/digital58.com.ve\/site\/wp-content\/uploads\/2020\/01\/kevin.jpg",800,584,false],"2048x2048":["https:\/\/digital58.com.ve\/site\/wp-content\/uploads\/2020\/01\/kevin.jpg",800,584,false],"colormag-highlighted-post":["https:\/\/digital58.com.ve\/site\/wp-content\/uploads\/2020\/01\/kevin.jpg",373,272,false],"colormag-featured-post-medium":["https:\/\/digital58.com.ve\/site\/wp-content\/uploads\/2020\/01\/kevin.jpg",281,205,false],"colormag-featured-post-small":["https:\/\/digital58.com.ve\/site\/wp-content\/uploads\/2020\/01\/kevin.jpg",123,90,false],"colormag-featured-image":["https:\/\/digital58.com.ve\/site\/wp-content\/uploads\/2020\/01\/kevin.jpg",610,445,false],"colormag-default-news":["https:\/\/digital58.com.ve\/site\/wp-content\/uploads\/2020\/01\/kevin.jpg",150,110,false],"colormag-featured-image-large":["https:\/\/digital58.com.ve\/site\/wp-content\/uploads\/2020\/01\/kevin.jpg",800,584,false]},"uagb_author_info":{"display_name":"Villasmil Henry","author_link":"https:\/\/digital58.com.ve\/site\/author\/droopy_68\/"},"uagb_comment_info":0,"uagb_excerpt":"Elegido como uno parte del equipo ideal del pasado Torneo Clausura, el valioso volante mixto Kevin Hans Palacio es uno","_links":{"self":[{"href":"https:\/\/digital58.com.ve\/site\/wp-json\/wp\/v2\/posts\/90831","targetHints":{"allow":["GET"]}}],"collection":[{"href":"https:\/\/digital58.com.ve\/site\/wp-json\/wp\/v2\/posts"}],"about":[{"href":"https:\/\/digital58.com.ve\/site\/wp-json\/wp\/v2\/types\/post"}],"author":[{"embeddable":true,"href":"https:\/\/digital58.com.ve\/site\/wp-json\/wp\/v2\/users\/1"}],"replies":[{"embeddable":true,"href":"https:\/\/digital58.com.ve\/site\/wp-json\/wp\/v2\/comments?post=90831"}],"version-history":[{"count":0,"href":"https:\/\/digital58.com.ve\/site\/wp-json\/wp\/v2\/posts\/90831\/revisions"}],"wp:featuredmedia":[{"embeddable":true,"href":"https:\/\/digital58.com.ve\/site\/wp-json\/wp\/v2\/media\/90832"}],"wp:attachment":[{"href":"https:\/\/digital58.com.ve\/site\/wp-json\/wp\/v2\/media?parent=90831"}],"wp:term":[{"taxonomy":"category","embeddable":true,"href":"https:\/\/digital58.com.ve\/site\/wp-json\/wp\/v2\/categories?post=90831"},{"taxonomy":"post_tag","embeddable":true,"href":"https:\/\/digital58.com.ve\/site\/wp-json\/wp\/v2\/tags?post=90831"}],"curies":[{"name":"wp","href":"https:\/\/api.w.org\/{rel}","templated":true}]}}