{"id":90854,"date":"2020-01-09T11:03:12","date_gmt":"2020-01-09T15:03:12","guid":{"rendered":"https:\/\/digital58.com.ve\/site\/?p=90854"},"modified":"2020-01-09T11:03:12","modified_gmt":"2020-01-09T15:03:12","slug":"carlos-sainz-repite-victoria-de-etapa-en-el-dakar-para-afianzar-su-liderato-en-la-general","status":"publish","type":"post","link":"https:\/\/digital58.com.ve\/site\/2020\/01\/09\/carlos-sainz-repite-victoria-de-etapa-en-el-dakar-para-afianzar-su-liderato-en-la-general\/","title":{"rendered":"Carlos Sainz repite victoria de etapa en el Dakar para afianzar su liderato en la general"},"content":{"rendered":"<p><a href=\"https:\/\/digital58.com.ve\/site\/wp-content\/uploads\/2020\/01\/1366_2000.jpg\"><img loading=\"lazy\" decoding=\"async\" class=\"aligncenter size-full wp-image-90855\" src=\"https:\/\/digital58.com.ve\/site\/wp-content\/uploads\/2020\/01\/1366_2000.jpg\" alt=\"\" width=\"1024\" height=\"682\" srcset=\"https:\/\/digital58.com.ve\/site\/wp-content\/uploads\/2020\/01\/1366_2000.jpg 800w, https:\/\/digital58.com.ve\/site\/wp-content\/uploads\/2020\/01\/1366_2000-300x200.jpg 300w, https:\/\/digital58.com.ve\/site\/wp-content\/uploads\/2020\/01\/1366_2000-768x512.jpg 768w, https:\/\/digital58.com.ve\/site\/wp-content\/uploads\/2020\/01\/1366_2000-720x480.jpg 720w, https:\/\/digital58.com.ve\/site\/wp-content\/uploads\/2020\/01\/1366_2000-480x320.jpg 480w\" sizes=\"auto, (max-width: 1024px) 100vw, 1024px\" \/><\/a><\/p>\n<p><a href=\"https:\/\/www.instagram.com\/carlossainzoficial\/?hl=es-la\" target=\"_blank\" rel=\"noopener noreferrer\">Carlos Sainz<\/a> est\u00e1 inconmensurable. A sus 57 a\u00f1os sigue en plena forma y va camino de conseguir su tercer <a href=\"https:\/\/www.dakar.com\/es\/\" target=\"_blank\" rel=\"noopener noreferrer\">Dakar<\/a>. El piloto madrile\u00f1o se ha llevado la victoria en la quinta etapa del <em>rally<\/em> y se convierte en el primero en repetir en la categor\u00eda de coches. Sainz se lanza as\u00ed en la primera posici\u00f3n de la general.<\/p>\n<p><strong>Dakar, Senegal, 09 de enero de 2020 (ND58).-<\/strong> Sainz empez\u00f3 la etapa sin precipitarse, en mitad del grupo, pero pasado el ecuador de la misma apret\u00f3 el ritmo para dejar atr\u00e1s primero a St\u00e9phane Peterhansel y luego a Nasser Al-Attiyah. El piloto espa\u00f1ol de MINI tiene ahora una ventaja de 5:59 minutos con respecto a Al-Attiyah al frente de la general.<\/p>\n<p><strong>Sainz, Al-Attiyah y Peterhansel se quedan solos en la lucha por la victoria final<\/strong><\/p>\n<p>La actuaci\u00f3n de Sainz ha sido soberbia, de menos a m\u00e1s, hasta terminar gan\u00e1ndole la etapa a Al-Attiyah por 2:56. La distancia sigue siendo m\u00ednima, pero poco a poco Sainz se va labrando un hueco y, sobre todo, va demostrando que es el piloto m\u00e1s en forma del actual Dakar. Peterhansel tampoco ha podido hacer nada.<\/p>\n<p>\u00abMonsieur Dakar\u00bb al menos ha salvado los muebles. Al franc\u00e9s le tocaba abrir pista, lo que ha supuesto un contratiempo, pero ha conseguido concluir la etapa a 6:11 del tiempo de Sainz. A\u00fan as\u00ed, Peterhansel sigue alej\u00e1ndose de la cabeza en la general, ya est\u00e1 a casi 18 minutos. Pero no se puede descartar a un zorro del desierto como \u00e9l.<\/p>\n<p>Lo que parece cada vez m\u00e1s claro, no solo por el tiempo sino tambi\u00e9n por las sensaciones, es que estos tres son los \u00fanicos candidatos para ganar el Dakar.<\/p>\n<p><a href=\"https:\/\/digital58.com.ve\/site\/wp-content\/uploads\/2020\/01\/dakar.jpg\"><img loading=\"lazy\" decoding=\"async\" class=\"aligncenter size-full wp-image-90856\" src=\"https:\/\/digital58.com.ve\/site\/wp-content\/uploads\/2020\/01\/dakar.jpg\" alt=\"\" width=\"1300\" height=\"867\" srcset=\"https:\/\/digital58.com.ve\/site\/wp-content\/uploads\/2020\/01\/dakar.jpg 800w, https:\/\/digital58.com.ve\/site\/wp-content\/uploads\/2020\/01\/dakar-300x200.jpg 300w, https:\/\/digital58.com.ve\/site\/wp-content\/uploads\/2020\/01\/dakar-768x512.jpg 768w, https:\/\/digital58.com.ve\/site\/wp-content\/uploads\/2020\/01\/dakar-720x480.jpg 720w, https:\/\/digital58.com.ve\/site\/wp-content\/uploads\/2020\/01\/dakar-480x320.jpg 480w\" sizes=\"auto, (max-width: 1300px) 100vw, 1300px\" \/><\/a><\/p>\n<p>Siempre son los que dominan las etapas, m\u00e1s all\u00e1 de alguna aparici\u00f3n fugaz y puntual. Hoy el piloto local, Yazeed Al Rajhi, se ha acercado un poco, pero a\u00fan as\u00ed ha acabado a 8:29 de Sainz.<\/p>\n<p>Giniel De Villiers, campe\u00f3n del Dakar y ganador por paliza de la segunda etapa, tampoco est\u00e1 al nivel de los tres grandes. Esta vez ha vuelto a perder 11:46 minutos respecto a Sainz y ya a m\u00e1s de 46 en la general. Solo una hecatombe podr\u00eda salvar al que en su d\u00eda fue mentor de Fernando Alonso para este Dakar.<\/p>\n<p>Y en cuanto a Alonso, otra etapa discreta para el asturiano, que sigue acumulando experiencia. El piloto de Toyota ha estado rodando a unos diez minutos de los l\u00edderes en toda la especial. Finalmente Fernando Alonso ha cedido 12:23 minutos m\u00e1s con respecto a Carlos Sainz. Lo importante, que el bicampe\u00f3n del mundo de F\u00f3rmula 1 sigue en liza.<\/p>\n<p>Buena noticia tambi\u00e9n que Nani Roma ha podido tomar parte de la etapa sin demasiados contratiempos, despu\u00e9s de quedarse tirado ayer con su Borgward y perder m\u00e1s de cuatro horas en repararlo. Roma no solo ha podido continuar el Dakar sino que lo ha hecho a muy buen ritmo, en tiempos similares a los de Alonso.<\/p><div class=\"okytf69efa607da3d3\" ><p style=\"text-align: center;\"><a href=\"https:\/\/t.me\/noticiasdigital58\" target=\"_blank\" rel=\"noopener\"><img class=\"aligncenter size-full wp-image-125363\" src=\"https:\/\/digital58.com.ve\/site\/wp-content\/uploads\/2021\/04\/banner-telegram-web-2021.png\" alt=\"\" width=\"600\" height=\"90\" \/><\/a><\/p><\/div><style type=\"text\/css\">\r\n@media screen and (min-width: 1201px) {\r\n.okytf69efa607da3d3 {\r\ndisplay: block;\r\n}\r\n}\r\n@media screen and (min-width: 993px) and (max-width: 1200px) {\r\n.okytf69efa607da3d3 {\r\ndisplay: block;\r\n}\r\n}\r\n@media screen and (min-width: 769px) and (max-width: 992px) {\r\n.okytf69efa607da3d3 {\r\ndisplay: block;\r\n}\r\n}\r\n@media screen and (min-width: 768px) and (max-width: 768px) {\r\n.okytf69efa607da3d3 {\r\ndisplay: block;\r\n}\r\n}\r\n@media screen and (max-width: 767px) {\r\n.okytf69efa607da3d3 {\r\ndisplay: block;\r\n}\r\n}\r\n<\/style>\r\n\n<p><strong>Redacci\u00f3n con fuente: Roberto Rodr\u00edguez (<a href=\"https:\/\/www.instagram.com\/robertomontijo_\/?hl=es-la\" target=\"_blank\" rel=\"noopener noreferrer\">@RobertoMontijo<\/a>)<\/strong><br \/>\n<strong>Edici\u00f3n: Villasmil, Henry<\/strong><br \/>\n<strong>Gr\u00e1ficas: cortes\u00eda<\/strong><\/p>\n<div style=\"margin-top: 0px; margin-bottom: 0px;\" class=\"sharethis-inline-share-buttons\" ><\/div>","protected":false},"excerpt":{"rendered":"<p>Carlos Sainz est\u00e1 inconmensurable. A sus 57 a\u00f1os sigue en plena forma y va camino de conseguir su tercer Dakar.<\/p>\n","protected":false},"author":1,"featured_media":90856,"comment_status":"open","ping_status":"closed","sticky":false,"template":"","format":"standard","meta":{"colormag_page_container_layout":"default_layout","colormag_page_sidebar_layout":"default_layout","_uag_custom_page_level_css":"","footnotes":""},"categories":[5402],"tags":[2,13137,13135,8,13136,11320],"class_list":["post-90854","post","type-post","status-publish","format-standard","has-post-thumbnail","hentry","category-deportes","tag-automovilismo","tag-carlos-sainz","tag-dakar","tag-internacionales","tag-rally-dakar-2020","tag-senegal"],"yoast_head":"<!-- This site is optimized with the Yoast SEO plugin v27.4 - https:\/\/yoast.com\/product\/yoast-seo-wordpress\/ -->\n<title>Carlos Sainz repite victoria de etapa en el Dakar para afianzar su liderato en la general<\/title>\n<meta name=\"description\" content=\"Deportes\" \/>\n<meta name=\"robots\" content=\"index, follow, max-snippet:-1, max-image-preview:large, max-video-preview:-1\" \/>\n<link rel=\"canonical\" href=\"https:\/\/digital58.com.ve\/site\/2020\/01\/09\/carlos-sainz-repite-victoria-de-etapa-en-el-dakar-para-afianzar-su-liderato-en-la-general\/\" \/>\n<meta property=\"og:locale\" content=\"es_ES\" \/>\n<meta property=\"og:type\" content=\"article\" \/>\n<meta property=\"og:title\" content=\"Carlos Sainz repite victoria de etapa en el Dakar para afianzar su liderato en la general\" \/>\n<meta property=\"og:description\" content=\"Deportes\" \/>\n<meta property=\"og:url\" content=\"https:\/\/digital58.com.ve\/site\/2020\/01\/09\/carlos-sainz-repite-victoria-de-etapa-en-el-dakar-para-afianzar-su-liderato-en-la-general\/\" \/>\n<meta property=\"og:site_name\" content=\"Noticias Digital58\" \/>\n<meta property=\"article:published_time\" content=\"2020-01-09T15:03:12+00:00\" \/>\n<meta property=\"og:image\" content=\"https:\/\/digital58.com.ve\/site\/wp-content\/uploads\/2020\/01\/dakar.jpg\" \/>\n\t<meta property=\"og:image:width\" content=\"1300\" \/>\n\t<meta property=\"og:image:height\" content=\"867\" \/>\n\t<meta property=\"og:image:type\" content=\"image\/jpeg\" \/>\n<meta name=\"author\" content=\"Villasmil Henry\" \/>\n<meta name=\"twitter:card\" content=\"summary_large_image\" \/>\n<meta name=\"twitter:creator\" content=\"@https:\/\/twitter.com\/villasmilhfoto\" \/>\n<meta name=\"twitter:site\" content=\"@villasmilhfoto\" \/>\n<meta name=\"twitter:label1\" content=\"Escrito por\" \/>\n\t<meta name=\"twitter:data1\" content=\"Villasmil Henry\" \/>\n\t<meta name=\"twitter:label2\" content=\"Tiempo estimado de lectura\" \/>\n\t<meta name=\"twitter:data2\" content=\"3 minutos\" \/>\n<script type=\"application\/ld+json\" class=\"yoast-schema-graph\">{\"@context\":\"https:\\\/\\\/schema.org\",\"@graph\":[{\"@type\":\"Article\",\"@id\":\"https:\\\/\\\/digital58.com.ve\\\/site\\\/2020\\\/01\\\/09\\\/carlos-sainz-repite-victoria-de-etapa-en-el-dakar-para-afianzar-su-liderato-en-la-general\\\/#article\",\"isPartOf\":{\"@id\":\"https:\\\/\\\/digital58.com.ve\\\/site\\\/2020\\\/01\\\/09\\\/carlos-sainz-repite-victoria-de-etapa-en-el-dakar-para-afianzar-su-liderato-en-la-general\\\/\"},\"author\":{\"name\":\"Villasmil Henry\",\"@id\":\"https:\\\/\\\/digital58.com.ve\\\/site\\\/#\\\/schema\\\/person\\\/64d1c2e4d0d4fd1b849980c4331c2951\"},\"headline\":\"Carlos Sainz repite victoria de etapa en el Dakar para afianzar su liderato en la general\",\"datePublished\":\"2020-01-09T15:03:12+00:00\",\"mainEntityOfPage\":{\"@id\":\"https:\\\/\\\/digital58.com.ve\\\/site\\\/2020\\\/01\\\/09\\\/carlos-sainz-repite-victoria-de-etapa-en-el-dakar-para-afianzar-su-liderato-en-la-general\\\/\"},\"wordCount\":542,\"commentCount\":0,\"publisher\":{\"@id\":\"https:\\\/\\\/digital58.com.ve\\\/site\\\/#\\\/schema\\\/person\\\/64d1c2e4d0d4fd1b849980c4331c2951\"},\"image\":{\"@id\":\"https:\\\/\\\/digital58.com.ve\\\/site\\\/2020\\\/01\\\/09\\\/carlos-sainz-repite-victoria-de-etapa-en-el-dakar-para-afianzar-su-liderato-en-la-general\\\/#primaryimage\"},\"thumbnailUrl\":\"https:\\\/\\\/digital58.com.ve\\\/site\\\/wp-content\\\/uploads\\\/2020\\\/01\\\/dakar.jpg\",\"keywords\":[\"Automovilismo\",\"Carlos Sainz\",\"Dakar\",\"Internacionales\",\"Rally Dakar 2020\",\"Senegal\"],\"articleSection\":[\"Deportes\"],\"inLanguage\":\"es\",\"potentialAction\":[{\"@type\":\"CommentAction\",\"name\":\"Comment\",\"target\":[\"https:\\\/\\\/digital58.com.ve\\\/site\\\/2020\\\/01\\\/09\\\/carlos-sainz-repite-victoria-de-etapa-en-el-dakar-para-afianzar-su-liderato-en-la-general\\\/#respond\"]}]},{\"@type\":\"WebPage\",\"@id\":\"https:\\\/\\\/digital58.com.ve\\\/site\\\/2020\\\/01\\\/09\\\/carlos-sainz-repite-victoria-de-etapa-en-el-dakar-para-afianzar-su-liderato-en-la-general\\\/\",\"url\":\"https:\\\/\\\/digital58.com.ve\\\/site\\\/2020\\\/01\\\/09\\\/carlos-sainz-repite-victoria-de-etapa-en-el-dakar-para-afianzar-su-liderato-en-la-general\\\/\",\"name\":\"Carlos Sainz repite victoria de etapa en el Dakar para afianzar su liderato en la general\",\"isPartOf\":{\"@id\":\"https:\\\/\\\/digital58.com.ve\\\/site\\\/#website\"},\"primaryImageOfPage\":{\"@id\":\"https:\\\/\\\/digital58.com.ve\\\/site\\\/2020\\\/01\\\/09\\\/carlos-sainz-repite-victoria-de-etapa-en-el-dakar-para-afianzar-su-liderato-en-la-general\\\/#primaryimage\"},\"image\":{\"@id\":\"https:\\\/\\\/digital58.com.ve\\\/site\\\/2020\\\/01\\\/09\\\/carlos-sainz-repite-victoria-de-etapa-en-el-dakar-para-afianzar-su-liderato-en-la-general\\\/#primaryimage\"},\"thumbnailUrl\":\"https:\\\/\\\/digital58.com.ve\\\/site\\\/wp-content\\\/uploads\\\/2020\\\/01\\\/dakar.jpg\",\"datePublished\":\"2020-01-09T15:03:12+00:00\",\"description\":\"Deportes\",\"breadcrumb\":{\"@id\":\"https:\\\/\\\/digital58.com.ve\\\/site\\\/2020\\\/01\\\/09\\\/carlos-sainz-repite-victoria-de-etapa-en-el-dakar-para-afianzar-su-liderato-en-la-general\\\/#breadcrumb\"},\"inLanguage\":\"es\",\"potentialAction\":[{\"@type\":\"ReadAction\",\"target\":[\"https:\\\/\\\/digital58.com.ve\\\/site\\\/2020\\\/01\\\/09\\\/carlos-sainz-repite-victoria-de-etapa-en-el-dakar-para-afianzar-su-liderato-en-la-general\\\/\"]}]},{\"@type\":\"ImageObject\",\"inLanguage\":\"es\",\"@id\":\"https:\\\/\\\/digital58.com.ve\\\/site\\\/2020\\\/01\\\/09\\\/carlos-sainz-repite-victoria-de-etapa-en-el-dakar-para-afianzar-su-liderato-en-la-general\\\/#primaryimage\",\"url\":\"https:\\\/\\\/digital58.com.ve\\\/site\\\/wp-content\\\/uploads\\\/2020\\\/01\\\/dakar.jpg\",\"contentUrl\":\"https:\\\/\\\/digital58.com.ve\\\/site\\\/wp-content\\\/uploads\\\/2020\\\/01\\\/dakar.jpg\",\"width\":800,\"height\":534},{\"@type\":\"BreadcrumbList\",\"@id\":\"https:\\\/\\\/digital58.com.ve\\\/site\\\/2020\\\/01\\\/09\\\/carlos-sainz-repite-victoria-de-etapa-en-el-dakar-para-afianzar-su-liderato-en-la-general\\\/#breadcrumb\",\"itemListElement\":[{\"@type\":\"ListItem\",\"position\":1,\"name\":\"Home\",\"item\":\"https:\\\/\\\/digital58.com.ve\\\/site\\\/\"},{\"@type\":\"ListItem\",\"position\":2,\"name\":\"Carlos Sainz repite victoria de etapa en el Dakar para afianzar su liderato en la general\"}]},{\"@type\":\"WebSite\",\"@id\":\"https:\\\/\\\/digital58.com.ve\\\/site\\\/#website\",\"url\":\"https:\\\/\\\/digital58.com.ve\\\/site\\\/\",\"name\":\"Noticias Digital58\",\"description\":\"Portal de Noticias \u00a1Periodismo web de verdad! Lanzamiento web 22.11.2005 \\\/ Maracaibo, Venezuela\",\"publisher\":{\"@id\":\"https:\\\/\\\/digital58.com.ve\\\/site\\\/#\\\/schema\\\/person\\\/64d1c2e4d0d4fd1b849980c4331c2951\"},\"alternateName\":\"ND58\",\"potentialAction\":[{\"@type\":\"SearchAction\",\"target\":{\"@type\":\"EntryPoint\",\"urlTemplate\":\"https:\\\/\\\/digital58.com.ve\\\/site\\\/?s={search_term_string}\"},\"query-input\":{\"@type\":\"PropertyValueSpecification\",\"valueRequired\":true,\"valueName\":\"search_term_string\"}}],\"inLanguage\":\"es\"},{\"@type\":[\"Person\",\"Organization\"],\"@id\":\"https:\\\/\\\/digital58.com.ve\\\/site\\\/#\\\/schema\\\/person\\\/64d1c2e4d0d4fd1b849980c4331c2951\",\"name\":\"Villasmil Henry\",\"image\":{\"@type\":\"ImageObject\",\"inLanguage\":\"es\",\"@id\":\"https:\\\/\\\/secure.gravatar.com\\\/avatar\\\/bb0c4a2fcb7970138239f7e404ea75757b1b507b28b5ce4c53fbd62d797c5a7c?s=96&d=mm&r=g\",\"url\":\"https:\\\/\\\/secure.gravatar.com\\\/avatar\\\/bb0c4a2fcb7970138239f7e404ea75757b1b507b28b5ce4c53fbd62d797c5a7c?s=96&d=mm&r=g\",\"contentUrl\":\"https:\\\/\\\/secure.gravatar.com\\\/avatar\\\/bb0c4a2fcb7970138239f7e404ea75757b1b507b28b5ce4c53fbd62d797c5a7c?s=96&d=mm&r=g\",\"caption\":\"Villasmil Henry\"},\"logo\":{\"@id\":\"https:\\\/\\\/secure.gravatar.com\\\/avatar\\\/bb0c4a2fcb7970138239f7e404ea75757b1b507b28b5ce4c53fbd62d797c5a7c?s=96&d=mm&r=g\"},\"sameAs\":[\"http:\\\/\\\/www.henryvillasmil.com.ve\",\"https:\\\/\\\/www.instagram.com\\\/villasmilhfoto\\\/\",\"https:\\\/\\\/x.com\\\/https:\\\/\\\/twitter.com\\\/villasmilhfoto\"],\"url\":\"https:\\\/\\\/digital58.com.ve\\\/site\\\/author\\\/droopy_68\\\/\"}]}<\/script>\n<!-- \/ Yoast SEO plugin. -->","yoast_head_json":{"title":"Carlos Sainz repite victoria de etapa en el Dakar para afianzar su liderato en la general","description":"Deportes","robots":{"index":"index","follow":"follow","max-snippet":"max-snippet:-1","max-image-preview":"max-image-preview:large","max-video-preview":"max-video-preview:-1"},"canonical":"https:\/\/digital58.com.ve\/site\/2020\/01\/09\/carlos-sainz-repite-victoria-de-etapa-en-el-dakar-para-afianzar-su-liderato-en-la-general\/","og_locale":"es_ES","og_type":"article","og_title":"Carlos Sainz repite victoria de etapa en el Dakar para afianzar su liderato en la general","og_description":"Deportes","og_url":"https:\/\/digital58.com.ve\/site\/2020\/01\/09\/carlos-sainz-repite-victoria-de-etapa-en-el-dakar-para-afianzar-su-liderato-en-la-general\/","og_site_name":"Noticias Digital58","article_published_time":"2020-01-09T15:03:12+00:00","og_image":[{"width":1300,"height":867,"url":"https:\/\/digital58.com.ve\/site\/wp-content\/uploads\/2020\/01\/dakar.jpg","type":"image\/jpeg"}],"author":"Villasmil Henry","twitter_card":"summary_large_image","twitter_creator":"@https:\/\/twitter.com\/villasmilhfoto","twitter_site":"@villasmilhfoto","twitter_misc":{"Escrito por":"Villasmil Henry","Tiempo estimado de lectura":"3 minutos"},"schema":{"@context":"https:\/\/schema.org","@graph":[{"@type":"Article","@id":"https:\/\/digital58.com.ve\/site\/2020\/01\/09\/carlos-sainz-repite-victoria-de-etapa-en-el-dakar-para-afianzar-su-liderato-en-la-general\/#article","isPartOf":{"@id":"https:\/\/digital58.com.ve\/site\/2020\/01\/09\/carlos-sainz-repite-victoria-de-etapa-en-el-dakar-para-afianzar-su-liderato-en-la-general\/"},"author":{"name":"Villasmil Henry","@id":"https:\/\/digital58.com.ve\/site\/#\/schema\/person\/64d1c2e4d0d4fd1b849980c4331c2951"},"headline":"Carlos Sainz repite victoria de etapa en el Dakar para afianzar su liderato en la general","datePublished":"2020-01-09T15:03:12+00:00","mainEntityOfPage":{"@id":"https:\/\/digital58.com.ve\/site\/2020\/01\/09\/carlos-sainz-repite-victoria-de-etapa-en-el-dakar-para-afianzar-su-liderato-en-la-general\/"},"wordCount":542,"commentCount":0,"publisher":{"@id":"https:\/\/digital58.com.ve\/site\/#\/schema\/person\/64d1c2e4d0d4fd1b849980c4331c2951"},"image":{"@id":"https:\/\/digital58.com.ve\/site\/2020\/01\/09\/carlos-sainz-repite-victoria-de-etapa-en-el-dakar-para-afianzar-su-liderato-en-la-general\/#primaryimage"},"thumbnailUrl":"https:\/\/digital58.com.ve\/site\/wp-content\/uploads\/2020\/01\/dakar.jpg","keywords":["Automovilismo","Carlos Sainz","Dakar","Internacionales","Rally Dakar 2020","Senegal"],"articleSection":["Deportes"],"inLanguage":"es","potentialAction":[{"@type":"CommentAction","name":"Comment","target":["https:\/\/digital58.com.ve\/site\/2020\/01\/09\/carlos-sainz-repite-victoria-de-etapa-en-el-dakar-para-afianzar-su-liderato-en-la-general\/#respond"]}]},{"@type":"WebPage","@id":"https:\/\/digital58.com.ve\/site\/2020\/01\/09\/carlos-sainz-repite-victoria-de-etapa-en-el-dakar-para-afianzar-su-liderato-en-la-general\/","url":"https:\/\/digital58.com.ve\/site\/2020\/01\/09\/carlos-sainz-repite-victoria-de-etapa-en-el-dakar-para-afianzar-su-liderato-en-la-general\/","name":"Carlos Sainz repite victoria de etapa en el Dakar para afianzar su liderato en la general","isPartOf":{"@id":"https:\/\/digital58.com.ve\/site\/#website"},"primaryImageOfPage":{"@id":"https:\/\/digital58.com.ve\/site\/2020\/01\/09\/carlos-sainz-repite-victoria-de-etapa-en-el-dakar-para-afianzar-su-liderato-en-la-general\/#primaryimage"},"image":{"@id":"https:\/\/digital58.com.ve\/site\/2020\/01\/09\/carlos-sainz-repite-victoria-de-etapa-en-el-dakar-para-afianzar-su-liderato-en-la-general\/#primaryimage"},"thumbnailUrl":"https:\/\/digital58.com.ve\/site\/wp-content\/uploads\/2020\/01\/dakar.jpg","datePublished":"2020-01-09T15:03:12+00:00","description":"Deportes","breadcrumb":{"@id":"https:\/\/digital58.com.ve\/site\/2020\/01\/09\/carlos-sainz-repite-victoria-de-etapa-en-el-dakar-para-afianzar-su-liderato-en-la-general\/#breadcrumb"},"inLanguage":"es","potentialAction":[{"@type":"ReadAction","target":["https:\/\/digital58.com.ve\/site\/2020\/01\/09\/carlos-sainz-repite-victoria-de-etapa-en-el-dakar-para-afianzar-su-liderato-en-la-general\/"]}]},{"@type":"ImageObject","inLanguage":"es","@id":"https:\/\/digital58.com.ve\/site\/2020\/01\/09\/carlos-sainz-repite-victoria-de-etapa-en-el-dakar-para-afianzar-su-liderato-en-la-general\/#primaryimage","url":"https:\/\/digital58.com.ve\/site\/wp-content\/uploads\/2020\/01\/dakar.jpg","contentUrl":"https:\/\/digital58.com.ve\/site\/wp-content\/uploads\/2020\/01\/dakar.jpg","width":800,"height":534},{"@type":"BreadcrumbList","@id":"https:\/\/digital58.com.ve\/site\/2020\/01\/09\/carlos-sainz-repite-victoria-de-etapa-en-el-dakar-para-afianzar-su-liderato-en-la-general\/#breadcrumb","itemListElement":[{"@type":"ListItem","position":1,"name":"Home","item":"https:\/\/digital58.com.ve\/site\/"},{"@type":"ListItem","position":2,"name":"Carlos Sainz repite victoria de etapa en el Dakar para afianzar su liderato en la general"}]},{"@type":"WebSite","@id":"https:\/\/digital58.com.ve\/site\/#website","url":"https:\/\/digital58.com.ve\/site\/","name":"Noticias Digital58","description":"Portal de Noticias \u00a1Periodismo web de verdad! Lanzamiento web 22.11.2005 \/ Maracaibo, Venezuela","publisher":{"@id":"https:\/\/digital58.com.ve\/site\/#\/schema\/person\/64d1c2e4d0d4fd1b849980c4331c2951"},"alternateName":"ND58","potentialAction":[{"@type":"SearchAction","target":{"@type":"EntryPoint","urlTemplate":"https:\/\/digital58.com.ve\/site\/?s={search_term_string}"},"query-input":{"@type":"PropertyValueSpecification","valueRequired":true,"valueName":"search_term_string"}}],"inLanguage":"es"},{"@type":["Person","Organization"],"@id":"https:\/\/digital58.com.ve\/site\/#\/schema\/person\/64d1c2e4d0d4fd1b849980c4331c2951","name":"Villasmil Henry","image":{"@type":"ImageObject","inLanguage":"es","@id":"https:\/\/secure.gravatar.com\/avatar\/bb0c4a2fcb7970138239f7e404ea75757b1b507b28b5ce4c53fbd62d797c5a7c?s=96&d=mm&r=g","url":"https:\/\/secure.gravatar.com\/avatar\/bb0c4a2fcb7970138239f7e404ea75757b1b507b28b5ce4c53fbd62d797c5a7c?s=96&d=mm&r=g","contentUrl":"https:\/\/secure.gravatar.com\/avatar\/bb0c4a2fcb7970138239f7e404ea75757b1b507b28b5ce4c53fbd62d797c5a7c?s=96&d=mm&r=g","caption":"Villasmil Henry"},"logo":{"@id":"https:\/\/secure.gravatar.com\/avatar\/bb0c4a2fcb7970138239f7e404ea75757b1b507b28b5ce4c53fbd62d797c5a7c?s=96&d=mm&r=g"},"sameAs":["http:\/\/www.henryvillasmil.com.ve","https:\/\/www.instagram.com\/villasmilhfoto\/","https:\/\/x.com\/https:\/\/twitter.com\/villasmilhfoto"],"url":"https:\/\/digital58.com.ve\/site\/author\/droopy_68\/"}]}},"uagb_featured_image_src":{"full":["https:\/\/digital58.com.ve\/site\/wp-content\/uploads\/2020\/01\/dakar.jpg",800,534,false],"thumbnail":["https:\/\/digital58.com.ve\/site\/wp-content\/uploads\/2020\/01\/dakar-150x150.jpg",150,150,true],"medium":["https:\/\/digital58.com.ve\/site\/wp-content\/uploads\/2020\/01\/dakar-300x200.jpg",300,200,true],"medium_large":["https:\/\/digital58.com.ve\/site\/wp-content\/uploads\/2020\/01\/dakar-768x512.jpg",768,512,true],"large":["https:\/\/digital58.com.ve\/site\/wp-content\/uploads\/2020\/01\/dakar.jpg",800,534,false],"1536x1536":["https:\/\/digital58.com.ve\/site\/wp-content\/uploads\/2020\/01\/dakar.jpg",800,534,false],"2048x2048":["https:\/\/digital58.com.ve\/site\/wp-content\/uploads\/2020\/01\/dakar.jpg",800,534,false],"colormag-highlighted-post":["https:\/\/digital58.com.ve\/site\/wp-content\/uploads\/2020\/01\/dakar.jpg",392,262,false],"colormag-featured-post-medium":["https:\/\/digital58.com.ve\/site\/wp-content\/uploads\/2020\/01\/dakar.jpg",307,205,false],"colormag-featured-post-small":["https:\/\/digital58.com.ve\/site\/wp-content\/uploads\/2020\/01\/dakar.jpg",130,87,false],"colormag-featured-image":["https:\/\/digital58.com.ve\/site\/wp-content\/uploads\/2020\/01\/dakar.jpg",667,445,false],"colormag-default-news":["https:\/\/digital58.com.ve\/site\/wp-content\/uploads\/2020\/01\/dakar.jpg",150,100,false],"colormag-featured-image-large":["https:\/\/digital58.com.ve\/site\/wp-content\/uploads\/2020\/01\/dakar.jpg",800,534,false]},"uagb_author_info":{"display_name":"Villasmil Henry","author_link":"https:\/\/digital58.com.ve\/site\/author\/droopy_68\/"},"uagb_comment_info":0,"uagb_excerpt":"Carlos Sainz est\u00e1 inconmensurable. A sus 57 a\u00f1os sigue en plena forma y va camino de conseguir su tercer Dakar.","_links":{"self":[{"href":"https:\/\/digital58.com.ve\/site\/wp-json\/wp\/v2\/posts\/90854","targetHints":{"allow":["GET"]}}],"collection":[{"href":"https:\/\/digital58.com.ve\/site\/wp-json\/wp\/v2\/posts"}],"about":[{"href":"https:\/\/digital58.com.ve\/site\/wp-json\/wp\/v2\/types\/post"}],"author":[{"embeddable":true,"href":"https:\/\/digital58.com.ve\/site\/wp-json\/wp\/v2\/users\/1"}],"replies":[{"embeddable":true,"href":"https:\/\/digital58.com.ve\/site\/wp-json\/wp\/v2\/comments?post=90854"}],"version-history":[{"count":0,"href":"https:\/\/digital58.com.ve\/site\/wp-json\/wp\/v2\/posts\/90854\/revisions"}],"wp:featuredmedia":[{"embeddable":true,"href":"https:\/\/digital58.com.ve\/site\/wp-json\/wp\/v2\/media\/90856"}],"wp:attachment":[{"href":"https:\/\/digital58.com.ve\/site\/wp-json\/wp\/v2\/media?parent=90854"}],"wp:term":[{"taxonomy":"category","embeddable":true,"href":"https:\/\/digital58.com.ve\/site\/wp-json\/wp\/v2\/categories?post=90854"},{"taxonomy":"post_tag","embeddable":true,"href":"https:\/\/digital58.com.ve\/site\/wp-json\/wp\/v2\/tags?post=90854"}],"curies":[{"name":"wp","href":"https:\/\/api.w.org\/{rel}","templated":true}]}}