{"id":91000,"date":"2020-01-12T21:10:22","date_gmt":"2020-01-13T01:10:22","guid":{"rendered":"https:\/\/digital58.com.ve\/site\/?p=91000"},"modified":"2020-01-12T21:30:08","modified_gmt":"2020-01-13T01:30:08","slug":"luis-suarez-se-lesiona-y-posiblemente-se-pierda-lo-que-queda-de-temporada","status":"publish","type":"post","link":"https:\/\/digital58.com.ve\/site\/2020\/01\/12\/luis-suarez-se-lesiona-y-posiblemente-se-pierda-lo-que-queda-de-temporada\/","title":{"rendered":"Luis Su\u00e1rez se pierde lo que queda de temporada"},"content":{"rendered":"<p><img loading=\"lazy\" decoding=\"async\" class=\"aligncenter size-full wp-image-91001\" src=\"https:\/\/digital58.com.ve\/site\/wp-content\/uploads\/2020\/01\/SUAREZ.jpg\" alt=\"\" width=\"1500\" height=\"973\" srcset=\"https:\/\/digital58.com.ve\/site\/wp-content\/uploads\/2020\/01\/SUAREZ.jpg 800w, https:\/\/digital58.com.ve\/site\/wp-content\/uploads\/2020\/01\/SUAREZ-300x195.jpg 300w, https:\/\/digital58.com.ve\/site\/wp-content\/uploads\/2020\/01\/SUAREZ-768x498.jpg 768w\" sizes=\"auto, (max-width: 1500px) 100vw, 1500px\" \/><\/p>\n<p>El delantero uruguayo del Barcelona, Luis Su\u00e1rez, se oper\u00f3 de la rodilla derecha y estar\u00e1 de baja por un tiempo estimado de cuatro meses, seg\u00fan inform\u00f3 el club espa\u00f1ol.<\/p>\n<p><strong>Barcelona, Espa\u00f1a, 12 de enero de 2020 (ND58).-<\/strong> El equipo \u00abAzulgrana\u00bb emiti\u00f3 este domingo un comunicado para informar que el atacante charr\u00faa fue intervenido por su lesi\u00f3n en el menisco externo de la rodilla derecha, la misma que ya hab\u00eda sido intervenida en mayo.<\/p>\n<p>\u00abEl jugador del primer equipo Luis Su\u00e1rez ha sido intervenido, mediante una artroscopia, este domingo por el doctor Ramon Cugat para resolver una lesi\u00f3n en el menisco externo de la rodilla derecha realizando una sutura. El tiempo aproximado de baja es de cuatro meses\u00bb, dicta el parte m\u00e9dico de la instituci\u00f3n catalana.<\/p>\n<p>Su\u00e1rez sinti\u00f3 unas peque\u00f1as molestias durante su \u00faltimo partido, por Supercopa de Espa\u00f1a ante el Atl\u00e9tico de Madrid, el pasado jueves en Arabia Saud\u00ed, pero no se supo de la lesi\u00f3n sino hasta su regreso a Barcelona.<\/p>\n<p>De esta forma, el uruguayo estar\u00eda perdi\u00e9ndose lo que queda de temporada adem\u00e1s del arranque de las Eliminatorias sudamericanas para el Mundial de Catar 2022, pautadas a arrancar en marzo de este a\u00f1o.<\/p><div class=\"jkwdo69f45dea45308\" ><p style=\"text-align: center;\"><a href=\"https:\/\/t.me\/noticiasdigital58\" target=\"_blank\" rel=\"noopener\"><img class=\"aligncenter size-full wp-image-125363\" src=\"https:\/\/digital58.com.ve\/site\/wp-content\/uploads\/2021\/04\/banner-telegram-web-2021.png\" alt=\"\" width=\"600\" height=\"90\" \/><\/a><\/p><\/div><style type=\"text\/css\">\r\n@media screen and (min-width: 1201px) {\r\n.jkwdo69f45dea45308 {\r\ndisplay: block;\r\n}\r\n}\r\n@media screen and (min-width: 993px) and (max-width: 1200px) {\r\n.jkwdo69f45dea45308 {\r\ndisplay: block;\r\n}\r\n}\r\n@media screen and (min-width: 769px) and (max-width: 992px) {\r\n.jkwdo69f45dea45308 {\r\ndisplay: block;\r\n}\r\n}\r\n@media screen and (min-width: 768px) and (max-width: 768px) {\r\n.jkwdo69f45dea45308 {\r\ndisplay: block;\r\n}\r\n}\r\n@media screen and (max-width: 767px) {\r\n.jkwdo69f45dea45308 {\r\ndisplay: block;\r\n}\r\n}\r\n<\/style>\r\n\n<p><strong>Redacci\u00f3n con fuene: Karen Jaimes (@eskarenj) \/ fcbarcelona.es<\/strong><br \/>\n<strong>Edici\u00f3n: Villasmil, Henry<\/strong><br \/>\n<strong>Gr\u00e1fica: Getty Images<\/strong><\/p>\n<div style=\"margin-top: 0px; margin-bottom: 0px;\" class=\"sharethis-inline-share-buttons\" ><\/div>","protected":false},"excerpt":{"rendered":"<p>El delantero uruguayo del Barcelona, Luis Su\u00e1rez, se oper\u00f3 de la rodilla derecha y estar\u00e1 de baja por un tiempo<\/p>\n","protected":false},"author":21,"featured_media":91001,"comment_status":"open","ping_status":"closed","sticky":false,"template":"","format":"standard","meta":{"colormag_page_container_layout":"default_layout","colormag_page_sidebar_layout":"default_layout","_uag_custom_page_level_css":"","footnotes":""},"categories":[5402],"tags":[1517,115,8721,13,41,8,12352,13153],"class_list":["post-91000","post","type-post","status-publish","format-standard","has-post-thumbnail","hentry","category-deportes","tag-barcelona","tag-espana","tag-fc-barcelona","tag-futbol","tag-futbol-internacional","tag-internacionales","tag-laliga-2019-2020","tag-luis-suarez"],"yoast_head":"<!-- This site is optimized with the Yoast SEO plugin v27.5 - https:\/\/yoast.com\/product\/yoast-seo-wordpress\/ -->\n<title>Luis Su\u00e1rez se pierde lo que queda de temporada<\/title>\n<meta name=\"description\" content=\"El delantero uruguayo del Barcelona, Luis Su\u00e1rez, se oper\u00f3 de la rodilla derecha y estar\u00e1 de baja por un tiempo estimado de cuatro meses.\" \/>\n<meta name=\"robots\" content=\"index, follow, max-snippet:-1, max-image-preview:large, max-video-preview:-1\" \/>\n<link rel=\"canonical\" href=\"https:\/\/digital58.com.ve\/site\/2020\/01\/12\/luis-suarez-se-lesiona-y-posiblemente-se-pierda-lo-que-queda-de-temporada\/\" \/>\n<meta property=\"og:locale\" content=\"es_ES\" \/>\n<meta property=\"og:type\" content=\"article\" \/>\n<meta property=\"og:title\" content=\"Luis Su\u00e1rez se pierde lo que queda de temporada\" \/>\n<meta property=\"og:description\" content=\"El delantero uruguayo del Barcelona, Luis Su\u00e1rez, se oper\u00f3 de la rodilla derecha y estar\u00e1 de baja por un tiempo estimado de cuatro meses.\" \/>\n<meta property=\"og:url\" content=\"https:\/\/digital58.com.ve\/site\/2020\/01\/12\/luis-suarez-se-lesiona-y-posiblemente-se-pierda-lo-que-queda-de-temporada\/\" \/>\n<meta property=\"og:site_name\" content=\"Noticias Digital58\" \/>\n<meta property=\"article:published_time\" content=\"2020-01-13T01:10:22+00:00\" \/>\n<meta property=\"article:modified_time\" content=\"2020-01-13T01:30:08+00:00\" \/>\n<meta property=\"og:image\" content=\"https:\/\/digital58.com.ve\/site\/wp-content\/uploads\/2020\/01\/SUAREZ.jpg\" \/>\n\t<meta property=\"og:image:width\" content=\"1500\" \/>\n\t<meta property=\"og:image:height\" content=\"973\" \/>\n\t<meta property=\"og:image:type\" content=\"image\/jpeg\" \/>\n<meta name=\"author\" content=\"Karen Ivette Jaimes\" \/>\n<meta name=\"twitter:card\" content=\"summary_large_image\" \/>\n<meta name=\"twitter:creator\" content=\"@Digital_58\" \/>\n<meta name=\"twitter:site\" content=\"@villasmilhfoto\" \/>\n<meta name=\"twitter:label1\" content=\"Escrito por\" \/>\n\t<meta name=\"twitter:data1\" content=\"Karen Ivette Jaimes\" \/>\n\t<meta name=\"twitter:label2\" content=\"Tiempo estimado de lectura\" \/>\n\t<meta name=\"twitter:data2\" content=\"1 minuto\" \/>\n<script type=\"application\/ld+json\" class=\"yoast-schema-graph\">{\"@context\":\"https:\\\/\\\/schema.org\",\"@graph\":[{\"@type\":\"Article\",\"@id\":\"https:\\\/\\\/digital58.com.ve\\\/site\\\/2020\\\/01\\\/12\\\/luis-suarez-se-lesiona-y-posiblemente-se-pierda-lo-que-queda-de-temporada\\\/#article\",\"isPartOf\":{\"@id\":\"https:\\\/\\\/digital58.com.ve\\\/site\\\/2020\\\/01\\\/12\\\/luis-suarez-se-lesiona-y-posiblemente-se-pierda-lo-que-queda-de-temporada\\\/\"},\"author\":{\"name\":\"Karen Ivette Jaimes\",\"@id\":\"https:\\\/\\\/digital58.com.ve\\\/site\\\/#\\\/schema\\\/person\\\/eeb4c5d8eef18e441b7483a2da9e79e8\"},\"headline\":\"Luis Su\u00e1rez se pierde lo que queda de temporada\",\"datePublished\":\"2020-01-13T01:10:22+00:00\",\"dateModified\":\"2020-01-13T01:30:08+00:00\",\"mainEntityOfPage\":{\"@id\":\"https:\\\/\\\/digital58.com.ve\\\/site\\\/2020\\\/01\\\/12\\\/luis-suarez-se-lesiona-y-posiblemente-se-pierda-lo-que-queda-de-temporada\\\/\"},\"wordCount\":240,\"commentCount\":0,\"publisher\":{\"@id\":\"https:\\\/\\\/digital58.com.ve\\\/site\\\/#\\\/schema\\\/person\\\/64d1c2e4d0d4fd1b849980c4331c2951\"},\"image\":{\"@id\":\"https:\\\/\\\/digital58.com.ve\\\/site\\\/2020\\\/01\\\/12\\\/luis-suarez-se-lesiona-y-posiblemente-se-pierda-lo-que-queda-de-temporada\\\/#primaryimage\"},\"thumbnailUrl\":\"https:\\\/\\\/digital58.com.ve\\\/site\\\/wp-content\\\/uploads\\\/2020\\\/01\\\/SUAREZ.jpg\",\"keywords\":[\"Barcelona\",\"Espa\u00f1a\",\"FC Barcelona\",\"F\u00fatbol\",\"F\u00fatbol Internacional\",\"Internacionales\",\"LaLiga 2019-2020\",\"Luis Su\u00e1rez\"],\"articleSection\":[\"Deportes\"],\"inLanguage\":\"es\",\"potentialAction\":[{\"@type\":\"CommentAction\",\"name\":\"Comment\",\"target\":[\"https:\\\/\\\/digital58.com.ve\\\/site\\\/2020\\\/01\\\/12\\\/luis-suarez-se-lesiona-y-posiblemente-se-pierda-lo-que-queda-de-temporada\\\/#respond\"]}]},{\"@type\":\"WebPage\",\"@id\":\"https:\\\/\\\/digital58.com.ve\\\/site\\\/2020\\\/01\\\/12\\\/luis-suarez-se-lesiona-y-posiblemente-se-pierda-lo-que-queda-de-temporada\\\/\",\"url\":\"https:\\\/\\\/digital58.com.ve\\\/site\\\/2020\\\/01\\\/12\\\/luis-suarez-se-lesiona-y-posiblemente-se-pierda-lo-que-queda-de-temporada\\\/\",\"name\":\"Luis Su\u00e1rez se pierde lo que queda de temporada\",\"isPartOf\":{\"@id\":\"https:\\\/\\\/digital58.com.ve\\\/site\\\/#website\"},\"primaryImageOfPage\":{\"@id\":\"https:\\\/\\\/digital58.com.ve\\\/site\\\/2020\\\/01\\\/12\\\/luis-suarez-se-lesiona-y-posiblemente-se-pierda-lo-que-queda-de-temporada\\\/#primaryimage\"},\"image\":{\"@id\":\"https:\\\/\\\/digital58.com.ve\\\/site\\\/2020\\\/01\\\/12\\\/luis-suarez-se-lesiona-y-posiblemente-se-pierda-lo-que-queda-de-temporada\\\/#primaryimage\"},\"thumbnailUrl\":\"https:\\\/\\\/digital58.com.ve\\\/site\\\/wp-content\\\/uploads\\\/2020\\\/01\\\/SUAREZ.jpg\",\"datePublished\":\"2020-01-13T01:10:22+00:00\",\"dateModified\":\"2020-01-13T01:30:08+00:00\",\"description\":\"El delantero uruguayo del Barcelona, Luis Su\u00e1rez, se oper\u00f3 de la rodilla derecha y estar\u00e1 de baja por un tiempo estimado de cuatro meses.\",\"breadcrumb\":{\"@id\":\"https:\\\/\\\/digital58.com.ve\\\/site\\\/2020\\\/01\\\/12\\\/luis-suarez-se-lesiona-y-posiblemente-se-pierda-lo-que-queda-de-temporada\\\/#breadcrumb\"},\"inLanguage\":\"es\",\"potentialAction\":[{\"@type\":\"ReadAction\",\"target\":[\"https:\\\/\\\/digital58.com.ve\\\/site\\\/2020\\\/01\\\/12\\\/luis-suarez-se-lesiona-y-posiblemente-se-pierda-lo-que-queda-de-temporada\\\/\"]}]},{\"@type\":\"ImageObject\",\"inLanguage\":\"es\",\"@id\":\"https:\\\/\\\/digital58.com.ve\\\/site\\\/2020\\\/01\\\/12\\\/luis-suarez-se-lesiona-y-posiblemente-se-pierda-lo-que-queda-de-temporada\\\/#primaryimage\",\"url\":\"https:\\\/\\\/digital58.com.ve\\\/site\\\/wp-content\\\/uploads\\\/2020\\\/01\\\/SUAREZ.jpg\",\"contentUrl\":\"https:\\\/\\\/digital58.com.ve\\\/site\\\/wp-content\\\/uploads\\\/2020\\\/01\\\/SUAREZ.jpg\",\"width\":800,\"height\":519},{\"@type\":\"BreadcrumbList\",\"@id\":\"https:\\\/\\\/digital58.com.ve\\\/site\\\/2020\\\/01\\\/12\\\/luis-suarez-se-lesiona-y-posiblemente-se-pierda-lo-que-queda-de-temporada\\\/#breadcrumb\",\"itemListElement\":[{\"@type\":\"ListItem\",\"position\":1,\"name\":\"Home\",\"item\":\"https:\\\/\\\/digital58.com.ve\\\/site\\\/\"},{\"@type\":\"ListItem\",\"position\":2,\"name\":\"Luis Su\u00e1rez se pierde lo que queda de temporada\"}]},{\"@type\":\"WebSite\",\"@id\":\"https:\\\/\\\/digital58.com.ve\\\/site\\\/#website\",\"url\":\"https:\\\/\\\/digital58.com.ve\\\/site\\\/\",\"name\":\"Noticias Digital58\",\"description\":\"Portal de Noticias \u00a1Periodismo web de verdad! Lanzamiento web 22.11.2005 \\\/ Maracaibo, Venezuela\",\"publisher\":{\"@id\":\"https:\\\/\\\/digital58.com.ve\\\/site\\\/#\\\/schema\\\/person\\\/64d1c2e4d0d4fd1b849980c4331c2951\"},\"alternateName\":\"ND58\",\"potentialAction\":[{\"@type\":\"SearchAction\",\"target\":{\"@type\":\"EntryPoint\",\"urlTemplate\":\"https:\\\/\\\/digital58.com.ve\\\/site\\\/?s={search_term_string}\"},\"query-input\":{\"@type\":\"PropertyValueSpecification\",\"valueRequired\":true,\"valueName\":\"search_term_string\"}}],\"inLanguage\":\"es\"},{\"@type\":[\"Person\",\"Organization\"],\"@id\":\"https:\\\/\\\/digital58.com.ve\\\/site\\\/#\\\/schema\\\/person\\\/64d1c2e4d0d4fd1b849980c4331c2951\",\"name\":\"Villasmil Henry\",\"image\":{\"@type\":\"ImageObject\",\"inLanguage\":\"es\",\"@id\":\"https:\\\/\\\/secure.gravatar.com\\\/avatar\\\/bb0c4a2fcb7970138239f7e404ea75757b1b507b28b5ce4c53fbd62d797c5a7c?s=96&d=mm&r=g\",\"url\":\"https:\\\/\\\/secure.gravatar.com\\\/avatar\\\/bb0c4a2fcb7970138239f7e404ea75757b1b507b28b5ce4c53fbd62d797c5a7c?s=96&d=mm&r=g\",\"contentUrl\":\"https:\\\/\\\/secure.gravatar.com\\\/avatar\\\/bb0c4a2fcb7970138239f7e404ea75757b1b507b28b5ce4c53fbd62d797c5a7c?s=96&d=mm&r=g\",\"caption\":\"Villasmil Henry\"},\"logo\":{\"@id\":\"https:\\\/\\\/secure.gravatar.com\\\/avatar\\\/bb0c4a2fcb7970138239f7e404ea75757b1b507b28b5ce4c53fbd62d797c5a7c?s=96&d=mm&r=g\"},\"sameAs\":[\"http:\\\/\\\/www.henryvillasmil.com.ve\",\"https:\\\/\\\/www.instagram.com\\\/villasmilhfoto\\\/\",\"https:\\\/\\\/x.com\\\/https:\\\/\\\/twitter.com\\\/villasmilhfoto\"]},{\"@type\":\"Person\",\"@id\":\"https:\\\/\\\/digital58.com.ve\\\/site\\\/#\\\/schema\\\/person\\\/eeb4c5d8eef18e441b7483a2da9e79e8\",\"name\":\"Karen Ivette Jaimes\",\"image\":{\"@type\":\"ImageObject\",\"inLanguage\":\"es\",\"@id\":\"https:\\\/\\\/secure.gravatar.com\\\/avatar\\\/74b4bd4bf849b1844638e281471f623551185d410d6f6179774f2a579958f3b4?s=96&d=mm&r=g\",\"url\":\"https:\\\/\\\/secure.gravatar.com\\\/avatar\\\/74b4bd4bf849b1844638e281471f623551185d410d6f6179774f2a579958f3b4?s=96&d=mm&r=g\",\"contentUrl\":\"https:\\\/\\\/secure.gravatar.com\\\/avatar\\\/74b4bd4bf849b1844638e281471f623551185d410d6f6179774f2a579958f3b4?s=96&d=mm&r=g\",\"caption\":\"Karen Ivette Jaimes\"},\"url\":\"https:\\\/\\\/digital58.com.ve\\\/site\\\/author\\\/eskarenj\\\/\"}]}<\/script>\n<!-- \/ Yoast SEO plugin. -->","yoast_head_json":{"title":"Luis Su\u00e1rez se pierde lo que queda de temporada","description":"El delantero uruguayo del Barcelona, Luis Su\u00e1rez, se oper\u00f3 de la rodilla derecha y estar\u00e1 de baja por un tiempo estimado de cuatro meses.","robots":{"index":"index","follow":"follow","max-snippet":"max-snippet:-1","max-image-preview":"max-image-preview:large","max-video-preview":"max-video-preview:-1"},"canonical":"https:\/\/digital58.com.ve\/site\/2020\/01\/12\/luis-suarez-se-lesiona-y-posiblemente-se-pierda-lo-que-queda-de-temporada\/","og_locale":"es_ES","og_type":"article","og_title":"Luis Su\u00e1rez se pierde lo que queda de temporada","og_description":"El delantero uruguayo del Barcelona, Luis Su\u00e1rez, se oper\u00f3 de la rodilla derecha y estar\u00e1 de baja por un tiempo estimado de cuatro meses.","og_url":"https:\/\/digital58.com.ve\/site\/2020\/01\/12\/luis-suarez-se-lesiona-y-posiblemente-se-pierda-lo-que-queda-de-temporada\/","og_site_name":"Noticias Digital58","article_published_time":"2020-01-13T01:10:22+00:00","article_modified_time":"2020-01-13T01:30:08+00:00","og_image":[{"width":1500,"height":973,"url":"https:\/\/digital58.com.ve\/site\/wp-content\/uploads\/2020\/01\/SUAREZ.jpg","type":"image\/jpeg"}],"author":"Karen Ivette Jaimes","twitter_card":"summary_large_image","twitter_creator":"@Digital_58","twitter_site":"@villasmilhfoto","twitter_misc":{"Escrito por":"Karen Ivette Jaimes","Tiempo estimado de lectura":"1 minuto"},"schema":{"@context":"https:\/\/schema.org","@graph":[{"@type":"Article","@id":"https:\/\/digital58.com.ve\/site\/2020\/01\/12\/luis-suarez-se-lesiona-y-posiblemente-se-pierda-lo-que-queda-de-temporada\/#article","isPartOf":{"@id":"https:\/\/digital58.com.ve\/site\/2020\/01\/12\/luis-suarez-se-lesiona-y-posiblemente-se-pierda-lo-que-queda-de-temporada\/"},"author":{"name":"Karen Ivette Jaimes","@id":"https:\/\/digital58.com.ve\/site\/#\/schema\/person\/eeb4c5d8eef18e441b7483a2da9e79e8"},"headline":"Luis Su\u00e1rez se pierde lo que queda de temporada","datePublished":"2020-01-13T01:10:22+00:00","dateModified":"2020-01-13T01:30:08+00:00","mainEntityOfPage":{"@id":"https:\/\/digital58.com.ve\/site\/2020\/01\/12\/luis-suarez-se-lesiona-y-posiblemente-se-pierda-lo-que-queda-de-temporada\/"},"wordCount":240,"commentCount":0,"publisher":{"@id":"https:\/\/digital58.com.ve\/site\/#\/schema\/person\/64d1c2e4d0d4fd1b849980c4331c2951"},"image":{"@id":"https:\/\/digital58.com.ve\/site\/2020\/01\/12\/luis-suarez-se-lesiona-y-posiblemente-se-pierda-lo-que-queda-de-temporada\/#primaryimage"},"thumbnailUrl":"https:\/\/digital58.com.ve\/site\/wp-content\/uploads\/2020\/01\/SUAREZ.jpg","keywords":["Barcelona","Espa\u00f1a","FC Barcelona","F\u00fatbol","F\u00fatbol Internacional","Internacionales","LaLiga 2019-2020","Luis Su\u00e1rez"],"articleSection":["Deportes"],"inLanguage":"es","potentialAction":[{"@type":"CommentAction","name":"Comment","target":["https:\/\/digital58.com.ve\/site\/2020\/01\/12\/luis-suarez-se-lesiona-y-posiblemente-se-pierda-lo-que-queda-de-temporada\/#respond"]}]},{"@type":"WebPage","@id":"https:\/\/digital58.com.ve\/site\/2020\/01\/12\/luis-suarez-se-lesiona-y-posiblemente-se-pierda-lo-que-queda-de-temporada\/","url":"https:\/\/digital58.com.ve\/site\/2020\/01\/12\/luis-suarez-se-lesiona-y-posiblemente-se-pierda-lo-que-queda-de-temporada\/","name":"Luis Su\u00e1rez se pierde lo que queda de temporada","isPartOf":{"@id":"https:\/\/digital58.com.ve\/site\/#website"},"primaryImageOfPage":{"@id":"https:\/\/digital58.com.ve\/site\/2020\/01\/12\/luis-suarez-se-lesiona-y-posiblemente-se-pierda-lo-que-queda-de-temporada\/#primaryimage"},"image":{"@id":"https:\/\/digital58.com.ve\/site\/2020\/01\/12\/luis-suarez-se-lesiona-y-posiblemente-se-pierda-lo-que-queda-de-temporada\/#primaryimage"},"thumbnailUrl":"https:\/\/digital58.com.ve\/site\/wp-content\/uploads\/2020\/01\/SUAREZ.jpg","datePublished":"2020-01-13T01:10:22+00:00","dateModified":"2020-01-13T01:30:08+00:00","description":"El delantero uruguayo del Barcelona, Luis Su\u00e1rez, se oper\u00f3 de la rodilla derecha y estar\u00e1 de baja por un tiempo estimado de cuatro meses.","breadcrumb":{"@id":"https:\/\/digital58.com.ve\/site\/2020\/01\/12\/luis-suarez-se-lesiona-y-posiblemente-se-pierda-lo-que-queda-de-temporada\/#breadcrumb"},"inLanguage":"es","potentialAction":[{"@type":"ReadAction","target":["https:\/\/digital58.com.ve\/site\/2020\/01\/12\/luis-suarez-se-lesiona-y-posiblemente-se-pierda-lo-que-queda-de-temporada\/"]}]},{"@type":"ImageObject","inLanguage":"es","@id":"https:\/\/digital58.com.ve\/site\/2020\/01\/12\/luis-suarez-se-lesiona-y-posiblemente-se-pierda-lo-que-queda-de-temporada\/#primaryimage","url":"https:\/\/digital58.com.ve\/site\/wp-content\/uploads\/2020\/01\/SUAREZ.jpg","contentUrl":"https:\/\/digital58.com.ve\/site\/wp-content\/uploads\/2020\/01\/SUAREZ.jpg","width":800,"height":519},{"@type":"BreadcrumbList","@id":"https:\/\/digital58.com.ve\/site\/2020\/01\/12\/luis-suarez-se-lesiona-y-posiblemente-se-pierda-lo-que-queda-de-temporada\/#breadcrumb","itemListElement":[{"@type":"ListItem","position":1,"name":"Home","item":"https:\/\/digital58.com.ve\/site\/"},{"@type":"ListItem","position":2,"name":"Luis Su\u00e1rez se pierde lo que queda de temporada"}]},{"@type":"WebSite","@id":"https:\/\/digital58.com.ve\/site\/#website","url":"https:\/\/digital58.com.ve\/site\/","name":"Noticias Digital58","description":"Portal de Noticias \u00a1Periodismo web de verdad! Lanzamiento web 22.11.2005 \/ Maracaibo, Venezuela","publisher":{"@id":"https:\/\/digital58.com.ve\/site\/#\/schema\/person\/64d1c2e4d0d4fd1b849980c4331c2951"},"alternateName":"ND58","potentialAction":[{"@type":"SearchAction","target":{"@type":"EntryPoint","urlTemplate":"https:\/\/digital58.com.ve\/site\/?s={search_term_string}"},"query-input":{"@type":"PropertyValueSpecification","valueRequired":true,"valueName":"search_term_string"}}],"inLanguage":"es"},{"@type":["Person","Organization"],"@id":"https:\/\/digital58.com.ve\/site\/#\/schema\/person\/64d1c2e4d0d4fd1b849980c4331c2951","name":"Villasmil Henry","image":{"@type":"ImageObject","inLanguage":"es","@id":"https:\/\/secure.gravatar.com\/avatar\/bb0c4a2fcb7970138239f7e404ea75757b1b507b28b5ce4c53fbd62d797c5a7c?s=96&d=mm&r=g","url":"https:\/\/secure.gravatar.com\/avatar\/bb0c4a2fcb7970138239f7e404ea75757b1b507b28b5ce4c53fbd62d797c5a7c?s=96&d=mm&r=g","contentUrl":"https:\/\/secure.gravatar.com\/avatar\/bb0c4a2fcb7970138239f7e404ea75757b1b507b28b5ce4c53fbd62d797c5a7c?s=96&d=mm&r=g","caption":"Villasmil Henry"},"logo":{"@id":"https:\/\/secure.gravatar.com\/avatar\/bb0c4a2fcb7970138239f7e404ea75757b1b507b28b5ce4c53fbd62d797c5a7c?s=96&d=mm&r=g"},"sameAs":["http:\/\/www.henryvillasmil.com.ve","https:\/\/www.instagram.com\/villasmilhfoto\/","https:\/\/x.com\/https:\/\/twitter.com\/villasmilhfoto"]},{"@type":"Person","@id":"https:\/\/digital58.com.ve\/site\/#\/schema\/person\/eeb4c5d8eef18e441b7483a2da9e79e8","name":"Karen Ivette Jaimes","image":{"@type":"ImageObject","inLanguage":"es","@id":"https:\/\/secure.gravatar.com\/avatar\/74b4bd4bf849b1844638e281471f623551185d410d6f6179774f2a579958f3b4?s=96&d=mm&r=g","url":"https:\/\/secure.gravatar.com\/avatar\/74b4bd4bf849b1844638e281471f623551185d410d6f6179774f2a579958f3b4?s=96&d=mm&r=g","contentUrl":"https:\/\/secure.gravatar.com\/avatar\/74b4bd4bf849b1844638e281471f623551185d410d6f6179774f2a579958f3b4?s=96&d=mm&r=g","caption":"Karen Ivette Jaimes"},"url":"https:\/\/digital58.com.ve\/site\/author\/eskarenj\/"}]}},"uagb_featured_image_src":{"full":["https:\/\/digital58.com.ve\/site\/wp-content\/uploads\/2020\/01\/SUAREZ.jpg",800,519,false],"thumbnail":["https:\/\/digital58.com.ve\/site\/wp-content\/uploads\/2020\/01\/SUAREZ-150x150.jpg",150,150,true],"medium":["https:\/\/digital58.com.ve\/site\/wp-content\/uploads\/2020\/01\/SUAREZ-300x195.jpg",300,195,true],"medium_large":["https:\/\/digital58.com.ve\/site\/wp-content\/uploads\/2020\/01\/SUAREZ-768x498.jpg",768,498,true],"large":["https:\/\/digital58.com.ve\/site\/wp-content\/uploads\/2020\/01\/SUAREZ.jpg",800,519,false],"1536x1536":["https:\/\/digital58.com.ve\/site\/wp-content\/uploads\/2020\/01\/SUAREZ.jpg",800,519,false],"2048x2048":["https:\/\/digital58.com.ve\/site\/wp-content\/uploads\/2020\/01\/SUAREZ.jpg",800,519,false],"colormag-highlighted-post":["https:\/\/digital58.com.ve\/site\/wp-content\/uploads\/2020\/01\/SUAREZ.jpg",392,254,false],"colormag-featured-post-medium":["https:\/\/digital58.com.ve\/site\/wp-content\/uploads\/2020\/01\/SUAREZ.jpg",316,205,false],"colormag-featured-post-small":["https:\/\/digital58.com.ve\/site\/wp-content\/uploads\/2020\/01\/SUAREZ.jpg",130,84,false],"colormag-featured-image":["https:\/\/digital58.com.ve\/site\/wp-content\/uploads\/2020\/01\/SUAREZ.jpg",686,445,false],"colormag-default-news":["https:\/\/digital58.com.ve\/site\/wp-content\/uploads\/2020\/01\/SUAREZ.jpg",150,97,false],"colormag-featured-image-large":["https:\/\/digital58.com.ve\/site\/wp-content\/uploads\/2020\/01\/SUAREZ.jpg",800,519,false]},"uagb_author_info":{"display_name":"Karen Ivette Jaimes","author_link":"https:\/\/digital58.com.ve\/site\/author\/eskarenj\/"},"uagb_comment_info":0,"uagb_excerpt":"El delantero uruguayo del Barcelona, Luis Su\u00e1rez, se oper\u00f3 de la rodilla derecha y estar\u00e1 de baja por un tiempo","_links":{"self":[{"href":"https:\/\/digital58.com.ve\/site\/wp-json\/wp\/v2\/posts\/91000","targetHints":{"allow":["GET"]}}],"collection":[{"href":"https:\/\/digital58.com.ve\/site\/wp-json\/wp\/v2\/posts"}],"about":[{"href":"https:\/\/digital58.com.ve\/site\/wp-json\/wp\/v2\/types\/post"}],"author":[{"embeddable":true,"href":"https:\/\/digital58.com.ve\/site\/wp-json\/wp\/v2\/users\/21"}],"replies":[{"embeddable":true,"href":"https:\/\/digital58.com.ve\/site\/wp-json\/wp\/v2\/comments?post=91000"}],"version-history":[{"count":0,"href":"https:\/\/digital58.com.ve\/site\/wp-json\/wp\/v2\/posts\/91000\/revisions"}],"wp:featuredmedia":[{"embeddable":true,"href":"https:\/\/digital58.com.ve\/site\/wp-json\/wp\/v2\/media\/91001"}],"wp:attachment":[{"href":"https:\/\/digital58.com.ve\/site\/wp-json\/wp\/v2\/media?parent=91000"}],"wp:term":[{"taxonomy":"category","embeddable":true,"href":"https:\/\/digital58.com.ve\/site\/wp-json\/wp\/v2\/categories?post=91000"},{"taxonomy":"post_tag","embeddable":true,"href":"https:\/\/digital58.com.ve\/site\/wp-json\/wp\/v2\/tags?post=91000"}],"curies":[{"name":"wp","href":"https:\/\/api.w.org\/{rel}","templated":true}]}}