{"id":91016,"date":"2020-01-12T22:07:48","date_gmt":"2020-01-13T02:07:48","guid":{"rendered":"https:\/\/digital58.com.ve\/site\/?p=91016"},"modified":"2020-01-12T22:07:48","modified_gmt":"2020-01-13T02:07:48","slug":"ernesto-valverde-tendria-un-pie-afuera-del-banquillo-del-barcelona","status":"publish","type":"post","link":"https:\/\/digital58.com.ve\/site\/2020\/01\/12\/ernesto-valverde-tendria-un-pie-afuera-del-banquillo-del-barcelona\/","title":{"rendered":"Ernesto Valverde tendr\u00eda un pie afuera del banquillo del Barcelona"},"content":{"rendered":"<p><img loading=\"lazy\" decoding=\"async\" class=\"aligncenter size-full wp-image-91019\" src=\"https:\/\/digital58.com.ve\/site\/wp-content\/uploads\/2020\/01\/VALVERDE.jpg\" alt=\"\" width=\"1500\" height=\"973\" srcset=\"https:\/\/digital58.com.ve\/site\/wp-content\/uploads\/2020\/01\/VALVERDE.jpg 800w, https:\/\/digital58.com.ve\/site\/wp-content\/uploads\/2020\/01\/VALVERDE-300x195.jpg 300w, https:\/\/digital58.com.ve\/site\/wp-content\/uploads\/2020\/01\/VALVERDE-768x498.jpg 768w\" sizes=\"auto, (max-width: 1500px) 100vw, 1500px\" \/><\/p>\n<p>El t\u00e9cnico del Barcelona, Ernesto Valverde, podr\u00eda estar contando sus \u00faltimos d\u00edas en la silla de mando del equipo catal\u00e1n, seg\u00fan adelantan distintos medios internacionales.<\/p>\n<p><strong>Barcelona, Espa\u00f1a, 12 de enero del 2020 (ND58).-<\/strong> El principal candidato por ahora ser\u00eda el argentino Mauricio Pochettino, seg\u00fan inform\u00f3 RAC1, en vista de que los otros candidatos, Xavi Hern\u00e1ndez y Ronald Koeman, rechazaron la propuesta.<\/p>\n<p>El entrenador argentino se encuentra sin equipo actualmente luego de ser destituido en el Tottenham ingl\u00e9s y, seg\u00fan Eurosport, Pochettino cuenta con el apoyo del presidente azulgrana Josep Maria Bartomeu y el respaldo de la directiva.<\/p>\n<p>Adem\u00e1s, el medio se\u00f1ala que tambi\u00e9n lo respalda la direcci\u00f3n deportiva, donde est\u00e1 Ramon Planes, con quien el argentino trabaj\u00f3 en el Espanyol y en el Tottenham.<\/p>\n<p>En medio de la incertidumbre, el ex-t\u00e9cnico del equipo \u00abcul\u00e9\u00bb Pep Guardiola fue consultado sobre el tema tras la victoria por goleada (6-1) de su equipo, el Manchester City, en la jornada de Premier de este domingo.<\/p>\n<p>\u00abBarcelona es un sitio especial porqu\u00e9 ganar la liga no es suficiente. Me sabe muy mal por Ernesto Valverde, no se merece esto. Ojal\u00e1 se pueda solucionar pronto la situaci\u00f3n, como socio de este club. Esto es todo\u00bb, declar\u00f3 el DT catal\u00e1n.<\/p>\n<p>Por su parte, Luis Enrique, quien tambi\u00e9n tuvo su paso por el equipo barcelonista y que actualmente dirige la selecci\u00f3n de Espa\u00f1a, manifest\u00f3: \u00abYo creo que no se ha liado nada&#8230; Siempre se especula mucho tras una derrota, nada m\u00e1s. Los entrenadores de equipos grandes sabemos que es un deporte de riesgo. Valverde puede ganar varios t\u00edtulos a\u00fan\u00bb.<\/p>\n<p>Los pr\u00f3ximos d\u00edas servir\u00e1n para definir el destino de Valverde, que ahora se ven en apuros tras la derrota del Barcelona en semifinales de Supercopa, adem\u00e1s de un rendimiento cuestionable del equipo.<\/p><div class=\"scufo69f50d7ee171d\" ><p style=\"text-align: center;\"><a href=\"https:\/\/t.me\/noticiasdigital58\" target=\"_blank\" rel=\"noopener\"><img class=\"aligncenter size-full wp-image-125363\" src=\"https:\/\/digital58.com.ve\/site\/wp-content\/uploads\/2021\/04\/banner-telegram-web-2021.png\" alt=\"\" width=\"600\" height=\"90\" \/><\/a><\/p><\/div><style type=\"text\/css\">\r\n@media screen and (min-width: 1201px) {\r\n.scufo69f50d7ee171d {\r\ndisplay: block;\r\n}\r\n}\r\n@media screen and (min-width: 993px) and (max-width: 1200px) {\r\n.scufo69f50d7ee171d {\r\ndisplay: block;\r\n}\r\n}\r\n@media screen and (min-width: 769px) and (max-width: 992px) {\r\n.scufo69f50d7ee171d {\r\ndisplay: block;\r\n}\r\n}\r\n@media screen and (min-width: 768px) and (max-width: 768px) {\r\n.scufo69f50d7ee171d {\r\ndisplay: block;\r\n}\r\n}\r\n@media screen and (max-width: 767px) {\r\n.scufo69f50d7ee171d {\r\ndisplay: block;\r\n}\r\n}\r\n<\/style>\r\n\n<p><strong>Redacci\u00f3n con fuente: Karen Jaimes (@eskarenj) \/ Eurosport<\/strong><br \/>\n<strong>Edici\u00f3n: Villasmil, Henry<\/strong><br \/>\n<strong>Gr\u00e1fica: EFE<\/strong><\/p>\n<div style=\"margin-top: 0px; margin-bottom: 0px;\" class=\"sharethis-inline-share-buttons\" ><\/div>","protected":false},"excerpt":{"rendered":"<p>El t\u00e9cnico del Barcelona, Ernesto Valverde, podr\u00eda estar contando sus \u00faltimos d\u00edas en la silla de mando del equipo catal\u00e1n,<\/p>\n","protected":false},"author":21,"featured_media":91019,"comment_status":"open","ping_status":"closed","sticky":false,"template":"","format":"standard","meta":{"colormag_page_container_layout":"default_layout","colormag_page_sidebar_layout":"default_layout","_uag_custom_page_level_css":"","footnotes":""},"categories":[5402],"tags":[1517,13159,8721,13,41,8],"class_list":["post-91016","post","type-post","status-publish","format-standard","has-post-thumbnail","hentry","category-deportes","tag-barcelona","tag-ernesto-valverde","tag-fc-barcelona","tag-futbol","tag-futbol-internacional","tag-internacionales"],"yoast_head":"<!-- This site is optimized with the Yoast SEO plugin v27.5 - https:\/\/yoast.com\/product\/yoast-seo-wordpress\/ -->\n<title>Ernesto Valverde tendr\u00eda un pie afuera del banquillo del Barcelona<\/title>\n<meta name=\"description\" content=\"El t\u00e9cnico del Barcelona, Ernesto Valverde, podr\u00eda estar contando sus \u00faltimos d\u00edas en la silla de mando, seg\u00fan adelantan distintos medios internacionales.\u00a0\" \/>\n<meta name=\"robots\" content=\"index, follow, max-snippet:-1, max-image-preview:large, max-video-preview:-1\" \/>\n<link rel=\"canonical\" href=\"https:\/\/digital58.com.ve\/site\/2020\/01\/12\/ernesto-valverde-tendria-un-pie-afuera-del-banquillo-del-barcelona\/\" \/>\n<meta property=\"og:locale\" content=\"es_ES\" \/>\n<meta property=\"og:type\" content=\"article\" \/>\n<meta property=\"og:title\" content=\"Ernesto Valverde tendr\u00eda un pie afuera del banquillo del Barcelona\" \/>\n<meta property=\"og:description\" content=\"El t\u00e9cnico del Barcelona, Ernesto Valverde, podr\u00eda estar contando sus \u00faltimos d\u00edas en la silla de mando, seg\u00fan adelantan distintos medios internacionales.\u00a0\" \/>\n<meta property=\"og:url\" content=\"https:\/\/digital58.com.ve\/site\/2020\/01\/12\/ernesto-valverde-tendria-un-pie-afuera-del-banquillo-del-barcelona\/\" \/>\n<meta property=\"og:site_name\" content=\"Noticias Digital58\" \/>\n<meta property=\"article:published_time\" content=\"2020-01-13T02:07:48+00:00\" \/>\n<meta property=\"og:image\" content=\"https:\/\/digital58.com.ve\/site\/wp-content\/uploads\/2020\/01\/VALVERDE.jpg\" \/>\n\t<meta property=\"og:image:width\" content=\"1500\" \/>\n\t<meta property=\"og:image:height\" content=\"973\" \/>\n\t<meta property=\"og:image:type\" content=\"image\/jpeg\" \/>\n<meta name=\"author\" content=\"Karen Ivette Jaimes\" \/>\n<meta name=\"twitter:card\" content=\"summary_large_image\" \/>\n<meta name=\"twitter:creator\" content=\"@Digital_58\" \/>\n<meta name=\"twitter:site\" content=\"@villasmilhfoto\" \/>\n<meta name=\"twitter:label1\" content=\"Escrito por\" \/>\n\t<meta name=\"twitter:data1\" content=\"Karen Ivette Jaimes\" \/>\n\t<meta name=\"twitter:label2\" content=\"Tiempo estimado de lectura\" \/>\n\t<meta name=\"twitter:data2\" content=\"2 minutos\" \/>\n<script type=\"application\/ld+json\" class=\"yoast-schema-graph\">{\"@context\":\"https:\\\/\\\/schema.org\",\"@graph\":[{\"@type\":\"Article\",\"@id\":\"https:\\\/\\\/digital58.com.ve\\\/site\\\/2020\\\/01\\\/12\\\/ernesto-valverde-tendria-un-pie-afuera-del-banquillo-del-barcelona\\\/#article\",\"isPartOf\":{\"@id\":\"https:\\\/\\\/digital58.com.ve\\\/site\\\/2020\\\/01\\\/12\\\/ernesto-valverde-tendria-un-pie-afuera-del-banquillo-del-barcelona\\\/\"},\"author\":{\"name\":\"Karen Ivette Jaimes\",\"@id\":\"https:\\\/\\\/digital58.com.ve\\\/site\\\/#\\\/schema\\\/person\\\/eeb4c5d8eef18e441b7483a2da9e79e8\"},\"headline\":\"Ernesto Valverde tendr\u00eda un pie afuera del banquillo del Barcelona\",\"datePublished\":\"2020-01-13T02:07:48+00:00\",\"mainEntityOfPage\":{\"@id\":\"https:\\\/\\\/digital58.com.ve\\\/site\\\/2020\\\/01\\\/12\\\/ernesto-valverde-tendria-un-pie-afuera-del-banquillo-del-barcelona\\\/\"},\"wordCount\":346,\"commentCount\":0,\"publisher\":{\"@id\":\"https:\\\/\\\/digital58.com.ve\\\/site\\\/#\\\/schema\\\/person\\\/64d1c2e4d0d4fd1b849980c4331c2951\"},\"image\":{\"@id\":\"https:\\\/\\\/digital58.com.ve\\\/site\\\/2020\\\/01\\\/12\\\/ernesto-valverde-tendria-un-pie-afuera-del-banquillo-del-barcelona\\\/#primaryimage\"},\"thumbnailUrl\":\"https:\\\/\\\/digital58.com.ve\\\/site\\\/wp-content\\\/uploads\\\/2020\\\/01\\\/VALVERDE.jpg\",\"keywords\":[\"Barcelona\",\"Ernesto Valverde\",\"FC Barcelona\",\"F\u00fatbol\",\"F\u00fatbol Internacional\",\"Internacionales\"],\"articleSection\":[\"Deportes\"],\"inLanguage\":\"es\",\"potentialAction\":[{\"@type\":\"CommentAction\",\"name\":\"Comment\",\"target\":[\"https:\\\/\\\/digital58.com.ve\\\/site\\\/2020\\\/01\\\/12\\\/ernesto-valverde-tendria-un-pie-afuera-del-banquillo-del-barcelona\\\/#respond\"]}]},{\"@type\":\"WebPage\",\"@id\":\"https:\\\/\\\/digital58.com.ve\\\/site\\\/2020\\\/01\\\/12\\\/ernesto-valverde-tendria-un-pie-afuera-del-banquillo-del-barcelona\\\/\",\"url\":\"https:\\\/\\\/digital58.com.ve\\\/site\\\/2020\\\/01\\\/12\\\/ernesto-valverde-tendria-un-pie-afuera-del-banquillo-del-barcelona\\\/\",\"name\":\"Ernesto Valverde tendr\u00eda un pie afuera del banquillo del Barcelona\",\"isPartOf\":{\"@id\":\"https:\\\/\\\/digital58.com.ve\\\/site\\\/#website\"},\"primaryImageOfPage\":{\"@id\":\"https:\\\/\\\/digital58.com.ve\\\/site\\\/2020\\\/01\\\/12\\\/ernesto-valverde-tendria-un-pie-afuera-del-banquillo-del-barcelona\\\/#primaryimage\"},\"image\":{\"@id\":\"https:\\\/\\\/digital58.com.ve\\\/site\\\/2020\\\/01\\\/12\\\/ernesto-valverde-tendria-un-pie-afuera-del-banquillo-del-barcelona\\\/#primaryimage\"},\"thumbnailUrl\":\"https:\\\/\\\/digital58.com.ve\\\/site\\\/wp-content\\\/uploads\\\/2020\\\/01\\\/VALVERDE.jpg\",\"datePublished\":\"2020-01-13T02:07:48+00:00\",\"description\":\"El t\u00e9cnico del Barcelona, Ernesto Valverde, podr\u00eda estar contando sus \u00faltimos d\u00edas en la silla de mando, seg\u00fan adelantan distintos medios internacionales.\u00a0\",\"breadcrumb\":{\"@id\":\"https:\\\/\\\/digital58.com.ve\\\/site\\\/2020\\\/01\\\/12\\\/ernesto-valverde-tendria-un-pie-afuera-del-banquillo-del-barcelona\\\/#breadcrumb\"},\"inLanguage\":\"es\",\"potentialAction\":[{\"@type\":\"ReadAction\",\"target\":[\"https:\\\/\\\/digital58.com.ve\\\/site\\\/2020\\\/01\\\/12\\\/ernesto-valverde-tendria-un-pie-afuera-del-banquillo-del-barcelona\\\/\"]}]},{\"@type\":\"ImageObject\",\"inLanguage\":\"es\",\"@id\":\"https:\\\/\\\/digital58.com.ve\\\/site\\\/2020\\\/01\\\/12\\\/ernesto-valverde-tendria-un-pie-afuera-del-banquillo-del-barcelona\\\/#primaryimage\",\"url\":\"https:\\\/\\\/digital58.com.ve\\\/site\\\/wp-content\\\/uploads\\\/2020\\\/01\\\/VALVERDE.jpg\",\"contentUrl\":\"https:\\\/\\\/digital58.com.ve\\\/site\\\/wp-content\\\/uploads\\\/2020\\\/01\\\/VALVERDE.jpg\",\"width\":800,\"height\":519},{\"@type\":\"BreadcrumbList\",\"@id\":\"https:\\\/\\\/digital58.com.ve\\\/site\\\/2020\\\/01\\\/12\\\/ernesto-valverde-tendria-un-pie-afuera-del-banquillo-del-barcelona\\\/#breadcrumb\",\"itemListElement\":[{\"@type\":\"ListItem\",\"position\":1,\"name\":\"Home\",\"item\":\"https:\\\/\\\/digital58.com.ve\\\/site\\\/\"},{\"@type\":\"ListItem\",\"position\":2,\"name\":\"Ernesto Valverde tendr\u00eda un pie afuera del banquillo del Barcelona\"}]},{\"@type\":\"WebSite\",\"@id\":\"https:\\\/\\\/digital58.com.ve\\\/site\\\/#website\",\"url\":\"https:\\\/\\\/digital58.com.ve\\\/site\\\/\",\"name\":\"Noticias Digital58\",\"description\":\"Portal de Noticias \u00a1Periodismo web de verdad! Lanzamiento web 22.11.2005 \\\/ Maracaibo, Venezuela\",\"publisher\":{\"@id\":\"https:\\\/\\\/digital58.com.ve\\\/site\\\/#\\\/schema\\\/person\\\/64d1c2e4d0d4fd1b849980c4331c2951\"},\"alternateName\":\"ND58\",\"potentialAction\":[{\"@type\":\"SearchAction\",\"target\":{\"@type\":\"EntryPoint\",\"urlTemplate\":\"https:\\\/\\\/digital58.com.ve\\\/site\\\/?s={search_term_string}\"},\"query-input\":{\"@type\":\"PropertyValueSpecification\",\"valueRequired\":true,\"valueName\":\"search_term_string\"}}],\"inLanguage\":\"es\"},{\"@type\":[\"Person\",\"Organization\"],\"@id\":\"https:\\\/\\\/digital58.com.ve\\\/site\\\/#\\\/schema\\\/person\\\/64d1c2e4d0d4fd1b849980c4331c2951\",\"name\":\"Villasmil Henry\",\"image\":{\"@type\":\"ImageObject\",\"inLanguage\":\"es\",\"@id\":\"https:\\\/\\\/secure.gravatar.com\\\/avatar\\\/bb0c4a2fcb7970138239f7e404ea75757b1b507b28b5ce4c53fbd62d797c5a7c?s=96&d=mm&r=g\",\"url\":\"https:\\\/\\\/secure.gravatar.com\\\/avatar\\\/bb0c4a2fcb7970138239f7e404ea75757b1b507b28b5ce4c53fbd62d797c5a7c?s=96&d=mm&r=g\",\"contentUrl\":\"https:\\\/\\\/secure.gravatar.com\\\/avatar\\\/bb0c4a2fcb7970138239f7e404ea75757b1b507b28b5ce4c53fbd62d797c5a7c?s=96&d=mm&r=g\",\"caption\":\"Villasmil Henry\"},\"logo\":{\"@id\":\"https:\\\/\\\/secure.gravatar.com\\\/avatar\\\/bb0c4a2fcb7970138239f7e404ea75757b1b507b28b5ce4c53fbd62d797c5a7c?s=96&d=mm&r=g\"},\"sameAs\":[\"http:\\\/\\\/www.henryvillasmil.com.ve\",\"https:\\\/\\\/www.instagram.com\\\/villasmilhfoto\\\/\",\"https:\\\/\\\/x.com\\\/https:\\\/\\\/twitter.com\\\/villasmilhfoto\"]},{\"@type\":\"Person\",\"@id\":\"https:\\\/\\\/digital58.com.ve\\\/site\\\/#\\\/schema\\\/person\\\/eeb4c5d8eef18e441b7483a2da9e79e8\",\"name\":\"Karen Ivette Jaimes\",\"image\":{\"@type\":\"ImageObject\",\"inLanguage\":\"es\",\"@id\":\"https:\\\/\\\/secure.gravatar.com\\\/avatar\\\/74b4bd4bf849b1844638e281471f623551185d410d6f6179774f2a579958f3b4?s=96&d=mm&r=g\",\"url\":\"https:\\\/\\\/secure.gravatar.com\\\/avatar\\\/74b4bd4bf849b1844638e281471f623551185d410d6f6179774f2a579958f3b4?s=96&d=mm&r=g\",\"contentUrl\":\"https:\\\/\\\/secure.gravatar.com\\\/avatar\\\/74b4bd4bf849b1844638e281471f623551185d410d6f6179774f2a579958f3b4?s=96&d=mm&r=g\",\"caption\":\"Karen Ivette Jaimes\"},\"url\":\"https:\\\/\\\/digital58.com.ve\\\/site\\\/author\\\/eskarenj\\\/\"}]}<\/script>\n<!-- \/ Yoast SEO plugin. -->","yoast_head_json":{"title":"Ernesto Valverde tendr\u00eda un pie afuera del banquillo del Barcelona","description":"El t\u00e9cnico del Barcelona, Ernesto Valverde, podr\u00eda estar contando sus \u00faltimos d\u00edas en la silla de mando, seg\u00fan adelantan distintos medios internacionales.\u00a0","robots":{"index":"index","follow":"follow","max-snippet":"max-snippet:-1","max-image-preview":"max-image-preview:large","max-video-preview":"max-video-preview:-1"},"canonical":"https:\/\/digital58.com.ve\/site\/2020\/01\/12\/ernesto-valverde-tendria-un-pie-afuera-del-banquillo-del-barcelona\/","og_locale":"es_ES","og_type":"article","og_title":"Ernesto Valverde tendr\u00eda un pie afuera del banquillo del Barcelona","og_description":"El t\u00e9cnico del Barcelona, Ernesto Valverde, podr\u00eda estar contando sus \u00faltimos d\u00edas en la silla de mando, seg\u00fan adelantan distintos medios internacionales.\u00a0","og_url":"https:\/\/digital58.com.ve\/site\/2020\/01\/12\/ernesto-valverde-tendria-un-pie-afuera-del-banquillo-del-barcelona\/","og_site_name":"Noticias Digital58","article_published_time":"2020-01-13T02:07:48+00:00","og_image":[{"width":1500,"height":973,"url":"https:\/\/digital58.com.ve\/site\/wp-content\/uploads\/2020\/01\/VALVERDE.jpg","type":"image\/jpeg"}],"author":"Karen Ivette Jaimes","twitter_card":"summary_large_image","twitter_creator":"@Digital_58","twitter_site":"@villasmilhfoto","twitter_misc":{"Escrito por":"Karen Ivette Jaimes","Tiempo estimado de lectura":"2 minutos"},"schema":{"@context":"https:\/\/schema.org","@graph":[{"@type":"Article","@id":"https:\/\/digital58.com.ve\/site\/2020\/01\/12\/ernesto-valverde-tendria-un-pie-afuera-del-banquillo-del-barcelona\/#article","isPartOf":{"@id":"https:\/\/digital58.com.ve\/site\/2020\/01\/12\/ernesto-valverde-tendria-un-pie-afuera-del-banquillo-del-barcelona\/"},"author":{"name":"Karen Ivette Jaimes","@id":"https:\/\/digital58.com.ve\/site\/#\/schema\/person\/eeb4c5d8eef18e441b7483a2da9e79e8"},"headline":"Ernesto Valverde tendr\u00eda un pie afuera del banquillo del Barcelona","datePublished":"2020-01-13T02:07:48+00:00","mainEntityOfPage":{"@id":"https:\/\/digital58.com.ve\/site\/2020\/01\/12\/ernesto-valverde-tendria-un-pie-afuera-del-banquillo-del-barcelona\/"},"wordCount":346,"commentCount":0,"publisher":{"@id":"https:\/\/digital58.com.ve\/site\/#\/schema\/person\/64d1c2e4d0d4fd1b849980c4331c2951"},"image":{"@id":"https:\/\/digital58.com.ve\/site\/2020\/01\/12\/ernesto-valverde-tendria-un-pie-afuera-del-banquillo-del-barcelona\/#primaryimage"},"thumbnailUrl":"https:\/\/digital58.com.ve\/site\/wp-content\/uploads\/2020\/01\/VALVERDE.jpg","keywords":["Barcelona","Ernesto Valverde","FC Barcelona","F\u00fatbol","F\u00fatbol Internacional","Internacionales"],"articleSection":["Deportes"],"inLanguage":"es","potentialAction":[{"@type":"CommentAction","name":"Comment","target":["https:\/\/digital58.com.ve\/site\/2020\/01\/12\/ernesto-valverde-tendria-un-pie-afuera-del-banquillo-del-barcelona\/#respond"]}]},{"@type":"WebPage","@id":"https:\/\/digital58.com.ve\/site\/2020\/01\/12\/ernesto-valverde-tendria-un-pie-afuera-del-banquillo-del-barcelona\/","url":"https:\/\/digital58.com.ve\/site\/2020\/01\/12\/ernesto-valverde-tendria-un-pie-afuera-del-banquillo-del-barcelona\/","name":"Ernesto Valverde tendr\u00eda un pie afuera del banquillo del Barcelona","isPartOf":{"@id":"https:\/\/digital58.com.ve\/site\/#website"},"primaryImageOfPage":{"@id":"https:\/\/digital58.com.ve\/site\/2020\/01\/12\/ernesto-valverde-tendria-un-pie-afuera-del-banquillo-del-barcelona\/#primaryimage"},"image":{"@id":"https:\/\/digital58.com.ve\/site\/2020\/01\/12\/ernesto-valverde-tendria-un-pie-afuera-del-banquillo-del-barcelona\/#primaryimage"},"thumbnailUrl":"https:\/\/digital58.com.ve\/site\/wp-content\/uploads\/2020\/01\/VALVERDE.jpg","datePublished":"2020-01-13T02:07:48+00:00","description":"El t\u00e9cnico del Barcelona, Ernesto Valverde, podr\u00eda estar contando sus \u00faltimos d\u00edas en la silla de mando, seg\u00fan adelantan distintos medios internacionales.\u00a0","breadcrumb":{"@id":"https:\/\/digital58.com.ve\/site\/2020\/01\/12\/ernesto-valverde-tendria-un-pie-afuera-del-banquillo-del-barcelona\/#breadcrumb"},"inLanguage":"es","potentialAction":[{"@type":"ReadAction","target":["https:\/\/digital58.com.ve\/site\/2020\/01\/12\/ernesto-valverde-tendria-un-pie-afuera-del-banquillo-del-barcelona\/"]}]},{"@type":"ImageObject","inLanguage":"es","@id":"https:\/\/digital58.com.ve\/site\/2020\/01\/12\/ernesto-valverde-tendria-un-pie-afuera-del-banquillo-del-barcelona\/#primaryimage","url":"https:\/\/digital58.com.ve\/site\/wp-content\/uploads\/2020\/01\/VALVERDE.jpg","contentUrl":"https:\/\/digital58.com.ve\/site\/wp-content\/uploads\/2020\/01\/VALVERDE.jpg","width":800,"height":519},{"@type":"BreadcrumbList","@id":"https:\/\/digital58.com.ve\/site\/2020\/01\/12\/ernesto-valverde-tendria-un-pie-afuera-del-banquillo-del-barcelona\/#breadcrumb","itemListElement":[{"@type":"ListItem","position":1,"name":"Home","item":"https:\/\/digital58.com.ve\/site\/"},{"@type":"ListItem","position":2,"name":"Ernesto Valverde tendr\u00eda un pie afuera del banquillo del Barcelona"}]},{"@type":"WebSite","@id":"https:\/\/digital58.com.ve\/site\/#website","url":"https:\/\/digital58.com.ve\/site\/","name":"Noticias Digital58","description":"Portal de Noticias \u00a1Periodismo web de verdad! Lanzamiento web 22.11.2005 \/ Maracaibo, Venezuela","publisher":{"@id":"https:\/\/digital58.com.ve\/site\/#\/schema\/person\/64d1c2e4d0d4fd1b849980c4331c2951"},"alternateName":"ND58","potentialAction":[{"@type":"SearchAction","target":{"@type":"EntryPoint","urlTemplate":"https:\/\/digital58.com.ve\/site\/?s={search_term_string}"},"query-input":{"@type":"PropertyValueSpecification","valueRequired":true,"valueName":"search_term_string"}}],"inLanguage":"es"},{"@type":["Person","Organization"],"@id":"https:\/\/digital58.com.ve\/site\/#\/schema\/person\/64d1c2e4d0d4fd1b849980c4331c2951","name":"Villasmil Henry","image":{"@type":"ImageObject","inLanguage":"es","@id":"https:\/\/secure.gravatar.com\/avatar\/bb0c4a2fcb7970138239f7e404ea75757b1b507b28b5ce4c53fbd62d797c5a7c?s=96&d=mm&r=g","url":"https:\/\/secure.gravatar.com\/avatar\/bb0c4a2fcb7970138239f7e404ea75757b1b507b28b5ce4c53fbd62d797c5a7c?s=96&d=mm&r=g","contentUrl":"https:\/\/secure.gravatar.com\/avatar\/bb0c4a2fcb7970138239f7e404ea75757b1b507b28b5ce4c53fbd62d797c5a7c?s=96&d=mm&r=g","caption":"Villasmil Henry"},"logo":{"@id":"https:\/\/secure.gravatar.com\/avatar\/bb0c4a2fcb7970138239f7e404ea75757b1b507b28b5ce4c53fbd62d797c5a7c?s=96&d=mm&r=g"},"sameAs":["http:\/\/www.henryvillasmil.com.ve","https:\/\/www.instagram.com\/villasmilhfoto\/","https:\/\/x.com\/https:\/\/twitter.com\/villasmilhfoto"]},{"@type":"Person","@id":"https:\/\/digital58.com.ve\/site\/#\/schema\/person\/eeb4c5d8eef18e441b7483a2da9e79e8","name":"Karen Ivette Jaimes","image":{"@type":"ImageObject","inLanguage":"es","@id":"https:\/\/secure.gravatar.com\/avatar\/74b4bd4bf849b1844638e281471f623551185d410d6f6179774f2a579958f3b4?s=96&d=mm&r=g","url":"https:\/\/secure.gravatar.com\/avatar\/74b4bd4bf849b1844638e281471f623551185d410d6f6179774f2a579958f3b4?s=96&d=mm&r=g","contentUrl":"https:\/\/secure.gravatar.com\/avatar\/74b4bd4bf849b1844638e281471f623551185d410d6f6179774f2a579958f3b4?s=96&d=mm&r=g","caption":"Karen Ivette Jaimes"},"url":"https:\/\/digital58.com.ve\/site\/author\/eskarenj\/"}]}},"uagb_featured_image_src":{"full":["https:\/\/digital58.com.ve\/site\/wp-content\/uploads\/2020\/01\/VALVERDE.jpg",800,519,false],"thumbnail":["https:\/\/digital58.com.ve\/site\/wp-content\/uploads\/2020\/01\/VALVERDE-150x150.jpg",150,150,true],"medium":["https:\/\/digital58.com.ve\/site\/wp-content\/uploads\/2020\/01\/VALVERDE-300x195.jpg",300,195,true],"medium_large":["https:\/\/digital58.com.ve\/site\/wp-content\/uploads\/2020\/01\/VALVERDE-768x498.jpg",768,498,true],"large":["https:\/\/digital58.com.ve\/site\/wp-content\/uploads\/2020\/01\/VALVERDE.jpg",800,519,false],"1536x1536":["https:\/\/digital58.com.ve\/site\/wp-content\/uploads\/2020\/01\/VALVERDE.jpg",800,519,false],"2048x2048":["https:\/\/digital58.com.ve\/site\/wp-content\/uploads\/2020\/01\/VALVERDE.jpg",800,519,false],"colormag-highlighted-post":["https:\/\/digital58.com.ve\/site\/wp-content\/uploads\/2020\/01\/VALVERDE.jpg",392,254,false],"colormag-featured-post-medium":["https:\/\/digital58.com.ve\/site\/wp-content\/uploads\/2020\/01\/VALVERDE.jpg",316,205,false],"colormag-featured-post-small":["https:\/\/digital58.com.ve\/site\/wp-content\/uploads\/2020\/01\/VALVERDE.jpg",130,84,false],"colormag-featured-image":["https:\/\/digital58.com.ve\/site\/wp-content\/uploads\/2020\/01\/VALVERDE.jpg",686,445,false],"colormag-default-news":["https:\/\/digital58.com.ve\/site\/wp-content\/uploads\/2020\/01\/VALVERDE.jpg",150,97,false],"colormag-featured-image-large":["https:\/\/digital58.com.ve\/site\/wp-content\/uploads\/2020\/01\/VALVERDE.jpg",800,519,false]},"uagb_author_info":{"display_name":"Karen Ivette Jaimes","author_link":"https:\/\/digital58.com.ve\/site\/author\/eskarenj\/"},"uagb_comment_info":0,"uagb_excerpt":"El t\u00e9cnico del Barcelona, Ernesto Valverde, podr\u00eda estar contando sus \u00faltimos d\u00edas en la silla de mando del equipo catal\u00e1n,","_links":{"self":[{"href":"https:\/\/digital58.com.ve\/site\/wp-json\/wp\/v2\/posts\/91016","targetHints":{"allow":["GET"]}}],"collection":[{"href":"https:\/\/digital58.com.ve\/site\/wp-json\/wp\/v2\/posts"}],"about":[{"href":"https:\/\/digital58.com.ve\/site\/wp-json\/wp\/v2\/types\/post"}],"author":[{"embeddable":true,"href":"https:\/\/digital58.com.ve\/site\/wp-json\/wp\/v2\/users\/21"}],"replies":[{"embeddable":true,"href":"https:\/\/digital58.com.ve\/site\/wp-json\/wp\/v2\/comments?post=91016"}],"version-history":[{"count":0,"href":"https:\/\/digital58.com.ve\/site\/wp-json\/wp\/v2\/posts\/91016\/revisions"}],"wp:featuredmedia":[{"embeddable":true,"href":"https:\/\/digital58.com.ve\/site\/wp-json\/wp\/v2\/media\/91019"}],"wp:attachment":[{"href":"https:\/\/digital58.com.ve\/site\/wp-json\/wp\/v2\/media?parent=91016"}],"wp:term":[{"taxonomy":"category","embeddable":true,"href":"https:\/\/digital58.com.ve\/site\/wp-json\/wp\/v2\/categories?post=91016"},{"taxonomy":"post_tag","embeddable":true,"href":"https:\/\/digital58.com.ve\/site\/wp-json\/wp\/v2\/tags?post=91016"}],"curies":[{"name":"wp","href":"https:\/\/api.w.org\/{rel}","templated":true}]}}