{"id":91091,"date":"2020-01-14T10:00:31","date_gmt":"2020-01-14T14:00:31","guid":{"rendered":"https:\/\/digital58.com.ve\/site\/?p=91091"},"modified":"2020-01-14T10:00:31","modified_gmt":"2020-01-14T14:00:31","slug":"a-partir-del-6-de-febrero-conviasa-reactiva-vuelos-hacia-argentina","status":"publish","type":"post","link":"https:\/\/digital58.com.ve\/site\/2020\/01\/14\/a-partir-del-6-de-febrero-conviasa-reactiva-vuelos-hacia-argentina\/","title":{"rendered":"A partir del 6 de febrero Conviasa reactiva vuelos hacia Argentina"},"content":{"rendered":"<p><a href=\"https:\/\/digital58.com.ve\/site\/wp-content\/uploads\/2020\/01\/conviasa.jpg\"><img loading=\"lazy\" decoding=\"async\" class=\"aligncenter size-full wp-image-91092\" src=\"https:\/\/digital58.com.ve\/site\/wp-content\/uploads\/2020\/01\/conviasa.jpg\" alt=\"\" width=\"1199\" height=\"794\" srcset=\"https:\/\/digital58.com.ve\/site\/wp-content\/uploads\/2020\/01\/conviasa.jpg 800w, https:\/\/digital58.com.ve\/site\/wp-content\/uploads\/2020\/01\/conviasa-300x199.jpg 300w, https:\/\/digital58.com.ve\/site\/wp-content\/uploads\/2020\/01\/conviasa-768x509.jpg 768w\" sizes=\"auto, (max-width: 1199px) 100vw, 1199px\" \/><\/a><\/p>\n<p>El consorcio destac\u00f3 que 506.929 pasajeros se movilizaron durante el a\u00f1o 2019. A partir del pr\u00f3ximo 6 de febrero el Consorcio Venezolano de Industria Aeron\u00e1uticas y Servicios A\u00e9reos (Conviasa), reactivar\u00e1 la ruta internacional hacia Argentina.<\/p>\n<p><strong>Caracas, DC, Venezuela, 14 de enero de 2020 (ND58).-<\/strong> La informaci\u00f3n la dio a conocer el presidente de la aerol\u00ednea publicando el siguiente mensaje a trav\u00e9s de la red social Twitter: \u00abCuando se trata de playa Venezuela es la mejor opci\u00f3n, desde Argentina te conectaremos con la hermosa Isla de Margarita. \u00a1Argentina pr\u00f3ximo destino de Conviasa, 6 de febrero. Inauguraci\u00f3n!\u00bb.<\/p>\n<blockquote class=\"twitter-tweet\">\n<p dir=\"ltr\" lang=\"es\"><a href=\"https:\/\/twitter.com\/hashtag\/FelizLunes?src=hash&amp;ref_src=twsrc%5Etfw\">#FelizLunes<\/a> \u00bfEst\u00e1n tan emocionados como nosotros por la reactivaci\u00f3n de las operaciones hacia Argentina? El 6 de febrero es la inauguraci\u00f3n de esta frecuencia. <a href=\"https:\/\/t.co\/F7dZMybKtH\">pic.twitter.com\/F7dZMybKtH<\/a><\/p>\n<p>\u2014 Ram\u00f3n Celestino Vel\u00e1squez Araguay\u00e1n (@rvaraguayan) <a href=\"https:\/\/twitter.com\/rvaraguayan\/status\/1216733034512371712?ref_src=twsrc%5Etfw\">January 13, 2020<\/a><\/p><\/blockquote>\n<p><script async src=\"https:\/\/platform.twitter.com\/widgets.js\" charset=\"utf-8\"><\/script><\/p>\n<p>Para brindar mayor comodidad a los usuarios, el Airbus 340-200 tambi\u00e9n ser\u00e1 agregado a la l\u00ednea de vuelo en febrero.<\/p>\n<p>El consorcio destac\u00f3 a trav\u00e9s de la red social que 506.929 pasajeros se movilizaron durante el a\u00f1o 2019, en todas las conexiones nacionales y internacionales.<\/p>\n<p>El pasado 7 de enero la instituci\u00f3n refiri\u00f3 que tambi\u00e9n planificar\u00e1 viajes al continente asi\u00e1tico, con el prop\u00f3sito de posicionarse como la l\u00ednea a\u00e9rea bandera de Venezuela y \u00abcon la misi\u00f3n de brindar servicios aeron\u00e1uticos para el desarrollo social y sustentable de la naci\u00f3n, de acuerdo con el Plan Estrat\u00e9gico de la Naci\u00f3n\u00bb.<\/p><div class=\"ptafg69f01bdb789b2\" ><p style=\"text-align: center;\"><a href=\"https:\/\/t.me\/noticiasdigital58\" target=\"_blank\" rel=\"noopener\"><img class=\"aligncenter size-full wp-image-125363\" src=\"https:\/\/digital58.com.ve\/site\/wp-content\/uploads\/2021\/04\/banner-telegram-web-2021.png\" alt=\"\" width=\"600\" height=\"90\" \/><\/a><\/p><\/div><style type=\"text\/css\">\r\n@media screen and (min-width: 1201px) {\r\n.ptafg69f01bdb789b2 {\r\ndisplay: block;\r\n}\r\n}\r\n@media screen and (min-width: 993px) and (max-width: 1200px) {\r\n.ptafg69f01bdb789b2 {\r\ndisplay: block;\r\n}\r\n}\r\n@media screen and (min-width: 769px) and (max-width: 992px) {\r\n.ptafg69f01bdb789b2 {\r\ndisplay: block;\r\n}\r\n}\r\n@media screen and (min-width: 768px) and (max-width: 768px) {\r\n.ptafg69f01bdb789b2 {\r\ndisplay: block;\r\n}\r\n}\r\n@media screen and (max-width: 767px) {\r\n.ptafg69f01bdb789b2 {\r\ndisplay: block;\r\n}\r\n}\r\n<\/style>\r\n\n<p><strong>Redacci\u00f3n con fuente: Twitter<\/strong><br \/>\n<strong>Edici\u00f3n: Villasmil, Henry<\/strong><br \/>\n<strong>Gr\u00e1ficas: cortes\u00eda<\/strong><\/p>\n<div style=\"margin-top: 0px; margin-bottom: 0px;\" class=\"sharethis-inline-share-buttons\" ><\/div>","protected":false},"excerpt":{"rendered":"<p>El consorcio destac\u00f3 que 506.929 pasajeros se movilizaron durante el a\u00f1o 2019. A partir del pr\u00f3ximo 6 de febrero el<\/p>\n","protected":false},"author":1,"featured_media":91092,"comment_status":"open","ping_status":"closed","sticky":false,"template":"","format":"standard","meta":{"colormag_page_container_layout":"default_layout","colormag_page_sidebar_layout":"default_layout","_uag_custom_page_level_css":"","footnotes":""},"categories":[5404],"tags":[5137,11396,36,29,13177,233,32,13178],"class_list":["post-91091","post","type-post","status-publish","format-standard","has-post-thumbnail","hentry","category-turismo","tag-aerolineas","tag-aerolineas-venezolanas","tag-argentina","tag-caracas","tag-conviasa","tag-nacionales","tag-venezuela","tag-vuelos-aereos"],"yoast_head":"<!-- This site is optimized with the Yoast SEO plugin v27.4 - https:\/\/yoast.com\/product\/yoast-seo-wordpress\/ -->\n<title>A partir del 6 de febrero Conviasa reactiva vuelos hacia Argentina<\/title>\n<meta name=\"description\" content=\"Turismo\" \/>\n<meta name=\"robots\" content=\"index, follow, max-snippet:-1, max-image-preview:large, max-video-preview:-1\" \/>\n<link rel=\"canonical\" href=\"https:\/\/digital58.com.ve\/site\/2020\/01\/14\/a-partir-del-6-de-febrero-conviasa-reactiva-vuelos-hacia-argentina\/\" \/>\n<meta property=\"og:locale\" content=\"es_ES\" \/>\n<meta property=\"og:type\" content=\"article\" \/>\n<meta property=\"og:title\" content=\"A partir del 6 de febrero Conviasa reactiva vuelos hacia Argentina\" \/>\n<meta property=\"og:description\" content=\"Turismo\" \/>\n<meta property=\"og:url\" content=\"https:\/\/digital58.com.ve\/site\/2020\/01\/14\/a-partir-del-6-de-febrero-conviasa-reactiva-vuelos-hacia-argentina\/\" \/>\n<meta property=\"og:site_name\" content=\"Noticias Digital58\" \/>\n<meta property=\"article:published_time\" content=\"2020-01-14T14:00:31+00:00\" \/>\n<meta property=\"og:image\" content=\"https:\/\/digital58.com.ve\/site\/wp-content\/uploads\/2020\/01\/conviasa.jpg\" \/>\n\t<meta property=\"og:image:width\" content=\"1199\" \/>\n\t<meta property=\"og:image:height\" content=\"794\" \/>\n\t<meta property=\"og:image:type\" content=\"image\/jpeg\" \/>\n<meta name=\"author\" content=\"Villasmil Henry\" \/>\n<meta name=\"twitter:card\" content=\"summary_large_image\" \/>\n<meta name=\"twitter:creator\" content=\"@https:\/\/twitter.com\/villasmilhfoto\" \/>\n<meta name=\"twitter:site\" content=\"@villasmilhfoto\" \/>\n<meta name=\"twitter:label1\" content=\"Escrito por\" \/>\n\t<meta name=\"twitter:data1\" content=\"Villasmil Henry\" \/>\n\t<meta name=\"twitter:label2\" content=\"Tiempo estimado de lectura\" \/>\n\t<meta name=\"twitter:data2\" content=\"1 minuto\" \/>\n<script type=\"application\/ld+json\" class=\"yoast-schema-graph\">{\"@context\":\"https:\\\/\\\/schema.org\",\"@graph\":[{\"@type\":\"Article\",\"@id\":\"https:\\\/\\\/digital58.com.ve\\\/site\\\/2020\\\/01\\\/14\\\/a-partir-del-6-de-febrero-conviasa-reactiva-vuelos-hacia-argentina\\\/#article\",\"isPartOf\":{\"@id\":\"https:\\\/\\\/digital58.com.ve\\\/site\\\/2020\\\/01\\\/14\\\/a-partir-del-6-de-febrero-conviasa-reactiva-vuelos-hacia-argentina\\\/\"},\"author\":{\"name\":\"Villasmil Henry\",\"@id\":\"https:\\\/\\\/digital58.com.ve\\\/site\\\/#\\\/schema\\\/person\\\/64d1c2e4d0d4fd1b849980c4331c2951\"},\"headline\":\"A partir del 6 de febrero Conviasa reactiva vuelos hacia Argentina\",\"datePublished\":\"2020-01-14T14:00:31+00:00\",\"mainEntityOfPage\":{\"@id\":\"https:\\\/\\\/digital58.com.ve\\\/site\\\/2020\\\/01\\\/14\\\/a-partir-del-6-de-febrero-conviasa-reactiva-vuelos-hacia-argentina\\\/\"},\"wordCount\":273,\"commentCount\":0,\"publisher\":{\"@id\":\"https:\\\/\\\/digital58.com.ve\\\/site\\\/#\\\/schema\\\/person\\\/64d1c2e4d0d4fd1b849980c4331c2951\"},\"image\":{\"@id\":\"https:\\\/\\\/digital58.com.ve\\\/site\\\/2020\\\/01\\\/14\\\/a-partir-del-6-de-febrero-conviasa-reactiva-vuelos-hacia-argentina\\\/#primaryimage\"},\"thumbnailUrl\":\"https:\\\/\\\/digital58.com.ve\\\/site\\\/wp-content\\\/uploads\\\/2020\\\/01\\\/conviasa.jpg\",\"keywords\":[\"Aerol\u00edneas\",\"Aerol\u00edneas Venezolanas\",\"Argentina\",\"Caracas\",\"Conviasa\",\"Nacionales\",\"Venezuela\",\"Vuelos A\u00e9reos\"],\"articleSection\":[\"Turismo\"],\"inLanguage\":\"es\",\"potentialAction\":[{\"@type\":\"CommentAction\",\"name\":\"Comment\",\"target\":[\"https:\\\/\\\/digital58.com.ve\\\/site\\\/2020\\\/01\\\/14\\\/a-partir-del-6-de-febrero-conviasa-reactiva-vuelos-hacia-argentina\\\/#respond\"]}]},{\"@type\":\"WebPage\",\"@id\":\"https:\\\/\\\/digital58.com.ve\\\/site\\\/2020\\\/01\\\/14\\\/a-partir-del-6-de-febrero-conviasa-reactiva-vuelos-hacia-argentina\\\/\",\"url\":\"https:\\\/\\\/digital58.com.ve\\\/site\\\/2020\\\/01\\\/14\\\/a-partir-del-6-de-febrero-conviasa-reactiva-vuelos-hacia-argentina\\\/\",\"name\":\"A partir del 6 de febrero Conviasa reactiva vuelos hacia Argentina\",\"isPartOf\":{\"@id\":\"https:\\\/\\\/digital58.com.ve\\\/site\\\/#website\"},\"primaryImageOfPage\":{\"@id\":\"https:\\\/\\\/digital58.com.ve\\\/site\\\/2020\\\/01\\\/14\\\/a-partir-del-6-de-febrero-conviasa-reactiva-vuelos-hacia-argentina\\\/#primaryimage\"},\"image\":{\"@id\":\"https:\\\/\\\/digital58.com.ve\\\/site\\\/2020\\\/01\\\/14\\\/a-partir-del-6-de-febrero-conviasa-reactiva-vuelos-hacia-argentina\\\/#primaryimage\"},\"thumbnailUrl\":\"https:\\\/\\\/digital58.com.ve\\\/site\\\/wp-content\\\/uploads\\\/2020\\\/01\\\/conviasa.jpg\",\"datePublished\":\"2020-01-14T14:00:31+00:00\",\"description\":\"Turismo\",\"breadcrumb\":{\"@id\":\"https:\\\/\\\/digital58.com.ve\\\/site\\\/2020\\\/01\\\/14\\\/a-partir-del-6-de-febrero-conviasa-reactiva-vuelos-hacia-argentina\\\/#breadcrumb\"},\"inLanguage\":\"es\",\"potentialAction\":[{\"@type\":\"ReadAction\",\"target\":[\"https:\\\/\\\/digital58.com.ve\\\/site\\\/2020\\\/01\\\/14\\\/a-partir-del-6-de-febrero-conviasa-reactiva-vuelos-hacia-argentina\\\/\"]}]},{\"@type\":\"ImageObject\",\"inLanguage\":\"es\",\"@id\":\"https:\\\/\\\/digital58.com.ve\\\/site\\\/2020\\\/01\\\/14\\\/a-partir-del-6-de-febrero-conviasa-reactiva-vuelos-hacia-argentina\\\/#primaryimage\",\"url\":\"https:\\\/\\\/digital58.com.ve\\\/site\\\/wp-content\\\/uploads\\\/2020\\\/01\\\/conviasa.jpg\",\"contentUrl\":\"https:\\\/\\\/digital58.com.ve\\\/site\\\/wp-content\\\/uploads\\\/2020\\\/01\\\/conviasa.jpg\",\"width\":800,\"height\":530},{\"@type\":\"BreadcrumbList\",\"@id\":\"https:\\\/\\\/digital58.com.ve\\\/site\\\/2020\\\/01\\\/14\\\/a-partir-del-6-de-febrero-conviasa-reactiva-vuelos-hacia-argentina\\\/#breadcrumb\",\"itemListElement\":[{\"@type\":\"ListItem\",\"position\":1,\"name\":\"Home\",\"item\":\"https:\\\/\\\/digital58.com.ve\\\/site\\\/\"},{\"@type\":\"ListItem\",\"position\":2,\"name\":\"A partir del 6 de febrero Conviasa reactiva vuelos hacia Argentina\"}]},{\"@type\":\"WebSite\",\"@id\":\"https:\\\/\\\/digital58.com.ve\\\/site\\\/#website\",\"url\":\"https:\\\/\\\/digital58.com.ve\\\/site\\\/\",\"name\":\"Noticias Digital58\",\"description\":\"Portal de Noticias \u00a1Periodismo web de verdad! Lanzamiento web 22.11.2005 \\\/ Maracaibo, Venezuela\",\"publisher\":{\"@id\":\"https:\\\/\\\/digital58.com.ve\\\/site\\\/#\\\/schema\\\/person\\\/64d1c2e4d0d4fd1b849980c4331c2951\"},\"alternateName\":\"ND58\",\"potentialAction\":[{\"@type\":\"SearchAction\",\"target\":{\"@type\":\"EntryPoint\",\"urlTemplate\":\"https:\\\/\\\/digital58.com.ve\\\/site\\\/?s={search_term_string}\"},\"query-input\":{\"@type\":\"PropertyValueSpecification\",\"valueRequired\":true,\"valueName\":\"search_term_string\"}}],\"inLanguage\":\"es\"},{\"@type\":[\"Person\",\"Organization\"],\"@id\":\"https:\\\/\\\/digital58.com.ve\\\/site\\\/#\\\/schema\\\/person\\\/64d1c2e4d0d4fd1b849980c4331c2951\",\"name\":\"Villasmil Henry\",\"image\":{\"@type\":\"ImageObject\",\"inLanguage\":\"es\",\"@id\":\"https:\\\/\\\/secure.gravatar.com\\\/avatar\\\/bb0c4a2fcb7970138239f7e404ea75757b1b507b28b5ce4c53fbd62d797c5a7c?s=96&d=mm&r=g\",\"url\":\"https:\\\/\\\/secure.gravatar.com\\\/avatar\\\/bb0c4a2fcb7970138239f7e404ea75757b1b507b28b5ce4c53fbd62d797c5a7c?s=96&d=mm&r=g\",\"contentUrl\":\"https:\\\/\\\/secure.gravatar.com\\\/avatar\\\/bb0c4a2fcb7970138239f7e404ea75757b1b507b28b5ce4c53fbd62d797c5a7c?s=96&d=mm&r=g\",\"caption\":\"Villasmil Henry\"},\"logo\":{\"@id\":\"https:\\\/\\\/secure.gravatar.com\\\/avatar\\\/bb0c4a2fcb7970138239f7e404ea75757b1b507b28b5ce4c53fbd62d797c5a7c?s=96&d=mm&r=g\"},\"sameAs\":[\"http:\\\/\\\/www.henryvillasmil.com.ve\",\"https:\\\/\\\/www.instagram.com\\\/villasmilhfoto\\\/\",\"https:\\\/\\\/x.com\\\/https:\\\/\\\/twitter.com\\\/villasmilhfoto\"],\"url\":\"https:\\\/\\\/digital58.com.ve\\\/site\\\/author\\\/droopy_68\\\/\"}]}<\/script>\n<!-- \/ Yoast SEO plugin. -->","yoast_head_json":{"title":"A partir del 6 de febrero Conviasa reactiva vuelos hacia Argentina","description":"Turismo","robots":{"index":"index","follow":"follow","max-snippet":"max-snippet:-1","max-image-preview":"max-image-preview:large","max-video-preview":"max-video-preview:-1"},"canonical":"https:\/\/digital58.com.ve\/site\/2020\/01\/14\/a-partir-del-6-de-febrero-conviasa-reactiva-vuelos-hacia-argentina\/","og_locale":"es_ES","og_type":"article","og_title":"A partir del 6 de febrero Conviasa reactiva vuelos hacia Argentina","og_description":"Turismo","og_url":"https:\/\/digital58.com.ve\/site\/2020\/01\/14\/a-partir-del-6-de-febrero-conviasa-reactiva-vuelos-hacia-argentina\/","og_site_name":"Noticias Digital58","article_published_time":"2020-01-14T14:00:31+00:00","og_image":[{"width":1199,"height":794,"url":"https:\/\/digital58.com.ve\/site\/wp-content\/uploads\/2020\/01\/conviasa.jpg","type":"image\/jpeg"}],"author":"Villasmil Henry","twitter_card":"summary_large_image","twitter_creator":"@https:\/\/twitter.com\/villasmilhfoto","twitter_site":"@villasmilhfoto","twitter_misc":{"Escrito por":"Villasmil Henry","Tiempo estimado de lectura":"1 minuto"},"schema":{"@context":"https:\/\/schema.org","@graph":[{"@type":"Article","@id":"https:\/\/digital58.com.ve\/site\/2020\/01\/14\/a-partir-del-6-de-febrero-conviasa-reactiva-vuelos-hacia-argentina\/#article","isPartOf":{"@id":"https:\/\/digital58.com.ve\/site\/2020\/01\/14\/a-partir-del-6-de-febrero-conviasa-reactiva-vuelos-hacia-argentina\/"},"author":{"name":"Villasmil Henry","@id":"https:\/\/digital58.com.ve\/site\/#\/schema\/person\/64d1c2e4d0d4fd1b849980c4331c2951"},"headline":"A partir del 6 de febrero Conviasa reactiva vuelos hacia Argentina","datePublished":"2020-01-14T14:00:31+00:00","mainEntityOfPage":{"@id":"https:\/\/digital58.com.ve\/site\/2020\/01\/14\/a-partir-del-6-de-febrero-conviasa-reactiva-vuelos-hacia-argentina\/"},"wordCount":273,"commentCount":0,"publisher":{"@id":"https:\/\/digital58.com.ve\/site\/#\/schema\/person\/64d1c2e4d0d4fd1b849980c4331c2951"},"image":{"@id":"https:\/\/digital58.com.ve\/site\/2020\/01\/14\/a-partir-del-6-de-febrero-conviasa-reactiva-vuelos-hacia-argentina\/#primaryimage"},"thumbnailUrl":"https:\/\/digital58.com.ve\/site\/wp-content\/uploads\/2020\/01\/conviasa.jpg","keywords":["Aerol\u00edneas","Aerol\u00edneas Venezolanas","Argentina","Caracas","Conviasa","Nacionales","Venezuela","Vuelos A\u00e9reos"],"articleSection":["Turismo"],"inLanguage":"es","potentialAction":[{"@type":"CommentAction","name":"Comment","target":["https:\/\/digital58.com.ve\/site\/2020\/01\/14\/a-partir-del-6-de-febrero-conviasa-reactiva-vuelos-hacia-argentina\/#respond"]}]},{"@type":"WebPage","@id":"https:\/\/digital58.com.ve\/site\/2020\/01\/14\/a-partir-del-6-de-febrero-conviasa-reactiva-vuelos-hacia-argentina\/","url":"https:\/\/digital58.com.ve\/site\/2020\/01\/14\/a-partir-del-6-de-febrero-conviasa-reactiva-vuelos-hacia-argentina\/","name":"A partir del 6 de febrero Conviasa reactiva vuelos hacia Argentina","isPartOf":{"@id":"https:\/\/digital58.com.ve\/site\/#website"},"primaryImageOfPage":{"@id":"https:\/\/digital58.com.ve\/site\/2020\/01\/14\/a-partir-del-6-de-febrero-conviasa-reactiva-vuelos-hacia-argentina\/#primaryimage"},"image":{"@id":"https:\/\/digital58.com.ve\/site\/2020\/01\/14\/a-partir-del-6-de-febrero-conviasa-reactiva-vuelos-hacia-argentina\/#primaryimage"},"thumbnailUrl":"https:\/\/digital58.com.ve\/site\/wp-content\/uploads\/2020\/01\/conviasa.jpg","datePublished":"2020-01-14T14:00:31+00:00","description":"Turismo","breadcrumb":{"@id":"https:\/\/digital58.com.ve\/site\/2020\/01\/14\/a-partir-del-6-de-febrero-conviasa-reactiva-vuelos-hacia-argentina\/#breadcrumb"},"inLanguage":"es","potentialAction":[{"@type":"ReadAction","target":["https:\/\/digital58.com.ve\/site\/2020\/01\/14\/a-partir-del-6-de-febrero-conviasa-reactiva-vuelos-hacia-argentina\/"]}]},{"@type":"ImageObject","inLanguage":"es","@id":"https:\/\/digital58.com.ve\/site\/2020\/01\/14\/a-partir-del-6-de-febrero-conviasa-reactiva-vuelos-hacia-argentina\/#primaryimage","url":"https:\/\/digital58.com.ve\/site\/wp-content\/uploads\/2020\/01\/conviasa.jpg","contentUrl":"https:\/\/digital58.com.ve\/site\/wp-content\/uploads\/2020\/01\/conviasa.jpg","width":800,"height":530},{"@type":"BreadcrumbList","@id":"https:\/\/digital58.com.ve\/site\/2020\/01\/14\/a-partir-del-6-de-febrero-conviasa-reactiva-vuelos-hacia-argentina\/#breadcrumb","itemListElement":[{"@type":"ListItem","position":1,"name":"Home","item":"https:\/\/digital58.com.ve\/site\/"},{"@type":"ListItem","position":2,"name":"A partir del 6 de febrero Conviasa reactiva vuelos hacia Argentina"}]},{"@type":"WebSite","@id":"https:\/\/digital58.com.ve\/site\/#website","url":"https:\/\/digital58.com.ve\/site\/","name":"Noticias Digital58","description":"Portal de Noticias \u00a1Periodismo web de verdad! Lanzamiento web 22.11.2005 \/ Maracaibo, Venezuela","publisher":{"@id":"https:\/\/digital58.com.ve\/site\/#\/schema\/person\/64d1c2e4d0d4fd1b849980c4331c2951"},"alternateName":"ND58","potentialAction":[{"@type":"SearchAction","target":{"@type":"EntryPoint","urlTemplate":"https:\/\/digital58.com.ve\/site\/?s={search_term_string}"},"query-input":{"@type":"PropertyValueSpecification","valueRequired":true,"valueName":"search_term_string"}}],"inLanguage":"es"},{"@type":["Person","Organization"],"@id":"https:\/\/digital58.com.ve\/site\/#\/schema\/person\/64d1c2e4d0d4fd1b849980c4331c2951","name":"Villasmil Henry","image":{"@type":"ImageObject","inLanguage":"es","@id":"https:\/\/secure.gravatar.com\/avatar\/bb0c4a2fcb7970138239f7e404ea75757b1b507b28b5ce4c53fbd62d797c5a7c?s=96&d=mm&r=g","url":"https:\/\/secure.gravatar.com\/avatar\/bb0c4a2fcb7970138239f7e404ea75757b1b507b28b5ce4c53fbd62d797c5a7c?s=96&d=mm&r=g","contentUrl":"https:\/\/secure.gravatar.com\/avatar\/bb0c4a2fcb7970138239f7e404ea75757b1b507b28b5ce4c53fbd62d797c5a7c?s=96&d=mm&r=g","caption":"Villasmil Henry"},"logo":{"@id":"https:\/\/secure.gravatar.com\/avatar\/bb0c4a2fcb7970138239f7e404ea75757b1b507b28b5ce4c53fbd62d797c5a7c?s=96&d=mm&r=g"},"sameAs":["http:\/\/www.henryvillasmil.com.ve","https:\/\/www.instagram.com\/villasmilhfoto\/","https:\/\/x.com\/https:\/\/twitter.com\/villasmilhfoto"],"url":"https:\/\/digital58.com.ve\/site\/author\/droopy_68\/"}]}},"uagb_featured_image_src":{"full":["https:\/\/digital58.com.ve\/site\/wp-content\/uploads\/2020\/01\/conviasa.jpg",800,530,false],"thumbnail":["https:\/\/digital58.com.ve\/site\/wp-content\/uploads\/2020\/01\/conviasa-150x150.jpg",150,150,true],"medium":["https:\/\/digital58.com.ve\/site\/wp-content\/uploads\/2020\/01\/conviasa-300x199.jpg",300,199,true],"medium_large":["https:\/\/digital58.com.ve\/site\/wp-content\/uploads\/2020\/01\/conviasa-768x509.jpg",768,509,true],"large":["https:\/\/digital58.com.ve\/site\/wp-content\/uploads\/2020\/01\/conviasa.jpg",800,530,false],"1536x1536":["https:\/\/digital58.com.ve\/site\/wp-content\/uploads\/2020\/01\/conviasa.jpg",800,530,false],"2048x2048":["https:\/\/digital58.com.ve\/site\/wp-content\/uploads\/2020\/01\/conviasa.jpg",800,530,false],"colormag-highlighted-post":["https:\/\/digital58.com.ve\/site\/wp-content\/uploads\/2020\/01\/conviasa.jpg",392,260,false],"colormag-featured-post-medium":["https:\/\/digital58.com.ve\/site\/wp-content\/uploads\/2020\/01\/conviasa.jpg",309,205,false],"colormag-featured-post-small":["https:\/\/digital58.com.ve\/site\/wp-content\/uploads\/2020\/01\/conviasa.jpg",130,86,false],"colormag-featured-image":["https:\/\/digital58.com.ve\/site\/wp-content\/uploads\/2020\/01\/conviasa.jpg",672,445,false],"colormag-default-news":["https:\/\/digital58.com.ve\/site\/wp-content\/uploads\/2020\/01\/conviasa.jpg",150,99,false],"colormag-featured-image-large":["https:\/\/digital58.com.ve\/site\/wp-content\/uploads\/2020\/01\/conviasa.jpg",800,530,false]},"uagb_author_info":{"display_name":"Villasmil Henry","author_link":"https:\/\/digital58.com.ve\/site\/author\/droopy_68\/"},"uagb_comment_info":0,"uagb_excerpt":"El consorcio destac\u00f3 que 506.929 pasajeros se movilizaron durante el a\u00f1o 2019. A partir del pr\u00f3ximo 6 de febrero el","_links":{"self":[{"href":"https:\/\/digital58.com.ve\/site\/wp-json\/wp\/v2\/posts\/91091","targetHints":{"allow":["GET"]}}],"collection":[{"href":"https:\/\/digital58.com.ve\/site\/wp-json\/wp\/v2\/posts"}],"about":[{"href":"https:\/\/digital58.com.ve\/site\/wp-json\/wp\/v2\/types\/post"}],"author":[{"embeddable":true,"href":"https:\/\/digital58.com.ve\/site\/wp-json\/wp\/v2\/users\/1"}],"replies":[{"embeddable":true,"href":"https:\/\/digital58.com.ve\/site\/wp-json\/wp\/v2\/comments?post=91091"}],"version-history":[{"count":0,"href":"https:\/\/digital58.com.ve\/site\/wp-json\/wp\/v2\/posts\/91091\/revisions"}],"wp:featuredmedia":[{"embeddable":true,"href":"https:\/\/digital58.com.ve\/site\/wp-json\/wp\/v2\/media\/91092"}],"wp:attachment":[{"href":"https:\/\/digital58.com.ve\/site\/wp-json\/wp\/v2\/media?parent=91091"}],"wp:term":[{"taxonomy":"category","embeddable":true,"href":"https:\/\/digital58.com.ve\/site\/wp-json\/wp\/v2\/categories?post=91091"},{"taxonomy":"post_tag","embeddable":true,"href":"https:\/\/digital58.com.ve\/site\/wp-json\/wp\/v2\/tags?post=91091"}],"curies":[{"name":"wp","href":"https:\/\/api.w.org\/{rel}","templated":true}]}}