{"id":91341,"date":"2020-01-19T00:21:52","date_gmt":"2020-01-19T04:21:52","guid":{"rendered":"https:\/\/digital58.com.ve\/site\/?p=91341"},"modified":"2020-01-19T00:21:52","modified_gmt":"2020-01-19T04:21:52","slug":"ligafutve-pedro-valdes-pieza-de-dinamica-para-zulia-futbol-club","status":"publish","type":"post","link":"https:\/\/digital58.com.ve\/site\/2020\/01\/19\/ligafutve-pedro-valdes-pieza-de-dinamica-para-zulia-futbol-club\/","title":{"rendered":"#LigaF\u00fatVe: Pedro Vald\u00e9s, pieza de din\u00e1mica para Zulia F\u00fatbol Club"},"content":{"rendered":"<p><a href=\"https:\/\/digital58.com.ve\/site\/wp-content\/uploads\/2020\/01\/pedro-valdes.jpg\"><img loading=\"lazy\" decoding=\"async\" class=\"size-large wp-image-91342\" src=\"https:\/\/digital58.com.ve\/site\/wp-content\/uploads\/2020\/01\/pedro-valdes-1407x1024.jpg\" alt=\"\" width=\"640\" height=\"466\" srcset=\"https:\/\/digital58.com.ve\/site\/wp-content\/uploads\/2020\/01\/pedro-valdes-1407x1024.jpg 1407w, https:\/\/digital58.com.ve\/site\/wp-content\/uploads\/2020\/01\/pedro-valdes-300x218.jpg 300w, https:\/\/digital58.com.ve\/site\/wp-content\/uploads\/2020\/01\/pedro-valdes-768x559.jpg 768w, https:\/\/digital58.com.ve\/site\/wp-content\/uploads\/2020\/01\/pedro-valdes.jpg 800w\" sizes=\"auto, (max-width: 640px) 100vw, 640px\" \/><\/a><\/p>\n<p>Conocido por su dinamismo y versatilidad en el terreno de juego, el volante de primera l\u00ednea nacido en la \u00abCiudad Jard\u00edn\u00bb, Maracay, Pedro Jes\u00fas Vald\u00e9s, se une a las filas del Zulia F\u00fatbol Club como refuerzo para la temporada 2020 de la Primera Divisi\u00f3n.<\/p>\n<p><strong>Maracaibo, Zulia, Venezuela, 19 de enero de 2020 (ND58).-<\/strong> Desde el 2013, el futbolista de 24 a\u00f1os de edad, cuenta con un importante recorrido en la m\u00e1xima categor\u00eda del balompi\u00e9 venezolano, en el que ha sumado un total de 5.113 minutos al transitar por Aragua FC (2013-2016), Mineros de Guayana (2017-2018), equipo en el que se consagr\u00f3 campe\u00f3n de la Copa Venezuela 2017, y por \u00faltimo, Deportivo Anzo\u00e1tegui (2018-2019).<\/p>\n<p><strong>Altas expectativas<\/strong><\/p>\n<p>\u00abEstoy en un equipo que siempre pelea por cosas importantes\u00bb, fueron las primeras palabras del arag\u00fce\u00f1o al llegar a la \u00abTierra del Sol Amada\u00bb e incorporarse a la pretemporada del \u00abNegriazul\u00bb bajo las \u00f3rdenes t\u00e9cnicas de Alex Garc\u00eda King.<\/p>\n<p>\u00abEstoy muy contento de estar ac\u00e1, en esta etapa de pretemporada buscar\u00e9 hacerlo de la mejor manera y alcanzar mi 100 por ciento. Ya pronto iniciar\u00e1 el torneo y queremos afrontarlo de la mejor manera\u00bb, exclam\u00f3 el volante que es conocido en el entorno futbol\u00edstico nacional como \u00abPilinky\u00bb.<\/p>\n<p><a href=\"https:\/\/digital58.com.ve\/site\/wp-content\/uploads\/2020\/01\/zfc.jpg\"><img loading=\"lazy\" decoding=\"async\" class=\"aligncenter size-large wp-image-91343\" src=\"https:\/\/digital58.com.ve\/site\/wp-content\/uploads\/2020\/01\/zfc-1426x1024.jpg\" alt=\"\" width=\"640\" height=\"460\" srcset=\"https:\/\/digital58.com.ve\/site\/wp-content\/uploads\/2020\/01\/zfc-1426x1024.jpg 1426w, https:\/\/digital58.com.ve\/site\/wp-content\/uploads\/2020\/01\/zfc-300x215.jpg 300w, https:\/\/digital58.com.ve\/site\/wp-content\/uploads\/2020\/01\/zfc-768x551.jpg 768w, https:\/\/digital58.com.ve\/site\/wp-content\/uploads\/2020\/01\/zfc.jpg 800w\" sizes=\"auto, (max-width: 640px) 100vw, 640px\" \/><\/a><\/p>\n<p>Defini\u00e9ndose como un jugador t\u00e9cnico-t\u00e1ctico y con \u00abconfianza\u00bb para lo que necesite el entrenador en el terreno de juego, Vald\u00e9s, sin perder el tiempo, ya piensa en su aporte para el pr\u00f3ximo Torneo.<\/p>\n<p>\u00abYo vengo a contribuir al equipo, ayudar a mis compa\u00f1eros en lo que pueda y sobre todas las cosas, trabajar, es lo que nos queda a cada uno. Aqu\u00ed se hacen las cosas con mucho respeto y es lo que se necesita para llevar a un grupo a donde merece\u00bb, afirm\u00f3.<\/p>\n<p><strong>Enfoque grupal y ambici\u00f3n<\/strong><\/p>\n<p>Pese a tener pocos d\u00edas en la instituci\u00f3n referente de la regi\u00f3n, Vald\u00e9s confes\u00f3 que \u00absiempre es bueno ser ambicioso\u00bb refiri\u00e9ndose a los retos personales para la siguiente campa\u00f1a, sin antes pasar por alto que, desde su perspectiva, lo m\u00e1s importante es: \u00abestar bien en lo grupal. Uno siempre tiene aspiraciones como futbolista, pero el grupo siempre estar\u00e1 primero, no llegar\u00e1s lejos si no te consolidas con tu conjunto\u00bb, confes\u00f3.<\/p>\n<p>Fiel a sus ideales, el arag\u00fce\u00f1o no pod\u00eda cerrar sin sus metas para el venidero Torneo de Primera Divisi\u00f3n 2020.<\/p>\n<p>\u00abQuiero hacer un buen certamen, lograr meternos entre los ocho puestos y de ah\u00ed en adelante, ser responsables, porque es nuestro trabajo defender estos colores\u00bb, concluy\u00f3 con determinaci\u00f3n el nuevo refuerzo \u00abNegriazul\u00bb.<\/p><div class=\"sbgij69f0b310b5ade\" ><p style=\"text-align: center;\"><a href=\"https:\/\/t.me\/noticiasdigital58\" target=\"_blank\" rel=\"noopener\"><img class=\"aligncenter size-full wp-image-125363\" src=\"https:\/\/digital58.com.ve\/site\/wp-content\/uploads\/2021\/04\/banner-telegram-web-2021.png\" alt=\"\" width=\"600\" height=\"90\" \/><\/a><\/p><\/div><style type=\"text\/css\">\r\n@media screen and (min-width: 1201px) {\r\n.sbgij69f0b310b5ade {\r\ndisplay: block;\r\n}\r\n}\r\n@media screen and (min-width: 993px) and (max-width: 1200px) {\r\n.sbgij69f0b310b5ade {\r\ndisplay: block;\r\n}\r\n}\r\n@media screen and (min-width: 769px) and (max-width: 992px) {\r\n.sbgij69f0b310b5ade {\r\ndisplay: block;\r\n}\r\n}\r\n@media screen and (min-width: 768px) and (max-width: 768px) {\r\n.sbgij69f0b310b5ade {\r\ndisplay: block;\r\n}\r\n}\r\n@media screen and (max-width: 767px) {\r\n.sbgij69f0b310b5ade {\r\ndisplay: block;\r\n}\r\n}\r\n<\/style>\r\n\n<p><strong>Redacci\u00f3n con fuente: Prensa @Zulia_FC<\/strong><br \/>\n<strong>Edici\u00f3n: Villasmil, Henry<\/strong><br \/>\n<strong>Gr\u00e1ficas: cortes\u00eda Prensa @Zulia_FC<\/strong><\/p>\n<div style=\"margin-top: 0px; margin-bottom: 0px;\" class=\"sharethis-inline-share-buttons\" ><\/div>","protected":false},"excerpt":{"rendered":"<p>Conocido por su dinamismo y versatilidad en el terreno de juego, el volante de primera l\u00ednea nacido en la \u00abCiudad<\/p>\n","protected":false},"author":1,"featured_media":91343,"comment_status":"open","ping_status":"closed","sticky":false,"template":"","format":"standard","meta":{"colormag_page_container_layout":"default_layout","colormag_page_sidebar_layout":"default_layout","_uag_custom_page_level_css":"","footnotes":""},"categories":[5402],"tags":[13,14,15,13130,73,2354,32,761,5516],"class_list":["post-91341","post","type-post","status-publish","format-standard","has-post-thumbnail","hentry","category-deportes","tag-futbol","tag-futbol-venezolano","tag-futve","tag-liga-futve-pretemporada-2020","tag-maracaibo","tag-regionales","tag-venezuela","tag-zulia","tag-zulia-futbol-club"],"yoast_head":"<!-- This site is optimized with the Yoast SEO plugin v27.5 - https:\/\/yoast.com\/product\/yoast-seo-wordpress\/ -->\n<title>#LigaF\u00fatVe: Pedro Vald\u00e9s, pieza de din\u00e1mica para Zulia F\u00fatbol Club<\/title>\n<meta name=\"description\" content=\"Deportes\" \/>\n<meta name=\"robots\" content=\"index, follow, max-snippet:-1, max-image-preview:large, max-video-preview:-1\" \/>\n<link rel=\"canonical\" href=\"https:\/\/digital58.com.ve\/site\/2020\/01\/19\/ligafutve-pedro-valdes-pieza-de-dinamica-para-zulia-futbol-club\/\" \/>\n<meta property=\"og:locale\" content=\"es_ES\" \/>\n<meta property=\"og:type\" content=\"article\" \/>\n<meta property=\"og:title\" content=\"#LigaF\u00fatVe: Pedro Vald\u00e9s, pieza de din\u00e1mica para Zulia F\u00fatbol Club\" \/>\n<meta property=\"og:description\" content=\"Deportes\" \/>\n<meta property=\"og:url\" content=\"https:\/\/digital58.com.ve\/site\/2020\/01\/19\/ligafutve-pedro-valdes-pieza-de-dinamica-para-zulia-futbol-club\/\" \/>\n<meta property=\"og:site_name\" content=\"Noticias Digital58\" \/>\n<meta property=\"article:published_time\" content=\"2020-01-19T04:21:52+00:00\" \/>\n<meta property=\"og:image\" content=\"https:\/\/digital58.com.ve\/site\/wp-content\/uploads\/2020\/01\/zfc.jpg\" \/>\n\t<meta property=\"og:image:width\" content=\"1500\" \/>\n\t<meta property=\"og:image:height\" content=\"1077\" \/>\n\t<meta property=\"og:image:type\" content=\"image\/jpeg\" \/>\n<meta name=\"author\" content=\"Villasmil Henry\" \/>\n<meta name=\"twitter:card\" content=\"summary_large_image\" \/>\n<meta name=\"twitter:creator\" content=\"@https:\/\/twitter.com\/villasmilhfoto\" \/>\n<meta name=\"twitter:site\" content=\"@villasmilhfoto\" \/>\n<meta name=\"twitter:label1\" content=\"Escrito por\" \/>\n\t<meta name=\"twitter:data1\" content=\"Villasmil Henry\" \/>\n\t<meta name=\"twitter:label2\" content=\"Tiempo estimado de lectura\" \/>\n\t<meta name=\"twitter:data2\" content=\"2 minutos\" \/>\n<script type=\"application\/ld+json\" class=\"yoast-schema-graph\">{\"@context\":\"https:\\\/\\\/schema.org\",\"@graph\":[{\"@type\":\"Article\",\"@id\":\"https:\\\/\\\/digital58.com.ve\\\/site\\\/2020\\\/01\\\/19\\\/ligafutve-pedro-valdes-pieza-de-dinamica-para-zulia-futbol-club\\\/#article\",\"isPartOf\":{\"@id\":\"https:\\\/\\\/digital58.com.ve\\\/site\\\/2020\\\/01\\\/19\\\/ligafutve-pedro-valdes-pieza-de-dinamica-para-zulia-futbol-club\\\/\"},\"author\":{\"name\":\"Villasmil Henry\",\"@id\":\"https:\\\/\\\/digital58.com.ve\\\/site\\\/#\\\/schema\\\/person\\\/64d1c2e4d0d4fd1b849980c4331c2951\"},\"headline\":\"#LigaF\u00fatVe: Pedro Vald\u00e9s, pieza de din\u00e1mica para Zulia F\u00fatbol Club\",\"datePublished\":\"2020-01-19T04:21:52+00:00\",\"mainEntityOfPage\":{\"@id\":\"https:\\\/\\\/digital58.com.ve\\\/site\\\/2020\\\/01\\\/19\\\/ligafutve-pedro-valdes-pieza-de-dinamica-para-zulia-futbol-club\\\/\"},\"wordCount\":472,\"commentCount\":0,\"publisher\":{\"@id\":\"https:\\\/\\\/digital58.com.ve\\\/site\\\/#\\\/schema\\\/person\\\/64d1c2e4d0d4fd1b849980c4331c2951\"},\"image\":{\"@id\":\"https:\\\/\\\/digital58.com.ve\\\/site\\\/2020\\\/01\\\/19\\\/ligafutve-pedro-valdes-pieza-de-dinamica-para-zulia-futbol-club\\\/#primaryimage\"},\"thumbnailUrl\":\"https:\\\/\\\/digital58.com.ve\\\/site\\\/wp-content\\\/uploads\\\/2020\\\/01\\\/zfc.jpg\",\"keywords\":[\"F\u00fatbol\",\"F\u00fatbol Venezolano\",\"Futve\",\"Liga F\u00fatVe Pretemporada 2020\",\"Maracaibo\",\"Regionales\",\"Venezuela\",\"Zulia\",\"Zulia F\u00fatbol Club\"],\"articleSection\":[\"Deportes\"],\"inLanguage\":\"es\",\"potentialAction\":[{\"@type\":\"CommentAction\",\"name\":\"Comment\",\"target\":[\"https:\\\/\\\/digital58.com.ve\\\/site\\\/2020\\\/01\\\/19\\\/ligafutve-pedro-valdes-pieza-de-dinamica-para-zulia-futbol-club\\\/#respond\"]}]},{\"@type\":\"WebPage\",\"@id\":\"https:\\\/\\\/digital58.com.ve\\\/site\\\/2020\\\/01\\\/19\\\/ligafutve-pedro-valdes-pieza-de-dinamica-para-zulia-futbol-club\\\/\",\"url\":\"https:\\\/\\\/digital58.com.ve\\\/site\\\/2020\\\/01\\\/19\\\/ligafutve-pedro-valdes-pieza-de-dinamica-para-zulia-futbol-club\\\/\",\"name\":\"#LigaF\u00fatVe: Pedro Vald\u00e9s, pieza de din\u00e1mica para Zulia F\u00fatbol Club\",\"isPartOf\":{\"@id\":\"https:\\\/\\\/digital58.com.ve\\\/site\\\/#website\"},\"primaryImageOfPage\":{\"@id\":\"https:\\\/\\\/digital58.com.ve\\\/site\\\/2020\\\/01\\\/19\\\/ligafutve-pedro-valdes-pieza-de-dinamica-para-zulia-futbol-club\\\/#primaryimage\"},\"image\":{\"@id\":\"https:\\\/\\\/digital58.com.ve\\\/site\\\/2020\\\/01\\\/19\\\/ligafutve-pedro-valdes-pieza-de-dinamica-para-zulia-futbol-club\\\/#primaryimage\"},\"thumbnailUrl\":\"https:\\\/\\\/digital58.com.ve\\\/site\\\/wp-content\\\/uploads\\\/2020\\\/01\\\/zfc.jpg\",\"datePublished\":\"2020-01-19T04:21:52+00:00\",\"description\":\"Deportes\",\"breadcrumb\":{\"@id\":\"https:\\\/\\\/digital58.com.ve\\\/site\\\/2020\\\/01\\\/19\\\/ligafutve-pedro-valdes-pieza-de-dinamica-para-zulia-futbol-club\\\/#breadcrumb\"},\"inLanguage\":\"es\",\"potentialAction\":[{\"@type\":\"ReadAction\",\"target\":[\"https:\\\/\\\/digital58.com.ve\\\/site\\\/2020\\\/01\\\/19\\\/ligafutve-pedro-valdes-pieza-de-dinamica-para-zulia-futbol-club\\\/\"]}]},{\"@type\":\"ImageObject\",\"inLanguage\":\"es\",\"@id\":\"https:\\\/\\\/digital58.com.ve\\\/site\\\/2020\\\/01\\\/19\\\/ligafutve-pedro-valdes-pieza-de-dinamica-para-zulia-futbol-club\\\/#primaryimage\",\"url\":\"https:\\\/\\\/digital58.com.ve\\\/site\\\/wp-content\\\/uploads\\\/2020\\\/01\\\/zfc.jpg\",\"contentUrl\":\"https:\\\/\\\/digital58.com.ve\\\/site\\\/wp-content\\\/uploads\\\/2020\\\/01\\\/zfc.jpg\",\"width\":800,\"height\":574},{\"@type\":\"BreadcrumbList\",\"@id\":\"https:\\\/\\\/digital58.com.ve\\\/site\\\/2020\\\/01\\\/19\\\/ligafutve-pedro-valdes-pieza-de-dinamica-para-zulia-futbol-club\\\/#breadcrumb\",\"itemListElement\":[{\"@type\":\"ListItem\",\"position\":1,\"name\":\"Home\",\"item\":\"https:\\\/\\\/digital58.com.ve\\\/site\\\/\"},{\"@type\":\"ListItem\",\"position\":2,\"name\":\"#LigaF\u00fatVe: Pedro Vald\u00e9s, pieza de din\u00e1mica para Zulia F\u00fatbol Club\"}]},{\"@type\":\"WebSite\",\"@id\":\"https:\\\/\\\/digital58.com.ve\\\/site\\\/#website\",\"url\":\"https:\\\/\\\/digital58.com.ve\\\/site\\\/\",\"name\":\"Noticias Digital58\",\"description\":\"Portal de Noticias \u00a1Periodismo web de verdad! Lanzamiento web 22.11.2005 \\\/ Maracaibo, Venezuela\",\"publisher\":{\"@id\":\"https:\\\/\\\/digital58.com.ve\\\/site\\\/#\\\/schema\\\/person\\\/64d1c2e4d0d4fd1b849980c4331c2951\"},\"alternateName\":\"ND58\",\"potentialAction\":[{\"@type\":\"SearchAction\",\"target\":{\"@type\":\"EntryPoint\",\"urlTemplate\":\"https:\\\/\\\/digital58.com.ve\\\/site\\\/?s={search_term_string}\"},\"query-input\":{\"@type\":\"PropertyValueSpecification\",\"valueRequired\":true,\"valueName\":\"search_term_string\"}}],\"inLanguage\":\"es\"},{\"@type\":[\"Person\",\"Organization\"],\"@id\":\"https:\\\/\\\/digital58.com.ve\\\/site\\\/#\\\/schema\\\/person\\\/64d1c2e4d0d4fd1b849980c4331c2951\",\"name\":\"Villasmil Henry\",\"image\":{\"@type\":\"ImageObject\",\"inLanguage\":\"es\",\"@id\":\"https:\\\/\\\/secure.gravatar.com\\\/avatar\\\/bb0c4a2fcb7970138239f7e404ea75757b1b507b28b5ce4c53fbd62d797c5a7c?s=96&d=mm&r=g\",\"url\":\"https:\\\/\\\/secure.gravatar.com\\\/avatar\\\/bb0c4a2fcb7970138239f7e404ea75757b1b507b28b5ce4c53fbd62d797c5a7c?s=96&d=mm&r=g\",\"contentUrl\":\"https:\\\/\\\/secure.gravatar.com\\\/avatar\\\/bb0c4a2fcb7970138239f7e404ea75757b1b507b28b5ce4c53fbd62d797c5a7c?s=96&d=mm&r=g\",\"caption\":\"Villasmil Henry\"},\"logo\":{\"@id\":\"https:\\\/\\\/secure.gravatar.com\\\/avatar\\\/bb0c4a2fcb7970138239f7e404ea75757b1b507b28b5ce4c53fbd62d797c5a7c?s=96&d=mm&r=g\"},\"sameAs\":[\"http:\\\/\\\/www.henryvillasmil.com.ve\",\"https:\\\/\\\/www.instagram.com\\\/villasmilhfoto\\\/\",\"https:\\\/\\\/x.com\\\/https:\\\/\\\/twitter.com\\\/villasmilhfoto\"],\"url\":\"https:\\\/\\\/digital58.com.ve\\\/site\\\/author\\\/droopy_68\\\/\"}]}<\/script>\n<!-- \/ Yoast SEO plugin. -->","yoast_head_json":{"title":"#LigaF\u00fatVe: Pedro Vald\u00e9s, pieza de din\u00e1mica para Zulia F\u00fatbol Club","description":"Deportes","robots":{"index":"index","follow":"follow","max-snippet":"max-snippet:-1","max-image-preview":"max-image-preview:large","max-video-preview":"max-video-preview:-1"},"canonical":"https:\/\/digital58.com.ve\/site\/2020\/01\/19\/ligafutve-pedro-valdes-pieza-de-dinamica-para-zulia-futbol-club\/","og_locale":"es_ES","og_type":"article","og_title":"#LigaF\u00fatVe: Pedro Vald\u00e9s, pieza de din\u00e1mica para Zulia F\u00fatbol Club","og_description":"Deportes","og_url":"https:\/\/digital58.com.ve\/site\/2020\/01\/19\/ligafutve-pedro-valdes-pieza-de-dinamica-para-zulia-futbol-club\/","og_site_name":"Noticias Digital58","article_published_time":"2020-01-19T04:21:52+00:00","og_image":[{"width":1500,"height":1077,"url":"https:\/\/digital58.com.ve\/site\/wp-content\/uploads\/2020\/01\/zfc.jpg","type":"image\/jpeg"}],"author":"Villasmil Henry","twitter_card":"summary_large_image","twitter_creator":"@https:\/\/twitter.com\/villasmilhfoto","twitter_site":"@villasmilhfoto","twitter_misc":{"Escrito por":"Villasmil Henry","Tiempo estimado de lectura":"2 minutos"},"schema":{"@context":"https:\/\/schema.org","@graph":[{"@type":"Article","@id":"https:\/\/digital58.com.ve\/site\/2020\/01\/19\/ligafutve-pedro-valdes-pieza-de-dinamica-para-zulia-futbol-club\/#article","isPartOf":{"@id":"https:\/\/digital58.com.ve\/site\/2020\/01\/19\/ligafutve-pedro-valdes-pieza-de-dinamica-para-zulia-futbol-club\/"},"author":{"name":"Villasmil Henry","@id":"https:\/\/digital58.com.ve\/site\/#\/schema\/person\/64d1c2e4d0d4fd1b849980c4331c2951"},"headline":"#LigaF\u00fatVe: Pedro Vald\u00e9s, pieza de din\u00e1mica para Zulia F\u00fatbol Club","datePublished":"2020-01-19T04:21:52+00:00","mainEntityOfPage":{"@id":"https:\/\/digital58.com.ve\/site\/2020\/01\/19\/ligafutve-pedro-valdes-pieza-de-dinamica-para-zulia-futbol-club\/"},"wordCount":472,"commentCount":0,"publisher":{"@id":"https:\/\/digital58.com.ve\/site\/#\/schema\/person\/64d1c2e4d0d4fd1b849980c4331c2951"},"image":{"@id":"https:\/\/digital58.com.ve\/site\/2020\/01\/19\/ligafutve-pedro-valdes-pieza-de-dinamica-para-zulia-futbol-club\/#primaryimage"},"thumbnailUrl":"https:\/\/digital58.com.ve\/site\/wp-content\/uploads\/2020\/01\/zfc.jpg","keywords":["F\u00fatbol","F\u00fatbol Venezolano","Futve","Liga F\u00fatVe Pretemporada 2020","Maracaibo","Regionales","Venezuela","Zulia","Zulia F\u00fatbol Club"],"articleSection":["Deportes"],"inLanguage":"es","potentialAction":[{"@type":"CommentAction","name":"Comment","target":["https:\/\/digital58.com.ve\/site\/2020\/01\/19\/ligafutve-pedro-valdes-pieza-de-dinamica-para-zulia-futbol-club\/#respond"]}]},{"@type":"WebPage","@id":"https:\/\/digital58.com.ve\/site\/2020\/01\/19\/ligafutve-pedro-valdes-pieza-de-dinamica-para-zulia-futbol-club\/","url":"https:\/\/digital58.com.ve\/site\/2020\/01\/19\/ligafutve-pedro-valdes-pieza-de-dinamica-para-zulia-futbol-club\/","name":"#LigaF\u00fatVe: Pedro Vald\u00e9s, pieza de din\u00e1mica para Zulia F\u00fatbol Club","isPartOf":{"@id":"https:\/\/digital58.com.ve\/site\/#website"},"primaryImageOfPage":{"@id":"https:\/\/digital58.com.ve\/site\/2020\/01\/19\/ligafutve-pedro-valdes-pieza-de-dinamica-para-zulia-futbol-club\/#primaryimage"},"image":{"@id":"https:\/\/digital58.com.ve\/site\/2020\/01\/19\/ligafutve-pedro-valdes-pieza-de-dinamica-para-zulia-futbol-club\/#primaryimage"},"thumbnailUrl":"https:\/\/digital58.com.ve\/site\/wp-content\/uploads\/2020\/01\/zfc.jpg","datePublished":"2020-01-19T04:21:52+00:00","description":"Deportes","breadcrumb":{"@id":"https:\/\/digital58.com.ve\/site\/2020\/01\/19\/ligafutve-pedro-valdes-pieza-de-dinamica-para-zulia-futbol-club\/#breadcrumb"},"inLanguage":"es","potentialAction":[{"@type":"ReadAction","target":["https:\/\/digital58.com.ve\/site\/2020\/01\/19\/ligafutve-pedro-valdes-pieza-de-dinamica-para-zulia-futbol-club\/"]}]},{"@type":"ImageObject","inLanguage":"es","@id":"https:\/\/digital58.com.ve\/site\/2020\/01\/19\/ligafutve-pedro-valdes-pieza-de-dinamica-para-zulia-futbol-club\/#primaryimage","url":"https:\/\/digital58.com.ve\/site\/wp-content\/uploads\/2020\/01\/zfc.jpg","contentUrl":"https:\/\/digital58.com.ve\/site\/wp-content\/uploads\/2020\/01\/zfc.jpg","width":800,"height":574},{"@type":"BreadcrumbList","@id":"https:\/\/digital58.com.ve\/site\/2020\/01\/19\/ligafutve-pedro-valdes-pieza-de-dinamica-para-zulia-futbol-club\/#breadcrumb","itemListElement":[{"@type":"ListItem","position":1,"name":"Home","item":"https:\/\/digital58.com.ve\/site\/"},{"@type":"ListItem","position":2,"name":"#LigaF\u00fatVe: Pedro Vald\u00e9s, pieza de din\u00e1mica para Zulia F\u00fatbol Club"}]},{"@type":"WebSite","@id":"https:\/\/digital58.com.ve\/site\/#website","url":"https:\/\/digital58.com.ve\/site\/","name":"Noticias Digital58","description":"Portal de Noticias \u00a1Periodismo web de verdad! Lanzamiento web 22.11.2005 \/ Maracaibo, Venezuela","publisher":{"@id":"https:\/\/digital58.com.ve\/site\/#\/schema\/person\/64d1c2e4d0d4fd1b849980c4331c2951"},"alternateName":"ND58","potentialAction":[{"@type":"SearchAction","target":{"@type":"EntryPoint","urlTemplate":"https:\/\/digital58.com.ve\/site\/?s={search_term_string}"},"query-input":{"@type":"PropertyValueSpecification","valueRequired":true,"valueName":"search_term_string"}}],"inLanguage":"es"},{"@type":["Person","Organization"],"@id":"https:\/\/digital58.com.ve\/site\/#\/schema\/person\/64d1c2e4d0d4fd1b849980c4331c2951","name":"Villasmil Henry","image":{"@type":"ImageObject","inLanguage":"es","@id":"https:\/\/secure.gravatar.com\/avatar\/bb0c4a2fcb7970138239f7e404ea75757b1b507b28b5ce4c53fbd62d797c5a7c?s=96&d=mm&r=g","url":"https:\/\/secure.gravatar.com\/avatar\/bb0c4a2fcb7970138239f7e404ea75757b1b507b28b5ce4c53fbd62d797c5a7c?s=96&d=mm&r=g","contentUrl":"https:\/\/secure.gravatar.com\/avatar\/bb0c4a2fcb7970138239f7e404ea75757b1b507b28b5ce4c53fbd62d797c5a7c?s=96&d=mm&r=g","caption":"Villasmil Henry"},"logo":{"@id":"https:\/\/secure.gravatar.com\/avatar\/bb0c4a2fcb7970138239f7e404ea75757b1b507b28b5ce4c53fbd62d797c5a7c?s=96&d=mm&r=g"},"sameAs":["http:\/\/www.henryvillasmil.com.ve","https:\/\/www.instagram.com\/villasmilhfoto\/","https:\/\/x.com\/https:\/\/twitter.com\/villasmilhfoto"],"url":"https:\/\/digital58.com.ve\/site\/author\/droopy_68\/"}]}},"uagb_featured_image_src":{"full":["https:\/\/digital58.com.ve\/site\/wp-content\/uploads\/2020\/01\/zfc.jpg",800,574,false],"thumbnail":["https:\/\/digital58.com.ve\/site\/wp-content\/uploads\/2020\/01\/zfc-150x150.jpg",150,150,true],"medium":["https:\/\/digital58.com.ve\/site\/wp-content\/uploads\/2020\/01\/zfc-300x215.jpg",300,215,true],"medium_large":["https:\/\/digital58.com.ve\/site\/wp-content\/uploads\/2020\/01\/zfc-768x551.jpg",768,551,true],"large":["https:\/\/digital58.com.ve\/site\/wp-content\/uploads\/2020\/01\/zfc-1426x1024.jpg",800,574,true],"1536x1536":["https:\/\/digital58.com.ve\/site\/wp-content\/uploads\/2020\/01\/zfc.jpg",800,574,false],"2048x2048":["https:\/\/digital58.com.ve\/site\/wp-content\/uploads\/2020\/01\/zfc.jpg",800,574,false],"colormag-highlighted-post":["https:\/\/digital58.com.ve\/site\/wp-content\/uploads\/2020\/01\/zfc.jpg",379,272,false],"colormag-featured-post-medium":["https:\/\/digital58.com.ve\/site\/wp-content\/uploads\/2020\/01\/zfc.jpg",286,205,false],"colormag-featured-post-small":["https:\/\/digital58.com.ve\/site\/wp-content\/uploads\/2020\/01\/zfc.jpg",125,90,false],"colormag-featured-image":["https:\/\/digital58.com.ve\/site\/wp-content\/uploads\/2020\/01\/zfc.jpg",620,445,false],"colormag-default-news":["https:\/\/digital58.com.ve\/site\/wp-content\/uploads\/2020\/01\/zfc.jpg",150,108,false],"colormag-featured-image-large":["https:\/\/digital58.com.ve\/site\/wp-content\/uploads\/2020\/01\/zfc.jpg",800,574,false]},"uagb_author_info":{"display_name":"Villasmil Henry","author_link":"https:\/\/digital58.com.ve\/site\/author\/droopy_68\/"},"uagb_comment_info":0,"uagb_excerpt":"Conocido por su dinamismo y versatilidad en el terreno de juego, el volante de primera l\u00ednea nacido en la \u00abCiudad","_links":{"self":[{"href":"https:\/\/digital58.com.ve\/site\/wp-json\/wp\/v2\/posts\/91341","targetHints":{"allow":["GET"]}}],"collection":[{"href":"https:\/\/digital58.com.ve\/site\/wp-json\/wp\/v2\/posts"}],"about":[{"href":"https:\/\/digital58.com.ve\/site\/wp-json\/wp\/v2\/types\/post"}],"author":[{"embeddable":true,"href":"https:\/\/digital58.com.ve\/site\/wp-json\/wp\/v2\/users\/1"}],"replies":[{"embeddable":true,"href":"https:\/\/digital58.com.ve\/site\/wp-json\/wp\/v2\/comments?post=91341"}],"version-history":[{"count":0,"href":"https:\/\/digital58.com.ve\/site\/wp-json\/wp\/v2\/posts\/91341\/revisions"}],"wp:featuredmedia":[{"embeddable":true,"href":"https:\/\/digital58.com.ve\/site\/wp-json\/wp\/v2\/media\/91343"}],"wp:attachment":[{"href":"https:\/\/digital58.com.ve\/site\/wp-json\/wp\/v2\/media?parent=91341"}],"wp:term":[{"taxonomy":"category","embeddable":true,"href":"https:\/\/digital58.com.ve\/site\/wp-json\/wp\/v2\/categories?post=91341"},{"taxonomy":"post_tag","embeddable":true,"href":"https:\/\/digital58.com.ve\/site\/wp-json\/wp\/v2\/tags?post=91341"}],"curies":[{"name":"wp","href":"https:\/\/api.w.org\/{rel}","templated":true}]}}