{"id":91482,"date":"2020-01-22T11:22:25","date_gmt":"2020-01-22T15:22:25","guid":{"rendered":"https:\/\/digital58.com.ve\/site\/?p=91482"},"modified":"2020-01-22T11:25:09","modified_gmt":"2020-01-22T15:25:09","slug":"vladi-asume-la-culpa","status":"publish","type":"post","link":"https:\/\/digital58.com.ve\/site\/2020\/01\/22\/vladi-asume-la-culpa\/","title":{"rendered":"Vladi asume \u00abLa Culpa\u00bb"},"content":{"rendered":"<p><a href=\"https:\/\/digital58.com.ve\/site\/wp-content\/uploads\/2020\/01\/vladi-web-2.jpg\"><img loading=\"lazy\" decoding=\"async\" class=\"aligncenter size-full wp-image-91483\" src=\"https:\/\/digital58.com.ve\/site\/wp-content\/uploads\/2020\/01\/vladi-web-2.jpg\" alt=\"\" width=\"640\" height=\"428\" srcset=\"https:\/\/digital58.com.ve\/site\/wp-content\/uploads\/2020\/01\/vladi-web-2.jpg 640w, https:\/\/digital58.com.ve\/site\/wp-content\/uploads\/2020\/01\/vladi-web-2-300x201.jpg 300w, https:\/\/digital58.com.ve\/site\/wp-content\/uploads\/2020\/01\/vladi-web-2-480x320.jpg 480w\" sizes=\"auto, (max-width: 640px) 100vw, 640px\" \/><\/a><\/p>\n<p>El venezolano Vladi (@vladimusica) promociona su m\u00e1s reciente sencillo \u00abLa Culpa\u00bb con influencias de trap y r&amp;b, mostrando un abreboca de lo que prepara para su nueva producci\u00f3n discogr\u00e1fica, mientras en paralelo, se consolida como compositor de temas para estrellas internacionales<\/p>\n<p><strong>Caracas, DC, Venezuela, 22 de enero de 2020 (ND58).-<\/strong> Anteriormente conocido en el medio art\u00edstico como Vladi Ram\u00edrez, ahora el artista refresca su proyecto bajo el nombre Vladi, incorpora nuevos sonidos en su propuesta musical y sigue apostando a letras propias y manteniendo su esencia rom\u00e1ntica e intensa.<\/p>\n<p>El cantautor venezolano Vladi, inicia el a\u00f1o con un tema con el que m\u00e1s de uno se siente identificado. Se trata de \u00abLa Culpa\u00bb, que cuenta con letra de su autor\u00eda y en el que es co-productor junto a Robie Meza, Venezolano que ha trabajado para Camilo, Mau &amp; Ricky, Sebastian Yatra, entre otros.<\/p>\n<p>VLADLI, quien anteriormente se dio a conocer con baladas, en \u00e9xitos como; \u00abSolo\u00bb, \u00abPerd\u00f3name\u00bb y refresc\u00f3 las carteleras de Venezuela con el Pop Rock \u00abComo una novela\u00bb, -incluido en su \u00e1lbum \u00abSolo\u00bb-, adem\u00e1s del excelente trabajo hecho con el disco \u00abCompositores de mi tierra\u00bb y el sencillo \u00abLa Primera Vez\u00bb (lanzado en 2018), apuesta a seguir reinvent\u00e1ndose con nuevos sonidos como el trap y el r&amp;b y nos presenta \u00abLa Culpa\u00bb, dando un paso m\u00e1s en su carrera y demostrando su versatilidad como artista.<\/p>\n<p>\u00abLa Culpa\u00bb cuenta con un video musical que est\u00e1 disponible en su canal de YouTube Vladi, con el que ya obtuvo casi 200 mil visitas en menos de una semana. El video fue dirigido por el fot\u00f3grafo y cineasta venezolano internacional Jes\u00fas Adrianza y filmado en West Palm Beach, FL.<\/p>\n<p>Por si fuera poco, el venezolano viene dando pasos importantes en la composici\u00f3n y, de la mano del sello internacional Sony Latin Music, encabeza el selecto grupo de compositores llamado Sony Secret Sesions o SSS, en el que comparte sesiones y lugar junto a destacados autores de Venezuela y Latinoam\u00e9rica como Servando Primera, Yasmil Marrufo, Reggi el Aut\u00e9ntico, Jorge Luis Chac\u00edn y Andr\u00e9s Castro, entre otros.<\/p>\n<p>Vladi ha escrito temas que se han convertido en \u00e9xitos en la voz de otros artistas, tal es el caso de Chyno Miranda con \u00abD\u00f3nde nos vamos a ver\u00bb y la estrella del Ecuador Nikki Mackliff con \u00abFin de semana\u00bb.<\/p>\n<p>Adem\u00e1s, es el autor del tema que desde ya se perfila como un \u00e9xito y se estrenar\u00e1 el pr\u00f3ximo mes de marzo en la voz de Thal\u00eda, Farina y Leslie Shaw.<\/p>\n<p>Sigue los pasos de Vladi en @vladimusica<\/p>\n<p>Visita <a href=\"https:\/\/www.vladimusica.com\" target=\"_blank\" rel=\"noopener noreferrer\">www.vladimusica.com<\/a><\/p>\n<p><strong>Redacci\u00f3n con fuente: Blanca Santos (@blanquissantos)<\/strong><br \/>\n<strong>Edici\u00f3n: Villasmil, Henry<\/strong><br \/>\n<strong>Gr\u00e1fica: cortes\u00eda<\/strong><\/p><div class=\"dbkjy69f40afc4bc0f\" ><p style=\"text-align: center;\"><a href=\"https:\/\/t.me\/noticiasdigital58\" target=\"_blank\" rel=\"noopener\"><img class=\"aligncenter size-full wp-image-125363\" src=\"https:\/\/digital58.com.ve\/site\/wp-content\/uploads\/2021\/04\/banner-telegram-web-2021.png\" alt=\"\" width=\"600\" height=\"90\" \/><\/a><\/p><\/div><style type=\"text\/css\">\r\n@media screen and (min-width: 1201px) {\r\n.dbkjy69f40afc4bc0f {\r\ndisplay: block;\r\n}\r\n}\r\n@media screen and (min-width: 993px) and (max-width: 1200px) {\r\n.dbkjy69f40afc4bc0f {\r\ndisplay: block;\r\n}\r\n}\r\n@media screen and (min-width: 769px) and (max-width: 992px) {\r\n.dbkjy69f40afc4bc0f {\r\ndisplay: block;\r\n}\r\n}\r\n@media screen and (min-width: 768px) and (max-width: 768px) {\r\n.dbkjy69f40afc4bc0f {\r\ndisplay: block;\r\n}\r\n}\r\n@media screen and (max-width: 767px) {\r\n.dbkjy69f40afc4bc0f {\r\ndisplay: block;\r\n}\r\n}\r\n<\/style>\r\n\n<p style=\"text-align: center;\"><div class=\"lyte-wrapper\" title=\"VLADI - LA CULPA (Pseudo Video)\" style=\"width:640px;max-width:100%;margin:5px auto;\"><div class=\"lyMe\" id=\"WYL_C_NGq6iHIdM\" itemprop=\"video\" itemscope itemtype=\"https:\/\/schema.org\/VideoObject\"><div><meta itemprop=\"thumbnailUrl\" content=\"https:\/\/i.ytimg.com\/vi\/C_NGq6iHIdM\/hqdefault.jpg\" \/><meta itemprop=\"embedURL\" content=\"https:\/\/www.youtube.com\/embed\/C_NGq6iHIdM\" \/><meta itemprop=\"duration\" content=\"PT3M28S\" \/><meta itemprop=\"uploadDate\" content=\"2020-01-10T05:00:11Z\" \/><\/div><div id=\"lyte_C_NGq6iHIdM\" data-src=\"https:\/\/i.ytimg.com\/vi\/C_NGq6iHIdM\/hqdefault.jpg\" class=\"pL\"><div class=\"tC\"><div class=\"tT\" itemprop=\"name\">VLADI - LA CULPA (Pseudo Video)<\/div><\/div><div class=\"play\"><\/div><div class=\"ctrl\"><div class=\"Lctrl\"><\/div><div class=\"Rctrl\"><\/div><\/div><\/div><noscript><a href=\"https:\/\/youtu.be\/C_NGq6iHIdM\" rel=\"nofollow\"><img loading=\"lazy\" decoding=\"async\" src=\"https:\/\/i.ytimg.com\/vi\/C_NGq6iHIdM\/0.jpg\" alt=\"VLADI - LA CULPA (Pseudo Video)\" width=\"640\" height=\"340\" \/><br \/>Ver este video en YouTube<\/a><\/noscript><meta itemprop=\"description\" content=\"VLADI - LA CULPA (Pseudo Video)\"><\/div><\/div><div class=\"lL\" style=\"max-width:100%;width:640px;margin:5px auto;\"><\/div><\/p>\n<div style=\"margin-top: 0px; margin-bottom: 0px;\" class=\"sharethis-inline-share-buttons\" ><\/div>","protected":false},"excerpt":{"rendered":"<p>El venezolano Vladi (@vladimusica) promociona su m\u00e1s reciente sencillo \u00abLa Culpa\u00bb con influencias de trap y r&amp;b, mostrando un abreboca<\/p>\n","protected":false},"author":1,"featured_media":91483,"comment_status":"open","ping_status":"closed","sticky":false,"template":"","format":"standard","meta":{"colormag_page_container_layout":"default_layout","colormag_page_sidebar_layout":"default_layout","_uag_custom_page_level_css":"","footnotes":""},"categories":[5414],"tags":[1730,78,29,50,11466,61,233,32,13275],"class_list":["post-91482","post","type-post","status-publish","format-standard","has-post-thumbnail","hentry","category-talento_nacional","tag-canciones","tag-cantantes","tag-caracas","tag-entretenimiento","tag-estrenos-musicales","tag-musica","tag-nacionales","tag-venezuela","tag-vladi"],"yoast_head":"<!-- This site is optimized with the Yoast SEO plugin v27.5 - https:\/\/yoast.com\/product\/yoast-seo-wordpress\/ -->\n<title>Vladi asume \u00abLa Culpa\u00bb<\/title>\n<meta name=\"description\" content=\"Talento Nacional\" \/>\n<meta name=\"robots\" content=\"index, follow, max-snippet:-1, max-image-preview:large, max-video-preview:-1\" \/>\n<link rel=\"canonical\" href=\"https:\/\/digital58.com.ve\/site\/2020\/01\/22\/vladi-asume-la-culpa\/\" \/>\n<meta property=\"og:locale\" content=\"es_ES\" \/>\n<meta property=\"og:type\" content=\"article\" \/>\n<meta property=\"og:title\" content=\"Vladi asume \u00abLa Culpa\u00bb\" \/>\n<meta property=\"og:description\" content=\"Talento Nacional\" \/>\n<meta property=\"og:url\" content=\"https:\/\/digital58.com.ve\/site\/2020\/01\/22\/vladi-asume-la-culpa\/\" \/>\n<meta property=\"og:site_name\" content=\"Noticias Digital58\" \/>\n<meta property=\"article:published_time\" content=\"2020-01-22T15:22:25+00:00\" \/>\n<meta property=\"article:modified_time\" content=\"2020-01-22T15:25:09+00:00\" \/>\n<meta property=\"og:image\" content=\"https:\/\/digital58.com.ve\/site\/wp-content\/uploads\/2020\/01\/vladi-web-2.jpg\" \/>\n\t<meta property=\"og:image:width\" content=\"640\" \/>\n\t<meta property=\"og:image:height\" content=\"428\" \/>\n\t<meta property=\"og:image:type\" content=\"image\/jpeg\" \/>\n<meta name=\"author\" content=\"Villasmil Henry\" \/>\n<meta name=\"twitter:card\" content=\"summary_large_image\" \/>\n<meta name=\"twitter:creator\" content=\"@https:\/\/twitter.com\/villasmilhfoto\" \/>\n<meta name=\"twitter:site\" content=\"@villasmilhfoto\" \/>\n<meta name=\"twitter:label1\" content=\"Escrito por\" \/>\n\t<meta name=\"twitter:data1\" content=\"Villasmil Henry\" \/>\n\t<meta name=\"twitter:label2\" content=\"Tiempo estimado de lectura\" \/>\n\t<meta name=\"twitter:data2\" content=\"2 minutos\" \/>\n<script type=\"application\/ld+json\" class=\"yoast-schema-graph\">{\"@context\":\"https:\\\/\\\/schema.org\",\"@graph\":[{\"@type\":\"Article\",\"@id\":\"https:\\\/\\\/digital58.com.ve\\\/site\\\/2020\\\/01\\\/22\\\/vladi-asume-la-culpa\\\/#article\",\"isPartOf\":{\"@id\":\"https:\\\/\\\/digital58.com.ve\\\/site\\\/2020\\\/01\\\/22\\\/vladi-asume-la-culpa\\\/\"},\"author\":{\"name\":\"Villasmil Henry\",\"@id\":\"https:\\\/\\\/digital58.com.ve\\\/site\\\/#\\\/schema\\\/person\\\/64d1c2e4d0d4fd1b849980c4331c2951\"},\"headline\":\"Vladi asume \u00abLa Culpa\u00bb\",\"datePublished\":\"2020-01-22T15:22:25+00:00\",\"dateModified\":\"2020-01-22T15:25:09+00:00\",\"mainEntityOfPage\":{\"@id\":\"https:\\\/\\\/digital58.com.ve\\\/site\\\/2020\\\/01\\\/22\\\/vladi-asume-la-culpa\\\/\"},\"wordCount\":470,\"commentCount\":0,\"publisher\":{\"@id\":\"https:\\\/\\\/digital58.com.ve\\\/site\\\/#\\\/schema\\\/person\\\/64d1c2e4d0d4fd1b849980c4331c2951\"},\"image\":{\"@id\":\"https:\\\/\\\/digital58.com.ve\\\/site\\\/2020\\\/01\\\/22\\\/vladi-asume-la-culpa\\\/#primaryimage\"},\"thumbnailUrl\":\"https:\\\/\\\/digital58.com.ve\\\/site\\\/wp-content\\\/uploads\\\/2020\\\/01\\\/vladi-web-2.jpg\",\"keywords\":[\"Canciones\",\"Cantantes\",\"Caracas\",\"Entretenimiento\",\"Estrenos musicales\",\"M\u00fasica\",\"Nacionales\",\"Venezuela\",\"Vladi\"],\"articleSection\":[\"Talento Nacional\"],\"inLanguage\":\"es\",\"potentialAction\":[{\"@type\":\"CommentAction\",\"name\":\"Comment\",\"target\":[\"https:\\\/\\\/digital58.com.ve\\\/site\\\/2020\\\/01\\\/22\\\/vladi-asume-la-culpa\\\/#respond\"]}]},{\"@type\":\"WebPage\",\"@id\":\"https:\\\/\\\/digital58.com.ve\\\/site\\\/2020\\\/01\\\/22\\\/vladi-asume-la-culpa\\\/\",\"url\":\"https:\\\/\\\/digital58.com.ve\\\/site\\\/2020\\\/01\\\/22\\\/vladi-asume-la-culpa\\\/\",\"name\":\"Vladi asume \u00abLa Culpa\u00bb\",\"isPartOf\":{\"@id\":\"https:\\\/\\\/digital58.com.ve\\\/site\\\/#website\"},\"primaryImageOfPage\":{\"@id\":\"https:\\\/\\\/digital58.com.ve\\\/site\\\/2020\\\/01\\\/22\\\/vladi-asume-la-culpa\\\/#primaryimage\"},\"image\":{\"@id\":\"https:\\\/\\\/digital58.com.ve\\\/site\\\/2020\\\/01\\\/22\\\/vladi-asume-la-culpa\\\/#primaryimage\"},\"thumbnailUrl\":\"https:\\\/\\\/digital58.com.ve\\\/site\\\/wp-content\\\/uploads\\\/2020\\\/01\\\/vladi-web-2.jpg\",\"datePublished\":\"2020-01-22T15:22:25+00:00\",\"dateModified\":\"2020-01-22T15:25:09+00:00\",\"description\":\"Talento Nacional\",\"breadcrumb\":{\"@id\":\"https:\\\/\\\/digital58.com.ve\\\/site\\\/2020\\\/01\\\/22\\\/vladi-asume-la-culpa\\\/#breadcrumb\"},\"inLanguage\":\"es\",\"potentialAction\":[{\"@type\":\"ReadAction\",\"target\":[\"https:\\\/\\\/digital58.com.ve\\\/site\\\/2020\\\/01\\\/22\\\/vladi-asume-la-culpa\\\/\"]}]},{\"@type\":\"ImageObject\",\"inLanguage\":\"es\",\"@id\":\"https:\\\/\\\/digital58.com.ve\\\/site\\\/2020\\\/01\\\/22\\\/vladi-asume-la-culpa\\\/#primaryimage\",\"url\":\"https:\\\/\\\/digital58.com.ve\\\/site\\\/wp-content\\\/uploads\\\/2020\\\/01\\\/vladi-web-2.jpg\",\"contentUrl\":\"https:\\\/\\\/digital58.com.ve\\\/site\\\/wp-content\\\/uploads\\\/2020\\\/01\\\/vladi-web-2.jpg\",\"width\":640,\"height\":428},{\"@type\":\"BreadcrumbList\",\"@id\":\"https:\\\/\\\/digital58.com.ve\\\/site\\\/2020\\\/01\\\/22\\\/vladi-asume-la-culpa\\\/#breadcrumb\",\"itemListElement\":[{\"@type\":\"ListItem\",\"position\":1,\"name\":\"Home\",\"item\":\"https:\\\/\\\/digital58.com.ve\\\/site\\\/\"},{\"@type\":\"ListItem\",\"position\":2,\"name\":\"Vladi asume \u00abLa Culpa\u00bb\"}]},{\"@type\":\"WebSite\",\"@id\":\"https:\\\/\\\/digital58.com.ve\\\/site\\\/#website\",\"url\":\"https:\\\/\\\/digital58.com.ve\\\/site\\\/\",\"name\":\"Noticias Digital58\",\"description\":\"Portal de Noticias \u00a1Periodismo web de verdad! Lanzamiento web 22.11.2005 \\\/ Maracaibo, Venezuela\",\"publisher\":{\"@id\":\"https:\\\/\\\/digital58.com.ve\\\/site\\\/#\\\/schema\\\/person\\\/64d1c2e4d0d4fd1b849980c4331c2951\"},\"alternateName\":\"ND58\",\"potentialAction\":[{\"@type\":\"SearchAction\",\"target\":{\"@type\":\"EntryPoint\",\"urlTemplate\":\"https:\\\/\\\/digital58.com.ve\\\/site\\\/?s={search_term_string}\"},\"query-input\":{\"@type\":\"PropertyValueSpecification\",\"valueRequired\":true,\"valueName\":\"search_term_string\"}}],\"inLanguage\":\"es\"},{\"@type\":[\"Person\",\"Organization\"],\"@id\":\"https:\\\/\\\/digital58.com.ve\\\/site\\\/#\\\/schema\\\/person\\\/64d1c2e4d0d4fd1b849980c4331c2951\",\"name\":\"Villasmil Henry\",\"image\":{\"@type\":\"ImageObject\",\"inLanguage\":\"es\",\"@id\":\"https:\\\/\\\/secure.gravatar.com\\\/avatar\\\/bb0c4a2fcb7970138239f7e404ea75757b1b507b28b5ce4c53fbd62d797c5a7c?s=96&d=mm&r=g\",\"url\":\"https:\\\/\\\/secure.gravatar.com\\\/avatar\\\/bb0c4a2fcb7970138239f7e404ea75757b1b507b28b5ce4c53fbd62d797c5a7c?s=96&d=mm&r=g\",\"contentUrl\":\"https:\\\/\\\/secure.gravatar.com\\\/avatar\\\/bb0c4a2fcb7970138239f7e404ea75757b1b507b28b5ce4c53fbd62d797c5a7c?s=96&d=mm&r=g\",\"caption\":\"Villasmil Henry\"},\"logo\":{\"@id\":\"https:\\\/\\\/secure.gravatar.com\\\/avatar\\\/bb0c4a2fcb7970138239f7e404ea75757b1b507b28b5ce4c53fbd62d797c5a7c?s=96&d=mm&r=g\"},\"sameAs\":[\"http:\\\/\\\/www.henryvillasmil.com.ve\",\"https:\\\/\\\/www.instagram.com\\\/villasmilhfoto\\\/\",\"https:\\\/\\\/x.com\\\/https:\\\/\\\/twitter.com\\\/villasmilhfoto\"],\"url\":\"https:\\\/\\\/digital58.com.ve\\\/site\\\/author\\\/droopy_68\\\/\"}]}<\/script>\n<!-- \/ Yoast SEO plugin. -->","yoast_head_json":{"title":"Vladi asume \u00abLa Culpa\u00bb","description":"Talento Nacional","robots":{"index":"index","follow":"follow","max-snippet":"max-snippet:-1","max-image-preview":"max-image-preview:large","max-video-preview":"max-video-preview:-1"},"canonical":"https:\/\/digital58.com.ve\/site\/2020\/01\/22\/vladi-asume-la-culpa\/","og_locale":"es_ES","og_type":"article","og_title":"Vladi asume \u00abLa Culpa\u00bb","og_description":"Talento Nacional","og_url":"https:\/\/digital58.com.ve\/site\/2020\/01\/22\/vladi-asume-la-culpa\/","og_site_name":"Noticias Digital58","article_published_time":"2020-01-22T15:22:25+00:00","article_modified_time":"2020-01-22T15:25:09+00:00","og_image":[{"width":640,"height":428,"url":"https:\/\/digital58.com.ve\/site\/wp-content\/uploads\/2020\/01\/vladi-web-2.jpg","type":"image\/jpeg"}],"author":"Villasmil Henry","twitter_card":"summary_large_image","twitter_creator":"@https:\/\/twitter.com\/villasmilhfoto","twitter_site":"@villasmilhfoto","twitter_misc":{"Escrito por":"Villasmil Henry","Tiempo estimado de lectura":"2 minutos"},"schema":{"@context":"https:\/\/schema.org","@graph":[{"@type":"Article","@id":"https:\/\/digital58.com.ve\/site\/2020\/01\/22\/vladi-asume-la-culpa\/#article","isPartOf":{"@id":"https:\/\/digital58.com.ve\/site\/2020\/01\/22\/vladi-asume-la-culpa\/"},"author":{"name":"Villasmil Henry","@id":"https:\/\/digital58.com.ve\/site\/#\/schema\/person\/64d1c2e4d0d4fd1b849980c4331c2951"},"headline":"Vladi asume \u00abLa Culpa\u00bb","datePublished":"2020-01-22T15:22:25+00:00","dateModified":"2020-01-22T15:25:09+00:00","mainEntityOfPage":{"@id":"https:\/\/digital58.com.ve\/site\/2020\/01\/22\/vladi-asume-la-culpa\/"},"wordCount":470,"commentCount":0,"publisher":{"@id":"https:\/\/digital58.com.ve\/site\/#\/schema\/person\/64d1c2e4d0d4fd1b849980c4331c2951"},"image":{"@id":"https:\/\/digital58.com.ve\/site\/2020\/01\/22\/vladi-asume-la-culpa\/#primaryimage"},"thumbnailUrl":"https:\/\/digital58.com.ve\/site\/wp-content\/uploads\/2020\/01\/vladi-web-2.jpg","keywords":["Canciones","Cantantes","Caracas","Entretenimiento","Estrenos musicales","M\u00fasica","Nacionales","Venezuela","Vladi"],"articleSection":["Talento Nacional"],"inLanguage":"es","potentialAction":[{"@type":"CommentAction","name":"Comment","target":["https:\/\/digital58.com.ve\/site\/2020\/01\/22\/vladi-asume-la-culpa\/#respond"]}]},{"@type":"WebPage","@id":"https:\/\/digital58.com.ve\/site\/2020\/01\/22\/vladi-asume-la-culpa\/","url":"https:\/\/digital58.com.ve\/site\/2020\/01\/22\/vladi-asume-la-culpa\/","name":"Vladi asume \u00abLa Culpa\u00bb","isPartOf":{"@id":"https:\/\/digital58.com.ve\/site\/#website"},"primaryImageOfPage":{"@id":"https:\/\/digital58.com.ve\/site\/2020\/01\/22\/vladi-asume-la-culpa\/#primaryimage"},"image":{"@id":"https:\/\/digital58.com.ve\/site\/2020\/01\/22\/vladi-asume-la-culpa\/#primaryimage"},"thumbnailUrl":"https:\/\/digital58.com.ve\/site\/wp-content\/uploads\/2020\/01\/vladi-web-2.jpg","datePublished":"2020-01-22T15:22:25+00:00","dateModified":"2020-01-22T15:25:09+00:00","description":"Talento Nacional","breadcrumb":{"@id":"https:\/\/digital58.com.ve\/site\/2020\/01\/22\/vladi-asume-la-culpa\/#breadcrumb"},"inLanguage":"es","potentialAction":[{"@type":"ReadAction","target":["https:\/\/digital58.com.ve\/site\/2020\/01\/22\/vladi-asume-la-culpa\/"]}]},{"@type":"ImageObject","inLanguage":"es","@id":"https:\/\/digital58.com.ve\/site\/2020\/01\/22\/vladi-asume-la-culpa\/#primaryimage","url":"https:\/\/digital58.com.ve\/site\/wp-content\/uploads\/2020\/01\/vladi-web-2.jpg","contentUrl":"https:\/\/digital58.com.ve\/site\/wp-content\/uploads\/2020\/01\/vladi-web-2.jpg","width":640,"height":428},{"@type":"BreadcrumbList","@id":"https:\/\/digital58.com.ve\/site\/2020\/01\/22\/vladi-asume-la-culpa\/#breadcrumb","itemListElement":[{"@type":"ListItem","position":1,"name":"Home","item":"https:\/\/digital58.com.ve\/site\/"},{"@type":"ListItem","position":2,"name":"Vladi asume \u00abLa Culpa\u00bb"}]},{"@type":"WebSite","@id":"https:\/\/digital58.com.ve\/site\/#website","url":"https:\/\/digital58.com.ve\/site\/","name":"Noticias Digital58","description":"Portal de Noticias \u00a1Periodismo web de verdad! Lanzamiento web 22.11.2005 \/ Maracaibo, Venezuela","publisher":{"@id":"https:\/\/digital58.com.ve\/site\/#\/schema\/person\/64d1c2e4d0d4fd1b849980c4331c2951"},"alternateName":"ND58","potentialAction":[{"@type":"SearchAction","target":{"@type":"EntryPoint","urlTemplate":"https:\/\/digital58.com.ve\/site\/?s={search_term_string}"},"query-input":{"@type":"PropertyValueSpecification","valueRequired":true,"valueName":"search_term_string"}}],"inLanguage":"es"},{"@type":["Person","Organization"],"@id":"https:\/\/digital58.com.ve\/site\/#\/schema\/person\/64d1c2e4d0d4fd1b849980c4331c2951","name":"Villasmil Henry","image":{"@type":"ImageObject","inLanguage":"es","@id":"https:\/\/secure.gravatar.com\/avatar\/bb0c4a2fcb7970138239f7e404ea75757b1b507b28b5ce4c53fbd62d797c5a7c?s=96&d=mm&r=g","url":"https:\/\/secure.gravatar.com\/avatar\/bb0c4a2fcb7970138239f7e404ea75757b1b507b28b5ce4c53fbd62d797c5a7c?s=96&d=mm&r=g","contentUrl":"https:\/\/secure.gravatar.com\/avatar\/bb0c4a2fcb7970138239f7e404ea75757b1b507b28b5ce4c53fbd62d797c5a7c?s=96&d=mm&r=g","caption":"Villasmil Henry"},"logo":{"@id":"https:\/\/secure.gravatar.com\/avatar\/bb0c4a2fcb7970138239f7e404ea75757b1b507b28b5ce4c53fbd62d797c5a7c?s=96&d=mm&r=g"},"sameAs":["http:\/\/www.henryvillasmil.com.ve","https:\/\/www.instagram.com\/villasmilhfoto\/","https:\/\/x.com\/https:\/\/twitter.com\/villasmilhfoto"],"url":"https:\/\/digital58.com.ve\/site\/author\/droopy_68\/"}]}},"uagb_featured_image_src":{"full":["https:\/\/digital58.com.ve\/site\/wp-content\/uploads\/2020\/01\/vladi-web-2.jpg",640,428,false],"thumbnail":["https:\/\/digital58.com.ve\/site\/wp-content\/uploads\/2020\/01\/vladi-web-2-150x150.jpg",150,150,true],"medium":["https:\/\/digital58.com.ve\/site\/wp-content\/uploads\/2020\/01\/vladi-web-2-300x201.jpg",300,201,true],"medium_large":["https:\/\/digital58.com.ve\/site\/wp-content\/uploads\/2020\/01\/vladi-web-2.jpg",640,428,false],"large":["https:\/\/digital58.com.ve\/site\/wp-content\/uploads\/2020\/01\/vladi-web-2.jpg",640,428,false],"1536x1536":["https:\/\/digital58.com.ve\/site\/wp-content\/uploads\/2020\/01\/vladi-web-2.jpg",640,428,false],"2048x2048":["https:\/\/digital58.com.ve\/site\/wp-content\/uploads\/2020\/01\/vladi-web-2.jpg",640,428,false],"colormag-highlighted-post":["https:\/\/digital58.com.ve\/site\/wp-content\/uploads\/2020\/01\/vladi-web-2.jpg",392,262,false],"colormag-featured-post-medium":["https:\/\/digital58.com.ve\/site\/wp-content\/uploads\/2020\/01\/vladi-web-2.jpg",307,205,false],"colormag-featured-post-small":["https:\/\/digital58.com.ve\/site\/wp-content\/uploads\/2020\/01\/vladi-web-2.jpg",130,87,false],"colormag-featured-image":["https:\/\/digital58.com.ve\/site\/wp-content\/uploads\/2020\/01\/vladi-web-2.jpg",640,428,false],"colormag-default-news":["https:\/\/digital58.com.ve\/site\/wp-content\/uploads\/2020\/01\/vladi-web-2.jpg",150,100,false],"colormag-featured-image-large":["https:\/\/digital58.com.ve\/site\/wp-content\/uploads\/2020\/01\/vladi-web-2.jpg",640,428,false]},"uagb_author_info":{"display_name":"Villasmil Henry","author_link":"https:\/\/digital58.com.ve\/site\/author\/droopy_68\/"},"uagb_comment_info":0,"uagb_excerpt":"El venezolano Vladi (@vladimusica) promociona su m\u00e1s reciente sencillo \u00abLa Culpa\u00bb con influencias de trap y r&amp;b, mostrando un abreboca","_links":{"self":[{"href":"https:\/\/digital58.com.ve\/site\/wp-json\/wp\/v2\/posts\/91482","targetHints":{"allow":["GET"]}}],"collection":[{"href":"https:\/\/digital58.com.ve\/site\/wp-json\/wp\/v2\/posts"}],"about":[{"href":"https:\/\/digital58.com.ve\/site\/wp-json\/wp\/v2\/types\/post"}],"author":[{"embeddable":true,"href":"https:\/\/digital58.com.ve\/site\/wp-json\/wp\/v2\/users\/1"}],"replies":[{"embeddable":true,"href":"https:\/\/digital58.com.ve\/site\/wp-json\/wp\/v2\/comments?post=91482"}],"version-history":[{"count":0,"href":"https:\/\/digital58.com.ve\/site\/wp-json\/wp\/v2\/posts\/91482\/revisions"}],"wp:featuredmedia":[{"embeddable":true,"href":"https:\/\/digital58.com.ve\/site\/wp-json\/wp\/v2\/media\/91483"}],"wp:attachment":[{"href":"https:\/\/digital58.com.ve\/site\/wp-json\/wp\/v2\/media?parent=91482"}],"wp:term":[{"taxonomy":"category","embeddable":true,"href":"https:\/\/digital58.com.ve\/site\/wp-json\/wp\/v2\/categories?post=91482"},{"taxonomy":"post_tag","embeddable":true,"href":"https:\/\/digital58.com.ve\/site\/wp-json\/wp\/v2\/tags?post=91482"}],"curies":[{"name":"wp","href":"https:\/\/api.w.org\/{rel}","templated":true}]}}