{"id":91547,"date":"2020-01-22T19:21:47","date_gmt":"2020-01-22T23:21:47","guid":{"rendered":"https:\/\/digital58.com.ve\/site\/?p=91547"},"modified":"2020-01-22T19:23:02","modified_gmt":"2020-01-22T23:23:02","slug":"sala-de-artes-escenicas-del-camlb-proyectara-malefica-duena-del-mal","status":"publish","type":"post","link":"https:\/\/digital58.com.ve\/site\/2020\/01\/22\/sala-de-artes-escenicas-del-camlb-proyectara-malefica-duena-del-mal\/","title":{"rendered":"Sala de Artes Esc\u00e9nicas del CAMLB proyectar\u00e1 \u00abMal\u00e9fica: Due\u00f1a del Mal\u00bb"},"content":{"rendered":"<p><a href=\"https:\/\/digital58.com.ve\/site\/wp-content\/uploads\/2020\/01\/MALEFICA.jpg\"><img loading=\"lazy\" decoding=\"async\" class=\"aligncenter size-large wp-image-91548\" src=\"https:\/\/digital58.com.ve\/site\/wp-content\/uploads\/2020\/01\/MALEFICA-815x1024.jpg\" alt=\"\" width=\"640\" height=\"804\" srcset=\"https:\/\/digital58.com.ve\/site\/wp-content\/uploads\/2020\/01\/MALEFICA-815x1024.jpg 815w, https:\/\/digital58.com.ve\/site\/wp-content\/uploads\/2020\/01\/MALEFICA-239x300.jpg 239w, https:\/\/digital58.com.ve\/site\/wp-content\/uploads\/2020\/01\/MALEFICA-768x965.jpg 768w, https:\/\/digital58.com.ve\/site\/wp-content\/uploads\/2020\/01\/MALEFICA.jpg 478w\" sizes=\"auto, (max-width: 640px) 100vw, 640px\" \/><\/a><\/p>\n<p>El pr\u00f3ximo s\u00e1bado 25 de enero, a las 4:00 de la tarde, la sala de artes esc\u00e9nicas del Centro de Arte de Maracaibo L\u00eda Berm\u00fadez (CAMLB) (@camliabermudez), abrir\u00e1 sus puertas al p\u00fablico para rodar otra de las grandes producciones de la industria de Disney, \u00abMal\u00e9fica: Due\u00f1a del Mal\u00bb.<\/p>\n<p><strong>Maracaibo, Zulia, Venezuela, 22 de enero de 2020 (ND58).- <\/strong>Es importante destacar, que el CAMLB realiz\u00f3 un dise\u00f1\u00f3 \u00fanico en sus entradas para el recuerdo de los amantes de \u00e9sta malvada hechicera y \u00abdue\u00f1a del mal\u00bb Mal\u00e9fica.<\/p>\n<p>Entrada colaboraci\u00f3n Bs.S: 30.000. Para adquirir las entradas para el evento, por medio de transferencias bancarias, comunicarse al n\u00famero de tel\u00e9fono: 0414-6433534<\/p>\n<p><strong>M\u00e9todos de pago:<\/strong> \u2714Efectivo \u2714 Transferencias Bancarias \u2714 Punto de Venta<\/p>\n<p><strong>\u00abMal\u00e9fica: Maestra del Mal\u00bb<\/strong><\/p>\n<p>Una aventura de fantas\u00eda que se desarrolla varios a\u00f1os despu\u00e9s de Mal\u00e9fica. En esa pel\u00edcula el p\u00fablico conoce por fin los acontecimientos que endurecieron el coraz\u00f3n de la villana m\u00e1s famosa de Disney y que la llevaron a maldecir a la reci\u00e9n nacida Princesa Aurora.<\/p>\n<p>Ahora, esta pel\u00edcula sigue explorando la compleja relaci\u00f3n entre el hada con cuernos y la que pronto ser\u00e1 coronada Reina, c\u00f3mo establecen nuevas alianzas y se enfrentan a nuevos adversarios en su lucha por proteger las tierras y a las criaturas m\u00e1gicas que residen en ellas.<\/p><div class=\"gnzrf69f24b84d97b9\" ><p style=\"text-align: center;\"><a href=\"https:\/\/t.me\/noticiasdigital58\" target=\"_blank\" rel=\"noopener\"><img class=\"aligncenter size-full wp-image-125363\" src=\"https:\/\/digital58.com.ve\/site\/wp-content\/uploads\/2021\/04\/banner-telegram-web-2021.png\" alt=\"\" width=\"600\" height=\"90\" \/><\/a><\/p><\/div><style type=\"text\/css\">\r\n@media screen and (min-width: 1201px) {\r\n.gnzrf69f24b84d97b9 {\r\ndisplay: block;\r\n}\r\n}\r\n@media screen and (min-width: 993px) and (max-width: 1200px) {\r\n.gnzrf69f24b84d97b9 {\r\ndisplay: block;\r\n}\r\n}\r\n@media screen and (min-width: 769px) and (max-width: 992px) {\r\n.gnzrf69f24b84d97b9 {\r\ndisplay: block;\r\n}\r\n}\r\n@media screen and (min-width: 768px) and (max-width: 768px) {\r\n.gnzrf69f24b84d97b9 {\r\ndisplay: block;\r\n}\r\n}\r\n@media screen and (max-width: 767px) {\r\n.gnzrf69f24b84d97b9 {\r\ndisplay: block;\r\n}\r\n}\r\n<\/style>\r\n\n<p><strong>Redacci\u00f3n con fuente: Julibeth Villalobos\/Prensa @camliabermudez<\/strong><br \/>\n<strong>Edici\u00f3n: Villasmil, Henry<\/strong><br \/>\n<strong>Gr\u00e1fica: cortes\u00eda Prensa @camliabermudez<\/strong><\/p>\n<div style=\"margin-top: 0px; margin-bottom: 0px;\" class=\"sharethis-inline-share-buttons\" ><\/div>","protected":false},"excerpt":{"rendered":"<p>El pr\u00f3ximo s\u00e1bado 25 de enero, a las 4:00 de la tarde, la sala de artes esc\u00e9nicas del Centro de<\/p>\n","protected":false},"author":1,"featured_media":91548,"comment_status":"open","ping_status":"closed","sticky":false,"template":"","format":"standard","meta":{"colormag_page_container_layout":"default_layout","colormag_page_sidebar_layout":"default_layout","_uag_custom_page_level_css":"","footnotes":""},"categories":[5412,5401],"tags":[13287,2100,46,50,13288,73,72,2354,32,761],"class_list":["post-91547","post","type-post","status-publish","format-standard","has-post-thumbnail","hentry","category-donde_ir_maracaibo","category-artes","tag-agenda-camlb","tag-centro-de-arte-de-maracaibo-lia-bermudez","tag-cine","tag-entretenimiento","tag-malefica-maestra-del-mal","tag-maracaibo","tag-peliculas","tag-regionales","tag-venezuela","tag-zulia"],"yoast_head":"<!-- This site is optimized with the Yoast SEO plugin v27.5 - https:\/\/yoast.com\/product\/yoast-seo-wordpress\/ -->\n<title>Sala de Artes Esc\u00e9nicas del CAMLB proyectar\u00e1 \u00abMal\u00e9fica: Due\u00f1a del Mal\u00bb<\/title>\n<meta name=\"description\" content=\"\u00bfD\u00f3nde ir Maracaibo?\" \/>\n<meta name=\"robots\" content=\"index, follow, max-snippet:-1, max-image-preview:large, max-video-preview:-1\" \/>\n<link rel=\"canonical\" href=\"https:\/\/digital58.com.ve\/site\/2020\/01\/22\/sala-de-artes-escenicas-del-camlb-proyectara-malefica-duena-del-mal\/\" \/>\n<meta property=\"og:locale\" content=\"es_ES\" \/>\n<meta property=\"og:type\" content=\"article\" \/>\n<meta property=\"og:title\" content=\"Sala de Artes Esc\u00e9nicas del CAMLB proyectar\u00e1 \u00abMal\u00e9fica: Due\u00f1a del Mal\u00bb\" \/>\n<meta property=\"og:description\" content=\"\u00bfD\u00f3nde ir Maracaibo?\" \/>\n<meta property=\"og:url\" content=\"https:\/\/digital58.com.ve\/site\/2020\/01\/22\/sala-de-artes-escenicas-del-camlb-proyectara-malefica-duena-del-mal\/\" \/>\n<meta property=\"og:site_name\" content=\"Noticias Digital58\" \/>\n<meta property=\"article:published_time\" content=\"2020-01-22T23:21:47+00:00\" \/>\n<meta property=\"article:modified_time\" content=\"2020-01-22T23:23:02+00:00\" \/>\n<meta property=\"og:image\" content=\"https:\/\/digital58.com.ve\/site\/wp-content\/uploads\/2020\/01\/MALEFICA.jpg\" \/>\n\t<meta property=\"og:image:width\" content=\"887\" \/>\n\t<meta property=\"og:image:height\" content=\"1114\" \/>\n\t<meta property=\"og:image:type\" content=\"image\/jpeg\" \/>\n<meta name=\"author\" content=\"Villasmil Henry\" \/>\n<meta name=\"twitter:card\" content=\"summary_large_image\" \/>\n<meta name=\"twitter:creator\" content=\"@https:\/\/twitter.com\/villasmilhfoto\" \/>\n<meta name=\"twitter:site\" content=\"@villasmilhfoto\" \/>\n<meta name=\"twitter:label1\" content=\"Escrito por\" \/>\n\t<meta name=\"twitter:data1\" content=\"Villasmil Henry\" \/>\n\t<meta name=\"twitter:label2\" content=\"Tiempo estimado de lectura\" \/>\n\t<meta name=\"twitter:data2\" content=\"1 minuto\" \/>\n<script type=\"application\/ld+json\" class=\"yoast-schema-graph\">{\"@context\":\"https:\\\/\\\/schema.org\",\"@graph\":[{\"@type\":\"Article\",\"@id\":\"https:\\\/\\\/digital58.com.ve\\\/site\\\/2020\\\/01\\\/22\\\/sala-de-artes-escenicas-del-camlb-proyectara-malefica-duena-del-mal\\\/#article\",\"isPartOf\":{\"@id\":\"https:\\\/\\\/digital58.com.ve\\\/site\\\/2020\\\/01\\\/22\\\/sala-de-artes-escenicas-del-camlb-proyectara-malefica-duena-del-mal\\\/\"},\"author\":{\"name\":\"Villasmil Henry\",\"@id\":\"https:\\\/\\\/digital58.com.ve\\\/site\\\/#\\\/schema\\\/person\\\/64d1c2e4d0d4fd1b849980c4331c2951\"},\"headline\":\"Sala de Artes Esc\u00e9nicas del CAMLB proyectar\u00e1 \u00abMal\u00e9fica: Due\u00f1a del Mal\u00bb\",\"datePublished\":\"2020-01-22T23:21:47+00:00\",\"dateModified\":\"2020-01-22T23:23:02+00:00\",\"mainEntityOfPage\":{\"@id\":\"https:\\\/\\\/digital58.com.ve\\\/site\\\/2020\\\/01\\\/22\\\/sala-de-artes-escenicas-del-camlb-proyectara-malefica-duena-del-mal\\\/\"},\"wordCount\":268,\"commentCount\":0,\"publisher\":{\"@id\":\"https:\\\/\\\/digital58.com.ve\\\/site\\\/#\\\/schema\\\/person\\\/64d1c2e4d0d4fd1b849980c4331c2951\"},\"image\":{\"@id\":\"https:\\\/\\\/digital58.com.ve\\\/site\\\/2020\\\/01\\\/22\\\/sala-de-artes-escenicas-del-camlb-proyectara-malefica-duena-del-mal\\\/#primaryimage\"},\"thumbnailUrl\":\"https:\\\/\\\/digital58.com.ve\\\/site\\\/wp-content\\\/uploads\\\/2020\\\/01\\\/MALEFICA.jpg\",\"keywords\":[\"Agenda CAMLB\",\"Centro de Arte de Maracaibo L\u00eda Bermudez\",\"Cine\",\"Entretenimiento\",\"Mal\u00e9fica: Maestra del mal\",\"Maracaibo\",\"Pel\u00edculas\",\"Regionales\",\"Venezuela\",\"Zulia\"],\"articleSection\":[\"\u00bfD\u00f3nde ir Maracaibo?\",\"Artes\"],\"inLanguage\":\"es\",\"potentialAction\":[{\"@type\":\"CommentAction\",\"name\":\"Comment\",\"target\":[\"https:\\\/\\\/digital58.com.ve\\\/site\\\/2020\\\/01\\\/22\\\/sala-de-artes-escenicas-del-camlb-proyectara-malefica-duena-del-mal\\\/#respond\"]}]},{\"@type\":\"WebPage\",\"@id\":\"https:\\\/\\\/digital58.com.ve\\\/site\\\/2020\\\/01\\\/22\\\/sala-de-artes-escenicas-del-camlb-proyectara-malefica-duena-del-mal\\\/\",\"url\":\"https:\\\/\\\/digital58.com.ve\\\/site\\\/2020\\\/01\\\/22\\\/sala-de-artes-escenicas-del-camlb-proyectara-malefica-duena-del-mal\\\/\",\"name\":\"Sala de Artes Esc\u00e9nicas del CAMLB proyectar\u00e1 \u00abMal\u00e9fica: Due\u00f1a del Mal\u00bb\",\"isPartOf\":{\"@id\":\"https:\\\/\\\/digital58.com.ve\\\/site\\\/#website\"},\"primaryImageOfPage\":{\"@id\":\"https:\\\/\\\/digital58.com.ve\\\/site\\\/2020\\\/01\\\/22\\\/sala-de-artes-escenicas-del-camlb-proyectara-malefica-duena-del-mal\\\/#primaryimage\"},\"image\":{\"@id\":\"https:\\\/\\\/digital58.com.ve\\\/site\\\/2020\\\/01\\\/22\\\/sala-de-artes-escenicas-del-camlb-proyectara-malefica-duena-del-mal\\\/#primaryimage\"},\"thumbnailUrl\":\"https:\\\/\\\/digital58.com.ve\\\/site\\\/wp-content\\\/uploads\\\/2020\\\/01\\\/MALEFICA.jpg\",\"datePublished\":\"2020-01-22T23:21:47+00:00\",\"dateModified\":\"2020-01-22T23:23:02+00:00\",\"description\":\"\u00bfD\u00f3nde ir Maracaibo?\",\"breadcrumb\":{\"@id\":\"https:\\\/\\\/digital58.com.ve\\\/site\\\/2020\\\/01\\\/22\\\/sala-de-artes-escenicas-del-camlb-proyectara-malefica-duena-del-mal\\\/#breadcrumb\"},\"inLanguage\":\"es\",\"potentialAction\":[{\"@type\":\"ReadAction\",\"target\":[\"https:\\\/\\\/digital58.com.ve\\\/site\\\/2020\\\/01\\\/22\\\/sala-de-artes-escenicas-del-camlb-proyectara-malefica-duena-del-mal\\\/\"]}]},{\"@type\":\"ImageObject\",\"inLanguage\":\"es\",\"@id\":\"https:\\\/\\\/digital58.com.ve\\\/site\\\/2020\\\/01\\\/22\\\/sala-de-artes-escenicas-del-camlb-proyectara-malefica-duena-del-mal\\\/#primaryimage\",\"url\":\"https:\\\/\\\/digital58.com.ve\\\/site\\\/wp-content\\\/uploads\\\/2020\\\/01\\\/MALEFICA.jpg\",\"contentUrl\":\"https:\\\/\\\/digital58.com.ve\\\/site\\\/wp-content\\\/uploads\\\/2020\\\/01\\\/MALEFICA.jpg\",\"width\":478,\"height\":600},{\"@type\":\"BreadcrumbList\",\"@id\":\"https:\\\/\\\/digital58.com.ve\\\/site\\\/2020\\\/01\\\/22\\\/sala-de-artes-escenicas-del-camlb-proyectara-malefica-duena-del-mal\\\/#breadcrumb\",\"itemListElement\":[{\"@type\":\"ListItem\",\"position\":1,\"name\":\"Home\",\"item\":\"https:\\\/\\\/digital58.com.ve\\\/site\\\/\"},{\"@type\":\"ListItem\",\"position\":2,\"name\":\"Sala de Artes Esc\u00e9nicas del CAMLB proyectar\u00e1 \u00abMal\u00e9fica: Due\u00f1a del Mal\u00bb\"}]},{\"@type\":\"WebSite\",\"@id\":\"https:\\\/\\\/digital58.com.ve\\\/site\\\/#website\",\"url\":\"https:\\\/\\\/digital58.com.ve\\\/site\\\/\",\"name\":\"Noticias Digital58\",\"description\":\"Portal de Noticias \u00a1Periodismo web de verdad! Lanzamiento web 22.11.2005 \\\/ Maracaibo, Venezuela\",\"publisher\":{\"@id\":\"https:\\\/\\\/digital58.com.ve\\\/site\\\/#\\\/schema\\\/person\\\/64d1c2e4d0d4fd1b849980c4331c2951\"},\"alternateName\":\"ND58\",\"potentialAction\":[{\"@type\":\"SearchAction\",\"target\":{\"@type\":\"EntryPoint\",\"urlTemplate\":\"https:\\\/\\\/digital58.com.ve\\\/site\\\/?s={search_term_string}\"},\"query-input\":{\"@type\":\"PropertyValueSpecification\",\"valueRequired\":true,\"valueName\":\"search_term_string\"}}],\"inLanguage\":\"es\"},{\"@type\":[\"Person\",\"Organization\"],\"@id\":\"https:\\\/\\\/digital58.com.ve\\\/site\\\/#\\\/schema\\\/person\\\/64d1c2e4d0d4fd1b849980c4331c2951\",\"name\":\"Villasmil Henry\",\"image\":{\"@type\":\"ImageObject\",\"inLanguage\":\"es\",\"@id\":\"https:\\\/\\\/secure.gravatar.com\\\/avatar\\\/bb0c4a2fcb7970138239f7e404ea75757b1b507b28b5ce4c53fbd62d797c5a7c?s=96&d=mm&r=g\",\"url\":\"https:\\\/\\\/secure.gravatar.com\\\/avatar\\\/bb0c4a2fcb7970138239f7e404ea75757b1b507b28b5ce4c53fbd62d797c5a7c?s=96&d=mm&r=g\",\"contentUrl\":\"https:\\\/\\\/secure.gravatar.com\\\/avatar\\\/bb0c4a2fcb7970138239f7e404ea75757b1b507b28b5ce4c53fbd62d797c5a7c?s=96&d=mm&r=g\",\"caption\":\"Villasmil Henry\"},\"logo\":{\"@id\":\"https:\\\/\\\/secure.gravatar.com\\\/avatar\\\/bb0c4a2fcb7970138239f7e404ea75757b1b507b28b5ce4c53fbd62d797c5a7c?s=96&d=mm&r=g\"},\"sameAs\":[\"http:\\\/\\\/www.henryvillasmil.com.ve\",\"https:\\\/\\\/www.instagram.com\\\/villasmilhfoto\\\/\",\"https:\\\/\\\/x.com\\\/https:\\\/\\\/twitter.com\\\/villasmilhfoto\"],\"url\":\"https:\\\/\\\/digital58.com.ve\\\/site\\\/author\\\/droopy_68\\\/\"}]}<\/script>\n<!-- \/ Yoast SEO plugin. -->","yoast_head_json":{"title":"Sala de Artes Esc\u00e9nicas del CAMLB proyectar\u00e1 \u00abMal\u00e9fica: Due\u00f1a del Mal\u00bb","description":"\u00bfD\u00f3nde ir Maracaibo?","robots":{"index":"index","follow":"follow","max-snippet":"max-snippet:-1","max-image-preview":"max-image-preview:large","max-video-preview":"max-video-preview:-1"},"canonical":"https:\/\/digital58.com.ve\/site\/2020\/01\/22\/sala-de-artes-escenicas-del-camlb-proyectara-malefica-duena-del-mal\/","og_locale":"es_ES","og_type":"article","og_title":"Sala de Artes Esc\u00e9nicas del CAMLB proyectar\u00e1 \u00abMal\u00e9fica: Due\u00f1a del Mal\u00bb","og_description":"\u00bfD\u00f3nde ir Maracaibo?","og_url":"https:\/\/digital58.com.ve\/site\/2020\/01\/22\/sala-de-artes-escenicas-del-camlb-proyectara-malefica-duena-del-mal\/","og_site_name":"Noticias Digital58","article_published_time":"2020-01-22T23:21:47+00:00","article_modified_time":"2020-01-22T23:23:02+00:00","og_image":[{"width":887,"height":1114,"url":"https:\/\/digital58.com.ve\/site\/wp-content\/uploads\/2020\/01\/MALEFICA.jpg","type":"image\/jpeg"}],"author":"Villasmil Henry","twitter_card":"summary_large_image","twitter_creator":"@https:\/\/twitter.com\/villasmilhfoto","twitter_site":"@villasmilhfoto","twitter_misc":{"Escrito por":"Villasmil Henry","Tiempo estimado de lectura":"1 minuto"},"schema":{"@context":"https:\/\/schema.org","@graph":[{"@type":"Article","@id":"https:\/\/digital58.com.ve\/site\/2020\/01\/22\/sala-de-artes-escenicas-del-camlb-proyectara-malefica-duena-del-mal\/#article","isPartOf":{"@id":"https:\/\/digital58.com.ve\/site\/2020\/01\/22\/sala-de-artes-escenicas-del-camlb-proyectara-malefica-duena-del-mal\/"},"author":{"name":"Villasmil Henry","@id":"https:\/\/digital58.com.ve\/site\/#\/schema\/person\/64d1c2e4d0d4fd1b849980c4331c2951"},"headline":"Sala de Artes Esc\u00e9nicas del CAMLB proyectar\u00e1 \u00abMal\u00e9fica: Due\u00f1a del Mal\u00bb","datePublished":"2020-01-22T23:21:47+00:00","dateModified":"2020-01-22T23:23:02+00:00","mainEntityOfPage":{"@id":"https:\/\/digital58.com.ve\/site\/2020\/01\/22\/sala-de-artes-escenicas-del-camlb-proyectara-malefica-duena-del-mal\/"},"wordCount":268,"commentCount":0,"publisher":{"@id":"https:\/\/digital58.com.ve\/site\/#\/schema\/person\/64d1c2e4d0d4fd1b849980c4331c2951"},"image":{"@id":"https:\/\/digital58.com.ve\/site\/2020\/01\/22\/sala-de-artes-escenicas-del-camlb-proyectara-malefica-duena-del-mal\/#primaryimage"},"thumbnailUrl":"https:\/\/digital58.com.ve\/site\/wp-content\/uploads\/2020\/01\/MALEFICA.jpg","keywords":["Agenda CAMLB","Centro de Arte de Maracaibo L\u00eda Bermudez","Cine","Entretenimiento","Mal\u00e9fica: Maestra del mal","Maracaibo","Pel\u00edculas","Regionales","Venezuela","Zulia"],"articleSection":["\u00bfD\u00f3nde ir Maracaibo?","Artes"],"inLanguage":"es","potentialAction":[{"@type":"CommentAction","name":"Comment","target":["https:\/\/digital58.com.ve\/site\/2020\/01\/22\/sala-de-artes-escenicas-del-camlb-proyectara-malefica-duena-del-mal\/#respond"]}]},{"@type":"WebPage","@id":"https:\/\/digital58.com.ve\/site\/2020\/01\/22\/sala-de-artes-escenicas-del-camlb-proyectara-malefica-duena-del-mal\/","url":"https:\/\/digital58.com.ve\/site\/2020\/01\/22\/sala-de-artes-escenicas-del-camlb-proyectara-malefica-duena-del-mal\/","name":"Sala de Artes Esc\u00e9nicas del CAMLB proyectar\u00e1 \u00abMal\u00e9fica: Due\u00f1a del Mal\u00bb","isPartOf":{"@id":"https:\/\/digital58.com.ve\/site\/#website"},"primaryImageOfPage":{"@id":"https:\/\/digital58.com.ve\/site\/2020\/01\/22\/sala-de-artes-escenicas-del-camlb-proyectara-malefica-duena-del-mal\/#primaryimage"},"image":{"@id":"https:\/\/digital58.com.ve\/site\/2020\/01\/22\/sala-de-artes-escenicas-del-camlb-proyectara-malefica-duena-del-mal\/#primaryimage"},"thumbnailUrl":"https:\/\/digital58.com.ve\/site\/wp-content\/uploads\/2020\/01\/MALEFICA.jpg","datePublished":"2020-01-22T23:21:47+00:00","dateModified":"2020-01-22T23:23:02+00:00","description":"\u00bfD\u00f3nde ir Maracaibo?","breadcrumb":{"@id":"https:\/\/digital58.com.ve\/site\/2020\/01\/22\/sala-de-artes-escenicas-del-camlb-proyectara-malefica-duena-del-mal\/#breadcrumb"},"inLanguage":"es","potentialAction":[{"@type":"ReadAction","target":["https:\/\/digital58.com.ve\/site\/2020\/01\/22\/sala-de-artes-escenicas-del-camlb-proyectara-malefica-duena-del-mal\/"]}]},{"@type":"ImageObject","inLanguage":"es","@id":"https:\/\/digital58.com.ve\/site\/2020\/01\/22\/sala-de-artes-escenicas-del-camlb-proyectara-malefica-duena-del-mal\/#primaryimage","url":"https:\/\/digital58.com.ve\/site\/wp-content\/uploads\/2020\/01\/MALEFICA.jpg","contentUrl":"https:\/\/digital58.com.ve\/site\/wp-content\/uploads\/2020\/01\/MALEFICA.jpg","width":478,"height":600},{"@type":"BreadcrumbList","@id":"https:\/\/digital58.com.ve\/site\/2020\/01\/22\/sala-de-artes-escenicas-del-camlb-proyectara-malefica-duena-del-mal\/#breadcrumb","itemListElement":[{"@type":"ListItem","position":1,"name":"Home","item":"https:\/\/digital58.com.ve\/site\/"},{"@type":"ListItem","position":2,"name":"Sala de Artes Esc\u00e9nicas del CAMLB proyectar\u00e1 \u00abMal\u00e9fica: Due\u00f1a del Mal\u00bb"}]},{"@type":"WebSite","@id":"https:\/\/digital58.com.ve\/site\/#website","url":"https:\/\/digital58.com.ve\/site\/","name":"Noticias Digital58","description":"Portal de Noticias \u00a1Periodismo web de verdad! Lanzamiento web 22.11.2005 \/ Maracaibo, Venezuela","publisher":{"@id":"https:\/\/digital58.com.ve\/site\/#\/schema\/person\/64d1c2e4d0d4fd1b849980c4331c2951"},"alternateName":"ND58","potentialAction":[{"@type":"SearchAction","target":{"@type":"EntryPoint","urlTemplate":"https:\/\/digital58.com.ve\/site\/?s={search_term_string}"},"query-input":{"@type":"PropertyValueSpecification","valueRequired":true,"valueName":"search_term_string"}}],"inLanguage":"es"},{"@type":["Person","Organization"],"@id":"https:\/\/digital58.com.ve\/site\/#\/schema\/person\/64d1c2e4d0d4fd1b849980c4331c2951","name":"Villasmil Henry","image":{"@type":"ImageObject","inLanguage":"es","@id":"https:\/\/secure.gravatar.com\/avatar\/bb0c4a2fcb7970138239f7e404ea75757b1b507b28b5ce4c53fbd62d797c5a7c?s=96&d=mm&r=g","url":"https:\/\/secure.gravatar.com\/avatar\/bb0c4a2fcb7970138239f7e404ea75757b1b507b28b5ce4c53fbd62d797c5a7c?s=96&d=mm&r=g","contentUrl":"https:\/\/secure.gravatar.com\/avatar\/bb0c4a2fcb7970138239f7e404ea75757b1b507b28b5ce4c53fbd62d797c5a7c?s=96&d=mm&r=g","caption":"Villasmil Henry"},"logo":{"@id":"https:\/\/secure.gravatar.com\/avatar\/bb0c4a2fcb7970138239f7e404ea75757b1b507b28b5ce4c53fbd62d797c5a7c?s=96&d=mm&r=g"},"sameAs":["http:\/\/www.henryvillasmil.com.ve","https:\/\/www.instagram.com\/villasmilhfoto\/","https:\/\/x.com\/https:\/\/twitter.com\/villasmilhfoto"],"url":"https:\/\/digital58.com.ve\/site\/author\/droopy_68\/"}]}},"uagb_featured_image_src":{"full":["https:\/\/digital58.com.ve\/site\/wp-content\/uploads\/2020\/01\/MALEFICA.jpg",478,600,false],"thumbnail":["https:\/\/digital58.com.ve\/site\/wp-content\/uploads\/2020\/01\/MALEFICA-150x150.jpg",150,150,true],"medium":["https:\/\/digital58.com.ve\/site\/wp-content\/uploads\/2020\/01\/MALEFICA-239x300.jpg",239,300,true],"medium_large":["https:\/\/digital58.com.ve\/site\/wp-content\/uploads\/2020\/01\/MALEFICA-768x965.jpg",768,965,true],"large":["https:\/\/digital58.com.ve\/site\/wp-content\/uploads\/2020\/01\/MALEFICA-815x1024.jpg",796,1000,true],"1536x1536":["https:\/\/digital58.com.ve\/site\/wp-content\/uploads\/2020\/01\/MALEFICA.jpg",478,600,false],"2048x2048":["https:\/\/digital58.com.ve\/site\/wp-content\/uploads\/2020\/01\/MALEFICA.jpg",478,600,false],"colormag-highlighted-post":["https:\/\/digital58.com.ve\/site\/wp-content\/uploads\/2020\/01\/MALEFICA.jpg",217,272,false],"colormag-featured-post-medium":["https:\/\/digital58.com.ve\/site\/wp-content\/uploads\/2020\/01\/MALEFICA.jpg",163,205,false],"colormag-featured-post-small":["https:\/\/digital58.com.ve\/site\/wp-content\/uploads\/2020\/01\/MALEFICA.jpg",72,90,false],"colormag-featured-image":["https:\/\/digital58.com.ve\/site\/wp-content\/uploads\/2020\/01\/MALEFICA.jpg",355,445,false],"colormag-default-news":["https:\/\/digital58.com.ve\/site\/wp-content\/uploads\/2020\/01\/MALEFICA.jpg",120,150,false],"colormag-featured-image-large":["https:\/\/digital58.com.ve\/site\/wp-content\/uploads\/2020\/01\/MALEFICA.jpg",478,600,false]},"uagb_author_info":{"display_name":"Villasmil Henry","author_link":"https:\/\/digital58.com.ve\/site\/author\/droopy_68\/"},"uagb_comment_info":0,"uagb_excerpt":"El pr\u00f3ximo s\u00e1bado 25 de enero, a las 4:00 de la tarde, la sala de artes esc\u00e9nicas del Centro de","_links":{"self":[{"href":"https:\/\/digital58.com.ve\/site\/wp-json\/wp\/v2\/posts\/91547","targetHints":{"allow":["GET"]}}],"collection":[{"href":"https:\/\/digital58.com.ve\/site\/wp-json\/wp\/v2\/posts"}],"about":[{"href":"https:\/\/digital58.com.ve\/site\/wp-json\/wp\/v2\/types\/post"}],"author":[{"embeddable":true,"href":"https:\/\/digital58.com.ve\/site\/wp-json\/wp\/v2\/users\/1"}],"replies":[{"embeddable":true,"href":"https:\/\/digital58.com.ve\/site\/wp-json\/wp\/v2\/comments?post=91547"}],"version-history":[{"count":0,"href":"https:\/\/digital58.com.ve\/site\/wp-json\/wp\/v2\/posts\/91547\/revisions"}],"wp:featuredmedia":[{"embeddable":true,"href":"https:\/\/digital58.com.ve\/site\/wp-json\/wp\/v2\/media\/91548"}],"wp:attachment":[{"href":"https:\/\/digital58.com.ve\/site\/wp-json\/wp\/v2\/media?parent=91547"}],"wp:term":[{"taxonomy":"category","embeddable":true,"href":"https:\/\/digital58.com.ve\/site\/wp-json\/wp\/v2\/categories?post=91547"},{"taxonomy":"post_tag","embeddable":true,"href":"https:\/\/digital58.com.ve\/site\/wp-json\/wp\/v2\/tags?post=91547"}],"curies":[{"name":"wp","href":"https:\/\/api.w.org\/{rel}","templated":true}]}}