{"id":92572,"date":"2020-02-10T16:11:18","date_gmt":"2020-02-10T20:11:18","guid":{"rendered":"https:\/\/digital58.com.ve\/site\/?p=92572"},"modified":"2020-02-10T17:08:15","modified_gmt":"2020-02-10T21:08:15","slug":"nigeria-declara-la-alerta-por-una-extrana-epidemia","status":"publish","type":"post","link":"https:\/\/digital58.com.ve\/site\/2020\/02\/10\/nigeria-declara-la-alerta-por-una-extrana-epidemia\/","title":{"rendered":"Nigeria declara la alerta por una \u00abextra\u00f1a epidemia\u00bb que ya ha causado 15 muertes en el pa\u00eds"},"content":{"rendered":"<p><a href=\"https:\/\/digital58.com.ve\/site\/wp-content\/uploads\/2020\/02\/nigeria.jpg\"><img loading=\"lazy\" decoding=\"async\" class=\"aligncenter size-full wp-image-92575\" src=\"https:\/\/digital58.com.ve\/site\/wp-content\/uploads\/2020\/02\/nigeria.jpg\" alt=\"\" width=\"614\" height=\"347\" srcset=\"https:\/\/digital58.com.ve\/site\/wp-content\/uploads\/2020\/02\/nigeria.jpg 614w, https:\/\/digital58.com.ve\/site\/wp-content\/uploads\/2020\/02\/nigeria-300x170.jpg 300w\" sizes=\"auto, (max-width: 614px) 100vw, 614px\" \/><\/a><\/p>\n<p>Nigeria declara la alerta por una \u00abextra\u00f1a epidemia\u00bb que ya ha causado 15 muertes en el pa\u00eds. El Senado de Nigeria ha declarado una alerta por un \u00abbrote epid\u00e9mico extra\u00f1o\u00bb en Oye-Obi, en el estado de Bunue. Altamente contagioso, ya se ha cobrado la vida de 15 personas y ha infectado a 104.<\/p>\n<p><strong>Nigeria, \u00c1frica, 10 de febrero de 2020 (ND5).-<\/strong> Los primeros casos se detectaron a finales del mes de enero, seg\u00fan ha informado el Centro para el Control de Enfermedades de Nigeria (NCDC).<\/p>\n<p>Esta enfermedad todav\u00eda no ha podido ser diagnosticada por las autoridades sanitarias, por lo que todav\u00eda no se ha encontrado una posible cura, seg\u00fan informa Today News \u00c1frica.<\/p>\n<p>De momento se ha llegado a la conclusi\u00f3n, al coincidir todos los contagiados, de que los principales s\u00edntomas son dolor de cabeza, diarrea, v\u00f3mitos e hinchaz\u00f3n de est\u00f3mago.<\/p>\n<p>La C\u00e1mara alta del pa\u00eds africano ha instado al NCDC a supervisar la situaci\u00f3n para tratar de evitar la propagaci\u00f3n de la enfermedad. Asimismo, ha solicitado que los infectados sean tratados y ha llamado a la poblaci\u00f3n a evitar el contacto con ellos como medida de prevenci\u00f3n.<\/p>\n<p><strong>Redacci\u00f3n: Moreno, Vanessa (@vaamoreno) con fuente ABC<\/strong><br \/>\n<strong>Edici\u00f3n: Villasmil, Henry<\/strong><br \/>\n<strong>Gr\u00e1ficas: cortes\u00eda<\/strong><\/p>\n<p>&nbsp;<\/p><div class=\"wftzf69f210d517c64\" ><p style=\"text-align: center;\"><a href=\"https:\/\/t.me\/noticiasdigital58\" target=\"_blank\" rel=\"noopener\"><img class=\"aligncenter size-full wp-image-125363\" src=\"https:\/\/digital58.com.ve\/site\/wp-content\/uploads\/2021\/04\/banner-telegram-web-2021.png\" alt=\"\" width=\"600\" height=\"90\" \/><\/a><\/p><\/div><style type=\"text\/css\">\r\n@media screen and (min-width: 1201px) {\r\n.wftzf69f210d517c64 {\r\ndisplay: block;\r\n}\r\n}\r\n@media screen and (min-width: 993px) and (max-width: 1200px) {\r\n.wftzf69f210d517c64 {\r\ndisplay: block;\r\n}\r\n}\r\n@media screen and (min-width: 769px) and (max-width: 992px) {\r\n.wftzf69f210d517c64 {\r\ndisplay: block;\r\n}\r\n}\r\n@media screen and (min-width: 768px) and (max-width: 768px) {\r\n.wftzf69f210d517c64 {\r\ndisplay: block;\r\n}\r\n}\r\n@media screen and (max-width: 767px) {\r\n.wftzf69f210d517c64 {\r\ndisplay: block;\r\n}\r\n}\r\n<\/style>\r\n\n<p>&nbsp;<\/p>\n<div style=\"margin-top: 0px; margin-bottom: 0px;\" class=\"sharethis-inline-share-buttons\" ><\/div>","protected":false},"excerpt":{"rendered":"<p>Nigeria declara la alerta por una \u00abextra\u00f1a epidemia\u00bb que ya ha causado 15 muertes en el pa\u00eds. El Senado de<\/p>\n","protected":false},"author":1,"featured_media":92575,"comment_status":"open","ping_status":"closed","sticky":false,"template":"","format":"standard","meta":{"colormag_page_container_layout":"default_layout","colormag_page_sidebar_layout":"default_layout","_uag_custom_page_level_css":"","footnotes":""},"categories":[5405],"tags":[1162,13346,13485,8,4316,13484],"class_list":["post-92572","post","type-post","status-publish","format-standard","has-post-thumbnail","hentry","category-salud","tag-africa","tag-emergencia-sanitaria","tag-epidemias","tag-internacionales","tag-nigeria","tag-oye-obi"],"yoast_head":"<!-- This site is optimized with the Yoast SEO plugin v27.5 - https:\/\/yoast.com\/product\/yoast-seo-wordpress\/ -->\n<title>Nigeria declara la alerta por una \u00abextra\u00f1a epidemia\u00bb que ya ha causado 15 muertes en el pa\u00eds<\/title>\n<meta name=\"description\" content=\"Salud\" \/>\n<meta name=\"robots\" content=\"index, follow, max-snippet:-1, max-image-preview:large, max-video-preview:-1\" \/>\n<link rel=\"canonical\" href=\"https:\/\/digital58.com.ve\/site\/2020\/02\/10\/nigeria-declara-la-alerta-por-una-extrana-epidemia\/\" \/>\n<meta property=\"og:locale\" content=\"es_ES\" \/>\n<meta property=\"og:type\" content=\"article\" \/>\n<meta property=\"og:title\" content=\"Nigeria declara la alerta por una \u00abextra\u00f1a epidemia\u00bb que ya ha causado 15 muertes en el pa\u00eds\" \/>\n<meta property=\"og:description\" content=\"Salud\" \/>\n<meta property=\"og:url\" content=\"https:\/\/digital58.com.ve\/site\/2020\/02\/10\/nigeria-declara-la-alerta-por-una-extrana-epidemia\/\" \/>\n<meta property=\"og:site_name\" content=\"Noticias Digital58\" \/>\n<meta property=\"article:published_time\" content=\"2020-02-10T20:11:18+00:00\" \/>\n<meta property=\"article:modified_time\" content=\"2020-02-10T21:08:15+00:00\" \/>\n<meta property=\"og:image\" content=\"https:\/\/digital58.com.ve\/site\/wp-content\/uploads\/2020\/02\/nigeria.jpg\" \/>\n\t<meta property=\"og:image:width\" content=\"614\" \/>\n\t<meta property=\"og:image:height\" content=\"347\" \/>\n\t<meta property=\"og:image:type\" content=\"image\/jpeg\" \/>\n<meta name=\"author\" content=\"Villasmil Henry\" \/>\n<meta name=\"twitter:card\" content=\"summary_large_image\" \/>\n<meta name=\"twitter:creator\" content=\"@https:\/\/twitter.com\/villasmilhfoto\" \/>\n<meta name=\"twitter:site\" content=\"@villasmilhfoto\" \/>\n<meta name=\"twitter:label1\" content=\"Escrito por\" \/>\n\t<meta name=\"twitter:data1\" content=\"Villasmil Henry\" \/>\n\t<meta name=\"twitter:label2\" content=\"Tiempo estimado de lectura\" \/>\n\t<meta name=\"twitter:data2\" content=\"1 minuto\" \/>\n<script type=\"application\/ld+json\" class=\"yoast-schema-graph\">{\"@context\":\"https:\\\/\\\/schema.org\",\"@graph\":[{\"@type\":\"Article\",\"@id\":\"https:\\\/\\\/digital58.com.ve\\\/site\\\/2020\\\/02\\\/10\\\/nigeria-declara-la-alerta-por-una-extrana-epidemia\\\/#article\",\"isPartOf\":{\"@id\":\"https:\\\/\\\/digital58.com.ve\\\/site\\\/2020\\\/02\\\/10\\\/nigeria-declara-la-alerta-por-una-extrana-epidemia\\\/\"},\"author\":{\"name\":\"Villasmil Henry\",\"@id\":\"https:\\\/\\\/digital58.com.ve\\\/site\\\/#\\\/schema\\\/person\\\/64d1c2e4d0d4fd1b849980c4331c2951\"},\"headline\":\"Nigeria declara la alerta por una \u00abextra\u00f1a epidemia\u00bb que ya ha causado 15 muertes en el pa\u00eds\",\"datePublished\":\"2020-02-10T20:11:18+00:00\",\"dateModified\":\"2020-02-10T21:08:15+00:00\",\"mainEntityOfPage\":{\"@id\":\"https:\\\/\\\/digital58.com.ve\\\/site\\\/2020\\\/02\\\/10\\\/nigeria-declara-la-alerta-por-una-extrana-epidemia\\\/\"},\"wordCount\":239,\"commentCount\":0,\"publisher\":{\"@id\":\"https:\\\/\\\/digital58.com.ve\\\/site\\\/#\\\/schema\\\/person\\\/64d1c2e4d0d4fd1b849980c4331c2951\"},\"image\":{\"@id\":\"https:\\\/\\\/digital58.com.ve\\\/site\\\/2020\\\/02\\\/10\\\/nigeria-declara-la-alerta-por-una-extrana-epidemia\\\/#primaryimage\"},\"thumbnailUrl\":\"https:\\\/\\\/digital58.com.ve\\\/site\\\/wp-content\\\/uploads\\\/2020\\\/02\\\/nigeria.jpg\",\"keywords\":[\"\u00c1frica\",\"Emergencia sanitaria\",\"Epidemias\",\"Internacionales\",\"Nigeria\",\"Oye-Obi\"],\"articleSection\":[\"Salud\"],\"inLanguage\":\"es\",\"potentialAction\":[{\"@type\":\"CommentAction\",\"name\":\"Comment\",\"target\":[\"https:\\\/\\\/digital58.com.ve\\\/site\\\/2020\\\/02\\\/10\\\/nigeria-declara-la-alerta-por-una-extrana-epidemia\\\/#respond\"]}]},{\"@type\":\"WebPage\",\"@id\":\"https:\\\/\\\/digital58.com.ve\\\/site\\\/2020\\\/02\\\/10\\\/nigeria-declara-la-alerta-por-una-extrana-epidemia\\\/\",\"url\":\"https:\\\/\\\/digital58.com.ve\\\/site\\\/2020\\\/02\\\/10\\\/nigeria-declara-la-alerta-por-una-extrana-epidemia\\\/\",\"name\":\"Nigeria declara la alerta por una \u00abextra\u00f1a epidemia\u00bb que ya ha causado 15 muertes en el pa\u00eds\",\"isPartOf\":{\"@id\":\"https:\\\/\\\/digital58.com.ve\\\/site\\\/#website\"},\"primaryImageOfPage\":{\"@id\":\"https:\\\/\\\/digital58.com.ve\\\/site\\\/2020\\\/02\\\/10\\\/nigeria-declara-la-alerta-por-una-extrana-epidemia\\\/#primaryimage\"},\"image\":{\"@id\":\"https:\\\/\\\/digital58.com.ve\\\/site\\\/2020\\\/02\\\/10\\\/nigeria-declara-la-alerta-por-una-extrana-epidemia\\\/#primaryimage\"},\"thumbnailUrl\":\"https:\\\/\\\/digital58.com.ve\\\/site\\\/wp-content\\\/uploads\\\/2020\\\/02\\\/nigeria.jpg\",\"datePublished\":\"2020-02-10T20:11:18+00:00\",\"dateModified\":\"2020-02-10T21:08:15+00:00\",\"description\":\"Salud\",\"breadcrumb\":{\"@id\":\"https:\\\/\\\/digital58.com.ve\\\/site\\\/2020\\\/02\\\/10\\\/nigeria-declara-la-alerta-por-una-extrana-epidemia\\\/#breadcrumb\"},\"inLanguage\":\"es\",\"potentialAction\":[{\"@type\":\"ReadAction\",\"target\":[\"https:\\\/\\\/digital58.com.ve\\\/site\\\/2020\\\/02\\\/10\\\/nigeria-declara-la-alerta-por-una-extrana-epidemia\\\/\"]}]},{\"@type\":\"ImageObject\",\"inLanguage\":\"es\",\"@id\":\"https:\\\/\\\/digital58.com.ve\\\/site\\\/2020\\\/02\\\/10\\\/nigeria-declara-la-alerta-por-una-extrana-epidemia\\\/#primaryimage\",\"url\":\"https:\\\/\\\/digital58.com.ve\\\/site\\\/wp-content\\\/uploads\\\/2020\\\/02\\\/nigeria.jpg\",\"contentUrl\":\"https:\\\/\\\/digital58.com.ve\\\/site\\\/wp-content\\\/uploads\\\/2020\\\/02\\\/nigeria.jpg\",\"width\":614,\"height\":347},{\"@type\":\"BreadcrumbList\",\"@id\":\"https:\\\/\\\/digital58.com.ve\\\/site\\\/2020\\\/02\\\/10\\\/nigeria-declara-la-alerta-por-una-extrana-epidemia\\\/#breadcrumb\",\"itemListElement\":[{\"@type\":\"ListItem\",\"position\":1,\"name\":\"Home\",\"item\":\"https:\\\/\\\/digital58.com.ve\\\/site\\\/\"},{\"@type\":\"ListItem\",\"position\":2,\"name\":\"Nigeria declara la alerta por una \u00abextra\u00f1a epidemia\u00bb que ya ha causado 15 muertes en el pa\u00eds\"}]},{\"@type\":\"WebSite\",\"@id\":\"https:\\\/\\\/digital58.com.ve\\\/site\\\/#website\",\"url\":\"https:\\\/\\\/digital58.com.ve\\\/site\\\/\",\"name\":\"Noticias Digital58\",\"description\":\"Portal de Noticias \u00a1Periodismo web de verdad! Lanzamiento web 22.11.2005 \\\/ Maracaibo, Venezuela\",\"publisher\":{\"@id\":\"https:\\\/\\\/digital58.com.ve\\\/site\\\/#\\\/schema\\\/person\\\/64d1c2e4d0d4fd1b849980c4331c2951\"},\"alternateName\":\"ND58\",\"potentialAction\":[{\"@type\":\"SearchAction\",\"target\":{\"@type\":\"EntryPoint\",\"urlTemplate\":\"https:\\\/\\\/digital58.com.ve\\\/site\\\/?s={search_term_string}\"},\"query-input\":{\"@type\":\"PropertyValueSpecification\",\"valueRequired\":true,\"valueName\":\"search_term_string\"}}],\"inLanguage\":\"es\"},{\"@type\":[\"Person\",\"Organization\"],\"@id\":\"https:\\\/\\\/digital58.com.ve\\\/site\\\/#\\\/schema\\\/person\\\/64d1c2e4d0d4fd1b849980c4331c2951\",\"name\":\"Villasmil Henry\",\"image\":{\"@type\":\"ImageObject\",\"inLanguage\":\"es\",\"@id\":\"https:\\\/\\\/secure.gravatar.com\\\/avatar\\\/bb0c4a2fcb7970138239f7e404ea75757b1b507b28b5ce4c53fbd62d797c5a7c?s=96&d=mm&r=g\",\"url\":\"https:\\\/\\\/secure.gravatar.com\\\/avatar\\\/bb0c4a2fcb7970138239f7e404ea75757b1b507b28b5ce4c53fbd62d797c5a7c?s=96&d=mm&r=g\",\"contentUrl\":\"https:\\\/\\\/secure.gravatar.com\\\/avatar\\\/bb0c4a2fcb7970138239f7e404ea75757b1b507b28b5ce4c53fbd62d797c5a7c?s=96&d=mm&r=g\",\"caption\":\"Villasmil Henry\"},\"logo\":{\"@id\":\"https:\\\/\\\/secure.gravatar.com\\\/avatar\\\/bb0c4a2fcb7970138239f7e404ea75757b1b507b28b5ce4c53fbd62d797c5a7c?s=96&d=mm&r=g\"},\"sameAs\":[\"http:\\\/\\\/www.henryvillasmil.com.ve\",\"https:\\\/\\\/www.instagram.com\\\/villasmilhfoto\\\/\",\"https:\\\/\\\/x.com\\\/https:\\\/\\\/twitter.com\\\/villasmilhfoto\"],\"url\":\"https:\\\/\\\/digital58.com.ve\\\/site\\\/author\\\/droopy_68\\\/\"}]}<\/script>\n<!-- \/ Yoast SEO plugin. -->","yoast_head_json":{"title":"Nigeria declara la alerta por una \u00abextra\u00f1a epidemia\u00bb que ya ha causado 15 muertes en el pa\u00eds","description":"Salud","robots":{"index":"index","follow":"follow","max-snippet":"max-snippet:-1","max-image-preview":"max-image-preview:large","max-video-preview":"max-video-preview:-1"},"canonical":"https:\/\/digital58.com.ve\/site\/2020\/02\/10\/nigeria-declara-la-alerta-por-una-extrana-epidemia\/","og_locale":"es_ES","og_type":"article","og_title":"Nigeria declara la alerta por una \u00abextra\u00f1a epidemia\u00bb que ya ha causado 15 muertes en el pa\u00eds","og_description":"Salud","og_url":"https:\/\/digital58.com.ve\/site\/2020\/02\/10\/nigeria-declara-la-alerta-por-una-extrana-epidemia\/","og_site_name":"Noticias Digital58","article_published_time":"2020-02-10T20:11:18+00:00","article_modified_time":"2020-02-10T21:08:15+00:00","og_image":[{"width":614,"height":347,"url":"https:\/\/digital58.com.ve\/site\/wp-content\/uploads\/2020\/02\/nigeria.jpg","type":"image\/jpeg"}],"author":"Villasmil Henry","twitter_card":"summary_large_image","twitter_creator":"@https:\/\/twitter.com\/villasmilhfoto","twitter_site":"@villasmilhfoto","twitter_misc":{"Escrito por":"Villasmil Henry","Tiempo estimado de lectura":"1 minuto"},"schema":{"@context":"https:\/\/schema.org","@graph":[{"@type":"Article","@id":"https:\/\/digital58.com.ve\/site\/2020\/02\/10\/nigeria-declara-la-alerta-por-una-extrana-epidemia\/#article","isPartOf":{"@id":"https:\/\/digital58.com.ve\/site\/2020\/02\/10\/nigeria-declara-la-alerta-por-una-extrana-epidemia\/"},"author":{"name":"Villasmil Henry","@id":"https:\/\/digital58.com.ve\/site\/#\/schema\/person\/64d1c2e4d0d4fd1b849980c4331c2951"},"headline":"Nigeria declara la alerta por una \u00abextra\u00f1a epidemia\u00bb que ya ha causado 15 muertes en el pa\u00eds","datePublished":"2020-02-10T20:11:18+00:00","dateModified":"2020-02-10T21:08:15+00:00","mainEntityOfPage":{"@id":"https:\/\/digital58.com.ve\/site\/2020\/02\/10\/nigeria-declara-la-alerta-por-una-extrana-epidemia\/"},"wordCount":239,"commentCount":0,"publisher":{"@id":"https:\/\/digital58.com.ve\/site\/#\/schema\/person\/64d1c2e4d0d4fd1b849980c4331c2951"},"image":{"@id":"https:\/\/digital58.com.ve\/site\/2020\/02\/10\/nigeria-declara-la-alerta-por-una-extrana-epidemia\/#primaryimage"},"thumbnailUrl":"https:\/\/digital58.com.ve\/site\/wp-content\/uploads\/2020\/02\/nigeria.jpg","keywords":["\u00c1frica","Emergencia sanitaria","Epidemias","Internacionales","Nigeria","Oye-Obi"],"articleSection":["Salud"],"inLanguage":"es","potentialAction":[{"@type":"CommentAction","name":"Comment","target":["https:\/\/digital58.com.ve\/site\/2020\/02\/10\/nigeria-declara-la-alerta-por-una-extrana-epidemia\/#respond"]}]},{"@type":"WebPage","@id":"https:\/\/digital58.com.ve\/site\/2020\/02\/10\/nigeria-declara-la-alerta-por-una-extrana-epidemia\/","url":"https:\/\/digital58.com.ve\/site\/2020\/02\/10\/nigeria-declara-la-alerta-por-una-extrana-epidemia\/","name":"Nigeria declara la alerta por una \u00abextra\u00f1a epidemia\u00bb que ya ha causado 15 muertes en el pa\u00eds","isPartOf":{"@id":"https:\/\/digital58.com.ve\/site\/#website"},"primaryImageOfPage":{"@id":"https:\/\/digital58.com.ve\/site\/2020\/02\/10\/nigeria-declara-la-alerta-por-una-extrana-epidemia\/#primaryimage"},"image":{"@id":"https:\/\/digital58.com.ve\/site\/2020\/02\/10\/nigeria-declara-la-alerta-por-una-extrana-epidemia\/#primaryimage"},"thumbnailUrl":"https:\/\/digital58.com.ve\/site\/wp-content\/uploads\/2020\/02\/nigeria.jpg","datePublished":"2020-02-10T20:11:18+00:00","dateModified":"2020-02-10T21:08:15+00:00","description":"Salud","breadcrumb":{"@id":"https:\/\/digital58.com.ve\/site\/2020\/02\/10\/nigeria-declara-la-alerta-por-una-extrana-epidemia\/#breadcrumb"},"inLanguage":"es","potentialAction":[{"@type":"ReadAction","target":["https:\/\/digital58.com.ve\/site\/2020\/02\/10\/nigeria-declara-la-alerta-por-una-extrana-epidemia\/"]}]},{"@type":"ImageObject","inLanguage":"es","@id":"https:\/\/digital58.com.ve\/site\/2020\/02\/10\/nigeria-declara-la-alerta-por-una-extrana-epidemia\/#primaryimage","url":"https:\/\/digital58.com.ve\/site\/wp-content\/uploads\/2020\/02\/nigeria.jpg","contentUrl":"https:\/\/digital58.com.ve\/site\/wp-content\/uploads\/2020\/02\/nigeria.jpg","width":614,"height":347},{"@type":"BreadcrumbList","@id":"https:\/\/digital58.com.ve\/site\/2020\/02\/10\/nigeria-declara-la-alerta-por-una-extrana-epidemia\/#breadcrumb","itemListElement":[{"@type":"ListItem","position":1,"name":"Home","item":"https:\/\/digital58.com.ve\/site\/"},{"@type":"ListItem","position":2,"name":"Nigeria declara la alerta por una \u00abextra\u00f1a epidemia\u00bb que ya ha causado 15 muertes en el pa\u00eds"}]},{"@type":"WebSite","@id":"https:\/\/digital58.com.ve\/site\/#website","url":"https:\/\/digital58.com.ve\/site\/","name":"Noticias Digital58","description":"Portal de Noticias \u00a1Periodismo web de verdad! Lanzamiento web 22.11.2005 \/ Maracaibo, Venezuela","publisher":{"@id":"https:\/\/digital58.com.ve\/site\/#\/schema\/person\/64d1c2e4d0d4fd1b849980c4331c2951"},"alternateName":"ND58","potentialAction":[{"@type":"SearchAction","target":{"@type":"EntryPoint","urlTemplate":"https:\/\/digital58.com.ve\/site\/?s={search_term_string}"},"query-input":{"@type":"PropertyValueSpecification","valueRequired":true,"valueName":"search_term_string"}}],"inLanguage":"es"},{"@type":["Person","Organization"],"@id":"https:\/\/digital58.com.ve\/site\/#\/schema\/person\/64d1c2e4d0d4fd1b849980c4331c2951","name":"Villasmil Henry","image":{"@type":"ImageObject","inLanguage":"es","@id":"https:\/\/secure.gravatar.com\/avatar\/bb0c4a2fcb7970138239f7e404ea75757b1b507b28b5ce4c53fbd62d797c5a7c?s=96&d=mm&r=g","url":"https:\/\/secure.gravatar.com\/avatar\/bb0c4a2fcb7970138239f7e404ea75757b1b507b28b5ce4c53fbd62d797c5a7c?s=96&d=mm&r=g","contentUrl":"https:\/\/secure.gravatar.com\/avatar\/bb0c4a2fcb7970138239f7e404ea75757b1b507b28b5ce4c53fbd62d797c5a7c?s=96&d=mm&r=g","caption":"Villasmil Henry"},"logo":{"@id":"https:\/\/secure.gravatar.com\/avatar\/bb0c4a2fcb7970138239f7e404ea75757b1b507b28b5ce4c53fbd62d797c5a7c?s=96&d=mm&r=g"},"sameAs":["http:\/\/www.henryvillasmil.com.ve","https:\/\/www.instagram.com\/villasmilhfoto\/","https:\/\/x.com\/https:\/\/twitter.com\/villasmilhfoto"],"url":"https:\/\/digital58.com.ve\/site\/author\/droopy_68\/"}]}},"uagb_featured_image_src":{"full":["https:\/\/digital58.com.ve\/site\/wp-content\/uploads\/2020\/02\/nigeria.jpg",614,347,false],"thumbnail":["https:\/\/digital58.com.ve\/site\/wp-content\/uploads\/2020\/02\/nigeria-150x150.jpg",150,150,true],"medium":["https:\/\/digital58.com.ve\/site\/wp-content\/uploads\/2020\/02\/nigeria-300x170.jpg",300,170,true],"medium_large":["https:\/\/digital58.com.ve\/site\/wp-content\/uploads\/2020\/02\/nigeria.jpg",614,347,false],"large":["https:\/\/digital58.com.ve\/site\/wp-content\/uploads\/2020\/02\/nigeria.jpg",614,347,false],"1536x1536":["https:\/\/digital58.com.ve\/site\/wp-content\/uploads\/2020\/02\/nigeria.jpg",614,347,false],"2048x2048":["https:\/\/digital58.com.ve\/site\/wp-content\/uploads\/2020\/02\/nigeria.jpg",614,347,false],"colormag-highlighted-post":["https:\/\/digital58.com.ve\/site\/wp-content\/uploads\/2020\/02\/nigeria.jpg",392,222,false],"colormag-featured-post-medium":["https:\/\/digital58.com.ve\/site\/wp-content\/uploads\/2020\/02\/nigeria.jpg",363,205,false],"colormag-featured-post-small":["https:\/\/digital58.com.ve\/site\/wp-content\/uploads\/2020\/02\/nigeria.jpg",130,73,false],"colormag-featured-image":["https:\/\/digital58.com.ve\/site\/wp-content\/uploads\/2020\/02\/nigeria.jpg",614,347,false],"colormag-default-news":["https:\/\/digital58.com.ve\/site\/wp-content\/uploads\/2020\/02\/nigeria.jpg",150,85,false],"colormag-featured-image-large":["https:\/\/digital58.com.ve\/site\/wp-content\/uploads\/2020\/02\/nigeria.jpg",614,347,false]},"uagb_author_info":{"display_name":"Villasmil Henry","author_link":"https:\/\/digital58.com.ve\/site\/author\/droopy_68\/"},"uagb_comment_info":0,"uagb_excerpt":"Nigeria declara la alerta por una \u00abextra\u00f1a epidemia\u00bb que ya ha causado 15 muertes en el pa\u00eds. El Senado de","_links":{"self":[{"href":"https:\/\/digital58.com.ve\/site\/wp-json\/wp\/v2\/posts\/92572","targetHints":{"allow":["GET"]}}],"collection":[{"href":"https:\/\/digital58.com.ve\/site\/wp-json\/wp\/v2\/posts"}],"about":[{"href":"https:\/\/digital58.com.ve\/site\/wp-json\/wp\/v2\/types\/post"}],"author":[{"embeddable":true,"href":"https:\/\/digital58.com.ve\/site\/wp-json\/wp\/v2\/users\/1"}],"replies":[{"embeddable":true,"href":"https:\/\/digital58.com.ve\/site\/wp-json\/wp\/v2\/comments?post=92572"}],"version-history":[{"count":0,"href":"https:\/\/digital58.com.ve\/site\/wp-json\/wp\/v2\/posts\/92572\/revisions"}],"wp:featuredmedia":[{"embeddable":true,"href":"https:\/\/digital58.com.ve\/site\/wp-json\/wp\/v2\/media\/92575"}],"wp:attachment":[{"href":"https:\/\/digital58.com.ve\/site\/wp-json\/wp\/v2\/media?parent=92572"}],"wp:term":[{"taxonomy":"category","embeddable":true,"href":"https:\/\/digital58.com.ve\/site\/wp-json\/wp\/v2\/categories?post=92572"},{"taxonomy":"post_tag","embeddable":true,"href":"https:\/\/digital58.com.ve\/site\/wp-json\/wp\/v2\/tags?post=92572"}],"curies":[{"name":"wp","href":"https:\/\/api.w.org\/{rel}","templated":true}]}}