{"id":92945,"date":"2020-02-22T00:48:10","date_gmt":"2020-02-22T04:48:10","guid":{"rendered":"https:\/\/digital58.com.ve\/site\/?p=92945"},"modified":"2020-02-22T00:52:25","modified_gmt":"2020-02-22T04:52:25","slug":"aventura-extrema-reactiva-el-parque-acuatico-mas-grande-de-maracaibo","status":"publish","type":"post","link":"https:\/\/digital58.com.ve\/site\/2020\/02\/22\/aventura-extrema-reactiva-el-parque-acuatico-mas-grande-de-maracaibo\/","title":{"rendered":"\u00abAventura Extrema\u00bb reactiva el parque acu\u00e1tico m\u00e1s grande de Maracaibo"},"content":{"rendered":"<p><a href=\"https:\/\/digital58.com.ve\/site\/wp-content\/uploads\/2020\/02\/extrema-2.jpg\"><img loading=\"lazy\" decoding=\"async\" class=\"aligncenter size-full wp-image-92951\" src=\"https:\/\/digital58.com.ve\/site\/wp-content\/uploads\/2020\/02\/extrema-2.jpg\" alt=\"\" width=\"1500\" height=\"1000\" srcset=\"https:\/\/digital58.com.ve\/site\/wp-content\/uploads\/2020\/02\/extrema-2.jpg 800w, https:\/\/digital58.com.ve\/site\/wp-content\/uploads\/2020\/02\/extrema-2-300x200.jpg 300w, https:\/\/digital58.com.ve\/site\/wp-content\/uploads\/2020\/02\/extrema-2-768x512.jpg 768w, https:\/\/digital58.com.ve\/site\/wp-content\/uploads\/2020\/02\/extrema-2-720x480.jpg 720w, https:\/\/digital58.com.ve\/site\/wp-content\/uploads\/2020\/02\/extrema-2-480x320.jpg 480w\" sizes=\"auto, (max-width: 1500px) 100vw, 1500px\" \/><\/a><br \/>\nA prop\u00f3sito del asueto de carnavales 2020 el Parque Acu\u00e1tico \u00abAventura Extrema\u00bb (@aventura.extremamcbo) llega a la Vereda del Lago para ofrecer recreaci\u00f3n, disfrute y entretenimiento con un ambiente familiar y con una agenda nutrida de actividades c\u00f3mo; espect\u00e1culos, m\u00fasica en vivo y actividades especiales para ni\u00f1os y adultos, reactivando este emblem\u00e1tico sitio de la ciudad.<\/p>\n<p><strong>Maracaibo, Zulia, Venezuela, 21 de febrero de 2020 (Noticias D58).-<\/strong> Actualmente cuentan con 27 salvavidas certificados para las instalaciones, con nuevas y mejores atracciones entre estos toboganes. En cuanto a personal 96 activos entre estos ingenieros, t\u00e9cnicos, param\u00e9dicos, protecci\u00f3n civil, bomberos y poli Maracaibo.<\/p>\n<p><a href=\"https:\/\/digital58.com.ve\/site\/wp-content\/uploads\/2020\/02\/extrema-4.jpg\"><img loading=\"lazy\" decoding=\"async\" class=\"aligncenter size-full wp-image-92949\" src=\"https:\/\/digital58.com.ve\/site\/wp-content\/uploads\/2020\/02\/extrema-4.jpg\" alt=\"\" width=\"1500\" height=\"1000\" srcset=\"https:\/\/digital58.com.ve\/site\/wp-content\/uploads\/2020\/02\/extrema-4.jpg 800w, https:\/\/digital58.com.ve\/site\/wp-content\/uploads\/2020\/02\/extrema-4-300x200.jpg 300w, https:\/\/digital58.com.ve\/site\/wp-content\/uploads\/2020\/02\/extrema-4-768x512.jpg 768w, https:\/\/digital58.com.ve\/site\/wp-content\/uploads\/2020\/02\/extrema-4-720x480.jpg 720w, https:\/\/digital58.com.ve\/site\/wp-content\/uploads\/2020\/02\/extrema-4-480x320.jpg 480w\" sizes=\"auto, (max-width: 1500px) 100vw, 1500px\" \/><\/a><br \/>\n<strong>\u00bfQu\u00e9 ofrecer\u00e1 Aventura Extrema?<br \/>\n<\/strong><br \/>\nEn vista de que su objetivo no es s\u00f3lo hacer del parque un medio para la recreaci\u00f3n, este ser\u00e1 participe del apoyo a los talentos de la ciudad y emprendedores.<\/p>\n<p>En esta oportunidad abriendo con 300 balsas, 60 sillas extensiones y 25 funcionarios de seguridad para atender el p\u00fablico de la mejor manera posible, ademas de casilleros.<\/p>\n<p>\u00abAventura Extrema\u00bb es la segunda sede, manejada en sociedad, dispone de 5 toboganes, playa de ni\u00f1os, rio lento, playa grande, actualmente en la espera de autorizaciones por parte de protecci\u00f3n civil para incluir a lo que llaman \u00abpocetas\u00bb, los dos toboganes de cuerpo y los dos de balsa.<\/p>\n<p><a href=\"https:\/\/digital58.com.ve\/site\/wp-content\/uploads\/2020\/02\/extrema.jpg\"><img loading=\"lazy\" decoding=\"async\" class=\"aligncenter size-full wp-image-92952\" src=\"https:\/\/digital58.com.ve\/site\/wp-content\/uploads\/2020\/02\/extrema.jpg\" alt=\"\" width=\"1500\" height=\"1000\" srcset=\"https:\/\/digital58.com.ve\/site\/wp-content\/uploads\/2020\/02\/extrema.jpg 800w, https:\/\/digital58.com.ve\/site\/wp-content\/uploads\/2020\/02\/extrema-300x200.jpg 300w, https:\/\/digital58.com.ve\/site\/wp-content\/uploads\/2020\/02\/extrema-768x512.jpg 768w, https:\/\/digital58.com.ve\/site\/wp-content\/uploads\/2020\/02\/extrema-720x480.jpg 720w, https:\/\/digital58.com.ve\/site\/wp-content\/uploads\/2020\/02\/extrema-480x320.jpg 480w\" sizes=\"auto, (max-width: 1500px) 100vw, 1500px\" \/><\/a><br \/>\nEn cuanto a la comida, contar\u00e1n de servicios de teque\u00f1os, parrillas, pinchos, hamburguesas, adem\u00e1s de tener una exclusividad con Coca Cola, 90 minutos y en la espera de formar alianzas con cervecer\u00edas de la ciudad.<\/p>\n<p>Se calculan que asistan 2.000 personas en la temporada de carnavales.<\/p>\n<p>Entre los planes a corto plazo est\u00e1 abrir una tasca restaurante, para disponer de una especie de discoteca, que en 15 d\u00edas o un mes estar\u00e1 disponible.<\/p>\n<p><a href=\"https:\/\/digital58.com.ve\/site\/wp-content\/uploads\/2020\/02\/extrema-7.jpg\"><img loading=\"lazy\" decoding=\"async\" class=\"aligncenter size-full wp-image-92946\" src=\"https:\/\/digital58.com.ve\/site\/wp-content\/uploads\/2020\/02\/extrema-7.jpg\" alt=\"\" width=\"1500\" height=\"1000\" srcset=\"https:\/\/digital58.com.ve\/site\/wp-content\/uploads\/2020\/02\/extrema-7.jpg 800w, https:\/\/digital58.com.ve\/site\/wp-content\/uploads\/2020\/02\/extrema-7-300x200.jpg 300w, https:\/\/digital58.com.ve\/site\/wp-content\/uploads\/2020\/02\/extrema-7-768x512.jpg 768w, https:\/\/digital58.com.ve\/site\/wp-content\/uploads\/2020\/02\/extrema-7-720x480.jpg 720w, https:\/\/digital58.com.ve\/site\/wp-content\/uploads\/2020\/02\/extrema-7-480x320.jpg 480w\" sizes=\"auto, (max-width: 1500px) 100vw, 1500px\" \/><\/a><br \/>\nCarlos Naranjo, presidente de la marca \u00abAventura Extrema\u00bb, se\u00f1al\u00f3 haber contado con aproximadamente un a\u00f1o con este proyecto y en tomarlo como una meta de crecimiento, luego de tres a\u00f1os cerrado y sin el mantenimiento adecuado \u00abse trabaj\u00f3 con capital privado y p\u00fablico por medio de la Alcald\u00eda de Maracaibo, para recuperar las instalaciones\u00bb.<\/p>\n<p><strong>Iniciativas y alianzas propicias<\/strong><\/p>\n<p>Mar\u00eda Ben\u00edtez, directora del sistema concentrado de Plazas y Parques de la ciudad de la Alcald\u00eda de Maracaibo, desde la iniciativa de retomar las riendas de la direcci\u00f3n de este parque, decidi\u00f3 hacer alianzas con la marca para darle una opci\u00f3n diferente a los zulianos de disfrutar y recrearse sanamente.<\/p>\n<p>Asimismo, resalt\u00f3 \u00abes un motivo de mucha alegr\u00eda poder decir que hemos rescatado el parque de agua de la Vereda del Lago, un parque que no estaba activo econ\u00f3micamente ni comercialmente\u00bb, siendo uno de los espacios p\u00fablicos m\u00e1s importantes de la ciudad es adem\u00e1s una atracci\u00f3n para el disfrute y recreaci\u00f3n de la familia maracaibera.<\/p>\n<p>Destac\u00f3 que este parque debe abrirse a la colectividad, siendo accesibles econ\u00f3micamente para que las personas puedan asistir.<\/p>\n<p>Adelant\u00f3 que para la segunda etapa de la costa de la Vereda del Lago tambi\u00e9n habr\u00e1n una serie de espacios comerciales muy importantes e interesantes en la ciudad. \u00abDentro de un mes, la\u00a0 Vereda del Lago tendr\u00e1 una peque\u00f1a rueda de negocios donde se ofertara m\u00e1s de 35 espacios comerciales que actualmente est\u00e1n rescindidos\u00bb. Todo esto de la mano de la empresa privada, pero con el objetivo principal de impulsar la recuperaci\u00f3n del parque, con un mantenimiento eficiente, \u00e1reas verdes, recreativa y deportiva.<\/p>\n<p><strong>Agenda de actividades<br \/>\n<\/strong><br \/>\nMichell Mendoza Directora de turismo de la Alcald\u00eda de Maracaibo, \u00abmuy oportuna la apertura del parque en vista del asueto que estamos iniciando el d\u00eda de hoy\u00bb. Aprovechando la oportunidad para recalcar que la Alcald\u00eda de Maracaibo ha preparado una agenda muy nutrida de actividades, para desarrollar una marca ciudad con el lema, \u00abMaracaibo pa\u2019 conocerla\u00bb, y lo que este puede representar a nivel nacional y a nivel mundial.<\/p>\n<p>Maracaibo va a participar esta vez en la Feria Internacional del Turismo con un <em>stand<\/em> para mostrar las potencialidades tur\u00edsticas de la ciudad. \u00abQueremos que la familia y los maracaiberos puedan vivir y conocer la ciudad, de la joya que tenemos en frente que es Maracaibo y este parque acu\u00e1tico no es la excepci\u00f3n\u00bb.<\/p>\n<p>La Vereda del Lago es el parque m\u00e1s importante que se tiene en la ciudad y que actualmente prevalezcan en \u00e9l lugares innovadores como este es beneficioso para la colectividad.<\/p>\n<p><a href=\"https:\/\/digital58.com.ve\/site\/wp-content\/uploads\/2020\/02\/extrema-6.jpg\"><img loading=\"lazy\" decoding=\"async\" class=\"aligncenter size-full wp-image-92947\" src=\"https:\/\/digital58.com.ve\/site\/wp-content\/uploads\/2020\/02\/extrema-6.jpg\" alt=\"\" width=\"1500\" height=\"1000\" srcset=\"https:\/\/digital58.com.ve\/site\/wp-content\/uploads\/2020\/02\/extrema-6.jpg 800w, https:\/\/digital58.com.ve\/site\/wp-content\/uploads\/2020\/02\/extrema-6-300x200.jpg 300w, https:\/\/digital58.com.ve\/site\/wp-content\/uploads\/2020\/02\/extrema-6-768x512.jpg 768w, https:\/\/digital58.com.ve\/site\/wp-content\/uploads\/2020\/02\/extrema-6-720x480.jpg 720w, https:\/\/digital58.com.ve\/site\/wp-content\/uploads\/2020\/02\/extrema-6-480x320.jpg 480w\" sizes=\"auto, (max-width: 1500px) 100vw, 1500px\" \/><\/a><br \/>\nEl horario para disfrutar de las instalaciones de Parque Acu\u00e1tico Aventura Extrema ser\u00e1 de 10:00 de la ma\u00f1ana a 5:00 de la tarde, contando con diferentes atracciones tanto musicales como culturales, fiestas nocturnas y m\u00e1s.<\/p>\n<p>El monto de las entradas ser\u00e1 de 5 d\u00f3lares para adultos y 3 d\u00f3lares para ni\u00f1os.<\/p>\n<p>Sus redes sociales @aventura.extremamcbo<\/p>\n<p><strong>Redacci\u00f3n: Montiel, Jeycel (@medicenjey_) <\/strong><br \/>\n<strong>Edici\u00f3n: Villasmil, Henry<\/strong><br \/>\n<strong>Gr\u00e1ficas: Villasmil, Henry (@villasmilhfoto)<\/strong><\/p>\n<p><a href=\"https:\/\/digital58.com.ve\/site\/wp-content\/uploads\/2020\/02\/extrema-5.jpg\"><img loading=\"lazy\" decoding=\"async\" class=\"aligncenter size-full wp-image-92948\" src=\"https:\/\/digital58.com.ve\/site\/wp-content\/uploads\/2020\/02\/extrema-5.jpg\" alt=\"\" width=\"1500\" height=\"1000\" srcset=\"https:\/\/digital58.com.ve\/site\/wp-content\/uploads\/2020\/02\/extrema-5.jpg 800w, https:\/\/digital58.com.ve\/site\/wp-content\/uploads\/2020\/02\/extrema-5-300x200.jpg 300w, https:\/\/digital58.com.ve\/site\/wp-content\/uploads\/2020\/02\/extrema-5-768x512.jpg 768w, https:\/\/digital58.com.ve\/site\/wp-content\/uploads\/2020\/02\/extrema-5-720x480.jpg 720w, https:\/\/digital58.com.ve\/site\/wp-content\/uploads\/2020\/02\/extrema-5-480x320.jpg 480w\" sizes=\"auto, (max-width: 1500px) 100vw, 1500px\" \/><\/a><\/p><div class=\"hooap69f182284a308\" ><p style=\"text-align: center;\"><a href=\"https:\/\/t.me\/noticiasdigital58\" target=\"_blank\" rel=\"noopener\"><img class=\"aligncenter size-full wp-image-125363\" src=\"https:\/\/digital58.com.ve\/site\/wp-content\/uploads\/2021\/04\/banner-telegram-web-2021.png\" alt=\"\" width=\"600\" height=\"90\" \/><\/a><\/p><\/div><style type=\"text\/css\">\r\n@media screen and (min-width: 1201px) {\r\n.hooap69f182284a308 {\r\ndisplay: block;\r\n}\r\n}\r\n@media screen and (min-width: 993px) and (max-width: 1200px) {\r\n.hooap69f182284a308 {\r\ndisplay: block;\r\n}\r\n}\r\n@media screen and (min-width: 769px) and (max-width: 992px) {\r\n.hooap69f182284a308 {\r\ndisplay: block;\r\n}\r\n}\r\n@media screen and (min-width: 768px) and (max-width: 768px) {\r\n.hooap69f182284a308 {\r\ndisplay: block;\r\n}\r\n}\r\n@media screen and (max-width: 767px) {\r\n.hooap69f182284a308 {\r\ndisplay: block;\r\n}\r\n}\r\n<\/style>\r\n\n<p><a href=\"https:\/\/digital58.com.ve\/site\/wp-content\/uploads\/2020\/02\/extrema-3.jpg\"><img loading=\"lazy\" decoding=\"async\" class=\"aligncenter size-full wp-image-92950\" src=\"https:\/\/digital58.com.ve\/site\/wp-content\/uploads\/2020\/02\/extrema-3.jpg\" alt=\"\" width=\"1500\" height=\"1000\" srcset=\"https:\/\/digital58.com.ve\/site\/wp-content\/uploads\/2020\/02\/extrema-3.jpg 800w, https:\/\/digital58.com.ve\/site\/wp-content\/uploads\/2020\/02\/extrema-3-300x200.jpg 300w, https:\/\/digital58.com.ve\/site\/wp-content\/uploads\/2020\/02\/extrema-3-768x512.jpg 768w, https:\/\/digital58.com.ve\/site\/wp-content\/uploads\/2020\/02\/extrema-3-720x480.jpg 720w, https:\/\/digital58.com.ve\/site\/wp-content\/uploads\/2020\/02\/extrema-3-480x320.jpg 480w\" sizes=\"auto, (max-width: 1500px) 100vw, 1500px\" \/><\/a><\/p>\n<div style=\"margin-top: 0px; margin-bottom: 0px;\" class=\"sharethis-inline-share-buttons\" ><\/div>","protected":false},"excerpt":{"rendered":"<p>A prop\u00f3sito del asueto de carnavales 2020 el Parque Acu\u00e1tico \u00abAventura Extrema\u00bb (@aventura.extremamcbo) llega a la Vereda del Lago para<\/p>\n","protected":false},"author":1,"featured_media":92949,"comment_status":"open","ping_status":"closed","sticky":false,"template":"","format":"standard","meta":{"colormag_page_container_layout":"default_layout","colormag_page_sidebar_layout":"default_layout","_uag_custom_page_level_css":"","footnotes":""},"categories":[5412,5404],"tags":[12880,13545,3068,73,1047,2636,2354,32,358,761],"class_list":["post-92945","post","type-post","status-publish","format-standard","has-post-thumbnail","hentry","category-donde_ir_maracaibo","category-turismo","tag-aventura-extrema","tag-carnavales-2020","tag-diversion","tag-maracaibo","tag-parque-acuatico","tag-piscinas","tag-regionales","tag-venezuela","tag-vereda-del-lago","tag-zulia"],"yoast_head":"<!-- This site is optimized with the Yoast SEO plugin v27.5 - https:\/\/yoast.com\/product\/yoast-seo-wordpress\/ -->\n<title>\u00abAventura Extrema\u00bb reactiva el parque acu\u00e1tico m\u00e1s grande de Maracaibo<\/title>\n<meta name=\"description\" content=\"\u00bfD\u00f3nde ir Maracaibo?\" \/>\n<meta name=\"robots\" content=\"index, follow, max-snippet:-1, max-image-preview:large, max-video-preview:-1\" \/>\n<link rel=\"canonical\" href=\"https:\/\/digital58.com.ve\/site\/2020\/02\/22\/aventura-extrema-reactiva-el-parque-acuatico-mas-grande-de-maracaibo\/\" \/>\n<meta property=\"og:locale\" content=\"es_ES\" \/>\n<meta property=\"og:type\" content=\"article\" \/>\n<meta property=\"og:title\" content=\"\u00abAventura Extrema\u00bb reactiva el parque acu\u00e1tico m\u00e1s grande de Maracaibo\" \/>\n<meta property=\"og:description\" content=\"\u00bfD\u00f3nde ir Maracaibo?\" \/>\n<meta property=\"og:url\" content=\"https:\/\/digital58.com.ve\/site\/2020\/02\/22\/aventura-extrema-reactiva-el-parque-acuatico-mas-grande-de-maracaibo\/\" \/>\n<meta property=\"og:site_name\" content=\"Noticias Digital58\" \/>\n<meta property=\"article:published_time\" content=\"2020-02-22T04:48:10+00:00\" \/>\n<meta property=\"article:modified_time\" content=\"2020-02-22T04:52:25+00:00\" \/>\n<meta property=\"og:image\" content=\"https:\/\/digital58.com.ve\/site\/wp-content\/uploads\/2020\/02\/extrema-4.jpg\" \/>\n\t<meta property=\"og:image:width\" content=\"1500\" \/>\n\t<meta property=\"og:image:height\" content=\"1000\" \/>\n\t<meta property=\"og:image:type\" content=\"image\/jpeg\" \/>\n<meta name=\"author\" content=\"Villasmil Henry\" \/>\n<meta name=\"twitter:card\" content=\"summary_large_image\" \/>\n<meta name=\"twitter:creator\" content=\"@https:\/\/twitter.com\/villasmilhfoto\" \/>\n<meta name=\"twitter:site\" content=\"@villasmilhfoto\" \/>\n<meta name=\"twitter:label1\" content=\"Escrito por\" \/>\n\t<meta name=\"twitter:data1\" content=\"Villasmil Henry\" \/>\n\t<meta name=\"twitter:label2\" content=\"Tiempo estimado de lectura\" \/>\n\t<meta name=\"twitter:data2\" content=\"4 minutos\" \/>\n<script type=\"application\/ld+json\" class=\"yoast-schema-graph\">{\"@context\":\"https:\\\/\\\/schema.org\",\"@graph\":[{\"@type\":\"Article\",\"@id\":\"https:\\\/\\\/digital58.com.ve\\\/site\\\/2020\\\/02\\\/22\\\/aventura-extrema-reactiva-el-parque-acuatico-mas-grande-de-maracaibo\\\/#article\",\"isPartOf\":{\"@id\":\"https:\\\/\\\/digital58.com.ve\\\/site\\\/2020\\\/02\\\/22\\\/aventura-extrema-reactiva-el-parque-acuatico-mas-grande-de-maracaibo\\\/\"},\"author\":{\"name\":\"Villasmil Henry\",\"@id\":\"https:\\\/\\\/digital58.com.ve\\\/site\\\/#\\\/schema\\\/person\\\/64d1c2e4d0d4fd1b849980c4331c2951\"},\"headline\":\"\u00abAventura Extrema\u00bb reactiva el parque acu\u00e1tico m\u00e1s grande de Maracaibo\",\"datePublished\":\"2020-02-22T04:48:10+00:00\",\"dateModified\":\"2020-02-22T04:52:25+00:00\",\"mainEntityOfPage\":{\"@id\":\"https:\\\/\\\/digital58.com.ve\\\/site\\\/2020\\\/02\\\/22\\\/aventura-extrema-reactiva-el-parque-acuatico-mas-grande-de-maracaibo\\\/\"},\"wordCount\":826,\"commentCount\":0,\"publisher\":{\"@id\":\"https:\\\/\\\/digital58.com.ve\\\/site\\\/#\\\/schema\\\/person\\\/64d1c2e4d0d4fd1b849980c4331c2951\"},\"image\":{\"@id\":\"https:\\\/\\\/digital58.com.ve\\\/site\\\/2020\\\/02\\\/22\\\/aventura-extrema-reactiva-el-parque-acuatico-mas-grande-de-maracaibo\\\/#primaryimage\"},\"thumbnailUrl\":\"https:\\\/\\\/digital58.com.ve\\\/site\\\/wp-content\\\/uploads\\\/2020\\\/02\\\/extrema-4.jpg\",\"keywords\":[\"Aventura Extrema\",\"Carnavales 2020\",\"Diversi\u00f3n\",\"Maracaibo\",\"Parque Acu\u00e1tico\",\"Piscinas\",\"Regionales\",\"Venezuela\",\"Vereda del Lago\",\"Zulia\"],\"articleSection\":[\"\u00bfD\u00f3nde ir Maracaibo?\",\"Turismo\"],\"inLanguage\":\"es\",\"potentialAction\":[{\"@type\":\"CommentAction\",\"name\":\"Comment\",\"target\":[\"https:\\\/\\\/digital58.com.ve\\\/site\\\/2020\\\/02\\\/22\\\/aventura-extrema-reactiva-el-parque-acuatico-mas-grande-de-maracaibo\\\/#respond\"]}]},{\"@type\":\"WebPage\",\"@id\":\"https:\\\/\\\/digital58.com.ve\\\/site\\\/2020\\\/02\\\/22\\\/aventura-extrema-reactiva-el-parque-acuatico-mas-grande-de-maracaibo\\\/\",\"url\":\"https:\\\/\\\/digital58.com.ve\\\/site\\\/2020\\\/02\\\/22\\\/aventura-extrema-reactiva-el-parque-acuatico-mas-grande-de-maracaibo\\\/\",\"name\":\"\u00abAventura Extrema\u00bb reactiva el parque acu\u00e1tico m\u00e1s grande de Maracaibo\",\"isPartOf\":{\"@id\":\"https:\\\/\\\/digital58.com.ve\\\/site\\\/#website\"},\"primaryImageOfPage\":{\"@id\":\"https:\\\/\\\/digital58.com.ve\\\/site\\\/2020\\\/02\\\/22\\\/aventura-extrema-reactiva-el-parque-acuatico-mas-grande-de-maracaibo\\\/#primaryimage\"},\"image\":{\"@id\":\"https:\\\/\\\/digital58.com.ve\\\/site\\\/2020\\\/02\\\/22\\\/aventura-extrema-reactiva-el-parque-acuatico-mas-grande-de-maracaibo\\\/#primaryimage\"},\"thumbnailUrl\":\"https:\\\/\\\/digital58.com.ve\\\/site\\\/wp-content\\\/uploads\\\/2020\\\/02\\\/extrema-4.jpg\",\"datePublished\":\"2020-02-22T04:48:10+00:00\",\"dateModified\":\"2020-02-22T04:52:25+00:00\",\"description\":\"\u00bfD\u00f3nde ir Maracaibo?\",\"breadcrumb\":{\"@id\":\"https:\\\/\\\/digital58.com.ve\\\/site\\\/2020\\\/02\\\/22\\\/aventura-extrema-reactiva-el-parque-acuatico-mas-grande-de-maracaibo\\\/#breadcrumb\"},\"inLanguage\":\"es\",\"potentialAction\":[{\"@type\":\"ReadAction\",\"target\":[\"https:\\\/\\\/digital58.com.ve\\\/site\\\/2020\\\/02\\\/22\\\/aventura-extrema-reactiva-el-parque-acuatico-mas-grande-de-maracaibo\\\/\"]}]},{\"@type\":\"ImageObject\",\"inLanguage\":\"es\",\"@id\":\"https:\\\/\\\/digital58.com.ve\\\/site\\\/2020\\\/02\\\/22\\\/aventura-extrema-reactiva-el-parque-acuatico-mas-grande-de-maracaibo\\\/#primaryimage\",\"url\":\"https:\\\/\\\/digital58.com.ve\\\/site\\\/wp-content\\\/uploads\\\/2020\\\/02\\\/extrema-4.jpg\",\"contentUrl\":\"https:\\\/\\\/digital58.com.ve\\\/site\\\/wp-content\\\/uploads\\\/2020\\\/02\\\/extrema-4.jpg\",\"width\":800,\"height\":533},{\"@type\":\"BreadcrumbList\",\"@id\":\"https:\\\/\\\/digital58.com.ve\\\/site\\\/2020\\\/02\\\/22\\\/aventura-extrema-reactiva-el-parque-acuatico-mas-grande-de-maracaibo\\\/#breadcrumb\",\"itemListElement\":[{\"@type\":\"ListItem\",\"position\":1,\"name\":\"Home\",\"item\":\"https:\\\/\\\/digital58.com.ve\\\/site\\\/\"},{\"@type\":\"ListItem\",\"position\":2,\"name\":\"\u00abAventura Extrema\u00bb reactiva el parque acu\u00e1tico m\u00e1s grande de Maracaibo\"}]},{\"@type\":\"WebSite\",\"@id\":\"https:\\\/\\\/digital58.com.ve\\\/site\\\/#website\",\"url\":\"https:\\\/\\\/digital58.com.ve\\\/site\\\/\",\"name\":\"Noticias Digital58\",\"description\":\"Portal de Noticias \u00a1Periodismo web de verdad! Lanzamiento web 22.11.2005 \\\/ Maracaibo, Venezuela\",\"publisher\":{\"@id\":\"https:\\\/\\\/digital58.com.ve\\\/site\\\/#\\\/schema\\\/person\\\/64d1c2e4d0d4fd1b849980c4331c2951\"},\"alternateName\":\"ND58\",\"potentialAction\":[{\"@type\":\"SearchAction\",\"target\":{\"@type\":\"EntryPoint\",\"urlTemplate\":\"https:\\\/\\\/digital58.com.ve\\\/site\\\/?s={search_term_string}\"},\"query-input\":{\"@type\":\"PropertyValueSpecification\",\"valueRequired\":true,\"valueName\":\"search_term_string\"}}],\"inLanguage\":\"es\"},{\"@type\":[\"Person\",\"Organization\"],\"@id\":\"https:\\\/\\\/digital58.com.ve\\\/site\\\/#\\\/schema\\\/person\\\/64d1c2e4d0d4fd1b849980c4331c2951\",\"name\":\"Villasmil Henry\",\"image\":{\"@type\":\"ImageObject\",\"inLanguage\":\"es\",\"@id\":\"https:\\\/\\\/secure.gravatar.com\\\/avatar\\\/bb0c4a2fcb7970138239f7e404ea75757b1b507b28b5ce4c53fbd62d797c5a7c?s=96&d=mm&r=g\",\"url\":\"https:\\\/\\\/secure.gravatar.com\\\/avatar\\\/bb0c4a2fcb7970138239f7e404ea75757b1b507b28b5ce4c53fbd62d797c5a7c?s=96&d=mm&r=g\",\"contentUrl\":\"https:\\\/\\\/secure.gravatar.com\\\/avatar\\\/bb0c4a2fcb7970138239f7e404ea75757b1b507b28b5ce4c53fbd62d797c5a7c?s=96&d=mm&r=g\",\"caption\":\"Villasmil Henry\"},\"logo\":{\"@id\":\"https:\\\/\\\/secure.gravatar.com\\\/avatar\\\/bb0c4a2fcb7970138239f7e404ea75757b1b507b28b5ce4c53fbd62d797c5a7c?s=96&d=mm&r=g\"},\"sameAs\":[\"http:\\\/\\\/www.henryvillasmil.com.ve\",\"https:\\\/\\\/www.instagram.com\\\/villasmilhfoto\\\/\",\"https:\\\/\\\/x.com\\\/https:\\\/\\\/twitter.com\\\/villasmilhfoto\"],\"url\":\"https:\\\/\\\/digital58.com.ve\\\/site\\\/author\\\/droopy_68\\\/\"}]}<\/script>\n<!-- \/ Yoast SEO plugin. -->","yoast_head_json":{"title":"\u00abAventura Extrema\u00bb reactiva el parque acu\u00e1tico m\u00e1s grande de Maracaibo","description":"\u00bfD\u00f3nde ir Maracaibo?","robots":{"index":"index","follow":"follow","max-snippet":"max-snippet:-1","max-image-preview":"max-image-preview:large","max-video-preview":"max-video-preview:-1"},"canonical":"https:\/\/digital58.com.ve\/site\/2020\/02\/22\/aventura-extrema-reactiva-el-parque-acuatico-mas-grande-de-maracaibo\/","og_locale":"es_ES","og_type":"article","og_title":"\u00abAventura Extrema\u00bb reactiva el parque acu\u00e1tico m\u00e1s grande de Maracaibo","og_description":"\u00bfD\u00f3nde ir Maracaibo?","og_url":"https:\/\/digital58.com.ve\/site\/2020\/02\/22\/aventura-extrema-reactiva-el-parque-acuatico-mas-grande-de-maracaibo\/","og_site_name":"Noticias Digital58","article_published_time":"2020-02-22T04:48:10+00:00","article_modified_time":"2020-02-22T04:52:25+00:00","og_image":[{"width":1500,"height":1000,"url":"https:\/\/digital58.com.ve\/site\/wp-content\/uploads\/2020\/02\/extrema-4.jpg","type":"image\/jpeg"}],"author":"Villasmil Henry","twitter_card":"summary_large_image","twitter_creator":"@https:\/\/twitter.com\/villasmilhfoto","twitter_site":"@villasmilhfoto","twitter_misc":{"Escrito por":"Villasmil Henry","Tiempo estimado de lectura":"4 minutos"},"schema":{"@context":"https:\/\/schema.org","@graph":[{"@type":"Article","@id":"https:\/\/digital58.com.ve\/site\/2020\/02\/22\/aventura-extrema-reactiva-el-parque-acuatico-mas-grande-de-maracaibo\/#article","isPartOf":{"@id":"https:\/\/digital58.com.ve\/site\/2020\/02\/22\/aventura-extrema-reactiva-el-parque-acuatico-mas-grande-de-maracaibo\/"},"author":{"name":"Villasmil Henry","@id":"https:\/\/digital58.com.ve\/site\/#\/schema\/person\/64d1c2e4d0d4fd1b849980c4331c2951"},"headline":"\u00abAventura Extrema\u00bb reactiva el parque acu\u00e1tico m\u00e1s grande de Maracaibo","datePublished":"2020-02-22T04:48:10+00:00","dateModified":"2020-02-22T04:52:25+00:00","mainEntityOfPage":{"@id":"https:\/\/digital58.com.ve\/site\/2020\/02\/22\/aventura-extrema-reactiva-el-parque-acuatico-mas-grande-de-maracaibo\/"},"wordCount":826,"commentCount":0,"publisher":{"@id":"https:\/\/digital58.com.ve\/site\/#\/schema\/person\/64d1c2e4d0d4fd1b849980c4331c2951"},"image":{"@id":"https:\/\/digital58.com.ve\/site\/2020\/02\/22\/aventura-extrema-reactiva-el-parque-acuatico-mas-grande-de-maracaibo\/#primaryimage"},"thumbnailUrl":"https:\/\/digital58.com.ve\/site\/wp-content\/uploads\/2020\/02\/extrema-4.jpg","keywords":["Aventura Extrema","Carnavales 2020","Diversi\u00f3n","Maracaibo","Parque Acu\u00e1tico","Piscinas","Regionales","Venezuela","Vereda del Lago","Zulia"],"articleSection":["\u00bfD\u00f3nde ir Maracaibo?","Turismo"],"inLanguage":"es","potentialAction":[{"@type":"CommentAction","name":"Comment","target":["https:\/\/digital58.com.ve\/site\/2020\/02\/22\/aventura-extrema-reactiva-el-parque-acuatico-mas-grande-de-maracaibo\/#respond"]}]},{"@type":"WebPage","@id":"https:\/\/digital58.com.ve\/site\/2020\/02\/22\/aventura-extrema-reactiva-el-parque-acuatico-mas-grande-de-maracaibo\/","url":"https:\/\/digital58.com.ve\/site\/2020\/02\/22\/aventura-extrema-reactiva-el-parque-acuatico-mas-grande-de-maracaibo\/","name":"\u00abAventura Extrema\u00bb reactiva el parque acu\u00e1tico m\u00e1s grande de Maracaibo","isPartOf":{"@id":"https:\/\/digital58.com.ve\/site\/#website"},"primaryImageOfPage":{"@id":"https:\/\/digital58.com.ve\/site\/2020\/02\/22\/aventura-extrema-reactiva-el-parque-acuatico-mas-grande-de-maracaibo\/#primaryimage"},"image":{"@id":"https:\/\/digital58.com.ve\/site\/2020\/02\/22\/aventura-extrema-reactiva-el-parque-acuatico-mas-grande-de-maracaibo\/#primaryimage"},"thumbnailUrl":"https:\/\/digital58.com.ve\/site\/wp-content\/uploads\/2020\/02\/extrema-4.jpg","datePublished":"2020-02-22T04:48:10+00:00","dateModified":"2020-02-22T04:52:25+00:00","description":"\u00bfD\u00f3nde ir Maracaibo?","breadcrumb":{"@id":"https:\/\/digital58.com.ve\/site\/2020\/02\/22\/aventura-extrema-reactiva-el-parque-acuatico-mas-grande-de-maracaibo\/#breadcrumb"},"inLanguage":"es","potentialAction":[{"@type":"ReadAction","target":["https:\/\/digital58.com.ve\/site\/2020\/02\/22\/aventura-extrema-reactiva-el-parque-acuatico-mas-grande-de-maracaibo\/"]}]},{"@type":"ImageObject","inLanguage":"es","@id":"https:\/\/digital58.com.ve\/site\/2020\/02\/22\/aventura-extrema-reactiva-el-parque-acuatico-mas-grande-de-maracaibo\/#primaryimage","url":"https:\/\/digital58.com.ve\/site\/wp-content\/uploads\/2020\/02\/extrema-4.jpg","contentUrl":"https:\/\/digital58.com.ve\/site\/wp-content\/uploads\/2020\/02\/extrema-4.jpg","width":800,"height":533},{"@type":"BreadcrumbList","@id":"https:\/\/digital58.com.ve\/site\/2020\/02\/22\/aventura-extrema-reactiva-el-parque-acuatico-mas-grande-de-maracaibo\/#breadcrumb","itemListElement":[{"@type":"ListItem","position":1,"name":"Home","item":"https:\/\/digital58.com.ve\/site\/"},{"@type":"ListItem","position":2,"name":"\u00abAventura Extrema\u00bb reactiva el parque acu\u00e1tico m\u00e1s grande de Maracaibo"}]},{"@type":"WebSite","@id":"https:\/\/digital58.com.ve\/site\/#website","url":"https:\/\/digital58.com.ve\/site\/","name":"Noticias Digital58","description":"Portal de Noticias \u00a1Periodismo web de verdad! Lanzamiento web 22.11.2005 \/ Maracaibo, Venezuela","publisher":{"@id":"https:\/\/digital58.com.ve\/site\/#\/schema\/person\/64d1c2e4d0d4fd1b849980c4331c2951"},"alternateName":"ND58","potentialAction":[{"@type":"SearchAction","target":{"@type":"EntryPoint","urlTemplate":"https:\/\/digital58.com.ve\/site\/?s={search_term_string}"},"query-input":{"@type":"PropertyValueSpecification","valueRequired":true,"valueName":"search_term_string"}}],"inLanguage":"es"},{"@type":["Person","Organization"],"@id":"https:\/\/digital58.com.ve\/site\/#\/schema\/person\/64d1c2e4d0d4fd1b849980c4331c2951","name":"Villasmil Henry","image":{"@type":"ImageObject","inLanguage":"es","@id":"https:\/\/secure.gravatar.com\/avatar\/bb0c4a2fcb7970138239f7e404ea75757b1b507b28b5ce4c53fbd62d797c5a7c?s=96&d=mm&r=g","url":"https:\/\/secure.gravatar.com\/avatar\/bb0c4a2fcb7970138239f7e404ea75757b1b507b28b5ce4c53fbd62d797c5a7c?s=96&d=mm&r=g","contentUrl":"https:\/\/secure.gravatar.com\/avatar\/bb0c4a2fcb7970138239f7e404ea75757b1b507b28b5ce4c53fbd62d797c5a7c?s=96&d=mm&r=g","caption":"Villasmil Henry"},"logo":{"@id":"https:\/\/secure.gravatar.com\/avatar\/bb0c4a2fcb7970138239f7e404ea75757b1b507b28b5ce4c53fbd62d797c5a7c?s=96&d=mm&r=g"},"sameAs":["http:\/\/www.henryvillasmil.com.ve","https:\/\/www.instagram.com\/villasmilhfoto\/","https:\/\/x.com\/https:\/\/twitter.com\/villasmilhfoto"],"url":"https:\/\/digital58.com.ve\/site\/author\/droopy_68\/"}]}},"uagb_featured_image_src":{"full":["https:\/\/digital58.com.ve\/site\/wp-content\/uploads\/2020\/02\/extrema-4.jpg",800,533,false],"thumbnail":["https:\/\/digital58.com.ve\/site\/wp-content\/uploads\/2020\/02\/extrema-4-150x150.jpg",150,150,true],"medium":["https:\/\/digital58.com.ve\/site\/wp-content\/uploads\/2020\/02\/extrema-4-300x200.jpg",300,200,true],"medium_large":["https:\/\/digital58.com.ve\/site\/wp-content\/uploads\/2020\/02\/extrema-4-768x512.jpg",768,512,true],"large":["https:\/\/digital58.com.ve\/site\/wp-content\/uploads\/2020\/02\/extrema-4.jpg",800,533,false],"1536x1536":["https:\/\/digital58.com.ve\/site\/wp-content\/uploads\/2020\/02\/extrema-4.jpg",800,533,false],"2048x2048":["https:\/\/digital58.com.ve\/site\/wp-content\/uploads\/2020\/02\/extrema-4.jpg",800,533,false],"colormag-highlighted-post":["https:\/\/digital58.com.ve\/site\/wp-content\/uploads\/2020\/02\/extrema-4.jpg",392,261,false],"colormag-featured-post-medium":["https:\/\/digital58.com.ve\/site\/wp-content\/uploads\/2020\/02\/extrema-4.jpg",308,205,false],"colormag-featured-post-small":["https:\/\/digital58.com.ve\/site\/wp-content\/uploads\/2020\/02\/extrema-4.jpg",130,87,false],"colormag-featured-image":["https:\/\/digital58.com.ve\/site\/wp-content\/uploads\/2020\/02\/extrema-4.jpg",668,445,false],"colormag-default-news":["https:\/\/digital58.com.ve\/site\/wp-content\/uploads\/2020\/02\/extrema-4.jpg",150,100,false],"colormag-featured-image-large":["https:\/\/digital58.com.ve\/site\/wp-content\/uploads\/2020\/02\/extrema-4.jpg",800,533,false]},"uagb_author_info":{"display_name":"Villasmil Henry","author_link":"https:\/\/digital58.com.ve\/site\/author\/droopy_68\/"},"uagb_comment_info":0,"uagb_excerpt":"A prop\u00f3sito del asueto de carnavales 2020 el Parque Acu\u00e1tico \u00abAventura Extrema\u00bb (@aventura.extremamcbo) llega a la Vereda del Lago para","_links":{"self":[{"href":"https:\/\/digital58.com.ve\/site\/wp-json\/wp\/v2\/posts\/92945","targetHints":{"allow":["GET"]}}],"collection":[{"href":"https:\/\/digital58.com.ve\/site\/wp-json\/wp\/v2\/posts"}],"about":[{"href":"https:\/\/digital58.com.ve\/site\/wp-json\/wp\/v2\/types\/post"}],"author":[{"embeddable":true,"href":"https:\/\/digital58.com.ve\/site\/wp-json\/wp\/v2\/users\/1"}],"replies":[{"embeddable":true,"href":"https:\/\/digital58.com.ve\/site\/wp-json\/wp\/v2\/comments?post=92945"}],"version-history":[{"count":0,"href":"https:\/\/digital58.com.ve\/site\/wp-json\/wp\/v2\/posts\/92945\/revisions"}],"wp:featuredmedia":[{"embeddable":true,"href":"https:\/\/digital58.com.ve\/site\/wp-json\/wp\/v2\/media\/92949"}],"wp:attachment":[{"href":"https:\/\/digital58.com.ve\/site\/wp-json\/wp\/v2\/media?parent=92945"}],"wp:term":[{"taxonomy":"category","embeddable":true,"href":"https:\/\/digital58.com.ve\/site\/wp-json\/wp\/v2\/categories?post=92945"},{"taxonomy":"post_tag","embeddable":true,"href":"https:\/\/digital58.com.ve\/site\/wp-json\/wp\/v2\/tags?post=92945"}],"curies":[{"name":"wp","href":"https:\/\/api.w.org\/{rel}","templated":true}]}}