{"id":93310,"date":"2020-02-25T22:29:32","date_gmt":"2020-02-26T02:29:32","guid":{"rendered":"https:\/\/digital58.com.ve\/site\/?p=93310"},"modified":"2020-02-25T22:31:16","modified_gmt":"2020-02-26T02:31:16","slug":"brasil-en-alerta-por-un-posible-caso-de-coronavirus-la-primera-prueba-dio-positivo","status":"publish","type":"post","link":"https:\/\/digital58.com.ve\/site\/2020\/02\/25\/brasil-en-alerta-por-un-posible-caso-de-coronavirus-la-primera-prueba-dio-positivo\/","title":{"rendered":"Brasil en alerta por un posible caso de coronavirus: la primera prueba dio positivo"},"content":{"rendered":"<p><a href=\"https:\/\/digital58.com.ve\/site\/wp-content\/uploads\/2020\/02\/coronavirus-brasil.jpg\"><img loading=\"lazy\" decoding=\"async\" class=\"aligncenter size-full wp-image-93311\" src=\"https:\/\/digital58.com.ve\/site\/wp-content\/uploads\/2020\/02\/coronavirus-brasil.jpg\" alt=\"\" width=\"1068\" height=\"620\" srcset=\"https:\/\/digital58.com.ve\/site\/wp-content\/uploads\/2020\/02\/coronavirus-brasil.jpg 800w, https:\/\/digital58.com.ve\/site\/wp-content\/uploads\/2020\/02\/coronavirus-brasil-300x174.jpg 300w, https:\/\/digital58.com.ve\/site\/wp-content\/uploads\/2020\/02\/coronavirus-brasil-768x446.jpg 768w\" sizes=\"auto, (max-width: 1068px) 100vw, 1068px\" \/><\/a><br \/>\nEl hombre lleg\u00f3 a San Pablo con s\u00edntomas de la enfermedad. Esperan una contraprueba para confirmar el caso. Un brasile\u00f1o de 61 a\u00f1os que estuvo en el norte de Italia entre el 9 y el 21 de febrero dio positivo en la primera prueba de coronavirus que le hicieron en un hospital de San Pablo.<\/p>\n<p><strong>Brasil, 25 de febrero de 2020 (ND58).-<\/strong> Los primeros an\u00e1lisis a esa persona fueron realizados este martes en el hospital Albert Einstein, situado en la zona sur de la ciudad, donde se encuentra ingresado.<\/p>\n<p>El diario O Globo indic\u00f3 que le realizaron un segundo examen para confirmar la enfermedad y el resultado est\u00e1 programado para este mi\u00e9rcoles, seg\u00fan el Ministerio de Salud.<\/p>\n<p>Los primeros resultados son considerados a\u00fan como \u00abpreliminares\u00bb y fueron enviados al Instituto Adolfo Lutz, para que sea realizado un nuevo an\u00e1lisis, antes de que realmente el caso se confirme oficialmente como el primero de coronavirus en el pa\u00eds.<\/p>\n<p>Las autoridades del Ministerio de Salud dijeron que conf\u00edan en que el resultado de ese nuevo examen pueda ser conocido este mi\u00e9rcoles, cuando en funci\u00f3n de la conclusi\u00f3n de los m\u00e9dicos ser\u00edan adoptadas una serie de medidas adicionales de prevenci\u00f3n.<\/p>\n<p>Seg\u00fan fuentes del hospital Albert Einstein, uno de los institutos m\u00e9dicos m\u00e1s prestigiosos del pa\u00eds, el paciente present\u00f3 algunos s\u00edntomas caracter\u00edsticos del coronavirus, como fiebre, tos, dolores en la garganta y picaz\u00f3n en la piel, pero se encuentra bien y por el momento no corre riesgos.<\/p>\n<p>Hasta este lunes, las autoridades sanitarias brasile\u00f1as investigaron 154 casos sospechosos, pero 51 fueron descartados y otros 102 fueron clasificados como \u00abexcluidos\u00bb por no encajar en la definici\u00f3n de la Organizaci\u00f3n Mundial de la Salud (OMS) para el coronavirus.<\/p>\n<p>El caso bajo investigaci\u00f3n es de una brasile\u00f1a de 21 a\u00f1os, que reside en China y se encuentra actualmente en R\u00edo de Janeiro.<\/p><div class=\"vtkec69f07a25bccbb\" ><p style=\"text-align: center;\"><a href=\"https:\/\/t.me\/noticiasdigital58\" target=\"_blank\" rel=\"noopener\"><img class=\"aligncenter size-full wp-image-125363\" src=\"https:\/\/digital58.com.ve\/site\/wp-content\/uploads\/2021\/04\/banner-telegram-web-2021.png\" alt=\"\" width=\"600\" height=\"90\" \/><\/a><\/p><\/div><style type=\"text\/css\">\r\n@media screen and (min-width: 1201px) {\r\n.vtkec69f07a25bccbb {\r\ndisplay: block;\r\n}\r\n}\r\n@media screen and (min-width: 993px) and (max-width: 1200px) {\r\n.vtkec69f07a25bccbb {\r\ndisplay: block;\r\n}\r\n}\r\n@media screen and (min-width: 769px) and (max-width: 992px) {\r\n.vtkec69f07a25bccbb {\r\ndisplay: block;\r\n}\r\n}\r\n@media screen and (min-width: 768px) and (max-width: 768px) {\r\n.vtkec69f07a25bccbb {\r\ndisplay: block;\r\n}\r\n}\r\n@media screen and (max-width: 767px) {\r\n.vtkec69f07a25bccbb {\r\ndisplay: block;\r\n}\r\n}\r\n<\/style>\r\n\n<p><strong>Redacci\u00f3n con fuente: EFE<\/strong><br \/>\n<strong>Edici\u00f3n: Villasmil, Henry<\/strong><br \/>\n<strong>Gr\u00e1fica: cortes\u00eda EFE<\/strong><\/p>\n<div style=\"margin-top: 0px; margin-bottom: 0px;\" class=\"sharethis-inline-share-buttons\" ><\/div>","protected":false},"excerpt":{"rendered":"<p>El hombre lleg\u00f3 a San Pablo con s\u00edntomas de la enfermedad. Esperan una contraprueba para confirmar el caso. Un brasile\u00f1o<\/p>\n","protected":false},"author":1,"featured_media":93311,"comment_status":"open","ping_status":"closed","sticky":false,"template":"","format":"standard","meta":{"colormag_page_container_layout":"default_layout","colormag_page_sidebar_layout":"default_layout","_uag_custom_page_level_css":"","footnotes":""},"categories":[5405],"tags":[35,13352,13367,8,2193],"class_list":["post-93310","post","type-post","status-publish","format-standard","has-post-thumbnail","hentry","category-salud","tag-brasil","tag-coronavirus","tag-emergencia-internacional","tag-internacionales","tag-virus"],"yoast_head":"<!-- This site is optimized with the Yoast SEO plugin v27.4 - https:\/\/yoast.com\/product\/yoast-seo-wordpress\/ -->\n<title>Brasil en alerta por un posible caso de coronavirus: la primera prueba dio positivo<\/title>\n<meta name=\"description\" content=\"Salud\" \/>\n<meta name=\"robots\" content=\"index, follow, max-snippet:-1, max-image-preview:large, max-video-preview:-1\" \/>\n<link rel=\"canonical\" href=\"https:\/\/digital58.com.ve\/site\/2020\/02\/25\/brasil-en-alerta-por-un-posible-caso-de-coronavirus-la-primera-prueba-dio-positivo\/\" \/>\n<meta property=\"og:locale\" content=\"es_ES\" \/>\n<meta property=\"og:type\" content=\"article\" \/>\n<meta property=\"og:title\" content=\"Brasil en alerta por un posible caso de coronavirus: la primera prueba dio positivo\" \/>\n<meta property=\"og:description\" content=\"Salud\" \/>\n<meta property=\"og:url\" content=\"https:\/\/digital58.com.ve\/site\/2020\/02\/25\/brasil-en-alerta-por-un-posible-caso-de-coronavirus-la-primera-prueba-dio-positivo\/\" \/>\n<meta property=\"og:site_name\" content=\"Noticias Digital58\" \/>\n<meta property=\"article:published_time\" content=\"2020-02-26T02:29:32+00:00\" \/>\n<meta property=\"article:modified_time\" content=\"2020-02-26T02:31:16+00:00\" \/>\n<meta property=\"og:image\" content=\"https:\/\/digital58.com.ve\/site\/wp-content\/uploads\/2020\/02\/coronavirus-brasil.jpg\" \/>\n\t<meta property=\"og:image:width\" content=\"1068\" \/>\n\t<meta property=\"og:image:height\" content=\"620\" \/>\n\t<meta property=\"og:image:type\" content=\"image\/jpeg\" \/>\n<meta name=\"author\" content=\"Villasmil Henry\" \/>\n<meta name=\"twitter:card\" content=\"summary_large_image\" \/>\n<meta name=\"twitter:creator\" content=\"@https:\/\/twitter.com\/villasmilhfoto\" \/>\n<meta name=\"twitter:site\" content=\"@villasmilhfoto\" \/>\n<meta name=\"twitter:label1\" content=\"Escrito por\" \/>\n\t<meta name=\"twitter:data1\" content=\"Villasmil Henry\" \/>\n\t<meta name=\"twitter:label2\" content=\"Tiempo estimado de lectura\" \/>\n\t<meta name=\"twitter:data2\" content=\"2 minutos\" \/>\n<script type=\"application\/ld+json\" class=\"yoast-schema-graph\">{\"@context\":\"https:\\\/\\\/schema.org\",\"@graph\":[{\"@type\":\"Article\",\"@id\":\"https:\\\/\\\/digital58.com.ve\\\/site\\\/2020\\\/02\\\/25\\\/brasil-en-alerta-por-un-posible-caso-de-coronavirus-la-primera-prueba-dio-positivo\\\/#article\",\"isPartOf\":{\"@id\":\"https:\\\/\\\/digital58.com.ve\\\/site\\\/2020\\\/02\\\/25\\\/brasil-en-alerta-por-un-posible-caso-de-coronavirus-la-primera-prueba-dio-positivo\\\/\"},\"author\":{\"name\":\"Villasmil Henry\",\"@id\":\"https:\\\/\\\/digital58.com.ve\\\/site\\\/#\\\/schema\\\/person\\\/64d1c2e4d0d4fd1b849980c4331c2951\"},\"headline\":\"Brasil en alerta por un posible caso de coronavirus: la primera prueba dio positivo\",\"datePublished\":\"2020-02-26T02:29:32+00:00\",\"dateModified\":\"2020-02-26T02:31:16+00:00\",\"mainEntityOfPage\":{\"@id\":\"https:\\\/\\\/digital58.com.ve\\\/site\\\/2020\\\/02\\\/25\\\/brasil-en-alerta-por-un-posible-caso-de-coronavirus-la-primera-prueba-dio-positivo\\\/\"},\"wordCount\":354,\"commentCount\":0,\"publisher\":{\"@id\":\"https:\\\/\\\/digital58.com.ve\\\/site\\\/#\\\/schema\\\/person\\\/64d1c2e4d0d4fd1b849980c4331c2951\"},\"image\":{\"@id\":\"https:\\\/\\\/digital58.com.ve\\\/site\\\/2020\\\/02\\\/25\\\/brasil-en-alerta-por-un-posible-caso-de-coronavirus-la-primera-prueba-dio-positivo\\\/#primaryimage\"},\"thumbnailUrl\":\"https:\\\/\\\/digital58.com.ve\\\/site\\\/wp-content\\\/uploads\\\/2020\\\/02\\\/coronavirus-brasil.jpg\",\"keywords\":[\"Brasil\",\"Coronavirus\",\"Emergencia Internacional\",\"Internacionales\",\"Virus\"],\"articleSection\":[\"Salud\"],\"inLanguage\":\"es\",\"potentialAction\":[{\"@type\":\"CommentAction\",\"name\":\"Comment\",\"target\":[\"https:\\\/\\\/digital58.com.ve\\\/site\\\/2020\\\/02\\\/25\\\/brasil-en-alerta-por-un-posible-caso-de-coronavirus-la-primera-prueba-dio-positivo\\\/#respond\"]}]},{\"@type\":\"WebPage\",\"@id\":\"https:\\\/\\\/digital58.com.ve\\\/site\\\/2020\\\/02\\\/25\\\/brasil-en-alerta-por-un-posible-caso-de-coronavirus-la-primera-prueba-dio-positivo\\\/\",\"url\":\"https:\\\/\\\/digital58.com.ve\\\/site\\\/2020\\\/02\\\/25\\\/brasil-en-alerta-por-un-posible-caso-de-coronavirus-la-primera-prueba-dio-positivo\\\/\",\"name\":\"Brasil en alerta por un posible caso de coronavirus: la primera prueba dio positivo\",\"isPartOf\":{\"@id\":\"https:\\\/\\\/digital58.com.ve\\\/site\\\/#website\"},\"primaryImageOfPage\":{\"@id\":\"https:\\\/\\\/digital58.com.ve\\\/site\\\/2020\\\/02\\\/25\\\/brasil-en-alerta-por-un-posible-caso-de-coronavirus-la-primera-prueba-dio-positivo\\\/#primaryimage\"},\"image\":{\"@id\":\"https:\\\/\\\/digital58.com.ve\\\/site\\\/2020\\\/02\\\/25\\\/brasil-en-alerta-por-un-posible-caso-de-coronavirus-la-primera-prueba-dio-positivo\\\/#primaryimage\"},\"thumbnailUrl\":\"https:\\\/\\\/digital58.com.ve\\\/site\\\/wp-content\\\/uploads\\\/2020\\\/02\\\/coronavirus-brasil.jpg\",\"datePublished\":\"2020-02-26T02:29:32+00:00\",\"dateModified\":\"2020-02-26T02:31:16+00:00\",\"description\":\"Salud\",\"breadcrumb\":{\"@id\":\"https:\\\/\\\/digital58.com.ve\\\/site\\\/2020\\\/02\\\/25\\\/brasil-en-alerta-por-un-posible-caso-de-coronavirus-la-primera-prueba-dio-positivo\\\/#breadcrumb\"},\"inLanguage\":\"es\",\"potentialAction\":[{\"@type\":\"ReadAction\",\"target\":[\"https:\\\/\\\/digital58.com.ve\\\/site\\\/2020\\\/02\\\/25\\\/brasil-en-alerta-por-un-posible-caso-de-coronavirus-la-primera-prueba-dio-positivo\\\/\"]}]},{\"@type\":\"ImageObject\",\"inLanguage\":\"es\",\"@id\":\"https:\\\/\\\/digital58.com.ve\\\/site\\\/2020\\\/02\\\/25\\\/brasil-en-alerta-por-un-posible-caso-de-coronavirus-la-primera-prueba-dio-positivo\\\/#primaryimage\",\"url\":\"https:\\\/\\\/digital58.com.ve\\\/site\\\/wp-content\\\/uploads\\\/2020\\\/02\\\/coronavirus-brasil.jpg\",\"contentUrl\":\"https:\\\/\\\/digital58.com.ve\\\/site\\\/wp-content\\\/uploads\\\/2020\\\/02\\\/coronavirus-brasil.jpg\",\"width\":800,\"height\":464},{\"@type\":\"BreadcrumbList\",\"@id\":\"https:\\\/\\\/digital58.com.ve\\\/site\\\/2020\\\/02\\\/25\\\/brasil-en-alerta-por-un-posible-caso-de-coronavirus-la-primera-prueba-dio-positivo\\\/#breadcrumb\",\"itemListElement\":[{\"@type\":\"ListItem\",\"position\":1,\"name\":\"Home\",\"item\":\"https:\\\/\\\/digital58.com.ve\\\/site\\\/\"},{\"@type\":\"ListItem\",\"position\":2,\"name\":\"Brasil en alerta por un posible caso de coronavirus: la primera prueba dio positivo\"}]},{\"@type\":\"WebSite\",\"@id\":\"https:\\\/\\\/digital58.com.ve\\\/site\\\/#website\",\"url\":\"https:\\\/\\\/digital58.com.ve\\\/site\\\/\",\"name\":\"Noticias Digital58\",\"description\":\"Portal de Noticias \u00a1Periodismo web de verdad! Lanzamiento web 22.11.2005 \\\/ Maracaibo, Venezuela\",\"publisher\":{\"@id\":\"https:\\\/\\\/digital58.com.ve\\\/site\\\/#\\\/schema\\\/person\\\/64d1c2e4d0d4fd1b849980c4331c2951\"},\"alternateName\":\"ND58\",\"potentialAction\":[{\"@type\":\"SearchAction\",\"target\":{\"@type\":\"EntryPoint\",\"urlTemplate\":\"https:\\\/\\\/digital58.com.ve\\\/site\\\/?s={search_term_string}\"},\"query-input\":{\"@type\":\"PropertyValueSpecification\",\"valueRequired\":true,\"valueName\":\"search_term_string\"}}],\"inLanguage\":\"es\"},{\"@type\":[\"Person\",\"Organization\"],\"@id\":\"https:\\\/\\\/digital58.com.ve\\\/site\\\/#\\\/schema\\\/person\\\/64d1c2e4d0d4fd1b849980c4331c2951\",\"name\":\"Villasmil Henry\",\"image\":{\"@type\":\"ImageObject\",\"inLanguage\":\"es\",\"@id\":\"https:\\\/\\\/secure.gravatar.com\\\/avatar\\\/bb0c4a2fcb7970138239f7e404ea75757b1b507b28b5ce4c53fbd62d797c5a7c?s=96&d=mm&r=g\",\"url\":\"https:\\\/\\\/secure.gravatar.com\\\/avatar\\\/bb0c4a2fcb7970138239f7e404ea75757b1b507b28b5ce4c53fbd62d797c5a7c?s=96&d=mm&r=g\",\"contentUrl\":\"https:\\\/\\\/secure.gravatar.com\\\/avatar\\\/bb0c4a2fcb7970138239f7e404ea75757b1b507b28b5ce4c53fbd62d797c5a7c?s=96&d=mm&r=g\",\"caption\":\"Villasmil Henry\"},\"logo\":{\"@id\":\"https:\\\/\\\/secure.gravatar.com\\\/avatar\\\/bb0c4a2fcb7970138239f7e404ea75757b1b507b28b5ce4c53fbd62d797c5a7c?s=96&d=mm&r=g\"},\"sameAs\":[\"http:\\\/\\\/www.henryvillasmil.com.ve\",\"https:\\\/\\\/www.instagram.com\\\/villasmilhfoto\\\/\",\"https:\\\/\\\/x.com\\\/https:\\\/\\\/twitter.com\\\/villasmilhfoto\"],\"url\":\"https:\\\/\\\/digital58.com.ve\\\/site\\\/author\\\/droopy_68\\\/\"}]}<\/script>\n<!-- \/ Yoast SEO plugin. -->","yoast_head_json":{"title":"Brasil en alerta por un posible caso de coronavirus: la primera prueba dio positivo","description":"Salud","robots":{"index":"index","follow":"follow","max-snippet":"max-snippet:-1","max-image-preview":"max-image-preview:large","max-video-preview":"max-video-preview:-1"},"canonical":"https:\/\/digital58.com.ve\/site\/2020\/02\/25\/brasil-en-alerta-por-un-posible-caso-de-coronavirus-la-primera-prueba-dio-positivo\/","og_locale":"es_ES","og_type":"article","og_title":"Brasil en alerta por un posible caso de coronavirus: la primera prueba dio positivo","og_description":"Salud","og_url":"https:\/\/digital58.com.ve\/site\/2020\/02\/25\/brasil-en-alerta-por-un-posible-caso-de-coronavirus-la-primera-prueba-dio-positivo\/","og_site_name":"Noticias Digital58","article_published_time":"2020-02-26T02:29:32+00:00","article_modified_time":"2020-02-26T02:31:16+00:00","og_image":[{"width":1068,"height":620,"url":"https:\/\/digital58.com.ve\/site\/wp-content\/uploads\/2020\/02\/coronavirus-brasil.jpg","type":"image\/jpeg"}],"author":"Villasmil Henry","twitter_card":"summary_large_image","twitter_creator":"@https:\/\/twitter.com\/villasmilhfoto","twitter_site":"@villasmilhfoto","twitter_misc":{"Escrito por":"Villasmil Henry","Tiempo estimado de lectura":"2 minutos"},"schema":{"@context":"https:\/\/schema.org","@graph":[{"@type":"Article","@id":"https:\/\/digital58.com.ve\/site\/2020\/02\/25\/brasil-en-alerta-por-un-posible-caso-de-coronavirus-la-primera-prueba-dio-positivo\/#article","isPartOf":{"@id":"https:\/\/digital58.com.ve\/site\/2020\/02\/25\/brasil-en-alerta-por-un-posible-caso-de-coronavirus-la-primera-prueba-dio-positivo\/"},"author":{"name":"Villasmil Henry","@id":"https:\/\/digital58.com.ve\/site\/#\/schema\/person\/64d1c2e4d0d4fd1b849980c4331c2951"},"headline":"Brasil en alerta por un posible caso de coronavirus: la primera prueba dio positivo","datePublished":"2020-02-26T02:29:32+00:00","dateModified":"2020-02-26T02:31:16+00:00","mainEntityOfPage":{"@id":"https:\/\/digital58.com.ve\/site\/2020\/02\/25\/brasil-en-alerta-por-un-posible-caso-de-coronavirus-la-primera-prueba-dio-positivo\/"},"wordCount":354,"commentCount":0,"publisher":{"@id":"https:\/\/digital58.com.ve\/site\/#\/schema\/person\/64d1c2e4d0d4fd1b849980c4331c2951"},"image":{"@id":"https:\/\/digital58.com.ve\/site\/2020\/02\/25\/brasil-en-alerta-por-un-posible-caso-de-coronavirus-la-primera-prueba-dio-positivo\/#primaryimage"},"thumbnailUrl":"https:\/\/digital58.com.ve\/site\/wp-content\/uploads\/2020\/02\/coronavirus-brasil.jpg","keywords":["Brasil","Coronavirus","Emergencia Internacional","Internacionales","Virus"],"articleSection":["Salud"],"inLanguage":"es","potentialAction":[{"@type":"CommentAction","name":"Comment","target":["https:\/\/digital58.com.ve\/site\/2020\/02\/25\/brasil-en-alerta-por-un-posible-caso-de-coronavirus-la-primera-prueba-dio-positivo\/#respond"]}]},{"@type":"WebPage","@id":"https:\/\/digital58.com.ve\/site\/2020\/02\/25\/brasil-en-alerta-por-un-posible-caso-de-coronavirus-la-primera-prueba-dio-positivo\/","url":"https:\/\/digital58.com.ve\/site\/2020\/02\/25\/brasil-en-alerta-por-un-posible-caso-de-coronavirus-la-primera-prueba-dio-positivo\/","name":"Brasil en alerta por un posible caso de coronavirus: la primera prueba dio positivo","isPartOf":{"@id":"https:\/\/digital58.com.ve\/site\/#website"},"primaryImageOfPage":{"@id":"https:\/\/digital58.com.ve\/site\/2020\/02\/25\/brasil-en-alerta-por-un-posible-caso-de-coronavirus-la-primera-prueba-dio-positivo\/#primaryimage"},"image":{"@id":"https:\/\/digital58.com.ve\/site\/2020\/02\/25\/brasil-en-alerta-por-un-posible-caso-de-coronavirus-la-primera-prueba-dio-positivo\/#primaryimage"},"thumbnailUrl":"https:\/\/digital58.com.ve\/site\/wp-content\/uploads\/2020\/02\/coronavirus-brasil.jpg","datePublished":"2020-02-26T02:29:32+00:00","dateModified":"2020-02-26T02:31:16+00:00","description":"Salud","breadcrumb":{"@id":"https:\/\/digital58.com.ve\/site\/2020\/02\/25\/brasil-en-alerta-por-un-posible-caso-de-coronavirus-la-primera-prueba-dio-positivo\/#breadcrumb"},"inLanguage":"es","potentialAction":[{"@type":"ReadAction","target":["https:\/\/digital58.com.ve\/site\/2020\/02\/25\/brasil-en-alerta-por-un-posible-caso-de-coronavirus-la-primera-prueba-dio-positivo\/"]}]},{"@type":"ImageObject","inLanguage":"es","@id":"https:\/\/digital58.com.ve\/site\/2020\/02\/25\/brasil-en-alerta-por-un-posible-caso-de-coronavirus-la-primera-prueba-dio-positivo\/#primaryimage","url":"https:\/\/digital58.com.ve\/site\/wp-content\/uploads\/2020\/02\/coronavirus-brasil.jpg","contentUrl":"https:\/\/digital58.com.ve\/site\/wp-content\/uploads\/2020\/02\/coronavirus-brasil.jpg","width":800,"height":464},{"@type":"BreadcrumbList","@id":"https:\/\/digital58.com.ve\/site\/2020\/02\/25\/brasil-en-alerta-por-un-posible-caso-de-coronavirus-la-primera-prueba-dio-positivo\/#breadcrumb","itemListElement":[{"@type":"ListItem","position":1,"name":"Home","item":"https:\/\/digital58.com.ve\/site\/"},{"@type":"ListItem","position":2,"name":"Brasil en alerta por un posible caso de coronavirus: la primera prueba dio positivo"}]},{"@type":"WebSite","@id":"https:\/\/digital58.com.ve\/site\/#website","url":"https:\/\/digital58.com.ve\/site\/","name":"Noticias Digital58","description":"Portal de Noticias \u00a1Periodismo web de verdad! Lanzamiento web 22.11.2005 \/ Maracaibo, Venezuela","publisher":{"@id":"https:\/\/digital58.com.ve\/site\/#\/schema\/person\/64d1c2e4d0d4fd1b849980c4331c2951"},"alternateName":"ND58","potentialAction":[{"@type":"SearchAction","target":{"@type":"EntryPoint","urlTemplate":"https:\/\/digital58.com.ve\/site\/?s={search_term_string}"},"query-input":{"@type":"PropertyValueSpecification","valueRequired":true,"valueName":"search_term_string"}}],"inLanguage":"es"},{"@type":["Person","Organization"],"@id":"https:\/\/digital58.com.ve\/site\/#\/schema\/person\/64d1c2e4d0d4fd1b849980c4331c2951","name":"Villasmil Henry","image":{"@type":"ImageObject","inLanguage":"es","@id":"https:\/\/secure.gravatar.com\/avatar\/bb0c4a2fcb7970138239f7e404ea75757b1b507b28b5ce4c53fbd62d797c5a7c?s=96&d=mm&r=g","url":"https:\/\/secure.gravatar.com\/avatar\/bb0c4a2fcb7970138239f7e404ea75757b1b507b28b5ce4c53fbd62d797c5a7c?s=96&d=mm&r=g","contentUrl":"https:\/\/secure.gravatar.com\/avatar\/bb0c4a2fcb7970138239f7e404ea75757b1b507b28b5ce4c53fbd62d797c5a7c?s=96&d=mm&r=g","caption":"Villasmil Henry"},"logo":{"@id":"https:\/\/secure.gravatar.com\/avatar\/bb0c4a2fcb7970138239f7e404ea75757b1b507b28b5ce4c53fbd62d797c5a7c?s=96&d=mm&r=g"},"sameAs":["http:\/\/www.henryvillasmil.com.ve","https:\/\/www.instagram.com\/villasmilhfoto\/","https:\/\/x.com\/https:\/\/twitter.com\/villasmilhfoto"],"url":"https:\/\/digital58.com.ve\/site\/author\/droopy_68\/"}]}},"uagb_featured_image_src":{"full":["https:\/\/digital58.com.ve\/site\/wp-content\/uploads\/2020\/02\/coronavirus-brasil.jpg",800,464,false],"thumbnail":["https:\/\/digital58.com.ve\/site\/wp-content\/uploads\/2020\/02\/coronavirus-brasil-150x150.jpg",150,150,true],"medium":["https:\/\/digital58.com.ve\/site\/wp-content\/uploads\/2020\/02\/coronavirus-brasil-300x174.jpg",300,174,true],"medium_large":["https:\/\/digital58.com.ve\/site\/wp-content\/uploads\/2020\/02\/coronavirus-brasil-768x446.jpg",768,446,true],"large":["https:\/\/digital58.com.ve\/site\/wp-content\/uploads\/2020\/02\/coronavirus-brasil.jpg",800,464,false],"1536x1536":["https:\/\/digital58.com.ve\/site\/wp-content\/uploads\/2020\/02\/coronavirus-brasil.jpg",800,464,false],"2048x2048":["https:\/\/digital58.com.ve\/site\/wp-content\/uploads\/2020\/02\/coronavirus-brasil.jpg",800,464,false],"colormag-highlighted-post":["https:\/\/digital58.com.ve\/site\/wp-content\/uploads\/2020\/02\/coronavirus-brasil.jpg",392,227,false],"colormag-featured-post-medium":["https:\/\/digital58.com.ve\/site\/wp-content\/uploads\/2020\/02\/coronavirus-brasil.jpg",353,205,false],"colormag-featured-post-small":["https:\/\/digital58.com.ve\/site\/wp-content\/uploads\/2020\/02\/coronavirus-brasil.jpg",130,75,false],"colormag-featured-image":["https:\/\/digital58.com.ve\/site\/wp-content\/uploads\/2020\/02\/coronavirus-brasil.jpg",767,445,false],"colormag-default-news":["https:\/\/digital58.com.ve\/site\/wp-content\/uploads\/2020\/02\/coronavirus-brasil.jpg",150,87,false],"colormag-featured-image-large":["https:\/\/digital58.com.ve\/site\/wp-content\/uploads\/2020\/02\/coronavirus-brasil.jpg",800,464,false]},"uagb_author_info":{"display_name":"Villasmil Henry","author_link":"https:\/\/digital58.com.ve\/site\/author\/droopy_68\/"},"uagb_comment_info":0,"uagb_excerpt":"El hombre lleg\u00f3 a San Pablo con s\u00edntomas de la enfermedad. Esperan una contraprueba para confirmar el caso. Un brasile\u00f1o","_links":{"self":[{"href":"https:\/\/digital58.com.ve\/site\/wp-json\/wp\/v2\/posts\/93310","targetHints":{"allow":["GET"]}}],"collection":[{"href":"https:\/\/digital58.com.ve\/site\/wp-json\/wp\/v2\/posts"}],"about":[{"href":"https:\/\/digital58.com.ve\/site\/wp-json\/wp\/v2\/types\/post"}],"author":[{"embeddable":true,"href":"https:\/\/digital58.com.ve\/site\/wp-json\/wp\/v2\/users\/1"}],"replies":[{"embeddable":true,"href":"https:\/\/digital58.com.ve\/site\/wp-json\/wp\/v2\/comments?post=93310"}],"version-history":[{"count":0,"href":"https:\/\/digital58.com.ve\/site\/wp-json\/wp\/v2\/posts\/93310\/revisions"}],"wp:featuredmedia":[{"embeddable":true,"href":"https:\/\/digital58.com.ve\/site\/wp-json\/wp\/v2\/media\/93311"}],"wp:attachment":[{"href":"https:\/\/digital58.com.ve\/site\/wp-json\/wp\/v2\/media?parent=93310"}],"wp:term":[{"taxonomy":"category","embeddable":true,"href":"https:\/\/digital58.com.ve\/site\/wp-json\/wp\/v2\/categories?post=93310"},{"taxonomy":"post_tag","embeddable":true,"href":"https:\/\/digital58.com.ve\/site\/wp-json\/wp\/v2\/tags?post=93310"}],"curies":[{"name":"wp","href":"https:\/\/api.w.org\/{rel}","templated":true}]}}