{"id":93396,"date":"2020-02-28T14:23:06","date_gmt":"2020-02-28T18:23:06","guid":{"rendered":"https:\/\/digital58.com.ve\/site\/?p=93396"},"modified":"2020-02-28T14:23:06","modified_gmt":"2020-02-28T18:23:06","slug":"tfc-maracaibo-presento-de-manera-oficial-su-plantilla-2020","status":"publish","type":"post","link":"https:\/\/digital58.com.ve\/site\/2020\/02\/28\/tfc-maracaibo-presento-de-manera-oficial-su-plantilla-2020\/","title":{"rendered":"TFC Maracaibo present\u00f3 de manera oficial su plantilla 2020"},"content":{"rendered":"<figure id=\"attachment_93402\" aria-describedby=\"caption-attachment-93402\" style=\"width: 1500px\" class=\"wp-caption aligncenter\"><a href=\"https:\/\/digital58.com.ve\/site\/wp-content\/uploads\/2020\/02\/tfcm-1.jpg\"><img loading=\"lazy\" decoding=\"async\" class=\"wp-image-93402 size-full\" src=\"https:\/\/digital58.com.ve\/site\/wp-content\/uploads\/2020\/02\/tfcm-1.jpg\" alt=\"\" width=\"1500\" height=\"1000\" srcset=\"https:\/\/digital58.com.ve\/site\/wp-content\/uploads\/2020\/02\/tfcm-1.jpg 800w, https:\/\/digital58.com.ve\/site\/wp-content\/uploads\/2020\/02\/tfcm-1-300x200.jpg 300w, https:\/\/digital58.com.ve\/site\/wp-content\/uploads\/2020\/02\/tfcm-1-768x512.jpg 768w, https:\/\/digital58.com.ve\/site\/wp-content\/uploads\/2020\/02\/tfcm-1-720x480.jpg 720w, https:\/\/digital58.com.ve\/site\/wp-content\/uploads\/2020\/02\/tfcm-1-480x320.jpg 480w\" sizes=\"auto, (max-width: 1500px) 100vw, 1500px\" \/><\/a><figcaption id=\"caption-attachment-93402\" class=\"wp-caption-text\">TFC Maracaibo<\/figcaption><\/figure>\n<p>El elenco representativo de la capital zuliana TFC Maracaibo, realiz\u00f3 la tarde de este 27 de febrero en las instalaciones de la Villa Deportiva del Estado Zulia la presentaci\u00f3n oficial del equipo de cara al torneo 2020 de la segunda divisi\u00f3n del f\u00fatbol venezolano denominado Copa Kick Soccer Coin, que ya tiene su primera jornada disputada y en la pr\u00f3xima el \u00abBicolor\u00bb har\u00e1 su debut en casa ante Deportivo JBL del Zulia.<\/p>\n<p><strong>Maracaibo, Zulia, Venezuela, 28 de febrero de 2020 (ND58).-<\/strong> Nelson Coronado (Presidente) Orlando Arango (Gerente Deportivo), \u00c1lvaro Valencia (DT) y Miguel V\u00e1squez (arquero y capit\u00e1n) integraron la mesa que dio las declaraciones sobre los cambios que ha vivido la instituci\u00f3n y como afrontar la nueva temporada, teniendo como misi\u00f3n principal el ascender a la Primera Divisi\u00f3n.<\/p>\n<figure id=\"attachment_93398\" aria-describedby=\"caption-attachment-93398\" style=\"width: 1500px\" class=\"wp-caption aligncenter\"><a href=\"https:\/\/digital58.com.ve\/site\/wp-content\/uploads\/2020\/02\/tfcm-5.jpg\"><img loading=\"lazy\" decoding=\"async\" class=\"wp-image-93398 size-full\" src=\"https:\/\/digital58.com.ve\/site\/wp-content\/uploads\/2020\/02\/tfcm-5.jpg\" alt=\"\" width=\"1500\" height=\"1000\" srcset=\"https:\/\/digital58.com.ve\/site\/wp-content\/uploads\/2020\/02\/tfcm-5.jpg 800w, https:\/\/digital58.com.ve\/site\/wp-content\/uploads\/2020\/02\/tfcm-5-300x200.jpg 300w, https:\/\/digital58.com.ve\/site\/wp-content\/uploads\/2020\/02\/tfcm-5-768x512.jpg 768w, https:\/\/digital58.com.ve\/site\/wp-content\/uploads\/2020\/02\/tfcm-5-720x480.jpg 720w, https:\/\/digital58.com.ve\/site\/wp-content\/uploads\/2020\/02\/tfcm-5-480x320.jpg 480w\" sizes=\"auto, (max-width: 1500px) 100vw, 1500px\" \/><\/a><figcaption id=\"caption-attachment-93398\" class=\"wp-caption-text\">Nelson Coronado<\/figcaption><\/figure>\n<p>Luego de un 2019 con resultados por dem\u00e1s positivos, en los cuales finalizadas las fases grupales terminaron siendo el equipo con mejor rendimiento en el pa\u00eds, a pesar de ello qued\u00f3 la deuda con la afici\u00f3n de no trascender mas all\u00e1 de semifinales cuando siempre partieron favoritos.<\/p>\n<figure id=\"attachment_93397\" aria-describedby=\"caption-attachment-93397\" style=\"width: 1500px\" class=\"wp-caption aligncenter\"><a href=\"https:\/\/digital58.com.ve\/site\/wp-content\/uploads\/2020\/02\/tfcm-6.jpg\"><img loading=\"lazy\" decoding=\"async\" class=\"wp-image-93397 size-full\" src=\"https:\/\/digital58.com.ve\/site\/wp-content\/uploads\/2020\/02\/tfcm-6.jpg\" alt=\"\" width=\"1500\" height=\"1000\" srcset=\"https:\/\/digital58.com.ve\/site\/wp-content\/uploads\/2020\/02\/tfcm-6.jpg 800w, https:\/\/digital58.com.ve\/site\/wp-content\/uploads\/2020\/02\/tfcm-6-300x200.jpg 300w, https:\/\/digital58.com.ve\/site\/wp-content\/uploads\/2020\/02\/tfcm-6-768x512.jpg 768w, https:\/\/digital58.com.ve\/site\/wp-content\/uploads\/2020\/02\/tfcm-6-720x480.jpg 720w, https:\/\/digital58.com.ve\/site\/wp-content\/uploads\/2020\/02\/tfcm-6-480x320.jpg 480w\" sizes=\"auto, (max-width: 1500px) 100vw, 1500px\" \/><\/a><figcaption id=\"caption-attachment-93397\" class=\"wp-caption-text\">\u00c1lvaro Valencia (DT)<\/figcaption><\/figure>\n<p>Valencia en torno a este tema dejo clara su posici\u00f3n: \u00ab2019 fue un a\u00f1o donde el equipo compiti\u00f3 al mas alto nivel, superando inconvenientes de a\u00f1os anteriores, los muchachos lograron ser competitivos siendo referentes de la categor\u00eda\u00bb.<\/p>\n<p>Es por ello que el estratega fue muy enf\u00e1tico en torno al futuro: \u00abya le dej\u00e9 claro a la directiva mi posici\u00f3n con respecto al tema rendimiento, si no logramos ser campe\u00f3n de la divisi\u00f3n, yo \u00c1lvaro Valencia renuncio a mi cargo de entrenador\u00bb.<\/p>\n<p><a href=\"https:\/\/digital58.com.ve\/site\/wp-content\/uploads\/2020\/02\/tfcm-2.jpg\"><img loading=\"lazy\" decoding=\"async\" class=\"aligncenter size-full wp-image-93401\" src=\"https:\/\/digital58.com.ve\/site\/wp-content\/uploads\/2020\/02\/tfcm-2.jpg\" alt=\"\" width=\"1500\" height=\"1000\" srcset=\"https:\/\/digital58.com.ve\/site\/wp-content\/uploads\/2020\/02\/tfcm-2.jpg 800w, https:\/\/digital58.com.ve\/site\/wp-content\/uploads\/2020\/02\/tfcm-2-300x200.jpg 300w, https:\/\/digital58.com.ve\/site\/wp-content\/uploads\/2020\/02\/tfcm-2-768x512.jpg 768w, https:\/\/digital58.com.ve\/site\/wp-content\/uploads\/2020\/02\/tfcm-2-720x480.jpg 720w, https:\/\/digital58.com.ve\/site\/wp-content\/uploads\/2020\/02\/tfcm-2-480x320.jpg 480w\" sizes=\"auto, (max-width: 1500px) 100vw, 1500px\" \/><\/a><\/p>\n<p><strong>Listado de jugadores de TFC Maracaibo para el torneo 2020<\/strong><\/p>\n<p><strong>Porteros:<br \/>\n<\/strong>Miguel V\u00e1squez<br \/>\nLuis Delgado<\/p>\n<p><strong>Defensa:<\/strong><br \/>\nAndr\u00e9s Brice\u00f1o<br \/>\nAlonso Moreno<br \/>\nJerison Lugo<br \/>\nJuan Carlos Deusa (colombiano)<br \/>\nBrayan Qui\u00f1\u00f3nez (colombiano)<br \/>\nJaider Julio<br \/>\nJoan Landaeta<br \/>\nJhon Ariza<\/p>\n<p><strong>Mediocampo:<\/strong><br \/>\nGianfranco Lettieri<br \/>\nYessid Torres (colombiano)<br \/>\nEdgar Coronado<br \/>\nJoao Silva<br \/>\nDiego \u00abEl Chino\u00bb Silva<br \/>\nJavier \u00abEl Chiqui\u00bb\u00bb Guillen<br \/>\nGilberto Garc\u00eda<br \/>\nPeter Fern\u00e1ndez<br \/>\nEduard Quintero<br \/>\nJeison Pirela<br \/>\nFrank Fuentes<br \/>\nYanniel Perdomo<\/p>\n<p><strong>Delanteros<\/strong><br \/>\nErick Ortega<br \/>\nDiego Vidal (colombiano)<br \/>\nAlbert Rodr\u00edguez<br \/>\nGabriel Tulena<\/p>\n<p>Hasta un 70% de renovaci\u00f3n sufri\u00f3 la plantilla del elenco maracaibero para este a\u00f1o, sin embargo de mantenerse la filosof\u00eda de trabajo deportivo no deber\u00eda haber problemas en lograr trascender en buscar la meta que se han propuesto.<\/p>\n<figure id=\"attachment_93400\" aria-describedby=\"caption-attachment-93400\" style=\"width: 1500px\" class=\"wp-caption aligncenter\"><a href=\"https:\/\/digital58.com.ve\/site\/wp-content\/uploads\/2020\/02\/tfcm-3.jpg\"><img loading=\"lazy\" decoding=\"async\" class=\"wp-image-93400 size-full\" src=\"https:\/\/digital58.com.ve\/site\/wp-content\/uploads\/2020\/02\/tfcm-3.jpg\" alt=\"\" width=\"1500\" height=\"1000\" srcset=\"https:\/\/digital58.com.ve\/site\/wp-content\/uploads\/2020\/02\/tfcm-3.jpg 800w, https:\/\/digital58.com.ve\/site\/wp-content\/uploads\/2020\/02\/tfcm-3-300x200.jpg 300w, https:\/\/digital58.com.ve\/site\/wp-content\/uploads\/2020\/02\/tfcm-3-768x512.jpg 768w, https:\/\/digital58.com.ve\/site\/wp-content\/uploads\/2020\/02\/tfcm-3-720x480.jpg 720w, https:\/\/digital58.com.ve\/site\/wp-content\/uploads\/2020\/02\/tfcm-3-480x320.jpg 480w\" sizes=\"auto, (max-width: 1500px) 100vw, 1500px\" \/><\/a><figcaption id=\"caption-attachment-93400\" class=\"wp-caption-text\">Orlando Arango (Gerente Deportivo)<\/figcaption><\/figure>\n<p>TFC Maracaibo comenz\u00f3 el torneo cayendo de visitantes en San Crist\u00f3bal ante Ure\u00f1a SC pero este resultado en lo absoluto preocupa a la directiva ya que manifiestan que lo \u00abmejor est\u00e1 por venir\u00bb.<\/p>\n<p>Pr\u00f3ximo reto el \u00abDerbi del Lago\u00bb ante el renovado Deportivo JBL del Zulia, rival al que ha superado en los \u00faltimos tiempos con facilidad, pero que este a\u00f1o, se antojan choques con mayor paridad entre ambos y seguro agregar\u00e1 un color distinto a la rivalidad citadina y en el estado.<\/p><div class=\"vkond69ec79bcafeeb\" ><p style=\"text-align: center;\"><a href=\"https:\/\/t.me\/noticiasdigital58\" target=\"_blank\" rel=\"noopener\"><img class=\"aligncenter size-full wp-image-125363\" src=\"https:\/\/digital58.com.ve\/site\/wp-content\/uploads\/2021\/04\/banner-telegram-web-2021.png\" alt=\"\" width=\"600\" height=\"90\" \/><\/a><\/p><\/div><style type=\"text\/css\">\r\n@media screen and (min-width: 1201px) {\r\n.vkond69ec79bcafeeb {\r\ndisplay: block;\r\n}\r\n}\r\n@media screen and (min-width: 993px) and (max-width: 1200px) {\r\n.vkond69ec79bcafeeb {\r\ndisplay: block;\r\n}\r\n}\r\n@media screen and (min-width: 769px) and (max-width: 992px) {\r\n.vkond69ec79bcafeeb {\r\ndisplay: block;\r\n}\r\n}\r\n@media screen and (min-width: 768px) and (max-width: 768px) {\r\n.vkond69ec79bcafeeb {\r\ndisplay: block;\r\n}\r\n}\r\n@media screen and (max-width: 767px) {\r\n.vkond69ec79bcafeeb {\r\ndisplay: block;\r\n}\r\n}\r\n<\/style>\r\n\n<figure id=\"attachment_93399\" aria-describedby=\"caption-attachment-93399\" style=\"width: 1500px\" class=\"wp-caption aligncenter\"><a href=\"https:\/\/digital58.com.ve\/site\/wp-content\/uploads\/2020\/02\/tfcm-4.jpg\"><img loading=\"lazy\" decoding=\"async\" class=\"wp-image-93399 size-full\" src=\"https:\/\/digital58.com.ve\/site\/wp-content\/uploads\/2020\/02\/tfcm-4.jpg\" alt=\"\" width=\"1500\" height=\"1000\" srcset=\"https:\/\/digital58.com.ve\/site\/wp-content\/uploads\/2020\/02\/tfcm-4.jpg 800w, https:\/\/digital58.com.ve\/site\/wp-content\/uploads\/2020\/02\/tfcm-4-300x200.jpg 300w, https:\/\/digital58.com.ve\/site\/wp-content\/uploads\/2020\/02\/tfcm-4-768x512.jpg 768w, https:\/\/digital58.com.ve\/site\/wp-content\/uploads\/2020\/02\/tfcm-4-720x480.jpg 720w, https:\/\/digital58.com.ve\/site\/wp-content\/uploads\/2020\/02\/tfcm-4-480x320.jpg 480w\" sizes=\"auto, (max-width: 1500px) 100vw, 1500px\" \/><\/a><figcaption id=\"caption-attachment-93399\" class=\"wp-caption-text\">Miguel V\u00e1squez (arquero y capit\u00e1n)<\/figcaption><\/figure>\n<p><strong>Redacci\u00f3n: Arismendi, Luis (@arismendiht)<\/strong><br \/>\n<strong>Edici\u00f3n: Villasmil, Henry<\/strong><br \/>\n<strong>Gr\u00e1ficas: @villasmilhfoto<\/strong><\/p>\n<div style=\"margin-top: 0px; margin-bottom: 0px;\" class=\"sharethis-inline-share-buttons\" ><\/div>","protected":false},"excerpt":{"rendered":"<p>El elenco representativo de la capital zuliana TFC Maracaibo, realiz\u00f3 la tarde de este 27 de febrero en las instalaciones<\/p>\n","protected":false},"author":1,"featured_media":93401,"comment_status":"open","ping_status":"closed","sticky":false,"template":"","format":"standard","meta":{"colormag_page_container_layout":"default_layout","colormag_page_sidebar_layout":"default_layout","_uag_custom_page_level_css":"","footnotes":""},"categories":[5402],"tags":[6791,13027,13,14,15,73,2354,16,13449,13115,32,761],"class_list":["post-93396","post","type-post","status-publish","format-standard","has-post-thumbnail","hentry","category-deportes","tag-ac2futve","tag-ac2futve-2020","tag-futbol","tag-futbol-venezolano","tag-futve","tag-maracaibo","tag-regionales","tag-segunda-division","tag-tfc-maracaibo","tag-torneo-apertura-2020","tag-venezuela","tag-zulia"],"yoast_head":"<!-- This site is optimized with the Yoast SEO plugin v27.4 - https:\/\/yoast.com\/product\/yoast-seo-wordpress\/ -->\n<title>TFC Maracaibo present\u00f3 de manera oficial su plantilla 2020<\/title>\n<meta name=\"description\" content=\"Deportes\" \/>\n<meta name=\"robots\" content=\"index, follow, max-snippet:-1, max-image-preview:large, max-video-preview:-1\" \/>\n<link rel=\"canonical\" href=\"https:\/\/digital58.com.ve\/site\/2020\/02\/28\/tfc-maracaibo-presento-de-manera-oficial-su-plantilla-2020\/\" \/>\n<meta property=\"og:locale\" content=\"es_ES\" \/>\n<meta property=\"og:type\" content=\"article\" \/>\n<meta property=\"og:title\" content=\"TFC Maracaibo present\u00f3 de manera oficial su plantilla 2020\" \/>\n<meta property=\"og:description\" content=\"Deportes\" \/>\n<meta property=\"og:url\" content=\"https:\/\/digital58.com.ve\/site\/2020\/02\/28\/tfc-maracaibo-presento-de-manera-oficial-su-plantilla-2020\/\" \/>\n<meta property=\"og:site_name\" content=\"Noticias Digital58\" \/>\n<meta property=\"article:published_time\" content=\"2020-02-28T18:23:06+00:00\" \/>\n<meta property=\"og:image\" content=\"https:\/\/digital58.com.ve\/site\/wp-content\/uploads\/2020\/02\/tfcm-2.jpg\" \/>\n\t<meta property=\"og:image:width\" content=\"1500\" \/>\n\t<meta property=\"og:image:height\" content=\"1000\" \/>\n\t<meta property=\"og:image:type\" content=\"image\/jpeg\" \/>\n<meta name=\"author\" content=\"Villasmil Henry\" \/>\n<meta name=\"twitter:card\" content=\"summary_large_image\" \/>\n<meta name=\"twitter:creator\" content=\"@https:\/\/twitter.com\/villasmilhfoto\" \/>\n<meta name=\"twitter:site\" content=\"@villasmilhfoto\" \/>\n<meta name=\"twitter:label1\" content=\"Escrito por\" \/>\n\t<meta name=\"twitter:data1\" content=\"Villasmil Henry\" \/>\n\t<meta name=\"twitter:label2\" content=\"Tiempo estimado de lectura\" \/>\n\t<meta name=\"twitter:data2\" content=\"3 minutos\" \/>\n<script type=\"application\/ld+json\" class=\"yoast-schema-graph\">{\"@context\":\"https:\\\/\\\/schema.org\",\"@graph\":[{\"@type\":\"Article\",\"@id\":\"https:\\\/\\\/digital58.com.ve\\\/site\\\/2020\\\/02\\\/28\\\/tfc-maracaibo-presento-de-manera-oficial-su-plantilla-2020\\\/#article\",\"isPartOf\":{\"@id\":\"https:\\\/\\\/digital58.com.ve\\\/site\\\/2020\\\/02\\\/28\\\/tfc-maracaibo-presento-de-manera-oficial-su-plantilla-2020\\\/\"},\"author\":{\"name\":\"Villasmil Henry\",\"@id\":\"https:\\\/\\\/digital58.com.ve\\\/site\\\/#\\\/schema\\\/person\\\/64d1c2e4d0d4fd1b849980c4331c2951\"},\"headline\":\"TFC Maracaibo present\u00f3 de manera oficial su plantilla 2020\",\"datePublished\":\"2020-02-28T18:23:06+00:00\",\"mainEntityOfPage\":{\"@id\":\"https:\\\/\\\/digital58.com.ve\\\/site\\\/2020\\\/02\\\/28\\\/tfc-maracaibo-presento-de-manera-oficial-su-plantilla-2020\\\/\"},\"wordCount\":553,\"commentCount\":0,\"publisher\":{\"@id\":\"https:\\\/\\\/digital58.com.ve\\\/site\\\/#\\\/schema\\\/person\\\/64d1c2e4d0d4fd1b849980c4331c2951\"},\"image\":{\"@id\":\"https:\\\/\\\/digital58.com.ve\\\/site\\\/2020\\\/02\\\/28\\\/tfc-maracaibo-presento-de-manera-oficial-su-plantilla-2020\\\/#primaryimage\"},\"thumbnailUrl\":\"https:\\\/\\\/digital58.com.ve\\\/site\\\/wp-content\\\/uploads\\\/2020\\\/02\\\/tfcm-2.jpg\",\"keywords\":[\"AC2F\u00fatVe\",\"AC2F\u00fatVe 2020\",\"F\u00fatbol\",\"F\u00fatbol Venezolano\",\"Futve\",\"Maracaibo\",\"Regionales\",\"Segunda Divisi\u00f3n\",\"TFC Maracaibo\",\"Torneo Apertura 2020\",\"Venezuela\",\"Zulia\"],\"articleSection\":[\"Deportes\"],\"inLanguage\":\"es\",\"potentialAction\":[{\"@type\":\"CommentAction\",\"name\":\"Comment\",\"target\":[\"https:\\\/\\\/digital58.com.ve\\\/site\\\/2020\\\/02\\\/28\\\/tfc-maracaibo-presento-de-manera-oficial-su-plantilla-2020\\\/#respond\"]}]},{\"@type\":\"WebPage\",\"@id\":\"https:\\\/\\\/digital58.com.ve\\\/site\\\/2020\\\/02\\\/28\\\/tfc-maracaibo-presento-de-manera-oficial-su-plantilla-2020\\\/\",\"url\":\"https:\\\/\\\/digital58.com.ve\\\/site\\\/2020\\\/02\\\/28\\\/tfc-maracaibo-presento-de-manera-oficial-su-plantilla-2020\\\/\",\"name\":\"TFC Maracaibo present\u00f3 de manera oficial su plantilla 2020\",\"isPartOf\":{\"@id\":\"https:\\\/\\\/digital58.com.ve\\\/site\\\/#website\"},\"primaryImageOfPage\":{\"@id\":\"https:\\\/\\\/digital58.com.ve\\\/site\\\/2020\\\/02\\\/28\\\/tfc-maracaibo-presento-de-manera-oficial-su-plantilla-2020\\\/#primaryimage\"},\"image\":{\"@id\":\"https:\\\/\\\/digital58.com.ve\\\/site\\\/2020\\\/02\\\/28\\\/tfc-maracaibo-presento-de-manera-oficial-su-plantilla-2020\\\/#primaryimage\"},\"thumbnailUrl\":\"https:\\\/\\\/digital58.com.ve\\\/site\\\/wp-content\\\/uploads\\\/2020\\\/02\\\/tfcm-2.jpg\",\"datePublished\":\"2020-02-28T18:23:06+00:00\",\"description\":\"Deportes\",\"breadcrumb\":{\"@id\":\"https:\\\/\\\/digital58.com.ve\\\/site\\\/2020\\\/02\\\/28\\\/tfc-maracaibo-presento-de-manera-oficial-su-plantilla-2020\\\/#breadcrumb\"},\"inLanguage\":\"es\",\"potentialAction\":[{\"@type\":\"ReadAction\",\"target\":[\"https:\\\/\\\/digital58.com.ve\\\/site\\\/2020\\\/02\\\/28\\\/tfc-maracaibo-presento-de-manera-oficial-su-plantilla-2020\\\/\"]}]},{\"@type\":\"ImageObject\",\"inLanguage\":\"es\",\"@id\":\"https:\\\/\\\/digital58.com.ve\\\/site\\\/2020\\\/02\\\/28\\\/tfc-maracaibo-presento-de-manera-oficial-su-plantilla-2020\\\/#primaryimage\",\"url\":\"https:\\\/\\\/digital58.com.ve\\\/site\\\/wp-content\\\/uploads\\\/2020\\\/02\\\/tfcm-2.jpg\",\"contentUrl\":\"https:\\\/\\\/digital58.com.ve\\\/site\\\/wp-content\\\/uploads\\\/2020\\\/02\\\/tfcm-2.jpg\",\"width\":800,\"height\":533},{\"@type\":\"BreadcrumbList\",\"@id\":\"https:\\\/\\\/digital58.com.ve\\\/site\\\/2020\\\/02\\\/28\\\/tfc-maracaibo-presento-de-manera-oficial-su-plantilla-2020\\\/#breadcrumb\",\"itemListElement\":[{\"@type\":\"ListItem\",\"position\":1,\"name\":\"Home\",\"item\":\"https:\\\/\\\/digital58.com.ve\\\/site\\\/\"},{\"@type\":\"ListItem\",\"position\":2,\"name\":\"TFC Maracaibo present\u00f3 de manera oficial su plantilla 2020\"}]},{\"@type\":\"WebSite\",\"@id\":\"https:\\\/\\\/digital58.com.ve\\\/site\\\/#website\",\"url\":\"https:\\\/\\\/digital58.com.ve\\\/site\\\/\",\"name\":\"Noticias Digital58\",\"description\":\"Portal de Noticias \u00a1Periodismo web de verdad! Lanzamiento web 22.11.2005 \\\/ Maracaibo, Venezuela\",\"publisher\":{\"@id\":\"https:\\\/\\\/digital58.com.ve\\\/site\\\/#\\\/schema\\\/person\\\/64d1c2e4d0d4fd1b849980c4331c2951\"},\"alternateName\":\"ND58\",\"potentialAction\":[{\"@type\":\"SearchAction\",\"target\":{\"@type\":\"EntryPoint\",\"urlTemplate\":\"https:\\\/\\\/digital58.com.ve\\\/site\\\/?s={search_term_string}\"},\"query-input\":{\"@type\":\"PropertyValueSpecification\",\"valueRequired\":true,\"valueName\":\"search_term_string\"}}],\"inLanguage\":\"es\"},{\"@type\":[\"Person\",\"Organization\"],\"@id\":\"https:\\\/\\\/digital58.com.ve\\\/site\\\/#\\\/schema\\\/person\\\/64d1c2e4d0d4fd1b849980c4331c2951\",\"name\":\"Villasmil Henry\",\"image\":{\"@type\":\"ImageObject\",\"inLanguage\":\"es\",\"@id\":\"https:\\\/\\\/secure.gravatar.com\\\/avatar\\\/bb0c4a2fcb7970138239f7e404ea75757b1b507b28b5ce4c53fbd62d797c5a7c?s=96&d=mm&r=g\",\"url\":\"https:\\\/\\\/secure.gravatar.com\\\/avatar\\\/bb0c4a2fcb7970138239f7e404ea75757b1b507b28b5ce4c53fbd62d797c5a7c?s=96&d=mm&r=g\",\"contentUrl\":\"https:\\\/\\\/secure.gravatar.com\\\/avatar\\\/bb0c4a2fcb7970138239f7e404ea75757b1b507b28b5ce4c53fbd62d797c5a7c?s=96&d=mm&r=g\",\"caption\":\"Villasmil Henry\"},\"logo\":{\"@id\":\"https:\\\/\\\/secure.gravatar.com\\\/avatar\\\/bb0c4a2fcb7970138239f7e404ea75757b1b507b28b5ce4c53fbd62d797c5a7c?s=96&d=mm&r=g\"},\"sameAs\":[\"http:\\\/\\\/www.henryvillasmil.com.ve\",\"https:\\\/\\\/www.instagram.com\\\/villasmilhfoto\\\/\",\"https:\\\/\\\/x.com\\\/https:\\\/\\\/twitter.com\\\/villasmilhfoto\"],\"url\":\"https:\\\/\\\/digital58.com.ve\\\/site\\\/author\\\/droopy_68\\\/\"}]}<\/script>\n<!-- \/ Yoast SEO plugin. -->","yoast_head_json":{"title":"TFC Maracaibo present\u00f3 de manera oficial su plantilla 2020","description":"Deportes","robots":{"index":"index","follow":"follow","max-snippet":"max-snippet:-1","max-image-preview":"max-image-preview:large","max-video-preview":"max-video-preview:-1"},"canonical":"https:\/\/digital58.com.ve\/site\/2020\/02\/28\/tfc-maracaibo-presento-de-manera-oficial-su-plantilla-2020\/","og_locale":"es_ES","og_type":"article","og_title":"TFC Maracaibo present\u00f3 de manera oficial su plantilla 2020","og_description":"Deportes","og_url":"https:\/\/digital58.com.ve\/site\/2020\/02\/28\/tfc-maracaibo-presento-de-manera-oficial-su-plantilla-2020\/","og_site_name":"Noticias Digital58","article_published_time":"2020-02-28T18:23:06+00:00","og_image":[{"width":1500,"height":1000,"url":"https:\/\/digital58.com.ve\/site\/wp-content\/uploads\/2020\/02\/tfcm-2.jpg","type":"image\/jpeg"}],"author":"Villasmil Henry","twitter_card":"summary_large_image","twitter_creator":"@https:\/\/twitter.com\/villasmilhfoto","twitter_site":"@villasmilhfoto","twitter_misc":{"Escrito por":"Villasmil Henry","Tiempo estimado de lectura":"3 minutos"},"schema":{"@context":"https:\/\/schema.org","@graph":[{"@type":"Article","@id":"https:\/\/digital58.com.ve\/site\/2020\/02\/28\/tfc-maracaibo-presento-de-manera-oficial-su-plantilla-2020\/#article","isPartOf":{"@id":"https:\/\/digital58.com.ve\/site\/2020\/02\/28\/tfc-maracaibo-presento-de-manera-oficial-su-plantilla-2020\/"},"author":{"name":"Villasmil Henry","@id":"https:\/\/digital58.com.ve\/site\/#\/schema\/person\/64d1c2e4d0d4fd1b849980c4331c2951"},"headline":"TFC Maracaibo present\u00f3 de manera oficial su plantilla 2020","datePublished":"2020-02-28T18:23:06+00:00","mainEntityOfPage":{"@id":"https:\/\/digital58.com.ve\/site\/2020\/02\/28\/tfc-maracaibo-presento-de-manera-oficial-su-plantilla-2020\/"},"wordCount":553,"commentCount":0,"publisher":{"@id":"https:\/\/digital58.com.ve\/site\/#\/schema\/person\/64d1c2e4d0d4fd1b849980c4331c2951"},"image":{"@id":"https:\/\/digital58.com.ve\/site\/2020\/02\/28\/tfc-maracaibo-presento-de-manera-oficial-su-plantilla-2020\/#primaryimage"},"thumbnailUrl":"https:\/\/digital58.com.ve\/site\/wp-content\/uploads\/2020\/02\/tfcm-2.jpg","keywords":["AC2F\u00fatVe","AC2F\u00fatVe 2020","F\u00fatbol","F\u00fatbol Venezolano","Futve","Maracaibo","Regionales","Segunda Divisi\u00f3n","TFC Maracaibo","Torneo Apertura 2020","Venezuela","Zulia"],"articleSection":["Deportes"],"inLanguage":"es","potentialAction":[{"@type":"CommentAction","name":"Comment","target":["https:\/\/digital58.com.ve\/site\/2020\/02\/28\/tfc-maracaibo-presento-de-manera-oficial-su-plantilla-2020\/#respond"]}]},{"@type":"WebPage","@id":"https:\/\/digital58.com.ve\/site\/2020\/02\/28\/tfc-maracaibo-presento-de-manera-oficial-su-plantilla-2020\/","url":"https:\/\/digital58.com.ve\/site\/2020\/02\/28\/tfc-maracaibo-presento-de-manera-oficial-su-plantilla-2020\/","name":"TFC Maracaibo present\u00f3 de manera oficial su plantilla 2020","isPartOf":{"@id":"https:\/\/digital58.com.ve\/site\/#website"},"primaryImageOfPage":{"@id":"https:\/\/digital58.com.ve\/site\/2020\/02\/28\/tfc-maracaibo-presento-de-manera-oficial-su-plantilla-2020\/#primaryimage"},"image":{"@id":"https:\/\/digital58.com.ve\/site\/2020\/02\/28\/tfc-maracaibo-presento-de-manera-oficial-su-plantilla-2020\/#primaryimage"},"thumbnailUrl":"https:\/\/digital58.com.ve\/site\/wp-content\/uploads\/2020\/02\/tfcm-2.jpg","datePublished":"2020-02-28T18:23:06+00:00","description":"Deportes","breadcrumb":{"@id":"https:\/\/digital58.com.ve\/site\/2020\/02\/28\/tfc-maracaibo-presento-de-manera-oficial-su-plantilla-2020\/#breadcrumb"},"inLanguage":"es","potentialAction":[{"@type":"ReadAction","target":["https:\/\/digital58.com.ve\/site\/2020\/02\/28\/tfc-maracaibo-presento-de-manera-oficial-su-plantilla-2020\/"]}]},{"@type":"ImageObject","inLanguage":"es","@id":"https:\/\/digital58.com.ve\/site\/2020\/02\/28\/tfc-maracaibo-presento-de-manera-oficial-su-plantilla-2020\/#primaryimage","url":"https:\/\/digital58.com.ve\/site\/wp-content\/uploads\/2020\/02\/tfcm-2.jpg","contentUrl":"https:\/\/digital58.com.ve\/site\/wp-content\/uploads\/2020\/02\/tfcm-2.jpg","width":800,"height":533},{"@type":"BreadcrumbList","@id":"https:\/\/digital58.com.ve\/site\/2020\/02\/28\/tfc-maracaibo-presento-de-manera-oficial-su-plantilla-2020\/#breadcrumb","itemListElement":[{"@type":"ListItem","position":1,"name":"Home","item":"https:\/\/digital58.com.ve\/site\/"},{"@type":"ListItem","position":2,"name":"TFC Maracaibo present\u00f3 de manera oficial su plantilla 2020"}]},{"@type":"WebSite","@id":"https:\/\/digital58.com.ve\/site\/#website","url":"https:\/\/digital58.com.ve\/site\/","name":"Noticias Digital58","description":"Portal de Noticias \u00a1Periodismo web de verdad! Lanzamiento web 22.11.2005 \/ Maracaibo, Venezuela","publisher":{"@id":"https:\/\/digital58.com.ve\/site\/#\/schema\/person\/64d1c2e4d0d4fd1b849980c4331c2951"},"alternateName":"ND58","potentialAction":[{"@type":"SearchAction","target":{"@type":"EntryPoint","urlTemplate":"https:\/\/digital58.com.ve\/site\/?s={search_term_string}"},"query-input":{"@type":"PropertyValueSpecification","valueRequired":true,"valueName":"search_term_string"}}],"inLanguage":"es"},{"@type":["Person","Organization"],"@id":"https:\/\/digital58.com.ve\/site\/#\/schema\/person\/64d1c2e4d0d4fd1b849980c4331c2951","name":"Villasmil Henry","image":{"@type":"ImageObject","inLanguage":"es","@id":"https:\/\/secure.gravatar.com\/avatar\/bb0c4a2fcb7970138239f7e404ea75757b1b507b28b5ce4c53fbd62d797c5a7c?s=96&d=mm&r=g","url":"https:\/\/secure.gravatar.com\/avatar\/bb0c4a2fcb7970138239f7e404ea75757b1b507b28b5ce4c53fbd62d797c5a7c?s=96&d=mm&r=g","contentUrl":"https:\/\/secure.gravatar.com\/avatar\/bb0c4a2fcb7970138239f7e404ea75757b1b507b28b5ce4c53fbd62d797c5a7c?s=96&d=mm&r=g","caption":"Villasmil Henry"},"logo":{"@id":"https:\/\/secure.gravatar.com\/avatar\/bb0c4a2fcb7970138239f7e404ea75757b1b507b28b5ce4c53fbd62d797c5a7c?s=96&d=mm&r=g"},"sameAs":["http:\/\/www.henryvillasmil.com.ve","https:\/\/www.instagram.com\/villasmilhfoto\/","https:\/\/x.com\/https:\/\/twitter.com\/villasmilhfoto"],"url":"https:\/\/digital58.com.ve\/site\/author\/droopy_68\/"}]}},"uagb_featured_image_src":{"full":["https:\/\/digital58.com.ve\/site\/wp-content\/uploads\/2020\/02\/tfcm-2.jpg",800,533,false],"thumbnail":["https:\/\/digital58.com.ve\/site\/wp-content\/uploads\/2020\/02\/tfcm-2-150x150.jpg",150,150,true],"medium":["https:\/\/digital58.com.ve\/site\/wp-content\/uploads\/2020\/02\/tfcm-2-300x200.jpg",300,200,true],"medium_large":["https:\/\/digital58.com.ve\/site\/wp-content\/uploads\/2020\/02\/tfcm-2-768x512.jpg",768,512,true],"large":["https:\/\/digital58.com.ve\/site\/wp-content\/uploads\/2020\/02\/tfcm-2.jpg",800,533,false],"1536x1536":["https:\/\/digital58.com.ve\/site\/wp-content\/uploads\/2020\/02\/tfcm-2.jpg",800,533,false],"2048x2048":["https:\/\/digital58.com.ve\/site\/wp-content\/uploads\/2020\/02\/tfcm-2.jpg",800,533,false],"colormag-highlighted-post":["https:\/\/digital58.com.ve\/site\/wp-content\/uploads\/2020\/02\/tfcm-2.jpg",392,261,false],"colormag-featured-post-medium":["https:\/\/digital58.com.ve\/site\/wp-content\/uploads\/2020\/02\/tfcm-2.jpg",308,205,false],"colormag-featured-post-small":["https:\/\/digital58.com.ve\/site\/wp-content\/uploads\/2020\/02\/tfcm-2.jpg",130,87,false],"colormag-featured-image":["https:\/\/digital58.com.ve\/site\/wp-content\/uploads\/2020\/02\/tfcm-2.jpg",668,445,false],"colormag-default-news":["https:\/\/digital58.com.ve\/site\/wp-content\/uploads\/2020\/02\/tfcm-2.jpg",150,100,false],"colormag-featured-image-large":["https:\/\/digital58.com.ve\/site\/wp-content\/uploads\/2020\/02\/tfcm-2.jpg",800,533,false]},"uagb_author_info":{"display_name":"Villasmil Henry","author_link":"https:\/\/digital58.com.ve\/site\/author\/droopy_68\/"},"uagb_comment_info":0,"uagb_excerpt":"El elenco representativo de la capital zuliana TFC Maracaibo, realiz\u00f3 la tarde de este 27 de febrero en las instalaciones","_links":{"self":[{"href":"https:\/\/digital58.com.ve\/site\/wp-json\/wp\/v2\/posts\/93396","targetHints":{"allow":["GET"]}}],"collection":[{"href":"https:\/\/digital58.com.ve\/site\/wp-json\/wp\/v2\/posts"}],"about":[{"href":"https:\/\/digital58.com.ve\/site\/wp-json\/wp\/v2\/types\/post"}],"author":[{"embeddable":true,"href":"https:\/\/digital58.com.ve\/site\/wp-json\/wp\/v2\/users\/1"}],"replies":[{"embeddable":true,"href":"https:\/\/digital58.com.ve\/site\/wp-json\/wp\/v2\/comments?post=93396"}],"version-history":[{"count":0,"href":"https:\/\/digital58.com.ve\/site\/wp-json\/wp\/v2\/posts\/93396\/revisions"}],"wp:featuredmedia":[{"embeddable":true,"href":"https:\/\/digital58.com.ve\/site\/wp-json\/wp\/v2\/media\/93401"}],"wp:attachment":[{"href":"https:\/\/digital58.com.ve\/site\/wp-json\/wp\/v2\/media?parent=93396"}],"wp:term":[{"taxonomy":"category","embeddable":true,"href":"https:\/\/digital58.com.ve\/site\/wp-json\/wp\/v2\/categories?post=93396"},{"taxonomy":"post_tag","embeddable":true,"href":"https:\/\/digital58.com.ve\/site\/wp-json\/wp\/v2\/tags?post=93396"}],"curies":[{"name":"wp","href":"https:\/\/api.w.org\/{rel}","templated":true}]}}