{"id":93513,"date":"2020-03-01T23:41:59","date_gmt":"2020-03-02T03:41:59","guid":{"rendered":"https:\/\/digital58.com.ve\/site\/?p=93513"},"modified":"2020-03-01T23:41:59","modified_gmt":"2020-03-02T03:41:59","slug":"ligafutve-zulia-y-portuguesa-pactaron-a-dos-en-el-general-paez","status":"publish","type":"post","link":"https:\/\/digital58.com.ve\/site\/2020\/03\/01\/ligafutve-zulia-y-portuguesa-pactaron-a-dos-en-el-general-paez\/","title":{"rendered":"#LigaF\u00fatVe: Zulia y Portuguesa pactaron a dos en el General Paez"},"content":{"rendered":"<p><a href=\"https:\/\/digital58.com.ve\/site\/wp-content\/uploads\/2020\/03\/zulia.jpg\"><img loading=\"lazy\" decoding=\"async\" class=\"aligncenter size-large wp-image-93514\" src=\"https:\/\/digital58.com.ve\/site\/wp-content\/uploads\/2020\/03\/zulia-1471x1024.jpg\" alt=\"\" width=\"640\" height=\"446\" srcset=\"https:\/\/digital58.com.ve\/site\/wp-content\/uploads\/2020\/03\/zulia-1471x1024.jpg 1471w, https:\/\/digital58.com.ve\/site\/wp-content\/uploads\/2020\/03\/zulia-300x209.jpg 300w, https:\/\/digital58.com.ve\/site\/wp-content\/uploads\/2020\/03\/zulia-768x535.jpg 768w, https:\/\/digital58.com.ve\/site\/wp-content\/uploads\/2020\/03\/zulia.jpg 800w\" sizes=\"auto, (max-width: 640px) 100vw, 640px\" \/><\/a><\/p>\n<p>Zulia F\u00fatbol Club consigui\u00f3 este domingo sumar su primer punto en condici\u00f3n de visitante al empatar (2-2) con Portuguesa FC en el estadio General Jos\u00e9 Antonio P\u00e1ez de Araure, en choque perteneciente a la Jornada 5 de la Temporada 2020 de la Primera Divisi\u00f3n.<\/p>\n<p><strong>Araure, Portuguesa, Venezuela, 01 de marzo de 2020 (ND58).-<\/strong> El \u00abNegriazul\u00bb, gracias a dianas de Junior Paredes (min. 52) y Yanoswky Reyes (min. 75), hab\u00eda remontado en el complemento un marcador adverso de 1-0 luego del gol de Yohalex V\u00e1squez en la primera parte, pero el mismo jugador se encarg\u00f3 sobre el filo del pitazo final (min. 90+4) de igualar las acciones con un remate cruzado desde fuera del \u00e1rea.<\/p>\n<p><strong>La tuvo Zulia<\/strong><\/p>\n<p>Sin timidez alguna salieron ambos conjuntos a hacerse sentir desde el comienzo. Portuguesa, con la obligatoriedad de jugar ante su p\u00fablico, intentaba profundizar mucho m\u00e1s, pero siempre consegu\u00eda a una defensa zuliana bien dispuesta y a volantes y delanteros que se sacrificaban para hacerse de la pelota.<\/p>\n<p>Muestra de ese sacrificio se puso de manifiesto a los 10 minutos cuando Junior Paredes roba la pelota en zona de salida y habilita a Yanoswky Reyes, quien se va mano a mano contra el arquero Juan Reyes y el cancerbero, con la yema de los dedos, entorpece el traslado del volante para impedir su definici\u00f3n. Esa fue la m\u00e1s clara de los \u00abPetroleros\u00bb en toda la etapa inicial.<\/p>\n<p><strong>Golpe llanero<\/strong><\/p>\n<p>El choque se vislumbraba cada vez m\u00e1s parejo con llegadas de lado y lado. Los due\u00f1os de casa tuvieron en Jackson Mu\u00f1oz su factor de desequilibrio en la media, mientras que Zulia FC intent\u00f3 utilizar el juego largo para habilitar a Luis Blanco y Reyes, quienes eran controlados constantemente por los centrales \u00abRojinegros\u00bb.<\/p>\n<p>A los 37 minutos se desnivela el marcador cuando Mu\u00f1oz recupera una pelota dividida sobre la \u00faltima l\u00ednea y manda un centro a Yohalex V\u00e1squez que apenas la empuja con la frente para el 1-0. El tanto descoloc\u00f3 a la oncena zuliana que, a pesar de vivir momentos de apremio, se fue con la m\u00ednima diferencia al descanso.<\/p>\n<p><strong>Complemento dulce<\/strong><\/p>\n<p>El esfuerzo de mantener, en su momento, el juego \u00abcorto\u00bb trajo dividendos a un Zulia FC que sali\u00f3 como un vendaval en los segundos 45 minutos.<\/p>\n<p>Corr\u00eda el minuto 51 cuando lleg\u00f3 el merecido empate. Luego de un entrevero en el \u00e1rea, el volante Leonardo Becerra se esfuerza para rescatar una pelota sobre la \u00faltima l\u00ednea y manda un centro que queda rebotando en el primer palo y Junior Paredes con la frente la manda a guardar para la igualdad. \u00a1El visitante era mucho m\u00e1s en el juego y se hac\u00eda sentir en el tanteador!<\/p>\n<p>Los dirigidos por Alex Garc\u00eda King adelantaron l\u00edneas en b\u00fasqueda del triunfo. A la fracci\u00f3n 75 se repite la f\u00f3rmula del primer tiempo entre Junior Paredes y Yanoswky Reyes, pero con resultados distintos. El delantero juvenil gana de frente una pelota sobre la mitad y manda un pase perfecto, rompe l\u00edneas, al volante que con habilidad se saca al arquero con un regate hacia su zurda y marca el 1-2.<\/p>\n<p><strong>En el descuento<\/strong><\/p>\n<p>Los minutos finales se vivieron con intensidad sobre el rect\u00e1ngulo del General P\u00e1ez. Portuguesa se volc\u00f3 al ataque, pero su rival se mostraba oficioso. En el cuarto minuto de reposici\u00f3n, de cinco que otorg\u00f3 el principal, un rechace de los defensores centrales es empalmado por Yohalex V\u00e1squez, quien desde fuera del \u00e1rea grande la coloca en el \u00e1ngulo superior izquierdo de Leo Morales. Gol \u00abde otro partido\u00bb e igualdad final.<\/p>\n<p>Luego de sumar por segundo encuentro consecutivo, Zulia F\u00fatbol Club se apresta ahora para recibir a Portuguesa el venidero domingo en el Jos\u00e9 Encarnaci\u00f3n \u00abPachencho\u00bb Romero.<\/p><div class=\"mapuo69f57869a960e\" ><p style=\"text-align: center;\"><a href=\"https:\/\/t.me\/noticiasdigital58\" target=\"_blank\" rel=\"noopener\"><img class=\"aligncenter size-full wp-image-125363\" src=\"https:\/\/digital58.com.ve\/site\/wp-content\/uploads\/2021\/04\/banner-telegram-web-2021.png\" alt=\"\" width=\"600\" height=\"90\" \/><\/a><\/p><\/div><style type=\"text\/css\">\r\n@media screen and (min-width: 1201px) {\r\n.mapuo69f57869a960e {\r\ndisplay: block;\r\n}\r\n}\r\n@media screen and (min-width: 993px) and (max-width: 1200px) {\r\n.mapuo69f57869a960e {\r\ndisplay: block;\r\n}\r\n}\r\n@media screen and (min-width: 769px) and (max-width: 992px) {\r\n.mapuo69f57869a960e {\r\ndisplay: block;\r\n}\r\n}\r\n@media screen and (min-width: 768px) and (max-width: 768px) {\r\n.mapuo69f57869a960e {\r\ndisplay: block;\r\n}\r\n}\r\n@media screen and (max-width: 767px) {\r\n.mapuo69f57869a960e {\r\ndisplay: block;\r\n}\r\n}\r\n<\/style>\r\n\n<p><strong>Redacci\u00f3n con fuente: Ernesto Vera\/Prensa @Zulia_FC<\/strong><br \/>\n<strong>Edici\u00f3n: Villasmil, henry<\/strong><br \/>\n<strong>Gr\u00e1ficas: cortes\u00eda Prensa @Zulia_FC<\/strong><\/p>\n<div style=\"margin-top: 0px; margin-bottom: 0px;\" class=\"sharethis-inline-share-buttons\" ><\/div>","protected":false},"excerpt":{"rendered":"<p>Zulia F\u00fatbol Club consigui\u00f3 este domingo sumar su primer punto en condici\u00f3n de visitante al empatar (2-2) con Portuguesa FC<\/p>\n","protected":false},"author":1,"featured_media":93514,"comment_status":"open","ping_status":"closed","sticky":false,"template":"","format":"standard","meta":{"colormag_page_container_layout":"default_layout","colormag_page_sidebar_layout":"default_layout","_uag_custom_page_level_css":"","footnotes":""},"categories":[5402],"tags":[9096,13,14,10421,13040,233,8116,5561,19,32,23],"class_list":["post-93513","post","type-post","status-publish","format-standard","has-post-thumbnail","hentry","category-deportes","tag-araure","tag-futbol","tag-futbol-venezolano","tag-liga-futve","tag-liga-futve-2020","tag-nacionales","tag-portuguesa","tag-portuguesa-futbol-club","tag-primera-division","tag-venezuela","tag-zulia-fc"],"yoast_head":"<!-- This site is optimized with the Yoast SEO plugin v27.5 - https:\/\/yoast.com\/product\/yoast-seo-wordpress\/ -->\n<title>#LigaF\u00fatVe: Zulia y Portuguesa pactaron a dos en el General Paez<\/title>\n<meta name=\"description\" content=\"Deportes\" \/>\n<meta name=\"robots\" content=\"index, follow, max-snippet:-1, max-image-preview:large, max-video-preview:-1\" \/>\n<link rel=\"canonical\" href=\"https:\/\/digital58.com.ve\/site\/2020\/03\/01\/ligafutve-zulia-y-portuguesa-pactaron-a-dos-en-el-general-paez\/\" \/>\n<meta property=\"og:locale\" content=\"es_ES\" \/>\n<meta property=\"og:type\" content=\"article\" \/>\n<meta property=\"og:title\" content=\"#LigaF\u00fatVe: Zulia y Portuguesa pactaron a dos en el General Paez\" \/>\n<meta property=\"og:description\" content=\"Deportes\" \/>\n<meta property=\"og:url\" content=\"https:\/\/digital58.com.ve\/site\/2020\/03\/01\/ligafutve-zulia-y-portuguesa-pactaron-a-dos-en-el-general-paez\/\" \/>\n<meta property=\"og:site_name\" content=\"Noticias Digital58\" \/>\n<meta property=\"article:published_time\" content=\"2020-03-02T03:41:59+00:00\" \/>\n<meta property=\"og:image\" content=\"https:\/\/digital58.com.ve\/site\/wp-content\/uploads\/2020\/03\/zulia.jpg\" \/>\n\t<meta property=\"og:image:width\" content=\"1500\" \/>\n\t<meta property=\"og:image:height\" content=\"1044\" \/>\n\t<meta property=\"og:image:type\" content=\"image\/jpeg\" \/>\n<meta name=\"author\" content=\"Villasmil Henry\" \/>\n<meta name=\"twitter:card\" content=\"summary_large_image\" \/>\n<meta name=\"twitter:creator\" content=\"@https:\/\/twitter.com\/villasmilhfoto\" \/>\n<meta name=\"twitter:site\" content=\"@villasmilhfoto\" \/>\n<meta name=\"twitter:label1\" content=\"Escrito por\" \/>\n\t<meta name=\"twitter:data1\" content=\"Villasmil Henry\" \/>\n\t<meta name=\"twitter:label2\" content=\"Tiempo estimado de lectura\" \/>\n\t<meta name=\"twitter:data2\" content=\"3 minutos\" \/>\n<script type=\"application\/ld+json\" class=\"yoast-schema-graph\">{\"@context\":\"https:\\\/\\\/schema.org\",\"@graph\":[{\"@type\":\"Article\",\"@id\":\"https:\\\/\\\/digital58.com.ve\\\/site\\\/2020\\\/03\\\/01\\\/ligafutve-zulia-y-portuguesa-pactaron-a-dos-en-el-general-paez\\\/#article\",\"isPartOf\":{\"@id\":\"https:\\\/\\\/digital58.com.ve\\\/site\\\/2020\\\/03\\\/01\\\/ligafutve-zulia-y-portuguesa-pactaron-a-dos-en-el-general-paez\\\/\"},\"author\":{\"name\":\"Villasmil Henry\",\"@id\":\"https:\\\/\\\/digital58.com.ve\\\/site\\\/#\\\/schema\\\/person\\\/64d1c2e4d0d4fd1b849980c4331c2951\"},\"headline\":\"#LigaF\u00fatVe: Zulia y Portuguesa pactaron a dos en el General Paez\",\"datePublished\":\"2020-03-02T03:41:59+00:00\",\"mainEntityOfPage\":{\"@id\":\"https:\\\/\\\/digital58.com.ve\\\/site\\\/2020\\\/03\\\/01\\\/ligafutve-zulia-y-portuguesa-pactaron-a-dos-en-el-general-paez\\\/\"},\"wordCount\":667,\"commentCount\":0,\"publisher\":{\"@id\":\"https:\\\/\\\/digital58.com.ve\\\/site\\\/#\\\/schema\\\/person\\\/64d1c2e4d0d4fd1b849980c4331c2951\"},\"image\":{\"@id\":\"https:\\\/\\\/digital58.com.ve\\\/site\\\/2020\\\/03\\\/01\\\/ligafutve-zulia-y-portuguesa-pactaron-a-dos-en-el-general-paez\\\/#primaryimage\"},\"thumbnailUrl\":\"https:\\\/\\\/digital58.com.ve\\\/site\\\/wp-content\\\/uploads\\\/2020\\\/03\\\/zulia.jpg\",\"keywords\":[\"Araure\",\"F\u00fatbol\",\"F\u00fatbol Venezolano\",\"Liga F\u00fatVe\",\"Liga F\u00fatVe 2020\",\"Nacionales\",\"Portuguesa\",\"Portuguesa F\u00fatbol Club\",\"Primera Divisi\u00f3n\",\"Venezuela\",\"Zulia F\u00fatbol Club\"],\"articleSection\":[\"Deportes\"],\"inLanguage\":\"es\",\"potentialAction\":[{\"@type\":\"CommentAction\",\"name\":\"Comment\",\"target\":[\"https:\\\/\\\/digital58.com.ve\\\/site\\\/2020\\\/03\\\/01\\\/ligafutve-zulia-y-portuguesa-pactaron-a-dos-en-el-general-paez\\\/#respond\"]}]},{\"@type\":\"WebPage\",\"@id\":\"https:\\\/\\\/digital58.com.ve\\\/site\\\/2020\\\/03\\\/01\\\/ligafutve-zulia-y-portuguesa-pactaron-a-dos-en-el-general-paez\\\/\",\"url\":\"https:\\\/\\\/digital58.com.ve\\\/site\\\/2020\\\/03\\\/01\\\/ligafutve-zulia-y-portuguesa-pactaron-a-dos-en-el-general-paez\\\/\",\"name\":\"#LigaF\u00fatVe: Zulia y Portuguesa pactaron a dos en el General Paez\",\"isPartOf\":{\"@id\":\"https:\\\/\\\/digital58.com.ve\\\/site\\\/#website\"},\"primaryImageOfPage\":{\"@id\":\"https:\\\/\\\/digital58.com.ve\\\/site\\\/2020\\\/03\\\/01\\\/ligafutve-zulia-y-portuguesa-pactaron-a-dos-en-el-general-paez\\\/#primaryimage\"},\"image\":{\"@id\":\"https:\\\/\\\/digital58.com.ve\\\/site\\\/2020\\\/03\\\/01\\\/ligafutve-zulia-y-portuguesa-pactaron-a-dos-en-el-general-paez\\\/#primaryimage\"},\"thumbnailUrl\":\"https:\\\/\\\/digital58.com.ve\\\/site\\\/wp-content\\\/uploads\\\/2020\\\/03\\\/zulia.jpg\",\"datePublished\":\"2020-03-02T03:41:59+00:00\",\"description\":\"Deportes\",\"breadcrumb\":{\"@id\":\"https:\\\/\\\/digital58.com.ve\\\/site\\\/2020\\\/03\\\/01\\\/ligafutve-zulia-y-portuguesa-pactaron-a-dos-en-el-general-paez\\\/#breadcrumb\"},\"inLanguage\":\"es\",\"potentialAction\":[{\"@type\":\"ReadAction\",\"target\":[\"https:\\\/\\\/digital58.com.ve\\\/site\\\/2020\\\/03\\\/01\\\/ligafutve-zulia-y-portuguesa-pactaron-a-dos-en-el-general-paez\\\/\"]}]},{\"@type\":\"ImageObject\",\"inLanguage\":\"es\",\"@id\":\"https:\\\/\\\/digital58.com.ve\\\/site\\\/2020\\\/03\\\/01\\\/ligafutve-zulia-y-portuguesa-pactaron-a-dos-en-el-general-paez\\\/#primaryimage\",\"url\":\"https:\\\/\\\/digital58.com.ve\\\/site\\\/wp-content\\\/uploads\\\/2020\\\/03\\\/zulia.jpg\",\"contentUrl\":\"https:\\\/\\\/digital58.com.ve\\\/site\\\/wp-content\\\/uploads\\\/2020\\\/03\\\/zulia.jpg\",\"width\":800,\"height\":557},{\"@type\":\"BreadcrumbList\",\"@id\":\"https:\\\/\\\/digital58.com.ve\\\/site\\\/2020\\\/03\\\/01\\\/ligafutve-zulia-y-portuguesa-pactaron-a-dos-en-el-general-paez\\\/#breadcrumb\",\"itemListElement\":[{\"@type\":\"ListItem\",\"position\":1,\"name\":\"Home\",\"item\":\"https:\\\/\\\/digital58.com.ve\\\/site\\\/\"},{\"@type\":\"ListItem\",\"position\":2,\"name\":\"#LigaF\u00fatVe: Zulia y Portuguesa pactaron a dos en el General Paez\"}]},{\"@type\":\"WebSite\",\"@id\":\"https:\\\/\\\/digital58.com.ve\\\/site\\\/#website\",\"url\":\"https:\\\/\\\/digital58.com.ve\\\/site\\\/\",\"name\":\"Noticias Digital58\",\"description\":\"Portal de Noticias \u00a1Periodismo web de verdad! Lanzamiento web 22.11.2005 \\\/ Maracaibo, Venezuela\",\"publisher\":{\"@id\":\"https:\\\/\\\/digital58.com.ve\\\/site\\\/#\\\/schema\\\/person\\\/64d1c2e4d0d4fd1b849980c4331c2951\"},\"alternateName\":\"ND58\",\"potentialAction\":[{\"@type\":\"SearchAction\",\"target\":{\"@type\":\"EntryPoint\",\"urlTemplate\":\"https:\\\/\\\/digital58.com.ve\\\/site\\\/?s={search_term_string}\"},\"query-input\":{\"@type\":\"PropertyValueSpecification\",\"valueRequired\":true,\"valueName\":\"search_term_string\"}}],\"inLanguage\":\"es\"},{\"@type\":[\"Person\",\"Organization\"],\"@id\":\"https:\\\/\\\/digital58.com.ve\\\/site\\\/#\\\/schema\\\/person\\\/64d1c2e4d0d4fd1b849980c4331c2951\",\"name\":\"Villasmil Henry\",\"image\":{\"@type\":\"ImageObject\",\"inLanguage\":\"es\",\"@id\":\"https:\\\/\\\/secure.gravatar.com\\\/avatar\\\/bb0c4a2fcb7970138239f7e404ea75757b1b507b28b5ce4c53fbd62d797c5a7c?s=96&d=mm&r=g\",\"url\":\"https:\\\/\\\/secure.gravatar.com\\\/avatar\\\/bb0c4a2fcb7970138239f7e404ea75757b1b507b28b5ce4c53fbd62d797c5a7c?s=96&d=mm&r=g\",\"contentUrl\":\"https:\\\/\\\/secure.gravatar.com\\\/avatar\\\/bb0c4a2fcb7970138239f7e404ea75757b1b507b28b5ce4c53fbd62d797c5a7c?s=96&d=mm&r=g\",\"caption\":\"Villasmil Henry\"},\"logo\":{\"@id\":\"https:\\\/\\\/secure.gravatar.com\\\/avatar\\\/bb0c4a2fcb7970138239f7e404ea75757b1b507b28b5ce4c53fbd62d797c5a7c?s=96&d=mm&r=g\"},\"sameAs\":[\"http:\\\/\\\/www.henryvillasmil.com.ve\",\"https:\\\/\\\/www.instagram.com\\\/villasmilhfoto\\\/\",\"https:\\\/\\\/x.com\\\/https:\\\/\\\/twitter.com\\\/villasmilhfoto\"],\"url\":\"https:\\\/\\\/digital58.com.ve\\\/site\\\/author\\\/droopy_68\\\/\"}]}<\/script>\n<!-- \/ Yoast SEO plugin. -->","yoast_head_json":{"title":"#LigaF\u00fatVe: Zulia y Portuguesa pactaron a dos en el General Paez","description":"Deportes","robots":{"index":"index","follow":"follow","max-snippet":"max-snippet:-1","max-image-preview":"max-image-preview:large","max-video-preview":"max-video-preview:-1"},"canonical":"https:\/\/digital58.com.ve\/site\/2020\/03\/01\/ligafutve-zulia-y-portuguesa-pactaron-a-dos-en-el-general-paez\/","og_locale":"es_ES","og_type":"article","og_title":"#LigaF\u00fatVe: Zulia y Portuguesa pactaron a dos en el General Paez","og_description":"Deportes","og_url":"https:\/\/digital58.com.ve\/site\/2020\/03\/01\/ligafutve-zulia-y-portuguesa-pactaron-a-dos-en-el-general-paez\/","og_site_name":"Noticias Digital58","article_published_time":"2020-03-02T03:41:59+00:00","og_image":[{"width":1500,"height":1044,"url":"https:\/\/digital58.com.ve\/site\/wp-content\/uploads\/2020\/03\/zulia.jpg","type":"image\/jpeg"}],"author":"Villasmil Henry","twitter_card":"summary_large_image","twitter_creator":"@https:\/\/twitter.com\/villasmilhfoto","twitter_site":"@villasmilhfoto","twitter_misc":{"Escrito por":"Villasmil Henry","Tiempo estimado de lectura":"3 minutos"},"schema":{"@context":"https:\/\/schema.org","@graph":[{"@type":"Article","@id":"https:\/\/digital58.com.ve\/site\/2020\/03\/01\/ligafutve-zulia-y-portuguesa-pactaron-a-dos-en-el-general-paez\/#article","isPartOf":{"@id":"https:\/\/digital58.com.ve\/site\/2020\/03\/01\/ligafutve-zulia-y-portuguesa-pactaron-a-dos-en-el-general-paez\/"},"author":{"name":"Villasmil Henry","@id":"https:\/\/digital58.com.ve\/site\/#\/schema\/person\/64d1c2e4d0d4fd1b849980c4331c2951"},"headline":"#LigaF\u00fatVe: Zulia y Portuguesa pactaron a dos en el General Paez","datePublished":"2020-03-02T03:41:59+00:00","mainEntityOfPage":{"@id":"https:\/\/digital58.com.ve\/site\/2020\/03\/01\/ligafutve-zulia-y-portuguesa-pactaron-a-dos-en-el-general-paez\/"},"wordCount":667,"commentCount":0,"publisher":{"@id":"https:\/\/digital58.com.ve\/site\/#\/schema\/person\/64d1c2e4d0d4fd1b849980c4331c2951"},"image":{"@id":"https:\/\/digital58.com.ve\/site\/2020\/03\/01\/ligafutve-zulia-y-portuguesa-pactaron-a-dos-en-el-general-paez\/#primaryimage"},"thumbnailUrl":"https:\/\/digital58.com.ve\/site\/wp-content\/uploads\/2020\/03\/zulia.jpg","keywords":["Araure","F\u00fatbol","F\u00fatbol Venezolano","Liga F\u00fatVe","Liga F\u00fatVe 2020","Nacionales","Portuguesa","Portuguesa F\u00fatbol Club","Primera Divisi\u00f3n","Venezuela","Zulia F\u00fatbol Club"],"articleSection":["Deportes"],"inLanguage":"es","potentialAction":[{"@type":"CommentAction","name":"Comment","target":["https:\/\/digital58.com.ve\/site\/2020\/03\/01\/ligafutve-zulia-y-portuguesa-pactaron-a-dos-en-el-general-paez\/#respond"]}]},{"@type":"WebPage","@id":"https:\/\/digital58.com.ve\/site\/2020\/03\/01\/ligafutve-zulia-y-portuguesa-pactaron-a-dos-en-el-general-paez\/","url":"https:\/\/digital58.com.ve\/site\/2020\/03\/01\/ligafutve-zulia-y-portuguesa-pactaron-a-dos-en-el-general-paez\/","name":"#LigaF\u00fatVe: Zulia y Portuguesa pactaron a dos en el General Paez","isPartOf":{"@id":"https:\/\/digital58.com.ve\/site\/#website"},"primaryImageOfPage":{"@id":"https:\/\/digital58.com.ve\/site\/2020\/03\/01\/ligafutve-zulia-y-portuguesa-pactaron-a-dos-en-el-general-paez\/#primaryimage"},"image":{"@id":"https:\/\/digital58.com.ve\/site\/2020\/03\/01\/ligafutve-zulia-y-portuguesa-pactaron-a-dos-en-el-general-paez\/#primaryimage"},"thumbnailUrl":"https:\/\/digital58.com.ve\/site\/wp-content\/uploads\/2020\/03\/zulia.jpg","datePublished":"2020-03-02T03:41:59+00:00","description":"Deportes","breadcrumb":{"@id":"https:\/\/digital58.com.ve\/site\/2020\/03\/01\/ligafutve-zulia-y-portuguesa-pactaron-a-dos-en-el-general-paez\/#breadcrumb"},"inLanguage":"es","potentialAction":[{"@type":"ReadAction","target":["https:\/\/digital58.com.ve\/site\/2020\/03\/01\/ligafutve-zulia-y-portuguesa-pactaron-a-dos-en-el-general-paez\/"]}]},{"@type":"ImageObject","inLanguage":"es","@id":"https:\/\/digital58.com.ve\/site\/2020\/03\/01\/ligafutve-zulia-y-portuguesa-pactaron-a-dos-en-el-general-paez\/#primaryimage","url":"https:\/\/digital58.com.ve\/site\/wp-content\/uploads\/2020\/03\/zulia.jpg","contentUrl":"https:\/\/digital58.com.ve\/site\/wp-content\/uploads\/2020\/03\/zulia.jpg","width":800,"height":557},{"@type":"BreadcrumbList","@id":"https:\/\/digital58.com.ve\/site\/2020\/03\/01\/ligafutve-zulia-y-portuguesa-pactaron-a-dos-en-el-general-paez\/#breadcrumb","itemListElement":[{"@type":"ListItem","position":1,"name":"Home","item":"https:\/\/digital58.com.ve\/site\/"},{"@type":"ListItem","position":2,"name":"#LigaF\u00fatVe: Zulia y Portuguesa pactaron a dos en el General Paez"}]},{"@type":"WebSite","@id":"https:\/\/digital58.com.ve\/site\/#website","url":"https:\/\/digital58.com.ve\/site\/","name":"Noticias Digital58","description":"Portal de Noticias \u00a1Periodismo web de verdad! Lanzamiento web 22.11.2005 \/ Maracaibo, Venezuela","publisher":{"@id":"https:\/\/digital58.com.ve\/site\/#\/schema\/person\/64d1c2e4d0d4fd1b849980c4331c2951"},"alternateName":"ND58","potentialAction":[{"@type":"SearchAction","target":{"@type":"EntryPoint","urlTemplate":"https:\/\/digital58.com.ve\/site\/?s={search_term_string}"},"query-input":{"@type":"PropertyValueSpecification","valueRequired":true,"valueName":"search_term_string"}}],"inLanguage":"es"},{"@type":["Person","Organization"],"@id":"https:\/\/digital58.com.ve\/site\/#\/schema\/person\/64d1c2e4d0d4fd1b849980c4331c2951","name":"Villasmil Henry","image":{"@type":"ImageObject","inLanguage":"es","@id":"https:\/\/secure.gravatar.com\/avatar\/bb0c4a2fcb7970138239f7e404ea75757b1b507b28b5ce4c53fbd62d797c5a7c?s=96&d=mm&r=g","url":"https:\/\/secure.gravatar.com\/avatar\/bb0c4a2fcb7970138239f7e404ea75757b1b507b28b5ce4c53fbd62d797c5a7c?s=96&d=mm&r=g","contentUrl":"https:\/\/secure.gravatar.com\/avatar\/bb0c4a2fcb7970138239f7e404ea75757b1b507b28b5ce4c53fbd62d797c5a7c?s=96&d=mm&r=g","caption":"Villasmil Henry"},"logo":{"@id":"https:\/\/secure.gravatar.com\/avatar\/bb0c4a2fcb7970138239f7e404ea75757b1b507b28b5ce4c53fbd62d797c5a7c?s=96&d=mm&r=g"},"sameAs":["http:\/\/www.henryvillasmil.com.ve","https:\/\/www.instagram.com\/villasmilhfoto\/","https:\/\/x.com\/https:\/\/twitter.com\/villasmilhfoto"],"url":"https:\/\/digital58.com.ve\/site\/author\/droopy_68\/"}]}},"uagb_featured_image_src":{"full":["https:\/\/digital58.com.ve\/site\/wp-content\/uploads\/2020\/03\/zulia.jpg",800,557,false],"thumbnail":["https:\/\/digital58.com.ve\/site\/wp-content\/uploads\/2020\/03\/zulia-150x150.jpg",150,150,true],"medium":["https:\/\/digital58.com.ve\/site\/wp-content\/uploads\/2020\/03\/zulia-300x209.jpg",300,209,true],"medium_large":["https:\/\/digital58.com.ve\/site\/wp-content\/uploads\/2020\/03\/zulia-768x535.jpg",768,535,true],"large":["https:\/\/digital58.com.ve\/site\/wp-content\/uploads\/2020\/03\/zulia-1471x1024.jpg",800,557,true],"1536x1536":["https:\/\/digital58.com.ve\/site\/wp-content\/uploads\/2020\/03\/zulia.jpg",800,557,false],"2048x2048":["https:\/\/digital58.com.ve\/site\/wp-content\/uploads\/2020\/03\/zulia.jpg",800,557,false],"colormag-highlighted-post":["https:\/\/digital58.com.ve\/site\/wp-content\/uploads\/2020\/03\/zulia.jpg",392,272,false],"colormag-featured-post-medium":["https:\/\/digital58.com.ve\/site\/wp-content\/uploads\/2020\/03\/zulia.jpg",294,205,false],"colormag-featured-post-small":["https:\/\/digital58.com.ve\/site\/wp-content\/uploads\/2020\/03\/zulia.jpg",130,90,false],"colormag-featured-image":["https:\/\/digital58.com.ve\/site\/wp-content\/uploads\/2020\/03\/zulia.jpg",639,445,false],"colormag-default-news":["https:\/\/digital58.com.ve\/site\/wp-content\/uploads\/2020\/03\/zulia.jpg",150,104,false],"colormag-featured-image-large":["https:\/\/digital58.com.ve\/site\/wp-content\/uploads\/2020\/03\/zulia.jpg",800,557,false]},"uagb_author_info":{"display_name":"Villasmil Henry","author_link":"https:\/\/digital58.com.ve\/site\/author\/droopy_68\/"},"uagb_comment_info":0,"uagb_excerpt":"Zulia F\u00fatbol Club consigui\u00f3 este domingo sumar su primer punto en condici\u00f3n de visitante al empatar (2-2) con Portuguesa FC","_links":{"self":[{"href":"https:\/\/digital58.com.ve\/site\/wp-json\/wp\/v2\/posts\/93513","targetHints":{"allow":["GET"]}}],"collection":[{"href":"https:\/\/digital58.com.ve\/site\/wp-json\/wp\/v2\/posts"}],"about":[{"href":"https:\/\/digital58.com.ve\/site\/wp-json\/wp\/v2\/types\/post"}],"author":[{"embeddable":true,"href":"https:\/\/digital58.com.ve\/site\/wp-json\/wp\/v2\/users\/1"}],"replies":[{"embeddable":true,"href":"https:\/\/digital58.com.ve\/site\/wp-json\/wp\/v2\/comments?post=93513"}],"version-history":[{"count":0,"href":"https:\/\/digital58.com.ve\/site\/wp-json\/wp\/v2\/posts\/93513\/revisions"}],"wp:featuredmedia":[{"embeddable":true,"href":"https:\/\/digital58.com.ve\/site\/wp-json\/wp\/v2\/media\/93514"}],"wp:attachment":[{"href":"https:\/\/digital58.com.ve\/site\/wp-json\/wp\/v2\/media?parent=93513"}],"wp:term":[{"taxonomy":"category","embeddable":true,"href":"https:\/\/digital58.com.ve\/site\/wp-json\/wp\/v2\/categories?post=93513"},{"taxonomy":"post_tag","embeddable":true,"href":"https:\/\/digital58.com.ve\/site\/wp-json\/wp\/v2\/tags?post=93513"}],"curies":[{"name":"wp","href":"https:\/\/api.w.org\/{rel}","templated":true}]}}